{"id":17465,"date":"2019-09-16T09:35:30","date_gmt":"2019-09-16T09:35:30","guid":{"rendered":"https:\/\/gracious-dewdney.138-201-221-2.plesk.page\/?p=17465"},"modified":"2020-04-27T08:46:24","modified_gmt":"2020-04-27T08:46:24","slug":"a-2-felevre","status":"publish","type":"post","link":"https:\/\/stuttgarti-katolikusok.de\/index.php\/a-2-felevre\/","title":{"rendered":"A 2. f\u00e9l\u00e9vre"},"content":{"rendered":"<p>+! Kedves Bar\u00e1taim!<\/p>\n<p>Azt mondj\u00e1k: <em>&#8222;Nem azok a b\u00e1tor emberek, akik \u00e1lmodj\u00e1k az \u00e9letet, hanem azok az igazi b\u00e1trak, akik \u00e9lik \u00e1lmaikat!&#8221;<\/em><\/p>\n<p>Van ebben a mondatban egy j\u00f3 adag kih\u00edv\u00e1s, nem csoda, hogy \u00e9n is azok k\u00f6z\u00e9 szeretn\u00e9k tartozni \u2013 lehet\u0151leg mindig! -, akik nem csak \u00e1lmodj\u00e1k \u00e9let\u00fcket, de \u00e9lik is \u00e1lmaikat. S\u0151t, azt szeretn\u00e9m, hogy ha Ti is, valamennyien ilyen emberek lenn\u00e9tek! Ugyanis ilyen b\u00e1tor emberekre van sz\u0151ks\u00e9ge a Stuttgarti Magyar Katolikus Egyh\u00e1zk\u00f6zs\u00e9gnek, \u00e9s benne a 15 r\u00e9szegyh\u00e1zk\u00f6zs\u00e9g\u00fcnknek.<\/p>\n<p>Hogy k\u00f6nnyebben megval\u00f3s\u00edthassuk e f\u00e9l\u00e9vi \u00e1lmainkat, meg azt\u00e1n, hogy egy ir\u00e1nyba h\u00fazzunk, engedj\u00e9tek meg, hogy felv\u00e1zoljam el\u0151ttetek teend\u0151inket.<\/p>\n<p>Az elk\u00f6vetkez\u0151 f\u00e9l\u00e9vben a k\u00f6vetkez\u0151 egyh\u00e1zk\u00f6zs\u00e9gi esem\u00e9nyekre illetve rendezv\u00e9nyeinkre h\u00edvn\u00e1m fel sz\u00edves figyelmeteket:<\/p>\n<ol>\n<li><strong> Szeptember 28-\u00e1n<\/strong>, szombaton: <em>Szent Istv\u00e1n kir\u00e1lyunk eml\u00e9knapja<\/em>. A r\u00e9gi liturgikus napt\u00e1r szerint ugyanis szeptemberben \u00fcnnepelt\u00fck \u0151t. Istv\u00e1n kir\u00e1lyunkat a <strong>heidenheimi r\u00e9szegyh\u00e1zk\u00f6zs\u00e9g\u00fcnk <\/strong>v\u00e1lasztotta v\u00e9d\u0151szentj\u00e9\u00fcl, ez\u00e9rt n\u00e1luk templomb\u00facs\u00fa. A <em>szentmise<\/em> 15.30 \u00f3rakor lesz, ut\u00e1na pedig <em>szeretetvend\u00e9gs\u00e9gre<\/em> h\u00edvnak mindenkit. A k\u00f6rny\u00e9kbeli h\u00edveinket k\u00fcl\u00f6n\u00f6sk\u00e9ppel elv\u00e1rjuk!<\/li>\n<li><strong> Okt\u00f3ber 13-\u00e1n<\/strong>, vas\u00e1rnap tartja <strong>Ulmi R\u00e9szegyh\u00e1zk\u00f6zs\u00e9g\u00fcnk a templomb\u00facs\u00faj\u00e1t<\/strong>, <em>Magyarok Nagyasszonya<\/em> \u00fcnnep\u00e9t. A <em>szentmise<\/em> 15.00 \u00f3rakor kezd\u0151dik, ut\u00e1na pedig <em>szeretetvend\u00e9gs\u00e9g<\/em>. Mindenkit szeretettel v\u00e1runk! K\u00fcl\u00f6n\u00f6sen azokat, akik Ulmhoz k\u00f6zel laknak!<\/li>\n<li><strong> Okt\u00f3ber 20-\u00e1n<\/strong>, vas\u00e1rnap tartjuk <em>Stuttgartban <\/em><strong>Nemzeti \u00dcnnep\u00fcnket. <\/strong>Az \u00fcnnepi szentmise, amelyen Nt. G\u00e9mes P\u00e1l lelk\u00e9sz hirdet ig\u00e9t, 15.00 \u00f3rakor lesz a Bruder-Klaus templomban. Ut\u00e1na <em>\u00fcnnepi m\u0171sor<\/em>, majd <em>\u00e1ll\u00f3fogad\u00e1s<\/em>. Min\u00e9l t\u00f6bben gyertek el!<\/li>\n<li><strong> November 1-\u00e9n, <\/strong>p\u00e9nteken, <em>Mindenszentek \u00fcnnep\u00e9n<\/em>, <strong>temet\u0151l\u00e1togat\u00e1s<\/strong> a <em>gablenbergi <\/em>illetve a <em>weingarteni<\/em> temet\u0151kben. K\u00e9rj\u00fck a t\u00f6bbi egyh\u00e1zk\u00f6zs\u00e9gben lak\u00f3 h\u00edveinket, hogy menjenek el \u0151k is a helyb\u00e9li temet\u00fcbe, \u00e9s im\u00e1dkozzanak elhunytjaik lelki \u00fcdv\u00e9\u00e9rt!<\/li>\n<li><strong> November 9-\u00e9n<\/strong>, vas\u00e1rnap <strong>W<\/strong><strong>eingartenben <\/strong><em>Szent Imre \u00fcnnepe<\/em>, <strong>templomb\u00facs\u00fa. <\/strong>A 16.00 \u00f3rakor kezd\u0151d\u0151 <em>szentmise<\/em> ut\u00e1n eg\u00e9sz estig <em>bar\u00e1ti egy\u00fcttl\u00e9t \u00e9s \u00e1g\u00e1p\u00e9<\/em>. K\u00e9rj\u00fck els\u0151sorban a friedrichshafeni, munderkingeni, biberachi \u00e9s ulmi H\u00edveinket, hogy \u0151k is j\u00f6jjenek el a templomb\u00facs\u00fara! Viszont ha m\u00e1s r\u00e9szegyh\u00e1zk\u00f6zs\u00e9gekb\u0151l is akadn\u00e1nak \u00e9rdekl\u0151d\u0151k, szervezz\u00e9tek meg az odautaz\u00e1st!<\/li>\n<li><strong> November 23-\u00e1n<\/strong>, szombaton<strong> Reutlingenben <\/strong><em>\u00c1rp\u00e1dh\u00e1zi Szent Erzs\u00e9bet \u00fcnnepe,<\/em> <strong>templomb\u00facs\u00fa<\/strong>. Az \u00fcnnepi <em>szentmise<\/em> 16.30 \u00f3rakor kezd\u0151dik. Ut\u00e1na \u00e1g\u00e1p\u00e9. K\u00e9rj\u00fck k\u00f6rny\u00e9kbeli H\u00edveinket (Balingen, B\u00f6blingen, Stuttgart, T\u00fcbingen), hogy \u0151k is Reutlingenbe j\u00f6jjenek szentmis\u00e9re!<\/li>\n<li><strong> November 24-\u00e9n,<\/strong> vas\u00e1rnap <strong>Eislingenben <\/strong><em>Sk\u00f3ciai Szent Margit \u00fcnnepe,<\/em> <strong>templomb\u00facs\u00fa. <\/strong>Az \u00fcnnepi <em>szentmise<\/em> du. 15.00 \u00f3rakor kezd\u0151dik. Ut\u00e1na a k\u00f6z\u00f6ss\u00e9gi h\u00e1zban <em>szeretetlakoma<\/em>. Mindkett\u0151re elv\u00e1rjuk a schw\u00e4bisch-gm\u00fcndi \u00e9s heidenheimi H\u00edveinket is. Viszont ha m\u00e1s r\u00e9szegyh\u00e1zk\u00f6zs\u00e9gekb\u0151l is akadn\u00e1nak \u00e9rdekl\u0151d\u0151k, szervezz\u00e9k meg az odautaz\u00e1sukat!<\/li>\n<li><strong> December 15-\u00e9n <\/strong>tartjuk <strong>Stuttgartban <\/strong>a <strong>Cserk\u00e9sz-Adventet. <\/strong>A 15.00 \u00f3rakor kezd\u0151d\u0151 <em>szentmise<\/em> ut\u00e1n, amely nekik \u00e9s gyermekeinknek, illetve fiataljainknak sz\u00f3l, az \u0151 v\u00e1rva-v\u00e1rt <em>el\u0151ad\u00e1suk<\/em> k\u00f6vetkezik. Mindenkit szeretettel v\u00e1runk! Hozz\u00e1tok el gyermekeiteket \u00e9s unok\u00e1itokat is!<\/li>\n<li>A j\u00f6v\u0151 \u00e9vi<strong> Magyar B\u00e1l 2020. janu\u00e1r 25-\u00e9n <\/strong>lesz a Fellbach-i Schwabenlandhalle-ban. K\u00e9rj\u00fck, \u00e9rtes\u00edts\u00e9tek m\u00e1r j\u00f3el\u0151re az \u00e9rdekl\u0151d\u0151ket!<\/li>\n<\/ol>\n<p>Kedves Bar\u00e1taim! H\u00e1t ennyi lenne di\u00f3h\u00e9jban Egyh\u00e1zk\u00f6zs\u00e9g\u00fcnk lelkip\u00e1sztori programja \u2013 decemberig. Azut\u00e1n ism\u00e9t jelentkez\u00fcnk!<\/p>\n<p>Mondanom sem kell, hogy mennyire h\u00e1l\u00e1s vagyok Nektek, ami\u00e9rt R\u00e9szegyh\u00e1zk\u00f6zs\u00e9geitek gondj\u00e1t-baj\u00e1t \u00e9s \u00f6r\u00f6m\u00e9t \u2013 vel\u00fcnk egy\u00fctt \u2013 hordozz\u00e1tok.<\/p>\n<p>Mint ahogyan azt sem kell mondanom, hogy minden egyes \u00f6tleteteket, megl\u00e1t\u00e1stokat \u2013 egy\u00e1ltal\u00e1n telefonh\u00edv\u00e1stokat m\u00e1r j\u00f3el\u0151re megk\u00f6sz\u00f6n\u00f6k!<\/p>\n<p>Lelkip\u00e1sztori \u00e9s bar\u00e1ti szeretettel<\/p>\n<p>&nbsp;<\/p>\n<p><em>Imre atya\u00a0\u00a0\u00a0\u00a0\u00a0\u00a0\u00a0\u00a0\u00a0\u00a0\u00a0\u00a0\u00a0\u00a0\u00a0\u00a0\u00a0\u00a0\u00a0\u00a0\u00a0\u00a0\u00a0\u00a0\u00a0\u00a0\u00a0\u00a0\u00a0\u00a0\u00a0\u00a0\u00a0\u00a0\u00a0\u00a0\u00a0\u00a0\u00a0\u00a0\u00a0\u00a0\u00a0\u00a0\u00a0\u00a0\u00a0\u00a0\u00a0\u00a0\u00a0\u00a0\u00a0\u00a0\u00a0\u00a0\u00a0\u00a0\u00a0\u00a0\u00a0\u00a0\u00a0\u00a0\u00a0\u00a0\u00a0\u00a0\u00a0\u00a0\u00a0\u00a0\u00a0\u00a0\u00a0\u00a0\u00a0\u00a0 \u00a0\u00a0\u00a0\u00a0\u00a0\u00a0\u00a0\u00a0\u00a0\u00a0\u00a0 \u00a0\u00a0\u00a0\u00a0\u00a0\u00a0\u00a0\u00a0\u00a0\u00a0\u00a0 Tibor atya<\/em><\/p>\n<p><em>\u00a0<\/em><\/p>\n<p><em>\u00a0<\/em><\/p>\n<p><em>Stuttgart, 2019. 09. 16.<\/em><\/p>\n<p>&nbsp;<\/p>\n","protected":false},"excerpt":{"rendered":"<p>+! Kedves Bar\u00e1taim! Azt mondj\u00e1k: &#8222;Nem azok a b\u00e1tor emberek, akik \u00e1lmodj\u00e1k az \u00e9letet, hanem azok az igazi b\u00e1trak, akik \u00e9lik \u00e1lmaikat!&#8221; Van ebben a mondatban egy j\u00f3 adag kih\u00edv\u00e1s, nem csoda, hogy \u00e9n is azok k\u00f6z\u00e9 szeretn\u00e9k tartozni \u2013 lehet\u0151leg mindig! -, akik nem csak \u00e1lmodj\u00e1k \u00e9let\u00fcket, de \u00e9lik is \u00e1lmaikat. S\u0151t, azt szeretn\u00e9m, hogy ha Ti is, valamennyien ilyen emberek lenn\u00e9tek! Ugyanis ilyen b\u00e1tor emberekre van sz\u0151ks\u00e9ge a Stuttgarti Magyar Katolikus Egyh\u00e1zk\u00f6zs\u00e9gnek, \u00e9s benne a 15 r\u00e9szegyh\u00e1zk\u00f6zs\u00e9g\u00fcnknek. Hogy k\u00f6nnyebben megval\u00f3s\u00edthassuk e f\u00e9l\u00e9vi \u00e1lmainkat, meg azt\u00e1n, hogy egy ir\u00e1nyba h\u00fazzunk, engedj\u00e9tek meg, hogy felv\u00e1zoljam el\u0151ttetek teend\u0151inket. Az elk\u00f6vetkez\u0151 f\u00e9l\u00e9vben a k\u00f6vetkez\u0151 egyh\u00e1zk\u00f6zs\u00e9gi esem\u00e9nyekre illetve rendezv\u00e9nyeinkre h\u00edvn\u00e1m fel sz\u00edves figyelmeteket: Szeptember 28-\u00e1n, szombaton: Szent Istv\u00e1n kir\u00e1lyunk eml\u00e9knapja. A r\u00e9gi liturgikus napt\u00e1r szerint ugyanis szeptemberben \u00fcnnepelt\u00fck \u0151t. Istv\u00e1n kir\u00e1lyunkat a heidenheimi r\u00e9szegyh\u00e1zk\u00f6zs\u00e9g\u00fcnk v\u00e1lasztotta v\u00e9d\u0151szentj\u00e9\u00fcl, ez\u00e9rt n\u00e1luk templomb\u00facs\u00fa. A szentmise 15.30 \u00f3rakor lesz, ut\u00e1na pedig szeretetvend\u00e9gs\u00e9gre h\u00edvnak mindenkit. A k\u00f6rny\u00e9kbeli h\u00edveinket k\u00fcl\u00f6n\u00f6sk\u00e9ppel elv\u00e1rjuk! Okt\u00f3ber 13-\u00e1n, vas\u00e1rnap tartja Ulmi R\u00e9szegyh\u00e1zk\u00f6zs\u00e9g\u00fcnk a templomb\u00facs\u00faj\u00e1t, Magyarok Nagyasszonya \u00fcnnep\u00e9t. A szentmise 15.00 \u00f3rakor kezd\u0151dik, ut\u00e1na pedig szeretetvend\u00e9gs\u00e9g. Mindenkit szeretettel v\u00e1runk! K\u00fcl\u00f6n\u00f6sen azokat, akik Ulmhoz k\u00f6zel laknak! Okt\u00f3ber 20-\u00e1n, vas\u00e1rnap tartjuk Stuttgartban Nemzeti \u00dcnnep\u00fcnket. Az \u00fcnnepi szentmise, amelyen Nt. G\u00e9mes P\u00e1l lelk\u00e9sz hirdet ig\u00e9t, 15.00 \u00f3rakor lesz a Bruder-Klaus templomban. Ut\u00e1na \u00fcnnepi m\u0171sor, majd \u00e1ll\u00f3fogad\u00e1s. Min\u00e9l t\u00f6bben gyertek el! November 1-\u00e9n, p\u00e9nteken, Mindenszentek \u00fcnnep\u00e9n, temet\u0151l\u00e1togat\u00e1s a gablenbergi illetve a weingarteni temet\u0151kben. K\u00e9rj\u00fck a t\u00f6bbi egyh\u00e1zk\u00f6zs\u00e9gben lak\u00f3 h\u00edveinket, hogy menjenek el \u0151k is a helyb\u00e9li temet\u00fcbe, \u00e9s im\u00e1dkozzanak elhunytjaik lelki \u00fcdv\u00e9\u00e9rt! November 9-\u00e9n, vas\u00e1rnap Weingartenben Szent Imre \u00fcnnepe, templomb\u00facs\u00fa. A 16.00 \u00f3rakor kezd\u0151d\u0151 szentmise ut\u00e1n eg\u00e9sz estig bar\u00e1ti egy\u00fcttl\u00e9t \u00e9s \u00e1g\u00e1p\u00e9. K\u00e9rj\u00fck els\u0151sorban a friedrichshafeni, munderkingeni, biberachi \u00e9s ulmi H\u00edveinket, hogy \u0151k is j\u00f6jjenek el a templomb\u00facs\u00fara! Viszont ha m\u00e1s r\u00e9szegyh\u00e1zk\u00f6zs\u00e9gekb\u0151l is akadn\u00e1nak \u00e9rdekl\u0151d\u0151k, szervezz\u00e9tek meg az odautaz\u00e1st! November 23-\u00e1n, szombaton Reutlingenben \u00c1rp\u00e1dh\u00e1zi Szent Erzs\u00e9bet \u00fcnnepe, templomb\u00facs\u00fa. Az \u00fcnnepi&#8230; <\/p>\n<p><a class=\"readmore\" href=\"https:\/\/stuttgarti-katolikusok.de\/index.php\/a-2-felevre\/\">R\u00e9szletek<\/a><\/p>\n","protected":false},"author":3,"featured_media":0,"comment_status":"closed","ping_status":"closed","sticky":false,"template":"","format":"standard","meta":{"footnotes":""},"categories":[52],"tags":[],"class_list":["post-17465","post","type-post","status-publish","format-standard","hentry","category-hirdetesek"],"yoast_head":"<!-- This site is optimized with the Yoast SEO plugin v27.3 - https:\/\/yoast.com\/product\/yoast-seo-wordpress\/ -->\n<title>A 2. f\u00e9l\u00e9vre - Stuttgarti Katolikusok<\/title>\n<meta name=\"robots\" content=\"index, follow, max-snippet:-1, max-image-preview:large, max-video-preview:-1\" \/>\n<link rel=\"canonical\" href=\"https:\/\/stuttgarti-katolikusok.de\/index.php\/a-2-felevre\/\" \/>\n<meta property=\"og:locale\" content=\"hu_HU\" \/>\n<meta property=\"og:type\" content=\"article\" \/>\n<meta property=\"og:title\" content=\"A 2. f\u00e9l\u00e9vre - Stuttgarti Katolikusok\" \/>\n<meta property=\"og:description\" content=\"+! Kedves Bar\u00e1taim! Azt mondj\u00e1k: &#8222;Nem azok a b\u00e1tor emberek, akik \u00e1lmodj\u00e1k az \u00e9letet, hanem azok az igazi b\u00e1trak, akik \u00e9lik \u00e1lmaikat!&#8221; Van ebben a mondatban egy j\u00f3 adag kih\u00edv\u00e1s, nem csoda, hogy \u00e9n is azok k\u00f6z\u00e9 szeretn\u00e9k tartozni \u2013 lehet\u0151leg mindig! -, akik nem csak \u00e1lmodj\u00e1k \u00e9let\u00fcket, de \u00e9lik is \u00e1lmaikat. S\u0151t, azt szeretn\u00e9m, hogy ha Ti is, valamennyien ilyen emberek lenn\u00e9tek! Ugyanis ilyen b\u00e1tor emberekre van sz\u0151ks\u00e9ge a Stuttgarti Magyar Katolikus Egyh\u00e1zk\u00f6zs\u00e9gnek, \u00e9s benne a 15 r\u00e9szegyh\u00e1zk\u00f6zs\u00e9g\u00fcnknek. Hogy k\u00f6nnyebben megval\u00f3s\u00edthassuk e f\u00e9l\u00e9vi \u00e1lmainkat, meg azt\u00e1n, hogy egy ir\u00e1nyba h\u00fazzunk, engedj\u00e9tek meg, hogy felv\u00e1zoljam el\u0151ttetek teend\u0151inket. Az elk\u00f6vetkez\u0151 f\u00e9l\u00e9vben a k\u00f6vetkez\u0151 egyh\u00e1zk\u00f6zs\u00e9gi esem\u00e9nyekre illetve rendezv\u00e9nyeinkre h\u00edvn\u00e1m fel sz\u00edves figyelmeteket: Szeptember 28-\u00e1n, szombaton: Szent Istv\u00e1n kir\u00e1lyunk eml\u00e9knapja. A r\u00e9gi liturgikus napt\u00e1r szerint ugyanis szeptemberben \u00fcnnepelt\u00fck \u0151t. Istv\u00e1n kir\u00e1lyunkat a heidenheimi r\u00e9szegyh\u00e1zk\u00f6zs\u00e9g\u00fcnk v\u00e1lasztotta v\u00e9d\u0151szentj\u00e9\u00fcl, ez\u00e9rt n\u00e1luk templomb\u00facs\u00fa. A szentmise 15.30 \u00f3rakor lesz, ut\u00e1na pedig szeretetvend\u00e9gs\u00e9gre h\u00edvnak mindenkit. A k\u00f6rny\u00e9kbeli h\u00edveinket k\u00fcl\u00f6n\u00f6sk\u00e9ppel elv\u00e1rjuk! Okt\u00f3ber 13-\u00e1n, vas\u00e1rnap tartja Ulmi R\u00e9szegyh\u00e1zk\u00f6zs\u00e9g\u00fcnk a templomb\u00facs\u00faj\u00e1t, Magyarok Nagyasszonya \u00fcnnep\u00e9t. A szentmise 15.00 \u00f3rakor kezd\u0151dik, ut\u00e1na pedig szeretetvend\u00e9gs\u00e9g. Mindenkit szeretettel v\u00e1runk! K\u00fcl\u00f6n\u00f6sen azokat, akik Ulmhoz k\u00f6zel laknak! Okt\u00f3ber 20-\u00e1n, vas\u00e1rnap tartjuk Stuttgartban Nemzeti \u00dcnnep\u00fcnket. Az \u00fcnnepi szentmise, amelyen Nt. G\u00e9mes P\u00e1l lelk\u00e9sz hirdet ig\u00e9t, 15.00 \u00f3rakor lesz a Bruder-Klaus templomban. Ut\u00e1na \u00fcnnepi m\u0171sor, majd \u00e1ll\u00f3fogad\u00e1s. Min\u00e9l t\u00f6bben gyertek el! November 1-\u00e9n, p\u00e9nteken, Mindenszentek \u00fcnnep\u00e9n, temet\u0151l\u00e1togat\u00e1s a gablenbergi illetve a weingarteni temet\u0151kben. K\u00e9rj\u00fck a t\u00f6bbi egyh\u00e1zk\u00f6zs\u00e9gben lak\u00f3 h\u00edveinket, hogy menjenek el \u0151k is a helyb\u00e9li temet\u00fcbe, \u00e9s im\u00e1dkozzanak elhunytjaik lelki \u00fcdv\u00e9\u00e9rt! November 9-\u00e9n, vas\u00e1rnap Weingartenben Szent Imre \u00fcnnepe, templomb\u00facs\u00fa. A 16.00 \u00f3rakor kezd\u0151d\u0151 szentmise ut\u00e1n eg\u00e9sz estig bar\u00e1ti egy\u00fcttl\u00e9t \u00e9s \u00e1g\u00e1p\u00e9. K\u00e9rj\u00fck els\u0151sorban a friedrichshafeni, munderkingeni, biberachi \u00e9s ulmi H\u00edveinket, hogy \u0151k is j\u00f6jjenek el a templomb\u00facs\u00fara! Viszont ha m\u00e1s r\u00e9szegyh\u00e1zk\u00f6zs\u00e9gekb\u0151l is akadn\u00e1nak \u00e9rdekl\u0151d\u0151k, szervezz\u00e9tek meg az odautaz\u00e1st! November 23-\u00e1n, szombaton Reutlingenben \u00c1rp\u00e1dh\u00e1zi Szent Erzs\u00e9bet \u00fcnnepe, templomb\u00facs\u00fa. Az \u00fcnnepi... R\u00e9szletek\" \/>\n<meta property=\"og:url\" content=\"https:\/\/stuttgarti-katolikusok.de\/index.php\/a-2-felevre\/\" \/>\n<meta property=\"og:site_name\" content=\"Stuttgarti Katolikusok\" \/>\n<meta property=\"article:published_time\" content=\"2019-09-16T09:35:30+00:00\" \/>\n<meta property=\"article:modified_time\" content=\"2020-04-27T08:46:24+00:00\" \/>\n<meta name=\"author\" content=\"Tibor atya\" \/>\n<meta name=\"twitter:card\" content=\"summary_large_image\" \/>\n<meta name=\"twitter:label1\" content=\"Szerz\u0151:\" \/>\n\t<meta name=\"twitter:data1\" content=\"Tibor atya\" \/>\n\t<meta name=\"twitter:label2\" content=\"Becs\u00fclt olvas\u00e1si id\u0151\" \/>\n\t<meta name=\"twitter:data2\" content=\"4 perc\" \/>\n<script type=\"application\/ld+json\" class=\"yoast-schema-graph\">{\"@context\":\"https:\\\/\\\/schema.org\",\"@graph\":[{\"@type\":\"Article\",\"@id\":\"https:\\\/\\\/stuttgarti-katolikusok.de\\\/index.php\\\/a-2-felevre\\\/#article\",\"isPartOf\":{\"@id\":\"https:\\\/\\\/stuttgarti-katolikusok.de\\\/index.php\\\/a-2-felevre\\\/\"},\"author\":{\"name\":\"Tibor atya\",\"@id\":\"https:\\\/\\\/stuttgarti-katolikusok.de\\\/#\\\/schema\\\/person\\\/75908d6f8fdc03a57889d27209df7795\"},\"headline\":\"A 2. f\u00e9l\u00e9vre\",\"datePublished\":\"2019-09-16T09:35:30+00:00\",\"dateModified\":\"2020-04-27T08:46:24+00:00\",\"mainEntityOfPage\":{\"@id\":\"https:\\\/\\\/stuttgarti-katolikusok.de\\\/index.php\\\/a-2-felevre\\\/\"},\"wordCount\":732,\"articleSection\":[\"Hirdet\u00e9sek\"],\"inLanguage\":\"hu\"},{\"@type\":\"WebPage\",\"@id\":\"https:\\\/\\\/stuttgarti-katolikusok.de\\\/index.php\\\/a-2-felevre\\\/\",\"url\":\"https:\\\/\\\/stuttgarti-katolikusok.de\\\/index.php\\\/a-2-felevre\\\/\",\"name\":\"A 2. f\u00e9l\u00e9vre - Stuttgarti Katolikusok\",\"isPartOf\":{\"@id\":\"https:\\\/\\\/stuttgarti-katolikusok.de\\\/#website\"},\"datePublished\":\"2019-09-16T09:35:30+00:00\",\"dateModified\":\"2020-04-27T08:46:24+00:00\",\"author\":{\"@id\":\"https:\\\/\\\/stuttgarti-katolikusok.de\\\/#\\\/schema\\\/person\\\/75908d6f8fdc03a57889d27209df7795\"},\"breadcrumb\":{\"@id\":\"https:\\\/\\\/stuttgarti-katolikusok.de\\\/index.php\\\/a-2-felevre\\\/#breadcrumb\"},\"inLanguage\":\"hu\",\"potentialAction\":[{\"@type\":\"ReadAction\",\"target\":[\"https:\\\/\\\/stuttgarti-katolikusok.de\\\/index.php\\\/a-2-felevre\\\/\"]}]},{\"@type\":\"BreadcrumbList\",\"@id\":\"https:\\\/\\\/stuttgarti-katolikusok.de\\\/index.php\\\/a-2-felevre\\\/#breadcrumb\",\"itemListElement\":[{\"@type\":\"ListItem\",\"position\":1,\"name\":\"Kezd\u0151lap\",\"item\":\"https:\\\/\\\/stuttgarti-katolikusok.de\\\/\"},{\"@type\":\"ListItem\",\"position\":2,\"name\":\"A 2. f\u00e9l\u00e9vre\"}]},{\"@type\":\"WebSite\",\"@id\":\"https:\\\/\\\/stuttgarti-katolikusok.de\\\/#website\",\"url\":\"https:\\\/\\\/stuttgarti-katolikusok.de\\\/\",\"name\":\"Stuttgarti Katolikusok\",\"description\":\"\",\"potentialAction\":[{\"@type\":\"SearchAction\",\"target\":{\"@type\":\"EntryPoint\",\"urlTemplate\":\"https:\\\/\\\/stuttgarti-katolikusok.de\\\/?s={search_term_string}\"},\"query-input\":{\"@type\":\"PropertyValueSpecification\",\"valueRequired\":true,\"valueName\":\"search_term_string\"}}],\"inLanguage\":\"hu\"},{\"@type\":\"Person\",\"@id\":\"https:\\\/\\\/stuttgarti-katolikusok.de\\\/#\\\/schema\\\/person\\\/75908d6f8fdc03a57889d27209df7795\",\"name\":\"Tibor atya\",\"image\":{\"@type\":\"ImageObject\",\"inLanguage\":\"hu\",\"@id\":\"https:\\\/\\\/secure.gravatar.com\\\/avatar\\\/61d268e57d1f4525b111222e29d2d5a7f8c420fdbf231ba5566a8ceac74fa960?s=96&d=mm&r=g\",\"url\":\"https:\\\/\\\/secure.gravatar.com\\\/avatar\\\/61d268e57d1f4525b111222e29d2d5a7f8c420fdbf231ba5566a8ceac74fa960?s=96&d=mm&r=g\",\"contentUrl\":\"https:\\\/\\\/secure.gravatar.com\\\/avatar\\\/61d268e57d1f4525b111222e29d2d5a7f8c420fdbf231ba5566a8ceac74fa960?s=96&d=mm&r=g\",\"caption\":\"Tibor atya\"},\"url\":\"https:\\\/\\\/stuttgarti-katolikusok.de\\\/index.php\\\/author\\\/tibor-atya\\\/\"}]}<\/script>\n<!-- \/ Yoast SEO plugin. -->","yoast_head_json":{"title":"A 2. f\u00e9l\u00e9vre - Stuttgarti Katolikusok","robots":{"index":"index","follow":"follow","max-snippet":"max-snippet:-1","max-image-preview":"max-image-preview:large","max-video-preview":"max-video-preview:-1"},"canonical":"https:\/\/stuttgarti-katolikusok.de\/index.php\/a-2-felevre\/","og_locale":"hu_HU","og_type":"article","og_title":"A 2. f\u00e9l\u00e9vre - Stuttgarti Katolikusok","og_description":"+! Kedves Bar\u00e1taim! Azt mondj\u00e1k: &#8222;Nem azok a b\u00e1tor emberek, akik \u00e1lmodj\u00e1k az \u00e9letet, hanem azok az igazi b\u00e1trak, akik \u00e9lik \u00e1lmaikat!&#8221; Van ebben a mondatban egy j\u00f3 adag kih\u00edv\u00e1s, nem csoda, hogy \u00e9n is azok k\u00f6z\u00e9 szeretn\u00e9k tartozni \u2013 lehet\u0151leg mindig! -, akik nem csak \u00e1lmodj\u00e1k \u00e9let\u00fcket, de \u00e9lik is \u00e1lmaikat. S\u0151t, azt szeretn\u00e9m, hogy ha Ti is, valamennyien ilyen emberek lenn\u00e9tek! Ugyanis ilyen b\u00e1tor emberekre van sz\u0151ks\u00e9ge a Stuttgarti Magyar Katolikus Egyh\u00e1zk\u00f6zs\u00e9gnek, \u00e9s benne a 15 r\u00e9szegyh\u00e1zk\u00f6zs\u00e9g\u00fcnknek. Hogy k\u00f6nnyebben megval\u00f3s\u00edthassuk e f\u00e9l\u00e9vi \u00e1lmainkat, meg azt\u00e1n, hogy egy ir\u00e1nyba h\u00fazzunk, engedj\u00e9tek meg, hogy felv\u00e1zoljam el\u0151ttetek teend\u0151inket. Az elk\u00f6vetkez\u0151 f\u00e9l\u00e9vben a k\u00f6vetkez\u0151 egyh\u00e1zk\u00f6zs\u00e9gi esem\u00e9nyekre illetve rendezv\u00e9nyeinkre h\u00edvn\u00e1m fel sz\u00edves figyelmeteket: Szeptember 28-\u00e1n, szombaton: Szent Istv\u00e1n kir\u00e1lyunk eml\u00e9knapja. A r\u00e9gi liturgikus napt\u00e1r szerint ugyanis szeptemberben \u00fcnnepelt\u00fck \u0151t. Istv\u00e1n kir\u00e1lyunkat a heidenheimi r\u00e9szegyh\u00e1zk\u00f6zs\u00e9g\u00fcnk v\u00e1lasztotta v\u00e9d\u0151szentj\u00e9\u00fcl, ez\u00e9rt n\u00e1luk templomb\u00facs\u00fa. A szentmise 15.30 \u00f3rakor lesz, ut\u00e1na pedig szeretetvend\u00e9gs\u00e9gre h\u00edvnak mindenkit. A k\u00f6rny\u00e9kbeli h\u00edveinket k\u00fcl\u00f6n\u00f6sk\u00e9ppel elv\u00e1rjuk! Okt\u00f3ber 13-\u00e1n, vas\u00e1rnap tartja Ulmi R\u00e9szegyh\u00e1zk\u00f6zs\u00e9g\u00fcnk a templomb\u00facs\u00faj\u00e1t, Magyarok Nagyasszonya \u00fcnnep\u00e9t. A szentmise 15.00 \u00f3rakor kezd\u0151dik, ut\u00e1na pedig szeretetvend\u00e9gs\u00e9g. Mindenkit szeretettel v\u00e1runk! K\u00fcl\u00f6n\u00f6sen azokat, akik Ulmhoz k\u00f6zel laknak! Okt\u00f3ber 20-\u00e1n, vas\u00e1rnap tartjuk Stuttgartban Nemzeti \u00dcnnep\u00fcnket. Az \u00fcnnepi szentmise, amelyen Nt. G\u00e9mes P\u00e1l lelk\u00e9sz hirdet ig\u00e9t, 15.00 \u00f3rakor lesz a Bruder-Klaus templomban. Ut\u00e1na \u00fcnnepi m\u0171sor, majd \u00e1ll\u00f3fogad\u00e1s. Min\u00e9l t\u00f6bben gyertek el! November 1-\u00e9n, p\u00e9nteken, Mindenszentek \u00fcnnep\u00e9n, temet\u0151l\u00e1togat\u00e1s a gablenbergi illetve a weingarteni temet\u0151kben. K\u00e9rj\u00fck a t\u00f6bbi egyh\u00e1zk\u00f6zs\u00e9gben lak\u00f3 h\u00edveinket, hogy menjenek el \u0151k is a helyb\u00e9li temet\u00fcbe, \u00e9s im\u00e1dkozzanak elhunytjaik lelki \u00fcdv\u00e9\u00e9rt! November 9-\u00e9n, vas\u00e1rnap Weingartenben Szent Imre \u00fcnnepe, templomb\u00facs\u00fa. A 16.00 \u00f3rakor kezd\u0151d\u0151 szentmise ut\u00e1n eg\u00e9sz estig bar\u00e1ti egy\u00fcttl\u00e9t \u00e9s \u00e1g\u00e1p\u00e9. K\u00e9rj\u00fck els\u0151sorban a friedrichshafeni, munderkingeni, biberachi \u00e9s ulmi H\u00edveinket, hogy \u0151k is j\u00f6jjenek el a templomb\u00facs\u00fara! Viszont ha m\u00e1s r\u00e9szegyh\u00e1zk\u00f6zs\u00e9gekb\u0151l is akadn\u00e1nak \u00e9rdekl\u0151d\u0151k, szervezz\u00e9tek meg az odautaz\u00e1st! November 23-\u00e1n, szombaton Reutlingenben \u00c1rp\u00e1dh\u00e1zi Szent Erzs\u00e9bet \u00fcnnepe, templomb\u00facs\u00fa. Az \u00fcnnepi... R\u00e9szletek","og_url":"https:\/\/stuttgarti-katolikusok.de\/index.php\/a-2-felevre\/","og_site_name":"Stuttgarti Katolikusok","article_published_time":"2019-09-16T09:35:30+00:00","article_modified_time":"2020-04-27T08:46:24+00:00","author":"Tibor atya","twitter_card":"summary_large_image","twitter_misc":{"Szerz\u0151:":"Tibor atya","Becs\u00fclt olvas\u00e1si id\u0151":"4 perc"},"schema":{"@context":"https:\/\/schema.org","@graph":[{"@type":"Article","@id":"https:\/\/stuttgarti-katolikusok.de\/index.php\/a-2-felevre\/#article","isPartOf":{"@id":"https:\/\/stuttgarti-katolikusok.de\/index.php\/a-2-felevre\/"},"author":{"name":"Tibor atya","@id":"https:\/\/stuttgarti-katolikusok.de\/#\/schema\/person\/75908d6f8fdc03a57889d27209df7795"},"headline":"A 2. f\u00e9l\u00e9vre","datePublished":"2019-09-16T09:35:30+00:00","dateModified":"2020-04-27T08:46:24+00:00","mainEntityOfPage":{"@id":"https:\/\/stuttgarti-katolikusok.de\/index.php\/a-2-felevre\/"},"wordCount":732,"articleSection":["Hirdet\u00e9sek"],"inLanguage":"hu"},{"@type":"WebPage","@id":"https:\/\/stuttgarti-katolikusok.de\/index.php\/a-2-felevre\/","url":"https:\/\/stuttgarti-katolikusok.de\/index.php\/a-2-felevre\/","name":"A 2. f\u00e9l\u00e9vre - Stuttgarti Katolikusok","isPartOf":{"@id":"https:\/\/stuttgarti-katolikusok.de\/#website"},"datePublished":"2019-09-16T09:35:30+00:00","dateModified":"2020-04-27T08:46:24+00:00","author":{"@id":"https:\/\/stuttgarti-katolikusok.de\/#\/schema\/person\/75908d6f8fdc03a57889d27209df7795"},"breadcrumb":{"@id":"https:\/\/stuttgarti-katolikusok.de\/index.php\/a-2-felevre\/#breadcrumb"},"inLanguage":"hu","potentialAction":[{"@type":"ReadAction","target":["https:\/\/stuttgarti-katolikusok.de\/index.php\/a-2-felevre\/"]}]},{"@type":"BreadcrumbList","@id":"https:\/\/stuttgarti-katolikusok.de\/index.php\/a-2-felevre\/#breadcrumb","itemListElement":[{"@type":"ListItem","position":1,"name":"Kezd\u0151lap","item":"https:\/\/stuttgarti-katolikusok.de\/"},{"@type":"ListItem","position":2,"name":"A 2. f\u00e9l\u00e9vre"}]},{"@type":"WebSite","@id":"https:\/\/stuttgarti-katolikusok.de\/#website","url":"https:\/\/stuttgarti-katolikusok.de\/","name":"Stuttgarti Katolikusok","description":"","potentialAction":[{"@type":"SearchAction","target":{"@type":"EntryPoint","urlTemplate":"https:\/\/stuttgarti-katolikusok.de\/?s={search_term_string}"},"query-input":{"@type":"PropertyValueSpecification","valueRequired":true,"valueName":"search_term_string"}}],"inLanguage":"hu"},{"@type":"Person","@id":"https:\/\/stuttgarti-katolikusok.de\/#\/schema\/person\/75908d6f8fdc03a57889d27209df7795","name":"Tibor atya","image":{"@type":"ImageObject","inLanguage":"hu","@id":"https:\/\/secure.gravatar.com\/avatar\/61d268e57d1f4525b111222e29d2d5a7f8c420fdbf231ba5566a8ceac74fa960?s=96&d=mm&r=g","url":"https:\/\/secure.gravatar.com\/avatar\/61d268e57d1f4525b111222e29d2d5a7f8c420fdbf231ba5566a8ceac74fa960?s=96&d=mm&r=g","contentUrl":"https:\/\/secure.gravatar.com\/avatar\/61d268e57d1f4525b111222e29d2d5a7f8c420fdbf231ba5566a8ceac74fa960?s=96&d=mm&r=g","caption":"Tibor atya"},"url":"https:\/\/stuttgarti-katolikusok.de\/index.php\/author\/tibor-atya\/"}]}},"_links":{"self":[{"href":"https:\/\/stuttgarti-katolikusok.de\/index.php\/wp-json\/wp\/v2\/posts\/17465","targetHints":{"allow":["GET"]}}],"collection":[{"href":"https:\/\/stuttgarti-katolikusok.de\/index.php\/wp-json\/wp\/v2\/posts"}],"about":[{"href":"https:\/\/stuttgarti-katolikusok.de\/index.php\/wp-json\/wp\/v2\/types\/post"}],"author":[{"embeddable":true,"href":"https:\/\/stuttgarti-katolikusok.de\/index.php\/wp-json\/wp\/v2\/users\/3"}],"replies":[{"embeddable":true,"href":"https:\/\/stuttgarti-katolikusok.de\/index.php\/wp-json\/wp\/v2\/comments?post=17465"}],"version-history":[{"count":1,"href":"https:\/\/stuttgarti-katolikusok.de\/index.php\/wp-json\/wp\/v2\/posts\/17465\/revisions"}],"predecessor-version":[{"id":17467,"href":"https:\/\/stuttgarti-katolikusok.de\/index.php\/wp-json\/wp\/v2\/posts\/17465\/revisions\/17467"}],"wp:attachment":[{"href":"https:\/\/stuttgarti-katolikusok.de\/index.php\/wp-json\/wp\/v2\/media?parent=17465"}],"wp:term":[{"taxonomy":"category","embeddable":true,"href":"https:\/\/stuttgarti-katolikusok.de\/index.php\/wp-json\/wp\/v2\/categories?post=17465"},{"taxonomy":"post_tag","embeddable":true,"href":"https:\/\/stuttgarti-katolikusok.de\/index.php\/wp-json\/wp\/v2\/tags?post=17465"}],"curies":[{"name":"wp","href":"https:\/\/api.w.org\/{rel}","templated":true}]}}