{"id":17457,"date":"2019-09-12T07:25:07","date_gmt":"2019-09-12T07:25:07","guid":{"rendered":"https:\/\/gracious-dewdney.138-201-221-2.plesk.page\/?p=17457"},"modified":"2020-04-27T08:46:46","modified_gmt":"2020-04-27T08:46:46","slug":"evkozi-24-vasarnapra","status":"publish","type":"post","link":"https:\/\/stuttgarti-katolikusok.de\/index.php\/evkozi-24-vasarnapra\/","title":{"rendered":"\u00c9vk\u00f6zi 24. vas\u00e1rnapra"},"content":{"rendered":"<ol start=\"2019\">\n<li>szeptember 15.<\/li>\n<\/ol>\n<p>\u00c9VK\u00d6ZI 24. VAS\u00c1RNAP<\/p>\n<p>H\u00e1nyszor r\u00e1szolg\u00e1lt m\u00e1r az emberis\u00e9g arra, hogy Isten megb\u00fcntesse, s\u0151t elt\u00f6r\u00f6lje a f\u00f6ld sz\u00edn\u00e9r\u0151l. Mindig akadt azonban egy-egy k\u00f6zbenj\u00e1r\u00f3, aki Istent engesztelte, a n\u00e9-pet pedig b\u0171nb\u00e1natra figyelmeztette. \u00c1ldott legyen az Is-ten, aki mindig \u00faj lehet\u0151s\u00e9get adott arra, hogy \u00faj \u00e9letet kezdj\u00fcnk.<\/p>\n<p><em>Olvasm\u00e1ny: Kiv 32, 7\u201311. 13\u201314<\/em><\/p>\n<p>Az \u201earanyborj\u00fa\u201d im\u00e1d\u00e1sa \u00f6r\u00f6k k\u00eds\u00e9rt\u00e9se marad az embe-ris\u00e9gnek. Sokan elhagyj\u00e1k Istent csillog\u00f3 kincsek\u00e9rt, f\u00f6ldi \u00e9rt\u00e9kek\u00e9rt. B\u00e1lv\u00e1ny mindaz, amit az ember Isten el\u00e9 helyez. De m\u00e9g ebb\u0151l a b\u00e1lv\u00e1nyim\u00e1d\u00e1sb\u00f3l is van felemelked\u00e9s \u00e9s megt\u00e9r\u00e9s.<\/p>\n<p><em>Szentlecke: 1 Tim 1, 12\u201317<\/em><\/p>\n<p>Szent P\u00e1l apostol Isten irgalmass\u00e1g\u00e1nak szeml\u00e9ltet\u00e9s\u00e9re a saj\u00e1t p\u00e9ld\u00e1j\u00e1t eml\u00edti. Semmi \u00e9rdeme nem volt, s\u0151t \u00fcl-d\u00f6zte Krisztus k\u00f6vet\u0151it, m\u00e9gis megk\u00f6ny\u00f6r\u00fclt rajta az \u00dar. Ez\u00e9rt \u00e9lete v\u00e9g\u00e9ig dics\u0151\u00edti irgalmass\u00e1g\u00e1t.<\/p>\n<p><em>Evang\u00e9lium: Lk 15, 1\u201332<\/em><\/p>\n<p>A t\u00e9kozl\u00f3 fi\u00far\u00f3l sz\u00f3l\u00f3 t\u00f6rt\u00e9netb\u0151l kit\u0171nik, hogy milyen nagy k\u00fcl\u00f6nbs\u00e9g van az \u00f3sz\u00f6vets\u00e9gi \u00e9s az \u00fajsz\u00f6vets\u00e9gi vall\u00e1soss\u00e1g k\u00f6z\u00f6tt. Az \u00edr\u00e1stud\u00f3k \u00e9s farizeusok szerint egyed\u00fcl a t\u00f6rv\u00e9ny megtart\u00e1s\u00e1ban el\u00e9rt teljes\u00edtm\u00e9ny a vall\u00e1soss\u00e1g fokm\u00e9r\u0151je. J\u00e9zus viszont r\u00e1mutat arra, hogy fontos az Isten irgalm\u00e1ba vetett bizalom is. Tudnunk kell ugyanis azt, hogy Isten kegyelme n\u00e9lk\u00fcl nincs igazi ke-reszt\u00e9ny \u00e9let: Isten \u00f6r\u00fcl, ha visszafogadhatja a b\u0171nb\u00e1n\u00f3t.<\/p>\n<p>A F\u00c1JDALMAS SZ\u0170ZANYA \u00dcNNEPE<\/p>\n<p>Szeptember 15-e a F\u00e1jdalmas Sz\u0171zanya \u00fcnnepe. Az \u00fcn-nepnap \u00f6sszef\u00fcgg a Szent Kereszt felmagasztal\u00e1s\u00e1nak \u00fcnnep\u00e9vel (szeptember 14.). Liturgikus \u00fcnnepl\u00e9s\u00e9t el\u0151-sz\u00f6r a szervita rendnek enged\u00e9lyezt\u00e9k. VII. Piusz p\u00e1pa vezette be az eg\u00e9sz Egyh\u00e1zban \u2013 h\u00e1l\u00e1b\u00f3l a nap\u00f3leoni fogs\u00e1gb\u00f3l val\u00f3 szerencs\u00e9s visszat\u00e9r\u00e9s\u00e9\u00e9rt. <em>Mivel vas\u00e1r-napra esik, \u00edgy liturgikus \u00fcnnepl\u00e9se az idei \u00e9vben elma-rad.<\/em><\/p>\n<p>&nbsp;<\/p>\n<p><strong>\u00d3<\/strong> <strong>szents\u00e9ges Any\u00e1m, a keresztre fesz\u00edtettnek v\u00e9sd sz\u00edvembe sebeit. A keresztn\u00e9l veled \u00e1llni, gy\u00e1szban veled eggy\u00e9 v\u00e1lni, erre h\u00edv a szeretet.<\/strong><\/p>\n<p>IM\u00c1DS\u00c1G<\/p>\n<p>Isten\u00fcnk, te \u00fagy akartad, hogy a Sz\u0171zanya osztozz\u00e9k Fiad szenved\u00e9s\u00e9ben, \u00e9s ott \u00e1lljon dics\u0151s\u00e9ges keresztje alatt. Add meg Egyh\u00e1zadnak, amely vele egy\u00fctt r\u00e9szt vesz Krisztus k\u00ednszenved\u00e9s\u00e9ben, hogy r\u00e9sze legyen Krisztus felt\u00e1mad\u00e1s\u00e1ban is. Amen.<\/p>\n<p>SZENT FERENC SEBEI<\/p>\n<p>Szer\u00e1fi Szent Ferenc aty\u00e1nk a megfesz\u00edtett Krisztust megt\u00e9r\u00e9se els\u0151 pillanat\u00e1t\u00f3l hal\u00e1l\u00e1ig l\u00e1ngol\u00f3 \u00e1h\u00edtattal \u00e9s tisztelettel k\u00f6vette, s \u0151t sz\u00f3val \u00e9s cselekedettel minde-neknek hirdette. 1224. szeptember 14-\u00e9n pedig a Szent Kereszt felmagasztal\u00e1s\u00e1nak \u00fcnnep\u00e9n, mid\u0151n Alverna he-gy\u00e9n im\u00e1ds\u00e1gba mer\u00fclt, Krisztus Urunk csod\u00e1latos \u00e9s meglep\u0151 m\u00f3don szenved\u00e9s\u00e9nek jegyeit, a szent sebeket szolg\u00e1j\u00e1nak test\u00e9ben meg\u00faj\u00edtotta. Szent aty\u00e1nk al\u00e1zato-san rejtegette a stigm\u00e1kat, de \u0151szinte tan\u00fak bizony\u00edtj\u00e1k, hogy kezein, l\u00e1bain \u00e9s oldal\u00e1n hordozta a be nem gy\u00f3-gyul\u00f3 krisztusi sebeket. A t\u00f6rt\u00e9nelem \u0151t tartja az els\u0151-nek, aki megkapta test\u00e9ben is Krisztus Urunk sebeit. En-nek az esem\u00e9nynek \u00fcnnepl\u00e9s\u00e9t XI. Benedek p\u00e1pa enge-d\u00e9lyezte Rend\u00fcnk sz\u00e1m\u00e1ra. \u00dcnnep: szeptember 17.<\/p>\n<p><strong>\u00dcdv\u00f6z\u00edt\u0151 Isten\u00fcnk j\u00f3s\u00e1ga<\/strong><\/p>\n<p><strong>mindenki sz\u00e1m\u00e1ra l\u00e1that\u00f3v\u00e1 lett a f\u00f6ld\u00f6n<\/strong><\/p>\n<p><strong>szolg\u00e1j\u00e1ban, Ferencben.<\/strong><\/p>\n<p><strong><em>Szent Bonaventura<\/em><\/strong><\/p>\n<p>SZENTJEINK<\/p>\n<p>Szeptember 17-e <em>Bellarmin Szent R\u00f3bert<\/em> p\u00fcsp\u00f6k \u00e9s egy-h\u00e1ztan\u00edt\u00f3 napja (+ 1621). Hatalmas teol\u00f3giai tud\u00e1ssal a refom\u00e1ci\u00f3 ut\u00e1n \u00fajj\u00e1sz\u00fclet\u0151 Egyh\u00e1z egyik vez\u00e9ralakja.<\/p>\n<p>Szeptember 20-a a <em>koreai szent v\u00e9rtan\u00fak <\/em>\u00fcnnepe. A XVII. sz\u00e1zad elej\u00e9n jutott el Kore\u00e1ba a kereszt\u00e9ny tan\u00ed-t\u00e1s. Vil\u00e1gi h\u00edvek vezett\u00e9k a k\u00f6z\u00f6ss\u00e9geket. A XIX. sz\u00e1-zadban \u00e9rkeztek francia misszion\u00e1riusok, akik sz\u00e1mukra hirdett\u00e9k az evang\u00e9lium \u00f6r\u00f6mh\u00edr\u00e9t. A kereszt\u00e9ny-\u00fcld\u00f6z\u00e9sek t\u00f6bb hull\u00e1mban, 1839-ben, 1846-ban \u00e9s 1866-ban t\u00f6rt\u00e9ntek. Ezen a napon sz\u00e1zh\u00e1rom v\u00e9rtan\u00fat \u00fcnnepel az Egyh\u00e1z. Papok, vil\u00e1giak, feln\u0151ttek \u00e9s gyermekek vol-tak k\u00f6z\u00f6tt\u00fck.<\/p>\n<p>Szeptember 21-e <em>Szent M\u00e1t\u00e9<\/em> apostol \u00e9s evang\u00e9lista \u00fcnnepe. Kafarnaumban sz\u00fcletett, v\u00e1mos foglalkoz\u00e1s\u00e1t\u00f3l sz\u00f3l\u00edtotta el az \u00dar, hogy apostola legyen. Neve annyit je-lent, mint Jahve aj\u00e1nd\u00e9ka vagy a h\u0171s\u00e9ges. Az els\u0151 evan-g\u00e9lium szerz\u0151je, amit zsid\u00f3 nyelven \u00edrt. Keleten hirdette az evang\u00e9liumot, a hagyom\u00e1ny szerint Eti\u00f3pi\u00e1ban lett v\u00e9rtan\u00fa. \u00dcnnep\u00e9t azon a napon tartja az Egyh\u00e1z, amikor test\u00e9t Keletr\u0151l a X. sz\u00e1zad k\u00f6zep\u00e9n Salern\u00f3ba vitt\u00e9k, ahol jelenleg is \u0151rzik.<\/p>\n<p>LEHET ISTEN ELLEN HARCOLNI, DE&#8230;<\/p>\n<p>Az Istent lehet \u00fcld\u00f6z\u0151be venni, de nem lehet utol\u00e9rni.<\/p>\n<p>Lehet ellene harcolni, de nem lehet legy\u0151zni.<\/p>\n<p>Lehet \u0150t gy\u0171l\u00f6lni, de nem lehet v\u00e9gleg meg\u00f6lni.<\/p>\n<p>Lehet F\u00f6ns\u00e9g\u00e9t gyal\u00e1zni, de nem lehet sz\u00e9ps\u00e9g\u00e9t \u00a0csorb\u00edtani.<\/p>\n<p>Lehet hatalm\u00e1t semmibe venni, de emiatt nem fog elgyeng\u00fclni.<\/p>\n<p>Lehet l\u00e9tez\u00e9s\u00e9t tagadni, de emiatt nem fog megsemmis\u00fclni.<\/p>\n<p>Lehet s\u00edrba helyezni, de k\u00e1r s\u00edrja el\u00e9 k\u00f6vet henger\u00edteni,<\/p>\n<p>Mert az Isten felt\u00e1mad\u00e1s\u00e1t nem lehet megakad\u00e1lyozni.<\/p>\n","protected":false},"excerpt":{"rendered":"<p>szeptember 15. \u00c9VK\u00d6ZI 24. VAS\u00c1RNAP H\u00e1nyszor r\u00e1szolg\u00e1lt m\u00e1r az emberis\u00e9g arra, hogy Isten megb\u00fcntesse, s\u0151t elt\u00f6r\u00f6lje a f\u00f6ld sz\u00edn\u00e9r\u0151l. Mindig akadt azonban egy-egy k\u00f6zbenj\u00e1r\u00f3, aki Istent engesztelte, a n\u00e9-pet pedig b\u0171nb\u00e1natra figyelmeztette. \u00c1ldott legyen az Is-ten, aki mindig \u00faj lehet\u0151s\u00e9get adott arra, hogy \u00faj \u00e9letet kezdj\u00fcnk. Olvasm\u00e1ny: Kiv 32, 7\u201311. 13\u201314 Az \u201earanyborj\u00fa\u201d im\u00e1d\u00e1sa \u00f6r\u00f6k k\u00eds\u00e9rt\u00e9se marad az embe-ris\u00e9gnek. Sokan elhagyj\u00e1k Istent csillog\u00f3 kincsek\u00e9rt, f\u00f6ldi \u00e9rt\u00e9kek\u00e9rt. B\u00e1lv\u00e1ny mindaz, amit az ember Isten el\u00e9 helyez. De m\u00e9g ebb\u0151l a b\u00e1lv\u00e1nyim\u00e1d\u00e1sb\u00f3l is van felemelked\u00e9s \u00e9s megt\u00e9r\u00e9s. Szentlecke: 1 Tim 1, 12\u201317 Szent P\u00e1l apostol Isten irgalmass\u00e1g\u00e1nak szeml\u00e9ltet\u00e9s\u00e9re a saj\u00e1t p\u00e9ld\u00e1j\u00e1t eml\u00edti. Semmi \u00e9rdeme nem volt, s\u0151t \u00fcl-d\u00f6zte Krisztus k\u00f6vet\u0151it, m\u00e9gis megk\u00f6ny\u00f6r\u00fclt rajta az \u00dar. Ez\u00e9rt \u00e9lete v\u00e9g\u00e9ig dics\u0151\u00edti irgalmass\u00e1g\u00e1t. Evang\u00e9lium: Lk 15, 1\u201332 A t\u00e9kozl\u00f3 fi\u00far\u00f3l sz\u00f3l\u00f3 t\u00f6rt\u00e9netb\u0151l kit\u0171nik, hogy milyen nagy k\u00fcl\u00f6nbs\u00e9g van az \u00f3sz\u00f6vets\u00e9gi \u00e9s az \u00fajsz\u00f6vets\u00e9gi vall\u00e1soss\u00e1g k\u00f6z\u00f6tt. Az \u00edr\u00e1stud\u00f3k \u00e9s farizeusok szerint egyed\u00fcl a t\u00f6rv\u00e9ny megtart\u00e1s\u00e1ban el\u00e9rt teljes\u00edtm\u00e9ny a vall\u00e1soss\u00e1g fokm\u00e9r\u0151je. J\u00e9zus viszont r\u00e1mutat arra, hogy fontos az Isten irgalm\u00e1ba vetett bizalom is. Tudnunk kell ugyanis azt, hogy Isten kegyelme n\u00e9lk\u00fcl nincs igazi ke-reszt\u00e9ny \u00e9let: Isten \u00f6r\u00fcl, ha visszafogadhatja a b\u0171nb\u00e1n\u00f3t. A F\u00c1JDALMAS SZ\u0170ZANYA \u00dcNNEPE Szeptember 15-e a F\u00e1jdalmas Sz\u0171zanya \u00fcnnepe. Az \u00fcn-nepnap \u00f6sszef\u00fcgg a Szent Kereszt felmagasztal\u00e1s\u00e1nak \u00fcnnep\u00e9vel (szeptember 14.). Liturgikus \u00fcnnepl\u00e9s\u00e9t el\u0151-sz\u00f6r a szervita rendnek enged\u00e9lyezt\u00e9k. VII. Piusz p\u00e1pa vezette be az eg\u00e9sz Egyh\u00e1zban \u2013 h\u00e1l\u00e1b\u00f3l a nap\u00f3leoni fogs\u00e1gb\u00f3l val\u00f3 szerencs\u00e9s visszat\u00e9r\u00e9s\u00e9\u00e9rt. Mivel vas\u00e1r-napra esik, \u00edgy liturgikus \u00fcnnepl\u00e9se az idei \u00e9vben elma-rad. &nbsp; \u00d3 szents\u00e9ges Any\u00e1m, a keresztre fesz\u00edtettnek v\u00e9sd sz\u00edvembe sebeit. A keresztn\u00e9l veled \u00e1llni, gy\u00e1szban veled eggy\u00e9 v\u00e1lni, erre h\u00edv a szeretet. IM\u00c1DS\u00c1G Isten\u00fcnk, te \u00fagy akartad, hogy a Sz\u0171zanya osztozz\u00e9k Fiad szenved\u00e9s\u00e9ben, \u00e9s ott \u00e1lljon dics\u0151s\u00e9ges keresztje alatt. Add meg Egyh\u00e1zadnak, amely vele egy\u00fctt r\u00e9szt vesz Krisztus k\u00ednszenved\u00e9s\u00e9ben, hogy r\u00e9sze legyen Krisztus felt\u00e1mad\u00e1s\u00e1ban is. Amen. SZENT FERENC SEBEI Szer\u00e1fi Szent Ferenc aty\u00e1nk a&#8230; <\/p>\n<p><a class=\"readmore\" href=\"https:\/\/stuttgarti-katolikusok.de\/index.php\/evkozi-24-vasarnapra\/\">R\u00e9szletek<\/a><\/p>\n","protected":false},"author":3,"featured_media":0,"comment_status":"closed","ping_status":"closed","sticky":false,"template":"","format":"standard","meta":{"footnotes":""},"categories":[63],"tags":[],"class_list":["post-17457","post","type-post","status-publish","format-standard","hentry","category-vasarnapi-gondolatok"],"yoast_head":"<!-- This site is optimized with the Yoast SEO plugin v27.3 - https:\/\/yoast.com\/product\/yoast-seo-wordpress\/ -->\n<title>\u00c9vk\u00f6zi 24. vas\u00e1rnapra - Stuttgarti Katolikusok<\/title>\n<meta name=\"robots\" content=\"index, follow, max-snippet:-1, max-image-preview:large, max-video-preview:-1\" \/>\n<link rel=\"canonical\" href=\"https:\/\/stuttgarti-katolikusok.de\/index.php\/evkozi-24-vasarnapra\/\" \/>\n<meta property=\"og:locale\" content=\"hu_HU\" \/>\n<meta property=\"og:type\" content=\"article\" \/>\n<meta property=\"og:title\" content=\"\u00c9vk\u00f6zi 24. vas\u00e1rnapra - Stuttgarti Katolikusok\" \/>\n<meta property=\"og:description\" content=\"szeptember 15. \u00c9VK\u00d6ZI 24. VAS\u00c1RNAP H\u00e1nyszor r\u00e1szolg\u00e1lt m\u00e1r az emberis\u00e9g arra, hogy Isten megb\u00fcntesse, s\u0151t elt\u00f6r\u00f6lje a f\u00f6ld sz\u00edn\u00e9r\u0151l. Mindig akadt azonban egy-egy k\u00f6zbenj\u00e1r\u00f3, aki Istent engesztelte, a n\u00e9-pet pedig b\u0171nb\u00e1natra figyelmeztette. \u00c1ldott legyen az Is-ten, aki mindig \u00faj lehet\u0151s\u00e9get adott arra, hogy \u00faj \u00e9letet kezdj\u00fcnk. Olvasm\u00e1ny: Kiv 32, 7\u201311. 13\u201314 Az \u201earanyborj\u00fa\u201d im\u00e1d\u00e1sa \u00f6r\u00f6k k\u00eds\u00e9rt\u00e9se marad az embe-ris\u00e9gnek. Sokan elhagyj\u00e1k Istent csillog\u00f3 kincsek\u00e9rt, f\u00f6ldi \u00e9rt\u00e9kek\u00e9rt. B\u00e1lv\u00e1ny mindaz, amit az ember Isten el\u00e9 helyez. De m\u00e9g ebb\u0151l a b\u00e1lv\u00e1nyim\u00e1d\u00e1sb\u00f3l is van felemelked\u00e9s \u00e9s megt\u00e9r\u00e9s. Szentlecke: 1 Tim 1, 12\u201317 Szent P\u00e1l apostol Isten irgalmass\u00e1g\u00e1nak szeml\u00e9ltet\u00e9s\u00e9re a saj\u00e1t p\u00e9ld\u00e1j\u00e1t eml\u00edti. Semmi \u00e9rdeme nem volt, s\u0151t \u00fcl-d\u00f6zte Krisztus k\u00f6vet\u0151it, m\u00e9gis megk\u00f6ny\u00f6r\u00fclt rajta az \u00dar. Ez\u00e9rt \u00e9lete v\u00e9g\u00e9ig dics\u0151\u00edti irgalmass\u00e1g\u00e1t. Evang\u00e9lium: Lk 15, 1\u201332 A t\u00e9kozl\u00f3 fi\u00far\u00f3l sz\u00f3l\u00f3 t\u00f6rt\u00e9netb\u0151l kit\u0171nik, hogy milyen nagy k\u00fcl\u00f6nbs\u00e9g van az \u00f3sz\u00f6vets\u00e9gi \u00e9s az \u00fajsz\u00f6vets\u00e9gi vall\u00e1soss\u00e1g k\u00f6z\u00f6tt. Az \u00edr\u00e1stud\u00f3k \u00e9s farizeusok szerint egyed\u00fcl a t\u00f6rv\u00e9ny megtart\u00e1s\u00e1ban el\u00e9rt teljes\u00edtm\u00e9ny a vall\u00e1soss\u00e1g fokm\u00e9r\u0151je. J\u00e9zus viszont r\u00e1mutat arra, hogy fontos az Isten irgalm\u00e1ba vetett bizalom is. Tudnunk kell ugyanis azt, hogy Isten kegyelme n\u00e9lk\u00fcl nincs igazi ke-reszt\u00e9ny \u00e9let: Isten \u00f6r\u00fcl, ha visszafogadhatja a b\u0171nb\u00e1n\u00f3t. A F\u00c1JDALMAS SZ\u0170ZANYA \u00dcNNEPE Szeptember 15-e a F\u00e1jdalmas Sz\u0171zanya \u00fcnnepe. Az \u00fcn-nepnap \u00f6sszef\u00fcgg a Szent Kereszt felmagasztal\u00e1s\u00e1nak \u00fcnnep\u00e9vel (szeptember 14.). Liturgikus \u00fcnnepl\u00e9s\u00e9t el\u0151-sz\u00f6r a szervita rendnek enged\u00e9lyezt\u00e9k. VII. Piusz p\u00e1pa vezette be az eg\u00e9sz Egyh\u00e1zban \u2013 h\u00e1l\u00e1b\u00f3l a nap\u00f3leoni fogs\u00e1gb\u00f3l val\u00f3 szerencs\u00e9s visszat\u00e9r\u00e9s\u00e9\u00e9rt. Mivel vas\u00e1r-napra esik, \u00edgy liturgikus \u00fcnnepl\u00e9se az idei \u00e9vben elma-rad. &nbsp; \u00d3 szents\u00e9ges Any\u00e1m, a keresztre fesz\u00edtettnek v\u00e9sd sz\u00edvembe sebeit. A keresztn\u00e9l veled \u00e1llni, gy\u00e1szban veled eggy\u00e9 v\u00e1lni, erre h\u00edv a szeretet. IM\u00c1DS\u00c1G Isten\u00fcnk, te \u00fagy akartad, hogy a Sz\u0171zanya osztozz\u00e9k Fiad szenved\u00e9s\u00e9ben, \u00e9s ott \u00e1lljon dics\u0151s\u00e9ges keresztje alatt. Add meg Egyh\u00e1zadnak, amely vele egy\u00fctt r\u00e9szt vesz Krisztus k\u00ednszenved\u00e9s\u00e9ben, hogy r\u00e9sze legyen Krisztus felt\u00e1mad\u00e1s\u00e1ban is. Amen. SZENT FERENC SEBEI Szer\u00e1fi Szent Ferenc aty\u00e1nk a... R\u00e9szletek\" \/>\n<meta property=\"og:url\" content=\"https:\/\/stuttgarti-katolikusok.de\/index.php\/evkozi-24-vasarnapra\/\" \/>\n<meta property=\"og:site_name\" content=\"Stuttgarti Katolikusok\" \/>\n<meta property=\"article:published_time\" content=\"2019-09-12T07:25:07+00:00\" \/>\n<meta property=\"article:modified_time\" content=\"2020-04-27T08:46:46+00:00\" \/>\n<meta name=\"author\" content=\"Tibor atya\" \/>\n<meta name=\"twitter:card\" content=\"summary_large_image\" \/>\n<meta name=\"twitter:label1\" content=\"Szerz\u0151:\" \/>\n\t<meta name=\"twitter:data1\" content=\"Tibor atya\" \/>\n\t<meta name=\"twitter:label2\" content=\"Becs\u00fclt olvas\u00e1si id\u0151\" \/>\n\t<meta name=\"twitter:data2\" content=\"5 perc\" \/>\n<script type=\"application\/ld+json\" class=\"yoast-schema-graph\">{\"@context\":\"https:\\\/\\\/schema.org\",\"@graph\":[{\"@type\":\"Article\",\"@id\":\"https:\\\/\\\/stuttgarti-katolikusok.de\\\/index.php\\\/evkozi-24-vasarnapra\\\/#article\",\"isPartOf\":{\"@id\":\"https:\\\/\\\/stuttgarti-katolikusok.de\\\/index.php\\\/evkozi-24-vasarnapra\\\/\"},\"author\":{\"name\":\"Tibor atya\",\"@id\":\"https:\\\/\\\/stuttgarti-katolikusok.de\\\/#\\\/schema\\\/person\\\/75908d6f8fdc03a57889d27209df7795\"},\"headline\":\"\u00c9vk\u00f6zi 24. vas\u00e1rnapra\",\"datePublished\":\"2019-09-12T07:25:07+00:00\",\"dateModified\":\"2020-04-27T08:46:46+00:00\",\"mainEntityOfPage\":{\"@id\":\"https:\\\/\\\/stuttgarti-katolikusok.de\\\/index.php\\\/evkozi-24-vasarnapra\\\/\"},\"wordCount\":962,\"articleSection\":[\"Vas\u00e1rnapi gondolatok\"],\"inLanguage\":\"hu\"},{\"@type\":\"WebPage\",\"@id\":\"https:\\\/\\\/stuttgarti-katolikusok.de\\\/index.php\\\/evkozi-24-vasarnapra\\\/\",\"url\":\"https:\\\/\\\/stuttgarti-katolikusok.de\\\/index.php\\\/evkozi-24-vasarnapra\\\/\",\"name\":\"\u00c9vk\u00f6zi 24. vas\u00e1rnapra - Stuttgarti Katolikusok\",\"isPartOf\":{\"@id\":\"https:\\\/\\\/stuttgarti-katolikusok.de\\\/#website\"},\"datePublished\":\"2019-09-12T07:25:07+00:00\",\"dateModified\":\"2020-04-27T08:46:46+00:00\",\"author\":{\"@id\":\"https:\\\/\\\/stuttgarti-katolikusok.de\\\/#\\\/schema\\\/person\\\/75908d6f8fdc03a57889d27209df7795\"},\"breadcrumb\":{\"@id\":\"https:\\\/\\\/stuttgarti-katolikusok.de\\\/index.php\\\/evkozi-24-vasarnapra\\\/#breadcrumb\"},\"inLanguage\":\"hu\",\"potentialAction\":[{\"@type\":\"ReadAction\",\"target\":[\"https:\\\/\\\/stuttgarti-katolikusok.de\\\/index.php\\\/evkozi-24-vasarnapra\\\/\"]}]},{\"@type\":\"BreadcrumbList\",\"@id\":\"https:\\\/\\\/stuttgarti-katolikusok.de\\\/index.php\\\/evkozi-24-vasarnapra\\\/#breadcrumb\",\"itemListElement\":[{\"@type\":\"ListItem\",\"position\":1,\"name\":\"Kezd\u0151lap\",\"item\":\"https:\\\/\\\/stuttgarti-katolikusok.de\\\/\"},{\"@type\":\"ListItem\",\"position\":2,\"name\":\"\u00c9vk\u00f6zi 24. vas\u00e1rnapra\"}]},{\"@type\":\"WebSite\",\"@id\":\"https:\\\/\\\/stuttgarti-katolikusok.de\\\/#website\",\"url\":\"https:\\\/\\\/stuttgarti-katolikusok.de\\\/\",\"name\":\"Stuttgarti Katolikusok\",\"description\":\"\",\"potentialAction\":[{\"@type\":\"SearchAction\",\"target\":{\"@type\":\"EntryPoint\",\"urlTemplate\":\"https:\\\/\\\/stuttgarti-katolikusok.de\\\/?s={search_term_string}\"},\"query-input\":{\"@type\":\"PropertyValueSpecification\",\"valueRequired\":true,\"valueName\":\"search_term_string\"}}],\"inLanguage\":\"hu\"},{\"@type\":\"Person\",\"@id\":\"https:\\\/\\\/stuttgarti-katolikusok.de\\\/#\\\/schema\\\/person\\\/75908d6f8fdc03a57889d27209df7795\",\"name\":\"Tibor atya\",\"image\":{\"@type\":\"ImageObject\",\"inLanguage\":\"hu\",\"@id\":\"https:\\\/\\\/secure.gravatar.com\\\/avatar\\\/61d268e57d1f4525b111222e29d2d5a7f8c420fdbf231ba5566a8ceac74fa960?s=96&d=mm&r=g\",\"url\":\"https:\\\/\\\/secure.gravatar.com\\\/avatar\\\/61d268e57d1f4525b111222e29d2d5a7f8c420fdbf231ba5566a8ceac74fa960?s=96&d=mm&r=g\",\"contentUrl\":\"https:\\\/\\\/secure.gravatar.com\\\/avatar\\\/61d268e57d1f4525b111222e29d2d5a7f8c420fdbf231ba5566a8ceac74fa960?s=96&d=mm&r=g\",\"caption\":\"Tibor atya\"},\"url\":\"https:\\\/\\\/stuttgarti-katolikusok.de\\\/index.php\\\/author\\\/tibor-atya\\\/\"}]}<\/script>\n<!-- \/ Yoast SEO plugin. -->","yoast_head_json":{"title":"\u00c9vk\u00f6zi 24. vas\u00e1rnapra - Stuttgarti Katolikusok","robots":{"index":"index","follow":"follow","max-snippet":"max-snippet:-1","max-image-preview":"max-image-preview:large","max-video-preview":"max-video-preview:-1"},"canonical":"https:\/\/stuttgarti-katolikusok.de\/index.php\/evkozi-24-vasarnapra\/","og_locale":"hu_HU","og_type":"article","og_title":"\u00c9vk\u00f6zi 24. vas\u00e1rnapra - Stuttgarti Katolikusok","og_description":"szeptember 15. \u00c9VK\u00d6ZI 24. VAS\u00c1RNAP H\u00e1nyszor r\u00e1szolg\u00e1lt m\u00e1r az emberis\u00e9g arra, hogy Isten megb\u00fcntesse, s\u0151t elt\u00f6r\u00f6lje a f\u00f6ld sz\u00edn\u00e9r\u0151l. Mindig akadt azonban egy-egy k\u00f6zbenj\u00e1r\u00f3, aki Istent engesztelte, a n\u00e9-pet pedig b\u0171nb\u00e1natra figyelmeztette. \u00c1ldott legyen az Is-ten, aki mindig \u00faj lehet\u0151s\u00e9get adott arra, hogy \u00faj \u00e9letet kezdj\u00fcnk. Olvasm\u00e1ny: Kiv 32, 7\u201311. 13\u201314 Az \u201earanyborj\u00fa\u201d im\u00e1d\u00e1sa \u00f6r\u00f6k k\u00eds\u00e9rt\u00e9se marad az embe-ris\u00e9gnek. Sokan elhagyj\u00e1k Istent csillog\u00f3 kincsek\u00e9rt, f\u00f6ldi \u00e9rt\u00e9kek\u00e9rt. B\u00e1lv\u00e1ny mindaz, amit az ember Isten el\u00e9 helyez. De m\u00e9g ebb\u0151l a b\u00e1lv\u00e1nyim\u00e1d\u00e1sb\u00f3l is van felemelked\u00e9s \u00e9s megt\u00e9r\u00e9s. Szentlecke: 1 Tim 1, 12\u201317 Szent P\u00e1l apostol Isten irgalmass\u00e1g\u00e1nak szeml\u00e9ltet\u00e9s\u00e9re a saj\u00e1t p\u00e9ld\u00e1j\u00e1t eml\u00edti. Semmi \u00e9rdeme nem volt, s\u0151t \u00fcl-d\u00f6zte Krisztus k\u00f6vet\u0151it, m\u00e9gis megk\u00f6ny\u00f6r\u00fclt rajta az \u00dar. Ez\u00e9rt \u00e9lete v\u00e9g\u00e9ig dics\u0151\u00edti irgalmass\u00e1g\u00e1t. Evang\u00e9lium: Lk 15, 1\u201332 A t\u00e9kozl\u00f3 fi\u00far\u00f3l sz\u00f3l\u00f3 t\u00f6rt\u00e9netb\u0151l kit\u0171nik, hogy milyen nagy k\u00fcl\u00f6nbs\u00e9g van az \u00f3sz\u00f6vets\u00e9gi \u00e9s az \u00fajsz\u00f6vets\u00e9gi vall\u00e1soss\u00e1g k\u00f6z\u00f6tt. Az \u00edr\u00e1stud\u00f3k \u00e9s farizeusok szerint egyed\u00fcl a t\u00f6rv\u00e9ny megtart\u00e1s\u00e1ban el\u00e9rt teljes\u00edtm\u00e9ny a vall\u00e1soss\u00e1g fokm\u00e9r\u0151je. J\u00e9zus viszont r\u00e1mutat arra, hogy fontos az Isten irgalm\u00e1ba vetett bizalom is. Tudnunk kell ugyanis azt, hogy Isten kegyelme n\u00e9lk\u00fcl nincs igazi ke-reszt\u00e9ny \u00e9let: Isten \u00f6r\u00fcl, ha visszafogadhatja a b\u0171nb\u00e1n\u00f3t. A F\u00c1JDALMAS SZ\u0170ZANYA \u00dcNNEPE Szeptember 15-e a F\u00e1jdalmas Sz\u0171zanya \u00fcnnepe. Az \u00fcn-nepnap \u00f6sszef\u00fcgg a Szent Kereszt felmagasztal\u00e1s\u00e1nak \u00fcnnep\u00e9vel (szeptember 14.). Liturgikus \u00fcnnepl\u00e9s\u00e9t el\u0151-sz\u00f6r a szervita rendnek enged\u00e9lyezt\u00e9k. VII. Piusz p\u00e1pa vezette be az eg\u00e9sz Egyh\u00e1zban \u2013 h\u00e1l\u00e1b\u00f3l a nap\u00f3leoni fogs\u00e1gb\u00f3l val\u00f3 szerencs\u00e9s visszat\u00e9r\u00e9s\u00e9\u00e9rt. Mivel vas\u00e1r-napra esik, \u00edgy liturgikus \u00fcnnepl\u00e9se az idei \u00e9vben elma-rad. &nbsp; \u00d3 szents\u00e9ges Any\u00e1m, a keresztre fesz\u00edtettnek v\u00e9sd sz\u00edvembe sebeit. A keresztn\u00e9l veled \u00e1llni, gy\u00e1szban veled eggy\u00e9 v\u00e1lni, erre h\u00edv a szeretet. IM\u00c1DS\u00c1G Isten\u00fcnk, te \u00fagy akartad, hogy a Sz\u0171zanya osztozz\u00e9k Fiad szenved\u00e9s\u00e9ben, \u00e9s ott \u00e1lljon dics\u0151s\u00e9ges keresztje alatt. Add meg Egyh\u00e1zadnak, amely vele egy\u00fctt r\u00e9szt vesz Krisztus k\u00ednszenved\u00e9s\u00e9ben, hogy r\u00e9sze legyen Krisztus felt\u00e1mad\u00e1s\u00e1ban is. Amen. SZENT FERENC SEBEI Szer\u00e1fi Szent Ferenc aty\u00e1nk a... R\u00e9szletek","og_url":"https:\/\/stuttgarti-katolikusok.de\/index.php\/evkozi-24-vasarnapra\/","og_site_name":"Stuttgarti Katolikusok","article_published_time":"2019-09-12T07:25:07+00:00","article_modified_time":"2020-04-27T08:46:46+00:00","author":"Tibor atya","twitter_card":"summary_large_image","twitter_misc":{"Szerz\u0151:":"Tibor atya","Becs\u00fclt olvas\u00e1si id\u0151":"5 perc"},"schema":{"@context":"https:\/\/schema.org","@graph":[{"@type":"Article","@id":"https:\/\/stuttgarti-katolikusok.de\/index.php\/evkozi-24-vasarnapra\/#article","isPartOf":{"@id":"https:\/\/stuttgarti-katolikusok.de\/index.php\/evkozi-24-vasarnapra\/"},"author":{"name":"Tibor atya","@id":"https:\/\/stuttgarti-katolikusok.de\/#\/schema\/person\/75908d6f8fdc03a57889d27209df7795"},"headline":"\u00c9vk\u00f6zi 24. vas\u00e1rnapra","datePublished":"2019-09-12T07:25:07+00:00","dateModified":"2020-04-27T08:46:46+00:00","mainEntityOfPage":{"@id":"https:\/\/stuttgarti-katolikusok.de\/index.php\/evkozi-24-vasarnapra\/"},"wordCount":962,"articleSection":["Vas\u00e1rnapi gondolatok"],"inLanguage":"hu"},{"@type":"WebPage","@id":"https:\/\/stuttgarti-katolikusok.de\/index.php\/evkozi-24-vasarnapra\/","url":"https:\/\/stuttgarti-katolikusok.de\/index.php\/evkozi-24-vasarnapra\/","name":"\u00c9vk\u00f6zi 24. vas\u00e1rnapra - Stuttgarti Katolikusok","isPartOf":{"@id":"https:\/\/stuttgarti-katolikusok.de\/#website"},"datePublished":"2019-09-12T07:25:07+00:00","dateModified":"2020-04-27T08:46:46+00:00","author":{"@id":"https:\/\/stuttgarti-katolikusok.de\/#\/schema\/person\/75908d6f8fdc03a57889d27209df7795"},"breadcrumb":{"@id":"https:\/\/stuttgarti-katolikusok.de\/index.php\/evkozi-24-vasarnapra\/#breadcrumb"},"inLanguage":"hu","potentialAction":[{"@type":"ReadAction","target":["https:\/\/stuttgarti-katolikusok.de\/index.php\/evkozi-24-vasarnapra\/"]}]},{"@type":"BreadcrumbList","@id":"https:\/\/stuttgarti-katolikusok.de\/index.php\/evkozi-24-vasarnapra\/#breadcrumb","itemListElement":[{"@type":"ListItem","position":1,"name":"Kezd\u0151lap","item":"https:\/\/stuttgarti-katolikusok.de\/"},{"@type":"ListItem","position":2,"name":"\u00c9vk\u00f6zi 24. vas\u00e1rnapra"}]},{"@type":"WebSite","@id":"https:\/\/stuttgarti-katolikusok.de\/#website","url":"https:\/\/stuttgarti-katolikusok.de\/","name":"Stuttgarti Katolikusok","description":"","potentialAction":[{"@type":"SearchAction","target":{"@type":"EntryPoint","urlTemplate":"https:\/\/stuttgarti-katolikusok.de\/?s={search_term_string}"},"query-input":{"@type":"PropertyValueSpecification","valueRequired":true,"valueName":"search_term_string"}}],"inLanguage":"hu"},{"@type":"Person","@id":"https:\/\/stuttgarti-katolikusok.de\/#\/schema\/person\/75908d6f8fdc03a57889d27209df7795","name":"Tibor atya","image":{"@type":"ImageObject","inLanguage":"hu","@id":"https:\/\/secure.gravatar.com\/avatar\/61d268e57d1f4525b111222e29d2d5a7f8c420fdbf231ba5566a8ceac74fa960?s=96&d=mm&r=g","url":"https:\/\/secure.gravatar.com\/avatar\/61d268e57d1f4525b111222e29d2d5a7f8c420fdbf231ba5566a8ceac74fa960?s=96&d=mm&r=g","contentUrl":"https:\/\/secure.gravatar.com\/avatar\/61d268e57d1f4525b111222e29d2d5a7f8c420fdbf231ba5566a8ceac74fa960?s=96&d=mm&r=g","caption":"Tibor atya"},"url":"https:\/\/stuttgarti-katolikusok.de\/index.php\/author\/tibor-atya\/"}]}},"_links":{"self":[{"href":"https:\/\/stuttgarti-katolikusok.de\/index.php\/wp-json\/wp\/v2\/posts\/17457","targetHints":{"allow":["GET"]}}],"collection":[{"href":"https:\/\/stuttgarti-katolikusok.de\/index.php\/wp-json\/wp\/v2\/posts"}],"about":[{"href":"https:\/\/stuttgarti-katolikusok.de\/index.php\/wp-json\/wp\/v2\/types\/post"}],"author":[{"embeddable":true,"href":"https:\/\/stuttgarti-katolikusok.de\/index.php\/wp-json\/wp\/v2\/users\/3"}],"replies":[{"embeddable":true,"href":"https:\/\/stuttgarti-katolikusok.de\/index.php\/wp-json\/wp\/v2\/comments?post=17457"}],"version-history":[{"count":1,"href":"https:\/\/stuttgarti-katolikusok.de\/index.php\/wp-json\/wp\/v2\/posts\/17457\/revisions"}],"predecessor-version":[{"id":17459,"href":"https:\/\/stuttgarti-katolikusok.de\/index.php\/wp-json\/wp\/v2\/posts\/17457\/revisions\/17459"}],"wp:attachment":[{"href":"https:\/\/stuttgarti-katolikusok.de\/index.php\/wp-json\/wp\/v2\/media?parent=17457"}],"wp:term":[{"taxonomy":"category","embeddable":true,"href":"https:\/\/stuttgarti-katolikusok.de\/index.php\/wp-json\/wp\/v2\/categories?post=17457"},{"taxonomy":"post_tag","embeddable":true,"href":"https:\/\/stuttgarti-katolikusok.de\/index.php\/wp-json\/wp\/v2\/tags?post=17457"}],"curies":[{"name":"wp","href":"https:\/\/api.w.org\/{rel}","templated":true}]}}