{"id":17419,"date":"2019-09-06T07:37:46","date_gmt":"2019-09-06T07:37:46","guid":{"rendered":"https:\/\/gracious-dewdney.138-201-221-2.plesk.page\/?p=17419"},"modified":"2020-04-27T08:50:39","modified_gmt":"2020-04-27T08:50:39","slug":"evkozi-23-vasarnapra","status":"publish","type":"post","link":"https:\/\/stuttgarti-katolikusok.de\/index.php\/evkozi-23-vasarnapra\/","title":{"rendered":"\u00c9vk\u00f6zi 23. vas\u00e1rnapra"},"content":{"rendered":"<h2>2019. szeptember 8.<\/h2>\n<h2>\u00c9VK\u00d6ZI 23. VAS\u00c1RNAP<\/h2>\n<h2><\/h2>\n<p>A hit \u00e9rtelmes megh\u00f3dol\u00e1s Isten el\u0151tt. Az Egyh\u00e1z ez\u00e9rt soha nem f\u00e9lt a gondolkod\u00f3, a k\u00e9rdez\u0151 \u00e9s keres\u0151 embert\u0151l. A tudom\u00e1nyr\u00f3l pedig azt vallotta, hogy nincs \u00e9s nem is lehet ellent\u00e9tben a hit igazs\u00e1gaival. Ellenkez\u0151leg az igazi tud\u00e1s k\u00f6zelebb viheti az embert Istenhez. Ezt igazolja a h\u00edv\u0151 tud\u00f3sok nagy sz\u00e1ma.<\/p>\n<p><strong>KEZD\u0150\u00c9NEK\u00a0\u00a0\u00a0 <\/strong>\u00a0\u00a0\u00a0\u00a0\u00a0\u00a0\u00a0\u00a0\u00a0\u00a0\u00a0\u00a0\u00a0\u00a0\u00a0\u00a0\u00a0\u00a0\u00a0\u00a0\u00a0\u00a0\u00a0\u00a0\u00a0\u00a0\u00a0\u00a0\u00a0\u00a0\u00a0\u00a0\u00a0\u00a0\u00a0\u00a0\u00a0\u00a0\u00a0\u00a0\u00a0<em>Zsolt 118, 137. 124<\/em><\/p>\n<p>Igaz vagy, Uram, \u00e9s igazs\u00e1gos \u00edt\u00e9letedben. P\u00e1rtfogolod szolg\u00e1dat irgalmad szerint!<\/p>\n<p><strong>OLVASM\u00c1NY<\/strong>\u00a0\u00a0\u00a0\u00a0\u00a0\u00a0\u00a0\u00a0\u00a0\u00a0\u00a0\u00a0\u00a0\u00a0\u00a0\u00a0\u00a0\u00a0\u00a0\u00a0\u00a0\u00a0\u00a0\u00a0\u00a0\u00a0\u00a0\u00a0\u00a0\u00a0\u00a0\u00a0\u00a0\u00a0\u00a0\u00a0\u00a0\u00a0\u00a0\u00a0\u00a0\u00a0\u00a0\u00a0\u00a0\u00a0\u00a0\u00a0\u00a0\u00a0 <em>B\u00f6lcs 9, 13\u201319<\/em><\/p>\n<p>A tud\u00e1s \u00e9s a b\u00f6lcsess\u00e9g k\u00fcl\u00f6nb\u00f6zik egym\u00e1st\u00f3l. Az el\u0151bbit b\u00e1rki biztos\u00edthatja a maga sz\u00e1m\u00e1ra szorgalmas tanul\u00e1ssal \u00e9s \u00e9lettapasztalatok gy\u0171jt\u00e9s\u00e9vel. A b\u00f6lcsess\u00e9g viszont Isten nagy aj\u00e1nd\u00e9ka, amely\u00e9rt gyakran kell im\u00e1dkoznunk. Isten gy\u00fajt f\u00e9nyt lelk\u00fcnkben, hogy megtal\u00e1ljuk a megnyugtat\u00f3 v\u00e1laszt az \u00e9let nagy k\u00e9rd\u00e9seire. Felismerj\u00fck \u00e9let\u00fcnk v\u00e9gs\u0151 c\u00e9lj\u00e1t \u00e9s felhaszn\u00e1ljuk a hozz\u00e1 vezet\u0151 eszk\u00f6z\u00f6ket.<\/p>\n<p><strong>V\u00c1LASZOS ZSOLT\u00c1R<\/strong>\u00a0\u00a0\u00a0\u00a0\u00a0\u00a0\u00a0\u00a0\u00a0\u00a0\u00a0\u00a0\u00a0\u00a0\u00a0\u00a0\u00a0 \u00a0\u00a0\u00a0<em>\u00a0\u00a0\u00a0\u00a0\u00a0\u00a0\u00a0\u00a0\u00a0\u00a0\u00a0\u00a0\u00a0\u00a0\u00a0\u00a0\u00a089. Zsolt\u00e1r <\/em><\/p>\n<p><strong>V\u00e1lasz: Te lett\u00e9l, Uram, m<u>e<\/u>ned\u00e9k\u00fcnk, *<\/strong><\/p>\n<p><strong>\u00a0\u00a0\u00a0\u00a0\u00a0\u00a0\u00a0\u00a0\u00a0\u00a0\u00a0\u00a0\u00a0\u00a0 nemzed\u00e9kr\u0151l nemzed\u00e9kr<u>e<\/u>.<\/strong><\/p>\n<p><strong>SZENTLECKE\u00a0\u00a0 <\/strong>\u00a0\u00a0\u00a0\u00a0\u00a0\u00a0\u00a0\u00a0\u00a0\u00a0\u00a0\u00a0\u00a0\u00a0\u00a0\u00a0\u00a0\u00a0\u00a0\u00a0\u00a0\u00a0\u00a0\u00a0\u00a0\u00a0\u00a0\u00a0\u00a0\u00a0\u00a0\u00a0\u00a0\u00a0<em>Filem 9b\u201310. 12\u201317\u00a0 <\/em><\/p>\n<p>P\u00e1l apostol az Onezimus nev\u0171 rabszolga \u00e9rdek\u00e9ben levelet \u00edr egy j\u00f3m\u00f3d\u00fa kolosszei lakosnak, Filemonnak. Megfigyelhet\u0151, hogy nem a rabszolga felszabad\u00edt\u00e1s\u00e1t k\u00e9ri gazd\u00e1j\u00e1t\u00f3l, hanem a nagylelk\u0171 kereszt\u00e9ny szeretet gyakorl\u00e1s\u00e1t. B\u00edzott abban, hogy a kereszt\u00e9ny testv\u00e9ris\u00e9g tudatos\u00edt\u00e1sa \u00e9s \u00e1t\u00e9rz\u00e9se a szoci\u00e1lis t\u00e9ren val\u00f3 el\u0151rel\u00e9p\u00e9st is el\u0151seg\u00edti.<\/p>\n<p><strong>ALLELUJA <\/strong>\u00a0\u00a0\u00a0\u00a0\u00a0\u00a0\u00a0\u00a0\u00a0\u00a0\u00a0\u00a0\u00a0\u00a0\u00a0\u00a0\u00a0\u00a0\u00a0\u00a0\u00a0\u00a0\u00a0\u00a0\u00a0\u00a0\u00a0\u00a0\u00a0\u00a0\u00a0\u00a0\u00a0\u00a0\u00a0\u00a0\u00a0\u00a0\u00a0\u00a0\u00a0\u00a0\u00a0\u00a0\u00a0\u00a0\u00a0\u00a0\u00a0\u00a0\u00a0\u00a0\u00a0\u00a0\u00a0\u00a0\u00a0<em>Zsolt 118, 135<\/em><\/p>\n<p>Ragyogtasd szolg\u00e1d f\u00f6l\u00e9 arcodat, * v\u00e9gz\u00e9seidre tan\u00edts meg engem!<\/p>\n<p>EVANG\u00c9LIUM\u00a0\u00a0\u00a0\u00a0\u00a0\u00a0\u00a0\u00a0\u00a0\u00a0\u00a0\u00a0\u00a0\u00a0\u00a0\u00a0\u00a0\u00a0\u00a0\u00a0\u00a0\u00a0\u00a0\u00a0\u00a0\u00a0\u00a0\u00a0\u00a0\u00a0\u00a0\u00a0\u00a0\u00a0\u00a0\u00a0\u00a0\u00a0\u00a0\u00a0\u00a0\u00a0\u00a0\u00a0\u00a0\u00a0 <em>Lk 14, 25\u201333<\/em><\/p>\n<p>J\u00e9zus k\u00f6vet\u00e9se \u00e1ldozatot k\u00edv\u00e1n a kereszt\u00e9nyekt\u0151l. A megt\u00e9r\u00e9s n\u00e9ha szak\u00edt\u00e1st jelent a rokons\u00e1ggal \u00e9s a megszokott k\u00f6rnyezettel is, ha az el akar t\u00e9r\u00edteni Krisztust\u00f3l. A \u201egy\u0171l\u00f6lni\u201d kifejez\u00e9s hebraizmus, jelent\u00e9se: \u201ekev\u00e9sb\u00e9 szeretni\u201d. Aki teh\u00e1t J\u00e9zushoz akar csatlakozni, legyen k\u00e9sz minden \u00e1ldozatra, mindenkin\u00e9l jobban szeresse \u0151t, \u00e9s tudjon elhagyni mindent, ami vagy aki akad\u00e1lyozn\u00e1 ebben.<\/p>\n<p><strong>AZ EUCHARISZTI\u00c1HOZ<\/strong><\/p>\n<p>J\u00e9zus \u00e1ldozatk\u00e9sz szeretetb\u0151l v\u00e1llalta a kereszthal\u00e1lt. Erre eml\u00e9kez\u00fcnk minden szentmis\u00e9ben. B\u00e1rcsak a Szentl\u00e9lek \u00e1ltal egyre jobban kialakulna benn\u00fcnk is ez a lelk\u00fclet.<\/p>\n<p><strong>\u00c1LDOZ\u00c1SI \u00c9NEK<\/strong>\u00a0\u00a0\u00a0\u00a0\u00a0\u00a0\u00a0\u00a0\u00a0\u00a0\u00a0\u00a0\u00a0\u00a0\u00a0\u00a0\u00a0\u00a0\u00a0\u00a0\u00a0\u00a0 <em>\u00a0\u00a0\u00a0\u00a0\u00a0\u00a0\u00a0\u00a0\u00a0\u00a0\u00a0\u00a0\u00a0\u00a0\u00a0\u00a0\u00a0\u00a0\u00a0\u00a0\u00a0\u00a0Zsolt 41, 2\u20133 \u00a0<\/em><\/p>\n<p>Mint a szarvas s\u00f3v\u00e1rog a forr\u00e1sv\u00edzre, \u00fagy \u00e1h\u00edt a lelkem t\u00e9ged, Istenem. Istenre szomjas a lelkem, az \u00e9l\u0151 Istenre.<\/p>\n<p><strong>+ + +<\/strong><\/p>\n<p>Vagy:\u00a0\u00a0\u00a0\u00a0\u00a0\u00a0\u00a0\u00a0\u00a0\u00a0\u00a0\u00a0\u00a0\u00a0\u00a0\u00a0 \u00a0\u00a0\u00a0\u00a0\u00a0\u00a0\u00a0\u00a0\u00a0\u00a0\u00a0\u00a0\u00a0\u00a0\u00a0\u00a0\u00a0\u00a0\u00a0\u00a0\u00a0\u00a0\u00a0\u00a0\u00a0\u00a0\u00a0\u00a0\u00a0\u00a0\u00a0\u00a0\u00a0\u00a0\u00a0\u00a0\u00a0\u00a0\u00a0\u00a0\u00a0\u00a0\u00a0\u00a0\u00a0\u00a0\u00a0\u00a0\u00a0\u00a0\u00a0\u00a0\u00a0<em>Jn 8 12<\/em><\/p>\n<p>\u00c9n vagyok a vil\u00e1g vil\u00e1goss\u00e1ga. Aki k\u00f6vet, nem j\u00e1r s\u00f6t\u00e9ts\u00e9gben, hanem \u00f6v\u00e9 lesz az \u00e9let vil\u00e1goss\u00e1ga \u2013 mondja az \u00dar.<\/p>\n<p><strong>K\u00c9R\u00c9SEK<\/strong><\/p>\n<p>Isten\u00fcnk, te azt tan\u00edtod, hogy a szeretet er\u0151sebb a hal\u00e1ln\u00e1l. Vess v\u00e9get a hal\u00e1los gy\u0171l\u00f6lk\u00f6d\u00e9snek, \u00e9s sz\u00fcntess meg minden h\u00e1bor\u00fat!<\/p>\n<p>Isten\u00fcnk, te kinyilatkoztattad, hogy a szeretet \u00f6r\u00f6kk\u00e9 megmarad. Add, hogy akik egy\u00fctt r\u00e9szes\u00fcl\u00fcnk a szeretet szents\u00e9g\u00e9ben, viszontl\u00e1ssuk egym\u00e1st a boldog \u00f6r\u00f6kk\u00e9val\u00f3s\u00e1gban!<\/p>\n<p>Isten\u00fcnk, add kegyelmedet, hogy t\u00e9ged szeress\u00fcnk \u00e9s embert\u00e1rsainkban is mindig neked szolg\u00e1ljunk!<\/p>\n<p><strong>ELM\u00c9LKED\u00c9S<\/strong><\/p>\n<p>L\u00e9gy szeg\u00e9ny vagy gazdag: mindkett\u0151 kereszt.<\/p>\n<p>L\u00e9gy okos vagy ostoba: mindkett\u0151 kereszt.<\/p>\n<p>L\u00e9gy n\u0151 vagy f\u00e9rfi: mindkett\u0151 kereszt.<\/p>\n<p>L\u00e9gy n\u0151tlen vagy n\u0151s, hajadon vagy f\u00e9rjezett:<\/p>\n<p>mindkett\u0151 kereszt.<\/p>\n<p>Szeretnek, sz\u00edvlelnek, \u00e1tkoznak, gy\u0171l\u00f6lnek?<\/p>\n<p>Ez is csak kem\u00e9ny kereszt&#8230;<\/p>\n<p>K\u00e9r\u00e9sz \u00e9let\u00fcnk kem\u00e9ny keresztjeit \u00e1ldd meg,<\/p>\n<p>keresztre fesz\u00edtett kegyes Kir\u00e1lyunk, Krisztusunk!<\/p>\n<p><em>Zsoldos Imre<\/em><\/p>\n<p>&nbsp;<\/p>\n<p>NAPI FELAJ\u00c1NL\u00c1S<\/p>\n<p>Irgalmas J\u00e9zus, a te Szents\u00e9ges Sz\u00edvednek szentelem magam ma \u00e9s mindenkor.<\/p>\n<p>J\u00e9zus Szents\u00e9ges Sz\u00edve, add, k\u00f6ny\u00f6rg\u00f6k, hogy egyre jobban szerethesselek.<\/p>\n<p>J\u00e9zus Szents\u00e9ges Sz\u00edve, b\u00edzom Benned!<\/p>\n<p>J\u00e9zus Szents\u00e9ges Sz\u00edve, irgalmazz nek\u00fcnk!<\/p>\n<p>J\u00e9zus Szent Sz\u00edve, hiszek ir\u00e1ntam val\u00f3 szeretetedben.<\/p>\n<p>Szel\u00edd \u00e9s al\u00e1zatos sz\u00edv\u0171 J\u00e9zus, tedd sz\u00edvemet a tiedhez hasonl\u00f3v\u00e1.<\/p>\n<p>&nbsp;<\/p>\n<p>SZ\u00dcL\u0150K, NAGYSZ\u00dcL\u0150K IM\u00c1JA<\/p>\n<p>SZENT ANNA, leg\u00e9desebb anya \u00e9s nagymama,<\/p>\n<p>te l\u00e9gy gyermekeink \u00e9s unok\u00e1ink p\u00e1rtfog\u00f3ja!<\/p>\n<p>R\u00e1d b\u00edzzuk, anyai szeretetednek adjuk \u00e1t \u0151ket.<\/p>\n<p>J\u00e1rd ki sz\u00e1mukra mindazt,<\/p>\n<p>ami itt a f\u00f6ld\u00f6n sz\u00fcks\u00e9ges nekik, \u00e9s lelk\u00fck jav\u00e1t szolg\u00e1lja.<\/p>\n<p>Esdj ki mindny\u00e1junknak sz\u00edvb\u00e9li szeretetet<\/p>\n<p>Isten \u00e9s embert\u00e1rsaink ir\u00e1nt, \u00e9s \u00f3vd meg \u0151ket a b\u0171nt\u0151l,<\/p>\n<p>\u0151rizd meg tiszt\u00e1nak valamennyi\u00fcket!<\/p>\n<p>Ne engedd, hogy rossz p\u00e9ld\u00e1t mutassanak m\u00e1soknak,<\/p>\n<p>\u00e9s benn\u00fcnket is \u00f3vj meg att\u00f3l,<\/p>\n<p>hogy mi mutassunk rossz p\u00e9ld\u00e1t nekik!<\/p>\n<p>Esdekeld ki, hogy gyermekeink<\/p>\n<p>Isten \u00e9s felebar\u00e1taik szeretet\u00e9ben nevelj\u00e9k unok\u00e1inkat,<\/p>\n<p>\u00e9s \u00e1llj mellett\u00fck,<\/p>\n<p>hogy vel\u00fck egy\u00fctt \u0151k is elnyerhess\u00e9k majd<\/p>\n<p>az \u00f6r\u00f6k \u00fcdv\u00f6ss\u00e9get. Amen.<\/p>\n<p>&nbsp;<\/p>\n<p><strong>IM\u00c1DKOZZUNK TANUL\u00d3 IFJ\u00daS\u00c1GUNK\u00c9RT<\/strong><strong>!<\/strong><\/p>\n<p>SZ\u0170Z M\u00c1RIA SZENT NEVE<\/p>\n<p>Szeptember 12-\u00e9n, ma a magyar \u00e9s a n\u00e9met nyelvter\u00fcleten a Boldogs\u00e1gos Sz\u0171z M\u00e1ria nevenapj\u00e1t tartjuk. Boldog XI. Ince p\u00e1pa rendelte el annak eml\u00e9k\u00e9re, hogy 1683-ban a kereszt\u00e9ny seregek megfutam\u00edtott\u00e1k a B\u00e9cset ostroml\u00f3 t\u00f6r\u00f6k hadsereget. Ez ut\u00e1n a gy\u0151zelem ut\u00e1n kezd\u0151d\u00f6tt Magyarorsz\u00e1g felszabad\u00edt\u00e1sa is a t\u00f6r\u00f6k iga al\u00f3l.<\/p>\n<p><strong>\u00a0<\/strong><strong>M\u00e1ria a Hajnal, Krisztus a T\u00f6k\u00e9letes Nap,<\/strong><\/p>\n<p><strong>\u00a0M\u00e1ria a Kapu, Krisztus a Mennyei \u00fat!<\/strong><\/p>\n<p><strong>\u00a0M\u00e1ria a Sz\u0151l\u0151t\u0151, Krisztus a misztikus Sz\u0151l\u0151vessz\u0151,<\/strong><\/p>\n<p><strong>\u00a0M\u00e1ria a Sz\u0151l\u0151f\u00fcrt, Krisztus a Szent Bor!<\/strong><\/p>\n<p><strong>\u00a0M\u00e1ria b\u00fazakal\u00e1sz, Krisztus az \u00c9l\u0151 Keny\u00e9r,<\/strong><\/p>\n<p><strong>\u00a0M\u00e1ria a R\u00f3zsat\u0151, Krisztus a V\u00e9rv\u00f6r\u00f6s R\u00f3zsa!<\/strong><\/p>\n<p><strong>\u00a0M\u00e1ria a Forr\u00e1s, Krisztus a Megtiszt\u00edt\u00f3 Folyam,<\/strong><\/p>\n<p><strong>\u00a0M\u00e1ria a Kehely, Krisztus az \u00dcdv\u00f6z\u00edt\u0151 Bor!<\/strong><\/p>\n<p><strong>\u00a0M\u00e1ria a Templom, Krisztus az \u00dar Temploma, M\u00e1ria a Szent\u00e9ly, Krisztus az Im\u00e1dott Isten!<\/strong><\/p>\n<p><strong>\u00a0M\u00e1ria a Jelz\u0151f\u00e9ny, Krisztus a Kik\u00f6t\u0151,<\/strong><\/p>\n<p><strong>\u00a0M\u00e1ria a T\u00fck\u00f6r, Krisztus az \u00c1ldott L\u00e1tom\u00e1s! <\/strong><\/p>\n<p><strong>\u00a0M\u00e1ria az Anya, Krisztus az Anya Fia,<\/strong><\/p>\n<p><strong>\u00a0Mindketten \u00e1ldottak \u00f6r\u00f6kk\u00f6n-\u00f6r\u00f6kk\u00e9. Amen.<\/strong><\/p>\n<p>&nbsp;<\/p>\n<p>AZ \u00c9LET PARANCSA<\/p>\n<p>Igazi boldogs\u00e1gr\u00f3l nem besz\u00e9lhet\u00fcnk szeretet n\u00e9lk\u00fcl, felebar\u00e1ti sz\u00edv n\u00e9lk\u00fcl \u00e9s a Teremt\u0151 ir\u00e1nti h\u00e1l\u00e1s tisztelet n\u00e9lk\u00fcl. Az \u0151 nagys\u00e1ga a szeretet minden ir\u00e1nt, ami \u00e9l. Az \u0151 parancsa, hogy mi is seg\u00edts\u00fck egym\u00e1st \u2013 M\u00e1ria p\u00e9ld\u00e1ja szerint.\u00a0\u00a0\u00a0\u00a0\u00a0\u00a0\u00a0\u00a0\u00a0\u00a0\u00a0\u00a0\u00a0\u00a0\u00a0\u00a0\u00a0\u00a0\u00a0\u00a0\u00a0\u00a0\u00a0\u00a0\u00a0\u00a0\u00a0\u00a0\u00a0\u00a0\u00a0\u00a0\u00a0\u00a0\u00a0\u00a0\u00a0\u00a0 <em>Charles Dickens nyom\u00e1n<\/em><\/p>\n<p>A SZENT KERESZT FELMAGASZTAL\u00c1SA<\/p>\n<p>Szeptember 14-\u00e9n a Szent Kereszt felmagasztal\u00e1s\u00e1nak \u00fcnnep\u00e9t \u00fclj\u00fck. Jeruzs\u00e1lemben \u00e9vr\u0151l \u00e9vre felmutatt\u00e1k a keresztfa ott \u0151rz\u00f6tt darabj\u00e1t a Szent S\u00edr bazilika felszentel\u00e9s\u00e9nek \u00e9vfordul\u00f3j\u00e1n. Egy\u00fattal azt is \u00fcnnepelj\u00fck, hogy H\u00e9rakleiosz cs\u00e1sz\u00e1r 629-ben szem\u00e9lyesen vitte vissza \u0151rz\u00e9si hely\u00e9re a keresztfa-erekly\u00e9t, amelyet el\u0151z\u0151leg a perzs\u00e1k elraboltak.<\/p>\n<p>K\u00f6ny\u00f6r\u00f6gj\u00fcnk. Isten\u00fcnk, te azt akartad, hogy egysz\u00fcl\u00f6tt Fiad a kereszten v\u00e1ltsa meg az emberis\u00e9get. Add, hogy mi, akik megismert\u00fck szeretet\u00e9nek titk\u00e1t itt a f\u00f6ld\u00f6n, elnyerj\u00fck az \u00fcdv\u00f6ss\u00e9get a mennyben. A mi Urunk, J\u00e9zus Krisztus, a te Fiad \u00e1ltal, aki veled \u00e9l \u00e9s uralkodik a Szentl\u00e9lekkel egys\u00e9gben, Isten mind\u00f6r\u00f6kk\u00f6n-\u00f6r\u00f6kk\u00e9.<\/p>\n<p><strong>Nem a szegek, a szeretet tartotta Krisztust a kereszten!<\/strong> <em>Sienai Szent Katalin<\/em><\/p>\n<p>ELM\u00c9LKED\u00c9S<\/p>\n<p>Lelki meg\u00fajul\u00e1sunk forr\u00e1sa mindig az, hogy \u00fajra \u00e9s \u00fajra Krisztus keresztj\u00e9re tekint\u00fcnk. Megv\u00e1lt\u00e1sra v\u00e1r\u00f3 emberk\u00e9nt sz\u00fcntelen\u00fcl erre a keresztre tekint\u00fcnk, amely meghozta sz\u00e1munkra a megv\u00e1lt\u00e1st. A vil\u00e1g sz\u00e1m\u00e1ra J\u00e9zus kereszthal\u00e1la nem sikert\u00f6rt\u00e9net, hiszen f\u00e9lelem, f\u00e1jdalom \u00e9s szenved\u00e9s jellemzi. Sokan botr\u00e1nyosnak \u00e9s \u00e9rtelmetlennek tartj\u00e1k.<\/p>\n<p>A h\u00edv\u0151 ember viszont mindez m\u00f6g\u00f6tt megl\u00e1tja Isten akarat\u00e1t, \u00e9s meg\u00e9rti a kereszt igazi \u00fczent\u00e9t: megv\u00e1lt\u00e1s, \u00fcdv\u00f6ss\u00e9g, \u00e9let \u00e9s rem\u00e9ny fakad a keresztb\u0151l. J\u00e9zus hal\u00e1lakor els\u00f6t\u00e9t\u00fclt az \u00e9g, megrend\u00fclt a f\u00f6ld, s mindezt l\u00e1tva a r\u00f3mai sz\u00e1zados megvallotta hit\u00e9t. Ha csak a keresztre tekintek, lassan elhom\u00e1lyosul k\u00f6r\u00fcl\u00f6tte minden, l\u00e9lekben megrend\u00fcl\u00f6k, s sz\u00edvemben megsz\u00fclethet a hit.<\/p>\n<p><em>Horv\u00e1th Istv\u00e1n S\u00e1ndor<\/em><\/p>\n<p><strong>Aki meg akarja cs\u00f3kolni a Keresztrefesz\u00edtett arc\u00e1t, nem ker\u00fclheti el, hogy a t\u00f6vis meg ne sz\u00farja.\u00a0\u00a0\u00a0\u00a0\u00a0\u00a0\u00a0\u00a0\u00a0<\/strong>\u00a0\u00a0\u00a0\u00a0\u00a0\u00a0\u00a0\u00a0\u00a0\u00a0\u00a0\u00a0\u00a0\u00a0\u00a0\u00a0\u00a0\u00a0\u00a0\u00a0\u00a0\u00a0\u00a0 <em>\u2013 I. J\u00e1nos P\u00e1l p\u00e1pa<\/em><\/p>\n<p>ISTENKERES\u0150K IM\u00c1JA<\/p>\n<p>Uram, Istenem, \u00e9n rem\u00e9nyem, hallgass meg engem! Ne engedd, hogy belef\u00e1radjak keres\u00e9sedbe. Adj er\u0151t, hogy mindig \u00e9s minden\u00fctt arcod l\u00e1t\u00e1s\u00e1ra t\u00f6rekedjem. \u00d6nts bel\u00e9m rem\u00e9nyt, hogy minden l\u00e9p\u00e9ssel k\u00f6zelebb ker\u00fcljek hozz\u00e1d. Te ismered er\u0151imet \u00e9s gyenges\u00e9geimet. \u0150rizd meg az egyiket s gy\u00f3gy\u00edtsd a m\u00e1sikat. Te juss eszembe minden\u00fctt, szeretn\u00e9lek megismerni \u00e9s szeretni!<\/p>\n<p><em>Szent \u00c1goston p\u00fcsp\u00f6k<\/em><\/p>\n<p>URAM, H\u00cdVJ ENGEM IS!<\/p>\n<p>Uram, J\u00e9zus Krisztus, az\u00e9rt j\u00f6tt\u00e9l \u00e9s h\u00edvtad az embereket, hogy k\u00f6vessenek t\u00e9ged. Oly keveset tudok r\u00f3lad! L\u00e9pj a lelkem el\u00e9! Nyisd meg szememet, hogy l\u00e1ssam, ki vagy! Nyisd meg f\u00fclemet, hogy bel\u00e9m hatoljanak szavaid! Sz\u00f3l\u00edtsd sz\u00edvemet, hogy f\u00f6l\u00e9bredjen \u00e9s t\u00e9ged k\u00f6vessen! Tan\u00edtv\u00e1nyod akarok lenni, Uram, h\u00edvj engem is! Veled megyek \u00e9s veled dolgozom.\u00a0\u00a0\u00a0\u00a0 <em>Romano Guardini<\/em><\/p>\n<p>A T\u00d6K\u00c9LETESS\u00c9G HAT ALAPELVE<\/p>\n<ol>\n<li>Egyed\u00fcl csak arra kell v\u00e1gyakoznom, hogy igaz \u00e9s szent legyek, vagyis hogy Istennek tessem.<\/li>\n<li>Minden gondolatomat \u00e9s cselekedetemet az Anyaszentegyh\u00e1z n\u00f6veked\u00e9s\u00e9re, szolg\u00e1lat\u00e1ra \u00e9s dics\u0151s\u00e9g\u00e9re kell ir\u00e1ny\u00edtanom.<\/li>\n<li>Mivel a j\u00f3 Isten h\u00edvott ide, \u00e9ppen ez\u00e9rt mindennel szemben \u2013 ami ak\u00e1r engem, ak\u00e1r az Egyh\u00e1zat illeti, teljesen nyugodtnak kell lennem \u2013, de mindig k\u00e9szen arra, hogy az Egyh\u00e1z jav\u00e1ra dolgozzam, \u00e9s \u00e9rte Krisztussal egy\u00fctt szenvedjek is.<\/li>\n<li>R\u00e1 kell hagyatkoznom mindig az isteni gondvisel\u00e9sre.<\/li>\n<li>\u00c1lland\u00f3an semmis\u00e9gem tudat\u00e1ban kell \u00e9lnem.<\/li>\n<li>Napjaimat k\u00f6nnyen \u00e1ttekinthet\u0151v\u00e9 \u00e9s teljesen rendezett\u00e9 kell tennem. <em>Szent XXIII. J\u00e1nos p\u00e1pa<\/em><\/li>\n<\/ol>\n<p>&nbsp;<\/p>\n","protected":false},"excerpt":{"rendered":"<p>2019. szeptember 8. \u00c9VK\u00d6ZI 23. VAS\u00c1RNAP A hit \u00e9rtelmes megh\u00f3dol\u00e1s Isten el\u0151tt. Az Egyh\u00e1z ez\u00e9rt soha nem f\u00e9lt a gondolkod\u00f3, a k\u00e9rdez\u0151 \u00e9s keres\u0151 embert\u0151l. A tudom\u00e1nyr\u00f3l pedig azt vallotta, hogy nincs \u00e9s nem is lehet ellent\u00e9tben a hit igazs\u00e1gaival. Ellenkez\u0151leg az igazi tud\u00e1s k\u00f6zelebb viheti az embert Istenhez. Ezt igazolja a h\u00edv\u0151 tud\u00f3sok nagy sz\u00e1ma. KEZD\u0150\u00c9NEK\u00a0\u00a0\u00a0 \u00a0\u00a0\u00a0\u00a0\u00a0\u00a0\u00a0\u00a0\u00a0\u00a0\u00a0\u00a0\u00a0\u00a0\u00a0\u00a0\u00a0\u00a0\u00a0\u00a0\u00a0\u00a0\u00a0\u00a0\u00a0\u00a0\u00a0\u00a0\u00a0\u00a0\u00a0\u00a0\u00a0\u00a0\u00a0\u00a0\u00a0\u00a0\u00a0\u00a0\u00a0Zsolt 118, 137. 124 Igaz vagy, Uram, \u00e9s igazs\u00e1gos \u00edt\u00e9letedben. P\u00e1rtfogolod szolg\u00e1dat irgalmad szerint! OLVASM\u00c1NY\u00a0\u00a0\u00a0\u00a0\u00a0\u00a0\u00a0\u00a0\u00a0\u00a0\u00a0\u00a0\u00a0\u00a0\u00a0\u00a0\u00a0\u00a0\u00a0\u00a0\u00a0\u00a0\u00a0\u00a0\u00a0\u00a0\u00a0\u00a0\u00a0\u00a0\u00a0\u00a0\u00a0\u00a0\u00a0\u00a0\u00a0\u00a0\u00a0\u00a0\u00a0\u00a0\u00a0\u00a0\u00a0\u00a0\u00a0\u00a0\u00a0\u00a0 B\u00f6lcs 9, 13\u201319 A tud\u00e1s \u00e9s a b\u00f6lcsess\u00e9g k\u00fcl\u00f6nb\u00f6zik egym\u00e1st\u00f3l. Az el\u0151bbit b\u00e1rki biztos\u00edthatja a maga sz\u00e1m\u00e1ra szorgalmas tanul\u00e1ssal \u00e9s \u00e9lettapasztalatok gy\u0171jt\u00e9s\u00e9vel. A b\u00f6lcsess\u00e9g viszont Isten nagy aj\u00e1nd\u00e9ka, amely\u00e9rt gyakran kell im\u00e1dkoznunk. Isten gy\u00fajt f\u00e9nyt lelk\u00fcnkben, hogy megtal\u00e1ljuk a megnyugtat\u00f3 v\u00e1laszt az \u00e9let nagy k\u00e9rd\u00e9seire. Felismerj\u00fck \u00e9let\u00fcnk v\u00e9gs\u0151 c\u00e9lj\u00e1t \u00e9s felhaszn\u00e1ljuk a hozz\u00e1 vezet\u0151 eszk\u00f6z\u00f6ket. V\u00c1LASZOS ZSOLT\u00c1R\u00a0\u00a0\u00a0\u00a0\u00a0\u00a0\u00a0\u00a0\u00a0\u00a0\u00a0\u00a0\u00a0\u00a0\u00a0\u00a0\u00a0 \u00a0\u00a0\u00a0\u00a0\u00a0\u00a0\u00a0\u00a0\u00a0\u00a0\u00a0\u00a0\u00a0\u00a0\u00a0\u00a0\u00a0\u00a0\u00a0\u00a089. Zsolt\u00e1r V\u00e1lasz: Te lett\u00e9l, Uram, mened\u00e9k\u00fcnk, * \u00a0\u00a0\u00a0\u00a0\u00a0\u00a0\u00a0\u00a0\u00a0\u00a0\u00a0\u00a0\u00a0\u00a0 nemzed\u00e9kr\u0151l nemzed\u00e9kre. SZENTLECKE\u00a0\u00a0 \u00a0\u00a0\u00a0\u00a0\u00a0\u00a0\u00a0\u00a0\u00a0\u00a0\u00a0\u00a0\u00a0\u00a0\u00a0\u00a0\u00a0\u00a0\u00a0\u00a0\u00a0\u00a0\u00a0\u00a0\u00a0\u00a0\u00a0\u00a0\u00a0\u00a0\u00a0\u00a0\u00a0\u00a0Filem 9b\u201310. 12\u201317\u00a0 P\u00e1l apostol az Onezimus nev\u0171 rabszolga \u00e9rdek\u00e9ben levelet \u00edr egy j\u00f3m\u00f3d\u00fa kolosszei lakosnak, Filemonnak. Megfigyelhet\u0151, hogy nem a rabszolga felszabad\u00edt\u00e1s\u00e1t k\u00e9ri gazd\u00e1j\u00e1t\u00f3l, hanem a nagylelk\u0171 kereszt\u00e9ny szeretet gyakorl\u00e1s\u00e1t. B\u00edzott abban, hogy a kereszt\u00e9ny testv\u00e9ris\u00e9g tudatos\u00edt\u00e1sa \u00e9s \u00e1t\u00e9rz\u00e9se a szoci\u00e1lis t\u00e9ren val\u00f3 el\u0151rel\u00e9p\u00e9st is el\u0151seg\u00edti. ALLELUJA \u00a0\u00a0\u00a0\u00a0\u00a0\u00a0\u00a0\u00a0\u00a0\u00a0\u00a0\u00a0\u00a0\u00a0\u00a0\u00a0\u00a0\u00a0\u00a0\u00a0\u00a0\u00a0\u00a0\u00a0\u00a0\u00a0\u00a0\u00a0\u00a0\u00a0\u00a0\u00a0\u00a0\u00a0\u00a0\u00a0\u00a0\u00a0\u00a0\u00a0\u00a0\u00a0\u00a0\u00a0\u00a0\u00a0\u00a0\u00a0\u00a0\u00a0\u00a0\u00a0\u00a0\u00a0\u00a0\u00a0\u00a0Zsolt 118, 135 Ragyogtasd szolg\u00e1d f\u00f6l\u00e9 arcodat, * v\u00e9gz\u00e9seidre tan\u00edts meg engem! EVANG\u00c9LIUM\u00a0\u00a0\u00a0\u00a0\u00a0\u00a0\u00a0\u00a0\u00a0\u00a0\u00a0\u00a0\u00a0\u00a0\u00a0\u00a0\u00a0\u00a0\u00a0\u00a0\u00a0\u00a0\u00a0\u00a0\u00a0\u00a0\u00a0\u00a0\u00a0\u00a0\u00a0\u00a0\u00a0\u00a0\u00a0\u00a0\u00a0\u00a0\u00a0\u00a0\u00a0\u00a0\u00a0\u00a0\u00a0\u00a0 Lk 14, 25\u201333 J\u00e9zus k\u00f6vet\u00e9se \u00e1ldozatot k\u00edv\u00e1n a kereszt\u00e9nyekt\u0151l. A megt\u00e9r\u00e9s n\u00e9ha szak\u00edt\u00e1st jelent a rokons\u00e1ggal \u00e9s a megszokott k\u00f6rnyezettel is, ha az el akar t\u00e9r\u00edteni Krisztust\u00f3l. A \u201egy\u0171l\u00f6lni\u201d kifejez\u00e9s hebraizmus, jelent\u00e9se: \u201ekev\u00e9sb\u00e9 szeretni\u201d. Aki teh\u00e1t J\u00e9zushoz akar csatlakozni, legyen k\u00e9sz minden \u00e1ldozatra, mindenkin\u00e9l jobban szeresse \u0151t, \u00e9s tudjon elhagyni mindent, ami vagy aki akad\u00e1lyozn\u00e1 ebben. AZ EUCHARISZTI\u00c1HOZ J\u00e9zus \u00e1ldozatk\u00e9sz szeretetb\u0151l v\u00e1llalta a kereszthal\u00e1lt. Erre eml\u00e9kez\u00fcnk minden szentmis\u00e9ben. B\u00e1rcsak a Szentl\u00e9lek \u00e1ltal egyre jobban kialakulna benn\u00fcnk is ez a lelk\u00fclet. \u00c1LDOZ\u00c1SI \u00c9NEK\u00a0\u00a0\u00a0\u00a0\u00a0\u00a0\u00a0\u00a0\u00a0\u00a0\u00a0\u00a0\u00a0\u00a0\u00a0\u00a0\u00a0\u00a0\u00a0\u00a0\u00a0\u00a0 \u00a0\u00a0\u00a0\u00a0\u00a0\u00a0\u00a0\u00a0\u00a0\u00a0\u00a0\u00a0\u00a0\u00a0\u00a0\u00a0\u00a0\u00a0\u00a0\u00a0\u00a0\u00a0Zsolt 41, 2\u20133 \u00a0 Mint a szarvas s\u00f3v\u00e1rog a forr\u00e1sv\u00edzre, \u00fagy \u00e1h\u00edt a lelkem t\u00e9ged, Istenem&#8230;. <\/p>\n<p><a class=\"readmore\" href=\"https:\/\/stuttgarti-katolikusok.de\/index.php\/evkozi-23-vasarnapra\/\">R\u00e9szletek<\/a><\/p>\n","protected":false},"author":3,"featured_media":0,"comment_status":"closed","ping_status":"closed","sticky":false,"template":"","format":"standard","meta":{"footnotes":""},"categories":[63],"tags":[],"class_list":["post-17419","post","type-post","status-publish","format-standard","hentry","category-vasarnapi-gondolatok"],"yoast_head":"<!-- This site is optimized with the Yoast SEO plugin v27.3 - https:\/\/yoast.com\/product\/yoast-seo-wordpress\/ -->\n<title>\u00c9vk\u00f6zi 23. vas\u00e1rnapra - Stuttgarti Katolikusok<\/title>\n<meta name=\"robots\" content=\"index, follow, max-snippet:-1, max-image-preview:large, max-video-preview:-1\" \/>\n<link rel=\"canonical\" href=\"https:\/\/stuttgarti-katolikusok.de\/index.php\/evkozi-23-vasarnapra\/\" \/>\n<meta property=\"og:locale\" content=\"hu_HU\" \/>\n<meta property=\"og:type\" content=\"article\" \/>\n<meta property=\"og:title\" content=\"\u00c9vk\u00f6zi 23. vas\u00e1rnapra - Stuttgarti Katolikusok\" \/>\n<meta property=\"og:description\" content=\"2019. szeptember 8. \u00c9VK\u00d6ZI 23. VAS\u00c1RNAP A hit \u00e9rtelmes megh\u00f3dol\u00e1s Isten el\u0151tt. Az Egyh\u00e1z ez\u00e9rt soha nem f\u00e9lt a gondolkod\u00f3, a k\u00e9rdez\u0151 \u00e9s keres\u0151 embert\u0151l. A tudom\u00e1nyr\u00f3l pedig azt vallotta, hogy nincs \u00e9s nem is lehet ellent\u00e9tben a hit igazs\u00e1gaival. Ellenkez\u0151leg az igazi tud\u00e1s k\u00f6zelebb viheti az embert Istenhez. Ezt igazolja a h\u00edv\u0151 tud\u00f3sok nagy sz\u00e1ma. KEZD\u0150\u00c9NEK\u00a0\u00a0\u00a0 \u00a0\u00a0\u00a0\u00a0\u00a0\u00a0\u00a0\u00a0\u00a0\u00a0\u00a0\u00a0\u00a0\u00a0\u00a0\u00a0\u00a0\u00a0\u00a0\u00a0\u00a0\u00a0\u00a0\u00a0\u00a0\u00a0\u00a0\u00a0\u00a0\u00a0\u00a0\u00a0\u00a0\u00a0\u00a0\u00a0\u00a0\u00a0\u00a0\u00a0\u00a0Zsolt 118, 137. 124 Igaz vagy, Uram, \u00e9s igazs\u00e1gos \u00edt\u00e9letedben. P\u00e1rtfogolod szolg\u00e1dat irgalmad szerint! OLVASM\u00c1NY\u00a0\u00a0\u00a0\u00a0\u00a0\u00a0\u00a0\u00a0\u00a0\u00a0\u00a0\u00a0\u00a0\u00a0\u00a0\u00a0\u00a0\u00a0\u00a0\u00a0\u00a0\u00a0\u00a0\u00a0\u00a0\u00a0\u00a0\u00a0\u00a0\u00a0\u00a0\u00a0\u00a0\u00a0\u00a0\u00a0\u00a0\u00a0\u00a0\u00a0\u00a0\u00a0\u00a0\u00a0\u00a0\u00a0\u00a0\u00a0\u00a0\u00a0 B\u00f6lcs 9, 13\u201319 A tud\u00e1s \u00e9s a b\u00f6lcsess\u00e9g k\u00fcl\u00f6nb\u00f6zik egym\u00e1st\u00f3l. Az el\u0151bbit b\u00e1rki biztos\u00edthatja a maga sz\u00e1m\u00e1ra szorgalmas tanul\u00e1ssal \u00e9s \u00e9lettapasztalatok gy\u0171jt\u00e9s\u00e9vel. A b\u00f6lcsess\u00e9g viszont Isten nagy aj\u00e1nd\u00e9ka, amely\u00e9rt gyakran kell im\u00e1dkoznunk. Isten gy\u00fajt f\u00e9nyt lelk\u00fcnkben, hogy megtal\u00e1ljuk a megnyugtat\u00f3 v\u00e1laszt az \u00e9let nagy k\u00e9rd\u00e9seire. Felismerj\u00fck \u00e9let\u00fcnk v\u00e9gs\u0151 c\u00e9lj\u00e1t \u00e9s felhaszn\u00e1ljuk a hozz\u00e1 vezet\u0151 eszk\u00f6z\u00f6ket. V\u00c1LASZOS ZSOLT\u00c1R\u00a0\u00a0\u00a0\u00a0\u00a0\u00a0\u00a0\u00a0\u00a0\u00a0\u00a0\u00a0\u00a0\u00a0\u00a0\u00a0\u00a0 \u00a0\u00a0\u00a0\u00a0\u00a0\u00a0\u00a0\u00a0\u00a0\u00a0\u00a0\u00a0\u00a0\u00a0\u00a0\u00a0\u00a0\u00a0\u00a0\u00a089. Zsolt\u00e1r V\u00e1lasz: Te lett\u00e9l, Uram, mened\u00e9k\u00fcnk, * \u00a0\u00a0\u00a0\u00a0\u00a0\u00a0\u00a0\u00a0\u00a0\u00a0\u00a0\u00a0\u00a0\u00a0 nemzed\u00e9kr\u0151l nemzed\u00e9kre. SZENTLECKE\u00a0\u00a0 \u00a0\u00a0\u00a0\u00a0\u00a0\u00a0\u00a0\u00a0\u00a0\u00a0\u00a0\u00a0\u00a0\u00a0\u00a0\u00a0\u00a0\u00a0\u00a0\u00a0\u00a0\u00a0\u00a0\u00a0\u00a0\u00a0\u00a0\u00a0\u00a0\u00a0\u00a0\u00a0\u00a0\u00a0Filem 9b\u201310. 12\u201317\u00a0 P\u00e1l apostol az Onezimus nev\u0171 rabszolga \u00e9rdek\u00e9ben levelet \u00edr egy j\u00f3m\u00f3d\u00fa kolosszei lakosnak, Filemonnak. Megfigyelhet\u0151, hogy nem a rabszolga felszabad\u00edt\u00e1s\u00e1t k\u00e9ri gazd\u00e1j\u00e1t\u00f3l, hanem a nagylelk\u0171 kereszt\u00e9ny szeretet gyakorl\u00e1s\u00e1t. B\u00edzott abban, hogy a kereszt\u00e9ny testv\u00e9ris\u00e9g tudatos\u00edt\u00e1sa \u00e9s \u00e1t\u00e9rz\u00e9se a szoci\u00e1lis t\u00e9ren val\u00f3 el\u0151rel\u00e9p\u00e9st is el\u0151seg\u00edti. ALLELUJA \u00a0\u00a0\u00a0\u00a0\u00a0\u00a0\u00a0\u00a0\u00a0\u00a0\u00a0\u00a0\u00a0\u00a0\u00a0\u00a0\u00a0\u00a0\u00a0\u00a0\u00a0\u00a0\u00a0\u00a0\u00a0\u00a0\u00a0\u00a0\u00a0\u00a0\u00a0\u00a0\u00a0\u00a0\u00a0\u00a0\u00a0\u00a0\u00a0\u00a0\u00a0\u00a0\u00a0\u00a0\u00a0\u00a0\u00a0\u00a0\u00a0\u00a0\u00a0\u00a0\u00a0\u00a0\u00a0\u00a0\u00a0Zsolt 118, 135 Ragyogtasd szolg\u00e1d f\u00f6l\u00e9 arcodat, * v\u00e9gz\u00e9seidre tan\u00edts meg engem! EVANG\u00c9LIUM\u00a0\u00a0\u00a0\u00a0\u00a0\u00a0\u00a0\u00a0\u00a0\u00a0\u00a0\u00a0\u00a0\u00a0\u00a0\u00a0\u00a0\u00a0\u00a0\u00a0\u00a0\u00a0\u00a0\u00a0\u00a0\u00a0\u00a0\u00a0\u00a0\u00a0\u00a0\u00a0\u00a0\u00a0\u00a0\u00a0\u00a0\u00a0\u00a0\u00a0\u00a0\u00a0\u00a0\u00a0\u00a0\u00a0 Lk 14, 25\u201333 J\u00e9zus k\u00f6vet\u00e9se \u00e1ldozatot k\u00edv\u00e1n a kereszt\u00e9nyekt\u0151l. A megt\u00e9r\u00e9s n\u00e9ha szak\u00edt\u00e1st jelent a rokons\u00e1ggal \u00e9s a megszokott k\u00f6rnyezettel is, ha az el akar t\u00e9r\u00edteni Krisztust\u00f3l. A \u201egy\u0171l\u00f6lni\u201d kifejez\u00e9s hebraizmus, jelent\u00e9se: \u201ekev\u00e9sb\u00e9 szeretni\u201d. Aki teh\u00e1t J\u00e9zushoz akar csatlakozni, legyen k\u00e9sz minden \u00e1ldozatra, mindenkin\u00e9l jobban szeresse \u0151t, \u00e9s tudjon elhagyni mindent, ami vagy aki akad\u00e1lyozn\u00e1 ebben. AZ EUCHARISZTI\u00c1HOZ J\u00e9zus \u00e1ldozatk\u00e9sz szeretetb\u0151l v\u00e1llalta a kereszthal\u00e1lt. Erre eml\u00e9kez\u00fcnk minden szentmis\u00e9ben. B\u00e1rcsak a Szentl\u00e9lek \u00e1ltal egyre jobban kialakulna benn\u00fcnk is ez a lelk\u00fclet. \u00c1LDOZ\u00c1SI \u00c9NEK\u00a0\u00a0\u00a0\u00a0\u00a0\u00a0\u00a0\u00a0\u00a0\u00a0\u00a0\u00a0\u00a0\u00a0\u00a0\u00a0\u00a0\u00a0\u00a0\u00a0\u00a0\u00a0 \u00a0\u00a0\u00a0\u00a0\u00a0\u00a0\u00a0\u00a0\u00a0\u00a0\u00a0\u00a0\u00a0\u00a0\u00a0\u00a0\u00a0\u00a0\u00a0\u00a0\u00a0\u00a0Zsolt 41, 2\u20133 \u00a0 Mint a szarvas s\u00f3v\u00e1rog a forr\u00e1sv\u00edzre, \u00fagy \u00e1h\u00edt a lelkem t\u00e9ged, Istenem.... R\u00e9szletek\" \/>\n<meta property=\"og:url\" content=\"https:\/\/stuttgarti-katolikusok.de\/index.php\/evkozi-23-vasarnapra\/\" \/>\n<meta property=\"og:site_name\" content=\"Stuttgarti Katolikusok\" \/>\n<meta property=\"article:published_time\" content=\"2019-09-06T07:37:46+00:00\" \/>\n<meta property=\"article:modified_time\" content=\"2020-04-27T08:50:39+00:00\" \/>\n<meta name=\"author\" content=\"Tibor atya\" \/>\n<meta name=\"twitter:card\" content=\"summary_large_image\" \/>\n<meta name=\"twitter:label1\" content=\"Szerz\u0151:\" \/>\n\t<meta name=\"twitter:data1\" content=\"Tibor atya\" \/>\n\t<meta name=\"twitter:label2\" content=\"Becs\u00fclt olvas\u00e1si id\u0151\" \/>\n\t<meta name=\"twitter:data2\" content=\"9 perc\" \/>\n<script type=\"application\/ld+json\" class=\"yoast-schema-graph\">{\"@context\":\"https:\\\/\\\/schema.org\",\"@graph\":[{\"@type\":\"Article\",\"@id\":\"https:\\\/\\\/stuttgarti-katolikusok.de\\\/index.php\\\/evkozi-23-vasarnapra\\\/#article\",\"isPartOf\":{\"@id\":\"https:\\\/\\\/stuttgarti-katolikusok.de\\\/index.php\\\/evkozi-23-vasarnapra\\\/\"},\"author\":{\"name\":\"Tibor atya\",\"@id\":\"https:\\\/\\\/stuttgarti-katolikusok.de\\\/#\\\/schema\\\/person\\\/75908d6f8fdc03a57889d27209df7795\"},\"headline\":\"\u00c9vk\u00f6zi 23. vas\u00e1rnapra\",\"datePublished\":\"2019-09-06T07:37:46+00:00\",\"dateModified\":\"2020-04-27T08:50:39+00:00\",\"mainEntityOfPage\":{\"@id\":\"https:\\\/\\\/stuttgarti-katolikusok.de\\\/index.php\\\/evkozi-23-vasarnapra\\\/\"},\"wordCount\":1802,\"articleSection\":[\"Vas\u00e1rnapi gondolatok\"],\"inLanguage\":\"hu\"},{\"@type\":\"WebPage\",\"@id\":\"https:\\\/\\\/stuttgarti-katolikusok.de\\\/index.php\\\/evkozi-23-vasarnapra\\\/\",\"url\":\"https:\\\/\\\/stuttgarti-katolikusok.de\\\/index.php\\\/evkozi-23-vasarnapra\\\/\",\"name\":\"\u00c9vk\u00f6zi 23. vas\u00e1rnapra - Stuttgarti Katolikusok\",\"isPartOf\":{\"@id\":\"https:\\\/\\\/stuttgarti-katolikusok.de\\\/#website\"},\"datePublished\":\"2019-09-06T07:37:46+00:00\",\"dateModified\":\"2020-04-27T08:50:39+00:00\",\"author\":{\"@id\":\"https:\\\/\\\/stuttgarti-katolikusok.de\\\/#\\\/schema\\\/person\\\/75908d6f8fdc03a57889d27209df7795\"},\"breadcrumb\":{\"@id\":\"https:\\\/\\\/stuttgarti-katolikusok.de\\\/index.php\\\/evkozi-23-vasarnapra\\\/#breadcrumb\"},\"inLanguage\":\"hu\",\"potentialAction\":[{\"@type\":\"ReadAction\",\"target\":[\"https:\\\/\\\/stuttgarti-katolikusok.de\\\/index.php\\\/evkozi-23-vasarnapra\\\/\"]}]},{\"@type\":\"BreadcrumbList\",\"@id\":\"https:\\\/\\\/stuttgarti-katolikusok.de\\\/index.php\\\/evkozi-23-vasarnapra\\\/#breadcrumb\",\"itemListElement\":[{\"@type\":\"ListItem\",\"position\":1,\"name\":\"Kezd\u0151lap\",\"item\":\"https:\\\/\\\/stuttgarti-katolikusok.de\\\/\"},{\"@type\":\"ListItem\",\"position\":2,\"name\":\"\u00c9vk\u00f6zi 23. vas\u00e1rnapra\"}]},{\"@type\":\"WebSite\",\"@id\":\"https:\\\/\\\/stuttgarti-katolikusok.de\\\/#website\",\"url\":\"https:\\\/\\\/stuttgarti-katolikusok.de\\\/\",\"name\":\"Stuttgarti Katolikusok\",\"description\":\"\",\"potentialAction\":[{\"@type\":\"SearchAction\",\"target\":{\"@type\":\"EntryPoint\",\"urlTemplate\":\"https:\\\/\\\/stuttgarti-katolikusok.de\\\/?s={search_term_string}\"},\"query-input\":{\"@type\":\"PropertyValueSpecification\",\"valueRequired\":true,\"valueName\":\"search_term_string\"}}],\"inLanguage\":\"hu\"},{\"@type\":\"Person\",\"@id\":\"https:\\\/\\\/stuttgarti-katolikusok.de\\\/#\\\/schema\\\/person\\\/75908d6f8fdc03a57889d27209df7795\",\"name\":\"Tibor atya\",\"image\":{\"@type\":\"ImageObject\",\"inLanguage\":\"hu\",\"@id\":\"https:\\\/\\\/secure.gravatar.com\\\/avatar\\\/61d268e57d1f4525b111222e29d2d5a7f8c420fdbf231ba5566a8ceac74fa960?s=96&d=mm&r=g\",\"url\":\"https:\\\/\\\/secure.gravatar.com\\\/avatar\\\/61d268e57d1f4525b111222e29d2d5a7f8c420fdbf231ba5566a8ceac74fa960?s=96&d=mm&r=g\",\"contentUrl\":\"https:\\\/\\\/secure.gravatar.com\\\/avatar\\\/61d268e57d1f4525b111222e29d2d5a7f8c420fdbf231ba5566a8ceac74fa960?s=96&d=mm&r=g\",\"caption\":\"Tibor atya\"},\"url\":\"https:\\\/\\\/stuttgarti-katolikusok.de\\\/index.php\\\/author\\\/tibor-atya\\\/\"}]}<\/script>\n<!-- \/ Yoast SEO plugin. -->","yoast_head_json":{"title":"\u00c9vk\u00f6zi 23. vas\u00e1rnapra - Stuttgarti Katolikusok","robots":{"index":"index","follow":"follow","max-snippet":"max-snippet:-1","max-image-preview":"max-image-preview:large","max-video-preview":"max-video-preview:-1"},"canonical":"https:\/\/stuttgarti-katolikusok.de\/index.php\/evkozi-23-vasarnapra\/","og_locale":"hu_HU","og_type":"article","og_title":"\u00c9vk\u00f6zi 23. vas\u00e1rnapra - Stuttgarti Katolikusok","og_description":"2019. szeptember 8. \u00c9VK\u00d6ZI 23. VAS\u00c1RNAP A hit \u00e9rtelmes megh\u00f3dol\u00e1s Isten el\u0151tt. Az Egyh\u00e1z ez\u00e9rt soha nem f\u00e9lt a gondolkod\u00f3, a k\u00e9rdez\u0151 \u00e9s keres\u0151 embert\u0151l. A tudom\u00e1nyr\u00f3l pedig azt vallotta, hogy nincs \u00e9s nem is lehet ellent\u00e9tben a hit igazs\u00e1gaival. Ellenkez\u0151leg az igazi tud\u00e1s k\u00f6zelebb viheti az embert Istenhez. Ezt igazolja a h\u00edv\u0151 tud\u00f3sok nagy sz\u00e1ma. KEZD\u0150\u00c9NEK\u00a0\u00a0\u00a0 \u00a0\u00a0\u00a0\u00a0\u00a0\u00a0\u00a0\u00a0\u00a0\u00a0\u00a0\u00a0\u00a0\u00a0\u00a0\u00a0\u00a0\u00a0\u00a0\u00a0\u00a0\u00a0\u00a0\u00a0\u00a0\u00a0\u00a0\u00a0\u00a0\u00a0\u00a0\u00a0\u00a0\u00a0\u00a0\u00a0\u00a0\u00a0\u00a0\u00a0\u00a0Zsolt 118, 137. 124 Igaz vagy, Uram, \u00e9s igazs\u00e1gos \u00edt\u00e9letedben. P\u00e1rtfogolod szolg\u00e1dat irgalmad szerint! OLVASM\u00c1NY\u00a0\u00a0\u00a0\u00a0\u00a0\u00a0\u00a0\u00a0\u00a0\u00a0\u00a0\u00a0\u00a0\u00a0\u00a0\u00a0\u00a0\u00a0\u00a0\u00a0\u00a0\u00a0\u00a0\u00a0\u00a0\u00a0\u00a0\u00a0\u00a0\u00a0\u00a0\u00a0\u00a0\u00a0\u00a0\u00a0\u00a0\u00a0\u00a0\u00a0\u00a0\u00a0\u00a0\u00a0\u00a0\u00a0\u00a0\u00a0\u00a0\u00a0 B\u00f6lcs 9, 13\u201319 A tud\u00e1s \u00e9s a b\u00f6lcsess\u00e9g k\u00fcl\u00f6nb\u00f6zik egym\u00e1st\u00f3l. Az el\u0151bbit b\u00e1rki biztos\u00edthatja a maga sz\u00e1m\u00e1ra szorgalmas tanul\u00e1ssal \u00e9s \u00e9lettapasztalatok gy\u0171jt\u00e9s\u00e9vel. A b\u00f6lcsess\u00e9g viszont Isten nagy aj\u00e1nd\u00e9ka, amely\u00e9rt gyakran kell im\u00e1dkoznunk. Isten gy\u00fajt f\u00e9nyt lelk\u00fcnkben, hogy megtal\u00e1ljuk a megnyugtat\u00f3 v\u00e1laszt az \u00e9let nagy k\u00e9rd\u00e9seire. Felismerj\u00fck \u00e9let\u00fcnk v\u00e9gs\u0151 c\u00e9lj\u00e1t \u00e9s felhaszn\u00e1ljuk a hozz\u00e1 vezet\u0151 eszk\u00f6z\u00f6ket. V\u00c1LASZOS ZSOLT\u00c1R\u00a0\u00a0\u00a0\u00a0\u00a0\u00a0\u00a0\u00a0\u00a0\u00a0\u00a0\u00a0\u00a0\u00a0\u00a0\u00a0\u00a0 \u00a0\u00a0\u00a0\u00a0\u00a0\u00a0\u00a0\u00a0\u00a0\u00a0\u00a0\u00a0\u00a0\u00a0\u00a0\u00a0\u00a0\u00a0\u00a0\u00a089. Zsolt\u00e1r V\u00e1lasz: Te lett\u00e9l, Uram, mened\u00e9k\u00fcnk, * \u00a0\u00a0\u00a0\u00a0\u00a0\u00a0\u00a0\u00a0\u00a0\u00a0\u00a0\u00a0\u00a0\u00a0 nemzed\u00e9kr\u0151l nemzed\u00e9kre. SZENTLECKE\u00a0\u00a0 \u00a0\u00a0\u00a0\u00a0\u00a0\u00a0\u00a0\u00a0\u00a0\u00a0\u00a0\u00a0\u00a0\u00a0\u00a0\u00a0\u00a0\u00a0\u00a0\u00a0\u00a0\u00a0\u00a0\u00a0\u00a0\u00a0\u00a0\u00a0\u00a0\u00a0\u00a0\u00a0\u00a0\u00a0Filem 9b\u201310. 12\u201317\u00a0 P\u00e1l apostol az Onezimus nev\u0171 rabszolga \u00e9rdek\u00e9ben levelet \u00edr egy j\u00f3m\u00f3d\u00fa kolosszei lakosnak, Filemonnak. Megfigyelhet\u0151, hogy nem a rabszolga felszabad\u00edt\u00e1s\u00e1t k\u00e9ri gazd\u00e1j\u00e1t\u00f3l, hanem a nagylelk\u0171 kereszt\u00e9ny szeretet gyakorl\u00e1s\u00e1t. B\u00edzott abban, hogy a kereszt\u00e9ny testv\u00e9ris\u00e9g tudatos\u00edt\u00e1sa \u00e9s \u00e1t\u00e9rz\u00e9se a szoci\u00e1lis t\u00e9ren val\u00f3 el\u0151rel\u00e9p\u00e9st is el\u0151seg\u00edti. ALLELUJA \u00a0\u00a0\u00a0\u00a0\u00a0\u00a0\u00a0\u00a0\u00a0\u00a0\u00a0\u00a0\u00a0\u00a0\u00a0\u00a0\u00a0\u00a0\u00a0\u00a0\u00a0\u00a0\u00a0\u00a0\u00a0\u00a0\u00a0\u00a0\u00a0\u00a0\u00a0\u00a0\u00a0\u00a0\u00a0\u00a0\u00a0\u00a0\u00a0\u00a0\u00a0\u00a0\u00a0\u00a0\u00a0\u00a0\u00a0\u00a0\u00a0\u00a0\u00a0\u00a0\u00a0\u00a0\u00a0\u00a0\u00a0Zsolt 118, 135 Ragyogtasd szolg\u00e1d f\u00f6l\u00e9 arcodat, * v\u00e9gz\u00e9seidre tan\u00edts meg engem! EVANG\u00c9LIUM\u00a0\u00a0\u00a0\u00a0\u00a0\u00a0\u00a0\u00a0\u00a0\u00a0\u00a0\u00a0\u00a0\u00a0\u00a0\u00a0\u00a0\u00a0\u00a0\u00a0\u00a0\u00a0\u00a0\u00a0\u00a0\u00a0\u00a0\u00a0\u00a0\u00a0\u00a0\u00a0\u00a0\u00a0\u00a0\u00a0\u00a0\u00a0\u00a0\u00a0\u00a0\u00a0\u00a0\u00a0\u00a0\u00a0 Lk 14, 25\u201333 J\u00e9zus k\u00f6vet\u00e9se \u00e1ldozatot k\u00edv\u00e1n a kereszt\u00e9nyekt\u0151l. A megt\u00e9r\u00e9s n\u00e9ha szak\u00edt\u00e1st jelent a rokons\u00e1ggal \u00e9s a megszokott k\u00f6rnyezettel is, ha az el akar t\u00e9r\u00edteni Krisztust\u00f3l. A \u201egy\u0171l\u00f6lni\u201d kifejez\u00e9s hebraizmus, jelent\u00e9se: \u201ekev\u00e9sb\u00e9 szeretni\u201d. Aki teh\u00e1t J\u00e9zushoz akar csatlakozni, legyen k\u00e9sz minden \u00e1ldozatra, mindenkin\u00e9l jobban szeresse \u0151t, \u00e9s tudjon elhagyni mindent, ami vagy aki akad\u00e1lyozn\u00e1 ebben. AZ EUCHARISZTI\u00c1HOZ J\u00e9zus \u00e1ldozatk\u00e9sz szeretetb\u0151l v\u00e1llalta a kereszthal\u00e1lt. Erre eml\u00e9kez\u00fcnk minden szentmis\u00e9ben. B\u00e1rcsak a Szentl\u00e9lek \u00e1ltal egyre jobban kialakulna benn\u00fcnk is ez a lelk\u00fclet. \u00c1LDOZ\u00c1SI \u00c9NEK\u00a0\u00a0\u00a0\u00a0\u00a0\u00a0\u00a0\u00a0\u00a0\u00a0\u00a0\u00a0\u00a0\u00a0\u00a0\u00a0\u00a0\u00a0\u00a0\u00a0\u00a0\u00a0 \u00a0\u00a0\u00a0\u00a0\u00a0\u00a0\u00a0\u00a0\u00a0\u00a0\u00a0\u00a0\u00a0\u00a0\u00a0\u00a0\u00a0\u00a0\u00a0\u00a0\u00a0\u00a0Zsolt 41, 2\u20133 \u00a0 Mint a szarvas s\u00f3v\u00e1rog a forr\u00e1sv\u00edzre, \u00fagy \u00e1h\u00edt a lelkem t\u00e9ged, Istenem.... R\u00e9szletek","og_url":"https:\/\/stuttgarti-katolikusok.de\/index.php\/evkozi-23-vasarnapra\/","og_site_name":"Stuttgarti Katolikusok","article_published_time":"2019-09-06T07:37:46+00:00","article_modified_time":"2020-04-27T08:50:39+00:00","author":"Tibor atya","twitter_card":"summary_large_image","twitter_misc":{"Szerz\u0151:":"Tibor atya","Becs\u00fclt olvas\u00e1si id\u0151":"9 perc"},"schema":{"@context":"https:\/\/schema.org","@graph":[{"@type":"Article","@id":"https:\/\/stuttgarti-katolikusok.de\/index.php\/evkozi-23-vasarnapra\/#article","isPartOf":{"@id":"https:\/\/stuttgarti-katolikusok.de\/index.php\/evkozi-23-vasarnapra\/"},"author":{"name":"Tibor atya","@id":"https:\/\/stuttgarti-katolikusok.de\/#\/schema\/person\/75908d6f8fdc03a57889d27209df7795"},"headline":"\u00c9vk\u00f6zi 23. vas\u00e1rnapra","datePublished":"2019-09-06T07:37:46+00:00","dateModified":"2020-04-27T08:50:39+00:00","mainEntityOfPage":{"@id":"https:\/\/stuttgarti-katolikusok.de\/index.php\/evkozi-23-vasarnapra\/"},"wordCount":1802,"articleSection":["Vas\u00e1rnapi gondolatok"],"inLanguage":"hu"},{"@type":"WebPage","@id":"https:\/\/stuttgarti-katolikusok.de\/index.php\/evkozi-23-vasarnapra\/","url":"https:\/\/stuttgarti-katolikusok.de\/index.php\/evkozi-23-vasarnapra\/","name":"\u00c9vk\u00f6zi 23. vas\u00e1rnapra - Stuttgarti Katolikusok","isPartOf":{"@id":"https:\/\/stuttgarti-katolikusok.de\/#website"},"datePublished":"2019-09-06T07:37:46+00:00","dateModified":"2020-04-27T08:50:39+00:00","author":{"@id":"https:\/\/stuttgarti-katolikusok.de\/#\/schema\/person\/75908d6f8fdc03a57889d27209df7795"},"breadcrumb":{"@id":"https:\/\/stuttgarti-katolikusok.de\/index.php\/evkozi-23-vasarnapra\/#breadcrumb"},"inLanguage":"hu","potentialAction":[{"@type":"ReadAction","target":["https:\/\/stuttgarti-katolikusok.de\/index.php\/evkozi-23-vasarnapra\/"]}]},{"@type":"BreadcrumbList","@id":"https:\/\/stuttgarti-katolikusok.de\/index.php\/evkozi-23-vasarnapra\/#breadcrumb","itemListElement":[{"@type":"ListItem","position":1,"name":"Kezd\u0151lap","item":"https:\/\/stuttgarti-katolikusok.de\/"},{"@type":"ListItem","position":2,"name":"\u00c9vk\u00f6zi 23. vas\u00e1rnapra"}]},{"@type":"WebSite","@id":"https:\/\/stuttgarti-katolikusok.de\/#website","url":"https:\/\/stuttgarti-katolikusok.de\/","name":"Stuttgarti Katolikusok","description":"","potentialAction":[{"@type":"SearchAction","target":{"@type":"EntryPoint","urlTemplate":"https:\/\/stuttgarti-katolikusok.de\/?s={search_term_string}"},"query-input":{"@type":"PropertyValueSpecification","valueRequired":true,"valueName":"search_term_string"}}],"inLanguage":"hu"},{"@type":"Person","@id":"https:\/\/stuttgarti-katolikusok.de\/#\/schema\/person\/75908d6f8fdc03a57889d27209df7795","name":"Tibor atya","image":{"@type":"ImageObject","inLanguage":"hu","@id":"https:\/\/secure.gravatar.com\/avatar\/61d268e57d1f4525b111222e29d2d5a7f8c420fdbf231ba5566a8ceac74fa960?s=96&d=mm&r=g","url":"https:\/\/secure.gravatar.com\/avatar\/61d268e57d1f4525b111222e29d2d5a7f8c420fdbf231ba5566a8ceac74fa960?s=96&d=mm&r=g","contentUrl":"https:\/\/secure.gravatar.com\/avatar\/61d268e57d1f4525b111222e29d2d5a7f8c420fdbf231ba5566a8ceac74fa960?s=96&d=mm&r=g","caption":"Tibor atya"},"url":"https:\/\/stuttgarti-katolikusok.de\/index.php\/author\/tibor-atya\/"}]}},"_links":{"self":[{"href":"https:\/\/stuttgarti-katolikusok.de\/index.php\/wp-json\/wp\/v2\/posts\/17419","targetHints":{"allow":["GET"]}}],"collection":[{"href":"https:\/\/stuttgarti-katolikusok.de\/index.php\/wp-json\/wp\/v2\/posts"}],"about":[{"href":"https:\/\/stuttgarti-katolikusok.de\/index.php\/wp-json\/wp\/v2\/types\/post"}],"author":[{"embeddable":true,"href":"https:\/\/stuttgarti-katolikusok.de\/index.php\/wp-json\/wp\/v2\/users\/3"}],"replies":[{"embeddable":true,"href":"https:\/\/stuttgarti-katolikusok.de\/index.php\/wp-json\/wp\/v2\/comments?post=17419"}],"version-history":[{"count":1,"href":"https:\/\/stuttgarti-katolikusok.de\/index.php\/wp-json\/wp\/v2\/posts\/17419\/revisions"}],"predecessor-version":[{"id":17421,"href":"https:\/\/stuttgarti-katolikusok.de\/index.php\/wp-json\/wp\/v2\/posts\/17419\/revisions\/17421"}],"wp:attachment":[{"href":"https:\/\/stuttgarti-katolikusok.de\/index.php\/wp-json\/wp\/v2\/media?parent=17419"}],"wp:term":[{"taxonomy":"category","embeddable":true,"href":"https:\/\/stuttgarti-katolikusok.de\/index.php\/wp-json\/wp\/v2\/categories?post=17419"},{"taxonomy":"post_tag","embeddable":true,"href":"https:\/\/stuttgarti-katolikusok.de\/index.php\/wp-json\/wp\/v2\/tags?post=17419"}],"curies":[{"name":"wp","href":"https:\/\/api.w.org\/{rel}","templated":true}]}}