{"id":17373,"date":"2019-08-31T14:52:37","date_gmt":"2019-08-31T14:52:37","guid":{"rendered":"https:\/\/gracious-dewdney.138-201-221-2.plesk.page\/?p=17373"},"modified":"2020-04-27T08:49:51","modified_gmt":"2020-04-27T08:49:51","slug":"evkozi-22-vasarnapra","status":"publish","type":"post","link":"https:\/\/stuttgarti-katolikusok.de\/index.php\/evkozi-22-vasarnapra\/","title":{"rendered":"\u00c9vk\u00f6zi 22. vas\u00e1rnapra"},"content":{"rendered":"<p><strong>2019. szeptember 1.<\/strong><\/p>\n<p><strong>\u00c9VK\u00d6ZI 22. VAS\u00c1RNAP<\/strong><\/p>\n<p>&nbsp;<\/p>\n<p>A mai vil\u00e1gban a verseng\u00e9s, a t\u00fcleked\u00e9s, s\u0151t az er\u0151szakoss\u00e1g is megszokott dolog. A kereszt\u00e9ny ember magatart\u00e1sa azonban eg\u00e9szen m\u00e1s. \u0150 ugyanis annak a J\u00e9zusnak k\u00f6vet\u0151je, aki ezt mondta: \u201eTanuljatok t\u0151lem, mert szel\u00edd vagyok \u00e9s al\u00e1zatos sz\u00edv\u0171\u201d (Mt 11,29).<\/p>\n<p><strong>KEZD\u0150\u00c9NEK\u00a0 <\/strong>\u00a0\u00a0\u00a0\u00a0\u00a0\u00a0\u00a0\u00a0\u00a0\u00a0\u00a0\u00a0\u00a0\u00a0\u00a0\u00a0\u00a0\u00a0\u00a0\u00a0\u00a0\u00a0\u00a0\u00a0\u00a0\u00a0\u00a0\u00a0\u00a0\u00a0\u00a0\u00a0\u00a0\u00a0\u00a0\u00a0\u00a0\u00a0\u00a0\u00a0\u00a0\u00a0\u00a0\u00a0\u00a0\u00a0\u00a0\u00a0\u00a0\u00a0\u00a0\u00a0\u00a0\u00a0<em>Zsolt 85, 3. 5<\/em><\/p>\n<p>K\u00f6ny\u00f6r\u00fclj rajtam, Uram; l\u00e1tod: eg\u00e9sz nap hozz\u00e1d ki\u00e1ltok, mert te, Uram, j\u00f3s\u00e1gos vagy \u00e9s szel\u00edd, \u00e9s nagy irgalm\u00fa azokhoz, akik sz\u00f3l\u00edtanak.<\/p>\n<p><strong>OLVASM\u00c1NY <\/strong>\u00a0\u00a0\u00a0\u00a0\u00a0\u00a0\u00a0\u00a0\u00a0\u00a0\u00a0\u00a0\u00a0\u00a0\u00a0\u00a0\u00a0\u00a0\u00a0\u00a0\u00a0\u00a0\u00a0\u00a0\u00a0\u00a0\u00a0\u00a0\u00a0\u00a0\u00a0\u00a0\u00a0\u00a0\u00a0\u00a0\u00a0\u00a0\u00a0\u00a0\u00a0<em>Sir 3, 19<\/em><em>\u201321. 30\u201331<\/em><\/p>\n<p>Az ember hajlamos a hi\u00fas\u00e1gra \u00e9s a b\u00fcszkes\u00e9gre. Ez a magatart\u00e1s ellenszenvess\u00e9 teszi az emberek el\u0151tt, \u00e9s m\u00e9g ink\u00e1bb indokolatlan Isten el\u0151tt, hiszen az \u0151 kez\u00e9ben van sorsunk, \u00e9let\u00fcnk. \u0150 pedig \u2013 J\u00e9zus tan\u00edt\u00e1sa szerint \u2013 az al\u00e1zatosakat emeli fel \u00e9s seg\u00edti kegyelm\u00e9vel, a g\u0151g\u00f6seket pedig megal\u00e1zza.<\/p>\n<p><strong>V\u00c1LASZOS ZSOLT\u00c1R <\/strong><strong>\u00a0\u00a0\u00a0\u00a0\u00a0<\/strong>\u00a0\u00a0\u00a0\u00a0\u00a0\u00a0\u00a0\u00a0\u00a0\u00a0\u00a0\u00a0\u00a0\u00a0\u00a0\u00a0\u00a0\u00a0\u00a0\u00a0\u00a0\u00a0\u00a0\u00a0\u00a0\u00a0\u00a0\u00a0\u00a0\u00a0\u00a0\u00a0<em>67. Zsolt\u00e1r <\/em><\/p>\n<p><strong>V\u00e1lasz: J\u00f3s\u00e1godban, <u>I<\/u>sten\u00fcnk, *<\/strong><\/p>\n<p><strong>\u00a0\u00a0\u00a0\u00a0\u00a0\u00a0\u00a0\u00a0\u00a0\u00a0\u00a0\u00a0\u00a0 hajl\u00e9kot k\u00e9sz\u00edtesz <u>a<\/u> szeg\u00e9nynek.<\/strong><\/p>\n<p>&nbsp;<\/p>\n<p><strong>SZENTLECKE <\/strong>\u00a0\u00a0\u00a0\u00a0\u00a0\u00a0\u00a0\u00a0\u00a0\u00a0\u00a0\u00a0\u00a0\u00a0\u00a0\u00a0\u00a0\u00a0\u00a0\u00a0\u00a0\u00a0\u00a0\u00a0\u00a0\u00a0\u00a0\u00a0\u00a0\u00a0\u00a0<em>Zsid 13, 18\u201319. 22\u201324a\u00a0 <\/em><\/p>\n<p>A Zsid\u00f3khoz \u00edrt lev\u00e9l tan\u00edt\u00e1sa szerint az \u00dajsz\u00f6vets\u00e9g fel\u00fclm\u00falja az \u00d3sz\u00f6vets\u00e9get. Az el\u0151bbit ugyanis Isten az \u0151 Egysz\u00fcl\u00f6tt Fia \u00e1ltal k\u00f6t\u00f6tte az emberis\u00e9ggel, \u00e9s r\u00e9szes\u00e9v\u00e9 tette a megv\u00e1lt\u00e1s aj\u00e1nd\u00e9kainak: az Atya gyermekei, az \u0151 csal\u00e1dj\u00e1nak tagjai, orsz\u00e1g\u00e1nak \u00f6r\u00f6k\u00f6sei, az angyalok \u00e9s a szentek t\u00e1rsai lett\u00fcnk.<\/p>\n<p><strong>ALLELUJA<\/strong>\u00a0\u00a0\u00a0\u00a0 \u00a0\u00a0\u00a0\u00a0\u00a0\u00a0\u00a0\u00a0\u00a0\u00a0\u00a0\u00a0\u00a0\u00a0\u00a0\u00a0\u00a0\u00a0\u00a0\u00a0\u00a0\u00a0\u00a0\u00a0\u00a0\u00a0\u00a0\u00a0\u00a0\u00a0\u00a0\u00a0\u00a0\u00a0\u00a0\u00a0\u00a0\u00a0\u00a0\u00a0\u00a0\u00a0\u00a0\u00a0\u00a0\u00a0\u00a0\u00a0\u00a0\u00a0\u00a0\u00a0\u00a0\u00a0\u00a0\u00a0\u00a0<em>Mt 11, 29ab<\/em><\/p>\n<p>J\u00e9zus mondja: \u201eVegy\u00e9tek magatokra ig\u00e1mat, \u00e9s tanuljatok t\u0151lem, * mert szel\u00edd vagyok \u00e9s al\u00e1zatos sz\u00edv\u0171.\u201d<\/p>\n<p><strong>EVANG\u00c9LIUM<\/strong><strong>\u00a0\u00a0 <\/strong>\u00a0\u00a0\u00a0\u00a0\u00a0\u00a0\u00a0\u00a0\u00a0\u00a0\u00a0\u00a0\u00a0\u00a0\u00a0\u00a0\u00a0\u00a0\u00a0\u00a0\u00a0\u00a0\u00a0\u00a0\u00a0\u00a0\u00a0\u00a0\u00a0\u00a0\u00a0\u00a0\u00a0\u00a0\u00a0\u00a0\u00a0\u00a0\u00a0\u00a0\u00a0<em>Lk 14, 1. 7\u201314<\/em><\/p>\n<p>J\u00e9zus minden alkalmat felhaszn\u00e1l arra, hogy tan\u00edtsa az embereket. Egy farizeus lakom\u00e1j\u00e1n \u00e9szrevette, hogy a megjelentek egym\u00e1ssal versengve az els\u0151 helyeket szeretn\u00e9k elfoglalni. Ez\u00e9rt\u00a0 figyelmeztette \u0151ket: Legyetek szer\u00e9nyek \u00e9s al\u00e1zatosak, mert ez teszi kedvess\u00e9 az embert Isten \u00e9s embert\u00e1rsai el\u0151tt. A h\u00e1zigazd\u00e1nak pedig azt aj\u00e1nlotta: Ne az el\u0151kel\u0151k, hanem a r\u00e1szorul\u00f3k sz\u00e1m\u00e1ra rendezzen lakom\u00e1t. Igaz, \u0151k nem tudj\u00e1k ezt viszonozni. Istent\u0151l viszont b\u0151s\u00e9ges jutalomra sz\u00e1m\u00edthat.<\/p>\n<p><strong>AZ EUCHARISZTI\u00c1HOZ<\/strong><\/p>\n<p>J\u00e9zus a keny\u00e9r \u00e9s a bor sz\u00edne al\u00e1 rejt\u0151zve maradt itt k\u00f6z\u00f6tt\u00fcnk. Ez is az \u0151 nagy al\u00e1zatoss\u00e1g\u00e1t tanus\u00edtja. Tanuljunk t\u0151le \u00e9s k\u00f6vess\u00fck p\u00e9ld\u00e1j\u00e1t.<\/p>\n<p><strong>\u00c1LDOZ\u00c1SI \u00c9NEK<\/strong>\u00a0\u00a0\u00a0\u00a0\u00a0\u00a0\u00a0\u00a0\u00a0\u00a0\u00a0\u00a0\u00a0\u00a0\u00a0\u00a0\u00a0\u00a0\u00a0\u00a0\u00a0\u00a0\u00a0\u00a0\u00a0\u00a0\u00a0\u00a0\u00a0\u00a0\u00a0\u00a0\u00a0\u00a0\u00a0\u00a0\u00a0\u00a0\u00a0\u00a0\u00a0\u00a0\u00a0\u00a0\u00a0\u00a0\u00a0\u00a0\u00a0\u00a0 <em>Zsolt 30, 20 \u00a0<\/em><\/p>\n<p>Mily nagy a te j\u00f3s\u00e1god, Uram, amelyet a t\u00e9ged f\u00e9l\u0151knek tartogatsz.<\/p>\n<p>Vagy:\u00a0\u00a0\u00a0\u00a0\u00a0\u00a0\u00a0\u00a0\u00a0\u00a0\u00a0\u00a0\u00a0\u00a0\u00a0\u00a0\u00a0\u00a0\u00a0\u00a0\u00a0\u00a0\u00a0\u00a0\u00a0\u00a0\u00a0\u00a0\u00a0\u00a0\u00a0\u00a0\u00a0\u00a0\u00a0\u00a0\u00a0\u00a0\u00a0\u00a0\u00a0\u00a0 <em>\u00a0\u00a0\u00a0\u00a0\u00a0\u00a0\u00a0\u00a0\u00a0\u00a0\u00a0\u00a0\u00a0\u00a0\u00a0\u00a0\u00a0\u00a0\u00a0\u00a0\u00a0Mt 5. 9\u201310<\/em><\/p>\n<p>Boldogok a b\u00e9kess\u00e9gben \u00e9l\u0151k, mert Isten fiainak h\u00edvj\u00e1k majd \u0151ket. Boldogok, akik \u00fcld\u00f6z\u00e9st szenvednek az igazs\u00e1g\u00e9rt, mert \u00f6v\u00e9k a mennyek orsz\u00e1ga.<\/p>\n<p><strong>K\u00c9R\u00c9S<\/strong><\/p>\n<p>Add, Urunk, hogy helyes \u00f6nismerettel \u00e9rt\u00e9kelj\u00fck magunkat, \u00e9s ne k\u00edv\u00e1njunk t\u00f6bb megbecs\u00fcl\u00e9st, mint amennyit meg\u00e9rdeml\u00fcnk!<\/p>\n<p><strong>ELM\u00c9LKED\u00c9S<\/strong><\/p>\n<p>Az legyen egyik legf\u0151bb gondunk, hogy meg\u0151rizz\u00fck sz\u00edv\u00fcnkben a felt\u00e1madt Krisztus \u00f6r\u00f6m\u00e9t. Ezt azzal bizony\u00edthatjuk, ha szeretetb\u0151l, sz\u00edvesen v\u00e1llalunk \u00e9s k\u00e9szs\u00e9gesen v\u00e9gz\u00fcnk minden feladatot, amelyet az Isten \u00e9s az emberek szolg\u00e1lata k\u00edv\u00e1n t\u0151l\u00fcnk.\u00a0\u00a0\u00a0\u00a0\u00a0\u00a0\u00a0\u00a0\u00a0\u00a0\u00a0\u00a0 <em>Kalkuttai Ter\u00e9z anya<\/em><\/p>\n<p>&nbsp;<\/p>\n<p>KALKUTTAI SZENT TER\u00c9Z<\/p>\n<p>1910. augusztus 27-\u00e9n sz\u00fcletett Skopj\u00e9ben, amely akkor az Osztr\u00e1k-Magyar Monarchi\u00e1hoz tartozott. Az \u00edrorsz\u00e1gi \u201eLorett\u00f3i Boldogs\u00e1gos Sz\u0171z M\u00e1ria Rend\u201d tagjai k\u00f6z\u00e9 l\u00e9pett be, akiknek Indi\u00e1ban is volt misszi\u00f3s telep\u00fck. 1929-1946 k\u00f6z\u00f6tt el\u0151kel\u0151 hindu le\u00e1nyokat tan\u00edtott. M\u00e9lys\u00e9ges hite, valamint az a v\u00e1gya, hogy valami nagyon sz\u00e9pet tegyen Isten\u00e9rt, arra k\u00e9sztette, hogy Kalkutta nyomornegyed\u00e9ben a szeg\u00e9nyek \u00e9s a nyomorg\u00f3k, a betegek \u00e9s a haldokl\u00f3k, az utc\u00e1n csavarg\u00f3 \u00e9s \u00e1rva gyermekek szolg\u00e1lat\u00e1ra szentelje \u00e9let\u00e9t. 1949-ben megalap\u00edtotta <em>A Szeretet Misszion\u00e1riusai Rendj\u00e9t<\/em>, amelynek az a hivat\u00e1sa, hogy a keresztf\u00e1ra fesz\u00edtett, haldokl\u00f3 J\u00e9zus szomj\u00fas\u00e1g\u00e1t csillap\u00edtsa a szeg\u00e9nyek legyszeg\u00e9nyebbjeinek a szolg\u00e1lata \u00e1ltal. 1979-ben Nobel-b\u00e9ked\u00edjat kapott. 1997. szeptember 5-\u00e9n, Kalkutt\u00e1ban halt meg. II. J\u00e1nos P\u00e1l p\u00e1pa 2003. okt\u00f3ber 19-\u00e9n avatta boldogg\u00e1 R\u00f3m\u00e1ban. Ferenc p\u00e1pa 2016. szeptember 4-\u00e9n avatta szentt\u00e9. \u00dcnnep: szeptember 5.<\/p>\n<p>&nbsp;<\/p>\n<p>KALKUTTAI TER\u00c9Z ANYA:<\/p>\n<p>IMA A B\u00c9K\u00c9\u00c9RT<\/p>\n<p>Te tudod, Uram, hogy nem t\u00f6r\u0151d\u00f6m a fegyverekkel. Egyetlen v\u00e1gyam: a vil\u00e1gnak b\u00e9k\u00e9t hirdet\u0151 eszk\u00f6z\u00f6d lenni. Mert tudom, ahol b\u00e9ke honol, a fegyverek f\u00f6l\u00f6slegess\u00e9 v\u00e1lnak. Ahol b\u00e9ke uralkodik, az emberek k\u00e9pesek egym\u00e1st szeretni \u00dagy, ahogy te szereted \u0151ket. Adj b\u00e9k\u00e9t, Uram, s tedd f\u00f6l\u00f6slegess\u00e9 a fegyvereket e csod\u00e1latos vil\u00e1gban.Amen.<\/p>\n<p>&nbsp;<\/p>\n<p>KASSAI V\u00c9RTAN\u00daK<\/p>\n<p>K\u0151r\u00f6si M\u00e1rk (horv\u00e1t sz\u00e1rmaz\u00e1s\u00fa esztergomi kanonok), Pongr\u00e1tz Istv\u00e1n (jezsuita), Grodecz Menyh\u00e9rt (lengyel sz\u00e1rmaz\u00e1s\u00fa jezsuita) a kassai v\u00e1rkapit\u00e1ny h\u00e1z\u00e1ban kerestek mened\u00e9ket, amikor 1619-ben Bethlen G\u00e1bor vez\u00e9re, R\u00e1k\u00f3czi Gy\u00f6rgy elfoglalta Kass\u00e1t. A vad hajd\u00fak mindh\u00e1rom papot katolikus hit\u00fck megtagad\u00e1s\u00e1ra akart\u00e1k k\u00e9nyszer\u00edteni. S mivel azok erre nem voltak hajland\u00f3k, iszony\u00fa k\u00ednz\u00e1sok k\u00f6zepette kiv\u00e9gezt\u00e9k \u0151ket szeptember 7-\u00e9n. Nagyszombatban, az orsolyit\u00e1k templom\u00e1ban vannak eltemetve. Szent X. Piusz p\u00e1pa 1905-ben avatta \u0151ket boldogg\u00e1. II. J\u00e1nos P\u00e1l p\u00e1pa avatta \u0151ket szentt\u00e9 Kass\u00e1n 1995. j\u00falius 2-\u00e1n. \u00dcnnep: szeptember 7.<\/p>\n<p>&nbsp;<\/p>\n<p><strong>IM\u00c1DKOZZUNK AZ ISKOLAI \u00c9V KEZDET\u00c9N<\/strong><\/p>\n<p><strong>TANUL\u00d3 IFJ\u00daS\u00c1GUNK\u00c9RT!<\/strong><\/p>\n<p>&nbsp;<\/p>\n","protected":false},"excerpt":{"rendered":"<p>2019. szeptember 1. \u00c9VK\u00d6ZI 22. VAS\u00c1RNAP &nbsp; A mai vil\u00e1gban a verseng\u00e9s, a t\u00fcleked\u00e9s, s\u0151t az er\u0151szakoss\u00e1g is megszokott dolog. A kereszt\u00e9ny ember magatart\u00e1sa azonban eg\u00e9szen m\u00e1s. \u0150 ugyanis annak a J\u00e9zusnak k\u00f6vet\u0151je, aki ezt mondta: \u201eTanuljatok t\u0151lem, mert szel\u00edd vagyok \u00e9s al\u00e1zatos sz\u00edv\u0171\u201d (Mt 11,29). KEZD\u0150\u00c9NEK\u00a0 \u00a0\u00a0\u00a0\u00a0\u00a0\u00a0\u00a0\u00a0\u00a0\u00a0\u00a0\u00a0\u00a0\u00a0\u00a0\u00a0\u00a0\u00a0\u00a0\u00a0\u00a0\u00a0\u00a0\u00a0\u00a0\u00a0\u00a0\u00a0\u00a0\u00a0\u00a0\u00a0\u00a0\u00a0\u00a0\u00a0\u00a0\u00a0\u00a0\u00a0\u00a0\u00a0\u00a0\u00a0\u00a0\u00a0\u00a0\u00a0\u00a0\u00a0\u00a0\u00a0\u00a0\u00a0Zsolt 85, 3. 5 K\u00f6ny\u00f6r\u00fclj rajtam, Uram; l\u00e1tod: eg\u00e9sz nap hozz\u00e1d ki\u00e1ltok, mert te, Uram, j\u00f3s\u00e1gos vagy \u00e9s szel\u00edd, \u00e9s nagy irgalm\u00fa azokhoz, akik sz\u00f3l\u00edtanak. OLVASM\u00c1NY \u00a0\u00a0\u00a0\u00a0\u00a0\u00a0\u00a0\u00a0\u00a0\u00a0\u00a0\u00a0\u00a0\u00a0\u00a0\u00a0\u00a0\u00a0\u00a0\u00a0\u00a0\u00a0\u00a0\u00a0\u00a0\u00a0\u00a0\u00a0\u00a0\u00a0\u00a0\u00a0\u00a0\u00a0\u00a0\u00a0\u00a0\u00a0\u00a0\u00a0\u00a0Sir 3, 19\u201321. 30\u201331 Az ember hajlamos a hi\u00fas\u00e1gra \u00e9s a b\u00fcszkes\u00e9gre. Ez a magatart\u00e1s ellenszenvess\u00e9 teszi az emberek el\u0151tt, \u00e9s m\u00e9g ink\u00e1bb indokolatlan Isten el\u0151tt, hiszen az \u0151 kez\u00e9ben van sorsunk, \u00e9let\u00fcnk. \u0150 pedig \u2013 J\u00e9zus tan\u00edt\u00e1sa szerint \u2013 az al\u00e1zatosakat emeli fel \u00e9s seg\u00edti kegyelm\u00e9vel, a g\u0151g\u00f6seket pedig megal\u00e1zza. V\u00c1LASZOS ZSOLT\u00c1R \u00a0\u00a0\u00a0\u00a0\u00a0\u00a0\u00a0\u00a0\u00a0\u00a0\u00a0\u00a0\u00a0\u00a0\u00a0\u00a0\u00a0\u00a0\u00a0\u00a0\u00a0\u00a0\u00a0\u00a0\u00a0\u00a0\u00a0\u00a0\u00a0\u00a0\u00a0\u00a0\u00a0\u00a0\u00a0\u00a0\u00a067. Zsolt\u00e1r V\u00e1lasz: J\u00f3s\u00e1godban, Isten\u00fcnk, * \u00a0\u00a0\u00a0\u00a0\u00a0\u00a0\u00a0\u00a0\u00a0\u00a0\u00a0\u00a0\u00a0 hajl\u00e9kot k\u00e9sz\u00edtesz a szeg\u00e9nynek. &nbsp; SZENTLECKE \u00a0\u00a0\u00a0\u00a0\u00a0\u00a0\u00a0\u00a0\u00a0\u00a0\u00a0\u00a0\u00a0\u00a0\u00a0\u00a0\u00a0\u00a0\u00a0\u00a0\u00a0\u00a0\u00a0\u00a0\u00a0\u00a0\u00a0\u00a0\u00a0\u00a0\u00a0Zsid 13, 18\u201319. 22\u201324a\u00a0 A Zsid\u00f3khoz \u00edrt lev\u00e9l tan\u00edt\u00e1sa szerint az \u00dajsz\u00f6vets\u00e9g fel\u00fclm\u00falja az \u00d3sz\u00f6vets\u00e9get. Az el\u0151bbit ugyanis Isten az \u0151 Egysz\u00fcl\u00f6tt Fia \u00e1ltal k\u00f6t\u00f6tte az emberis\u00e9ggel, \u00e9s r\u00e9szes\u00e9v\u00e9 tette a megv\u00e1lt\u00e1s aj\u00e1nd\u00e9kainak: az Atya gyermekei, az \u0151 csal\u00e1dj\u00e1nak tagjai, orsz\u00e1g\u00e1nak \u00f6r\u00f6k\u00f6sei, az angyalok \u00e9s a szentek t\u00e1rsai lett\u00fcnk. ALLELUJA\u00a0\u00a0\u00a0\u00a0 \u00a0\u00a0\u00a0\u00a0\u00a0\u00a0\u00a0\u00a0\u00a0\u00a0\u00a0\u00a0\u00a0\u00a0\u00a0\u00a0\u00a0\u00a0\u00a0\u00a0\u00a0\u00a0\u00a0\u00a0\u00a0\u00a0\u00a0\u00a0\u00a0\u00a0\u00a0\u00a0\u00a0\u00a0\u00a0\u00a0\u00a0\u00a0\u00a0\u00a0\u00a0\u00a0\u00a0\u00a0\u00a0\u00a0\u00a0\u00a0\u00a0\u00a0\u00a0\u00a0\u00a0\u00a0\u00a0\u00a0\u00a0Mt 11, 29ab J\u00e9zus mondja: \u201eVegy\u00e9tek magatokra ig\u00e1mat, \u00e9s tanuljatok t\u0151lem, * mert szel\u00edd vagyok \u00e9s al\u00e1zatos sz\u00edv\u0171.\u201d EVANG\u00c9LIUM\u00a0\u00a0 \u00a0\u00a0\u00a0\u00a0\u00a0\u00a0\u00a0\u00a0\u00a0\u00a0\u00a0\u00a0\u00a0\u00a0\u00a0\u00a0\u00a0\u00a0\u00a0\u00a0\u00a0\u00a0\u00a0\u00a0\u00a0\u00a0\u00a0\u00a0\u00a0\u00a0\u00a0\u00a0\u00a0\u00a0\u00a0\u00a0\u00a0\u00a0\u00a0\u00a0\u00a0Lk 14, 1. 7\u201314 J\u00e9zus minden alkalmat felhaszn\u00e1l arra, hogy tan\u00edtsa az embereket. Egy farizeus lakom\u00e1j\u00e1n \u00e9szrevette, hogy a megjelentek egym\u00e1ssal versengve az els\u0151 helyeket szeretn\u00e9k elfoglalni. Ez\u00e9rt\u00a0 figyelmeztette \u0151ket: Legyetek szer\u00e9nyek \u00e9s al\u00e1zatosak, mert ez teszi kedvess\u00e9 az embert Isten \u00e9s embert\u00e1rsai el\u0151tt. A h\u00e1zigazd\u00e1nak pedig azt aj\u00e1nlotta: Ne az el\u0151kel\u0151k, hanem a r\u00e1szorul\u00f3k sz\u00e1m\u00e1ra rendezzen lakom\u00e1t. Igaz, \u0151k nem tudj\u00e1k ezt viszonozni. Istent\u0151l viszont b\u0151s\u00e9ges jutalomra sz\u00e1m\u00edthat. AZ EUCHARISZTI\u00c1HOZ J\u00e9zus a keny\u00e9r \u00e9s a bor sz\u00edne al\u00e1 rejt\u0151zve maradt itt k\u00f6z\u00f6tt\u00fcnk. Ez is az \u0151 nagy al\u00e1zatoss\u00e1g\u00e1t tanus\u00edtja. Tanuljunk t\u0151le&#8230; <\/p>\n<p><a class=\"readmore\" href=\"https:\/\/stuttgarti-katolikusok.de\/index.php\/evkozi-22-vasarnapra\/\">R\u00e9szletek<\/a><\/p>\n","protected":false},"author":3,"featured_media":0,"comment_status":"closed","ping_status":"closed","sticky":false,"template":"","format":"standard","meta":{"footnotes":""},"categories":[63],"tags":[],"class_list":["post-17373","post","type-post","status-publish","format-standard","hentry","category-vasarnapi-gondolatok"],"yoast_head":"<!-- This site is optimized with the Yoast SEO plugin v27.3 - https:\/\/yoast.com\/product\/yoast-seo-wordpress\/ -->\n<title>\u00c9vk\u00f6zi 22. vas\u00e1rnapra - Stuttgarti Katolikusok<\/title>\n<meta name=\"robots\" content=\"index, follow, max-snippet:-1, max-image-preview:large, max-video-preview:-1\" \/>\n<link rel=\"canonical\" href=\"https:\/\/stuttgarti-katolikusok.de\/index.php\/evkozi-22-vasarnapra\/\" \/>\n<meta property=\"og:locale\" content=\"hu_HU\" \/>\n<meta property=\"og:type\" content=\"article\" \/>\n<meta property=\"og:title\" content=\"\u00c9vk\u00f6zi 22. vas\u00e1rnapra - Stuttgarti Katolikusok\" \/>\n<meta property=\"og:description\" content=\"2019. szeptember 1. \u00c9VK\u00d6ZI 22. VAS\u00c1RNAP &nbsp; A mai vil\u00e1gban a verseng\u00e9s, a t\u00fcleked\u00e9s, s\u0151t az er\u0151szakoss\u00e1g is megszokott dolog. A kereszt\u00e9ny ember magatart\u00e1sa azonban eg\u00e9szen m\u00e1s. \u0150 ugyanis annak a J\u00e9zusnak k\u00f6vet\u0151je, aki ezt mondta: \u201eTanuljatok t\u0151lem, mert szel\u00edd vagyok \u00e9s al\u00e1zatos sz\u00edv\u0171\u201d (Mt 11,29). KEZD\u0150\u00c9NEK\u00a0 \u00a0\u00a0\u00a0\u00a0\u00a0\u00a0\u00a0\u00a0\u00a0\u00a0\u00a0\u00a0\u00a0\u00a0\u00a0\u00a0\u00a0\u00a0\u00a0\u00a0\u00a0\u00a0\u00a0\u00a0\u00a0\u00a0\u00a0\u00a0\u00a0\u00a0\u00a0\u00a0\u00a0\u00a0\u00a0\u00a0\u00a0\u00a0\u00a0\u00a0\u00a0\u00a0\u00a0\u00a0\u00a0\u00a0\u00a0\u00a0\u00a0\u00a0\u00a0\u00a0\u00a0\u00a0Zsolt 85, 3. 5 K\u00f6ny\u00f6r\u00fclj rajtam, Uram; l\u00e1tod: eg\u00e9sz nap hozz\u00e1d ki\u00e1ltok, mert te, Uram, j\u00f3s\u00e1gos vagy \u00e9s szel\u00edd, \u00e9s nagy irgalm\u00fa azokhoz, akik sz\u00f3l\u00edtanak. OLVASM\u00c1NY \u00a0\u00a0\u00a0\u00a0\u00a0\u00a0\u00a0\u00a0\u00a0\u00a0\u00a0\u00a0\u00a0\u00a0\u00a0\u00a0\u00a0\u00a0\u00a0\u00a0\u00a0\u00a0\u00a0\u00a0\u00a0\u00a0\u00a0\u00a0\u00a0\u00a0\u00a0\u00a0\u00a0\u00a0\u00a0\u00a0\u00a0\u00a0\u00a0\u00a0\u00a0Sir 3, 19\u201321. 30\u201331 Az ember hajlamos a hi\u00fas\u00e1gra \u00e9s a b\u00fcszkes\u00e9gre. Ez a magatart\u00e1s ellenszenvess\u00e9 teszi az emberek el\u0151tt, \u00e9s m\u00e9g ink\u00e1bb indokolatlan Isten el\u0151tt, hiszen az \u0151 kez\u00e9ben van sorsunk, \u00e9let\u00fcnk. \u0150 pedig \u2013 J\u00e9zus tan\u00edt\u00e1sa szerint \u2013 az al\u00e1zatosakat emeli fel \u00e9s seg\u00edti kegyelm\u00e9vel, a g\u0151g\u00f6seket pedig megal\u00e1zza. V\u00c1LASZOS ZSOLT\u00c1R \u00a0\u00a0\u00a0\u00a0\u00a0\u00a0\u00a0\u00a0\u00a0\u00a0\u00a0\u00a0\u00a0\u00a0\u00a0\u00a0\u00a0\u00a0\u00a0\u00a0\u00a0\u00a0\u00a0\u00a0\u00a0\u00a0\u00a0\u00a0\u00a0\u00a0\u00a0\u00a0\u00a0\u00a0\u00a0\u00a0\u00a067. Zsolt\u00e1r V\u00e1lasz: J\u00f3s\u00e1godban, Isten\u00fcnk, * \u00a0\u00a0\u00a0\u00a0\u00a0\u00a0\u00a0\u00a0\u00a0\u00a0\u00a0\u00a0\u00a0 hajl\u00e9kot k\u00e9sz\u00edtesz a szeg\u00e9nynek. &nbsp; SZENTLECKE \u00a0\u00a0\u00a0\u00a0\u00a0\u00a0\u00a0\u00a0\u00a0\u00a0\u00a0\u00a0\u00a0\u00a0\u00a0\u00a0\u00a0\u00a0\u00a0\u00a0\u00a0\u00a0\u00a0\u00a0\u00a0\u00a0\u00a0\u00a0\u00a0\u00a0\u00a0Zsid 13, 18\u201319. 22\u201324a\u00a0 A Zsid\u00f3khoz \u00edrt lev\u00e9l tan\u00edt\u00e1sa szerint az \u00dajsz\u00f6vets\u00e9g fel\u00fclm\u00falja az \u00d3sz\u00f6vets\u00e9get. Az el\u0151bbit ugyanis Isten az \u0151 Egysz\u00fcl\u00f6tt Fia \u00e1ltal k\u00f6t\u00f6tte az emberis\u00e9ggel, \u00e9s r\u00e9szes\u00e9v\u00e9 tette a megv\u00e1lt\u00e1s aj\u00e1nd\u00e9kainak: az Atya gyermekei, az \u0151 csal\u00e1dj\u00e1nak tagjai, orsz\u00e1g\u00e1nak \u00f6r\u00f6k\u00f6sei, az angyalok \u00e9s a szentek t\u00e1rsai lett\u00fcnk. ALLELUJA\u00a0\u00a0\u00a0\u00a0 \u00a0\u00a0\u00a0\u00a0\u00a0\u00a0\u00a0\u00a0\u00a0\u00a0\u00a0\u00a0\u00a0\u00a0\u00a0\u00a0\u00a0\u00a0\u00a0\u00a0\u00a0\u00a0\u00a0\u00a0\u00a0\u00a0\u00a0\u00a0\u00a0\u00a0\u00a0\u00a0\u00a0\u00a0\u00a0\u00a0\u00a0\u00a0\u00a0\u00a0\u00a0\u00a0\u00a0\u00a0\u00a0\u00a0\u00a0\u00a0\u00a0\u00a0\u00a0\u00a0\u00a0\u00a0\u00a0\u00a0\u00a0Mt 11, 29ab J\u00e9zus mondja: \u201eVegy\u00e9tek magatokra ig\u00e1mat, \u00e9s tanuljatok t\u0151lem, * mert szel\u00edd vagyok \u00e9s al\u00e1zatos sz\u00edv\u0171.\u201d EVANG\u00c9LIUM\u00a0\u00a0 \u00a0\u00a0\u00a0\u00a0\u00a0\u00a0\u00a0\u00a0\u00a0\u00a0\u00a0\u00a0\u00a0\u00a0\u00a0\u00a0\u00a0\u00a0\u00a0\u00a0\u00a0\u00a0\u00a0\u00a0\u00a0\u00a0\u00a0\u00a0\u00a0\u00a0\u00a0\u00a0\u00a0\u00a0\u00a0\u00a0\u00a0\u00a0\u00a0\u00a0\u00a0Lk 14, 1. 7\u201314 J\u00e9zus minden alkalmat felhaszn\u00e1l arra, hogy tan\u00edtsa az embereket. Egy farizeus lakom\u00e1j\u00e1n \u00e9szrevette, hogy a megjelentek egym\u00e1ssal versengve az els\u0151 helyeket szeretn\u00e9k elfoglalni. Ez\u00e9rt\u00a0 figyelmeztette \u0151ket: Legyetek szer\u00e9nyek \u00e9s al\u00e1zatosak, mert ez teszi kedvess\u00e9 az embert Isten \u00e9s embert\u00e1rsai el\u0151tt. A h\u00e1zigazd\u00e1nak pedig azt aj\u00e1nlotta: Ne az el\u0151kel\u0151k, hanem a r\u00e1szorul\u00f3k sz\u00e1m\u00e1ra rendezzen lakom\u00e1t. Igaz, \u0151k nem tudj\u00e1k ezt viszonozni. Istent\u0151l viszont b\u0151s\u00e9ges jutalomra sz\u00e1m\u00edthat. AZ EUCHARISZTI\u00c1HOZ J\u00e9zus a keny\u00e9r \u00e9s a bor sz\u00edne al\u00e1 rejt\u0151zve maradt itt k\u00f6z\u00f6tt\u00fcnk. Ez is az \u0151 nagy al\u00e1zatoss\u00e1g\u00e1t tanus\u00edtja. Tanuljunk t\u0151le... R\u00e9szletek\" \/>\n<meta property=\"og:url\" content=\"https:\/\/stuttgarti-katolikusok.de\/index.php\/evkozi-22-vasarnapra\/\" \/>\n<meta property=\"og:site_name\" content=\"Stuttgarti Katolikusok\" \/>\n<meta property=\"article:published_time\" content=\"2019-08-31T14:52:37+00:00\" \/>\n<meta property=\"article:modified_time\" content=\"2020-04-27T08:49:51+00:00\" \/>\n<meta name=\"author\" content=\"Tibor atya\" \/>\n<meta name=\"twitter:card\" content=\"summary_large_image\" \/>\n<meta name=\"twitter:label1\" content=\"Szerz\u0151:\" \/>\n\t<meta name=\"twitter:data1\" content=\"Tibor atya\" \/>\n\t<meta name=\"twitter:label2\" content=\"Becs\u00fclt olvas\u00e1si id\u0151\" \/>\n\t<meta name=\"twitter:data2\" content=\"5 perc\" \/>\n<script type=\"application\/ld+json\" class=\"yoast-schema-graph\">{\"@context\":\"https:\\\/\\\/schema.org\",\"@graph\":[{\"@type\":\"Article\",\"@id\":\"https:\\\/\\\/stuttgarti-katolikusok.de\\\/index.php\\\/evkozi-22-vasarnapra\\\/#article\",\"isPartOf\":{\"@id\":\"https:\\\/\\\/stuttgarti-katolikusok.de\\\/index.php\\\/evkozi-22-vasarnapra\\\/\"},\"author\":{\"name\":\"Tibor atya\",\"@id\":\"https:\\\/\\\/stuttgarti-katolikusok.de\\\/#\\\/schema\\\/person\\\/75908d6f8fdc03a57889d27209df7795\"},\"headline\":\"\u00c9vk\u00f6zi 22. vas\u00e1rnapra\",\"datePublished\":\"2019-08-31T14:52:37+00:00\",\"dateModified\":\"2020-04-27T08:49:51+00:00\",\"mainEntityOfPage\":{\"@id\":\"https:\\\/\\\/stuttgarti-katolikusok.de\\\/index.php\\\/evkozi-22-vasarnapra\\\/\"},\"wordCount\":980,\"articleSection\":[\"Vas\u00e1rnapi gondolatok\"],\"inLanguage\":\"hu\"},{\"@type\":\"WebPage\",\"@id\":\"https:\\\/\\\/stuttgarti-katolikusok.de\\\/index.php\\\/evkozi-22-vasarnapra\\\/\",\"url\":\"https:\\\/\\\/stuttgarti-katolikusok.de\\\/index.php\\\/evkozi-22-vasarnapra\\\/\",\"name\":\"\u00c9vk\u00f6zi 22. vas\u00e1rnapra - Stuttgarti Katolikusok\",\"isPartOf\":{\"@id\":\"https:\\\/\\\/stuttgarti-katolikusok.de\\\/#website\"},\"datePublished\":\"2019-08-31T14:52:37+00:00\",\"dateModified\":\"2020-04-27T08:49:51+00:00\",\"author\":{\"@id\":\"https:\\\/\\\/stuttgarti-katolikusok.de\\\/#\\\/schema\\\/person\\\/75908d6f8fdc03a57889d27209df7795\"},\"breadcrumb\":{\"@id\":\"https:\\\/\\\/stuttgarti-katolikusok.de\\\/index.php\\\/evkozi-22-vasarnapra\\\/#breadcrumb\"},\"inLanguage\":\"hu\",\"potentialAction\":[{\"@type\":\"ReadAction\",\"target\":[\"https:\\\/\\\/stuttgarti-katolikusok.de\\\/index.php\\\/evkozi-22-vasarnapra\\\/\"]}]},{\"@type\":\"BreadcrumbList\",\"@id\":\"https:\\\/\\\/stuttgarti-katolikusok.de\\\/index.php\\\/evkozi-22-vasarnapra\\\/#breadcrumb\",\"itemListElement\":[{\"@type\":\"ListItem\",\"position\":1,\"name\":\"Kezd\u0151lap\",\"item\":\"https:\\\/\\\/stuttgarti-katolikusok.de\\\/\"},{\"@type\":\"ListItem\",\"position\":2,\"name\":\"\u00c9vk\u00f6zi 22. vas\u00e1rnapra\"}]},{\"@type\":\"WebSite\",\"@id\":\"https:\\\/\\\/stuttgarti-katolikusok.de\\\/#website\",\"url\":\"https:\\\/\\\/stuttgarti-katolikusok.de\\\/\",\"name\":\"Stuttgarti Katolikusok\",\"description\":\"\",\"potentialAction\":[{\"@type\":\"SearchAction\",\"target\":{\"@type\":\"EntryPoint\",\"urlTemplate\":\"https:\\\/\\\/stuttgarti-katolikusok.de\\\/?s={search_term_string}\"},\"query-input\":{\"@type\":\"PropertyValueSpecification\",\"valueRequired\":true,\"valueName\":\"search_term_string\"}}],\"inLanguage\":\"hu\"},{\"@type\":\"Person\",\"@id\":\"https:\\\/\\\/stuttgarti-katolikusok.de\\\/#\\\/schema\\\/person\\\/75908d6f8fdc03a57889d27209df7795\",\"name\":\"Tibor atya\",\"image\":{\"@type\":\"ImageObject\",\"inLanguage\":\"hu\",\"@id\":\"https:\\\/\\\/secure.gravatar.com\\\/avatar\\\/61d268e57d1f4525b111222e29d2d5a7f8c420fdbf231ba5566a8ceac74fa960?s=96&d=mm&r=g\",\"url\":\"https:\\\/\\\/secure.gravatar.com\\\/avatar\\\/61d268e57d1f4525b111222e29d2d5a7f8c420fdbf231ba5566a8ceac74fa960?s=96&d=mm&r=g\",\"contentUrl\":\"https:\\\/\\\/secure.gravatar.com\\\/avatar\\\/61d268e57d1f4525b111222e29d2d5a7f8c420fdbf231ba5566a8ceac74fa960?s=96&d=mm&r=g\",\"caption\":\"Tibor atya\"},\"url\":\"https:\\\/\\\/stuttgarti-katolikusok.de\\\/index.php\\\/author\\\/tibor-atya\\\/\"}]}<\/script>\n<!-- \/ Yoast SEO plugin. -->","yoast_head_json":{"title":"\u00c9vk\u00f6zi 22. vas\u00e1rnapra - Stuttgarti Katolikusok","robots":{"index":"index","follow":"follow","max-snippet":"max-snippet:-1","max-image-preview":"max-image-preview:large","max-video-preview":"max-video-preview:-1"},"canonical":"https:\/\/stuttgarti-katolikusok.de\/index.php\/evkozi-22-vasarnapra\/","og_locale":"hu_HU","og_type":"article","og_title":"\u00c9vk\u00f6zi 22. vas\u00e1rnapra - Stuttgarti Katolikusok","og_description":"2019. szeptember 1. \u00c9VK\u00d6ZI 22. VAS\u00c1RNAP &nbsp; A mai vil\u00e1gban a verseng\u00e9s, a t\u00fcleked\u00e9s, s\u0151t az er\u0151szakoss\u00e1g is megszokott dolog. A kereszt\u00e9ny ember magatart\u00e1sa azonban eg\u00e9szen m\u00e1s. \u0150 ugyanis annak a J\u00e9zusnak k\u00f6vet\u0151je, aki ezt mondta: \u201eTanuljatok t\u0151lem, mert szel\u00edd vagyok \u00e9s al\u00e1zatos sz\u00edv\u0171\u201d (Mt 11,29). KEZD\u0150\u00c9NEK\u00a0 \u00a0\u00a0\u00a0\u00a0\u00a0\u00a0\u00a0\u00a0\u00a0\u00a0\u00a0\u00a0\u00a0\u00a0\u00a0\u00a0\u00a0\u00a0\u00a0\u00a0\u00a0\u00a0\u00a0\u00a0\u00a0\u00a0\u00a0\u00a0\u00a0\u00a0\u00a0\u00a0\u00a0\u00a0\u00a0\u00a0\u00a0\u00a0\u00a0\u00a0\u00a0\u00a0\u00a0\u00a0\u00a0\u00a0\u00a0\u00a0\u00a0\u00a0\u00a0\u00a0\u00a0\u00a0Zsolt 85, 3. 5 K\u00f6ny\u00f6r\u00fclj rajtam, Uram; l\u00e1tod: eg\u00e9sz nap hozz\u00e1d ki\u00e1ltok, mert te, Uram, j\u00f3s\u00e1gos vagy \u00e9s szel\u00edd, \u00e9s nagy irgalm\u00fa azokhoz, akik sz\u00f3l\u00edtanak. OLVASM\u00c1NY \u00a0\u00a0\u00a0\u00a0\u00a0\u00a0\u00a0\u00a0\u00a0\u00a0\u00a0\u00a0\u00a0\u00a0\u00a0\u00a0\u00a0\u00a0\u00a0\u00a0\u00a0\u00a0\u00a0\u00a0\u00a0\u00a0\u00a0\u00a0\u00a0\u00a0\u00a0\u00a0\u00a0\u00a0\u00a0\u00a0\u00a0\u00a0\u00a0\u00a0\u00a0Sir 3, 19\u201321. 30\u201331 Az ember hajlamos a hi\u00fas\u00e1gra \u00e9s a b\u00fcszkes\u00e9gre. Ez a magatart\u00e1s ellenszenvess\u00e9 teszi az emberek el\u0151tt, \u00e9s m\u00e9g ink\u00e1bb indokolatlan Isten el\u0151tt, hiszen az \u0151 kez\u00e9ben van sorsunk, \u00e9let\u00fcnk. \u0150 pedig \u2013 J\u00e9zus tan\u00edt\u00e1sa szerint \u2013 az al\u00e1zatosakat emeli fel \u00e9s seg\u00edti kegyelm\u00e9vel, a g\u0151g\u00f6seket pedig megal\u00e1zza. V\u00c1LASZOS ZSOLT\u00c1R \u00a0\u00a0\u00a0\u00a0\u00a0\u00a0\u00a0\u00a0\u00a0\u00a0\u00a0\u00a0\u00a0\u00a0\u00a0\u00a0\u00a0\u00a0\u00a0\u00a0\u00a0\u00a0\u00a0\u00a0\u00a0\u00a0\u00a0\u00a0\u00a0\u00a0\u00a0\u00a0\u00a0\u00a0\u00a0\u00a0\u00a067. Zsolt\u00e1r V\u00e1lasz: J\u00f3s\u00e1godban, Isten\u00fcnk, * \u00a0\u00a0\u00a0\u00a0\u00a0\u00a0\u00a0\u00a0\u00a0\u00a0\u00a0\u00a0\u00a0 hajl\u00e9kot k\u00e9sz\u00edtesz a szeg\u00e9nynek. &nbsp; SZENTLECKE \u00a0\u00a0\u00a0\u00a0\u00a0\u00a0\u00a0\u00a0\u00a0\u00a0\u00a0\u00a0\u00a0\u00a0\u00a0\u00a0\u00a0\u00a0\u00a0\u00a0\u00a0\u00a0\u00a0\u00a0\u00a0\u00a0\u00a0\u00a0\u00a0\u00a0\u00a0Zsid 13, 18\u201319. 22\u201324a\u00a0 A Zsid\u00f3khoz \u00edrt lev\u00e9l tan\u00edt\u00e1sa szerint az \u00dajsz\u00f6vets\u00e9g fel\u00fclm\u00falja az \u00d3sz\u00f6vets\u00e9get. Az el\u0151bbit ugyanis Isten az \u0151 Egysz\u00fcl\u00f6tt Fia \u00e1ltal k\u00f6t\u00f6tte az emberis\u00e9ggel, \u00e9s r\u00e9szes\u00e9v\u00e9 tette a megv\u00e1lt\u00e1s aj\u00e1nd\u00e9kainak: az Atya gyermekei, az \u0151 csal\u00e1dj\u00e1nak tagjai, orsz\u00e1g\u00e1nak \u00f6r\u00f6k\u00f6sei, az angyalok \u00e9s a szentek t\u00e1rsai lett\u00fcnk. ALLELUJA\u00a0\u00a0\u00a0\u00a0 \u00a0\u00a0\u00a0\u00a0\u00a0\u00a0\u00a0\u00a0\u00a0\u00a0\u00a0\u00a0\u00a0\u00a0\u00a0\u00a0\u00a0\u00a0\u00a0\u00a0\u00a0\u00a0\u00a0\u00a0\u00a0\u00a0\u00a0\u00a0\u00a0\u00a0\u00a0\u00a0\u00a0\u00a0\u00a0\u00a0\u00a0\u00a0\u00a0\u00a0\u00a0\u00a0\u00a0\u00a0\u00a0\u00a0\u00a0\u00a0\u00a0\u00a0\u00a0\u00a0\u00a0\u00a0\u00a0\u00a0\u00a0Mt 11, 29ab J\u00e9zus mondja: \u201eVegy\u00e9tek magatokra ig\u00e1mat, \u00e9s tanuljatok t\u0151lem, * mert szel\u00edd vagyok \u00e9s al\u00e1zatos sz\u00edv\u0171.\u201d EVANG\u00c9LIUM\u00a0\u00a0 \u00a0\u00a0\u00a0\u00a0\u00a0\u00a0\u00a0\u00a0\u00a0\u00a0\u00a0\u00a0\u00a0\u00a0\u00a0\u00a0\u00a0\u00a0\u00a0\u00a0\u00a0\u00a0\u00a0\u00a0\u00a0\u00a0\u00a0\u00a0\u00a0\u00a0\u00a0\u00a0\u00a0\u00a0\u00a0\u00a0\u00a0\u00a0\u00a0\u00a0\u00a0Lk 14, 1. 7\u201314 J\u00e9zus minden alkalmat felhaszn\u00e1l arra, hogy tan\u00edtsa az embereket. Egy farizeus lakom\u00e1j\u00e1n \u00e9szrevette, hogy a megjelentek egym\u00e1ssal versengve az els\u0151 helyeket szeretn\u00e9k elfoglalni. Ez\u00e9rt\u00a0 figyelmeztette \u0151ket: Legyetek szer\u00e9nyek \u00e9s al\u00e1zatosak, mert ez teszi kedvess\u00e9 az embert Isten \u00e9s embert\u00e1rsai el\u0151tt. A h\u00e1zigazd\u00e1nak pedig azt aj\u00e1nlotta: Ne az el\u0151kel\u0151k, hanem a r\u00e1szorul\u00f3k sz\u00e1m\u00e1ra rendezzen lakom\u00e1t. Igaz, \u0151k nem tudj\u00e1k ezt viszonozni. Istent\u0151l viszont b\u0151s\u00e9ges jutalomra sz\u00e1m\u00edthat. AZ EUCHARISZTI\u00c1HOZ J\u00e9zus a keny\u00e9r \u00e9s a bor sz\u00edne al\u00e1 rejt\u0151zve maradt itt k\u00f6z\u00f6tt\u00fcnk. Ez is az \u0151 nagy al\u00e1zatoss\u00e1g\u00e1t tanus\u00edtja. Tanuljunk t\u0151le... R\u00e9szletek","og_url":"https:\/\/stuttgarti-katolikusok.de\/index.php\/evkozi-22-vasarnapra\/","og_site_name":"Stuttgarti Katolikusok","article_published_time":"2019-08-31T14:52:37+00:00","article_modified_time":"2020-04-27T08:49:51+00:00","author":"Tibor atya","twitter_card":"summary_large_image","twitter_misc":{"Szerz\u0151:":"Tibor atya","Becs\u00fclt olvas\u00e1si id\u0151":"5 perc"},"schema":{"@context":"https:\/\/schema.org","@graph":[{"@type":"Article","@id":"https:\/\/stuttgarti-katolikusok.de\/index.php\/evkozi-22-vasarnapra\/#article","isPartOf":{"@id":"https:\/\/stuttgarti-katolikusok.de\/index.php\/evkozi-22-vasarnapra\/"},"author":{"name":"Tibor atya","@id":"https:\/\/stuttgarti-katolikusok.de\/#\/schema\/person\/75908d6f8fdc03a57889d27209df7795"},"headline":"\u00c9vk\u00f6zi 22. vas\u00e1rnapra","datePublished":"2019-08-31T14:52:37+00:00","dateModified":"2020-04-27T08:49:51+00:00","mainEntityOfPage":{"@id":"https:\/\/stuttgarti-katolikusok.de\/index.php\/evkozi-22-vasarnapra\/"},"wordCount":980,"articleSection":["Vas\u00e1rnapi gondolatok"],"inLanguage":"hu"},{"@type":"WebPage","@id":"https:\/\/stuttgarti-katolikusok.de\/index.php\/evkozi-22-vasarnapra\/","url":"https:\/\/stuttgarti-katolikusok.de\/index.php\/evkozi-22-vasarnapra\/","name":"\u00c9vk\u00f6zi 22. vas\u00e1rnapra - Stuttgarti Katolikusok","isPartOf":{"@id":"https:\/\/stuttgarti-katolikusok.de\/#website"},"datePublished":"2019-08-31T14:52:37+00:00","dateModified":"2020-04-27T08:49:51+00:00","author":{"@id":"https:\/\/stuttgarti-katolikusok.de\/#\/schema\/person\/75908d6f8fdc03a57889d27209df7795"},"breadcrumb":{"@id":"https:\/\/stuttgarti-katolikusok.de\/index.php\/evkozi-22-vasarnapra\/#breadcrumb"},"inLanguage":"hu","potentialAction":[{"@type":"ReadAction","target":["https:\/\/stuttgarti-katolikusok.de\/index.php\/evkozi-22-vasarnapra\/"]}]},{"@type":"BreadcrumbList","@id":"https:\/\/stuttgarti-katolikusok.de\/index.php\/evkozi-22-vasarnapra\/#breadcrumb","itemListElement":[{"@type":"ListItem","position":1,"name":"Kezd\u0151lap","item":"https:\/\/stuttgarti-katolikusok.de\/"},{"@type":"ListItem","position":2,"name":"\u00c9vk\u00f6zi 22. vas\u00e1rnapra"}]},{"@type":"WebSite","@id":"https:\/\/stuttgarti-katolikusok.de\/#website","url":"https:\/\/stuttgarti-katolikusok.de\/","name":"Stuttgarti Katolikusok","description":"","potentialAction":[{"@type":"SearchAction","target":{"@type":"EntryPoint","urlTemplate":"https:\/\/stuttgarti-katolikusok.de\/?s={search_term_string}"},"query-input":{"@type":"PropertyValueSpecification","valueRequired":true,"valueName":"search_term_string"}}],"inLanguage":"hu"},{"@type":"Person","@id":"https:\/\/stuttgarti-katolikusok.de\/#\/schema\/person\/75908d6f8fdc03a57889d27209df7795","name":"Tibor atya","image":{"@type":"ImageObject","inLanguage":"hu","@id":"https:\/\/secure.gravatar.com\/avatar\/61d268e57d1f4525b111222e29d2d5a7f8c420fdbf231ba5566a8ceac74fa960?s=96&d=mm&r=g","url":"https:\/\/secure.gravatar.com\/avatar\/61d268e57d1f4525b111222e29d2d5a7f8c420fdbf231ba5566a8ceac74fa960?s=96&d=mm&r=g","contentUrl":"https:\/\/secure.gravatar.com\/avatar\/61d268e57d1f4525b111222e29d2d5a7f8c420fdbf231ba5566a8ceac74fa960?s=96&d=mm&r=g","caption":"Tibor atya"},"url":"https:\/\/stuttgarti-katolikusok.de\/index.php\/author\/tibor-atya\/"}]}},"_links":{"self":[{"href":"https:\/\/stuttgarti-katolikusok.de\/index.php\/wp-json\/wp\/v2\/posts\/17373","targetHints":{"allow":["GET"]}}],"collection":[{"href":"https:\/\/stuttgarti-katolikusok.de\/index.php\/wp-json\/wp\/v2\/posts"}],"about":[{"href":"https:\/\/stuttgarti-katolikusok.de\/index.php\/wp-json\/wp\/v2\/types\/post"}],"author":[{"embeddable":true,"href":"https:\/\/stuttgarti-katolikusok.de\/index.php\/wp-json\/wp\/v2\/users\/3"}],"replies":[{"embeddable":true,"href":"https:\/\/stuttgarti-katolikusok.de\/index.php\/wp-json\/wp\/v2\/comments?post=17373"}],"version-history":[{"count":2,"href":"https:\/\/stuttgarti-katolikusok.de\/index.php\/wp-json\/wp\/v2\/posts\/17373\/revisions"}],"predecessor-version":[{"id":17392,"href":"https:\/\/stuttgarti-katolikusok.de\/index.php\/wp-json\/wp\/v2\/posts\/17373\/revisions\/17392"}],"wp:attachment":[{"href":"https:\/\/stuttgarti-katolikusok.de\/index.php\/wp-json\/wp\/v2\/media?parent=17373"}],"wp:term":[{"taxonomy":"category","embeddable":true,"href":"https:\/\/stuttgarti-katolikusok.de\/index.php\/wp-json\/wp\/v2\/categories?post=17373"},{"taxonomy":"post_tag","embeddable":true,"href":"https:\/\/stuttgarti-katolikusok.de\/index.php\/wp-json\/wp\/v2\/tags?post=17373"}],"curies":[{"name":"wp","href":"https:\/\/api.w.org\/{rel}","templated":true}]}}