{"id":17321,"date":"2019-08-01T06:32:05","date_gmt":"2019-08-01T06:32:05","guid":{"rendered":"https:\/\/gracious-dewdney.138-201-221-2.plesk.page\/?p=17321"},"modified":"2020-04-27T08:49:27","modified_gmt":"2020-04-27T08:49:27","slug":"evkozi-18-19-20-21-vasarnapok","status":"publish","type":"post","link":"https:\/\/stuttgarti-katolikusok.de\/index.php\/evkozi-18-19-20-21-vasarnapok\/","title":{"rendered":"\u00c9vk\u00f6zi 18-19-20-21. vas\u00e1rnapok"},"content":{"rendered":"<p><strong>2019. augusztus 25.<\/strong><\/p>\n<p><strong>\u00c9VK\u00d6ZI 21. VAS\u00c1RNAP<\/strong><\/p>\n<p>\u00c9let\u00fcnk v\u00e9gs\u0151 c\u00e9lja, az \u00fcdv\u00f6ss\u00e9g elnyer\u00e9s\u00e9nek lehet\u0151s\u00e9ge a legfontosabb k\u00e9rd\u00e9s sz\u00e1munkra. F\u00fcl\u00fcnkbe cseng J\u00e9zus ismert figyelmeztet\u00e9se: Mit haszn\u00e1l az embernek, ha az eg\u00e9sz vil\u00e1got megszerzi is mag\u00e1nak, lelke azonban k\u00e9rt szenved. Az \u00f6r\u00f6k \u00fcdv\u00f6ss\u00e9g el\u00e9r\u00e9s\u00e9nek rem\u00e9nye nagy-nagy \u00f6szt\u00f6nz\u00e9st ad nek\u00fcnk a becs\u00fcletess\u00e9gre, az \u00e9letben val\u00f3 helyt\u00e1ll\u00e1sra, \u00e9let\u00fcnk keresztjeinek t\u00fcrelmes hordoz\u00e1s\u00e1ra.<\/p>\n<p><strong>KEZD\u0150\u00c9NEK <\/strong>\u00a0\u00a0\u00a0\u00a0\u00a0\u00a0\u00a0\u00a0\u00a0\u00a0\u00a0\u00a0\u00a0\u00a0\u00a0\u00a0\u00a0\u00a0\u00a0\u00a0\u00a0\u00a0\u00a0\u00a0\u00a0\u00a0\u00a0\u00a0\u00a0\u00a0\u00a0\u00a0\u00a0\u00a0\u00a0\u00a0\u00a0\u00a0\u00a0\u00a0\u00a0\u00a0\u00a0\u00a0\u00a0\u00a0\u00a0\u00a0\u00a0\u00a0\u00a0\u00a0\u00a0\u00a0\u00a0<em>Zsolt 85, 1\u20133<\/em><\/p>\n<p>Fordulj hozz\u00e1m \u00e9s hallgass meg, Uram. Szabad\u00edtsd meg, Istenem, szolg\u00e1dat, aki benned b\u00edzik. K\u00f6ny\u00f6r\u00fclj rajtam, Uram; l\u00e1tod: eg\u00e9sz nap hozz\u00e1d ki\u00e1ltok.<\/p>\n<p><strong>OLVASM\u00c1NY<\/strong>\u00a0\u00a0\u00a0\u00a0\u00a0\u00a0\u00a0\u00a0\u00a0\u00a0\u00a0\u00a0\u00a0\u00a0\u00a0\u00a0\u00a0\u00a0\u00a0\u00a0\u00a0\u00a0\u00a0\u00a0\u00a0\u00a0\u00a0\u00a0\u00a0\u00a0\u00a0\u00a0\u00a0\u00a0\u00a0\u00a0\u00a0\u00a0\u00a0\u00a0\u00a0\u00a0\u00a0\u00a0\u00a0\u00a0\u00a0\u00a0\u00a0\u00a0\u00a0\u00a0\u00a0\u00a0\u00a0 <em>Iz 66, 18\u201321<\/em><\/p>\n<p>Izrael n\u00e9p\u00e9t boldog \u00f6r\u00f6mmel t\u00f6lt\u00f6tte el az a tudat, hogy Isten kiv\u00e1lasztotta \u0151ket a nemzetek k\u00f6z\u00fcl. A pr\u00f3f\u00e9t\u00e1kn\u00e1l azonban megjelenik m\u00e1r a gondolat: a messi\u00e1si id\u0151ben a pog\u00e1ny n\u00e9pek is helyet kapnak Isten orsz\u00e1g\u00e1ban. \u00cdgy minden ember el\u0151tt nyilv\u00e1nval\u00f3 lesz a gondvisel\u0151 Isten egyetemes \u00fcdv\u00f6z\u00edt\u0151 sz\u00e1nd\u00e9ka.<\/p>\n<p><strong>V\u00c1LASZOS ZSOLT\u00c1R<\/strong> \u00a0\u00a0\u00a0\u00a0\u00a0\u00a0\u00a0\u00a0\u00a0\u00a0\u00a0\u00a0\u00a0\u00a0\u00a0\u00a0\u00a0\u00a0\u00a0\u00a0\u00a0\u00a0\u00a0\u00a0\u00a0\u00a0\u00a0\u00a0\u00a0\u00a0\u00a0\u00a0\u00a0\u00a0\u00a0<em>116. Zsolt\u00e1r <\/em><\/p>\n<p><strong>V\u00e1lasz: Menjetek el az <u>e<\/u>g\u00e9sz vil\u00e1gra, *<\/strong><\/p>\n<p><strong>\u00a0\u00a0\u00a0\u00a0\u00a0\u00a0\u00a0\u00a0\u00a0\u00a0\u00a0\u00a0\u00a0 \u00e9s hirdess\u00e9tek az evang\u00e9lium<u>o<\/u>t!<\/strong><\/p>\n<p>&nbsp;<\/p>\n<p><strong>SZENTLECKE\u00a0\u00a0 \u00a0<\/strong>\u00a0\u00a0\u00a0\u00a0\u00a0\u00a0\u00a0\u00a0\u00a0\u00a0\u00a0\u00a0\u00a0\u00a0\u00a0\u00a0\u00a0\u00a0\u00a0\u00a0\u00a0\u00a0\u00a0\u00a0\u00a0\u00a0\u00a0\u00a0\u00a0\u00a0\u00a0\u00a0\u00a0\u00a0<em>Zsid 12, 5\u20137. 11\u201313\u00a0 <\/em><\/p>\n<p>A f\u00f6ldi \u00e9let bajait, szenved\u00e9seit sokan Isten b\u00fcntet\u00e9s\u00e9nek tekintik, s emiatt elkeserednek. A h\u00edv\u0151 ember azonban ismeri a kereszthordoz\u00e1s \u00e9rtelm\u00e9t \u00e9s \u00e9rt\u00e9keit is. Isten mint j\u00f3 Aty\u00e1nk, \u00e1ltala nevel minket: figyelmeztet a j\u00f3ra, visszatart a rosszt\u00f3l, pr\u00f3b\u00e1ra teszi h\u0171s\u00e9g\u00fcnket \u00e9s lehet\u0151s\u00e9get ad az \u00e9rdemszerz\u00e9sre.<\/p>\n<p><strong>ALLELUJA<\/strong>\u00a0\u00a0\u00a0\u00a0 \u00a0\u00a0\u00a0\u00a0\u00a0\u00a0\u00a0\u00a0\u00a0\u00a0\u00a0\u00a0\u00a0\u00a0\u00a0\u00a0\u00a0\u00a0\u00a0\u00a0\u00a0\u00a0\u00a0\u00a0\u00a0\u00a0\u00a0\u00a0\u00a0\u00a0\u00a0\u00a0\u00a0\u00a0\u00a0\u00a0\u00a0\u00a0\u00a0\u00a0\u00a0\u00a0\u00a0\u00a0\u00a0\u00a0\u00a0\u00a0\u00a0\u00a0\u00a0\u00a0\u00a0\u00a0\u00a0\u00a0\u00a0\u00a0\u00a0\u00a0\u00a0\u00a0\u00a0\u00a0\u00a0<em>Jn 14, 6<\/em><\/p>\n<p>J\u00e9zus mondja: \u201e\u00c9n vagyok az \u00fat, az igazs\u00e1g \u00e9s az \u00e9let, * senki sem jut Aty\u00e1mhoz, csak \u00e1ltalam.\u201d<\/p>\n<p><strong>EVANG\u00c9LIUM\u00a0 <\/strong>\u00a0\u00a0\u00a0\u00a0\u00a0\u00a0\u00a0\u00a0\u00a0\u00a0\u00a0\u00a0\u00a0\u00a0\u00a0\u00a0\u00a0\u00a0\u00a0\u00a0\u00a0\u00a0\u00a0\u00a0\u00a0\u00a0\u00a0\u00a0\u00a0\u00a0\u00a0\u00a0\u00a0\u00a0\u00a0\u00a0\u00a0\u00a0\u00a0\u00a0\u00a0\u00a0\u00a0\u00a0<em>Lk 12, 22\u201330<\/em><\/p>\n<p>A mai evang\u00e9liumban J\u00e9zus h\u00e1rom fontos dolgot k\u00f6t a lelk\u00fcnkre. Az els\u0151: ne af\u00f6l\u00f6tt t\u00f6prengj\u00fcnk, sokan vagy kevesen \u00fcdv\u00f6z\u00fclnek, hanem tegy\u00fcnk meg mindent az\u00e9rt, hogy a saj\u00e1t \u00fcdv\u00f6ss\u00e9g\u00fcnket biztos\u00edtsuk. A m\u00e1sodik: j\u00f3l haszn\u00e1ljuk ki a r\u00f6vid \u00e9s bizonytalan \u00e9let\u00fcnket. A hal\u00e1llal ugyanis lez\u00e1rul az \u00e9rdemszerz\u00e9s ideje. A harmadik: ker\u00fclj\u00fck a vakmer\u0151 bizakod\u00e1st, vagyis ne halogassuk megt\u00e9r\u00e9s\u00fcnk idej\u00e9t. Isten irgalmas, de nem tudhatjuk, mikor sz\u00f3l\u00edt sz\u00e1mad\u00e1sra minket.<\/p>\n<p><strong>AZ EUCHARISZTI\u00c1HOZ<\/strong><\/p>\n<p>Az eucharisztikus lakoma el\u0151k\u00e9pe a mennyei lakom\u00e1nak. J\u00e9zus mindannyiunkat megh\u00edvott orsz\u00e1g\u00e1ba \u00e9s ott helyet k\u00e9sz\u00edtett sz\u00e1munkra. Rajtunk m\u00falik, hogy hit\u00fcnk \u00e9s h\u0171s\u00e9g\u00fcnk \u00e1ltal biztoss\u00e1 tessz\u00fck-e r\u00e9szv\u00e9tel\u00fcnket.<\/p>\n<p><strong>\u00c1LDOZ\u00c1SI \u00c9NEK<\/strong>\u00a0\u00a0\u00a0\u00a0\u00a0\u00a0\u00a0\u00a0\u00a0\u00a0\u00a0 \u00a0<em>\u00a0\u00a0\u00a0\u00a0\u00a0\u00a0\u00a0\u00a0\u00a0\u00a0\u00a0\u00a0\u00a0\u00a0\u00a0\u00a0\u00a0\u00a0\u00a0\u00a0\u00a0\u00a0\u00a0\u00a0\u00a0Zsolt 103. 13\u201315 \u00a0<\/em><\/p>\n<p>A f\u00f6ldet es\u0151vel \u00e1ztatod, Uram, hogy kenyeret teremjen a f\u00f6ld, \u00e9s bort, hadd vigadjon t\u0151le az emberi sz\u00edv.<\/p>\n<p>Vagy:\u00a0\u00a0\u00a0\u00a0\u00a0\u00a0\u00a0\u00a0\u00a0\u00a0\u00a0\u00a0\u00a0\u00a0\u00a0\u00a0\u00a0\u00a0\u00a0\u00a0\u00a0\u00a0\u00a0\u00a0\u00a0\u00a0\u00a0\u00a0\u00a0\u00a0\u00a0\u00a0\u00a0\u00a0\u00a0\u00a0\u00a0\u00a0\u00a0\u00a0\u00a0\u00a0\u00a0\u00a0\u00a0\u00a0\u00a0\u00a0\u00a0\u00a0\u00a0\u00a0\u00a0\u00a0\u00a0\u00a0\u00a0\u00a0\u00a0\u00a0\u00a0\u00a0\u00a0\u00a0\u00a0\u00a0 <em>\u00a0Jn 6, 55 <\/em><\/p>\n<p>\u00cdgy sz\u00f3l az \u00dar: Aki eszi az \u00e9n testemet \u00e9s issza az \u00e9n v\u00e9remet, annak \u00f6r\u00f6k \u00e9lete van, s felt\u00e1masztom az utols\u00f3 napon.<\/p>\n<p><strong>K\u00c9R\u00c9S<\/strong><\/p>\n<p>Mennyei Aty\u00e1nk! Te ismered gyarl\u00f3s\u00e1gunkat \u00e9s j\u00f3ra val\u00f3 rests\u00e9g\u00fcnket. \u00c1llj mellett\u00fcnk seg\u00edt\u0151 kegyelmeddel, hogy a j\u00f3 \u00fcgy \u00e9rdek\u00e9ben mindig k\u00e9szek legy\u00fcnk a lemond\u00e1sra \u00e9s a f\u00e1radalmak v\u00e1llal\u00e1s\u00e1ra! Krisztus, a mi Urunk \u00e1ltal.<\/p>\n<p><strong>ELM\u00c9LKED\u00c9S<\/strong><\/p>\n<p>A szeretet nem cs\u00fcgged a balsorsban, mert t\u00fcrelmes; nem \u00e1ll bossz\u00fat az ellens\u00e9gen, mert nagylelk\u0171: nem irigykedik a m\u00e1sikra, mert j\u00f3akarat\u00fa; nem gy\u00f6tri a rossz lelkiismeret, mert mindig a j\u00f3ra t\u00f6rekszik.<\/p>\n<p>&nbsp;<\/p>\n<p>N\u00c9H\u00c1NY GONDOLAT<\/p>\n<p>Semmi sem emel f\u00f6l \u00fagy, mint az al\u00e1zatoss\u00e1g, \u00e9s semmi sem al\u00e1z meg annyira, mint a kev\u00e9lys\u00e9g \u00e9s gy\u0171l\u00f6ls\u00e9g. B\u00e9k\u00edt\u0151 \u00e9s ne b\u00e9k\u00e9tlenked\u0151 l\u00e9gy! A jog c\u00e9lja a b\u00e9ke&#8230;<\/p>\n<p><em>Szent Istv\u00e1n kir\u00e1ly Intelmei<\/em><\/p>\n<p>&nbsp;<\/p>\n<p>A kereszt\u00e9ny embernek a vil\u00e1g forgatag\u00e1ban kell \u00e9lnie. De nem szabad feladnia elveit, nem hasonulhat a (b\u0171n\u00f6s) vil\u00e1ghoz, ellenkez\u0151leg meg kell szentelnie azt. Ezt a feladatot akkor is v\u00e1llalnunk kell, ha \u00e1ldozatot k\u00f6vetel t\u0151l\u00fcnk.<\/p>\n<p>&nbsp;<\/p>\n<p>Amint a sok b\u00fazaszemb\u0151l k\u00e9sz\u00fcl a keny\u00e9r, a sok sz\u0151l\u0151szemb\u0151l sajtolj\u00e1k a bort, ugyan\u00fagy kell szeretetben eggy\u00e9 v\u00e1lnunk nek\u00fcnk is, akik az Euchariszti\u00e1val t\u00e1pl\u00e1lkozunk. Az Eucharisztia ugyanis a szeretet k\u00f6tel\u00e9ke: a Krisztusban val\u00f3 egys\u00e9g\u00fcnk jele \u00e9s megval\u00f3s\u00edt\u00f3ja.<\/p>\n<p>&nbsp;<\/p>\n<p>IM\u00c1DS\u00c1G HAZ\u00c1NK\u00c9RT<\/p>\n<p>\u00daristen, akinek kez\u00e9ben van minden orsz\u00e1g \u00e9s n\u00e9p sorsa, \u00e1raszd haz\u00e1nkra mennyei \u00e1ld\u00e1sodat, t\u00e1voztasd el t\u0151l\u00fcnk az \u00e9hs\u00e9get, h\u00e1bor\u00fat, betegs\u00e9get, dr\u00e1gas\u00e1got. Vez\u00e9reld akaratod szerint el\u00f6lj\u00e1r\u00f3ink sz\u00edv\u00e9t, hogy az igazs\u00e1g, h\u0171s\u00e9g \u00e9s b\u00e9ke \u00e1ld\u00e1sai boldog\u00edts\u00e1k orsz\u00e1gunkat. Amen.<\/p>\n<p><em>A g\u00f6r\u00f6g katolikus h\u00edvek imak\u00f6nyv\u00e9b\u0151l<\/em><\/p>\n<p>&nbsp;<\/p>\n<p>IMA AZ IFJ\u00daS\u00c1G\u00c9RT<\/p>\n<p>Vezesd, \u00f3, Krisztus, az ifj\u00fas\u00e1got igazs\u00e1gban, hogy ne hagyj\u00e1k magukat t\u00e9v\u00fatra vezetni \u00faj b\u00e1lv\u00e1nyok \u00e1ltal, mint\u00a0 amilyen a magamutogat\u00f3 fogyaszt\u00e1s, a minden\u00e1ron val\u00f3 j\u00f3l\u00e9t, az erk\u00f6lcsi lazas\u00e1g, vagy az er\u0151szakos tiltakoz\u00e1s: hadd \u00e9lj\u00e9k meg ink\u00e1bb a Te \u00fczenetedet \u00f6r\u00f6mben, amely a Nyolc Boldogs\u00e1g \u00fczenete, az erk\u00f6lcsi elk\u00f6telezetts\u00e9g \u00fczenete a t\u00e1rsadalom hiteles alak\u00edt\u00e1sa \u00e9rdek\u00e9ben.<\/p>\n<p>Vezesd, \u00f3 Krisztus, valamennyi h\u0171s\u00e9gest a hitben, hogy a kereszt\u00e9ny hit hassa \u00e1t eg\u00e9sz \u00e9let\u00fcket, \u00e9s b\u00e1tor tan\u00fas\u00e1gtev\u0151kk\u00e9 tegye \u0151ket a vil\u00e1g el\u0151tt \u00fcdv\u00f6z\u00edt\u0151 k\u00fcldet\u00e9sed sor\u00e1n, hogy az Egyh\u00e1z tudatos \u00e9s cselekv\u0151 tagjai legyenek, akik bizonyosak abban, hogy Isten gyermekei, \u00e9s testv\u00e9rek minden n\u00e9ppel!\u00a0\u00a0\u00a0\u00a0\u00a0\u00a0\u00a0\u00a0\u00a0\u00a0\u00a0\u00a0\u00a0\u00a0\u00a0\u00a0\u00a0\u00a0\u00a0\u00a0 <em>II. J\u00e1nos P\u00e1l p\u00e1pa<\/em><\/p>\n<p>IM\u00c1DKOZZUNK BETEG TESTV\u00c9REINK\u00c9RT!<\/p>\n<p>&nbsp;<\/p>\n<p><strong>2019. augusztus 18.<\/strong><\/p>\n<p><strong>\u00c9VK\u00d6ZI 20. VAS\u00c1RNAP<\/strong><\/p>\n<p>Krisztus k\u00f6vet\u00e9se teljes odaad\u00e1st \u00e9s h\u0151siess\u00e9get k\u00edv\u00e1n A v\u00e9rtan\u00fak hossz\u00fa sora, a fel-fell\u00e1ngol\u00f3 \u00fcld\u00f6z\u00e9sek azt bizony\u00edtj\u00e1k, hogy \u00e1ldozatok n\u00e9lk\u00fcl nincsen kereszt\u00e9nys\u00e9g. Ez nem fanatizmus, hanem a szeretet elk\u00f6telezetts\u00e9g\u00e9t jelenti Krisztus ir\u00e1nt. \u0150 t\u00fczet hozott a f\u00f6ldre, \u00e9s azt akarja, hogy ez a t\u0171z a mi lelk\u00fcnkben is nagy l\u00e1nggal \u00e9gjen.<\/p>\n<p><strong>KEZD\u0150\u00c9NEK\u00a0 <\/strong>\u00a0\u00a0\u00a0\u00a0\u00a0\u00a0\u00a0\u00a0\u00a0\u00a0\u00a0\u00a0\u00a0\u00a0\u00a0\u00a0\u00a0\u00a0\u00a0\u00a0\u00a0\u00a0\u00a0\u00a0\u00a0\u00a0\u00a0\u00a0\u00a0\u00a0\u00a0\u00a0\u00a0\u00a0\u00a0\u00a0\u00a0\u00a0\u00a0\u00a0\u00a0\u00a0\u00a0\u00a0\u00a0\u00a0\u00a0\u00a0\u00a0<em>Zsolt 83, 10\u201311<\/em><\/p>\n<p>Oltalmaz\u00f3 Isten\u00fcnk, n\u00e9zz le r\u00e1nk, tekints kegyesen a te F\u00f6lkentedre! Bizony egy nap a te h\u00e1zadban ezernyi m\u00e1sn\u00e1l t\u00f6bbet \u00e9r.<\/p>\n<p><strong>OLVASM\u00c1NY<\/strong>\u00a0\u00a0\u00a0\u00a0\u00a0\u00a0\u00a0\u00a0\u00a0\u00a0\u00a0\u00a0\u00a0\u00a0\u00a0\u00a0\u00a0\u00a0\u00a0\u00a0\u00a0\u00a0\u00a0\u00a0\u00a0\u00a0\u00a0\u00a0\u00a0\u00a0\u00a0\u00a0\u00a0\u00a0\u00a0\u00a0\u00a0\u00a0\u00a0\u00a0\u00a0\u00a0\u00a0\u00a0\u00a0 <em>Jer 38, 4\u20136. 8\u201310<\/em><\/p>\n<p>Mi sem k\u00f6nnyebb, mint az igazs\u00e1g ember\u00e9t er\u0151szakkal eln\u00e9m\u00edtani. Ezt tett\u00e9k Jeremi\u00e1s pr\u00f3f\u00e9t\u00e1val is az \u0151 ellens\u00e9gei ahelyett, hogy megt\u00e9rtek volna figyelmeztet\u0151 szav\u00e1ra. Egyesek ma sem sz\u00edvesen hallgatj\u00e1k a figyelmeztet\u00e9st. Egyet azonban elfelejtenek: Isten sz\u00e1nd\u00e9kai a mi akaratunk ellen\u00e9re is megval\u00f3sulnak a vil\u00e1gban.<\/p>\n<p>&nbsp;<\/p>\n<p><strong>V\u00c1LASZOS ZSOLT\u00c1R<\/strong> \u00a0\u00a0\u00a0\u00a0\u00a0\u00a0\u00a0\u00a0\u00a0\u00a0\u00a0\u00a0\u00a0\u00a0\u00a0\u00a0\u00a0\u00a0\u00a0\u00a0\u00a0\u00a0\u00a0\u00a0\u00a0\u00a0\u00a0\u00a0\u00a0\u00a0\u00a0\u00a0\u00a0\u00a0\u00a0\u00a0\u00a0<em>39. Zsolt\u00e1r <\/em><\/p>\n<p><strong>V\u00e1lasz: Uram, irgalmadban m<u>e<\/u>nts meg engem. *<\/strong><\/p>\n<p><strong>\u00a0\u00a0\u00a0\u00a0\u00a0\u00a0\u00a0\u00a0\u00a0\u00a0\u00a0\u00a0\u00a0 Uram, siess s<u>e<\/u>g\u00edts\u00e9gemre!<\/strong><\/p>\n<p>&nbsp;<\/p>\n<p><strong>SZENTLECKE\u00a0 <\/strong>\u00a0\u00a0\u00a0\u00a0\u00a0\u00a0\u00a0\u00a0\u00a0\u00a0\u00a0\u00a0\u00a0\u00a0\u00a0\u00a0\u00a0\u00a0\u00a0\u00a0\u00a0\u00a0\u00a0\u00a0\u00a0\u00a0\u00a0\u00a0\u00a0\u00a0\u00a0\u00a0\u00a0\u00a0\u00a0\u00a0\u00a0\u00a0\u00a0\u00a0\u00a0\u00a0\u00a0\u00a0\u00a0\u00a0\u00a0\u00a0<em>Zsid 12, 1\u20134 <\/em><\/p>\n<p>Krisztus a vil\u00e1g b\u0171nei\u00e9rt v\u00e1llalta a f\u00f6ldi \u00e9let minden megpr\u00f3b\u00e1ltat\u00e1s\u00e1t. \u00dcdv\u00f6ss\u00e9g\u00fcnk\u00e9rt nek\u00fcnk is k\u00e9szen kell lenn\u00fcnk minden \u00e1ldozatra. Isten a v\u00e9rtan\u00fas\u00e1g kegyelm\u00e9t keveseknek adja meg, de mindenkit\u0151l megk\u00edv\u00e1nja hivat\u00e1s\u00e1val kapcsolatos k\u00f6teless\u00e9gei h\u0171s\u00e9ges teljes\u00edt\u00e9s\u00e9t.<\/p>\n<p><strong>ALLELUJA\u00a0 <\/strong>\u00a0\u00a0\u00a0\u00a0\u00a0\u00a0\u00a0\u00a0\u00a0\u00a0\u00a0\u00a0\u00a0\u00a0\u00a0\u00a0\u00a0\u00a0\u00a0\u00a0\u00a0\u00a0\u00a0\u00a0\u00a0\u00a0\u00a0\u00a0\u00a0\u00a0\u00a0\u00a0\u00a0\u00a0\u00a0\u00a0\u00a0\u00a0\u00a0\u00a0\u00a0\u00a0\u00a0\u00a0\u00a0\u00a0\u00a0\u00a0\u00a0\u00a0\u00a0\u00a0\u00a0\u00a0\u00a0\u00a0\u00a0\u00a0\u00a0\u00a0\u00a0\u00a0\u00a0\u00a0\u00a0<em>Jn 10, 27<\/em><\/p>\n<p>J\u00e9zus mondja: \u201eJuhaim hallgatnak szavamra, * ismerem \u0151ket \u00e9s nyomomban j\u00e1rnak.\u201d<\/p>\n<p><strong>EVANG\u00c9LIUM<\/strong>\u00a0\u00a0\u00a0\u00a0\u00a0\u00a0\u00a0\u00a0\u00a0\u00a0\u00a0\u00a0\u00a0\u00a0\u00a0\u00a0\u00a0\u00a0\u00a0\u00a0\u00a0\u00a0\u00a0\u00a0\u00a0\u00a0\u00a0\u00a0\u00a0\u00a0\u00a0\u00a0\u00a0\u00a0\u00a0\u00a0\u00a0\u00a0\u00a0\u00a0\u00a0\u00a0\u00a0\u00a0\u00a0 <em>Lk 12, 49\u201353<\/em><\/p>\n<p>J\u00e9zus azt mondja mag\u00e1r\u00f3l: \u201eAz\u00e9rt j\u00f6ttem, hogy t\u00fczet gy\u00fajtsak a f\u00f6ld\u00f6n.\u201d Ezzel azt akarta mondani: K\u00f6vet\u0151i sz\u00e1m\u00edthatnak arra, hogy hit\u00fck miatt szembeker\u00fclnek embert\u00e1rsaikkal, s\u0151t rokonaikkal is. Ilyen esetekben el kell d\u00f6nteni\u00f6k: kit r\u00e9szes\u00edtenek el\u0151nyben.<\/p>\n<p><strong>AZ EUCHARISZTI\u00c1HOZ<\/strong><\/p>\n<p>J\u00e9zus a mennyei Atya akarat\u00e1t kereste \u00e9s teljes\u00edtette. J\u00e9zus azt mondta: Az \u00e9n eledelem az, hogy mennyei Aty\u00e1m akarat\u00e1t teljes\u00edtsem. Az Eucharisztia kenyere minket is k\u00e9pes\u00edt arra, hogy Isten akarata szerint \u00e9lj\u00fcnk.<\/p>\n<p><strong>\u00c1LDOZ\u00c1SI \u00c9NEK<\/strong>\u00a0\u00a0\u00a0\u00a0\u00a0\u00a0\u00a0\u00a0\u00a0\u00a0\u00a0\u00a0\u00a0\u00a0\u00a0\u00a0\u00a0\u00a0\u00a0\u00a0\u00a0\u00a0\u00a0\u00a0\u00a0\u00a0\u00a0\u00a0\u00a0\u00a0\u00a0\u00a0\u00a0\u00a0\u00a0\u00a0\u00a0\u00a0\u00a0\u00a0\u00a0\u00a0\u00a0\u00a0\u00a0\u00a0\u00a0\u00a0\u00a0\u00a0 <em>Zsolt 129, 7 <\/em><\/p>\n<p>Az \u00dar maga a j\u00f3s\u00e1g: teljes a szabadul\u00e1s n\u00e1la.<\/p>\n<p>Vagy:\u00a0\u00a0\u00a0\u00a0\u00a0\u00a0\u00a0\u00a0\u00a0\u00a0\u00a0\u00a0\u00a0\u00a0\u00a0\u00a0\u00a0\u00a0\u00a0\u00a0\u00a0\u00a0\u00a0\u00a0\u00a0\u00a0\u00a0\u00a0\u00a0\u00a0\u00a0\u00a0\u00a0\u00a0\u00a0\u00a0\u00a0\u00a0\u00a0\u00a0\u00a0\u00a0\u00a0\u00a0\u00a0\u00a0\u00a0\u00a0\u00a0\u00a0\u00a0\u00a0\u00a0\u00a0\u00a0\u00a0\u00a0\u00a0\u00a0\u00a0 <em>\u00a0Jn 6, 51\u201352 <\/em><\/p>\n<p>\u00cdgy sz\u00f3l az \u00dar: \u00c9n vagyok a mennyb\u0151l al\u00e1sz\u00e1llott \u00e9l\u0151 keny\u00e9r. Aki e keny\u00e9rb\u0151l eszik, \u00f6r\u00f6kk\u00e9 \u00e9l.<\/p>\n<p><strong>K\u00c9R\u00c9S<\/strong><\/p>\n<p>Mennyei Aty\u00e1nk, engedd, hogy h\u00edv\u00f3 szavadat soha ne nyomja el sz\u00edv\u00fcnkben a vil\u00e1g zaja, hanem \u00e1lljunk mindig k\u00e9szen a te k\u00f6vet\u00e9sedre!<\/p>\n<p>&nbsp;<\/p>\n<p>SZENT ISTV\u00c1N KIR\u00c1LY,<\/p>\n<p>MAGYARORSZ\u00c1G F\u0150V\u00c9D\u0150SZENTJE<\/p>\n<p>Augusztus 20.<\/p>\n<p>Augusztus 16-\u00e1n, p\u00e9nteken a vil\u00e1g minden orsz\u00e1g\u00e1ban megeml\u00e9keztek Szent Istv\u00e1n kir\u00e1lyr\u00f3l. Mi, magyarok: augusztus 20-\u00e1n tartjuk f\u0151\u00fcnnep\u00e9t. Ez az egyik legr\u00e9gibb magyar \u00fcnnepnap, a kereszt\u00e9ny magyar \u00e1llamalap\u00edt\u00e1s, a magyar \u00e1llam ezer\u00e9ves folytonoss\u00e1g\u00e1nak eml\u00e9knapja.<\/p>\n<p>Uralkod\u00e1sa idej\u00e9n Istv\u00e1n m\u00e9g augusztus 15-\u00e9t, Nagyboldogasszony napj\u00e1t avatta \u00fcnnepp\u00e9, akkorra h\u00edvta \u00f6ssze Feh\u00e9rv\u00e1rra a kir\u00e1lyi tan\u00e1csot \u00e9s tartott t\u00f6rv\u00e9nynapot. \u00c9lete v\u00e9g\u00e9n a beteg kir\u00e1ly ezen a napon aj\u00e1nlotta fel az orsz\u00e1got Sz\u0171z M\u00e1ri\u00e1nak, \u00e9s 1038-ban \u0151 maga is ezen a napon halt meg.<\/p>\n<p>Az \u00fcnnep d\u00e1tum\u00e1t Szent L\u00e1szl\u00f3 kir\u00e1ly tette \u00e1t augusztus 20-\u00e1ra, mert 1083-ban VII. Gergely p\u00e1pa hozz\u00e1j\u00e1rul\u00e1s\u00e1val ezen a napon emeltett\u00e9k olt\u00e1rra Istv\u00e1n kir\u00e1ly relikvi\u00e1it a sz\u00e9kesfeh\u00e9rv\u00e1ri bazilik\u00e1ban, ami szentt\u00e9 avat\u00e1s\u00e1val volt egyen\u00e9rt\u00e9k\u0171. Szent Istv\u00e1n kir\u00e1ly \u00fcnnep\u00e9nek megtart\u00e1s\u00e1r\u00f3l m\u00e1r az 1222. \u00e9vi Aranybulla els\u0151 pontja is rendelkezett.<\/p>\n<p>(Nagy) Lajos uralkod\u00e1s\u00e1t\u00f3l (1342-1382) kezdve egyh\u00e1zi \u00fcnnepk\u00e9nt \u00e9lt tov\u00e1bb ez a nap. Istv\u00e1n kultusza Eur\u00f3pa-szerte elterjedt, de a kir\u00e1lyt az egyetemes egyh\u00e1z nev\u00e9ben csak 1686-ban nyilv\u00e1n\u00edtotta szentt\u00e9 XI. Ince p\u00e1pa, \u00fcnnepnapja szeptember 2. lett. A katolikus egyh\u00e1zf\u0151 azt is elrendelte, hogy Buda t\u00f6r\u00f6kt\u0151l val\u00f3 visszafoglal\u00e1s\u00e1nak \u00e9vfordul\u00f3j\u00e1n az eg\u00e9sz katolikus vil\u00e1g minden \u00e9vben eml\u00e9kezzen meg Szent Istv\u00e1n \u00fcnnep\u00e9r\u0151l, amelyet az egyetemes egyh\u00e1z 1969 \u00f3ta augusztus 16-\u00e1n (egy nappal Nagyboldogasszony napja ut\u00e1n) tart.<\/p>\n<p>XIV. Kelemen p\u00e1pa 1771-ben cs\u00f6kkentette az egyh\u00e1zi \u00fcnnepek sz\u00e1m\u00e1t, \u00e9s a Szent Istv\u00e1n-nap meg\u00fcl\u00e9se is kimaradt a sorb\u00f3l. M\u00e1ria Ter\u00e9zia szinte ugyanekkor a p\u00e1pa hozz\u00e1j\u00e1rul\u00e1s\u00e1val elrendelte, hogy a szent kir\u00e1ly \u00fcnnepe, augusztus 20. Magyarorsz\u00e1gon nemzeti \u00fcnnep legyen, \u00e9s a napt\u00e1rakba felv\u00e9tess\u00e9k. Ugyancsak 1771-ben Raguz\u00e1b\u00f3l (Dubrovnik) B\u00e9csbe, majd Bud\u00e1ra hozatta Istv\u00e1n k\u00e9zfejerekly\u00e9j\u00e9t, a Szent Jobbot, amelyet ett\u0151l kezdve minden \u00e9v augusztus 20-\u00e1n k\u00f6rmenetben vittek v\u00e9gig a v\u00e1roson.<\/p>\n<p>&nbsp;<\/p>\n<p>OLTALMAD AL\u00c1 FUTUNK&#8230;<\/p>\n<p>Oltalmad al\u00e1 futunk Istennek szent Anyja! Ne vesd meg k\u00f6ny\u00f6rg\u00e9s\u00fcnket sz\u00fcks\u00e9g\u00fcnk idej\u00e9n, hanem oltalmazz meg minket minden veszedelemt\u0151l mindenkor dics\u0151s\u00e9ges \u00e9s \u00e1ldott Sz\u0171z. Asszonyunk, K\u00f6zbenj\u00e1r\u00f3nk \u00e9s sz\u00f3sz\u00f3l\u00f3nk! Engeszteld \u00e9rt\u00fcnk Fiadat, aj\u00e1nlj minket Fiadnak, mutass be minket szent Fiadnak. Amen.<\/p>\n<p>&nbsp;<\/p>\n<p>MOST SEG\u00cdTS MEG M\u00c1RIA&#8230;<\/p>\n<p>Most seg\u00edts meg M\u00e1ria, \u00f3 irgalmas Sz\u0171zanya! Keserv\u00e9t a b\u00fanak, bajnak eloszlatni van hatalmad. Hol m\u00e1r ember nem seg\u00edthet, a Te er\u0151d nem t\u00f6rik meg. H\u0151 im\u00e1it gyermekidnek nem, Te soha nem veted meg. Hol a sz\u00fcks\u00e9g k\u00ednja nagy, mutasd meg, hogy any\u00e1nk vagy. Most seg\u00edts meg M\u00e1ria, \u00f3 irgalmas Sz\u0171zanya! Amen.<\/p>\n<p>&nbsp;<\/p>\n<p><strong>2019. augusztus 11.<\/strong><\/p>\n<p><strong>\u00c9VK\u00d6ZI 19. VAS\u00c1RNAP<\/strong><\/p>\n<p>Az \u00e9bers\u00e9g \u00e9s a k\u00e9szenl\u00e9t gondolata mindig id\u0151szer\u0171 az \u00e9v minden napj\u00e1nak minden perc\u00e9ben. \u00c9bers\u00e9g\u00fcnkkel a jelen esem\u00e9yekre figyel\u00fcnk, a k\u00e9szenl\u00e9ttel pedig a j\u00f6v\u0151nket igyeksz\u00fcnk biztos\u00edtani. \u00dagy \u00e9lj\u00fcnk, hogy a sz\u00e1mad\u00e1s napja ne v\u00e1ratlanul lepjen meg benn\u00fcnket.<\/p>\n<p><strong>KEZD\u0150\u00c9NEK<\/strong>\u00a0\u00a0\u00a0\u00a0\u00a0\u00a0\u00a0\u00a0\u00a0\u00a0\u00a0\u00a0\u00a0\u00a0\u00a0\u00a0\u00a0\u00a0\u00a0\u00a0\u00a0\u00a0\u00a0\u00a0\u00a0\u00a0\u00a0\u00a0\u00a0\u00a0\u00a0\u00a0\u00a0\u00a0\u00a0\u00a0\u00a0 <em>Zsolt 73, 20. 19. 22. 23<\/em><\/p>\n<p>Tekints sz\u00f6vets\u00e9gedre, Isten\u00fcnk, \u00e9s ne hagyd v\u00e9gleg mag\u00e1ra a r\u00e1d hagyatkoz\u00f3t. Kelj fel, Uram, v\u00e9dd meg \u00fcgyedet, \u00e9s hallgasd meg a hozz\u00e1d k\u00f6ny\u00f6rg\u0151k szav\u00e1t.<\/p>\n<p><strong>OLVASM\u00c1NY<\/strong>\u00a0\u00a0\u00a0\u00a0\u00a0\u00a0\u00a0\u00a0\u00a0\u00a0\u00a0\u00a0\u00a0\u00a0\u00a0\u00a0\u00a0\u00a0\u00a0\u00a0\u00a0\u00a0\u00a0\u00a0\u00a0\u00a0\u00a0\u00a0\u00a0\u00a0\u00a0\u00a0\u00a0\u00a0\u00a0\u00a0\u00a0\u00a0\u00a0\u00a0\u00a0\u00a0\u00a0\u00a0\u00a0\u00a0\u00a0\u00a0\u00a0\u00a0\u00a0\u00a0 <em>B\u00f6lcs 18, 6\u20139<\/em><\/p>\n<p>A v\u00e1lasztott n\u00e9p v\u00e1rva v\u00e1rta az egyiptomi rabs\u00e1gb\u00f3l val\u00f3 szabadul\u00e1s napj\u00e1t. B\u00edzott Isten j\u00f3s\u00e1g\u00e1ban \u00e9s hatalm\u00e1ban. S nem is csal\u00f3dott! Isten k\u00fcl\u00f6nf\u00e9le csap\u00e1sokkal arra k\u00e9nyszer\u00edtette a f\u00e1ra\u00f3t, hogy elengedje a v\u00e1lasztott n\u00e9pet. Isten most is vel\u00fcnk van: seg\u00edt, hogy megszabaduljunk minden rosszt\u00f3l, \u00e9s eredm\u00e9nyesen v\u00edvjuk meg \u00e9let\u00fcnk harcait.<\/p>\n<p><strong>V\u00c1LASZOS ZSOLT\u00c1R<\/strong> \u00a0\u00a0\u00a0\u00a0\u00a0\u00a0\u00a0\u00a0\u00a0\u00a0\u00a0\u00a0\u00a0\u00a0\u00a0\u00a0\u00a0\u00a0\u00a0\u00a0\u00a0\u00a0\u00a0\u00a0\u00a0\u00a0\u00a0\u00a0\u00a0\u00a0\u00a0\u00a0\u00a0\u00a0\u00a0\u00a0\u00a0<em>32. Zsolt\u00e1r <\/em><\/p>\n<p><strong>V\u00e1lasz: Boldog az a n<u>e<\/u>mzet, *<\/strong><\/p>\n<p><strong>\u00a0\u00a0\u00a0\u00a0\u00a0\u00a0\u00a0\u00a0\u00a0\u00a0\u00a0\u00a0\u00a0 melyet az \u00dar \u00f6r\u00f6ks\u00e9g\u00fcl v<u>\u00e1<\/u>lasztott mag\u00e1nak.<\/strong><\/p>\n<p><strong>SZENTLECKE <\/strong>\u00a0\u00a0\u00a0\u00a0\u00a0\u00a0\u00a0\u00a0\u00a0\u00a0\u00a0\u00a0\u00a0\u00a0\u00a0\u00a0\u00a0\u00a0\u00a0\u00a0\u00a0\u00a0\u00a0\u00a0\u00a0\u00a0\u00a0\u00a0\u00a0\u00a0\u00a0\u00a0\u00a0\u00a0\u00a0\u00a0\u00a0\u00a0\u00a0<em>Zsid 11, 1\u20132. 8\u201319 <\/em><\/p>\n<p>Az \u00d3sz\u00f6vets\u00e9g nagyjai az Istenbe vetett hit \u00e9s rem\u00e9ny p\u00e9ldak\u00e9pei sz\u00e1munkra. A szenved\u00e9s \u00e9s a megpr\u00f3b\u00e1ltat\u00e1s idej\u00e9n is h\u0171s\u00e9gesen kitartottak Isten mellett. Isten \u00edg\u00e9reteinek beteljesedes\u00e9re nek\u00fcnk is v\u00e1rakoznunk kell. Hitben, rem\u00e9nyben \u00e9s szeretetben t\u00f6lts\u00fck a v\u00e1rakoz\u00e1s idej\u00e9t.<\/p>\n<p><strong>ALLELUJA\u00a0\u00a0\u00a0 <\/strong>\u00a0\u00a0\u00a0\u00a0\u00a0\u00a0\u00a0\u00a0\u00a0\u00a0\u00a0\u00a0\u00a0\u00a0\u00a0\u00a0\u00a0\u00a0\u00a0\u00a0\u00a0\u00a0\u00a0\u00a0\u00a0\u00a0\u00a0\u00a0\u00a0\u00a0\u00a0\u00a0\u00a0\u00a0\u00a0\u00a0\u00a0\u00a0\u00a0\u00a0\u00a0\u00a0\u00a0\u00a0\u00a0\u00a0\u00a0\u00a0\u00a0\u00a0<em>Mt 24, 42a \u00e9s 44<\/em><\/p>\n<p>Virrasszatok \u00e9s \u00e1lljatok k\u00e9szen, * mert nem tudj\u00e1tok, hogy az Emberfia mikor \u00e9rkezik.<\/p>\n<p><strong>EVANG\u00c9LIUM\u00a0\u00a0 <\/strong>\u00a0\u00a0\u00a0\u00a0\u00a0\u00a0\u00a0\u00a0\u00a0\u00a0\u00a0\u00a0\u00a0\u00a0\u00a0\u00a0\u00a0\u00a0\u00a0\u00a0\u00a0\u00a0\u00a0\u00a0\u00a0\u00a0\u00a0\u00a0\u00a0\u00a0\u00a0\u00a0\u00a0\u00a0\u00a0\u00a0\u00a0\u00a0\u00a0\u00a0\u00a0\u00a0\u00a0<em>Lk 12, 32\u201348<\/em><\/p>\n<p>J\u00e9zus \u00e1lland\u00f3 virraszt\u00e1sra sz\u00f3l\u00edtja fel \u00f6v\u00e9it. Ez nagy er\u0151fesz\u00edt\u00e9st k\u00edv\u00e1n. Ez\u00e9rt csak az lehet J\u00e9zus tan\u00edtv\u00e1nya, akiben megvan az \u00e1ldozatk\u00e9szs\u00e9g szelleme. Ehhez J\u00e9zus \u00edg\u00e9rete szerint megkapjuk a sz\u00fcks\u00e9ges\u00a0 lelki er\u0151t.<\/p>\n<p><strong>AZ EUCHARISZTI\u00c1HOZ<\/strong><\/p>\n<p>Az olt\u00e1r k\u00f6r\u00e9 \u00f6sszegy\u0171lt h\u00edvek \u2013 ak\u00e1r sokan vannak, ak\u00e1r kevesen \u2013 mindig Isten jelenl\u00e9t\u00e9t tan\u00fas\u00edtj\u00e1k. Az olt\u00e1rt\u00f3l \u00e1rad ugyanis mind a h\u00edvekre, mind a vil\u00e1gra a megv\u00e1lt\u00e1s kegyelme.<\/p>\n<p><strong>\u00c1LDOZ\u00c1SI \u00c9NEK<\/strong>\u00a0\u00a0\u00a0\u00a0\u00a0\u00a0\u00a0\u00a0\u00a0\u00a0\u00a0\u00a0\u00a0\u00a0\u00a0\u00a0\u00a0\u00a0\u00a0\u00a0\u00a0\u00a0\u00a0\u00a0\u00a0\u00a0\u00a0\u00a0\u00a0\u00a0\u00a0\u00a0\u00a0\u00a0\u00a0\u00a0\u00a0\u00a0\u00a0\u00a0\u00a0 <em>Zsolt 147, 12. 14 <\/em><\/p>\n<p>Isten n\u00e9pe, magasztald az Urat, mert \u0151 t\u00e1pl\u00e1l t\u00e9ged a gabona jav\u00e1val.<\/p>\n<p>Vagy:\u00a0\u00a0\u00a0\u00a0\u00a0\u00a0\u00a0\u00a0\u00a0\u00a0\u00a0\u00a0\u00a0\u00a0\u00a0\u00a0\u00a0\u00a0\u00a0\u00a0\u00a0\u00a0\u00a0\u00a0\u00a0\u00a0\u00a0\u00a0\u00a0\u00a0\u00a0\u00a0\u00a0\u00a0\u00a0 \u00a0\u00a0\u00a0\u00a0\u00a0\u00a0\u00a0\u00a0\u00a0<em>\u00a0\u00a0\u00a0\u00a0\u00a0\u00a0\u00a0\u00a0\u00a0\u00a0\u00a0\u00a0\u00a0\u00a0\u00a0\u00a0\u00a0\u00a0\u00a0\u00a0\u00a0\u00a0\u00a0Jn 6, 52<\/em><\/p>\n<p>\u00cdgy sz\u00f3l az \u00dar: A keny\u00e9r, amelyet adok, az \u00e9n testem a vil\u00e1g \u00e9let\u00e9\u00e9rt.<\/p>\n<p><strong>ELM\u00c9LKED\u00c9S<\/strong><\/p>\n<p>Uram, J\u00e9zus Krisztus, az\u00e9rt j\u00f6tt\u00e9l \u00e9s h\u00edvtad az embereket, hogy k\u00f6vessenek t\u00e9ged. Oly keveset tudok r\u00f3lad! L\u00e9pj a lelkem el\u00e9! Nyisd meg szememet, hogy l\u00e1ssam, ki vagy! Nyisd meg f\u00fclemet, hogy bel\u00e9m hatoljanak szavaid! Sz\u00f3l\u00edtsd sz\u00edvemet, hogy f\u00f6l\u00e9bredjen \u00e9s t\u00e9ged k\u00f6vessen! Tan\u00edtv\u00e1nyod akarok lenni, Uram, h\u00edvj engem is! Veled megyek \u00e9s veled dolgozom.<\/p>\n<p><em>Romano Guardini<\/em><\/p>\n<p>&nbsp;<\/p>\n<p>ISTEN \u00c9LTESSE A KL\u00c1R\u00c1KAT!<\/p>\n<p>Augusztus 11-e <em>Assisi Szent Kl\u00e1ra<\/em> napja. Mivel id\u00e9n vas\u00e1rnapra esik, ez\u00e9rt elmarad liturgikus \u00fcnnepl\u00e9se.<\/p>\n<p>Assisiben sz\u00fcletett 1193-ban. A szeg\u00e9nys\u00e9g \u00fatj\u00e1n sz\u00fcl\u0151v\u00e1ros\u00e1nak nagy fi\u00e1t, Ferencet k\u00f6vette. Alap\u00edt\u00f3anyja a r\u00f3la elnevezett n\u0151i szerzetesrendnek. Szigor\u00fa szeg\u00e9nys\u00e9gben \u00e9lt, de m\u00e9gis gazdag volt a szeretet \u00e9s a j\u00e1mbors\u00e1g tetteiben. Szoros lelki bar\u00e1ts\u00e1g f\u0171zte szerzetest\u00e1rs\u00e1hoz Pr\u00e1gai Szent \u00c1gneshez, III. B\u00e9la kir\u00e1lyunk unok\u00e1j\u00e1hoz. Meghalt 1253. augusztus 11-\u00e9n, az assisi Szent Damj\u00e1n-kolostorban.<\/p>\n<p><em>Assisi Szent Kl\u00e1ra, k\u00f6ny\u00f6r\u00f6gj \u00e9rett\u00fcnk!<\/em><\/p>\n<p>&nbsp;<\/p>\n<p>TAN\u00cdT\u00c1S A VAS\u00c1RNAPR\u00d3L<\/p>\n<p>A szentmis\u00e9n val\u00f3\u00a0 r\u00e9szv\u00e9tel nem mell\u00e9kes dolog, amelyet a szabadon maradt id\u0151re beosztunk, hanem a nap k\u00f6zpontja, amelyhez egy\u00e9b terveinket alkalmazzuk. Nem j\u00f3 megold\u00e1s, ha valaki szombaton \u201eletudja\u201d misek\u00f6telezetts\u00e9g\u00e9t, hogy vas\u00e1rnap agyondolgozza vagy agyonhajszolja, esetleg agyonunja mag\u00e1t. Komoly ok n\u00e9lk\u00fcl nem aj\u00e1nljuk a vas\u00e1rnapi mise el\u0151v\u00e9telez\u00e9s\u00e9t szombat est\u00e9re, mert ez k\u00f6nnyen a vas\u00e1rnapi \u00fcnnepl\u00e9s elsek\u00e9lyesed\u00e9s\u00e9re vezet. Szolg\u00e1ljon ink\u00e1bb a szombati esti vas\u00e1rnapkezd\u00e9s el\u0151k\u00e9sz\u00fclet\u00fcl: a vas\u00e1rnapi liturgia, olvasm\u00e1nyok \u00e1telm\u00e9lked\u00e9se ut\u00e1n \u00e1t\u00e9ltebben, gy\u00fcm\u00f6lcs\u00f6z\u0151bben vesz\u00fcnk r\u00e9szt a szentmis\u00e9n.<\/p>\n<p>&nbsp;<\/p>\n<p>SZ\u0170Z M\u00c1RIA MENNYBEV\u00c9TELE:<\/p>\n<p>NAGYBOLDOGASSZONY<\/p>\n<p>Augusztus 15.<\/p>\n<p>Nagys\u00e1g\u00e1t \u00e9s hatalm\u00e1t mutatta meg Isten akkor, amikor Fi\u00e1nak \u00e9desanyj\u00e1t meg\u00f3vta az \u00e1tered\u0151 b\u0171nt\u0151l. Isten nagys\u00e1ga \u00e9s hatalma nyilv\u00e1nult meg abban is, hogy a Sz\u0171zanya teste nem lett az eny\u00e9szet\u00e9, hanem \u00e9lete v\u00e9gezt\u00e9vel Isten megdics\u0151\u00edtette \u0151t testben \u00e9s l\u00e9lekben, f\u00f6lvette a mennybe, \u00e9s a Vil\u00e1g Kir\u00e1lyn\u0151j\u00e9v\u00e9 tette.<\/p>\n<p>A Sz\u0171zany\u00e1nak ez az \u00fcnnepe azt jelzi sz\u00e1munkra, hogy a felt\u00e1mad\u00e1s ut\u00e1n test\u00fcnknek is r\u00e9sze lesz az \u00f6r\u00f6k boldogs\u00e1gban. H\u00e1ny embernek adott m\u00e1r er\u0151t a s\u00e1t\u00e1ntipr\u00f3 Sz\u0171zanya alakja! H\u00e1nyszor t\u00e1madt a t\u00f6rt\u00e9nelem folyam\u00e1n az istentelens\u00e9g az Asszony Gyermek\u00e9re! H\u00e1nyszor t\u00e1madt\u00e1k meg mag\u00e1t a M\u00e1ria-tiszteletet! Id\u0151r\u0151l id\u0151re az Isten hangja \u00e9rv\u00e9nyes\u00fclt: \u201eElj\u00f6tt az \u0151 F\u00f6lkentj\u00e9nek uralma!\u201d S elj\u00f6tt a F\u00f6lkent \u00e9desanyj\u00e1nak \u201euralma\u201d, tisztelete.<\/p>\n<p>Rendk\u00edv\u00fcl gazdag a Boldogs\u00e1gos Sz\u0171z M\u00e1ria szerepe magyar kereszt\u00e9nys\u00e9g\u00fcnkben. \u00dcnnepelj\u00fck zar\u00e1ndoklattal vagy b\u00facs\u00fai szentmis\u00e9vel ezt a f\u0151\u00fcnnepet, ami paracsolt \u00fcnnep sz\u00e1munkra. Menj\u00fcnk szentmis\u00e9re ezen a napon!<\/p>\n<p><em>Olvasm\u00e1ny \u2013 Jel 11, 19a. 12, 1\u20136a. 10<\/em><\/p>\n<p><em>Szentlecke \u2013 1 Kor 15, 20\u201327c <\/em><\/p>\n<p><em>Evang\u00e9lium \u2013 Lk 1, 39\u201356<\/em><\/p>\n<p>&nbsp;<\/p>\n<p><strong>2019. augusztus 4.<\/strong><\/p>\n<p><strong>\u00c9VK\u00d6ZI 18. VAS\u00c1RNAP<\/strong><\/p>\n<p>F\u00f6ldi \u00e9let\u00fcnkben elengedhetetlen\u00fcl sz\u00fcks\u00e9g\u00fcnk van bizonyos anyagi javakra. A vagyonnal nagyon sok j\u00f3t lehet tenni, de a kapzsis\u00e1gt\u00f3l \u0151rizkedn\u00fcnk kell. A mai olvasm\u00e1nyok megtan\u00edtanak arra, hogy a f\u00f6ldi dolgokat csak eszk\u00f6znek tekints\u00fck, els\u0151sorban az odaf\u00f6ntval\u00f3kat keress\u00fck, hogy Istenben gazdagodjunk.<\/p>\n<p><strong>KEZD\u0150\u00c9NEK<\/strong>\u00a0\u00a0\u00a0\u00a0\u00a0\u00a0\u00a0\u00a0\u00a0\u00a0\u00a0\u00a0\u00a0\u00a0\u00a0\u00a0\u00a0\u00a0\u00a0\u00a0\u00a0\u00a0\u00a0\u00a0\u00a0\u00a0\u00a0\u00a0\u00a0\u00a0\u00a0\u00a0\u00a0\u00a0\u00a0\u00a0\u00a0\u00a0\u00a0\u00a0\u00a0\u00a0\u00a0\u00a0\u00a0\u00a0\u00a0\u00a0\u00a0\u00a0\u00a0\u00a0\u00a0\u00a0\u00a0\u00a0\u00a0 <em>Zsolt 69, 26<\/em><\/p>\n<p>Istenem, j\u00f6jj seg\u00edts\u00e9gemre, Uram, siess, seg\u00edts meg engem! Seg\u00edt\u0151m \u00e9s megment\u0151m te vagy, \u00e9n Istenem, ne k\u00e9slekedj!<\/p>\n<p><strong>OLVASM\u00c1NY <\/strong>\u00a0\u00a0\u00a0\u00a0\u00a0\u00a0\u00a0\u00a0\u00a0\u00a0\u00a0\u00a0\u00a0\u00a0\u00a0\u00a0\u00a0\u00a0\u00a0\u00a0\u00a0\u00a0\u00a0\u00a0\u00a0\u00a0\u00a0\u00a0\u00a0\u00a0\u00a0\u00a0\u00a0\u00a0\u00a0\u00a0\u00a0\u00a0\u00a0\u00a0\u00a0\u00a0<em>Pr\u00e9d 1, 2; 2, 21\u201323<\/em><\/p>\n<p>Az \u00f3sz\u00f6vets\u00e9gi kinyilatkoztat\u00e1s az \u00e9let sok k\u00ednz\u00f3 k\u00e9rd\u00e9s\u00e9re nem adott egy\u00e9rtelm\u0171 v\u00e1laszt. De \u00e9bren tartotta az Istenben val\u00f3 rem\u00e9nys\u00e9get, aki megoldja probl\u00e9m\u00e1inkat \u00e9s v\u00e9gs\u0151 c\u00e9lunk el\u00e9r\u00e9s\u00e9hez seg\u00edt benn\u00fcnket.<\/p>\n<p><strong>V\u00c1LASZOS ZSOLT\u00c1R<\/strong> \u00a0\u00a0\u00a0\u00a0\u00a0\u00a0\u00a0\u00a0\u00a0\u00a0\u00a0\u00a0\u00a0\u00a0\u00a0\u00a0\u00a0\u00a0\u00a0\u00a0\u00a0\u00a0\u00a0\u00a0\u00a0\u00a0\u00a0\u00a0\u00a0\u00a0\u00a0\u00a0\u00a0\u00a0\u00a0\u00a0\u00a0<em>89. Zsolt\u00e1r <\/em><\/p>\n<p><strong>V\u00e1lasz: Uram, mened<u>\u00e9<\/u>k\u00fcnk lett\u00e9l *<\/strong><\/p>\n<p><strong>\u00a0\u00a0\u00a0\u00a0\u00a0\u00a0\u00a0\u00a0\u00a0\u00a0\u00a0\u00a0\u00a0 nemzed\u00e9kr\u0151l nemzed\u00e9kr<u>e<\/u>.<\/strong><\/p>\n<p><strong>SZENTLECKE\u00a0\u00a0 \u00a0<\/strong>\u00a0\u00a0\u00a0\u00a0\u00a0\u00a0\u00a0\u00a0\u00a0\u00a0\u00a0\u00a0\u00a0\u00a0\u00a0\u00a0\u00a0\u00a0\u00a0\u00a0\u00a0\u00a0\u00a0\u00a0\u00a0\u00a0\u00a0\u00a0\u00a0\u00a0\u00a0\u00a0\u00a0\u00a0\u00a0\u00a0\u00a0\u00a0\u00a0<em>Kol 3, 1\u20135. 9\u201311<\/em><\/p>\n<p>Szent P\u00e1l apostol megmutatja az igazi \u00e9rt\u00e9keket: a sz\u00edv tisztas\u00e1g\u00e1t, az igazi szabads\u00e1got, a felt\u00e1madt Krisztus \u00e1ltal kapott \u00faj \u00e9letet. Krisztusban minden \u00faj jelent\u00e9st \u00e9s \u00e9rtelmet kap. Ez a hit a mi legnagyobb kincs\u00fcnk, mert a Krisztussal val\u00f3 megdics\u0151\u00fcl\u00e9s\u00fcnk z\u00e1loga.<\/p>\n<p><strong>ALLELUJA<\/strong>\u00a0\u00a0\u00a0\u00a0\u00a0\u00a0\u00a0\u00a0\u00a0\u00a0\u00a0\u00a0\u00a0\u00a0\u00a0\u00a0\u00a0\u00a0\u00a0\u00a0\u00a0\u00a0\u00a0\u00a0\u00a0\u00a0\u00a0\u00a0\u00a0\u00a0\u00a0\u00a0\u00a0\u00a0\u00a0\u00a0\u00a0\u00a0\u00a0\u00a0\u00a0\u00a0\u00a0\u00a0\u00a0\u00a0\u00a0\u00a0\u00a0\u00a0\u00a0\u00a0\u00a0\u00a0\u00a0\u00a0\u00a0\u00a0\u00a0\u00a0\u00a0\u00a0\u00a0\u00a0\u00a0\u00a0\u00a0\u00a0\u00a0\u00a0 <em>Mt 5, 3<\/em><\/p>\n<p>Boldogok a l\u00e9lekben szeg\u00e9nyek, * mert \u00f6v\u00e9k a mennyek orsz\u00e1ga.<\/p>\n<p><strong>EVANG\u00c9LIUM<\/strong>\u00a0\u00a0\u00a0\u00a0\u00a0\u00a0\u00a0\u00a0\u00a0\u00a0\u00a0\u00a0\u00a0\u00a0\u00a0\u00a0\u00a0\u00a0\u00a0\u00a0\u00a0\u00a0\u00a0\u00a0\u00a0\u00a0\u00a0\u00a0\u00a0\u00a0\u00a0\u00a0\u00a0\u00a0\u00a0\u00a0\u00a0\u00a0\u00a0\u00a0\u00a0\u00a0\u00a0\u00a0\u00a0 <em>Lk 12, 13\u201321<\/em><\/p>\n<p>J\u00e9zus nem az\u00e9rt j\u00f6tt, hogy \u00e1talak\u00edtsa a t\u00e1rsadalom rendj\u00e9t, ilyen vagy olyan gazdas\u00e1gi k\u00f6r\u00fclm\u00e9nyeket teremtsen. Ehelyett megmutatta az \u00f6r\u00f6k haza fel\u00e9 vezet\u0151 utat. De felh\u00edvta figyelm\u00fcnket a re\u00e1nk leselked\u0151 veszedelmekre is: \u00edgy p\u00e9ld\u00e1ul a kapzsis\u00e1gra \u00e9s az anyagiass\u00e1gra. Ez ugyanis megkem\u00e9ny\u00edtheti az ember sz\u00edv\u00e9t m\u00e1sok ir\u00e1nt, \u00e9s nemegyszer \u00e9rz\u00e9ketlenn\u00e9 teszi az isteni dolgok ir\u00e1nt.<\/p>\n<p><strong>AZ EUCHARISZTI\u00c1HOZ<\/strong><\/p>\n<p>Krisztus szeg\u00e9nny\u00e9 lett \u00e9rt\u00fcnk, hogy gazdagg\u00e1 tegyen minket. Legy\u00fcnk mi is k\u00e9szek arra, hogy nagylelk\u0171en gazdag\u00edtsunk m\u00e1sokat.<\/p>\n<p><strong>\u00c1LDOZ\u00c1SI \u00c9NEK<\/strong>\u00a0\u00a0\u00a0\u00a0\u00a0\u00a0\u00a0\u00a0\u00a0\u00a0\u00a0\u00a0\u00a0\u00a0\u00a0\u00a0\u00a0\u00a0\u00a0\u00a0\u00a0\u00a0\u00a0\u00a0\u00a0\u00a0\u00a0\u00a0\u00a0\u00a0\u00a0\u00a0\u00a0\u00a0\u00a0\u00a0\u00a0\u00a0\u00a0\u00a0\u00a0\u00a0\u00a0\u00a0\u00a0\u00a0\u00a0\u00a0\u00a0 <em>B\u00f6lcs 16, 20 <\/em><\/p>\n<p>Mennyei keny\u00e9rrel t\u00e1p\u00e1l\u00e1t\u00e1l minket, Isten\u00fcnk; minden gy\u00f6ny\u00f6r\u0171s\u00e9g \u00e9s minden \u00edz \u00e9dess\u00e9ge megvan benne.<\/p>\n<p>Vagy:\u00a0\u00a0\u00a0\u00a0\u00a0\u00a0\u00a0\u00a0\u00a0\u00a0\u00a0\u00a0\u00a0\u00a0\u00a0\u00a0\u00a0\u00a0\u00a0\u00a0\u00a0\u00a0\u00a0\u00a0\u00a0\u00a0\u00a0\u00a0\u00a0\u00a0\u00a0\u00a0\u00a0\u00a0\u00a0\u00a0\u00a0\u00a0\u00a0\u00a0\u00a0\u00a0\u00a0\u00a0\u00a0\u00a0\u00a0\u00a0\u00a0\u00a0\u00a0\u00a0\u00a0\u00a0\u00a0\u00a0\u00a0\u00a0\u00a0\u00a0\u00a0 \u00a0\u00a0\u00a0\u00a0\u00a0<em>\u00a0Jn 6, 35<\/em><\/p>\n<p>\u00cdgy sz\u00f3l az \u00dar: \u00c9n vagyok az \u00e9let kenyere. Aki hozz\u00e1m j\u00f6n, t\u00f6bb\u00e9 nem \u00e9hezik, s aki bennem hisz, nem szomjazik soha.<\/p>\n<p><strong>ELM\u00c9LKED\u00c9S<\/strong><\/p>\n<p>J\u00e9zus tan\u00edt\u00e1sa szerint boldogok azok, akiket a szerencse messze elker\u00fcl, akiknek sok \u00e9s k\u00fcl\u00f6nf\u00e9le szenved\u00e9s jut oszt\u00e1lyr\u00e9sz\u00fcl. Boldogok, ha megpr\u00f3b\u00e1ltat\u00e1sukat J\u00e9zusnak aj\u00e1nlj\u00e1k fel \u00e9s keresztj\u00e9vel egyes\u00edtik. Az\u00e9rt boldogok, mert Isten akarat\u00e1nak k\u00e9szs\u00e9ges v\u00e1llal\u00e1sa m\u00e1r itt a f\u00f6ld\u00f6n m\u00e9lys\u00e9ges b\u00e9k\u00e9vel t\u00f6lti el \u0151ket.\u00a0\u00a0\u00a0\u00a0\u00a0\u00a0\u00a0\u00a0\u00a0\u00a0\u00a0\u00a0\u00a0\u00a0 <em>F. Amiot<\/em><\/p>\n<p>&nbsp;<\/p>\n<p>HOGYAN TARTSUK MEG A VAS\u00c1RNAPOT?<\/p>\n<p>Legyen ez val\u00f3ban a nyugalom napja. Ha rohan\u00f3 korunkban \u00fagy \u00e9rezz\u00fck, ez \u00e1ldozatot jelent, hozzuk meg az \u00e1ldozatot. A rendk\u00edv\u00fcli helyzetekt\u0151l eltekintve ne v\u00e9gezz\u00fcnk e napon neh\u00e9z testi munk\u00e1t, ne zs\u00fafoljunk olyan progamokat e napra, amelyek m\u00e9g jobban kif\u00e1rasztanak, mint a h\u00e9tk\u00f6znapok, megakad\u00e1lyozz\u00e1k a l\u00e9lek fel\u00fcd\u00fcl\u00e9s\u00e9t, s\u0151t tal\u00e1n m\u00e9g a szentmis\u00e9n val\u00f3 r\u00e9szv\u00e9telt is.<\/p>\n<p>&nbsp;<\/p>\n<p>HAVAS BOLDOGASSZONY<\/p>\n<p>Augusztus 5-\u00e9n eml\u00e9kez\u00fcnk a r\u00f3mai M\u00e1ria-f\u0151templom (Santa Maria Maggiore) f\u00f6lszentel\u00e9si \u00fcnnep\u00e9re. Liberius p\u00e1pa \u00e9p\u00edttette 366-ban, azon a helyen, amelyet \u2013 legenda szerint \u2013 e napon h\u00f3 bor\u00edtott: \u00edgy jelentette meg el\u0151re \u00e1lomban az Isten annak az id\u0151s h\u00e1zasp\u00e1rnak, akik vagyonukat egy M\u00e1ria-templom \u00e9p\u00edt\u00e9s\u00e9re akart\u00e1k \u00e1ldozni. Innen az \u00fcnnep neve: Havas Boldogasszony.<\/p>\n<p>&nbsp;<\/p>\n<p>URUNK SZ\u00cdNEV\u00c1LTOZ\u00c1SA<\/p>\n<p>Augusztus 6-\u00e1n<strong>,<\/strong> kedden \u00fcnnepelj\u00fck ezt a sz\u00e9p napot. Az \u00dar J\u00e9zus P\u00e9ter, J\u00e1nos \u00e9s Jakab apostolok el\u0151tt felfedi isteni dics\u0151s\u00e9g\u00e9t. Az \u00d3sz\u00f6vets\u00e9g tan\u00faskodik, M\u00f3zes \u00e9s Ill\u00e9s alakj\u00e1ban arr\u00f3l, hogy \u0151 a Messi\u00e1s, az Atya hangja pedig a Fi\u00fanak jelenti ki \u0151t. J\u00e9zus ezzel el\u0151k\u00e9sz\u00edtette tan\u00edtv\u00e1nyait, hogy ne botr\u00e1nkozzanak majd meg szenved\u00e9s\u00e9n. \u0150 a kereszten is Isten Fia, de az \u00e9gi dics\u0151s\u00e9gben is megmarad Felt\u00e1madottnak. Az \u00fcnnepet \u2013 kor\u00e1bbi el\u0151zm\u00e9nyek ut\u00e1n \u2013 III. Kallixtusz p\u00e1pa rendelte el 1457-ben (a d\u00e9li harangsz\u00f3val egy\u00fctt) Hunyadi J\u00e1nos n\u00e1ndorfeh\u00e9rv\u00e1ri diadal\u00e1nak eml\u00e9k\u00e9re.<\/p>\n<p>&nbsp;<\/p>\n<p>TESTV\u00c9REINK, A SZENTEK<\/p>\n<p>Augusztus 8-\u00e1n \u00fcnnepelj\u00fck <em>Szent Domonkos<\/em> \u00e1ldoz\u00f3papot. Spanyol sz\u00e1rmaz\u00e1s\u00fa. Mint kanonok, k\u00fczd\u00f6tt a t\u00e9vtan\u00edt\u00e1sok ellen. Az albiak eretneks\u00e9ge ellen pr\u00e9dik\u00e1ci\u00f3ival \u00e9s \u00e9lete p\u00e9ld\u00e1j\u00e1val eredm\u00e9nyesen dolgozott. Erre a munk\u00e1ra t\u00e1rsakat is toborzott maga mell\u00e9, \u00e9s 1216-ban megalap\u00edtotta a \u201epr\u00e9dik\u00e1l\u00f3 testv\u00e9rek rendj\u00e9t\u201d, a domonkosokat, amely a katolikus tudom\u00e1nyoss\u00e1g \u00e9s igehirdet\u00e9s ter\u00e9n m\u00falhatatlan \u00e9rdemeket szerzett. 1221-ben halt meg, Bologn\u00e1ban van eltemetve.<\/p>\n<p>&nbsp;<\/p>\n<p>Augusztus 10-\u00e9n <em>Szent L\u0151rinc<\/em> v\u00e9rtan\u00fa \u00fcnnepe van. A r\u00f3mai Egyh\u00e1z egyik legjelesebb, \u0151sid\u0151k \u00f3ta \u00fcnnepelt szentje. II. Sixtus p\u00e1pa szerpapja (diak\u00f3nusa) volt, a szeg\u00e9nyek kijel\u00f6lt gondoz\u00f3ja. Amikor a cs\u00e1sz\u00e1r az Egyh\u00e1z kincseit k\u00f6vetelte t\u0151le, az Egyh\u00e1z \u00e1ltal gondozott szeg\u00e9nyeket vezette el\u00e9be. J\u00f3kedv\u0171en fek\u00fcdt a t\u00fczes rost\u00e9lyra. \u2013 Az Egyh\u00e1z igazi kincsei a szeg\u00e9nyek, akik mindenkor vel\u00fcnk lesznek.<\/p>\n<p><em>Istennek minden szentjei, k\u00f6ny\u00f6r\u00f6gjetek \u00e9rett\u00fcnk!<\/em><\/p>\n<p>&nbsp;<\/p>\n","protected":false},"excerpt":{"rendered":"<p>2019. augusztus 25. \u00c9VK\u00d6ZI 21. VAS\u00c1RNAP \u00c9let\u00fcnk v\u00e9gs\u0151 c\u00e9lja, az \u00fcdv\u00f6ss\u00e9g elnyer\u00e9s\u00e9nek lehet\u0151s\u00e9ge a legfontosabb k\u00e9rd\u00e9s sz\u00e1munkra. F\u00fcl\u00fcnkbe cseng J\u00e9zus ismert figyelmeztet\u00e9se: Mit haszn\u00e1l az embernek, ha az eg\u00e9sz vil\u00e1got megszerzi is mag\u00e1nak, lelke azonban k\u00e9rt szenved. Az \u00f6r\u00f6k \u00fcdv\u00f6ss\u00e9g el\u00e9r\u00e9s\u00e9nek rem\u00e9nye nagy-nagy \u00f6szt\u00f6nz\u00e9st ad nek\u00fcnk a becs\u00fcletess\u00e9gre, az \u00e9letben val\u00f3 helyt\u00e1ll\u00e1sra, \u00e9let\u00fcnk keresztjeinek t\u00fcrelmes hordoz\u00e1s\u00e1ra. KEZD\u0150\u00c9NEK \u00a0\u00a0\u00a0\u00a0\u00a0\u00a0\u00a0\u00a0\u00a0\u00a0\u00a0\u00a0\u00a0\u00a0\u00a0\u00a0\u00a0\u00a0\u00a0\u00a0\u00a0\u00a0\u00a0\u00a0\u00a0\u00a0\u00a0\u00a0\u00a0\u00a0\u00a0\u00a0\u00a0\u00a0\u00a0\u00a0\u00a0\u00a0\u00a0\u00a0\u00a0\u00a0\u00a0\u00a0\u00a0\u00a0\u00a0\u00a0\u00a0\u00a0\u00a0\u00a0\u00a0\u00a0\u00a0Zsolt 85, 1\u20133 Fordulj hozz\u00e1m \u00e9s hallgass meg, Uram. Szabad\u00edtsd meg, Istenem, szolg\u00e1dat, aki benned b\u00edzik. K\u00f6ny\u00f6r\u00fclj rajtam, Uram; l\u00e1tod: eg\u00e9sz nap hozz\u00e1d ki\u00e1ltok. OLVASM\u00c1NY\u00a0\u00a0\u00a0\u00a0\u00a0\u00a0\u00a0\u00a0\u00a0\u00a0\u00a0\u00a0\u00a0\u00a0\u00a0\u00a0\u00a0\u00a0\u00a0\u00a0\u00a0\u00a0\u00a0\u00a0\u00a0\u00a0\u00a0\u00a0\u00a0\u00a0\u00a0\u00a0\u00a0\u00a0\u00a0\u00a0\u00a0\u00a0\u00a0\u00a0\u00a0\u00a0\u00a0\u00a0\u00a0\u00a0\u00a0\u00a0\u00a0\u00a0\u00a0\u00a0\u00a0\u00a0\u00a0 Iz 66, 18\u201321 Izrael n\u00e9p\u00e9t boldog \u00f6r\u00f6mmel t\u00f6lt\u00f6tte el az a tudat, hogy Isten kiv\u00e1lasztotta \u0151ket a nemzetek k\u00f6z\u00fcl. A pr\u00f3f\u00e9t\u00e1kn\u00e1l azonban megjelenik m\u00e1r a gondolat: a messi\u00e1si id\u0151ben a pog\u00e1ny n\u00e9pek is helyet kapnak Isten orsz\u00e1g\u00e1ban. \u00cdgy minden ember el\u0151tt nyilv\u00e1nval\u00f3 lesz a gondvisel\u0151 Isten egyetemes \u00fcdv\u00f6z\u00edt\u0151 sz\u00e1nd\u00e9ka. V\u00c1LASZOS ZSOLT\u00c1R \u00a0\u00a0\u00a0\u00a0\u00a0\u00a0\u00a0\u00a0\u00a0\u00a0\u00a0\u00a0\u00a0\u00a0\u00a0\u00a0\u00a0\u00a0\u00a0\u00a0\u00a0\u00a0\u00a0\u00a0\u00a0\u00a0\u00a0\u00a0\u00a0\u00a0\u00a0\u00a0\u00a0\u00a0\u00a0116. Zsolt\u00e1r V\u00e1lasz: Menjetek el az eg\u00e9sz vil\u00e1gra, * \u00a0\u00a0\u00a0\u00a0\u00a0\u00a0\u00a0\u00a0\u00a0\u00a0\u00a0\u00a0\u00a0 \u00e9s hirdess\u00e9tek az evang\u00e9liumot! &nbsp; SZENTLECKE\u00a0\u00a0 \u00a0\u00a0\u00a0\u00a0\u00a0\u00a0\u00a0\u00a0\u00a0\u00a0\u00a0\u00a0\u00a0\u00a0\u00a0\u00a0\u00a0\u00a0\u00a0\u00a0\u00a0\u00a0\u00a0\u00a0\u00a0\u00a0\u00a0\u00a0\u00a0\u00a0\u00a0\u00a0\u00a0\u00a0\u00a0Zsid 12, 5\u20137. 11\u201313\u00a0 A f\u00f6ldi \u00e9let bajait, szenved\u00e9seit sokan Isten b\u00fcntet\u00e9s\u00e9nek tekintik, s emiatt elkeserednek. A h\u00edv\u0151 ember azonban ismeri a kereszthordoz\u00e1s \u00e9rtelm\u00e9t \u00e9s \u00e9rt\u00e9keit is. Isten mint j\u00f3 Aty\u00e1nk, \u00e1ltala nevel minket: figyelmeztet a j\u00f3ra, visszatart a rosszt\u00f3l, pr\u00f3b\u00e1ra teszi h\u0171s\u00e9g\u00fcnket \u00e9s lehet\u0151s\u00e9get ad az \u00e9rdemszerz\u00e9sre. ALLELUJA\u00a0\u00a0\u00a0\u00a0 \u00a0\u00a0\u00a0\u00a0\u00a0\u00a0\u00a0\u00a0\u00a0\u00a0\u00a0\u00a0\u00a0\u00a0\u00a0\u00a0\u00a0\u00a0\u00a0\u00a0\u00a0\u00a0\u00a0\u00a0\u00a0\u00a0\u00a0\u00a0\u00a0\u00a0\u00a0\u00a0\u00a0\u00a0\u00a0\u00a0\u00a0\u00a0\u00a0\u00a0\u00a0\u00a0\u00a0\u00a0\u00a0\u00a0\u00a0\u00a0\u00a0\u00a0\u00a0\u00a0\u00a0\u00a0\u00a0\u00a0\u00a0\u00a0\u00a0\u00a0\u00a0\u00a0\u00a0\u00a0\u00a0Jn 14, 6 J\u00e9zus mondja: \u201e\u00c9n vagyok az \u00fat, az igazs\u00e1g \u00e9s az \u00e9let, * senki sem jut Aty\u00e1mhoz, csak \u00e1ltalam.\u201d EVANG\u00c9LIUM\u00a0 \u00a0\u00a0\u00a0\u00a0\u00a0\u00a0\u00a0\u00a0\u00a0\u00a0\u00a0\u00a0\u00a0\u00a0\u00a0\u00a0\u00a0\u00a0\u00a0\u00a0\u00a0\u00a0\u00a0\u00a0\u00a0\u00a0\u00a0\u00a0\u00a0\u00a0\u00a0\u00a0\u00a0\u00a0\u00a0\u00a0\u00a0\u00a0\u00a0\u00a0\u00a0\u00a0\u00a0\u00a0Lk 12, 22\u201330 A mai evang\u00e9liumban J\u00e9zus h\u00e1rom fontos dolgot k\u00f6t a lelk\u00fcnkre. Az els\u0151: ne af\u00f6l\u00f6tt t\u00f6prengj\u00fcnk, sokan vagy kevesen \u00fcdv\u00f6z\u00fclnek, hanem tegy\u00fcnk meg mindent az\u00e9rt, hogy a saj\u00e1t \u00fcdv\u00f6ss\u00e9g\u00fcnket biztos\u00edtsuk. A m\u00e1sodik: j\u00f3l haszn\u00e1ljuk ki a r\u00f6vid \u00e9s bizonytalan \u00e9let\u00fcnket. A hal\u00e1llal ugyanis lez\u00e1rul az \u00e9rdemszerz\u00e9s ideje. A harmadik: ker\u00fclj\u00fck a vakmer\u0151 bizakod\u00e1st, vagyis ne halogassuk megt\u00e9r\u00e9s\u00fcnk idej\u00e9t. Isten irgalmas, de nem tudhatjuk, mikor sz\u00f3l\u00edt sz\u00e1mad\u00e1sra minket. AZ EUCHARISZTI\u00c1HOZ Az eucharisztikus lakoma el\u0151k\u00e9pe a mennyei lakom\u00e1nak. J\u00e9zus mindannyiunkat&#8230; <\/p>\n<p><a class=\"readmore\" href=\"https:\/\/stuttgarti-katolikusok.de\/index.php\/evkozi-18-19-20-21-vasarnapok\/\">R\u00e9szletek<\/a><\/p>\n","protected":false},"author":3,"featured_media":0,"comment_status":"closed","ping_status":"closed","sticky":false,"template":"","format":"standard","meta":{"footnotes":""},"categories":[63],"tags":[],"class_list":["post-17321","post","type-post","status-publish","format-standard","hentry","category-vasarnapi-gondolatok"],"yoast_head":"<!-- This site is optimized with the Yoast SEO plugin v27.3 - https:\/\/yoast.com\/product\/yoast-seo-wordpress\/ -->\n<title>\u00c9vk\u00f6zi 18-19-20-21. vas\u00e1rnapok - Stuttgarti Katolikusok<\/title>\n<meta name=\"robots\" content=\"index, follow, max-snippet:-1, max-image-preview:large, max-video-preview:-1\" \/>\n<link rel=\"canonical\" href=\"https:\/\/stuttgarti-katolikusok.de\/index.php\/evkozi-18-19-20-21-vasarnapok\/\" \/>\n<meta property=\"og:locale\" content=\"hu_HU\" \/>\n<meta property=\"og:type\" content=\"article\" \/>\n<meta property=\"og:title\" content=\"\u00c9vk\u00f6zi 18-19-20-21. vas\u00e1rnapok - Stuttgarti Katolikusok\" \/>\n<meta property=\"og:description\" content=\"2019. augusztus 25. \u00c9VK\u00d6ZI 21. VAS\u00c1RNAP \u00c9let\u00fcnk v\u00e9gs\u0151 c\u00e9lja, az \u00fcdv\u00f6ss\u00e9g elnyer\u00e9s\u00e9nek lehet\u0151s\u00e9ge a legfontosabb k\u00e9rd\u00e9s sz\u00e1munkra. F\u00fcl\u00fcnkbe cseng J\u00e9zus ismert figyelmeztet\u00e9se: Mit haszn\u00e1l az embernek, ha az eg\u00e9sz vil\u00e1got megszerzi is mag\u00e1nak, lelke azonban k\u00e9rt szenved. Az \u00f6r\u00f6k \u00fcdv\u00f6ss\u00e9g el\u00e9r\u00e9s\u00e9nek rem\u00e9nye nagy-nagy \u00f6szt\u00f6nz\u00e9st ad nek\u00fcnk a becs\u00fcletess\u00e9gre, az \u00e9letben val\u00f3 helyt\u00e1ll\u00e1sra, \u00e9let\u00fcnk keresztjeinek t\u00fcrelmes hordoz\u00e1s\u00e1ra. KEZD\u0150\u00c9NEK \u00a0\u00a0\u00a0\u00a0\u00a0\u00a0\u00a0\u00a0\u00a0\u00a0\u00a0\u00a0\u00a0\u00a0\u00a0\u00a0\u00a0\u00a0\u00a0\u00a0\u00a0\u00a0\u00a0\u00a0\u00a0\u00a0\u00a0\u00a0\u00a0\u00a0\u00a0\u00a0\u00a0\u00a0\u00a0\u00a0\u00a0\u00a0\u00a0\u00a0\u00a0\u00a0\u00a0\u00a0\u00a0\u00a0\u00a0\u00a0\u00a0\u00a0\u00a0\u00a0\u00a0\u00a0\u00a0Zsolt 85, 1\u20133 Fordulj hozz\u00e1m \u00e9s hallgass meg, Uram. Szabad\u00edtsd meg, Istenem, szolg\u00e1dat, aki benned b\u00edzik. K\u00f6ny\u00f6r\u00fclj rajtam, Uram; l\u00e1tod: eg\u00e9sz nap hozz\u00e1d ki\u00e1ltok. OLVASM\u00c1NY\u00a0\u00a0\u00a0\u00a0\u00a0\u00a0\u00a0\u00a0\u00a0\u00a0\u00a0\u00a0\u00a0\u00a0\u00a0\u00a0\u00a0\u00a0\u00a0\u00a0\u00a0\u00a0\u00a0\u00a0\u00a0\u00a0\u00a0\u00a0\u00a0\u00a0\u00a0\u00a0\u00a0\u00a0\u00a0\u00a0\u00a0\u00a0\u00a0\u00a0\u00a0\u00a0\u00a0\u00a0\u00a0\u00a0\u00a0\u00a0\u00a0\u00a0\u00a0\u00a0\u00a0\u00a0\u00a0 Iz 66, 18\u201321 Izrael n\u00e9p\u00e9t boldog \u00f6r\u00f6mmel t\u00f6lt\u00f6tte el az a tudat, hogy Isten kiv\u00e1lasztotta \u0151ket a nemzetek k\u00f6z\u00fcl. A pr\u00f3f\u00e9t\u00e1kn\u00e1l azonban megjelenik m\u00e1r a gondolat: a messi\u00e1si id\u0151ben a pog\u00e1ny n\u00e9pek is helyet kapnak Isten orsz\u00e1g\u00e1ban. \u00cdgy minden ember el\u0151tt nyilv\u00e1nval\u00f3 lesz a gondvisel\u0151 Isten egyetemes \u00fcdv\u00f6z\u00edt\u0151 sz\u00e1nd\u00e9ka. V\u00c1LASZOS ZSOLT\u00c1R \u00a0\u00a0\u00a0\u00a0\u00a0\u00a0\u00a0\u00a0\u00a0\u00a0\u00a0\u00a0\u00a0\u00a0\u00a0\u00a0\u00a0\u00a0\u00a0\u00a0\u00a0\u00a0\u00a0\u00a0\u00a0\u00a0\u00a0\u00a0\u00a0\u00a0\u00a0\u00a0\u00a0\u00a0\u00a0116. Zsolt\u00e1r V\u00e1lasz: Menjetek el az eg\u00e9sz vil\u00e1gra, * \u00a0\u00a0\u00a0\u00a0\u00a0\u00a0\u00a0\u00a0\u00a0\u00a0\u00a0\u00a0\u00a0 \u00e9s hirdess\u00e9tek az evang\u00e9liumot! &nbsp; SZENTLECKE\u00a0\u00a0 \u00a0\u00a0\u00a0\u00a0\u00a0\u00a0\u00a0\u00a0\u00a0\u00a0\u00a0\u00a0\u00a0\u00a0\u00a0\u00a0\u00a0\u00a0\u00a0\u00a0\u00a0\u00a0\u00a0\u00a0\u00a0\u00a0\u00a0\u00a0\u00a0\u00a0\u00a0\u00a0\u00a0\u00a0\u00a0Zsid 12, 5\u20137. 11\u201313\u00a0 A f\u00f6ldi \u00e9let bajait, szenved\u00e9seit sokan Isten b\u00fcntet\u00e9s\u00e9nek tekintik, s emiatt elkeserednek. A h\u00edv\u0151 ember azonban ismeri a kereszthordoz\u00e1s \u00e9rtelm\u00e9t \u00e9s \u00e9rt\u00e9keit is. Isten mint j\u00f3 Aty\u00e1nk, \u00e1ltala nevel minket: figyelmeztet a j\u00f3ra, visszatart a rosszt\u00f3l, pr\u00f3b\u00e1ra teszi h\u0171s\u00e9g\u00fcnket \u00e9s lehet\u0151s\u00e9get ad az \u00e9rdemszerz\u00e9sre. ALLELUJA\u00a0\u00a0\u00a0\u00a0 \u00a0\u00a0\u00a0\u00a0\u00a0\u00a0\u00a0\u00a0\u00a0\u00a0\u00a0\u00a0\u00a0\u00a0\u00a0\u00a0\u00a0\u00a0\u00a0\u00a0\u00a0\u00a0\u00a0\u00a0\u00a0\u00a0\u00a0\u00a0\u00a0\u00a0\u00a0\u00a0\u00a0\u00a0\u00a0\u00a0\u00a0\u00a0\u00a0\u00a0\u00a0\u00a0\u00a0\u00a0\u00a0\u00a0\u00a0\u00a0\u00a0\u00a0\u00a0\u00a0\u00a0\u00a0\u00a0\u00a0\u00a0\u00a0\u00a0\u00a0\u00a0\u00a0\u00a0\u00a0\u00a0Jn 14, 6 J\u00e9zus mondja: \u201e\u00c9n vagyok az \u00fat, az igazs\u00e1g \u00e9s az \u00e9let, * senki sem jut Aty\u00e1mhoz, csak \u00e1ltalam.\u201d EVANG\u00c9LIUM\u00a0 \u00a0\u00a0\u00a0\u00a0\u00a0\u00a0\u00a0\u00a0\u00a0\u00a0\u00a0\u00a0\u00a0\u00a0\u00a0\u00a0\u00a0\u00a0\u00a0\u00a0\u00a0\u00a0\u00a0\u00a0\u00a0\u00a0\u00a0\u00a0\u00a0\u00a0\u00a0\u00a0\u00a0\u00a0\u00a0\u00a0\u00a0\u00a0\u00a0\u00a0\u00a0\u00a0\u00a0\u00a0Lk 12, 22\u201330 A mai evang\u00e9liumban J\u00e9zus h\u00e1rom fontos dolgot k\u00f6t a lelk\u00fcnkre. Az els\u0151: ne af\u00f6l\u00f6tt t\u00f6prengj\u00fcnk, sokan vagy kevesen \u00fcdv\u00f6z\u00fclnek, hanem tegy\u00fcnk meg mindent az\u00e9rt, hogy a saj\u00e1t \u00fcdv\u00f6ss\u00e9g\u00fcnket biztos\u00edtsuk. A m\u00e1sodik: j\u00f3l haszn\u00e1ljuk ki a r\u00f6vid \u00e9s bizonytalan \u00e9let\u00fcnket. A hal\u00e1llal ugyanis lez\u00e1rul az \u00e9rdemszerz\u00e9s ideje. A harmadik: ker\u00fclj\u00fck a vakmer\u0151 bizakod\u00e1st, vagyis ne halogassuk megt\u00e9r\u00e9s\u00fcnk idej\u00e9t. Isten irgalmas, de nem tudhatjuk, mikor sz\u00f3l\u00edt sz\u00e1mad\u00e1sra minket. AZ EUCHARISZTI\u00c1HOZ Az eucharisztikus lakoma el\u0151k\u00e9pe a mennyei lakom\u00e1nak. J\u00e9zus mindannyiunkat... R\u00e9szletek\" \/>\n<meta property=\"og:url\" content=\"https:\/\/stuttgarti-katolikusok.de\/index.php\/evkozi-18-19-20-21-vasarnapok\/\" \/>\n<meta property=\"og:site_name\" content=\"Stuttgarti Katolikusok\" \/>\n<meta property=\"article:published_time\" content=\"2019-08-01T06:32:05+00:00\" \/>\n<meta property=\"article:modified_time\" content=\"2020-04-27T08:49:27+00:00\" \/>\n<meta name=\"author\" content=\"Tibor atya\" \/>\n<meta name=\"twitter:card\" content=\"summary_large_image\" \/>\n<meta name=\"twitter:label1\" content=\"Szerz\u0151:\" \/>\n\t<meta name=\"twitter:data1\" content=\"Tibor atya\" \/>\n\t<meta name=\"twitter:label2\" content=\"Becs\u00fclt olvas\u00e1si id\u0151\" \/>\n\t<meta name=\"twitter:data2\" content=\"20 perc\" \/>\n<script type=\"application\/ld+json\" class=\"yoast-schema-graph\">{\"@context\":\"https:\\\/\\\/schema.org\",\"@graph\":[{\"@type\":\"Article\",\"@id\":\"https:\\\/\\\/stuttgarti-katolikusok.de\\\/index.php\\\/evkozi-18-19-20-21-vasarnapok\\\/#article\",\"isPartOf\":{\"@id\":\"https:\\\/\\\/stuttgarti-katolikusok.de\\\/index.php\\\/evkozi-18-19-20-21-vasarnapok\\\/\"},\"author\":{\"name\":\"Tibor atya\",\"@id\":\"https:\\\/\\\/stuttgarti-katolikusok.de\\\/#\\\/schema\\\/person\\\/75908d6f8fdc03a57889d27209df7795\"},\"headline\":\"\u00c9vk\u00f6zi 18-19-20-21. vas\u00e1rnapok\",\"datePublished\":\"2019-08-01T06:32:05+00:00\",\"dateModified\":\"2020-04-27T08:49:27+00:00\",\"mainEntityOfPage\":{\"@id\":\"https:\\\/\\\/stuttgarti-katolikusok.de\\\/index.php\\\/evkozi-18-19-20-21-vasarnapok\\\/\"},\"wordCount\":3982,\"articleSection\":[\"Vas\u00e1rnapi gondolatok\"],\"inLanguage\":\"hu\"},{\"@type\":\"WebPage\",\"@id\":\"https:\\\/\\\/stuttgarti-katolikusok.de\\\/index.php\\\/evkozi-18-19-20-21-vasarnapok\\\/\",\"url\":\"https:\\\/\\\/stuttgarti-katolikusok.de\\\/index.php\\\/evkozi-18-19-20-21-vasarnapok\\\/\",\"name\":\"\u00c9vk\u00f6zi 18-19-20-21. vas\u00e1rnapok - Stuttgarti Katolikusok\",\"isPartOf\":{\"@id\":\"https:\\\/\\\/stuttgarti-katolikusok.de\\\/#website\"},\"datePublished\":\"2019-08-01T06:32:05+00:00\",\"dateModified\":\"2020-04-27T08:49:27+00:00\",\"author\":{\"@id\":\"https:\\\/\\\/stuttgarti-katolikusok.de\\\/#\\\/schema\\\/person\\\/75908d6f8fdc03a57889d27209df7795\"},\"breadcrumb\":{\"@id\":\"https:\\\/\\\/stuttgarti-katolikusok.de\\\/index.php\\\/evkozi-18-19-20-21-vasarnapok\\\/#breadcrumb\"},\"inLanguage\":\"hu\",\"potentialAction\":[{\"@type\":\"ReadAction\",\"target\":[\"https:\\\/\\\/stuttgarti-katolikusok.de\\\/index.php\\\/evkozi-18-19-20-21-vasarnapok\\\/\"]}]},{\"@type\":\"BreadcrumbList\",\"@id\":\"https:\\\/\\\/stuttgarti-katolikusok.de\\\/index.php\\\/evkozi-18-19-20-21-vasarnapok\\\/#breadcrumb\",\"itemListElement\":[{\"@type\":\"ListItem\",\"position\":1,\"name\":\"Kezd\u0151lap\",\"item\":\"https:\\\/\\\/stuttgarti-katolikusok.de\\\/\"},{\"@type\":\"ListItem\",\"position\":2,\"name\":\"\u00c9vk\u00f6zi 18-19-20-21. vas\u00e1rnapok\"}]},{\"@type\":\"WebSite\",\"@id\":\"https:\\\/\\\/stuttgarti-katolikusok.de\\\/#website\",\"url\":\"https:\\\/\\\/stuttgarti-katolikusok.de\\\/\",\"name\":\"Stuttgarti Katolikusok\",\"description\":\"\",\"potentialAction\":[{\"@type\":\"SearchAction\",\"target\":{\"@type\":\"EntryPoint\",\"urlTemplate\":\"https:\\\/\\\/stuttgarti-katolikusok.de\\\/?s={search_term_string}\"},\"query-input\":{\"@type\":\"PropertyValueSpecification\",\"valueRequired\":true,\"valueName\":\"search_term_string\"}}],\"inLanguage\":\"hu\"},{\"@type\":\"Person\",\"@id\":\"https:\\\/\\\/stuttgarti-katolikusok.de\\\/#\\\/schema\\\/person\\\/75908d6f8fdc03a57889d27209df7795\",\"name\":\"Tibor atya\",\"image\":{\"@type\":\"ImageObject\",\"inLanguage\":\"hu\",\"@id\":\"https:\\\/\\\/secure.gravatar.com\\\/avatar\\\/61d268e57d1f4525b111222e29d2d5a7f8c420fdbf231ba5566a8ceac74fa960?s=96&d=mm&r=g\",\"url\":\"https:\\\/\\\/secure.gravatar.com\\\/avatar\\\/61d268e57d1f4525b111222e29d2d5a7f8c420fdbf231ba5566a8ceac74fa960?s=96&d=mm&r=g\",\"contentUrl\":\"https:\\\/\\\/secure.gravatar.com\\\/avatar\\\/61d268e57d1f4525b111222e29d2d5a7f8c420fdbf231ba5566a8ceac74fa960?s=96&d=mm&r=g\",\"caption\":\"Tibor atya\"},\"url\":\"https:\\\/\\\/stuttgarti-katolikusok.de\\\/index.php\\\/author\\\/tibor-atya\\\/\"}]}<\/script>\n<!-- \/ Yoast SEO plugin. -->","yoast_head_json":{"title":"\u00c9vk\u00f6zi 18-19-20-21. vas\u00e1rnapok - Stuttgarti Katolikusok","robots":{"index":"index","follow":"follow","max-snippet":"max-snippet:-1","max-image-preview":"max-image-preview:large","max-video-preview":"max-video-preview:-1"},"canonical":"https:\/\/stuttgarti-katolikusok.de\/index.php\/evkozi-18-19-20-21-vasarnapok\/","og_locale":"hu_HU","og_type":"article","og_title":"\u00c9vk\u00f6zi 18-19-20-21. vas\u00e1rnapok - Stuttgarti Katolikusok","og_description":"2019. augusztus 25. \u00c9VK\u00d6ZI 21. VAS\u00c1RNAP \u00c9let\u00fcnk v\u00e9gs\u0151 c\u00e9lja, az \u00fcdv\u00f6ss\u00e9g elnyer\u00e9s\u00e9nek lehet\u0151s\u00e9ge a legfontosabb k\u00e9rd\u00e9s sz\u00e1munkra. F\u00fcl\u00fcnkbe cseng J\u00e9zus ismert figyelmeztet\u00e9se: Mit haszn\u00e1l az embernek, ha az eg\u00e9sz vil\u00e1got megszerzi is mag\u00e1nak, lelke azonban k\u00e9rt szenved. Az \u00f6r\u00f6k \u00fcdv\u00f6ss\u00e9g el\u00e9r\u00e9s\u00e9nek rem\u00e9nye nagy-nagy \u00f6szt\u00f6nz\u00e9st ad nek\u00fcnk a becs\u00fcletess\u00e9gre, az \u00e9letben val\u00f3 helyt\u00e1ll\u00e1sra, \u00e9let\u00fcnk keresztjeinek t\u00fcrelmes hordoz\u00e1s\u00e1ra. KEZD\u0150\u00c9NEK \u00a0\u00a0\u00a0\u00a0\u00a0\u00a0\u00a0\u00a0\u00a0\u00a0\u00a0\u00a0\u00a0\u00a0\u00a0\u00a0\u00a0\u00a0\u00a0\u00a0\u00a0\u00a0\u00a0\u00a0\u00a0\u00a0\u00a0\u00a0\u00a0\u00a0\u00a0\u00a0\u00a0\u00a0\u00a0\u00a0\u00a0\u00a0\u00a0\u00a0\u00a0\u00a0\u00a0\u00a0\u00a0\u00a0\u00a0\u00a0\u00a0\u00a0\u00a0\u00a0\u00a0\u00a0\u00a0Zsolt 85, 1\u20133 Fordulj hozz\u00e1m \u00e9s hallgass meg, Uram. Szabad\u00edtsd meg, Istenem, szolg\u00e1dat, aki benned b\u00edzik. K\u00f6ny\u00f6r\u00fclj rajtam, Uram; l\u00e1tod: eg\u00e9sz nap hozz\u00e1d ki\u00e1ltok. OLVASM\u00c1NY\u00a0\u00a0\u00a0\u00a0\u00a0\u00a0\u00a0\u00a0\u00a0\u00a0\u00a0\u00a0\u00a0\u00a0\u00a0\u00a0\u00a0\u00a0\u00a0\u00a0\u00a0\u00a0\u00a0\u00a0\u00a0\u00a0\u00a0\u00a0\u00a0\u00a0\u00a0\u00a0\u00a0\u00a0\u00a0\u00a0\u00a0\u00a0\u00a0\u00a0\u00a0\u00a0\u00a0\u00a0\u00a0\u00a0\u00a0\u00a0\u00a0\u00a0\u00a0\u00a0\u00a0\u00a0\u00a0 Iz 66, 18\u201321 Izrael n\u00e9p\u00e9t boldog \u00f6r\u00f6mmel t\u00f6lt\u00f6tte el az a tudat, hogy Isten kiv\u00e1lasztotta \u0151ket a nemzetek k\u00f6z\u00fcl. A pr\u00f3f\u00e9t\u00e1kn\u00e1l azonban megjelenik m\u00e1r a gondolat: a messi\u00e1si id\u0151ben a pog\u00e1ny n\u00e9pek is helyet kapnak Isten orsz\u00e1g\u00e1ban. \u00cdgy minden ember el\u0151tt nyilv\u00e1nval\u00f3 lesz a gondvisel\u0151 Isten egyetemes \u00fcdv\u00f6z\u00edt\u0151 sz\u00e1nd\u00e9ka. V\u00c1LASZOS ZSOLT\u00c1R \u00a0\u00a0\u00a0\u00a0\u00a0\u00a0\u00a0\u00a0\u00a0\u00a0\u00a0\u00a0\u00a0\u00a0\u00a0\u00a0\u00a0\u00a0\u00a0\u00a0\u00a0\u00a0\u00a0\u00a0\u00a0\u00a0\u00a0\u00a0\u00a0\u00a0\u00a0\u00a0\u00a0\u00a0\u00a0116. Zsolt\u00e1r V\u00e1lasz: Menjetek el az eg\u00e9sz vil\u00e1gra, * \u00a0\u00a0\u00a0\u00a0\u00a0\u00a0\u00a0\u00a0\u00a0\u00a0\u00a0\u00a0\u00a0 \u00e9s hirdess\u00e9tek az evang\u00e9liumot! &nbsp; SZENTLECKE\u00a0\u00a0 \u00a0\u00a0\u00a0\u00a0\u00a0\u00a0\u00a0\u00a0\u00a0\u00a0\u00a0\u00a0\u00a0\u00a0\u00a0\u00a0\u00a0\u00a0\u00a0\u00a0\u00a0\u00a0\u00a0\u00a0\u00a0\u00a0\u00a0\u00a0\u00a0\u00a0\u00a0\u00a0\u00a0\u00a0\u00a0Zsid 12, 5\u20137. 11\u201313\u00a0 A f\u00f6ldi \u00e9let bajait, szenved\u00e9seit sokan Isten b\u00fcntet\u00e9s\u00e9nek tekintik, s emiatt elkeserednek. A h\u00edv\u0151 ember azonban ismeri a kereszthordoz\u00e1s \u00e9rtelm\u00e9t \u00e9s \u00e9rt\u00e9keit is. Isten mint j\u00f3 Aty\u00e1nk, \u00e1ltala nevel minket: figyelmeztet a j\u00f3ra, visszatart a rosszt\u00f3l, pr\u00f3b\u00e1ra teszi h\u0171s\u00e9g\u00fcnket \u00e9s lehet\u0151s\u00e9get ad az \u00e9rdemszerz\u00e9sre. ALLELUJA\u00a0\u00a0\u00a0\u00a0 \u00a0\u00a0\u00a0\u00a0\u00a0\u00a0\u00a0\u00a0\u00a0\u00a0\u00a0\u00a0\u00a0\u00a0\u00a0\u00a0\u00a0\u00a0\u00a0\u00a0\u00a0\u00a0\u00a0\u00a0\u00a0\u00a0\u00a0\u00a0\u00a0\u00a0\u00a0\u00a0\u00a0\u00a0\u00a0\u00a0\u00a0\u00a0\u00a0\u00a0\u00a0\u00a0\u00a0\u00a0\u00a0\u00a0\u00a0\u00a0\u00a0\u00a0\u00a0\u00a0\u00a0\u00a0\u00a0\u00a0\u00a0\u00a0\u00a0\u00a0\u00a0\u00a0\u00a0\u00a0\u00a0Jn 14, 6 J\u00e9zus mondja: \u201e\u00c9n vagyok az \u00fat, az igazs\u00e1g \u00e9s az \u00e9let, * senki sem jut Aty\u00e1mhoz, csak \u00e1ltalam.\u201d EVANG\u00c9LIUM\u00a0 \u00a0\u00a0\u00a0\u00a0\u00a0\u00a0\u00a0\u00a0\u00a0\u00a0\u00a0\u00a0\u00a0\u00a0\u00a0\u00a0\u00a0\u00a0\u00a0\u00a0\u00a0\u00a0\u00a0\u00a0\u00a0\u00a0\u00a0\u00a0\u00a0\u00a0\u00a0\u00a0\u00a0\u00a0\u00a0\u00a0\u00a0\u00a0\u00a0\u00a0\u00a0\u00a0\u00a0\u00a0Lk 12, 22\u201330 A mai evang\u00e9liumban J\u00e9zus h\u00e1rom fontos dolgot k\u00f6t a lelk\u00fcnkre. Az els\u0151: ne af\u00f6l\u00f6tt t\u00f6prengj\u00fcnk, sokan vagy kevesen \u00fcdv\u00f6z\u00fclnek, hanem tegy\u00fcnk meg mindent az\u00e9rt, hogy a saj\u00e1t \u00fcdv\u00f6ss\u00e9g\u00fcnket biztos\u00edtsuk. A m\u00e1sodik: j\u00f3l haszn\u00e1ljuk ki a r\u00f6vid \u00e9s bizonytalan \u00e9let\u00fcnket. A hal\u00e1llal ugyanis lez\u00e1rul az \u00e9rdemszerz\u00e9s ideje. A harmadik: ker\u00fclj\u00fck a vakmer\u0151 bizakod\u00e1st, vagyis ne halogassuk megt\u00e9r\u00e9s\u00fcnk idej\u00e9t. Isten irgalmas, de nem tudhatjuk, mikor sz\u00f3l\u00edt sz\u00e1mad\u00e1sra minket. AZ EUCHARISZTI\u00c1HOZ Az eucharisztikus lakoma el\u0151k\u00e9pe a mennyei lakom\u00e1nak. J\u00e9zus mindannyiunkat... R\u00e9szletek","og_url":"https:\/\/stuttgarti-katolikusok.de\/index.php\/evkozi-18-19-20-21-vasarnapok\/","og_site_name":"Stuttgarti Katolikusok","article_published_time":"2019-08-01T06:32:05+00:00","article_modified_time":"2020-04-27T08:49:27+00:00","author":"Tibor atya","twitter_card":"summary_large_image","twitter_misc":{"Szerz\u0151:":"Tibor atya","Becs\u00fclt olvas\u00e1si id\u0151":"20 perc"},"schema":{"@context":"https:\/\/schema.org","@graph":[{"@type":"Article","@id":"https:\/\/stuttgarti-katolikusok.de\/index.php\/evkozi-18-19-20-21-vasarnapok\/#article","isPartOf":{"@id":"https:\/\/stuttgarti-katolikusok.de\/index.php\/evkozi-18-19-20-21-vasarnapok\/"},"author":{"name":"Tibor atya","@id":"https:\/\/stuttgarti-katolikusok.de\/#\/schema\/person\/75908d6f8fdc03a57889d27209df7795"},"headline":"\u00c9vk\u00f6zi 18-19-20-21. vas\u00e1rnapok","datePublished":"2019-08-01T06:32:05+00:00","dateModified":"2020-04-27T08:49:27+00:00","mainEntityOfPage":{"@id":"https:\/\/stuttgarti-katolikusok.de\/index.php\/evkozi-18-19-20-21-vasarnapok\/"},"wordCount":3982,"articleSection":["Vas\u00e1rnapi gondolatok"],"inLanguage":"hu"},{"@type":"WebPage","@id":"https:\/\/stuttgarti-katolikusok.de\/index.php\/evkozi-18-19-20-21-vasarnapok\/","url":"https:\/\/stuttgarti-katolikusok.de\/index.php\/evkozi-18-19-20-21-vasarnapok\/","name":"\u00c9vk\u00f6zi 18-19-20-21. vas\u00e1rnapok - Stuttgarti Katolikusok","isPartOf":{"@id":"https:\/\/stuttgarti-katolikusok.de\/#website"},"datePublished":"2019-08-01T06:32:05+00:00","dateModified":"2020-04-27T08:49:27+00:00","author":{"@id":"https:\/\/stuttgarti-katolikusok.de\/#\/schema\/person\/75908d6f8fdc03a57889d27209df7795"},"breadcrumb":{"@id":"https:\/\/stuttgarti-katolikusok.de\/index.php\/evkozi-18-19-20-21-vasarnapok\/#breadcrumb"},"inLanguage":"hu","potentialAction":[{"@type":"ReadAction","target":["https:\/\/stuttgarti-katolikusok.de\/index.php\/evkozi-18-19-20-21-vasarnapok\/"]}]},{"@type":"BreadcrumbList","@id":"https:\/\/stuttgarti-katolikusok.de\/index.php\/evkozi-18-19-20-21-vasarnapok\/#breadcrumb","itemListElement":[{"@type":"ListItem","position":1,"name":"Kezd\u0151lap","item":"https:\/\/stuttgarti-katolikusok.de\/"},{"@type":"ListItem","position":2,"name":"\u00c9vk\u00f6zi 18-19-20-21. vas\u00e1rnapok"}]},{"@type":"WebSite","@id":"https:\/\/stuttgarti-katolikusok.de\/#website","url":"https:\/\/stuttgarti-katolikusok.de\/","name":"Stuttgarti Katolikusok","description":"","potentialAction":[{"@type":"SearchAction","target":{"@type":"EntryPoint","urlTemplate":"https:\/\/stuttgarti-katolikusok.de\/?s={search_term_string}"},"query-input":{"@type":"PropertyValueSpecification","valueRequired":true,"valueName":"search_term_string"}}],"inLanguage":"hu"},{"@type":"Person","@id":"https:\/\/stuttgarti-katolikusok.de\/#\/schema\/person\/75908d6f8fdc03a57889d27209df7795","name":"Tibor atya","image":{"@type":"ImageObject","inLanguage":"hu","@id":"https:\/\/secure.gravatar.com\/avatar\/61d268e57d1f4525b111222e29d2d5a7f8c420fdbf231ba5566a8ceac74fa960?s=96&d=mm&r=g","url":"https:\/\/secure.gravatar.com\/avatar\/61d268e57d1f4525b111222e29d2d5a7f8c420fdbf231ba5566a8ceac74fa960?s=96&d=mm&r=g","contentUrl":"https:\/\/secure.gravatar.com\/avatar\/61d268e57d1f4525b111222e29d2d5a7f8c420fdbf231ba5566a8ceac74fa960?s=96&d=mm&r=g","caption":"Tibor atya"},"url":"https:\/\/stuttgarti-katolikusok.de\/index.php\/author\/tibor-atya\/"}]}},"_links":{"self":[{"href":"https:\/\/stuttgarti-katolikusok.de\/index.php\/wp-json\/wp\/v2\/posts\/17321","targetHints":{"allow":["GET"]}}],"collection":[{"href":"https:\/\/stuttgarti-katolikusok.de\/index.php\/wp-json\/wp\/v2\/posts"}],"about":[{"href":"https:\/\/stuttgarti-katolikusok.de\/index.php\/wp-json\/wp\/v2\/types\/post"}],"author":[{"embeddable":true,"href":"https:\/\/stuttgarti-katolikusok.de\/index.php\/wp-json\/wp\/v2\/users\/3"}],"replies":[{"embeddable":true,"href":"https:\/\/stuttgarti-katolikusok.de\/index.php\/wp-json\/wp\/v2\/comments?post=17321"}],"version-history":[{"count":4,"href":"https:\/\/stuttgarti-katolikusok.de\/index.php\/wp-json\/wp\/v2\/posts\/17321\/revisions"}],"predecessor-version":[{"id":17330,"href":"https:\/\/stuttgarti-katolikusok.de\/index.php\/wp-json\/wp\/v2\/posts\/17321\/revisions\/17330"}],"wp:attachment":[{"href":"https:\/\/stuttgarti-katolikusok.de\/index.php\/wp-json\/wp\/v2\/media?parent=17321"}],"wp:term":[{"taxonomy":"category","embeddable":true,"href":"https:\/\/stuttgarti-katolikusok.de\/index.php\/wp-json\/wp\/v2\/categories?post=17321"},{"taxonomy":"post_tag","embeddable":true,"href":"https:\/\/stuttgarti-katolikusok.de\/index.php\/wp-json\/wp\/v2\/tags?post=17321"}],"curies":[{"name":"wp","href":"https:\/\/api.w.org\/{rel}","templated":true}]}}