{"id":17312,"date":"2019-07-20T05:10:35","date_gmt":"2019-07-20T05:10:35","guid":{"rendered":"https:\/\/gracious-dewdney.138-201-221-2.plesk.page\/?p=17312"},"modified":"2019-07-20T05:10:35","modified_gmt":"2019-07-20T05:10:35","slug":"wettstein-andrea-es-benedek-anniko-kis-zarandoklat","status":"publish","type":"post","link":"https:\/\/stuttgarti-katolikusok.de\/index.php\/wettstein-andrea-es-benedek-anniko-kis-zarandoklat\/","title":{"rendered":"Wettstein Andrea \u00e9s Benedek Annik\u00f3: Kis-zar\u00e1ndoklat"},"content":{"rendered":"<p><strong>Kis-zar\u00e1ndoklat\u00a0 &#8211; \u201eEgy k\u00fcl\u00f6nleges nap marg\u00f3j\u00e1ra \u2026. \u201e<\/strong><\/p>\n<p>Ebben az \u00e9vben is el\u00e9rkezett az a reggel, amikor a Szent Gell\u00e9rt Egyh\u00e1zk\u00f6zs\u00e9g tagjaival az \u00e9ves \u00fan. <em>\u201ekis-zar\u00e1ndoklatra\u201c<\/em> indultunk.<\/p>\n<p>M\u00e1r az utaz\u00e1s el\u0151est\u00e9j\u00e9n k\u00e9sz\u00fcl\u0151dt\u00fcnk l\u00e9lekben, sz\u00edv\u00fcnkben, gondolatainkban \u2026<\/p>\n<p>Zar\u00e1ndoklatunk c\u00e9lja Kloster Heiligenbronn, egy M\u00e1ria kegyhely, ahol sz\u00e1mos csoda \u00e9s gy\u00f3gyul\u00e1s t\u00f6rt\u00e9nik.<\/p>\n<p>Imre atya reggeli \u00e1ld\u00e1s\u00e1val, azut\u00e1n k\u00f6z\u00f6s im\u00e1val \u00e9s buzg\u00f3s\u00e1ggal v\u00e1gtunk neki a napnak. A buszon alkalmunk ny\u00edlt besz\u00e9lgetni egym\u00e1ssal, ismerkedni, megny\u00edlni egym\u00e1s ir\u00e1nt.<\/p>\n<p>Sz\u00e1munkra ez k\u00f6nnyen ment, k\u00e9t j\u00f3 bar\u00e1tn\u0151, mint \u00fatit\u00e1rs, akiknek v\u00e9\u00e9\u00e9gre picit t\u00f6bb idej\u00fck jut egym\u00e1sra, egy k\u00f6z\u00f6s spiritu\u00e1lis \u00e9lm\u00e9ny meg\u00e9l\u00e9s\u00e9re.<\/p>\n<p>A j\u00f3 hangulat, a vid\u00e1ms\u00e1g, az egy\u00fcttl\u00e9t \u00f6r\u00f6me \u00e9s a h\u00e1la j\u00e1rta \u00e1t a sz\u00edv\u00fcnket, mik\u00f6zben saj\u00e1t gondolataink is intez\u00edven foglalkoztattak ben\u00fcnnket\u2026<\/p>\n<p>Az els\u0151 \u00e1llom\u00e1sunk Kloster Alpirsbach volt, ahol a benc\u00e9s kolostort l\u00e1togattuk meg. Imre atya vezet\u00e9se r\u00e9v\u00e9n megelevenedett a k\u00f6z\u00e9pkori t\u00f6rt\u00e9nelem egy pici szelete, gy\u00f6ny\u00f6rk\u00f6dt\u00fcnk a kolostor \u00e9p\u00edt\u00e9szeti st\u00edlus\u00e1ban \u00e9s egyszer\u0171s\u00e9g\u00e9ben, a k\u00fcl\u00f6nleges 13. sz\u00e1zadi fresk\u00f3kban \u00e9s a csod\u00e1latos, hatalmas, festett \u00fcvegablakokban. A padokban \u00fclve meg\u00e9rintett minket a kolostor saj\u00e1tos hangulata, lehet\u0151s\u00e9get k\u00edn\u00e1lva egy r\u00f6vid medit\u00e1l\u00e1sra, elcsendesed\u00e9sre.<\/p>\n<p>Maradtunk volna m\u00e9g sz\u00edvesen, de \u00fatunkat folytatnunk kellett. Ezut\u00e1n az \u00e9lm\u00e9ny \u00fat\u00e1n j\u00f3lesett a friss fekete-erdei leveg\u0151 Heiligenbronnban, a vir\u00e1gszed\u00e9s a r\u00e9ten, a kereszt \u00fcnnepi feld\u00edsz\u00edt\u00e9se. A saj\u00e1t kez\u0171leg k\u00e9sz\u00edtett zar\u00e1ndok gyertya is el\u0151ker\u00fclt v\u00e9gre a batyub\u00f3l, v\u00e1rva hogy az olt\u00e1ron meggy\u00fajts\u00e1k. Imre atya a kolostor kapuj\u00e1ban v\u00e1rta zra\u00e1ndokjait, benn\u00fcnket, akik izgatottan, nyitott sz\u00edvvel \u00e9s b\u00fcszkess\u00e9ggel vonultunk be nemzeti z\u00e1szl\u00f3nk alatt. A templom kedvesn\u0151v\u00e9rei, a ferences n\u0151v\u00e9rek meleg szav\u00fa fogadtat\u00e1sa ut\u00e1n magyar nyelven, saj\u00e1t anyanyelv\u00fcnk\u00f6n \u00fcnnepelhett\u00fck a szentmis\u00e9t, im\u00e1dkozhattunk \u00e9s \u00e9nkelt\u00fck a m\u00e1ra m\u00e1r szinte feled\u00e9sbe mer\u00fclt r\u00e9gi M\u00e1ria-\u00e9nekeket.<\/p>\n<p>Felemel\u0151 pillanatok voltak\u2026.<\/p>\n<p>Sz\u00e1munkra ez volt a nap cs\u00facspontja, a pillanat amire v\u00e1gytunk.<\/p>\n<p>A szentmise keret\u00e9ben letett\u00fck terheinket, Isten gondvisel\u00e9s\u00e9re b\u00edzva magunkat, \u00e9let\u00fcnket. A Sz\u0171zany\u00e1hoz k\u00f6ny\u00f6r\u00f6gt\u00fcnk, \u00e1ld\u00e1s\u00e1\u00e9rt, v\u00e9delm\u00e9\u00e9rt. A gy\u00f3gy\u00edt\u00f3 szent v\u00edz csod\u00e1ja meger\u0151s\u00edtette rem\u00e9nyeinket \u00e9s hit\u00fcnket. Azon a k\u00fcl\u00f6nleges helyen im\u00e1dkoztunk, ahol a Mennyorsz\u00e1g \u00e9s a f\u00f6ldi \u00e9let egy pillanatra \u00f6ssze\u00e9r egym\u00e1ssal, ahogyan err\u0151l egy egyh\u00e1zi \u00e9nek is sz\u00f3l. A ferences n\u0151v\u00e9rek \u0151rzik \u00e9s \u00e1polj\u00e1k \u00e9vsz\u00e1zadok \u00f3ta ezt a csod\u00e1t, amit mindny\u00e1jan m\u00e1sk\u00e9nt \u00e9lt\u00fcnk \u00e1t.<\/p>\n<p>A szentmise ut\u00e1n nagy meglepet\u00e9sben volt r\u00e9sz\u00fcnk. A kedvesn\u0151v\u00e9rek ugyanis, egyszerre h\u00e1rman, a templomajt\u00f3ban azzal az aj\u00e1nlattal v\u00e1rtak benn\u00fcnket, hogy n\u00e9zz\u00fck meg a kolostor egyik r\u00e9sz\u00e9ben fel\u00e1ll\u00edtott J\u00e9zus \u00e9let\u00e9r\u0151l sz\u00f3l\u00f3 ki\u00e1ll\u00edt\u00e1st. Mi, szerencs\u00e9re, igent mondtunk. Erre bevezettek benn\u00fcnket abba a ki\u00e1ll\u00edt\u00e1si terembe, ahol Raul Castro perui m\u0171v\u00e9sz &#8211; 1987 \u00e9s 1994 k\u00f6z\u00f6tt, h\u00e1rom n\u00e9metorsz\u00e1gi tart\u00f3zkod\u00e1sa alatt &#8211; 250 terrakotta-szoborba \u00a0lehelte J\u00e9zus \u00e9let\u00e9t: gyermekkor\u00e1t, nyilv\u00e1nos m\u0171k\u00f6d\u00e9s\u00e9t \u00e9s szenved\u00e9s\u00e9t. A sz\u00ednes szobrok nem csak \u00f6nmaguk\u00e9rt besz\u00e9lnek, de plasztikusan megeleven\u00edtik az eg\u00e9sz \u00dajsz\u00f6vets\u00e9get\u2026<\/p>\n<p>A lelki t\u00e1pl\u00e1l\u00e9k ut\u00e1n b\u0151s\u00e9gesen megeb\u00e9delt\u00fcnk, volt az asztalokon minden, ami szem-sz\u00e1jnak ingere\u2026 &#8211; \u00e9s m\u00e9g az id\u0151j\u00e1r\u00e1s is kegyes volt hozz\u00e1nk.<\/p>\n<p>Egy pici eml\u00e9ket mindannyian hazahoztunk Heiligenbronnb\u00f3l, megk\u00f6nnyebb\u00fclten, magunkat j\u00f3l kibesz\u00e9lgetve, felt\u00f6lt\u0151dve, abban a rem\u00e9nyben, hogy ez az \u00e9lm\u00e9ny m\u00e9g sok\u00e1ig elk\u00eds\u00e9r majd benn\u00fcnket. \u00c9s a neh\u00e9z id\u0151kben, amikor oly t\u00e1volinak t\u0171nik a Mennyorsz\u00e1g, att\u00f3l a helyt\u0151l, amit mi csak \u00fagy h\u00edvunk, hogy a f\u00f6ldi \u00e9let, ez a zar\u00e1ndokhely jut majd els\u0151k\u00e9nt esz\u00fcnkbe!<\/p>\n<p>H\u00e1l\u00e1s k\u00f6sz\u00f6net a zar\u00e1ndoklatunk\u00e9rt Imre aty\u00e1nak \u00e9s a Szent Gell\u00e9rt Egyh\u00e1zk\u00f6zs\u00e9gnek!<\/p>\n<p><em>\u00a0<\/em><\/p>\n<p><em>Wettstein Andrea \u00e9s Benedek Annik\u00f3<\/em><\/p>\n<p><em>Stuttgart, 2019-07-19. <\/em><\/p>\n<p>&nbsp;<\/p>\n","protected":false},"excerpt":{"rendered":"<p>Kis-zar\u00e1ndoklat\u00a0 &#8211; \u201eEgy k\u00fcl\u00f6nleges nap marg\u00f3j\u00e1ra \u2026. \u201e Ebben az \u00e9vben is el\u00e9rkezett az a reggel, amikor a Szent Gell\u00e9rt Egyh\u00e1zk\u00f6zs\u00e9g tagjaival az \u00e9ves \u00fan. \u201ekis-zar\u00e1ndoklatra\u201c indultunk. M\u00e1r az utaz\u00e1s el\u0151est\u00e9j\u00e9n k\u00e9sz\u00fcl\u0151dt\u00fcnk l\u00e9lekben, sz\u00edv\u00fcnkben, gondolatainkban \u2026 Zar\u00e1ndoklatunk c\u00e9lja Kloster Heiligenbronn, egy M\u00e1ria kegyhely, ahol sz\u00e1mos csoda \u00e9s gy\u00f3gyul\u00e1s t\u00f6rt\u00e9nik. Imre atya reggeli \u00e1ld\u00e1s\u00e1val, azut\u00e1n k\u00f6z\u00f6s im\u00e1val \u00e9s buzg\u00f3s\u00e1ggal v\u00e1gtunk neki a napnak. A buszon alkalmunk ny\u00edlt besz\u00e9lgetni egym\u00e1ssal, ismerkedni, megny\u00edlni egym\u00e1s ir\u00e1nt. Sz\u00e1munkra ez k\u00f6nnyen ment, k\u00e9t j\u00f3 bar\u00e1tn\u0151, mint \u00fatit\u00e1rs, akiknek v\u00e9\u00e9\u00e9gre picit t\u00f6bb idej\u00fck jut egym\u00e1sra, egy k\u00f6z\u00f6s spiritu\u00e1lis \u00e9lm\u00e9ny meg\u00e9l\u00e9s\u00e9re. A j\u00f3 hangulat, a vid\u00e1ms\u00e1g, az egy\u00fcttl\u00e9t \u00f6r\u00f6me \u00e9s a h\u00e1la j\u00e1rta \u00e1t a sz\u00edv\u00fcnket, mik\u00f6zben saj\u00e1t gondolataink is intez\u00edven foglalkoztattak ben\u00fcnnket\u2026 Az els\u0151 \u00e1llom\u00e1sunk Kloster Alpirsbach volt, ahol a benc\u00e9s kolostort l\u00e1togattuk meg. Imre atya vezet\u00e9se r\u00e9v\u00e9n megelevenedett a k\u00f6z\u00e9pkori t\u00f6rt\u00e9nelem egy pici szelete, gy\u00f6ny\u00f6rk\u00f6dt\u00fcnk a kolostor \u00e9p\u00edt\u00e9szeti st\u00edlus\u00e1ban \u00e9s egyszer\u0171s\u00e9g\u00e9ben, a k\u00fcl\u00f6nleges 13. sz\u00e1zadi fresk\u00f3kban \u00e9s a csod\u00e1latos, hatalmas, festett \u00fcvegablakokban. A padokban \u00fclve meg\u00e9rintett minket a kolostor saj\u00e1tos hangulata, lehet\u0151s\u00e9get k\u00edn\u00e1lva egy r\u00f6vid medit\u00e1l\u00e1sra, elcsendesed\u00e9sre. Maradtunk volna m\u00e9g sz\u00edvesen, de \u00fatunkat folytatnunk kellett. Ezut\u00e1n az \u00e9lm\u00e9ny \u00fat\u00e1n j\u00f3lesett a friss fekete-erdei leveg\u0151 Heiligenbronnban, a vir\u00e1gszed\u00e9s a r\u00e9ten, a kereszt \u00fcnnepi feld\u00edsz\u00edt\u00e9se. A saj\u00e1t kez\u0171leg k\u00e9sz\u00edtett zar\u00e1ndok gyertya is el\u0151ker\u00fclt v\u00e9gre a batyub\u00f3l, v\u00e1rva hogy az olt\u00e1ron meggy\u00fajts\u00e1k. Imre atya a kolostor kapuj\u00e1ban v\u00e1rta zra\u00e1ndokjait, benn\u00fcnket, akik izgatottan, nyitott sz\u00edvvel \u00e9s b\u00fcszkess\u00e9ggel vonultunk be nemzeti z\u00e1szl\u00f3nk alatt. A templom kedvesn\u0151v\u00e9rei, a ferences n\u0151v\u00e9rek meleg szav\u00fa fogadtat\u00e1sa ut\u00e1n magyar nyelven, saj\u00e1t anyanyelv\u00fcnk\u00f6n \u00fcnnepelhett\u00fck a szentmis\u00e9t, im\u00e1dkozhattunk \u00e9s \u00e9nkelt\u00fck a m\u00e1ra m\u00e1r szinte feled\u00e9sbe mer\u00fclt r\u00e9gi M\u00e1ria-\u00e9nekeket. Felemel\u0151 pillanatok voltak\u2026. Sz\u00e1munkra ez volt a nap cs\u00facspontja, a pillanat amire v\u00e1gytunk. A szentmise keret\u00e9ben letett\u00fck terheinket, Isten gondvisel\u00e9s\u00e9re b\u00edzva magunkat, \u00e9let\u00fcnket. A Sz\u0171zany\u00e1hoz k\u00f6ny\u00f6r\u00f6gt\u00fcnk, \u00e1ld\u00e1s\u00e1\u00e9rt, v\u00e9delm\u00e9\u00e9rt. A gy\u00f3gy\u00edt\u00f3 szent v\u00edz csod\u00e1ja meger\u0151s\u00edtette rem\u00e9nyeinket \u00e9s hit\u00fcnket. Azon a k\u00fcl\u00f6nleges&#8230; <\/p>\n<p><a class=\"readmore\" href=\"https:\/\/stuttgarti-katolikusok.de\/index.php\/wettstein-andrea-es-benedek-anniko-kis-zarandoklat\/\">R\u00e9szletek<\/a><\/p>\n","protected":false},"author":3,"featured_media":0,"comment_status":"closed","ping_status":"closed","sticky":false,"template":"","format":"standard","meta":{"footnotes":""},"categories":[28],"tags":[],"class_list":["post-17312","post","type-post","status-publish","format-standard","hentry","category-olvasoink-irjak"],"yoast_head":"<!-- This site is optimized with the Yoast SEO plugin v27.3 - https:\/\/yoast.com\/product\/yoast-seo-wordpress\/ -->\n<title>Wettstein Andrea \u00e9s Benedek Annik\u00f3: Kis-zar\u00e1ndoklat - Stuttgarti Katolikusok<\/title>\n<meta name=\"robots\" content=\"index, follow, max-snippet:-1, max-image-preview:large, max-video-preview:-1\" \/>\n<link rel=\"canonical\" href=\"https:\/\/stuttgarti-katolikusok.de\/index.php\/wettstein-andrea-es-benedek-anniko-kis-zarandoklat\/\" \/>\n<meta property=\"og:locale\" content=\"hu_HU\" \/>\n<meta property=\"og:type\" content=\"article\" \/>\n<meta property=\"og:title\" content=\"Wettstein Andrea \u00e9s Benedek Annik\u00f3: Kis-zar\u00e1ndoklat - Stuttgarti Katolikusok\" \/>\n<meta property=\"og:description\" content=\"Kis-zar\u00e1ndoklat\u00a0 &#8211; \u201eEgy k\u00fcl\u00f6nleges nap marg\u00f3j\u00e1ra \u2026. \u201e Ebben az \u00e9vben is el\u00e9rkezett az a reggel, amikor a Szent Gell\u00e9rt Egyh\u00e1zk\u00f6zs\u00e9g tagjaival az \u00e9ves \u00fan. \u201ekis-zar\u00e1ndoklatra\u201c indultunk. M\u00e1r az utaz\u00e1s el\u0151est\u00e9j\u00e9n k\u00e9sz\u00fcl\u0151dt\u00fcnk l\u00e9lekben, sz\u00edv\u00fcnkben, gondolatainkban \u2026 Zar\u00e1ndoklatunk c\u00e9lja Kloster Heiligenbronn, egy M\u00e1ria kegyhely, ahol sz\u00e1mos csoda \u00e9s gy\u00f3gyul\u00e1s t\u00f6rt\u00e9nik. Imre atya reggeli \u00e1ld\u00e1s\u00e1val, azut\u00e1n k\u00f6z\u00f6s im\u00e1val \u00e9s buzg\u00f3s\u00e1ggal v\u00e1gtunk neki a napnak. A buszon alkalmunk ny\u00edlt besz\u00e9lgetni egym\u00e1ssal, ismerkedni, megny\u00edlni egym\u00e1s ir\u00e1nt. Sz\u00e1munkra ez k\u00f6nnyen ment, k\u00e9t j\u00f3 bar\u00e1tn\u0151, mint \u00fatit\u00e1rs, akiknek v\u00e9\u00e9\u00e9gre picit t\u00f6bb idej\u00fck jut egym\u00e1sra, egy k\u00f6z\u00f6s spiritu\u00e1lis \u00e9lm\u00e9ny meg\u00e9l\u00e9s\u00e9re. A j\u00f3 hangulat, a vid\u00e1ms\u00e1g, az egy\u00fcttl\u00e9t \u00f6r\u00f6me \u00e9s a h\u00e1la j\u00e1rta \u00e1t a sz\u00edv\u00fcnket, mik\u00f6zben saj\u00e1t gondolataink is intez\u00edven foglalkoztattak ben\u00fcnnket\u2026 Az els\u0151 \u00e1llom\u00e1sunk Kloster Alpirsbach volt, ahol a benc\u00e9s kolostort l\u00e1togattuk meg. Imre atya vezet\u00e9se r\u00e9v\u00e9n megelevenedett a k\u00f6z\u00e9pkori t\u00f6rt\u00e9nelem egy pici szelete, gy\u00f6ny\u00f6rk\u00f6dt\u00fcnk a kolostor \u00e9p\u00edt\u00e9szeti st\u00edlus\u00e1ban \u00e9s egyszer\u0171s\u00e9g\u00e9ben, a k\u00fcl\u00f6nleges 13. sz\u00e1zadi fresk\u00f3kban \u00e9s a csod\u00e1latos, hatalmas, festett \u00fcvegablakokban. A padokban \u00fclve meg\u00e9rintett minket a kolostor saj\u00e1tos hangulata, lehet\u0151s\u00e9get k\u00edn\u00e1lva egy r\u00f6vid medit\u00e1l\u00e1sra, elcsendesed\u00e9sre. Maradtunk volna m\u00e9g sz\u00edvesen, de \u00fatunkat folytatnunk kellett. Ezut\u00e1n az \u00e9lm\u00e9ny \u00fat\u00e1n j\u00f3lesett a friss fekete-erdei leveg\u0151 Heiligenbronnban, a vir\u00e1gszed\u00e9s a r\u00e9ten, a kereszt \u00fcnnepi feld\u00edsz\u00edt\u00e9se. A saj\u00e1t kez\u0171leg k\u00e9sz\u00edtett zar\u00e1ndok gyertya is el\u0151ker\u00fclt v\u00e9gre a batyub\u00f3l, v\u00e1rva hogy az olt\u00e1ron meggy\u00fajts\u00e1k. Imre atya a kolostor kapuj\u00e1ban v\u00e1rta zra\u00e1ndokjait, benn\u00fcnket, akik izgatottan, nyitott sz\u00edvvel \u00e9s b\u00fcszkess\u00e9ggel vonultunk be nemzeti z\u00e1szl\u00f3nk alatt. A templom kedvesn\u0151v\u00e9rei, a ferences n\u0151v\u00e9rek meleg szav\u00fa fogadtat\u00e1sa ut\u00e1n magyar nyelven, saj\u00e1t anyanyelv\u00fcnk\u00f6n \u00fcnnepelhett\u00fck a szentmis\u00e9t, im\u00e1dkozhattunk \u00e9s \u00e9nkelt\u00fck a m\u00e1ra m\u00e1r szinte feled\u00e9sbe mer\u00fclt r\u00e9gi M\u00e1ria-\u00e9nekeket. Felemel\u0151 pillanatok voltak\u2026. Sz\u00e1munkra ez volt a nap cs\u00facspontja, a pillanat amire v\u00e1gytunk. A szentmise keret\u00e9ben letett\u00fck terheinket, Isten gondvisel\u00e9s\u00e9re b\u00edzva magunkat, \u00e9let\u00fcnket. A Sz\u0171zany\u00e1hoz k\u00f6ny\u00f6r\u00f6gt\u00fcnk, \u00e1ld\u00e1s\u00e1\u00e9rt, v\u00e9delm\u00e9\u00e9rt. A gy\u00f3gy\u00edt\u00f3 szent v\u00edz csod\u00e1ja meger\u0151s\u00edtette rem\u00e9nyeinket \u00e9s hit\u00fcnket. Azon a k\u00fcl\u00f6nleges... R\u00e9szletek\" \/>\n<meta property=\"og:url\" content=\"https:\/\/stuttgarti-katolikusok.de\/index.php\/wettstein-andrea-es-benedek-anniko-kis-zarandoklat\/\" \/>\n<meta property=\"og:site_name\" content=\"Stuttgarti Katolikusok\" \/>\n<meta property=\"article:published_time\" content=\"2019-07-20T05:10:35+00:00\" \/>\n<meta name=\"author\" content=\"Tibor atya\" \/>\n<meta name=\"twitter:card\" content=\"summary_large_image\" \/>\n<meta name=\"twitter:label1\" content=\"Szerz\u0151:\" \/>\n\t<meta name=\"twitter:data1\" content=\"Tibor atya\" \/>\n\t<meta name=\"twitter:label2\" content=\"Becs\u00fclt olvas\u00e1si id\u0151\" \/>\n\t<meta name=\"twitter:data2\" content=\"4 perc\" \/>\n<script type=\"application\/ld+json\" class=\"yoast-schema-graph\">{\"@context\":\"https:\\\/\\\/schema.org\",\"@graph\":[{\"@type\":\"Article\",\"@id\":\"https:\\\/\\\/stuttgarti-katolikusok.de\\\/index.php\\\/wettstein-andrea-es-benedek-anniko-kis-zarandoklat\\\/#article\",\"isPartOf\":{\"@id\":\"https:\\\/\\\/stuttgarti-katolikusok.de\\\/index.php\\\/wettstein-andrea-es-benedek-anniko-kis-zarandoklat\\\/\"},\"author\":{\"name\":\"Tibor atya\",\"@id\":\"https:\\\/\\\/stuttgarti-katolikusok.de\\\/#\\\/schema\\\/person\\\/75908d6f8fdc03a57889d27209df7795\"},\"headline\":\"Wettstein Andrea \u00e9s Benedek Annik\u00f3: Kis-zar\u00e1ndoklat\",\"datePublished\":\"2019-07-20T05:10:35+00:00\",\"mainEntityOfPage\":{\"@id\":\"https:\\\/\\\/stuttgarti-katolikusok.de\\\/index.php\\\/wettstein-andrea-es-benedek-anniko-kis-zarandoklat\\\/\"},\"wordCount\":829,\"articleSection\":[\"Olvas\u00f3ink \u00edrj\u00e1k\"],\"inLanguage\":\"hu\"},{\"@type\":\"WebPage\",\"@id\":\"https:\\\/\\\/stuttgarti-katolikusok.de\\\/index.php\\\/wettstein-andrea-es-benedek-anniko-kis-zarandoklat\\\/\",\"url\":\"https:\\\/\\\/stuttgarti-katolikusok.de\\\/index.php\\\/wettstein-andrea-es-benedek-anniko-kis-zarandoklat\\\/\",\"name\":\"Wettstein Andrea \u00e9s Benedek Annik\u00f3: Kis-zar\u00e1ndoklat - Stuttgarti Katolikusok\",\"isPartOf\":{\"@id\":\"https:\\\/\\\/stuttgarti-katolikusok.de\\\/#website\"},\"datePublished\":\"2019-07-20T05:10:35+00:00\",\"author\":{\"@id\":\"https:\\\/\\\/stuttgarti-katolikusok.de\\\/#\\\/schema\\\/person\\\/75908d6f8fdc03a57889d27209df7795\"},\"breadcrumb\":{\"@id\":\"https:\\\/\\\/stuttgarti-katolikusok.de\\\/index.php\\\/wettstein-andrea-es-benedek-anniko-kis-zarandoklat\\\/#breadcrumb\"},\"inLanguage\":\"hu\",\"potentialAction\":[{\"@type\":\"ReadAction\",\"target\":[\"https:\\\/\\\/stuttgarti-katolikusok.de\\\/index.php\\\/wettstein-andrea-es-benedek-anniko-kis-zarandoklat\\\/\"]}]},{\"@type\":\"BreadcrumbList\",\"@id\":\"https:\\\/\\\/stuttgarti-katolikusok.de\\\/index.php\\\/wettstein-andrea-es-benedek-anniko-kis-zarandoklat\\\/#breadcrumb\",\"itemListElement\":[{\"@type\":\"ListItem\",\"position\":1,\"name\":\"Kezd\u0151lap\",\"item\":\"https:\\\/\\\/stuttgarti-katolikusok.de\\\/\"},{\"@type\":\"ListItem\",\"position\":2,\"name\":\"Wettstein Andrea \u00e9s Benedek Annik\u00f3: Kis-zar\u00e1ndoklat\"}]},{\"@type\":\"WebSite\",\"@id\":\"https:\\\/\\\/stuttgarti-katolikusok.de\\\/#website\",\"url\":\"https:\\\/\\\/stuttgarti-katolikusok.de\\\/\",\"name\":\"Stuttgarti Katolikusok\",\"description\":\"\",\"potentialAction\":[{\"@type\":\"SearchAction\",\"target\":{\"@type\":\"EntryPoint\",\"urlTemplate\":\"https:\\\/\\\/stuttgarti-katolikusok.de\\\/?s={search_term_string}\"},\"query-input\":{\"@type\":\"PropertyValueSpecification\",\"valueRequired\":true,\"valueName\":\"search_term_string\"}}],\"inLanguage\":\"hu\"},{\"@type\":\"Person\",\"@id\":\"https:\\\/\\\/stuttgarti-katolikusok.de\\\/#\\\/schema\\\/person\\\/75908d6f8fdc03a57889d27209df7795\",\"name\":\"Tibor atya\",\"image\":{\"@type\":\"ImageObject\",\"inLanguage\":\"hu\",\"@id\":\"https:\\\/\\\/secure.gravatar.com\\\/avatar\\\/61d268e57d1f4525b111222e29d2d5a7f8c420fdbf231ba5566a8ceac74fa960?s=96&d=mm&r=g\",\"url\":\"https:\\\/\\\/secure.gravatar.com\\\/avatar\\\/61d268e57d1f4525b111222e29d2d5a7f8c420fdbf231ba5566a8ceac74fa960?s=96&d=mm&r=g\",\"contentUrl\":\"https:\\\/\\\/secure.gravatar.com\\\/avatar\\\/61d268e57d1f4525b111222e29d2d5a7f8c420fdbf231ba5566a8ceac74fa960?s=96&d=mm&r=g\",\"caption\":\"Tibor atya\"},\"url\":\"https:\\\/\\\/stuttgarti-katolikusok.de\\\/index.php\\\/author\\\/tibor-atya\\\/\"}]}<\/script>\n<!-- \/ Yoast SEO plugin. -->","yoast_head_json":{"title":"Wettstein Andrea \u00e9s Benedek Annik\u00f3: Kis-zar\u00e1ndoklat - Stuttgarti Katolikusok","robots":{"index":"index","follow":"follow","max-snippet":"max-snippet:-1","max-image-preview":"max-image-preview:large","max-video-preview":"max-video-preview:-1"},"canonical":"https:\/\/stuttgarti-katolikusok.de\/index.php\/wettstein-andrea-es-benedek-anniko-kis-zarandoklat\/","og_locale":"hu_HU","og_type":"article","og_title":"Wettstein Andrea \u00e9s Benedek Annik\u00f3: Kis-zar\u00e1ndoklat - Stuttgarti Katolikusok","og_description":"Kis-zar\u00e1ndoklat\u00a0 &#8211; \u201eEgy k\u00fcl\u00f6nleges nap marg\u00f3j\u00e1ra \u2026. \u201e Ebben az \u00e9vben is el\u00e9rkezett az a reggel, amikor a Szent Gell\u00e9rt Egyh\u00e1zk\u00f6zs\u00e9g tagjaival az \u00e9ves \u00fan. \u201ekis-zar\u00e1ndoklatra\u201c indultunk. M\u00e1r az utaz\u00e1s el\u0151est\u00e9j\u00e9n k\u00e9sz\u00fcl\u0151dt\u00fcnk l\u00e9lekben, sz\u00edv\u00fcnkben, gondolatainkban \u2026 Zar\u00e1ndoklatunk c\u00e9lja Kloster Heiligenbronn, egy M\u00e1ria kegyhely, ahol sz\u00e1mos csoda \u00e9s gy\u00f3gyul\u00e1s t\u00f6rt\u00e9nik. Imre atya reggeli \u00e1ld\u00e1s\u00e1val, azut\u00e1n k\u00f6z\u00f6s im\u00e1val \u00e9s buzg\u00f3s\u00e1ggal v\u00e1gtunk neki a napnak. A buszon alkalmunk ny\u00edlt besz\u00e9lgetni egym\u00e1ssal, ismerkedni, megny\u00edlni egym\u00e1s ir\u00e1nt. Sz\u00e1munkra ez k\u00f6nnyen ment, k\u00e9t j\u00f3 bar\u00e1tn\u0151, mint \u00fatit\u00e1rs, akiknek v\u00e9\u00e9\u00e9gre picit t\u00f6bb idej\u00fck jut egym\u00e1sra, egy k\u00f6z\u00f6s spiritu\u00e1lis \u00e9lm\u00e9ny meg\u00e9l\u00e9s\u00e9re. A j\u00f3 hangulat, a vid\u00e1ms\u00e1g, az egy\u00fcttl\u00e9t \u00f6r\u00f6me \u00e9s a h\u00e1la j\u00e1rta \u00e1t a sz\u00edv\u00fcnket, mik\u00f6zben saj\u00e1t gondolataink is intez\u00edven foglalkoztattak ben\u00fcnnket\u2026 Az els\u0151 \u00e1llom\u00e1sunk Kloster Alpirsbach volt, ahol a benc\u00e9s kolostort l\u00e1togattuk meg. Imre atya vezet\u00e9se r\u00e9v\u00e9n megelevenedett a k\u00f6z\u00e9pkori t\u00f6rt\u00e9nelem egy pici szelete, gy\u00f6ny\u00f6rk\u00f6dt\u00fcnk a kolostor \u00e9p\u00edt\u00e9szeti st\u00edlus\u00e1ban \u00e9s egyszer\u0171s\u00e9g\u00e9ben, a k\u00fcl\u00f6nleges 13. sz\u00e1zadi fresk\u00f3kban \u00e9s a csod\u00e1latos, hatalmas, festett \u00fcvegablakokban. A padokban \u00fclve meg\u00e9rintett minket a kolostor saj\u00e1tos hangulata, lehet\u0151s\u00e9get k\u00edn\u00e1lva egy r\u00f6vid medit\u00e1l\u00e1sra, elcsendesed\u00e9sre. Maradtunk volna m\u00e9g sz\u00edvesen, de \u00fatunkat folytatnunk kellett. Ezut\u00e1n az \u00e9lm\u00e9ny \u00fat\u00e1n j\u00f3lesett a friss fekete-erdei leveg\u0151 Heiligenbronnban, a vir\u00e1gszed\u00e9s a r\u00e9ten, a kereszt \u00fcnnepi feld\u00edsz\u00edt\u00e9se. A saj\u00e1t kez\u0171leg k\u00e9sz\u00edtett zar\u00e1ndok gyertya is el\u0151ker\u00fclt v\u00e9gre a batyub\u00f3l, v\u00e1rva hogy az olt\u00e1ron meggy\u00fajts\u00e1k. Imre atya a kolostor kapuj\u00e1ban v\u00e1rta zra\u00e1ndokjait, benn\u00fcnket, akik izgatottan, nyitott sz\u00edvvel \u00e9s b\u00fcszkess\u00e9ggel vonultunk be nemzeti z\u00e1szl\u00f3nk alatt. A templom kedvesn\u0151v\u00e9rei, a ferences n\u0151v\u00e9rek meleg szav\u00fa fogadtat\u00e1sa ut\u00e1n magyar nyelven, saj\u00e1t anyanyelv\u00fcnk\u00f6n \u00fcnnepelhett\u00fck a szentmis\u00e9t, im\u00e1dkozhattunk \u00e9s \u00e9nkelt\u00fck a m\u00e1ra m\u00e1r szinte feled\u00e9sbe mer\u00fclt r\u00e9gi M\u00e1ria-\u00e9nekeket. Felemel\u0151 pillanatok voltak\u2026. Sz\u00e1munkra ez volt a nap cs\u00facspontja, a pillanat amire v\u00e1gytunk. A szentmise keret\u00e9ben letett\u00fck terheinket, Isten gondvisel\u00e9s\u00e9re b\u00edzva magunkat, \u00e9let\u00fcnket. A Sz\u0171zany\u00e1hoz k\u00f6ny\u00f6r\u00f6gt\u00fcnk, \u00e1ld\u00e1s\u00e1\u00e9rt, v\u00e9delm\u00e9\u00e9rt. A gy\u00f3gy\u00edt\u00f3 szent v\u00edz csod\u00e1ja meger\u0151s\u00edtette rem\u00e9nyeinket \u00e9s hit\u00fcnket. Azon a k\u00fcl\u00f6nleges... R\u00e9szletek","og_url":"https:\/\/stuttgarti-katolikusok.de\/index.php\/wettstein-andrea-es-benedek-anniko-kis-zarandoklat\/","og_site_name":"Stuttgarti Katolikusok","article_published_time":"2019-07-20T05:10:35+00:00","author":"Tibor atya","twitter_card":"summary_large_image","twitter_misc":{"Szerz\u0151:":"Tibor atya","Becs\u00fclt olvas\u00e1si id\u0151":"4 perc"},"schema":{"@context":"https:\/\/schema.org","@graph":[{"@type":"Article","@id":"https:\/\/stuttgarti-katolikusok.de\/index.php\/wettstein-andrea-es-benedek-anniko-kis-zarandoklat\/#article","isPartOf":{"@id":"https:\/\/stuttgarti-katolikusok.de\/index.php\/wettstein-andrea-es-benedek-anniko-kis-zarandoklat\/"},"author":{"name":"Tibor atya","@id":"https:\/\/stuttgarti-katolikusok.de\/#\/schema\/person\/75908d6f8fdc03a57889d27209df7795"},"headline":"Wettstein Andrea \u00e9s Benedek Annik\u00f3: Kis-zar\u00e1ndoklat","datePublished":"2019-07-20T05:10:35+00:00","mainEntityOfPage":{"@id":"https:\/\/stuttgarti-katolikusok.de\/index.php\/wettstein-andrea-es-benedek-anniko-kis-zarandoklat\/"},"wordCount":829,"articleSection":["Olvas\u00f3ink \u00edrj\u00e1k"],"inLanguage":"hu"},{"@type":"WebPage","@id":"https:\/\/stuttgarti-katolikusok.de\/index.php\/wettstein-andrea-es-benedek-anniko-kis-zarandoklat\/","url":"https:\/\/stuttgarti-katolikusok.de\/index.php\/wettstein-andrea-es-benedek-anniko-kis-zarandoklat\/","name":"Wettstein Andrea \u00e9s Benedek Annik\u00f3: Kis-zar\u00e1ndoklat - Stuttgarti Katolikusok","isPartOf":{"@id":"https:\/\/stuttgarti-katolikusok.de\/#website"},"datePublished":"2019-07-20T05:10:35+00:00","author":{"@id":"https:\/\/stuttgarti-katolikusok.de\/#\/schema\/person\/75908d6f8fdc03a57889d27209df7795"},"breadcrumb":{"@id":"https:\/\/stuttgarti-katolikusok.de\/index.php\/wettstein-andrea-es-benedek-anniko-kis-zarandoklat\/#breadcrumb"},"inLanguage":"hu","potentialAction":[{"@type":"ReadAction","target":["https:\/\/stuttgarti-katolikusok.de\/index.php\/wettstein-andrea-es-benedek-anniko-kis-zarandoklat\/"]}]},{"@type":"BreadcrumbList","@id":"https:\/\/stuttgarti-katolikusok.de\/index.php\/wettstein-andrea-es-benedek-anniko-kis-zarandoklat\/#breadcrumb","itemListElement":[{"@type":"ListItem","position":1,"name":"Kezd\u0151lap","item":"https:\/\/stuttgarti-katolikusok.de\/"},{"@type":"ListItem","position":2,"name":"Wettstein Andrea \u00e9s Benedek Annik\u00f3: Kis-zar\u00e1ndoklat"}]},{"@type":"WebSite","@id":"https:\/\/stuttgarti-katolikusok.de\/#website","url":"https:\/\/stuttgarti-katolikusok.de\/","name":"Stuttgarti Katolikusok","description":"","potentialAction":[{"@type":"SearchAction","target":{"@type":"EntryPoint","urlTemplate":"https:\/\/stuttgarti-katolikusok.de\/?s={search_term_string}"},"query-input":{"@type":"PropertyValueSpecification","valueRequired":true,"valueName":"search_term_string"}}],"inLanguage":"hu"},{"@type":"Person","@id":"https:\/\/stuttgarti-katolikusok.de\/#\/schema\/person\/75908d6f8fdc03a57889d27209df7795","name":"Tibor atya","image":{"@type":"ImageObject","inLanguage":"hu","@id":"https:\/\/secure.gravatar.com\/avatar\/61d268e57d1f4525b111222e29d2d5a7f8c420fdbf231ba5566a8ceac74fa960?s=96&d=mm&r=g","url":"https:\/\/secure.gravatar.com\/avatar\/61d268e57d1f4525b111222e29d2d5a7f8c420fdbf231ba5566a8ceac74fa960?s=96&d=mm&r=g","contentUrl":"https:\/\/secure.gravatar.com\/avatar\/61d268e57d1f4525b111222e29d2d5a7f8c420fdbf231ba5566a8ceac74fa960?s=96&d=mm&r=g","caption":"Tibor atya"},"url":"https:\/\/stuttgarti-katolikusok.de\/index.php\/author\/tibor-atya\/"}]}},"_links":{"self":[{"href":"https:\/\/stuttgarti-katolikusok.de\/index.php\/wp-json\/wp\/v2\/posts\/17312","targetHints":{"allow":["GET"]}}],"collection":[{"href":"https:\/\/stuttgarti-katolikusok.de\/index.php\/wp-json\/wp\/v2\/posts"}],"about":[{"href":"https:\/\/stuttgarti-katolikusok.de\/index.php\/wp-json\/wp\/v2\/types\/post"}],"author":[{"embeddable":true,"href":"https:\/\/stuttgarti-katolikusok.de\/index.php\/wp-json\/wp\/v2\/users\/3"}],"replies":[{"embeddable":true,"href":"https:\/\/stuttgarti-katolikusok.de\/index.php\/wp-json\/wp\/v2\/comments?post=17312"}],"version-history":[{"count":1,"href":"https:\/\/stuttgarti-katolikusok.de\/index.php\/wp-json\/wp\/v2\/posts\/17312\/revisions"}],"predecessor-version":[{"id":17314,"href":"https:\/\/stuttgarti-katolikusok.de\/index.php\/wp-json\/wp\/v2\/posts\/17312\/revisions\/17314"}],"wp:attachment":[{"href":"https:\/\/stuttgarti-katolikusok.de\/index.php\/wp-json\/wp\/v2\/media?parent=17312"}],"wp:term":[{"taxonomy":"category","embeddable":true,"href":"https:\/\/stuttgarti-katolikusok.de\/index.php\/wp-json\/wp\/v2\/categories?post=17312"},{"taxonomy":"post_tag","embeddable":true,"href":"https:\/\/stuttgarti-katolikusok.de\/index.php\/wp-json\/wp\/v2\/tags?post=17312"}],"curies":[{"name":"wp","href":"https:\/\/api.w.org\/{rel}","templated":true}]}}