{"id":17308,"date":"2019-07-17T16:38:26","date_gmt":"2019-07-17T16:38:26","guid":{"rendered":"https:\/\/gracious-dewdney.138-201-221-2.plesk.page\/?p=17308"},"modified":"2019-07-17T18:07:44","modified_gmt":"2019-07-17T18:07:44","slug":"dr-horvath-diana-gondolatok-az-idei-bicaj-zarirol","status":"publish","type":"post","link":"https:\/\/stuttgarti-katolikusok.de\/index.php\/dr-horvath-diana-gondolatok-az-idei-bicaj-zarirol\/","title":{"rendered":"Dr. Horv\u00e1th Diana: Gondolatok az idei bicaj-zarir\u00f3l&#8230;"},"content":{"rendered":"<p><strong>Gondolatok az idei bicaj-zarir\u00f3l&#8230;<\/strong><\/p>\n<p><strong>\u00a0<\/strong><\/p>\n<p>J\u00falius 6-a, szombat: <em>\u201ebicaj-zari\u201d.<\/em> Ezt m\u00e1r r\u00e9g be\u00edrtam a napl\u00f3mba, de p\u00e9ntek este, a szok\u00e1sok szerint ism\u00e9t nagyon f\u00e1radtan \u00e9rkeztem haza&#8230;<\/p>\n<p><em>\u201eIgyekezz, <\/em>&#8211; mondtam magamnak, <em>\u201eholnapra m\u00e9g be kell pakolj!\u201d<\/em><\/p>\n<p>Erre a kis \u00f6rd\u00f6gcske a bal v\u00e1llamon azonnal ellenvetette: <em>\u201cFigyelj, eg\u00e9sz h\u00e9ten h\u00fazt\u00e1l. F\u00e1radt vagy. Ne menj sehova! Holnap v\u00e9gre j\u00f3l kialudhatod majd magad, azut\u00e1n nyugodtan k\u00e1v\u00e9zol egyet reggel, ami ut\u00e1n csak v\u00e1gyakozol, de alig van alkalmad megtenni. Ut\u00e1na elm\u00e9sz egy kicsit \u2019shoppingolni\u2019. Meg azt\u00e1n egy sereg emailt is m\u00e1r r\u00e9g meg akarsz v\u00e1laszolni, nem is besz\u00e9lve arr\u00f3l, hogy a balkonon is m\u00e1r j\u00f3 ideje rendet akart\u00e1l csin\u00e1lni&#8230; Maradj teh\u00e1t itthon, pihenj egy nagyot, meg\u00e9rdemled. A bicajzarisoknak pedig majd azt mondod: Nem ment&#8230;\u201d<\/em><\/p>\n<p><em>\u201eH\u00e1t igen\u201d,<\/em> &#8211; kezdtem engedni k\u00eds\u00e9rt\u00e9s\u00e9nek, <em>\u201eval\u00f3ban jobb lenne itthon maradni, kipihenni magamat. Meg az igazat megvallva, kondim sincs. Tal\u00e1n igaz\u00e1n jobb volna nem menni az idei zarira\u2026\u201d<\/em><\/p>\n<p>Erre elkezdett halkan suttogni a kis angyalka a jobb v\u00e1llam m\u00f6g\u00fcl: <em>\u201dMeg\u00edg\u00e9rted. Ha nem m\u00e9sz, hi\u00e1ba v\u00e1rnak r\u00e1d&#8230; Azt\u00e1n eml\u00e9kezz, a m\u00falt \u00e9vben is milyen j\u00f3l \u00e9rezted magad a Neckarpartj\u00e1n M\u00fchlbacht\u00f3l Bietigheim-Bissingenig. M\u00e1r nyolc \u00e9ve van a bicajzari s b\u00e1r eddig csak k\u00e9t alkalommal nem volt\u00e1l, de ut\u00e1na azt is milyen nagyon sajn\u00e1ltad. Menj csak nyugodtan, megl\u00e1tod meg\u00e9ri majd!\u201d<\/em><\/p>\n<p>Nagy nehezen lementem a pinc\u00e9be, h\u00e1tha nem j\u00f3 a bring\u00e1m \u00e9s meg\u00faszom&#8230; \u2013 gondoltam. Kir\u00e1moltam h\u00e1t a f\u00e9l pinc\u00e9t hogy v\u00e9gre oda tudjak f\u00e9rni a j\u00e1rg\u00e1nyomhoz. K\u00f6rbej\u00e1rtam, nem n\u00e9zett ki rosszul, igaz igen poros volt, de am\u00fagy m\u00e9g a gumi sem engedett le eg\u00e9szen. R\u00e1\u00fcltem, leh\u00faztam egy k\u00f6rt a h\u00e1z el\u0151tt, minden csavar a hely\u00e9n volt, nem hi\u00e1nyzott semmi&#8230; h\u00e1t nem volt mit csin\u00e1lni&#8230; nem volt t\u00f6bb kib\u00fav\u00f3m&#8230; megyek, adtam meg magam.<\/p>\n<p>Szombat reggel 8.45-kor ott \u00e1lltam h\u00e1t \u00e9n is a Stuttgarti f\u0151p\u00e1lyaudvaron, \u00e9s v\u00e1rtam a t\u00f6bbieket. P\u00e1r perc m\u00falva meg\u00e9rkezett \u00c9va \u00e9s Sanyi. Mint k\u00e9s\u0151bb kider\u00fclt, od\u00e9bb v\u00e1rtak Erzsike \u00e9s Tibor a k\u00e9t \u00faj zar\u00e1ndokt\u00e1rssal, Christiannal \u00e9s feles\u00e9g\u00e9vel, Cilivel. Ja, Imre atya is ott volt m\u00e1r. Vonatunk pontosan indult. Egy\u00e9bk\u00e9nt csoportjeggyel 10 \u20ac-\u00e9rt ma m\u00e1r \u00a0elvisz b\u00e1rhova Baden-W\u00fcrttembergbe &#8211; a bring\u00e1ddal egy\u00fctt&#8230;<\/p>\n<p>A mi c\u00e9lunk ez\u00fattal Heilbronn volt. Az id\u0151 csak \u00fagy rep\u00fclt! Az \u00fat v\u00e9g\u00e9n csod\u00e1lkoztam is, hogy milyen hamar meg\u00e9rkezt\u00fcnk. Mik\u00f6zben eg\u00e9szen \u00faton &#8211; n\u00e9metorsz\u00e1gi \u201e\u00fajmagyar\u201d sz\u00f3val &#8211; <em>\u201eelsvec\u00e1ztunk\u201d,<\/em> nem is vett\u00fck \u00e9szre, hogy a vonat m\u00e1r be is futott az \u00e1llom\u00e1sra.<\/p>\n<p>A Heilbronni p\u00e1lyaudvar el\u0151tt azt\u00e1n tal\u00e1lkoztunk Erik\u00e1val, Georggal \u00e9s term\u00e9szetesen szem\u00fck f\u00e9ny\u00e9vel, Bucival, aki egyetlen egy bicajzarit sem hagyna ki&#8230; Mint az m\u00e1r n\u00e1lunk szok\u00e1s, hangos <em>\u201ebegr\u00fcszungol\u00e1s\u201d<\/em> \u00e9s puszil\u00f3z\u00e1ssal k\u00f6sz\u00f6nt\u00f6tt\u00fck egym\u00e1st, az eg\u00e9sz p\u00e1lyaudvar rajtunk der\u0171lt, mire h\u00e1tulr\u00f3l odakiab\u00e1lt valaki: <em>\u201cHajr\u00e1, magyarok!\u201d<\/em> H\u00e1trafordultunk, \u00e9s felfedezt\u00fcnk egy tol\u00f3kocsis, feltehet\u0151en magyar fiatalembert a kij\u00e1rat el\u0151tt, intett\u00fcnk neki, azt\u00e1n tov\u00e1bb tracsoltunk. Imre atya viszont odament hozz\u00e1, \u00e9s elbesz\u00e9lgetett vele. Mint k\u00e9s\u0151bb elmondta nek\u00fcnk, a fiatalember Magyarorsz\u00e1gr\u00f3l sz\u00e1rmazott, els\u0151 feles\u00e9ge elv\u00e1lt t\u0151le, itt, Heilbronnban, pedig m\u00e1r tol\u00f3kocsis volt, r\u00e1tal\u00e1lt mostani feles\u00e9g\u00e9re, akivel boldogan \u00e9l. Mivel dolgozni nem tud, ez\u00e9rt ki\u00fcl a p\u00e1lyaudvar el\u00e9, <em>\u201efigyeli a mindennapi mozit\u201d,<\/em> \u00e9s meg\u00f6r\u00fcl, ha egy-egy magyar sz\u00f3t hall, mint ma is&#8230;<\/p>\n<p>Id\u0151k\u00f6zben meg\u00e9rkezett Zita, Laci \u00e9s fi\u00fak, Gerg\u0151. A l\u00e9tsz\u00e1m teljes lett, \u00fagy hogy elindulhattunk a nagy \u00fatnak, libasorban, mint szoktuk\u2026<\/p>\n<p>Hamar el is hagytuk Heilbronnt. A Neckar partj\u00e1n haladva, Neckarsulmn\u00e1l, egyszer csak azt mondta Georg: &#8211; <em>\u201cFigyeljetek a bal oldalra, ott van egy felrobbantott h\u00edd. Egyike a h\u00e9t legr\u00e9gebbieknek \u00a0N\u00e9metorsz\u00e1gban, az id\u00e9n robbantott\u00e1k fel.\u201d<\/em> Haza\u00e9rkezve egy\u00e9bk\u00e9nt azt olvastam r\u00f3la, hogy 1968-ban k\u00e9sz\u00edtett\u00e9k, de mert 50 \u00e9v ut\u00e1n m\u00e1r nem felelt meg a k\u00edv\u00e1nalmaknak, helyette \u00e9p\u00edtettek egy hats\u00e1vos modern h\u00eddat, az 1,3 km-es Neckartalbr\u00fccke-t, amelyik, halld \u00e9s hidd, idej\u00e9ben elk\u00e9sz\u00fclt a Heilbronni Bundesgartenschau megnyit\u00e1s\u00e1ra.<\/p>\n<p>Elhaladtunk Untereisesheim mellett, majd el\u00e9rt\u00fck Bad Wimpfent. A Stauferpfalz-\u00f3v\u00e1ros sziluettje nagyon sz\u00e9p \u2013 lentr\u0151l -, de hogy megy\u00fcnk oda fel, gondoltam magamban? F\u00f6lfel\u00e9 egy igen meredek \u00fat vezetett. Le kellett sz\u00e1llnunk a bring\u00e1nkr\u00f3l. Mindenki tolta, tolta. Christian seg\u00edtett Georgnak, aki maga ut\u00e1n h\u00fazta a Buci j\u00e1rg\u00e1ny\u00e1t. Sanyi \u00e9s Imre atya k\u00e9t-k\u00e9t biciklit is toltak f\u00f6lfel\u00e9, \u00e9n viszont alig tudtam \u00a0megbirk\u00f3zni az eny\u00e9mmel&#8230; Egy kicsivel t\u00f6bb kondi most j\u00f3l j\u00f6nne, jutott megint eszembe&#8230; Nem baj, j\u00f6v\u0151re idej\u00e9ben kezdem majd az edz\u00e9st\u2026<\/p>\n<p>Meg\u00e9rkezve fel, az \u00f3v\u00e1rosba, azonnal egy vend\u00e9gl\u0151t kerest\u00fcnk, ahol megpihenhett\u00fcnk. Egyesek egy hideg s\u00f6rt, vagy r\u00e1dlert illetve egy vizet ittak, m\u00e1sok, mint Buci, s\u00fctit k\u00edv\u00e1ntak. Nagyon j\u00f3t tett a megszusszan\u00e1s! Ut\u00e1na megn\u00e9zt\u00fck a gy\u00f6ny\u00f6r\u0171 \u00f3v\u00e1rost. Imre atya vezetett benn\u00fcnket. T\u00f6bbek k\u00f6z\u00f6tt megmutatta a Stiftskirche-t, majd a <em>\u201eK\u00e9k toronyot\u201d.<\/em> A toronyt\u00f3l p\u00e1r l\u00e9p\u00e9sre csod\u00e1latos panor\u00e1ma t\u00e1rult el\u00e9nk. Szem\u00fcnk eg\u00e9szen a l\u00e1t\u00f3hat\u00e1rig v\u00e9gip\u00e1szt\u00e1zhatta a m\u00e9lyen alattunk h\u00f6mp\u00f6lyg\u0151 Neckar-foly\u00f3t.<\/p>\n<p>Id\u0151k\u00f6zben meg\u00e9rkezett Attila \u00e9s Andrea is, akik itt csatlakoztak hozz\u00e1nk. Restelltem egy picit magamat, amikor elmes\u00e9lt\u00e9k, hogy \u0151k 60 km-t j\u00f6ttek kocsival eddig, hogy vel\u00fcnk tartsanak, \u00e9n pedig alig tudtam r\u00e1szedni magam az este, hogy csak lemenjek a pinc\u00e9be bring\u00e1m\u00e9rt&#8230;<\/p>\n<p>Na, de most val\u00f3ban teljes volt a l\u00e9tsz\u00e1m: 16! H\u00e1listennek az id\u0151 is vel\u00fcnk tartott, \u00e9pp megfelel\u0151 volt: kicsit felh\u0151s, 25-28 fok, itt-ott m\u00e9g egy picit a sz\u00e9l is f\u00fajt. N\u00e9gy-\u00f6t kilom\u00e9terenk\u00e9nt tartottunk egy kis sz\u00fcnetet, ittunk egy kis magn\u00e9ziumos-vizet, megett\u00fck a magunkkal hozott finoms\u00e1gokat, \u00e9s term\u00e9szetesen \u2013 hisz ez a sava-borsa a zarinak! \u2013 v\u00e9gig besz\u00e9lgett\u00fcnk egym\u00e1ssal. Mindenki mindenkivel!<\/p>\n<p>Bad Wimpfen ut\u00e1n uti c\u00e9lunk, Mosbach fel\u00e9 vett\u00fck az ir\u00e1nyt. Mosbach a Neckar egyik mell\u00e9k\u00e1g\u00e1n, az Elzbachon fekszik. Az egyik pihen\u0151 k\u00f6zben k\u00e9sz\u00edtette r\u00f3lunk egy n\u00e9met nyugd\u00edjas h\u00e1zasp\u00e1r ezt a remek csoportk\u00e9pet&#8230; Egy kicsivel od\u00e9bb pedig, Neckarelzn\u00e9l, Imre atya mutatott meg \u00a0nek\u00fcnk egy l\u00e1tsz\u00f3lag jelent\u00e9ktelennek t\u0171n\u0151 templomot. &#8211; <em>\u201cEz\u201d,<\/em> magyar\u00e1zta, <em>\u201cegy ritka h\u00e1rom emeletes templom, a johannit\u00e1k \u00e9p\u00edtett\u00e9k m\u00e9g a 13. sz\u00e1zadban.\u201d<\/em> Csak b\u00e1multunk, milyen \u00e9rt\u00e9kes kult\u00farkincsek mellett karik\u00e1zunk&#8230;<\/p>\n<p>D\u00e9lut\u00e1n 4 \u00f3r\u00e1ra \u00e9rkezt\u00fcnk meg Mosbachba. Csod\u00e1latos kisv\u00e1ros! Egyel\u0151re azonban olyan szomjasak voltunk, hogy nem vett\u00fck \u00e9szre a sz\u00e9ps\u00e9geit. Hamar le\u00fclt\u00fcnk h\u00e1t egy olasz fagyiz\u00f3n\u00e1l, ahol mindenki kedve szerint rendelhetett fagyit, k\u00e1v\u00e9t, vizet vagy s\u00f6rt, amelyet \u00a0Imre atya fizetett (m\u00e1skor is j\u00f6v\u00fcnk, \u00edg\u00e9rt\u00fck neki&#8230;), \u00e9s egy magyar fiatalember szolg\u00e1lt fel&#8230; Istenem, milyen kicsi lett a vil\u00e1g, gondoltuk. A pihen\u0151 \u00e9s a friss\u00edt\u0151k ut\u00e1n m\u00e1r lehetett v\u00e1rost n\u00e9zni. El\u0151bb a Stiftskirche\/St. Julianna templomhoz vezetett el benn\u00fcnket Imre atya, amely egy szimult\u00e1n-templom: vagyis az egyik fel\u00e9ben a katolikusok tartj\u00e1k a szentmis\u00e9j\u00fcket, a m\u00e1sik fel\u00e9ben pedig a protest\u00e1nsok az istentisztelet\u00fcket. K\u00e9t k\u00fcl\u00f6n bej\u00e1rata volt. \u00c9s a k\u00e9t templom k\u00f6z\u00f6tt pedig k\u00e9t ajt\u00f3, az egyik a katolikus oldalon nyithat\u00f3, a m\u00e1sik pedig a protest\u00e1ns oldalon. Ez az igazi \u00f6kumenizmus&#8230; Imre atya el\u0151bb elmagyar\u00e1zta a templom t\u00f6rt\u00e9net\u00e9t, halkan, mert egy n\u00e9ni \u2013 N\u00e9metorsz\u00e1gban szokatlanul \u2013 \u00e9ppen a r\u00f3zsaf\u00fcz\u00e9r\u00e9t morzsolta, majd elim\u00e1dkoztuk a zar\u00e1ndok-im\u00e1t \u00e9s el\u00e9nekelt\u00fcnk egy M\u00e1ria-\u00e9neket, ami\u00e9rt j\u00f6tt\u00fcnk, \u00e9s elhagytuk a templomot&#8230;<\/p>\n<p>A templom melletti placcon, a Rathaus el\u0151tt \u00e9ppen egy t\u0171zolt\u00f3aut\u00f3-avat\u00e1son vettek r\u00e9sz az emberek. Az \u00e1ld\u00e1st a 4 aut\u00f3ra a helyi protest\u00e1ns lelk\u00e9szn\u0151 \u00e9s a helyi katolikus pap adt\u00e1k. M\u00e1r \u00e9ppen indulni akartunk tov\u00e1bb, de a vil\u00e1g \u2013 mint mondtam el\u0151bb \u2013 kisebb mint gondoln\u00e1nk: a katolikus papban Imre atya felismerte r\u00e9gi j\u00f3bar\u00e1tj\u00e1t, akivel egy\u00fctt tanultak R\u00f3m\u00e1ban: Rencsik Istv\u00e1n aty\u00e1t Nagyv\u00e1radr\u00f3l, aki &#8211; miut\u00e1n majdnem fel kellett locsolni a meglepet\u00e9s\u00e9b\u0151l &#8211; v\u00e9gig vezetett minket a templom\u00e1ban. Kider\u00fclt azt\u00e1n az is, hogy az id\u0151s n\u00e9ni, aki azel\u0151tt ott mondta mag\u00e1ban a templomban a r\u00f3zsaf\u00fcz\u00e9rt, Istv\u00e1n aty\u00e1nak az anyuk\u00e1ja volt, aki azt\u00e1n bevallotta ut\u00e1na Imre aty\u00e1nak: b\u00e1r hallotta a magyar besz\u00e9det \u00e9s az \u00e9neket, de azt hitte, hogy holmi t\u00farist\u00e1k vagyunk, \u00e9s meg sem fordulva tov\u00e1bb besz\u00e9lgetett az \u00darral, illetve Sz\u0171z M\u00e1ri\u00e1val&#8230; \u0150 is nagyon \u0151r\u00fclt nek\u00fcnk. V\u00e9g\u00fcl megkapjuk Istv\u00e1n Aty\u00e1t\u00f3l a zar\u00e1ndokok \u00e1ld\u00e1s\u00e1t, hogy teljes legyen a napunk.<\/p>\n<p>Akkor hirtelen azt hallottam, hogy a jobb v\u00e1llomr\u00f3l megel\u00e9gedetten r\u00e1m mosolyog \u00a0a kis angyalk\u00e1m, \u00e9s azt s\u00fagja nekem: <em>\u201c\u00dagye, mondtam neked, hogy meg\u00e9ri elj\u00f6nn\u00f6d!\u201d<\/em><\/p>\n<p>Az \u00fat visszafele \u00e9pp olyan r\u00f6vid volt, mint odaj\u00f6vet: S-Bahnnal Mosbachb\u00f3l Heilbronnig, \u00e9s Heilbronnb\u00f3l Stuttgart-ig szinte rep\u00fclt az id\u0151. K\u00f6zben boldogan emlegett\u00fck fel a megannyi eml\u00e9ket, illetve \u00e9lcel\u0151dt\u00fcnk a f\u00e9rfi \u00e9s a n\u0151 kapcsolat\u00e1n. A v\u00e9g\u00e9n persze meg\u00e1llap\u00edtva: Hogy az a f\u00e9rfi, aki panaszkodik, hogy otthon kisebbs\u00e9gben van, annak nem kell minden szav\u00e1t elhinni&#8230; Igaz \u00c9va \u00e9s Sanyi?<\/p>\n<p>Aprop\u00f3, \u00c9v\u00e1\u00e9k mindent nagyszer\u0171en megszerveztek, minden ment \u00e1m, mint a karikacsap\u00e1s. Ezer h\u00e1la ez\u00e9rt nekik!<\/p>\n<p><em>\u201cJ\u00f6v\u0151re j\u00f6sz, \u00fagye?\u201d<\/em> &#8211; k\u00e9rdezte \u00c9va a b\u00facs\u00faz\u00e1sn\u00e1l.<\/p>\n<p><em>\u201cNan\u00e1\u201d,<\/em> &#8211; v\u00e1laszoltam, <em>\u201cha a J\u00f3isten is \u00fagy akarja! Rajtam nem fog m\u00falni!\u201d<\/em><\/p>\n<p>Este kilenckor f\u00e1radtan, de boldogan haza\u00e9rkeztem. S mikor letettem a bring\u00e1mat, m\u00e9g kedvesen megs\u00edmogattam. Meg\u00e9rdemelte, hisz ism\u00e9t olyan nagyszer\u0171 \u00e9lm\u00e9nyekben r\u00e9szes\u00edtett, \u00e9s ami m\u00e9g fontosabb, olyan nagyszer\u0171 emberekkel hozott \u00f6ssze, mint el\u0151z\u0151 \u00e9vekben&#8230; \u0150k tudj\u00e1k, kikre gondolok&#8230;<\/p>\n<p><em>Stuttgart, 2019. j\u00falius 17.<\/em><\/p>\n<p><em>Dr. Horv\u00e1th Diana<\/em><\/p>\n<p>&nbsp;<\/p>\n","protected":false},"excerpt":{"rendered":"<p>Gondolatok az idei bicaj-zarir\u00f3l&#8230; \u00a0 J\u00falius 6-a, szombat: \u201ebicaj-zari\u201d. Ezt m\u00e1r r\u00e9g be\u00edrtam a napl\u00f3mba, de p\u00e9ntek este, a szok\u00e1sok szerint ism\u00e9t nagyon f\u00e1radtan \u00e9rkeztem haza&#8230; \u201eIgyekezz, &#8211; mondtam magamnak, \u201eholnapra m\u00e9g be kell pakolj!\u201d Erre a kis \u00f6rd\u00f6gcske a bal v\u00e1llamon azonnal ellenvetette: \u201cFigyelj, eg\u00e9sz h\u00e9ten h\u00fazt\u00e1l. F\u00e1radt vagy. Ne menj sehova! Holnap v\u00e9gre j\u00f3l kialudhatod majd magad, azut\u00e1n nyugodtan k\u00e1v\u00e9zol egyet reggel, ami ut\u00e1n csak v\u00e1gyakozol, de alig van alkalmad megtenni. Ut\u00e1na elm\u00e9sz egy kicsit \u2019shoppingolni\u2019. Meg azt\u00e1n egy sereg emailt is m\u00e1r r\u00e9g meg akarsz v\u00e1laszolni, nem is besz\u00e9lve arr\u00f3l, hogy a balkonon is m\u00e1r j\u00f3 ideje rendet akart\u00e1l csin\u00e1lni&#8230; Maradj teh\u00e1t itthon, pihenj egy nagyot, meg\u00e9rdemled. A bicajzarisoknak pedig majd azt mondod: Nem ment&#8230;\u201d \u201eH\u00e1t igen\u201d, &#8211; kezdtem engedni k\u00eds\u00e9rt\u00e9s\u00e9nek, \u201eval\u00f3ban jobb lenne itthon maradni, kipihenni magamat. Meg az igazat megvallva, kondim sincs. Tal\u00e1n igaz\u00e1n jobb volna nem menni az idei zarira\u2026\u201d Erre elkezdett halkan suttogni a kis angyalka a jobb v\u00e1llam m\u00f6g\u00fcl: \u201dMeg\u00edg\u00e9rted. Ha nem m\u00e9sz, hi\u00e1ba v\u00e1rnak r\u00e1d&#8230; Azt\u00e1n eml\u00e9kezz, a m\u00falt \u00e9vben is milyen j\u00f3l \u00e9rezted magad a Neckarpartj\u00e1n M\u00fchlbacht\u00f3l Bietigheim-Bissingenig. M\u00e1r nyolc \u00e9ve van a bicajzari s b\u00e1r eddig csak k\u00e9t alkalommal nem volt\u00e1l, de ut\u00e1na azt is milyen nagyon sajn\u00e1ltad. Menj csak nyugodtan, megl\u00e1tod meg\u00e9ri majd!\u201d Nagy nehezen lementem a pinc\u00e9be, h\u00e1tha nem j\u00f3 a bring\u00e1m \u00e9s meg\u00faszom&#8230; \u2013 gondoltam. Kir\u00e1moltam h\u00e1t a f\u00e9l pinc\u00e9t hogy v\u00e9gre oda tudjak f\u00e9rni a j\u00e1rg\u00e1nyomhoz. K\u00f6rbej\u00e1rtam, nem n\u00e9zett ki rosszul, igaz igen poros volt, de am\u00fagy m\u00e9g a gumi sem engedett le eg\u00e9szen. R\u00e1\u00fcltem, leh\u00faztam egy k\u00f6rt a h\u00e1z el\u0151tt, minden csavar a hely\u00e9n volt, nem hi\u00e1nyzott semmi&#8230; h\u00e1t nem volt mit csin\u00e1lni&#8230; nem volt t\u00f6bb kib\u00fav\u00f3m&#8230; megyek, adtam meg magam. Szombat reggel 8.45-kor ott \u00e1lltam h\u00e1t \u00e9n is a Stuttgarti f\u0151p\u00e1lyaudvaron, \u00e9s v\u00e1rtam a t\u00f6bbieket. P\u00e1r perc m\u00falva meg\u00e9rkezett \u00c9va \u00e9s Sanyi. Mint&#8230; <\/p>\n<p><a class=\"readmore\" href=\"https:\/\/stuttgarti-katolikusok.de\/index.php\/dr-horvath-diana-gondolatok-az-idei-bicaj-zarirol\/\">R\u00e9szletek<\/a><\/p>\n","protected":false},"author":3,"featured_media":17309,"comment_status":"closed","ping_status":"closed","sticky":false,"template":"","format":"standard","meta":{"footnotes":""},"categories":[28],"tags":[],"class_list":["post-17308","post","type-post","status-publish","format-standard","has-post-thumbnail","hentry","category-olvasoink-irjak"],"yoast_head":"<!-- This site is optimized with the Yoast SEO plugin v27.3 - https:\/\/yoast.com\/product\/yoast-seo-wordpress\/ -->\n<title>Dr. Horv\u00e1th Diana: Gondolatok az idei bicaj-zarir\u00f3l... - Stuttgarti Katolikusok<\/title>\n<meta name=\"robots\" content=\"index, follow, max-snippet:-1, max-image-preview:large, max-video-preview:-1\" \/>\n<link rel=\"canonical\" href=\"https:\/\/stuttgarti-katolikusok.de\/index.php\/dr-horvath-diana-gondolatok-az-idei-bicaj-zarirol\/\" \/>\n<meta property=\"og:locale\" content=\"hu_HU\" \/>\n<meta property=\"og:type\" content=\"article\" \/>\n<meta property=\"og:title\" content=\"Dr. Horv\u00e1th Diana: Gondolatok az idei bicaj-zarir\u00f3l... - Stuttgarti Katolikusok\" \/>\n<meta property=\"og:description\" content=\"Gondolatok az idei bicaj-zarir\u00f3l&#8230; \u00a0 J\u00falius 6-a, szombat: \u201ebicaj-zari\u201d. Ezt m\u00e1r r\u00e9g be\u00edrtam a napl\u00f3mba, de p\u00e9ntek este, a szok\u00e1sok szerint ism\u00e9t nagyon f\u00e1radtan \u00e9rkeztem haza&#8230; \u201eIgyekezz, &#8211; mondtam magamnak, \u201eholnapra m\u00e9g be kell pakolj!\u201d Erre a kis \u00f6rd\u00f6gcske a bal v\u00e1llamon azonnal ellenvetette: \u201cFigyelj, eg\u00e9sz h\u00e9ten h\u00fazt\u00e1l. F\u00e1radt vagy. Ne menj sehova! Holnap v\u00e9gre j\u00f3l kialudhatod majd magad, azut\u00e1n nyugodtan k\u00e1v\u00e9zol egyet reggel, ami ut\u00e1n csak v\u00e1gyakozol, de alig van alkalmad megtenni. Ut\u00e1na elm\u00e9sz egy kicsit \u2019shoppingolni\u2019. Meg azt\u00e1n egy sereg emailt is m\u00e1r r\u00e9g meg akarsz v\u00e1laszolni, nem is besz\u00e9lve arr\u00f3l, hogy a balkonon is m\u00e1r j\u00f3 ideje rendet akart\u00e1l csin\u00e1lni&#8230; Maradj teh\u00e1t itthon, pihenj egy nagyot, meg\u00e9rdemled. A bicajzarisoknak pedig majd azt mondod: Nem ment&#8230;\u201d \u201eH\u00e1t igen\u201d, &#8211; kezdtem engedni k\u00eds\u00e9rt\u00e9s\u00e9nek, \u201eval\u00f3ban jobb lenne itthon maradni, kipihenni magamat. Meg az igazat megvallva, kondim sincs. Tal\u00e1n igaz\u00e1n jobb volna nem menni az idei zarira\u2026\u201d Erre elkezdett halkan suttogni a kis angyalka a jobb v\u00e1llam m\u00f6g\u00fcl: \u201dMeg\u00edg\u00e9rted. Ha nem m\u00e9sz, hi\u00e1ba v\u00e1rnak r\u00e1d&#8230; Azt\u00e1n eml\u00e9kezz, a m\u00falt \u00e9vben is milyen j\u00f3l \u00e9rezted magad a Neckarpartj\u00e1n M\u00fchlbacht\u00f3l Bietigheim-Bissingenig. M\u00e1r nyolc \u00e9ve van a bicajzari s b\u00e1r eddig csak k\u00e9t alkalommal nem volt\u00e1l, de ut\u00e1na azt is milyen nagyon sajn\u00e1ltad. Menj csak nyugodtan, megl\u00e1tod meg\u00e9ri majd!\u201d Nagy nehezen lementem a pinc\u00e9be, h\u00e1tha nem j\u00f3 a bring\u00e1m \u00e9s meg\u00faszom&#8230; \u2013 gondoltam. Kir\u00e1moltam h\u00e1t a f\u00e9l pinc\u00e9t hogy v\u00e9gre oda tudjak f\u00e9rni a j\u00e1rg\u00e1nyomhoz. K\u00f6rbej\u00e1rtam, nem n\u00e9zett ki rosszul, igaz igen poros volt, de am\u00fagy m\u00e9g a gumi sem engedett le eg\u00e9szen. R\u00e1\u00fcltem, leh\u00faztam egy k\u00f6rt a h\u00e1z el\u0151tt, minden csavar a hely\u00e9n volt, nem hi\u00e1nyzott semmi&#8230; h\u00e1t nem volt mit csin\u00e1lni&#8230; nem volt t\u00f6bb kib\u00fav\u00f3m&#8230; megyek, adtam meg magam. Szombat reggel 8.45-kor ott \u00e1lltam h\u00e1t \u00e9n is a Stuttgarti f\u0151p\u00e1lyaudvaron, \u00e9s v\u00e1rtam a t\u00f6bbieket. P\u00e1r perc m\u00falva meg\u00e9rkezett \u00c9va \u00e9s Sanyi. Mint... R\u00e9szletek\" \/>\n<meta property=\"og:url\" content=\"https:\/\/stuttgarti-katolikusok.de\/index.php\/dr-horvath-diana-gondolatok-az-idei-bicaj-zarirol\/\" \/>\n<meta property=\"og:site_name\" content=\"Stuttgarti Katolikusok\" \/>\n<meta property=\"article:published_time\" content=\"2019-07-17T16:38:26+00:00\" \/>\n<meta property=\"article:modified_time\" content=\"2019-07-17T18:07:44+00:00\" \/>\n<meta property=\"og:image\" content=\"https:\/\/stuttgarti-katolikusok.de\/wp-content\/uploads\/2019\/07\/bicaj-zari.jpg\" \/>\n\t<meta property=\"og:image:width\" content=\"1024\" \/>\n\t<meta property=\"og:image:height\" content=\"768\" \/>\n\t<meta property=\"og:image:type\" content=\"image\/jpeg\" \/>\n<meta name=\"author\" content=\"Tibor atya\" \/>\n<meta name=\"twitter:card\" content=\"summary_large_image\" \/>\n<meta name=\"twitter:label1\" content=\"Szerz\u0151:\" \/>\n\t<meta name=\"twitter:data1\" content=\"Tibor atya\" \/>\n\t<meta name=\"twitter:label2\" content=\"Becs\u00fclt olvas\u00e1si id\u0151\" \/>\n\t<meta name=\"twitter:data2\" content=\"10 perc\" \/>\n<script type=\"application\/ld+json\" class=\"yoast-schema-graph\">{\"@context\":\"https:\\\/\\\/schema.org\",\"@graph\":[{\"@type\":\"Article\",\"@id\":\"https:\\\/\\\/stuttgarti-katolikusok.de\\\/index.php\\\/dr-horvath-diana-gondolatok-az-idei-bicaj-zarirol\\\/#article\",\"isPartOf\":{\"@id\":\"https:\\\/\\\/stuttgarti-katolikusok.de\\\/index.php\\\/dr-horvath-diana-gondolatok-az-idei-bicaj-zarirol\\\/\"},\"author\":{\"name\":\"Tibor atya\",\"@id\":\"https:\\\/\\\/stuttgarti-katolikusok.de\\\/#\\\/schema\\\/person\\\/75908d6f8fdc03a57889d27209df7795\"},\"headline\":\"Dr. Horv\u00e1th Diana: Gondolatok az idei bicaj-zarir\u00f3l&#8230;\",\"datePublished\":\"2019-07-17T16:38:26+00:00\",\"dateModified\":\"2019-07-17T18:07:44+00:00\",\"mainEntityOfPage\":{\"@id\":\"https:\\\/\\\/stuttgarti-katolikusok.de\\\/index.php\\\/dr-horvath-diana-gondolatok-az-idei-bicaj-zarirol\\\/\"},\"wordCount\":1938,\"image\":{\"@id\":\"https:\\\/\\\/stuttgarti-katolikusok.de\\\/index.php\\\/dr-horvath-diana-gondolatok-az-idei-bicaj-zarirol\\\/#primaryimage\"},\"thumbnailUrl\":\"https:\\\/\\\/stuttgarti-katolikusok.de\\\/wp-content\\\/uploads\\\/2019\\\/07\\\/bicaj-zari.jpg\",\"articleSection\":[\"Olvas\u00f3ink \u00edrj\u00e1k\"],\"inLanguage\":\"hu\"},{\"@type\":\"WebPage\",\"@id\":\"https:\\\/\\\/stuttgarti-katolikusok.de\\\/index.php\\\/dr-horvath-diana-gondolatok-az-idei-bicaj-zarirol\\\/\",\"url\":\"https:\\\/\\\/stuttgarti-katolikusok.de\\\/index.php\\\/dr-horvath-diana-gondolatok-az-idei-bicaj-zarirol\\\/\",\"name\":\"Dr. Horv\u00e1th Diana: Gondolatok az idei bicaj-zarir\u00f3l... - Stuttgarti Katolikusok\",\"isPartOf\":{\"@id\":\"https:\\\/\\\/stuttgarti-katolikusok.de\\\/#website\"},\"primaryImageOfPage\":{\"@id\":\"https:\\\/\\\/stuttgarti-katolikusok.de\\\/index.php\\\/dr-horvath-diana-gondolatok-az-idei-bicaj-zarirol\\\/#primaryimage\"},\"image\":{\"@id\":\"https:\\\/\\\/stuttgarti-katolikusok.de\\\/index.php\\\/dr-horvath-diana-gondolatok-az-idei-bicaj-zarirol\\\/#primaryimage\"},\"thumbnailUrl\":\"https:\\\/\\\/stuttgarti-katolikusok.de\\\/wp-content\\\/uploads\\\/2019\\\/07\\\/bicaj-zari.jpg\",\"datePublished\":\"2019-07-17T16:38:26+00:00\",\"dateModified\":\"2019-07-17T18:07:44+00:00\",\"author\":{\"@id\":\"https:\\\/\\\/stuttgarti-katolikusok.de\\\/#\\\/schema\\\/person\\\/75908d6f8fdc03a57889d27209df7795\"},\"breadcrumb\":{\"@id\":\"https:\\\/\\\/stuttgarti-katolikusok.de\\\/index.php\\\/dr-horvath-diana-gondolatok-az-idei-bicaj-zarirol\\\/#breadcrumb\"},\"inLanguage\":\"hu\",\"potentialAction\":[{\"@type\":\"ReadAction\",\"target\":[\"https:\\\/\\\/stuttgarti-katolikusok.de\\\/index.php\\\/dr-horvath-diana-gondolatok-az-idei-bicaj-zarirol\\\/\"]}]},{\"@type\":\"ImageObject\",\"inLanguage\":\"hu\",\"@id\":\"https:\\\/\\\/stuttgarti-katolikusok.de\\\/index.php\\\/dr-horvath-diana-gondolatok-az-idei-bicaj-zarirol\\\/#primaryimage\",\"url\":\"https:\\\/\\\/stuttgarti-katolikusok.de\\\/wp-content\\\/uploads\\\/2019\\\/07\\\/bicaj-zari.jpg\",\"contentUrl\":\"https:\\\/\\\/stuttgarti-katolikusok.de\\\/wp-content\\\/uploads\\\/2019\\\/07\\\/bicaj-zari.jpg\",\"width\":1024,\"height\":768},{\"@type\":\"BreadcrumbList\",\"@id\":\"https:\\\/\\\/stuttgarti-katolikusok.de\\\/index.php\\\/dr-horvath-diana-gondolatok-az-idei-bicaj-zarirol\\\/#breadcrumb\",\"itemListElement\":[{\"@type\":\"ListItem\",\"position\":1,\"name\":\"Kezd\u0151lap\",\"item\":\"https:\\\/\\\/stuttgarti-katolikusok.de\\\/\"},{\"@type\":\"ListItem\",\"position\":2,\"name\":\"Dr. Horv\u00e1th Diana: Gondolatok az idei bicaj-zarir\u00f3l&#8230;\"}]},{\"@type\":\"WebSite\",\"@id\":\"https:\\\/\\\/stuttgarti-katolikusok.de\\\/#website\",\"url\":\"https:\\\/\\\/stuttgarti-katolikusok.de\\\/\",\"name\":\"Stuttgarti Katolikusok\",\"description\":\"\",\"potentialAction\":[{\"@type\":\"SearchAction\",\"target\":{\"@type\":\"EntryPoint\",\"urlTemplate\":\"https:\\\/\\\/stuttgarti-katolikusok.de\\\/?s={search_term_string}\"},\"query-input\":{\"@type\":\"PropertyValueSpecification\",\"valueRequired\":true,\"valueName\":\"search_term_string\"}}],\"inLanguage\":\"hu\"},{\"@type\":\"Person\",\"@id\":\"https:\\\/\\\/stuttgarti-katolikusok.de\\\/#\\\/schema\\\/person\\\/75908d6f8fdc03a57889d27209df7795\",\"name\":\"Tibor atya\",\"image\":{\"@type\":\"ImageObject\",\"inLanguage\":\"hu\",\"@id\":\"https:\\\/\\\/secure.gravatar.com\\\/avatar\\\/61d268e57d1f4525b111222e29d2d5a7f8c420fdbf231ba5566a8ceac74fa960?s=96&d=mm&r=g\",\"url\":\"https:\\\/\\\/secure.gravatar.com\\\/avatar\\\/61d268e57d1f4525b111222e29d2d5a7f8c420fdbf231ba5566a8ceac74fa960?s=96&d=mm&r=g\",\"contentUrl\":\"https:\\\/\\\/secure.gravatar.com\\\/avatar\\\/61d268e57d1f4525b111222e29d2d5a7f8c420fdbf231ba5566a8ceac74fa960?s=96&d=mm&r=g\",\"caption\":\"Tibor atya\"},\"url\":\"https:\\\/\\\/stuttgarti-katolikusok.de\\\/index.php\\\/author\\\/tibor-atya\\\/\"}]}<\/script>\n<!-- \/ Yoast SEO plugin. -->","yoast_head_json":{"title":"Dr. Horv\u00e1th Diana: Gondolatok az idei bicaj-zarir\u00f3l... - Stuttgarti Katolikusok","robots":{"index":"index","follow":"follow","max-snippet":"max-snippet:-1","max-image-preview":"max-image-preview:large","max-video-preview":"max-video-preview:-1"},"canonical":"https:\/\/stuttgarti-katolikusok.de\/index.php\/dr-horvath-diana-gondolatok-az-idei-bicaj-zarirol\/","og_locale":"hu_HU","og_type":"article","og_title":"Dr. Horv\u00e1th Diana: Gondolatok az idei bicaj-zarir\u00f3l... - Stuttgarti Katolikusok","og_description":"Gondolatok az idei bicaj-zarir\u00f3l&#8230; \u00a0 J\u00falius 6-a, szombat: \u201ebicaj-zari\u201d. Ezt m\u00e1r r\u00e9g be\u00edrtam a napl\u00f3mba, de p\u00e9ntek este, a szok\u00e1sok szerint ism\u00e9t nagyon f\u00e1radtan \u00e9rkeztem haza&#8230; \u201eIgyekezz, &#8211; mondtam magamnak, \u201eholnapra m\u00e9g be kell pakolj!\u201d Erre a kis \u00f6rd\u00f6gcske a bal v\u00e1llamon azonnal ellenvetette: \u201cFigyelj, eg\u00e9sz h\u00e9ten h\u00fazt\u00e1l. F\u00e1radt vagy. Ne menj sehova! Holnap v\u00e9gre j\u00f3l kialudhatod majd magad, azut\u00e1n nyugodtan k\u00e1v\u00e9zol egyet reggel, ami ut\u00e1n csak v\u00e1gyakozol, de alig van alkalmad megtenni. Ut\u00e1na elm\u00e9sz egy kicsit \u2019shoppingolni\u2019. Meg azt\u00e1n egy sereg emailt is m\u00e1r r\u00e9g meg akarsz v\u00e1laszolni, nem is besz\u00e9lve arr\u00f3l, hogy a balkonon is m\u00e1r j\u00f3 ideje rendet akart\u00e1l csin\u00e1lni&#8230; Maradj teh\u00e1t itthon, pihenj egy nagyot, meg\u00e9rdemled. A bicajzarisoknak pedig majd azt mondod: Nem ment&#8230;\u201d \u201eH\u00e1t igen\u201d, &#8211; kezdtem engedni k\u00eds\u00e9rt\u00e9s\u00e9nek, \u201eval\u00f3ban jobb lenne itthon maradni, kipihenni magamat. Meg az igazat megvallva, kondim sincs. Tal\u00e1n igaz\u00e1n jobb volna nem menni az idei zarira\u2026\u201d Erre elkezdett halkan suttogni a kis angyalka a jobb v\u00e1llam m\u00f6g\u00fcl: \u201dMeg\u00edg\u00e9rted. Ha nem m\u00e9sz, hi\u00e1ba v\u00e1rnak r\u00e1d&#8230; Azt\u00e1n eml\u00e9kezz, a m\u00falt \u00e9vben is milyen j\u00f3l \u00e9rezted magad a Neckarpartj\u00e1n M\u00fchlbacht\u00f3l Bietigheim-Bissingenig. M\u00e1r nyolc \u00e9ve van a bicajzari s b\u00e1r eddig csak k\u00e9t alkalommal nem volt\u00e1l, de ut\u00e1na azt is milyen nagyon sajn\u00e1ltad. Menj csak nyugodtan, megl\u00e1tod meg\u00e9ri majd!\u201d Nagy nehezen lementem a pinc\u00e9be, h\u00e1tha nem j\u00f3 a bring\u00e1m \u00e9s meg\u00faszom&#8230; \u2013 gondoltam. Kir\u00e1moltam h\u00e1t a f\u00e9l pinc\u00e9t hogy v\u00e9gre oda tudjak f\u00e9rni a j\u00e1rg\u00e1nyomhoz. K\u00f6rbej\u00e1rtam, nem n\u00e9zett ki rosszul, igaz igen poros volt, de am\u00fagy m\u00e9g a gumi sem engedett le eg\u00e9szen. R\u00e1\u00fcltem, leh\u00faztam egy k\u00f6rt a h\u00e1z el\u0151tt, minden csavar a hely\u00e9n volt, nem hi\u00e1nyzott semmi&#8230; h\u00e1t nem volt mit csin\u00e1lni&#8230; nem volt t\u00f6bb kib\u00fav\u00f3m&#8230; megyek, adtam meg magam. Szombat reggel 8.45-kor ott \u00e1lltam h\u00e1t \u00e9n is a Stuttgarti f\u0151p\u00e1lyaudvaron, \u00e9s v\u00e1rtam a t\u00f6bbieket. P\u00e1r perc m\u00falva meg\u00e9rkezett \u00c9va \u00e9s Sanyi. Mint... R\u00e9szletek","og_url":"https:\/\/stuttgarti-katolikusok.de\/index.php\/dr-horvath-diana-gondolatok-az-idei-bicaj-zarirol\/","og_site_name":"Stuttgarti Katolikusok","article_published_time":"2019-07-17T16:38:26+00:00","article_modified_time":"2019-07-17T18:07:44+00:00","og_image":[{"width":1024,"height":768,"url":"https:\/\/stuttgarti-katolikusok.de\/wp-content\/uploads\/2019\/07\/bicaj-zari.jpg","type":"image\/jpeg"}],"author":"Tibor atya","twitter_card":"summary_large_image","twitter_misc":{"Szerz\u0151:":"Tibor atya","Becs\u00fclt olvas\u00e1si id\u0151":"10 perc"},"schema":{"@context":"https:\/\/schema.org","@graph":[{"@type":"Article","@id":"https:\/\/stuttgarti-katolikusok.de\/index.php\/dr-horvath-diana-gondolatok-az-idei-bicaj-zarirol\/#article","isPartOf":{"@id":"https:\/\/stuttgarti-katolikusok.de\/index.php\/dr-horvath-diana-gondolatok-az-idei-bicaj-zarirol\/"},"author":{"name":"Tibor atya","@id":"https:\/\/stuttgarti-katolikusok.de\/#\/schema\/person\/75908d6f8fdc03a57889d27209df7795"},"headline":"Dr. Horv\u00e1th Diana: Gondolatok az idei bicaj-zarir\u00f3l&#8230;","datePublished":"2019-07-17T16:38:26+00:00","dateModified":"2019-07-17T18:07:44+00:00","mainEntityOfPage":{"@id":"https:\/\/stuttgarti-katolikusok.de\/index.php\/dr-horvath-diana-gondolatok-az-idei-bicaj-zarirol\/"},"wordCount":1938,"image":{"@id":"https:\/\/stuttgarti-katolikusok.de\/index.php\/dr-horvath-diana-gondolatok-az-idei-bicaj-zarirol\/#primaryimage"},"thumbnailUrl":"https:\/\/stuttgarti-katolikusok.de\/wp-content\/uploads\/2019\/07\/bicaj-zari.jpg","articleSection":["Olvas\u00f3ink \u00edrj\u00e1k"],"inLanguage":"hu"},{"@type":"WebPage","@id":"https:\/\/stuttgarti-katolikusok.de\/index.php\/dr-horvath-diana-gondolatok-az-idei-bicaj-zarirol\/","url":"https:\/\/stuttgarti-katolikusok.de\/index.php\/dr-horvath-diana-gondolatok-az-idei-bicaj-zarirol\/","name":"Dr. Horv\u00e1th Diana: Gondolatok az idei bicaj-zarir\u00f3l... - Stuttgarti Katolikusok","isPartOf":{"@id":"https:\/\/stuttgarti-katolikusok.de\/#website"},"primaryImageOfPage":{"@id":"https:\/\/stuttgarti-katolikusok.de\/index.php\/dr-horvath-diana-gondolatok-az-idei-bicaj-zarirol\/#primaryimage"},"image":{"@id":"https:\/\/stuttgarti-katolikusok.de\/index.php\/dr-horvath-diana-gondolatok-az-idei-bicaj-zarirol\/#primaryimage"},"thumbnailUrl":"https:\/\/stuttgarti-katolikusok.de\/wp-content\/uploads\/2019\/07\/bicaj-zari.jpg","datePublished":"2019-07-17T16:38:26+00:00","dateModified":"2019-07-17T18:07:44+00:00","author":{"@id":"https:\/\/stuttgarti-katolikusok.de\/#\/schema\/person\/75908d6f8fdc03a57889d27209df7795"},"breadcrumb":{"@id":"https:\/\/stuttgarti-katolikusok.de\/index.php\/dr-horvath-diana-gondolatok-az-idei-bicaj-zarirol\/#breadcrumb"},"inLanguage":"hu","potentialAction":[{"@type":"ReadAction","target":["https:\/\/stuttgarti-katolikusok.de\/index.php\/dr-horvath-diana-gondolatok-az-idei-bicaj-zarirol\/"]}]},{"@type":"ImageObject","inLanguage":"hu","@id":"https:\/\/stuttgarti-katolikusok.de\/index.php\/dr-horvath-diana-gondolatok-az-idei-bicaj-zarirol\/#primaryimage","url":"https:\/\/stuttgarti-katolikusok.de\/wp-content\/uploads\/2019\/07\/bicaj-zari.jpg","contentUrl":"https:\/\/stuttgarti-katolikusok.de\/wp-content\/uploads\/2019\/07\/bicaj-zari.jpg","width":1024,"height":768},{"@type":"BreadcrumbList","@id":"https:\/\/stuttgarti-katolikusok.de\/index.php\/dr-horvath-diana-gondolatok-az-idei-bicaj-zarirol\/#breadcrumb","itemListElement":[{"@type":"ListItem","position":1,"name":"Kezd\u0151lap","item":"https:\/\/stuttgarti-katolikusok.de\/"},{"@type":"ListItem","position":2,"name":"Dr. Horv\u00e1th Diana: Gondolatok az idei bicaj-zarir\u00f3l&#8230;"}]},{"@type":"WebSite","@id":"https:\/\/stuttgarti-katolikusok.de\/#website","url":"https:\/\/stuttgarti-katolikusok.de\/","name":"Stuttgarti Katolikusok","description":"","potentialAction":[{"@type":"SearchAction","target":{"@type":"EntryPoint","urlTemplate":"https:\/\/stuttgarti-katolikusok.de\/?s={search_term_string}"},"query-input":{"@type":"PropertyValueSpecification","valueRequired":true,"valueName":"search_term_string"}}],"inLanguage":"hu"},{"@type":"Person","@id":"https:\/\/stuttgarti-katolikusok.de\/#\/schema\/person\/75908d6f8fdc03a57889d27209df7795","name":"Tibor atya","image":{"@type":"ImageObject","inLanguage":"hu","@id":"https:\/\/secure.gravatar.com\/avatar\/61d268e57d1f4525b111222e29d2d5a7f8c420fdbf231ba5566a8ceac74fa960?s=96&d=mm&r=g","url":"https:\/\/secure.gravatar.com\/avatar\/61d268e57d1f4525b111222e29d2d5a7f8c420fdbf231ba5566a8ceac74fa960?s=96&d=mm&r=g","contentUrl":"https:\/\/secure.gravatar.com\/avatar\/61d268e57d1f4525b111222e29d2d5a7f8c420fdbf231ba5566a8ceac74fa960?s=96&d=mm&r=g","caption":"Tibor atya"},"url":"https:\/\/stuttgarti-katolikusok.de\/index.php\/author\/tibor-atya\/"}]}},"_links":{"self":[{"href":"https:\/\/stuttgarti-katolikusok.de\/index.php\/wp-json\/wp\/v2\/posts\/17308","targetHints":{"allow":["GET"]}}],"collection":[{"href":"https:\/\/stuttgarti-katolikusok.de\/index.php\/wp-json\/wp\/v2\/posts"}],"about":[{"href":"https:\/\/stuttgarti-katolikusok.de\/index.php\/wp-json\/wp\/v2\/types\/post"}],"author":[{"embeddable":true,"href":"https:\/\/stuttgarti-katolikusok.de\/index.php\/wp-json\/wp\/v2\/users\/3"}],"replies":[{"embeddable":true,"href":"https:\/\/stuttgarti-katolikusok.de\/index.php\/wp-json\/wp\/v2\/comments?post=17308"}],"version-history":[{"count":2,"href":"https:\/\/stuttgarti-katolikusok.de\/index.php\/wp-json\/wp\/v2\/posts\/17308\/revisions"}],"predecessor-version":[{"id":17311,"href":"https:\/\/stuttgarti-katolikusok.de\/index.php\/wp-json\/wp\/v2\/posts\/17308\/revisions\/17311"}],"wp:featuredmedia":[{"embeddable":true,"href":"https:\/\/stuttgarti-katolikusok.de\/index.php\/wp-json\/wp\/v2\/media\/17309"}],"wp:attachment":[{"href":"https:\/\/stuttgarti-katolikusok.de\/index.php\/wp-json\/wp\/v2\/media?parent=17308"}],"wp:term":[{"taxonomy":"category","embeddable":true,"href":"https:\/\/stuttgarti-katolikusok.de\/index.php\/wp-json\/wp\/v2\/categories?post=17308"},{"taxonomy":"post_tag","embeddable":true,"href":"https:\/\/stuttgarti-katolikusok.de\/index.php\/wp-json\/wp\/v2\/tags?post=17308"}],"curies":[{"name":"wp","href":"https:\/\/api.w.org\/{rel}","templated":true}]}}