{"id":17283,"date":"2019-07-15T11:40:59","date_gmt":"2019-07-15T11:40:59","guid":{"rendered":"https:\/\/gracious-dewdney.138-201-221-2.plesk.page\/?p=17283"},"modified":"2019-07-17T12:13:51","modified_gmt":"2019-07-17T12:13:51","slug":"takacs-gabriella-stuttgarti-magyar-csaladi-nap-2019","status":"publish","type":"post","link":"https:\/\/stuttgarti-katolikusok.de\/index.php\/takacs-gabriella-stuttgarti-magyar-csaladi-nap-2019\/","title":{"rendered":"Tak\u00e1cs Gabriella: Stuttgarti Magyar Csal\u00e1di Nap &#8211; 2019"},"content":{"rendered":"<p><strong>Tak\u00e1cs Gabriella: Stuttgarti Magyar Csal\u00e1di Nap \u2013 2019<\/strong><\/p>\n<p><strong>\u00a0<\/strong><\/p>\n<p>2019. j\u00falius 7-\u00e9n ker\u00fclt megrendez\u00e9sre az idei Stuttgarti Magyar Csal\u00e1di Nap a Stuttgarthoz k\u00f6zel fekv\u0151 B\u00e4rensee-n\u00e9l. Id\u00e9n \u00fagy hozta a sors, hogy \u00e9n is r\u00e9szt vehettem a rendezv\u00e9nyen, \u00edgy szombat este \u00f6r\u00f6mteli izgalomban csomagoltam a piknik-kosaramat. De micsoda csal\u00f3d\u00e1s \u2013 vas\u00e1rnap reggel nemcsak hogy zuhogott az es\u0151, de a balkont jeges pityk\u00f6vek d\u00edsz\u00edtett\u00e9k. K\u00e9ts\u00e9gbeesetten h\u00edvom Imre aty\u00e1t \u2013 Ilyenkor mi van? N\u00e1lunk zuhog az es\u0151\u2026 Mire Imre atya (a sz\u00e1m\u00e1ra oly tipikus nyugalommal) \u2013 Nem baj, mi megy\u00fcnk. Hm\u2026 m\u00e9ly l\u00e9legzetet vettem, \u00e9s lassan elindultam. Mint k\u00e9s\u0151bb kider\u00fclt, \u00e9n voltam az egyetlen b\u00e1tor-b\u00e1tortalan, aki felh\u00edvta Imre aty\u00e1t \u2013 ugye mert mindenki tudja, hogy ha valami meg van hirdetve, az megrendez\u00e9sre ker\u00fcl!<\/p>\n<p>Ha valaki most hall el\u0151sz\u00f6r err\u0151l a rendezv\u00e9nyr\u0151l, akkor ez itt a rekl\u00e1m helye: a B\u00e4rensee melletti Stuttgarti Magyar Csal\u00e1di Nap minden \u00e9vben a ny\u00e1r elej\u00e9n ker\u00fcl megrendez\u00e9sre. A c\u00e9lja az, hogy itt a diaszp\u00f3r\u00e1ban el\u0151 magyarok megismerj\u00fck egym\u00e1st, \u00e9s k\u00f6zelebb ker\u00fclj\u00fcnk egym\u00e1shoz. A k\u00f6z\u00f6ss\u00e9g megtart\u00f3 \u00e9s gy\u00f3gy\u00edt\u00f3 erej\u00e9t itt a k\u00fclhonban is sokan megtapasztal(hat)j\u00e1k. Ide minden magyart, legyen az reform\u00e1tus, katolikus, evang\u00e9likus vagy nem h\u00edv\u0151, szeretettel v\u00e1r \u00e9s h\u00edv a rendez\u0151s\u00e9g.<\/p>\n<p>Sz\u00f3val a B\u00e4rensee melletti r\u00e9ten lassacsk\u00e1n gy\u00fclekezett a t\u00e1rsas\u00e1g. A t\u00f6bbs\u00e9g gyalog tette meg az utat a parkol\u00f3t\u00f3l a \u201er\u00e9t\u00fcnkig\u201d, de volt aki hagyom\u00e1nyosan biciklin j\u00f6tt, ill. a cs\u00f6pps\u00e9gek a gyermek-sportkocsik meleg\u00e9b\u0151l szeml\u00e9lt\u00e9k az \u00e9bredez\u0151 erd\u0151t. A szentmise el\u0151tt k\u00e9t fontos teend\u0151 ad\u00f3dott. Az egyik a t\u0171zifa beszerz\u00e9se a t\u00e1bort\u0171zre, a m\u00e1sik pedig az asztalok \u00e9s padok igazgat\u00e1sa a szentmis\u00e9re. B\u00e1r az \u00f6sszej\u00f6vetel \u00f6kumenikus, a nap t\u00e1bori szentmis\u00e9vel indul. (megj.: nem kell megijedni, itt senkit sem t\u00e9r\u00edtenek \u2013 pld. az egyik kutyus a gazdij\u00e1val tisztes t\u00e1vols\u00e1gb\u00f3l figyelte a t\u00f6rt\u00e9n\u00e9st) Ami a szentmis\u00e9t illeti, az olt\u00e1rr\u00f3l maga Imre atya gondoskodott. Itt az olt\u00e1r k\u00f6r\u00fcl kaptak helyet a gyermekek, akik lelkesen k\u00f6zrem\u0171k\u00f6dtek az atya pr\u00e9dik\u00e1ci\u00f3j\u00e1ban is.<\/p>\n<p>Mise ut\u00e1n a f\u00e9rfiak megrakt\u00e1k a t\u00fczet. Am\u00edg a t\u0171z \u00e9gett, a r\u00e9ten \u00f6sszegy\u0171lt apraja-nagyja t\u00fcrelmetlen\u00fcl v\u00e1rta az els\u0151 j\u00e1t\u00e9kot. Bemeleg\u00edt\u00e9snek a \u201eh\u00e1tuls\u00f3 p\u00e1ros fuss el\u0151re\u201d nev\u0171 j\u00e1t\u00e9kkal indultunk. A c\u00e9l az volt, hogy mai modern id\u0151ben a gyermekek megismerj\u00e9k a r\u00e9gi, hagyom\u00e1nyos magyar j\u00e1t\u00e9kokat. A p\u00e1rokat egy feln\u0151tt (\u00e1ltal\u00e1ban apuka\/ anyuka) \u00e9s egy gyermek alkotta, ill. ahogy a j\u00e1t\u00e9k hozta. Persze itt nem csak a gyors fut\u00e1s volt el\u0151ny\u00f6s, de a j\u00f3 csapatj\u00e1t\u00e9k, r\u00e1hangol\u00f3d\u00e1s a p\u00e1rra is. A r\u00e9t visszhangzott a vid\u00e1m (nem csak) gyermekzsivajt\u00f3l.<\/p>\n<p>Miut\u00e1n kifutkostuk magunkat, elj\u00f6tt az ideje, hogy a testiekr\u0151l is gondoskodjunk. Beindult teh\u00e1t a grillez\u00e9s, az asztalok ter\u00edtve voltak a jobbn\u00e1l jobb finoms\u00e1gokkal, \u00e9s term\u00e9szetesen megt\u00f6rt\u00e9nt az ilyenkor elmaradhatatlan \u201evitaminadag\u201d kioszt\u00e1sa is &#8211; egy kis kupica form\u00e1j\u00e1ban&#8230; A j\u00f3 em\u00e9szt\u00e9sre val\u00f3 tekintettel ez a folyamat addig ism\u00e9tl\u0151d\u00f6tt, am\u00edg a k\u00e9szlet tartott.<\/p>\n<p>Az eb\u00e9d ut\u00e1n a gyermekek megismerhett\u00e9k a \u201egumiz\u00e1s\u201d kih\u00edv\u00e1sait, ill. ugr\u00f3k\u00f6t\u00e9l \u00e9s tollaslabda is bevet\u00e9sre ker\u00fclt, de itt a szabadban volt b\u0151ven hely kerget\u0151csk\u00e9zni is. Aki a feln\u0151ttek k\u00f6z\u00fcl j\u00e1tszani akart, b\u00e1rmikor csatlakozhatott a boldogan csillog\u00f3 gyermekszemek csapat\u00e1ba, aki pedig ink\u00e1bb a besz\u00e9lget\u00e9s mellett d\u00f6nt\u00f6tt, annak erre is volt b\u0151ven lehet\u0151s\u00e9ge.<\/p>\n<p>Ez a vas\u00e1rnapi szabadt\u00e9ri tal\u00e1lkoz\u00e1s egy remek alkalom volt kikapcsol\u00f3dni \u00e9s felt\u00f6lt\u0151dni egyar\u00e1nt. Az ilyenfajta egy\u00fcttl\u00e9tnek megvan a maga var\u00e1zsa. Csod\u00e1latos dolog feln\u0151ttk\u00e9nt gyermekek szem\u00e9vel szeml\u00e9lni \u00e9s \u00fajb\u00f3l felfedezni a vil\u00e1got. \u00c9s r\u00e1d\u00f6bbenni arra, milyen kev\u00e9s el\u00e9g az embernek ahhoz, hogy boldog legyen.<\/p>\n<p>&nbsp;<\/p>\n<p><em>Stuttgart, 2019-07-12.<\/em><\/p>\n<p><em>Tak\u00e1cs Gabriella<\/em><\/p>\n<p><em>\u00a0<\/em><\/p>\n","protected":false},"excerpt":{"rendered":"<p>Tak\u00e1cs Gabriella: Stuttgarti Magyar Csal\u00e1di Nap \u2013 2019 \u00a0 2019. j\u00falius 7-\u00e9n ker\u00fclt megrendez\u00e9sre az idei Stuttgarti Magyar Csal\u00e1di Nap a Stuttgarthoz k\u00f6zel fekv\u0151 B\u00e4rensee-n\u00e9l. Id\u00e9n \u00fagy hozta a sors, hogy \u00e9n is r\u00e9szt vehettem a rendezv\u00e9nyen, \u00edgy szombat este \u00f6r\u00f6mteli izgalomban csomagoltam a piknik-kosaramat. De micsoda csal\u00f3d\u00e1s \u2013 vas\u00e1rnap reggel nemcsak hogy zuhogott az es\u0151, de a balkont jeges pityk\u00f6vek d\u00edsz\u00edtett\u00e9k. K\u00e9ts\u00e9gbeesetten h\u00edvom Imre aty\u00e1t \u2013 Ilyenkor mi van? N\u00e1lunk zuhog az es\u0151\u2026 Mire Imre atya (a sz\u00e1m\u00e1ra oly tipikus nyugalommal) \u2013 Nem baj, mi megy\u00fcnk. Hm\u2026 m\u00e9ly l\u00e9legzetet vettem, \u00e9s lassan elindultam. Mint k\u00e9s\u0151bb kider\u00fclt, \u00e9n voltam az egyetlen b\u00e1tor-b\u00e1tortalan, aki felh\u00edvta Imre aty\u00e1t \u2013 ugye mert mindenki tudja, hogy ha valami meg van hirdetve, az megrendez\u00e9sre ker\u00fcl! Ha valaki most hall el\u0151sz\u00f6r err\u0151l a rendezv\u00e9nyr\u0151l, akkor ez itt a rekl\u00e1m helye: a B\u00e4rensee melletti Stuttgarti Magyar Csal\u00e1di Nap minden \u00e9vben a ny\u00e1r elej\u00e9n ker\u00fcl megrendez\u00e9sre. A c\u00e9lja az, hogy itt a diaszp\u00f3r\u00e1ban el\u0151 magyarok megismerj\u00fck egym\u00e1st, \u00e9s k\u00f6zelebb ker\u00fclj\u00fcnk egym\u00e1shoz. A k\u00f6z\u00f6ss\u00e9g megtart\u00f3 \u00e9s gy\u00f3gy\u00edt\u00f3 erej\u00e9t itt a k\u00fclhonban is sokan megtapasztal(hat)j\u00e1k. Ide minden magyart, legyen az reform\u00e1tus, katolikus, evang\u00e9likus vagy nem h\u00edv\u0151, szeretettel v\u00e1r \u00e9s h\u00edv a rendez\u0151s\u00e9g. Sz\u00f3val a B\u00e4rensee melletti r\u00e9ten lassacsk\u00e1n gy\u00fclekezett a t\u00e1rsas\u00e1g. A t\u00f6bbs\u00e9g gyalog tette meg az utat a parkol\u00f3t\u00f3l a \u201er\u00e9t\u00fcnkig\u201d, de volt aki hagyom\u00e1nyosan biciklin j\u00f6tt, ill. a cs\u00f6pps\u00e9gek a gyermek-sportkocsik meleg\u00e9b\u0151l szeml\u00e9lt\u00e9k az \u00e9bredez\u0151 erd\u0151t. A szentmise el\u0151tt k\u00e9t fontos teend\u0151 ad\u00f3dott. Az egyik a t\u0171zifa beszerz\u00e9se a t\u00e1bort\u0171zre, a m\u00e1sik pedig az asztalok \u00e9s padok igazgat\u00e1sa a szentmis\u00e9re. B\u00e1r az \u00f6sszej\u00f6vetel \u00f6kumenikus, a nap t\u00e1bori szentmis\u00e9vel indul. (megj.: nem kell megijedni, itt senkit sem t\u00e9r\u00edtenek \u2013 pld. az egyik kutyus a gazdij\u00e1val tisztes t\u00e1vols\u00e1gb\u00f3l figyelte a t\u00f6rt\u00e9n\u00e9st) Ami a szentmis\u00e9t illeti, az olt\u00e1rr\u00f3l maga Imre atya gondoskodott. Itt az olt\u00e1r k\u00f6r\u00fcl kaptak helyet a gyermekek, akik&#8230; <\/p>\n<p><a class=\"readmore\" href=\"https:\/\/stuttgarti-katolikusok.de\/index.php\/takacs-gabriella-stuttgarti-magyar-csaladi-nap-2019\/\">R\u00e9szletek<\/a><\/p>\n","protected":false},"author":3,"featured_media":17286,"comment_status":"closed","ping_status":"closed","sticky":false,"template":"","format":"standard","meta":{"footnotes":""},"categories":[28],"tags":[],"class_list":["post-17283","post","type-post","status-publish","format-standard","has-post-thumbnail","hentry","category-olvasoink-irjak"],"yoast_head":"<!-- This site is optimized with the Yoast SEO plugin v27.3 - https:\/\/yoast.com\/product\/yoast-seo-wordpress\/ -->\n<title>Tak\u00e1cs Gabriella: Stuttgarti Magyar Csal\u00e1di Nap - 2019 - Stuttgarti Katolikusok<\/title>\n<meta name=\"robots\" content=\"index, follow, max-snippet:-1, max-image-preview:large, max-video-preview:-1\" \/>\n<link rel=\"canonical\" href=\"https:\/\/stuttgarti-katolikusok.de\/index.php\/takacs-gabriella-stuttgarti-magyar-csaladi-nap-2019\/\" \/>\n<meta property=\"og:locale\" content=\"hu_HU\" \/>\n<meta property=\"og:type\" content=\"article\" \/>\n<meta property=\"og:title\" content=\"Tak\u00e1cs Gabriella: Stuttgarti Magyar Csal\u00e1di Nap - 2019 - Stuttgarti Katolikusok\" \/>\n<meta property=\"og:description\" content=\"Tak\u00e1cs Gabriella: Stuttgarti Magyar Csal\u00e1di Nap \u2013 2019 \u00a0 2019. j\u00falius 7-\u00e9n ker\u00fclt megrendez\u00e9sre az idei Stuttgarti Magyar Csal\u00e1di Nap a Stuttgarthoz k\u00f6zel fekv\u0151 B\u00e4rensee-n\u00e9l. Id\u00e9n \u00fagy hozta a sors, hogy \u00e9n is r\u00e9szt vehettem a rendezv\u00e9nyen, \u00edgy szombat este \u00f6r\u00f6mteli izgalomban csomagoltam a piknik-kosaramat. De micsoda csal\u00f3d\u00e1s \u2013 vas\u00e1rnap reggel nemcsak hogy zuhogott az es\u0151, de a balkont jeges pityk\u00f6vek d\u00edsz\u00edtett\u00e9k. K\u00e9ts\u00e9gbeesetten h\u00edvom Imre aty\u00e1t \u2013 Ilyenkor mi van? N\u00e1lunk zuhog az es\u0151\u2026 Mire Imre atya (a sz\u00e1m\u00e1ra oly tipikus nyugalommal) \u2013 Nem baj, mi megy\u00fcnk. Hm\u2026 m\u00e9ly l\u00e9legzetet vettem, \u00e9s lassan elindultam. Mint k\u00e9s\u0151bb kider\u00fclt, \u00e9n voltam az egyetlen b\u00e1tor-b\u00e1tortalan, aki felh\u00edvta Imre aty\u00e1t \u2013 ugye mert mindenki tudja, hogy ha valami meg van hirdetve, az megrendez\u00e9sre ker\u00fcl! Ha valaki most hall el\u0151sz\u00f6r err\u0151l a rendezv\u00e9nyr\u0151l, akkor ez itt a rekl\u00e1m helye: a B\u00e4rensee melletti Stuttgarti Magyar Csal\u00e1di Nap minden \u00e9vben a ny\u00e1r elej\u00e9n ker\u00fcl megrendez\u00e9sre. A c\u00e9lja az, hogy itt a diaszp\u00f3r\u00e1ban el\u0151 magyarok megismerj\u00fck egym\u00e1st, \u00e9s k\u00f6zelebb ker\u00fclj\u00fcnk egym\u00e1shoz. A k\u00f6z\u00f6ss\u00e9g megtart\u00f3 \u00e9s gy\u00f3gy\u00edt\u00f3 erej\u00e9t itt a k\u00fclhonban is sokan megtapasztal(hat)j\u00e1k. Ide minden magyart, legyen az reform\u00e1tus, katolikus, evang\u00e9likus vagy nem h\u00edv\u0151, szeretettel v\u00e1r \u00e9s h\u00edv a rendez\u0151s\u00e9g. Sz\u00f3val a B\u00e4rensee melletti r\u00e9ten lassacsk\u00e1n gy\u00fclekezett a t\u00e1rsas\u00e1g. A t\u00f6bbs\u00e9g gyalog tette meg az utat a parkol\u00f3t\u00f3l a \u201er\u00e9t\u00fcnkig\u201d, de volt aki hagyom\u00e1nyosan biciklin j\u00f6tt, ill. a cs\u00f6pps\u00e9gek a gyermek-sportkocsik meleg\u00e9b\u0151l szeml\u00e9lt\u00e9k az \u00e9bredez\u0151 erd\u0151t. A szentmise el\u0151tt k\u00e9t fontos teend\u0151 ad\u00f3dott. Az egyik a t\u0171zifa beszerz\u00e9se a t\u00e1bort\u0171zre, a m\u00e1sik pedig az asztalok \u00e9s padok igazgat\u00e1sa a szentmis\u00e9re. B\u00e1r az \u00f6sszej\u00f6vetel \u00f6kumenikus, a nap t\u00e1bori szentmis\u00e9vel indul. (megj.: nem kell megijedni, itt senkit sem t\u00e9r\u00edtenek \u2013 pld. az egyik kutyus a gazdij\u00e1val tisztes t\u00e1vols\u00e1gb\u00f3l figyelte a t\u00f6rt\u00e9n\u00e9st) Ami a szentmis\u00e9t illeti, az olt\u00e1rr\u00f3l maga Imre atya gondoskodott. Itt az olt\u00e1r k\u00f6r\u00fcl kaptak helyet a gyermekek, akik... R\u00e9szletek\" \/>\n<meta property=\"og:url\" content=\"https:\/\/stuttgarti-katolikusok.de\/index.php\/takacs-gabriella-stuttgarti-magyar-csaladi-nap-2019\/\" \/>\n<meta property=\"og:site_name\" content=\"Stuttgarti Katolikusok\" \/>\n<meta property=\"article:published_time\" content=\"2019-07-15T11:40:59+00:00\" \/>\n<meta property=\"article:modified_time\" content=\"2019-07-17T12:13:51+00:00\" \/>\n<meta property=\"og:image\" content=\"https:\/\/stuttgarti-katolikusok.de\/wp-content\/uploads\/2019\/07\/csaladinap2-1.jpg\" \/>\n\t<meta property=\"og:image:width\" content=\"640\" \/>\n\t<meta property=\"og:image:height\" content=\"426\" \/>\n\t<meta property=\"og:image:type\" content=\"image\/jpeg\" \/>\n<meta name=\"author\" content=\"Tibor atya\" \/>\n<meta name=\"twitter:card\" content=\"summary_large_image\" \/>\n<meta name=\"twitter:label1\" content=\"Szerz\u0151:\" \/>\n\t<meta name=\"twitter:data1\" content=\"Tibor atya\" \/>\n\t<meta name=\"twitter:label2\" content=\"Becs\u00fclt olvas\u00e1si id\u0151\" \/>\n\t<meta name=\"twitter:data2\" content=\"4 perc\" \/>\n<script type=\"application\/ld+json\" class=\"yoast-schema-graph\">{\"@context\":\"https:\\\/\\\/schema.org\",\"@graph\":[{\"@type\":\"Article\",\"@id\":\"https:\\\/\\\/stuttgarti-katolikusok.de\\\/index.php\\\/takacs-gabriella-stuttgarti-magyar-csaladi-nap-2019\\\/#article\",\"isPartOf\":{\"@id\":\"https:\\\/\\\/stuttgarti-katolikusok.de\\\/index.php\\\/takacs-gabriella-stuttgarti-magyar-csaladi-nap-2019\\\/\"},\"author\":{\"name\":\"Tibor atya\",\"@id\":\"https:\\\/\\\/stuttgarti-katolikusok.de\\\/#\\\/schema\\\/person\\\/75908d6f8fdc03a57889d27209df7795\"},\"headline\":\"Tak\u00e1cs Gabriella: Stuttgarti Magyar Csal\u00e1di Nap &#8211; 2019\",\"datePublished\":\"2019-07-15T11:40:59+00:00\",\"dateModified\":\"2019-07-17T12:13:51+00:00\",\"mainEntityOfPage\":{\"@id\":\"https:\\\/\\\/stuttgarti-katolikusok.de\\\/index.php\\\/takacs-gabriella-stuttgarti-magyar-csaladi-nap-2019\\\/\"},\"wordCount\":795,\"image\":{\"@id\":\"https:\\\/\\\/stuttgarti-katolikusok.de\\\/index.php\\\/takacs-gabriella-stuttgarti-magyar-csaladi-nap-2019\\\/#primaryimage\"},\"thumbnailUrl\":\"https:\\\/\\\/stuttgarti-katolikusok.de\\\/wp-content\\\/uploads\\\/2019\\\/07\\\/csaladinap2-1.jpg\",\"articleSection\":[\"Olvas\u00f3ink \u00edrj\u00e1k\"],\"inLanguage\":\"hu\"},{\"@type\":\"WebPage\",\"@id\":\"https:\\\/\\\/stuttgarti-katolikusok.de\\\/index.php\\\/takacs-gabriella-stuttgarti-magyar-csaladi-nap-2019\\\/\",\"url\":\"https:\\\/\\\/stuttgarti-katolikusok.de\\\/index.php\\\/takacs-gabriella-stuttgarti-magyar-csaladi-nap-2019\\\/\",\"name\":\"Tak\u00e1cs Gabriella: Stuttgarti Magyar Csal\u00e1di Nap - 2019 - Stuttgarti Katolikusok\",\"isPartOf\":{\"@id\":\"https:\\\/\\\/stuttgarti-katolikusok.de\\\/#website\"},\"primaryImageOfPage\":{\"@id\":\"https:\\\/\\\/stuttgarti-katolikusok.de\\\/index.php\\\/takacs-gabriella-stuttgarti-magyar-csaladi-nap-2019\\\/#primaryimage\"},\"image\":{\"@id\":\"https:\\\/\\\/stuttgarti-katolikusok.de\\\/index.php\\\/takacs-gabriella-stuttgarti-magyar-csaladi-nap-2019\\\/#primaryimage\"},\"thumbnailUrl\":\"https:\\\/\\\/stuttgarti-katolikusok.de\\\/wp-content\\\/uploads\\\/2019\\\/07\\\/csaladinap2-1.jpg\",\"datePublished\":\"2019-07-15T11:40:59+00:00\",\"dateModified\":\"2019-07-17T12:13:51+00:00\",\"author\":{\"@id\":\"https:\\\/\\\/stuttgarti-katolikusok.de\\\/#\\\/schema\\\/person\\\/75908d6f8fdc03a57889d27209df7795\"},\"breadcrumb\":{\"@id\":\"https:\\\/\\\/stuttgarti-katolikusok.de\\\/index.php\\\/takacs-gabriella-stuttgarti-magyar-csaladi-nap-2019\\\/#breadcrumb\"},\"inLanguage\":\"hu\",\"potentialAction\":[{\"@type\":\"ReadAction\",\"target\":[\"https:\\\/\\\/stuttgarti-katolikusok.de\\\/index.php\\\/takacs-gabriella-stuttgarti-magyar-csaladi-nap-2019\\\/\"]}]},{\"@type\":\"ImageObject\",\"inLanguage\":\"hu\",\"@id\":\"https:\\\/\\\/stuttgarti-katolikusok.de\\\/index.php\\\/takacs-gabriella-stuttgarti-magyar-csaladi-nap-2019\\\/#primaryimage\",\"url\":\"https:\\\/\\\/stuttgarti-katolikusok.de\\\/wp-content\\\/uploads\\\/2019\\\/07\\\/csaladinap2-1.jpg\",\"contentUrl\":\"https:\\\/\\\/stuttgarti-katolikusok.de\\\/wp-content\\\/uploads\\\/2019\\\/07\\\/csaladinap2-1.jpg\",\"width\":640,\"height\":426},{\"@type\":\"BreadcrumbList\",\"@id\":\"https:\\\/\\\/stuttgarti-katolikusok.de\\\/index.php\\\/takacs-gabriella-stuttgarti-magyar-csaladi-nap-2019\\\/#breadcrumb\",\"itemListElement\":[{\"@type\":\"ListItem\",\"position\":1,\"name\":\"Kezd\u0151lap\",\"item\":\"https:\\\/\\\/stuttgarti-katolikusok.de\\\/\"},{\"@type\":\"ListItem\",\"position\":2,\"name\":\"Tak\u00e1cs Gabriella: Stuttgarti Magyar Csal\u00e1di Nap &#8211; 2019\"}]},{\"@type\":\"WebSite\",\"@id\":\"https:\\\/\\\/stuttgarti-katolikusok.de\\\/#website\",\"url\":\"https:\\\/\\\/stuttgarti-katolikusok.de\\\/\",\"name\":\"Stuttgarti Katolikusok\",\"description\":\"\",\"potentialAction\":[{\"@type\":\"SearchAction\",\"target\":{\"@type\":\"EntryPoint\",\"urlTemplate\":\"https:\\\/\\\/stuttgarti-katolikusok.de\\\/?s={search_term_string}\"},\"query-input\":{\"@type\":\"PropertyValueSpecification\",\"valueRequired\":true,\"valueName\":\"search_term_string\"}}],\"inLanguage\":\"hu\"},{\"@type\":\"Person\",\"@id\":\"https:\\\/\\\/stuttgarti-katolikusok.de\\\/#\\\/schema\\\/person\\\/75908d6f8fdc03a57889d27209df7795\",\"name\":\"Tibor atya\",\"image\":{\"@type\":\"ImageObject\",\"inLanguage\":\"hu\",\"@id\":\"https:\\\/\\\/secure.gravatar.com\\\/avatar\\\/61d268e57d1f4525b111222e29d2d5a7f8c420fdbf231ba5566a8ceac74fa960?s=96&d=mm&r=g\",\"url\":\"https:\\\/\\\/secure.gravatar.com\\\/avatar\\\/61d268e57d1f4525b111222e29d2d5a7f8c420fdbf231ba5566a8ceac74fa960?s=96&d=mm&r=g\",\"contentUrl\":\"https:\\\/\\\/secure.gravatar.com\\\/avatar\\\/61d268e57d1f4525b111222e29d2d5a7f8c420fdbf231ba5566a8ceac74fa960?s=96&d=mm&r=g\",\"caption\":\"Tibor atya\"},\"url\":\"https:\\\/\\\/stuttgarti-katolikusok.de\\\/index.php\\\/author\\\/tibor-atya\\\/\"}]}<\/script>\n<!-- \/ Yoast SEO plugin. -->","yoast_head_json":{"title":"Tak\u00e1cs Gabriella: Stuttgarti Magyar Csal\u00e1di Nap - 2019 - Stuttgarti Katolikusok","robots":{"index":"index","follow":"follow","max-snippet":"max-snippet:-1","max-image-preview":"max-image-preview:large","max-video-preview":"max-video-preview:-1"},"canonical":"https:\/\/stuttgarti-katolikusok.de\/index.php\/takacs-gabriella-stuttgarti-magyar-csaladi-nap-2019\/","og_locale":"hu_HU","og_type":"article","og_title":"Tak\u00e1cs Gabriella: Stuttgarti Magyar Csal\u00e1di Nap - 2019 - Stuttgarti Katolikusok","og_description":"Tak\u00e1cs Gabriella: Stuttgarti Magyar Csal\u00e1di Nap \u2013 2019 \u00a0 2019. j\u00falius 7-\u00e9n ker\u00fclt megrendez\u00e9sre az idei Stuttgarti Magyar Csal\u00e1di Nap a Stuttgarthoz k\u00f6zel fekv\u0151 B\u00e4rensee-n\u00e9l. Id\u00e9n \u00fagy hozta a sors, hogy \u00e9n is r\u00e9szt vehettem a rendezv\u00e9nyen, \u00edgy szombat este \u00f6r\u00f6mteli izgalomban csomagoltam a piknik-kosaramat. De micsoda csal\u00f3d\u00e1s \u2013 vas\u00e1rnap reggel nemcsak hogy zuhogott az es\u0151, de a balkont jeges pityk\u00f6vek d\u00edsz\u00edtett\u00e9k. K\u00e9ts\u00e9gbeesetten h\u00edvom Imre aty\u00e1t \u2013 Ilyenkor mi van? N\u00e1lunk zuhog az es\u0151\u2026 Mire Imre atya (a sz\u00e1m\u00e1ra oly tipikus nyugalommal) \u2013 Nem baj, mi megy\u00fcnk. Hm\u2026 m\u00e9ly l\u00e9legzetet vettem, \u00e9s lassan elindultam. Mint k\u00e9s\u0151bb kider\u00fclt, \u00e9n voltam az egyetlen b\u00e1tor-b\u00e1tortalan, aki felh\u00edvta Imre aty\u00e1t \u2013 ugye mert mindenki tudja, hogy ha valami meg van hirdetve, az megrendez\u00e9sre ker\u00fcl! Ha valaki most hall el\u0151sz\u00f6r err\u0151l a rendezv\u00e9nyr\u0151l, akkor ez itt a rekl\u00e1m helye: a B\u00e4rensee melletti Stuttgarti Magyar Csal\u00e1di Nap minden \u00e9vben a ny\u00e1r elej\u00e9n ker\u00fcl megrendez\u00e9sre. A c\u00e9lja az, hogy itt a diaszp\u00f3r\u00e1ban el\u0151 magyarok megismerj\u00fck egym\u00e1st, \u00e9s k\u00f6zelebb ker\u00fclj\u00fcnk egym\u00e1shoz. A k\u00f6z\u00f6ss\u00e9g megtart\u00f3 \u00e9s gy\u00f3gy\u00edt\u00f3 erej\u00e9t itt a k\u00fclhonban is sokan megtapasztal(hat)j\u00e1k. Ide minden magyart, legyen az reform\u00e1tus, katolikus, evang\u00e9likus vagy nem h\u00edv\u0151, szeretettel v\u00e1r \u00e9s h\u00edv a rendez\u0151s\u00e9g. Sz\u00f3val a B\u00e4rensee melletti r\u00e9ten lassacsk\u00e1n gy\u00fclekezett a t\u00e1rsas\u00e1g. A t\u00f6bbs\u00e9g gyalog tette meg az utat a parkol\u00f3t\u00f3l a \u201er\u00e9t\u00fcnkig\u201d, de volt aki hagyom\u00e1nyosan biciklin j\u00f6tt, ill. a cs\u00f6pps\u00e9gek a gyermek-sportkocsik meleg\u00e9b\u0151l szeml\u00e9lt\u00e9k az \u00e9bredez\u0151 erd\u0151t. A szentmise el\u0151tt k\u00e9t fontos teend\u0151 ad\u00f3dott. Az egyik a t\u0171zifa beszerz\u00e9se a t\u00e1bort\u0171zre, a m\u00e1sik pedig az asztalok \u00e9s padok igazgat\u00e1sa a szentmis\u00e9re. B\u00e1r az \u00f6sszej\u00f6vetel \u00f6kumenikus, a nap t\u00e1bori szentmis\u00e9vel indul. (megj.: nem kell megijedni, itt senkit sem t\u00e9r\u00edtenek \u2013 pld. az egyik kutyus a gazdij\u00e1val tisztes t\u00e1vols\u00e1gb\u00f3l figyelte a t\u00f6rt\u00e9n\u00e9st) Ami a szentmis\u00e9t illeti, az olt\u00e1rr\u00f3l maga Imre atya gondoskodott. Itt az olt\u00e1r k\u00f6r\u00fcl kaptak helyet a gyermekek, akik... R\u00e9szletek","og_url":"https:\/\/stuttgarti-katolikusok.de\/index.php\/takacs-gabriella-stuttgarti-magyar-csaladi-nap-2019\/","og_site_name":"Stuttgarti Katolikusok","article_published_time":"2019-07-15T11:40:59+00:00","article_modified_time":"2019-07-17T12:13:51+00:00","og_image":[{"width":640,"height":426,"url":"https:\/\/stuttgarti-katolikusok.de\/wp-content\/uploads\/2019\/07\/csaladinap2-1.jpg","type":"image\/jpeg"}],"author":"Tibor atya","twitter_card":"summary_large_image","twitter_misc":{"Szerz\u0151:":"Tibor atya","Becs\u00fclt olvas\u00e1si id\u0151":"4 perc"},"schema":{"@context":"https:\/\/schema.org","@graph":[{"@type":"Article","@id":"https:\/\/stuttgarti-katolikusok.de\/index.php\/takacs-gabriella-stuttgarti-magyar-csaladi-nap-2019\/#article","isPartOf":{"@id":"https:\/\/stuttgarti-katolikusok.de\/index.php\/takacs-gabriella-stuttgarti-magyar-csaladi-nap-2019\/"},"author":{"name":"Tibor atya","@id":"https:\/\/stuttgarti-katolikusok.de\/#\/schema\/person\/75908d6f8fdc03a57889d27209df7795"},"headline":"Tak\u00e1cs Gabriella: Stuttgarti Magyar Csal\u00e1di Nap &#8211; 2019","datePublished":"2019-07-15T11:40:59+00:00","dateModified":"2019-07-17T12:13:51+00:00","mainEntityOfPage":{"@id":"https:\/\/stuttgarti-katolikusok.de\/index.php\/takacs-gabriella-stuttgarti-magyar-csaladi-nap-2019\/"},"wordCount":795,"image":{"@id":"https:\/\/stuttgarti-katolikusok.de\/index.php\/takacs-gabriella-stuttgarti-magyar-csaladi-nap-2019\/#primaryimage"},"thumbnailUrl":"https:\/\/stuttgarti-katolikusok.de\/wp-content\/uploads\/2019\/07\/csaladinap2-1.jpg","articleSection":["Olvas\u00f3ink \u00edrj\u00e1k"],"inLanguage":"hu"},{"@type":"WebPage","@id":"https:\/\/stuttgarti-katolikusok.de\/index.php\/takacs-gabriella-stuttgarti-magyar-csaladi-nap-2019\/","url":"https:\/\/stuttgarti-katolikusok.de\/index.php\/takacs-gabriella-stuttgarti-magyar-csaladi-nap-2019\/","name":"Tak\u00e1cs Gabriella: Stuttgarti Magyar Csal\u00e1di Nap - 2019 - Stuttgarti Katolikusok","isPartOf":{"@id":"https:\/\/stuttgarti-katolikusok.de\/#website"},"primaryImageOfPage":{"@id":"https:\/\/stuttgarti-katolikusok.de\/index.php\/takacs-gabriella-stuttgarti-magyar-csaladi-nap-2019\/#primaryimage"},"image":{"@id":"https:\/\/stuttgarti-katolikusok.de\/index.php\/takacs-gabriella-stuttgarti-magyar-csaladi-nap-2019\/#primaryimage"},"thumbnailUrl":"https:\/\/stuttgarti-katolikusok.de\/wp-content\/uploads\/2019\/07\/csaladinap2-1.jpg","datePublished":"2019-07-15T11:40:59+00:00","dateModified":"2019-07-17T12:13:51+00:00","author":{"@id":"https:\/\/stuttgarti-katolikusok.de\/#\/schema\/person\/75908d6f8fdc03a57889d27209df7795"},"breadcrumb":{"@id":"https:\/\/stuttgarti-katolikusok.de\/index.php\/takacs-gabriella-stuttgarti-magyar-csaladi-nap-2019\/#breadcrumb"},"inLanguage":"hu","potentialAction":[{"@type":"ReadAction","target":["https:\/\/stuttgarti-katolikusok.de\/index.php\/takacs-gabriella-stuttgarti-magyar-csaladi-nap-2019\/"]}]},{"@type":"ImageObject","inLanguage":"hu","@id":"https:\/\/stuttgarti-katolikusok.de\/index.php\/takacs-gabriella-stuttgarti-magyar-csaladi-nap-2019\/#primaryimage","url":"https:\/\/stuttgarti-katolikusok.de\/wp-content\/uploads\/2019\/07\/csaladinap2-1.jpg","contentUrl":"https:\/\/stuttgarti-katolikusok.de\/wp-content\/uploads\/2019\/07\/csaladinap2-1.jpg","width":640,"height":426},{"@type":"BreadcrumbList","@id":"https:\/\/stuttgarti-katolikusok.de\/index.php\/takacs-gabriella-stuttgarti-magyar-csaladi-nap-2019\/#breadcrumb","itemListElement":[{"@type":"ListItem","position":1,"name":"Kezd\u0151lap","item":"https:\/\/stuttgarti-katolikusok.de\/"},{"@type":"ListItem","position":2,"name":"Tak\u00e1cs Gabriella: Stuttgarti Magyar Csal\u00e1di Nap &#8211; 2019"}]},{"@type":"WebSite","@id":"https:\/\/stuttgarti-katolikusok.de\/#website","url":"https:\/\/stuttgarti-katolikusok.de\/","name":"Stuttgarti Katolikusok","description":"","potentialAction":[{"@type":"SearchAction","target":{"@type":"EntryPoint","urlTemplate":"https:\/\/stuttgarti-katolikusok.de\/?s={search_term_string}"},"query-input":{"@type":"PropertyValueSpecification","valueRequired":true,"valueName":"search_term_string"}}],"inLanguage":"hu"},{"@type":"Person","@id":"https:\/\/stuttgarti-katolikusok.de\/#\/schema\/person\/75908d6f8fdc03a57889d27209df7795","name":"Tibor atya","image":{"@type":"ImageObject","inLanguage":"hu","@id":"https:\/\/secure.gravatar.com\/avatar\/61d268e57d1f4525b111222e29d2d5a7f8c420fdbf231ba5566a8ceac74fa960?s=96&d=mm&r=g","url":"https:\/\/secure.gravatar.com\/avatar\/61d268e57d1f4525b111222e29d2d5a7f8c420fdbf231ba5566a8ceac74fa960?s=96&d=mm&r=g","contentUrl":"https:\/\/secure.gravatar.com\/avatar\/61d268e57d1f4525b111222e29d2d5a7f8c420fdbf231ba5566a8ceac74fa960?s=96&d=mm&r=g","caption":"Tibor atya"},"url":"https:\/\/stuttgarti-katolikusok.de\/index.php\/author\/tibor-atya\/"}]}},"_links":{"self":[{"href":"https:\/\/stuttgarti-katolikusok.de\/index.php\/wp-json\/wp\/v2\/posts\/17283","targetHints":{"allow":["GET"]}}],"collection":[{"href":"https:\/\/stuttgarti-katolikusok.de\/index.php\/wp-json\/wp\/v2\/posts"}],"about":[{"href":"https:\/\/stuttgarti-katolikusok.de\/index.php\/wp-json\/wp\/v2\/types\/post"}],"author":[{"embeddable":true,"href":"https:\/\/stuttgarti-katolikusok.de\/index.php\/wp-json\/wp\/v2\/users\/3"}],"replies":[{"embeddable":true,"href":"https:\/\/stuttgarti-katolikusok.de\/index.php\/wp-json\/wp\/v2\/comments?post=17283"}],"version-history":[{"count":4,"href":"https:\/\/stuttgarti-katolikusok.de\/index.php\/wp-json\/wp\/v2\/posts\/17283\/revisions"}],"predecessor-version":[{"id":17304,"href":"https:\/\/stuttgarti-katolikusok.de\/index.php\/wp-json\/wp\/v2\/posts\/17283\/revisions\/17304"}],"wp:featuredmedia":[{"embeddable":true,"href":"https:\/\/stuttgarti-katolikusok.de\/index.php\/wp-json\/wp\/v2\/media\/17286"}],"wp:attachment":[{"href":"https:\/\/stuttgarti-katolikusok.de\/index.php\/wp-json\/wp\/v2\/media?parent=17283"}],"wp:term":[{"taxonomy":"category","embeddable":true,"href":"https:\/\/stuttgarti-katolikusok.de\/index.php\/wp-json\/wp\/v2\/categories?post=17283"},{"taxonomy":"post_tag","embeddable":true,"href":"https:\/\/stuttgarti-katolikusok.de\/index.php\/wp-json\/wp\/v2\/tags?post=17283"}],"curies":[{"name":"wp","href":"https:\/\/api.w.org\/{rel}","templated":true}]}}