{"id":17270,"date":"2019-07-10T16:52:11","date_gmt":"2019-07-10T16:52:11","guid":{"rendered":"https:\/\/gracious-dewdney.138-201-221-2.plesk.page\/?p=17270"},"modified":"2019-07-15T16:24:53","modified_gmt":"2019-07-15T16:24:53","slug":"benedek-anniko-egyhazkozsegunk-2019-es-eszak-olaszorszagi-zarandoklata","status":"publish","type":"post","link":"https:\/\/stuttgarti-katolikusok.de\/index.php\/benedek-anniko-egyhazkozsegunk-2019-es-eszak-olaszorszagi-zarandoklata\/","title":{"rendered":"Benedek Annik\u00f3: Egyh\u00e1zk\u00f6zs\u00e9g\u00fcnk 2019-es \u00e9szak-olaszorsz\u00e1gi zar\u00e1ndoklata"},"content":{"rendered":"<p><strong>Benedek Annik\u00f3: Egyh\u00e1zk\u00f6zs\u00e9g\u00fcnk 2019-es \u00e9szak-olaszorsz\u00e1gi zar\u00e1ndoklata<\/strong><\/p>\n<p>A <em>Stuttgarti Szent Gell\u00e9rt Magyar Katolikus Egyh\u00e1zk\u00f6zs\u00e9g<\/em> mintegy 50 h\u00edve 2019 j\u00fanius 10-e \u00e9s 16-a k\u00f6z\u00f6tt \u00c9szak Olaszorsz\u00e1gba zar\u00e1ndokolt.<\/p>\n<p>Hogy k\u00f6z\u00fcl\u00fcnk ki mi\u00e9rt, mi okb\u00f3l v\u00e1llalta a f\u00e1rads\u00e1got \u00e9s indult el erre a zar\u00e1ndok \u00fatra, azt az aut\u00f3buszban \u2013 a r\u00f6vid vagy hosszabb bemutatkoz\u00e1sb\u00f3l \u2013 kihallhattuk. Volt olyan, aki a csal\u00e1dtagok\u00e9rt akart im\u00e1dkozni, m\u00e1sok egyszer\u0171en h\u00e1l\u00e1t adni j\u00f6ttek a J\u00f3istennek minden\u00e9rt, amit az elm\u00falt id\u0151ben kaptak, ism\u00e9t m\u00e1sok \u00fajra szerett\u00e9k volna felfedezni illetve elm\u00e9ly\u00edteni magukban a hitet.<\/p>\n<p>Tele izgalommal \u00e9s k\u00edv\u00e1ncsis\u00e1ggal indultunk el a nagy \u00fatra: Vajon milyen \u00fat \u00e1ll el\u0151tt\u00fcnk? Milyen lesz az id\u0151j\u00e1r\u00e1s? Mi sz\u00e9pet \u00e9rdekeset fogunk l\u00e1tni, hallani? Siker\u00fcl lelkileg felt\u00f6lt\u0151dni? Milyen lesz a t\u00e1rsas\u00e1g?<\/p>\n<p>Igy, visszatekintve, eg\u00e9sz zar\u00e1ndokutunkon b\u0151s\u00e9gesen el voltunk l\u00e1tva mindennel, amire a testnek \u00e9s l\u00e9leknek sz\u00fcks\u00e9ge volt: Imre atya a lelkiekkel l\u00e1tott el benn\u00fcnket, a testi j\u00f3l\u00e9tr\u0151l pedig egyr\u00e9szt a vend\u00e9gl\u0151s\u00f6k gondoskodtak finom reggelikkel \u00e9s vacsor\u00e1kkal, m\u00e1sr\u00e9szt pedig zar\u00e1ndokt\u00e1rsaink, akik k\u00f6z\u00fcl szinte mindegyik k\u00edn\u00e1lgatta jobbn\u00e1l-jobb s\u00fctem\u00e9nyeit\u2026 Sz\u00e1ll\u00e1sunk mindenhol biztos\u00edtva volt, a v\u00e1rosn\u00e9z\u00e9sek is j\u00f3l megvoltak szervezve. \u00cdgy lehet\u0151s\u00e9g\u00fcnk ad\u00f3dott arra, hogy t\u00f6bbet foglalkozhassunk magunkkal \u00e9s Istennel, illetve m\u00e9lyebben magunkba sz\u00e1lljunk.<\/p>\n<p>Els\u0151 meg\u00e1ll\u00e1sunk Mil\u00e1n\u00f3 volt. Modern, ny\u00fczsg\u0151, eleg\u00e1ns, nem a tipikus \u201er\u00e9gi\u201d olasz v\u00e1ros. Egyik legnagyobb ipari k\u00f6zpontja Olaszorsz\u00e1gnak, h\u00edres divath\u00e1zak otthona, de sok m\u00e1s l\u00e1tv\u00e1nyoss\u00e1gokkal is meg\u00f6rvendezteti az oda l\u00e1togat\u00f3kat. Az egyik kihagyhatatlan nevezetess\u00e9g a mil\u00e1n\u00f3i d\u00f3m volt. Egy komoly biztons\u00e1gi ellen\u0151rz\u00e9s ut\u00e1n, (amelynek sor\u00e1n kider\u00fclt hogy mi mindennek van helye egy n\u0151i t\u00e1sk\u00e1ban &#x1f60a;), bel\u00fclr\u0151l is megcsod\u00e1lhattuk a leny\u0171g\u00f6z\u0151 katedr\u00e1list. Engem szem\u00e9lyesen a hatalmas oszlopok, a nagyszer\u0171 \u00fcvegablakok, a festm\u00e9nyek \u00e9s a szobrok ragadtak meg. Ez ut\u00f3bbiak k\u00f6z\u00fcl legjobban a Szent Bertalan\u00e9 tetszett, amelyet Marco D\u2019Aggrate k\u00e9sz\u00edtett 1562-ben, \u00e9pp azt a pillanatot ragadva meg, amelyben az elevenen megny\u00fazott v\u00e9rtan\u00fa a saj\u00e1t b\u0151r\u00e9t a v\u00e1ll\u00e1ra veszi&#8230; (Elgondolkoztat\u00f3, hogy milyen kegyetlens\u00e9ggel v\u00e9gezt\u00e9k ki akkoriban a kereszt\u00e9nyeket, \u00e9s sajnos m\u00e9g a mai napig is nagy sz\u00e1mban vannak a vil\u00e1gon minden\u00fctt kereszt\u00e9ny\u00fcld\u00f6z\u00e9sek. )<\/p>\n<p>Mil\u00e1n\u00f3 egy\u00e9b h\u00edress\u00e9gei k\u00f6z\u00fcl csak azokat n\u00e9zhett\u00fck meg, amelyek k\u00f6zvetlen\u00fcl a d\u00f3m szomsz\u00e9ds\u00e1g\u00e1ban voltak: a Vittorio Emmanuele I. gal\u00e9ri\u00e1t eleg\u00e1ns \u00fczleteivel, mint p\u00e9ld\u00e1ul Gucci, Prada; a vil\u00e1gh\u00edr\u0171 operah\u00e1zat: Teatro alla Scala, amelynek \u00e9p\u00edt\u00e9s\u00e9t Maria Ter\u00e9zia rendelte el; majd a mil\u00e1n\u00f3i hercegek kast\u00e9ly\u00e1t, Castello Sforzesco. A Santa Maria della Grazie templomot, s benne Leonardo da Vinci h\u00edres festm\u00e9ny\u00e9t, az Utols\u00f3 Vacsor\u00e1t, sajnos id\u0151hi\u00e1ny miatt nem n\u00e9zhett\u00fck meg&#8230; Sebaj, majd legk\u00f6zelebb!<\/p>\n<p>Zar\u00e1ndokutunk m\u00e1sodik napj\u00e1nak legfontosabb c\u00e9lja Torin\u00f3 \u00e9s a Torin\u00f3i Lepel voltak. A hagyom\u00e1ny szerint a lepel a keresztrefesz\u00edtett J\u00e9zus test\u00e9nek lenyomat\u00e1t r\u00f6gz\u00edtette. Az erekly\u00e9t a Keresztel\u0151 Szent J\u00e1nos katedr\u00e1lisban \u0151rzik. Sajnos nem volt lehet\u0151s\u00e9g\u00fcnk eredetiben l\u00e1tni, mivel csak id\u0151nk\u00e9nt ker\u00fcl ki\u00e1ll\u00edt\u00e1sra. Ez egy kis csal\u00f3d\u00e1st okozott, de szerintem ennek ellen\u00e9re m\u00e9ly hat\u00e1st gyakorolt mindannyiunkra egyr\u00e9szt a r\u00f3la k\u00e9sz\u00fclt nagyon sz\u00e9p film, m\u00e1sr\u00e9szt pedig az a tudat hogy k\u00f6zel lehet\u00fcnk ehhez a csod\u00e1latos erekly\u00e9hez. Nem csoda h\u00e1t, ha mindannyiunk hossz\u00fa percekig im\u00e1dkozott a lepel-k\u00e1poln\u00e1j\u00e1ban\u2026<\/p>\n<p>Torin\u00f3t elhagyva, a harmadik napon a F\u00f6ldk\u00f6zi Tenger m\u00e1sodik legnagyobb kik\u00f6t\u0151j\u00e9t, G\u00e9nu\u00e1t l\u00e1togattuk meg. \u00c9rdekes, t\u00f6bbnyire j\u00f3 \u00e1llapotban fennmaradt \u00f3v\u00e1rosa van, amelynek kis sz\u0171k utc\u00e1in s\u00e9t\u00e1lva\u00a0 a tengerparti v\u00e1rosokra jellemz\u0151 &#8222;dolce vita&#8221;-\u00e9rz\u00e9s keveredik a t\u00f6rt\u00e9nelmi hangulattal. A v\u00e1ros sz\u00e9kesegyh\u00e1za a San Lorenzo katedr\u00e1lis, egy\u00fattal a v\u00e1ros jelk\u00e9pe is. K\u00fcl\u00f6nlegess\u00e9g\u00e9t \u00e9s egyedis\u00e9g\u00e9t a fekete-feh\u00e9r s\u00e1vos k\u0151burkolat adja. A katedr\u00e1list egy r\u00e9gebbi templomra \u00e9p\u00edtettek, m\u00e9g a 11. sz\u00e1zadban. Itt tal\u00e1lhat\u00f3k Keresztel\u0151 Szent J\u00e1nos hamvai.\u00a0 A II. vil\u00e1gh\u00e1bor\u00faban t\u00e1mad\u00e1s \u00e9rte, de a l\u00f6ved\u00e9k valamif\u00e9le csoda m\u00f3don nem robbant fel, \u00e9s ma is \u00f6r\u00f6k eml\u00e9kez\u00e9s\u00fcl a templomban van ki\u00e1ll\u00edtva.<\/p>\n<p>Toszk\u00e1na egyik h\u00edress\u00e9ge Pisa v\u00e1rosa, a ferde tornya miatt. Amikor meg\u00e9rkezt\u00fcnk a Piazza dei Miracoli-ra, vagyis a Csod\u00e1k ter\u00e9re, val\u00f3ban csod\u00e1s l\u00e1tv\u00e1ny t\u00e1rult el\u00e9nk. A Ferde Torony, a Keresztel\u0151k\u00e1polna, a Santa Maria Assunta Katedr\u00e1lis, a Camposanto (a Szent Temet\u0151) maradand\u00f3 hat\u00e1ssal vannak az emberekre. A rengeteg turista minden sz\u00f6gb\u0151l pr\u00f3b\u00e1lkozik, hogy min\u00e9l jobb k\u00e9pet k\u00e9sz\u00edtsen, pedig a k\u00e9pn\u00e9l sokkal t\u00f6bb rejt\u0151zik ottan. \u00c9rdekes p\u00e9ld\u00e1ul az hogy a Ferde Tornyot 200 \u00e9ven \u00e1t \u00e9p\u00edtett\u00e9k, t\u00f6bbsz\u00f6r is megpr\u00f3b\u00e1lt\u00e1k \u201ekiegyenes\u00edteni\u201d, de az agyagos-homokos talaj miatt ez soha nem siker\u00fclt. Az utols\u00f3 restaur\u00e1ci\u00f3 ut\u00e1n, az alapot meger\u0151s\u00edtve, el\u00e9rt\u00e9k a szakemberek, hogy ma m\u00e1r nem d\u0151l tov\u00e1bb &#x1f60a;.\u00a0 A Keresztel\u0151k\u00e1poln\u00e1t 1152-ben kezdt\u00e9k el \u00e9p\u00edteni, de majd csak 100 \u00e9v m\u00falva fejezt\u00e9k be. Olaszorsz\u00e1g legnagyobb keresztel\u0151 k\u00e1poln\u00e1ja. A Camposanto temet\u0151 f\u00f6ldj\u00e9t pedig, a hagyom\u00e1ny szerint, a Golgota hegy\u00e9r\u0151l hozt\u00e1k.<\/p>\n<p>Bologna nekem szem\u00e9lyesen, mint v\u00e1ros nem volt olyan megkap\u00f3, de az\u00e9rt van valami eredeti benne, valami hiteles. Nem is besz\u00e9lve arr\u00f3l, hogy \u0151sr\u00e9gi egyetemi v\u00e1ros. A bolognai egyetem a vil\u00e1g legr\u00e9gebbi egyeteme, t\u00f6bb ezer di\u00e1k tanul itt \u00e9vente a vil\u00e1g szinte minden t\u00e1j\u00e1r\u00f3l. A v\u00e1ros legh\u00edresebb tere a Piazza Maggiore, ahol a San Petronio bazilik\u00e1t csod\u00e1lhattuk meg. \u00c9rdekess\u00e9ge, hogy 1390-ben kezdt\u00e9k el \u00e9p\u00edteni, \u00e9s 1954-ben szentelt\u00e9k fel, de m\u00e9gse fejezt\u00e9k be eg\u00e9szen. Egy\u00e9bk\u00e9nt itt tal\u00e1lhat\u00f3 a vil\u00e1g legnagyobb nap\u00f3r\u00e1ja, m\u0171k\u00f6d\u00e9s\u00e9t mai napig sok kutat\u00f3 tanulm\u00e1nyozza. A piact\u00e9ren l\u00e1that\u00f3 a Neptun sz\u00f6k\u0151k\u00fat, ami az 1567-es esztend\u0151ben k\u00e9sz\u00fclt. A v\u00e1ros egyik szimb\u00f3luma a k\u00f6z\u00e9pkori\u00a0 k\u00e9t ferde torony: az Asinelli \u00e9s a Garisenda. A bolognaiak jobban szeretik a m\u00e1sik \u2013 az \u00fan. Szent P\u00e9ter \u2013 katedr\u00e1list, ide sz\u00edvesebben j\u00e1rnak. Itt lehet l\u00e1tni Krisztus sirat\u00e1s\u00e1t, ember nagys\u00e1g\u00fa szobrokkal \u00e1br\u00e1zolva.<\/p>\n<p>Ravenna kereszt\u00e9ny m\u0171eml\u00e9kei a vil\u00e1g\u00f6r\u00f6ks\u00e9g r\u00e9sz\u00e9hez tartoznak. A v\u00e1ros els\u0151sorban gy\u00f6ny\u00f6r\u0171 \u00e9s b\u00e1mulatos mozaikjair\u00f3l h\u00edres. A San Vitale templom nyolcsz\u00f6glet\u0171, a nyugat eur\u00f3pai korai kereszt\u00e9ny biz\u00e1nci m\u0171v\u00e9szet \u00e9s \u00e9p\u00edt\u00e9szet egyik legjellemz\u0151bb \u00e9s legszebb \u00a0p\u00e9ld\u00e1nya. A mozaikok annyira csod\u00e1latosak, hogy nem is tudtam melyik ir\u00e1nyba n\u00e9zzek. Pr\u00f3b\u00e1ltam is magamnak egy mozzanatot bel\u0151l\u00fck kiv\u00e1lasztani, de nem siker\u00fclt. Egyik szebb a m\u00e1sikn\u00e1l! Azaz egy m\u00e9gis csak megmaradt az eml\u00e9kezetemben: I. Justinianus biz\u00e1nci cs\u00e1sz\u00e1rt \u00e9s feles\u00e9g\u00e9t, Teodora cs\u00e1sz\u00e1rn\u0151t \u00e1br\u00e1zolta. A v\u00e1ros m\u00e1sik \u00e9rt\u00e9kes templom a San Appolinare. Ahogy bel\u00e9p\u00fcnk szem\u00fcnk el\u00e9 t\u00e1rult a l\u00e1tv\u00e1nyos oszlopsor, egyik oldal\u00e1n a szentek \u00e9s m\u00e1rt\u00edrok, a m\u00e1sikon 22 sz\u0171z\u00a0 l\u00e1that\u00f3, a f\u0151olt\u00e1ron pedig Krisztus. A v\u00e1ros l\u00e1tnival\u00f3ihoz tartozik m\u00e9g a Theoderik g\u00f3t kir\u00e1ly mauz\u00f3leuma is, amelyet szint\u00e9n megl\u00e1togattunk.<\/p>\n<p>A kereszt\u00e9nys\u00e9g r\u00e9gi eml\u00e9keivel felt\u00f6lt\u0151dve, rengeteg sok sz\u00e9p mozaik-k\u00e9ppel \u00e9s \u00e9rdekes t\u00f6rt\u00e9netekkel gazdagodva, folytattuk zar\u00e1ndok\u00fatunkat P\u00e1dua ir\u00e1ny\u00e1ban.<\/p>\n<p>Ez a v\u00e1ros volt zar\u00e1ndoklatunk m\u00e1sik f\u0151 c\u00e9lja. Helyesebben az Anyaszentegyh\u00e1z egyik\u00a0 legn\u00e9pszer\u0171bb szentj\u00e9nek, P\u00e1duai Szent Antalnak a s\u00edrja f\u00f6l\u00e9 \u00e9p\u00fclt bazilika. Buszunk egy kicsit k\u00e9sett, ez\u00e9rt gyors l\u00e9p\u00e9sekkel, de fegyelmezetten, rendben \u00e9s im\u00e1ds\u00e1gos lelk\u00fclettel siett\u00fcnk a nagy t\u00f6megben a szentmis\u00e9re, vigy\u00e1zva, nehogy valaki lemaradjon k\u00f6z\u00fcl\u00fcnk.<\/p>\n<p>Abban a kegyelembe r\u00e9szes\u00fclhet\u00fcnk, hogy \u00e9pp Szent Antal hal\u00e1la eml\u00e9knapj\u00e1n lehet\u00fcnk itt. Kis csoportunk csod\u00e1latos \u00e9s bens\u0151s\u00e9ges szentmis\u00e9n vehetett r\u00e9szt. De a legmeghat\u00f3bb \u00e9s legl\u00e9lekemel\u0151bb az m\u00e9gis csak a k\u00f6rmenet volt, amelyet ezen a napon a v\u00e1ros \u00e9s a rengeteg zar\u00e1ndok Szent Antal tisztelet\u00e9re minden \u00e9vben megszervez. A v\u00e1ros lak\u00f3i az ablakokat z\u00e1szl\u00f3jukkal d\u00edsz\u00edtettek fel, a k\u00f6rmenetben sok fajta nemzetis\u00e9g saj\u00e1t n\u00e9pviselet\u00e9ben vonult fel, Szent Antal szobr\u00e1t \u00e9s erekly\u00e9j\u00e9t b\u00fcszk\u00e9n hordt\u00e1k v\u00e9gig P\u00e1dua utc\u00e1in, ahol a h\u00edv\u0151k tapssal fogadt\u00e1k, t\u00f6bben k\u00f6z\u00fcl\u00fcnk \u00f6r\u00f6mk\u00f6nnyekkel k\u00fcszk\u00f6dt\u00fcnk. A Szent s\u00edrj\u00e1hoz nem mindenkinek siker\u00fclt elmennie, de a hangulat, a l\u00e9gk\u00f6r, az az \u00e9rz\u00e9s, hogy mi is r\u00e9szesei lehett\u00fcnk ennek a nagyszer\u0171 esem\u00e9nynek, az egyenesen felejthetetlen volt.<\/p>\n<p>Zar\u00e1ndoklatunk harmadik f\u0151 c\u00e9lja a mur\u00e1n\u00f3i Sz\u0171z M\u00e1ria \u00e9s Szent Don\u00e1t bazilika volt, amely egyh\u00e1zk\u00f6zs\u00e9g\u00fcnk v\u00e9d\u0151szentj\u00e9nek, Szent Gell\u00e9rt p\u00fcsp\u00f6knek \u00e9s v\u00e9rtan\u00fanak a test\u00e9t \u0151rzi. Itt is lehet\u0151s\u00e9g\u00fcnk volt a szentmis\u00e9t \u00fcnnepelni. Imre atya szentbesz\u00e9d\u00e9ben arr\u00f3l besz\u00e9lt, hogy a mai embernek is \u00fczenhet valamit Szent Gell\u00e9rt. \u00c9letp\u00e9ld\u00e1ja azt mutatja, hogy milyen fontos \u00e9let\u00fcnkben egy c\u00e9lnak a kit\u0171z\u00e9se. Azut\u00e1n az is l\u00e9nyeges, \u00a0hogy ha Isten ezzel az \u00e9letc\u00e9llal kapcsolatban m\u00e1st szeretne t\u0151l\u00fcnk, meghallgassuk \u0150t,\u00a0 \u00e9s ha felismert\u00fck, k\u00f6vess\u00fck az \u0150 elk\u00e9pzel\u00e9s\u00e9t vele kapcsolatban. V\u00e9g\u00fcl, de nem utols\u00f3 sorban kulcsfontoss\u00e1g\u00fa az, hogy kitartsunk &#8211; \u00fajra felismert &#8211; \u00e9letc\u00e9lunk mellett.<\/p>\n<p>Velenc\u00e9ben, a szigetek v\u00e1ros\u00e1ban is volt egy kedves, felk\u00e9sz\u00fclt idegenvezet\u0151, \u0151 mutatta meg a v\u00e1ros nevezetess\u00e9geit: a Szent M\u00e1rk teret \u00e9s sz\u00e9kesegyh\u00e1zat, a D\u00f3zse palot\u00e1t, a Rialto h\u00eddat, a S\u00f3hajok h\u00eddj\u00e1t, a k\u00fcl\u00f6nb\u00f6z\u0151 palot\u00e1kat illetve vill\u00e1kat, \u00e9s lehetne m\u00e9g tov\u00e1bb sorolni. Velence nagyon gazdag m\u0171eml\u00e9kekben, benne rengeteg sz\u00e9p templom \u00e9s \u00e9p\u00fclet tal\u00e1lhat\u00f3.<\/p>\n<p>Vas\u00e1rnap indultunk vissza Stuttgartba, azonban reggeli ut\u00e1n egy nagyon kedves profi idegenvezet\u0151vel m\u00e9g \u00fatba ejtett\u00fck Veron\u00e1t is. \u00a0Verona hallat\u00e1ra legt\u00f6bbnek R\u00f3me\u00f3 \u00e9s J\u00falia jut esz\u00e9be. De a v\u00e1ros enn\u00e9l sokkal t\u00f6bbet ny\u00fajt. Az egyik legszebb \u00e9s legr\u00e9gebbi v\u00e1rosa Olaszorsz\u00e1gnak. A klasszikus idegenvezet\u00e9shez term\u00e9szetesen hozz\u00e1 tartozik az Ar\u00e9na, a Piazza dell\u2019Erbe, J\u00falia h\u00e1za \u00e9s a h\u00edres balkon, a k\u0151h\u00edd &#8211; a Ponte dei Pietra bemutat\u00e1sa. \u00c9n ez\u00fattal eml\u00e9keimet a Szent Anastasia bazilik\u00e1val gazdag\u00edtottam. K\u00edv\u00fclr\u0151l nagyon egyszer\u0171nek l\u00e1tszik, de bel\u00fclr\u0151l csod\u00e1s festm\u00e9nyek, szobrok, fresk\u00f3k d\u00edsz\u00edtik. Egyszer\u0171en gy\u00f6ny\u00f6r\u0171!<\/p>\n<p>A vissza fel\u00e9 vezet\u0151 \u00faton a megosztott \u00e9lm\u00e9nyek k\u00f6z\u00fcl\u00a0 mindannyiunknak\u00a0 fontos volt megeml\u00edteni a nagyszer\u0171 k\u00f6z\u00f6ss\u00e9get, a r\u00e9gi zar\u00e1ndokt\u00e1rsakkal val\u00f3 tal\u00e1lkoz\u00e1st, az \u00fajakkal val\u00f3 megismerked\u00e9st, a mindennapi\u00a0 egy\u00fcttim\u00e1dkoz\u00e1st \u00e9s \u00e9nekl\u00e9st, az estenk\u00e9nti v\u00e1rosn\u00e9z\u00e9st \u00e9s n\u00f3t\u00e1z\u00e1st, \u00e9s azt, hogy egyszer\u0171en gy\u00f6ny\u00f6r\u0171 volt egy\u00fctt lenni!<\/p>\n<p>Felt\u00f6lt\u0151dve \u00e9s lelkiekben gazdag szellemi \u00e9s kult\u00far\u00e1lis \u00e9rt\u00e9kkel illetve \u00e9lm\u00e9nnyel a tarsolyunkban \u00e9rt\u00fcnk vissza Stuttgartba. Bennem a zar\u00e1ndoklat sor\u00e1n sok k\u00e9rd\u00e9s mer\u00fclt fel. Tal\u00e1n majd a k\u00f6vetkez\u0151 zar\u00e1ndoklatok egyik\u00e9n v\u00e1laszt is kapok r\u00e1juk. Mert, hogy mindegyikre el szeretn\u00e9k menni, az biztos!<\/p>\n<p>Fogadj\u00e1tok szeretettel <em>\u201er\u00f6vidke\u201d<\/em> besz\u00e1mol\u00f3mat, de tudj\u00e1tok, p\u00e1r keresetlen sz\u00f3ban elmondani \u00e9s le\u00edrni, mindazt, amit a zar\u00e1ndok\u00fat adott, nem lehet. Egy azonban biztos: \u00f6r\u00fcl\u00f6k \u00e9s h\u00e1l\u00e1s vagyok hogy ott lehettem. K\u00f6sz\u00f6n\u00f6k mindenkinek mindent!<\/p>\n<p><em>Szeretettel,<\/em><\/p>\n<p><em>Anniko <\/em><\/p>\n<p><em>Stuttgart, 2019. j\u00falius 8.<\/em><\/p>\n","protected":false},"excerpt":{"rendered":"<p>Benedek Annik\u00f3: Egyh\u00e1zk\u00f6zs\u00e9g\u00fcnk 2019-es \u00e9szak-olaszorsz\u00e1gi zar\u00e1ndoklata A Stuttgarti Szent Gell\u00e9rt Magyar Katolikus Egyh\u00e1zk\u00f6zs\u00e9g mintegy 50 h\u00edve 2019 j\u00fanius 10-e \u00e9s 16-a k\u00f6z\u00f6tt \u00c9szak Olaszorsz\u00e1gba zar\u00e1ndokolt. Hogy k\u00f6z\u00fcl\u00fcnk ki mi\u00e9rt, mi okb\u00f3l v\u00e1llalta a f\u00e1rads\u00e1got \u00e9s indult el erre a zar\u00e1ndok \u00fatra, azt az aut\u00f3buszban \u2013 a r\u00f6vid vagy hosszabb bemutatkoz\u00e1sb\u00f3l \u2013 kihallhattuk. Volt olyan, aki a csal\u00e1dtagok\u00e9rt akart im\u00e1dkozni, m\u00e1sok egyszer\u0171en h\u00e1l\u00e1t adni j\u00f6ttek a J\u00f3istennek minden\u00e9rt, amit az elm\u00falt id\u0151ben kaptak, ism\u00e9t m\u00e1sok \u00fajra szerett\u00e9k volna felfedezni illetve elm\u00e9ly\u00edteni magukban a hitet. Tele izgalommal \u00e9s k\u00edv\u00e1ncsis\u00e1ggal indultunk el a nagy \u00fatra: Vajon milyen \u00fat \u00e1ll el\u0151tt\u00fcnk? Milyen lesz az id\u0151j\u00e1r\u00e1s? Mi sz\u00e9pet \u00e9rdekeset fogunk l\u00e1tni, hallani? Siker\u00fcl lelkileg felt\u00f6lt\u0151dni? Milyen lesz a t\u00e1rsas\u00e1g? Igy, visszatekintve, eg\u00e9sz zar\u00e1ndokutunkon b\u0151s\u00e9gesen el voltunk l\u00e1tva mindennel, amire a testnek \u00e9s l\u00e9leknek sz\u00fcks\u00e9ge volt: Imre atya a lelkiekkel l\u00e1tott el benn\u00fcnket, a testi j\u00f3l\u00e9tr\u0151l pedig egyr\u00e9szt a vend\u00e9gl\u0151s\u00f6k gondoskodtak finom reggelikkel \u00e9s vacsor\u00e1kkal, m\u00e1sr\u00e9szt pedig zar\u00e1ndokt\u00e1rsaink, akik k\u00f6z\u00fcl szinte mindegyik k\u00edn\u00e1lgatta jobbn\u00e1l-jobb s\u00fctem\u00e9nyeit\u2026 Sz\u00e1ll\u00e1sunk mindenhol biztos\u00edtva volt, a v\u00e1rosn\u00e9z\u00e9sek is j\u00f3l megvoltak szervezve. \u00cdgy lehet\u0151s\u00e9g\u00fcnk ad\u00f3dott arra, hogy t\u00f6bbet foglalkozhassunk magunkkal \u00e9s Istennel, illetve m\u00e9lyebben magunkba sz\u00e1lljunk. Els\u0151 meg\u00e1ll\u00e1sunk Mil\u00e1n\u00f3 volt. Modern, ny\u00fczsg\u0151, eleg\u00e1ns, nem a tipikus \u201er\u00e9gi\u201d olasz v\u00e1ros. Egyik legnagyobb ipari k\u00f6zpontja Olaszorsz\u00e1gnak, h\u00edres divath\u00e1zak otthona, de sok m\u00e1s l\u00e1tv\u00e1nyoss\u00e1gokkal is meg\u00f6rvendezteti az oda l\u00e1togat\u00f3kat. Az egyik kihagyhatatlan nevezetess\u00e9g a mil\u00e1n\u00f3i d\u00f3m volt. Egy komoly biztons\u00e1gi ellen\u0151rz\u00e9s ut\u00e1n, (amelynek sor\u00e1n kider\u00fclt hogy mi mindennek van helye egy n\u0151i t\u00e1sk\u00e1ban &#x1f60a;), bel\u00fclr\u0151l is megcsod\u00e1lhattuk a leny\u0171g\u00f6z\u0151 katedr\u00e1list. Engem szem\u00e9lyesen a hatalmas oszlopok, a nagyszer\u0171 \u00fcvegablakok, a festm\u00e9nyek \u00e9s a szobrok ragadtak meg. Ez ut\u00f3bbiak k\u00f6z\u00fcl legjobban a Szent Bertalan\u00e9 tetszett, amelyet Marco D\u2019Aggrate k\u00e9sz\u00edtett 1562-ben, \u00e9pp azt a pillanatot ragadva meg, amelyben az elevenen megny\u00fazott v\u00e9rtan\u00fa a saj\u00e1t b\u0151r\u00e9t a v\u00e1ll\u00e1ra veszi&#8230; (Elgondolkoztat\u00f3, hogy milyen kegyetlens\u00e9ggel v\u00e9gezt\u00e9k ki akkoriban a kereszt\u00e9nyeket, \u00e9s sajnos&#8230; <\/p>\n<p><a class=\"readmore\" href=\"https:\/\/stuttgarti-katolikusok.de\/index.php\/benedek-anniko-egyhazkozsegunk-2019-es-eszak-olaszorszagi-zarandoklata\/\">R\u00e9szletek<\/a><\/p>\n","protected":false},"author":3,"featured_media":17271,"comment_status":"closed","ping_status":"closed","sticky":false,"template":"","format":"standard","meta":{"footnotes":""},"categories":[28],"tags":[],"class_list":["post-17270","post","type-post","status-publish","format-standard","has-post-thumbnail","hentry","category-olvasoink-irjak"],"yoast_head":"<!-- This site is optimized with the Yoast SEO plugin v27.3 - https:\/\/yoast.com\/product\/yoast-seo-wordpress\/ -->\n<title>Benedek Annik\u00f3: Egyh\u00e1zk\u00f6zs\u00e9g\u00fcnk 2019-es \u00e9szak-olaszorsz\u00e1gi zar\u00e1ndoklata - Stuttgarti Katolikusok<\/title>\n<meta name=\"robots\" content=\"index, follow, max-snippet:-1, max-image-preview:large, max-video-preview:-1\" \/>\n<link rel=\"canonical\" href=\"https:\/\/stuttgarti-katolikusok.de\/index.php\/benedek-anniko-egyhazkozsegunk-2019-es-eszak-olaszorszagi-zarandoklata\/\" \/>\n<meta property=\"og:locale\" content=\"hu_HU\" \/>\n<meta property=\"og:type\" content=\"article\" \/>\n<meta property=\"og:title\" content=\"Benedek Annik\u00f3: Egyh\u00e1zk\u00f6zs\u00e9g\u00fcnk 2019-es \u00e9szak-olaszorsz\u00e1gi zar\u00e1ndoklata - Stuttgarti Katolikusok\" \/>\n<meta property=\"og:description\" content=\"Benedek Annik\u00f3: Egyh\u00e1zk\u00f6zs\u00e9g\u00fcnk 2019-es \u00e9szak-olaszorsz\u00e1gi zar\u00e1ndoklata A Stuttgarti Szent Gell\u00e9rt Magyar Katolikus Egyh\u00e1zk\u00f6zs\u00e9g mintegy 50 h\u00edve 2019 j\u00fanius 10-e \u00e9s 16-a k\u00f6z\u00f6tt \u00c9szak Olaszorsz\u00e1gba zar\u00e1ndokolt. Hogy k\u00f6z\u00fcl\u00fcnk ki mi\u00e9rt, mi okb\u00f3l v\u00e1llalta a f\u00e1rads\u00e1got \u00e9s indult el erre a zar\u00e1ndok \u00fatra, azt az aut\u00f3buszban \u2013 a r\u00f6vid vagy hosszabb bemutatkoz\u00e1sb\u00f3l \u2013 kihallhattuk. Volt olyan, aki a csal\u00e1dtagok\u00e9rt akart im\u00e1dkozni, m\u00e1sok egyszer\u0171en h\u00e1l\u00e1t adni j\u00f6ttek a J\u00f3istennek minden\u00e9rt, amit az elm\u00falt id\u0151ben kaptak, ism\u00e9t m\u00e1sok \u00fajra szerett\u00e9k volna felfedezni illetve elm\u00e9ly\u00edteni magukban a hitet. Tele izgalommal \u00e9s k\u00edv\u00e1ncsis\u00e1ggal indultunk el a nagy \u00fatra: Vajon milyen \u00fat \u00e1ll el\u0151tt\u00fcnk? Milyen lesz az id\u0151j\u00e1r\u00e1s? Mi sz\u00e9pet \u00e9rdekeset fogunk l\u00e1tni, hallani? Siker\u00fcl lelkileg felt\u00f6lt\u0151dni? Milyen lesz a t\u00e1rsas\u00e1g? Igy, visszatekintve, eg\u00e9sz zar\u00e1ndokutunkon b\u0151s\u00e9gesen el voltunk l\u00e1tva mindennel, amire a testnek \u00e9s l\u00e9leknek sz\u00fcks\u00e9ge volt: Imre atya a lelkiekkel l\u00e1tott el benn\u00fcnket, a testi j\u00f3l\u00e9tr\u0151l pedig egyr\u00e9szt a vend\u00e9gl\u0151s\u00f6k gondoskodtak finom reggelikkel \u00e9s vacsor\u00e1kkal, m\u00e1sr\u00e9szt pedig zar\u00e1ndokt\u00e1rsaink, akik k\u00f6z\u00fcl szinte mindegyik k\u00edn\u00e1lgatta jobbn\u00e1l-jobb s\u00fctem\u00e9nyeit\u2026 Sz\u00e1ll\u00e1sunk mindenhol biztos\u00edtva volt, a v\u00e1rosn\u00e9z\u00e9sek is j\u00f3l megvoltak szervezve. \u00cdgy lehet\u0151s\u00e9g\u00fcnk ad\u00f3dott arra, hogy t\u00f6bbet foglalkozhassunk magunkkal \u00e9s Istennel, illetve m\u00e9lyebben magunkba sz\u00e1lljunk. Els\u0151 meg\u00e1ll\u00e1sunk Mil\u00e1n\u00f3 volt. Modern, ny\u00fczsg\u0151, eleg\u00e1ns, nem a tipikus \u201er\u00e9gi\u201d olasz v\u00e1ros. Egyik legnagyobb ipari k\u00f6zpontja Olaszorsz\u00e1gnak, h\u00edres divath\u00e1zak otthona, de sok m\u00e1s l\u00e1tv\u00e1nyoss\u00e1gokkal is meg\u00f6rvendezteti az oda l\u00e1togat\u00f3kat. Az egyik kihagyhatatlan nevezetess\u00e9g a mil\u00e1n\u00f3i d\u00f3m volt. Egy komoly biztons\u00e1gi ellen\u0151rz\u00e9s ut\u00e1n, (amelynek sor\u00e1n kider\u00fclt hogy mi mindennek van helye egy n\u0151i t\u00e1sk\u00e1ban &#x1f60a;), bel\u00fclr\u0151l is megcsod\u00e1lhattuk a leny\u0171g\u00f6z\u0151 katedr\u00e1list. Engem szem\u00e9lyesen a hatalmas oszlopok, a nagyszer\u0171 \u00fcvegablakok, a festm\u00e9nyek \u00e9s a szobrok ragadtak meg. Ez ut\u00f3bbiak k\u00f6z\u00fcl legjobban a Szent Bertalan\u00e9 tetszett, amelyet Marco D\u2019Aggrate k\u00e9sz\u00edtett 1562-ben, \u00e9pp azt a pillanatot ragadva meg, amelyben az elevenen megny\u00fazott v\u00e9rtan\u00fa a saj\u00e1t b\u0151r\u00e9t a v\u00e1ll\u00e1ra veszi&#8230; (Elgondolkoztat\u00f3, hogy milyen kegyetlens\u00e9ggel v\u00e9gezt\u00e9k ki akkoriban a kereszt\u00e9nyeket, \u00e9s sajnos... R\u00e9szletek\" \/>\n<meta property=\"og:url\" content=\"https:\/\/stuttgarti-katolikusok.de\/index.php\/benedek-anniko-egyhazkozsegunk-2019-es-eszak-olaszorszagi-zarandoklata\/\" \/>\n<meta property=\"og:site_name\" content=\"Stuttgarti Katolikusok\" \/>\n<meta property=\"article:published_time\" content=\"2019-07-10T16:52:11+00:00\" \/>\n<meta property=\"article:modified_time\" content=\"2019-07-15T16:24:53+00:00\" \/>\n<meta property=\"og:image\" content=\"https:\/\/stuttgarti-katolikusok.de\/wp-content\/uploads\/2019\/07\/img_1844_nagy.jpg\" \/>\n\t<meta property=\"og:image:width\" content=\"1200\" \/>\n\t<meta property=\"og:image:height\" content=\"800\" \/>\n\t<meta property=\"og:image:type\" content=\"image\/jpeg\" \/>\n<meta name=\"author\" content=\"Tibor atya\" \/>\n<meta name=\"twitter:card\" content=\"summary_large_image\" \/>\n<meta name=\"twitter:label1\" content=\"Szerz\u0151:\" \/>\n\t<meta name=\"twitter:data1\" content=\"Tibor atya\" \/>\n\t<meta name=\"twitter:label2\" content=\"Becs\u00fclt olvas\u00e1si id\u0151\" \/>\n\t<meta name=\"twitter:data2\" content=\"11 perc\" \/>\n<script type=\"application\/ld+json\" class=\"yoast-schema-graph\">{\"@context\":\"https:\\\/\\\/schema.org\",\"@graph\":[{\"@type\":\"Article\",\"@id\":\"https:\\\/\\\/stuttgarti-katolikusok.de\\\/index.php\\\/benedek-anniko-egyhazkozsegunk-2019-es-eszak-olaszorszagi-zarandoklata\\\/#article\",\"isPartOf\":{\"@id\":\"https:\\\/\\\/stuttgarti-katolikusok.de\\\/index.php\\\/benedek-anniko-egyhazkozsegunk-2019-es-eszak-olaszorszagi-zarandoklata\\\/\"},\"author\":{\"name\":\"Tibor atya\",\"@id\":\"https:\\\/\\\/stuttgarti-katolikusok.de\\\/#\\\/schema\\\/person\\\/75908d6f8fdc03a57889d27209df7795\"},\"headline\":\"Benedek Annik\u00f3: Egyh\u00e1zk\u00f6zs\u00e9g\u00fcnk 2019-es \u00e9szak-olaszorsz\u00e1gi zar\u00e1ndoklata\",\"datePublished\":\"2019-07-10T16:52:11+00:00\",\"dateModified\":\"2019-07-15T16:24:53+00:00\",\"mainEntityOfPage\":{\"@id\":\"https:\\\/\\\/stuttgarti-katolikusok.de\\\/index.php\\\/benedek-anniko-egyhazkozsegunk-2019-es-eszak-olaszorszagi-zarandoklata\\\/\"},\"wordCount\":2286,\"image\":{\"@id\":\"https:\\\/\\\/stuttgarti-katolikusok.de\\\/index.php\\\/benedek-anniko-egyhazkozsegunk-2019-es-eszak-olaszorszagi-zarandoklata\\\/#primaryimage\"},\"thumbnailUrl\":\"https:\\\/\\\/stuttgarti-katolikusok.de\\\/wp-content\\\/uploads\\\/2019\\\/07\\\/img_1844_nagy.jpg\",\"articleSection\":[\"Olvas\u00f3ink \u00edrj\u00e1k\"],\"inLanguage\":\"hu\"},{\"@type\":\"WebPage\",\"@id\":\"https:\\\/\\\/stuttgarti-katolikusok.de\\\/index.php\\\/benedek-anniko-egyhazkozsegunk-2019-es-eszak-olaszorszagi-zarandoklata\\\/\",\"url\":\"https:\\\/\\\/stuttgarti-katolikusok.de\\\/index.php\\\/benedek-anniko-egyhazkozsegunk-2019-es-eszak-olaszorszagi-zarandoklata\\\/\",\"name\":\"Benedek Annik\u00f3: Egyh\u00e1zk\u00f6zs\u00e9g\u00fcnk 2019-es \u00e9szak-olaszorsz\u00e1gi zar\u00e1ndoklata - Stuttgarti Katolikusok\",\"isPartOf\":{\"@id\":\"https:\\\/\\\/stuttgarti-katolikusok.de\\\/#website\"},\"primaryImageOfPage\":{\"@id\":\"https:\\\/\\\/stuttgarti-katolikusok.de\\\/index.php\\\/benedek-anniko-egyhazkozsegunk-2019-es-eszak-olaszorszagi-zarandoklata\\\/#primaryimage\"},\"image\":{\"@id\":\"https:\\\/\\\/stuttgarti-katolikusok.de\\\/index.php\\\/benedek-anniko-egyhazkozsegunk-2019-es-eszak-olaszorszagi-zarandoklata\\\/#primaryimage\"},\"thumbnailUrl\":\"https:\\\/\\\/stuttgarti-katolikusok.de\\\/wp-content\\\/uploads\\\/2019\\\/07\\\/img_1844_nagy.jpg\",\"datePublished\":\"2019-07-10T16:52:11+00:00\",\"dateModified\":\"2019-07-15T16:24:53+00:00\",\"author\":{\"@id\":\"https:\\\/\\\/stuttgarti-katolikusok.de\\\/#\\\/schema\\\/person\\\/75908d6f8fdc03a57889d27209df7795\"},\"breadcrumb\":{\"@id\":\"https:\\\/\\\/stuttgarti-katolikusok.de\\\/index.php\\\/benedek-anniko-egyhazkozsegunk-2019-es-eszak-olaszorszagi-zarandoklata\\\/#breadcrumb\"},\"inLanguage\":\"hu\",\"potentialAction\":[{\"@type\":\"ReadAction\",\"target\":[\"https:\\\/\\\/stuttgarti-katolikusok.de\\\/index.php\\\/benedek-anniko-egyhazkozsegunk-2019-es-eszak-olaszorszagi-zarandoklata\\\/\"]}]},{\"@type\":\"ImageObject\",\"inLanguage\":\"hu\",\"@id\":\"https:\\\/\\\/stuttgarti-katolikusok.de\\\/index.php\\\/benedek-anniko-egyhazkozsegunk-2019-es-eszak-olaszorszagi-zarandoklata\\\/#primaryimage\",\"url\":\"https:\\\/\\\/stuttgarti-katolikusok.de\\\/wp-content\\\/uploads\\\/2019\\\/07\\\/img_1844_nagy.jpg\",\"contentUrl\":\"https:\\\/\\\/stuttgarti-katolikusok.de\\\/wp-content\\\/uploads\\\/2019\\\/07\\\/img_1844_nagy.jpg\",\"width\":1200,\"height\":800},{\"@type\":\"BreadcrumbList\",\"@id\":\"https:\\\/\\\/stuttgarti-katolikusok.de\\\/index.php\\\/benedek-anniko-egyhazkozsegunk-2019-es-eszak-olaszorszagi-zarandoklata\\\/#breadcrumb\",\"itemListElement\":[{\"@type\":\"ListItem\",\"position\":1,\"name\":\"Kezd\u0151lap\",\"item\":\"https:\\\/\\\/stuttgarti-katolikusok.de\\\/\"},{\"@type\":\"ListItem\",\"position\":2,\"name\":\"Benedek Annik\u00f3: Egyh\u00e1zk\u00f6zs\u00e9g\u00fcnk 2019-es \u00e9szak-olaszorsz\u00e1gi zar\u00e1ndoklata\"}]},{\"@type\":\"WebSite\",\"@id\":\"https:\\\/\\\/stuttgarti-katolikusok.de\\\/#website\",\"url\":\"https:\\\/\\\/stuttgarti-katolikusok.de\\\/\",\"name\":\"Stuttgarti Katolikusok\",\"description\":\"\",\"potentialAction\":[{\"@type\":\"SearchAction\",\"target\":{\"@type\":\"EntryPoint\",\"urlTemplate\":\"https:\\\/\\\/stuttgarti-katolikusok.de\\\/?s={search_term_string}\"},\"query-input\":{\"@type\":\"PropertyValueSpecification\",\"valueRequired\":true,\"valueName\":\"search_term_string\"}}],\"inLanguage\":\"hu\"},{\"@type\":\"Person\",\"@id\":\"https:\\\/\\\/stuttgarti-katolikusok.de\\\/#\\\/schema\\\/person\\\/75908d6f8fdc03a57889d27209df7795\",\"name\":\"Tibor atya\",\"image\":{\"@type\":\"ImageObject\",\"inLanguage\":\"hu\",\"@id\":\"https:\\\/\\\/secure.gravatar.com\\\/avatar\\\/61d268e57d1f4525b111222e29d2d5a7f8c420fdbf231ba5566a8ceac74fa960?s=96&d=mm&r=g\",\"url\":\"https:\\\/\\\/secure.gravatar.com\\\/avatar\\\/61d268e57d1f4525b111222e29d2d5a7f8c420fdbf231ba5566a8ceac74fa960?s=96&d=mm&r=g\",\"contentUrl\":\"https:\\\/\\\/secure.gravatar.com\\\/avatar\\\/61d268e57d1f4525b111222e29d2d5a7f8c420fdbf231ba5566a8ceac74fa960?s=96&d=mm&r=g\",\"caption\":\"Tibor atya\"},\"url\":\"https:\\\/\\\/stuttgarti-katolikusok.de\\\/index.php\\\/author\\\/tibor-atya\\\/\"}]}<\/script>\n<!-- \/ Yoast SEO plugin. -->","yoast_head_json":{"title":"Benedek Annik\u00f3: Egyh\u00e1zk\u00f6zs\u00e9g\u00fcnk 2019-es \u00e9szak-olaszorsz\u00e1gi zar\u00e1ndoklata - Stuttgarti Katolikusok","robots":{"index":"index","follow":"follow","max-snippet":"max-snippet:-1","max-image-preview":"max-image-preview:large","max-video-preview":"max-video-preview:-1"},"canonical":"https:\/\/stuttgarti-katolikusok.de\/index.php\/benedek-anniko-egyhazkozsegunk-2019-es-eszak-olaszorszagi-zarandoklata\/","og_locale":"hu_HU","og_type":"article","og_title":"Benedek Annik\u00f3: Egyh\u00e1zk\u00f6zs\u00e9g\u00fcnk 2019-es \u00e9szak-olaszorsz\u00e1gi zar\u00e1ndoklata - Stuttgarti Katolikusok","og_description":"Benedek Annik\u00f3: Egyh\u00e1zk\u00f6zs\u00e9g\u00fcnk 2019-es \u00e9szak-olaszorsz\u00e1gi zar\u00e1ndoklata A Stuttgarti Szent Gell\u00e9rt Magyar Katolikus Egyh\u00e1zk\u00f6zs\u00e9g mintegy 50 h\u00edve 2019 j\u00fanius 10-e \u00e9s 16-a k\u00f6z\u00f6tt \u00c9szak Olaszorsz\u00e1gba zar\u00e1ndokolt. Hogy k\u00f6z\u00fcl\u00fcnk ki mi\u00e9rt, mi okb\u00f3l v\u00e1llalta a f\u00e1rads\u00e1got \u00e9s indult el erre a zar\u00e1ndok \u00fatra, azt az aut\u00f3buszban \u2013 a r\u00f6vid vagy hosszabb bemutatkoz\u00e1sb\u00f3l \u2013 kihallhattuk. Volt olyan, aki a csal\u00e1dtagok\u00e9rt akart im\u00e1dkozni, m\u00e1sok egyszer\u0171en h\u00e1l\u00e1t adni j\u00f6ttek a J\u00f3istennek minden\u00e9rt, amit az elm\u00falt id\u0151ben kaptak, ism\u00e9t m\u00e1sok \u00fajra szerett\u00e9k volna felfedezni illetve elm\u00e9ly\u00edteni magukban a hitet. Tele izgalommal \u00e9s k\u00edv\u00e1ncsis\u00e1ggal indultunk el a nagy \u00fatra: Vajon milyen \u00fat \u00e1ll el\u0151tt\u00fcnk? Milyen lesz az id\u0151j\u00e1r\u00e1s? Mi sz\u00e9pet \u00e9rdekeset fogunk l\u00e1tni, hallani? Siker\u00fcl lelkileg felt\u00f6lt\u0151dni? Milyen lesz a t\u00e1rsas\u00e1g? Igy, visszatekintve, eg\u00e9sz zar\u00e1ndokutunkon b\u0151s\u00e9gesen el voltunk l\u00e1tva mindennel, amire a testnek \u00e9s l\u00e9leknek sz\u00fcks\u00e9ge volt: Imre atya a lelkiekkel l\u00e1tott el benn\u00fcnket, a testi j\u00f3l\u00e9tr\u0151l pedig egyr\u00e9szt a vend\u00e9gl\u0151s\u00f6k gondoskodtak finom reggelikkel \u00e9s vacsor\u00e1kkal, m\u00e1sr\u00e9szt pedig zar\u00e1ndokt\u00e1rsaink, akik k\u00f6z\u00fcl szinte mindegyik k\u00edn\u00e1lgatta jobbn\u00e1l-jobb s\u00fctem\u00e9nyeit\u2026 Sz\u00e1ll\u00e1sunk mindenhol biztos\u00edtva volt, a v\u00e1rosn\u00e9z\u00e9sek is j\u00f3l megvoltak szervezve. \u00cdgy lehet\u0151s\u00e9g\u00fcnk ad\u00f3dott arra, hogy t\u00f6bbet foglalkozhassunk magunkkal \u00e9s Istennel, illetve m\u00e9lyebben magunkba sz\u00e1lljunk. Els\u0151 meg\u00e1ll\u00e1sunk Mil\u00e1n\u00f3 volt. Modern, ny\u00fczsg\u0151, eleg\u00e1ns, nem a tipikus \u201er\u00e9gi\u201d olasz v\u00e1ros. Egyik legnagyobb ipari k\u00f6zpontja Olaszorsz\u00e1gnak, h\u00edres divath\u00e1zak otthona, de sok m\u00e1s l\u00e1tv\u00e1nyoss\u00e1gokkal is meg\u00f6rvendezteti az oda l\u00e1togat\u00f3kat. Az egyik kihagyhatatlan nevezetess\u00e9g a mil\u00e1n\u00f3i d\u00f3m volt. Egy komoly biztons\u00e1gi ellen\u0151rz\u00e9s ut\u00e1n, (amelynek sor\u00e1n kider\u00fclt hogy mi mindennek van helye egy n\u0151i t\u00e1sk\u00e1ban &#x1f60a;), bel\u00fclr\u0151l is megcsod\u00e1lhattuk a leny\u0171g\u00f6z\u0151 katedr\u00e1list. Engem szem\u00e9lyesen a hatalmas oszlopok, a nagyszer\u0171 \u00fcvegablakok, a festm\u00e9nyek \u00e9s a szobrok ragadtak meg. Ez ut\u00f3bbiak k\u00f6z\u00fcl legjobban a Szent Bertalan\u00e9 tetszett, amelyet Marco D\u2019Aggrate k\u00e9sz\u00edtett 1562-ben, \u00e9pp azt a pillanatot ragadva meg, amelyben az elevenen megny\u00fazott v\u00e9rtan\u00fa a saj\u00e1t b\u0151r\u00e9t a v\u00e1ll\u00e1ra veszi&#8230; (Elgondolkoztat\u00f3, hogy milyen kegyetlens\u00e9ggel v\u00e9gezt\u00e9k ki akkoriban a kereszt\u00e9nyeket, \u00e9s sajnos... R\u00e9szletek","og_url":"https:\/\/stuttgarti-katolikusok.de\/index.php\/benedek-anniko-egyhazkozsegunk-2019-es-eszak-olaszorszagi-zarandoklata\/","og_site_name":"Stuttgarti Katolikusok","article_published_time":"2019-07-10T16:52:11+00:00","article_modified_time":"2019-07-15T16:24:53+00:00","og_image":[{"width":1200,"height":800,"url":"https:\/\/stuttgarti-katolikusok.de\/wp-content\/uploads\/2019\/07\/img_1844_nagy.jpg","type":"image\/jpeg"}],"author":"Tibor atya","twitter_card":"summary_large_image","twitter_misc":{"Szerz\u0151:":"Tibor atya","Becs\u00fclt olvas\u00e1si id\u0151":"11 perc"},"schema":{"@context":"https:\/\/schema.org","@graph":[{"@type":"Article","@id":"https:\/\/stuttgarti-katolikusok.de\/index.php\/benedek-anniko-egyhazkozsegunk-2019-es-eszak-olaszorszagi-zarandoklata\/#article","isPartOf":{"@id":"https:\/\/stuttgarti-katolikusok.de\/index.php\/benedek-anniko-egyhazkozsegunk-2019-es-eszak-olaszorszagi-zarandoklata\/"},"author":{"name":"Tibor atya","@id":"https:\/\/stuttgarti-katolikusok.de\/#\/schema\/person\/75908d6f8fdc03a57889d27209df7795"},"headline":"Benedek Annik\u00f3: Egyh\u00e1zk\u00f6zs\u00e9g\u00fcnk 2019-es \u00e9szak-olaszorsz\u00e1gi zar\u00e1ndoklata","datePublished":"2019-07-10T16:52:11+00:00","dateModified":"2019-07-15T16:24:53+00:00","mainEntityOfPage":{"@id":"https:\/\/stuttgarti-katolikusok.de\/index.php\/benedek-anniko-egyhazkozsegunk-2019-es-eszak-olaszorszagi-zarandoklata\/"},"wordCount":2286,"image":{"@id":"https:\/\/stuttgarti-katolikusok.de\/index.php\/benedek-anniko-egyhazkozsegunk-2019-es-eszak-olaszorszagi-zarandoklata\/#primaryimage"},"thumbnailUrl":"https:\/\/stuttgarti-katolikusok.de\/wp-content\/uploads\/2019\/07\/img_1844_nagy.jpg","articleSection":["Olvas\u00f3ink \u00edrj\u00e1k"],"inLanguage":"hu"},{"@type":"WebPage","@id":"https:\/\/stuttgarti-katolikusok.de\/index.php\/benedek-anniko-egyhazkozsegunk-2019-es-eszak-olaszorszagi-zarandoklata\/","url":"https:\/\/stuttgarti-katolikusok.de\/index.php\/benedek-anniko-egyhazkozsegunk-2019-es-eszak-olaszorszagi-zarandoklata\/","name":"Benedek Annik\u00f3: Egyh\u00e1zk\u00f6zs\u00e9g\u00fcnk 2019-es \u00e9szak-olaszorsz\u00e1gi zar\u00e1ndoklata - Stuttgarti Katolikusok","isPartOf":{"@id":"https:\/\/stuttgarti-katolikusok.de\/#website"},"primaryImageOfPage":{"@id":"https:\/\/stuttgarti-katolikusok.de\/index.php\/benedek-anniko-egyhazkozsegunk-2019-es-eszak-olaszorszagi-zarandoklata\/#primaryimage"},"image":{"@id":"https:\/\/stuttgarti-katolikusok.de\/index.php\/benedek-anniko-egyhazkozsegunk-2019-es-eszak-olaszorszagi-zarandoklata\/#primaryimage"},"thumbnailUrl":"https:\/\/stuttgarti-katolikusok.de\/wp-content\/uploads\/2019\/07\/img_1844_nagy.jpg","datePublished":"2019-07-10T16:52:11+00:00","dateModified":"2019-07-15T16:24:53+00:00","author":{"@id":"https:\/\/stuttgarti-katolikusok.de\/#\/schema\/person\/75908d6f8fdc03a57889d27209df7795"},"breadcrumb":{"@id":"https:\/\/stuttgarti-katolikusok.de\/index.php\/benedek-anniko-egyhazkozsegunk-2019-es-eszak-olaszorszagi-zarandoklata\/#breadcrumb"},"inLanguage":"hu","potentialAction":[{"@type":"ReadAction","target":["https:\/\/stuttgarti-katolikusok.de\/index.php\/benedek-anniko-egyhazkozsegunk-2019-es-eszak-olaszorszagi-zarandoklata\/"]}]},{"@type":"ImageObject","inLanguage":"hu","@id":"https:\/\/stuttgarti-katolikusok.de\/index.php\/benedek-anniko-egyhazkozsegunk-2019-es-eszak-olaszorszagi-zarandoklata\/#primaryimage","url":"https:\/\/stuttgarti-katolikusok.de\/wp-content\/uploads\/2019\/07\/img_1844_nagy.jpg","contentUrl":"https:\/\/stuttgarti-katolikusok.de\/wp-content\/uploads\/2019\/07\/img_1844_nagy.jpg","width":1200,"height":800},{"@type":"BreadcrumbList","@id":"https:\/\/stuttgarti-katolikusok.de\/index.php\/benedek-anniko-egyhazkozsegunk-2019-es-eszak-olaszorszagi-zarandoklata\/#breadcrumb","itemListElement":[{"@type":"ListItem","position":1,"name":"Kezd\u0151lap","item":"https:\/\/stuttgarti-katolikusok.de\/"},{"@type":"ListItem","position":2,"name":"Benedek Annik\u00f3: Egyh\u00e1zk\u00f6zs\u00e9g\u00fcnk 2019-es \u00e9szak-olaszorsz\u00e1gi zar\u00e1ndoklata"}]},{"@type":"WebSite","@id":"https:\/\/stuttgarti-katolikusok.de\/#website","url":"https:\/\/stuttgarti-katolikusok.de\/","name":"Stuttgarti Katolikusok","description":"","potentialAction":[{"@type":"SearchAction","target":{"@type":"EntryPoint","urlTemplate":"https:\/\/stuttgarti-katolikusok.de\/?s={search_term_string}"},"query-input":{"@type":"PropertyValueSpecification","valueRequired":true,"valueName":"search_term_string"}}],"inLanguage":"hu"},{"@type":"Person","@id":"https:\/\/stuttgarti-katolikusok.de\/#\/schema\/person\/75908d6f8fdc03a57889d27209df7795","name":"Tibor atya","image":{"@type":"ImageObject","inLanguage":"hu","@id":"https:\/\/secure.gravatar.com\/avatar\/61d268e57d1f4525b111222e29d2d5a7f8c420fdbf231ba5566a8ceac74fa960?s=96&d=mm&r=g","url":"https:\/\/secure.gravatar.com\/avatar\/61d268e57d1f4525b111222e29d2d5a7f8c420fdbf231ba5566a8ceac74fa960?s=96&d=mm&r=g","contentUrl":"https:\/\/secure.gravatar.com\/avatar\/61d268e57d1f4525b111222e29d2d5a7f8c420fdbf231ba5566a8ceac74fa960?s=96&d=mm&r=g","caption":"Tibor atya"},"url":"https:\/\/stuttgarti-katolikusok.de\/index.php\/author\/tibor-atya\/"}]}},"_links":{"self":[{"href":"https:\/\/stuttgarti-katolikusok.de\/index.php\/wp-json\/wp\/v2\/posts\/17270","targetHints":{"allow":["GET"]}}],"collection":[{"href":"https:\/\/stuttgarti-katolikusok.de\/index.php\/wp-json\/wp\/v2\/posts"}],"about":[{"href":"https:\/\/stuttgarti-katolikusok.de\/index.php\/wp-json\/wp\/v2\/types\/post"}],"author":[{"embeddable":true,"href":"https:\/\/stuttgarti-katolikusok.de\/index.php\/wp-json\/wp\/v2\/users\/3"}],"replies":[{"embeddable":true,"href":"https:\/\/stuttgarti-katolikusok.de\/index.php\/wp-json\/wp\/v2\/comments?post=17270"}],"version-history":[{"count":4,"href":"https:\/\/stuttgarti-katolikusok.de\/index.php\/wp-json\/wp\/v2\/posts\/17270\/revisions"}],"predecessor-version":[{"id":17293,"href":"https:\/\/stuttgarti-katolikusok.de\/index.php\/wp-json\/wp\/v2\/posts\/17270\/revisions\/17293"}],"wp:featuredmedia":[{"embeddable":true,"href":"https:\/\/stuttgarti-katolikusok.de\/index.php\/wp-json\/wp\/v2\/media\/17271"}],"wp:attachment":[{"href":"https:\/\/stuttgarti-katolikusok.de\/index.php\/wp-json\/wp\/v2\/media?parent=17270"}],"wp:term":[{"taxonomy":"category","embeddable":true,"href":"https:\/\/stuttgarti-katolikusok.de\/index.php\/wp-json\/wp\/v2\/categories?post=17270"},{"taxonomy":"post_tag","embeddable":true,"href":"https:\/\/stuttgarti-katolikusok.de\/index.php\/wp-json\/wp\/v2\/tags?post=17270"}],"curies":[{"name":"wp","href":"https:\/\/api.w.org\/{rel}","templated":true}]}}