{"id":17262,"date":"2019-07-08T05:43:43","date_gmt":"2019-07-08T05:43:43","guid":{"rendered":"https:\/\/gracious-dewdney.138-201-221-2.plesk.page\/?p=17262"},"modified":"2020-04-27T08:48:02","modified_gmt":"2020-04-27T08:48:02","slug":"programelozetes-julius-12-es-szeptember-1-kozott","status":"publish","type":"post","link":"https:\/\/stuttgarti-katolikusok.de\/index.php\/programelozetes-julius-12-es-szeptember-1-kozott\/","title":{"rendered":"Programel\u0151zetes j\u00falius 15 \u00e9s szeptember 1 k\u00f6z\u00f6tt"},"content":{"rendered":"<p><strong>Programel\u0151zetes<\/strong><\/p>\n<p>Az egyh\u00e1zi \u00e9v I. fel\u00e9nek v\u00e9g\u00e9n <strong>k\u00f6sz\u00f6net<\/strong> az egyh\u00e1ztan\u00e1csosoknak, a leg\u00e1tusoknak, a lelkip\u00e1sztori kiseg\u00edt\u0151nek, az \u00e1ldoztat\u00f3knak, a felolvas\u00f3knak, az orgonist\u00e1knak, a sekresty\u00e9seknek, a ministr\u00e1nsoknak, az \u00e1g\u00e1p\u00e9soknak \u00e9s valamennyi \u00f6nk\u00e9ntes seg\u00edt\u0151nek a sok \u00e1ldozat\u00e9rt, melyet r\u00e9szegyh\u00e1zk\u00f6zs\u00e9geink\u00e9rt hoznak. Isten fizesse meg nekik sz\u00e1zszorosan!<\/p>\n<p style=\"text-align: center;\">*<\/p>\n<p><strong>Az aty\u00e1k szabads\u00e1ga:<\/strong> <em>Tibor atya<\/em> j\u00falius h\u00f3napban, <em>j\u00f3magam<\/em> augusztusban szabads\u00e1golok. Ez alatt az id\u0151 alatt forduljatok minden \u00fcgyetekben bizalommal a helyi n\u00e9met egyh\u00e1zk\u00f6zs\u00e9g pl\u00e9b\u00e1nos\u00e1hoz.<\/p>\n<p style=\"text-align: center;\">*<\/p>\n<p>Minden kedves H\u00edv\u00fcnknek tartalmas nyarat k\u00edv\u00e1nunk, sok napf\u00e9nnyel, pihentet\u0151 programokkal, j\u00f3 eg\u00e9szs\u00e9ggel \u00e9s lelki tartalommal! Ne feledkezzenek meg sem otthon sem idegenben a vas\u00e1rnapi szentmis\u00e9r\u0151l!<\/p>\n<p>Tal\u00e1lkozunk szeptember 1-j\u00e9n vagy Munderkingenben 9.00 \u00f3rakor, vagy Schw\u00e4bisch Gm\u00fcndben 9.30 \u00f3rakor, vagy pedig\u00a0 Stuttgartban 15.00 \u00f3rakor!<\/p>\n<p><em>\u00a0<\/em><\/p>\n<p><em>\u201eIstenre hittel gondolj, felebar\u00e1todra szeretettel, magadra al\u00e1zatosan.\u201d<\/em> <strong>(Bosco Szent J\u00e1nos)<\/strong><\/p>\n","protected":false},"excerpt":{"rendered":"<p>Programel\u0151zetes Az egyh\u00e1zi \u00e9v I. fel\u00e9nek v\u00e9g\u00e9n k\u00f6sz\u00f6net az egyh\u00e1ztan\u00e1csosoknak, a leg\u00e1tusoknak, a lelkip\u00e1sztori kiseg\u00edt\u0151nek, az \u00e1ldoztat\u00f3knak, a felolvas\u00f3knak, az orgonist\u00e1knak, a sekresty\u00e9seknek, a ministr\u00e1nsoknak, az \u00e1g\u00e1p\u00e9soknak \u00e9s valamennyi \u00f6nk\u00e9ntes seg\u00edt\u0151nek a sok \u00e1ldozat\u00e9rt, melyet r\u00e9szegyh\u00e1zk\u00f6zs\u00e9geink\u00e9rt hoznak. Isten fizesse meg nekik sz\u00e1zszorosan! * Az aty\u00e1k szabads\u00e1ga: Tibor atya j\u00falius h\u00f3napban, j\u00f3magam augusztusban szabads\u00e1golok. Ez alatt az id\u0151 alatt forduljatok minden \u00fcgyetekben bizalommal a helyi n\u00e9met egyh\u00e1zk\u00f6zs\u00e9g pl\u00e9b\u00e1nos\u00e1hoz. * Minden kedves H\u00edv\u00fcnknek tartalmas nyarat k\u00edv\u00e1nunk, sok napf\u00e9nnyel, pihentet\u0151 programokkal, j\u00f3 eg\u00e9szs\u00e9ggel \u00e9s lelki tartalommal! Ne feledkezzenek meg sem otthon sem idegenben a vas\u00e1rnapi szentmis\u00e9r\u0151l! Tal\u00e1lkozunk szeptember 1-j\u00e9n vagy Munderkingenben 9.00 \u00f3rakor, vagy Schw\u00e4bisch Gm\u00fcndben 9.30 \u00f3rakor, vagy pedig\u00a0 Stuttgartban 15.00 \u00f3rakor! \u00a0 \u201eIstenre hittel gondolj, felebar\u00e1todra szeretettel, magadra al\u00e1zatosan.\u201d (Bosco Szent J\u00e1nos)<\/p>\n","protected":false},"author":3,"featured_media":0,"comment_status":"closed","ping_status":"closed","sticky":false,"template":"","format":"standard","meta":{"footnotes":""},"categories":[37],"tags":[],"class_list":["post-17262","post","type-post","status-publish","format-standard","hentry","category-progamelozetes"],"yoast_head":"<!-- This site is optimized with the Yoast SEO plugin v27.3 - https:\/\/yoast.com\/product\/yoast-seo-wordpress\/ -->\n<title>Programel\u0151zetes j\u00falius 15 \u00e9s szeptember 1 k\u00f6z\u00f6tt - Stuttgarti Katolikusok<\/title>\n<meta name=\"robots\" content=\"index, follow, max-snippet:-1, max-image-preview:large, max-video-preview:-1\" \/>\n<link rel=\"canonical\" href=\"https:\/\/stuttgarti-katolikusok.de\/index.php\/programelozetes-julius-12-es-szeptember-1-kozott\/\" \/>\n<meta property=\"og:locale\" content=\"hu_HU\" \/>\n<meta property=\"og:type\" content=\"article\" \/>\n<meta property=\"og:title\" content=\"Programel\u0151zetes j\u00falius 15 \u00e9s szeptember 1 k\u00f6z\u00f6tt - Stuttgarti Katolikusok\" \/>\n<meta property=\"og:description\" content=\"Programel\u0151zetes Az egyh\u00e1zi \u00e9v I. fel\u00e9nek v\u00e9g\u00e9n k\u00f6sz\u00f6net az egyh\u00e1ztan\u00e1csosoknak, a leg\u00e1tusoknak, a lelkip\u00e1sztori kiseg\u00edt\u0151nek, az \u00e1ldoztat\u00f3knak, a felolvas\u00f3knak, az orgonist\u00e1knak, a sekresty\u00e9seknek, a ministr\u00e1nsoknak, az \u00e1g\u00e1p\u00e9soknak \u00e9s valamennyi \u00f6nk\u00e9ntes seg\u00edt\u0151nek a sok \u00e1ldozat\u00e9rt, melyet r\u00e9szegyh\u00e1zk\u00f6zs\u00e9geink\u00e9rt hoznak. Isten fizesse meg nekik sz\u00e1zszorosan! * Az aty\u00e1k szabads\u00e1ga: Tibor atya j\u00falius h\u00f3napban, j\u00f3magam augusztusban szabads\u00e1golok. Ez alatt az id\u0151 alatt forduljatok minden \u00fcgyetekben bizalommal a helyi n\u00e9met egyh\u00e1zk\u00f6zs\u00e9g pl\u00e9b\u00e1nos\u00e1hoz. * Minden kedves H\u00edv\u00fcnknek tartalmas nyarat k\u00edv\u00e1nunk, sok napf\u00e9nnyel, pihentet\u0151 programokkal, j\u00f3 eg\u00e9szs\u00e9ggel \u00e9s lelki tartalommal! Ne feledkezzenek meg sem otthon sem idegenben a vas\u00e1rnapi szentmis\u00e9r\u0151l! Tal\u00e1lkozunk szeptember 1-j\u00e9n vagy Munderkingenben 9.00 \u00f3rakor, vagy Schw\u00e4bisch Gm\u00fcndben 9.30 \u00f3rakor, vagy pedig\u00a0 Stuttgartban 15.00 \u00f3rakor! \u00a0 \u201eIstenre hittel gondolj, felebar\u00e1todra szeretettel, magadra al\u00e1zatosan.\u201d (Bosco Szent J\u00e1nos)\" \/>\n<meta property=\"og:url\" content=\"https:\/\/stuttgarti-katolikusok.de\/index.php\/programelozetes-julius-12-es-szeptember-1-kozott\/\" \/>\n<meta property=\"og:site_name\" content=\"Stuttgarti Katolikusok\" \/>\n<meta property=\"article:published_time\" content=\"2019-07-08T05:43:43+00:00\" \/>\n<meta property=\"article:modified_time\" content=\"2020-04-27T08:48:02+00:00\" \/>\n<meta name=\"author\" content=\"Tibor atya\" \/>\n<meta name=\"twitter:card\" content=\"summary_large_image\" \/>\n<meta name=\"twitter:label1\" content=\"Szerz\u0151:\" \/>\n\t<meta name=\"twitter:data1\" content=\"Tibor atya\" \/>\n\t<meta name=\"twitter:label2\" content=\"Becs\u00fclt olvas\u00e1si id\u0151\" \/>\n\t<meta name=\"twitter:data2\" content=\"1 perc\" \/>\n<script type=\"application\/ld+json\" class=\"yoast-schema-graph\">{\"@context\":\"https:\\\/\\\/schema.org\",\"@graph\":[{\"@type\":\"Article\",\"@id\":\"https:\\\/\\\/stuttgarti-katolikusok.de\\\/index.php\\\/programelozetes-julius-12-es-szeptember-1-kozott\\\/#article\",\"isPartOf\":{\"@id\":\"https:\\\/\\\/stuttgarti-katolikusok.de\\\/index.php\\\/programelozetes-julius-12-es-szeptember-1-kozott\\\/\"},\"author\":{\"name\":\"Tibor atya\",\"@id\":\"https:\\\/\\\/stuttgarti-katolikusok.de\\\/#\\\/schema\\\/person\\\/75908d6f8fdc03a57889d27209df7795\"},\"headline\":\"Programel\u0151zetes j\u00falius 15 \u00e9s szeptember 1 k\u00f6z\u00f6tt\",\"datePublished\":\"2019-07-08T05:43:43+00:00\",\"dateModified\":\"2020-04-27T08:48:02+00:00\",\"mainEntityOfPage\":{\"@id\":\"https:\\\/\\\/stuttgarti-katolikusok.de\\\/index.php\\\/programelozetes-julius-12-es-szeptember-1-kozott\\\/\"},\"wordCount\":184,\"articleSection\":[\"Progamel\u0151zetes\"],\"inLanguage\":\"hu\"},{\"@type\":\"WebPage\",\"@id\":\"https:\\\/\\\/stuttgarti-katolikusok.de\\\/index.php\\\/programelozetes-julius-12-es-szeptember-1-kozott\\\/\",\"url\":\"https:\\\/\\\/stuttgarti-katolikusok.de\\\/index.php\\\/programelozetes-julius-12-es-szeptember-1-kozott\\\/\",\"name\":\"Programel\u0151zetes j\u00falius 15 \u00e9s szeptember 1 k\u00f6z\u00f6tt - Stuttgarti Katolikusok\",\"isPartOf\":{\"@id\":\"https:\\\/\\\/stuttgarti-katolikusok.de\\\/#website\"},\"datePublished\":\"2019-07-08T05:43:43+00:00\",\"dateModified\":\"2020-04-27T08:48:02+00:00\",\"author\":{\"@id\":\"https:\\\/\\\/stuttgarti-katolikusok.de\\\/#\\\/schema\\\/person\\\/75908d6f8fdc03a57889d27209df7795\"},\"breadcrumb\":{\"@id\":\"https:\\\/\\\/stuttgarti-katolikusok.de\\\/index.php\\\/programelozetes-julius-12-es-szeptember-1-kozott\\\/#breadcrumb\"},\"inLanguage\":\"hu\",\"potentialAction\":[{\"@type\":\"ReadAction\",\"target\":[\"https:\\\/\\\/stuttgarti-katolikusok.de\\\/index.php\\\/programelozetes-julius-12-es-szeptember-1-kozott\\\/\"]}]},{\"@type\":\"BreadcrumbList\",\"@id\":\"https:\\\/\\\/stuttgarti-katolikusok.de\\\/index.php\\\/programelozetes-julius-12-es-szeptember-1-kozott\\\/#breadcrumb\",\"itemListElement\":[{\"@type\":\"ListItem\",\"position\":1,\"name\":\"Kezd\u0151lap\",\"item\":\"https:\\\/\\\/stuttgarti-katolikusok.de\\\/\"},{\"@type\":\"ListItem\",\"position\":2,\"name\":\"Programel\u0151zetes j\u00falius 15 \u00e9s szeptember 1 k\u00f6z\u00f6tt\"}]},{\"@type\":\"WebSite\",\"@id\":\"https:\\\/\\\/stuttgarti-katolikusok.de\\\/#website\",\"url\":\"https:\\\/\\\/stuttgarti-katolikusok.de\\\/\",\"name\":\"Stuttgarti Katolikusok\",\"description\":\"\",\"potentialAction\":[{\"@type\":\"SearchAction\",\"target\":{\"@type\":\"EntryPoint\",\"urlTemplate\":\"https:\\\/\\\/stuttgarti-katolikusok.de\\\/?s={search_term_string}\"},\"query-input\":{\"@type\":\"PropertyValueSpecification\",\"valueRequired\":true,\"valueName\":\"search_term_string\"}}],\"inLanguage\":\"hu\"},{\"@type\":\"Person\",\"@id\":\"https:\\\/\\\/stuttgarti-katolikusok.de\\\/#\\\/schema\\\/person\\\/75908d6f8fdc03a57889d27209df7795\",\"name\":\"Tibor atya\",\"image\":{\"@type\":\"ImageObject\",\"inLanguage\":\"hu\",\"@id\":\"https:\\\/\\\/secure.gravatar.com\\\/avatar\\\/61d268e57d1f4525b111222e29d2d5a7f8c420fdbf231ba5566a8ceac74fa960?s=96&d=mm&r=g\",\"url\":\"https:\\\/\\\/secure.gravatar.com\\\/avatar\\\/61d268e57d1f4525b111222e29d2d5a7f8c420fdbf231ba5566a8ceac74fa960?s=96&d=mm&r=g\",\"contentUrl\":\"https:\\\/\\\/secure.gravatar.com\\\/avatar\\\/61d268e57d1f4525b111222e29d2d5a7f8c420fdbf231ba5566a8ceac74fa960?s=96&d=mm&r=g\",\"caption\":\"Tibor atya\"},\"url\":\"https:\\\/\\\/stuttgarti-katolikusok.de\\\/index.php\\\/author\\\/tibor-atya\\\/\"}]}<\/script>\n<!-- \/ Yoast SEO plugin. -->","yoast_head_json":{"title":"Programel\u0151zetes j\u00falius 15 \u00e9s szeptember 1 k\u00f6z\u00f6tt - Stuttgarti Katolikusok","robots":{"index":"index","follow":"follow","max-snippet":"max-snippet:-1","max-image-preview":"max-image-preview:large","max-video-preview":"max-video-preview:-1"},"canonical":"https:\/\/stuttgarti-katolikusok.de\/index.php\/programelozetes-julius-12-es-szeptember-1-kozott\/","og_locale":"hu_HU","og_type":"article","og_title":"Programel\u0151zetes j\u00falius 15 \u00e9s szeptember 1 k\u00f6z\u00f6tt - Stuttgarti Katolikusok","og_description":"Programel\u0151zetes Az egyh\u00e1zi \u00e9v I. fel\u00e9nek v\u00e9g\u00e9n k\u00f6sz\u00f6net az egyh\u00e1ztan\u00e1csosoknak, a leg\u00e1tusoknak, a lelkip\u00e1sztori kiseg\u00edt\u0151nek, az \u00e1ldoztat\u00f3knak, a felolvas\u00f3knak, az orgonist\u00e1knak, a sekresty\u00e9seknek, a ministr\u00e1nsoknak, az \u00e1g\u00e1p\u00e9soknak \u00e9s valamennyi \u00f6nk\u00e9ntes seg\u00edt\u0151nek a sok \u00e1ldozat\u00e9rt, melyet r\u00e9szegyh\u00e1zk\u00f6zs\u00e9geink\u00e9rt hoznak. Isten fizesse meg nekik sz\u00e1zszorosan! * Az aty\u00e1k szabads\u00e1ga: Tibor atya j\u00falius h\u00f3napban, j\u00f3magam augusztusban szabads\u00e1golok. Ez alatt az id\u0151 alatt forduljatok minden \u00fcgyetekben bizalommal a helyi n\u00e9met egyh\u00e1zk\u00f6zs\u00e9g pl\u00e9b\u00e1nos\u00e1hoz. * Minden kedves H\u00edv\u00fcnknek tartalmas nyarat k\u00edv\u00e1nunk, sok napf\u00e9nnyel, pihentet\u0151 programokkal, j\u00f3 eg\u00e9szs\u00e9ggel \u00e9s lelki tartalommal! Ne feledkezzenek meg sem otthon sem idegenben a vas\u00e1rnapi szentmis\u00e9r\u0151l! Tal\u00e1lkozunk szeptember 1-j\u00e9n vagy Munderkingenben 9.00 \u00f3rakor, vagy Schw\u00e4bisch Gm\u00fcndben 9.30 \u00f3rakor, vagy pedig\u00a0 Stuttgartban 15.00 \u00f3rakor! \u00a0 \u201eIstenre hittel gondolj, felebar\u00e1todra szeretettel, magadra al\u00e1zatosan.\u201d (Bosco Szent J\u00e1nos)","og_url":"https:\/\/stuttgarti-katolikusok.de\/index.php\/programelozetes-julius-12-es-szeptember-1-kozott\/","og_site_name":"Stuttgarti Katolikusok","article_published_time":"2019-07-08T05:43:43+00:00","article_modified_time":"2020-04-27T08:48:02+00:00","author":"Tibor atya","twitter_card":"summary_large_image","twitter_misc":{"Szerz\u0151:":"Tibor atya","Becs\u00fclt olvas\u00e1si id\u0151":"1 perc"},"schema":{"@context":"https:\/\/schema.org","@graph":[{"@type":"Article","@id":"https:\/\/stuttgarti-katolikusok.de\/index.php\/programelozetes-julius-12-es-szeptember-1-kozott\/#article","isPartOf":{"@id":"https:\/\/stuttgarti-katolikusok.de\/index.php\/programelozetes-julius-12-es-szeptember-1-kozott\/"},"author":{"name":"Tibor atya","@id":"https:\/\/stuttgarti-katolikusok.de\/#\/schema\/person\/75908d6f8fdc03a57889d27209df7795"},"headline":"Programel\u0151zetes j\u00falius 15 \u00e9s szeptember 1 k\u00f6z\u00f6tt","datePublished":"2019-07-08T05:43:43+00:00","dateModified":"2020-04-27T08:48:02+00:00","mainEntityOfPage":{"@id":"https:\/\/stuttgarti-katolikusok.de\/index.php\/programelozetes-julius-12-es-szeptember-1-kozott\/"},"wordCount":184,"articleSection":["Progamel\u0151zetes"],"inLanguage":"hu"},{"@type":"WebPage","@id":"https:\/\/stuttgarti-katolikusok.de\/index.php\/programelozetes-julius-12-es-szeptember-1-kozott\/","url":"https:\/\/stuttgarti-katolikusok.de\/index.php\/programelozetes-julius-12-es-szeptember-1-kozott\/","name":"Programel\u0151zetes j\u00falius 15 \u00e9s szeptember 1 k\u00f6z\u00f6tt - Stuttgarti Katolikusok","isPartOf":{"@id":"https:\/\/stuttgarti-katolikusok.de\/#website"},"datePublished":"2019-07-08T05:43:43+00:00","dateModified":"2020-04-27T08:48:02+00:00","author":{"@id":"https:\/\/stuttgarti-katolikusok.de\/#\/schema\/person\/75908d6f8fdc03a57889d27209df7795"},"breadcrumb":{"@id":"https:\/\/stuttgarti-katolikusok.de\/index.php\/programelozetes-julius-12-es-szeptember-1-kozott\/#breadcrumb"},"inLanguage":"hu","potentialAction":[{"@type":"ReadAction","target":["https:\/\/stuttgarti-katolikusok.de\/index.php\/programelozetes-julius-12-es-szeptember-1-kozott\/"]}]},{"@type":"BreadcrumbList","@id":"https:\/\/stuttgarti-katolikusok.de\/index.php\/programelozetes-julius-12-es-szeptember-1-kozott\/#breadcrumb","itemListElement":[{"@type":"ListItem","position":1,"name":"Kezd\u0151lap","item":"https:\/\/stuttgarti-katolikusok.de\/"},{"@type":"ListItem","position":2,"name":"Programel\u0151zetes j\u00falius 15 \u00e9s szeptember 1 k\u00f6z\u00f6tt"}]},{"@type":"WebSite","@id":"https:\/\/stuttgarti-katolikusok.de\/#website","url":"https:\/\/stuttgarti-katolikusok.de\/","name":"Stuttgarti Katolikusok","description":"","potentialAction":[{"@type":"SearchAction","target":{"@type":"EntryPoint","urlTemplate":"https:\/\/stuttgarti-katolikusok.de\/?s={search_term_string}"},"query-input":{"@type":"PropertyValueSpecification","valueRequired":true,"valueName":"search_term_string"}}],"inLanguage":"hu"},{"@type":"Person","@id":"https:\/\/stuttgarti-katolikusok.de\/#\/schema\/person\/75908d6f8fdc03a57889d27209df7795","name":"Tibor atya","image":{"@type":"ImageObject","inLanguage":"hu","@id":"https:\/\/secure.gravatar.com\/avatar\/61d268e57d1f4525b111222e29d2d5a7f8c420fdbf231ba5566a8ceac74fa960?s=96&d=mm&r=g","url":"https:\/\/secure.gravatar.com\/avatar\/61d268e57d1f4525b111222e29d2d5a7f8c420fdbf231ba5566a8ceac74fa960?s=96&d=mm&r=g","contentUrl":"https:\/\/secure.gravatar.com\/avatar\/61d268e57d1f4525b111222e29d2d5a7f8c420fdbf231ba5566a8ceac74fa960?s=96&d=mm&r=g","caption":"Tibor atya"},"url":"https:\/\/stuttgarti-katolikusok.de\/index.php\/author\/tibor-atya\/"}]}},"_links":{"self":[{"href":"https:\/\/stuttgarti-katolikusok.de\/index.php\/wp-json\/wp\/v2\/posts\/17262","targetHints":{"allow":["GET"]}}],"collection":[{"href":"https:\/\/stuttgarti-katolikusok.de\/index.php\/wp-json\/wp\/v2\/posts"}],"about":[{"href":"https:\/\/stuttgarti-katolikusok.de\/index.php\/wp-json\/wp\/v2\/types\/post"}],"author":[{"embeddable":true,"href":"https:\/\/stuttgarti-katolikusok.de\/index.php\/wp-json\/wp\/v2\/users\/3"}],"replies":[{"embeddable":true,"href":"https:\/\/stuttgarti-katolikusok.de\/index.php\/wp-json\/wp\/v2\/comments?post=17262"}],"version-history":[{"count":5,"href":"https:\/\/stuttgarti-katolikusok.de\/index.php\/wp-json\/wp\/v2\/posts\/17262\/revisions"}],"predecessor-version":[{"id":17289,"href":"https:\/\/stuttgarti-katolikusok.de\/index.php\/wp-json\/wp\/v2\/posts\/17262\/revisions\/17289"}],"wp:attachment":[{"href":"https:\/\/stuttgarti-katolikusok.de\/index.php\/wp-json\/wp\/v2\/media?parent=17262"}],"wp:term":[{"taxonomy":"category","embeddable":true,"href":"https:\/\/stuttgarti-katolikusok.de\/index.php\/wp-json\/wp\/v2\/categories?post=17262"},{"taxonomy":"post_tag","embeddable":true,"href":"https:\/\/stuttgarti-katolikusok.de\/index.php\/wp-json\/wp\/v2\/tags?post=17262"}],"curies":[{"name":"wp","href":"https:\/\/api.w.org\/{rel}","templated":true}]}}