{"id":17256,"date":"2019-07-08T05:27:27","date_gmt":"2019-07-08T05:27:27","guid":{"rendered":"https:\/\/gracious-dewdney.138-201-221-2.plesk.page\/?p=17256"},"modified":"2019-07-08T05:27:27","modified_gmt":"2019-07-08T05:27:27","slug":"evkozi-14-vasarnapra","status":"publish","type":"post","link":"https:\/\/stuttgarti-katolikusok.de\/index.php\/evkozi-14-vasarnapra\/","title":{"rendered":"\u00c9vk\u00f6zi 14. vas\u00e1rnapra"},"content":{"rendered":"<ol start=\"2019\">\n<li>j\u00falius 7.<\/li>\n<\/ol>\n<p><strong>\u00c9VK\u00d6ZI 14. VAS\u00c1RNAP<\/strong><\/p>\n<p>J\u00falius: J\u00e9zus Szent V\u00e9r\u00e9nek h\u00f3napja<\/p>\n<p>A szentmise im\u00e1ds\u00e1gaiban \u00e9s szent\u00edr\u00e1si sz\u00f6vegeiben gyakran hallunk a b\u00e9k\u00e9r\u0151l. Ez ugyanis Isten egyik nagy-nagy adom\u00e1nya sz\u00e1munkra. A b\u00e9ke megval\u00f3s\u00edt\u00e1s\u00e1nak fontos felt\u00e9tele a kiengesztel\u0151d\u00e9sre \u00e9s megbocs\u00e1t\u00e1sra val\u00f3 k\u00e9szs\u00e9g. K\u00e9rj\u00fck ehhez Urunk hathat\u00f3s seg\u00edts\u00e9g\u00e9t, kegyelm\u00e9t.<\/p>\n<p><strong>KEZD\u0150\u00c9NEK<\/strong>\u00a0\u00a0\u00a0\u00a0\u00a0\u00a0\u00a0\u00a0\u00a0\u00a0\u00a0\u00a0\u00a0\u00a0\u00a0\u00a0\u00a0\u00a0\u00a0\u00a0\u00a0\u00a0\u00a0\u00a0\u00a0\u00a0\u00a0\u00a0\u00a0\u00a0\u00a0\u00a0\u00a0\u00a0\u00a0\u00a0\u00a0\u00a0\u00a0\u00a0\u00a0\u00a0\u00a0\u00a0\u00a0\u00a0\u00a0\u00a0\u00a0\u00a0 <em>Zsolt 47, 10\u201311 <\/em><\/p>\n<p>J\u00f3s\u00e1godr\u00f3l elm\u00e9lked\u00fcnk, Isten\u00fcnk, templomod belsej\u00e9ben. Isten\u00fcnk, mik\u00e9nt m\u00e1r neved is, \u00fagy f\u00f6ls\u00e9ged is bet\u00f6lt minden f\u00f6ldhat\u00e1rt; jobbod telve igazs\u00e1ggal.<\/p>\n<p><strong>OLVASM\u00c1NY <\/strong>\u00a0\u00a0\u00a0\u00a0\u00a0\u00a0\u00a0\u00a0\u00a0\u00a0\u00a0\u00a0\u00a0\u00a0\u00a0\u00a0\u00a0\u00a0\u00a0\u00a0\u00a0\u00a0\u00a0\u00a0\u00a0\u00a0\u00a0\u00a0\u00a0\u00a0\u00a0\u00a0\u00a0\u00a0\u00a0\u00a0\u00a0\u00a0\u00a0\u00a0\u00a0\u00a0\u00a0\u00a0\u00a0\u00a0\u00a0\u00a0\u00a0\u00a0\u00a0\u00a0\u00a0<em>Iz 66, 10\u201314c<\/em><\/p>\n<p>A babiloni fogs\u00e1gb\u00f3l hazat\u00e9rt n\u00e9p sok viszontags\u00e1g k\u00f6zepette v\u00e9gezte az \u00fajj\u00e1\u00e9p\u00edt\u00e9s munk\u00e1j\u00e1t. N\u00e9ha bizony elkeseredtek \u00e9s el\u00e9gedetlenek voltak sorsukkal. A pr\u00f3f\u00e9ta azzal vigasztalja \u0151ket, hogy a Gondvisel\u0151 Isten j\u00f3s\u00e1gos \u00e9s hatalmas is ahhoz, hogy jobb \u00e9letk\u00f6r\u00fclm\u00e9nyeket, lelki b\u00e9k\u00e9t \u00e9s \u00f6r\u00f6m\u00f6t aj\u00e1nd\u00e9kozzon nekik. S\u0151t k\u00e9sz arra, hogy mindezt a t\u00f6bbi n\u00e9pnek is megadja. Hiszen Jeruzs\u00e1lem a messi\u00e1si orsz\u00e1got jelk\u00e9pezi.<\/p>\n<p><strong>V\u00c1LASZOS ZSOLT\u00c1R<\/strong>\u00a0 \u00a0\u00a0\u00a0\u00a0\u00a0\u00a0\u00a0\u00a0\u00a0\u00a0\u00a0\u00a0\u00a0\u00a0\u00a0\u00a0\u00a0\u00a0\u00a0\u00a0\u00a0\u00a0\u00a0\u00a0\u00a0\u00a0\u00a0\u00a0\u00a0\u00a0\u00a0\u00a0\u00a0\u00a0\u00a0\u00a0<em>65. Zsolt\u00e1r <\/em><\/p>\n<p><strong>V\u00e1lasz: Minden f\u00f6ld Istent dics\u00e9rje!<\/strong><\/p>\n<p><strong>SZENTLECKE\u00a0\u00a0\u00a0 <\/strong>\u00a0\u00a0\u00a0\u00a0\u00a0\u00a0\u00a0\u00a0\u00a0\u00a0\u00a0\u00a0\u00a0\u00a0\u00a0\u00a0\u00a0\u00a0\u00a0\u00a0\u00a0\u00a0\u00a0\u00a0\u00a0\u00a0\u00a0\u00a0\u00a0\u00a0\u00a0\u00a0\u00a0\u00a0\u00a0\u00a0\u00a0\u00a0\u00a0\u00a0\u00a0\u00a0\u00a0\u00a0<em>Gal 6, 14\u201318<\/em><\/p>\n<p>Az \u00fcdv\u00f6ss\u00e9get Krisztus keresztje szerezte meg sz\u00e1munkra. Ez\u00e9rt, ha Isten csal\u00e1dj\u00e1hoz akarunk tartozni, a keresztre fesz\u00edtett J\u00e9zushoz kell csatlakoznunk. Vagyis hinn\u00fcnk kell \u0151benne \u00e9s meg kell keresztelkedn\u00fcnk az \u0151 nev\u00e9re. Az igazi hit gy\u00fcm\u00f6lcse a krisztusi szeretet. A kereszts\u00e9get pedig k\u00f6vesse a tudatos elsz\u00e1nts\u00e1g: t\u00f6reksz\u00fcnk meghalni a b\u0171nnek \u00e9s \u00e9lni Krisztus tan\u00edt\u00e1sa \u00e9s p\u00e9ld\u00e1ja szerint.<\/p>\n<p><strong>ALLELUJA <\/strong>\u00a0\u00a0\u00a0\u00a0\u00a0\u00a0\u00a0\u00a0\u00a0\u00a0\u00a0\u00a0\u00a0\u00a0\u00a0\u00a0\u00a0\u00a0\u00a0\u00a0\u00a0\u00a0\u00a0\u00a0\u00a0\u00a0\u00a0\u00a0\u00a0\u00a0\u00a0\u00a0\u00a0\u00a0\u00a0\u00a0\u00a0\u00a0\u00a0\u00a0\u00a0\u00a0\u00a0\u00a0\u00a0\u00a0\u00a0\u00a0\u00a0\u00a0<em>Kol 3, 15a. \u00e9s 16a<\/em><\/p>\n<p>Sz\u00edvetekben uralkodj\u00e9k Kriszus b\u00e9k\u00e9je. * Krisztus tan\u00edt\u00e1sa t\u00f6lts\u00f6n el titeket gazdagon.<\/p>\n<p><strong>EVANG\u00c9LIUM\u00a0 <\/strong>\u00a0\u00a0\u00a0\u00a0\u00a0\u00a0\u00a0\u00a0\u00a0\u00a0\u00a0\u00a0\u00a0\u00a0\u00a0\u00a0\u00a0\u00a0\u00a0\u00a0\u00a0\u00a0\u00a0\u00a0\u00a0\u00a0\u00a0\u00a0\u00a0\u00a0\u00a0\u00a0\u00a0\u00a0<em>Lk 10, 1\u201312. 17\u201320<\/em><\/p>\n<p>A Teremt\u00e9s K\u00f6nyv\u00e9nek 10. fejezet\u00e9ben olvashat\u00f3, hogy a f\u00f6ld n\u00e9peinek sz\u00e1ma 72. J\u00e9zus az\u00e9rt v\u00e1laszt hetvenk\u00e9t tan\u00edtv\u00e1nyt, hogy ezzel is jelezze: az \u0151 k\u00fcldet\u00e9se \u00e9s tan\u00edt\u00e1sa minden n\u00e9pnek sz\u00f3l. Az apostolkod\u00e1s munk\u00e1j\u00e1b\u00f3l azonban minden egyes h\u00edv\u0151nek ki kell vennie r\u00e9sz\u00e9t. Aki ugyanis a kereszts\u00e9g \u00e1ltal eggy\u00e9 lett Krisztussal, az r\u00e9szes\u00fclt az \u0151 pr\u00f3f\u00e9tai, tan\u00edt\u00f3i hivat\u00e1s\u00e1b\u00f3l is.<\/p>\n<p><strong>AZ EUCHARISZTI\u00c1HOZ<\/strong><\/p>\n<p>J\u00e9zushoz hasonl\u00f3an mi is az Aty\u00e1t\u00f3l kaptuk a megh\u00edv\u00e1st, t\u0151le kapjuk az er\u0151t is a krisztusi\u00a0 \u00e9letre. A mi er\u0151nk: a szentmise\u00e1ldozat gy\u00fcm\u00f6lcse, az Eucharisztia.<\/p>\n<p><strong>\u00c1LDOZ\u00c1SI \u00c9NEK<\/strong>\u00a0\u00a0\u00a0\u00a0\u00a0\u00a0\u00a0\u00a0\u00a0\u00a0\u00a0\u00a0\u00a0\u00a0\u00a0\u00a0\u00a0\u00a0\u00a0\u00a0\u00a0\u00a0\u00a0 <em>\u00a0\u00a0\u00a0\u00a0\u00a0\u00a0\u00a0\u00a0\u00a0\u00a0\u00a0\u00a0\u00a0\u00a0\u00a0\u00a0\u00a0\u00a0\u00a0\u00a0\u00a0\u00a0\u00a0\u00a0\u00a0Zsolt 33, 9<\/em><\/p>\n<p>\u00cdzlelj\u00e9tek \u00e9s l\u00e1ss\u00e1tok, mily \u00e9des az \u00dar, boldog az az ember, aki benne b\u00edzik.<\/p>\n<p><strong>Vagy:\u00a0\u00a0\u00a0\u00a0\u00a0\u00a0\u00a0\u00a0\u00a0\u00a0\u00a0\u00a0\u00a0\u00a0\u00a0\u00a0\u00a0\u00a0\u00a0\u00a0\u00a0\u00a0\u00a0\u00a0\u00a0\u00a0\u00a0\u00a0\u00a0\u00a0\u00a0\u00a0\u00a0\u00a0\u00a0\u00a0\u00a0\u00a0\u00a0\u00a0\u00a0\u00a0\u00a0\u00a0\u00a0\u00a0 <\/strong><em>\u00a0\u00a0\u00a0\u00a0\u00a0\u00a0\u00a0\u00a0\u00a0\u00a0\u00a0\u00a0\u00a0\u00a0\u00a0\u00a0\u00a0\u00a0\u00a0Mt 11, 28<\/em><\/p>\n<p>Gyertek hozz\u00e1m mindny\u00e1jan, akik elf\u00e1radtatok s akik terhet hordoztok, \u00e9n megk\u00f6nny\u00edtlek titeket \u2013 \u00a0mondja az \u00dar.<\/p>\n<p><strong>ELM\u00c9LKED\u00c9S<\/strong><\/p>\n<p><em>URUNK, MI TUDJUK, <\/em>hogy a sz\u00e1mokban val\u00f3 hit babonas\u00e1g. M\u00e9gis a kedv\u00fcnket szegi, ha csak h\u00e1rman jelennek meg \u00f6sszej\u00f6veteleinken. \u00c9s ez a h\u00e1rom is csak \u00e9rdekl\u0151d\u0151 vagy lanyha kereszt\u00e9ny. H\u00e1nyan voltak az utols\u00f3 vacsora term\u00e9ben? Tizenketten. \u00c9s az \u0151 feladatuk volt a vil\u00e1g megh\u00f3d\u00edt\u00e1sa. \u00cdgy kezd\u0151d\u00f6tt el a kereszt\u00e9nys\u00e9g. Minden egyh\u00e1zk\u00f6zs\u00e9gben, akad annyi ember, ah\u00e1ny az utols\u00f3 vacsora asztal\u00e1t k\u00f6r\u00fcl\u00fclte. De a Szentl\u00e9lek t\u00fcze l\u00e1ngoljon benn\u00fck!<\/p>\n<ol>\n<li><em> Sali\u00e9ge b\u00edboros<\/em><\/li>\n<\/ol>\n<p>IM\u00c1DS\u00c1G J\u00c9ZUS SZENT V\u00c9R\u00c9HEZ<\/p>\n<p>\u00dcdv\u00f6zl\u00e9gy J\u00e9zusnak dr\u00e1gal\u00e1tos v\u00e9re, ki \u00e9rett\u00fcnk b\u0171n\u00f6s\u00f6k\u00e9rt a te szent sz\u00edvedb\u0151l \u00e9s eg\u00e9sz testedb\u0151l b\u0151s\u00e9gesen kiontatott. \u00c9n Uram, J\u00e9zus Krisztus, mosd le az \u00e9n gyarl\u00f3 b\u0171neimet \u00e9s ne hagyj elveszni engem, akit a te dr\u00e1ga v\u00e9reddel megv\u00e1ltott\u00e1l. J\u00f3s\u00e1gos J\u00e9zus, kegyes k\u00ednszenved\u00e9sedre, \u00e9rt\u00fcnk kiontott dr\u00e1ga v\u00e9redre k\u00e9rlek, seg\u00edts meg engem. Adj b\u00e1natomra vigasztal\u00e1st, a testi \u00e9s lelki k\u00eds\u00e9rt\u00e9sek ellen er\u0151t, minden elk\u00f6vetett b\u0171n\u00f6mre bocs\u00e1natot \u00e9s minden b\u0171nt\u0151l \u0151rizz meg engem. Amen.<\/p>\n<p><em>Thewrewk-k\u00f3dex<\/em><\/p>\n<p>AZ AJ\u00c1ND\u00c9KBA KAPOTT ID\u0150<\/p>\n<p>Itt a v\u00e1rva v\u00e1rt VAK\u00c1CI\u00d3! A ny\u00e1r lehet\u0151s\u00e9g arra, hogy kiszakadjunk megszokott \u00e9letvitel\u00fcnk egyhang\u00fas\u00e1g\u00e1b\u00f3l. Felt\u00f6lt\u0151dj\u00fcnk, kikapcsol\u00f3djunk, utazzunk, kir\u00e1nduljunk, olvassunk, egysz\u00f3val laz\u00edtsunk egy kicsit. Micsoda lehet\u0151s\u00e9g!<\/p>\n<p>Az aj\u00e1nd\u00e9kba kapott id\u0151t t\u00f6bbf\u00e9le m\u00f3don \u00e9lhetj\u00fck meg, de \u00e9rt\u00e9kess\u00e9 \u00e9s pozit\u00edv m\u00f3don eml\u00e9kezetess\u00e9 csak akkor v\u00e1lik sz\u00e1munkra, ha sz\u00e9p \u00e9s \u00e9rt\u00e9kes dolgokat \u00e9l\u00fcnk meg benne. A rosszul felhaszn\u00e1lt id\u0151 elvesztegetett \u00e9s nem j\u00f3l meg\u00e9lt lehet\u0151s\u00e9g.<\/p>\n<p>A ny\u00e1r egyszer\u0171 k\u00e9plete: szenteld meg id\u0151det Isten jelenl\u00e9t\u00e9vel azaz haszn\u00e1ld tudatosan, kreat\u00edvan, akt\u00edvan. Ne engedd, hogy kifollyon a kezeid k\u00f6z\u00f6tt! Legyen benne hely a csendnek \u00e9s a bar\u00e1toknak, a bels\u0151 m\u00e9lys\u00e9gnek \u00e9s a laz\u00edt\u00e1snak, a h\u00e9tk\u00f6znapit\u00f3l elt\u00e9r\u0151 munk\u00e1nak \u00e9s a j\u00e1t\u00e9knak. Ekkor biztos lehetsz abban, hogy boldog \u00e9s \u00e9rt\u00e9kes sz\u00fcneted lesz. Boldog \u00e9s \u00e9rt\u00e9kes vak\u00e1ci\u00f3t!<\/p>\n<p>SZENT BENEDEK AP\u00c1T<\/p>\n<p>J\u00falius 11-\u00e9n, cs\u00fct\u00f6rt\u00f6k\u00f6n \u00fcnnepelj\u00fck a nyugati szerzetess\u00e9g atyj\u00e1t, Szent Benedek ap\u00e1tot, aki a kereszt\u00e9ny Eur\u00f3pa arculat\u00e1nak kialak\u00edt\u00e1s\u00e1ban egyik legnagyobb hat\u00e1s\u00fa egy\u00e9nis\u00e9g. 547-ben halt meg. VI. P\u00e1l p\u00e1pa Eur\u00f3pa v\u00e9d\u0151szentj\u00e9v\u00e9 jel\u00f6lte ki. Regul\u00e1j\u00e1t ma is sok ezren k\u00f6vetik, a benc\u00e9s szerzetesrendiek, a ciszterciek, stb. Im\u00e1ds\u00e1g \u00e9s munka (Ora et labora), szeml\u00e9l\u0151d\u00e9s \u00e9s tev\u00e9kenys\u00e9g egy\u00fcttesen adj\u00e1k az Egyh\u00e1z \u00e9let\u00e9nek egyens\u00faly\u00e1t.<\/p>\n<p>&nbsp;<\/p>\n<p>&nbsp;<\/p>\n","protected":false},"excerpt":{"rendered":"<p>j\u00falius 7. \u00c9VK\u00d6ZI 14. VAS\u00c1RNAP J\u00falius: J\u00e9zus Szent V\u00e9r\u00e9nek h\u00f3napja A szentmise im\u00e1ds\u00e1gaiban \u00e9s szent\u00edr\u00e1si sz\u00f6vegeiben gyakran hallunk a b\u00e9k\u00e9r\u0151l. Ez ugyanis Isten egyik nagy-nagy adom\u00e1nya sz\u00e1munkra. A b\u00e9ke megval\u00f3s\u00edt\u00e1s\u00e1nak fontos felt\u00e9tele a kiengesztel\u0151d\u00e9sre \u00e9s megbocs\u00e1t\u00e1sra val\u00f3 k\u00e9szs\u00e9g. K\u00e9rj\u00fck ehhez Urunk hathat\u00f3s seg\u00edts\u00e9g\u00e9t, kegyelm\u00e9t. KEZD\u0150\u00c9NEK\u00a0\u00a0\u00a0\u00a0\u00a0\u00a0\u00a0\u00a0\u00a0\u00a0\u00a0\u00a0\u00a0\u00a0\u00a0\u00a0\u00a0\u00a0\u00a0\u00a0\u00a0\u00a0\u00a0\u00a0\u00a0\u00a0\u00a0\u00a0\u00a0\u00a0\u00a0\u00a0\u00a0\u00a0\u00a0\u00a0\u00a0\u00a0\u00a0\u00a0\u00a0\u00a0\u00a0\u00a0\u00a0\u00a0\u00a0\u00a0\u00a0\u00a0 Zsolt 47, 10\u201311 J\u00f3s\u00e1godr\u00f3l elm\u00e9lked\u00fcnk, Isten\u00fcnk, templomod belsej\u00e9ben. Isten\u00fcnk, mik\u00e9nt m\u00e1r neved is, \u00fagy f\u00f6ls\u00e9ged is bet\u00f6lt minden f\u00f6ldhat\u00e1rt; jobbod telve igazs\u00e1ggal. OLVASM\u00c1NY \u00a0\u00a0\u00a0\u00a0\u00a0\u00a0\u00a0\u00a0\u00a0\u00a0\u00a0\u00a0\u00a0\u00a0\u00a0\u00a0\u00a0\u00a0\u00a0\u00a0\u00a0\u00a0\u00a0\u00a0\u00a0\u00a0\u00a0\u00a0\u00a0\u00a0\u00a0\u00a0\u00a0\u00a0\u00a0\u00a0\u00a0\u00a0\u00a0\u00a0\u00a0\u00a0\u00a0\u00a0\u00a0\u00a0\u00a0\u00a0\u00a0\u00a0\u00a0\u00a0\u00a0Iz 66, 10\u201314c A babiloni fogs\u00e1gb\u00f3l hazat\u00e9rt n\u00e9p sok viszontags\u00e1g k\u00f6zepette v\u00e9gezte az \u00fajj\u00e1\u00e9p\u00edt\u00e9s munk\u00e1j\u00e1t. N\u00e9ha bizony elkeseredtek \u00e9s el\u00e9gedetlenek voltak sorsukkal. A pr\u00f3f\u00e9ta azzal vigasztalja \u0151ket, hogy a Gondvisel\u0151 Isten j\u00f3s\u00e1gos \u00e9s hatalmas is ahhoz, hogy jobb \u00e9letk\u00f6r\u00fclm\u00e9nyeket, lelki b\u00e9k\u00e9t \u00e9s \u00f6r\u00f6m\u00f6t aj\u00e1nd\u00e9kozzon nekik. S\u0151t k\u00e9sz arra, hogy mindezt a t\u00f6bbi n\u00e9pnek is megadja. Hiszen Jeruzs\u00e1lem a messi\u00e1si orsz\u00e1got jelk\u00e9pezi. V\u00c1LASZOS ZSOLT\u00c1R\u00a0 \u00a0\u00a0\u00a0\u00a0\u00a0\u00a0\u00a0\u00a0\u00a0\u00a0\u00a0\u00a0\u00a0\u00a0\u00a0\u00a0\u00a0\u00a0\u00a0\u00a0\u00a0\u00a0\u00a0\u00a0\u00a0\u00a0\u00a0\u00a0\u00a0\u00a0\u00a0\u00a0\u00a0\u00a0\u00a0\u00a065. Zsolt\u00e1r V\u00e1lasz: Minden f\u00f6ld Istent dics\u00e9rje! SZENTLECKE\u00a0\u00a0\u00a0 \u00a0\u00a0\u00a0\u00a0\u00a0\u00a0\u00a0\u00a0\u00a0\u00a0\u00a0\u00a0\u00a0\u00a0\u00a0\u00a0\u00a0\u00a0\u00a0\u00a0\u00a0\u00a0\u00a0\u00a0\u00a0\u00a0\u00a0\u00a0\u00a0\u00a0\u00a0\u00a0\u00a0\u00a0\u00a0\u00a0\u00a0\u00a0\u00a0\u00a0\u00a0\u00a0\u00a0\u00a0Gal 6, 14\u201318 Az \u00fcdv\u00f6ss\u00e9get Krisztus keresztje szerezte meg sz\u00e1munkra. Ez\u00e9rt, ha Isten csal\u00e1dj\u00e1hoz akarunk tartozni, a keresztre fesz\u00edtett J\u00e9zushoz kell csatlakoznunk. Vagyis hinn\u00fcnk kell \u0151benne \u00e9s meg kell keresztelkedn\u00fcnk az \u0151 nev\u00e9re. Az igazi hit gy\u00fcm\u00f6lcse a krisztusi szeretet. A kereszts\u00e9get pedig k\u00f6vesse a tudatos elsz\u00e1nts\u00e1g: t\u00f6reksz\u00fcnk meghalni a b\u0171nnek \u00e9s \u00e9lni Krisztus tan\u00edt\u00e1sa \u00e9s p\u00e9ld\u00e1ja szerint. ALLELUJA \u00a0\u00a0\u00a0\u00a0\u00a0\u00a0\u00a0\u00a0\u00a0\u00a0\u00a0\u00a0\u00a0\u00a0\u00a0\u00a0\u00a0\u00a0\u00a0\u00a0\u00a0\u00a0\u00a0\u00a0\u00a0\u00a0\u00a0\u00a0\u00a0\u00a0\u00a0\u00a0\u00a0\u00a0\u00a0\u00a0\u00a0\u00a0\u00a0\u00a0\u00a0\u00a0\u00a0\u00a0\u00a0\u00a0\u00a0\u00a0\u00a0\u00a0Kol 3, 15a. \u00e9s 16a Sz\u00edvetekben uralkodj\u00e9k Kriszus b\u00e9k\u00e9je. * Krisztus tan\u00edt\u00e1sa t\u00f6lts\u00f6n el titeket gazdagon. EVANG\u00c9LIUM\u00a0 \u00a0\u00a0\u00a0\u00a0\u00a0\u00a0\u00a0\u00a0\u00a0\u00a0\u00a0\u00a0\u00a0\u00a0\u00a0\u00a0\u00a0\u00a0\u00a0\u00a0\u00a0\u00a0\u00a0\u00a0\u00a0\u00a0\u00a0\u00a0\u00a0\u00a0\u00a0\u00a0\u00a0\u00a0Lk 10, 1\u201312. 17\u201320 A Teremt\u00e9s K\u00f6nyv\u00e9nek 10. fejezet\u00e9ben olvashat\u00f3, hogy a f\u00f6ld n\u00e9peinek sz\u00e1ma 72. J\u00e9zus az\u00e9rt v\u00e1laszt hetvenk\u00e9t tan\u00edtv\u00e1nyt, hogy ezzel is jelezze: az \u0151 k\u00fcldet\u00e9se \u00e9s tan\u00edt\u00e1sa minden n\u00e9pnek sz\u00f3l. Az apostolkod\u00e1s munk\u00e1j\u00e1b\u00f3l azonban minden egyes h\u00edv\u0151nek ki kell vennie r\u00e9sz\u00e9t. Aki ugyanis a kereszts\u00e9g \u00e1ltal eggy\u00e9 lett Krisztussal, az r\u00e9szes\u00fclt az \u0151 pr\u00f3f\u00e9tai, tan\u00edt\u00f3i hivat\u00e1s\u00e1b\u00f3l is. AZ EUCHARISZTI\u00c1HOZ J\u00e9zushoz hasonl\u00f3an mi is az Aty\u00e1t\u00f3l kaptuk a megh\u00edv\u00e1st, t\u0151le kapjuk az er\u0151t is a krisztusi\u00a0 \u00e9letre. A mi er\u0151nk: a szentmise\u00e1ldozat gy\u00fcm\u00f6lcse,&#8230; <\/p>\n<p><a class=\"readmore\" href=\"https:\/\/stuttgarti-katolikusok.de\/index.php\/evkozi-14-vasarnapra\/\">R\u00e9szletek<\/a><\/p>\n","protected":false},"author":3,"featured_media":0,"comment_status":"closed","ping_status":"closed","sticky":false,"template":"","format":"standard","meta":{"footnotes":""},"categories":[63],"tags":[],"class_list":["post-17256","post","type-post","status-publish","format-standard","hentry","category-vasarnapi-gondolatok"],"yoast_head":"<!-- This site is optimized with the Yoast SEO plugin v27.3 - https:\/\/yoast.com\/product\/yoast-seo-wordpress\/ -->\n<title>\u00c9vk\u00f6zi 14. vas\u00e1rnapra - Stuttgarti Katolikusok<\/title>\n<meta name=\"robots\" content=\"index, follow, max-snippet:-1, max-image-preview:large, max-video-preview:-1\" \/>\n<link rel=\"canonical\" href=\"https:\/\/stuttgarti-katolikusok.de\/index.php\/evkozi-14-vasarnapra\/\" \/>\n<meta property=\"og:locale\" content=\"hu_HU\" \/>\n<meta property=\"og:type\" content=\"article\" \/>\n<meta property=\"og:title\" content=\"\u00c9vk\u00f6zi 14. vas\u00e1rnapra - Stuttgarti Katolikusok\" \/>\n<meta property=\"og:description\" content=\"j\u00falius 7. \u00c9VK\u00d6ZI 14. VAS\u00c1RNAP J\u00falius: J\u00e9zus Szent V\u00e9r\u00e9nek h\u00f3napja A szentmise im\u00e1ds\u00e1gaiban \u00e9s szent\u00edr\u00e1si sz\u00f6vegeiben gyakran hallunk a b\u00e9k\u00e9r\u0151l. Ez ugyanis Isten egyik nagy-nagy adom\u00e1nya sz\u00e1munkra. A b\u00e9ke megval\u00f3s\u00edt\u00e1s\u00e1nak fontos felt\u00e9tele a kiengesztel\u0151d\u00e9sre \u00e9s megbocs\u00e1t\u00e1sra val\u00f3 k\u00e9szs\u00e9g. K\u00e9rj\u00fck ehhez Urunk hathat\u00f3s seg\u00edts\u00e9g\u00e9t, kegyelm\u00e9t. KEZD\u0150\u00c9NEK\u00a0\u00a0\u00a0\u00a0\u00a0\u00a0\u00a0\u00a0\u00a0\u00a0\u00a0\u00a0\u00a0\u00a0\u00a0\u00a0\u00a0\u00a0\u00a0\u00a0\u00a0\u00a0\u00a0\u00a0\u00a0\u00a0\u00a0\u00a0\u00a0\u00a0\u00a0\u00a0\u00a0\u00a0\u00a0\u00a0\u00a0\u00a0\u00a0\u00a0\u00a0\u00a0\u00a0\u00a0\u00a0\u00a0\u00a0\u00a0\u00a0\u00a0 Zsolt 47, 10\u201311 J\u00f3s\u00e1godr\u00f3l elm\u00e9lked\u00fcnk, Isten\u00fcnk, templomod belsej\u00e9ben. Isten\u00fcnk, mik\u00e9nt m\u00e1r neved is, \u00fagy f\u00f6ls\u00e9ged is bet\u00f6lt minden f\u00f6ldhat\u00e1rt; jobbod telve igazs\u00e1ggal. OLVASM\u00c1NY \u00a0\u00a0\u00a0\u00a0\u00a0\u00a0\u00a0\u00a0\u00a0\u00a0\u00a0\u00a0\u00a0\u00a0\u00a0\u00a0\u00a0\u00a0\u00a0\u00a0\u00a0\u00a0\u00a0\u00a0\u00a0\u00a0\u00a0\u00a0\u00a0\u00a0\u00a0\u00a0\u00a0\u00a0\u00a0\u00a0\u00a0\u00a0\u00a0\u00a0\u00a0\u00a0\u00a0\u00a0\u00a0\u00a0\u00a0\u00a0\u00a0\u00a0\u00a0\u00a0\u00a0Iz 66, 10\u201314c A babiloni fogs\u00e1gb\u00f3l hazat\u00e9rt n\u00e9p sok viszontags\u00e1g k\u00f6zepette v\u00e9gezte az \u00fajj\u00e1\u00e9p\u00edt\u00e9s munk\u00e1j\u00e1t. N\u00e9ha bizony elkeseredtek \u00e9s el\u00e9gedetlenek voltak sorsukkal. A pr\u00f3f\u00e9ta azzal vigasztalja \u0151ket, hogy a Gondvisel\u0151 Isten j\u00f3s\u00e1gos \u00e9s hatalmas is ahhoz, hogy jobb \u00e9letk\u00f6r\u00fclm\u00e9nyeket, lelki b\u00e9k\u00e9t \u00e9s \u00f6r\u00f6m\u00f6t aj\u00e1nd\u00e9kozzon nekik. S\u0151t k\u00e9sz arra, hogy mindezt a t\u00f6bbi n\u00e9pnek is megadja. Hiszen Jeruzs\u00e1lem a messi\u00e1si orsz\u00e1got jelk\u00e9pezi. V\u00c1LASZOS ZSOLT\u00c1R\u00a0 \u00a0\u00a0\u00a0\u00a0\u00a0\u00a0\u00a0\u00a0\u00a0\u00a0\u00a0\u00a0\u00a0\u00a0\u00a0\u00a0\u00a0\u00a0\u00a0\u00a0\u00a0\u00a0\u00a0\u00a0\u00a0\u00a0\u00a0\u00a0\u00a0\u00a0\u00a0\u00a0\u00a0\u00a0\u00a0\u00a065. Zsolt\u00e1r V\u00e1lasz: Minden f\u00f6ld Istent dics\u00e9rje! SZENTLECKE\u00a0\u00a0\u00a0 \u00a0\u00a0\u00a0\u00a0\u00a0\u00a0\u00a0\u00a0\u00a0\u00a0\u00a0\u00a0\u00a0\u00a0\u00a0\u00a0\u00a0\u00a0\u00a0\u00a0\u00a0\u00a0\u00a0\u00a0\u00a0\u00a0\u00a0\u00a0\u00a0\u00a0\u00a0\u00a0\u00a0\u00a0\u00a0\u00a0\u00a0\u00a0\u00a0\u00a0\u00a0\u00a0\u00a0\u00a0Gal 6, 14\u201318 Az \u00fcdv\u00f6ss\u00e9get Krisztus keresztje szerezte meg sz\u00e1munkra. Ez\u00e9rt, ha Isten csal\u00e1dj\u00e1hoz akarunk tartozni, a keresztre fesz\u00edtett J\u00e9zushoz kell csatlakoznunk. Vagyis hinn\u00fcnk kell \u0151benne \u00e9s meg kell keresztelkedn\u00fcnk az \u0151 nev\u00e9re. Az igazi hit gy\u00fcm\u00f6lcse a krisztusi szeretet. A kereszts\u00e9get pedig k\u00f6vesse a tudatos elsz\u00e1nts\u00e1g: t\u00f6reksz\u00fcnk meghalni a b\u0171nnek \u00e9s \u00e9lni Krisztus tan\u00edt\u00e1sa \u00e9s p\u00e9ld\u00e1ja szerint. ALLELUJA \u00a0\u00a0\u00a0\u00a0\u00a0\u00a0\u00a0\u00a0\u00a0\u00a0\u00a0\u00a0\u00a0\u00a0\u00a0\u00a0\u00a0\u00a0\u00a0\u00a0\u00a0\u00a0\u00a0\u00a0\u00a0\u00a0\u00a0\u00a0\u00a0\u00a0\u00a0\u00a0\u00a0\u00a0\u00a0\u00a0\u00a0\u00a0\u00a0\u00a0\u00a0\u00a0\u00a0\u00a0\u00a0\u00a0\u00a0\u00a0\u00a0\u00a0Kol 3, 15a. \u00e9s 16a Sz\u00edvetekben uralkodj\u00e9k Kriszus b\u00e9k\u00e9je. * Krisztus tan\u00edt\u00e1sa t\u00f6lts\u00f6n el titeket gazdagon. EVANG\u00c9LIUM\u00a0 \u00a0\u00a0\u00a0\u00a0\u00a0\u00a0\u00a0\u00a0\u00a0\u00a0\u00a0\u00a0\u00a0\u00a0\u00a0\u00a0\u00a0\u00a0\u00a0\u00a0\u00a0\u00a0\u00a0\u00a0\u00a0\u00a0\u00a0\u00a0\u00a0\u00a0\u00a0\u00a0\u00a0\u00a0Lk 10, 1\u201312. 17\u201320 A Teremt\u00e9s K\u00f6nyv\u00e9nek 10. fejezet\u00e9ben olvashat\u00f3, hogy a f\u00f6ld n\u00e9peinek sz\u00e1ma 72. J\u00e9zus az\u00e9rt v\u00e1laszt hetvenk\u00e9t tan\u00edtv\u00e1nyt, hogy ezzel is jelezze: az \u0151 k\u00fcldet\u00e9se \u00e9s tan\u00edt\u00e1sa minden n\u00e9pnek sz\u00f3l. Az apostolkod\u00e1s munk\u00e1j\u00e1b\u00f3l azonban minden egyes h\u00edv\u0151nek ki kell vennie r\u00e9sz\u00e9t. Aki ugyanis a kereszts\u00e9g \u00e1ltal eggy\u00e9 lett Krisztussal, az r\u00e9szes\u00fclt az \u0151 pr\u00f3f\u00e9tai, tan\u00edt\u00f3i hivat\u00e1s\u00e1b\u00f3l is. AZ EUCHARISZTI\u00c1HOZ J\u00e9zushoz hasonl\u00f3an mi is az Aty\u00e1t\u00f3l kaptuk a megh\u00edv\u00e1st, t\u0151le kapjuk az er\u0151t is a krisztusi\u00a0 \u00e9letre. A mi er\u0151nk: a szentmise\u00e1ldozat gy\u00fcm\u00f6lcse,... R\u00e9szletek\" \/>\n<meta property=\"og:url\" content=\"https:\/\/stuttgarti-katolikusok.de\/index.php\/evkozi-14-vasarnapra\/\" \/>\n<meta property=\"og:site_name\" content=\"Stuttgarti Katolikusok\" \/>\n<meta property=\"article:published_time\" content=\"2019-07-08T05:27:27+00:00\" \/>\n<meta name=\"author\" content=\"Tibor atya\" \/>\n<meta name=\"twitter:card\" content=\"summary_large_image\" \/>\n<meta name=\"twitter:label1\" content=\"Szerz\u0151:\" \/>\n\t<meta name=\"twitter:data1\" content=\"Tibor atya\" \/>\n\t<meta name=\"twitter:label2\" content=\"Becs\u00fclt olvas\u00e1si id\u0151\" \/>\n\t<meta name=\"twitter:data2\" content=\"5 perc\" \/>\n<script type=\"application\/ld+json\" class=\"yoast-schema-graph\">{\"@context\":\"https:\\\/\\\/schema.org\",\"@graph\":[{\"@type\":\"Article\",\"@id\":\"https:\\\/\\\/stuttgarti-katolikusok.de\\\/index.php\\\/evkozi-14-vasarnapra\\\/#article\",\"isPartOf\":{\"@id\":\"https:\\\/\\\/stuttgarti-katolikusok.de\\\/index.php\\\/evkozi-14-vasarnapra\\\/\"},\"author\":{\"name\":\"Tibor atya\",\"@id\":\"https:\\\/\\\/stuttgarti-katolikusok.de\\\/#\\\/schema\\\/person\\\/75908d6f8fdc03a57889d27209df7795\"},\"headline\":\"\u00c9vk\u00f6zi 14. vas\u00e1rnapra\",\"datePublished\":\"2019-07-08T05:27:27+00:00\",\"mainEntityOfPage\":{\"@id\":\"https:\\\/\\\/stuttgarti-katolikusok.de\\\/index.php\\\/evkozi-14-vasarnapra\\\/\"},\"wordCount\":1038,\"articleSection\":[\"Vas\u00e1rnapi gondolatok\"],\"inLanguage\":\"hu\"},{\"@type\":\"WebPage\",\"@id\":\"https:\\\/\\\/stuttgarti-katolikusok.de\\\/index.php\\\/evkozi-14-vasarnapra\\\/\",\"url\":\"https:\\\/\\\/stuttgarti-katolikusok.de\\\/index.php\\\/evkozi-14-vasarnapra\\\/\",\"name\":\"\u00c9vk\u00f6zi 14. vas\u00e1rnapra - Stuttgarti Katolikusok\",\"isPartOf\":{\"@id\":\"https:\\\/\\\/stuttgarti-katolikusok.de\\\/#website\"},\"datePublished\":\"2019-07-08T05:27:27+00:00\",\"author\":{\"@id\":\"https:\\\/\\\/stuttgarti-katolikusok.de\\\/#\\\/schema\\\/person\\\/75908d6f8fdc03a57889d27209df7795\"},\"breadcrumb\":{\"@id\":\"https:\\\/\\\/stuttgarti-katolikusok.de\\\/index.php\\\/evkozi-14-vasarnapra\\\/#breadcrumb\"},\"inLanguage\":\"hu\",\"potentialAction\":[{\"@type\":\"ReadAction\",\"target\":[\"https:\\\/\\\/stuttgarti-katolikusok.de\\\/index.php\\\/evkozi-14-vasarnapra\\\/\"]}]},{\"@type\":\"BreadcrumbList\",\"@id\":\"https:\\\/\\\/stuttgarti-katolikusok.de\\\/index.php\\\/evkozi-14-vasarnapra\\\/#breadcrumb\",\"itemListElement\":[{\"@type\":\"ListItem\",\"position\":1,\"name\":\"Kezd\u0151lap\",\"item\":\"https:\\\/\\\/stuttgarti-katolikusok.de\\\/\"},{\"@type\":\"ListItem\",\"position\":2,\"name\":\"\u00c9vk\u00f6zi 14. vas\u00e1rnapra\"}]},{\"@type\":\"WebSite\",\"@id\":\"https:\\\/\\\/stuttgarti-katolikusok.de\\\/#website\",\"url\":\"https:\\\/\\\/stuttgarti-katolikusok.de\\\/\",\"name\":\"Stuttgarti Katolikusok\",\"description\":\"\",\"potentialAction\":[{\"@type\":\"SearchAction\",\"target\":{\"@type\":\"EntryPoint\",\"urlTemplate\":\"https:\\\/\\\/stuttgarti-katolikusok.de\\\/?s={search_term_string}\"},\"query-input\":{\"@type\":\"PropertyValueSpecification\",\"valueRequired\":true,\"valueName\":\"search_term_string\"}}],\"inLanguage\":\"hu\"},{\"@type\":\"Person\",\"@id\":\"https:\\\/\\\/stuttgarti-katolikusok.de\\\/#\\\/schema\\\/person\\\/75908d6f8fdc03a57889d27209df7795\",\"name\":\"Tibor atya\",\"image\":{\"@type\":\"ImageObject\",\"inLanguage\":\"hu\",\"@id\":\"https:\\\/\\\/secure.gravatar.com\\\/avatar\\\/61d268e57d1f4525b111222e29d2d5a7f8c420fdbf231ba5566a8ceac74fa960?s=96&d=mm&r=g\",\"url\":\"https:\\\/\\\/secure.gravatar.com\\\/avatar\\\/61d268e57d1f4525b111222e29d2d5a7f8c420fdbf231ba5566a8ceac74fa960?s=96&d=mm&r=g\",\"contentUrl\":\"https:\\\/\\\/secure.gravatar.com\\\/avatar\\\/61d268e57d1f4525b111222e29d2d5a7f8c420fdbf231ba5566a8ceac74fa960?s=96&d=mm&r=g\",\"caption\":\"Tibor atya\"},\"url\":\"https:\\\/\\\/stuttgarti-katolikusok.de\\\/index.php\\\/author\\\/tibor-atya\\\/\"}]}<\/script>\n<!-- \/ Yoast SEO plugin. -->","yoast_head_json":{"title":"\u00c9vk\u00f6zi 14. vas\u00e1rnapra - Stuttgarti Katolikusok","robots":{"index":"index","follow":"follow","max-snippet":"max-snippet:-1","max-image-preview":"max-image-preview:large","max-video-preview":"max-video-preview:-1"},"canonical":"https:\/\/stuttgarti-katolikusok.de\/index.php\/evkozi-14-vasarnapra\/","og_locale":"hu_HU","og_type":"article","og_title":"\u00c9vk\u00f6zi 14. vas\u00e1rnapra - Stuttgarti Katolikusok","og_description":"j\u00falius 7. \u00c9VK\u00d6ZI 14. VAS\u00c1RNAP J\u00falius: J\u00e9zus Szent V\u00e9r\u00e9nek h\u00f3napja A szentmise im\u00e1ds\u00e1gaiban \u00e9s szent\u00edr\u00e1si sz\u00f6vegeiben gyakran hallunk a b\u00e9k\u00e9r\u0151l. Ez ugyanis Isten egyik nagy-nagy adom\u00e1nya sz\u00e1munkra. A b\u00e9ke megval\u00f3s\u00edt\u00e1s\u00e1nak fontos felt\u00e9tele a kiengesztel\u0151d\u00e9sre \u00e9s megbocs\u00e1t\u00e1sra val\u00f3 k\u00e9szs\u00e9g. K\u00e9rj\u00fck ehhez Urunk hathat\u00f3s seg\u00edts\u00e9g\u00e9t, kegyelm\u00e9t. KEZD\u0150\u00c9NEK\u00a0\u00a0\u00a0\u00a0\u00a0\u00a0\u00a0\u00a0\u00a0\u00a0\u00a0\u00a0\u00a0\u00a0\u00a0\u00a0\u00a0\u00a0\u00a0\u00a0\u00a0\u00a0\u00a0\u00a0\u00a0\u00a0\u00a0\u00a0\u00a0\u00a0\u00a0\u00a0\u00a0\u00a0\u00a0\u00a0\u00a0\u00a0\u00a0\u00a0\u00a0\u00a0\u00a0\u00a0\u00a0\u00a0\u00a0\u00a0\u00a0\u00a0 Zsolt 47, 10\u201311 J\u00f3s\u00e1godr\u00f3l elm\u00e9lked\u00fcnk, Isten\u00fcnk, templomod belsej\u00e9ben. Isten\u00fcnk, mik\u00e9nt m\u00e1r neved is, \u00fagy f\u00f6ls\u00e9ged is bet\u00f6lt minden f\u00f6ldhat\u00e1rt; jobbod telve igazs\u00e1ggal. OLVASM\u00c1NY \u00a0\u00a0\u00a0\u00a0\u00a0\u00a0\u00a0\u00a0\u00a0\u00a0\u00a0\u00a0\u00a0\u00a0\u00a0\u00a0\u00a0\u00a0\u00a0\u00a0\u00a0\u00a0\u00a0\u00a0\u00a0\u00a0\u00a0\u00a0\u00a0\u00a0\u00a0\u00a0\u00a0\u00a0\u00a0\u00a0\u00a0\u00a0\u00a0\u00a0\u00a0\u00a0\u00a0\u00a0\u00a0\u00a0\u00a0\u00a0\u00a0\u00a0\u00a0\u00a0\u00a0Iz 66, 10\u201314c A babiloni fogs\u00e1gb\u00f3l hazat\u00e9rt n\u00e9p sok viszontags\u00e1g k\u00f6zepette v\u00e9gezte az \u00fajj\u00e1\u00e9p\u00edt\u00e9s munk\u00e1j\u00e1t. N\u00e9ha bizony elkeseredtek \u00e9s el\u00e9gedetlenek voltak sorsukkal. A pr\u00f3f\u00e9ta azzal vigasztalja \u0151ket, hogy a Gondvisel\u0151 Isten j\u00f3s\u00e1gos \u00e9s hatalmas is ahhoz, hogy jobb \u00e9letk\u00f6r\u00fclm\u00e9nyeket, lelki b\u00e9k\u00e9t \u00e9s \u00f6r\u00f6m\u00f6t aj\u00e1nd\u00e9kozzon nekik. S\u0151t k\u00e9sz arra, hogy mindezt a t\u00f6bbi n\u00e9pnek is megadja. Hiszen Jeruzs\u00e1lem a messi\u00e1si orsz\u00e1got jelk\u00e9pezi. V\u00c1LASZOS ZSOLT\u00c1R\u00a0 \u00a0\u00a0\u00a0\u00a0\u00a0\u00a0\u00a0\u00a0\u00a0\u00a0\u00a0\u00a0\u00a0\u00a0\u00a0\u00a0\u00a0\u00a0\u00a0\u00a0\u00a0\u00a0\u00a0\u00a0\u00a0\u00a0\u00a0\u00a0\u00a0\u00a0\u00a0\u00a0\u00a0\u00a0\u00a0\u00a065. Zsolt\u00e1r V\u00e1lasz: Minden f\u00f6ld Istent dics\u00e9rje! SZENTLECKE\u00a0\u00a0\u00a0 \u00a0\u00a0\u00a0\u00a0\u00a0\u00a0\u00a0\u00a0\u00a0\u00a0\u00a0\u00a0\u00a0\u00a0\u00a0\u00a0\u00a0\u00a0\u00a0\u00a0\u00a0\u00a0\u00a0\u00a0\u00a0\u00a0\u00a0\u00a0\u00a0\u00a0\u00a0\u00a0\u00a0\u00a0\u00a0\u00a0\u00a0\u00a0\u00a0\u00a0\u00a0\u00a0\u00a0\u00a0Gal 6, 14\u201318 Az \u00fcdv\u00f6ss\u00e9get Krisztus keresztje szerezte meg sz\u00e1munkra. Ez\u00e9rt, ha Isten csal\u00e1dj\u00e1hoz akarunk tartozni, a keresztre fesz\u00edtett J\u00e9zushoz kell csatlakoznunk. Vagyis hinn\u00fcnk kell \u0151benne \u00e9s meg kell keresztelkedn\u00fcnk az \u0151 nev\u00e9re. Az igazi hit gy\u00fcm\u00f6lcse a krisztusi szeretet. A kereszts\u00e9get pedig k\u00f6vesse a tudatos elsz\u00e1nts\u00e1g: t\u00f6reksz\u00fcnk meghalni a b\u0171nnek \u00e9s \u00e9lni Krisztus tan\u00edt\u00e1sa \u00e9s p\u00e9ld\u00e1ja szerint. ALLELUJA \u00a0\u00a0\u00a0\u00a0\u00a0\u00a0\u00a0\u00a0\u00a0\u00a0\u00a0\u00a0\u00a0\u00a0\u00a0\u00a0\u00a0\u00a0\u00a0\u00a0\u00a0\u00a0\u00a0\u00a0\u00a0\u00a0\u00a0\u00a0\u00a0\u00a0\u00a0\u00a0\u00a0\u00a0\u00a0\u00a0\u00a0\u00a0\u00a0\u00a0\u00a0\u00a0\u00a0\u00a0\u00a0\u00a0\u00a0\u00a0\u00a0\u00a0Kol 3, 15a. \u00e9s 16a Sz\u00edvetekben uralkodj\u00e9k Kriszus b\u00e9k\u00e9je. * Krisztus tan\u00edt\u00e1sa t\u00f6lts\u00f6n el titeket gazdagon. EVANG\u00c9LIUM\u00a0 \u00a0\u00a0\u00a0\u00a0\u00a0\u00a0\u00a0\u00a0\u00a0\u00a0\u00a0\u00a0\u00a0\u00a0\u00a0\u00a0\u00a0\u00a0\u00a0\u00a0\u00a0\u00a0\u00a0\u00a0\u00a0\u00a0\u00a0\u00a0\u00a0\u00a0\u00a0\u00a0\u00a0\u00a0Lk 10, 1\u201312. 17\u201320 A Teremt\u00e9s K\u00f6nyv\u00e9nek 10. fejezet\u00e9ben olvashat\u00f3, hogy a f\u00f6ld n\u00e9peinek sz\u00e1ma 72. J\u00e9zus az\u00e9rt v\u00e1laszt hetvenk\u00e9t tan\u00edtv\u00e1nyt, hogy ezzel is jelezze: az \u0151 k\u00fcldet\u00e9se \u00e9s tan\u00edt\u00e1sa minden n\u00e9pnek sz\u00f3l. Az apostolkod\u00e1s munk\u00e1j\u00e1b\u00f3l azonban minden egyes h\u00edv\u0151nek ki kell vennie r\u00e9sz\u00e9t. Aki ugyanis a kereszts\u00e9g \u00e1ltal eggy\u00e9 lett Krisztussal, az r\u00e9szes\u00fclt az \u0151 pr\u00f3f\u00e9tai, tan\u00edt\u00f3i hivat\u00e1s\u00e1b\u00f3l is. AZ EUCHARISZTI\u00c1HOZ J\u00e9zushoz hasonl\u00f3an mi is az Aty\u00e1t\u00f3l kaptuk a megh\u00edv\u00e1st, t\u0151le kapjuk az er\u0151t is a krisztusi\u00a0 \u00e9letre. A mi er\u0151nk: a szentmise\u00e1ldozat gy\u00fcm\u00f6lcse,... R\u00e9szletek","og_url":"https:\/\/stuttgarti-katolikusok.de\/index.php\/evkozi-14-vasarnapra\/","og_site_name":"Stuttgarti Katolikusok","article_published_time":"2019-07-08T05:27:27+00:00","author":"Tibor atya","twitter_card":"summary_large_image","twitter_misc":{"Szerz\u0151:":"Tibor atya","Becs\u00fclt olvas\u00e1si id\u0151":"5 perc"},"schema":{"@context":"https:\/\/schema.org","@graph":[{"@type":"Article","@id":"https:\/\/stuttgarti-katolikusok.de\/index.php\/evkozi-14-vasarnapra\/#article","isPartOf":{"@id":"https:\/\/stuttgarti-katolikusok.de\/index.php\/evkozi-14-vasarnapra\/"},"author":{"name":"Tibor atya","@id":"https:\/\/stuttgarti-katolikusok.de\/#\/schema\/person\/75908d6f8fdc03a57889d27209df7795"},"headline":"\u00c9vk\u00f6zi 14. vas\u00e1rnapra","datePublished":"2019-07-08T05:27:27+00:00","mainEntityOfPage":{"@id":"https:\/\/stuttgarti-katolikusok.de\/index.php\/evkozi-14-vasarnapra\/"},"wordCount":1038,"articleSection":["Vas\u00e1rnapi gondolatok"],"inLanguage":"hu"},{"@type":"WebPage","@id":"https:\/\/stuttgarti-katolikusok.de\/index.php\/evkozi-14-vasarnapra\/","url":"https:\/\/stuttgarti-katolikusok.de\/index.php\/evkozi-14-vasarnapra\/","name":"\u00c9vk\u00f6zi 14. vas\u00e1rnapra - Stuttgarti Katolikusok","isPartOf":{"@id":"https:\/\/stuttgarti-katolikusok.de\/#website"},"datePublished":"2019-07-08T05:27:27+00:00","author":{"@id":"https:\/\/stuttgarti-katolikusok.de\/#\/schema\/person\/75908d6f8fdc03a57889d27209df7795"},"breadcrumb":{"@id":"https:\/\/stuttgarti-katolikusok.de\/index.php\/evkozi-14-vasarnapra\/#breadcrumb"},"inLanguage":"hu","potentialAction":[{"@type":"ReadAction","target":["https:\/\/stuttgarti-katolikusok.de\/index.php\/evkozi-14-vasarnapra\/"]}]},{"@type":"BreadcrumbList","@id":"https:\/\/stuttgarti-katolikusok.de\/index.php\/evkozi-14-vasarnapra\/#breadcrumb","itemListElement":[{"@type":"ListItem","position":1,"name":"Kezd\u0151lap","item":"https:\/\/stuttgarti-katolikusok.de\/"},{"@type":"ListItem","position":2,"name":"\u00c9vk\u00f6zi 14. vas\u00e1rnapra"}]},{"@type":"WebSite","@id":"https:\/\/stuttgarti-katolikusok.de\/#website","url":"https:\/\/stuttgarti-katolikusok.de\/","name":"Stuttgarti Katolikusok","description":"","potentialAction":[{"@type":"SearchAction","target":{"@type":"EntryPoint","urlTemplate":"https:\/\/stuttgarti-katolikusok.de\/?s={search_term_string}"},"query-input":{"@type":"PropertyValueSpecification","valueRequired":true,"valueName":"search_term_string"}}],"inLanguage":"hu"},{"@type":"Person","@id":"https:\/\/stuttgarti-katolikusok.de\/#\/schema\/person\/75908d6f8fdc03a57889d27209df7795","name":"Tibor atya","image":{"@type":"ImageObject","inLanguage":"hu","@id":"https:\/\/secure.gravatar.com\/avatar\/61d268e57d1f4525b111222e29d2d5a7f8c420fdbf231ba5566a8ceac74fa960?s=96&d=mm&r=g","url":"https:\/\/secure.gravatar.com\/avatar\/61d268e57d1f4525b111222e29d2d5a7f8c420fdbf231ba5566a8ceac74fa960?s=96&d=mm&r=g","contentUrl":"https:\/\/secure.gravatar.com\/avatar\/61d268e57d1f4525b111222e29d2d5a7f8c420fdbf231ba5566a8ceac74fa960?s=96&d=mm&r=g","caption":"Tibor atya"},"url":"https:\/\/stuttgarti-katolikusok.de\/index.php\/author\/tibor-atya\/"}]}},"_links":{"self":[{"href":"https:\/\/stuttgarti-katolikusok.de\/index.php\/wp-json\/wp\/v2\/posts\/17256","targetHints":{"allow":["GET"]}}],"collection":[{"href":"https:\/\/stuttgarti-katolikusok.de\/index.php\/wp-json\/wp\/v2\/posts"}],"about":[{"href":"https:\/\/stuttgarti-katolikusok.de\/index.php\/wp-json\/wp\/v2\/types\/post"}],"author":[{"embeddable":true,"href":"https:\/\/stuttgarti-katolikusok.de\/index.php\/wp-json\/wp\/v2\/users\/3"}],"replies":[{"embeddable":true,"href":"https:\/\/stuttgarti-katolikusok.de\/index.php\/wp-json\/wp\/v2\/comments?post=17256"}],"version-history":[{"count":1,"href":"https:\/\/stuttgarti-katolikusok.de\/index.php\/wp-json\/wp\/v2\/posts\/17256\/revisions"}],"predecessor-version":[{"id":17258,"href":"https:\/\/stuttgarti-katolikusok.de\/index.php\/wp-json\/wp\/v2\/posts\/17256\/revisions\/17258"}],"wp:attachment":[{"href":"https:\/\/stuttgarti-katolikusok.de\/index.php\/wp-json\/wp\/v2\/media?parent=17256"}],"wp:term":[{"taxonomy":"category","embeddable":true,"href":"https:\/\/stuttgarti-katolikusok.de\/index.php\/wp-json\/wp\/v2\/categories?post=17256"},{"taxonomy":"post_tag","embeddable":true,"href":"https:\/\/stuttgarti-katolikusok.de\/index.php\/wp-json\/wp\/v2\/tags?post=17256"}],"curies":[{"name":"wp","href":"https:\/\/api.w.org\/{rel}","templated":true}]}}