{"id":17247,"date":"2019-07-03T17:25:37","date_gmt":"2019-07-03T17:25:37","guid":{"rendered":"https:\/\/gracious-dewdney.138-201-221-2.plesk.page\/?p=17247"},"modified":"2019-07-05T21:08:56","modified_gmt":"2019-07-05T21:08:56","slug":"szekely-eniko-a-csikszeredai-papalatogatas-margojara","status":"publish","type":"post","link":"https:\/\/stuttgarti-katolikusok.de\/index.php\/szekely-eniko-a-csikszeredai-papalatogatas-margojara\/","title":{"rendered":"Sz\u00e9kely Enik\u0151: A cs\u00edkszeredai p\u00e1pal\u00e1togat\u00e1s marg\u00f3j\u00e1ra"},"content":{"rendered":"<p><strong>\u201e J\u00f3l csak a sz\u00edv\u00e9vel l\u00e1t az ember.\u201d <\/strong><em>(Antoine de Saint-Exup\u00e9ry)<\/em><\/p>\n<p>A cs\u00edkszeredai p\u00e1pal\u00e1togat\u00e1s marg\u00f3j\u00e1ra<\/p>\n<p>V\u00e1rakoz\u00e1ssal telve indultunk \u00fatnak Haza, Cs\u00edkszered\u00e1ba, ahol kedves sz\u00fcl\u0151v\u00e1rosom t\u00f6rt\u00e9nelmi esem\u00e9nyre k\u00e9sz\u00fclt. Ferenc p\u00e1pa l\u00e1togat\u00e1s\u00e1nak h\u00edre Cs\u00edksomly\u00f3n h\u00f3napokkal kor\u00e1bban megmozgatta a helyieket \u00e9s ezzel egyid\u0151ben a m\u00e9di\u00e1t is. Olvashattunk mindenf\u00e9le f\u00f3rumon arr\u00f3l, hogy mi\u00e9rt j\u00f3 \u00e9s mi\u00e9rt elit\u00e9lend\u0151 ez az esem\u00e9ny, mit kapnak a sz\u00e9kelyek, \u00e9s mekkora \u00e1ldozattal j\u00e1r ez a l\u00e1togat\u00e1s. A szavak \u00e1radat\u00e1ban neh\u00e9z volt kisz\u0171rni a j\u00f3zan gondolkod\u00e1s\u00fa \u00e9s \u00e9szj\u00e1r\u00e1s\u00fa v\u00e9lem\u00e9nyeket.<\/p>\n<p>Aki zar\u00e1ndokk\u00e9nt indul \u00fatnak, kiz\u00e1rja a k\u00fclvil\u00e1got, elcsendesedik \u00e9s mag\u00e1ban keresi a v\u00e1laszokat a felmer\u00fcl\u0151 k\u00e9rd\u00e9sekre. \u00cdgy volt ez vel\u00fcnk is. A nyugati vil\u00e1gban \u00e9lve begy\u0171jt\u00f6tt\u00fcnk minden sz\u00fcks\u00e9ges pap\u00edrt: iskolai enged\u00e9lyt, munkahelyi szabads\u00e1got, s rep\u00fclhett\u00fcnk v\u00e1gyakoz\u00e1ssal telve Marosv\u00e1s\u00e1rhelyre.<\/p>\n<p>Cs\u00edkszered\u00e1ba tartva meg\u00e1llap\u00edtottuk, hogy abba az ir\u00e1nyba nagy a forgalom, a szembej\u00f6v\u0151 forgalom viszont igen szer\u00e9ny. Mindenki igyekezett meg\u00e9rkezni cs\u00fct\u00f6rt\u00f6k est\u00e9re, mivel akkor z\u00e1rultak a v\u00e1rosba vezet\u0151 f\u0151bb \u00fatvonalak.<\/p>\n<p>Cs\u00edkszereda komolyan vette a feladatot, s b\u00e1r ehhez hasonl\u00f3 esem\u00e9ny m\u00e9g nem ker\u00fclt megrendez\u00e9sre a v\u00e1rosban, ennek ellen\u00e9re szakemberek \u00e9s \u00f6nk\u00e9ntesek seg\u00edts\u00e9g\u00e9vel mindent r\u00e9szletesen megterveztek, s felk\u00e9sz\u00fclve v\u00e1rt\u00e1k mindazokat a vend\u00e9geket, akik az el\u0151zetes r\u00e9mh\u00edrek ellen\u00e9re is vett\u00e9k a f\u00e1radts\u00e1got \u00e9s jelen voltak.\u00a0 Cs\u00fct\u00f6rt\u00f6k\u00f6n \u00e9s p\u00e9nteken nyugalom honolt a v\u00e1rosban. A k\u00e9sz\u00fcl\u0151d\u00e9s, a r\u00e1hangol\u00f3d\u00e1s, a v\u00e1rakoz\u00e1s nyugalma. \u00c9rdekess\u00e9g volt, hogy minden \u00fatkeresztez\u0151d\u00e9sben egy rend\u0151r \u00e1llt, fel\u00fcgyelve azt a rendet, ami mag\u00e1t\u00f3l \u00e9rtet\u0151d\u0151 volt.<\/p>\n<p>Szombaton reggel 6:45-kor tal\u00e1lkoztunk csoportunkkal a M\u00e1rton\u00a0 \u00c1ron Gimn\u00e1zium, az egykori Alma Mater-em el\u0151tt. Az id\u0151j\u00e1r\u00e1s el\u0151rejelz\u00e9s es\u0151t mutatott, s nem csal\u00f3dtunk: 7 \u00f3rakor kezdett esni az es\u0151, amely nem k\u00edm\u00e9lte a mindenhonnan \u00e9rkez\u0151 zar\u00e1ndokokat, kitart\u00f3an esett \u00f3r\u00e1kig. Cs\u00edkban nincs b\u00facs\u00fa es\u0151 n\u00e9lk\u00fcl, amely egyid\u0151ben \u00e1ld\u00e1s \u00e9s megtiszt\u00edt\u00f3 hat\u00e1sa is van.<\/p>\n<p>Csoportunkkal csatlakoztunk a Cs\u00edksomly\u00f3 fele vezet\u0151 \u00faton a zar\u00e1ndokokhoz, ahol t\u00f6m\u00f6tt sorokban, \u00e9nekelve \u00e9s im\u00e1dkozva zar\u00e1ndokoltunk a Sz\u0171zany\u00e1hoz. Az es\u0151 csak esett, el\u0151ker\u00fcltek az es\u0151kab\u00e1tok, es\u0151erny\u0151k, de a zar\u00e1ndokok nem lankadtak, zsolt\u00e1rokat \u00e9nekelve haladtak felfele. Az oda rendelt rendfenntart\u00f3 er\u0151k,\u00a0 mint dekor\u00e1ci\u00f3s kell\u00e9kek \u00e1lltak az \u00fatkeresztez\u0151d\u00e9sben, hiszen \u0151k nem erre voltak felk\u00e9sz\u00edtve. A zar\u00e1ndokok im\u00e1dkoztak \u00e9s \u00e9nekeltek, rendezett \u00e9s t\u00f6m\u00f6tt sorokban haladtak a kegytemplom \u00e9s nyereg fele, igaz\u00edtani senkit nem kellett, a \u201ej\u00e1r\u00e1st\u201d mindenki ismerte. Furcsa lehetett a csend\u0151r\u00f6knek, akik ilyent m\u00e9g nem l\u00e1thattak, s mivel tennival\u00f3juk nemigen akadt, beh\u00faz\u00f3dtak a f\u00e1k al\u00e1, hogy az es\u0151 ne verje \u0151ket.<\/p>\n<p>\u00c9nekelve haladtunk, k\u00f6zben figyelve zar\u00e1ndokt\u00e1rsainkra, akik lassabbak voltak. Sz\u00edv\u00fcnk egy ritmusra dobbant, r\u00e1hangol\u00f3dtunk arra a csod\u00e1ra, amely a nyeregben v\u00e1rt r\u00e1nk. J\u00e1rjunk egy\u00fctt! \u2013 ez volt a mott\u00f3ja Ferenc p\u00e1pa l\u00e1togat\u00e1s\u00e1nak \u00e9s ezt tapasztalhattuk mi is, hisz mindannyian egy\u00fctt j\u00e1rtunk ezen az \u00faton, ezen a zar\u00e1ndoklaton.<\/p>\n<p>Meg\u00e9rkezve az els\u0151 kapuhoz, csod\u00e1lkozva \u00e1llap\u00edtottuk meg, hogy az, ami elm\u00e9letben sz\u00e9pen el volt tervezve, a gyakorlatban nem m\u0171k\u00f6dik. Az els\u0151 bel\u00e9ptet\u0151 kapun\u00e1l teljes ellen\u0151rz\u00e9s: el\u0151sz\u00f6r a testi, majd a csomag ellen\u0151rz\u00e9se, bele\u00e9rtve az enged\u00e9lyezett, saj\u00e1t innival\u00f3 megk\u00f3stol\u00e1sa a zar\u00e1ndok \u00e1ltal, s mindez hossz\u00fa sorokban. A h\u00f6lgyeket h\u00f6lgy rend\u0151r\u00f6k ellen\u0151rizt\u00e9k, az urakat pedig alaposan a f\u00e9rfi rend\u0151r\u00f6k. Mivel nem sz\u00e1m\u00edtottak ekkora sz\u00e1m\u00fa n\u0151nem\u0171 zar\u00e1ndokra, ez\u00e9rt igencsak kev\u00e9s volt a n\u0151i rend\u0151r, aki a feladatnak eleget tudott volna tenni. L\u00e1tva a helyzet rem\u00e9nytelens\u00e9g\u00e9t, a rend \u0151rei javasolt\u00e1k, hogy egy kapuval fennebb pr\u00f3b\u00e1lkozzunk a bel\u00e9p\u00e9ssel. Sikerrel j\u00e1rtunk, mivel egy kapuval fennebb semmilyen ellen\u0151rz\u00e9s nem volt, \u00edgy gyorsan be tudtunk menni a sz\u00e1munkra kijel\u00f6lt ter\u00fcletre. Val\u00f3j\u00e1ban b\u00e1rhov\u00e1 mehett\u00fcnk volna, de maradtunk a kor\u00e1bban kijel\u00f6lt helyen, \u00edgy mindannyian, h\u00f6lgyek \u00e9s urak egy helyen tal\u00e1kozhattunk az ellen\u0151rz\u00e9s ut\u00e1n.<\/p>\n<p>K\u00e9t \u00f3r\u00e1val kor\u00e1bban a helysz\u00ednen voltunk, hiszen nem tudtuk, hogy mennyi id\u0151be telik a nyeregbe tart\u00f3 \u00fat \u00e9s a kijel\u00f6lt szektorokba val\u00f3 bejut\u00e1s.<\/p>\n<p>Tal\u00e1lkoz\u00e1s a Magyarok Nagyasszony\u00e1val! Ott \u00e1llt \u0150 m\u00e9lt\u00f3s\u00e1gteljesen, a maga nagyszer\u0171s\u00e9g\u00e9ben \u00e9s egyszer\u0171s\u00e9g\u00e9ben. Feh\u00e9r lepel volt a h\u00e1tt\u00e9rben, nem kir\u00e1lyi pompa, hanem a feh\u00e9r v\u00e1szon tisztas\u00e1ga, amely kiemelte a szobor ragyog\u00e1s\u00e1t s egyben maradt olyannak, amilyennek ismerj\u00fck mindannyian. \u00c9desany\u00e1nk, hozz\u00e1d j\u00f6tt\u00fcnk! \u2013 fakadt ki bel\u0151l\u00fcnk a s\u00f3haj!<\/p>\n<p>Az es\u0151 sz\u00fcntelen\u00fcl esett, s a felh\u0151k ereszkedtek lefele. Hi\u00e1ba a t\u00f6k\u00e9letes technikai felk\u00e9sz\u00fcl\u00e9s, a term\u00e9szet t\u00f6rv\u00e9nyei eluralkodtak felett\u00fck, s az \u00f3ri\u00e1si kivet\u00edt\u0151knek csak a k\u00f6rvonalai l\u00e1tsz\u00f3dtak\u00a0 a sz\u00fcrke es\u0151felh\u0151kben. Gondolkodtam, hogy aminek a tan\u00fai lesz\u00fcnk, az tal\u00e1n nem a l\u00e1tv\u00e1nyt fogja szolg\u00e1lni, hanem az \u00e9rz\u00e9seinket fogja a hat\u00e1sa al\u00e1 ker\u00edteni. V\u00e1rakoz\u00e1ssal s izgalommal telve \u00e9rkezt\u00fcnk, a helysz\u00ednen pedig a vaks\u00e1g ker\u00edt hatalm\u00e1ba, a vil\u00e1g vaks\u00e1ga. Ki kell nyitnunk a sz\u00edv\u00fcnket, ha l\u00e1tni, ha \u00e9rezni szeretn\u00e9nk.<\/p>\n<p>Vend\u00e9get v\u00e1rtunk! Olyan vend\u00e9get, amilyenre m\u00e9g nem volt p\u00e9lda Cs\u00edkorsz\u00e1gban. S milyen a sz\u00e9kely n\u00e9p, ha vend\u00e9get v\u00e1r? Kinyitja sz\u00edv\u00e9t, s kitesz mindent az asztalra, amivel kedveskedhet vend\u00e9g\u00e9nek.\u00a0 Nemcsak sz\u00edv\u00fcket nyitott\u00e1k ki, hanem egy \u00f3ri\u00e1si sz\u00e9kelykaput is \u00e1ll\u00edtotttak, amely alatt sz\u00e1z\u00e1val t\u00e9rhettek be a zar\u00e1ndokok a z\u00f6ld katedr\u00e1lisba.\u00a0 A helyi sz\u00e9kelyek \u00e9s a ferences bar\u00e1tok is t\u00e1rt karokkal fogadt\u00e1k a vend\u00e9geket, s b\u00edzva a J\u00f3 Istenben, kitett\u00e9k minden gazdags\u00e1gukat az asztalra: \u00e9telt, italt, j\u00f3 sz\u00f3t, \u00fatbaigaz\u00edt\u00e1st s azt az al\u00e1zatos szeretetet, amelyet mindenki tapasztalhatott.<\/p>\n<p>Az id\u0151j\u00e1r\u00e1s nem szegte kedv\u00e9t az im\u00e1dkoz\u00f3 zar\u00e1ndokoknak. A ferences szerzetesek a r\u00f3zsaf\u00fcz\u00e9rt im\u00e1dkozt\u00e1k, amelyhez csatlakoztunk mindannyian, s csod\u00e1k csod\u00e1j\u00e1ra, a felh\u0151k kezdtek felszakadozni. Megny\u00edlt az \u00e9gbolt, kitisztult, l\u00e1that\u00f3v\u00e1 v\u00e1lt a Hargita, a hegykoszor\u00fa, amely nem mindennapi l\u00e1tv\u00e1nyt ny\u00fajtott a nyeregben l\u00e9v\u0151 zar\u00e1ndokoknak. Az id\u0151 telt\u00e9vel \u00e9rezhet\u0151 volt a felfokozott hangulat, a Szentatya \u00e9rkez\u00e9s\u00e9re v\u00e1rt mindenki.<\/p>\n<p>Amikor feh\u00e9r aut\u00f3j\u00e1n begurult a zar\u00e1ndokok k\u00f6z\u00e9, azt hiszem, hogy egy pillanatra meg\u00e1llt az id\u0151. H\u00edv\u0151 \u00e9s k\u00e9tked\u0151 egyar\u00e1nt tan\u00faja volt annak, hogy ez val\u00f3ban megt\u00f6rt\u00e9nt, a Szentatya a magyarok, sz\u00e9kelyek nemzeti zar\u00e1ndokhely\u00e9n szem\u00e9lyesen van jelen.<\/p>\n<p>Elfogults\u00e1gnak t\u0171nhet, de biztos vagyok benne, hogy ebben a z\u00f6ld, feny\u0151erd\u0151k \u00e1ltal k\u00f6r\u00fcl\u00f6lelt term\u00e9szetes katedr\u00e1lisban Ferenc p\u00e1pa is \u00e9rezhette a hely rendk\u00edv\u00fcli kisug\u00e1rz\u00e1s\u00e1t, egyedis\u00e9g\u00e9t.<\/p>\n<p>Mint ut\u00f3lag kider\u00fclt, a J\u00f3 Isten gondoskodott arr\u00f3l, hogy Ferenc p\u00e1pa megl\u00e1togassa Sz\u00e9kelyf\u00f6ldet,\u00a0 a tervezettel ellent\u00e9tben Marosv\u00e1s\u00e1rhelyen sz\u00e1llt le a rep\u00fcl\u0151je, \u00edgy k\u00e9nytelen volt Cs\u00edkszered\u00e1ig aut\u00f3val utaznia, \u00e1thaladva Szov\u00e1t\u00e1n,\u00a0 Parajdon, Korondon, Sz\u00e9kelyudvarhelyen, Homor\u00f3df\u00fcrd\u0151n \u00e9s a Hargit\u00e1n.<\/p>\n<p>A p\u00e1pai szentmise is sz\u00e9kely volt: sz\u00e9kelyruh\u00e1ba \u00f6lt\u00f6z\u00f6tt k\u00f3rus \u00e9nekelt, sz\u00e9kely felolvas\u00f3 olvasott rom\u00e1n nyelven, a megszokott M\u00e1ria-\u00e9nekeket \u00e9nekelt\u00fck, hisz id\u0151tlen id\u0151k \u00f3ta ezeket ismerj\u00fck. Sz\u00e9kely csal\u00e1d ny\u00fajtotta \u00e1t a jellegzetes, helyi aj\u00e1nd\u00e9kokat: parajdi s\u00f3t, cs\u00edki borvizet \u00e9s k\u00fcrt\u0151skal\u00e1csot. Nem volt megj\u00e1tsz\u00e1s, magukat adt\u00e1k, amilyenek val\u00f3j\u00e1ban.<\/p>\n<p><em>\u201e\u00cdme, elj\u00f6v\u00f6k, Uram, hogy megtegyem a te akaratodat.<\/em><em>\u201d<\/em> \u2013 \u00e9nekelt\u00fck a szentmis\u00e9n. Elj\u00f6tt\u00fcnk mi, akiket h\u00edvott az \u00dar, s elj\u00f6tt a Szentatya is, akit k\u00fcld\u00f6tt az \u00dar. Isten jelenl\u00e9te er\u0151sen \u00e9rezhet\u0151 volt annak, aki kinyitotta a sz\u00edv\u00e9t, hogy befogadja mindazt az \u00e1ld\u00e1st \u00e9s kegyelmi aj\u00e1nd\u00e9kot, amelyben r\u00e9szes\u00fclhett\u00fcnk.<\/p>\n<p>Vend\u00e9g\u00fcnk, Ferenc p\u00e1pa aj\u00e1nd\u00e9kkal \u00e9rkezett, de m\u00e9g t\u00f6bb aj\u00e1nd\u00e9kkal t\u00e1vozott. Sz\u00edv\u00e9ben mag\u00e1val vitte a cs\u00edksomly\u00f3i Sz\u0171zanya oltalmaz\u00f3 szeretet\u00e9t, a sz\u00e9kelyek vend\u00e9gszeretet\u00e9t, a z\u00f6ld katedr\u00e1lis hangulat\u00e1t s azt az egyedi lelki kisug\u00e1rz\u00e1st, amelyben r\u00e9szes\u00fclt ezen a szent helyen.\u00a0 T\u00f6rt\u00e9nelmi esem\u00e9nynek lehett\u00fcnk tan\u00fai mi, zar\u00e1ndokok.<\/p>\n<p>A sz\u00e9kely \u00e9s magyar himnuszt \u00e9nekelve a k\u00f6nnyek \u00fatat t\u00f6rtek maguknak, h\u00e1latelt sz\u00edvvel \u00e9nekelt\u00fcnk, zengett a cs\u00edksomly\u00f3i nyereg. \u00c9rezt\u00fck, hogy ez megism\u00e9telhetetlen, egyszeri alkalom volt, amelyr\u0151l unok\u00e1inknak is mes\u00e9lni fogunk, hogy val\u00f3ban megt\u00f6rt\u00e9nt. A Szentatya l\u00e9pteit himnuszaink k\u00eds\u00e9rt\u00e9k, m\u00e9lt\u00f3 z\u00e1r\u00e1sak\u00e9nt \u00fcnnep\u00fcnknek.<\/p>\n<p>Ebben az emelkedett lelki \u00e1llapotban, eltelve kegyelemmel \u00e9s sz\u00edv\u00fcnkb\u0151l t\u00falcsordul\u00f3 \u00e9rz\u00e9sekkel j\u00e1rultunk a Sz\u0171zanya sz\u00edne el\u00e9, k\u00f6sz\u00f6netet mondani, let\u00e9ve lelki terheinket, \u00e1ld\u00e1s\u00e1t k\u00e9rve.<\/p>\n<p><em>\u201eJ\u00f3l csak a sz\u00edv\u00e9vel l\u00e1t az ember.\u201d<\/em>\u00a0 &#8211; id\u00e9ztem Antoine de Saint-Exup\u00e9ry-t, s val\u00f3ban \u00edgy van. V\u00e1rakoz\u00e1sokkal telve \u00e9rkezt\u00fcnk, s a szentmise v\u00e9g\u00e9n m\u00e1r-m\u00e1r lehetetlen volt szavakba \u00f6nteni az \u00e9rz\u00e9seket. R\u00e9szesei voltunk a csod\u00e1nak, annak a t\u00f6rt\u00e9nelmi esem\u00e9nynek, amely megism\u00e9telhetetlen. A Szentatya l\u00e1togat\u00e1sa Cs\u00edksomly\u00f3n aj\u00e1nd\u00e9k volt sz\u00e1munkra \u00e9s \u00d6nmaga sz\u00e1m\u00e1ra is. Egy\u00fctt j\u00e1rtunk az \u00faton, egy\u00fctt im\u00e1dkoztunk, \u00e9nekelt\u00fcnk, \u00e9s egy\u00fctt \u00e9lt\u00fck meg a csod\u00e1t!<\/p>\n<p><em>\u201eGy\u0151zelemr\u0151l \u00e9nekeljen<\/em><\/p>\n<p><em>Napkelet \u00e9s napnyugat,<\/em><\/p>\n<p><em>Milli\u00f3 sz\u00edv \u00f6sszecsengjen,<\/em><\/p>\n<p><em>Magasztalja az Urat!<\/em><\/p>\n<p><em>Krisztus \u00fajra f\u00f6ldre sz\u00e1llott,<\/em><\/p>\n<p><em>V\u00e1ndorl\u00e1sunk t\u00e1rsa lett&#8230; \u201d<\/em><\/p>\n<p>Im\u00e1inkat bizalommal helyezt\u00fcnk Sz\u0171zany\u00e1nk kez\u00e9be, s l\u00e9lekben meger\u0151s\u00f6dve t\u00e9rt\u00fcnk haza zar\u00e1ndoklatunkr\u00f3l. Az \u00e9rz\u00e9sek nap mint nap felj\u00f6nnek, felid\u00e9zve az ottani hangulatot, er\u0151t mer\u00edthet\u00fcnk bel\u0151le a mindennapokban.<\/p>\n<p><em>\u201eHazaj\u00f6tt\u00fcnk, meg\u00e1ldott a<\/em><\/p>\n<p><em>Cs\u00edksomly\u00f3i Sz\u0171z M\u00e1ria. \u201d<\/em><\/p>\n<p>&nbsp;<\/p>\n<p><em>Sz\u00e9kely Enik\u0151<\/em><\/p>\n<p><em>Ulm, 2019-07-03.<\/em><\/p>\n","protected":false},"excerpt":{"rendered":"<p>\u201e J\u00f3l csak a sz\u00edv\u00e9vel l\u00e1t az ember.\u201d (Antoine de Saint-Exup\u00e9ry) A cs\u00edkszeredai p\u00e1pal\u00e1togat\u00e1s marg\u00f3j\u00e1ra V\u00e1rakoz\u00e1ssal telve indultunk \u00fatnak Haza, Cs\u00edkszered\u00e1ba, ahol kedves sz\u00fcl\u0151v\u00e1rosom t\u00f6rt\u00e9nelmi esem\u00e9nyre k\u00e9sz\u00fclt. Ferenc p\u00e1pa l\u00e1togat\u00e1s\u00e1nak h\u00edre Cs\u00edksomly\u00f3n h\u00f3napokkal kor\u00e1bban megmozgatta a helyieket \u00e9s ezzel egyid\u0151ben a m\u00e9di\u00e1t is. Olvashattunk mindenf\u00e9le f\u00f3rumon arr\u00f3l, hogy mi\u00e9rt j\u00f3 \u00e9s mi\u00e9rt elit\u00e9lend\u0151 ez az esem\u00e9ny, mit kapnak a sz\u00e9kelyek, \u00e9s mekkora \u00e1ldozattal j\u00e1r ez a l\u00e1togat\u00e1s. A szavak \u00e1radat\u00e1ban neh\u00e9z volt kisz\u0171rni a j\u00f3zan gondolkod\u00e1s\u00fa \u00e9s \u00e9szj\u00e1r\u00e1s\u00fa v\u00e9lem\u00e9nyeket. Aki zar\u00e1ndokk\u00e9nt indul \u00fatnak, kiz\u00e1rja a k\u00fclvil\u00e1got, elcsendesedik \u00e9s mag\u00e1ban keresi a v\u00e1laszokat a felmer\u00fcl\u0151 k\u00e9rd\u00e9sekre. \u00cdgy volt ez vel\u00fcnk is. A nyugati vil\u00e1gban \u00e9lve begy\u0171jt\u00f6tt\u00fcnk minden sz\u00fcks\u00e9ges pap\u00edrt: iskolai enged\u00e9lyt, munkahelyi szabads\u00e1got, s rep\u00fclhett\u00fcnk v\u00e1gyakoz\u00e1ssal telve Marosv\u00e1s\u00e1rhelyre. Cs\u00edkszered\u00e1ba tartva meg\u00e1llap\u00edtottuk, hogy abba az ir\u00e1nyba nagy a forgalom, a szembej\u00f6v\u0151 forgalom viszont igen szer\u00e9ny. Mindenki igyekezett meg\u00e9rkezni cs\u00fct\u00f6rt\u00f6k est\u00e9re, mivel akkor z\u00e1rultak a v\u00e1rosba vezet\u0151 f\u0151bb \u00fatvonalak. Cs\u00edkszereda komolyan vette a feladatot, s b\u00e1r ehhez hasonl\u00f3 esem\u00e9ny m\u00e9g nem ker\u00fclt megrendez\u00e9sre a v\u00e1rosban, ennek ellen\u00e9re szakemberek \u00e9s \u00f6nk\u00e9ntesek seg\u00edts\u00e9g\u00e9vel mindent r\u00e9szletesen megterveztek, s felk\u00e9sz\u00fclve v\u00e1rt\u00e1k mindazokat a vend\u00e9geket, akik az el\u0151zetes r\u00e9mh\u00edrek ellen\u00e9re is vett\u00e9k a f\u00e1radts\u00e1got \u00e9s jelen voltak.\u00a0 Cs\u00fct\u00f6rt\u00f6k\u00f6n \u00e9s p\u00e9nteken nyugalom honolt a v\u00e1rosban. A k\u00e9sz\u00fcl\u0151d\u00e9s, a r\u00e1hangol\u00f3d\u00e1s, a v\u00e1rakoz\u00e1s nyugalma. \u00c9rdekess\u00e9g volt, hogy minden \u00fatkeresztez\u0151d\u00e9sben egy rend\u0151r \u00e1llt, fel\u00fcgyelve azt a rendet, ami mag\u00e1t\u00f3l \u00e9rtet\u0151d\u0151 volt. Szombaton reggel 6:45-kor tal\u00e1lkoztunk csoportunkkal a M\u00e1rton\u00a0 \u00c1ron Gimn\u00e1zium, az egykori Alma Mater-em el\u0151tt. Az id\u0151j\u00e1r\u00e1s el\u0151rejelz\u00e9s es\u0151t mutatott, s nem csal\u00f3dtunk: 7 \u00f3rakor kezdett esni az es\u0151, amely nem k\u00edm\u00e9lte a mindenhonnan \u00e9rkez\u0151 zar\u00e1ndokokat, kitart\u00f3an esett \u00f3r\u00e1kig. Cs\u00edkban nincs b\u00facs\u00fa es\u0151 n\u00e9lk\u00fcl, amely egyid\u0151ben \u00e1ld\u00e1s \u00e9s megtiszt\u00edt\u00f3 hat\u00e1sa is van. Csoportunkkal csatlakoztunk a Cs\u00edksomly\u00f3 fele vezet\u0151 \u00faton a zar\u00e1ndokokhoz, ahol t\u00f6m\u00f6tt sorokban, \u00e9nekelve \u00e9s im\u00e1dkozva zar\u00e1ndokoltunk a Sz\u0171zany\u00e1hoz. Az es\u0151 csak esett, el\u0151ker\u00fcltek az es\u0151kab\u00e1tok, es\u0151erny\u0151k, de a zar\u00e1ndokok nem&#8230; <\/p>\n<p><a class=\"readmore\" href=\"https:\/\/stuttgarti-katolikusok.de\/index.php\/szekely-eniko-a-csikszeredai-papalatogatas-margojara\/\">R\u00e9szletek<\/a><\/p>\n","protected":false},"author":3,"featured_media":17248,"comment_status":"closed","ping_status":"closed","sticky":false,"template":"","format":"standard","meta":{"footnotes":""},"categories":[28],"tags":[],"class_list":["post-17247","post","type-post","status-publish","format-standard","has-post-thumbnail","hentry","category-olvasoink-irjak"],"yoast_head":"<!-- This site is optimized with the Yoast SEO plugin v27.3 - https:\/\/yoast.com\/product\/yoast-seo-wordpress\/ -->\n<title>Sz\u00e9kely Enik\u0151: A cs\u00edkszeredai p\u00e1pal\u00e1togat\u00e1s marg\u00f3j\u00e1ra - Stuttgarti Katolikusok<\/title>\n<meta name=\"robots\" content=\"index, follow, max-snippet:-1, max-image-preview:large, max-video-preview:-1\" \/>\n<link rel=\"canonical\" href=\"https:\/\/stuttgarti-katolikusok.de\/index.php\/szekely-eniko-a-csikszeredai-papalatogatas-margojara\/\" \/>\n<meta property=\"og:locale\" content=\"hu_HU\" \/>\n<meta property=\"og:type\" content=\"article\" \/>\n<meta property=\"og:title\" content=\"Sz\u00e9kely Enik\u0151: A cs\u00edkszeredai p\u00e1pal\u00e1togat\u00e1s marg\u00f3j\u00e1ra - Stuttgarti Katolikusok\" \/>\n<meta property=\"og:description\" content=\"\u201e J\u00f3l csak a sz\u00edv\u00e9vel l\u00e1t az ember.\u201d (Antoine de Saint-Exup\u00e9ry) A cs\u00edkszeredai p\u00e1pal\u00e1togat\u00e1s marg\u00f3j\u00e1ra V\u00e1rakoz\u00e1ssal telve indultunk \u00fatnak Haza, Cs\u00edkszered\u00e1ba, ahol kedves sz\u00fcl\u0151v\u00e1rosom t\u00f6rt\u00e9nelmi esem\u00e9nyre k\u00e9sz\u00fclt. Ferenc p\u00e1pa l\u00e1togat\u00e1s\u00e1nak h\u00edre Cs\u00edksomly\u00f3n h\u00f3napokkal kor\u00e1bban megmozgatta a helyieket \u00e9s ezzel egyid\u0151ben a m\u00e9di\u00e1t is. Olvashattunk mindenf\u00e9le f\u00f3rumon arr\u00f3l, hogy mi\u00e9rt j\u00f3 \u00e9s mi\u00e9rt elit\u00e9lend\u0151 ez az esem\u00e9ny, mit kapnak a sz\u00e9kelyek, \u00e9s mekkora \u00e1ldozattal j\u00e1r ez a l\u00e1togat\u00e1s. A szavak \u00e1radat\u00e1ban neh\u00e9z volt kisz\u0171rni a j\u00f3zan gondolkod\u00e1s\u00fa \u00e9s \u00e9szj\u00e1r\u00e1s\u00fa v\u00e9lem\u00e9nyeket. Aki zar\u00e1ndokk\u00e9nt indul \u00fatnak, kiz\u00e1rja a k\u00fclvil\u00e1got, elcsendesedik \u00e9s mag\u00e1ban keresi a v\u00e1laszokat a felmer\u00fcl\u0151 k\u00e9rd\u00e9sekre. \u00cdgy volt ez vel\u00fcnk is. A nyugati vil\u00e1gban \u00e9lve begy\u0171jt\u00f6tt\u00fcnk minden sz\u00fcks\u00e9ges pap\u00edrt: iskolai enged\u00e9lyt, munkahelyi szabads\u00e1got, s rep\u00fclhett\u00fcnk v\u00e1gyakoz\u00e1ssal telve Marosv\u00e1s\u00e1rhelyre. Cs\u00edkszered\u00e1ba tartva meg\u00e1llap\u00edtottuk, hogy abba az ir\u00e1nyba nagy a forgalom, a szembej\u00f6v\u0151 forgalom viszont igen szer\u00e9ny. Mindenki igyekezett meg\u00e9rkezni cs\u00fct\u00f6rt\u00f6k est\u00e9re, mivel akkor z\u00e1rultak a v\u00e1rosba vezet\u0151 f\u0151bb \u00fatvonalak. Cs\u00edkszereda komolyan vette a feladatot, s b\u00e1r ehhez hasonl\u00f3 esem\u00e9ny m\u00e9g nem ker\u00fclt megrendez\u00e9sre a v\u00e1rosban, ennek ellen\u00e9re szakemberek \u00e9s \u00f6nk\u00e9ntesek seg\u00edts\u00e9g\u00e9vel mindent r\u00e9szletesen megterveztek, s felk\u00e9sz\u00fclve v\u00e1rt\u00e1k mindazokat a vend\u00e9geket, akik az el\u0151zetes r\u00e9mh\u00edrek ellen\u00e9re is vett\u00e9k a f\u00e1radts\u00e1got \u00e9s jelen voltak.\u00a0 Cs\u00fct\u00f6rt\u00f6k\u00f6n \u00e9s p\u00e9nteken nyugalom honolt a v\u00e1rosban. A k\u00e9sz\u00fcl\u0151d\u00e9s, a r\u00e1hangol\u00f3d\u00e1s, a v\u00e1rakoz\u00e1s nyugalma. \u00c9rdekess\u00e9g volt, hogy minden \u00fatkeresztez\u0151d\u00e9sben egy rend\u0151r \u00e1llt, fel\u00fcgyelve azt a rendet, ami mag\u00e1t\u00f3l \u00e9rtet\u0151d\u0151 volt. Szombaton reggel 6:45-kor tal\u00e1lkoztunk csoportunkkal a M\u00e1rton\u00a0 \u00c1ron Gimn\u00e1zium, az egykori Alma Mater-em el\u0151tt. Az id\u0151j\u00e1r\u00e1s el\u0151rejelz\u00e9s es\u0151t mutatott, s nem csal\u00f3dtunk: 7 \u00f3rakor kezdett esni az es\u0151, amely nem k\u00edm\u00e9lte a mindenhonnan \u00e9rkez\u0151 zar\u00e1ndokokat, kitart\u00f3an esett \u00f3r\u00e1kig. Cs\u00edkban nincs b\u00facs\u00fa es\u0151 n\u00e9lk\u00fcl, amely egyid\u0151ben \u00e1ld\u00e1s \u00e9s megtiszt\u00edt\u00f3 hat\u00e1sa is van. Csoportunkkal csatlakoztunk a Cs\u00edksomly\u00f3 fele vezet\u0151 \u00faton a zar\u00e1ndokokhoz, ahol t\u00f6m\u00f6tt sorokban, \u00e9nekelve \u00e9s im\u00e1dkozva zar\u00e1ndokoltunk a Sz\u0171zany\u00e1hoz. Az es\u0151 csak esett, el\u0151ker\u00fcltek az es\u0151kab\u00e1tok, es\u0151erny\u0151k, de a zar\u00e1ndokok nem... R\u00e9szletek\" \/>\n<meta property=\"og:url\" content=\"https:\/\/stuttgarti-katolikusok.de\/index.php\/szekely-eniko-a-csikszeredai-papalatogatas-margojara\/\" \/>\n<meta property=\"og:site_name\" content=\"Stuttgarti Katolikusok\" \/>\n<meta property=\"article:published_time\" content=\"2019-07-03T17:25:37+00:00\" \/>\n<meta property=\"article:modified_time\" content=\"2019-07-05T21:08:56+00:00\" \/>\n<meta property=\"og:image\" content=\"https:\/\/stuttgarti-katolikusok.de\/wp-content\/uploads\/2019\/07\/papa.jpg\" \/>\n\t<meta property=\"og:image:width\" content=\"1308\" \/>\n\t<meta property=\"og:image:height\" content=\"872\" \/>\n\t<meta property=\"og:image:type\" content=\"image\/jpeg\" \/>\n<meta name=\"author\" content=\"Tibor atya\" \/>\n<meta name=\"twitter:card\" content=\"summary_large_image\" \/>\n<meta name=\"twitter:label1\" content=\"Szerz\u0151:\" \/>\n\t<meta name=\"twitter:data1\" content=\"Tibor atya\" \/>\n\t<meta name=\"twitter:label2\" content=\"Becs\u00fclt olvas\u00e1si id\u0151\" \/>\n\t<meta name=\"twitter:data2\" content=\"10 perc\" \/>\n<script type=\"application\/ld+json\" class=\"yoast-schema-graph\">{\"@context\":\"https:\\\/\\\/schema.org\",\"@graph\":[{\"@type\":\"Article\",\"@id\":\"https:\\\/\\\/stuttgarti-katolikusok.de\\\/index.php\\\/szekely-eniko-a-csikszeredai-papalatogatas-margojara\\\/#article\",\"isPartOf\":{\"@id\":\"https:\\\/\\\/stuttgarti-katolikusok.de\\\/index.php\\\/szekely-eniko-a-csikszeredai-papalatogatas-margojara\\\/\"},\"author\":{\"name\":\"Tibor atya\",\"@id\":\"https:\\\/\\\/stuttgarti-katolikusok.de\\\/#\\\/schema\\\/person\\\/75908d6f8fdc03a57889d27209df7795\"},\"headline\":\"Sz\u00e9kely Enik\u0151: A cs\u00edkszeredai p\u00e1pal\u00e1togat\u00e1s marg\u00f3j\u00e1ra\",\"datePublished\":\"2019-07-03T17:25:37+00:00\",\"dateModified\":\"2019-07-05T21:08:56+00:00\",\"mainEntityOfPage\":{\"@id\":\"https:\\\/\\\/stuttgarti-katolikusok.de\\\/index.php\\\/szekely-eniko-a-csikszeredai-papalatogatas-margojara\\\/\"},\"wordCount\":1950,\"image\":{\"@id\":\"https:\\\/\\\/stuttgarti-katolikusok.de\\\/index.php\\\/szekely-eniko-a-csikszeredai-papalatogatas-margojara\\\/#primaryimage\"},\"thumbnailUrl\":\"https:\\\/\\\/stuttgarti-katolikusok.de\\\/wp-content\\\/uploads\\\/2019\\\/07\\\/papa.jpg\",\"articleSection\":[\"Olvas\u00f3ink \u00edrj\u00e1k\"],\"inLanguage\":\"hu\"},{\"@type\":\"WebPage\",\"@id\":\"https:\\\/\\\/stuttgarti-katolikusok.de\\\/index.php\\\/szekely-eniko-a-csikszeredai-papalatogatas-margojara\\\/\",\"url\":\"https:\\\/\\\/stuttgarti-katolikusok.de\\\/index.php\\\/szekely-eniko-a-csikszeredai-papalatogatas-margojara\\\/\",\"name\":\"Sz\u00e9kely Enik\u0151: A cs\u00edkszeredai p\u00e1pal\u00e1togat\u00e1s marg\u00f3j\u00e1ra - Stuttgarti Katolikusok\",\"isPartOf\":{\"@id\":\"https:\\\/\\\/stuttgarti-katolikusok.de\\\/#website\"},\"primaryImageOfPage\":{\"@id\":\"https:\\\/\\\/stuttgarti-katolikusok.de\\\/index.php\\\/szekely-eniko-a-csikszeredai-papalatogatas-margojara\\\/#primaryimage\"},\"image\":{\"@id\":\"https:\\\/\\\/stuttgarti-katolikusok.de\\\/index.php\\\/szekely-eniko-a-csikszeredai-papalatogatas-margojara\\\/#primaryimage\"},\"thumbnailUrl\":\"https:\\\/\\\/stuttgarti-katolikusok.de\\\/wp-content\\\/uploads\\\/2019\\\/07\\\/papa.jpg\",\"datePublished\":\"2019-07-03T17:25:37+00:00\",\"dateModified\":\"2019-07-05T21:08:56+00:00\",\"author\":{\"@id\":\"https:\\\/\\\/stuttgarti-katolikusok.de\\\/#\\\/schema\\\/person\\\/75908d6f8fdc03a57889d27209df7795\"},\"breadcrumb\":{\"@id\":\"https:\\\/\\\/stuttgarti-katolikusok.de\\\/index.php\\\/szekely-eniko-a-csikszeredai-papalatogatas-margojara\\\/#breadcrumb\"},\"inLanguage\":\"hu\",\"potentialAction\":[{\"@type\":\"ReadAction\",\"target\":[\"https:\\\/\\\/stuttgarti-katolikusok.de\\\/index.php\\\/szekely-eniko-a-csikszeredai-papalatogatas-margojara\\\/\"]}]},{\"@type\":\"ImageObject\",\"inLanguage\":\"hu\",\"@id\":\"https:\\\/\\\/stuttgarti-katolikusok.de\\\/index.php\\\/szekely-eniko-a-csikszeredai-papalatogatas-margojara\\\/#primaryimage\",\"url\":\"https:\\\/\\\/stuttgarti-katolikusok.de\\\/wp-content\\\/uploads\\\/2019\\\/07\\\/papa.jpg\",\"contentUrl\":\"https:\\\/\\\/stuttgarti-katolikusok.de\\\/wp-content\\\/uploads\\\/2019\\\/07\\\/papa.jpg\",\"width\":1308,\"height\":872},{\"@type\":\"BreadcrumbList\",\"@id\":\"https:\\\/\\\/stuttgarti-katolikusok.de\\\/index.php\\\/szekely-eniko-a-csikszeredai-papalatogatas-margojara\\\/#breadcrumb\",\"itemListElement\":[{\"@type\":\"ListItem\",\"position\":1,\"name\":\"Kezd\u0151lap\",\"item\":\"https:\\\/\\\/stuttgarti-katolikusok.de\\\/\"},{\"@type\":\"ListItem\",\"position\":2,\"name\":\"Sz\u00e9kely Enik\u0151: A cs\u00edkszeredai p\u00e1pal\u00e1togat\u00e1s marg\u00f3j\u00e1ra\"}]},{\"@type\":\"WebSite\",\"@id\":\"https:\\\/\\\/stuttgarti-katolikusok.de\\\/#website\",\"url\":\"https:\\\/\\\/stuttgarti-katolikusok.de\\\/\",\"name\":\"Stuttgarti Katolikusok\",\"description\":\"\",\"potentialAction\":[{\"@type\":\"SearchAction\",\"target\":{\"@type\":\"EntryPoint\",\"urlTemplate\":\"https:\\\/\\\/stuttgarti-katolikusok.de\\\/?s={search_term_string}\"},\"query-input\":{\"@type\":\"PropertyValueSpecification\",\"valueRequired\":true,\"valueName\":\"search_term_string\"}}],\"inLanguage\":\"hu\"},{\"@type\":\"Person\",\"@id\":\"https:\\\/\\\/stuttgarti-katolikusok.de\\\/#\\\/schema\\\/person\\\/75908d6f8fdc03a57889d27209df7795\",\"name\":\"Tibor atya\",\"image\":{\"@type\":\"ImageObject\",\"inLanguage\":\"hu\",\"@id\":\"https:\\\/\\\/secure.gravatar.com\\\/avatar\\\/61d268e57d1f4525b111222e29d2d5a7f8c420fdbf231ba5566a8ceac74fa960?s=96&d=mm&r=g\",\"url\":\"https:\\\/\\\/secure.gravatar.com\\\/avatar\\\/61d268e57d1f4525b111222e29d2d5a7f8c420fdbf231ba5566a8ceac74fa960?s=96&d=mm&r=g\",\"contentUrl\":\"https:\\\/\\\/secure.gravatar.com\\\/avatar\\\/61d268e57d1f4525b111222e29d2d5a7f8c420fdbf231ba5566a8ceac74fa960?s=96&d=mm&r=g\",\"caption\":\"Tibor atya\"},\"url\":\"https:\\\/\\\/stuttgarti-katolikusok.de\\\/index.php\\\/author\\\/tibor-atya\\\/\"}]}<\/script>\n<!-- \/ Yoast SEO plugin. -->","yoast_head_json":{"title":"Sz\u00e9kely Enik\u0151: A cs\u00edkszeredai p\u00e1pal\u00e1togat\u00e1s marg\u00f3j\u00e1ra - Stuttgarti Katolikusok","robots":{"index":"index","follow":"follow","max-snippet":"max-snippet:-1","max-image-preview":"max-image-preview:large","max-video-preview":"max-video-preview:-1"},"canonical":"https:\/\/stuttgarti-katolikusok.de\/index.php\/szekely-eniko-a-csikszeredai-papalatogatas-margojara\/","og_locale":"hu_HU","og_type":"article","og_title":"Sz\u00e9kely Enik\u0151: A cs\u00edkszeredai p\u00e1pal\u00e1togat\u00e1s marg\u00f3j\u00e1ra - Stuttgarti Katolikusok","og_description":"\u201e J\u00f3l csak a sz\u00edv\u00e9vel l\u00e1t az ember.\u201d (Antoine de Saint-Exup\u00e9ry) A cs\u00edkszeredai p\u00e1pal\u00e1togat\u00e1s marg\u00f3j\u00e1ra V\u00e1rakoz\u00e1ssal telve indultunk \u00fatnak Haza, Cs\u00edkszered\u00e1ba, ahol kedves sz\u00fcl\u0151v\u00e1rosom t\u00f6rt\u00e9nelmi esem\u00e9nyre k\u00e9sz\u00fclt. Ferenc p\u00e1pa l\u00e1togat\u00e1s\u00e1nak h\u00edre Cs\u00edksomly\u00f3n h\u00f3napokkal kor\u00e1bban megmozgatta a helyieket \u00e9s ezzel egyid\u0151ben a m\u00e9di\u00e1t is. Olvashattunk mindenf\u00e9le f\u00f3rumon arr\u00f3l, hogy mi\u00e9rt j\u00f3 \u00e9s mi\u00e9rt elit\u00e9lend\u0151 ez az esem\u00e9ny, mit kapnak a sz\u00e9kelyek, \u00e9s mekkora \u00e1ldozattal j\u00e1r ez a l\u00e1togat\u00e1s. A szavak \u00e1radat\u00e1ban neh\u00e9z volt kisz\u0171rni a j\u00f3zan gondolkod\u00e1s\u00fa \u00e9s \u00e9szj\u00e1r\u00e1s\u00fa v\u00e9lem\u00e9nyeket. Aki zar\u00e1ndokk\u00e9nt indul \u00fatnak, kiz\u00e1rja a k\u00fclvil\u00e1got, elcsendesedik \u00e9s mag\u00e1ban keresi a v\u00e1laszokat a felmer\u00fcl\u0151 k\u00e9rd\u00e9sekre. \u00cdgy volt ez vel\u00fcnk is. A nyugati vil\u00e1gban \u00e9lve begy\u0171jt\u00f6tt\u00fcnk minden sz\u00fcks\u00e9ges pap\u00edrt: iskolai enged\u00e9lyt, munkahelyi szabads\u00e1got, s rep\u00fclhett\u00fcnk v\u00e1gyakoz\u00e1ssal telve Marosv\u00e1s\u00e1rhelyre. Cs\u00edkszered\u00e1ba tartva meg\u00e1llap\u00edtottuk, hogy abba az ir\u00e1nyba nagy a forgalom, a szembej\u00f6v\u0151 forgalom viszont igen szer\u00e9ny. Mindenki igyekezett meg\u00e9rkezni cs\u00fct\u00f6rt\u00f6k est\u00e9re, mivel akkor z\u00e1rultak a v\u00e1rosba vezet\u0151 f\u0151bb \u00fatvonalak. Cs\u00edkszereda komolyan vette a feladatot, s b\u00e1r ehhez hasonl\u00f3 esem\u00e9ny m\u00e9g nem ker\u00fclt megrendez\u00e9sre a v\u00e1rosban, ennek ellen\u00e9re szakemberek \u00e9s \u00f6nk\u00e9ntesek seg\u00edts\u00e9g\u00e9vel mindent r\u00e9szletesen megterveztek, s felk\u00e9sz\u00fclve v\u00e1rt\u00e1k mindazokat a vend\u00e9geket, akik az el\u0151zetes r\u00e9mh\u00edrek ellen\u00e9re is vett\u00e9k a f\u00e1radts\u00e1got \u00e9s jelen voltak.\u00a0 Cs\u00fct\u00f6rt\u00f6k\u00f6n \u00e9s p\u00e9nteken nyugalom honolt a v\u00e1rosban. A k\u00e9sz\u00fcl\u0151d\u00e9s, a r\u00e1hangol\u00f3d\u00e1s, a v\u00e1rakoz\u00e1s nyugalma. \u00c9rdekess\u00e9g volt, hogy minden \u00fatkeresztez\u0151d\u00e9sben egy rend\u0151r \u00e1llt, fel\u00fcgyelve azt a rendet, ami mag\u00e1t\u00f3l \u00e9rtet\u0151d\u0151 volt. Szombaton reggel 6:45-kor tal\u00e1lkoztunk csoportunkkal a M\u00e1rton\u00a0 \u00c1ron Gimn\u00e1zium, az egykori Alma Mater-em el\u0151tt. Az id\u0151j\u00e1r\u00e1s el\u0151rejelz\u00e9s es\u0151t mutatott, s nem csal\u00f3dtunk: 7 \u00f3rakor kezdett esni az es\u0151, amely nem k\u00edm\u00e9lte a mindenhonnan \u00e9rkez\u0151 zar\u00e1ndokokat, kitart\u00f3an esett \u00f3r\u00e1kig. Cs\u00edkban nincs b\u00facs\u00fa es\u0151 n\u00e9lk\u00fcl, amely egyid\u0151ben \u00e1ld\u00e1s \u00e9s megtiszt\u00edt\u00f3 hat\u00e1sa is van. Csoportunkkal csatlakoztunk a Cs\u00edksomly\u00f3 fele vezet\u0151 \u00faton a zar\u00e1ndokokhoz, ahol t\u00f6m\u00f6tt sorokban, \u00e9nekelve \u00e9s im\u00e1dkozva zar\u00e1ndokoltunk a Sz\u0171zany\u00e1hoz. Az es\u0151 csak esett, el\u0151ker\u00fcltek az es\u0151kab\u00e1tok, es\u0151erny\u0151k, de a zar\u00e1ndokok nem... R\u00e9szletek","og_url":"https:\/\/stuttgarti-katolikusok.de\/index.php\/szekely-eniko-a-csikszeredai-papalatogatas-margojara\/","og_site_name":"Stuttgarti Katolikusok","article_published_time":"2019-07-03T17:25:37+00:00","article_modified_time":"2019-07-05T21:08:56+00:00","og_image":[{"width":1308,"height":872,"url":"https:\/\/stuttgarti-katolikusok.de\/wp-content\/uploads\/2019\/07\/papa.jpg","type":"image\/jpeg"}],"author":"Tibor atya","twitter_card":"summary_large_image","twitter_misc":{"Szerz\u0151:":"Tibor atya","Becs\u00fclt olvas\u00e1si id\u0151":"10 perc"},"schema":{"@context":"https:\/\/schema.org","@graph":[{"@type":"Article","@id":"https:\/\/stuttgarti-katolikusok.de\/index.php\/szekely-eniko-a-csikszeredai-papalatogatas-margojara\/#article","isPartOf":{"@id":"https:\/\/stuttgarti-katolikusok.de\/index.php\/szekely-eniko-a-csikszeredai-papalatogatas-margojara\/"},"author":{"name":"Tibor atya","@id":"https:\/\/stuttgarti-katolikusok.de\/#\/schema\/person\/75908d6f8fdc03a57889d27209df7795"},"headline":"Sz\u00e9kely Enik\u0151: A cs\u00edkszeredai p\u00e1pal\u00e1togat\u00e1s marg\u00f3j\u00e1ra","datePublished":"2019-07-03T17:25:37+00:00","dateModified":"2019-07-05T21:08:56+00:00","mainEntityOfPage":{"@id":"https:\/\/stuttgarti-katolikusok.de\/index.php\/szekely-eniko-a-csikszeredai-papalatogatas-margojara\/"},"wordCount":1950,"image":{"@id":"https:\/\/stuttgarti-katolikusok.de\/index.php\/szekely-eniko-a-csikszeredai-papalatogatas-margojara\/#primaryimage"},"thumbnailUrl":"https:\/\/stuttgarti-katolikusok.de\/wp-content\/uploads\/2019\/07\/papa.jpg","articleSection":["Olvas\u00f3ink \u00edrj\u00e1k"],"inLanguage":"hu"},{"@type":"WebPage","@id":"https:\/\/stuttgarti-katolikusok.de\/index.php\/szekely-eniko-a-csikszeredai-papalatogatas-margojara\/","url":"https:\/\/stuttgarti-katolikusok.de\/index.php\/szekely-eniko-a-csikszeredai-papalatogatas-margojara\/","name":"Sz\u00e9kely Enik\u0151: A cs\u00edkszeredai p\u00e1pal\u00e1togat\u00e1s marg\u00f3j\u00e1ra - Stuttgarti Katolikusok","isPartOf":{"@id":"https:\/\/stuttgarti-katolikusok.de\/#website"},"primaryImageOfPage":{"@id":"https:\/\/stuttgarti-katolikusok.de\/index.php\/szekely-eniko-a-csikszeredai-papalatogatas-margojara\/#primaryimage"},"image":{"@id":"https:\/\/stuttgarti-katolikusok.de\/index.php\/szekely-eniko-a-csikszeredai-papalatogatas-margojara\/#primaryimage"},"thumbnailUrl":"https:\/\/stuttgarti-katolikusok.de\/wp-content\/uploads\/2019\/07\/papa.jpg","datePublished":"2019-07-03T17:25:37+00:00","dateModified":"2019-07-05T21:08:56+00:00","author":{"@id":"https:\/\/stuttgarti-katolikusok.de\/#\/schema\/person\/75908d6f8fdc03a57889d27209df7795"},"breadcrumb":{"@id":"https:\/\/stuttgarti-katolikusok.de\/index.php\/szekely-eniko-a-csikszeredai-papalatogatas-margojara\/#breadcrumb"},"inLanguage":"hu","potentialAction":[{"@type":"ReadAction","target":["https:\/\/stuttgarti-katolikusok.de\/index.php\/szekely-eniko-a-csikszeredai-papalatogatas-margojara\/"]}]},{"@type":"ImageObject","inLanguage":"hu","@id":"https:\/\/stuttgarti-katolikusok.de\/index.php\/szekely-eniko-a-csikszeredai-papalatogatas-margojara\/#primaryimage","url":"https:\/\/stuttgarti-katolikusok.de\/wp-content\/uploads\/2019\/07\/papa.jpg","contentUrl":"https:\/\/stuttgarti-katolikusok.de\/wp-content\/uploads\/2019\/07\/papa.jpg","width":1308,"height":872},{"@type":"BreadcrumbList","@id":"https:\/\/stuttgarti-katolikusok.de\/index.php\/szekely-eniko-a-csikszeredai-papalatogatas-margojara\/#breadcrumb","itemListElement":[{"@type":"ListItem","position":1,"name":"Kezd\u0151lap","item":"https:\/\/stuttgarti-katolikusok.de\/"},{"@type":"ListItem","position":2,"name":"Sz\u00e9kely Enik\u0151: A cs\u00edkszeredai p\u00e1pal\u00e1togat\u00e1s marg\u00f3j\u00e1ra"}]},{"@type":"WebSite","@id":"https:\/\/stuttgarti-katolikusok.de\/#website","url":"https:\/\/stuttgarti-katolikusok.de\/","name":"Stuttgarti Katolikusok","description":"","potentialAction":[{"@type":"SearchAction","target":{"@type":"EntryPoint","urlTemplate":"https:\/\/stuttgarti-katolikusok.de\/?s={search_term_string}"},"query-input":{"@type":"PropertyValueSpecification","valueRequired":true,"valueName":"search_term_string"}}],"inLanguage":"hu"},{"@type":"Person","@id":"https:\/\/stuttgarti-katolikusok.de\/#\/schema\/person\/75908d6f8fdc03a57889d27209df7795","name":"Tibor atya","image":{"@type":"ImageObject","inLanguage":"hu","@id":"https:\/\/secure.gravatar.com\/avatar\/61d268e57d1f4525b111222e29d2d5a7f8c420fdbf231ba5566a8ceac74fa960?s=96&d=mm&r=g","url":"https:\/\/secure.gravatar.com\/avatar\/61d268e57d1f4525b111222e29d2d5a7f8c420fdbf231ba5566a8ceac74fa960?s=96&d=mm&r=g","contentUrl":"https:\/\/secure.gravatar.com\/avatar\/61d268e57d1f4525b111222e29d2d5a7f8c420fdbf231ba5566a8ceac74fa960?s=96&d=mm&r=g","caption":"Tibor atya"},"url":"https:\/\/stuttgarti-katolikusok.de\/index.php\/author\/tibor-atya\/"}]}},"_links":{"self":[{"href":"https:\/\/stuttgarti-katolikusok.de\/index.php\/wp-json\/wp\/v2\/posts\/17247","targetHints":{"allow":["GET"]}}],"collection":[{"href":"https:\/\/stuttgarti-katolikusok.de\/index.php\/wp-json\/wp\/v2\/posts"}],"about":[{"href":"https:\/\/stuttgarti-katolikusok.de\/index.php\/wp-json\/wp\/v2\/types\/post"}],"author":[{"embeddable":true,"href":"https:\/\/stuttgarti-katolikusok.de\/index.php\/wp-json\/wp\/v2\/users\/3"}],"replies":[{"embeddable":true,"href":"https:\/\/stuttgarti-katolikusok.de\/index.php\/wp-json\/wp\/v2\/comments?post=17247"}],"version-history":[{"count":2,"href":"https:\/\/stuttgarti-katolikusok.de\/index.php\/wp-json\/wp\/v2\/posts\/17247\/revisions"}],"predecessor-version":[{"id":17251,"href":"https:\/\/stuttgarti-katolikusok.de\/index.php\/wp-json\/wp\/v2\/posts\/17247\/revisions\/17251"}],"wp:featuredmedia":[{"embeddable":true,"href":"https:\/\/stuttgarti-katolikusok.de\/index.php\/wp-json\/wp\/v2\/media\/17248"}],"wp:attachment":[{"href":"https:\/\/stuttgarti-katolikusok.de\/index.php\/wp-json\/wp\/v2\/media?parent=17247"}],"wp:term":[{"taxonomy":"category","embeddable":true,"href":"https:\/\/stuttgarti-katolikusok.de\/index.php\/wp-json\/wp\/v2\/categories?post=17247"},{"taxonomy":"post_tag","embeddable":true,"href":"https:\/\/stuttgarti-katolikusok.de\/index.php\/wp-json\/wp\/v2\/tags?post=17247"}],"curies":[{"name":"wp","href":"https:\/\/api.w.org\/{rel}","templated":true}]}}