{"id":17238,"date":"2019-06-28T16:03:27","date_gmt":"2019-06-28T16:03:27","guid":{"rendered":"https:\/\/gracious-dewdney.138-201-221-2.plesk.page\/?p=17238"},"modified":"2019-06-28T16:03:42","modified_gmt":"2019-06-28T16:03:42","slug":"evkozi-ido-2","status":"publish","type":"post","link":"https:\/\/stuttgarti-katolikusok.de\/index.php\/evkozi-ido-2\/","title":{"rendered":"\u00c9vk\u00f6zi id\u0151"},"content":{"rendered":"<h1>\u00c9VK\u00d6ZI ID\u0150<\/h1>\n<p>A h\u00fasv\u00e9t \u00fcnnep\u00e9nek tavaszi id\u0151pontj\u00e1t a zsid\u00f3 napt\u00e1rb\u00f3l \u00f6r\u00f6k\u00f6lt\u00fck, m\u00edg a kar\u00e1csony\u00e9 a t\u00e9li napfordul\u00f3hoz, valamint az ahhoz kapcsol\u00f3d\u00f3 pog\u00e1ny szok\u00e1sokhoz k\u00f6thet\u0151. A h\u00fasv\u00e9tot \u00e9s a kar\u00e1csonyt \u00f6vez\u0151 id\u0151szakok, \u00fcnnepek \u2013 nagyb\u00f6jt, h\u00fasv\u00e9ti id\u0151, mennybemenetel, p\u00fcnk\u00f6sd, valamint advent, kar\u00e1csonyi id\u0151, v\u00edzkereszt \u2013 fokozatosan alakultak ki, l\u00e9trehozva \u00edgy a majd sz\u00e1znapos h\u00fasv\u00e9ti \u00e9s a k\u00f6zel m\u00e1sf\u00e9l h\u00f3napon \u00e1t tart\u00f3 kar\u00e1csonyi \u00fcnnepk\u00f6rt. Az \u00e9v j\u00f3 r\u00e9sze, majdnem a fele \u00edgy e k\u00e9t nagy \u00fcnnep vonz\u00e1s\u00e1ban telik: a liturgia sz\u00f6vegei, az olvasott szent\u00edr\u00e1si szakaszok, a haszn\u00e1lt szimb\u00f3lumok, sz\u00ednek az adott id\u0151szak titk\u00e1t, l\u00fcktet\u00e9s\u00e9t k\u00f6vetik, fejezik ki.<\/p>\n<p>De mi t\u00f6rt\u00e9nik a k\u00f6ztes id\u0151kben?<\/p>\n<p>Egy naiv sv\u00e9d dalocska, amelyet n\u00e9pszer\u0171 kar\u00e1csonyi album\u00e1ban meg is zen\u00e9s\u00edtett a Kal\u00e1ka egy\u00fcttes, folyton \u00fcnnepelni v\u00e1gy\u00f3 gyermeki \u00e9n\u00fcnket hangos\u00edtja ki:<\/p>\n<p><em>Itt a kar\u00e1csony m\u00e1r,<\/em><br \/>\n<em>\u00e9s itt a kar\u00e1csony m\u00e1r,<\/em><br \/>\n<em>\u00e9s h\u00fasv\u00e9tig tart a kar\u00e1csony!<\/em><br \/>\n<em>Itt van a h\u00fasv\u00e9t m\u00e1r,<\/em><br \/>\n<em>\u00e9s itt van a h\u00fasv\u00e9t m\u00e1r,<\/em><br \/>\n<em>\u00e9s kar\u00e1csonyig tart a h\u00fasv\u00e9t!<\/em><\/p>\n<p>Pontosan tudjuk, \u00e9rezz\u00fck, hogy ha soha nem szedn\u00e9nk le a kar\u00e1csonyf\u00e1nkat, bizony megfakulna az \u00fcnnep var\u00e1zsa. Sz\u00fcks\u00e9g van a h\u00e9tk\u00f6znapokra, amelyek el\u00e9 nem felt\u00e9tlen\u00fcl kellene odabiggyeszten\u00fcnk a sz\u00fcrke jelz\u0151t, mintha csak az \u00e9let rendes menete nem tartogathatna sz\u00e1munkra semmi meglepet\u00e9st, csod\u00e1t.<\/p>\n<p>Urunk megkeresztelked\u00e9s\u00e9nek \u00fcnnepe ut\u00e1n a liturgia foly\u00f3ja visszat\u00e9r az \u00e9vk\u00f6zi id\u0151 nyugodt medr\u00e9be, \u00e9s m\u00e1rciusig, hamvaz\u00f3szerd\u00e1ig ebben h\u00f6mp\u00f6ly\u00f6g tov\u00e1bb. Az \u00e9vk\u00f6zi id\u0151 m\u00e1sik nagy szakasza p\u00fcnk\u00f6sdt\u0151l advent els\u0151 vas\u00e1rnapj\u00e1ig tart. Fontos tudnunk, hogy a liturgikus id\u0151sz\u00e1m\u00edt\u00e1s leg\u0151sibb alapritmusa az \u00e9vk\u00f6zi id\u0151\u00e9.<\/p>\n<p>Az apostoli kor kereszt\u00e9nyei \u2013 ha szabad ezt mondani \u2013 vas\u00e1rnapr\u00f3l vas\u00e1rnapra \u00e9ltek. A h\u00e9t els\u0151 napja az \u00dar napja \u2013 \u00edgy nevezt\u00e9k, amikor a megkereszteltek egybegy\u0171ltek, hogy meg\u00fcnnepelj\u00e9k Uruk, Krisztus felt\u00e1mad\u00e1s\u00e1t: meghallgass\u00e1k a r\u00f3la sz\u00f3l\u00f3 igehirdet\u00e9st, \u00e9s megt\u00f6rj\u00e9k a kenyeret (pl. ApCsel 20,7kk). Innen nevezt\u00e9k \u0151ket egyh\u00e1znak, az \u00f6sszegy\u0171jt\u00f6ttek pr\u00f3f\u00e9tai n\u00e9p\u00e9nek (l\u00e1sd a g\u00f6r\u00f6g\u00a0<em>ekkl\u00e9szia<\/em>, \u201eegyh\u00e1z\u201d sz\u00f3 eredeti jelent\u00e9s\u00e9t).<\/p>\n<p>Amikor az \u00e9vk\u00f6zi id\u0151ben vagyunk, nem m\u00e1sodrend\u0171 id\u0151szakot \u00e9l\u00fcnk. Fontoss\u00e1g\u00e1ban ez nem marad el a kiemelt liturgikus id\u0151kt\u0151l, csak \u00e9ppen Krisztus titk\u00e1nak \u00fcnnepl\u00e9se kap m\u00e1s sz\u00ednezetet. A k\u00fcl\u00f6nb\u00f6z\u0151 liturgikus sz\u00ednek a k\u00f6z\u00e9pkorban jelentek meg, \u00e9s fokozatosan alakult ki a haszn\u00e1latukkal kapcsolatos mai gyakorlat. A sz\u00ednek c\u00e9lja, hogy kifejezz\u00e9k az \u00fcnnepelt hittitkot \u00e9s a kereszt\u00e9ny \u00e9let \u00fatj\u00e1nak soksz\u00edn\u0171s\u00e9g\u00e9t a liturgikus esztend\u0151 sor\u00e1n, amely a gy\u00e1szt\u00f3l (fekete), a b\u0171nb\u00e1natt\u00f3l \u00e9s a magunkba m\u00e9lyed\u00e9st\u0151l (lila), a tan\u00fas\u00e1gt\u00e9telen, a mindhal\u00e1lig val\u00f3 \u00f6n\u00e1tad\u00e1son \u00e9s a v\u00e9rtan\u00fas\u00e1gon (piros) kereszt\u00fcl vezet az \u00fcnnepl\u00e9s \u00f6r\u00f6m\u00e9ig (feh\u00e9r). Az \u00e9vk\u00f6zi id\u0151 alapsz\u00edne a z\u00f6ld: ez a sz\u00edn hagyom\u00e1nyosan az \u00fajj\u00e1sz\u00fclet\u0151 term\u00e9szet, \u00edgy a rem\u00e9ny \u00e9s az \u00f6r\u00f6k \u00e9let sz\u00edne, valamint \u2013 egyes \u00e9rtelmez\u00e9sek szerint \u2013 az \u00e9letet ad\u00f3 \u00e9s meg\u00faj\u00edt\u00f3 Szentl\u00e9lek\u00e9 is. Ez az id\u0151szak annak bizony\u00edt\u00e9ka, hogy a p\u00fcnk\u00f6sdkor ki\u00e1radt L\u00e9lek hogyan ad nek\u00fcnk \u00e9letet, er\u0151t ahhoz, hogy h\u00e9tk\u00f6znapi \u00e9let\u00fcnkben a meghalt \u00e9s felt\u00e1madt Krisztus t\u00e1rsai, tan\u00fai legy\u00fcnk.<\/p>\n<p>A v\u00edzkereszt ut\u00e1ni h\u00e9tk\u00f6znapok lehet\u0151s\u00e9get k\u00edn\u00e1lnak arra, hogy l\u00e1ssuk: ilyenkor az Egyh\u00e1z folyamatosan olvassa a Szent\u00edr\u00e1st. A vas\u00e1rnapokon h\u00e1rom \u00e9vre elosztva (A, B, C \u00e9v) hallgatjuk a h\u00e1rom szinoptikus evang\u00e9liumot (M\u00e1t\u00e9, M\u00e1rk, Luk\u00e1cs), a t\u00e9m\u00e1j\u00e1ban hozz\u00e1 illeszked\u0151 \u00f3sz\u00f6vets\u00e9gi olvasm\u00e1nyt, valamint az apostoli leveleket. Az \u00e9vk\u00f6zi id\u0151 h\u00e9tk\u00f6znapjain gyakorlatilag minden \u00e9vben v\u00e9gigolvassuk a szinoptikus evang\u00e9liumokat, \u00e9s k\u00e9t \u00e9vre elosztva a Szent\u00edr\u00e1s t\u00f6bbi k\u00f6nyv\u00e9nek v\u00e1logatott szakaszait, szint\u00e9n a folyamatos olvas\u00e1s szab\u00e1ly\u00e1t k\u00f6vetve. A\u00a0<em>lectio continua<\/em>, a Szent\u00edr\u00e1s folyamatos olvas\u00e1sa az \u00e9vk\u00f6zi id\u0151ben az \u00cdr\u00e1s im\u00e1ds\u00e1gos olvas\u00e1s\u00e1nak \u2013\u00a0<em>lectio divina<\/em>\u00a0\u2013 elm\u00e9ly\u00edt\u00e9s\u00e9re is h\u00edv. Ilyenkor, ha h\u0171s\u00e9gesen k\u00f6vetj\u00fck az Egyh\u00e1z \u00e1ltal el\u00e9nk t\u00e1rt sz\u00f6vegeket, jobban megismerj\u00fck a Szent\u00edr\u00e1s \u00e9letad\u00f3 gazdags\u00e1g\u00e1t, \u00e9s m\u00e9lyebben felt\u00e1rul el\u0151tt\u00fcnk, hogy az egyes k\u00f6nyvek hogyan \u00e9rtelmezik egym\u00e1st, mennyire elv\u00e1laszthatatlan egym\u00e1st\u00f3l a k\u00e9t Testamentum-hit.<\/p>\n<p>Az \u00e9vk\u00f6zi id\u0151 vas\u00e1rnapjai a felt\u00e1mad\u00e1s \u00fcnnepl\u00e9s\u00e9nek jegy\u00e9ben telnek. \u00d6r\u00f6m\u00fcnnepek, melyeket a csal\u00e1dban is megjel\u00f6lhet\u00fcnk im\u00e1ds\u00e1ggal, gyertyagy\u00fajt\u00e1ssal, \u00fcnnepi \u00e9tkez\u00e9ssel, egy\u00fctt t\u00f6lt\u00f6tt id\u0151vel. P\u00e9ld\u00e1t vehet\u00fcnk zsid\u00f3 testv\u00e9reinkr\u0151l, akik p\u00e9ntek est\u00e9nk\u00e9nt csal\u00e1di liturgia keret\u00e9ben h\u00e9tr\u0151l h\u00e9tre h\u0171s\u00e9gesen fogadj\u00e1k \u00e9s k\u00f6sz\u00f6ntik \u201eSabbath hercegn\u0151t\u201d. A templomba j\u00e1r\u00e1s vas\u00e1rnapi szok\u00e1sa \u00fagy gy\u00f6kerezhet meg benn\u00fcnk \u00e9s gyermekeinkben, ha ez valahogyan k\u00f6t\u0151dik az otthonainkban meg\u00e9lt \u00f6r\u00f6mteli szok\u00e1sokhoz is.<\/p>\n<p>V\u00e9g\u00fcl az \u00e9vk\u00f6zi id\u0151 a szentek \u00fcnnepl\u00e9s\u00e9nek is t\u00e1gabb teret ad: ilyenkor t\u00f6bb az \u00fcnnep \u00e9s az eml\u00e9knap, amelyeket liturgikusan is meg\u00fcnnepl\u00fcnk, m\u00edg a kiemelt id\u0151kben erre kevesebb alkalom ny\u00edlik. A szentek t\u00e1rsaink, b\u00e1tor\u00edt\u00f3ink h\u00e9tk\u00f6znapi v\u00e1ndorl\u00e1sunkban. Higgy\u00fck el, \u0151k sem kanoniz\u00e1lt szentnek sz\u00fclettek; \u00e9ppen h\u00e9tk\u00f6znapi, \u201e\u00e9vk\u00f6zi\u201d \u00e9let\u00fck tette \u0151ket azz\u00e1. Nekik is sok \u201ez\u00f6ld\u201d vagy \u00e9pp s\u00f6t\u00e9tebb h\u00e9tk\u00f6znapon kellett \u00e1tverg\u0151dni\u00fck ahhoz, hogy a r\u00f3luk sz\u00f3l\u00f3, r\u00e1nk maradt sz\u00ednes \u00e9s \u00fcnnepi t\u00f6rt\u00e9netek szerepl\u0151i, \u00e9s \u00edgy p\u00e9ldak\u00e9peink lehessenek. A vel\u00fck v\u00e1ndorl\u00f3 \u00darba vetett hit t\u00e1pl\u00e1lta \u0151ket. Az \u00e9vk\u00f6zi id\u0151, a h\u00e9tk\u00f6znapi \u00e9let a szentt\u00e9 v\u00e1l\u00e1s kit\u00fcntetett terepe. \u00c9lj\u00fck h\u00e1l\u00e1val \u00e9s t\u00f6redelemmel. (<em>Feh\u00e9rv\u00e1ry J\u00e1k\u00f3 OSB<\/em>)<\/p>\n<p><strong>ID\u0150SZAKI EL\u0150\u00cdR\u00c1SOK<br \/>\nTudnival\u00f3k az \u00e9vk\u00f6zi id\u0151re:<br \/>\n<\/strong>\u00a0\u00a0\u00a0\u00a0\u00a0\u00a0\u00a0\u00a0\u00a0\u00a0\u00a0 \u2013 A napi zsolozsma v\u00e9gezt\u00e9vel a Salve Regin\u00e1-t (\u00dcdv\u00f6zl\u00e9gy \u00darn\u0151nk) vagy m\u00e1s antif\u00f3n\u00e1t im\u00e1dkozunk.<br \/>\n\u2013 A harangsz\u00f3ra az \u00darangyal\u00e1t im\u00e1dkozzuk.<br \/>\n\u2013 K\u00f6znapokon \u00e9s nem k\u00f6telez\u0151 eml\u00e9knapokon a szentmise v\u00e1laszthat\u00f3 az \u00e9vk\u00f6zi id\u0151r\u0151l, vagy a k\u00fcl\u00f6nf\u00e9le sz\u00fcks\u00e9gletekben mondhat\u00f3 (Misek\u00f6nyv, 823-886. old.), vagy a vot\u00edv mis\u00e9k k\u00f6z\u00fcl (Misek\u00f6nyv, 889-908. old.). Ritu\u00e1lis mis\u00e9k mondhat\u00f3k. Megeml\u00e9kez\u0151 gy\u00e1szmis\u00e9k is bemutathat\u00f3ak. A Direkt\u00f3rium jel\u00f6l\u00e9se: szabadon v\u00e1laszthat\u00f3.<br \/>\n\u2013 \u201cAzokon az \u00e9vk\u00f6zi szombatokon, amelyeken megengedett a tetsz\u00e9s szerinti eml\u00e9knapok \u00fcnnepl\u00e9se, ugyanazzal a r\u00edtussal vehet\u0151 Sz\u0171z M\u00e1ria szombati eml\u00e9knapja is.\u201d (Az Ima\u00f3r\u00e1k Liturgi\u00e1ja, III. 1649. old.)<\/p>\n<p><strong>Az \u00e9vk\u00f6zi id\u0151 kiemelt napjai \u00e9s azokhoz rendelt utas\u00edt\u00e1sok, szertart\u00e1sok:<br \/>\n<\/strong><em>Imah\u00e9t a kereszt\u00e9nyek egys\u00e9g\u00e9\u00e9rt<br \/>\n<\/em>\u00a0\u00a0\u00a0\u00a0\u00a0\u00a0\u00a0\u00a0\u00a0\u00a0\u00a0 \u2022 \u201cTeljes b\u00facs\u00fat nyerhet az a h\u00edv\u0151, aki a kereszt\u00e9nyek egys\u00e9g\u00e9\u00e9rt tartott imah\u00e9t n\u00e9h\u00e1ny im\u00e1ds\u00e1gos \u00f6sszej\u00f6vetel\u00e9n \u00e9s e h\u00e9t z\u00e1r\u00f3 szertart\u00e1s\u00e1n r\u00e9szt vett.\u201d (A B\u00facs\u00fak K\u00e9zik\u00f6nyve, B\u00facs\u00faenged\u00e9lyek, 11. 1. \u00a7)<br \/>\n<em>Febru\u00e1r 2. \u2013 Urunk bemutat\u00e1sa (Gyertyaszentel\u0151 Boldogasszony) \u2013 \u00dcnnep<br \/>\n<\/em>\u00a0\u00a0\u00a0\u00a0\u00a0\u00a0\u00a0\u00a0\u00a0\u00a0\u00a0 \u2022 A nap f\u0151mis\u00e9je a gyertyaszentel\u0151 k\u00f6rmenettel kezd\u0151dik, amint a Misek\u00f6nyvben jelezve van.<br \/>\n\u2022 K\u00f6ny\u00f6rg\u0151nap a szerzetesi hivat\u00e1sok\u00e9rt.<br \/>\n<em>Febru\u00e1r 3. \u2013 Szent Bal\u00e1zs p\u00fcsp\u00f6k \u00e9s v\u00e9rtan\u00fa \u2013 eml\u00e9knap (e)<br \/>\n<\/em>\u00a0\u00a0\u00a0\u00a0\u00a0\u00a0\u00a0\u00a0\u00a0\u00a0\u00a0 \u2022 Ma vagy a k\u00f6vetkez\u0151 vas\u00e1rnap Bal\u00e1zs-\u00e1ld\u00e1s adhat\u00f3, melyet csak p\u00fcsp\u00f6k, pap vagy diak\u00f3nus szolg\u00e1ltathat ki. Rendje a Praeorator szerint (147. oldal).<br \/>\n<em>Febru\u00e1r 11. \u2013 A lourdes-i Boldogs\u00e1gos Sz\u0171z M\u00e1ria \u2013 e<br \/>\n<\/em>\u00a0\u00a0\u00a0\u00a0\u00a0\u00a0\u00a0\u00a0\u00a0\u00a0\u00a0 \u2022 Ma van a betegek vil\u00e1gnapja. Adjunk lehet\u0151s\u00e9get a betegek kenet\u00e9nek k\u00f6z\u00f6ss\u00e9gi kiszolg\u00e1ltat\u00e1s\u00e1ra templomunkban.<br \/>\n<em>P\u00fcnk\u00f6sd ut\u00e1ni h\u00e9tf\u0151<br \/>\n<\/em>\u00a0\u00a0\u00a0\u00a0\u00a0\u00a0\u00a0\u00a0\u00a0\u00a0\u00a0 \u2022 \u201cAhol P\u00fcnk\u00f6sd ut\u00e1ni h\u00e9tf\u0151n vagy esetleg kedden is a h\u00edvek nagyobb sz\u00e1mban szoktak mis\u00e9re j\u00f6nni, mondhat\u00f3 a p\u00fcnk\u00f6sdvas\u00e1rnapi mise, vagy a Szentl\u00e9lekr\u0151l sz\u00f3l\u00f3 mise.\u201d (Misek\u00f6nyv, 300. old.)<br \/>\n<em>J\u00fanius<br \/>\n<\/em>\u00a0\u00a0\u00a0\u00a0\u00a0\u00a0\u00a0\u00a0\u00a0\u00a0\u00a0 \u2022 Ahol szok\u00e1sban van, j\u00faniusban v\u00e9gezhet\u0151 a J\u00e9zus Szent Sz\u00edv\u00e9nek lit\u00e1ni\u00e1ja, amelynek rendj\u00e9t l\u00e1sd: Praeorator, 29-31. old.<br \/>\n\u2022 \u201cNem szabad olyan szents\u00e9gkit\u00e9telt tartani, mely egyed\u00fcl a szents\u00e9gi \u00e1ld\u00e1s\u00e9rt van.\u201d (Praeorator, 56.old)<br \/>\n<em>Krisztus Szent Teste \u00e9s V\u00e9re, \u00darnapja \u2013 F\u00dc (F\u0151\u00fcnnep)<br \/>\n<\/em>\u00a0\u00a0\u00a0\u00a0\u00a0\u00a0\u00a0\u00a0\u00a0\u00a0\u00a0 \u2022 \u201cTeljes b\u00facs\u00fat nyerhet az a h\u00edv\u0151, aki templomon bel\u00fcl vagy azon k\u00edv\u00fcl v\u00e9gzett szents\u00e9ges k\u00f6rmeneten, els\u0151sorban az \u00farnapi k\u00f6rmeneten \u00e1h\u00edtattal r\u00e9szt vesz.\u201d (A B\u00facs\u00fak K\u00e9zik\u00f6nyve, B\u00facs\u00faenged\u00e9lyek, 7. 1. \u00a7 3.)<br \/>\n\u2022 Az \u00darnapi k\u00f6rmenet v\u00e9gz\u00e9s\u00e9nek rendj\u00e9t l\u00e1sd: Praeorator, 174-183. old.<br \/>\n<em>J\u00e9zus Szent Sz\u00edve \u2013 F\u00dc<br \/>\n<\/em>\u00a0\u00a0\u00a0\u00a0\u00a0\u00a0\u00a0\u00a0\u00a0\u00a0\u00a0 \u2022 \u201cTeljes b\u00facs\u00fat nyerhet az a h\u00edv\u0151, aki J\u00e9zus Szents\u00e9ges Sz\u00edv\u00e9nek \u00fcnnep\u00e9n nyilv\u00e1nosan elim\u00e1dkozza az Urunk J\u00e9zus! Az emberekre \u00e1rasztott\u2026 kezdet\u0171 engesztel\u0151 im\u00e1ds\u00e1got. Ugyanezzel az im\u00e1ds\u00e1ggal m\u00e1s k\u00f6r\u00fclm\u00e9nyek k\u00f6z\u00f6tt r\u00e9szleges b\u00facs\u00fat nyerhet.\u201d (A B\u00facs\u00fak K\u00e9zik\u00f6nyve, B\u00facs\u00faenged\u00e9lyek, 3.)<br \/>\n<em>Augusztus 15. \u2013 Sz\u0171z M\u00e1ria Mennybev\u00e9tele \u2013 F\u00dc<br \/>\n<\/em>\u00a0\u00a0\u00a0\u00a0\u00a0\u00a0\u00a0\u00a0\u00a0\u00a0\u00a0 \u2022 Amennyiben e nap p\u00e9ntekre esik, a CIC felment a b\u0171nb\u00e1nati nap tart\u00e1sa al\u00f3l.<br \/>\n<em>Szeptember utols\u00f3 vas\u00e1rnapja \u2013 A Szent\u00edr\u00e1s Vas\u00e1rnapja<br \/>\n<\/em>\u00a0\u00a0\u00a0\u00a0\u00a0\u00a0\u00a0\u00a0\u00a0\u00a0\u00a0 \u2022 A h\u00edvek Szent\u00edr\u00e1sainak meg\u00e1ld\u00e1sa v\u00e9gezhet\u0151 az \u00e1ldoz\u00e1s ut\u00e1ni k\u00f6ny\u00f6rg\u00e9st k\u00f6vet\u0151en. L\u00e1sd: Praeorator, 150-151. old.<br \/>\nOkt\u00f3ber<br \/>\n\u2022 Kiv\u00e1ltk\u00e9ppen okt\u00f3berben im\u00e1dkozzuk k\u00f6z\u00f6sen a R\u00f3zsaf\u0171z\u00e9rt. Rendj\u00e9t l\u00e1sd: Praeora-tor, 74. old.<br \/>\n\u2022 \u201cTeljes b\u00facs\u00fat nyerhet az a h\u00edv\u0151, aki a r\u00f3zsaf\u0171z\u00e9rt templomban vagy k\u00e1poln\u00e1ban, csal\u00e1dban, szerzetesi k\u00f6z\u00f6ss\u00e9gben, j\u00e1mbor t\u00e1rsulatban vagy j\u00e1mbor sz\u00e1nd\u00e9kkal egy\u00fcttl\u00e9v\u0151k k\u00f6z\u00f6ss\u00e9g\u00e9ben elim\u00e1dkozza.\u201d (A B\u00facs\u00fak K\u00e9zik\u00f6nyve, B\u00facs\u00faenged\u00e9lyek, 17.)<br \/>\n\u2022 \u201cNem szabad olyan szents\u00e9gkit\u00e9telt tartani, mely egyed\u00fcl a szents\u00e9gi \u00e1ld\u00e1s\u00e9rt van.\u201d (Praeorator, 56.old)<br \/>\n<em>Okt\u00f3ber els\u0151 vas\u00e1rnapja<br \/>\n<\/em>\u00a0\u00a0\u00a0\u00a0\u00a0\u00a0\u00a0\u00a0\u00a0\u00a0\u00a0 \u2022 Term\u00e9nybetakar\u00edt\u00e1si h\u00e1laad\u00e1s tarthat\u00f3, amelynek rendj\u00e9t l\u00e1sd: Praeorator, 147. old.<br \/>\n<em>November 1. \u2013 Mindenszentek \u00dcnnepe \u2013 F\u00dc Parancsolt \u00fcnnep!<br \/>\n<\/em>\u00a0\u00a0\u00a0\u00a0\u00a0\u00a0\u00a0\u00a0\u00a0\u00a0\u00a0 \u2022 \u201cCsak a tiszt\u00edt\u00f3t\u0171zben szenved\u0151 lelkek jav\u00e1ra ford\u00edthat\u00f3 teljes b\u00facs\u00fat nyerhet az a h\u00edv\u0151, aki<br \/>\n1. november 1-t\u0151l 8-ig \u00e1h\u00edtatos l\u00e9lekkel temet\u0151t l\u00e1togat, s legal\u00e1bb l\u00e9lekben im\u00e1dkozik az elhunytak\u00e9rt (mind a nyolc napon elnyerhet\u0151);<br \/>\n2. aki halottak napj\u00e1n, XI. 2-\u00e1n (vagy az ordin\u00e1rius enged\u00e9ly\u00e9vel a megel\u0151z\u0151 vagy k\u00f6vetkez\u0151 vas\u00e1rnapon vagy Mindenszentek napj\u00e1n) templomot vagy k\u00e1poln\u00e1t \u00e1h\u00edtattal megl\u00e1togat, s egy Miaty\u00e1nkot \u00e9s egy Hiszekegyet elim\u00e1dkozik.\u201d (A B\u00facs\u00fak K\u00e9zik\u00f6nyve, B\u00facs\u00faenged\u00e9lyek, 29. 1. \u00a7.)<br \/>\n\u2022 Amennyiben e nap p\u00e9ntekre esik, a CIC fel-ment a b\u0171nb\u00e1nati nap tart\u00e1sa al\u00f3l.<br \/>\n<em>\u00c9vk\u00f6zi 33. vas\u00e1rnap<br \/>\n<\/em>\u00a0\u00a0\u00a0\u00a0\u00a0\u00a0\u00a0\u00a0\u00a0\u00a0\u00a0 \u2022 Szeg\u00e9nyek vil\u00e1gnapja<br \/>\n<em>Krisztus, A Mindens\u00e9g Kir\u00e1lya \u2013 F\u00dc<br \/>\n<\/em>\u00a0\u00a0\u00a0\u00a0\u00a0\u00a0\u00a0\u00a0\u00a0\u00a0\u00a0 \u2022 Az elm\u00falt egyh\u00e1zi \u00e9v\u00e9rt ezen a napon h\u00e1laad\u00e1st v\u00e9gz\u00fcnk: A J\u00e9zus Sz\u00edve lit\u00e1ni\u00e1t k\u00f6vet\u0151en elim\u00e1dkozzuk a felaj\u00e1nl\u00f3 im\u00e1ds\u00e1got J\u00e9zus Sz\u00edv\u00e9hez. Rendj\u00e9t l\u00e1sd: Praeorator, 29. \u00e9s 64. old.<br \/>\n\u2022 \u201cTeljes b\u00facs\u00fat nyerhet az a h\u00edv\u0151, aki Krisztus Kir\u00e1ly \u00fcnnep\u00e9n nyilv\u00e1nosan elim\u00e1dkozza az \u00dar J\u00e9zus, az emberi nem Megv\u00e1lt\u00f3ja, tekints re\u00e1nk\u2026 kezdet\u0171 felaj\u00e1nl\u00f3 im\u00e1t. Ugyanezzel az im\u00e1ds\u00e1ggal m\u00e1s k\u00f6r\u00fclm\u00e9nyek k\u00f6z\u00f6tt r\u00e9szleges b\u00facs\u00fat nyerhet.\u201d (A B\u00facs\u00fak K\u00e9zik\u00f6nyve, B\u00facs\u00faenged\u00e9lyek, 2.)<\/p>\n","protected":false},"excerpt":{"rendered":"<p>\u00c9VK\u00d6ZI ID\u0150 A h\u00fasv\u00e9t \u00fcnnep\u00e9nek tavaszi id\u0151pontj\u00e1t a zsid\u00f3 napt\u00e1rb\u00f3l \u00f6r\u00f6k\u00f6lt\u00fck, m\u00edg a kar\u00e1csony\u00e9 a t\u00e9li napfordul\u00f3hoz, valamint az ahhoz kapcsol\u00f3d\u00f3 pog\u00e1ny szok\u00e1sokhoz k\u00f6thet\u0151. A h\u00fasv\u00e9tot \u00e9s a kar\u00e1csonyt \u00f6vez\u0151 id\u0151szakok, \u00fcnnepek \u2013 nagyb\u00f6jt, h\u00fasv\u00e9ti id\u0151, mennybemenetel, p\u00fcnk\u00f6sd, valamint advent, kar\u00e1csonyi id\u0151, v\u00edzkereszt \u2013 fokozatosan alakultak ki, l\u00e9trehozva \u00edgy a majd sz\u00e1znapos h\u00fasv\u00e9ti \u00e9s a k\u00f6zel m\u00e1sf\u00e9l h\u00f3napon \u00e1t tart\u00f3 kar\u00e1csonyi \u00fcnnepk\u00f6rt. Az \u00e9v j\u00f3 r\u00e9sze, majdnem a fele \u00edgy e k\u00e9t nagy \u00fcnnep vonz\u00e1s\u00e1ban telik: a liturgia sz\u00f6vegei, az olvasott szent\u00edr\u00e1si szakaszok, a haszn\u00e1lt szimb\u00f3lumok, sz\u00ednek az adott id\u0151szak titk\u00e1t, l\u00fcktet\u00e9s\u00e9t k\u00f6vetik, fejezik ki. De mi t\u00f6rt\u00e9nik a k\u00f6ztes id\u0151kben? Egy naiv sv\u00e9d dalocska, amelyet n\u00e9pszer\u0171 kar\u00e1csonyi album\u00e1ban meg is zen\u00e9s\u00edtett a Kal\u00e1ka egy\u00fcttes, folyton \u00fcnnepelni v\u00e1gy\u00f3 gyermeki \u00e9n\u00fcnket hangos\u00edtja ki: Itt a kar\u00e1csony m\u00e1r, \u00e9s itt a kar\u00e1csony m\u00e1r, \u00e9s h\u00fasv\u00e9tig tart a kar\u00e1csony! Itt van a h\u00fasv\u00e9t m\u00e1r, \u00e9s itt van a h\u00fasv\u00e9t m\u00e1r, \u00e9s kar\u00e1csonyig tart a h\u00fasv\u00e9t! Pontosan tudjuk, \u00e9rezz\u00fck, hogy ha soha nem szedn\u00e9nk le a kar\u00e1csonyf\u00e1nkat, bizony megfakulna az \u00fcnnep var\u00e1zsa. Sz\u00fcks\u00e9g van a h\u00e9tk\u00f6znapokra, amelyek el\u00e9 nem felt\u00e9tlen\u00fcl kellene odabiggyeszten\u00fcnk a sz\u00fcrke jelz\u0151t, mintha csak az \u00e9let rendes menete nem tartogathatna sz\u00e1munkra semmi meglepet\u00e9st, csod\u00e1t. Urunk megkeresztelked\u00e9s\u00e9nek \u00fcnnepe ut\u00e1n a liturgia foly\u00f3ja visszat\u00e9r az \u00e9vk\u00f6zi id\u0151 nyugodt medr\u00e9be, \u00e9s m\u00e1rciusig, hamvaz\u00f3szerd\u00e1ig ebben h\u00f6mp\u00f6ly\u00f6g tov\u00e1bb. Az \u00e9vk\u00f6zi id\u0151 m\u00e1sik nagy szakasza p\u00fcnk\u00f6sdt\u0151l advent els\u0151 vas\u00e1rnapj\u00e1ig tart. Fontos tudnunk, hogy a liturgikus id\u0151sz\u00e1m\u00edt\u00e1s leg\u0151sibb alapritmusa az \u00e9vk\u00f6zi id\u0151\u00e9. Az apostoli kor kereszt\u00e9nyei \u2013 ha szabad ezt mondani \u2013 vas\u00e1rnapr\u00f3l vas\u00e1rnapra \u00e9ltek. A h\u00e9t els\u0151 napja az \u00dar napja \u2013 \u00edgy nevezt\u00e9k, amikor a megkereszteltek egybegy\u0171ltek, hogy meg\u00fcnnepelj\u00e9k Uruk, Krisztus felt\u00e1mad\u00e1s\u00e1t: meghallgass\u00e1k a r\u00f3la sz\u00f3l\u00f3 igehirdet\u00e9st, \u00e9s megt\u00f6rj\u00e9k a kenyeret (pl. ApCsel 20,7kk). Innen nevezt\u00e9k \u0151ket egyh\u00e1znak, az \u00f6sszegy\u0171jt\u00f6ttek pr\u00f3f\u00e9tai n\u00e9p\u00e9nek (l\u00e1sd a g\u00f6r\u00f6g\u00a0ekkl\u00e9szia, \u201eegyh\u00e1z\u201d sz\u00f3 eredeti jelent\u00e9s\u00e9t). Amikor az \u00e9vk\u00f6zi id\u0151ben vagyunk, nem m\u00e1sodrend\u0171&#8230; <\/p>\n<p><a class=\"readmore\" href=\"https:\/\/stuttgarti-katolikusok.de\/index.php\/evkozi-ido-2\/\">R\u00e9szletek<\/a><\/p>\n","protected":false},"author":3,"featured_media":17239,"comment_status":"closed","ping_status":"closed","sticky":false,"template":"","format":"standard","meta":{"footnotes":""},"categories":[1],"tags":[],"class_list":["post-17238","post","type-post","status-publish","format-standard","has-post-thumbnail","hentry","category-valogatott"],"yoast_head":"<!-- This site is optimized with the Yoast SEO plugin v27.3 - https:\/\/yoast.com\/product\/yoast-seo-wordpress\/ -->\n<title>\u00c9vk\u00f6zi id\u0151 - Stuttgarti Katolikusok<\/title>\n<meta name=\"robots\" content=\"index, follow, max-snippet:-1, max-image-preview:large, max-video-preview:-1\" \/>\n<link rel=\"canonical\" href=\"https:\/\/stuttgarti-katolikusok.de\/index.php\/evkozi-ido-2\/\" \/>\n<meta property=\"og:locale\" content=\"hu_HU\" \/>\n<meta property=\"og:type\" content=\"article\" \/>\n<meta property=\"og:title\" content=\"\u00c9vk\u00f6zi id\u0151 - Stuttgarti Katolikusok\" \/>\n<meta property=\"og:description\" content=\"\u00c9VK\u00d6ZI ID\u0150 A h\u00fasv\u00e9t \u00fcnnep\u00e9nek tavaszi id\u0151pontj\u00e1t a zsid\u00f3 napt\u00e1rb\u00f3l \u00f6r\u00f6k\u00f6lt\u00fck, m\u00edg a kar\u00e1csony\u00e9 a t\u00e9li napfordul\u00f3hoz, valamint az ahhoz kapcsol\u00f3d\u00f3 pog\u00e1ny szok\u00e1sokhoz k\u00f6thet\u0151. A h\u00fasv\u00e9tot \u00e9s a kar\u00e1csonyt \u00f6vez\u0151 id\u0151szakok, \u00fcnnepek \u2013 nagyb\u00f6jt, h\u00fasv\u00e9ti id\u0151, mennybemenetel, p\u00fcnk\u00f6sd, valamint advent, kar\u00e1csonyi id\u0151, v\u00edzkereszt \u2013 fokozatosan alakultak ki, l\u00e9trehozva \u00edgy a majd sz\u00e1znapos h\u00fasv\u00e9ti \u00e9s a k\u00f6zel m\u00e1sf\u00e9l h\u00f3napon \u00e1t tart\u00f3 kar\u00e1csonyi \u00fcnnepk\u00f6rt. Az \u00e9v j\u00f3 r\u00e9sze, majdnem a fele \u00edgy e k\u00e9t nagy \u00fcnnep vonz\u00e1s\u00e1ban telik: a liturgia sz\u00f6vegei, az olvasott szent\u00edr\u00e1si szakaszok, a haszn\u00e1lt szimb\u00f3lumok, sz\u00ednek az adott id\u0151szak titk\u00e1t, l\u00fcktet\u00e9s\u00e9t k\u00f6vetik, fejezik ki. De mi t\u00f6rt\u00e9nik a k\u00f6ztes id\u0151kben? Egy naiv sv\u00e9d dalocska, amelyet n\u00e9pszer\u0171 kar\u00e1csonyi album\u00e1ban meg is zen\u00e9s\u00edtett a Kal\u00e1ka egy\u00fcttes, folyton \u00fcnnepelni v\u00e1gy\u00f3 gyermeki \u00e9n\u00fcnket hangos\u00edtja ki: Itt a kar\u00e1csony m\u00e1r, \u00e9s itt a kar\u00e1csony m\u00e1r, \u00e9s h\u00fasv\u00e9tig tart a kar\u00e1csony! Itt van a h\u00fasv\u00e9t m\u00e1r, \u00e9s itt van a h\u00fasv\u00e9t m\u00e1r, \u00e9s kar\u00e1csonyig tart a h\u00fasv\u00e9t! Pontosan tudjuk, \u00e9rezz\u00fck, hogy ha soha nem szedn\u00e9nk le a kar\u00e1csonyf\u00e1nkat, bizony megfakulna az \u00fcnnep var\u00e1zsa. Sz\u00fcks\u00e9g van a h\u00e9tk\u00f6znapokra, amelyek el\u00e9 nem felt\u00e9tlen\u00fcl kellene odabiggyeszten\u00fcnk a sz\u00fcrke jelz\u0151t, mintha csak az \u00e9let rendes menete nem tartogathatna sz\u00e1munkra semmi meglepet\u00e9st, csod\u00e1t. Urunk megkeresztelked\u00e9s\u00e9nek \u00fcnnepe ut\u00e1n a liturgia foly\u00f3ja visszat\u00e9r az \u00e9vk\u00f6zi id\u0151 nyugodt medr\u00e9be, \u00e9s m\u00e1rciusig, hamvaz\u00f3szerd\u00e1ig ebben h\u00f6mp\u00f6ly\u00f6g tov\u00e1bb. Az \u00e9vk\u00f6zi id\u0151 m\u00e1sik nagy szakasza p\u00fcnk\u00f6sdt\u0151l advent els\u0151 vas\u00e1rnapj\u00e1ig tart. Fontos tudnunk, hogy a liturgikus id\u0151sz\u00e1m\u00edt\u00e1s leg\u0151sibb alapritmusa az \u00e9vk\u00f6zi id\u0151\u00e9. Az apostoli kor kereszt\u00e9nyei \u2013 ha szabad ezt mondani \u2013 vas\u00e1rnapr\u00f3l vas\u00e1rnapra \u00e9ltek. A h\u00e9t els\u0151 napja az \u00dar napja \u2013 \u00edgy nevezt\u00e9k, amikor a megkereszteltek egybegy\u0171ltek, hogy meg\u00fcnnepelj\u00e9k Uruk, Krisztus felt\u00e1mad\u00e1s\u00e1t: meghallgass\u00e1k a r\u00f3la sz\u00f3l\u00f3 igehirdet\u00e9st, \u00e9s megt\u00f6rj\u00e9k a kenyeret (pl. ApCsel 20,7kk). Innen nevezt\u00e9k \u0151ket egyh\u00e1znak, az \u00f6sszegy\u0171jt\u00f6ttek pr\u00f3f\u00e9tai n\u00e9p\u00e9nek (l\u00e1sd a g\u00f6r\u00f6g\u00a0ekkl\u00e9szia, \u201eegyh\u00e1z\u201d sz\u00f3 eredeti jelent\u00e9s\u00e9t). Amikor az \u00e9vk\u00f6zi id\u0151ben vagyunk, nem m\u00e1sodrend\u0171... R\u00e9szletek\" \/>\n<meta property=\"og:url\" content=\"https:\/\/stuttgarti-katolikusok.de\/index.php\/evkozi-ido-2\/\" \/>\n<meta property=\"og:site_name\" content=\"Stuttgarti Katolikusok\" \/>\n<meta property=\"article:published_time\" content=\"2019-06-28T16:03:27+00:00\" \/>\n<meta property=\"article:modified_time\" content=\"2019-06-28T16:03:42+00:00\" \/>\n<meta property=\"og:image\" content=\"https:\/\/stuttgarti-katolikusok.de\/wp-content\/uploads\/2019\/06\/evkozi-ido.jpg\" \/>\n\t<meta property=\"og:image:width\" content=\"500\" \/>\n\t<meta property=\"og:image:height\" content=\"310\" \/>\n\t<meta property=\"og:image:type\" content=\"image\/jpeg\" \/>\n<meta name=\"author\" content=\"Tibor atya\" \/>\n<meta name=\"twitter:card\" content=\"summary_large_image\" \/>\n<meta name=\"twitter:label1\" content=\"Szerz\u0151:\" \/>\n\t<meta name=\"twitter:data1\" content=\"Tibor atya\" \/>\n\t<meta name=\"twitter:label2\" content=\"Becs\u00fclt olvas\u00e1si id\u0151\" \/>\n\t<meta name=\"twitter:data2\" content=\"11 perc\" \/>\n<script type=\"application\/ld+json\" class=\"yoast-schema-graph\">{\"@context\":\"https:\\\/\\\/schema.org\",\"@graph\":[{\"@type\":\"Article\",\"@id\":\"https:\\\/\\\/stuttgarti-katolikusok.de\\\/index.php\\\/evkozi-ido-2\\\/#article\",\"isPartOf\":{\"@id\":\"https:\\\/\\\/stuttgarti-katolikusok.de\\\/index.php\\\/evkozi-ido-2\\\/\"},\"author\":{\"name\":\"Tibor atya\",\"@id\":\"https:\\\/\\\/stuttgarti-katolikusok.de\\\/#\\\/schema\\\/person\\\/75908d6f8fdc03a57889d27209df7795\"},\"headline\":\"\u00c9vk\u00f6zi id\u0151\",\"datePublished\":\"2019-06-28T16:03:27+00:00\",\"dateModified\":\"2019-06-28T16:03:42+00:00\",\"mainEntityOfPage\":{\"@id\":\"https:\\\/\\\/stuttgarti-katolikusok.de\\\/index.php\\\/evkozi-ido-2\\\/\"},\"wordCount\":2176,\"image\":{\"@id\":\"https:\\\/\\\/stuttgarti-katolikusok.de\\\/index.php\\\/evkozi-ido-2\\\/#primaryimage\"},\"thumbnailUrl\":\"https:\\\/\\\/stuttgarti-katolikusok.de\\\/wp-content\\\/uploads\\\/2019\\\/06\\\/evkozi-ido.jpg\",\"articleSection\":[\"V\u00e1logatott \u00edr\u00e1sok\"],\"inLanguage\":\"hu\"},{\"@type\":\"WebPage\",\"@id\":\"https:\\\/\\\/stuttgarti-katolikusok.de\\\/index.php\\\/evkozi-ido-2\\\/\",\"url\":\"https:\\\/\\\/stuttgarti-katolikusok.de\\\/index.php\\\/evkozi-ido-2\\\/\",\"name\":\"\u00c9vk\u00f6zi id\u0151 - Stuttgarti Katolikusok\",\"isPartOf\":{\"@id\":\"https:\\\/\\\/stuttgarti-katolikusok.de\\\/#website\"},\"primaryImageOfPage\":{\"@id\":\"https:\\\/\\\/stuttgarti-katolikusok.de\\\/index.php\\\/evkozi-ido-2\\\/#primaryimage\"},\"image\":{\"@id\":\"https:\\\/\\\/stuttgarti-katolikusok.de\\\/index.php\\\/evkozi-ido-2\\\/#primaryimage\"},\"thumbnailUrl\":\"https:\\\/\\\/stuttgarti-katolikusok.de\\\/wp-content\\\/uploads\\\/2019\\\/06\\\/evkozi-ido.jpg\",\"datePublished\":\"2019-06-28T16:03:27+00:00\",\"dateModified\":\"2019-06-28T16:03:42+00:00\",\"author\":{\"@id\":\"https:\\\/\\\/stuttgarti-katolikusok.de\\\/#\\\/schema\\\/person\\\/75908d6f8fdc03a57889d27209df7795\"},\"breadcrumb\":{\"@id\":\"https:\\\/\\\/stuttgarti-katolikusok.de\\\/index.php\\\/evkozi-ido-2\\\/#breadcrumb\"},\"inLanguage\":\"hu\",\"potentialAction\":[{\"@type\":\"ReadAction\",\"target\":[\"https:\\\/\\\/stuttgarti-katolikusok.de\\\/index.php\\\/evkozi-ido-2\\\/\"]}]},{\"@type\":\"ImageObject\",\"inLanguage\":\"hu\",\"@id\":\"https:\\\/\\\/stuttgarti-katolikusok.de\\\/index.php\\\/evkozi-ido-2\\\/#primaryimage\",\"url\":\"https:\\\/\\\/stuttgarti-katolikusok.de\\\/wp-content\\\/uploads\\\/2019\\\/06\\\/evkozi-ido.jpg\",\"contentUrl\":\"https:\\\/\\\/stuttgarti-katolikusok.de\\\/wp-content\\\/uploads\\\/2019\\\/06\\\/evkozi-ido.jpg\",\"width\":500,\"height\":310},{\"@type\":\"BreadcrumbList\",\"@id\":\"https:\\\/\\\/stuttgarti-katolikusok.de\\\/index.php\\\/evkozi-ido-2\\\/#breadcrumb\",\"itemListElement\":[{\"@type\":\"ListItem\",\"position\":1,\"name\":\"Kezd\u0151lap\",\"item\":\"https:\\\/\\\/stuttgarti-katolikusok.de\\\/\"},{\"@type\":\"ListItem\",\"position\":2,\"name\":\"\u00c9vk\u00f6zi id\u0151\"}]},{\"@type\":\"WebSite\",\"@id\":\"https:\\\/\\\/stuttgarti-katolikusok.de\\\/#website\",\"url\":\"https:\\\/\\\/stuttgarti-katolikusok.de\\\/\",\"name\":\"Stuttgarti Katolikusok\",\"description\":\"\",\"potentialAction\":[{\"@type\":\"SearchAction\",\"target\":{\"@type\":\"EntryPoint\",\"urlTemplate\":\"https:\\\/\\\/stuttgarti-katolikusok.de\\\/?s={search_term_string}\"},\"query-input\":{\"@type\":\"PropertyValueSpecification\",\"valueRequired\":true,\"valueName\":\"search_term_string\"}}],\"inLanguage\":\"hu\"},{\"@type\":\"Person\",\"@id\":\"https:\\\/\\\/stuttgarti-katolikusok.de\\\/#\\\/schema\\\/person\\\/75908d6f8fdc03a57889d27209df7795\",\"name\":\"Tibor atya\",\"image\":{\"@type\":\"ImageObject\",\"inLanguage\":\"hu\",\"@id\":\"https:\\\/\\\/secure.gravatar.com\\\/avatar\\\/61d268e57d1f4525b111222e29d2d5a7f8c420fdbf231ba5566a8ceac74fa960?s=96&d=mm&r=g\",\"url\":\"https:\\\/\\\/secure.gravatar.com\\\/avatar\\\/61d268e57d1f4525b111222e29d2d5a7f8c420fdbf231ba5566a8ceac74fa960?s=96&d=mm&r=g\",\"contentUrl\":\"https:\\\/\\\/secure.gravatar.com\\\/avatar\\\/61d268e57d1f4525b111222e29d2d5a7f8c420fdbf231ba5566a8ceac74fa960?s=96&d=mm&r=g\",\"caption\":\"Tibor atya\"},\"url\":\"https:\\\/\\\/stuttgarti-katolikusok.de\\\/index.php\\\/author\\\/tibor-atya\\\/\"}]}<\/script>\n<!-- \/ Yoast SEO plugin. -->","yoast_head_json":{"title":"\u00c9vk\u00f6zi id\u0151 - Stuttgarti Katolikusok","robots":{"index":"index","follow":"follow","max-snippet":"max-snippet:-1","max-image-preview":"max-image-preview:large","max-video-preview":"max-video-preview:-1"},"canonical":"https:\/\/stuttgarti-katolikusok.de\/index.php\/evkozi-ido-2\/","og_locale":"hu_HU","og_type":"article","og_title":"\u00c9vk\u00f6zi id\u0151 - Stuttgarti Katolikusok","og_description":"\u00c9VK\u00d6ZI ID\u0150 A h\u00fasv\u00e9t \u00fcnnep\u00e9nek tavaszi id\u0151pontj\u00e1t a zsid\u00f3 napt\u00e1rb\u00f3l \u00f6r\u00f6k\u00f6lt\u00fck, m\u00edg a kar\u00e1csony\u00e9 a t\u00e9li napfordul\u00f3hoz, valamint az ahhoz kapcsol\u00f3d\u00f3 pog\u00e1ny szok\u00e1sokhoz k\u00f6thet\u0151. A h\u00fasv\u00e9tot \u00e9s a kar\u00e1csonyt \u00f6vez\u0151 id\u0151szakok, \u00fcnnepek \u2013 nagyb\u00f6jt, h\u00fasv\u00e9ti id\u0151, mennybemenetel, p\u00fcnk\u00f6sd, valamint advent, kar\u00e1csonyi id\u0151, v\u00edzkereszt \u2013 fokozatosan alakultak ki, l\u00e9trehozva \u00edgy a majd sz\u00e1znapos h\u00fasv\u00e9ti \u00e9s a k\u00f6zel m\u00e1sf\u00e9l h\u00f3napon \u00e1t tart\u00f3 kar\u00e1csonyi \u00fcnnepk\u00f6rt. Az \u00e9v j\u00f3 r\u00e9sze, majdnem a fele \u00edgy e k\u00e9t nagy \u00fcnnep vonz\u00e1s\u00e1ban telik: a liturgia sz\u00f6vegei, az olvasott szent\u00edr\u00e1si szakaszok, a haszn\u00e1lt szimb\u00f3lumok, sz\u00ednek az adott id\u0151szak titk\u00e1t, l\u00fcktet\u00e9s\u00e9t k\u00f6vetik, fejezik ki. De mi t\u00f6rt\u00e9nik a k\u00f6ztes id\u0151kben? Egy naiv sv\u00e9d dalocska, amelyet n\u00e9pszer\u0171 kar\u00e1csonyi album\u00e1ban meg is zen\u00e9s\u00edtett a Kal\u00e1ka egy\u00fcttes, folyton \u00fcnnepelni v\u00e1gy\u00f3 gyermeki \u00e9n\u00fcnket hangos\u00edtja ki: Itt a kar\u00e1csony m\u00e1r, \u00e9s itt a kar\u00e1csony m\u00e1r, \u00e9s h\u00fasv\u00e9tig tart a kar\u00e1csony! Itt van a h\u00fasv\u00e9t m\u00e1r, \u00e9s itt van a h\u00fasv\u00e9t m\u00e1r, \u00e9s kar\u00e1csonyig tart a h\u00fasv\u00e9t! Pontosan tudjuk, \u00e9rezz\u00fck, hogy ha soha nem szedn\u00e9nk le a kar\u00e1csonyf\u00e1nkat, bizony megfakulna az \u00fcnnep var\u00e1zsa. Sz\u00fcks\u00e9g van a h\u00e9tk\u00f6znapokra, amelyek el\u00e9 nem felt\u00e9tlen\u00fcl kellene odabiggyeszten\u00fcnk a sz\u00fcrke jelz\u0151t, mintha csak az \u00e9let rendes menete nem tartogathatna sz\u00e1munkra semmi meglepet\u00e9st, csod\u00e1t. Urunk megkeresztelked\u00e9s\u00e9nek \u00fcnnepe ut\u00e1n a liturgia foly\u00f3ja visszat\u00e9r az \u00e9vk\u00f6zi id\u0151 nyugodt medr\u00e9be, \u00e9s m\u00e1rciusig, hamvaz\u00f3szerd\u00e1ig ebben h\u00f6mp\u00f6ly\u00f6g tov\u00e1bb. Az \u00e9vk\u00f6zi id\u0151 m\u00e1sik nagy szakasza p\u00fcnk\u00f6sdt\u0151l advent els\u0151 vas\u00e1rnapj\u00e1ig tart. Fontos tudnunk, hogy a liturgikus id\u0151sz\u00e1m\u00edt\u00e1s leg\u0151sibb alapritmusa az \u00e9vk\u00f6zi id\u0151\u00e9. Az apostoli kor kereszt\u00e9nyei \u2013 ha szabad ezt mondani \u2013 vas\u00e1rnapr\u00f3l vas\u00e1rnapra \u00e9ltek. A h\u00e9t els\u0151 napja az \u00dar napja \u2013 \u00edgy nevezt\u00e9k, amikor a megkereszteltek egybegy\u0171ltek, hogy meg\u00fcnnepelj\u00e9k Uruk, Krisztus felt\u00e1mad\u00e1s\u00e1t: meghallgass\u00e1k a r\u00f3la sz\u00f3l\u00f3 igehirdet\u00e9st, \u00e9s megt\u00f6rj\u00e9k a kenyeret (pl. ApCsel 20,7kk). Innen nevezt\u00e9k \u0151ket egyh\u00e1znak, az \u00f6sszegy\u0171jt\u00f6ttek pr\u00f3f\u00e9tai n\u00e9p\u00e9nek (l\u00e1sd a g\u00f6r\u00f6g\u00a0ekkl\u00e9szia, \u201eegyh\u00e1z\u201d sz\u00f3 eredeti jelent\u00e9s\u00e9t). Amikor az \u00e9vk\u00f6zi id\u0151ben vagyunk, nem m\u00e1sodrend\u0171... R\u00e9szletek","og_url":"https:\/\/stuttgarti-katolikusok.de\/index.php\/evkozi-ido-2\/","og_site_name":"Stuttgarti Katolikusok","article_published_time":"2019-06-28T16:03:27+00:00","article_modified_time":"2019-06-28T16:03:42+00:00","og_image":[{"width":500,"height":310,"url":"https:\/\/stuttgarti-katolikusok.de\/wp-content\/uploads\/2019\/06\/evkozi-ido.jpg","type":"image\/jpeg"}],"author":"Tibor atya","twitter_card":"summary_large_image","twitter_misc":{"Szerz\u0151:":"Tibor atya","Becs\u00fclt olvas\u00e1si id\u0151":"11 perc"},"schema":{"@context":"https:\/\/schema.org","@graph":[{"@type":"Article","@id":"https:\/\/stuttgarti-katolikusok.de\/index.php\/evkozi-ido-2\/#article","isPartOf":{"@id":"https:\/\/stuttgarti-katolikusok.de\/index.php\/evkozi-ido-2\/"},"author":{"name":"Tibor atya","@id":"https:\/\/stuttgarti-katolikusok.de\/#\/schema\/person\/75908d6f8fdc03a57889d27209df7795"},"headline":"\u00c9vk\u00f6zi id\u0151","datePublished":"2019-06-28T16:03:27+00:00","dateModified":"2019-06-28T16:03:42+00:00","mainEntityOfPage":{"@id":"https:\/\/stuttgarti-katolikusok.de\/index.php\/evkozi-ido-2\/"},"wordCount":2176,"image":{"@id":"https:\/\/stuttgarti-katolikusok.de\/index.php\/evkozi-ido-2\/#primaryimage"},"thumbnailUrl":"https:\/\/stuttgarti-katolikusok.de\/wp-content\/uploads\/2019\/06\/evkozi-ido.jpg","articleSection":["V\u00e1logatott \u00edr\u00e1sok"],"inLanguage":"hu"},{"@type":"WebPage","@id":"https:\/\/stuttgarti-katolikusok.de\/index.php\/evkozi-ido-2\/","url":"https:\/\/stuttgarti-katolikusok.de\/index.php\/evkozi-ido-2\/","name":"\u00c9vk\u00f6zi id\u0151 - Stuttgarti Katolikusok","isPartOf":{"@id":"https:\/\/stuttgarti-katolikusok.de\/#website"},"primaryImageOfPage":{"@id":"https:\/\/stuttgarti-katolikusok.de\/index.php\/evkozi-ido-2\/#primaryimage"},"image":{"@id":"https:\/\/stuttgarti-katolikusok.de\/index.php\/evkozi-ido-2\/#primaryimage"},"thumbnailUrl":"https:\/\/stuttgarti-katolikusok.de\/wp-content\/uploads\/2019\/06\/evkozi-ido.jpg","datePublished":"2019-06-28T16:03:27+00:00","dateModified":"2019-06-28T16:03:42+00:00","author":{"@id":"https:\/\/stuttgarti-katolikusok.de\/#\/schema\/person\/75908d6f8fdc03a57889d27209df7795"},"breadcrumb":{"@id":"https:\/\/stuttgarti-katolikusok.de\/index.php\/evkozi-ido-2\/#breadcrumb"},"inLanguage":"hu","potentialAction":[{"@type":"ReadAction","target":["https:\/\/stuttgarti-katolikusok.de\/index.php\/evkozi-ido-2\/"]}]},{"@type":"ImageObject","inLanguage":"hu","@id":"https:\/\/stuttgarti-katolikusok.de\/index.php\/evkozi-ido-2\/#primaryimage","url":"https:\/\/stuttgarti-katolikusok.de\/wp-content\/uploads\/2019\/06\/evkozi-ido.jpg","contentUrl":"https:\/\/stuttgarti-katolikusok.de\/wp-content\/uploads\/2019\/06\/evkozi-ido.jpg","width":500,"height":310},{"@type":"BreadcrumbList","@id":"https:\/\/stuttgarti-katolikusok.de\/index.php\/evkozi-ido-2\/#breadcrumb","itemListElement":[{"@type":"ListItem","position":1,"name":"Kezd\u0151lap","item":"https:\/\/stuttgarti-katolikusok.de\/"},{"@type":"ListItem","position":2,"name":"\u00c9vk\u00f6zi id\u0151"}]},{"@type":"WebSite","@id":"https:\/\/stuttgarti-katolikusok.de\/#website","url":"https:\/\/stuttgarti-katolikusok.de\/","name":"Stuttgarti Katolikusok","description":"","potentialAction":[{"@type":"SearchAction","target":{"@type":"EntryPoint","urlTemplate":"https:\/\/stuttgarti-katolikusok.de\/?s={search_term_string}"},"query-input":{"@type":"PropertyValueSpecification","valueRequired":true,"valueName":"search_term_string"}}],"inLanguage":"hu"},{"@type":"Person","@id":"https:\/\/stuttgarti-katolikusok.de\/#\/schema\/person\/75908d6f8fdc03a57889d27209df7795","name":"Tibor atya","image":{"@type":"ImageObject","inLanguage":"hu","@id":"https:\/\/secure.gravatar.com\/avatar\/61d268e57d1f4525b111222e29d2d5a7f8c420fdbf231ba5566a8ceac74fa960?s=96&d=mm&r=g","url":"https:\/\/secure.gravatar.com\/avatar\/61d268e57d1f4525b111222e29d2d5a7f8c420fdbf231ba5566a8ceac74fa960?s=96&d=mm&r=g","contentUrl":"https:\/\/secure.gravatar.com\/avatar\/61d268e57d1f4525b111222e29d2d5a7f8c420fdbf231ba5566a8ceac74fa960?s=96&d=mm&r=g","caption":"Tibor atya"},"url":"https:\/\/stuttgarti-katolikusok.de\/index.php\/author\/tibor-atya\/"}]}},"_links":{"self":[{"href":"https:\/\/stuttgarti-katolikusok.de\/index.php\/wp-json\/wp\/v2\/posts\/17238","targetHints":{"allow":["GET"]}}],"collection":[{"href":"https:\/\/stuttgarti-katolikusok.de\/index.php\/wp-json\/wp\/v2\/posts"}],"about":[{"href":"https:\/\/stuttgarti-katolikusok.de\/index.php\/wp-json\/wp\/v2\/types\/post"}],"author":[{"embeddable":true,"href":"https:\/\/stuttgarti-katolikusok.de\/index.php\/wp-json\/wp\/v2\/users\/3"}],"replies":[{"embeddable":true,"href":"https:\/\/stuttgarti-katolikusok.de\/index.php\/wp-json\/wp\/v2\/comments?post=17238"}],"version-history":[{"count":2,"href":"https:\/\/stuttgarti-katolikusok.de\/index.php\/wp-json\/wp\/v2\/posts\/17238\/revisions"}],"predecessor-version":[{"id":17242,"href":"https:\/\/stuttgarti-katolikusok.de\/index.php\/wp-json\/wp\/v2\/posts\/17238\/revisions\/17242"}],"wp:featuredmedia":[{"embeddable":true,"href":"https:\/\/stuttgarti-katolikusok.de\/index.php\/wp-json\/wp\/v2\/media\/17239"}],"wp:attachment":[{"href":"https:\/\/stuttgarti-katolikusok.de\/index.php\/wp-json\/wp\/v2\/media?parent=17238"}],"wp:term":[{"taxonomy":"category","embeddable":true,"href":"https:\/\/stuttgarti-katolikusok.de\/index.php\/wp-json\/wp\/v2\/categories?post=17238"},{"taxonomy":"post_tag","embeddable":true,"href":"https:\/\/stuttgarti-katolikusok.de\/index.php\/wp-json\/wp\/v2\/tags?post=17238"}],"curies":[{"name":"wp","href":"https:\/\/api.w.org\/{rel}","templated":true}]}}