{"id":17155,"date":"2019-06-19T15:03:51","date_gmt":"2019-06-19T15:03:51","guid":{"rendered":"https:\/\/gracious-dewdney.138-201-221-2.plesk.page\/?p=17155"},"modified":"2019-06-19T19:30:18","modified_gmt":"2019-06-19T19:30:18","slug":"programelozetes-junius-16-es-julius-14-kozott","status":"publish","type":"post","link":"https:\/\/stuttgarti-katolikusok.de\/index.php\/programelozetes-junius-16-es-julius-14-kozott\/","title":{"rendered":"Programel\u0151zetes j\u00fanius 16 \u00e9s j\u00falius 14 k\u00f6z\u00f6tt"},"content":{"rendered":"<p><strong>Programel\u0151zetes<\/strong><\/p>\n<p><strong>J\u00fanius 20-\u00e1n, <\/strong>cs\u00fct\u00f6rt\u00f6k\u00f6n, \u00darnapj\u00e1n,<\/p>\n<p><strong>Ulmban <\/strong>9.00 \u00f3rakor a Marktplatzon <em>k\u00f6z\u00f6s \u00farnapi szentmise<\/em> a m\u00e1s anyanyelv\u0171 k\u00f6z\u00f6ss\u00e9gekkel egy\u00fctt. Az esti szentmise ELMARAD!<\/p>\n<p style=\"text-align: center;\">*<\/p>\n<p><strong>J\u00fanius 21-\u00e9n, <\/strong>p\u00e9nteken,<\/p>\n<p><strong>Stuttgartban<\/strong> 16.00 \u00f3rakor <em>Bar\u00e1ts\u00e1gklub. <\/em>18.00 \u00f3rakor <em>J\u00e9zus Sz\u00edve \u00e1jtatoss\u00e1g<\/em>. Majd <em>szentmise, <\/em>keret\u00e9ben <em>Besz\u00e9lget\u00e9sek a Katekizmusr\u00f3l. <\/em>19.00 \u00f3rakor <em>Bibliak\u00f6r.<\/em><\/p>\n<p><strong>Weingartenben, <\/strong>a Marien-Kirche-ben 18.30 \u00f3rakor<em> r\u00f3zsaf\u00fcz\u00e9r im\u00e1ds\u00e1g, <\/em>ut\u00e1na <em>szentmise<\/em>.<\/p>\n<p style=\"text-align: center;\">*<\/p>\n<p><strong>J\u00fanius 22-\u00e9n, <\/strong>szombaton,<\/p>\n<p><strong>Heidenheimban <\/strong>15.30 \u00f3rakor <em>igeistentisztelet. <\/em>Ut\u00e1na <em>\u00e1g\u00e1p\u00e9.<\/em><\/p>\n<p><strong>Biberachban<\/strong> <em>templomb\u00facs\u00fa: \u00c1rp\u00e1dh\u00e1zi Szent Kinga \u00fcnnepe. <\/em>16.00 \u00f3rakor <em>szentmise<\/em>, ut\u00e1na <em>\u00e1g\u00e1p\u00e9<\/em>.<\/p>\n<p><strong>Reutlingenben <\/strong>16.30 \u00f3rakor <em>szentmise, <\/em>ut\u00e1na <em>\u00e1g\u00e1p\u00e9.<\/em><\/p>\n<p style=\"text-align: center;\">*<\/p>\n<p><strong>J\u00fanius 23-\u00e1n, <\/strong>\u00e9vk\u00f6zi 12. vas\u00e1rnapon,<\/p>\n<p><strong>B\u00f6blingenben <\/strong><em>templomb\u00facs\u00fa: Dr. Scheffler J\u00e1nos \u00e9s Dr. Bogd\u00e1nffy Szil\u00e1rd v\u00e9rtan\u00fa p\u00fcsp\u00f6k\u00f6k \u00fcnnepe. <\/em>9.30 \u00f3rakor <em>szentmise<\/em>, ut\u00e1na <em>\u00e1g\u00e1p\u00e9<\/em>.<\/p>\n<p><strong>Ulmban<\/strong> 12.00 \u00f3rakor <em>szentmise<\/em>.<\/p>\n<p><strong>Eislingenben<\/strong> 15.00 \u00f3rakor <em>szentmise<\/em>, ut\u00e1na <em>\u00e1g\u00e1p\u00e9<\/em>.<\/p>\n<p><strong>Heilbronnban <\/strong>15.30 \u00f3rakor <em>szentmise<\/em>, ut\u00e1na <em>\u00e1g\u00e1p\u00e9<\/em>.<\/p>\n<p style=\"text-align: center;\">*<\/p>\n<p><strong>J\u00fanius 27-\u00e9n, <\/strong>cs\u00fct\u00f6rt\u00f6k\u00f6n,<\/p>\n<p><strong>Ulmi d\u00e9lut\u00e1n,<\/strong> 18.30 \u00f3rakor <em>r\u00f3zsaf\u00fcz\u00e9r im\u00e1ds\u00e1g<\/em>, ut\u00e1na <em>szentmise<\/em>.<\/p>\n<p style=\"text-align: center;\">*<\/p>\n<p><strong>J\u00fanius 28-\u00e1n, <\/strong>p\u00e9nteken,<\/p>\n<p><strong>Stuttgartban<\/strong> 16.00 \u00f3rakor <em>Bar\u00e1ts\u00e1gklub. <\/em>A <em>J\u00e9zus Sz\u00edve \u00e1jtatoss\u00e1g <\/em>\u00e9s a <em>szentmise <\/em>ELMARAD! 19.00 \u00f3rakor <em>Sportklub.<\/em><\/p>\n<p><strong>Weingarteni d\u00e9lut\u00e1n<\/strong> a Marien-Kirche-ben. 18.30 \u00f3rakor <em>r\u00f3zsaf\u00fcz\u00e9r im\u00e1ds\u00e1g, <\/em>ut\u00e1na\u00a0 <em>szentmise. <\/em><\/p>\n<p style=\"text-align: center;\">*<\/p>\n<p><strong>J\u00fanius 30-\u00e1n, <\/strong>\u00e9vk\u00f6zi 13. vas\u00e1rnapon,<\/p>\n<p><strong>Tuttlingenben<\/strong> 15.00 \u00f3rakor <em>szentmise<\/em>, ut\u00e1na <em>\u00e1g\u00e1p\u00e9<\/em>.<\/p>\n<p style=\"text-align: center;\">*<\/p>\n<p><strong>J\u00falius 6-\u00e1n,<\/strong> szombaton,<\/p>\n<p><strong><em>bicikli-zar\u00e1ndoklat<\/em><\/strong>. \u00datir\u00e1ny: <strong>Mosbach<\/strong>. Jelentkezni lehet az Irod\u00e1n.<\/p>\n<p>*<\/p>\n<p><strong>J\u00falius <\/strong><strong>7-\u00e9n<\/strong>, \u00e9vk\u00f6zi 14. vas\u00e1rnapon,<\/p>\n<p><strong><em>Csal\u00e1di Nap<\/em><\/strong> a B\u00e4rensee mellett.<\/p>\n<p>9.30 \u00f3rakor <em>szentmise<\/em>, majd k\u00f6z\u00f6s <em>eb\u00e9d<\/em>, <em>sport<\/em> \u00e9s <em>bar\u00e1ti egy\u00fcttl\u00e9t<\/em> napestig!<\/p>\n<p style=\"text-align: center;\">*<\/p>\n<p><strong>J\u00falius 14-\u00e9n, <\/strong>\u00e9vk\u00f6zi 15. vas\u00e1rnapon,<\/p>\n<p><strong><em>Kis-zar\u00e1ndoklat<\/em><\/strong> Schramberg-Heiligenbronnba.<\/p>\n<p>11.30 \u00f3rakor \u00fcnnepi <em>szentmise<\/em>. Ut\u00e1na <em>eb\u00e9d<\/em>, <em>\u00e9nek<\/em> \u00e9s <em>bar\u00e1ti egy\u00fcttl\u00e9t<\/em>. Weingartenb\u0151l illetve<\/p>\n<p>Stuttgartb\u00f3l aut\u00f3busz indul. Aki vel\u00fcnk tartana, jelentkezz\u00e9k az Irod\u00e1n!<\/p>\n<p style=\"text-align: center;\">*<\/p>\n<p>Minden helyen mindenkit szeretettel v\u00e1r a k\u00f6z\u00f6ss\u00e9g, Imre atya \u00e9s Tibor atya!<\/p>\n<p style=\"text-align: center;\"><strong>*<\/strong><\/p>\n<p>Az egyh\u00e1zi \u00e9v I. fel\u00e9nek v\u00e9g\u00e9n <strong>k\u00f6sz\u00f6net<\/strong> az egyh\u00e1ztan\u00e1csosoknak, a leg\u00e1tusoknak, az \u00e1ldoztat\u00f3knak, a felolvas\u00f3knak, az orgonist\u00e1knak, a sekresty\u00e9seknek, a ministr\u00e1nsoknak, az \u00e1g\u00e1p\u00e9soknak \u00e9s valamennyi \u00f6nk\u00e9ntes seg\u00edt\u0151nek a sok \u00e1ldozat\u00e9rt, melyet r\u00e9szegyh\u00e1zk\u00f6zs\u00e9geink\u00e9rt hoznak. Isten fizesse meg nekik sz\u00e1zszorosan!<\/p>\n<p style=\"text-align: center;\">*<\/p>\n<p><strong>Az aty\u00e1k szabads\u00e1ga:<\/strong> <em>Tibor atya<\/em> j\u00falius h\u00f3napban, <em>j\u00f3magam<\/em> augusztusban szabads\u00e1golok. Ez alatt az id\u0151 alatt forduljatok minden \u00fcgyetekben bizalommal a helyi n\u00e9met egyh\u00e1zk\u00f6zs\u00e9g pl\u00e9b\u00e1nos\u00e1hoz.<\/p>\n<p style=\"text-align: center;\">*<\/p>\n<p><em>\u00a0<\/em><em>\u201eIsten el\u0151sz\u00f6r nem az \u00e9rtelemhez fordul, hanem a sz\u00edvhez.\u201d<\/em> <strong>(Peter Wust \u2013 1884-1940 \u2013 n\u00e9met katolikus filoz\u00f3fus)<\/strong><\/p>\n<p>Minden kedves H\u00edv\u00fcnknek tartalmas nyarat k\u00edv\u00e1nunk, sok napf\u00e9nnyel, pihentet\u0151 programokkal, j\u00f3 eg\u00e9szs\u00e9ggel \u00e9s lelki tartalommal! Ne feledkezzenek meg sem otthon sem idegenben a vas\u00e1rnapi szentmis\u00e9r\u0151l!<\/p>\n","protected":false},"excerpt":{"rendered":"<p>Programel\u0151zetes J\u00fanius 20-\u00e1n, cs\u00fct\u00f6rt\u00f6k\u00f6n, \u00darnapj\u00e1n, Ulmban 9.00 \u00f3rakor a Marktplatzon k\u00f6z\u00f6s \u00farnapi szentmise a m\u00e1s anyanyelv\u0171 k\u00f6z\u00f6ss\u00e9gekkel egy\u00fctt. Az esti szentmise ELMARAD! * J\u00fanius 21-\u00e9n, p\u00e9nteken, Stuttgartban 16.00 \u00f3rakor Bar\u00e1ts\u00e1gklub. 18.00 \u00f3rakor J\u00e9zus Sz\u00edve \u00e1jtatoss\u00e1g. Majd szentmise, keret\u00e9ben Besz\u00e9lget\u00e9sek a Katekizmusr\u00f3l. 19.00 \u00f3rakor Bibliak\u00f6r. Weingartenben, a Marien-Kirche-ben 18.30 \u00f3rakor r\u00f3zsaf\u00fcz\u00e9r im\u00e1ds\u00e1g, ut\u00e1na szentmise. * J\u00fanius 22-\u00e9n, szombaton, Heidenheimban 15.30 \u00f3rakor igeistentisztelet. Ut\u00e1na \u00e1g\u00e1p\u00e9. Biberachban templomb\u00facs\u00fa: \u00c1rp\u00e1dh\u00e1zi Szent Kinga \u00fcnnepe. 16.00 \u00f3rakor szentmise, ut\u00e1na \u00e1g\u00e1p\u00e9. Reutlingenben 16.30 \u00f3rakor szentmise, ut\u00e1na \u00e1g\u00e1p\u00e9. * J\u00fanius 23-\u00e1n, \u00e9vk\u00f6zi 12. vas\u00e1rnapon, B\u00f6blingenben templomb\u00facs\u00fa: Dr. Scheffler J\u00e1nos \u00e9s Dr. Bogd\u00e1nffy Szil\u00e1rd v\u00e9rtan\u00fa p\u00fcsp\u00f6k\u00f6k \u00fcnnepe. 9.30 \u00f3rakor szentmise, ut\u00e1na \u00e1g\u00e1p\u00e9. Ulmban 12.00 \u00f3rakor szentmise. Eislingenben 15.00 \u00f3rakor szentmise, ut\u00e1na \u00e1g\u00e1p\u00e9. Heilbronnban 15.30 \u00f3rakor szentmise, ut\u00e1na \u00e1g\u00e1p\u00e9. * J\u00fanius 27-\u00e9n, cs\u00fct\u00f6rt\u00f6k\u00f6n, Ulmi d\u00e9lut\u00e1n, 18.30 \u00f3rakor r\u00f3zsaf\u00fcz\u00e9r im\u00e1ds\u00e1g, ut\u00e1na szentmise. * J\u00fanius 28-\u00e1n, p\u00e9nteken, Stuttgartban 16.00 \u00f3rakor Bar\u00e1ts\u00e1gklub. A J\u00e9zus Sz\u00edve \u00e1jtatoss\u00e1g \u00e9s a szentmise ELMARAD! 19.00 \u00f3rakor Sportklub. Weingarteni d\u00e9lut\u00e1n a Marien-Kirche-ben. 18.30 \u00f3rakor r\u00f3zsaf\u00fcz\u00e9r im\u00e1ds\u00e1g, ut\u00e1na\u00a0 szentmise. * J\u00fanius 30-\u00e1n, \u00e9vk\u00f6zi 13. vas\u00e1rnapon, Tuttlingenben 15.00 \u00f3rakor szentmise, ut\u00e1na \u00e1g\u00e1p\u00e9. * J\u00falius 6-\u00e1n, szombaton, bicikli-zar\u00e1ndoklat. \u00datir\u00e1ny: Mosbach. Jelentkezni lehet az Irod\u00e1n. * J\u00falius 7-\u00e9n, \u00e9vk\u00f6zi 14. vas\u00e1rnapon, Csal\u00e1di Nap a B\u00e4rensee mellett. 9.30 \u00f3rakor szentmise, majd k\u00f6z\u00f6s eb\u00e9d, sport \u00e9s bar\u00e1ti egy\u00fcttl\u00e9t napestig! * J\u00falius 14-\u00e9n, \u00e9vk\u00f6zi 15. vas\u00e1rnapon, Kis-zar\u00e1ndoklat Schramberg-Heiligenbronnba. 11.30 \u00f3rakor \u00fcnnepi szentmise. Ut\u00e1na eb\u00e9d, \u00e9nek \u00e9s bar\u00e1ti egy\u00fcttl\u00e9t. Weingartenb\u0151l illetve Stuttgartb\u00f3l aut\u00f3busz indul. Aki vel\u00fcnk tartana, jelentkezz\u00e9k az Irod\u00e1n! * Minden helyen mindenkit szeretettel v\u00e1r a k\u00f6z\u00f6ss\u00e9g, Imre atya \u00e9s Tibor atya! * Az egyh\u00e1zi \u00e9v I. fel\u00e9nek v\u00e9g\u00e9n k\u00f6sz\u00f6net az egyh\u00e1ztan\u00e1csosoknak, a leg\u00e1tusoknak, az \u00e1ldoztat\u00f3knak, a felolvas\u00f3knak, az orgonist\u00e1knak, a sekresty\u00e9seknek, a ministr\u00e1nsoknak, az \u00e1g\u00e1p\u00e9soknak \u00e9s valamennyi \u00f6nk\u00e9ntes seg\u00edt\u0151nek a sok \u00e1ldozat\u00e9rt, melyet r\u00e9szegyh\u00e1zk\u00f6zs\u00e9geink\u00e9rt hoznak. Isten fizesse meg nekik sz\u00e1zszorosan! * Az aty\u00e1k szabads\u00e1ga: Tibor atya j\u00falius h\u00f3napban, j\u00f3magam augusztusban szabads\u00e1golok. Ez alatt az&#8230; <\/p>\n<p><a class=\"readmore\" href=\"https:\/\/stuttgarti-katolikusok.de\/index.php\/programelozetes-junius-16-es-julius-14-kozott\/\">R\u00e9szletek<\/a><\/p>\n","protected":false},"author":3,"featured_media":17156,"comment_status":"closed","ping_status":"closed","sticky":false,"template":"","format":"standard","meta":{"footnotes":""},"categories":[37],"tags":[],"class_list":["post-17155","post","type-post","status-publish","format-standard","has-post-thumbnail","hentry","category-progamelozetes"],"yoast_head":"<!-- This site is optimized with the Yoast SEO plugin v27.3 - https:\/\/yoast.com\/product\/yoast-seo-wordpress\/ -->\n<title>Programel\u0151zetes j\u00fanius 16 \u00e9s j\u00falius 14 k\u00f6z\u00f6tt - Stuttgarti Katolikusok<\/title>\n<meta name=\"robots\" content=\"index, follow, max-snippet:-1, max-image-preview:large, max-video-preview:-1\" \/>\n<link rel=\"canonical\" href=\"https:\/\/stuttgarti-katolikusok.de\/index.php\/programelozetes-junius-16-es-julius-14-kozott\/\" \/>\n<meta property=\"og:locale\" content=\"hu_HU\" \/>\n<meta property=\"og:type\" content=\"article\" \/>\n<meta property=\"og:title\" content=\"Programel\u0151zetes j\u00fanius 16 \u00e9s j\u00falius 14 k\u00f6z\u00f6tt - Stuttgarti Katolikusok\" \/>\n<meta property=\"og:description\" content=\"Programel\u0151zetes J\u00fanius 20-\u00e1n, cs\u00fct\u00f6rt\u00f6k\u00f6n, \u00darnapj\u00e1n, Ulmban 9.00 \u00f3rakor a Marktplatzon k\u00f6z\u00f6s \u00farnapi szentmise a m\u00e1s anyanyelv\u0171 k\u00f6z\u00f6ss\u00e9gekkel egy\u00fctt. Az esti szentmise ELMARAD! * J\u00fanius 21-\u00e9n, p\u00e9nteken, Stuttgartban 16.00 \u00f3rakor Bar\u00e1ts\u00e1gklub. 18.00 \u00f3rakor J\u00e9zus Sz\u00edve \u00e1jtatoss\u00e1g. Majd szentmise, keret\u00e9ben Besz\u00e9lget\u00e9sek a Katekizmusr\u00f3l. 19.00 \u00f3rakor Bibliak\u00f6r. Weingartenben, a Marien-Kirche-ben 18.30 \u00f3rakor r\u00f3zsaf\u00fcz\u00e9r im\u00e1ds\u00e1g, ut\u00e1na szentmise. * J\u00fanius 22-\u00e9n, szombaton, Heidenheimban 15.30 \u00f3rakor igeistentisztelet. Ut\u00e1na \u00e1g\u00e1p\u00e9. Biberachban templomb\u00facs\u00fa: \u00c1rp\u00e1dh\u00e1zi Szent Kinga \u00fcnnepe. 16.00 \u00f3rakor szentmise, ut\u00e1na \u00e1g\u00e1p\u00e9. Reutlingenben 16.30 \u00f3rakor szentmise, ut\u00e1na \u00e1g\u00e1p\u00e9. * J\u00fanius 23-\u00e1n, \u00e9vk\u00f6zi 12. vas\u00e1rnapon, B\u00f6blingenben templomb\u00facs\u00fa: Dr. Scheffler J\u00e1nos \u00e9s Dr. Bogd\u00e1nffy Szil\u00e1rd v\u00e9rtan\u00fa p\u00fcsp\u00f6k\u00f6k \u00fcnnepe. 9.30 \u00f3rakor szentmise, ut\u00e1na \u00e1g\u00e1p\u00e9. Ulmban 12.00 \u00f3rakor szentmise. Eislingenben 15.00 \u00f3rakor szentmise, ut\u00e1na \u00e1g\u00e1p\u00e9. Heilbronnban 15.30 \u00f3rakor szentmise, ut\u00e1na \u00e1g\u00e1p\u00e9. * J\u00fanius 27-\u00e9n, cs\u00fct\u00f6rt\u00f6k\u00f6n, Ulmi d\u00e9lut\u00e1n, 18.30 \u00f3rakor r\u00f3zsaf\u00fcz\u00e9r im\u00e1ds\u00e1g, ut\u00e1na szentmise. * J\u00fanius 28-\u00e1n, p\u00e9nteken, Stuttgartban 16.00 \u00f3rakor Bar\u00e1ts\u00e1gklub. A J\u00e9zus Sz\u00edve \u00e1jtatoss\u00e1g \u00e9s a szentmise ELMARAD! 19.00 \u00f3rakor Sportklub. Weingarteni d\u00e9lut\u00e1n a Marien-Kirche-ben. 18.30 \u00f3rakor r\u00f3zsaf\u00fcz\u00e9r im\u00e1ds\u00e1g, ut\u00e1na\u00a0 szentmise. * J\u00fanius 30-\u00e1n, \u00e9vk\u00f6zi 13. vas\u00e1rnapon, Tuttlingenben 15.00 \u00f3rakor szentmise, ut\u00e1na \u00e1g\u00e1p\u00e9. * J\u00falius 6-\u00e1n, szombaton, bicikli-zar\u00e1ndoklat. \u00datir\u00e1ny: Mosbach. Jelentkezni lehet az Irod\u00e1n. * J\u00falius 7-\u00e9n, \u00e9vk\u00f6zi 14. vas\u00e1rnapon, Csal\u00e1di Nap a B\u00e4rensee mellett. 9.30 \u00f3rakor szentmise, majd k\u00f6z\u00f6s eb\u00e9d, sport \u00e9s bar\u00e1ti egy\u00fcttl\u00e9t napestig! * J\u00falius 14-\u00e9n, \u00e9vk\u00f6zi 15. vas\u00e1rnapon, Kis-zar\u00e1ndoklat Schramberg-Heiligenbronnba. 11.30 \u00f3rakor \u00fcnnepi szentmise. Ut\u00e1na eb\u00e9d, \u00e9nek \u00e9s bar\u00e1ti egy\u00fcttl\u00e9t. Weingartenb\u0151l illetve Stuttgartb\u00f3l aut\u00f3busz indul. Aki vel\u00fcnk tartana, jelentkezz\u00e9k az Irod\u00e1n! * Minden helyen mindenkit szeretettel v\u00e1r a k\u00f6z\u00f6ss\u00e9g, Imre atya \u00e9s Tibor atya! * Az egyh\u00e1zi \u00e9v I. fel\u00e9nek v\u00e9g\u00e9n k\u00f6sz\u00f6net az egyh\u00e1ztan\u00e1csosoknak, a leg\u00e1tusoknak, az \u00e1ldoztat\u00f3knak, a felolvas\u00f3knak, az orgonist\u00e1knak, a sekresty\u00e9seknek, a ministr\u00e1nsoknak, az \u00e1g\u00e1p\u00e9soknak \u00e9s valamennyi \u00f6nk\u00e9ntes seg\u00edt\u0151nek a sok \u00e1ldozat\u00e9rt, melyet r\u00e9szegyh\u00e1zk\u00f6zs\u00e9geink\u00e9rt hoznak. Isten fizesse meg nekik sz\u00e1zszorosan! * Az aty\u00e1k szabads\u00e1ga: Tibor atya j\u00falius h\u00f3napban, j\u00f3magam augusztusban szabads\u00e1golok. Ez alatt az... R\u00e9szletek\" \/>\n<meta property=\"og:url\" content=\"https:\/\/stuttgarti-katolikusok.de\/index.php\/programelozetes-junius-16-es-julius-14-kozott\/\" \/>\n<meta property=\"og:site_name\" content=\"Stuttgarti Katolikusok\" \/>\n<meta property=\"article:published_time\" content=\"2019-06-19T15:03:51+00:00\" \/>\n<meta property=\"article:modified_time\" content=\"2019-06-19T19:30:18+00:00\" \/>\n<meta property=\"og:image\" content=\"https:\/\/stuttgarti-katolikusok.de\/wp-content\/uploads\/2019\/06\/sziv.gif\" \/>\n\t<meta property=\"og:image:width\" content=\"332\" \/>\n\t<meta property=\"og:image:height\" content=\"345\" \/>\n\t<meta property=\"og:image:type\" content=\"image\/gif\" \/>\n<meta name=\"author\" content=\"Tibor atya\" \/>\n<meta name=\"twitter:card\" content=\"summary_large_image\" \/>\n<meta name=\"twitter:label1\" content=\"Szerz\u0151:\" \/>\n\t<meta name=\"twitter:data1\" content=\"Tibor atya\" \/>\n\t<meta name=\"twitter:label2\" content=\"Becs\u00fclt olvas\u00e1si id\u0151\" \/>\n\t<meta name=\"twitter:data2\" content=\"3 perc\" \/>\n<script type=\"application\/ld+json\" class=\"yoast-schema-graph\">{\"@context\":\"https:\\\/\\\/schema.org\",\"@graph\":[{\"@type\":\"Article\",\"@id\":\"https:\\\/\\\/stuttgarti-katolikusok.de\\\/index.php\\\/programelozetes-junius-16-es-julius-14-kozott\\\/#article\",\"isPartOf\":{\"@id\":\"https:\\\/\\\/stuttgarti-katolikusok.de\\\/index.php\\\/programelozetes-junius-16-es-julius-14-kozott\\\/\"},\"author\":{\"name\":\"Tibor atya\",\"@id\":\"https:\\\/\\\/stuttgarti-katolikusok.de\\\/#\\\/schema\\\/person\\\/75908d6f8fdc03a57889d27209df7795\"},\"headline\":\"Programel\u0151zetes j\u00fanius 16 \u00e9s j\u00falius 14 k\u00f6z\u00f6tt\",\"datePublished\":\"2019-06-19T15:03:51+00:00\",\"dateModified\":\"2019-06-19T19:30:18+00:00\",\"mainEntityOfPage\":{\"@id\":\"https:\\\/\\\/stuttgarti-katolikusok.de\\\/index.php\\\/programelozetes-junius-16-es-julius-14-kozott\\\/\"},\"wordCount\":517,\"image\":{\"@id\":\"https:\\\/\\\/stuttgarti-katolikusok.de\\\/index.php\\\/programelozetes-junius-16-es-julius-14-kozott\\\/#primaryimage\"},\"thumbnailUrl\":\"https:\\\/\\\/stuttgarti-katolikusok.de\\\/wp-content\\\/uploads\\\/2019\\\/06\\\/sziv.gif\",\"articleSection\":[\"Progamel\u0151zetes\"],\"inLanguage\":\"hu\"},{\"@type\":\"WebPage\",\"@id\":\"https:\\\/\\\/stuttgarti-katolikusok.de\\\/index.php\\\/programelozetes-junius-16-es-julius-14-kozott\\\/\",\"url\":\"https:\\\/\\\/stuttgarti-katolikusok.de\\\/index.php\\\/programelozetes-junius-16-es-julius-14-kozott\\\/\",\"name\":\"Programel\u0151zetes j\u00fanius 16 \u00e9s j\u00falius 14 k\u00f6z\u00f6tt - Stuttgarti Katolikusok\",\"isPartOf\":{\"@id\":\"https:\\\/\\\/stuttgarti-katolikusok.de\\\/#website\"},\"primaryImageOfPage\":{\"@id\":\"https:\\\/\\\/stuttgarti-katolikusok.de\\\/index.php\\\/programelozetes-junius-16-es-julius-14-kozott\\\/#primaryimage\"},\"image\":{\"@id\":\"https:\\\/\\\/stuttgarti-katolikusok.de\\\/index.php\\\/programelozetes-junius-16-es-julius-14-kozott\\\/#primaryimage\"},\"thumbnailUrl\":\"https:\\\/\\\/stuttgarti-katolikusok.de\\\/wp-content\\\/uploads\\\/2019\\\/06\\\/sziv.gif\",\"datePublished\":\"2019-06-19T15:03:51+00:00\",\"dateModified\":\"2019-06-19T19:30:18+00:00\",\"author\":{\"@id\":\"https:\\\/\\\/stuttgarti-katolikusok.de\\\/#\\\/schema\\\/person\\\/75908d6f8fdc03a57889d27209df7795\"},\"breadcrumb\":{\"@id\":\"https:\\\/\\\/stuttgarti-katolikusok.de\\\/index.php\\\/programelozetes-junius-16-es-julius-14-kozott\\\/#breadcrumb\"},\"inLanguage\":\"hu\",\"potentialAction\":[{\"@type\":\"ReadAction\",\"target\":[\"https:\\\/\\\/stuttgarti-katolikusok.de\\\/index.php\\\/programelozetes-junius-16-es-julius-14-kozott\\\/\"]}]},{\"@type\":\"ImageObject\",\"inLanguage\":\"hu\",\"@id\":\"https:\\\/\\\/stuttgarti-katolikusok.de\\\/index.php\\\/programelozetes-junius-16-es-julius-14-kozott\\\/#primaryimage\",\"url\":\"https:\\\/\\\/stuttgarti-katolikusok.de\\\/wp-content\\\/uploads\\\/2019\\\/06\\\/sziv.gif\",\"contentUrl\":\"https:\\\/\\\/stuttgarti-katolikusok.de\\\/wp-content\\\/uploads\\\/2019\\\/06\\\/sziv.gif\",\"width\":332,\"height\":345},{\"@type\":\"BreadcrumbList\",\"@id\":\"https:\\\/\\\/stuttgarti-katolikusok.de\\\/index.php\\\/programelozetes-junius-16-es-julius-14-kozott\\\/#breadcrumb\",\"itemListElement\":[{\"@type\":\"ListItem\",\"position\":1,\"name\":\"Kezd\u0151lap\",\"item\":\"https:\\\/\\\/stuttgarti-katolikusok.de\\\/\"},{\"@type\":\"ListItem\",\"position\":2,\"name\":\"Programel\u0151zetes j\u00fanius 16 \u00e9s j\u00falius 14 k\u00f6z\u00f6tt\"}]},{\"@type\":\"WebSite\",\"@id\":\"https:\\\/\\\/stuttgarti-katolikusok.de\\\/#website\",\"url\":\"https:\\\/\\\/stuttgarti-katolikusok.de\\\/\",\"name\":\"Stuttgarti Katolikusok\",\"description\":\"\",\"potentialAction\":[{\"@type\":\"SearchAction\",\"target\":{\"@type\":\"EntryPoint\",\"urlTemplate\":\"https:\\\/\\\/stuttgarti-katolikusok.de\\\/?s={search_term_string}\"},\"query-input\":{\"@type\":\"PropertyValueSpecification\",\"valueRequired\":true,\"valueName\":\"search_term_string\"}}],\"inLanguage\":\"hu\"},{\"@type\":\"Person\",\"@id\":\"https:\\\/\\\/stuttgarti-katolikusok.de\\\/#\\\/schema\\\/person\\\/75908d6f8fdc03a57889d27209df7795\",\"name\":\"Tibor atya\",\"image\":{\"@type\":\"ImageObject\",\"inLanguage\":\"hu\",\"@id\":\"https:\\\/\\\/secure.gravatar.com\\\/avatar\\\/61d268e57d1f4525b111222e29d2d5a7f8c420fdbf231ba5566a8ceac74fa960?s=96&d=mm&r=g\",\"url\":\"https:\\\/\\\/secure.gravatar.com\\\/avatar\\\/61d268e57d1f4525b111222e29d2d5a7f8c420fdbf231ba5566a8ceac74fa960?s=96&d=mm&r=g\",\"contentUrl\":\"https:\\\/\\\/secure.gravatar.com\\\/avatar\\\/61d268e57d1f4525b111222e29d2d5a7f8c420fdbf231ba5566a8ceac74fa960?s=96&d=mm&r=g\",\"caption\":\"Tibor atya\"},\"url\":\"https:\\\/\\\/stuttgarti-katolikusok.de\\\/index.php\\\/author\\\/tibor-atya\\\/\"}]}<\/script>\n<!-- \/ Yoast SEO plugin. -->","yoast_head_json":{"title":"Programel\u0151zetes j\u00fanius 16 \u00e9s j\u00falius 14 k\u00f6z\u00f6tt - Stuttgarti Katolikusok","robots":{"index":"index","follow":"follow","max-snippet":"max-snippet:-1","max-image-preview":"max-image-preview:large","max-video-preview":"max-video-preview:-1"},"canonical":"https:\/\/stuttgarti-katolikusok.de\/index.php\/programelozetes-junius-16-es-julius-14-kozott\/","og_locale":"hu_HU","og_type":"article","og_title":"Programel\u0151zetes j\u00fanius 16 \u00e9s j\u00falius 14 k\u00f6z\u00f6tt - Stuttgarti Katolikusok","og_description":"Programel\u0151zetes J\u00fanius 20-\u00e1n, cs\u00fct\u00f6rt\u00f6k\u00f6n, \u00darnapj\u00e1n, Ulmban 9.00 \u00f3rakor a Marktplatzon k\u00f6z\u00f6s \u00farnapi szentmise a m\u00e1s anyanyelv\u0171 k\u00f6z\u00f6ss\u00e9gekkel egy\u00fctt. Az esti szentmise ELMARAD! * J\u00fanius 21-\u00e9n, p\u00e9nteken, Stuttgartban 16.00 \u00f3rakor Bar\u00e1ts\u00e1gklub. 18.00 \u00f3rakor J\u00e9zus Sz\u00edve \u00e1jtatoss\u00e1g. Majd szentmise, keret\u00e9ben Besz\u00e9lget\u00e9sek a Katekizmusr\u00f3l. 19.00 \u00f3rakor Bibliak\u00f6r. Weingartenben, a Marien-Kirche-ben 18.30 \u00f3rakor r\u00f3zsaf\u00fcz\u00e9r im\u00e1ds\u00e1g, ut\u00e1na szentmise. * J\u00fanius 22-\u00e9n, szombaton, Heidenheimban 15.30 \u00f3rakor igeistentisztelet. Ut\u00e1na \u00e1g\u00e1p\u00e9. Biberachban templomb\u00facs\u00fa: \u00c1rp\u00e1dh\u00e1zi Szent Kinga \u00fcnnepe. 16.00 \u00f3rakor szentmise, ut\u00e1na \u00e1g\u00e1p\u00e9. Reutlingenben 16.30 \u00f3rakor szentmise, ut\u00e1na \u00e1g\u00e1p\u00e9. * J\u00fanius 23-\u00e1n, \u00e9vk\u00f6zi 12. vas\u00e1rnapon, B\u00f6blingenben templomb\u00facs\u00fa: Dr. Scheffler J\u00e1nos \u00e9s Dr. Bogd\u00e1nffy Szil\u00e1rd v\u00e9rtan\u00fa p\u00fcsp\u00f6k\u00f6k \u00fcnnepe. 9.30 \u00f3rakor szentmise, ut\u00e1na \u00e1g\u00e1p\u00e9. Ulmban 12.00 \u00f3rakor szentmise. Eislingenben 15.00 \u00f3rakor szentmise, ut\u00e1na \u00e1g\u00e1p\u00e9. Heilbronnban 15.30 \u00f3rakor szentmise, ut\u00e1na \u00e1g\u00e1p\u00e9. * J\u00fanius 27-\u00e9n, cs\u00fct\u00f6rt\u00f6k\u00f6n, Ulmi d\u00e9lut\u00e1n, 18.30 \u00f3rakor r\u00f3zsaf\u00fcz\u00e9r im\u00e1ds\u00e1g, ut\u00e1na szentmise. * J\u00fanius 28-\u00e1n, p\u00e9nteken, Stuttgartban 16.00 \u00f3rakor Bar\u00e1ts\u00e1gklub. A J\u00e9zus Sz\u00edve \u00e1jtatoss\u00e1g \u00e9s a szentmise ELMARAD! 19.00 \u00f3rakor Sportklub. Weingarteni d\u00e9lut\u00e1n a Marien-Kirche-ben. 18.30 \u00f3rakor r\u00f3zsaf\u00fcz\u00e9r im\u00e1ds\u00e1g, ut\u00e1na\u00a0 szentmise. * J\u00fanius 30-\u00e1n, \u00e9vk\u00f6zi 13. vas\u00e1rnapon, Tuttlingenben 15.00 \u00f3rakor szentmise, ut\u00e1na \u00e1g\u00e1p\u00e9. * J\u00falius 6-\u00e1n, szombaton, bicikli-zar\u00e1ndoklat. \u00datir\u00e1ny: Mosbach. Jelentkezni lehet az Irod\u00e1n. * J\u00falius 7-\u00e9n, \u00e9vk\u00f6zi 14. vas\u00e1rnapon, Csal\u00e1di Nap a B\u00e4rensee mellett. 9.30 \u00f3rakor szentmise, majd k\u00f6z\u00f6s eb\u00e9d, sport \u00e9s bar\u00e1ti egy\u00fcttl\u00e9t napestig! * J\u00falius 14-\u00e9n, \u00e9vk\u00f6zi 15. vas\u00e1rnapon, Kis-zar\u00e1ndoklat Schramberg-Heiligenbronnba. 11.30 \u00f3rakor \u00fcnnepi szentmise. Ut\u00e1na eb\u00e9d, \u00e9nek \u00e9s bar\u00e1ti egy\u00fcttl\u00e9t. Weingartenb\u0151l illetve Stuttgartb\u00f3l aut\u00f3busz indul. Aki vel\u00fcnk tartana, jelentkezz\u00e9k az Irod\u00e1n! * Minden helyen mindenkit szeretettel v\u00e1r a k\u00f6z\u00f6ss\u00e9g, Imre atya \u00e9s Tibor atya! * Az egyh\u00e1zi \u00e9v I. fel\u00e9nek v\u00e9g\u00e9n k\u00f6sz\u00f6net az egyh\u00e1ztan\u00e1csosoknak, a leg\u00e1tusoknak, az \u00e1ldoztat\u00f3knak, a felolvas\u00f3knak, az orgonist\u00e1knak, a sekresty\u00e9seknek, a ministr\u00e1nsoknak, az \u00e1g\u00e1p\u00e9soknak \u00e9s valamennyi \u00f6nk\u00e9ntes seg\u00edt\u0151nek a sok \u00e1ldozat\u00e9rt, melyet r\u00e9szegyh\u00e1zk\u00f6zs\u00e9geink\u00e9rt hoznak. Isten fizesse meg nekik sz\u00e1zszorosan! * Az aty\u00e1k szabads\u00e1ga: Tibor atya j\u00falius h\u00f3napban, j\u00f3magam augusztusban szabads\u00e1golok. Ez alatt az... R\u00e9szletek","og_url":"https:\/\/stuttgarti-katolikusok.de\/index.php\/programelozetes-junius-16-es-julius-14-kozott\/","og_site_name":"Stuttgarti Katolikusok","article_published_time":"2019-06-19T15:03:51+00:00","article_modified_time":"2019-06-19T19:30:18+00:00","og_image":[{"width":332,"height":345,"url":"https:\/\/stuttgarti-katolikusok.de\/wp-content\/uploads\/2019\/06\/sziv.gif","type":"image\/gif"}],"author":"Tibor atya","twitter_card":"summary_large_image","twitter_misc":{"Szerz\u0151:":"Tibor atya","Becs\u00fclt olvas\u00e1si id\u0151":"3 perc"},"schema":{"@context":"https:\/\/schema.org","@graph":[{"@type":"Article","@id":"https:\/\/stuttgarti-katolikusok.de\/index.php\/programelozetes-junius-16-es-julius-14-kozott\/#article","isPartOf":{"@id":"https:\/\/stuttgarti-katolikusok.de\/index.php\/programelozetes-junius-16-es-julius-14-kozott\/"},"author":{"name":"Tibor atya","@id":"https:\/\/stuttgarti-katolikusok.de\/#\/schema\/person\/75908d6f8fdc03a57889d27209df7795"},"headline":"Programel\u0151zetes j\u00fanius 16 \u00e9s j\u00falius 14 k\u00f6z\u00f6tt","datePublished":"2019-06-19T15:03:51+00:00","dateModified":"2019-06-19T19:30:18+00:00","mainEntityOfPage":{"@id":"https:\/\/stuttgarti-katolikusok.de\/index.php\/programelozetes-junius-16-es-julius-14-kozott\/"},"wordCount":517,"image":{"@id":"https:\/\/stuttgarti-katolikusok.de\/index.php\/programelozetes-junius-16-es-julius-14-kozott\/#primaryimage"},"thumbnailUrl":"https:\/\/stuttgarti-katolikusok.de\/wp-content\/uploads\/2019\/06\/sziv.gif","articleSection":["Progamel\u0151zetes"],"inLanguage":"hu"},{"@type":"WebPage","@id":"https:\/\/stuttgarti-katolikusok.de\/index.php\/programelozetes-junius-16-es-julius-14-kozott\/","url":"https:\/\/stuttgarti-katolikusok.de\/index.php\/programelozetes-junius-16-es-julius-14-kozott\/","name":"Programel\u0151zetes j\u00fanius 16 \u00e9s j\u00falius 14 k\u00f6z\u00f6tt - Stuttgarti Katolikusok","isPartOf":{"@id":"https:\/\/stuttgarti-katolikusok.de\/#website"},"primaryImageOfPage":{"@id":"https:\/\/stuttgarti-katolikusok.de\/index.php\/programelozetes-junius-16-es-julius-14-kozott\/#primaryimage"},"image":{"@id":"https:\/\/stuttgarti-katolikusok.de\/index.php\/programelozetes-junius-16-es-julius-14-kozott\/#primaryimage"},"thumbnailUrl":"https:\/\/stuttgarti-katolikusok.de\/wp-content\/uploads\/2019\/06\/sziv.gif","datePublished":"2019-06-19T15:03:51+00:00","dateModified":"2019-06-19T19:30:18+00:00","author":{"@id":"https:\/\/stuttgarti-katolikusok.de\/#\/schema\/person\/75908d6f8fdc03a57889d27209df7795"},"breadcrumb":{"@id":"https:\/\/stuttgarti-katolikusok.de\/index.php\/programelozetes-junius-16-es-julius-14-kozott\/#breadcrumb"},"inLanguage":"hu","potentialAction":[{"@type":"ReadAction","target":["https:\/\/stuttgarti-katolikusok.de\/index.php\/programelozetes-junius-16-es-julius-14-kozott\/"]}]},{"@type":"ImageObject","inLanguage":"hu","@id":"https:\/\/stuttgarti-katolikusok.de\/index.php\/programelozetes-junius-16-es-julius-14-kozott\/#primaryimage","url":"https:\/\/stuttgarti-katolikusok.de\/wp-content\/uploads\/2019\/06\/sziv.gif","contentUrl":"https:\/\/stuttgarti-katolikusok.de\/wp-content\/uploads\/2019\/06\/sziv.gif","width":332,"height":345},{"@type":"BreadcrumbList","@id":"https:\/\/stuttgarti-katolikusok.de\/index.php\/programelozetes-junius-16-es-julius-14-kozott\/#breadcrumb","itemListElement":[{"@type":"ListItem","position":1,"name":"Kezd\u0151lap","item":"https:\/\/stuttgarti-katolikusok.de\/"},{"@type":"ListItem","position":2,"name":"Programel\u0151zetes j\u00fanius 16 \u00e9s j\u00falius 14 k\u00f6z\u00f6tt"}]},{"@type":"WebSite","@id":"https:\/\/stuttgarti-katolikusok.de\/#website","url":"https:\/\/stuttgarti-katolikusok.de\/","name":"Stuttgarti Katolikusok","description":"","potentialAction":[{"@type":"SearchAction","target":{"@type":"EntryPoint","urlTemplate":"https:\/\/stuttgarti-katolikusok.de\/?s={search_term_string}"},"query-input":{"@type":"PropertyValueSpecification","valueRequired":true,"valueName":"search_term_string"}}],"inLanguage":"hu"},{"@type":"Person","@id":"https:\/\/stuttgarti-katolikusok.de\/#\/schema\/person\/75908d6f8fdc03a57889d27209df7795","name":"Tibor atya","image":{"@type":"ImageObject","inLanguage":"hu","@id":"https:\/\/secure.gravatar.com\/avatar\/61d268e57d1f4525b111222e29d2d5a7f8c420fdbf231ba5566a8ceac74fa960?s=96&d=mm&r=g","url":"https:\/\/secure.gravatar.com\/avatar\/61d268e57d1f4525b111222e29d2d5a7f8c420fdbf231ba5566a8ceac74fa960?s=96&d=mm&r=g","contentUrl":"https:\/\/secure.gravatar.com\/avatar\/61d268e57d1f4525b111222e29d2d5a7f8c420fdbf231ba5566a8ceac74fa960?s=96&d=mm&r=g","caption":"Tibor atya"},"url":"https:\/\/stuttgarti-katolikusok.de\/index.php\/author\/tibor-atya\/"}]}},"_links":{"self":[{"href":"https:\/\/stuttgarti-katolikusok.de\/index.php\/wp-json\/wp\/v2\/posts\/17155","targetHints":{"allow":["GET"]}}],"collection":[{"href":"https:\/\/stuttgarti-katolikusok.de\/index.php\/wp-json\/wp\/v2\/posts"}],"about":[{"href":"https:\/\/stuttgarti-katolikusok.de\/index.php\/wp-json\/wp\/v2\/types\/post"}],"author":[{"embeddable":true,"href":"https:\/\/stuttgarti-katolikusok.de\/index.php\/wp-json\/wp\/v2\/users\/3"}],"replies":[{"embeddable":true,"href":"https:\/\/stuttgarti-katolikusok.de\/index.php\/wp-json\/wp\/v2\/comments?post=17155"}],"version-history":[{"count":2,"href":"https:\/\/stuttgarti-katolikusok.de\/index.php\/wp-json\/wp\/v2\/posts\/17155\/revisions"}],"predecessor-version":[{"id":17163,"href":"https:\/\/stuttgarti-katolikusok.de\/index.php\/wp-json\/wp\/v2\/posts\/17155\/revisions\/17163"}],"wp:featuredmedia":[{"embeddable":true,"href":"https:\/\/stuttgarti-katolikusok.de\/index.php\/wp-json\/wp\/v2\/media\/17156"}],"wp:attachment":[{"href":"https:\/\/stuttgarti-katolikusok.de\/index.php\/wp-json\/wp\/v2\/media?parent=17155"}],"wp:term":[{"taxonomy":"category","embeddable":true,"href":"https:\/\/stuttgarti-katolikusok.de\/index.php\/wp-json\/wp\/v2\/categories?post=17155"},{"taxonomy":"post_tag","embeddable":true,"href":"https:\/\/stuttgarti-katolikusok.de\/index.php\/wp-json\/wp\/v2\/tags?post=17155"}],"curies":[{"name":"wp","href":"https:\/\/api.w.org\/{rel}","templated":true}]}}