{"id":17152,"date":"2019-06-19T15:02:01","date_gmt":"2019-06-19T15:02:01","guid":{"rendered":"https:\/\/gracious-dewdney.138-201-221-2.plesk.page\/?p=17152"},"modified":"2019-06-19T19:25:05","modified_gmt":"2019-06-19T19:25:05","slug":"stuttgarti-magyar-csaladi-nap-2019","status":"publish","type":"post","link":"https:\/\/stuttgarti-katolikusok.de\/index.php\/stuttgarti-magyar-csaladi-nap-2019\/","title":{"rendered":"Stuttgarti Magyar Csal\u00e1di Nap &#8211; 2019"},"content":{"rendered":"<p><strong>MEGH\u00cdV\u00d3 <\/strong><strong>a <\/strong><strong>STUTTGARTI MAGYAR CSAL\u00c1DI NAPRA<\/strong><\/p>\n<p><strong><em>2019. j\u00falius 7-\u00e9n, vas\u00e1rnap, d\u00e9lel\u0151tt 9.30 \u00f3r\u00e1t\u00f3l<\/em><\/strong><\/p>\n<p><strong><em>Stuttgart \u2013 B\u00e4rensee<\/em><\/strong><\/p>\n<p><strong>\u00a0<\/strong><\/p>\n<p><strong>Program<\/strong><\/p>\n<p>9.30 \u00f3rakor katolikus t\u00e1bori szentmise. Ut\u00e1na ismerked\u00e9s, j\u00e1t\u00e9kok, versenyek, f\u0151z\u00e9s, grillez\u00e9s, sport. Gyertek el, legy\u00fcnk egy\u00fctt, ismerj\u00fck meg egym\u00e1st, \u00e9s \u00e9rezz\u00fck j\u00f3l magunkat!<\/p>\n<p><strong>Hozand\u00f3<\/strong><\/p>\n<p>Ki mit szeret: enni-innival\u00f3, sz\u00e9k, asztal, megfelel\u0151 ruh\u00e1zat \u00e9s l\u00e1bbeli. Grillez\u0151 nem sz\u00fcks\u00e9ges, mert nagy t\u0171zhely van. A parkol\u00f3t\u00f3l kb. 1 km-t kell gyalogolni.<\/p>\n<p><strong>\u00datle\u00edr\u00e1s<\/strong><\/p>\n<p>Stuttgart ir\u00e1ny\u00e1b\u00f3l a B14-esen \u2013 az alag\u00faton \u00e1t \u2013 a Schattenringn\u00e9l (2. kij\u00e1r\u00f3) Magstadt fel\u00e9 megy\u00fcnk a Marstadterstr-n. Ott mindj\u00e1rt a k\u00f6rforg\u00f3b\u00f3l kimegy\u00fcnk \u00e9s megpr\u00f3b\u00e1lunk parkolni. Mivel a parkol\u00f3hely kev\u00e9s, ez\u00e9rt lehet, hogy egy kicsit tov\u00e1bb kell menni. Innen kb 800m-t kell m\u00e9g gyalogolni a tiszt\u00e1sig, mik\u00f6zben a B\u00e4renschl\u00f6ssle-t elhagyjuk!<\/p>\n<p>A helysz\u00edn megk\u00f6zel\u00edthet\u0151 a Schloss Solitude fel\u0151l is, ahonnan a t\u00e1vols\u00e1g nagyj\u00e1b\u00f3l ugyan annyi. \u00a0<a href=\"https:\/\/www.google.de\/maps\/place\/B%C3%A4renschl%C3%B6ssle\/@48.760874,9.091352,15z\/data=!4m5!3m4!1s0x0:0xb4ac38150680575b!8m2!3d48.760874!4d9.091352\">https:\/\/www.google.de\/maps\/place\/B%C3%A4renschl%C3%B6ssle\/@48.760874,9.091352,15z\/data=!4m5!3m4!1s0x0:0xb4ac38150680575b!8m2!3d48.760874!4d9.091352<\/a><\/p>\n<p><strong>Mindenkit szeretettel v\u00e1r<\/strong><\/p>\n<p>A STUTTGARTI \u00a0MAGYAROK \u00a0SZ\u00d6VETS\u00c9GE<\/p>\n<p>Hunnia Bar\u00e1ti K\u00f6r<\/p>\n<p>Napvir\u00e1g Kult\u00faregyes\u00fclet<\/p>\n<p>Magyar \u00d3voda Egyes\u00fclet<\/p>\n<p>Stuttgarti Magyar Cserk\u00e9szek<\/p>\n<p>Erasmus Akad\u00e9mia<\/p>\n<p>Turul Baranta<\/p>\n<p>\u00e9s a Szent Gell\u00e9rtr\u0151l elnevezett Magyar Katolikus Egyh\u00e1zk\u00f6zs\u00e9g.<\/p>\n<p><a href=\"http:\/\/www.stuttgarti-magyarok-szovetsege.de\/\">www.stuttgarti-magyarok-szovetsege.de<\/a><\/p>\n<p>&nbsp;<\/p>\n","protected":false},"excerpt":{"rendered":"<p>MEGH\u00cdV\u00d3 a STUTTGARTI MAGYAR CSAL\u00c1DI NAPRA 2019. j\u00falius 7-\u00e9n, vas\u00e1rnap, d\u00e9lel\u0151tt 9.30 \u00f3r\u00e1t\u00f3l Stuttgart \u2013 B\u00e4rensee \u00a0 Program 9.30 \u00f3rakor katolikus t\u00e1bori szentmise. Ut\u00e1na ismerked\u00e9s, j\u00e1t\u00e9kok, versenyek, f\u0151z\u00e9s, grillez\u00e9s, sport. Gyertek el, legy\u00fcnk egy\u00fctt, ismerj\u00fck meg egym\u00e1st, \u00e9s \u00e9rezz\u00fck j\u00f3l magunkat! Hozand\u00f3 Ki mit szeret: enni-innival\u00f3, sz\u00e9k, asztal, megfelel\u0151 ruh\u00e1zat \u00e9s l\u00e1bbeli. Grillez\u0151 nem sz\u00fcks\u00e9ges, mert nagy t\u0171zhely van. A parkol\u00f3t\u00f3l kb. 1 km-t kell gyalogolni. \u00datle\u00edr\u00e1s Stuttgart ir\u00e1ny\u00e1b\u00f3l a B14-esen \u2013 az alag\u00faton \u00e1t \u2013 a Schattenringn\u00e9l (2. kij\u00e1r\u00f3) Magstadt fel\u00e9 megy\u00fcnk a Marstadterstr-n. Ott mindj\u00e1rt a k\u00f6rforg\u00f3b\u00f3l kimegy\u00fcnk \u00e9s megpr\u00f3b\u00e1lunk parkolni. Mivel a parkol\u00f3hely kev\u00e9s, ez\u00e9rt lehet, hogy egy kicsit tov\u00e1bb kell menni. Innen kb 800m-t kell m\u00e9g gyalogolni a tiszt\u00e1sig, mik\u00f6zben a B\u00e4renschl\u00f6ssle-t elhagyjuk! A helysz\u00edn megk\u00f6zel\u00edthet\u0151 a Schloss Solitude fel\u0151l is, ahonnan a t\u00e1vols\u00e1g nagyj\u00e1b\u00f3l ugyan annyi. \u00a0https:\/\/www.google.de\/maps\/place\/B%C3%A4renschl%C3%B6ssle\/@48.760874,9.091352,15z\/data=!4m5!3m4!1s0x0:0xb4ac38150680575b!8m2!3d48.760874!4d9.091352 Mindenkit szeretettel v\u00e1r A STUTTGARTI \u00a0MAGYAROK \u00a0SZ\u00d6VETS\u00c9GE Hunnia Bar\u00e1ti K\u00f6r Napvir\u00e1g Kult\u00faregyes\u00fclet Magyar \u00d3voda Egyes\u00fclet Stuttgarti Magyar Cserk\u00e9szek Erasmus Akad\u00e9mia Turul Baranta \u00e9s a Szent Gell\u00e9rtr\u0151l elnevezett Magyar Katolikus Egyh\u00e1zk\u00f6zs\u00e9g. www.stuttgarti-magyarok-szovetsege.de &nbsp;<\/p>\n","protected":false},"author":3,"featured_media":0,"comment_status":"closed","ping_status":"closed","sticky":false,"template":"","format":"standard","meta":{"footnotes":""},"categories":[52],"tags":[],"class_list":["post-17152","post","type-post","status-publish","format-standard","hentry","category-hirdetesek"],"yoast_head":"<!-- This site is optimized with the Yoast SEO plugin v27.3 - https:\/\/yoast.com\/product\/yoast-seo-wordpress\/ -->\n<title>Stuttgarti Magyar Csal\u00e1di Nap - 2019 - Stuttgarti Katolikusok<\/title>\n<meta name=\"robots\" content=\"index, follow, max-snippet:-1, max-image-preview:large, max-video-preview:-1\" \/>\n<link rel=\"canonical\" href=\"https:\/\/stuttgarti-katolikusok.de\/index.php\/stuttgarti-magyar-csaladi-nap-2019\/\" \/>\n<meta property=\"og:locale\" content=\"hu_HU\" \/>\n<meta property=\"og:type\" content=\"article\" \/>\n<meta property=\"og:title\" content=\"Stuttgarti Magyar Csal\u00e1di Nap - 2019 - Stuttgarti Katolikusok\" \/>\n<meta property=\"og:description\" content=\"MEGH\u00cdV\u00d3 a STUTTGARTI MAGYAR CSAL\u00c1DI NAPRA 2019. j\u00falius 7-\u00e9n, vas\u00e1rnap, d\u00e9lel\u0151tt 9.30 \u00f3r\u00e1t\u00f3l Stuttgart \u2013 B\u00e4rensee \u00a0 Program 9.30 \u00f3rakor katolikus t\u00e1bori szentmise. Ut\u00e1na ismerked\u00e9s, j\u00e1t\u00e9kok, versenyek, f\u0151z\u00e9s, grillez\u00e9s, sport. Gyertek el, legy\u00fcnk egy\u00fctt, ismerj\u00fck meg egym\u00e1st, \u00e9s \u00e9rezz\u00fck j\u00f3l magunkat! Hozand\u00f3 Ki mit szeret: enni-innival\u00f3, sz\u00e9k, asztal, megfelel\u0151 ruh\u00e1zat \u00e9s l\u00e1bbeli. Grillez\u0151 nem sz\u00fcks\u00e9ges, mert nagy t\u0171zhely van. A parkol\u00f3t\u00f3l kb. 1 km-t kell gyalogolni. \u00datle\u00edr\u00e1s Stuttgart ir\u00e1ny\u00e1b\u00f3l a B14-esen \u2013 az alag\u00faton \u00e1t \u2013 a Schattenringn\u00e9l (2. kij\u00e1r\u00f3) Magstadt fel\u00e9 megy\u00fcnk a Marstadterstr-n. Ott mindj\u00e1rt a k\u00f6rforg\u00f3b\u00f3l kimegy\u00fcnk \u00e9s megpr\u00f3b\u00e1lunk parkolni. Mivel a parkol\u00f3hely kev\u00e9s, ez\u00e9rt lehet, hogy egy kicsit tov\u00e1bb kell menni. Innen kb 800m-t kell m\u00e9g gyalogolni a tiszt\u00e1sig, mik\u00f6zben a B\u00e4renschl\u00f6ssle-t elhagyjuk! A helysz\u00edn megk\u00f6zel\u00edthet\u0151 a Schloss Solitude fel\u0151l is, ahonnan a t\u00e1vols\u00e1g nagyj\u00e1b\u00f3l ugyan annyi. \u00a0https:\/\/www.google.de\/maps\/place\/B%C3%A4renschl%C3%B6ssle\/@48.760874,9.091352,15z\/data=!4m5!3m4!1s0x0:0xb4ac38150680575b!8m2!3d48.760874!4d9.091352 Mindenkit szeretettel v\u00e1r A STUTTGARTI \u00a0MAGYAROK \u00a0SZ\u00d6VETS\u00c9GE Hunnia Bar\u00e1ti K\u00f6r Napvir\u00e1g Kult\u00faregyes\u00fclet Magyar \u00d3voda Egyes\u00fclet Stuttgarti Magyar Cserk\u00e9szek Erasmus Akad\u00e9mia Turul Baranta \u00e9s a Szent Gell\u00e9rtr\u0151l elnevezett Magyar Katolikus Egyh\u00e1zk\u00f6zs\u00e9g. www.stuttgarti-magyarok-szovetsege.de &nbsp;\" \/>\n<meta property=\"og:url\" content=\"https:\/\/stuttgarti-katolikusok.de\/index.php\/stuttgarti-magyar-csaladi-nap-2019\/\" \/>\n<meta property=\"og:site_name\" content=\"Stuttgarti Katolikusok\" \/>\n<meta property=\"article:published_time\" content=\"2019-06-19T15:02:01+00:00\" \/>\n<meta property=\"article:modified_time\" content=\"2019-06-19T19:25:05+00:00\" \/>\n<meta name=\"author\" content=\"Tibor atya\" \/>\n<meta name=\"twitter:card\" content=\"summary_large_image\" \/>\n<meta name=\"twitter:label1\" content=\"Szerz\u0151:\" \/>\n\t<meta name=\"twitter:data1\" content=\"Tibor atya\" \/>\n\t<meta name=\"twitter:label2\" content=\"Becs\u00fclt olvas\u00e1si id\u0151\" \/>\n\t<meta name=\"twitter:data2\" content=\"1 perc\" \/>\n<script type=\"application\/ld+json\" class=\"yoast-schema-graph\">{\"@context\":\"https:\\\/\\\/schema.org\",\"@graph\":[{\"@type\":\"Article\",\"@id\":\"https:\\\/\\\/stuttgarti-katolikusok.de\\\/index.php\\\/stuttgarti-magyar-csaladi-nap-2019\\\/#article\",\"isPartOf\":{\"@id\":\"https:\\\/\\\/stuttgarti-katolikusok.de\\\/index.php\\\/stuttgarti-magyar-csaladi-nap-2019\\\/\"},\"author\":{\"name\":\"Tibor atya\",\"@id\":\"https:\\\/\\\/stuttgarti-katolikusok.de\\\/#\\\/schema\\\/person\\\/75908d6f8fdc03a57889d27209df7795\"},\"headline\":\"Stuttgarti Magyar Csal\u00e1di Nap &#8211; 2019\",\"datePublished\":\"2019-06-19T15:02:01+00:00\",\"dateModified\":\"2019-06-19T19:25:05+00:00\",\"mainEntityOfPage\":{\"@id\":\"https:\\\/\\\/stuttgarti-katolikusok.de\\\/index.php\\\/stuttgarti-magyar-csaladi-nap-2019\\\/\"},\"wordCount\":269,\"articleSection\":[\"Hirdet\u00e9sek\"],\"inLanguage\":\"hu\"},{\"@type\":\"WebPage\",\"@id\":\"https:\\\/\\\/stuttgarti-katolikusok.de\\\/index.php\\\/stuttgarti-magyar-csaladi-nap-2019\\\/\",\"url\":\"https:\\\/\\\/stuttgarti-katolikusok.de\\\/index.php\\\/stuttgarti-magyar-csaladi-nap-2019\\\/\",\"name\":\"Stuttgarti Magyar Csal\u00e1di Nap - 2019 - Stuttgarti Katolikusok\",\"isPartOf\":{\"@id\":\"https:\\\/\\\/stuttgarti-katolikusok.de\\\/#website\"},\"datePublished\":\"2019-06-19T15:02:01+00:00\",\"dateModified\":\"2019-06-19T19:25:05+00:00\",\"author\":{\"@id\":\"https:\\\/\\\/stuttgarti-katolikusok.de\\\/#\\\/schema\\\/person\\\/75908d6f8fdc03a57889d27209df7795\"},\"breadcrumb\":{\"@id\":\"https:\\\/\\\/stuttgarti-katolikusok.de\\\/index.php\\\/stuttgarti-magyar-csaladi-nap-2019\\\/#breadcrumb\"},\"inLanguage\":\"hu\",\"potentialAction\":[{\"@type\":\"ReadAction\",\"target\":[\"https:\\\/\\\/stuttgarti-katolikusok.de\\\/index.php\\\/stuttgarti-magyar-csaladi-nap-2019\\\/\"]}]},{\"@type\":\"BreadcrumbList\",\"@id\":\"https:\\\/\\\/stuttgarti-katolikusok.de\\\/index.php\\\/stuttgarti-magyar-csaladi-nap-2019\\\/#breadcrumb\",\"itemListElement\":[{\"@type\":\"ListItem\",\"position\":1,\"name\":\"Kezd\u0151lap\",\"item\":\"https:\\\/\\\/stuttgarti-katolikusok.de\\\/\"},{\"@type\":\"ListItem\",\"position\":2,\"name\":\"Stuttgarti Magyar Csal\u00e1di Nap &#8211; 2019\"}]},{\"@type\":\"WebSite\",\"@id\":\"https:\\\/\\\/stuttgarti-katolikusok.de\\\/#website\",\"url\":\"https:\\\/\\\/stuttgarti-katolikusok.de\\\/\",\"name\":\"Stuttgarti Katolikusok\",\"description\":\"\",\"potentialAction\":[{\"@type\":\"SearchAction\",\"target\":{\"@type\":\"EntryPoint\",\"urlTemplate\":\"https:\\\/\\\/stuttgarti-katolikusok.de\\\/?s={search_term_string}\"},\"query-input\":{\"@type\":\"PropertyValueSpecification\",\"valueRequired\":true,\"valueName\":\"search_term_string\"}}],\"inLanguage\":\"hu\"},{\"@type\":\"Person\",\"@id\":\"https:\\\/\\\/stuttgarti-katolikusok.de\\\/#\\\/schema\\\/person\\\/75908d6f8fdc03a57889d27209df7795\",\"name\":\"Tibor atya\",\"image\":{\"@type\":\"ImageObject\",\"inLanguage\":\"hu\",\"@id\":\"https:\\\/\\\/secure.gravatar.com\\\/avatar\\\/61d268e57d1f4525b111222e29d2d5a7f8c420fdbf231ba5566a8ceac74fa960?s=96&d=mm&r=g\",\"url\":\"https:\\\/\\\/secure.gravatar.com\\\/avatar\\\/61d268e57d1f4525b111222e29d2d5a7f8c420fdbf231ba5566a8ceac74fa960?s=96&d=mm&r=g\",\"contentUrl\":\"https:\\\/\\\/secure.gravatar.com\\\/avatar\\\/61d268e57d1f4525b111222e29d2d5a7f8c420fdbf231ba5566a8ceac74fa960?s=96&d=mm&r=g\",\"caption\":\"Tibor atya\"},\"url\":\"https:\\\/\\\/stuttgarti-katolikusok.de\\\/index.php\\\/author\\\/tibor-atya\\\/\"}]}<\/script>\n<!-- \/ Yoast SEO plugin. -->","yoast_head_json":{"title":"Stuttgarti Magyar Csal\u00e1di Nap - 2019 - Stuttgarti Katolikusok","robots":{"index":"index","follow":"follow","max-snippet":"max-snippet:-1","max-image-preview":"max-image-preview:large","max-video-preview":"max-video-preview:-1"},"canonical":"https:\/\/stuttgarti-katolikusok.de\/index.php\/stuttgarti-magyar-csaladi-nap-2019\/","og_locale":"hu_HU","og_type":"article","og_title":"Stuttgarti Magyar Csal\u00e1di Nap - 2019 - Stuttgarti Katolikusok","og_description":"MEGH\u00cdV\u00d3 a STUTTGARTI MAGYAR CSAL\u00c1DI NAPRA 2019. j\u00falius 7-\u00e9n, vas\u00e1rnap, d\u00e9lel\u0151tt 9.30 \u00f3r\u00e1t\u00f3l Stuttgart \u2013 B\u00e4rensee \u00a0 Program 9.30 \u00f3rakor katolikus t\u00e1bori szentmise. Ut\u00e1na ismerked\u00e9s, j\u00e1t\u00e9kok, versenyek, f\u0151z\u00e9s, grillez\u00e9s, sport. Gyertek el, legy\u00fcnk egy\u00fctt, ismerj\u00fck meg egym\u00e1st, \u00e9s \u00e9rezz\u00fck j\u00f3l magunkat! Hozand\u00f3 Ki mit szeret: enni-innival\u00f3, sz\u00e9k, asztal, megfelel\u0151 ruh\u00e1zat \u00e9s l\u00e1bbeli. Grillez\u0151 nem sz\u00fcks\u00e9ges, mert nagy t\u0171zhely van. A parkol\u00f3t\u00f3l kb. 1 km-t kell gyalogolni. \u00datle\u00edr\u00e1s Stuttgart ir\u00e1ny\u00e1b\u00f3l a B14-esen \u2013 az alag\u00faton \u00e1t \u2013 a Schattenringn\u00e9l (2. kij\u00e1r\u00f3) Magstadt fel\u00e9 megy\u00fcnk a Marstadterstr-n. Ott mindj\u00e1rt a k\u00f6rforg\u00f3b\u00f3l kimegy\u00fcnk \u00e9s megpr\u00f3b\u00e1lunk parkolni. Mivel a parkol\u00f3hely kev\u00e9s, ez\u00e9rt lehet, hogy egy kicsit tov\u00e1bb kell menni. Innen kb 800m-t kell m\u00e9g gyalogolni a tiszt\u00e1sig, mik\u00f6zben a B\u00e4renschl\u00f6ssle-t elhagyjuk! A helysz\u00edn megk\u00f6zel\u00edthet\u0151 a Schloss Solitude fel\u0151l is, ahonnan a t\u00e1vols\u00e1g nagyj\u00e1b\u00f3l ugyan annyi. \u00a0https:\/\/www.google.de\/maps\/place\/B%C3%A4renschl%C3%B6ssle\/@48.760874,9.091352,15z\/data=!4m5!3m4!1s0x0:0xb4ac38150680575b!8m2!3d48.760874!4d9.091352 Mindenkit szeretettel v\u00e1r A STUTTGARTI \u00a0MAGYAROK \u00a0SZ\u00d6VETS\u00c9GE Hunnia Bar\u00e1ti K\u00f6r Napvir\u00e1g Kult\u00faregyes\u00fclet Magyar \u00d3voda Egyes\u00fclet Stuttgarti Magyar Cserk\u00e9szek Erasmus Akad\u00e9mia Turul Baranta \u00e9s a Szent Gell\u00e9rtr\u0151l elnevezett Magyar Katolikus Egyh\u00e1zk\u00f6zs\u00e9g. www.stuttgarti-magyarok-szovetsege.de &nbsp;","og_url":"https:\/\/stuttgarti-katolikusok.de\/index.php\/stuttgarti-magyar-csaladi-nap-2019\/","og_site_name":"Stuttgarti Katolikusok","article_published_time":"2019-06-19T15:02:01+00:00","article_modified_time":"2019-06-19T19:25:05+00:00","author":"Tibor atya","twitter_card":"summary_large_image","twitter_misc":{"Szerz\u0151:":"Tibor atya","Becs\u00fclt olvas\u00e1si id\u0151":"1 perc"},"schema":{"@context":"https:\/\/schema.org","@graph":[{"@type":"Article","@id":"https:\/\/stuttgarti-katolikusok.de\/index.php\/stuttgarti-magyar-csaladi-nap-2019\/#article","isPartOf":{"@id":"https:\/\/stuttgarti-katolikusok.de\/index.php\/stuttgarti-magyar-csaladi-nap-2019\/"},"author":{"name":"Tibor atya","@id":"https:\/\/stuttgarti-katolikusok.de\/#\/schema\/person\/75908d6f8fdc03a57889d27209df7795"},"headline":"Stuttgarti Magyar Csal\u00e1di Nap &#8211; 2019","datePublished":"2019-06-19T15:02:01+00:00","dateModified":"2019-06-19T19:25:05+00:00","mainEntityOfPage":{"@id":"https:\/\/stuttgarti-katolikusok.de\/index.php\/stuttgarti-magyar-csaladi-nap-2019\/"},"wordCount":269,"articleSection":["Hirdet\u00e9sek"],"inLanguage":"hu"},{"@type":"WebPage","@id":"https:\/\/stuttgarti-katolikusok.de\/index.php\/stuttgarti-magyar-csaladi-nap-2019\/","url":"https:\/\/stuttgarti-katolikusok.de\/index.php\/stuttgarti-magyar-csaladi-nap-2019\/","name":"Stuttgarti Magyar Csal\u00e1di Nap - 2019 - Stuttgarti Katolikusok","isPartOf":{"@id":"https:\/\/stuttgarti-katolikusok.de\/#website"},"datePublished":"2019-06-19T15:02:01+00:00","dateModified":"2019-06-19T19:25:05+00:00","author":{"@id":"https:\/\/stuttgarti-katolikusok.de\/#\/schema\/person\/75908d6f8fdc03a57889d27209df7795"},"breadcrumb":{"@id":"https:\/\/stuttgarti-katolikusok.de\/index.php\/stuttgarti-magyar-csaladi-nap-2019\/#breadcrumb"},"inLanguage":"hu","potentialAction":[{"@type":"ReadAction","target":["https:\/\/stuttgarti-katolikusok.de\/index.php\/stuttgarti-magyar-csaladi-nap-2019\/"]}]},{"@type":"BreadcrumbList","@id":"https:\/\/stuttgarti-katolikusok.de\/index.php\/stuttgarti-magyar-csaladi-nap-2019\/#breadcrumb","itemListElement":[{"@type":"ListItem","position":1,"name":"Kezd\u0151lap","item":"https:\/\/stuttgarti-katolikusok.de\/"},{"@type":"ListItem","position":2,"name":"Stuttgarti Magyar Csal\u00e1di Nap &#8211; 2019"}]},{"@type":"WebSite","@id":"https:\/\/stuttgarti-katolikusok.de\/#website","url":"https:\/\/stuttgarti-katolikusok.de\/","name":"Stuttgarti Katolikusok","description":"","potentialAction":[{"@type":"SearchAction","target":{"@type":"EntryPoint","urlTemplate":"https:\/\/stuttgarti-katolikusok.de\/?s={search_term_string}"},"query-input":{"@type":"PropertyValueSpecification","valueRequired":true,"valueName":"search_term_string"}}],"inLanguage":"hu"},{"@type":"Person","@id":"https:\/\/stuttgarti-katolikusok.de\/#\/schema\/person\/75908d6f8fdc03a57889d27209df7795","name":"Tibor atya","image":{"@type":"ImageObject","inLanguage":"hu","@id":"https:\/\/secure.gravatar.com\/avatar\/61d268e57d1f4525b111222e29d2d5a7f8c420fdbf231ba5566a8ceac74fa960?s=96&d=mm&r=g","url":"https:\/\/secure.gravatar.com\/avatar\/61d268e57d1f4525b111222e29d2d5a7f8c420fdbf231ba5566a8ceac74fa960?s=96&d=mm&r=g","contentUrl":"https:\/\/secure.gravatar.com\/avatar\/61d268e57d1f4525b111222e29d2d5a7f8c420fdbf231ba5566a8ceac74fa960?s=96&d=mm&r=g","caption":"Tibor atya"},"url":"https:\/\/stuttgarti-katolikusok.de\/index.php\/author\/tibor-atya\/"}]}},"_links":{"self":[{"href":"https:\/\/stuttgarti-katolikusok.de\/index.php\/wp-json\/wp\/v2\/posts\/17152","targetHints":{"allow":["GET"]}}],"collection":[{"href":"https:\/\/stuttgarti-katolikusok.de\/index.php\/wp-json\/wp\/v2\/posts"}],"about":[{"href":"https:\/\/stuttgarti-katolikusok.de\/index.php\/wp-json\/wp\/v2\/types\/post"}],"author":[{"embeddable":true,"href":"https:\/\/stuttgarti-katolikusok.de\/index.php\/wp-json\/wp\/v2\/users\/3"}],"replies":[{"embeddable":true,"href":"https:\/\/stuttgarti-katolikusok.de\/index.php\/wp-json\/wp\/v2\/comments?post=17152"}],"version-history":[{"count":2,"href":"https:\/\/stuttgarti-katolikusok.de\/index.php\/wp-json\/wp\/v2\/posts\/17152\/revisions"}],"predecessor-version":[{"id":17160,"href":"https:\/\/stuttgarti-katolikusok.de\/index.php\/wp-json\/wp\/v2\/posts\/17152\/revisions\/17160"}],"wp:attachment":[{"href":"https:\/\/stuttgarti-katolikusok.de\/index.php\/wp-json\/wp\/v2\/media?parent=17152"}],"wp:term":[{"taxonomy":"category","embeddable":true,"href":"https:\/\/stuttgarti-katolikusok.de\/index.php\/wp-json\/wp\/v2\/categories?post=17152"},{"taxonomy":"post_tag","embeddable":true,"href":"https:\/\/stuttgarti-katolikusok.de\/index.php\/wp-json\/wp\/v2\/tags?post=17152"}],"curies":[{"name":"wp","href":"https:\/\/api.w.org\/{rel}","templated":true}]}}