{"id":17089,"date":"2019-06-06T16:08:12","date_gmt":"2019-06-06T16:08:12","guid":{"rendered":"https:\/\/gracious-dewdney.138-201-221-2.plesk.page\/?p=17089"},"modified":"2019-06-06T16:08:34","modified_gmt":"2019-06-06T16:08:34","slug":"brune-gyorgyi-marietta-hazas-hetvege-stuttgartban","status":"publish","type":"post","link":"https:\/\/stuttgarti-katolikusok.de\/index.php\/brune-gyorgyi-marietta-hazas-hetvege-stuttgartban\/","title":{"rendered":"Brune Gy\u00f6rgyi Marietta: H\u00e1zas H\u00e9tv\u00e9ge Stuttgartban"},"content":{"rendered":"<p><em>Brune Gy\u00f6rgyi Marietta<\/em><\/p>\n<p><strong>H\u00e1zas H\u00e9tv\u00e9ge Stuttgartban<\/strong><\/p>\n<p>2019.06.01.<\/p>\n<p>2019. j\u00fanius elsej\u00e9n a Szeged-Csan\u00e1di Egyh\u00e1zmegy\u00e9b\u0151l \u00e9rkez\u0151 Kopasz Istv\u00e1n atya \u00f6r\u00f6mmel tett eleget Imre atya megh\u00edv\u00e1s\u00e1nak. Nem ez az els\u0151 alkalom, hogy Imre atya &#8211; a legt\u00f6bb\u00fcnk \u00e1ltal Fiatal H\u00e1zasok Napjak\u00e9nt ismert rendezv\u00e9nyt a k\u00f6z\u00e9pkor\u00fa, gyermekes csal\u00e1dok sz\u00e1m\u00e1ra is kib\u0151v\u00edtve \u2013 H\u00e1zas H\u00e9tv\u00e9ge n\u00e9ven szervez programot Stuttgartban.<\/p>\n<p>D\u00e9lel\u0151tt 10-\u00f3rakor vette kezdet\u00e9t a rendezv\u00e9ny, melynek keret\u00e9ben hat h\u00e1zasp\u00e1rnak tartott Istv\u00e1n atya el\u0151ad\u00e1st \u00e9s vezetett t\u00f6ltekez\u0151 besz\u00e9lget\u00e9st. A ragyog\u00f3 naps\u00fct\u00e9sben a gyermekek is j\u00f3l \u00e9rezt\u00e9k magukat, melyre kiv\u00e1l\u00f3 alkalmat szolg\u00e1lt a k\u00f6z\u00f6ss\u00e9gi h\u00e1z melletti \u00f3voda udvara. K\u00f6sz\u00f6nettel tartozunk Anik\u00f3nak \u00e9s Zs\u00f3finak, ami\u00e9rt ezen a d\u00e9lel\u0151tt\u00f6n magukra v\u00e1llalt\u00e1k a gyerekek fel\u00fcgyelet\u00e9t!<\/p>\n<p>A d\u00e9lel\u0151tt im\u00e1ds\u00e1ggal kezd\u0151d\u00f6tt, majd Istv\u00e1n atya k\u00fcl\u00f6nf\u00e9le sztereotip csal\u00e1dmodelleken kereszt\u00fcl mutatta be, milyen ir\u00e1nyt vehet egy h\u00e1zass\u00e1g a k\u00f6z\u00f6sen t\u00f6lt\u00f6tt \u00e9vek sor\u00e1n. Sz\u00f3 esett a p\u00e1rok esztend\u0151r\u0151l-esztend\u0151re alakul\u00f3 p\u00e1rkapcsolat\u00e1n t\u00fal a sz\u00fcletend\u0151 gyermekek sz\u00fcl\u0151kh\u00f6z f\u0171z\u0151d\u0151 viszony\u00e1r\u00f3l, \u00e9s a nevel\u00e9si strat\u00e9gi\u00e1kr\u00f3l is. Els\u0151 sorban azonban mindenf\u00e9le szem\u00e9lyesked\u00e9st n\u00e9lk\u00fcl\u00f6z\u0151 bar\u00e1ti hangv\u00e9tel\u0171 besz\u00e9lget\u00e9sben volt r\u00e9sz\u00fcnk, ahol a r\u00e9sztvev\u0151k is m\u00e9lyebben megismerhett\u00e9k egym\u00e1st. Tal\u00e1n sokan az gondolj\u00e1k: <em>\u201eugyan honnan is tudhatn\u00e1 egy lelkip\u00e1sztor, mi mozd\u00edthat ki egy elt\u00e9vedt csal\u00e1dot a g\u00f6d\u00f6rb\u0151l, illetve hogy is \u00e9rthetn\u00e9k, milyen sokat f\u00e1radozunk azon, hogy <\/em><em>gyerekeink tizen\u00e9ves korukban is \u00f6r\u00f6mmel menjenek haza \u00e9s szeressenek otthon lenni?! \u201d<\/em> A H\u00e1zas H\u00e9tv\u00e9ge azonban nemcsak h\u00e1zasp\u00e1roknak sz\u00f3l, de papokat \u00e9s szerzeteseket is h\u00edv arra, hogy hivat\u00e1sukban elm\u00e9lyedjenek, kapcsolatukat a k\u00f6z\u00f6ss\u00e9g\u00fckkel meg\u00faj\u00edts\u00e1k. \u0150k egy teljesen m\u00e1s perspekt\u00edv\u00e1b\u00f3l k\u00e9pesek r\u00e1vil\u00e1g\u00edtani azokra a c\u00e9lokra, vagy a c\u00e9lokhoz seg\u00edt\u0151 \u201emank\u00f3kra\u201d, melyek teljesebb\u00e9-, egy \u00e9leten \u00e1t sz\u00e9pp\u00e9 \u00e9s tartalmass\u00e1 tehetik a csal\u00e1di \u00e9letet, hiszen Isten tudatosan teremtette az embert a h\u00e1zass\u00e1gra.<\/p>\n<p>D\u00e9l k\u00f6r\u00fcl term\u00e9szetesen mindny\u00e1jan meg\u00e9hezt\u00fcnk, ez\u00e9rt egy j\u00f3 hangulat\u00fa pizz\u00e1z\u00e1ssal folytat\u00f3dott a szombat d\u00e9lel\u0151tt. Az asztalt k\u00f6r\u00fcl \u00fclve j\u00f3 hangulatban folytathattuk a besz\u00e9lget\u00e9st, majd a rendezv\u00e9ny kett\u0151 \u00f3ra k\u00f6r\u00fcl k\u00f6z\u00f6s im\u00e1ds\u00e1ggal \u00e9s \u00e1ld\u00e1ssal \u00e9rt v\u00e9get.<\/p>\n<p>A H\u00e1zas H\u00e9tv\u00e9ge egy vil\u00e1gm\u00e9ret\u0171 lelkis\u00e9gi mozgalom, amely a szents\u00e9gi kapcsolatok meger\u0151s\u00edt\u00e9s\u00e9t szolg\u00e1lja. Seg\u00edt a h\u00e1zasp\u00e1roknak, hogy h\u00e1zass\u00e1guk az \u00e9vek sor\u00e1n ne sz\u00fcrk\u00fclj\u00f6n el. A felsz\u00ednre ker\u00fclt kis hib\u00e1k ne tereb\u00e9lyesedjenek akad\u00e1lyokk\u00e1. Seg\u00edt, hogy a h\u00e1zasp\u00e1rok visszatal\u00e1ljanak a tiszta forr\u00e1shoz, hogy a f\u00e9rj \u00e9s a feles\u00e9g \u00fajra megtal\u00e1lja azt a csod\u00e1t, amit a kezdetekkor l\u00e1ttak egym\u00e1sban. A h\u00e9tv\u00e9ge olyan, mint egy kataliz\u00e1tor, megmutatja a c\u00e9lt \u00e9s az ir\u00e1nyt, biztos\u00edtja a h\u00e1tteret, a lehet\u0151s\u00e9get, hogy a meg\u00faj\u00edtott p\u00e1rkapcsolatok \u00e1ltal harm\u00f3nia legyen a csal\u00e1dokban.<\/p>\n<p>K\u00f6sz\u00f6nj\u00fck Imre aty\u00e1nak \u00e9s Istv\u00e1n aty\u00e1nak, hogy ezzel az egy\u00fcttl\u00e9ttel gazdagodhattunk a ny\u00e1r els\u0151 napj\u00e1n.<\/p>\n<p>Mi h\u00e1zasok \u00edgy egy\u00fctt vagyunk az Isten k\u00e9pm\u00e1sa. Ez\u00e9rt a c\u00e9l\u00e9rt \u00e9rdemes dolgozni \u00e9s k\u00fczdeni!<\/p>\n","protected":false},"excerpt":{"rendered":"<p>Brune Gy\u00f6rgyi Marietta H\u00e1zas H\u00e9tv\u00e9ge Stuttgartban 2019.06.01. 2019. j\u00fanius elsej\u00e9n a Szeged-Csan\u00e1di Egyh\u00e1zmegy\u00e9b\u0151l \u00e9rkez\u0151 Kopasz Istv\u00e1n atya \u00f6r\u00f6mmel tett eleget Imre atya megh\u00edv\u00e1s\u00e1nak. Nem ez az els\u0151 alkalom, hogy Imre atya &#8211; a legt\u00f6bb\u00fcnk \u00e1ltal Fiatal H\u00e1zasok Napjak\u00e9nt ismert rendezv\u00e9nyt a k\u00f6z\u00e9pkor\u00fa, gyermekes csal\u00e1dok sz\u00e1m\u00e1ra is kib\u0151v\u00edtve \u2013 H\u00e1zas H\u00e9tv\u00e9ge n\u00e9ven szervez programot Stuttgartban. D\u00e9lel\u0151tt 10-\u00f3rakor vette kezdet\u00e9t a rendezv\u00e9ny, melynek keret\u00e9ben hat h\u00e1zasp\u00e1rnak tartott Istv\u00e1n atya el\u0151ad\u00e1st \u00e9s vezetett t\u00f6ltekez\u0151 besz\u00e9lget\u00e9st. A ragyog\u00f3 naps\u00fct\u00e9sben a gyermekek is j\u00f3l \u00e9rezt\u00e9k magukat, melyre kiv\u00e1l\u00f3 alkalmat szolg\u00e1lt a k\u00f6z\u00f6ss\u00e9gi h\u00e1z melletti \u00f3voda udvara. K\u00f6sz\u00f6nettel tartozunk Anik\u00f3nak \u00e9s Zs\u00f3finak, ami\u00e9rt ezen a d\u00e9lel\u0151tt\u00f6n magukra v\u00e1llalt\u00e1k a gyerekek fel\u00fcgyelet\u00e9t! A d\u00e9lel\u0151tt im\u00e1ds\u00e1ggal kezd\u0151d\u00f6tt, majd Istv\u00e1n atya k\u00fcl\u00f6nf\u00e9le sztereotip csal\u00e1dmodelleken kereszt\u00fcl mutatta be, milyen ir\u00e1nyt vehet egy h\u00e1zass\u00e1g a k\u00f6z\u00f6sen t\u00f6lt\u00f6tt \u00e9vek sor\u00e1n. Sz\u00f3 esett a p\u00e1rok esztend\u0151r\u0151l-esztend\u0151re alakul\u00f3 p\u00e1rkapcsolat\u00e1n t\u00fal a sz\u00fcletend\u0151 gyermekek sz\u00fcl\u0151kh\u00f6z f\u0171z\u0151d\u0151 viszony\u00e1r\u00f3l, \u00e9s a nevel\u00e9si strat\u00e9gi\u00e1kr\u00f3l is. Els\u0151 sorban azonban mindenf\u00e9le szem\u00e9lyesked\u00e9st n\u00e9lk\u00fcl\u00f6z\u0151 bar\u00e1ti hangv\u00e9tel\u0171 besz\u00e9lget\u00e9sben volt r\u00e9sz\u00fcnk, ahol a r\u00e9sztvev\u0151k is m\u00e9lyebben megismerhett\u00e9k egym\u00e1st. Tal\u00e1n sokan az gondolj\u00e1k: \u201eugyan honnan is tudhatn\u00e1 egy lelkip\u00e1sztor, mi mozd\u00edthat ki egy elt\u00e9vedt csal\u00e1dot a g\u00f6d\u00f6rb\u0151l, illetve hogy is \u00e9rthetn\u00e9k, milyen sokat f\u00e1radozunk azon, hogy gyerekeink tizen\u00e9ves korukban is \u00f6r\u00f6mmel menjenek haza \u00e9s szeressenek otthon lenni?! \u201d A H\u00e1zas H\u00e9tv\u00e9ge azonban nemcsak h\u00e1zasp\u00e1roknak sz\u00f3l, de papokat \u00e9s szerzeteseket is h\u00edv arra, hogy hivat\u00e1sukban elm\u00e9lyedjenek, kapcsolatukat a k\u00f6z\u00f6ss\u00e9g\u00fckkel meg\u00faj\u00edts\u00e1k. \u0150k egy teljesen m\u00e1s perspekt\u00edv\u00e1b\u00f3l k\u00e9pesek r\u00e1vil\u00e1g\u00edtani azokra a c\u00e9lokra, vagy a c\u00e9lokhoz seg\u00edt\u0151 \u201emank\u00f3kra\u201d, melyek teljesebb\u00e9-, egy \u00e9leten \u00e1t sz\u00e9pp\u00e9 \u00e9s tartalmass\u00e1 tehetik a csal\u00e1di \u00e9letet, hiszen Isten tudatosan teremtette az embert a h\u00e1zass\u00e1gra. D\u00e9l k\u00f6r\u00fcl term\u00e9szetesen mindny\u00e1jan meg\u00e9hezt\u00fcnk, ez\u00e9rt egy j\u00f3 hangulat\u00fa pizz\u00e1z\u00e1ssal folytat\u00f3dott a szombat d\u00e9lel\u0151tt. Az asztalt k\u00f6r\u00fcl \u00fclve j\u00f3 hangulatban folytathattuk a besz\u00e9lget\u00e9st, majd a rendezv\u00e9ny kett\u0151 \u00f3ra k\u00f6r\u00fcl k\u00f6z\u00f6s im\u00e1ds\u00e1ggal \u00e9s \u00e1ld\u00e1ssal \u00e9rt v\u00e9get. A H\u00e1zas H\u00e9tv\u00e9ge egy vil\u00e1gm\u00e9ret\u0171&#8230; <\/p>\n<p><a class=\"readmore\" href=\"https:\/\/stuttgarti-katolikusok.de\/index.php\/brune-gyorgyi-marietta-hazas-hetvege-stuttgartban\/\">R\u00e9szletek<\/a><\/p>\n","protected":false},"author":3,"featured_media":17090,"comment_status":"closed","ping_status":"closed","sticky":false,"template":"","format":"standard","meta":{"footnotes":""},"categories":[28],"tags":[],"class_list":["post-17089","post","type-post","status-publish","format-standard","has-post-thumbnail","hentry","category-olvasoink-irjak"],"yoast_head":"<!-- This site is optimized with the Yoast SEO plugin v27.3 - https:\/\/yoast.com\/product\/yoast-seo-wordpress\/ -->\n<title>Brune Gy\u00f6rgyi Marietta: H\u00e1zas H\u00e9tv\u00e9ge Stuttgartban - Stuttgarti Katolikusok<\/title>\n<meta name=\"robots\" content=\"index, follow, max-snippet:-1, max-image-preview:large, max-video-preview:-1\" \/>\n<link rel=\"canonical\" href=\"https:\/\/stuttgarti-katolikusok.de\/index.php\/brune-gyorgyi-marietta-hazas-hetvege-stuttgartban\/\" \/>\n<meta property=\"og:locale\" content=\"hu_HU\" \/>\n<meta property=\"og:type\" content=\"article\" \/>\n<meta property=\"og:title\" content=\"Brune Gy\u00f6rgyi Marietta: H\u00e1zas H\u00e9tv\u00e9ge Stuttgartban - Stuttgarti Katolikusok\" \/>\n<meta property=\"og:description\" content=\"Brune Gy\u00f6rgyi Marietta H\u00e1zas H\u00e9tv\u00e9ge Stuttgartban 2019.06.01. 2019. j\u00fanius elsej\u00e9n a Szeged-Csan\u00e1di Egyh\u00e1zmegy\u00e9b\u0151l \u00e9rkez\u0151 Kopasz Istv\u00e1n atya \u00f6r\u00f6mmel tett eleget Imre atya megh\u00edv\u00e1s\u00e1nak. Nem ez az els\u0151 alkalom, hogy Imre atya &#8211; a legt\u00f6bb\u00fcnk \u00e1ltal Fiatal H\u00e1zasok Napjak\u00e9nt ismert rendezv\u00e9nyt a k\u00f6z\u00e9pkor\u00fa, gyermekes csal\u00e1dok sz\u00e1m\u00e1ra is kib\u0151v\u00edtve \u2013 H\u00e1zas H\u00e9tv\u00e9ge n\u00e9ven szervez programot Stuttgartban. D\u00e9lel\u0151tt 10-\u00f3rakor vette kezdet\u00e9t a rendezv\u00e9ny, melynek keret\u00e9ben hat h\u00e1zasp\u00e1rnak tartott Istv\u00e1n atya el\u0151ad\u00e1st \u00e9s vezetett t\u00f6ltekez\u0151 besz\u00e9lget\u00e9st. A ragyog\u00f3 naps\u00fct\u00e9sben a gyermekek is j\u00f3l \u00e9rezt\u00e9k magukat, melyre kiv\u00e1l\u00f3 alkalmat szolg\u00e1lt a k\u00f6z\u00f6ss\u00e9gi h\u00e1z melletti \u00f3voda udvara. K\u00f6sz\u00f6nettel tartozunk Anik\u00f3nak \u00e9s Zs\u00f3finak, ami\u00e9rt ezen a d\u00e9lel\u0151tt\u00f6n magukra v\u00e1llalt\u00e1k a gyerekek fel\u00fcgyelet\u00e9t! A d\u00e9lel\u0151tt im\u00e1ds\u00e1ggal kezd\u0151d\u00f6tt, majd Istv\u00e1n atya k\u00fcl\u00f6nf\u00e9le sztereotip csal\u00e1dmodelleken kereszt\u00fcl mutatta be, milyen ir\u00e1nyt vehet egy h\u00e1zass\u00e1g a k\u00f6z\u00f6sen t\u00f6lt\u00f6tt \u00e9vek sor\u00e1n. Sz\u00f3 esett a p\u00e1rok esztend\u0151r\u0151l-esztend\u0151re alakul\u00f3 p\u00e1rkapcsolat\u00e1n t\u00fal a sz\u00fcletend\u0151 gyermekek sz\u00fcl\u0151kh\u00f6z f\u0171z\u0151d\u0151 viszony\u00e1r\u00f3l, \u00e9s a nevel\u00e9si strat\u00e9gi\u00e1kr\u00f3l is. Els\u0151 sorban azonban mindenf\u00e9le szem\u00e9lyesked\u00e9st n\u00e9lk\u00fcl\u00f6z\u0151 bar\u00e1ti hangv\u00e9tel\u0171 besz\u00e9lget\u00e9sben volt r\u00e9sz\u00fcnk, ahol a r\u00e9sztvev\u0151k is m\u00e9lyebben megismerhett\u00e9k egym\u00e1st. Tal\u00e1n sokan az gondolj\u00e1k: \u201eugyan honnan is tudhatn\u00e1 egy lelkip\u00e1sztor, mi mozd\u00edthat ki egy elt\u00e9vedt csal\u00e1dot a g\u00f6d\u00f6rb\u0151l, illetve hogy is \u00e9rthetn\u00e9k, milyen sokat f\u00e1radozunk azon, hogy gyerekeink tizen\u00e9ves korukban is \u00f6r\u00f6mmel menjenek haza \u00e9s szeressenek otthon lenni?! \u201d A H\u00e1zas H\u00e9tv\u00e9ge azonban nemcsak h\u00e1zasp\u00e1roknak sz\u00f3l, de papokat \u00e9s szerzeteseket is h\u00edv arra, hogy hivat\u00e1sukban elm\u00e9lyedjenek, kapcsolatukat a k\u00f6z\u00f6ss\u00e9g\u00fckkel meg\u00faj\u00edts\u00e1k. \u0150k egy teljesen m\u00e1s perspekt\u00edv\u00e1b\u00f3l k\u00e9pesek r\u00e1vil\u00e1g\u00edtani azokra a c\u00e9lokra, vagy a c\u00e9lokhoz seg\u00edt\u0151 \u201emank\u00f3kra\u201d, melyek teljesebb\u00e9-, egy \u00e9leten \u00e1t sz\u00e9pp\u00e9 \u00e9s tartalmass\u00e1 tehetik a csal\u00e1di \u00e9letet, hiszen Isten tudatosan teremtette az embert a h\u00e1zass\u00e1gra. D\u00e9l k\u00f6r\u00fcl term\u00e9szetesen mindny\u00e1jan meg\u00e9hezt\u00fcnk, ez\u00e9rt egy j\u00f3 hangulat\u00fa pizz\u00e1z\u00e1ssal folytat\u00f3dott a szombat d\u00e9lel\u0151tt. Az asztalt k\u00f6r\u00fcl \u00fclve j\u00f3 hangulatban folytathattuk a besz\u00e9lget\u00e9st, majd a rendezv\u00e9ny kett\u0151 \u00f3ra k\u00f6r\u00fcl k\u00f6z\u00f6s im\u00e1ds\u00e1ggal \u00e9s \u00e1ld\u00e1ssal \u00e9rt v\u00e9get. A H\u00e1zas H\u00e9tv\u00e9ge egy vil\u00e1gm\u00e9ret\u0171... R\u00e9szletek\" \/>\n<meta property=\"og:url\" content=\"https:\/\/stuttgarti-katolikusok.de\/index.php\/brune-gyorgyi-marietta-hazas-hetvege-stuttgartban\/\" \/>\n<meta property=\"og:site_name\" content=\"Stuttgarti Katolikusok\" \/>\n<meta property=\"article:published_time\" content=\"2019-06-06T16:08:12+00:00\" \/>\n<meta property=\"article:modified_time\" content=\"2019-06-06T16:08:34+00:00\" \/>\n<meta property=\"og:image\" content=\"https:\/\/stuttgarti-katolikusok.de\/wp-content\/uploads\/2019\/06\/shh.jpg\" \/>\n\t<meta property=\"og:image:width\" content=\"1600\" \/>\n\t<meta property=\"og:image:height\" content=\"1200\" \/>\n\t<meta property=\"og:image:type\" content=\"image\/jpeg\" \/>\n<meta name=\"author\" content=\"Tibor atya\" \/>\n<meta name=\"twitter:card\" content=\"summary_large_image\" \/>\n<meta name=\"twitter:label1\" content=\"Szerz\u0151:\" \/>\n\t<meta name=\"twitter:data1\" content=\"Tibor atya\" \/>\n\t<meta name=\"twitter:label2\" content=\"Becs\u00fclt olvas\u00e1si id\u0151\" \/>\n\t<meta name=\"twitter:data2\" content=\"3 perc\" \/>\n<script type=\"application\/ld+json\" class=\"yoast-schema-graph\">{\"@context\":\"https:\\\/\\\/schema.org\",\"@graph\":[{\"@type\":\"Article\",\"@id\":\"https:\\\/\\\/stuttgarti-katolikusok.de\\\/index.php\\\/brune-gyorgyi-marietta-hazas-hetvege-stuttgartban\\\/#article\",\"isPartOf\":{\"@id\":\"https:\\\/\\\/stuttgarti-katolikusok.de\\\/index.php\\\/brune-gyorgyi-marietta-hazas-hetvege-stuttgartban\\\/\"},\"author\":{\"name\":\"Tibor atya\",\"@id\":\"https:\\\/\\\/stuttgarti-katolikusok.de\\\/#\\\/schema\\\/person\\\/75908d6f8fdc03a57889d27209df7795\"},\"headline\":\"Brune Gy\u00f6rgyi Marietta: H\u00e1zas H\u00e9tv\u00e9ge Stuttgartban\",\"datePublished\":\"2019-06-06T16:08:12+00:00\",\"dateModified\":\"2019-06-06T16:08:34+00:00\",\"mainEntityOfPage\":{\"@id\":\"https:\\\/\\\/stuttgarti-katolikusok.de\\\/index.php\\\/brune-gyorgyi-marietta-hazas-hetvege-stuttgartban\\\/\"},\"wordCount\":677,\"image\":{\"@id\":\"https:\\\/\\\/stuttgarti-katolikusok.de\\\/index.php\\\/brune-gyorgyi-marietta-hazas-hetvege-stuttgartban\\\/#primaryimage\"},\"thumbnailUrl\":\"https:\\\/\\\/stuttgarti-katolikusok.de\\\/wp-content\\\/uploads\\\/2019\\\/06\\\/shh.jpg\",\"articleSection\":[\"Olvas\u00f3ink \u00edrj\u00e1k\"],\"inLanguage\":\"hu\"},{\"@type\":\"WebPage\",\"@id\":\"https:\\\/\\\/stuttgarti-katolikusok.de\\\/index.php\\\/brune-gyorgyi-marietta-hazas-hetvege-stuttgartban\\\/\",\"url\":\"https:\\\/\\\/stuttgarti-katolikusok.de\\\/index.php\\\/brune-gyorgyi-marietta-hazas-hetvege-stuttgartban\\\/\",\"name\":\"Brune Gy\u00f6rgyi Marietta: H\u00e1zas H\u00e9tv\u00e9ge Stuttgartban - Stuttgarti Katolikusok\",\"isPartOf\":{\"@id\":\"https:\\\/\\\/stuttgarti-katolikusok.de\\\/#website\"},\"primaryImageOfPage\":{\"@id\":\"https:\\\/\\\/stuttgarti-katolikusok.de\\\/index.php\\\/brune-gyorgyi-marietta-hazas-hetvege-stuttgartban\\\/#primaryimage\"},\"image\":{\"@id\":\"https:\\\/\\\/stuttgarti-katolikusok.de\\\/index.php\\\/brune-gyorgyi-marietta-hazas-hetvege-stuttgartban\\\/#primaryimage\"},\"thumbnailUrl\":\"https:\\\/\\\/stuttgarti-katolikusok.de\\\/wp-content\\\/uploads\\\/2019\\\/06\\\/shh.jpg\",\"datePublished\":\"2019-06-06T16:08:12+00:00\",\"dateModified\":\"2019-06-06T16:08:34+00:00\",\"author\":{\"@id\":\"https:\\\/\\\/stuttgarti-katolikusok.de\\\/#\\\/schema\\\/person\\\/75908d6f8fdc03a57889d27209df7795\"},\"breadcrumb\":{\"@id\":\"https:\\\/\\\/stuttgarti-katolikusok.de\\\/index.php\\\/brune-gyorgyi-marietta-hazas-hetvege-stuttgartban\\\/#breadcrumb\"},\"inLanguage\":\"hu\",\"potentialAction\":[{\"@type\":\"ReadAction\",\"target\":[\"https:\\\/\\\/stuttgarti-katolikusok.de\\\/index.php\\\/brune-gyorgyi-marietta-hazas-hetvege-stuttgartban\\\/\"]}]},{\"@type\":\"ImageObject\",\"inLanguage\":\"hu\",\"@id\":\"https:\\\/\\\/stuttgarti-katolikusok.de\\\/index.php\\\/brune-gyorgyi-marietta-hazas-hetvege-stuttgartban\\\/#primaryimage\",\"url\":\"https:\\\/\\\/stuttgarti-katolikusok.de\\\/wp-content\\\/uploads\\\/2019\\\/06\\\/shh.jpg\",\"contentUrl\":\"https:\\\/\\\/stuttgarti-katolikusok.de\\\/wp-content\\\/uploads\\\/2019\\\/06\\\/shh.jpg\",\"width\":1600,\"height\":1200},{\"@type\":\"BreadcrumbList\",\"@id\":\"https:\\\/\\\/stuttgarti-katolikusok.de\\\/index.php\\\/brune-gyorgyi-marietta-hazas-hetvege-stuttgartban\\\/#breadcrumb\",\"itemListElement\":[{\"@type\":\"ListItem\",\"position\":1,\"name\":\"Kezd\u0151lap\",\"item\":\"https:\\\/\\\/stuttgarti-katolikusok.de\\\/\"},{\"@type\":\"ListItem\",\"position\":2,\"name\":\"Brune Gy\u00f6rgyi Marietta: H\u00e1zas H\u00e9tv\u00e9ge Stuttgartban\"}]},{\"@type\":\"WebSite\",\"@id\":\"https:\\\/\\\/stuttgarti-katolikusok.de\\\/#website\",\"url\":\"https:\\\/\\\/stuttgarti-katolikusok.de\\\/\",\"name\":\"Stuttgarti Katolikusok\",\"description\":\"\",\"potentialAction\":[{\"@type\":\"SearchAction\",\"target\":{\"@type\":\"EntryPoint\",\"urlTemplate\":\"https:\\\/\\\/stuttgarti-katolikusok.de\\\/?s={search_term_string}\"},\"query-input\":{\"@type\":\"PropertyValueSpecification\",\"valueRequired\":true,\"valueName\":\"search_term_string\"}}],\"inLanguage\":\"hu\"},{\"@type\":\"Person\",\"@id\":\"https:\\\/\\\/stuttgarti-katolikusok.de\\\/#\\\/schema\\\/person\\\/75908d6f8fdc03a57889d27209df7795\",\"name\":\"Tibor atya\",\"image\":{\"@type\":\"ImageObject\",\"inLanguage\":\"hu\",\"@id\":\"https:\\\/\\\/secure.gravatar.com\\\/avatar\\\/61d268e57d1f4525b111222e29d2d5a7f8c420fdbf231ba5566a8ceac74fa960?s=96&d=mm&r=g\",\"url\":\"https:\\\/\\\/secure.gravatar.com\\\/avatar\\\/61d268e57d1f4525b111222e29d2d5a7f8c420fdbf231ba5566a8ceac74fa960?s=96&d=mm&r=g\",\"contentUrl\":\"https:\\\/\\\/secure.gravatar.com\\\/avatar\\\/61d268e57d1f4525b111222e29d2d5a7f8c420fdbf231ba5566a8ceac74fa960?s=96&d=mm&r=g\",\"caption\":\"Tibor atya\"},\"url\":\"https:\\\/\\\/stuttgarti-katolikusok.de\\\/index.php\\\/author\\\/tibor-atya\\\/\"}]}<\/script>\n<!-- \/ Yoast SEO plugin. -->","yoast_head_json":{"title":"Brune Gy\u00f6rgyi Marietta: H\u00e1zas H\u00e9tv\u00e9ge Stuttgartban - Stuttgarti Katolikusok","robots":{"index":"index","follow":"follow","max-snippet":"max-snippet:-1","max-image-preview":"max-image-preview:large","max-video-preview":"max-video-preview:-1"},"canonical":"https:\/\/stuttgarti-katolikusok.de\/index.php\/brune-gyorgyi-marietta-hazas-hetvege-stuttgartban\/","og_locale":"hu_HU","og_type":"article","og_title":"Brune Gy\u00f6rgyi Marietta: H\u00e1zas H\u00e9tv\u00e9ge Stuttgartban - Stuttgarti Katolikusok","og_description":"Brune Gy\u00f6rgyi Marietta H\u00e1zas H\u00e9tv\u00e9ge Stuttgartban 2019.06.01. 2019. j\u00fanius elsej\u00e9n a Szeged-Csan\u00e1di Egyh\u00e1zmegy\u00e9b\u0151l \u00e9rkez\u0151 Kopasz Istv\u00e1n atya \u00f6r\u00f6mmel tett eleget Imre atya megh\u00edv\u00e1s\u00e1nak. Nem ez az els\u0151 alkalom, hogy Imre atya &#8211; a legt\u00f6bb\u00fcnk \u00e1ltal Fiatal H\u00e1zasok Napjak\u00e9nt ismert rendezv\u00e9nyt a k\u00f6z\u00e9pkor\u00fa, gyermekes csal\u00e1dok sz\u00e1m\u00e1ra is kib\u0151v\u00edtve \u2013 H\u00e1zas H\u00e9tv\u00e9ge n\u00e9ven szervez programot Stuttgartban. D\u00e9lel\u0151tt 10-\u00f3rakor vette kezdet\u00e9t a rendezv\u00e9ny, melynek keret\u00e9ben hat h\u00e1zasp\u00e1rnak tartott Istv\u00e1n atya el\u0151ad\u00e1st \u00e9s vezetett t\u00f6ltekez\u0151 besz\u00e9lget\u00e9st. A ragyog\u00f3 naps\u00fct\u00e9sben a gyermekek is j\u00f3l \u00e9rezt\u00e9k magukat, melyre kiv\u00e1l\u00f3 alkalmat szolg\u00e1lt a k\u00f6z\u00f6ss\u00e9gi h\u00e1z melletti \u00f3voda udvara. K\u00f6sz\u00f6nettel tartozunk Anik\u00f3nak \u00e9s Zs\u00f3finak, ami\u00e9rt ezen a d\u00e9lel\u0151tt\u00f6n magukra v\u00e1llalt\u00e1k a gyerekek fel\u00fcgyelet\u00e9t! A d\u00e9lel\u0151tt im\u00e1ds\u00e1ggal kezd\u0151d\u00f6tt, majd Istv\u00e1n atya k\u00fcl\u00f6nf\u00e9le sztereotip csal\u00e1dmodelleken kereszt\u00fcl mutatta be, milyen ir\u00e1nyt vehet egy h\u00e1zass\u00e1g a k\u00f6z\u00f6sen t\u00f6lt\u00f6tt \u00e9vek sor\u00e1n. Sz\u00f3 esett a p\u00e1rok esztend\u0151r\u0151l-esztend\u0151re alakul\u00f3 p\u00e1rkapcsolat\u00e1n t\u00fal a sz\u00fcletend\u0151 gyermekek sz\u00fcl\u0151kh\u00f6z f\u0171z\u0151d\u0151 viszony\u00e1r\u00f3l, \u00e9s a nevel\u00e9si strat\u00e9gi\u00e1kr\u00f3l is. Els\u0151 sorban azonban mindenf\u00e9le szem\u00e9lyesked\u00e9st n\u00e9lk\u00fcl\u00f6z\u0151 bar\u00e1ti hangv\u00e9tel\u0171 besz\u00e9lget\u00e9sben volt r\u00e9sz\u00fcnk, ahol a r\u00e9sztvev\u0151k is m\u00e9lyebben megismerhett\u00e9k egym\u00e1st. Tal\u00e1n sokan az gondolj\u00e1k: \u201eugyan honnan is tudhatn\u00e1 egy lelkip\u00e1sztor, mi mozd\u00edthat ki egy elt\u00e9vedt csal\u00e1dot a g\u00f6d\u00f6rb\u0151l, illetve hogy is \u00e9rthetn\u00e9k, milyen sokat f\u00e1radozunk azon, hogy gyerekeink tizen\u00e9ves korukban is \u00f6r\u00f6mmel menjenek haza \u00e9s szeressenek otthon lenni?! \u201d A H\u00e1zas H\u00e9tv\u00e9ge azonban nemcsak h\u00e1zasp\u00e1roknak sz\u00f3l, de papokat \u00e9s szerzeteseket is h\u00edv arra, hogy hivat\u00e1sukban elm\u00e9lyedjenek, kapcsolatukat a k\u00f6z\u00f6ss\u00e9g\u00fckkel meg\u00faj\u00edts\u00e1k. \u0150k egy teljesen m\u00e1s perspekt\u00edv\u00e1b\u00f3l k\u00e9pesek r\u00e1vil\u00e1g\u00edtani azokra a c\u00e9lokra, vagy a c\u00e9lokhoz seg\u00edt\u0151 \u201emank\u00f3kra\u201d, melyek teljesebb\u00e9-, egy \u00e9leten \u00e1t sz\u00e9pp\u00e9 \u00e9s tartalmass\u00e1 tehetik a csal\u00e1di \u00e9letet, hiszen Isten tudatosan teremtette az embert a h\u00e1zass\u00e1gra. D\u00e9l k\u00f6r\u00fcl term\u00e9szetesen mindny\u00e1jan meg\u00e9hezt\u00fcnk, ez\u00e9rt egy j\u00f3 hangulat\u00fa pizz\u00e1z\u00e1ssal folytat\u00f3dott a szombat d\u00e9lel\u0151tt. Az asztalt k\u00f6r\u00fcl \u00fclve j\u00f3 hangulatban folytathattuk a besz\u00e9lget\u00e9st, majd a rendezv\u00e9ny kett\u0151 \u00f3ra k\u00f6r\u00fcl k\u00f6z\u00f6s im\u00e1ds\u00e1ggal \u00e9s \u00e1ld\u00e1ssal \u00e9rt v\u00e9get. A H\u00e1zas H\u00e9tv\u00e9ge egy vil\u00e1gm\u00e9ret\u0171... R\u00e9szletek","og_url":"https:\/\/stuttgarti-katolikusok.de\/index.php\/brune-gyorgyi-marietta-hazas-hetvege-stuttgartban\/","og_site_name":"Stuttgarti Katolikusok","article_published_time":"2019-06-06T16:08:12+00:00","article_modified_time":"2019-06-06T16:08:34+00:00","og_image":[{"width":1600,"height":1200,"url":"https:\/\/stuttgarti-katolikusok.de\/wp-content\/uploads\/2019\/06\/shh.jpg","type":"image\/jpeg"}],"author":"Tibor atya","twitter_card":"summary_large_image","twitter_misc":{"Szerz\u0151:":"Tibor atya","Becs\u00fclt olvas\u00e1si id\u0151":"3 perc"},"schema":{"@context":"https:\/\/schema.org","@graph":[{"@type":"Article","@id":"https:\/\/stuttgarti-katolikusok.de\/index.php\/brune-gyorgyi-marietta-hazas-hetvege-stuttgartban\/#article","isPartOf":{"@id":"https:\/\/stuttgarti-katolikusok.de\/index.php\/brune-gyorgyi-marietta-hazas-hetvege-stuttgartban\/"},"author":{"name":"Tibor atya","@id":"https:\/\/stuttgarti-katolikusok.de\/#\/schema\/person\/75908d6f8fdc03a57889d27209df7795"},"headline":"Brune Gy\u00f6rgyi Marietta: H\u00e1zas H\u00e9tv\u00e9ge Stuttgartban","datePublished":"2019-06-06T16:08:12+00:00","dateModified":"2019-06-06T16:08:34+00:00","mainEntityOfPage":{"@id":"https:\/\/stuttgarti-katolikusok.de\/index.php\/brune-gyorgyi-marietta-hazas-hetvege-stuttgartban\/"},"wordCount":677,"image":{"@id":"https:\/\/stuttgarti-katolikusok.de\/index.php\/brune-gyorgyi-marietta-hazas-hetvege-stuttgartban\/#primaryimage"},"thumbnailUrl":"https:\/\/stuttgarti-katolikusok.de\/wp-content\/uploads\/2019\/06\/shh.jpg","articleSection":["Olvas\u00f3ink \u00edrj\u00e1k"],"inLanguage":"hu"},{"@type":"WebPage","@id":"https:\/\/stuttgarti-katolikusok.de\/index.php\/brune-gyorgyi-marietta-hazas-hetvege-stuttgartban\/","url":"https:\/\/stuttgarti-katolikusok.de\/index.php\/brune-gyorgyi-marietta-hazas-hetvege-stuttgartban\/","name":"Brune Gy\u00f6rgyi Marietta: H\u00e1zas H\u00e9tv\u00e9ge Stuttgartban - Stuttgarti Katolikusok","isPartOf":{"@id":"https:\/\/stuttgarti-katolikusok.de\/#website"},"primaryImageOfPage":{"@id":"https:\/\/stuttgarti-katolikusok.de\/index.php\/brune-gyorgyi-marietta-hazas-hetvege-stuttgartban\/#primaryimage"},"image":{"@id":"https:\/\/stuttgarti-katolikusok.de\/index.php\/brune-gyorgyi-marietta-hazas-hetvege-stuttgartban\/#primaryimage"},"thumbnailUrl":"https:\/\/stuttgarti-katolikusok.de\/wp-content\/uploads\/2019\/06\/shh.jpg","datePublished":"2019-06-06T16:08:12+00:00","dateModified":"2019-06-06T16:08:34+00:00","author":{"@id":"https:\/\/stuttgarti-katolikusok.de\/#\/schema\/person\/75908d6f8fdc03a57889d27209df7795"},"breadcrumb":{"@id":"https:\/\/stuttgarti-katolikusok.de\/index.php\/brune-gyorgyi-marietta-hazas-hetvege-stuttgartban\/#breadcrumb"},"inLanguage":"hu","potentialAction":[{"@type":"ReadAction","target":["https:\/\/stuttgarti-katolikusok.de\/index.php\/brune-gyorgyi-marietta-hazas-hetvege-stuttgartban\/"]}]},{"@type":"ImageObject","inLanguage":"hu","@id":"https:\/\/stuttgarti-katolikusok.de\/index.php\/brune-gyorgyi-marietta-hazas-hetvege-stuttgartban\/#primaryimage","url":"https:\/\/stuttgarti-katolikusok.de\/wp-content\/uploads\/2019\/06\/shh.jpg","contentUrl":"https:\/\/stuttgarti-katolikusok.de\/wp-content\/uploads\/2019\/06\/shh.jpg","width":1600,"height":1200},{"@type":"BreadcrumbList","@id":"https:\/\/stuttgarti-katolikusok.de\/index.php\/brune-gyorgyi-marietta-hazas-hetvege-stuttgartban\/#breadcrumb","itemListElement":[{"@type":"ListItem","position":1,"name":"Kezd\u0151lap","item":"https:\/\/stuttgarti-katolikusok.de\/"},{"@type":"ListItem","position":2,"name":"Brune Gy\u00f6rgyi Marietta: H\u00e1zas H\u00e9tv\u00e9ge Stuttgartban"}]},{"@type":"WebSite","@id":"https:\/\/stuttgarti-katolikusok.de\/#website","url":"https:\/\/stuttgarti-katolikusok.de\/","name":"Stuttgarti Katolikusok","description":"","potentialAction":[{"@type":"SearchAction","target":{"@type":"EntryPoint","urlTemplate":"https:\/\/stuttgarti-katolikusok.de\/?s={search_term_string}"},"query-input":{"@type":"PropertyValueSpecification","valueRequired":true,"valueName":"search_term_string"}}],"inLanguage":"hu"},{"@type":"Person","@id":"https:\/\/stuttgarti-katolikusok.de\/#\/schema\/person\/75908d6f8fdc03a57889d27209df7795","name":"Tibor atya","image":{"@type":"ImageObject","inLanguage":"hu","@id":"https:\/\/secure.gravatar.com\/avatar\/61d268e57d1f4525b111222e29d2d5a7f8c420fdbf231ba5566a8ceac74fa960?s=96&d=mm&r=g","url":"https:\/\/secure.gravatar.com\/avatar\/61d268e57d1f4525b111222e29d2d5a7f8c420fdbf231ba5566a8ceac74fa960?s=96&d=mm&r=g","contentUrl":"https:\/\/secure.gravatar.com\/avatar\/61d268e57d1f4525b111222e29d2d5a7f8c420fdbf231ba5566a8ceac74fa960?s=96&d=mm&r=g","caption":"Tibor atya"},"url":"https:\/\/stuttgarti-katolikusok.de\/index.php\/author\/tibor-atya\/"}]}},"_links":{"self":[{"href":"https:\/\/stuttgarti-katolikusok.de\/index.php\/wp-json\/wp\/v2\/posts\/17089","targetHints":{"allow":["GET"]}}],"collection":[{"href":"https:\/\/stuttgarti-katolikusok.de\/index.php\/wp-json\/wp\/v2\/posts"}],"about":[{"href":"https:\/\/stuttgarti-katolikusok.de\/index.php\/wp-json\/wp\/v2\/types\/post"}],"author":[{"embeddable":true,"href":"https:\/\/stuttgarti-katolikusok.de\/index.php\/wp-json\/wp\/v2\/users\/3"}],"replies":[{"embeddable":true,"href":"https:\/\/stuttgarti-katolikusok.de\/index.php\/wp-json\/wp\/v2\/comments?post=17089"}],"version-history":[{"count":3,"href":"https:\/\/stuttgarti-katolikusok.de\/index.php\/wp-json\/wp\/v2\/posts\/17089\/revisions"}],"predecessor-version":[{"id":17093,"href":"https:\/\/stuttgarti-katolikusok.de\/index.php\/wp-json\/wp\/v2\/posts\/17089\/revisions\/17093"}],"wp:featuredmedia":[{"embeddable":true,"href":"https:\/\/stuttgarti-katolikusok.de\/index.php\/wp-json\/wp\/v2\/media\/17090"}],"wp:attachment":[{"href":"https:\/\/stuttgarti-katolikusok.de\/index.php\/wp-json\/wp\/v2\/media?parent=17089"}],"wp:term":[{"taxonomy":"category","embeddable":true,"href":"https:\/\/stuttgarti-katolikusok.de\/index.php\/wp-json\/wp\/v2\/categories?post=17089"},{"taxonomy":"post_tag","embeddable":true,"href":"https:\/\/stuttgarti-katolikusok.de\/index.php\/wp-json\/wp\/v2\/tags?post=17089"}],"curies":[{"name":"wp","href":"https:\/\/api.w.org\/{rel}","templated":true}]}}