{"id":16978,"date":"2019-05-27T11:44:22","date_gmt":"2019-05-27T11:44:22","guid":{"rendered":"https:\/\/gracious-dewdney.138-201-221-2.plesk.page\/?p=16978"},"modified":"2019-05-27T16:46:03","modified_gmt":"2019-05-27T16:46:03","slug":"szekely-eniko-ajandek","status":"publish","type":"post","link":"https:\/\/stuttgarti-katolikusok.de\/index.php\/szekely-eniko-ajandek\/","title":{"rendered":"Sz\u00e9kely Enik\u0151: Aj\u00e1nd\u00e9k"},"content":{"rendered":"<p><strong>Aj\u00e1nd\u00e9k \u2013 Jubileumi, els\u0151\u00e1ldoz\u00e1si \u00e9s b\u00e9rm\u00e1l\u00e1si szentmise Stuttgartban.<\/strong><\/p>\n<p>&nbsp;<\/p>\n<p><em>\u201e<\/em><em>\u00dcdv\u00f6z\u00f6lt l\u00e9gy kedves \u00fcnnep,<\/em><\/p>\n<p><em>Tiszta sz\u00edvek \u00fcnnepe!<\/em><\/p>\n<p><em>Ragyogjon be feh\u00e9r f\u00e9nyed<\/em><\/p>\n<p><em>Sz\u00edv\u00fcnk \u2013 lelk\u00fcnk m\u00e9ly\u00e9be. \u201d<\/em><\/p>\n<p>S\u00edk S\u00e1ndor <em>Feh\u00e9r nap<\/em> c\u00edm\u0171 vers\u00e9b\u0151l val\u00f3 ez a r\u00e9szlet, amely nagyszer\u0171en kifejezi azt a lelki k\u00e9sz\u00fcl\u0151d\u00e9st, amelyben r\u00e9sze van a mindenkori els\u0151\u00e1ldoz\u00f3 gyerekeknek. Az \u00dcnnepet megel\u0151zte a felk\u00e9sz\u00fcl\u00e9si id\u0151szak, amelyet Imre atya ir\u00e1ny\u00edtott gondosan. Els\u0151\u00e1ldoz\u00e1sra k\u00e9sz\u00fclt\u00fcnk, J\u00e9zus kis \u00e9s nagy bar\u00e1tai komolyan vett\u00e9k feladataikat, sz\u00fcleikkel is tanultak, k\u00e9sz\u00fcltek a b\u00e9rm\u00e1l\u00e1sra, a szentgy\u00f3n\u00e1sra \u00e9s a szent\u00e1ldoz\u00e1sra. Izgatottan v\u00e1rtuk az els\u0151\u00e1ldoz\u00e1s napj\u00e1t, azt az \u00fcnnep\u00e9lyes pillanatot, amikor el\u0151sz\u00f6r ker\u00fcl sor a szent\u00e1ldoz\u00e1sra.<\/p>\n<p>Csal\u00e1dunkban is nagy \u00fcnnepre k\u00e9sz\u00fclt\u00fcnk, sz\u00fcleink \u00e9s testv\u00e9reink a csal\u00e1djaikkal \u00e9rkeztek a messzi Erd\u00e9lyb\u0151l \u00e9s Magyarorsz\u00e1gr\u00f3l, hogy r\u00e9szesei lehessenek \u00f6r\u00f6m\u00fcnknek.<\/p>\n<p>Imre atya a Szent Gell\u00e9rt Egyh\u00e1zk\u00f6zs\u00e9g 72 \u00e9ves jubileumi szentmise kereteit t\u00e1g\u00edtotta ki, \u00edgy az els\u0151\u00e1ldoz\u00f3k \u00e9s b\u00e9rm\u00e1lkoz\u00f3k egy\u00fctt \u00fcnnepelhettek a 15 r\u00e9szegyh\u00e1zk\u00f6zs\u00e9g h\u00edveivel, csal\u00e1dtagjaikkal, rokonaikkal \u00e9s a sok-sok vend\u00e9ggel.<\/p>\n<p>D\u00edszvend\u00e9g Dr. M\u00e1rfi Gyula veszpr\u00e9mi \u00e9rsek atya volt, aki a sz\u00edvhezsz\u00f3l\u00f3 \u00e9s k\u00f6zvetlen pr\u00e9dik\u00e1ci\u00f3j\u00e1val azonnal megh\u00f3d\u00edtotta a jelenl\u00e9v\u0151k sz\u00edv\u00e9t. Aj\u00e1nd\u00e9kba kaptuk azokat a szem\u00e9lyes t\u00f6rt\u00e9neteket, amelyekkel el\u00e9rte a szomjaz\u00f3k, a k\u00e9tked\u0151k, a keres\u0151k, s a m\u00e1r \u00fatjaikat megtal\u00e1l\u00f3kat is. Azt is mondhatn\u00e1nk, hogy csak az nem hallotta meg a neki sz\u00f3l\u00f3 szavakat, aki nem akarta. S mindezt egy lend\u00fcletes, mag\u00e1val ragad\u00f3, humoros el\u0151ad\u00e1sm\u00f3dban, s m\u00e9g egyszer hangs\u00falyozn\u00e1m: k\u00f6zvetlen st\u00edlusban!<\/p>\n<p>Az \u00dcnnepet megtisztelte jelenl\u00e9t\u00e9vel dr. Tak\u00e1ts Istv\u00e1n \u00e9rseki irodaigazgat\u00f3, \u00e9s Tibor atya is. Imre atya, mint egy tehets\u00e9ges karmester hangolta \u00f6ssze az esem\u00e9nyeket, szem\u00e9lyeket \u00e9s feladatokat. A hangs\u00faly az \u00f6sszetartoz\u00e1son \u00e9s a szereteten volt. Mi, mindannyian \u00e9rezt\u00fck a pillanatok magasztoss\u00e1g\u00e1t, s mer\u00e9szen kijelenthetem, hogy amikor a templom k\u00f6z\u00f6ss\u00e9ge a Miaty\u00e1nkot k\u00e9zenfogva im\u00e1dkozta, az id\u0151 is meg\u00e1llt. Megsz\u0171nt a t\u00e9r, megsz\u00fcntek a k\u00fcl\u00f6nb\u00f6z\u0151s\u00e9gek, s mi mindannyian egyek voltunk az im\u00e1ban. Ezt \u00e9rezt\u00e9k az els\u0151\u00e1ldoz\u00f3 gyerekek is, akik \u00e1h\u00edtattal vett\u00e9k magukhoz Isten test\u00e9t \u00e9s v\u00e9r\u00e9t \u00e1br\u00e1zol\u00f3 szentelt osty\u00e1t \u00e9s bort.<\/p>\n<p>Mik\u00f6zben \u00e9nekelt\u00fck: <em>Szeretet \u00e1radjon k\u00f6zt\u00fcnk<\/em> c\u00edm\u0171 git\u00e1ros \u00e9neket, de nemcsak \u00e9nekelt\u00fck, hanem \u00e9rezt\u00fck is. Az els\u0151\u00e1ldoz\u00f3 gyerekek nagy aj\u00e1nd\u00e9kban r\u00e9szes\u00fcltek, s ez ugyan\u00fagy igaz r\u00e1nk is. Izgatottan, v\u00e1rakoz\u00e1sokkal telve \u00e9rkezt\u00fcnk, s csordultig telt sz\u00edv\u00fcnk \u00e9rz\u00e9sekkel, \u00fagy t\u00e1voztunk.<\/p>\n<p>Mi nem tan\u00fai voltunk a csod\u00e1nak, hanem meg\u00e9lt\u00fck a csod\u00e1t! Tartozni egy k\u00f6z\u00f6ss\u00e9ghez, tartozni egy nemzethez \u2013 mindenkinek meg van adva a lehet\u0151s\u00e9g, de \u00e9lni nek\u00fcnk kell vele. Az ajt\u00f3 mindenki sz\u00e1m\u00e1ra nyitva van, de bel\u00e9pni nek\u00fcnk kell. A k\u00f6z\u00f6ss\u00e9gbe, ahol ismernek, ahol a neveden sz\u00f3l\u00edtanak, ahol \u00f6r\u00fclnek a j\u00f6tt\u00f6dnek, ahol a magyar himnuszt \u00e9nekelve megremeg a sz\u00edved, ahol a sz\u00e9kely himnuszt \u00e9nekelve gondolatban hazasz\u00e1llsz.<\/p>\n<p>Itthon vagy \u2013 Otthon vagy! \u00c9lj vele! Vedd az aj\u00e1nd\u00e9kot \u00e1t! Csak rajtad m\u00falik&#8230;<\/p>\n<p>A jubileumi szentmise egy \u00e9letre sz\u00f3l\u00f3 \u00e9lm\u00e9ny marad! Az els\u0151\u00e1ldoz\u00f3knak \u00e9s hiszem, hogy a b\u00e9rm\u00e1lkoz\u00f3knak is ez fel\u00fclm\u00falhatatlan \u00e9rz\u00e9sekkel j\u00e1rt, s mi mindannyian elvitt\u00fck sz\u00edv\u00fcnkben az aj\u00e1nd\u00e9kokat.<\/p>\n<p>J\u00f3 magyar szok\u00e1s szerint ahol \u00fcnnep van, ott nem csak a lelki t\u00e1pl\u00e1l\u00e9kr\u00f3l gondoskodnak, hanem a finom \u00e9tkekr\u0151l s v\u00e9rpezsd\u00edt\u0151 innival\u00f3r\u00f3l is. A magyar vend\u00e9gszeretetr\u0151l bizonys\u00e1got tettek az egyh\u00e1ztan\u00e1cs tagjai, a leg\u00e1tusok \u00e9s a stuttgarti egyh\u00e1zk\u00f6zs\u00e9g tagjai, akik a magyar n\u00e9pmes\u00e9b\u0151l ismert Ter\u00fclj, ter\u00fclj asztalk\u00e1mmal v\u00e1rt\u00e1k a vend\u00e9geket. Arany J\u00e1nost id\u00e9zve: <em>\u201e Mi szem-sz\u00e1jnak ingere&#8230; \u201d<\/em> minden megtal\u00e1lhat\u00f3 volt!<\/p>\n<p>Otthonr\u00f3l \u00e9rkezett csal\u00e1dtagjaink a szentmise ut\u00e1ni \u00e1mulatb\u00f3l a lehengerl\u0151 vend\u00e9gl\u00e1t\u00e1st \u00e9lvezhett\u00e9k, otthonr\u00f3l haza \u00e9rkeztek, s ezt \u00e9rezt\u00e9k is.<\/p>\n<p>Ulmb\u00f3l \u00e9rkezve egy \u00e9letre sz\u00f3l\u00f3, felejthetetlen \u00dcnnepben volt r\u00e9sz\u00fcnk Stuttgartban, s ezt k\u00f6sz\u00f6nhetj\u00fck az egyh\u00e1zk\u00f6zs\u00e9g tagjainak, akik csal\u00e1dtagk\u00e9nt szeretnek minket.<\/p>\n<p><em>\u201eSoha m\u00e9g ilyen els\u0151\u00e1ldoz\u00e1son nem vett\u00fcnk r\u00e9szt, ahol mi magunk is megsz\u00f3l\u00edtva \u00e9rezt\u00fck magunkat! \u201d<\/em> &#8211; \u00edgy v\u00e9lekedtek csal\u00e1dtagjaink.<\/p>\n<p>S m\u00e9g nem sz\u00f3ltam az id\u0151j\u00e1r\u00e1sr\u00f3l. Napok \u00f3ta es\u0151t, vihart jeleztek az id\u0151j\u00f3sok erre a napra. A ma praktikus embere megn\u00e9zi az iPhone-on, s l\u00e1tja, hogy es\u0151t mutat, arra k\u00e9sz\u00fcl. S azt\u00e1n csod\u00e1lkozik, hogy s\u00fct a Nap, teljesen \u00e9rthetetlen. Elfeledkez\u00fcnk az isteni gondvisel\u00e9sr\u0151l, R\u00f3la, aki im\u00e1inkat meghallgatja. A Nap s\u00fct, minden az el\u0151re megtervezett forgat\u00f3k\u00f6nyv szerint zajlik, nyugalom \u00e9s szeretet \u00e1rad k\u00f6zt\u00fcnk. M\u00e1sk\u00e9pp nem is lehetne \u2013 ezt bizonyosan \u00e9rezz\u00fck.<\/p>\n<p>Imre atya mosollyal arc\u00e1n k\u00f6sz\u00f6n el t\u0151l\u00fcnk, csal\u00e1dtagjainkt\u00f3l, rajta nem l\u00e1tszik az izgatotts\u00e1g, az \u00fajratervez\u00e9s, a f\u00e1radts\u00e1g. Csak az \u00f6r\u00f6m, s az \u00e9rz\u00e9s, amit \u00e1tad: J\u00f3, hogy itt volt\u00e1l! Gyere m\u00e1skor is! Szeretettel v\u00e1runk!<\/p>\n<p>Mi nyitott sz\u00edvvel \u00e9rkezt\u00fcnk, s feh\u00e9r f\u00e9nnyel a sz\u00edv\u00fcnkben t\u00e1voztunk. Meg\u00e9rintett Isten jelenl\u00e9te, s az az emberi szeretet, amelyet \u00e9rezt\u00fcnk, s az az \u00dcnnep, amelyet aj\u00e1nd\u00e9kba kaptunk. K\u00edv\u00e1nom, hogy a b\u00e9rm\u00e1lkoz\u00f3k \u00e9s az els\u0151\u00e1ldoz\u00f3k is meg\u0151rizz\u00e9k a Szentl\u00e9lek aj\u00e1nd\u00e9kait, illetve sz\u00edv\u00fck tisztas\u00e1g\u00e1t, feh\u00e9rs\u00e9g\u00e9t, \u00e9s eml\u00e9kezzenek erre az \u00dcnnepre!<\/p>\n<p>Az \u00dcnnep az Aj\u00e1nd\u00e9k!<\/p>\n<p><em>\u201e <\/em><em>Boldog\u00edt\u00f3 \u00f6r\u00f6m\u00e9vel<br \/>\nEl fog \u00e9des \u00e9rzelem,<br \/>\n\u00c9g\u0151 s\u00f3haj halk foh\u00e1sza<br \/>\nLebben \u00e1t a lelkemen.<br \/>\n\u00c9des J\u00e9zus sz\u00e1llj sz\u00edv\u00fcnkbe<br \/>\nS \u00f3vj hal\u00e1lig h\u0171 vez\u00e9r,<br \/>\nHogy a lelk\u00fck b\u00e1rmi harcon<br \/>\nMind\u00f6r\u00f6kk\u00e9 megmaradjon<br \/>\nH\u00f3feh\u00e9r. \u201d <\/em>S\u00edk S\u00e1ndor<\/p>\n<p>&nbsp;<\/p>\n<p>Sz\u00e9kely Enik\u0151<\/p>\n<p>Ulm, 2019-05-27.<\/p>\n","protected":false},"excerpt":{"rendered":"<p>Aj\u00e1nd\u00e9k \u2013 Jubileumi, els\u0151\u00e1ldoz\u00e1si \u00e9s b\u00e9rm\u00e1l\u00e1si szentmise Stuttgartban. &nbsp; \u201e\u00dcdv\u00f6z\u00f6lt l\u00e9gy kedves \u00fcnnep, Tiszta sz\u00edvek \u00fcnnepe! Ragyogjon be feh\u00e9r f\u00e9nyed Sz\u00edv\u00fcnk \u2013 lelk\u00fcnk m\u00e9ly\u00e9be. \u201d S\u00edk S\u00e1ndor Feh\u00e9r nap c\u00edm\u0171 vers\u00e9b\u0151l val\u00f3 ez a r\u00e9szlet, amely nagyszer\u0171en kifejezi azt a lelki k\u00e9sz\u00fcl\u0151d\u00e9st, amelyben r\u00e9sze van a mindenkori els\u0151\u00e1ldoz\u00f3 gyerekeknek. Az \u00dcnnepet megel\u0151zte a felk\u00e9sz\u00fcl\u00e9si id\u0151szak, amelyet Imre atya ir\u00e1ny\u00edtott gondosan. Els\u0151\u00e1ldoz\u00e1sra k\u00e9sz\u00fclt\u00fcnk, J\u00e9zus kis \u00e9s nagy bar\u00e1tai komolyan vett\u00e9k feladataikat, sz\u00fcleikkel is tanultak, k\u00e9sz\u00fcltek a b\u00e9rm\u00e1l\u00e1sra, a szentgy\u00f3n\u00e1sra \u00e9s a szent\u00e1ldoz\u00e1sra. Izgatottan v\u00e1rtuk az els\u0151\u00e1ldoz\u00e1s napj\u00e1t, azt az \u00fcnnep\u00e9lyes pillanatot, amikor el\u0151sz\u00f6r ker\u00fcl sor a szent\u00e1ldoz\u00e1sra. Csal\u00e1dunkban is nagy \u00fcnnepre k\u00e9sz\u00fclt\u00fcnk, sz\u00fcleink \u00e9s testv\u00e9reink a csal\u00e1djaikkal \u00e9rkeztek a messzi Erd\u00e9lyb\u0151l \u00e9s Magyarorsz\u00e1gr\u00f3l, hogy r\u00e9szesei lehessenek \u00f6r\u00f6m\u00fcnknek. Imre atya a Szent Gell\u00e9rt Egyh\u00e1zk\u00f6zs\u00e9g 72 \u00e9ves jubileumi szentmise kereteit t\u00e1g\u00edtotta ki, \u00edgy az els\u0151\u00e1ldoz\u00f3k \u00e9s b\u00e9rm\u00e1lkoz\u00f3k egy\u00fctt \u00fcnnepelhettek a 15 r\u00e9szegyh\u00e1zk\u00f6zs\u00e9g h\u00edveivel, csal\u00e1dtagjaikkal, rokonaikkal \u00e9s a sok-sok vend\u00e9ggel. D\u00edszvend\u00e9g Dr. M\u00e1rfi Gyula veszpr\u00e9mi \u00e9rsek atya volt, aki a sz\u00edvhezsz\u00f3l\u00f3 \u00e9s k\u00f6zvetlen pr\u00e9dik\u00e1ci\u00f3j\u00e1val azonnal megh\u00f3d\u00edtotta a jelenl\u00e9v\u0151k sz\u00edv\u00e9t. Aj\u00e1nd\u00e9kba kaptuk azokat a szem\u00e9lyes t\u00f6rt\u00e9neteket, amelyekkel el\u00e9rte a szomjaz\u00f3k, a k\u00e9tked\u0151k, a keres\u0151k, s a m\u00e1r \u00fatjaikat megtal\u00e1l\u00f3kat is. Azt is mondhatn\u00e1nk, hogy csak az nem hallotta meg a neki sz\u00f3l\u00f3 szavakat, aki nem akarta. S mindezt egy lend\u00fcletes, mag\u00e1val ragad\u00f3, humoros el\u0151ad\u00e1sm\u00f3dban, s m\u00e9g egyszer hangs\u00falyozn\u00e1m: k\u00f6zvetlen st\u00edlusban! Az \u00dcnnepet megtisztelte jelenl\u00e9t\u00e9vel dr. Tak\u00e1ts Istv\u00e1n \u00e9rseki irodaigazgat\u00f3, \u00e9s Tibor atya is. Imre atya, mint egy tehets\u00e9ges karmester hangolta \u00f6ssze az esem\u00e9nyeket, szem\u00e9lyeket \u00e9s feladatokat. A hangs\u00faly az \u00f6sszetartoz\u00e1son \u00e9s a szereteten volt. Mi, mindannyian \u00e9rezt\u00fck a pillanatok magasztoss\u00e1g\u00e1t, s mer\u00e9szen kijelenthetem, hogy amikor a templom k\u00f6z\u00f6ss\u00e9ge a Miaty\u00e1nkot k\u00e9zenfogva im\u00e1dkozta, az id\u0151 is meg\u00e1llt. Megsz\u0171nt a t\u00e9r, megsz\u00fcntek a k\u00fcl\u00f6nb\u00f6z\u0151s\u00e9gek, s mi mindannyian egyek voltunk az im\u00e1ban. Ezt \u00e9rezt\u00e9k az els\u0151\u00e1ldoz\u00f3 gyerekek is, akik \u00e1h\u00edtattal vett\u00e9k magukhoz Isten test\u00e9t \u00e9s v\u00e9r\u00e9t \u00e1br\u00e1zol\u00f3 szentelt&#8230; <\/p>\n<p><a class=\"readmore\" href=\"https:\/\/stuttgarti-katolikusok.de\/index.php\/szekely-eniko-ajandek\/\">R\u00e9szletek<\/a><\/p>\n","protected":false},"author":3,"featured_media":16980,"comment_status":"closed","ping_status":"closed","sticky":false,"template":"","format":"standard","meta":{"footnotes":""},"categories":[28],"tags":[],"class_list":["post-16978","post","type-post","status-publish","format-standard","has-post-thumbnail","hentry","category-olvasoink-irjak"],"yoast_head":"<!-- This site is optimized with the Yoast SEO plugin v27.3 - https:\/\/yoast.com\/product\/yoast-seo-wordpress\/ -->\n<title>Sz\u00e9kely Enik\u0151: Aj\u00e1nd\u00e9k - Stuttgarti Katolikusok<\/title>\n<meta name=\"robots\" content=\"index, follow, max-snippet:-1, max-image-preview:large, max-video-preview:-1\" \/>\n<link rel=\"canonical\" href=\"https:\/\/stuttgarti-katolikusok.de\/index.php\/szekely-eniko-ajandek\/\" \/>\n<meta property=\"og:locale\" content=\"hu_HU\" \/>\n<meta property=\"og:type\" content=\"article\" \/>\n<meta property=\"og:title\" content=\"Sz\u00e9kely Enik\u0151: Aj\u00e1nd\u00e9k - Stuttgarti Katolikusok\" \/>\n<meta property=\"og:description\" content=\"Aj\u00e1nd\u00e9k \u2013 Jubileumi, els\u0151\u00e1ldoz\u00e1si \u00e9s b\u00e9rm\u00e1l\u00e1si szentmise Stuttgartban. &nbsp; \u201e\u00dcdv\u00f6z\u00f6lt l\u00e9gy kedves \u00fcnnep, Tiszta sz\u00edvek \u00fcnnepe! Ragyogjon be feh\u00e9r f\u00e9nyed Sz\u00edv\u00fcnk \u2013 lelk\u00fcnk m\u00e9ly\u00e9be. \u201d S\u00edk S\u00e1ndor Feh\u00e9r nap c\u00edm\u0171 vers\u00e9b\u0151l val\u00f3 ez a r\u00e9szlet, amely nagyszer\u0171en kifejezi azt a lelki k\u00e9sz\u00fcl\u0151d\u00e9st, amelyben r\u00e9sze van a mindenkori els\u0151\u00e1ldoz\u00f3 gyerekeknek. Az \u00dcnnepet megel\u0151zte a felk\u00e9sz\u00fcl\u00e9si id\u0151szak, amelyet Imre atya ir\u00e1ny\u00edtott gondosan. Els\u0151\u00e1ldoz\u00e1sra k\u00e9sz\u00fclt\u00fcnk, J\u00e9zus kis \u00e9s nagy bar\u00e1tai komolyan vett\u00e9k feladataikat, sz\u00fcleikkel is tanultak, k\u00e9sz\u00fcltek a b\u00e9rm\u00e1l\u00e1sra, a szentgy\u00f3n\u00e1sra \u00e9s a szent\u00e1ldoz\u00e1sra. Izgatottan v\u00e1rtuk az els\u0151\u00e1ldoz\u00e1s napj\u00e1t, azt az \u00fcnnep\u00e9lyes pillanatot, amikor el\u0151sz\u00f6r ker\u00fcl sor a szent\u00e1ldoz\u00e1sra. Csal\u00e1dunkban is nagy \u00fcnnepre k\u00e9sz\u00fclt\u00fcnk, sz\u00fcleink \u00e9s testv\u00e9reink a csal\u00e1djaikkal \u00e9rkeztek a messzi Erd\u00e9lyb\u0151l \u00e9s Magyarorsz\u00e1gr\u00f3l, hogy r\u00e9szesei lehessenek \u00f6r\u00f6m\u00fcnknek. Imre atya a Szent Gell\u00e9rt Egyh\u00e1zk\u00f6zs\u00e9g 72 \u00e9ves jubileumi szentmise kereteit t\u00e1g\u00edtotta ki, \u00edgy az els\u0151\u00e1ldoz\u00f3k \u00e9s b\u00e9rm\u00e1lkoz\u00f3k egy\u00fctt \u00fcnnepelhettek a 15 r\u00e9szegyh\u00e1zk\u00f6zs\u00e9g h\u00edveivel, csal\u00e1dtagjaikkal, rokonaikkal \u00e9s a sok-sok vend\u00e9ggel. D\u00edszvend\u00e9g Dr. M\u00e1rfi Gyula veszpr\u00e9mi \u00e9rsek atya volt, aki a sz\u00edvhezsz\u00f3l\u00f3 \u00e9s k\u00f6zvetlen pr\u00e9dik\u00e1ci\u00f3j\u00e1val azonnal megh\u00f3d\u00edtotta a jelenl\u00e9v\u0151k sz\u00edv\u00e9t. Aj\u00e1nd\u00e9kba kaptuk azokat a szem\u00e9lyes t\u00f6rt\u00e9neteket, amelyekkel el\u00e9rte a szomjaz\u00f3k, a k\u00e9tked\u0151k, a keres\u0151k, s a m\u00e1r \u00fatjaikat megtal\u00e1l\u00f3kat is. Azt is mondhatn\u00e1nk, hogy csak az nem hallotta meg a neki sz\u00f3l\u00f3 szavakat, aki nem akarta. S mindezt egy lend\u00fcletes, mag\u00e1val ragad\u00f3, humoros el\u0151ad\u00e1sm\u00f3dban, s m\u00e9g egyszer hangs\u00falyozn\u00e1m: k\u00f6zvetlen st\u00edlusban! Az \u00dcnnepet megtisztelte jelenl\u00e9t\u00e9vel dr. Tak\u00e1ts Istv\u00e1n \u00e9rseki irodaigazgat\u00f3, \u00e9s Tibor atya is. Imre atya, mint egy tehets\u00e9ges karmester hangolta \u00f6ssze az esem\u00e9nyeket, szem\u00e9lyeket \u00e9s feladatokat. A hangs\u00faly az \u00f6sszetartoz\u00e1son \u00e9s a szereteten volt. Mi, mindannyian \u00e9rezt\u00fck a pillanatok magasztoss\u00e1g\u00e1t, s mer\u00e9szen kijelenthetem, hogy amikor a templom k\u00f6z\u00f6ss\u00e9ge a Miaty\u00e1nkot k\u00e9zenfogva im\u00e1dkozta, az id\u0151 is meg\u00e1llt. Megsz\u0171nt a t\u00e9r, megsz\u00fcntek a k\u00fcl\u00f6nb\u00f6z\u0151s\u00e9gek, s mi mindannyian egyek voltunk az im\u00e1ban. Ezt \u00e9rezt\u00e9k az els\u0151\u00e1ldoz\u00f3 gyerekek is, akik \u00e1h\u00edtattal vett\u00e9k magukhoz Isten test\u00e9t \u00e9s v\u00e9r\u00e9t \u00e1br\u00e1zol\u00f3 szentelt... R\u00e9szletek\" \/>\n<meta property=\"og:url\" content=\"https:\/\/stuttgarti-katolikusok.de\/index.php\/szekely-eniko-ajandek\/\" \/>\n<meta property=\"og:site_name\" content=\"Stuttgarti Katolikusok\" \/>\n<meta property=\"article:published_time\" content=\"2019-05-27T11:44:22+00:00\" \/>\n<meta property=\"article:modified_time\" content=\"2019-05-27T16:46:03+00:00\" \/>\n<meta property=\"og:image\" content=\"https:\/\/stuttgarti-katolikusok.de\/wp-content\/uploads\/2019\/05\/elsealdozok.jpg\" \/>\n\t<meta property=\"og:image:width\" content=\"1200\" \/>\n\t<meta property=\"og:image:height\" content=\"800\" \/>\n\t<meta property=\"og:image:type\" content=\"image\/jpeg\" \/>\n<meta name=\"author\" content=\"Tibor atya\" \/>\n<meta name=\"twitter:card\" content=\"summary_large_image\" \/>\n<meta name=\"twitter:label1\" content=\"Szerz\u0151:\" \/>\n\t<meta name=\"twitter:data1\" content=\"Tibor atya\" \/>\n\t<meta name=\"twitter:label2\" content=\"Becs\u00fclt olvas\u00e1si id\u0151\" \/>\n\t<meta name=\"twitter:data2\" content=\"6 perc\" \/>\n<script type=\"application\/ld+json\" class=\"yoast-schema-graph\">{\"@context\":\"https:\\\/\\\/schema.org\",\"@graph\":[{\"@type\":\"Article\",\"@id\":\"https:\\\/\\\/stuttgarti-katolikusok.de\\\/index.php\\\/szekely-eniko-ajandek\\\/#article\",\"isPartOf\":{\"@id\":\"https:\\\/\\\/stuttgarti-katolikusok.de\\\/index.php\\\/szekely-eniko-ajandek\\\/\"},\"author\":{\"name\":\"Tibor atya\",\"@id\":\"https:\\\/\\\/stuttgarti-katolikusok.de\\\/#\\\/schema\\\/person\\\/75908d6f8fdc03a57889d27209df7795\"},\"headline\":\"Sz\u00e9kely Enik\u0151: Aj\u00e1nd\u00e9k\",\"datePublished\":\"2019-05-27T11:44:22+00:00\",\"dateModified\":\"2019-05-27T16:46:03+00:00\",\"mainEntityOfPage\":{\"@id\":\"https:\\\/\\\/stuttgarti-katolikusok.de\\\/index.php\\\/szekely-eniko-ajandek\\\/\"},\"wordCount\":1165,\"image\":{\"@id\":\"https:\\\/\\\/stuttgarti-katolikusok.de\\\/index.php\\\/szekely-eniko-ajandek\\\/#primaryimage\"},\"thumbnailUrl\":\"https:\\\/\\\/stuttgarti-katolikusok.de\\\/wp-content\\\/uploads\\\/2019\\\/05\\\/elsealdozok.jpg\",\"articleSection\":[\"Olvas\u00f3ink \u00edrj\u00e1k\"],\"inLanguage\":\"hu\"},{\"@type\":\"WebPage\",\"@id\":\"https:\\\/\\\/stuttgarti-katolikusok.de\\\/index.php\\\/szekely-eniko-ajandek\\\/\",\"url\":\"https:\\\/\\\/stuttgarti-katolikusok.de\\\/index.php\\\/szekely-eniko-ajandek\\\/\",\"name\":\"Sz\u00e9kely Enik\u0151: Aj\u00e1nd\u00e9k - Stuttgarti Katolikusok\",\"isPartOf\":{\"@id\":\"https:\\\/\\\/stuttgarti-katolikusok.de\\\/#website\"},\"primaryImageOfPage\":{\"@id\":\"https:\\\/\\\/stuttgarti-katolikusok.de\\\/index.php\\\/szekely-eniko-ajandek\\\/#primaryimage\"},\"image\":{\"@id\":\"https:\\\/\\\/stuttgarti-katolikusok.de\\\/index.php\\\/szekely-eniko-ajandek\\\/#primaryimage\"},\"thumbnailUrl\":\"https:\\\/\\\/stuttgarti-katolikusok.de\\\/wp-content\\\/uploads\\\/2019\\\/05\\\/elsealdozok.jpg\",\"datePublished\":\"2019-05-27T11:44:22+00:00\",\"dateModified\":\"2019-05-27T16:46:03+00:00\",\"author\":{\"@id\":\"https:\\\/\\\/stuttgarti-katolikusok.de\\\/#\\\/schema\\\/person\\\/75908d6f8fdc03a57889d27209df7795\"},\"breadcrumb\":{\"@id\":\"https:\\\/\\\/stuttgarti-katolikusok.de\\\/index.php\\\/szekely-eniko-ajandek\\\/#breadcrumb\"},\"inLanguage\":\"hu\",\"potentialAction\":[{\"@type\":\"ReadAction\",\"target\":[\"https:\\\/\\\/stuttgarti-katolikusok.de\\\/index.php\\\/szekely-eniko-ajandek\\\/\"]}]},{\"@type\":\"ImageObject\",\"inLanguage\":\"hu\",\"@id\":\"https:\\\/\\\/stuttgarti-katolikusok.de\\\/index.php\\\/szekely-eniko-ajandek\\\/#primaryimage\",\"url\":\"https:\\\/\\\/stuttgarti-katolikusok.de\\\/wp-content\\\/uploads\\\/2019\\\/05\\\/elsealdozok.jpg\",\"contentUrl\":\"https:\\\/\\\/stuttgarti-katolikusok.de\\\/wp-content\\\/uploads\\\/2019\\\/05\\\/elsealdozok.jpg\",\"width\":1200,\"height\":800},{\"@type\":\"BreadcrumbList\",\"@id\":\"https:\\\/\\\/stuttgarti-katolikusok.de\\\/index.php\\\/szekely-eniko-ajandek\\\/#breadcrumb\",\"itemListElement\":[{\"@type\":\"ListItem\",\"position\":1,\"name\":\"Kezd\u0151lap\",\"item\":\"https:\\\/\\\/stuttgarti-katolikusok.de\\\/\"},{\"@type\":\"ListItem\",\"position\":2,\"name\":\"Sz\u00e9kely Enik\u0151: Aj\u00e1nd\u00e9k\"}]},{\"@type\":\"WebSite\",\"@id\":\"https:\\\/\\\/stuttgarti-katolikusok.de\\\/#website\",\"url\":\"https:\\\/\\\/stuttgarti-katolikusok.de\\\/\",\"name\":\"Stuttgarti Katolikusok\",\"description\":\"\",\"potentialAction\":[{\"@type\":\"SearchAction\",\"target\":{\"@type\":\"EntryPoint\",\"urlTemplate\":\"https:\\\/\\\/stuttgarti-katolikusok.de\\\/?s={search_term_string}\"},\"query-input\":{\"@type\":\"PropertyValueSpecification\",\"valueRequired\":true,\"valueName\":\"search_term_string\"}}],\"inLanguage\":\"hu\"},{\"@type\":\"Person\",\"@id\":\"https:\\\/\\\/stuttgarti-katolikusok.de\\\/#\\\/schema\\\/person\\\/75908d6f8fdc03a57889d27209df7795\",\"name\":\"Tibor atya\",\"image\":{\"@type\":\"ImageObject\",\"inLanguage\":\"hu\",\"@id\":\"https:\\\/\\\/secure.gravatar.com\\\/avatar\\\/61d268e57d1f4525b111222e29d2d5a7f8c420fdbf231ba5566a8ceac74fa960?s=96&d=mm&r=g\",\"url\":\"https:\\\/\\\/secure.gravatar.com\\\/avatar\\\/61d268e57d1f4525b111222e29d2d5a7f8c420fdbf231ba5566a8ceac74fa960?s=96&d=mm&r=g\",\"contentUrl\":\"https:\\\/\\\/secure.gravatar.com\\\/avatar\\\/61d268e57d1f4525b111222e29d2d5a7f8c420fdbf231ba5566a8ceac74fa960?s=96&d=mm&r=g\",\"caption\":\"Tibor atya\"},\"url\":\"https:\\\/\\\/stuttgarti-katolikusok.de\\\/index.php\\\/author\\\/tibor-atya\\\/\"}]}<\/script>\n<!-- \/ Yoast SEO plugin. -->","yoast_head_json":{"title":"Sz\u00e9kely Enik\u0151: Aj\u00e1nd\u00e9k - Stuttgarti Katolikusok","robots":{"index":"index","follow":"follow","max-snippet":"max-snippet:-1","max-image-preview":"max-image-preview:large","max-video-preview":"max-video-preview:-1"},"canonical":"https:\/\/stuttgarti-katolikusok.de\/index.php\/szekely-eniko-ajandek\/","og_locale":"hu_HU","og_type":"article","og_title":"Sz\u00e9kely Enik\u0151: Aj\u00e1nd\u00e9k - Stuttgarti Katolikusok","og_description":"Aj\u00e1nd\u00e9k \u2013 Jubileumi, els\u0151\u00e1ldoz\u00e1si \u00e9s b\u00e9rm\u00e1l\u00e1si szentmise Stuttgartban. &nbsp; \u201e\u00dcdv\u00f6z\u00f6lt l\u00e9gy kedves \u00fcnnep, Tiszta sz\u00edvek \u00fcnnepe! Ragyogjon be feh\u00e9r f\u00e9nyed Sz\u00edv\u00fcnk \u2013 lelk\u00fcnk m\u00e9ly\u00e9be. \u201d S\u00edk S\u00e1ndor Feh\u00e9r nap c\u00edm\u0171 vers\u00e9b\u0151l val\u00f3 ez a r\u00e9szlet, amely nagyszer\u0171en kifejezi azt a lelki k\u00e9sz\u00fcl\u0151d\u00e9st, amelyben r\u00e9sze van a mindenkori els\u0151\u00e1ldoz\u00f3 gyerekeknek. Az \u00dcnnepet megel\u0151zte a felk\u00e9sz\u00fcl\u00e9si id\u0151szak, amelyet Imre atya ir\u00e1ny\u00edtott gondosan. Els\u0151\u00e1ldoz\u00e1sra k\u00e9sz\u00fclt\u00fcnk, J\u00e9zus kis \u00e9s nagy bar\u00e1tai komolyan vett\u00e9k feladataikat, sz\u00fcleikkel is tanultak, k\u00e9sz\u00fcltek a b\u00e9rm\u00e1l\u00e1sra, a szentgy\u00f3n\u00e1sra \u00e9s a szent\u00e1ldoz\u00e1sra. Izgatottan v\u00e1rtuk az els\u0151\u00e1ldoz\u00e1s napj\u00e1t, azt az \u00fcnnep\u00e9lyes pillanatot, amikor el\u0151sz\u00f6r ker\u00fcl sor a szent\u00e1ldoz\u00e1sra. Csal\u00e1dunkban is nagy \u00fcnnepre k\u00e9sz\u00fclt\u00fcnk, sz\u00fcleink \u00e9s testv\u00e9reink a csal\u00e1djaikkal \u00e9rkeztek a messzi Erd\u00e9lyb\u0151l \u00e9s Magyarorsz\u00e1gr\u00f3l, hogy r\u00e9szesei lehessenek \u00f6r\u00f6m\u00fcnknek. Imre atya a Szent Gell\u00e9rt Egyh\u00e1zk\u00f6zs\u00e9g 72 \u00e9ves jubileumi szentmise kereteit t\u00e1g\u00edtotta ki, \u00edgy az els\u0151\u00e1ldoz\u00f3k \u00e9s b\u00e9rm\u00e1lkoz\u00f3k egy\u00fctt \u00fcnnepelhettek a 15 r\u00e9szegyh\u00e1zk\u00f6zs\u00e9g h\u00edveivel, csal\u00e1dtagjaikkal, rokonaikkal \u00e9s a sok-sok vend\u00e9ggel. D\u00edszvend\u00e9g Dr. M\u00e1rfi Gyula veszpr\u00e9mi \u00e9rsek atya volt, aki a sz\u00edvhezsz\u00f3l\u00f3 \u00e9s k\u00f6zvetlen pr\u00e9dik\u00e1ci\u00f3j\u00e1val azonnal megh\u00f3d\u00edtotta a jelenl\u00e9v\u0151k sz\u00edv\u00e9t. Aj\u00e1nd\u00e9kba kaptuk azokat a szem\u00e9lyes t\u00f6rt\u00e9neteket, amelyekkel el\u00e9rte a szomjaz\u00f3k, a k\u00e9tked\u0151k, a keres\u0151k, s a m\u00e1r \u00fatjaikat megtal\u00e1l\u00f3kat is. Azt is mondhatn\u00e1nk, hogy csak az nem hallotta meg a neki sz\u00f3l\u00f3 szavakat, aki nem akarta. S mindezt egy lend\u00fcletes, mag\u00e1val ragad\u00f3, humoros el\u0151ad\u00e1sm\u00f3dban, s m\u00e9g egyszer hangs\u00falyozn\u00e1m: k\u00f6zvetlen st\u00edlusban! Az \u00dcnnepet megtisztelte jelenl\u00e9t\u00e9vel dr. Tak\u00e1ts Istv\u00e1n \u00e9rseki irodaigazgat\u00f3, \u00e9s Tibor atya is. Imre atya, mint egy tehets\u00e9ges karmester hangolta \u00f6ssze az esem\u00e9nyeket, szem\u00e9lyeket \u00e9s feladatokat. A hangs\u00faly az \u00f6sszetartoz\u00e1son \u00e9s a szereteten volt. Mi, mindannyian \u00e9rezt\u00fck a pillanatok magasztoss\u00e1g\u00e1t, s mer\u00e9szen kijelenthetem, hogy amikor a templom k\u00f6z\u00f6ss\u00e9ge a Miaty\u00e1nkot k\u00e9zenfogva im\u00e1dkozta, az id\u0151 is meg\u00e1llt. Megsz\u0171nt a t\u00e9r, megsz\u00fcntek a k\u00fcl\u00f6nb\u00f6z\u0151s\u00e9gek, s mi mindannyian egyek voltunk az im\u00e1ban. Ezt \u00e9rezt\u00e9k az els\u0151\u00e1ldoz\u00f3 gyerekek is, akik \u00e1h\u00edtattal vett\u00e9k magukhoz Isten test\u00e9t \u00e9s v\u00e9r\u00e9t \u00e1br\u00e1zol\u00f3 szentelt... R\u00e9szletek","og_url":"https:\/\/stuttgarti-katolikusok.de\/index.php\/szekely-eniko-ajandek\/","og_site_name":"Stuttgarti Katolikusok","article_published_time":"2019-05-27T11:44:22+00:00","article_modified_time":"2019-05-27T16:46:03+00:00","og_image":[{"width":1200,"height":800,"url":"https:\/\/stuttgarti-katolikusok.de\/wp-content\/uploads\/2019\/05\/elsealdozok.jpg","type":"image\/jpeg"}],"author":"Tibor atya","twitter_card":"summary_large_image","twitter_misc":{"Szerz\u0151:":"Tibor atya","Becs\u00fclt olvas\u00e1si id\u0151":"6 perc"},"schema":{"@context":"https:\/\/schema.org","@graph":[{"@type":"Article","@id":"https:\/\/stuttgarti-katolikusok.de\/index.php\/szekely-eniko-ajandek\/#article","isPartOf":{"@id":"https:\/\/stuttgarti-katolikusok.de\/index.php\/szekely-eniko-ajandek\/"},"author":{"name":"Tibor atya","@id":"https:\/\/stuttgarti-katolikusok.de\/#\/schema\/person\/75908d6f8fdc03a57889d27209df7795"},"headline":"Sz\u00e9kely Enik\u0151: Aj\u00e1nd\u00e9k","datePublished":"2019-05-27T11:44:22+00:00","dateModified":"2019-05-27T16:46:03+00:00","mainEntityOfPage":{"@id":"https:\/\/stuttgarti-katolikusok.de\/index.php\/szekely-eniko-ajandek\/"},"wordCount":1165,"image":{"@id":"https:\/\/stuttgarti-katolikusok.de\/index.php\/szekely-eniko-ajandek\/#primaryimage"},"thumbnailUrl":"https:\/\/stuttgarti-katolikusok.de\/wp-content\/uploads\/2019\/05\/elsealdozok.jpg","articleSection":["Olvas\u00f3ink \u00edrj\u00e1k"],"inLanguage":"hu"},{"@type":"WebPage","@id":"https:\/\/stuttgarti-katolikusok.de\/index.php\/szekely-eniko-ajandek\/","url":"https:\/\/stuttgarti-katolikusok.de\/index.php\/szekely-eniko-ajandek\/","name":"Sz\u00e9kely Enik\u0151: Aj\u00e1nd\u00e9k - Stuttgarti Katolikusok","isPartOf":{"@id":"https:\/\/stuttgarti-katolikusok.de\/#website"},"primaryImageOfPage":{"@id":"https:\/\/stuttgarti-katolikusok.de\/index.php\/szekely-eniko-ajandek\/#primaryimage"},"image":{"@id":"https:\/\/stuttgarti-katolikusok.de\/index.php\/szekely-eniko-ajandek\/#primaryimage"},"thumbnailUrl":"https:\/\/stuttgarti-katolikusok.de\/wp-content\/uploads\/2019\/05\/elsealdozok.jpg","datePublished":"2019-05-27T11:44:22+00:00","dateModified":"2019-05-27T16:46:03+00:00","author":{"@id":"https:\/\/stuttgarti-katolikusok.de\/#\/schema\/person\/75908d6f8fdc03a57889d27209df7795"},"breadcrumb":{"@id":"https:\/\/stuttgarti-katolikusok.de\/index.php\/szekely-eniko-ajandek\/#breadcrumb"},"inLanguage":"hu","potentialAction":[{"@type":"ReadAction","target":["https:\/\/stuttgarti-katolikusok.de\/index.php\/szekely-eniko-ajandek\/"]}]},{"@type":"ImageObject","inLanguage":"hu","@id":"https:\/\/stuttgarti-katolikusok.de\/index.php\/szekely-eniko-ajandek\/#primaryimage","url":"https:\/\/stuttgarti-katolikusok.de\/wp-content\/uploads\/2019\/05\/elsealdozok.jpg","contentUrl":"https:\/\/stuttgarti-katolikusok.de\/wp-content\/uploads\/2019\/05\/elsealdozok.jpg","width":1200,"height":800},{"@type":"BreadcrumbList","@id":"https:\/\/stuttgarti-katolikusok.de\/index.php\/szekely-eniko-ajandek\/#breadcrumb","itemListElement":[{"@type":"ListItem","position":1,"name":"Kezd\u0151lap","item":"https:\/\/stuttgarti-katolikusok.de\/"},{"@type":"ListItem","position":2,"name":"Sz\u00e9kely Enik\u0151: Aj\u00e1nd\u00e9k"}]},{"@type":"WebSite","@id":"https:\/\/stuttgarti-katolikusok.de\/#website","url":"https:\/\/stuttgarti-katolikusok.de\/","name":"Stuttgarti Katolikusok","description":"","potentialAction":[{"@type":"SearchAction","target":{"@type":"EntryPoint","urlTemplate":"https:\/\/stuttgarti-katolikusok.de\/?s={search_term_string}"},"query-input":{"@type":"PropertyValueSpecification","valueRequired":true,"valueName":"search_term_string"}}],"inLanguage":"hu"},{"@type":"Person","@id":"https:\/\/stuttgarti-katolikusok.de\/#\/schema\/person\/75908d6f8fdc03a57889d27209df7795","name":"Tibor atya","image":{"@type":"ImageObject","inLanguage":"hu","@id":"https:\/\/secure.gravatar.com\/avatar\/61d268e57d1f4525b111222e29d2d5a7f8c420fdbf231ba5566a8ceac74fa960?s=96&d=mm&r=g","url":"https:\/\/secure.gravatar.com\/avatar\/61d268e57d1f4525b111222e29d2d5a7f8c420fdbf231ba5566a8ceac74fa960?s=96&d=mm&r=g","contentUrl":"https:\/\/secure.gravatar.com\/avatar\/61d268e57d1f4525b111222e29d2d5a7f8c420fdbf231ba5566a8ceac74fa960?s=96&d=mm&r=g","caption":"Tibor atya"},"url":"https:\/\/stuttgarti-katolikusok.de\/index.php\/author\/tibor-atya\/"}]}},"_links":{"self":[{"href":"https:\/\/stuttgarti-katolikusok.de\/index.php\/wp-json\/wp\/v2\/posts\/16978","targetHints":{"allow":["GET"]}}],"collection":[{"href":"https:\/\/stuttgarti-katolikusok.de\/index.php\/wp-json\/wp\/v2\/posts"}],"about":[{"href":"https:\/\/stuttgarti-katolikusok.de\/index.php\/wp-json\/wp\/v2\/types\/post"}],"author":[{"embeddable":true,"href":"https:\/\/stuttgarti-katolikusok.de\/index.php\/wp-json\/wp\/v2\/users\/3"}],"replies":[{"embeddable":true,"href":"https:\/\/stuttgarti-katolikusok.de\/index.php\/wp-json\/wp\/v2\/comments?post=16978"}],"version-history":[{"count":3,"href":"https:\/\/stuttgarti-katolikusok.de\/index.php\/wp-json\/wp\/v2\/posts\/16978\/revisions"}],"predecessor-version":[{"id":16987,"href":"https:\/\/stuttgarti-katolikusok.de\/index.php\/wp-json\/wp\/v2\/posts\/16978\/revisions\/16987"}],"wp:featuredmedia":[{"embeddable":true,"href":"https:\/\/stuttgarti-katolikusok.de\/index.php\/wp-json\/wp\/v2\/media\/16980"}],"wp:attachment":[{"href":"https:\/\/stuttgarti-katolikusok.de\/index.php\/wp-json\/wp\/v2\/media?parent=16978"}],"wp:term":[{"taxonomy":"category","embeddable":true,"href":"https:\/\/stuttgarti-katolikusok.de\/index.php\/wp-json\/wp\/v2\/categories?post=16978"},{"taxonomy":"post_tag","embeddable":true,"href":"https:\/\/stuttgarti-katolikusok.de\/index.php\/wp-json\/wp\/v2\/tags?post=16978"}],"curies":[{"name":"wp","href":"https:\/\/api.w.org\/{rel}","templated":true}]}}