{"id":16957,"date":"2019-05-21T05:09:26","date_gmt":"2019-05-21T05:09:26","guid":{"rendered":"https:\/\/gracious-dewdney.138-201-221-2.plesk.page\/?p=16957"},"modified":"2019-05-21T05:09:26","modified_gmt":"2019-05-21T05:09:26","slug":"husvet-6-vasarnapjatol-punkosdig","status":"publish","type":"post","link":"https:\/\/stuttgarti-katolikusok.de\/index.php\/husvet-6-vasarnapjatol-punkosdig\/","title":{"rendered":"H\u00fasv\u00e9t 6. vas\u00e1rnapj\u00e1t\u00f3l P\u00fcnk\u00f6sdig"},"content":{"rendered":"<ol start=\"2019\">\n<li><strong> m\u00e1jus 26.<\/strong><\/li>\n<\/ol>\n<p><strong>H\u00daSV\u00c9T 6. VAS\u00c1RNAPJA<\/strong><\/p>\n<p><strong>Alleluja + Alleluja + Alleluja<\/strong><\/p>\n<p>Az egyes emberek \u00e9s az emberi k\u00f6z\u00f6ss\u00e9gek is sok-sok gonddal, neh\u00e9zs\u00e9ggel k\u00fczk\u00f6dnek. Az Egyh\u00e1z az\u00e1ltal ny\u00fajt seg\u00edts\u00e9get emberi probl\u00e9m\u00e1ink megold\u00e1s\u00e1hoz, hogy p\u00e1rbesz\u00e9det kezdem\u00e9nyez a vil\u00e1ggal. R\u00e1vet\u00edti az evang\u00e9lium f\u00e9ny\u00e9t a megold\u00e1sra v\u00e1r\u00f3 k\u00e9rd\u00e9sekre \u00e9s rendelkez\u00e9sre bocs\u00e1tja a kegyelem erej\u00e9t.<\/p>\n<p><strong>OLVASM\u00c1NY<\/strong>\u00a0\u00a0\u00a0\u00a0\u00a0\u00a0\u00a0\u00a0\u00a0\u00a0\u00a0\u00a0\u00a0\u00a0\u00a0\u00a0\u00a0\u00a0\u00a0\u00a0\u00a0\u00a0\u00a0\u00a0\u00a0\u00a0\u00a0\u00a0\u00a0\u00a0\u00a0\u00a0\u00a0\u00a0\u00a0\u00a0 <em>ApCsel 15, 1\u20132, 22\u201329<\/em><\/p>\n<p>Szent P\u00e1l azt hirdeti, hogy a pog\u00e1nys\u00e1gb\u00f3l megt\u00e9rt h\u00edv\u0151kre nem k\u00f6telez\u0151k a m\u00f3zesi el\u0151\u00edr\u00e1sok. \u00cdgy d\u00f6nt\u00f6tt az apostoli zsinat is. Ugyanekkor a megt\u00e9rt pog\u00e1nyokt\u00f3l azt k\u00e9rte, hogy tartsanak tiszteletben a zsid\u00f3-kereszt\u00e9ny testv\u00e9reik \u00e1ltal megszokott, egyes \u0151si zsid\u00f3 hagyom\u00e1nyokat.<\/p>\n<p>&nbsp;<\/p>\n<p><strong>V\u00c1LASZOS ZSOLT\u00c1R<\/strong> \u00a0\u00a0\u00a0\u00a0\u00a0\u00a0\u00a0\u00a0\u00a0\u00a0\u00a0\u00a0\u00a0\u00a0\u00a0\u00a0\u00a0\u00a0\u00a0\u00a0\u00a0\u00a0\u00a0\u00a0\u00a0\u00a0\u00a0\u00a0\u00a0<em>\u00a0\u00a0\u00a0\u00a0\u00a0\u00a0\u00a0\u00a066. Zsolt\u00e1r <\/em><\/p>\n<p><strong>V\u00e1lasz: Magasztaljanak, Isten, a n<u>\u00e9<\/u>pek, *<\/strong><strong>\u00a0 minden nemzet <u>\u00e1<\/u>ldjon t\u00e9ged.\u00a0\u00a0\u00a0 <\/strong><\/p>\n<p><strong>Vagy: Alleluja, alleluja, alleluja.\u00a0\u00a0 <\/strong><\/p>\n<p>&nbsp;<\/p>\n<p><strong>SZENTLECKE\u00a0 <\/strong>\u00a0\u00a0\u00a0\u00a0\u00a0\u00a0\u00a0\u00a0\u00a0\u00a0\u00a0\u00a0\u00a0\u00a0\u00a0\u00a0\u00a0\u00a0\u00a0\u00a0\u00a0\u00a0\u00a0\u00a0\u00a0\u00a0\u00a0\u00a0\u00a0\u00a0\u00a0\u00a0\u00a0\u00a0<em>Jel 21, 10\u201314. 22\u201323<\/em><\/p>\n<p>A h\u00edv\u0151 ember b\u00edzhat abban, hogy \u00e9let\u00e9nek megpr\u00f3b\u00e1ltat\u00e1sait \u00e9rdemes t\u00fcrelmesen elfogadni. Isten ugyanis jutalmul megaj\u00e1nd\u00e9kozza majd \u00f6v\u00e9it az \u00f6r\u00f6k \u00fcdv\u00f6ss\u00e9ggel. Ennek l\u00e9nyege az, hogy r\u00e9szesed\u00fcnk Isten \u00e9let\u00e9ben. S ez biztons\u00e1got, b\u00e9k\u00e9t, nagy \u00f6r\u00f6m\u00f6t \u00e9s boldogs\u00e1got jelent sz\u00e1munkra.<\/p>\n<p><strong>ALLELUJA<\/strong>\u00a0\u00a0\u00a0\u00a0\u00a0\u00a0\u00a0\u00a0\u00a0\u00a0\u00a0\u00a0\u00a0\u00a0\u00a0\u00a0\u00a0\u00a0\u00a0\u00a0\u00a0\u00a0\u00a0\u00a0\u00a0\u00a0\u00a0\u00a0\u00a0\u00a0\u00a0\u00a0\u00a0\u00a0\u00a0\u00a0\u00a0\u00a0\u00a0\u00a0\u00a0\u00a0\u00a0\u00a0\u00a0\u00a0\u00a0\u00a0\u00a0\u00a0\u00a0\u00a0\u00a0\u00a0\u00a0\u00a0\u00a0\u00a0\u00a0\u00a0\u00a0\u00a0\u00a0\u00a0\u00a0\u00a0\u00a0 <em>Jn 14, 23<\/em><\/p>\n<p>J\u00e9zus mondja: \u201eAki szeret engem, megfogadja szavamat, * Aty\u00e1m is szeretni fogja \u00e9s hozz\u00e1 k\u00f6lt\u00f6z\u00fcnk.\u201d<\/p>\n<p><strong>EVANG\u00c9LIUM<\/strong> \u00a0\u00a0\u00a0\u00a0\u00a0\u00a0\u00a0\u00a0\u00a0\u00a0\u00a0\u00a0\u00a0\u00a0\u00a0\u00a0\u00a0\u00a0\u00a0\u00a0\u00a0\u00a0\u00a0\u00a0\u00a0\u00a0\u00a0\u00a0\u00a0\u00a0\u00a0\u00a0\u00a0\u00a0\u00a0\u00a0\u00a0\u00a0\u00a0\u00a0\u00a0\u00a0\u00a0\u00a0\u00a0\u00a0<em>Jn 14, 23\u201329<\/em><\/p>\n<p>Az Egyh\u00e1z tagjait J\u00e9zus tan\u00edt\u00e1sa, a k\u00f6z\u00f6s hit tartja \u00f6ssze. A hit eredeti tisztas\u00e1ga f\u00f6l\u00f6tt a Szentl\u00e9lek \u0151rk\u00f6dik majd. A L\u00e9lek jelenl\u00e9te m\u00e1s el\u0151nnyel is j\u00e1r. Igazi lelki b\u00e9k\u00e9t k\u00f6lcs\u00f6n\u00f6z nek\u00fcnk. S ez a f\u00f6ld\u00f6n megkezdett Isten orsz\u00e1ga, majd az \u00f6r\u00f6kk\u00e9val\u00f3s\u00e1gban teljesedik be, amikor elnyerj\u00fck a nek\u00fcnk k\u00e9sz\u00edtett orsz\u00e1got.<\/p>\n<p><strong>AZ EUCHARISZTI\u00c1HOZ<\/strong><\/p>\n<p>Most m\u00e9g t\u00fck\u00f6r \u00e1ltal, hom\u00e1lyosan l\u00e1tjuk az Urat. De egykor majd hit\u00fcnk l\u00e1t\u00e1ss\u00e1 v\u00e1ltozik, vagyis l\u00e1tjuk \u0151t \u00fagy, amint van.<\/p>\n<p><strong>ELM\u00c9LKED\u00c9S<\/strong><\/p>\n<p>Mire k\u00fcld\u00f6tt az Isten?<\/p>\n<p>Arra, hogy gy\u0171l\u00f6ld azt, aki \u00e9pp\u00fagy, mint te, m\u00e1sa,<\/p>\n<p>s puszt\u00e1n az\u00e9rt, mert k\u00e1rodat k\u00edv\u00e1nja?<\/p>\n<p>Mi\u00e9rt k\u00fcld\u00f6tt? Az\u00e9rt, hogy marakodj<\/p>\n<p>s visszaharapd a bel\u00e9d mar\u00f3t,<\/p>\n<p>vagy hogy ut\u00e1na menj, \u00e9s hogyha<\/p>\n<p>f\u00e1jna szeg\u00e9nynek, a rajtad ejtett mar\u00e1sa,<\/p>\n<p>te adj seb\u00e9re egy kis balzsamot?<\/p>\n<p>Nyilv\u00e1n nem az\u00e9rt k\u00fcld\u00f6tt, hogy \u00edt\u00e9lkezz,<\/p>\n<p>hisz magadat \u00edt\u00e9ln\u00e9d \u00e9pp el\u00e9g lesz,<\/p>\n<p>\u00e9s irgalmat, ha r\u00e1d ker\u00fcl a sor,<\/p>\n<p>hol lelsz, ha magad sem irgalmazol?<\/p>\n<p>Gy\u0171l\u00f6l? \u2013 Szeresd! S t\u00e1n megv\u00e1lthatod<\/p>\n<p>akkor magadat is, \u0151t is, a k\u00e1rhozatt\u00f3l.<\/p>\n<p><em>R\u00f3nay Gy\u00f6rgy<\/em><\/p>\n<p><strong>\u00daTRAVAL\u00d3 K\u00c9T \u00dcZENET<\/strong><\/p>\n<p>A felt\u00e1madt Krisztus a mi rem\u00e9ny\u00fcnk. Benne az \u00e9let minden rejt\u00e9lye, az \u00e9let \u00e9rtelme, az \u00f6r\u00f6kk\u00e9val\u00f3s\u00e1gba torkoll\u00f3 id\u0151knek minden k\u00e9rd\u00e9se megold\u00e1st nyer. \u0150 a gy\u0151zelemre, az \u00e1ldott boldogs\u00e1gba \u00e9s dics\u0151s\u00e9gbe vezet el benn\u00fcnket, a dics\u0151s\u00e9ges \u00e9letre, amely soha nem \u00e9r v\u00e9get. \u0150 a mi \u00e9let\u00fcnk \u00e9s felt\u00e1mad\u00e1sunk. Jelen\u00fcnk \u00e9s \u00f6r\u00f6k j\u00f6v\u0151nk.\u00a0\u00a0\u00a0\u00a0\u00a0\u00a0\u00a0\u00a0\u00a0\u00a0\u00a0\u00a0\u00a0\u00a0\u00a0\u00a0\u00a0\u00a0\u00a0\u00a0\u00a0\u00a0\u00a0\u00a0\u00a0\u00a0\u00a0\u00a0\u00a0\u00a0\u00a0\u00a0\u00a0\u00a0\u00a0\u00a0\u00a0\u00a0\u00a0\u00a0\u00a0\u00a0\u00a0\u00a0\u00a0 <em>Adolf Donder nyom\u00e1n<\/em><\/p>\n<p>Az legyen egyik legf\u0151bb gondunk, hogy meg\u0151rizz\u00fck sz\u00edv\u00fcnkben a felt\u00e1madt Krisztus \u00f6r\u00f6m\u00e9t. Ezt azzal bizony\u00edthatjuk, ha szeretetb\u0151l, sz\u00edvesen v\u00e1llalunk \u00e9s k\u00e9szs\u00e9gesen v\u00e9gz\u00fcnk minden feladatot, amelyet az Isten \u00e9s az emberek szolg\u00e1lata k\u00edv\u00e1n t\u0151l\u00fcnk.<\/p>\n<p><em>(Boldog Kalkuttai Ter\u00e9z anya)<\/em><\/p>\n<p>&nbsp;<\/p>\n<p>FATIMAI FELAJ\u00c1NL\u00c1S<\/p>\n<p>M\u00c1RIA SZEPL\u0150TELEN SZ\u00cdV\u00c9NEK<\/p>\n<p>Legszentebb Sz\u0171z M\u00e1ria! Isten Anyja \u00e9s a mi Any\u00e1nk! Szepl\u0151telen Sz\u00edvednek aj\u00e1nljuk magunkat, miut\u00e1n teljesen \u00e1tadtuk magunkat az \u00darnak!<\/p>\n<p>Vezess benn\u00fcnket Krisztushoz, a Te egysz\u00fcl\u00f6tt Fiadhoz \u00e9s Isten egysz\u00fcl\u00f6tt Fi\u00e1hoz, \u00c1ltala \u00e9s Vele pedig az \u00f6r\u00f6k Aty\u00e1hoz.<\/p>\n<p>\u00cdgy j\u00e1runk a hit, a rem\u00e9ny \u00e9s a szeretet f\u00e9ny\u00e9ben, hogy a vil\u00e1g megismerje, hogy Krisztust az Atya k\u00fcldte, hogy sz\u00e1munkra elhozza \u00f6r\u00f6mh\u00edr\u00e9t. Mint az \u0150 k\u00f6vetei, hirdetj\u00fck \u0150t \u00e9s elvissz\u00fck irgalmas szeretet\u00e9t a f\u00f6ld hat\u00e1r\u00e1ig.<\/p>\n<p>Szepl\u0151telen Sz\u00edved anyai v\u00e9delme alatt, egy n\u00e9pk\u00e9nt Krisztussal egyes\u00fclve, hal\u00e1l\u00e1val megv\u00e1ltva, \u00e9s f\u00f6lt\u00e1mad\u00e1s\u00e1nak tan\u00faik\u00e9nt az Aty\u00e1hoz megy\u00fcnk. A Legszentebb Szenth\u00e1roms\u00e1g tisztelet\u00e9re, akit im\u00e1dunk, dics\u00e9r\u00fcnk \u00e9s magasztalunk mind\u00f6r\u00f6kk\u00e9. Amen.<\/p>\n<p>&nbsp;<\/p>\n<p>A MAGYAR H\u0150S\u00d6K EML\u00c9K\u00dcNNEPE<\/p>\n<p>A Magyar H\u0151s\u00f6k Eml\u00e9knapj\u00e1t minden \u00e9v utols\u00f3 vas\u00e1rnapj\u00e1n tartj\u00e1k Magyarorsz\u00e1gon. Eredete az 1917. \u00e9vi VIII. t\u00f6rv\u00e9nyre vezethet\u0151 vissza. Ebben mondt\u00e1k ki el\u0151sz\u00f6r, hogy nemzet\u00fcnk h\u0151si halottainak kegyeletteljes tisztelet\u00e9t megfelel\u0151 m\u00f3don kifejez\u00e9sre kell juttatni. A szocialista Magyarorsz\u00e1gon e napot nem \u00fcnnepelt\u00e9k. A Magyar K\u00f6zt\u00e1rsas\u00e1g Orsz\u00e1ggy\u0171l\u00e9se a magyar nemzet soha el nem m\u00fal\u00f3 h\u00e1l\u00e1ja jel\u00e9\u00fcl, a ma \u00e9l\u0151 \u00e9s a j\u00f6v\u0151 nemzed\u00e9kek okul\u00e1s\u00e1ra, a h\u0151s\u00f6k dics\u0151s\u00e9g\u00e9re a 2001. \u00e9vi LXIII. t\u00f6rv\u00e9ny alapj\u00e1n minden esztend\u0151 m\u00e1jus h\u00f3napj\u00e1nak utols\u00f3 vas\u00e1rnapj\u00e1t a Magyar H\u0151s\u00f6k Eml\u00e9k\u00fcnnep\u00e9v\u00e9 nyilv\u00e1n\u00edtotta.<\/p>\n<p>&nbsp;<\/p>\n<p><strong>L\u00c9TEZIK 4 DOLOG, AMELYEKET NEM VAGYUNK K\u00c9PESEK VISSZAHOZNI:<\/strong><\/p>\n<p><strong>A K\u0150NYOM\u00c1T\u2026 miut\u00e1n eldobtuk!<\/strong><\/p>\n<p><strong>A SZ\u00d3T&#8230; miut\u00e1n kimondtuk!<\/strong><\/p>\n<p><strong>AZ ALKALMAT&#8230; miut\u00e1n elszalasztottuk!<\/strong><\/p>\n<p><strong>AZ ID\u0150T&#8230; ami m\u00e1r elm\u00falt!<\/strong><\/p>\n<p>&nbsp;<\/p>\n<p>&nbsp;<\/p>\n<ol start=\"2019\">\n<li><strong> j\u00fanius 2.<\/strong><\/li>\n<\/ol>\n<p><strong>URUNK MENNYBEMENETELE<\/strong><\/p>\n<p><strong>Alleluja + Alleluja + Alleluja<\/strong><\/p>\n<p>A mennybemenetel napj\u00e1t az \u00f6t\u00f6dik sz\u00e1zad \u00f3ta k\u00fcl\u00f6n is \u00fcnnepli az Egyh\u00e1z, m\u00e9gpedig a H\u00fasv\u00e9t ut\u00e1ni 40. napon. Ez a nap cs\u00fct\u00f6rt\u00f6kre esik. Az Egyes\u00fclt \u00c1llamok legt\u00f6bb egyh\u00e1zmegy\u00e9j\u00e9ben (Magyarorsz\u00e1gon is) a r\u00e1k\u00f6vetkez\u0151 vas\u00e1rnap eml\u00e9kez\u00fcnk meg hit\u00fcnknek err\u0151l a titk\u00e1r\u00f3l.<\/p>\n<p>A mennybemenetel a h\u00fasv\u00e9ti miszt\u00e9rium r\u00e9sze. A h\u00fasv\u00e9ti id\u0151h\u00f6z tartozik, amely P\u00fcnk\u00f6sdig tart. Ez\u00e9rt a mennybemenetel \u00fcnnep\u00e9nek evang\u00e9liuma ut\u00e1n nem oltj\u00e1k el \u00e9s viszik el az olt\u00e1rt\u00f3l a h\u00fasv\u00e9ti gyerty\u00e1t, hanem ott hagyj\u00e1k eg\u00e9szen P\u00fcnk\u00f6sdig.<\/p>\n<p><strong>OLVASM\u00c1NY\u00a0\u00a0 <\/strong>\u00a0\u00a0\u00a0\u00a0\u00a0\u00a0\u00a0\u00a0\u00a0\u00a0\u00a0\u00a0\u00a0\u00a0\u00a0\u00a0\u00a0\u00a0\u00a0\u00a0\u00a0\u00a0\u00a0\u00a0\u00a0\u00a0\u00a0\u00a0\u00a0\u00a0\u00a0\u00a0\u00a0\u00a0\u00a0\u00a0\u00a0\u00a0\u00a0\u00a0\u00a0\u00a0\u00a0\u00a0\u00a0\u00a0\u00a0<em>ApCsel 1, 1\u201311<\/em><\/p>\n<p>A mennybemenetelr\u0151l sz\u00f3l\u00f3 bibliai le\u00edr\u00e1s tan\u00fas\u00edtja, hogy beteljesedett a j\u00f6vend\u00f6l\u00e9s, amely szerint a Messi\u00e1s helyet foglal majd Isten jobbj\u00e1n. A szent\u00edr\u00e1si sz\u00f6veg k\u00fcl\u00f6n kiemeli, hogy a mennybe ment \u00dcdv\u00f6z\u00edt\u0151 elk\u00fcldi a meg\u00edg\u00e9rt Szentlelket. \u0150 vezeti \u00e9s ir\u00e1ny\u00edtja az Egyh\u00e1z tan\u00fas\u00e1gt\u00e9tel\u00e9t a vil\u00e1gban.<\/p>\n<p>&nbsp;<\/p>\n<p><strong>V\u00c1LASZOS ZSOLT\u00c1R<\/strong> \u00a0\u00a0\u00a0\u00a0\u00a0\u00a0\u00a0\u00a0\u00a0\u00a0\u00a0\u00a0\u00a0\u00a0\u00a0\u00a0\u00a0\u00a0\u00a0\u00a0\u00a0\u00a0\u00a0\u00a0\u00a0<em>\u00a0\u00a0\u00a0\u00a0\u00a0\u00a0\u00a0\u00a0\u00a0\u00a0\u00a0\u00a046. Zsolt\u00e1r <\/em><\/p>\n<p><strong>V\u00e1lasz: Ujjong\u00e1s k\u00f6z\u00f6tt ment f\u00f6l <u>I<\/u>sten, *<\/strong><strong>\u00a0 az \u00dar \u00e9gbe emelkedett h<u>a<\/u>rsonasz\u00f3val.\u00a0\u00a0\u00a0 <\/strong><\/p>\n<p>&nbsp;<\/p>\n<p><strong>SZENTLECKE\u00a0 <\/strong>\u00a0\u00a0\u00a0\u00a0\u00a0\u00a0\u00a0\u00a0\u00a0\u00a0\u00a0\u00a0\u00a0\u00a0\u00a0\u00a0\u00a0\u00a0\u00a0\u00a0\u00a0\u00a0\u00a0\u00a0\u00a0\u00a0\u00a0\u00a0\u00a0\u00a0\u00a0\u00a0\u00a0\u00a0\u00a0\u00a0\u00a0\u00a0\u00a0\u00a0\u00a0\u00a0\u00a0\u00a0\u00a0\u00a0\u00a0\u00a0\u00a0<em>Ef 1, 17\u201323<\/em><\/p>\n<p>A mai szentlecke Szent P\u00e1l egyik sz\u00e9p im\u00e1j\u00e1t k\u00f6zli. Ebben az apostol vil\u00e1goss\u00e1got k\u00e9r Istent\u0151l, hogy a kereszt\u00e9nyek meg\u00e9rts\u00e9k: milyen rem\u00e9nyre h\u00edvta meg \u0151ket az \u00dar, milyen \u00f6r\u00f6ks\u00e9get sz\u00e1n nekik az \u00f6r\u00f6k \u00e9letben \u00e9s milyen nagyszer\u0171 az \u0151 ereje, amellyel \u00edg\u00e9ret\u00e9t megval\u00f3s\u00edtja.<\/p>\n<p><strong>ALLELUJA\u00a0\u00a0\u00a0\u00a0 <\/strong>\u00a0\u00a0\u00a0\u00a0\u00a0\u00a0\u00a0\u00a0\u00a0\u00a0\u00a0\u00a0\u00a0\u00a0\u00a0\u00a0\u00a0\u00a0\u00a0\u00a0\u00a0\u00a0\u00a0\u00a0\u00a0\u00a0\u00a0\u00a0\u00a0\u00a0\u00a0\u00a0\u00a0\u00a0\u00a0\u00a0\u00a0\u00a0\u00a0\u00a0\u00a0\u00a0\u00a0\u00a0\u00a0\u00a0\u00a0\u00a0\u00a0\u00a0<em>Mt 28, 19a. 20b<\/em><\/p>\n<p>J\u00e9zus mondja: \u201eMenjetek, tegyetek tan\u00edtv\u00e1nyomm\u00e1 minden n\u00e9pet! * \u00c9n veletek vagyok a vil\u00e1g v\u00e9g\u00e9ig.\u201d<\/p>\n<p><strong>EVANG\u00c9LIUM <\/strong>\u00a0\u00a0\u00a0\u00a0\u00a0\u00a0\u00a0\u00a0\u00a0\u00a0\u00a0\u00a0\u00a0\u00a0\u00a0\u00a0\u00a0\u00a0\u00a0\u00a0\u00a0\u00a0\u00a0\u00a0\u00a0\u00a0\u00a0\u00a0\u00a0\u00a0\u00a0\u00a0\u00a0\u00a0\u00a0\u00a0\u00a0\u00a0\u00a0\u00a0\u00a0\u00a0\u00a0\u00a0\u00a0<em>Lk 24, 46\u201353<\/em><\/p>\n<p>Luk\u00e1cs evang\u00e9lista szerint a b\u00facs\u00faz\u00f3 J\u00e9zus meg\u00e1ldja apostolait. Ezzel jelezte, hogy mag\u00e1\u00e9nak vallja Egyh\u00e1z\u00e1t \u00e9s ez\u00e9rt k\u00eds\u00e9rni fogja kegyelm\u00e9vel. A m\u00e1sik fontos \u00fczenet, hogy a vil\u00e1g v\u00e9g\u00e9n elj\u00f6n majd ism\u00e9t. Nagy hatalommal \u00e9s dics\u0151s\u00e9ggel, hogy \u00edt\u00e9letet tartson a vil\u00e1g f\u00f6l\u00f6tt.<\/p>\n<p><strong>AZ EUCHARISZTI\u00c1HOZ<\/strong><\/p>\n<p>Amikor magunkhoz vessz\u00fck az Olt\u00e1riszents\u00e9get, egy\u00fattal \u00edg\u00e9retet is tesz\u00fcnk: mindig h\u0171s\u00e9gesek maradunk majd ahhoz, aki v\u00e1ndorl\u00e1sunk t\u00e1rsa lett.<\/p>\n<p>&nbsp;<\/p>\n<p>TER\u00c9Z ANYA IM\u00c1JA M\u00c1RI\u00c1HOZ<\/p>\n<p>M\u00e1ria, J\u00e9zus anyja, l\u00e9gy mindny\u00e1junk \u00e9desanyja, hogy mi is tiszta sz\u00edv\u0171ek legy\u00fcnk, mik\u00e9nt te volt\u00e1l, hogy szeress\u00fck J\u00e9zust, ahogyan te szeretted \u0151t, hogy a legszeg\u00e9nyebbek szolg\u00e1lat\u00e1ra legy\u00fcnk, ahogy te tetted, hiszen mindannyian Isten szeg\u00e9nyei vagyunk!<\/p>\n<p><em>Vasv\u00e1ry Kriszt\u00edna ford\u00edt\u00e1sa<\/em><\/p>\n<p>MINDSZENTY-ZAR\u00c1NDOKLAT R\u00d3M\u00c1BAN<\/p>\n<p>Ferenc p\u00e1pa Mindszenty b\u00edboros v\u00e9rtan\u00fas\u00e1g\u00e1t m\u00e9ltatta<\/p>\n<p>A r\u00f3mai magyar int\u00e9zm\u00e9nyek \u00e9s k\u00f6z\u00f6ss\u00e9gek \u00e1ltal szervezett m\u00e1jus 9-i Mindszenty-eml\u00e9kmis\u00e9re Magyarorsz\u00e1gr\u00f3l a M\u00e1ria \u00dat Egyes\u00fclet a Magyarorsz\u00e1gi Mindszenty Alap\u00edtv\u00e1nnyal egy\u00fctt zar\u00e1ndoklatot vezetett. A zar\u00e1ndokok m\u00e1jus 8-\u00e1n d\u00e9lel\u0151tt a Vatik\u00e1nban r\u00e9szt vettek a szerdai \u00e1ltal\u00e1nos kihallgat\u00e1son.<\/p>\n<p>Az audiencia v\u00e9g\u00e9n Romanek Etelka esztergomi polg\u00e1rmester, Fukszberger Imre csehiminiszenti polg\u00e1rmester; Kov\u00e1cs Gergely, a Mindszenty Alap\u00edtv\u00e1ny titk\u00e1ra; Vlagyimir Szurovcev szobr\u00e1szm\u0171v\u00e9sz, Andrej Csizsik, a B\u00e9kess\u00e9gszerz\u0151k \u00e9s B\u00e9ke Alap\u00edtv\u00e1ny eln\u00f6ke, tov\u00e1bb\u00e1 az orosz nagyk\u00f6vets\u00e9gi tan\u00e1csos \u00e9s Habsburg-Lotharingiai Eduard magyar nagyk\u00f6vet k\u00fcl\u00f6n tal\u00e1lkoztak Ferenc p\u00e1p\u00e1val.<\/p>\n<p>\u00c1tadt\u00e1k a Szentaty\u00e1nak Vlagyimir Szurovcev esztergomi Mindszenty-eml\u00e9km\u0171v\u00e9nek kicsiny\u00edtett m\u00e1s\u00e1t \u2013 az orosz \u00e9s a magyar n\u00e9p k\u00f6z\u00f6tti kiengesztel\u0151d\u00e9s jelek\u00e9nt, amit a p\u00e1pa l\u00e1that\u00f3an nagyra \u00e9rt\u00e9kelt.<\/p>\n<p>A Mindszenty Alap\u00edtv\u00e1ny nev\u00e9ben Kov\u00e1cs Gergely egy m\u00e1rv\u00e1nylapba foglalt Mindszenty-ruhaerekly\u00e9t adott \u00e1t Ferenc p\u00e1p\u00e1nak. A Szentatya megcs\u00f3kolta a relikvi\u00e1t, \u00e9s kijelentette: \u201eMindszenty v\u00e9rtan\u00fa volt.\u201d<\/p>\n<p>M\u00e1jus 9-\u00e9n d\u00e9lut\u00e1n a Santo Stefano Rotondo-bazilik\u00e1ban Angelo Amato b\u00edboros, a Szentek \u00dcgyeinek Kongreg\u00e1ci\u00f3ja nyugalmazott prefektusa szentmis\u00e9t mutatott be, amelyen sz\u00e1mos r\u00f3mai magyar pap koncelebr\u00e1lt.<\/p>\n<p>A szertart\u00e1st, amelyen a B\u00f6jte Csaba \u00e1ltal alap\u00edtott int\u00e9zm\u00e9nyekbe befogadott gyerekekb\u0151l \u00e1ll\u00f3 Szent Ferenc kisk\u00f3rus \u00e9nekelt, a M\u00e1ria R\u00e1di\u00f3 \u00e9l\u0151ben k\u00f6zvet\u00edtette.<\/p>\n<p>Besz\u00e9d\u00e9ben Angelo Amato b\u00edboros \u00f6r\u00f6m\u00e9t fejezte ki, hogy Ferenc p\u00e1pa a k\u00f6zelm\u00faltban hivatalosan elismerte Mindszenty b\u00edboros er\u00e9nyeinek h\u0151sies volt\u00e1t. Felh\u00edvta a figyelmet a csoda kieszk\u00f6zl\u00e9s\u00e9nek fontoss\u00e1g\u00e1ra, valamint arra, hogy tov\u00e1bbi feladatot jelent Mindszenty b\u00edboros \u201e\u00e9let\u00e9t, er\u00e9nyeit \u00e9s \u00e9letszents\u00e9g\u00e9t\u201d a vil\u00e1ggal is megismertetni.<\/p>\n<p>A Szentek \u00dcgyeinek Kongreg\u00e1ci\u00f3ja nyugalmazott prefektusa kiemelte az imm\u00e1r tiszteletrem\u00e9lt\u00f3 c\u00edmmel illetett b\u00edboros er\u00e9nyes \u00e9s \u00f6nfel\u00e1ldoz\u00f3 tetteit, megeml\u00edtve, hogy \u201enagyon szerette Egyh\u00e1z\u00e1t \u00e9s haz\u00e1j\u00e1t, v\u00e9delmezte n\u00e9p\u00e9t \u00e9s hit\u00e9t\u201d, ez\u00e9rt \u201e\u00e9letszents\u00e9ge a magyar egyh\u00e1zat nemes\u00edtve egy\u00fattal az egyetemes Egyh\u00e1zat is meghatja \u00e9s nemesebb\u00e9 teszi\u201d. Angelo Amato lesz\u00f6gezte: Mindszenty J\u00f3zsef b\u00edboros \u201efeh\u00e9r v\u00e9rtan\u00fas\u00e1ga ugyanolyan jelent\u0151s\u00e9ggel b\u00edr, mint a hit\u00fck miatt \u00fcld\u00f6z\u00f6tt \u00e9s meg\u00f6lt sz\u00e1mos mai kereszt\u00e9ny v\u00e9rtan\u00fas\u00e1ga\u201d.<\/p>\n<p>A szentmise v\u00e9g\u00e9n N\u00e9meth Norbert, a P\u00e1pai Magyar Egyh\u00e1zi Int\u00e9zet rektora k\u00f6sz\u00f6netet mondott Amato b\u00edborosnak, az erd\u00e9lyi gyermekk\u00f3rusnak, a jelen lev\u0151 csoportoknak \u00e9s vezet\u0151iknek, a szentsz\u00e9ki diplom\u00e1ciai test\u00fclet k\u00e9pvisel\u0151inek, tov\u00e1bb\u00e1 Kov\u00e1cs \u00c1d\u00e1m Zolt\u00e1n r\u00f3mai magyar nagyk\u00f6vetnek.<\/p>\n<p><em>Forr\u00e1s: Magyarorszagszentszek.blogspot.com<\/em><\/p>\n<p><em>Magyar Kur\u00edr<\/em><\/p>\n<p>&nbsp;<\/p>\n<p>&nbsp;<\/p>\n<ol start=\"2019\">\n<li><strong> j\u00fanius 9.<\/strong><\/li>\n<\/ol>\n<p><strong>P\u00dcNK\u00d6SDVAS\u00c1RNAP<\/strong><\/p>\n<p><strong>P\u00fcnk\u00f6sd a Szentl\u00e9lek elj\u00f6vetel\u00e9nek \u00e9s<\/strong><\/p>\n<p><strong>az Egyh\u00e1z sz\u00fclet\u00e9s\u00e9nek \u00fcnnepe<\/strong><\/p>\n<p>Az apostoloknak nagy sz\u00fcks\u00e9g\u00fck volt arra, hogy a Szentl\u00e9lek meger\u0151s\u00edtse \u0151ket. Az Egyh\u00e1znak is a Szentl\u00e9lek az er\u0151forr\u00e1sa. Az\u00e9rt tudott a t\u00f6rt\u00e9nelem folyam\u00e1n \u00e9s az\u00e9rt tud ma is meg\u00fajulni. J\u00f6jj el, Szentl\u00e9lek \u00daristen, hiszen csak te vagy k\u00e9pes meg\u00faj\u00edtani a vil\u00e1got!<\/p>\n<p><strong>OLVASM\u00c1NY <\/strong>\u00a0\u00a0\u00a0\u00a0\u00a0\u00a0\u00a0\u00a0\u00a0\u00a0\u00a0\u00a0\u00a0\u00a0\u00a0\u00a0\u00a0\u00a0\u00a0\u00a0\u00a0\u00a0\u00a0\u00a0\u00a0\u00a0\u00a0\u00a0\u00a0\u00a0\u00a0\u00a0\u00a0\u00a0\u00a0\u00a0\u00a0\u00a0\u00a0\u00a0\u00a0\u00a0\u00a0\u00a0\u00a0\u00a0\u00a0\u00a0\u00a0<em>ApCsel 2, 1\u201311<\/em><\/p>\n<p>J\u00f3 volna, ha mindig \u00fagy besz\u00e9ln\u00e9nk, \u201eahogyan a L\u00e9lek a sz\u00f3t ajkunkra adja\u201d! J\u00f3 volna, ha a kegyelem ind\u00edt\u00e1s\u00e1t mindig meghallan\u00e1nk \u00e9s megfogadn\u00e1nk!<\/p>\n<p>&nbsp;<\/p>\n<p><strong>V\u00c1LASZOS ZSOLT\u00c1R<\/strong> \u00a0\u00a0\u00a0\u00a0\u00a0\u00a0\u00a0\u00a0\u00a0\u00a0\u00a0\u00a0\u00a0\u00a0\u00a0\u00a0\u00a0\u00a0\u00a0\u00a0\u00a0\u00a0\u00a0\u00a0\u00a0\u00a0\u00a0\u00a0\u00a0\u00a0\u00a0\u00a0\u00a0\u00a0\u00a0<em>103. Zsolt\u00e1r <\/em><\/p>\n<p><strong>V\u00e1lasz: \u00c1raszd r\u00e1nk Lelkedet, <u>I<\/u>sten\u00fcnk: *<\/strong><strong>\u00a0\u00a0\u00a0 \u00faj\u00edtsd m<u>e<\/u>g a f\u00f6ld sz\u00edn\u00e9t. <em>Vagy: <\/em>Alleluja.<\/strong><\/p>\n<p><strong>SZENTLECKE<\/strong>\u00a0\u00a0 \u00a0\u00a0\u00a0\u00a0\u00a0\u00a0\u00a0\u00a0\u00a0\u00a0\u00a0\u00a0\u00a0\u00a0\u00a0\u00a0\u00a0\u00a0\u00a0\u00a0\u00a0\u00a0\u00a0\u00a0\u00a0\u00a0\u00a0\u00a0\u00a0\u00a0<em>1 Kor 12, 3b\u20137. 12\u201313<\/em><\/p>\n<p>A m\u0171v\u00e9sz apr\u00f3 mozaikk\u00f6vekb\u0151l rakja ki csod\u00e1latos m\u0171v\u00e9t. Isten k\u00fcl\u00f6nf\u00e9le szolg\u00e1latokat, feladatokat oszt ki Egyh\u00e1z\u00e1ban, \u00e9s \u00edgy form\u00e1lja a t\u00f6rt\u00e9nelmet. \u00c9p\u00edts\u00fck az Isten orsz\u00e1g\u00e1t ott, ahov\u00e1 Isten \u00e1ll\u00edtott benn\u00fcnket. Tegy\u00fck meg azt, amit \u0151 szabott ki feladatul nek\u00fcnk.<\/p>\n<p><strong>Vagy:<\/strong>\u00a0\u00a0 \u00a0\u00a0\u00a0\u00a0\u00a0\u00a0\u00a0\u00a0\u00a0\u00a0\u00a0\u00a0\u00a0\u00a0\u00a0\u00a0\u00a0\u00a0\u00a0\u00a0\u00a0\u00a0\u00a0\u00a0\u00a0\u00a0\u00a0\u00a0\u00a0\u00a0\u00a0\u00a0\u00a0\u00a0\u00a0\u00a0\u00a0\u00a0\u00a0\u00a0\u00a0\u00a0\u00a0\u00a0\u00a0\u00a0\u00a0\u00a0\u00a0\u00a0<em>\u00a0\u00a0\u00a0\u00a0\u00a0\u00a0\u00a0\u00a0R\u00f3m 8, 8\u201317<\/em><\/p>\n<p>Szent P\u00e1l apostol a szolgas\u00e1g lelk\u00e9vel, a testi v\u00e1gyak uralm\u00e1val szembe\u00e1ll\u00edtja a fogadott fi\u00fas\u00e1g Lelk\u00e9t. A kereszt\u00e9ny \u00e9let kiv\u00e1lts\u00e1ga az, hogy hitbeli meggy\u0151z\u0151d\u00e9s\u00fcnket a Szentl\u00e9lek ir\u00e1ny\u00edtja. Istenre \u00fagy tekint\u00fcnk, mint Aty\u00e1ra, s megvan benn\u00fcnk az \u00f6szt\u00f6nz\u00e9s, hogy a fogadott gyermek bizalm\u00e1val, h\u00e1l\u00e1j\u00e1val \u00e9s tisztelet\u00e9vel teljes\u00edts\u00fck akarat\u00e1t. De ahhoz, hogy a Szentl\u00e9lek vezessen benn\u00fcnket, el kell fogadnunk jelenl\u00e9t\u00e9t, \u00e9s az \u00f6szt\u00f6n\u00f6ss\u00e9g megtagad\u00e1s\u00e1val alkalmass\u00e1 kell tenni magunkat ir\u00e1ny\u00edt\u00e1s\u00e1nak befogad\u00e1s\u00e1ra.<\/p>\n<p><strong>SZEKVENCIA<\/strong>\u00a0 \u00a0\u00a0\u00a0\u00a0\u00a0\u00a0\u00a0\u00a0\u00a0\u00a0\u00a0\u00a0\u00a0\u00a0\u00a0\u00a0\u00a0\u00a0\u00a0\u00a0\u00a0\u00a0\u00a0\u00a0\u00a0\u00a0\u00a0\u00a0\u00a0\u00a0\u00a0\u00a0\u00a0\u00a0\u00a0\u00a0\u00a0\u00a0\u00a0\u00a0\u00a0\u00a0\u00a0\u00a0<em>SzVU 97. \u00e9nek<\/em><\/p>\n<p>J\u00f6jj, Szentl\u00e9lek Isten\u00fcnk, add a mennyb\u0151l \u00e9rzen\u00fcnk f\u00e9nyess\u00e9ged sugar\u00e1t! J\u00f6jj, szeg\u00e9nyek Atyja, te b\u0151kez\u0171s\u00e9g Istene, lelk\u00fcnk f\u00e9nyed hassa \u00e1t! \u00c9dess\u00e9ges vigaszunk, dr\u00e1ga vend\u00e9g, szomjazunk, \u00e9des l\u00e9lek\u00fajul\u00e1s. F\u00e1radottnak k\u00f6nny\u00fcl\u00e9s, tikkad\u00f3nak egyh\u00fcl\u00e9s, s\u00edr\u00f3nak vigasztal\u00e1s. Boldogs\u00e1gos tiszta f\u00e9ny, sz\u00e1llj meg sz\u00edv\u00fcnk rejtek\u00e9n, h\u00edveidnek napja l\u00e9gy! Ihleted, ha f\u00e9nyt nem ad, embersz\u00edvben ellohad minden \u00e9r\u0151, minden \u00e9p. Mosd meg, ami szennyezett, asz\u00fas\u00e1gra hints vizet, orvosold a sebhelyet! Simogasd a darabost, f\u00f6lmelengesd a fagyost, \u00fatra vidd, ki t\u00e9velyeg! Add, vegy\u00e9k el h\u00edveid, kik hit\u00fck bel\u00e9d vetik, h\u00e9tszeres kegyelmedet! J\u00e1mbornak jutalmaz\u00e1st, engedj boldog kim\u00fal\u00e1st, mind\u00f6r\u00f6kk\u00e9 mennyeket!<\/p>\n<p><strong>ALLELUJA\u00a0\u00a0\u00a0\u00a0\u00a0\u00a0\u00a0\u00a0\u00a0\u00a0\u00a0\u00a0\u00a0\u00a0\u00a0\u00a0\u00a0\u00a0\u00a0\u00a0\u00a0\u00a0\u00a0\u00a0\u00a0\u00a0\u00a0\u00a0\u00a0\u00a0\u00a0\u00a0\u00a0\u00a0\u00a0 <\/strong><\/p>\n<p>J\u00f6jj el, Szentl\u00e9lek Isten, t\u00f6ltsd el h\u00edveid sz\u00edv\u00e9t, * \u00e9s szereteted t\u0171z\u00e9t gyullaszd f\u00f6l benn\u00fcnk!<\/p>\n<p><strong>EVANG\u00c9LIUM <\/strong>\u00a0\u00a0\u00a0\u00a0\u00a0\u00a0\u00a0\u00a0\u00a0\u00a0\u00a0\u00a0\u00a0\u00a0\u00a0\u00a0\u00a0\u00a0\u00a0\u00a0\u00a0\u00a0\u00a0\u00a0\u00a0\u00a0\u00a0\u00a0\u00a0\u00a0\u00a0\u00a0\u00a0\u00a0\u00a0\u00a0\u00a0\u00a0\u00a0\u00a0\u00a0\u00a0\u00a0\u00a0\u00a0\u00a0<em>Jn <\/em><em>20, 19\u201323<\/em><\/p>\n<p>\u201eA L\u00e9lek gy\u00fcm\u00f6lcsei: szeretet, \u00f6r\u00f6m, b\u00e9kess\u00e9g, t\u00fcrelem, kedvess\u00e9g, j\u00f3s\u00e1g, h\u0171s\u00e9g, szel\u00edds\u00e9g, \u00f6nmegtart\u00f3ztat\u00e1s\u201d (Gal 5, 22 \u201323). K\u00e9rj\u00fck a Szentlelket, hogy t\u00f6ltse be lelk\u00fcnket aj\u00e1nd\u00e9kaival. Ezek adj\u00e1k meg \u00e9let\u00fcnk igazi \u00edz\u00e9t.<\/p>\n<p><strong>Vagy:<\/strong> \u00a0\u00a0\u00a0\u00a0\u00a0\u00a0\u00a0\u00a0\u00a0\u00a0\u00a0\u00a0\u00a0\u00a0\u00a0\u00a0\u00a0\u00a0\u00a0\u00a0\u00a0\u00a0\u00a0\u00a0\u00a0\u00a0\u00a0\u00a0\u00a0\u00a0\u00a0\u00a0\u00a0\u00a0\u00a0\u00a0\u00a0\u00a0\u00a0<em>\u00a0\u00a0\u00a0\u00a0\u00a0\u00a0\u00a0Jn 14, 15\u201316. 23b\u201326<\/em><\/p>\n<p>Csod\u00e1latos k\u00f6lcs\u00f6nhat\u00e1s van a szeretet \u00e9s a Szentl\u00e9lek ki\u00e1rad\u00e1sa k\u00f6z\u00f6tt. Krisztus azoknak \u00edg\u00e9ri az Igazs\u00e1g Lelk\u00e9t, akik szeretik \u0151t, viszont a szeretet maga a Szentl\u00e9lek adom\u00e1nya (R\u00f3m 5, 5). A L\u00e9lek teh\u00e1t el\u0151sz\u00f6r arra k\u00e9pes\u00edt, hogy szeretett\u0151l ind\u00edttatva megtartsuk Krisztus parancsait, s ha ezt megtessz\u00fck, valamik\u00e9ppen meg\u00edzlelteti vel\u00fcnk azt, hogy \u0151 \u00e1lland\u00f3an benn\u00fcnk lakik, s\u0151t vele egy\u00fctt az Atya \u00e9s a Fi\u00fa is lak\u00e1st vesz benn\u00fcnk. Krisztus az\u00e9rt ment a mennybe, hogy Istennek ezt a szellemi jelenl\u00e9t\u00e9t biztos\u00edtsa sz\u00e1munkra.<\/p>\n<p><strong>AZ EUCHARISZTI\u00c1HOZ<\/strong><\/p>\n<p>\u201eFel tudod t\u00e1n fogni Istennek m\u00e9lys\u00e9g\u00e9t, mindenhat\u00f3 Urad t\u00f6k\u00e9letess\u00e9g\u00e9t?\u201d (J\u00f3b 11, 7) Fel tudjuk fogni, hogy mit jelent a b\u0171nbocs\u00e1nat? Fel tudjuk fogni, hogy mit jelent a szentmise? Fel tudjuk fogni, hogy mit jelent, amikor a Szentl\u00e9lek megszenteli kenyer\u00fcnket \u00e9s borunkat? Ha nem is tudjuk felfogni, t\u00f6rekedj\u00fcnk arra, hogy a Szentl\u00e9lek seg\u00edts\u00e9g\u00e9vel min\u00e9l m\u00e9lyebben hatoljunk be hit\u00fcnk titkaiba.<\/p>\n<p><strong>ELM\u00c9LKED\u00c9S<\/strong><\/p>\n<p>Az embereket mostan\u00e1ban rendk\u00edv\u00fcli m\u00f3don foglalkoztatja a Szentl\u00e9lek elj\u00f6vetel\u00e9nek k\u00fcls\u0151 jele; ugyan\u00edgy a vil\u00e1g v\u00e9g\u00e9t k\u00eds\u00e9r\u0151 jelens\u00e9gek. Pedig azzal kellene ink\u00e1bb foglalkoznunk, hogy egy\u00fcttm\u0171k\u00f6dj\u00fcnk a Szentl\u00e9lekkel; \u00e9s azzal t\u00f6r\u0151dn\u00fcnk, hogy mindig k\u00e9szen \u00e1lljunk az Istennel val\u00f3 tal\u00e1lkoz\u00e1sra. Urunk, \u00e1raszd Szentlelkedet mindny\u00e1junk sz\u00edv\u00e9be, hogy hit\u00fcnket megvalljuk \u00e9s hit\u00fcnk szerint \u00e9lj\u00fcnk!<\/p>\n<p>&nbsp;<\/p>\n<p>A <strong>SZENTL\u00c9LEK<\/strong> az Egyh\u00e1z lelke. \u0150 nevelte a kereszt\u00e9nys\u00e9get h\u0151sies \u00e9letre. Az Egyh\u00e1zban minden l\u00e9lek k\u00f6zvetlen \u00f6sszek\u00f6ttet\u00e9sben \u00e1ll a Szentl\u00e9lekkel; az \u00e9lteti \u00e9s eleven\u00edti. Az eg\u00e9sz \u00e9letet kell a L\u00e9leknek \u00e1tj\u00e1rnia: szeml\u00e9letet \u00e9s akaratot, spekul\u00e1ci\u00f3t \u00e9s cselekv\u00e9st, \u2013 s meg kell nyilatkoznia gyeng\u00e9d \u00e9rz\u00e9kben az erk\u00f6lcsi ir\u00e1nt. J\u00f6jj, te csod\u00e1latos, teremt\u0151, alak\u00edt\u00f3 l\u00e9lek!<\/p>\n<p><em>\u2013 Proh\u00e1szka Ottok\u00e1r p\u00fcsp\u00f6k<\/em><\/p>\n<p>&nbsp;<\/p>\n<p>J\u00c9ZUS SZ\u00cdVE H\u00d3NAPJA<\/p>\n<p>J\u00e9zus kereszten \u00e1tsz\u00fart sz\u00edve megv\u00e1lt\u00f3 szeretet\u00e9nek a jele. Amikor J\u00e9zus Sz\u00edv\u00e9t tisztelj\u00fck, akkor a mennyei Atya ir\u00e1nt, illetve ir\u00e1ntunk val\u00f3 szeretet\u00e9re gondolunk. \u00dagy szerette J\u00e9zus a mennyei Aty\u00e1t, hogy \u00e9let\u00e9t adta az ellene elk\u00f6vetett emberi b\u0171n\u00f6k \u00e9s b\u00e1nt\u00e1sok megengesztel\u00e9s\u00e9re. \u00dagy szeretett J\u00e9zus benn\u00fcnket, hogy hal\u00e1lba ment, csak hogy minket a mennyei Aty\u00e1val kiengeszteljen \u00e9s az \u0150 isteni \u00e1ramk\u00f6r\u00e9be \u00fajra bekapcsoljon. A J\u00e9zus Sz\u00edve tisztelet l\u00e9nyege: az engesztel\u00e9s, Krisztus k\u00f6vet\u00e9se \u00e9s \u00f6nmagunk f\u00f6laj\u00e1nl\u00e1sa.<\/p>\n<p>&nbsp;<\/p>\n","protected":false},"excerpt":{"rendered":"<p>m\u00e1jus 26. H\u00daSV\u00c9T 6. VAS\u00c1RNAPJA Alleluja + Alleluja + Alleluja Az egyes emberek \u00e9s az emberi k\u00f6z\u00f6ss\u00e9gek is sok-sok gonddal, neh\u00e9zs\u00e9ggel k\u00fczk\u00f6dnek. Az Egyh\u00e1z az\u00e1ltal ny\u00fajt seg\u00edts\u00e9get emberi probl\u00e9m\u00e1ink megold\u00e1s\u00e1hoz, hogy p\u00e1rbesz\u00e9det kezdem\u00e9nyez a vil\u00e1ggal. R\u00e1vet\u00edti az evang\u00e9lium f\u00e9ny\u00e9t a megold\u00e1sra v\u00e1r\u00f3 k\u00e9rd\u00e9sekre \u00e9s rendelkez\u00e9sre bocs\u00e1tja a kegyelem erej\u00e9t. OLVASM\u00c1NY\u00a0\u00a0\u00a0\u00a0\u00a0\u00a0\u00a0\u00a0\u00a0\u00a0\u00a0\u00a0\u00a0\u00a0\u00a0\u00a0\u00a0\u00a0\u00a0\u00a0\u00a0\u00a0\u00a0\u00a0\u00a0\u00a0\u00a0\u00a0\u00a0\u00a0\u00a0\u00a0\u00a0\u00a0\u00a0\u00a0 ApCsel 15, 1\u20132, 22\u201329 Szent P\u00e1l azt hirdeti, hogy a pog\u00e1nys\u00e1gb\u00f3l megt\u00e9rt h\u00edv\u0151kre nem k\u00f6telez\u0151k a m\u00f3zesi el\u0151\u00edr\u00e1sok. \u00cdgy d\u00f6nt\u00f6tt az apostoli zsinat is. Ugyanekkor a megt\u00e9rt pog\u00e1nyokt\u00f3l azt k\u00e9rte, hogy tartsanak tiszteletben a zsid\u00f3-kereszt\u00e9ny testv\u00e9reik \u00e1ltal megszokott, egyes \u0151si zsid\u00f3 hagyom\u00e1nyokat. &nbsp; V\u00c1LASZOS ZSOLT\u00c1R \u00a0\u00a0\u00a0\u00a0\u00a0\u00a0\u00a0\u00a0\u00a0\u00a0\u00a0\u00a0\u00a0\u00a0\u00a0\u00a0\u00a0\u00a0\u00a0\u00a0\u00a0\u00a0\u00a0\u00a0\u00a0\u00a0\u00a0\u00a0\u00a0\u00a0\u00a0\u00a0\u00a0\u00a0\u00a0\u00a0\u00a066. Zsolt\u00e1r V\u00e1lasz: Magasztaljanak, Isten, a n\u00e9pek, *\u00a0 minden nemzet \u00e1ldjon t\u00e9ged.\u00a0\u00a0\u00a0 Vagy: Alleluja, alleluja, alleluja.\u00a0\u00a0 &nbsp; SZENTLECKE\u00a0 \u00a0\u00a0\u00a0\u00a0\u00a0\u00a0\u00a0\u00a0\u00a0\u00a0\u00a0\u00a0\u00a0\u00a0\u00a0\u00a0\u00a0\u00a0\u00a0\u00a0\u00a0\u00a0\u00a0\u00a0\u00a0\u00a0\u00a0\u00a0\u00a0\u00a0\u00a0\u00a0\u00a0\u00a0Jel 21, 10\u201314. 22\u201323 A h\u00edv\u0151 ember b\u00edzhat abban, hogy \u00e9let\u00e9nek megpr\u00f3b\u00e1ltat\u00e1sait \u00e9rdemes t\u00fcrelmesen elfogadni. Isten ugyanis jutalmul megaj\u00e1nd\u00e9kozza majd \u00f6v\u00e9it az \u00f6r\u00f6k \u00fcdv\u00f6ss\u00e9ggel. Ennek l\u00e9nyege az, hogy r\u00e9szesed\u00fcnk Isten \u00e9let\u00e9ben. S ez biztons\u00e1got, b\u00e9k\u00e9t, nagy \u00f6r\u00f6m\u00f6t \u00e9s boldogs\u00e1got jelent sz\u00e1munkra. ALLELUJA\u00a0\u00a0\u00a0\u00a0\u00a0\u00a0\u00a0\u00a0\u00a0\u00a0\u00a0\u00a0\u00a0\u00a0\u00a0\u00a0\u00a0\u00a0\u00a0\u00a0\u00a0\u00a0\u00a0\u00a0\u00a0\u00a0\u00a0\u00a0\u00a0\u00a0\u00a0\u00a0\u00a0\u00a0\u00a0\u00a0\u00a0\u00a0\u00a0\u00a0\u00a0\u00a0\u00a0\u00a0\u00a0\u00a0\u00a0\u00a0\u00a0\u00a0\u00a0\u00a0\u00a0\u00a0\u00a0\u00a0\u00a0\u00a0\u00a0\u00a0\u00a0\u00a0\u00a0\u00a0\u00a0\u00a0\u00a0 Jn 14, 23 J\u00e9zus mondja: \u201eAki szeret engem, megfogadja szavamat, * Aty\u00e1m is szeretni fogja \u00e9s hozz\u00e1 k\u00f6lt\u00f6z\u00fcnk.\u201d EVANG\u00c9LIUM \u00a0\u00a0\u00a0\u00a0\u00a0\u00a0\u00a0\u00a0\u00a0\u00a0\u00a0\u00a0\u00a0\u00a0\u00a0\u00a0\u00a0\u00a0\u00a0\u00a0\u00a0\u00a0\u00a0\u00a0\u00a0\u00a0\u00a0\u00a0\u00a0\u00a0\u00a0\u00a0\u00a0\u00a0\u00a0\u00a0\u00a0\u00a0\u00a0\u00a0\u00a0\u00a0\u00a0\u00a0\u00a0\u00a0Jn 14, 23\u201329 Az Egyh\u00e1z tagjait J\u00e9zus tan\u00edt\u00e1sa, a k\u00f6z\u00f6s hit tartja \u00f6ssze. A hit eredeti tisztas\u00e1ga f\u00f6l\u00f6tt a Szentl\u00e9lek \u0151rk\u00f6dik majd. A L\u00e9lek jelenl\u00e9te m\u00e1s el\u0151nnyel is j\u00e1r. Igazi lelki b\u00e9k\u00e9t k\u00f6lcs\u00f6n\u00f6z nek\u00fcnk. S ez a f\u00f6ld\u00f6n megkezdett Isten orsz\u00e1ga, majd az \u00f6r\u00f6kk\u00e9val\u00f3s\u00e1gban teljesedik be, amikor elnyerj\u00fck a nek\u00fcnk k\u00e9sz\u00edtett orsz\u00e1got. AZ EUCHARISZTI\u00c1HOZ Most m\u00e9g t\u00fck\u00f6r \u00e1ltal, hom\u00e1lyosan l\u00e1tjuk az Urat. De egykor majd hit\u00fcnk l\u00e1t\u00e1ss\u00e1 v\u00e1ltozik, vagyis l\u00e1tjuk \u0151t \u00fagy, amint van. ELM\u00c9LKED\u00c9S Mire k\u00fcld\u00f6tt az Isten? Arra, hogy gy\u0171l\u00f6ld azt, aki \u00e9pp\u00fagy, mint te, m\u00e1sa, s puszt\u00e1n az\u00e9rt, mert k\u00e1rodat k\u00edv\u00e1nja? Mi\u00e9rt k\u00fcld\u00f6tt? Az\u00e9rt, hogy marakodj s visszaharapd a bel\u00e9d mar\u00f3t, vagy hogy ut\u00e1na menj, \u00e9s hogyha f\u00e1jna szeg\u00e9nynek, a rajtad ejtett mar\u00e1sa, te adj seb\u00e9re egy kis balzsamot? Nyilv\u00e1n nem az\u00e9rt k\u00fcld\u00f6tt,&#8230; <\/p>\n<p><a class=\"readmore\" href=\"https:\/\/stuttgarti-katolikusok.de\/index.php\/husvet-6-vasarnapjatol-punkosdig\/\">R\u00e9szletek<\/a><\/p>\n","protected":false},"author":3,"featured_media":16958,"comment_status":"closed","ping_status":"closed","sticky":false,"template":"","format":"standard","meta":{"footnotes":""},"categories":[63],"tags":[],"class_list":["post-16957","post","type-post","status-publish","format-standard","has-post-thumbnail","hentry","category-vasarnapi-gondolatok"],"yoast_head":"<!-- This site is optimized with the Yoast SEO plugin v27.3 - https:\/\/yoast.com\/product\/yoast-seo-wordpress\/ -->\n<title>H\u00fasv\u00e9t 6. vas\u00e1rnapj\u00e1t\u00f3l P\u00fcnk\u00f6sdig - Stuttgarti Katolikusok<\/title>\n<meta name=\"robots\" content=\"index, follow, max-snippet:-1, max-image-preview:large, max-video-preview:-1\" \/>\n<link rel=\"canonical\" href=\"https:\/\/stuttgarti-katolikusok.de\/index.php\/husvet-6-vasarnapjatol-punkosdig\/\" \/>\n<meta property=\"og:locale\" content=\"hu_HU\" \/>\n<meta property=\"og:type\" content=\"article\" \/>\n<meta property=\"og:title\" content=\"H\u00fasv\u00e9t 6. vas\u00e1rnapj\u00e1t\u00f3l P\u00fcnk\u00f6sdig - Stuttgarti Katolikusok\" \/>\n<meta property=\"og:description\" content=\"m\u00e1jus 26. H\u00daSV\u00c9T 6. VAS\u00c1RNAPJA Alleluja + Alleluja + Alleluja Az egyes emberek \u00e9s az emberi k\u00f6z\u00f6ss\u00e9gek is sok-sok gonddal, neh\u00e9zs\u00e9ggel k\u00fczk\u00f6dnek. Az Egyh\u00e1z az\u00e1ltal ny\u00fajt seg\u00edts\u00e9get emberi probl\u00e9m\u00e1ink megold\u00e1s\u00e1hoz, hogy p\u00e1rbesz\u00e9det kezdem\u00e9nyez a vil\u00e1ggal. R\u00e1vet\u00edti az evang\u00e9lium f\u00e9ny\u00e9t a megold\u00e1sra v\u00e1r\u00f3 k\u00e9rd\u00e9sekre \u00e9s rendelkez\u00e9sre bocs\u00e1tja a kegyelem erej\u00e9t. OLVASM\u00c1NY\u00a0\u00a0\u00a0\u00a0\u00a0\u00a0\u00a0\u00a0\u00a0\u00a0\u00a0\u00a0\u00a0\u00a0\u00a0\u00a0\u00a0\u00a0\u00a0\u00a0\u00a0\u00a0\u00a0\u00a0\u00a0\u00a0\u00a0\u00a0\u00a0\u00a0\u00a0\u00a0\u00a0\u00a0\u00a0\u00a0 ApCsel 15, 1\u20132, 22\u201329 Szent P\u00e1l azt hirdeti, hogy a pog\u00e1nys\u00e1gb\u00f3l megt\u00e9rt h\u00edv\u0151kre nem k\u00f6telez\u0151k a m\u00f3zesi el\u0151\u00edr\u00e1sok. \u00cdgy d\u00f6nt\u00f6tt az apostoli zsinat is. Ugyanekkor a megt\u00e9rt pog\u00e1nyokt\u00f3l azt k\u00e9rte, hogy tartsanak tiszteletben a zsid\u00f3-kereszt\u00e9ny testv\u00e9reik \u00e1ltal megszokott, egyes \u0151si zsid\u00f3 hagyom\u00e1nyokat. &nbsp; V\u00c1LASZOS ZSOLT\u00c1R \u00a0\u00a0\u00a0\u00a0\u00a0\u00a0\u00a0\u00a0\u00a0\u00a0\u00a0\u00a0\u00a0\u00a0\u00a0\u00a0\u00a0\u00a0\u00a0\u00a0\u00a0\u00a0\u00a0\u00a0\u00a0\u00a0\u00a0\u00a0\u00a0\u00a0\u00a0\u00a0\u00a0\u00a0\u00a0\u00a0\u00a066. Zsolt\u00e1r V\u00e1lasz: Magasztaljanak, Isten, a n\u00e9pek, *\u00a0 minden nemzet \u00e1ldjon t\u00e9ged.\u00a0\u00a0\u00a0 Vagy: Alleluja, alleluja, alleluja.\u00a0\u00a0 &nbsp; SZENTLECKE\u00a0 \u00a0\u00a0\u00a0\u00a0\u00a0\u00a0\u00a0\u00a0\u00a0\u00a0\u00a0\u00a0\u00a0\u00a0\u00a0\u00a0\u00a0\u00a0\u00a0\u00a0\u00a0\u00a0\u00a0\u00a0\u00a0\u00a0\u00a0\u00a0\u00a0\u00a0\u00a0\u00a0\u00a0\u00a0Jel 21, 10\u201314. 22\u201323 A h\u00edv\u0151 ember b\u00edzhat abban, hogy \u00e9let\u00e9nek megpr\u00f3b\u00e1ltat\u00e1sait \u00e9rdemes t\u00fcrelmesen elfogadni. Isten ugyanis jutalmul megaj\u00e1nd\u00e9kozza majd \u00f6v\u00e9it az \u00f6r\u00f6k \u00fcdv\u00f6ss\u00e9ggel. Ennek l\u00e9nyege az, hogy r\u00e9szesed\u00fcnk Isten \u00e9let\u00e9ben. S ez biztons\u00e1got, b\u00e9k\u00e9t, nagy \u00f6r\u00f6m\u00f6t \u00e9s boldogs\u00e1got jelent sz\u00e1munkra. ALLELUJA\u00a0\u00a0\u00a0\u00a0\u00a0\u00a0\u00a0\u00a0\u00a0\u00a0\u00a0\u00a0\u00a0\u00a0\u00a0\u00a0\u00a0\u00a0\u00a0\u00a0\u00a0\u00a0\u00a0\u00a0\u00a0\u00a0\u00a0\u00a0\u00a0\u00a0\u00a0\u00a0\u00a0\u00a0\u00a0\u00a0\u00a0\u00a0\u00a0\u00a0\u00a0\u00a0\u00a0\u00a0\u00a0\u00a0\u00a0\u00a0\u00a0\u00a0\u00a0\u00a0\u00a0\u00a0\u00a0\u00a0\u00a0\u00a0\u00a0\u00a0\u00a0\u00a0\u00a0\u00a0\u00a0\u00a0\u00a0 Jn 14, 23 J\u00e9zus mondja: \u201eAki szeret engem, megfogadja szavamat, * Aty\u00e1m is szeretni fogja \u00e9s hozz\u00e1 k\u00f6lt\u00f6z\u00fcnk.\u201d EVANG\u00c9LIUM \u00a0\u00a0\u00a0\u00a0\u00a0\u00a0\u00a0\u00a0\u00a0\u00a0\u00a0\u00a0\u00a0\u00a0\u00a0\u00a0\u00a0\u00a0\u00a0\u00a0\u00a0\u00a0\u00a0\u00a0\u00a0\u00a0\u00a0\u00a0\u00a0\u00a0\u00a0\u00a0\u00a0\u00a0\u00a0\u00a0\u00a0\u00a0\u00a0\u00a0\u00a0\u00a0\u00a0\u00a0\u00a0\u00a0Jn 14, 23\u201329 Az Egyh\u00e1z tagjait J\u00e9zus tan\u00edt\u00e1sa, a k\u00f6z\u00f6s hit tartja \u00f6ssze. A hit eredeti tisztas\u00e1ga f\u00f6l\u00f6tt a Szentl\u00e9lek \u0151rk\u00f6dik majd. A L\u00e9lek jelenl\u00e9te m\u00e1s el\u0151nnyel is j\u00e1r. Igazi lelki b\u00e9k\u00e9t k\u00f6lcs\u00f6n\u00f6z nek\u00fcnk. S ez a f\u00f6ld\u00f6n megkezdett Isten orsz\u00e1ga, majd az \u00f6r\u00f6kk\u00e9val\u00f3s\u00e1gban teljesedik be, amikor elnyerj\u00fck a nek\u00fcnk k\u00e9sz\u00edtett orsz\u00e1got. AZ EUCHARISZTI\u00c1HOZ Most m\u00e9g t\u00fck\u00f6r \u00e1ltal, hom\u00e1lyosan l\u00e1tjuk az Urat. De egykor majd hit\u00fcnk l\u00e1t\u00e1ss\u00e1 v\u00e1ltozik, vagyis l\u00e1tjuk \u0151t \u00fagy, amint van. ELM\u00c9LKED\u00c9S Mire k\u00fcld\u00f6tt az Isten? Arra, hogy gy\u0171l\u00f6ld azt, aki \u00e9pp\u00fagy, mint te, m\u00e1sa, s puszt\u00e1n az\u00e9rt, mert k\u00e1rodat k\u00edv\u00e1nja? Mi\u00e9rt k\u00fcld\u00f6tt? Az\u00e9rt, hogy marakodj s visszaharapd a bel\u00e9d mar\u00f3t, vagy hogy ut\u00e1na menj, \u00e9s hogyha f\u00e1jna szeg\u00e9nynek, a rajtad ejtett mar\u00e1sa, te adj seb\u00e9re egy kis balzsamot? Nyilv\u00e1n nem az\u00e9rt k\u00fcld\u00f6tt,... R\u00e9szletek\" \/>\n<meta property=\"og:url\" content=\"https:\/\/stuttgarti-katolikusok.de\/index.php\/husvet-6-vasarnapjatol-punkosdig\/\" \/>\n<meta property=\"og:site_name\" content=\"Stuttgarti Katolikusok\" \/>\n<meta property=\"article:published_time\" content=\"2019-05-21T05:09:26+00:00\" \/>\n<meta property=\"og:image\" content=\"https:\/\/stuttgarti-katolikusok.de\/wp-content\/uploads\/2019\/05\/mindszenty.jpg\" \/>\n\t<meta property=\"og:image:width\" content=\"1704\" \/>\n\t<meta property=\"og:image:height\" content=\"2272\" \/>\n\t<meta property=\"og:image:type\" content=\"image\/jpeg\" \/>\n<meta name=\"author\" content=\"Tibor atya\" \/>\n<meta name=\"twitter:card\" content=\"summary_large_image\" \/>\n<meta name=\"twitter:label1\" content=\"Szerz\u0151:\" \/>\n\t<meta name=\"twitter:data1\" content=\"Tibor atya\" \/>\n\t<meta name=\"twitter:label2\" content=\"Becs\u00fclt olvas\u00e1si id\u0151\" \/>\n\t<meta name=\"twitter:data2\" content=\"15 perc\" \/>\n<script type=\"application\/ld+json\" class=\"yoast-schema-graph\">{\"@context\":\"https:\\\/\\\/schema.org\",\"@graph\":[{\"@type\":\"Article\",\"@id\":\"https:\\\/\\\/stuttgarti-katolikusok.de\\\/index.php\\\/husvet-6-vasarnapjatol-punkosdig\\\/#article\",\"isPartOf\":{\"@id\":\"https:\\\/\\\/stuttgarti-katolikusok.de\\\/index.php\\\/husvet-6-vasarnapjatol-punkosdig\\\/\"},\"author\":{\"name\":\"Tibor atya\",\"@id\":\"https:\\\/\\\/stuttgarti-katolikusok.de\\\/#\\\/schema\\\/person\\\/75908d6f8fdc03a57889d27209df7795\"},\"headline\":\"H\u00fasv\u00e9t 6. vas\u00e1rnapj\u00e1t\u00f3l P\u00fcnk\u00f6sdig\",\"datePublished\":\"2019-05-21T05:09:26+00:00\",\"mainEntityOfPage\":{\"@id\":\"https:\\\/\\\/stuttgarti-katolikusok.de\\\/index.php\\\/husvet-6-vasarnapjatol-punkosdig\\\/\"},\"wordCount\":3074,\"image\":{\"@id\":\"https:\\\/\\\/stuttgarti-katolikusok.de\\\/index.php\\\/husvet-6-vasarnapjatol-punkosdig\\\/#primaryimage\"},\"thumbnailUrl\":\"https:\\\/\\\/stuttgarti-katolikusok.de\\\/wp-content\\\/uploads\\\/2019\\\/05\\\/mindszenty.jpg\",\"articleSection\":[\"Vas\u00e1rnapi gondolatok\"],\"inLanguage\":\"hu\"},{\"@type\":\"WebPage\",\"@id\":\"https:\\\/\\\/stuttgarti-katolikusok.de\\\/index.php\\\/husvet-6-vasarnapjatol-punkosdig\\\/\",\"url\":\"https:\\\/\\\/stuttgarti-katolikusok.de\\\/index.php\\\/husvet-6-vasarnapjatol-punkosdig\\\/\",\"name\":\"H\u00fasv\u00e9t 6. vas\u00e1rnapj\u00e1t\u00f3l P\u00fcnk\u00f6sdig - Stuttgarti Katolikusok\",\"isPartOf\":{\"@id\":\"https:\\\/\\\/stuttgarti-katolikusok.de\\\/#website\"},\"primaryImageOfPage\":{\"@id\":\"https:\\\/\\\/stuttgarti-katolikusok.de\\\/index.php\\\/husvet-6-vasarnapjatol-punkosdig\\\/#primaryimage\"},\"image\":{\"@id\":\"https:\\\/\\\/stuttgarti-katolikusok.de\\\/index.php\\\/husvet-6-vasarnapjatol-punkosdig\\\/#primaryimage\"},\"thumbnailUrl\":\"https:\\\/\\\/stuttgarti-katolikusok.de\\\/wp-content\\\/uploads\\\/2019\\\/05\\\/mindszenty.jpg\",\"datePublished\":\"2019-05-21T05:09:26+00:00\",\"author\":{\"@id\":\"https:\\\/\\\/stuttgarti-katolikusok.de\\\/#\\\/schema\\\/person\\\/75908d6f8fdc03a57889d27209df7795\"},\"breadcrumb\":{\"@id\":\"https:\\\/\\\/stuttgarti-katolikusok.de\\\/index.php\\\/husvet-6-vasarnapjatol-punkosdig\\\/#breadcrumb\"},\"inLanguage\":\"hu\",\"potentialAction\":[{\"@type\":\"ReadAction\",\"target\":[\"https:\\\/\\\/stuttgarti-katolikusok.de\\\/index.php\\\/husvet-6-vasarnapjatol-punkosdig\\\/\"]}]},{\"@type\":\"ImageObject\",\"inLanguage\":\"hu\",\"@id\":\"https:\\\/\\\/stuttgarti-katolikusok.de\\\/index.php\\\/husvet-6-vasarnapjatol-punkosdig\\\/#primaryimage\",\"url\":\"https:\\\/\\\/stuttgarti-katolikusok.de\\\/wp-content\\\/uploads\\\/2019\\\/05\\\/mindszenty.jpg\",\"contentUrl\":\"https:\\\/\\\/stuttgarti-katolikusok.de\\\/wp-content\\\/uploads\\\/2019\\\/05\\\/mindszenty.jpg\",\"width\":1704,\"height\":2272},{\"@type\":\"BreadcrumbList\",\"@id\":\"https:\\\/\\\/stuttgarti-katolikusok.de\\\/index.php\\\/husvet-6-vasarnapjatol-punkosdig\\\/#breadcrumb\",\"itemListElement\":[{\"@type\":\"ListItem\",\"position\":1,\"name\":\"Kezd\u0151lap\",\"item\":\"https:\\\/\\\/stuttgarti-katolikusok.de\\\/\"},{\"@type\":\"ListItem\",\"position\":2,\"name\":\"H\u00fasv\u00e9t 6. vas\u00e1rnapj\u00e1t\u00f3l P\u00fcnk\u00f6sdig\"}]},{\"@type\":\"WebSite\",\"@id\":\"https:\\\/\\\/stuttgarti-katolikusok.de\\\/#website\",\"url\":\"https:\\\/\\\/stuttgarti-katolikusok.de\\\/\",\"name\":\"Stuttgarti Katolikusok\",\"description\":\"\",\"potentialAction\":[{\"@type\":\"SearchAction\",\"target\":{\"@type\":\"EntryPoint\",\"urlTemplate\":\"https:\\\/\\\/stuttgarti-katolikusok.de\\\/?s={search_term_string}\"},\"query-input\":{\"@type\":\"PropertyValueSpecification\",\"valueRequired\":true,\"valueName\":\"search_term_string\"}}],\"inLanguage\":\"hu\"},{\"@type\":\"Person\",\"@id\":\"https:\\\/\\\/stuttgarti-katolikusok.de\\\/#\\\/schema\\\/person\\\/75908d6f8fdc03a57889d27209df7795\",\"name\":\"Tibor atya\",\"image\":{\"@type\":\"ImageObject\",\"inLanguage\":\"hu\",\"@id\":\"https:\\\/\\\/secure.gravatar.com\\\/avatar\\\/61d268e57d1f4525b111222e29d2d5a7f8c420fdbf231ba5566a8ceac74fa960?s=96&d=mm&r=g\",\"url\":\"https:\\\/\\\/secure.gravatar.com\\\/avatar\\\/61d268e57d1f4525b111222e29d2d5a7f8c420fdbf231ba5566a8ceac74fa960?s=96&d=mm&r=g\",\"contentUrl\":\"https:\\\/\\\/secure.gravatar.com\\\/avatar\\\/61d268e57d1f4525b111222e29d2d5a7f8c420fdbf231ba5566a8ceac74fa960?s=96&d=mm&r=g\",\"caption\":\"Tibor atya\"},\"url\":\"https:\\\/\\\/stuttgarti-katolikusok.de\\\/index.php\\\/author\\\/tibor-atya\\\/\"}]}<\/script>\n<!-- \/ Yoast SEO plugin. -->","yoast_head_json":{"title":"H\u00fasv\u00e9t 6. vas\u00e1rnapj\u00e1t\u00f3l P\u00fcnk\u00f6sdig - Stuttgarti Katolikusok","robots":{"index":"index","follow":"follow","max-snippet":"max-snippet:-1","max-image-preview":"max-image-preview:large","max-video-preview":"max-video-preview:-1"},"canonical":"https:\/\/stuttgarti-katolikusok.de\/index.php\/husvet-6-vasarnapjatol-punkosdig\/","og_locale":"hu_HU","og_type":"article","og_title":"H\u00fasv\u00e9t 6. vas\u00e1rnapj\u00e1t\u00f3l P\u00fcnk\u00f6sdig - Stuttgarti Katolikusok","og_description":"m\u00e1jus 26. H\u00daSV\u00c9T 6. VAS\u00c1RNAPJA Alleluja + Alleluja + Alleluja Az egyes emberek \u00e9s az emberi k\u00f6z\u00f6ss\u00e9gek is sok-sok gonddal, neh\u00e9zs\u00e9ggel k\u00fczk\u00f6dnek. Az Egyh\u00e1z az\u00e1ltal ny\u00fajt seg\u00edts\u00e9get emberi probl\u00e9m\u00e1ink megold\u00e1s\u00e1hoz, hogy p\u00e1rbesz\u00e9det kezdem\u00e9nyez a vil\u00e1ggal. R\u00e1vet\u00edti az evang\u00e9lium f\u00e9ny\u00e9t a megold\u00e1sra v\u00e1r\u00f3 k\u00e9rd\u00e9sekre \u00e9s rendelkez\u00e9sre bocs\u00e1tja a kegyelem erej\u00e9t. OLVASM\u00c1NY\u00a0\u00a0\u00a0\u00a0\u00a0\u00a0\u00a0\u00a0\u00a0\u00a0\u00a0\u00a0\u00a0\u00a0\u00a0\u00a0\u00a0\u00a0\u00a0\u00a0\u00a0\u00a0\u00a0\u00a0\u00a0\u00a0\u00a0\u00a0\u00a0\u00a0\u00a0\u00a0\u00a0\u00a0\u00a0\u00a0 ApCsel 15, 1\u20132, 22\u201329 Szent P\u00e1l azt hirdeti, hogy a pog\u00e1nys\u00e1gb\u00f3l megt\u00e9rt h\u00edv\u0151kre nem k\u00f6telez\u0151k a m\u00f3zesi el\u0151\u00edr\u00e1sok. \u00cdgy d\u00f6nt\u00f6tt az apostoli zsinat is. Ugyanekkor a megt\u00e9rt pog\u00e1nyokt\u00f3l azt k\u00e9rte, hogy tartsanak tiszteletben a zsid\u00f3-kereszt\u00e9ny testv\u00e9reik \u00e1ltal megszokott, egyes \u0151si zsid\u00f3 hagyom\u00e1nyokat. &nbsp; V\u00c1LASZOS ZSOLT\u00c1R \u00a0\u00a0\u00a0\u00a0\u00a0\u00a0\u00a0\u00a0\u00a0\u00a0\u00a0\u00a0\u00a0\u00a0\u00a0\u00a0\u00a0\u00a0\u00a0\u00a0\u00a0\u00a0\u00a0\u00a0\u00a0\u00a0\u00a0\u00a0\u00a0\u00a0\u00a0\u00a0\u00a0\u00a0\u00a0\u00a0\u00a066. Zsolt\u00e1r V\u00e1lasz: Magasztaljanak, Isten, a n\u00e9pek, *\u00a0 minden nemzet \u00e1ldjon t\u00e9ged.\u00a0\u00a0\u00a0 Vagy: Alleluja, alleluja, alleluja.\u00a0\u00a0 &nbsp; SZENTLECKE\u00a0 \u00a0\u00a0\u00a0\u00a0\u00a0\u00a0\u00a0\u00a0\u00a0\u00a0\u00a0\u00a0\u00a0\u00a0\u00a0\u00a0\u00a0\u00a0\u00a0\u00a0\u00a0\u00a0\u00a0\u00a0\u00a0\u00a0\u00a0\u00a0\u00a0\u00a0\u00a0\u00a0\u00a0\u00a0Jel 21, 10\u201314. 22\u201323 A h\u00edv\u0151 ember b\u00edzhat abban, hogy \u00e9let\u00e9nek megpr\u00f3b\u00e1ltat\u00e1sait \u00e9rdemes t\u00fcrelmesen elfogadni. Isten ugyanis jutalmul megaj\u00e1nd\u00e9kozza majd \u00f6v\u00e9it az \u00f6r\u00f6k \u00fcdv\u00f6ss\u00e9ggel. Ennek l\u00e9nyege az, hogy r\u00e9szesed\u00fcnk Isten \u00e9let\u00e9ben. S ez biztons\u00e1got, b\u00e9k\u00e9t, nagy \u00f6r\u00f6m\u00f6t \u00e9s boldogs\u00e1got jelent sz\u00e1munkra. ALLELUJA\u00a0\u00a0\u00a0\u00a0\u00a0\u00a0\u00a0\u00a0\u00a0\u00a0\u00a0\u00a0\u00a0\u00a0\u00a0\u00a0\u00a0\u00a0\u00a0\u00a0\u00a0\u00a0\u00a0\u00a0\u00a0\u00a0\u00a0\u00a0\u00a0\u00a0\u00a0\u00a0\u00a0\u00a0\u00a0\u00a0\u00a0\u00a0\u00a0\u00a0\u00a0\u00a0\u00a0\u00a0\u00a0\u00a0\u00a0\u00a0\u00a0\u00a0\u00a0\u00a0\u00a0\u00a0\u00a0\u00a0\u00a0\u00a0\u00a0\u00a0\u00a0\u00a0\u00a0\u00a0\u00a0\u00a0\u00a0 Jn 14, 23 J\u00e9zus mondja: \u201eAki szeret engem, megfogadja szavamat, * Aty\u00e1m is szeretni fogja \u00e9s hozz\u00e1 k\u00f6lt\u00f6z\u00fcnk.\u201d EVANG\u00c9LIUM \u00a0\u00a0\u00a0\u00a0\u00a0\u00a0\u00a0\u00a0\u00a0\u00a0\u00a0\u00a0\u00a0\u00a0\u00a0\u00a0\u00a0\u00a0\u00a0\u00a0\u00a0\u00a0\u00a0\u00a0\u00a0\u00a0\u00a0\u00a0\u00a0\u00a0\u00a0\u00a0\u00a0\u00a0\u00a0\u00a0\u00a0\u00a0\u00a0\u00a0\u00a0\u00a0\u00a0\u00a0\u00a0\u00a0Jn 14, 23\u201329 Az Egyh\u00e1z tagjait J\u00e9zus tan\u00edt\u00e1sa, a k\u00f6z\u00f6s hit tartja \u00f6ssze. A hit eredeti tisztas\u00e1ga f\u00f6l\u00f6tt a Szentl\u00e9lek \u0151rk\u00f6dik majd. A L\u00e9lek jelenl\u00e9te m\u00e1s el\u0151nnyel is j\u00e1r. Igazi lelki b\u00e9k\u00e9t k\u00f6lcs\u00f6n\u00f6z nek\u00fcnk. S ez a f\u00f6ld\u00f6n megkezdett Isten orsz\u00e1ga, majd az \u00f6r\u00f6kk\u00e9val\u00f3s\u00e1gban teljesedik be, amikor elnyerj\u00fck a nek\u00fcnk k\u00e9sz\u00edtett orsz\u00e1got. AZ EUCHARISZTI\u00c1HOZ Most m\u00e9g t\u00fck\u00f6r \u00e1ltal, hom\u00e1lyosan l\u00e1tjuk az Urat. De egykor majd hit\u00fcnk l\u00e1t\u00e1ss\u00e1 v\u00e1ltozik, vagyis l\u00e1tjuk \u0151t \u00fagy, amint van. ELM\u00c9LKED\u00c9S Mire k\u00fcld\u00f6tt az Isten? Arra, hogy gy\u0171l\u00f6ld azt, aki \u00e9pp\u00fagy, mint te, m\u00e1sa, s puszt\u00e1n az\u00e9rt, mert k\u00e1rodat k\u00edv\u00e1nja? Mi\u00e9rt k\u00fcld\u00f6tt? Az\u00e9rt, hogy marakodj s visszaharapd a bel\u00e9d mar\u00f3t, vagy hogy ut\u00e1na menj, \u00e9s hogyha f\u00e1jna szeg\u00e9nynek, a rajtad ejtett mar\u00e1sa, te adj seb\u00e9re egy kis balzsamot? Nyilv\u00e1n nem az\u00e9rt k\u00fcld\u00f6tt,... R\u00e9szletek","og_url":"https:\/\/stuttgarti-katolikusok.de\/index.php\/husvet-6-vasarnapjatol-punkosdig\/","og_site_name":"Stuttgarti Katolikusok","article_published_time":"2019-05-21T05:09:26+00:00","og_image":[{"width":1704,"height":2272,"url":"https:\/\/stuttgarti-katolikusok.de\/wp-content\/uploads\/2019\/05\/mindszenty.jpg","type":"image\/jpeg"}],"author":"Tibor atya","twitter_card":"summary_large_image","twitter_misc":{"Szerz\u0151:":"Tibor atya","Becs\u00fclt olvas\u00e1si id\u0151":"15 perc"},"schema":{"@context":"https:\/\/schema.org","@graph":[{"@type":"Article","@id":"https:\/\/stuttgarti-katolikusok.de\/index.php\/husvet-6-vasarnapjatol-punkosdig\/#article","isPartOf":{"@id":"https:\/\/stuttgarti-katolikusok.de\/index.php\/husvet-6-vasarnapjatol-punkosdig\/"},"author":{"name":"Tibor atya","@id":"https:\/\/stuttgarti-katolikusok.de\/#\/schema\/person\/75908d6f8fdc03a57889d27209df7795"},"headline":"H\u00fasv\u00e9t 6. vas\u00e1rnapj\u00e1t\u00f3l P\u00fcnk\u00f6sdig","datePublished":"2019-05-21T05:09:26+00:00","mainEntityOfPage":{"@id":"https:\/\/stuttgarti-katolikusok.de\/index.php\/husvet-6-vasarnapjatol-punkosdig\/"},"wordCount":3074,"image":{"@id":"https:\/\/stuttgarti-katolikusok.de\/index.php\/husvet-6-vasarnapjatol-punkosdig\/#primaryimage"},"thumbnailUrl":"https:\/\/stuttgarti-katolikusok.de\/wp-content\/uploads\/2019\/05\/mindszenty.jpg","articleSection":["Vas\u00e1rnapi gondolatok"],"inLanguage":"hu"},{"@type":"WebPage","@id":"https:\/\/stuttgarti-katolikusok.de\/index.php\/husvet-6-vasarnapjatol-punkosdig\/","url":"https:\/\/stuttgarti-katolikusok.de\/index.php\/husvet-6-vasarnapjatol-punkosdig\/","name":"H\u00fasv\u00e9t 6. vas\u00e1rnapj\u00e1t\u00f3l P\u00fcnk\u00f6sdig - Stuttgarti Katolikusok","isPartOf":{"@id":"https:\/\/stuttgarti-katolikusok.de\/#website"},"primaryImageOfPage":{"@id":"https:\/\/stuttgarti-katolikusok.de\/index.php\/husvet-6-vasarnapjatol-punkosdig\/#primaryimage"},"image":{"@id":"https:\/\/stuttgarti-katolikusok.de\/index.php\/husvet-6-vasarnapjatol-punkosdig\/#primaryimage"},"thumbnailUrl":"https:\/\/stuttgarti-katolikusok.de\/wp-content\/uploads\/2019\/05\/mindszenty.jpg","datePublished":"2019-05-21T05:09:26+00:00","author":{"@id":"https:\/\/stuttgarti-katolikusok.de\/#\/schema\/person\/75908d6f8fdc03a57889d27209df7795"},"breadcrumb":{"@id":"https:\/\/stuttgarti-katolikusok.de\/index.php\/husvet-6-vasarnapjatol-punkosdig\/#breadcrumb"},"inLanguage":"hu","potentialAction":[{"@type":"ReadAction","target":["https:\/\/stuttgarti-katolikusok.de\/index.php\/husvet-6-vasarnapjatol-punkosdig\/"]}]},{"@type":"ImageObject","inLanguage":"hu","@id":"https:\/\/stuttgarti-katolikusok.de\/index.php\/husvet-6-vasarnapjatol-punkosdig\/#primaryimage","url":"https:\/\/stuttgarti-katolikusok.de\/wp-content\/uploads\/2019\/05\/mindszenty.jpg","contentUrl":"https:\/\/stuttgarti-katolikusok.de\/wp-content\/uploads\/2019\/05\/mindszenty.jpg","width":1704,"height":2272},{"@type":"BreadcrumbList","@id":"https:\/\/stuttgarti-katolikusok.de\/index.php\/husvet-6-vasarnapjatol-punkosdig\/#breadcrumb","itemListElement":[{"@type":"ListItem","position":1,"name":"Kezd\u0151lap","item":"https:\/\/stuttgarti-katolikusok.de\/"},{"@type":"ListItem","position":2,"name":"H\u00fasv\u00e9t 6. vas\u00e1rnapj\u00e1t\u00f3l P\u00fcnk\u00f6sdig"}]},{"@type":"WebSite","@id":"https:\/\/stuttgarti-katolikusok.de\/#website","url":"https:\/\/stuttgarti-katolikusok.de\/","name":"Stuttgarti Katolikusok","description":"","potentialAction":[{"@type":"SearchAction","target":{"@type":"EntryPoint","urlTemplate":"https:\/\/stuttgarti-katolikusok.de\/?s={search_term_string}"},"query-input":{"@type":"PropertyValueSpecification","valueRequired":true,"valueName":"search_term_string"}}],"inLanguage":"hu"},{"@type":"Person","@id":"https:\/\/stuttgarti-katolikusok.de\/#\/schema\/person\/75908d6f8fdc03a57889d27209df7795","name":"Tibor atya","image":{"@type":"ImageObject","inLanguage":"hu","@id":"https:\/\/secure.gravatar.com\/avatar\/61d268e57d1f4525b111222e29d2d5a7f8c420fdbf231ba5566a8ceac74fa960?s=96&d=mm&r=g","url":"https:\/\/secure.gravatar.com\/avatar\/61d268e57d1f4525b111222e29d2d5a7f8c420fdbf231ba5566a8ceac74fa960?s=96&d=mm&r=g","contentUrl":"https:\/\/secure.gravatar.com\/avatar\/61d268e57d1f4525b111222e29d2d5a7f8c420fdbf231ba5566a8ceac74fa960?s=96&d=mm&r=g","caption":"Tibor atya"},"url":"https:\/\/stuttgarti-katolikusok.de\/index.php\/author\/tibor-atya\/"}]}},"_links":{"self":[{"href":"https:\/\/stuttgarti-katolikusok.de\/index.php\/wp-json\/wp\/v2\/posts\/16957","targetHints":{"allow":["GET"]}}],"collection":[{"href":"https:\/\/stuttgarti-katolikusok.de\/index.php\/wp-json\/wp\/v2\/posts"}],"about":[{"href":"https:\/\/stuttgarti-katolikusok.de\/index.php\/wp-json\/wp\/v2\/types\/post"}],"author":[{"embeddable":true,"href":"https:\/\/stuttgarti-katolikusok.de\/index.php\/wp-json\/wp\/v2\/users\/3"}],"replies":[{"embeddable":true,"href":"https:\/\/stuttgarti-katolikusok.de\/index.php\/wp-json\/wp\/v2\/comments?post=16957"}],"version-history":[{"count":1,"href":"https:\/\/stuttgarti-katolikusok.de\/index.php\/wp-json\/wp\/v2\/posts\/16957\/revisions"}],"predecessor-version":[{"id":16959,"href":"https:\/\/stuttgarti-katolikusok.de\/index.php\/wp-json\/wp\/v2\/posts\/16957\/revisions\/16959"}],"wp:featuredmedia":[{"embeddable":true,"href":"https:\/\/stuttgarti-katolikusok.de\/index.php\/wp-json\/wp\/v2\/media\/16958"}],"wp:attachment":[{"href":"https:\/\/stuttgarti-katolikusok.de\/index.php\/wp-json\/wp\/v2\/media?parent=16957"}],"wp:term":[{"taxonomy":"category","embeddable":true,"href":"https:\/\/stuttgarti-katolikusok.de\/index.php\/wp-json\/wp\/v2\/categories?post=16957"},{"taxonomy":"post_tag","embeddable":true,"href":"https:\/\/stuttgarti-katolikusok.de\/index.php\/wp-json\/wp\/v2\/tags?post=16957"}],"curies":[{"name":"wp","href":"https:\/\/api.w.org\/{rel}","templated":true}]}}