{"id":16904,"date":"2019-05-20T14:18:57","date_gmt":"2019-05-20T14:18:57","guid":{"rendered":"https:\/\/gracious-dewdney.138-201-221-2.plesk.page\/?p=16904"},"modified":"2020-04-27T15:52:10","modified_gmt":"2020-04-27T15:52:10","slug":"programelozetes-majus-20-es-26-kozott","status":"publish","type":"post","link":"https:\/\/stuttgarti-katolikusok.de\/index.php\/programelozetes-majus-20-es-26-kozott\/","title":{"rendered":"Programel\u0151zetes m\u00e1jus 20 \u00e9s 26 k\u00f6z\u00f6tt"},"content":{"rendered":"<p><strong>Programel\u0151zetes<\/strong><\/p>\n<p><strong>M\u00e1jus 22-\u00e9n, <\/strong>szerd\u00e1n,<\/p>\n<p><strong>Stuttgartban <\/strong>10.15 \u00f3rakor <em>n\u00e9met nyelv\u0171 szentmise.<\/em><\/p>\n<p style=\"text-align: center;\">*<\/p>\n<p><strong>M\u00e1jus 23-\u00e1n, <\/strong>cs\u00fct\u00f6rt\u00f6k\u00f6n,<\/p>\n<p><strong>Ulmi d\u00e9lut\u00e1n,<\/strong> 18.30 \u00f3rakor <em>m\u00e1jusi \u00e1jtatoss\u00e1g<\/em>, ut\u00e1na <em>szentmise<\/em>.<\/p>\n<p style=\"text-align: center;\">*<\/p>\n<p><strong>M\u00e1jus 24-\u00e9n, <\/strong>p\u00e9nteken,<\/p>\n<p><strong>Stuttgartban<\/strong> 16.00 \u00f3rakor <em>Bar\u00e1ts\u00e1gklub.<\/em><\/p>\n<p>18.00 \u00f3rakor <em>m\u00e1jusi \u00e1jtatoss\u00e1g<\/em>. Majd <em>szentmise, <\/em>keret\u00e9ben <em>Besz\u00e9lget\u00e9sek a Katekizmusr\u00f3l. <\/em>19.00 \u00f3rakor <em>Sportklub.<\/em><\/p>\n<p><strong>Weingartenben, <\/strong>a 14 Nothelfer Kapelle-ben 18.30 \u00f3rakor<em> m\u00e1jusi \u00e1jtatoss\u00e1g, <\/em>ut\u00e1na <em>szentmise<\/em>.<\/p>\n<p style=\"text-align: center;\">*<\/p>\n<p><strong>M\u00e1jus 25-\u00e9n, <\/strong>szombaton,<\/p>\n<p><strong>Heidenheimban <\/strong>15.30 \u00f3rakor <em>szentmise, <\/em>majd<em> motorszentel\u00e9s. <\/em>Ut\u00e1na <em>\u00e1g\u00e1p\u00e9.<\/em><em>\u00a0\u00a0<\/em><\/p>\n<p><strong>Reutlingenben <\/strong>16.30 \u00f3rakor <em>szentmise. <\/em>Ut\u00e1na <em>\u00e1g\u00e1p\u00e9.<\/em><\/p>\n<p style=\"text-align: center;\">*<\/p>\n<p><strong>M\u00e1jus 26-\u00e1n, <\/strong>H\u00fasv\u00e9t 6. vas\u00e1rnapj\u00e1n,<\/p>\n<p><strong>Biberachban<\/strong> 8.45 \u00f3rakor <em>szentmise<\/em>, ut\u00e1na <em>\u00e1g\u00e1p\u00e9<\/em>.<\/p>\n<p><strong>B\u00f6blingenben <\/strong>9.30 \u00f3rakor <em>szentmise<\/em>, ut\u00e1na <em>\u00e1g\u00e1p\u00e9<\/em>.<\/p>\n<p><strong>Ulmban<\/strong> 12.00 \u00f3rakor <em>szentmise<\/em>.<\/p>\n<p><strong>Eislingenben<\/strong> 15.00 \u00f3rakor <em>szentmise<\/em>, ut\u00e1na <em>\u00e1g\u00e1p\u00e9<\/em>.<\/p>\n<p><strong>Heilbronnban <\/strong>15.30 \u00f3rakor <em>szentmise<\/em>, ut\u00e1na <em>\u00e1g\u00e1p\u00e9<\/em>.<\/p>\n<p>Minden helyen mindenkit szeretettel v\u00e1r a k\u00f6z\u00f6ss\u00e9g, Imre atya \u00e9s Tibor atya!<\/p>\n<p style=\"text-align: center;\"><em>\u00a0 \u00a0 \u00a0 \u00a0 \u00a0 \u00a0 \u00a0 \u00a0 \u00a0 \u00a0 *<\/em><\/p>\n<p><em>\u201e.Az igazs\u00e1g mindig \u00f6nmaga erej\u00e9b\u0151l gy\u0151z. A hazugs\u00e1gnak minden esetben sz\u00fcks\u00e9ge van legal\u00e1bb egy cinkosra.\u201d<\/em> <strong>(Epiktetosz \u2013 Kr.u. 51-138 \u2013 g\u00f6r\u00f6g filoz\u00f3fus)<\/strong><\/p>\n<p><strong><em>\u00a0<\/em><\/strong><strong><em>Kegyelemteljes h\u00fasv\u00e9t ut\u00e1ni napokat k\u00edv\u00e1nunk minden Kedves H\u00edv\u00fcnknek!<\/em><\/strong><\/p>\n<p><strong><em>\u00a0<\/em><\/strong><\/p>\n","protected":false},"excerpt":{"rendered":"<p>Programel\u0151zetes M\u00e1jus 22-\u00e9n, szerd\u00e1n, Stuttgartban 10.15 \u00f3rakor n\u00e9met nyelv\u0171 szentmise. * M\u00e1jus 23-\u00e1n, cs\u00fct\u00f6rt\u00f6k\u00f6n, Ulmi d\u00e9lut\u00e1n, 18.30 \u00f3rakor m\u00e1jusi \u00e1jtatoss\u00e1g, ut\u00e1na szentmise. * M\u00e1jus 24-\u00e9n, p\u00e9nteken, Stuttgartban 16.00 \u00f3rakor Bar\u00e1ts\u00e1gklub. 18.00 \u00f3rakor m\u00e1jusi \u00e1jtatoss\u00e1g. Majd szentmise, keret\u00e9ben Besz\u00e9lget\u00e9sek a Katekizmusr\u00f3l. 19.00 \u00f3rakor Sportklub. Weingartenben, a 14 Nothelfer Kapelle-ben 18.30 \u00f3rakor m\u00e1jusi \u00e1jtatoss\u00e1g, ut\u00e1na szentmise. * M\u00e1jus 25-\u00e9n, szombaton, Heidenheimban 15.30 \u00f3rakor szentmise, majd motorszentel\u00e9s. Ut\u00e1na \u00e1g\u00e1p\u00e9.\u00a0\u00a0 Reutlingenben 16.30 \u00f3rakor szentmise. Ut\u00e1na \u00e1g\u00e1p\u00e9. * M\u00e1jus 26-\u00e1n, H\u00fasv\u00e9t 6. vas\u00e1rnapj\u00e1n, Biberachban 8.45 \u00f3rakor szentmise, ut\u00e1na \u00e1g\u00e1p\u00e9. B\u00f6blingenben 9.30 \u00f3rakor szentmise, ut\u00e1na \u00e1g\u00e1p\u00e9. Ulmban 12.00 \u00f3rakor szentmise. Eislingenben 15.00 \u00f3rakor szentmise, ut\u00e1na \u00e1g\u00e1p\u00e9. Heilbronnban 15.30 \u00f3rakor szentmise, ut\u00e1na \u00e1g\u00e1p\u00e9. Minden helyen mindenkit szeretettel v\u00e1r a k\u00f6z\u00f6ss\u00e9g, Imre atya \u00e9s Tibor atya! \u00a0 \u00a0 \u00a0 \u00a0 \u00a0 \u00a0 \u00a0 \u00a0 \u00a0 \u00a0 * \u201e.Az igazs\u00e1g mindig \u00f6nmaga erej\u00e9b\u0151l gy\u0151z. A hazugs\u00e1gnak minden esetben sz\u00fcks\u00e9ge van legal\u00e1bb egy cinkosra.\u201d (Epiktetosz \u2013 Kr.u. 51-138 \u2013 g\u00f6r\u00f6g filoz\u00f3fus) \u00a0Kegyelemteljes h\u00fasv\u00e9t ut\u00e1ni napokat k\u00edv\u00e1nunk minden Kedves H\u00edv\u00fcnknek! \u00a0<\/p>\n","protected":false},"author":3,"featured_media":0,"comment_status":"closed","ping_status":"closed","sticky":false,"template":"","format":"standard","meta":{"footnotes":""},"categories":[37],"tags":[],"class_list":["post-16904","post","type-post","status-publish","format-standard","hentry","category-progamelozetes"],"yoast_head":"<!-- This site is optimized with the Yoast SEO plugin v27.3 - https:\/\/yoast.com\/product\/yoast-seo-wordpress\/ -->\n<title>Programel\u0151zetes m\u00e1jus 20 \u00e9s 26 k\u00f6z\u00f6tt - Stuttgarti Katolikusok<\/title>\n<meta name=\"robots\" content=\"index, follow, max-snippet:-1, max-image-preview:large, max-video-preview:-1\" \/>\n<link rel=\"canonical\" href=\"https:\/\/stuttgarti-katolikusok.de\/index.php\/programelozetes-majus-20-es-26-kozott\/\" \/>\n<meta property=\"og:locale\" content=\"hu_HU\" \/>\n<meta property=\"og:type\" content=\"article\" \/>\n<meta property=\"og:title\" content=\"Programel\u0151zetes m\u00e1jus 20 \u00e9s 26 k\u00f6z\u00f6tt - Stuttgarti Katolikusok\" \/>\n<meta property=\"og:description\" content=\"Programel\u0151zetes M\u00e1jus 22-\u00e9n, szerd\u00e1n, Stuttgartban 10.15 \u00f3rakor n\u00e9met nyelv\u0171 szentmise. * M\u00e1jus 23-\u00e1n, cs\u00fct\u00f6rt\u00f6k\u00f6n, Ulmi d\u00e9lut\u00e1n, 18.30 \u00f3rakor m\u00e1jusi \u00e1jtatoss\u00e1g, ut\u00e1na szentmise. * M\u00e1jus 24-\u00e9n, p\u00e9nteken, Stuttgartban 16.00 \u00f3rakor Bar\u00e1ts\u00e1gklub. 18.00 \u00f3rakor m\u00e1jusi \u00e1jtatoss\u00e1g. Majd szentmise, keret\u00e9ben Besz\u00e9lget\u00e9sek a Katekizmusr\u00f3l. 19.00 \u00f3rakor Sportklub. Weingartenben, a 14 Nothelfer Kapelle-ben 18.30 \u00f3rakor m\u00e1jusi \u00e1jtatoss\u00e1g, ut\u00e1na szentmise. * M\u00e1jus 25-\u00e9n, szombaton, Heidenheimban 15.30 \u00f3rakor szentmise, majd motorszentel\u00e9s. Ut\u00e1na \u00e1g\u00e1p\u00e9.\u00a0\u00a0 Reutlingenben 16.30 \u00f3rakor szentmise. Ut\u00e1na \u00e1g\u00e1p\u00e9. * M\u00e1jus 26-\u00e1n, H\u00fasv\u00e9t 6. vas\u00e1rnapj\u00e1n, Biberachban 8.45 \u00f3rakor szentmise, ut\u00e1na \u00e1g\u00e1p\u00e9. B\u00f6blingenben 9.30 \u00f3rakor szentmise, ut\u00e1na \u00e1g\u00e1p\u00e9. Ulmban 12.00 \u00f3rakor szentmise. Eislingenben 15.00 \u00f3rakor szentmise, ut\u00e1na \u00e1g\u00e1p\u00e9. Heilbronnban 15.30 \u00f3rakor szentmise, ut\u00e1na \u00e1g\u00e1p\u00e9. Minden helyen mindenkit szeretettel v\u00e1r a k\u00f6z\u00f6ss\u00e9g, Imre atya \u00e9s Tibor atya! \u00a0 \u00a0 \u00a0 \u00a0 \u00a0 \u00a0 \u00a0 \u00a0 \u00a0 \u00a0 * \u201e.Az igazs\u00e1g mindig \u00f6nmaga erej\u00e9b\u0151l gy\u0151z. A hazugs\u00e1gnak minden esetben sz\u00fcks\u00e9ge van legal\u00e1bb egy cinkosra.\u201d (Epiktetosz \u2013 Kr.u. 51-138 \u2013 g\u00f6r\u00f6g filoz\u00f3fus) \u00a0Kegyelemteljes h\u00fasv\u00e9t ut\u00e1ni napokat k\u00edv\u00e1nunk minden Kedves H\u00edv\u00fcnknek! \u00a0\" \/>\n<meta property=\"og:url\" content=\"https:\/\/stuttgarti-katolikusok.de\/index.php\/programelozetes-majus-20-es-26-kozott\/\" \/>\n<meta property=\"og:site_name\" content=\"Stuttgarti Katolikusok\" \/>\n<meta property=\"article:published_time\" content=\"2019-05-20T14:18:57+00:00\" \/>\n<meta property=\"article:modified_time\" content=\"2020-04-27T15:52:10+00:00\" \/>\n<meta name=\"author\" content=\"Tibor atya\" \/>\n<meta name=\"twitter:card\" content=\"summary_large_image\" \/>\n<meta name=\"twitter:label1\" content=\"Szerz\u0151:\" \/>\n\t<meta name=\"twitter:data1\" content=\"Tibor atya\" \/>\n\t<meta name=\"twitter:label2\" content=\"Becs\u00fclt olvas\u00e1si id\u0151\" \/>\n\t<meta name=\"twitter:data2\" content=\"1 perc\" \/>\n<script type=\"application\/ld+json\" class=\"yoast-schema-graph\">{\"@context\":\"https:\\\/\\\/schema.org\",\"@graph\":[{\"@type\":\"Article\",\"@id\":\"https:\\\/\\\/stuttgarti-katolikusok.de\\\/index.php\\\/programelozetes-majus-20-es-26-kozott\\\/#article\",\"isPartOf\":{\"@id\":\"https:\\\/\\\/stuttgarti-katolikusok.de\\\/index.php\\\/programelozetes-majus-20-es-26-kozott\\\/\"},\"author\":{\"name\":\"Tibor atya\",\"@id\":\"https:\\\/\\\/stuttgarti-katolikusok.de\\\/#\\\/schema\\\/person\\\/75908d6f8fdc03a57889d27209df7795\"},\"headline\":\"Programel\u0151zetes m\u00e1jus 20 \u00e9s 26 k\u00f6z\u00f6tt\",\"datePublished\":\"2019-05-20T14:18:57+00:00\",\"dateModified\":\"2020-04-27T15:52:10+00:00\",\"mainEntityOfPage\":{\"@id\":\"https:\\\/\\\/stuttgarti-katolikusok.de\\\/index.php\\\/programelozetes-majus-20-es-26-kozott\\\/\"},\"wordCount\":210,\"articleSection\":[\"Progamel\u0151zetes\"],\"inLanguage\":\"hu\"},{\"@type\":\"WebPage\",\"@id\":\"https:\\\/\\\/stuttgarti-katolikusok.de\\\/index.php\\\/programelozetes-majus-20-es-26-kozott\\\/\",\"url\":\"https:\\\/\\\/stuttgarti-katolikusok.de\\\/index.php\\\/programelozetes-majus-20-es-26-kozott\\\/\",\"name\":\"Programel\u0151zetes m\u00e1jus 20 \u00e9s 26 k\u00f6z\u00f6tt - Stuttgarti Katolikusok\",\"isPartOf\":{\"@id\":\"https:\\\/\\\/stuttgarti-katolikusok.de\\\/#website\"},\"datePublished\":\"2019-05-20T14:18:57+00:00\",\"dateModified\":\"2020-04-27T15:52:10+00:00\",\"author\":{\"@id\":\"https:\\\/\\\/stuttgarti-katolikusok.de\\\/#\\\/schema\\\/person\\\/75908d6f8fdc03a57889d27209df7795\"},\"breadcrumb\":{\"@id\":\"https:\\\/\\\/stuttgarti-katolikusok.de\\\/index.php\\\/programelozetes-majus-20-es-26-kozott\\\/#breadcrumb\"},\"inLanguage\":\"hu\",\"potentialAction\":[{\"@type\":\"ReadAction\",\"target\":[\"https:\\\/\\\/stuttgarti-katolikusok.de\\\/index.php\\\/programelozetes-majus-20-es-26-kozott\\\/\"]}]},{\"@type\":\"BreadcrumbList\",\"@id\":\"https:\\\/\\\/stuttgarti-katolikusok.de\\\/index.php\\\/programelozetes-majus-20-es-26-kozott\\\/#breadcrumb\",\"itemListElement\":[{\"@type\":\"ListItem\",\"position\":1,\"name\":\"Kezd\u0151lap\",\"item\":\"https:\\\/\\\/stuttgarti-katolikusok.de\\\/\"},{\"@type\":\"ListItem\",\"position\":2,\"name\":\"Programel\u0151zetes m\u00e1jus 20 \u00e9s 26 k\u00f6z\u00f6tt\"}]},{\"@type\":\"WebSite\",\"@id\":\"https:\\\/\\\/stuttgarti-katolikusok.de\\\/#website\",\"url\":\"https:\\\/\\\/stuttgarti-katolikusok.de\\\/\",\"name\":\"Stuttgarti Katolikusok\",\"description\":\"\",\"potentialAction\":[{\"@type\":\"SearchAction\",\"target\":{\"@type\":\"EntryPoint\",\"urlTemplate\":\"https:\\\/\\\/stuttgarti-katolikusok.de\\\/?s={search_term_string}\"},\"query-input\":{\"@type\":\"PropertyValueSpecification\",\"valueRequired\":true,\"valueName\":\"search_term_string\"}}],\"inLanguage\":\"hu\"},{\"@type\":\"Person\",\"@id\":\"https:\\\/\\\/stuttgarti-katolikusok.de\\\/#\\\/schema\\\/person\\\/75908d6f8fdc03a57889d27209df7795\",\"name\":\"Tibor atya\",\"image\":{\"@type\":\"ImageObject\",\"inLanguage\":\"hu\",\"@id\":\"https:\\\/\\\/secure.gravatar.com\\\/avatar\\\/61d268e57d1f4525b111222e29d2d5a7f8c420fdbf231ba5566a8ceac74fa960?s=96&d=mm&r=g\",\"url\":\"https:\\\/\\\/secure.gravatar.com\\\/avatar\\\/61d268e57d1f4525b111222e29d2d5a7f8c420fdbf231ba5566a8ceac74fa960?s=96&d=mm&r=g\",\"contentUrl\":\"https:\\\/\\\/secure.gravatar.com\\\/avatar\\\/61d268e57d1f4525b111222e29d2d5a7f8c420fdbf231ba5566a8ceac74fa960?s=96&d=mm&r=g\",\"caption\":\"Tibor atya\"},\"url\":\"https:\\\/\\\/stuttgarti-katolikusok.de\\\/index.php\\\/author\\\/tibor-atya\\\/\"}]}<\/script>\n<!-- \/ Yoast SEO plugin. -->","yoast_head_json":{"title":"Programel\u0151zetes m\u00e1jus 20 \u00e9s 26 k\u00f6z\u00f6tt - Stuttgarti Katolikusok","robots":{"index":"index","follow":"follow","max-snippet":"max-snippet:-1","max-image-preview":"max-image-preview:large","max-video-preview":"max-video-preview:-1"},"canonical":"https:\/\/stuttgarti-katolikusok.de\/index.php\/programelozetes-majus-20-es-26-kozott\/","og_locale":"hu_HU","og_type":"article","og_title":"Programel\u0151zetes m\u00e1jus 20 \u00e9s 26 k\u00f6z\u00f6tt - Stuttgarti Katolikusok","og_description":"Programel\u0151zetes M\u00e1jus 22-\u00e9n, szerd\u00e1n, Stuttgartban 10.15 \u00f3rakor n\u00e9met nyelv\u0171 szentmise. * M\u00e1jus 23-\u00e1n, cs\u00fct\u00f6rt\u00f6k\u00f6n, Ulmi d\u00e9lut\u00e1n, 18.30 \u00f3rakor m\u00e1jusi \u00e1jtatoss\u00e1g, ut\u00e1na szentmise. * M\u00e1jus 24-\u00e9n, p\u00e9nteken, Stuttgartban 16.00 \u00f3rakor Bar\u00e1ts\u00e1gklub. 18.00 \u00f3rakor m\u00e1jusi \u00e1jtatoss\u00e1g. Majd szentmise, keret\u00e9ben Besz\u00e9lget\u00e9sek a Katekizmusr\u00f3l. 19.00 \u00f3rakor Sportklub. Weingartenben, a 14 Nothelfer Kapelle-ben 18.30 \u00f3rakor m\u00e1jusi \u00e1jtatoss\u00e1g, ut\u00e1na szentmise. * M\u00e1jus 25-\u00e9n, szombaton, Heidenheimban 15.30 \u00f3rakor szentmise, majd motorszentel\u00e9s. Ut\u00e1na \u00e1g\u00e1p\u00e9.\u00a0\u00a0 Reutlingenben 16.30 \u00f3rakor szentmise. Ut\u00e1na \u00e1g\u00e1p\u00e9. * M\u00e1jus 26-\u00e1n, H\u00fasv\u00e9t 6. vas\u00e1rnapj\u00e1n, Biberachban 8.45 \u00f3rakor szentmise, ut\u00e1na \u00e1g\u00e1p\u00e9. B\u00f6blingenben 9.30 \u00f3rakor szentmise, ut\u00e1na \u00e1g\u00e1p\u00e9. Ulmban 12.00 \u00f3rakor szentmise. Eislingenben 15.00 \u00f3rakor szentmise, ut\u00e1na \u00e1g\u00e1p\u00e9. Heilbronnban 15.30 \u00f3rakor szentmise, ut\u00e1na \u00e1g\u00e1p\u00e9. Minden helyen mindenkit szeretettel v\u00e1r a k\u00f6z\u00f6ss\u00e9g, Imre atya \u00e9s Tibor atya! \u00a0 \u00a0 \u00a0 \u00a0 \u00a0 \u00a0 \u00a0 \u00a0 \u00a0 \u00a0 * \u201e.Az igazs\u00e1g mindig \u00f6nmaga erej\u00e9b\u0151l gy\u0151z. A hazugs\u00e1gnak minden esetben sz\u00fcks\u00e9ge van legal\u00e1bb egy cinkosra.\u201d (Epiktetosz \u2013 Kr.u. 51-138 \u2013 g\u00f6r\u00f6g filoz\u00f3fus) \u00a0Kegyelemteljes h\u00fasv\u00e9t ut\u00e1ni napokat k\u00edv\u00e1nunk minden Kedves H\u00edv\u00fcnknek! \u00a0","og_url":"https:\/\/stuttgarti-katolikusok.de\/index.php\/programelozetes-majus-20-es-26-kozott\/","og_site_name":"Stuttgarti Katolikusok","article_published_time":"2019-05-20T14:18:57+00:00","article_modified_time":"2020-04-27T15:52:10+00:00","author":"Tibor atya","twitter_card":"summary_large_image","twitter_misc":{"Szerz\u0151:":"Tibor atya","Becs\u00fclt olvas\u00e1si id\u0151":"1 perc"},"schema":{"@context":"https:\/\/schema.org","@graph":[{"@type":"Article","@id":"https:\/\/stuttgarti-katolikusok.de\/index.php\/programelozetes-majus-20-es-26-kozott\/#article","isPartOf":{"@id":"https:\/\/stuttgarti-katolikusok.de\/index.php\/programelozetes-majus-20-es-26-kozott\/"},"author":{"name":"Tibor atya","@id":"https:\/\/stuttgarti-katolikusok.de\/#\/schema\/person\/75908d6f8fdc03a57889d27209df7795"},"headline":"Programel\u0151zetes m\u00e1jus 20 \u00e9s 26 k\u00f6z\u00f6tt","datePublished":"2019-05-20T14:18:57+00:00","dateModified":"2020-04-27T15:52:10+00:00","mainEntityOfPage":{"@id":"https:\/\/stuttgarti-katolikusok.de\/index.php\/programelozetes-majus-20-es-26-kozott\/"},"wordCount":210,"articleSection":["Progamel\u0151zetes"],"inLanguage":"hu"},{"@type":"WebPage","@id":"https:\/\/stuttgarti-katolikusok.de\/index.php\/programelozetes-majus-20-es-26-kozott\/","url":"https:\/\/stuttgarti-katolikusok.de\/index.php\/programelozetes-majus-20-es-26-kozott\/","name":"Programel\u0151zetes m\u00e1jus 20 \u00e9s 26 k\u00f6z\u00f6tt - Stuttgarti Katolikusok","isPartOf":{"@id":"https:\/\/stuttgarti-katolikusok.de\/#website"},"datePublished":"2019-05-20T14:18:57+00:00","dateModified":"2020-04-27T15:52:10+00:00","author":{"@id":"https:\/\/stuttgarti-katolikusok.de\/#\/schema\/person\/75908d6f8fdc03a57889d27209df7795"},"breadcrumb":{"@id":"https:\/\/stuttgarti-katolikusok.de\/index.php\/programelozetes-majus-20-es-26-kozott\/#breadcrumb"},"inLanguage":"hu","potentialAction":[{"@type":"ReadAction","target":["https:\/\/stuttgarti-katolikusok.de\/index.php\/programelozetes-majus-20-es-26-kozott\/"]}]},{"@type":"BreadcrumbList","@id":"https:\/\/stuttgarti-katolikusok.de\/index.php\/programelozetes-majus-20-es-26-kozott\/#breadcrumb","itemListElement":[{"@type":"ListItem","position":1,"name":"Kezd\u0151lap","item":"https:\/\/stuttgarti-katolikusok.de\/"},{"@type":"ListItem","position":2,"name":"Programel\u0151zetes m\u00e1jus 20 \u00e9s 26 k\u00f6z\u00f6tt"}]},{"@type":"WebSite","@id":"https:\/\/stuttgarti-katolikusok.de\/#website","url":"https:\/\/stuttgarti-katolikusok.de\/","name":"Stuttgarti Katolikusok","description":"","potentialAction":[{"@type":"SearchAction","target":{"@type":"EntryPoint","urlTemplate":"https:\/\/stuttgarti-katolikusok.de\/?s={search_term_string}"},"query-input":{"@type":"PropertyValueSpecification","valueRequired":true,"valueName":"search_term_string"}}],"inLanguage":"hu"},{"@type":"Person","@id":"https:\/\/stuttgarti-katolikusok.de\/#\/schema\/person\/75908d6f8fdc03a57889d27209df7795","name":"Tibor atya","image":{"@type":"ImageObject","inLanguage":"hu","@id":"https:\/\/secure.gravatar.com\/avatar\/61d268e57d1f4525b111222e29d2d5a7f8c420fdbf231ba5566a8ceac74fa960?s=96&d=mm&r=g","url":"https:\/\/secure.gravatar.com\/avatar\/61d268e57d1f4525b111222e29d2d5a7f8c420fdbf231ba5566a8ceac74fa960?s=96&d=mm&r=g","contentUrl":"https:\/\/secure.gravatar.com\/avatar\/61d268e57d1f4525b111222e29d2d5a7f8c420fdbf231ba5566a8ceac74fa960?s=96&d=mm&r=g","caption":"Tibor atya"},"url":"https:\/\/stuttgarti-katolikusok.de\/index.php\/author\/tibor-atya\/"}]}},"_links":{"self":[{"href":"https:\/\/stuttgarti-katolikusok.de\/index.php\/wp-json\/wp\/v2\/posts\/16904","targetHints":{"allow":["GET"]}}],"collection":[{"href":"https:\/\/stuttgarti-katolikusok.de\/index.php\/wp-json\/wp\/v2\/posts"}],"about":[{"href":"https:\/\/stuttgarti-katolikusok.de\/index.php\/wp-json\/wp\/v2\/types\/post"}],"author":[{"embeddable":true,"href":"https:\/\/stuttgarti-katolikusok.de\/index.php\/wp-json\/wp\/v2\/users\/3"}],"replies":[{"embeddable":true,"href":"https:\/\/stuttgarti-katolikusok.de\/index.php\/wp-json\/wp\/v2\/comments?post=16904"}],"version-history":[{"count":4,"href":"https:\/\/stuttgarti-katolikusok.de\/index.php\/wp-json\/wp\/v2\/posts\/16904\/revisions"}],"predecessor-version":[{"id":16930,"href":"https:\/\/stuttgarti-katolikusok.de\/index.php\/wp-json\/wp\/v2\/posts\/16904\/revisions\/16930"}],"wp:attachment":[{"href":"https:\/\/stuttgarti-katolikusok.de\/index.php\/wp-json\/wp\/v2\/media?parent=16904"}],"wp:term":[{"taxonomy":"category","embeddable":true,"href":"https:\/\/stuttgarti-katolikusok.de\/index.php\/wp-json\/wp\/v2\/categories?post=16904"},{"taxonomy":"post_tag","embeddable":true,"href":"https:\/\/stuttgarti-katolikusok.de\/index.php\/wp-json\/wp\/v2\/tags?post=16904"}],"curies":[{"name":"wp","href":"https:\/\/api.w.org\/{rel}","templated":true}]}}