{"id":16874,"date":"2019-05-14T04:37:59","date_gmt":"2019-05-14T04:37:59","guid":{"rendered":"https:\/\/gracious-dewdney.138-201-221-2.plesk.page\/?p=16874"},"modified":"2019-05-14T04:37:59","modified_gmt":"2019-05-14T04:37:59","slug":"a-stuttgarti-magyar-katolikus-misszio-alapitasa","status":"publish","type":"post","link":"https:\/\/stuttgarti-katolikusok.de\/index.php\/a-stuttgarti-magyar-katolikus-misszio-alapitasa\/","title":{"rendered":"A Stuttgarti Magyar Katolikus Misszi\u00f3 alap\u00edt\u00e1sa"},"content":{"rendered":"<p><strong>A Stuttgarti Magyar Katolikus Misszi\u00f3 megalakul\u00e1sa<\/strong><\/p>\n<ol>\n<li><strong> D\u2019Andr\u00e9 K\u00e1roly OFMConv.<\/strong><\/li>\n<\/ol>\n<p><strong>(1947)<\/strong><\/p>\n<p>M\u00edg 1945 v\u00e9g\u00e9n, 1946 elej\u00e9n egy nyugatr\u00f3l val\u00f3 hazatelep\u00fcl\u00e9si hull\u00e1mnak lehett\u00fcnk tan\u00fai, \u00e9s akiknek nem volt mit f\u00e9lteni\u00fck az \u00faj <em>\u201eurakt\u00f3l\u201d,<\/em> hazamentek, 1946 v\u00e9g\u00e9n megindult egy ellent\u00e9tes hull\u00e1m: Magyarorsz\u00e1gr\u00f3l az egyre n\u00f6veked\u0151 politikai nyom\u00e1s illetve bolsevista terror el\u0151l mind t\u00f6bben kerestek maguknak nyugaton \u00faj haz\u00e1t. Ekkorra m\u00e1r k\u00f6rvonalaz\u00f3dni l\u00e1tszottak azok az esem\u00e9nyek, amelyeknek sz\u00e1lait \u2013 R\u00e1kosi M\u00e1ty\u00e1s vezet\u00e9s\u00e9vel \u2013 a kommunist\u00e1k sz\u0151tt\u00e9k, hogy g\u00e1tl\u00e1stalanul \u00e9s embertelen\u00fcl \u00e1tvehess\u00e9k az orsz\u00e1g ir\u00e1ny\u00edt\u00e1s\u00e1t. Ez a t\u00f6rekv\u00e9s r\u00f6pke egy \u00e9v ut\u00e1n a legk\u00fcl\u00f6nb\u00f6z\u0151bb \u00f6sszeesk\u00fcv\u00e9si mozgalmak \u201eleleplez\u00e9s\u00e9ben\u201d, k\u00e9mked\u00e9sek \u201ef\u00f6lder\u00edt\u00e9s\u00e9ben\u201d, a demokratikus magyarok tev\u00e9kenys\u00e9g\u00e9nek \u201eelg\u00e1ncsol\u00e1s\u00e1ban\u201d, a Kisgazda P\u00e1rt felsz\u00e1mol\u00e1s\u00e1ban, \u00e9s a Mindszenty-, Gr\u0151sz, Ordas perekben cs\u00facsosodott ki, \u00e9s vont maga ut\u00e1n vall\u00e1s- \u00e9s egyh\u00e1z\u00fcld\u00f6z\u00e9st.<\/p>\n<p>Sajnos, ma m\u00e1r nem tudjuk meg\u00e1llap\u00edtani, hogy ezekben az \u00e9vekben egyesek szerint h\u00e1ny ezer, m\u00e1sok szerint h\u00e1ny t\u00edzezer (!) ember hagyta el Magyarorsz\u00e1got. K\u00f6z\u00f6tt\u00fck volt az akkori minisztereln\u00f6k, Nagy Ferenc (1903-1979), sz\u00e1mos vezet\u0151 politikussal, k\u00e9pvisel\u0151vel, nagyk\u00f6vettel, de nagy volt az egyetemi tan\u00e1rok \u2013 \u00e9s \u00e1ltal\u00e1ban a fiatalok \u2013 sz\u00e1ma. Egysz\u00f3val a magyar t\u00e1rsadalom minden r\u00e9teg\u00e9b\u0151l voltak olyan menek\u00fcltek, akiknek az otthoni, antidemokratikus t\u00e1rsadalmi \u00e1talakul\u00e1sok nem tetszettek, s\u0151t \u2013 mivel m\u00e1s volt a v\u00e9lem\u00e9ny\u00fck, \u00e9s a kommunist\u00e1k nem t\u0171rtek m\u00e1s v\u00e9lem\u00e9nyt \u2013 szabads\u00e1gukat \u00e9s \u00e9let\u00fcket kellett f\u00e9lteni\u00fck.<\/p>\n<p>Mivel ez az egy\u00e9ni menek\u00fcl\u00e9s t\u00f6bb \u00e9ven \u00e1t folyt, ez\u00e9rt ezt k\u00e9s\u0151bb nem <em>\u201ehull\u00e1m\u201d-<\/em>k\u00e9nt tartott\u00e1k sz\u00e1mon. Ezek a menek\u00fcl\u0151k, akik m\u00e1r Nyugat-Eur\u00f3pa csaknem minden orsz\u00e1g\u00e1ba eljutottak, tov\u00e1bb szapor\u00edtott\u00e1k az emigr\u00e1ci\u00f3 tagjainak: els\u0151sorban tud\u00f3sainak, m\u0171v\u00e9szeinek, lelk\u00e9szeinek, \u00edr\u00f3inak, szerkeszt\u0151inek, sportol\u00f3inak a sz\u00e1m\u00e1t.<\/p>\n<p>Az 1947-es menek\u00fcltek \u2013 mivel nem j\u00f6ttek csoportosan \u2013 nem t\u00f6m\u00f6r\u00fcltek egy helyre, hanem sz\u00e9tsz\u00f3r\u00f3dtak Nyugat-Eur\u00f3pa szinte valamennyi \u00e1llam\u00e1ba, de nagyon sokan mentek egyenesen az Egyes\u00fclt \u00c1llamokba. Eur\u00f3pai <em>\u201ek\u00f6zpontjuk\u201d<\/em> a politikai \u00e9s szervezked\u00e9si szabads\u00e1gukat meghagy\u00f3 Franciaorsz\u00e1g, <em>\u201ef\u0151v\u00e1rosuk\u201d<\/em> pedig P\u00e1rizs lett.<\/p>\n<p>Nagy r\u00e9sz\u00fck ism\u00e9t nem tartotta a jelenlegi helyzetet v\u00e9glegesnek, mert abban rem\u00e9nykedett, hogy a Nyugat hamarosan beavatkozik, \u00e9s a Szovjetuni\u00f3 karmaib\u00f3l \u2013 a t\u00f6bbi elfoglalt szomsz\u00e9dos orsz\u00e1ggal egy\u00fctt \u2013 Magyarorsz\u00e1got is kimenti, \u00e9s \u0151k hazat\u00e9rhetnek egy \u00faj t\u00e1rsadalmi rendet fel\u00e9p\u00edteni.<\/p>\n<p>A n\u00e9metorsz\u00e1gi magyar katolikusok lelkip\u00e1sztori helyzete azonban nem t\u0171rt halaszt\u00e1st. A magyars\u00e1g itteni vezet\u0151inek l\u00e9pni\u00fck kellett. \u00c9s l\u00e9ptek is.<\/p>\n<ol start=\"1947\">\n<li>\u00e1prilis 12-\u00e9n a Magyar Karit\u00e1sz (M\u00fcnchen, Prinzregentenplatz 14) akkori vezet\u0151je, Rozs\u00e1ly Ferenc piarista atya k\u00f6z\u00f6lte a Rottenburgi Egyh\u00e1zmegye f\u0151p\u00e1sztor\u00e1val, Johann Baptist Sproll (1870-1949) p\u00fcsp\u00f6kkel, hogy a Vatik\u00e1ni Misszi\u00f3 Magyar Delegat\u00far\u00e1ja, K\u00f3tai Zolt\u00e1n f\u0151lelk\u00e9sz vezet\u00e9s\u00e9vel, szeretn\u00e9, ha a Magyar Carit\u00e1sz minden magyarra kiterjeszthetn\u00e9 szolg\u00e1lat\u00e1t, aki N\u00e9metorsz\u00e1g ter\u00fclet\u00e9n \u00e9l.<\/li>\n<\/ol>\n<p>Mivel a <em>\u201eN\u00e9met Karit\u00e1sz Sz\u00f6vets\u00e9g\u201d (Deutsche Caritasverband) <\/em>vezet\u0151je h\u00e1l\u00e1s sz\u00edvvel karolta fel az \u00f6tletet, \u00e9s a vele val\u00f3 megbesz\u00e9l\u00e9s alkalm\u00e1val azt hat\u00e1rozt\u00e1k el, hogy minden n\u00e9met\u00a0 egyh\u00e1zmegy\u00e9ben legyen egy magyar pap, aki az ott \u00e9l\u0151 magyarok karitat\u00edv \u00e9s lelki ell\u00e1t\u00e1s\u00e1\u00e9rt felelne, \u0151k \u2013 a f\u0151lelk\u00e9sz \u00e9s Rozs\u00e1ly atya \u2013 \u00fagy gondolt\u00e1k, hogy a Rottenburgi Egyh\u00e1zmegye ter\u00fclet\u00e9n erre a feladatra P. Karl D\u2019Andr\u00e8 atya lenne a legalkalmasabb. Ez\u00e9rt arra k\u00e9rt\u00e9k a p\u00fcsp\u00f6k\u00f6t, hogy nevezze ki D\u2019Andr\u00e8 aty\u00e1t a Rottenburgi Egyh\u00e1zmegye Magyar Karit\u00e1sz\u00e1nak a vezet\u0151j\u00e9v\u00e9.<\/p>\n<p>A v\u00e1lasz nem sok\u00e1ig k\u00e9sett. 1947. m\u00e1jus 13-\u00e1n Sproll p\u00fcsp\u00f6k azt k\u00f6z\u00f6lte az egyh\u00e1zmegye akkori Karit\u00e1sz-igazgat\u00f3j\u00e1val, Msgr. Baumg\u00e4rtnerrel, hogy fogadj\u00e1k <em>\u201ej\u00f3s\u00e1gosan\u201d<\/em> a Magyar Karit\u00e1sz itteni k\u00e9pvisel\u0151j\u00e9t, P. D\u2019Andr\u00e8 K\u00e1rolyt, \u00e9s a mindenben seg\u00edtsenek neki a lehet\u0151s\u00e9gek szerint.<\/p>\n<p><em>Ez\u00e9rt 1947. m\u00e1jus 13-a a Stuttgarti Magyar Katolikus Misszi\u00f3 sz\u00fclet\u00e9s\u00e9nek a napja, <\/em>m\u00e9g akkor is, ha K\u00e1roly atya a gyakorlatban csak 1947 szeptember\u00e9t\u0151l kezdte meg a St. Maria pl\u00e9b\u00e1ni\u00e1n a magyarok lelkip\u00e1sztori gondoz\u00e1s\u00e1t.<\/p>\n<p>Ki volt \u0151 val\u00f3j\u00e1ban?<\/p>\n<p>D\u2019Andr\u00e8 K\u00e1roly 1878. j\u00falius 22-\u00e9n sz\u00fcletett Erd\u00e9lyben, a Maros megyei Marosilly\u00e9n. Mint a minorita rend tagj\u00e1t szentelt\u00e9k papp\u00e1 R\u00f3m\u00e1ban 1902. m\u00e1rcius 29-\u00e9n. Innen \u00e9letrajzi adataib\u00f3l (egyel\u0151re) hi\u00e1nyoznak az \u00e9vsz\u00e1mok. Nekrol\u00f3gja szerint Budapesten, Pancsov\u00e1n, Aradon majd Bukarestben m\u0171k\u00f6d\u00f6tt a sz\u00f3rv\u00e1nyban \u00e9l\u0151 magyarok k\u00f6z\u00f6tt. Hogy mett\u0151l-meddig, a szerz\u0151 nem \u00edrja. Ami bizonyos: 1929. szeptember 20-\u00e1n a bukaresti f\u0151egyh\u00e1zmegye papja lett. 1943. j\u00falius 20-\u00e1n Magyarorsz\u00e1gra j\u00f6tt. El\u0151bb a kalocsai majd a veszpr\u00e9mi egyh\u00e1zmegy\u00e9kben szolg\u00e1lt. 1945 m\u00e1rcius\u00e1nak v\u00e9g\u00e9n azt\u00e1n a front el\u0151l Ausztri\u00e1ba menek\u00fclt. Egy ideig a b\u00e9csi \u00e9s a steyeri egyh\u00e1zmegy\u00e9k ter\u00fclet\u00e9n dolgozott, v\u00e9g\u00fcl 1945 okt\u00f3bere v\u00e9g\u00e9n N\u00e9metorsz\u00e1gba j\u00f6tt, \u00e9s egy ideig a passzaui egyh\u00e1zmegye ter\u00fclet\u00e9n v\u00e1llalt szolg\u00e1latot, majd 1946. j\u00falius 8-t\u00f3l Stuttgartban tal\u00e1ljuk. Ett\u0151l a d\u00e1tumt\u00f3l kezdve eg\u00e9szen hal\u00e1l\u00e1ig a n\u00e9met pasztor\u00e1ci\u00f3ban m\u0171k\u00f6d\u00f6tt, ugyanakkor \u2013 olykor-olykor \u2013 a stuttgarti \u00e9s az obert\u00fcrkheimi magyarok lelkigondoz\u00e1s\u00e1t is ell\u00e1tta. Tudni r\u00f3la, hogy Stuttgartban lakott a Heusteig Str. 49. sz\u00e1m alatt.<\/p>\n<ol start=\"1947\">\n<li>m\u00e1jus 13-i kinevez\u00e9se ut\u00e1n m\u00e1r nemcsak a stuttgarti \u00e9s az obert\u00fcrkheimi magyarokra volt rendszeresen gondja, hanem nagyobb \u00fcnnepek el\u0151tt rendszeresen ment olyan \u2013 Stuttgart k\u00f6rny\u00e9ki \u2013 helyekre is, ahol <em>\u201emagyarorsz\u00e1gi n\u00e9metek\u201d<\/em> laktak, hogy k\u00f6z\u00fcl\u00fck azok, akik nem besz\u00e9lt\u00e9k a n\u00e9metet, gy\u00f3n\u00e1si k\u00f6teless\u00e9g\u00fcknek eleget tudjanak tenni.<\/li>\n<\/ol>\n<p>K\u00e1roly atya, \u00edrja r\u00f3la k\u00e9s\u0151bb nekrol\u00f3gja, a magyar menek\u00fcltek f\u00e1radhatatlan, buzg\u00f3 apostola volt \u2013 magas kora ellen\u00e9re is. Ajtaja \u00e9s sz\u00edve mindig t\u00e1rva volt h\u00edvei el\u0151tt.<\/p>\n<p>Azonban b\u00e1rmennyire is sokat k\u00f6sz\u00f6nhet a stuttgarti magyars\u00e1g D\u2019Andr\u00e8 aty\u00e1nak (m\u0171k\u00f6d\u00e9s\u00e9r\u0151l k\u00e9s\u0151bb m\u00e9g b\u0151vebben is sz\u00f3t ejtek), t\u00e9ny az, hogy nem \u0151 volt az els\u0151 magyar lelk\u00e9sz az Rottenburgi Egyh\u00e1zmegye ter\u00fclet\u00e9n.<\/p>\n<p>Hogy kik voltak ezek, arr\u00f3l a k\u00f6vetkez\u0151 fejezetben olvashatunk.<\/p>\n<p><em>(R\u00e9szlet az Egyh\u00e1zk\u00f6zs\u00e9g t\u00f6rt\u00e9net\u00e9r\u0151l sz\u00f3l\u00f3 k\u00f6nyvemb\u0151l)<\/em><\/p>\n","protected":false},"excerpt":{"rendered":"<p>A Stuttgarti Magyar Katolikus Misszi\u00f3 megalakul\u00e1sa D\u2019Andr\u00e9 K\u00e1roly OFMConv. (1947) M\u00edg 1945 v\u00e9g\u00e9n, 1946 elej\u00e9n egy nyugatr\u00f3l val\u00f3 hazatelep\u00fcl\u00e9si hull\u00e1mnak lehett\u00fcnk tan\u00fai, \u00e9s akiknek nem volt mit f\u00e9lteni\u00fck az \u00faj \u201eurakt\u00f3l\u201d, hazamentek, 1946 v\u00e9g\u00e9n megindult egy ellent\u00e9tes hull\u00e1m: Magyarorsz\u00e1gr\u00f3l az egyre n\u00f6veked\u0151 politikai nyom\u00e1s illetve bolsevista terror el\u0151l mind t\u00f6bben kerestek maguknak nyugaton \u00faj haz\u00e1t. Ekkorra m\u00e1r k\u00f6rvonalaz\u00f3dni l\u00e1tszottak azok az esem\u00e9nyek, amelyeknek sz\u00e1lait \u2013 R\u00e1kosi M\u00e1ty\u00e1s vezet\u00e9s\u00e9vel \u2013 a kommunist\u00e1k sz\u0151tt\u00e9k, hogy g\u00e1tl\u00e1stalanul \u00e9s embertelen\u00fcl \u00e1tvehess\u00e9k az orsz\u00e1g ir\u00e1ny\u00edt\u00e1s\u00e1t. Ez a t\u00f6rekv\u00e9s r\u00f6pke egy \u00e9v ut\u00e1n a legk\u00fcl\u00f6nb\u00f6z\u0151bb \u00f6sszeesk\u00fcv\u00e9si mozgalmak \u201eleleplez\u00e9s\u00e9ben\u201d, k\u00e9mked\u00e9sek \u201ef\u00f6lder\u00edt\u00e9s\u00e9ben\u201d, a demokratikus magyarok tev\u00e9kenys\u00e9g\u00e9nek \u201eelg\u00e1ncsol\u00e1s\u00e1ban\u201d, a Kisgazda P\u00e1rt felsz\u00e1mol\u00e1s\u00e1ban, \u00e9s a Mindszenty-, Gr\u0151sz, Ordas perekben cs\u00facsosodott ki, \u00e9s vont maga ut\u00e1n vall\u00e1s- \u00e9s egyh\u00e1z\u00fcld\u00f6z\u00e9st. Sajnos, ma m\u00e1r nem tudjuk meg\u00e1llap\u00edtani, hogy ezekben az \u00e9vekben egyesek szerint h\u00e1ny ezer, m\u00e1sok szerint h\u00e1ny t\u00edzezer (!) ember hagyta el Magyarorsz\u00e1got. K\u00f6z\u00f6tt\u00fck volt az akkori minisztereln\u00f6k, Nagy Ferenc (1903-1979), sz\u00e1mos vezet\u0151 politikussal, k\u00e9pvisel\u0151vel, nagyk\u00f6vettel, de nagy volt az egyetemi tan\u00e1rok \u2013 \u00e9s \u00e1ltal\u00e1ban a fiatalok \u2013 sz\u00e1ma. Egysz\u00f3val a magyar t\u00e1rsadalom minden r\u00e9teg\u00e9b\u0151l voltak olyan menek\u00fcltek, akiknek az otthoni, antidemokratikus t\u00e1rsadalmi \u00e1talakul\u00e1sok nem tetszettek, s\u0151t \u2013 mivel m\u00e1s volt a v\u00e9lem\u00e9ny\u00fck, \u00e9s a kommunist\u00e1k nem t\u0171rtek m\u00e1s v\u00e9lem\u00e9nyt \u2013 szabads\u00e1gukat \u00e9s \u00e9let\u00fcket kellett f\u00e9lteni\u00fck. Mivel ez az egy\u00e9ni menek\u00fcl\u00e9s t\u00f6bb \u00e9ven \u00e1t folyt, ez\u00e9rt ezt k\u00e9s\u0151bb nem \u201ehull\u00e1m\u201d-k\u00e9nt tartott\u00e1k sz\u00e1mon. Ezek a menek\u00fcl\u0151k, akik m\u00e1r Nyugat-Eur\u00f3pa csaknem minden orsz\u00e1g\u00e1ba eljutottak, tov\u00e1bb szapor\u00edtott\u00e1k az emigr\u00e1ci\u00f3 tagjainak: els\u0151sorban tud\u00f3sainak, m\u0171v\u00e9szeinek, lelk\u00e9szeinek, \u00edr\u00f3inak, szerkeszt\u0151inek, sportol\u00f3inak a sz\u00e1m\u00e1t. Az 1947-es menek\u00fcltek \u2013 mivel nem j\u00f6ttek csoportosan \u2013 nem t\u00f6m\u00f6r\u00fcltek egy helyre, hanem sz\u00e9tsz\u00f3r\u00f3dtak Nyugat-Eur\u00f3pa szinte valamennyi \u00e1llam\u00e1ba, de nagyon sokan mentek egyenesen az Egyes\u00fclt \u00c1llamokba. Eur\u00f3pai \u201ek\u00f6zpontjuk\u201d a politikai \u00e9s szervezked\u00e9si szabads\u00e1gukat meghagy\u00f3 Franciaorsz\u00e1g, \u201ef\u0151v\u00e1rosuk\u201d pedig P\u00e1rizs lett. Nagy r\u00e9sz\u00fck ism\u00e9t nem tartotta a jelenlegi helyzetet v\u00e9glegesnek, mert abban rem\u00e9nykedett, hogy a Nyugat hamarosan&#8230; <\/p>\n<p><a class=\"readmore\" href=\"https:\/\/stuttgarti-katolikusok.de\/index.php\/a-stuttgarti-magyar-katolikus-misszio-alapitasa\/\">R\u00e9szletek<\/a><\/p>\n","protected":false},"author":3,"featured_media":16875,"comment_status":"closed","ping_status":"closed","sticky":false,"template":"","format":"standard","meta":{"footnotes":""},"categories":[28],"tags":[],"class_list":["post-16874","post","type-post","status-publish","format-standard","has-post-thumbnail","hentry","category-olvasoink-irjak"],"yoast_head":"<!-- This site is optimized with the Yoast SEO plugin v27.3 - https:\/\/yoast.com\/product\/yoast-seo-wordpress\/ -->\n<title>A Stuttgarti Magyar Katolikus Misszi\u00f3 alap\u00edt\u00e1sa - Stuttgarti Katolikusok<\/title>\n<meta name=\"robots\" content=\"index, follow, max-snippet:-1, max-image-preview:large, max-video-preview:-1\" \/>\n<link rel=\"canonical\" href=\"https:\/\/stuttgarti-katolikusok.de\/index.php\/a-stuttgarti-magyar-katolikus-misszio-alapitasa\/\" \/>\n<meta property=\"og:locale\" content=\"hu_HU\" \/>\n<meta property=\"og:type\" content=\"article\" \/>\n<meta property=\"og:title\" content=\"A Stuttgarti Magyar Katolikus Misszi\u00f3 alap\u00edt\u00e1sa - Stuttgarti Katolikusok\" \/>\n<meta property=\"og:description\" content=\"A Stuttgarti Magyar Katolikus Misszi\u00f3 megalakul\u00e1sa D\u2019Andr\u00e9 K\u00e1roly OFMConv. (1947) M\u00edg 1945 v\u00e9g\u00e9n, 1946 elej\u00e9n egy nyugatr\u00f3l val\u00f3 hazatelep\u00fcl\u00e9si hull\u00e1mnak lehett\u00fcnk tan\u00fai, \u00e9s akiknek nem volt mit f\u00e9lteni\u00fck az \u00faj \u201eurakt\u00f3l\u201d, hazamentek, 1946 v\u00e9g\u00e9n megindult egy ellent\u00e9tes hull\u00e1m: Magyarorsz\u00e1gr\u00f3l az egyre n\u00f6veked\u0151 politikai nyom\u00e1s illetve bolsevista terror el\u0151l mind t\u00f6bben kerestek maguknak nyugaton \u00faj haz\u00e1t. Ekkorra m\u00e1r k\u00f6rvonalaz\u00f3dni l\u00e1tszottak azok az esem\u00e9nyek, amelyeknek sz\u00e1lait \u2013 R\u00e1kosi M\u00e1ty\u00e1s vezet\u00e9s\u00e9vel \u2013 a kommunist\u00e1k sz\u0151tt\u00e9k, hogy g\u00e1tl\u00e1stalanul \u00e9s embertelen\u00fcl \u00e1tvehess\u00e9k az orsz\u00e1g ir\u00e1ny\u00edt\u00e1s\u00e1t. Ez a t\u00f6rekv\u00e9s r\u00f6pke egy \u00e9v ut\u00e1n a legk\u00fcl\u00f6nb\u00f6z\u0151bb \u00f6sszeesk\u00fcv\u00e9si mozgalmak \u201eleleplez\u00e9s\u00e9ben\u201d, k\u00e9mked\u00e9sek \u201ef\u00f6lder\u00edt\u00e9s\u00e9ben\u201d, a demokratikus magyarok tev\u00e9kenys\u00e9g\u00e9nek \u201eelg\u00e1ncsol\u00e1s\u00e1ban\u201d, a Kisgazda P\u00e1rt felsz\u00e1mol\u00e1s\u00e1ban, \u00e9s a Mindszenty-, Gr\u0151sz, Ordas perekben cs\u00facsosodott ki, \u00e9s vont maga ut\u00e1n vall\u00e1s- \u00e9s egyh\u00e1z\u00fcld\u00f6z\u00e9st. Sajnos, ma m\u00e1r nem tudjuk meg\u00e1llap\u00edtani, hogy ezekben az \u00e9vekben egyesek szerint h\u00e1ny ezer, m\u00e1sok szerint h\u00e1ny t\u00edzezer (!) ember hagyta el Magyarorsz\u00e1got. K\u00f6z\u00f6tt\u00fck volt az akkori minisztereln\u00f6k, Nagy Ferenc (1903-1979), sz\u00e1mos vezet\u0151 politikussal, k\u00e9pvisel\u0151vel, nagyk\u00f6vettel, de nagy volt az egyetemi tan\u00e1rok \u2013 \u00e9s \u00e1ltal\u00e1ban a fiatalok \u2013 sz\u00e1ma. Egysz\u00f3val a magyar t\u00e1rsadalom minden r\u00e9teg\u00e9b\u0151l voltak olyan menek\u00fcltek, akiknek az otthoni, antidemokratikus t\u00e1rsadalmi \u00e1talakul\u00e1sok nem tetszettek, s\u0151t \u2013 mivel m\u00e1s volt a v\u00e9lem\u00e9ny\u00fck, \u00e9s a kommunist\u00e1k nem t\u0171rtek m\u00e1s v\u00e9lem\u00e9nyt \u2013 szabads\u00e1gukat \u00e9s \u00e9let\u00fcket kellett f\u00e9lteni\u00fck. Mivel ez az egy\u00e9ni menek\u00fcl\u00e9s t\u00f6bb \u00e9ven \u00e1t folyt, ez\u00e9rt ezt k\u00e9s\u0151bb nem \u201ehull\u00e1m\u201d-k\u00e9nt tartott\u00e1k sz\u00e1mon. Ezek a menek\u00fcl\u0151k, akik m\u00e1r Nyugat-Eur\u00f3pa csaknem minden orsz\u00e1g\u00e1ba eljutottak, tov\u00e1bb szapor\u00edtott\u00e1k az emigr\u00e1ci\u00f3 tagjainak: els\u0151sorban tud\u00f3sainak, m\u0171v\u00e9szeinek, lelk\u00e9szeinek, \u00edr\u00f3inak, szerkeszt\u0151inek, sportol\u00f3inak a sz\u00e1m\u00e1t. Az 1947-es menek\u00fcltek \u2013 mivel nem j\u00f6ttek csoportosan \u2013 nem t\u00f6m\u00f6r\u00fcltek egy helyre, hanem sz\u00e9tsz\u00f3r\u00f3dtak Nyugat-Eur\u00f3pa szinte valamennyi \u00e1llam\u00e1ba, de nagyon sokan mentek egyenesen az Egyes\u00fclt \u00c1llamokba. Eur\u00f3pai \u201ek\u00f6zpontjuk\u201d a politikai \u00e9s szervezked\u00e9si szabads\u00e1gukat meghagy\u00f3 Franciaorsz\u00e1g, \u201ef\u0151v\u00e1rosuk\u201d pedig P\u00e1rizs lett. Nagy r\u00e9sz\u00fck ism\u00e9t nem tartotta a jelenlegi helyzetet v\u00e9glegesnek, mert abban rem\u00e9nykedett, hogy a Nyugat hamarosan... R\u00e9szletek\" \/>\n<meta property=\"og:url\" content=\"https:\/\/stuttgarti-katolikusok.de\/index.php\/a-stuttgarti-magyar-katolikus-misszio-alapitasa\/\" \/>\n<meta property=\"og:site_name\" content=\"Stuttgarti Katolikusok\" \/>\n<meta property=\"article:published_time\" content=\"2019-05-14T04:37:59+00:00\" \/>\n<meta property=\"og:image\" content=\"https:\/\/stuttgarti-katolikusok.de\/wp-content\/uploads\/2019\/05\/gellert-123.jpg\" \/>\n\t<meta property=\"og:image:width\" content=\"1087\" \/>\n\t<meta property=\"og:image:height\" content=\"768\" \/>\n\t<meta property=\"og:image:type\" content=\"image\/jpeg\" \/>\n<meta name=\"author\" content=\"Tibor atya\" \/>\n<meta name=\"twitter:card\" content=\"summary_large_image\" \/>\n<meta name=\"twitter:label1\" content=\"Szerz\u0151:\" \/>\n\t<meta name=\"twitter:data1\" content=\"Tibor atya\" \/>\n\t<meta name=\"twitter:label2\" content=\"Becs\u00fclt olvas\u00e1si id\u0151\" \/>\n\t<meta name=\"twitter:data2\" content=\"6 perc\" \/>\n<script type=\"application\/ld+json\" class=\"yoast-schema-graph\">{\"@context\":\"https:\\\/\\\/schema.org\",\"@graph\":[{\"@type\":\"Article\",\"@id\":\"https:\\\/\\\/stuttgarti-katolikusok.de\\\/index.php\\\/a-stuttgarti-magyar-katolikus-misszio-alapitasa\\\/#article\",\"isPartOf\":{\"@id\":\"https:\\\/\\\/stuttgarti-katolikusok.de\\\/index.php\\\/a-stuttgarti-magyar-katolikus-misszio-alapitasa\\\/\"},\"author\":{\"name\":\"Tibor atya\",\"@id\":\"https:\\\/\\\/stuttgarti-katolikusok.de\\\/#\\\/schema\\\/person\\\/75908d6f8fdc03a57889d27209df7795\"},\"headline\":\"A Stuttgarti Magyar Katolikus Misszi\u00f3 alap\u00edt\u00e1sa\",\"datePublished\":\"2019-05-14T04:37:59+00:00\",\"mainEntityOfPage\":{\"@id\":\"https:\\\/\\\/stuttgarti-katolikusok.de\\\/index.php\\\/a-stuttgarti-magyar-katolikus-misszio-alapitasa\\\/\"},\"wordCount\":1250,\"image\":{\"@id\":\"https:\\\/\\\/stuttgarti-katolikusok.de\\\/index.php\\\/a-stuttgarti-magyar-katolikus-misszio-alapitasa\\\/#primaryimage\"},\"thumbnailUrl\":\"https:\\\/\\\/stuttgarti-katolikusok.de\\\/wp-content\\\/uploads\\\/2019\\\/05\\\/gellert-123.jpg\",\"articleSection\":[\"Olvas\u00f3ink \u00edrj\u00e1k\"],\"inLanguage\":\"hu\"},{\"@type\":\"WebPage\",\"@id\":\"https:\\\/\\\/stuttgarti-katolikusok.de\\\/index.php\\\/a-stuttgarti-magyar-katolikus-misszio-alapitasa\\\/\",\"url\":\"https:\\\/\\\/stuttgarti-katolikusok.de\\\/index.php\\\/a-stuttgarti-magyar-katolikus-misszio-alapitasa\\\/\",\"name\":\"A Stuttgarti Magyar Katolikus Misszi\u00f3 alap\u00edt\u00e1sa - Stuttgarti Katolikusok\",\"isPartOf\":{\"@id\":\"https:\\\/\\\/stuttgarti-katolikusok.de\\\/#website\"},\"primaryImageOfPage\":{\"@id\":\"https:\\\/\\\/stuttgarti-katolikusok.de\\\/index.php\\\/a-stuttgarti-magyar-katolikus-misszio-alapitasa\\\/#primaryimage\"},\"image\":{\"@id\":\"https:\\\/\\\/stuttgarti-katolikusok.de\\\/index.php\\\/a-stuttgarti-magyar-katolikus-misszio-alapitasa\\\/#primaryimage\"},\"thumbnailUrl\":\"https:\\\/\\\/stuttgarti-katolikusok.de\\\/wp-content\\\/uploads\\\/2019\\\/05\\\/gellert-123.jpg\",\"datePublished\":\"2019-05-14T04:37:59+00:00\",\"author\":{\"@id\":\"https:\\\/\\\/stuttgarti-katolikusok.de\\\/#\\\/schema\\\/person\\\/75908d6f8fdc03a57889d27209df7795\"},\"breadcrumb\":{\"@id\":\"https:\\\/\\\/stuttgarti-katolikusok.de\\\/index.php\\\/a-stuttgarti-magyar-katolikus-misszio-alapitasa\\\/#breadcrumb\"},\"inLanguage\":\"hu\",\"potentialAction\":[{\"@type\":\"ReadAction\",\"target\":[\"https:\\\/\\\/stuttgarti-katolikusok.de\\\/index.php\\\/a-stuttgarti-magyar-katolikus-misszio-alapitasa\\\/\"]}]},{\"@type\":\"ImageObject\",\"inLanguage\":\"hu\",\"@id\":\"https:\\\/\\\/stuttgarti-katolikusok.de\\\/index.php\\\/a-stuttgarti-magyar-katolikus-misszio-alapitasa\\\/#primaryimage\",\"url\":\"https:\\\/\\\/stuttgarti-katolikusok.de\\\/wp-content\\\/uploads\\\/2019\\\/05\\\/gellert-123.jpg\",\"contentUrl\":\"https:\\\/\\\/stuttgarti-katolikusok.de\\\/wp-content\\\/uploads\\\/2019\\\/05\\\/gellert-123.jpg\",\"width\":1087,\"height\":768},{\"@type\":\"BreadcrumbList\",\"@id\":\"https:\\\/\\\/stuttgarti-katolikusok.de\\\/index.php\\\/a-stuttgarti-magyar-katolikus-misszio-alapitasa\\\/#breadcrumb\",\"itemListElement\":[{\"@type\":\"ListItem\",\"position\":1,\"name\":\"Kezd\u0151lap\",\"item\":\"https:\\\/\\\/stuttgarti-katolikusok.de\\\/\"},{\"@type\":\"ListItem\",\"position\":2,\"name\":\"A Stuttgarti Magyar Katolikus Misszi\u00f3 alap\u00edt\u00e1sa\"}]},{\"@type\":\"WebSite\",\"@id\":\"https:\\\/\\\/stuttgarti-katolikusok.de\\\/#website\",\"url\":\"https:\\\/\\\/stuttgarti-katolikusok.de\\\/\",\"name\":\"Stuttgarti Katolikusok\",\"description\":\"\",\"potentialAction\":[{\"@type\":\"SearchAction\",\"target\":{\"@type\":\"EntryPoint\",\"urlTemplate\":\"https:\\\/\\\/stuttgarti-katolikusok.de\\\/?s={search_term_string}\"},\"query-input\":{\"@type\":\"PropertyValueSpecification\",\"valueRequired\":true,\"valueName\":\"search_term_string\"}}],\"inLanguage\":\"hu\"},{\"@type\":\"Person\",\"@id\":\"https:\\\/\\\/stuttgarti-katolikusok.de\\\/#\\\/schema\\\/person\\\/75908d6f8fdc03a57889d27209df7795\",\"name\":\"Tibor atya\",\"image\":{\"@type\":\"ImageObject\",\"inLanguage\":\"hu\",\"@id\":\"https:\\\/\\\/secure.gravatar.com\\\/avatar\\\/61d268e57d1f4525b111222e29d2d5a7f8c420fdbf231ba5566a8ceac74fa960?s=96&d=mm&r=g\",\"url\":\"https:\\\/\\\/secure.gravatar.com\\\/avatar\\\/61d268e57d1f4525b111222e29d2d5a7f8c420fdbf231ba5566a8ceac74fa960?s=96&d=mm&r=g\",\"contentUrl\":\"https:\\\/\\\/secure.gravatar.com\\\/avatar\\\/61d268e57d1f4525b111222e29d2d5a7f8c420fdbf231ba5566a8ceac74fa960?s=96&d=mm&r=g\",\"caption\":\"Tibor atya\"},\"url\":\"https:\\\/\\\/stuttgarti-katolikusok.de\\\/index.php\\\/author\\\/tibor-atya\\\/\"}]}<\/script>\n<!-- \/ Yoast SEO plugin. -->","yoast_head_json":{"title":"A Stuttgarti Magyar Katolikus Misszi\u00f3 alap\u00edt\u00e1sa - Stuttgarti Katolikusok","robots":{"index":"index","follow":"follow","max-snippet":"max-snippet:-1","max-image-preview":"max-image-preview:large","max-video-preview":"max-video-preview:-1"},"canonical":"https:\/\/stuttgarti-katolikusok.de\/index.php\/a-stuttgarti-magyar-katolikus-misszio-alapitasa\/","og_locale":"hu_HU","og_type":"article","og_title":"A Stuttgarti Magyar Katolikus Misszi\u00f3 alap\u00edt\u00e1sa - Stuttgarti Katolikusok","og_description":"A Stuttgarti Magyar Katolikus Misszi\u00f3 megalakul\u00e1sa D\u2019Andr\u00e9 K\u00e1roly OFMConv. (1947) M\u00edg 1945 v\u00e9g\u00e9n, 1946 elej\u00e9n egy nyugatr\u00f3l val\u00f3 hazatelep\u00fcl\u00e9si hull\u00e1mnak lehett\u00fcnk tan\u00fai, \u00e9s akiknek nem volt mit f\u00e9lteni\u00fck az \u00faj \u201eurakt\u00f3l\u201d, hazamentek, 1946 v\u00e9g\u00e9n megindult egy ellent\u00e9tes hull\u00e1m: Magyarorsz\u00e1gr\u00f3l az egyre n\u00f6veked\u0151 politikai nyom\u00e1s illetve bolsevista terror el\u0151l mind t\u00f6bben kerestek maguknak nyugaton \u00faj haz\u00e1t. Ekkorra m\u00e1r k\u00f6rvonalaz\u00f3dni l\u00e1tszottak azok az esem\u00e9nyek, amelyeknek sz\u00e1lait \u2013 R\u00e1kosi M\u00e1ty\u00e1s vezet\u00e9s\u00e9vel \u2013 a kommunist\u00e1k sz\u0151tt\u00e9k, hogy g\u00e1tl\u00e1stalanul \u00e9s embertelen\u00fcl \u00e1tvehess\u00e9k az orsz\u00e1g ir\u00e1ny\u00edt\u00e1s\u00e1t. Ez a t\u00f6rekv\u00e9s r\u00f6pke egy \u00e9v ut\u00e1n a legk\u00fcl\u00f6nb\u00f6z\u0151bb \u00f6sszeesk\u00fcv\u00e9si mozgalmak \u201eleleplez\u00e9s\u00e9ben\u201d, k\u00e9mked\u00e9sek \u201ef\u00f6lder\u00edt\u00e9s\u00e9ben\u201d, a demokratikus magyarok tev\u00e9kenys\u00e9g\u00e9nek \u201eelg\u00e1ncsol\u00e1s\u00e1ban\u201d, a Kisgazda P\u00e1rt felsz\u00e1mol\u00e1s\u00e1ban, \u00e9s a Mindszenty-, Gr\u0151sz, Ordas perekben cs\u00facsosodott ki, \u00e9s vont maga ut\u00e1n vall\u00e1s- \u00e9s egyh\u00e1z\u00fcld\u00f6z\u00e9st. Sajnos, ma m\u00e1r nem tudjuk meg\u00e1llap\u00edtani, hogy ezekben az \u00e9vekben egyesek szerint h\u00e1ny ezer, m\u00e1sok szerint h\u00e1ny t\u00edzezer (!) ember hagyta el Magyarorsz\u00e1got. K\u00f6z\u00f6tt\u00fck volt az akkori minisztereln\u00f6k, Nagy Ferenc (1903-1979), sz\u00e1mos vezet\u0151 politikussal, k\u00e9pvisel\u0151vel, nagyk\u00f6vettel, de nagy volt az egyetemi tan\u00e1rok \u2013 \u00e9s \u00e1ltal\u00e1ban a fiatalok \u2013 sz\u00e1ma. Egysz\u00f3val a magyar t\u00e1rsadalom minden r\u00e9teg\u00e9b\u0151l voltak olyan menek\u00fcltek, akiknek az otthoni, antidemokratikus t\u00e1rsadalmi \u00e1talakul\u00e1sok nem tetszettek, s\u0151t \u2013 mivel m\u00e1s volt a v\u00e9lem\u00e9ny\u00fck, \u00e9s a kommunist\u00e1k nem t\u0171rtek m\u00e1s v\u00e9lem\u00e9nyt \u2013 szabads\u00e1gukat \u00e9s \u00e9let\u00fcket kellett f\u00e9lteni\u00fck. Mivel ez az egy\u00e9ni menek\u00fcl\u00e9s t\u00f6bb \u00e9ven \u00e1t folyt, ez\u00e9rt ezt k\u00e9s\u0151bb nem \u201ehull\u00e1m\u201d-k\u00e9nt tartott\u00e1k sz\u00e1mon. Ezek a menek\u00fcl\u0151k, akik m\u00e1r Nyugat-Eur\u00f3pa csaknem minden orsz\u00e1g\u00e1ba eljutottak, tov\u00e1bb szapor\u00edtott\u00e1k az emigr\u00e1ci\u00f3 tagjainak: els\u0151sorban tud\u00f3sainak, m\u0171v\u00e9szeinek, lelk\u00e9szeinek, \u00edr\u00f3inak, szerkeszt\u0151inek, sportol\u00f3inak a sz\u00e1m\u00e1t. Az 1947-es menek\u00fcltek \u2013 mivel nem j\u00f6ttek csoportosan \u2013 nem t\u00f6m\u00f6r\u00fcltek egy helyre, hanem sz\u00e9tsz\u00f3r\u00f3dtak Nyugat-Eur\u00f3pa szinte valamennyi \u00e1llam\u00e1ba, de nagyon sokan mentek egyenesen az Egyes\u00fclt \u00c1llamokba. Eur\u00f3pai \u201ek\u00f6zpontjuk\u201d a politikai \u00e9s szervezked\u00e9si szabads\u00e1gukat meghagy\u00f3 Franciaorsz\u00e1g, \u201ef\u0151v\u00e1rosuk\u201d pedig P\u00e1rizs lett. Nagy r\u00e9sz\u00fck ism\u00e9t nem tartotta a jelenlegi helyzetet v\u00e9glegesnek, mert abban rem\u00e9nykedett, hogy a Nyugat hamarosan... R\u00e9szletek","og_url":"https:\/\/stuttgarti-katolikusok.de\/index.php\/a-stuttgarti-magyar-katolikus-misszio-alapitasa\/","og_site_name":"Stuttgarti Katolikusok","article_published_time":"2019-05-14T04:37:59+00:00","og_image":[{"width":1087,"height":768,"url":"https:\/\/stuttgarti-katolikusok.de\/wp-content\/uploads\/2019\/05\/gellert-123.jpg","type":"image\/jpeg"}],"author":"Tibor atya","twitter_card":"summary_large_image","twitter_misc":{"Szerz\u0151:":"Tibor atya","Becs\u00fclt olvas\u00e1si id\u0151":"6 perc"},"schema":{"@context":"https:\/\/schema.org","@graph":[{"@type":"Article","@id":"https:\/\/stuttgarti-katolikusok.de\/index.php\/a-stuttgarti-magyar-katolikus-misszio-alapitasa\/#article","isPartOf":{"@id":"https:\/\/stuttgarti-katolikusok.de\/index.php\/a-stuttgarti-magyar-katolikus-misszio-alapitasa\/"},"author":{"name":"Tibor atya","@id":"https:\/\/stuttgarti-katolikusok.de\/#\/schema\/person\/75908d6f8fdc03a57889d27209df7795"},"headline":"A Stuttgarti Magyar Katolikus Misszi\u00f3 alap\u00edt\u00e1sa","datePublished":"2019-05-14T04:37:59+00:00","mainEntityOfPage":{"@id":"https:\/\/stuttgarti-katolikusok.de\/index.php\/a-stuttgarti-magyar-katolikus-misszio-alapitasa\/"},"wordCount":1250,"image":{"@id":"https:\/\/stuttgarti-katolikusok.de\/index.php\/a-stuttgarti-magyar-katolikus-misszio-alapitasa\/#primaryimage"},"thumbnailUrl":"https:\/\/stuttgarti-katolikusok.de\/wp-content\/uploads\/2019\/05\/gellert-123.jpg","articleSection":["Olvas\u00f3ink \u00edrj\u00e1k"],"inLanguage":"hu"},{"@type":"WebPage","@id":"https:\/\/stuttgarti-katolikusok.de\/index.php\/a-stuttgarti-magyar-katolikus-misszio-alapitasa\/","url":"https:\/\/stuttgarti-katolikusok.de\/index.php\/a-stuttgarti-magyar-katolikus-misszio-alapitasa\/","name":"A Stuttgarti Magyar Katolikus Misszi\u00f3 alap\u00edt\u00e1sa - Stuttgarti Katolikusok","isPartOf":{"@id":"https:\/\/stuttgarti-katolikusok.de\/#website"},"primaryImageOfPage":{"@id":"https:\/\/stuttgarti-katolikusok.de\/index.php\/a-stuttgarti-magyar-katolikus-misszio-alapitasa\/#primaryimage"},"image":{"@id":"https:\/\/stuttgarti-katolikusok.de\/index.php\/a-stuttgarti-magyar-katolikus-misszio-alapitasa\/#primaryimage"},"thumbnailUrl":"https:\/\/stuttgarti-katolikusok.de\/wp-content\/uploads\/2019\/05\/gellert-123.jpg","datePublished":"2019-05-14T04:37:59+00:00","author":{"@id":"https:\/\/stuttgarti-katolikusok.de\/#\/schema\/person\/75908d6f8fdc03a57889d27209df7795"},"breadcrumb":{"@id":"https:\/\/stuttgarti-katolikusok.de\/index.php\/a-stuttgarti-magyar-katolikus-misszio-alapitasa\/#breadcrumb"},"inLanguage":"hu","potentialAction":[{"@type":"ReadAction","target":["https:\/\/stuttgarti-katolikusok.de\/index.php\/a-stuttgarti-magyar-katolikus-misszio-alapitasa\/"]}]},{"@type":"ImageObject","inLanguage":"hu","@id":"https:\/\/stuttgarti-katolikusok.de\/index.php\/a-stuttgarti-magyar-katolikus-misszio-alapitasa\/#primaryimage","url":"https:\/\/stuttgarti-katolikusok.de\/wp-content\/uploads\/2019\/05\/gellert-123.jpg","contentUrl":"https:\/\/stuttgarti-katolikusok.de\/wp-content\/uploads\/2019\/05\/gellert-123.jpg","width":1087,"height":768},{"@type":"BreadcrumbList","@id":"https:\/\/stuttgarti-katolikusok.de\/index.php\/a-stuttgarti-magyar-katolikus-misszio-alapitasa\/#breadcrumb","itemListElement":[{"@type":"ListItem","position":1,"name":"Kezd\u0151lap","item":"https:\/\/stuttgarti-katolikusok.de\/"},{"@type":"ListItem","position":2,"name":"A Stuttgarti Magyar Katolikus Misszi\u00f3 alap\u00edt\u00e1sa"}]},{"@type":"WebSite","@id":"https:\/\/stuttgarti-katolikusok.de\/#website","url":"https:\/\/stuttgarti-katolikusok.de\/","name":"Stuttgarti Katolikusok","description":"","potentialAction":[{"@type":"SearchAction","target":{"@type":"EntryPoint","urlTemplate":"https:\/\/stuttgarti-katolikusok.de\/?s={search_term_string}"},"query-input":{"@type":"PropertyValueSpecification","valueRequired":true,"valueName":"search_term_string"}}],"inLanguage":"hu"},{"@type":"Person","@id":"https:\/\/stuttgarti-katolikusok.de\/#\/schema\/person\/75908d6f8fdc03a57889d27209df7795","name":"Tibor atya","image":{"@type":"ImageObject","inLanguage":"hu","@id":"https:\/\/secure.gravatar.com\/avatar\/61d268e57d1f4525b111222e29d2d5a7f8c420fdbf231ba5566a8ceac74fa960?s=96&d=mm&r=g","url":"https:\/\/secure.gravatar.com\/avatar\/61d268e57d1f4525b111222e29d2d5a7f8c420fdbf231ba5566a8ceac74fa960?s=96&d=mm&r=g","contentUrl":"https:\/\/secure.gravatar.com\/avatar\/61d268e57d1f4525b111222e29d2d5a7f8c420fdbf231ba5566a8ceac74fa960?s=96&d=mm&r=g","caption":"Tibor atya"},"url":"https:\/\/stuttgarti-katolikusok.de\/index.php\/author\/tibor-atya\/"}]}},"_links":{"self":[{"href":"https:\/\/stuttgarti-katolikusok.de\/index.php\/wp-json\/wp\/v2\/posts\/16874","targetHints":{"allow":["GET"]}}],"collection":[{"href":"https:\/\/stuttgarti-katolikusok.de\/index.php\/wp-json\/wp\/v2\/posts"}],"about":[{"href":"https:\/\/stuttgarti-katolikusok.de\/index.php\/wp-json\/wp\/v2\/types\/post"}],"author":[{"embeddable":true,"href":"https:\/\/stuttgarti-katolikusok.de\/index.php\/wp-json\/wp\/v2\/users\/3"}],"replies":[{"embeddable":true,"href":"https:\/\/stuttgarti-katolikusok.de\/index.php\/wp-json\/wp\/v2\/comments?post=16874"}],"version-history":[{"count":1,"href":"https:\/\/stuttgarti-katolikusok.de\/index.php\/wp-json\/wp\/v2\/posts\/16874\/revisions"}],"predecessor-version":[{"id":16876,"href":"https:\/\/stuttgarti-katolikusok.de\/index.php\/wp-json\/wp\/v2\/posts\/16874\/revisions\/16876"}],"wp:featuredmedia":[{"embeddable":true,"href":"https:\/\/stuttgarti-katolikusok.de\/index.php\/wp-json\/wp\/v2\/media\/16875"}],"wp:attachment":[{"href":"https:\/\/stuttgarti-katolikusok.de\/index.php\/wp-json\/wp\/v2\/media?parent=16874"}],"wp:term":[{"taxonomy":"category","embeddable":true,"href":"https:\/\/stuttgarti-katolikusok.de\/index.php\/wp-json\/wp\/v2\/categories?post=16874"},{"taxonomy":"post_tag","embeddable":true,"href":"https:\/\/stuttgarti-katolikusok.de\/index.php\/wp-json\/wp\/v2\/tags?post=16874"}],"curies":[{"name":"wp","href":"https:\/\/api.w.org\/{rel}","templated":true}]}}