{"id":16837,"date":"2019-05-13T04:52:27","date_gmt":"2019-05-13T04:52:27","guid":{"rendered":"https:\/\/gracious-dewdney.138-201-221-2.plesk.page\/?p=16837"},"modified":"2020-04-27T08:58:23","modified_gmt":"2020-04-27T08:58:23","slug":"programelozetes-majus-13-es-19-kozott","status":"publish","type":"post","link":"https:\/\/stuttgarti-katolikusok.de\/index.php\/programelozetes-majus-13-es-19-kozott\/","title":{"rendered":"Programel\u0151zetes m\u00e1jus 13 \u00e9s 19 k\u00f6z\u00f6tt"},"content":{"rendered":"<p><strong>Programel\u0151zetes<\/strong><\/p>\n<p><strong>M\u00e1jus 15-\u00e9n,<\/strong> szerd\u00e1n,<\/p>\n<p><strong>\u00a0\u00a0\u00a0\u00a0\u00a0\u00a0\u00a0\u00a0\u00a0\u00a0\u00a0 Stuttgartban <\/strong>10.15 \u00f3rakor <em>n\u00e9met nyelv\u0171 szentmise.<\/em><\/p>\n<p style=\"text-align: center;\">*<\/p>\n<p><strong>M\u00e1jus 16-\u00e1n, <\/strong>cs\u00fct\u00f6rt\u00f6k\u00f6n,<\/p>\n<p><strong>\u00a0\u00a0\u00a0\u00a0\u00a0\u00a0\u00a0\u00a0\u00a0\u00a0\u00a0 Ulmi d\u00e9lut\u00e1n,<\/strong> 17.30 \u00f3rakor <em>r\u00f3zsaf\u00fcz\u00e9r im\u00e1ds\u00e1g<\/em>, ut\u00e1na <em>szentmise<\/em>.<\/p>\n<p style=\"text-align: center;\">*<\/p>\n<p><strong>M\u00e1jus 17-19 k\u00f6z\u00f6tt <\/strong><strong><em>Egyh\u00e1zk\u00f6zs\u00e9g\u00fcnk alap\u00edt\u00e1s\u00e1nak 72. \u00e9vfordul\u00f3ja alkalm\u00e1b\u00f3l h\u00e1romnapos rendezv\u00e9ny. <\/em><\/strong><strong>D\u00edszvend\u00e9geink <em>Dr. M\u00e1rfi Gyula veszpr\u00e9mi \u00e9rsek atya \u00e9s <\/em>az Aranycsapat Alap\u00edtv\u00e1ny r\u00e9sz\u00e9r\u0151l<em> K\u00fc Lajos illetve Wichmann Tam\u00e1s<\/em><\/strong><strong><em>.<\/em><\/strong><\/p>\n<p style=\"text-align: center;\">*<\/p>\n<p><strong>M\u00e1jus 17-\u00e9n, <\/strong>p\u00e9nteken,<\/p>\n<p><strong>\u00a0 \u00a0 \u00a0 \u00a0 \u00a0 \u00a0 Stuttgartban<\/strong><\/p>\n<p>16.00 \u00f3rakor <em>Bar\u00e1ts\u00e1gklub.<\/em><\/p>\n<p>18.00 \u00f3rakor <em>m\u00e1jusi \u00e1jtatoss\u00e1g<\/em>. Ut\u00e1na <em>szentmise.<\/em> 19.00 \u00f3rakor <em>vet\u00edt\u00e9s <\/em><em>el\u0151ad\u00e1s <\/em><em>az Aranycsapatr\u00f3l <\/em><em>a Magyar Kult\u00farint\u00e9zetben<\/em><em>.<\/em><\/p>\n<p><strong>\u00a0\u00a0\u00a0\u00a0\u00a0\u00a0\u00a0\u00a0\u00a0\u00a0\u00a0 <\/strong><strong>A <\/strong><strong>Weingarti d\u00e9lut\u00e1n <\/strong><strong>E<\/strong>LMARAD!<\/p>\n<p style=\"text-align: center;\">*<\/p>\n<p><strong>M\u00e1jus 18-\u00e1n, <\/strong>szombaton,<\/p>\n<p><strong>\u00a0 \u00a0 \u00a0 \u00a0 \u00a0 \u00a0 \u00a0Stuttgartban<\/strong> 10.00 \u00f3r\u00e1t\u00f3l 18.00 \u00f3r\u00e1ig foci <em>Aranycsapat-Eml\u00e9ktorna <\/em>a Bruder-Klaus-templom melletti sportp\u00e1ly\u00e1n<em>.<\/em><\/p>\n<p style=\"text-align: center;\">*<\/p>\n<p><strong>M\u00e1jus 19-\u00e9n, H<\/strong><strong>\u00fasv\u00e9t 5. <\/strong>vas\u00e1rnapj\u00e1n,<\/p>\n<p><strong>\u00a0\u00a0\u00a0\u00a0\u00a0\u00a0\u00a0\u00a0\u00a0\u00a0\u00a0 Ludwigsburgban <\/strong><strong>9<\/strong>.30 \u00f3rakor <em>szentmise,<\/em><em> ut\u00e1na <\/em><em>\u00e1g\u00e1p\u00e9.<\/em><\/p>\n<p><strong>\u00a0 \u00a0 \u00a0 \u00a0 \u00a0 \u00a0 Stuttgartban<\/strong> 12.00 \u00f3rakor <em>szentmise<\/em>. Keret\u00e9ben <em>els\u0151\u00e1ldoz\u00e1s \u00e9s b\u00e9rm\u00e1lkoz\u00e1s<\/em>. Ut\u00e1na <em>k\u00f6z\u00f6s eb\u00e9d<\/em>. Majd 15.00 \u00f3rakor <em>besz\u00e9lget\u00e9s Dr. M\u00e1rfi Gyula <\/em>veszpr\u00e9mi \u00e9rsekkel a vil\u00e1gegyh\u00e1z \u00e9s a magyar egyh\u00e1z dolgair\u00f3l.<\/p>\n<p style=\"text-align: center;\">*<\/p>\n<p>Minden helyen mindenkit szeretettel v\u00e1r a k\u00f6z\u00f6ss\u00e9g Tibor atya \u00e9s Imre atya!<\/p>\n<p><em>\u201e<\/em><em>\u00dagy kell im\u00e1dkoznunk, mintha minden Istent\u0151l f\u00fcggene, \u00e9s \u00fagy dolgozni, mintha minden t\u0151l\u00fcnk f\u00fcggne.\u201d <\/em><strong>(Szent \u00c1goston \u2013 354-430 \u2013 p\u00fcsp\u00f6k, egyh\u00e1zatya, filoz\u00f3fus)<\/strong><\/p>\n<p><em><strong>Kegyelemteljes h\u00fasv\u00e9ti napokat \u00e9s \u00f6r\u00f6mteli tal\u00e1lkoz\u00e1sokat k\u00edv\u00e1nunk minden Kedves H\u00edv\u00fcnknek!<\/strong><\/em><\/p>\n","protected":false},"excerpt":{"rendered":"<p>Programel\u0151zetes M\u00e1jus 15-\u00e9n, szerd\u00e1n, \u00a0\u00a0\u00a0\u00a0\u00a0\u00a0\u00a0\u00a0\u00a0\u00a0\u00a0 Stuttgartban 10.15 \u00f3rakor n\u00e9met nyelv\u0171 szentmise. * M\u00e1jus 16-\u00e1n, cs\u00fct\u00f6rt\u00f6k\u00f6n, \u00a0\u00a0\u00a0\u00a0\u00a0\u00a0\u00a0\u00a0\u00a0\u00a0\u00a0 Ulmi d\u00e9lut\u00e1n, 17.30 \u00f3rakor r\u00f3zsaf\u00fcz\u00e9r im\u00e1ds\u00e1g, ut\u00e1na szentmise. * M\u00e1jus 17-19 k\u00f6z\u00f6tt Egyh\u00e1zk\u00f6zs\u00e9g\u00fcnk alap\u00edt\u00e1s\u00e1nak 72. \u00e9vfordul\u00f3ja alkalm\u00e1b\u00f3l h\u00e1romnapos rendezv\u00e9ny. D\u00edszvend\u00e9geink Dr. M\u00e1rfi Gyula veszpr\u00e9mi \u00e9rsek atya \u00e9s az Aranycsapat Alap\u00edtv\u00e1ny r\u00e9sz\u00e9r\u0151l K\u00fc Lajos illetve Wichmann Tam\u00e1s. * M\u00e1jus 17-\u00e9n, p\u00e9nteken, \u00a0 \u00a0 \u00a0 \u00a0 \u00a0 \u00a0 Stuttgartban 16.00 \u00f3rakor Bar\u00e1ts\u00e1gklub. 18.00 \u00f3rakor m\u00e1jusi \u00e1jtatoss\u00e1g. Ut\u00e1na szentmise. 19.00 \u00f3rakor vet\u00edt\u00e9s el\u0151ad\u00e1s az Aranycsapatr\u00f3l a Magyar Kult\u00farint\u00e9zetben. \u00a0\u00a0\u00a0\u00a0\u00a0\u00a0\u00a0\u00a0\u00a0\u00a0\u00a0 A Weingarti d\u00e9lut\u00e1n ELMARAD! * M\u00e1jus 18-\u00e1n, szombaton, \u00a0 \u00a0 \u00a0 \u00a0 \u00a0 \u00a0 \u00a0Stuttgartban 10.00 \u00f3r\u00e1t\u00f3l 18.00 \u00f3r\u00e1ig foci Aranycsapat-Eml\u00e9ktorna a Bruder-Klaus-templom melletti sportp\u00e1ly\u00e1n. * M\u00e1jus 19-\u00e9n, H\u00fasv\u00e9t 5. vas\u00e1rnapj\u00e1n, \u00a0\u00a0\u00a0\u00a0\u00a0\u00a0\u00a0\u00a0\u00a0\u00a0\u00a0 Ludwigsburgban 9.30 \u00f3rakor szentmise, ut\u00e1na \u00e1g\u00e1p\u00e9. \u00a0 \u00a0 \u00a0 \u00a0 \u00a0 \u00a0 Stuttgartban 12.00 \u00f3rakor szentmise. Keret\u00e9ben els\u0151\u00e1ldoz\u00e1s \u00e9s b\u00e9rm\u00e1lkoz\u00e1s. Ut\u00e1na k\u00f6z\u00f6s eb\u00e9d. Majd 15.00 \u00f3rakor besz\u00e9lget\u00e9s Dr. M\u00e1rfi Gyula veszpr\u00e9mi \u00e9rsekkel a vil\u00e1gegyh\u00e1z \u00e9s a magyar egyh\u00e1z dolgair\u00f3l. * Minden helyen mindenkit szeretettel v\u00e1r a k\u00f6z\u00f6ss\u00e9g Tibor atya \u00e9s Imre atya! \u201e\u00dagy kell im\u00e1dkoznunk, mintha minden Istent\u0151l f\u00fcggene, \u00e9s \u00fagy dolgozni, mintha minden t\u0151l\u00fcnk f\u00fcggne.\u201d (Szent \u00c1goston \u2013 354-430 \u2013 p\u00fcsp\u00f6k, egyh\u00e1zatya, filoz\u00f3fus) Kegyelemteljes h\u00fasv\u00e9ti napokat \u00e9s \u00f6r\u00f6mteli tal\u00e1lkoz\u00e1sokat k\u00edv\u00e1nunk minden Kedves H\u00edv\u00fcnknek!<\/p>\n","protected":false},"author":3,"featured_media":0,"comment_status":"closed","ping_status":"closed","sticky":false,"template":"","format":"standard","meta":{"footnotes":""},"categories":[37],"tags":[],"class_list":["post-16837","post","type-post","status-publish","format-standard","hentry","category-progamelozetes"],"yoast_head":"<!-- This site is optimized with the Yoast SEO plugin v27.3 - https:\/\/yoast.com\/product\/yoast-seo-wordpress\/ -->\n<title>Programel\u0151zetes m\u00e1jus 13 \u00e9s 19 k\u00f6z\u00f6tt - Stuttgarti Katolikusok<\/title>\n<meta name=\"robots\" content=\"index, follow, max-snippet:-1, max-image-preview:large, max-video-preview:-1\" \/>\n<link rel=\"canonical\" href=\"https:\/\/stuttgarti-katolikusok.de\/index.php\/programelozetes-majus-13-es-19-kozott\/\" \/>\n<meta property=\"og:locale\" content=\"hu_HU\" \/>\n<meta property=\"og:type\" content=\"article\" \/>\n<meta property=\"og:title\" content=\"Programel\u0151zetes m\u00e1jus 13 \u00e9s 19 k\u00f6z\u00f6tt - Stuttgarti Katolikusok\" \/>\n<meta property=\"og:description\" content=\"Programel\u0151zetes M\u00e1jus 15-\u00e9n, szerd\u00e1n, \u00a0\u00a0\u00a0\u00a0\u00a0\u00a0\u00a0\u00a0\u00a0\u00a0\u00a0 Stuttgartban 10.15 \u00f3rakor n\u00e9met nyelv\u0171 szentmise. * M\u00e1jus 16-\u00e1n, cs\u00fct\u00f6rt\u00f6k\u00f6n, \u00a0\u00a0\u00a0\u00a0\u00a0\u00a0\u00a0\u00a0\u00a0\u00a0\u00a0 Ulmi d\u00e9lut\u00e1n, 17.30 \u00f3rakor r\u00f3zsaf\u00fcz\u00e9r im\u00e1ds\u00e1g, ut\u00e1na szentmise. * M\u00e1jus 17-19 k\u00f6z\u00f6tt Egyh\u00e1zk\u00f6zs\u00e9g\u00fcnk alap\u00edt\u00e1s\u00e1nak 72. \u00e9vfordul\u00f3ja alkalm\u00e1b\u00f3l h\u00e1romnapos rendezv\u00e9ny. D\u00edszvend\u00e9geink Dr. M\u00e1rfi Gyula veszpr\u00e9mi \u00e9rsek atya \u00e9s az Aranycsapat Alap\u00edtv\u00e1ny r\u00e9sz\u00e9r\u0151l K\u00fc Lajos illetve Wichmann Tam\u00e1s. * M\u00e1jus 17-\u00e9n, p\u00e9nteken, \u00a0 \u00a0 \u00a0 \u00a0 \u00a0 \u00a0 Stuttgartban 16.00 \u00f3rakor Bar\u00e1ts\u00e1gklub. 18.00 \u00f3rakor m\u00e1jusi \u00e1jtatoss\u00e1g. Ut\u00e1na szentmise. 19.00 \u00f3rakor vet\u00edt\u00e9s el\u0151ad\u00e1s az Aranycsapatr\u00f3l a Magyar Kult\u00farint\u00e9zetben. \u00a0\u00a0\u00a0\u00a0\u00a0\u00a0\u00a0\u00a0\u00a0\u00a0\u00a0 A Weingarti d\u00e9lut\u00e1n ELMARAD! * M\u00e1jus 18-\u00e1n, szombaton, \u00a0 \u00a0 \u00a0 \u00a0 \u00a0 \u00a0 \u00a0Stuttgartban 10.00 \u00f3r\u00e1t\u00f3l 18.00 \u00f3r\u00e1ig foci Aranycsapat-Eml\u00e9ktorna a Bruder-Klaus-templom melletti sportp\u00e1ly\u00e1n. * M\u00e1jus 19-\u00e9n, H\u00fasv\u00e9t 5. vas\u00e1rnapj\u00e1n, \u00a0\u00a0\u00a0\u00a0\u00a0\u00a0\u00a0\u00a0\u00a0\u00a0\u00a0 Ludwigsburgban 9.30 \u00f3rakor szentmise, ut\u00e1na \u00e1g\u00e1p\u00e9. \u00a0 \u00a0 \u00a0 \u00a0 \u00a0 \u00a0 Stuttgartban 12.00 \u00f3rakor szentmise. Keret\u00e9ben els\u0151\u00e1ldoz\u00e1s \u00e9s b\u00e9rm\u00e1lkoz\u00e1s. Ut\u00e1na k\u00f6z\u00f6s eb\u00e9d. Majd 15.00 \u00f3rakor besz\u00e9lget\u00e9s Dr. M\u00e1rfi Gyula veszpr\u00e9mi \u00e9rsekkel a vil\u00e1gegyh\u00e1z \u00e9s a magyar egyh\u00e1z dolgair\u00f3l. * Minden helyen mindenkit szeretettel v\u00e1r a k\u00f6z\u00f6ss\u00e9g Tibor atya \u00e9s Imre atya! \u201e\u00dagy kell im\u00e1dkoznunk, mintha minden Istent\u0151l f\u00fcggene, \u00e9s \u00fagy dolgozni, mintha minden t\u0151l\u00fcnk f\u00fcggne.\u201d (Szent \u00c1goston \u2013 354-430 \u2013 p\u00fcsp\u00f6k, egyh\u00e1zatya, filoz\u00f3fus) Kegyelemteljes h\u00fasv\u00e9ti napokat \u00e9s \u00f6r\u00f6mteli tal\u00e1lkoz\u00e1sokat k\u00edv\u00e1nunk minden Kedves H\u00edv\u00fcnknek!\" \/>\n<meta property=\"og:url\" content=\"https:\/\/stuttgarti-katolikusok.de\/index.php\/programelozetes-majus-13-es-19-kozott\/\" \/>\n<meta property=\"og:site_name\" content=\"Stuttgarti Katolikusok\" \/>\n<meta property=\"article:published_time\" content=\"2019-05-13T04:52:27+00:00\" \/>\n<meta property=\"article:modified_time\" content=\"2020-04-27T08:58:23+00:00\" \/>\n<meta name=\"author\" content=\"Tibor atya\" \/>\n<meta name=\"twitter:card\" content=\"summary_large_image\" \/>\n<meta name=\"twitter:label1\" content=\"Szerz\u0151:\" \/>\n\t<meta name=\"twitter:data1\" content=\"Tibor atya\" \/>\n\t<meta name=\"twitter:label2\" content=\"Becs\u00fclt olvas\u00e1si id\u0151\" \/>\n\t<meta name=\"twitter:data2\" content=\"1 perc\" \/>\n<script type=\"application\/ld+json\" class=\"yoast-schema-graph\">{\"@context\":\"https:\\\/\\\/schema.org\",\"@graph\":[{\"@type\":\"Article\",\"@id\":\"https:\\\/\\\/stuttgarti-katolikusok.de\\\/index.php\\\/programelozetes-majus-13-es-19-kozott\\\/#article\",\"isPartOf\":{\"@id\":\"https:\\\/\\\/stuttgarti-katolikusok.de\\\/index.php\\\/programelozetes-majus-13-es-19-kozott\\\/\"},\"author\":{\"name\":\"Tibor atya\",\"@id\":\"https:\\\/\\\/stuttgarti-katolikusok.de\\\/#\\\/schema\\\/person\\\/75908d6f8fdc03a57889d27209df7795\"},\"headline\":\"Programel\u0151zetes m\u00e1jus 13 \u00e9s 19 k\u00f6z\u00f6tt\",\"datePublished\":\"2019-05-13T04:52:27+00:00\",\"dateModified\":\"2020-04-27T08:58:23+00:00\",\"mainEntityOfPage\":{\"@id\":\"https:\\\/\\\/stuttgarti-katolikusok.de\\\/index.php\\\/programelozetes-majus-13-es-19-kozott\\\/\"},\"wordCount\":282,\"articleSection\":[\"Progamel\u0151zetes\"],\"inLanguage\":\"hu\"},{\"@type\":\"WebPage\",\"@id\":\"https:\\\/\\\/stuttgarti-katolikusok.de\\\/index.php\\\/programelozetes-majus-13-es-19-kozott\\\/\",\"url\":\"https:\\\/\\\/stuttgarti-katolikusok.de\\\/index.php\\\/programelozetes-majus-13-es-19-kozott\\\/\",\"name\":\"Programel\u0151zetes m\u00e1jus 13 \u00e9s 19 k\u00f6z\u00f6tt - Stuttgarti Katolikusok\",\"isPartOf\":{\"@id\":\"https:\\\/\\\/stuttgarti-katolikusok.de\\\/#website\"},\"datePublished\":\"2019-05-13T04:52:27+00:00\",\"dateModified\":\"2020-04-27T08:58:23+00:00\",\"author\":{\"@id\":\"https:\\\/\\\/stuttgarti-katolikusok.de\\\/#\\\/schema\\\/person\\\/75908d6f8fdc03a57889d27209df7795\"},\"breadcrumb\":{\"@id\":\"https:\\\/\\\/stuttgarti-katolikusok.de\\\/index.php\\\/programelozetes-majus-13-es-19-kozott\\\/#breadcrumb\"},\"inLanguage\":\"hu\",\"potentialAction\":[{\"@type\":\"ReadAction\",\"target\":[\"https:\\\/\\\/stuttgarti-katolikusok.de\\\/index.php\\\/programelozetes-majus-13-es-19-kozott\\\/\"]}]},{\"@type\":\"BreadcrumbList\",\"@id\":\"https:\\\/\\\/stuttgarti-katolikusok.de\\\/index.php\\\/programelozetes-majus-13-es-19-kozott\\\/#breadcrumb\",\"itemListElement\":[{\"@type\":\"ListItem\",\"position\":1,\"name\":\"Kezd\u0151lap\",\"item\":\"https:\\\/\\\/stuttgarti-katolikusok.de\\\/\"},{\"@type\":\"ListItem\",\"position\":2,\"name\":\"Programel\u0151zetes m\u00e1jus 13 \u00e9s 19 k\u00f6z\u00f6tt\"}]},{\"@type\":\"WebSite\",\"@id\":\"https:\\\/\\\/stuttgarti-katolikusok.de\\\/#website\",\"url\":\"https:\\\/\\\/stuttgarti-katolikusok.de\\\/\",\"name\":\"Stuttgarti Katolikusok\",\"description\":\"\",\"potentialAction\":[{\"@type\":\"SearchAction\",\"target\":{\"@type\":\"EntryPoint\",\"urlTemplate\":\"https:\\\/\\\/stuttgarti-katolikusok.de\\\/?s={search_term_string}\"},\"query-input\":{\"@type\":\"PropertyValueSpecification\",\"valueRequired\":true,\"valueName\":\"search_term_string\"}}],\"inLanguage\":\"hu\"},{\"@type\":\"Person\",\"@id\":\"https:\\\/\\\/stuttgarti-katolikusok.de\\\/#\\\/schema\\\/person\\\/75908d6f8fdc03a57889d27209df7795\",\"name\":\"Tibor atya\",\"image\":{\"@type\":\"ImageObject\",\"inLanguage\":\"hu\",\"@id\":\"https:\\\/\\\/secure.gravatar.com\\\/avatar\\\/61d268e57d1f4525b111222e29d2d5a7f8c420fdbf231ba5566a8ceac74fa960?s=96&d=mm&r=g\",\"url\":\"https:\\\/\\\/secure.gravatar.com\\\/avatar\\\/61d268e57d1f4525b111222e29d2d5a7f8c420fdbf231ba5566a8ceac74fa960?s=96&d=mm&r=g\",\"contentUrl\":\"https:\\\/\\\/secure.gravatar.com\\\/avatar\\\/61d268e57d1f4525b111222e29d2d5a7f8c420fdbf231ba5566a8ceac74fa960?s=96&d=mm&r=g\",\"caption\":\"Tibor atya\"},\"url\":\"https:\\\/\\\/stuttgarti-katolikusok.de\\\/index.php\\\/author\\\/tibor-atya\\\/\"}]}<\/script>\n<!-- \/ Yoast SEO plugin. -->","yoast_head_json":{"title":"Programel\u0151zetes m\u00e1jus 13 \u00e9s 19 k\u00f6z\u00f6tt - Stuttgarti Katolikusok","robots":{"index":"index","follow":"follow","max-snippet":"max-snippet:-1","max-image-preview":"max-image-preview:large","max-video-preview":"max-video-preview:-1"},"canonical":"https:\/\/stuttgarti-katolikusok.de\/index.php\/programelozetes-majus-13-es-19-kozott\/","og_locale":"hu_HU","og_type":"article","og_title":"Programel\u0151zetes m\u00e1jus 13 \u00e9s 19 k\u00f6z\u00f6tt - Stuttgarti Katolikusok","og_description":"Programel\u0151zetes M\u00e1jus 15-\u00e9n, szerd\u00e1n, \u00a0\u00a0\u00a0\u00a0\u00a0\u00a0\u00a0\u00a0\u00a0\u00a0\u00a0 Stuttgartban 10.15 \u00f3rakor n\u00e9met nyelv\u0171 szentmise. * M\u00e1jus 16-\u00e1n, cs\u00fct\u00f6rt\u00f6k\u00f6n, \u00a0\u00a0\u00a0\u00a0\u00a0\u00a0\u00a0\u00a0\u00a0\u00a0\u00a0 Ulmi d\u00e9lut\u00e1n, 17.30 \u00f3rakor r\u00f3zsaf\u00fcz\u00e9r im\u00e1ds\u00e1g, ut\u00e1na szentmise. * M\u00e1jus 17-19 k\u00f6z\u00f6tt Egyh\u00e1zk\u00f6zs\u00e9g\u00fcnk alap\u00edt\u00e1s\u00e1nak 72. \u00e9vfordul\u00f3ja alkalm\u00e1b\u00f3l h\u00e1romnapos rendezv\u00e9ny. D\u00edszvend\u00e9geink Dr. M\u00e1rfi Gyula veszpr\u00e9mi \u00e9rsek atya \u00e9s az Aranycsapat Alap\u00edtv\u00e1ny r\u00e9sz\u00e9r\u0151l K\u00fc Lajos illetve Wichmann Tam\u00e1s. * M\u00e1jus 17-\u00e9n, p\u00e9nteken, \u00a0 \u00a0 \u00a0 \u00a0 \u00a0 \u00a0 Stuttgartban 16.00 \u00f3rakor Bar\u00e1ts\u00e1gklub. 18.00 \u00f3rakor m\u00e1jusi \u00e1jtatoss\u00e1g. Ut\u00e1na szentmise. 19.00 \u00f3rakor vet\u00edt\u00e9s el\u0151ad\u00e1s az Aranycsapatr\u00f3l a Magyar Kult\u00farint\u00e9zetben. \u00a0\u00a0\u00a0\u00a0\u00a0\u00a0\u00a0\u00a0\u00a0\u00a0\u00a0 A Weingarti d\u00e9lut\u00e1n ELMARAD! * M\u00e1jus 18-\u00e1n, szombaton, \u00a0 \u00a0 \u00a0 \u00a0 \u00a0 \u00a0 \u00a0Stuttgartban 10.00 \u00f3r\u00e1t\u00f3l 18.00 \u00f3r\u00e1ig foci Aranycsapat-Eml\u00e9ktorna a Bruder-Klaus-templom melletti sportp\u00e1ly\u00e1n. * M\u00e1jus 19-\u00e9n, H\u00fasv\u00e9t 5. vas\u00e1rnapj\u00e1n, \u00a0\u00a0\u00a0\u00a0\u00a0\u00a0\u00a0\u00a0\u00a0\u00a0\u00a0 Ludwigsburgban 9.30 \u00f3rakor szentmise, ut\u00e1na \u00e1g\u00e1p\u00e9. \u00a0 \u00a0 \u00a0 \u00a0 \u00a0 \u00a0 Stuttgartban 12.00 \u00f3rakor szentmise. Keret\u00e9ben els\u0151\u00e1ldoz\u00e1s \u00e9s b\u00e9rm\u00e1lkoz\u00e1s. Ut\u00e1na k\u00f6z\u00f6s eb\u00e9d. Majd 15.00 \u00f3rakor besz\u00e9lget\u00e9s Dr. M\u00e1rfi Gyula veszpr\u00e9mi \u00e9rsekkel a vil\u00e1gegyh\u00e1z \u00e9s a magyar egyh\u00e1z dolgair\u00f3l. * Minden helyen mindenkit szeretettel v\u00e1r a k\u00f6z\u00f6ss\u00e9g Tibor atya \u00e9s Imre atya! \u201e\u00dagy kell im\u00e1dkoznunk, mintha minden Istent\u0151l f\u00fcggene, \u00e9s \u00fagy dolgozni, mintha minden t\u0151l\u00fcnk f\u00fcggne.\u201d (Szent \u00c1goston \u2013 354-430 \u2013 p\u00fcsp\u00f6k, egyh\u00e1zatya, filoz\u00f3fus) Kegyelemteljes h\u00fasv\u00e9ti napokat \u00e9s \u00f6r\u00f6mteli tal\u00e1lkoz\u00e1sokat k\u00edv\u00e1nunk minden Kedves H\u00edv\u00fcnknek!","og_url":"https:\/\/stuttgarti-katolikusok.de\/index.php\/programelozetes-majus-13-es-19-kozott\/","og_site_name":"Stuttgarti Katolikusok","article_published_time":"2019-05-13T04:52:27+00:00","article_modified_time":"2020-04-27T08:58:23+00:00","author":"Tibor atya","twitter_card":"summary_large_image","twitter_misc":{"Szerz\u0151:":"Tibor atya","Becs\u00fclt olvas\u00e1si id\u0151":"1 perc"},"schema":{"@context":"https:\/\/schema.org","@graph":[{"@type":"Article","@id":"https:\/\/stuttgarti-katolikusok.de\/index.php\/programelozetes-majus-13-es-19-kozott\/#article","isPartOf":{"@id":"https:\/\/stuttgarti-katolikusok.de\/index.php\/programelozetes-majus-13-es-19-kozott\/"},"author":{"name":"Tibor atya","@id":"https:\/\/stuttgarti-katolikusok.de\/#\/schema\/person\/75908d6f8fdc03a57889d27209df7795"},"headline":"Programel\u0151zetes m\u00e1jus 13 \u00e9s 19 k\u00f6z\u00f6tt","datePublished":"2019-05-13T04:52:27+00:00","dateModified":"2020-04-27T08:58:23+00:00","mainEntityOfPage":{"@id":"https:\/\/stuttgarti-katolikusok.de\/index.php\/programelozetes-majus-13-es-19-kozott\/"},"wordCount":282,"articleSection":["Progamel\u0151zetes"],"inLanguage":"hu"},{"@type":"WebPage","@id":"https:\/\/stuttgarti-katolikusok.de\/index.php\/programelozetes-majus-13-es-19-kozott\/","url":"https:\/\/stuttgarti-katolikusok.de\/index.php\/programelozetes-majus-13-es-19-kozott\/","name":"Programel\u0151zetes m\u00e1jus 13 \u00e9s 19 k\u00f6z\u00f6tt - Stuttgarti Katolikusok","isPartOf":{"@id":"https:\/\/stuttgarti-katolikusok.de\/#website"},"datePublished":"2019-05-13T04:52:27+00:00","dateModified":"2020-04-27T08:58:23+00:00","author":{"@id":"https:\/\/stuttgarti-katolikusok.de\/#\/schema\/person\/75908d6f8fdc03a57889d27209df7795"},"breadcrumb":{"@id":"https:\/\/stuttgarti-katolikusok.de\/index.php\/programelozetes-majus-13-es-19-kozott\/#breadcrumb"},"inLanguage":"hu","potentialAction":[{"@type":"ReadAction","target":["https:\/\/stuttgarti-katolikusok.de\/index.php\/programelozetes-majus-13-es-19-kozott\/"]}]},{"@type":"BreadcrumbList","@id":"https:\/\/stuttgarti-katolikusok.de\/index.php\/programelozetes-majus-13-es-19-kozott\/#breadcrumb","itemListElement":[{"@type":"ListItem","position":1,"name":"Kezd\u0151lap","item":"https:\/\/stuttgarti-katolikusok.de\/"},{"@type":"ListItem","position":2,"name":"Programel\u0151zetes m\u00e1jus 13 \u00e9s 19 k\u00f6z\u00f6tt"}]},{"@type":"WebSite","@id":"https:\/\/stuttgarti-katolikusok.de\/#website","url":"https:\/\/stuttgarti-katolikusok.de\/","name":"Stuttgarti Katolikusok","description":"","potentialAction":[{"@type":"SearchAction","target":{"@type":"EntryPoint","urlTemplate":"https:\/\/stuttgarti-katolikusok.de\/?s={search_term_string}"},"query-input":{"@type":"PropertyValueSpecification","valueRequired":true,"valueName":"search_term_string"}}],"inLanguage":"hu"},{"@type":"Person","@id":"https:\/\/stuttgarti-katolikusok.de\/#\/schema\/person\/75908d6f8fdc03a57889d27209df7795","name":"Tibor atya","image":{"@type":"ImageObject","inLanguage":"hu","@id":"https:\/\/secure.gravatar.com\/avatar\/61d268e57d1f4525b111222e29d2d5a7f8c420fdbf231ba5566a8ceac74fa960?s=96&d=mm&r=g","url":"https:\/\/secure.gravatar.com\/avatar\/61d268e57d1f4525b111222e29d2d5a7f8c420fdbf231ba5566a8ceac74fa960?s=96&d=mm&r=g","contentUrl":"https:\/\/secure.gravatar.com\/avatar\/61d268e57d1f4525b111222e29d2d5a7f8c420fdbf231ba5566a8ceac74fa960?s=96&d=mm&r=g","caption":"Tibor atya"},"url":"https:\/\/stuttgarti-katolikusok.de\/index.php\/author\/tibor-atya\/"}]}},"_links":{"self":[{"href":"https:\/\/stuttgarti-katolikusok.de\/index.php\/wp-json\/wp\/v2\/posts\/16837","targetHints":{"allow":["GET"]}}],"collection":[{"href":"https:\/\/stuttgarti-katolikusok.de\/index.php\/wp-json\/wp\/v2\/posts"}],"about":[{"href":"https:\/\/stuttgarti-katolikusok.de\/index.php\/wp-json\/wp\/v2\/types\/post"}],"author":[{"embeddable":true,"href":"https:\/\/stuttgarti-katolikusok.de\/index.php\/wp-json\/wp\/v2\/users\/3"}],"replies":[{"embeddable":true,"href":"https:\/\/stuttgarti-katolikusok.de\/index.php\/wp-json\/wp\/v2\/comments?post=16837"}],"version-history":[{"count":3,"href":"https:\/\/stuttgarti-katolikusok.de\/index.php\/wp-json\/wp\/v2\/posts\/16837\/revisions"}],"predecessor-version":[{"id":16842,"href":"https:\/\/stuttgarti-katolikusok.de\/index.php\/wp-json\/wp\/v2\/posts\/16837\/revisions\/16842"}],"wp:attachment":[{"href":"https:\/\/stuttgarti-katolikusok.de\/index.php\/wp-json\/wp\/v2\/media?parent=16837"}],"wp:term":[{"taxonomy":"category","embeddable":true,"href":"https:\/\/stuttgarti-katolikusok.de\/index.php\/wp-json\/wp\/v2\/categories?post=16837"},{"taxonomy":"post_tag","embeddable":true,"href":"https:\/\/stuttgarti-katolikusok.de\/index.php\/wp-json\/wp\/v2\/tags?post=16837"}],"curies":[{"name":"wp","href":"https:\/\/api.w.org\/{rel}","templated":true}]}}