{"id":16781,"date":"2019-05-06T09:12:43","date_gmt":"2019-05-06T09:12:43","guid":{"rendered":"https:\/\/gracious-dewdney.138-201-221-2.plesk.page\/?p=16781"},"modified":"2020-04-27T15:38:58","modified_gmt":"2020-04-27T15:38:58","slug":"sebestyen-peter-apa-csak-egy-van","status":"publish","type":"post","link":"https:\/\/stuttgarti-katolikusok.de\/index.php\/sebestyen-peter-apa-csak-egy-van\/","title":{"rendered":"Sebesty\u00e9n P\u00e9ter: Apa csak egy van"},"content":{"rendered":"<p><strong>Apa csak egy van<\/strong><\/p>\n<p>Ap\u00e1tlan t\u00e1rsadalomban \u00e9l\u00fcnk. Eln\u0151iesed\u0151 szakm\u00e1kr\u00f3l sz\u00e1molnak be a statisztik\u00e1k, l\u00e1gy, finomlelk\u0171, gy\u00f6ng\u00e9d f\u00e9rfiakr\u00f3l \u00e1lmodoznak a szerelmes l\u00e1nyok, akiket m\u00e1r nem kell megh\u00f3d\u00edtani, hisz eleve \u0151k a kezdem\u00e9nyez\u0151k, a cs\u00e1b\u00edt\u00f3k. Az apas\u00e1g nem egy megbecs\u00fclt szakma. A leend\u0151 ara titkon v\u0151leg\u00e9ny\u00e9ben is apja jellemvon\u00e1sait v\u00e9li felfedezni. Akarja is, meg nem is. Legf\u00f6ljebb majd a saj\u00e1t k\u00e9p\u00e9re form\u00e1lja. Az egyre ritkul\u00f3 h\u00e1zass\u00e1gk\u00f6t\u00e9sek pedig hamar v\u00e1l\u00e1ssal v\u00e9gz\u0151dnek, mert az els\u0151 gyermek ut\u00e1n a n\u0151 m\u00e1r azt bizonygatja mag\u00e1nak, nem azt kapta, amit keresett, s m\u00e1r ki is \u00e1br\u00e1ndult a f\u00e9rfiakb\u00f3l. Mik\u00f6zben a sz\u00fcl\u00e9ssel az anya is megsz\u00fcletett, a f\u00e9rjet v\u00e1ratlanul \u00e9ri az apas\u00e1g, azt\u00e1n visszavonul vagy kisz\u00e1ll a kapcsolatb\u00f3l. Vagy az\u00e9rt, mert nem volt mint\u00e1ja, amibe kapszkodj\u00e9k, vagy, mert \u0151t is harminc \u00e9ves kor\u00e1ig csak anyja nevelte. Nem volt, aki megtan\u00edtsa, mit jelent gy\u0151zni \u00e9s veres\u00e9get szenvedni, k\u00fcldet\u00e9st teljes\u00edteni. Pedig l\u00e9tezik apai \u00f6szt\u00f6n is&#8230;<\/p>\n<p>Az ebben a t\u00e9m\u00e1ban sokasod\u00f3 rekl\u00e1mok, h\u00edrek, konferenci\u00e1k, rendezv\u00e9nyek, projektek is azt sugallj\u00e1k, hogy apa nincs \u00e9s nem is kell. A csal\u00e1don bel\u00fcli er\u0151szak, a n\u0151i egyenjog\u00fas\u00edt\u00e1si k\u00fczdelmek, a \u201em\u00ed\u00ed-t\u00fa\u00fa\u201d botr\u00e1nyok, az \u00e1rva gyermekek \u201eszaporod\u00e1sa\u201d, a v\u00e1l\u00e1s ut\u00e1ni \u201eegysz\u00fcl\u0151s\u201d, csonka csal\u00e1dok jogai, a fiatalkori b\u0171n\u00f6z\u00e9s, a k\u00e1b\u00edt\u00f3szeres band\u00e1k gar\u00e1zd\u00e1lkod\u00e1sainak h\u00e1tter\u00e9ben, de m\u00e9g az egyh\u00e1zon bel\u00fcli kiscsoportos besz\u00e9lget\u00e9sekben is javar\u00e9szt ezt \u00e9rj\u00fck tetten: mi n\u0151k oldjuk meg magunk a probl\u00e9m\u00e1t. Boldogulunk apa n\u00e9lk\u00fcl is. Mert a f\u00e9rfiakra nem lehet sz\u00e1m\u00edtani. R\u00e1juk m\u00e1r nincs is sz\u00fcks\u00e9g&#8230; Legfeljebb, mint p\u00e9nzkeres\u0151kre \u00e9s tart\u00e1sd\u00edjfizet\u0151kre. K\u00fcl\u00f6nben megb\u00edzhatatlanok, \u00e9retlenek, \u201eoffline\u201d vannak, nincs k\u00f6z\u00fck a gyermeknevel\u00e9shez, ezt am\u00fagyis mi jobban tudjuk. Jobban \u00e9rt\u00fcnk a kommunik\u00e1ci\u00f3hoz, a manipul\u00e1ci\u00f3hoz. Ehhez kifinomultabbak az \u00e9rz\u00e9keink. Van lak\u00e1s, aut\u00f3, munkahely, a gyermek is felh\u00e1ny\u00f3dik valahogy. Vagy ki tudja?&#8230;<\/p>\n<p>Hiszen a v\u00e1rand\u00f3ss\u00e1g els\u0151 pillanat\u00f3t\u00f3l az iskol\u00e1s kor v\u00e9g\u00e9ig a gyermek csak n\u0151kkel tal\u00e1lkozik. Sok esetben elv\u00e1lt vagy boldogtalan n\u0151kkel. Mit sz\u00e1m\u00edt, hogy a le\u00e1nyka ap\u00e1s, a fi\u00facska any\u00e1s. Az anyuka majd megb\u00edrk\u00f3zik egyed\u00fcl. Jobban b\u00edrja a gy\u0171r\u0151d\u00e9st. Nem szeretn\u00e9, hogy a gyermekben \u00e9letre sz\u00f3l\u00f3 traum\u00e1t okozzon, hogy apja r\u00e9szeges, er\u0151szakoskodik, \u00e9s nem lehet r\u00e1 sz\u00e1m\u00edtani. Egy amerikai v\u00e1l\u00f3peres b\u00edr\u00f3 is olyan alapon \u00edt\u00e9lte a gyereket az any\u00e1nak, hogy a teh\u00e9ncsord\u00e1ban is a borj\u00fak a tehenek ut\u00e1n mennek, nem a bik\u00e1k ut\u00e1n&#8230;<\/p>\n<p>\u00dagy t\u0171nik, az egyh\u00e1zban is \u2013 minden patriarch\u00e1lis f\u00f3bia dac\u00e1ra \u2013 jelen van ez a kontraszt. J\u00e9zus f\u00e9rfi volt, ez\u00e9rt az apostolok is f\u00e9rfiak, de az\u00e9rt a \u201eszent asszonyok\u201d t\u00f6bben vannak, mint a papok \u00e9s levit\u00e1k. \u0150k a kezdem\u00e9nyez\u0151k, \u0151k a h\u00edrviv\u0151k. A vall\u00e1sos fiatalok is ink\u00e1bb l\u00e1nyok. Tetszik nekik, ahogyan a pap sz\u00e9pen besz\u00e9l, hat az \u00e9rzelmeikre, \u00e9s \u00e9lm\u00e9ny, hogy egy\u00fctt lehetnek. Fi\u00fak akkor csap\u00f3dnak a k\u00f6z\u00f6ss\u00e9ghez, ha valamelyik kiszemelt l\u00e1ny ok\u00e1n \u0151k is \u00e9rdekeltek. Azt\u00e1n j\u00f6n a p\u00e1rv\u00e1laszt\u00e1si peri\u00f3dus, majd kezdenek le- \u00e9s kimaradni&#8230; S az egyh\u00e1z \u00f6rvend a kereszt\u00e9ny ifj\u00fas\u00e1gnak, hisz \u00f6v\u00e9k a j\u00f6v\u0151.\u00a0 A vall\u00e1si rajong\u00e1s eddig tartott. J\u00f3 esetben majd \u00e9vek m\u00falt\u00e1n ifj\u00fa jegyesk\u00e9nt tal\u00e1n el\u0151ker\u00fclnek.<\/p>\n<p>A n\u0151k teszik ki a h\u00edvek nagy h\u00e1nyad\u00e1t. \u0150k az \u00e1jtatosabbak, a fog\u00e9konyabbak a lelkiekre, vel\u00fck tud ink\u00e1bb misszion\u00e1lni az egyh\u00e1z. A (fi\u00fa) gyermekek apjukt\u00f3l ink\u00e1bb az olyan apa-isten k\u00e9p\u00e9t l\u00e1tj\u00e1k, aki t\u00e1vol van \u2013 hiszen k\u00fclf\u00f6ld\u00f6n dolgozik, p\u00e9nzt keres, vagy otthagyta a csal\u00e1dot \u2013, nehezen megk\u00f6zel\u00edthet\u0151, szigor\u00fa, csak parancsol \u00e9s ellen\u0151riz, m\u00e9g vet\u00e9lyt\u00e1rs is, mert \u0150 a f\u0151n\u00f6k, nem \u00e9n&#8230; \u00c9s nem j\u00e1tszik vel\u00fck, nem emeli \u00e1t a k\u00fcsz\u00f6b\u00f6n, nem dobja fel \u00e9s nem fogja ki. Isten anyai arc\u00e1t kell t\u00fckr\u00f6zn\u00fcnk, az anyai von\u00e1sok melegebbek, befogad\u00f3bbak, enged\u00e9kenyebbek \u2013 hangoztatj\u00e1k a mai kritikusok. \u00cdgy nem ijesztj\u00fck el a gyermekeket, a h\u00edv\u0151ket Istent\u0151l, az egyh\u00e1zt\u00f3l. Hisz az egyh\u00e1znak is olyannak kell lennie, mint Istennek. Megbocs\u00e1jt\u00f3nak, t\u00fcrelmesnek, irgalmasnak.<\/p>\n<p>\u00c1m ha rejtett m\u00f3don is, de az alapemberek a f\u00e9rfiak k\u00f6z\u00fcl ker\u00fclnek ki. <strong>Im\u00e1dkoz\u00f3 asszonyok \u00e9s cselekv\u0151 f\u00e9rfiak<\/strong>, egy kis t\u00falz\u00e1ssal tal\u00e1n \u00edgy kiegyezhet\u00fcnk.<\/p>\n<p>Ha viszont ennyire szeretn\u00e9nk eln\u0151ies\u00edteni, vagy kasztr\u00e1lni a vil\u00e1got, akkor hol maradnak a f\u00e9rfi szentek er\u00e9nyei: a k\u00fczd\u00e9s, az \u00e1llhatatoss\u00e1g, a kitart\u00e1s, a kezdem\u00e9nyez\u0151 er\u0151, a b\u00e1tors\u00e1g, a becs\u00fcletess\u00e9g, a felel\u0151ss\u00e9gv\u00e1llal\u00e1s, az akt\u00edv alkot\u00e1s, \u00e1ldozathozatal \u00e9s konfront\u00e1l\u00f3d\u00e1s? Ezeket az er\u00e9nyeket kit\u0151l, hol tanulja meg gyermek\u00fcnk? A le\u00e1nygyermek ugyancsak. Szembemenni a neh\u00e9zs\u00e9gekkel, v\u00e1llalni a kih\u00edv\u00e1sokat \u00e9s felvenni a harcot a gonoszs\u00e1gal, \u2013 ez kire marad?<\/p>\n<p>A k\u00fcl\u00f6nf\u00e9le pszichol\u00f3giai szakk\u00f6nyvek, tan\u00e1csad\u00f3k mindenf\u00e9l\u00e9t aj\u00e1nlanak: r\u00e9szmunkaid\u0151s munkahelyek, szoci\u00e1lis int\u00e9zked\u00e9sek a n\u0151k v\u00e9delme \u00e9rdek\u00e9ben, csal\u00e1dbar\u00e1t gazdas\u00e1g, politika, \u00e9s hasonl\u00f3k, csak egyet felejtenek el megeml\u00edteni: a n\u0151k, b\u00e1r hamarabb \u00e9rnek p\u00e1r \u00e9vvel \u2013 tanulj\u00e1k meg tisztelni \u00e9s elismerni a f\u00e9rfit. Ahogy nem megold\u00e1s a n\u0151k kihaszn\u00e1l\u00e1sa, az er\u0151vel val\u00f3 visszal\u00e9l\u00e9s, \u00fagy ford\u00edtva is igaz: a n\u0151knek sem kellene vissza\u00e9lni Isten adta k\u00e9pess\u00e9geikkel. Ez nem az \u0151 jogaik csorb\u00edt\u00e1s\u00e1t jelenti.<\/p>\n<p>\u00d6ngyilkos t\u00e1rsadalom, amikor az Isten \u00e1ltal k\u00f3dolt szerepek, feladatok felcser\u00e9l\u0151dnek vagy viszonylagoss\u00e1 v\u00e1lnak. A tisztelet is a szeretet jele. A f\u00e9rfi h\u00e1romszor\u00a0 kevesebbet besz\u00e9l, mint a n\u0151. S ez \u00edgy van rendj\u00e9n. \u00a0De att\u00f3l \u0151 is milli\u00f3 m\u00e1s m\u00f3don jelez, reag\u00e1l, \u00fczenetet k\u00f6zvet\u00edt. Ez\u00e9rt van sz\u00fcks\u00e9g a gyermeknek legal\u00e1bbb olyan m\u00e9rt\u00e9kben ap\u00e1ra, f\u00e9rfi mint\u00e1ra is. \u00cdgy lesz eg\u00e9szs\u00e9ges. Eml\u00e9kszem, megboldogult \u00e9desap\u00e1m \u00e9s \u00e9desany\u00e1m nem j\u00e1rtak pszichol\u00f3giai tr\u00e9ningekre \u00e9s nem vont\u00e1k k\u00e9ts\u00e9gbe egym\u00e1s nemi szerep\u00e9t vagy illet\u00e9kess\u00e9g\u00e9t. Egym\u00e1st nem elb\u00e1tortalan\u00edtott\u00e1k \u00f6nazonoss\u00e1g\u00e1ban, hanem meger\u0151s\u00edtett\u00e9k. \u00a0Nek\u00fcnk sem volt k\u00f6nnyebb gyermekkorunk m\u00e1sok\u00e9n\u00e1l, s sz\u00fcleink m\u00e9gsem a v\u00e1l\u00e1st tartott\u00e1k az egyetlen, lehets\u00e9ges megold\u00e1snak. De kaptunk egyar\u00e1nt anyai \u00e9s apai szeretetet, mint\u00e1t. Egy anya nem tud apa lenni, ha akar sem. Ahogyan a f\u00e9rfi sem sz\u00fclhet gyermeket. Ez\u00e9rt fontos figyelni a m\u00e1sikra, a m\u00e1sik szeretetnyelv\u00e9re, hiszen nemcsak verb\u00e1lis kommunik\u00e1ci\u00f3 l\u00e9tezik. L\u00e9tezik a csend, gesztusok, a hallgat\u00e1s, a tekintet, az im\u00e1ds\u00e1g, az Istenre egy\u00fctt figyel\u00e9s kommunik\u00e1ci\u00f3ja is.<\/p>\n<p>Ez\u00e9rt tartom k\u00fcl\u00f6n\u00f6sen is \u00e9rt\u00e9kes aj\u00e1nd\u00e9knak a marosszentgy\u00f6rgyi k\u00e1rmelit\u00e1k nem r\u00e9g megjelent k\u00f6nyv\u00e9t: Szent J\u00f3zsef, az Atya \u00e1rny\u00e9ka.<a name=\"_ftnref1\"><\/a><a href=\"http:\/\/www.peterpater.com\/#_ftn1\">[1]<\/a><\/p>\n<p>Ebben a k\u00f6nyvben, amelyet Katalin n\u0151v\u00e9r a 2010-ben elhunyt lourdesi pl\u00e9b\u00e1nos misztikus elm\u00e9lked\u00e9seit \u00fcltette \u00e1t magyarra, a szerz\u0151 arra h\u00edvja fel a figyelmet, hogy Szent J\u00f3zsef akkor is val\u00f3di, igazi apa, ha nem volt biol\u00f3giai, v\u00e9rs\u00e9gi \u201ek\u00f6ze\u201d Krisztushoz. De jogilag M\u00e1ria f\u00e9rje volt, \u00e9s \u00edgy a Kis J\u00e9zus val\u00f3s\u00e1gos apj\u00e1nak is sz\u00e1m\u00edtott. Nem csak gy\u00e1mnak kijel\u00f6lt fel\u00fcgyel\u0151, hanem igazi csal\u00e1df\u0151. Ebben az \u00e9rthetetlen helyzetben is, amikor el kellett volna bocs\u00e1tania mennyasszony\u00e1t, v\u00e1llalta M\u00e1ri\u00e1t. Gy\u00f6tr\u0151d\u00e9seiben kik\u00e9rte Isten \u201ev\u00e9lem\u00e9ny\u00e9t\u201d, \u00e9s al\u00e1vetette mag\u00e1t ennek az \u0151t fel\u00fclm\u00fal\u00f3 akaratnak. M\u00e1ri\u00e1t\u00f3l elleshette az Istennel tartott szoros kapcsolat titk\u00e1t, de emberi, f\u00e9rfi\u00fai, apai magatart\u00e1s\u00e1val teljes jog\u00fa apak\u00e9nt viselkedett J\u00e9zussal. Mint kiscsik\u00f3t betan\u00edtotta az \u00e9letre. Bizony\u00e1ra egy\u00fctt j\u00e1tszott, sokat besz\u00e9lgetett vele. Voltak f\u00e9rfias dolgok, amit ketten besz\u00e9ltek meg.<\/p>\n<p>Igazi mentor szerepet t\u00f6lt\u00f6tt be. Megtan\u00edtotta a gyermeket hiszti n\u00e9lk\u00fcl szenvedni, kitart\u00f3an, Istenre hagyatkozva munk\u00e1lkodni. \u00c9s lassan h\u00e1tt\u00e9rbe vonulni, engedni, hogy m\u0171k\u00f6dj\u00f6n a Gondvisel\u00e9s. J\u00f3zsefnek szav\u00e1t sem hallani az evang\u00e9liumban. Micsoda kommunik\u00e1ci\u00f3! M\u00e1ria pedig elismerte, tisztelte J\u00f3zsef f\u00e9rfi\u00fas\u00e1g\u00e1t, an\u00e9lk\u00fcl, hogy h\u00e1zi s\u00e1rk\u00e1nny\u00e1 v\u00e1ltozott volna. T\u00e1vol \u00e1llt t\u0151le az amazon szerep, a harcias, folyton verseng\u0151-tiltakoz\u00f3 vagy jogai\u00e9rt l\u00e1ndzs\u00e1t t\u00f6r\u0151 matr\u00f3na gondolata is.<\/p>\n<p>Emellett Szent J\u00f3zsef a csend embere. A csendben, az \u00e1lomban engedj\u00fck ki a dolgokat ellen\u0151rz\u00e9s\u00fcnk al\u00f3l, \u00e9s hagyjuk, hogy Isten megsz\u00f3laljon, vezessen, alak\u00edtson. A Szentcsal\u00e1dban az a k\u00f6vetni val\u00f3 minta, hogy nem az \u00e9rzelem \u00e9s a r\u00e1ci\u00f3 fesz\u00fclt egym\u00e1snak, nem a f\u00e9rfi volt a fej, s a n\u0151 a nyak, hanem mindketten, a maguk okoskod\u00e1s, magyar\u00e1zkod\u00e1s, kib\u00fav\u00f3-keres\u00e9s n\u00e9lk\u00fcli egyszer\u0171s\u00e9g\u00e9ben Isten kedv\u00e9t kerest\u00e9k, az \u00dar akarat\u00e1ra voltak k\u00edv\u00e1ncsiak, szabadd\u00e1 v\u00e1ltak \u00f6nmagukt\u00f3l f\u00e9rfiass\u00e1gukban \u00e9s n\u0151iess\u00e9g\u00fckben egyar\u00e1nt.<\/p>\n<p>J\u00f3zsef \u00fagy menek\u00fclt meg az eg\u00f3, a becsv\u00e1gy g\u0151gj\u00e9t\u0151l, hogy r\u00e1b\u00edzta mag\u00e1t az \u00darra. Gyakorolta az akaratunkat, \u00f6nt\u00f6rv\u00e9ny\u0171s\u00e9g\u00fcnket elenged\u00e9s m\u0171v\u00e9szet\u00e9t. Nem kellett bizony\u00edtania M\u00e1ria el\u0151tt, nem k\u00e9sett le sehonnan, hiszen az id\u0151 neki dolgozott. \u00c9rtelm\u00e9vel belesimult a Szentl\u00e9lek megvil\u00e1gos\u00edt\u00f3 \u00e1ram\u00e1ba, \u00edgy v\u00e1lt \u00e9lesl\u00e1t\u00f3v\u00e1 minden pillanatban.<\/p>\n<p>Milyen j\u00f3 lenne, ha a mai h\u00e1zasp\u00e1rok is \u00fajragondoln\u00e1k kapcsolatukat ennek a misztikus m\u00e9lys\u00e9gnek \u00e9s magass\u00e1gnak h\u00e9tk\u00f6znapi egyszer\u0171s\u00e9g\u00e9ben. Ha megtanuln\u00e1k tisztelni \u00e9s elfogadni a m\u00e1sik titk\u00e1t. Jobban megbecs\u00fcln\u00e9k egym\u00e1st, nem lenne annyi apakr\u00edzis, annyi egyed\u00fcl\u00e1ll\u00f3 anya, \u00e1rva gyermek \u00e9s frusztr\u00e1lt apa.<\/p>\n<p>\u0150k lenn\u00e9nek a csal\u00e1dban Isten jobb \u00e9s balkeze. \u0150k lenn\u00e9nek az Atya \u00e1rny\u00e9ka. Mint Szent J\u00f3zsef. Az \u00e1rny\u00e9k olyan, mint egy pal\u00e1st: kijel\u00f6l, megv\u00e9d, beburkol, h\u0171s\u00edt, \u00e9s jelzi, hogy ott van veled Valaki, aki nagyobb n\u00e1lad. \u00d6v\u00e9 vagy.<\/p>\n<p>Sebesty\u00e9n P\u00e9ter atya<\/p>\n<p><a name=\"_ftn1\"><\/a><a href=\"http:\/\/www.peterpater.com\/#_ftnref1\">[1]<\/a><em><strong>Andr\u00e9 Doze: SZENT J\u00d3ZSEF, AZ ATYA \u00c1RNY\u00c9KA, Verbum, Kolozsv\u00e1r, 2019<\/strong><\/em><\/p>\n<p>&nbsp;<\/p>\n<p>http:\/\/www.peterpater.com\/content\/hu\/Alkalmi-irasok\/11\/Apa-csak-egy-van-285<\/p>\n","protected":false},"excerpt":{"rendered":"<p>Apa csak egy van Ap\u00e1tlan t\u00e1rsadalomban \u00e9l\u00fcnk. Eln\u0151iesed\u0151 szakm\u00e1kr\u00f3l sz\u00e1molnak be a statisztik\u00e1k, l\u00e1gy, finomlelk\u0171, gy\u00f6ng\u00e9d f\u00e9rfiakr\u00f3l \u00e1lmodoznak a szerelmes l\u00e1nyok, akiket m\u00e1r nem kell megh\u00f3d\u00edtani, hisz eleve \u0151k a kezdem\u00e9nyez\u0151k, a cs\u00e1b\u00edt\u00f3k. Az apas\u00e1g nem egy megbecs\u00fclt szakma. A leend\u0151 ara titkon v\u0151leg\u00e9ny\u00e9ben is apja jellemvon\u00e1sait v\u00e9li felfedezni. Akarja is, meg nem is. Legf\u00f6ljebb majd a saj\u00e1t k\u00e9p\u00e9re form\u00e1lja. Az egyre ritkul\u00f3 h\u00e1zass\u00e1gk\u00f6t\u00e9sek pedig hamar v\u00e1l\u00e1ssal v\u00e9gz\u0151dnek, mert az els\u0151 gyermek ut\u00e1n a n\u0151 m\u00e1r azt bizonygatja mag\u00e1nak, nem azt kapta, amit keresett, s m\u00e1r ki is \u00e1br\u00e1ndult a f\u00e9rfiakb\u00f3l. Mik\u00f6zben a sz\u00fcl\u00e9ssel az anya is megsz\u00fcletett, a f\u00e9rjet v\u00e1ratlanul \u00e9ri az apas\u00e1g, azt\u00e1n visszavonul vagy kisz\u00e1ll a kapcsolatb\u00f3l. Vagy az\u00e9rt, mert nem volt mint\u00e1ja, amibe kapszkodj\u00e9k, vagy, mert \u0151t is harminc \u00e9ves kor\u00e1ig csak anyja nevelte. Nem volt, aki megtan\u00edtsa, mit jelent gy\u0151zni \u00e9s veres\u00e9get szenvedni, k\u00fcldet\u00e9st teljes\u00edteni. Pedig l\u00e9tezik apai \u00f6szt\u00f6n is&#8230; Az ebben a t\u00e9m\u00e1ban sokasod\u00f3 rekl\u00e1mok, h\u00edrek, konferenci\u00e1k, rendezv\u00e9nyek, projektek is azt sugallj\u00e1k, hogy apa nincs \u00e9s nem is kell. A csal\u00e1don bel\u00fcli er\u0151szak, a n\u0151i egyenjog\u00fas\u00edt\u00e1si k\u00fczdelmek, a \u201em\u00ed\u00ed-t\u00fa\u00fa\u201d botr\u00e1nyok, az \u00e1rva gyermekek \u201eszaporod\u00e1sa\u201d, a v\u00e1l\u00e1s ut\u00e1ni \u201eegysz\u00fcl\u0151s\u201d, csonka csal\u00e1dok jogai, a fiatalkori b\u0171n\u00f6z\u00e9s, a k\u00e1b\u00edt\u00f3szeres band\u00e1k gar\u00e1zd\u00e1lkod\u00e1sainak h\u00e1tter\u00e9ben, de m\u00e9g az egyh\u00e1zon bel\u00fcli kiscsoportos besz\u00e9lget\u00e9sekben is javar\u00e9szt ezt \u00e9rj\u00fck tetten: mi n\u0151k oldjuk meg magunk a probl\u00e9m\u00e1t. Boldogulunk apa n\u00e9lk\u00fcl is. Mert a f\u00e9rfiakra nem lehet sz\u00e1m\u00edtani. R\u00e1juk m\u00e1r nincs is sz\u00fcks\u00e9g&#8230; Legfeljebb, mint p\u00e9nzkeres\u0151kre \u00e9s tart\u00e1sd\u00edjfizet\u0151kre. K\u00fcl\u00f6nben megb\u00edzhatatlanok, \u00e9retlenek, \u201eoffline\u201d vannak, nincs k\u00f6z\u00fck a gyermeknevel\u00e9shez, ezt am\u00fagyis mi jobban tudjuk. Jobban \u00e9rt\u00fcnk a kommunik\u00e1ci\u00f3hoz, a manipul\u00e1ci\u00f3hoz. Ehhez kifinomultabbak az \u00e9rz\u00e9keink. Van lak\u00e1s, aut\u00f3, munkahely, a gyermek is felh\u00e1ny\u00f3dik valahogy. Vagy ki tudja?&#8230; Hiszen a v\u00e1rand\u00f3ss\u00e1g els\u0151 pillanat\u00f3t\u00f3l az iskol\u00e1s kor v\u00e9g\u00e9ig a gyermek csak n\u0151kkel tal\u00e1lkozik. Sok esetben elv\u00e1lt vagy boldogtalan n\u0151kkel. Mit sz\u00e1m\u00edt, hogy a le\u00e1nyka ap\u00e1s, a fi\u00facska any\u00e1s. Az&#8230; <\/p>\n<p><a class=\"readmore\" href=\"https:\/\/stuttgarti-katolikusok.de\/index.php\/sebestyen-peter-apa-csak-egy-van\/\">R\u00e9szletek<\/a><\/p>\n","protected":false},"author":3,"featured_media":0,"comment_status":"closed","ping_status":"closed","sticky":false,"template":"","format":"standard","meta":{"footnotes":""},"categories":[28],"tags":[],"class_list":["post-16781","post","type-post","status-publish","format-standard","hentry","category-olvasoink-irjak"],"yoast_head":"<!-- This site is optimized with the Yoast SEO plugin v27.3 - https:\/\/yoast.com\/product\/yoast-seo-wordpress\/ -->\n<title>Sebesty\u00e9n P\u00e9ter: Apa csak egy van - Stuttgarti Katolikusok<\/title>\n<meta name=\"robots\" content=\"index, follow, max-snippet:-1, max-image-preview:large, max-video-preview:-1\" \/>\n<link rel=\"canonical\" href=\"https:\/\/stuttgarti-katolikusok.de\/index.php\/sebestyen-peter-apa-csak-egy-van\/\" \/>\n<meta property=\"og:locale\" content=\"hu_HU\" \/>\n<meta property=\"og:type\" content=\"article\" \/>\n<meta property=\"og:title\" content=\"Sebesty\u00e9n P\u00e9ter: Apa csak egy van - Stuttgarti Katolikusok\" \/>\n<meta property=\"og:description\" content=\"Apa csak egy van Ap\u00e1tlan t\u00e1rsadalomban \u00e9l\u00fcnk. Eln\u0151iesed\u0151 szakm\u00e1kr\u00f3l sz\u00e1molnak be a statisztik\u00e1k, l\u00e1gy, finomlelk\u0171, gy\u00f6ng\u00e9d f\u00e9rfiakr\u00f3l \u00e1lmodoznak a szerelmes l\u00e1nyok, akiket m\u00e1r nem kell megh\u00f3d\u00edtani, hisz eleve \u0151k a kezdem\u00e9nyez\u0151k, a cs\u00e1b\u00edt\u00f3k. Az apas\u00e1g nem egy megbecs\u00fclt szakma. A leend\u0151 ara titkon v\u0151leg\u00e9ny\u00e9ben is apja jellemvon\u00e1sait v\u00e9li felfedezni. Akarja is, meg nem is. Legf\u00f6ljebb majd a saj\u00e1t k\u00e9p\u00e9re form\u00e1lja. Az egyre ritkul\u00f3 h\u00e1zass\u00e1gk\u00f6t\u00e9sek pedig hamar v\u00e1l\u00e1ssal v\u00e9gz\u0151dnek, mert az els\u0151 gyermek ut\u00e1n a n\u0151 m\u00e1r azt bizonygatja mag\u00e1nak, nem azt kapta, amit keresett, s m\u00e1r ki is \u00e1br\u00e1ndult a f\u00e9rfiakb\u00f3l. Mik\u00f6zben a sz\u00fcl\u00e9ssel az anya is megsz\u00fcletett, a f\u00e9rjet v\u00e1ratlanul \u00e9ri az apas\u00e1g, azt\u00e1n visszavonul vagy kisz\u00e1ll a kapcsolatb\u00f3l. Vagy az\u00e9rt, mert nem volt mint\u00e1ja, amibe kapszkodj\u00e9k, vagy, mert \u0151t is harminc \u00e9ves kor\u00e1ig csak anyja nevelte. Nem volt, aki megtan\u00edtsa, mit jelent gy\u0151zni \u00e9s veres\u00e9get szenvedni, k\u00fcldet\u00e9st teljes\u00edteni. Pedig l\u00e9tezik apai \u00f6szt\u00f6n is&#8230; Az ebben a t\u00e9m\u00e1ban sokasod\u00f3 rekl\u00e1mok, h\u00edrek, konferenci\u00e1k, rendezv\u00e9nyek, projektek is azt sugallj\u00e1k, hogy apa nincs \u00e9s nem is kell. A csal\u00e1don bel\u00fcli er\u0151szak, a n\u0151i egyenjog\u00fas\u00edt\u00e1si k\u00fczdelmek, a \u201em\u00ed\u00ed-t\u00fa\u00fa\u201d botr\u00e1nyok, az \u00e1rva gyermekek \u201eszaporod\u00e1sa\u201d, a v\u00e1l\u00e1s ut\u00e1ni \u201eegysz\u00fcl\u0151s\u201d, csonka csal\u00e1dok jogai, a fiatalkori b\u0171n\u00f6z\u00e9s, a k\u00e1b\u00edt\u00f3szeres band\u00e1k gar\u00e1zd\u00e1lkod\u00e1sainak h\u00e1tter\u00e9ben, de m\u00e9g az egyh\u00e1zon bel\u00fcli kiscsoportos besz\u00e9lget\u00e9sekben is javar\u00e9szt ezt \u00e9rj\u00fck tetten: mi n\u0151k oldjuk meg magunk a probl\u00e9m\u00e1t. Boldogulunk apa n\u00e9lk\u00fcl is. Mert a f\u00e9rfiakra nem lehet sz\u00e1m\u00edtani. R\u00e1juk m\u00e1r nincs is sz\u00fcks\u00e9g&#8230; Legfeljebb, mint p\u00e9nzkeres\u0151kre \u00e9s tart\u00e1sd\u00edjfizet\u0151kre. K\u00fcl\u00f6nben megb\u00edzhatatlanok, \u00e9retlenek, \u201eoffline\u201d vannak, nincs k\u00f6z\u00fck a gyermeknevel\u00e9shez, ezt am\u00fagyis mi jobban tudjuk. Jobban \u00e9rt\u00fcnk a kommunik\u00e1ci\u00f3hoz, a manipul\u00e1ci\u00f3hoz. Ehhez kifinomultabbak az \u00e9rz\u00e9keink. Van lak\u00e1s, aut\u00f3, munkahely, a gyermek is felh\u00e1ny\u00f3dik valahogy. Vagy ki tudja?&#8230; Hiszen a v\u00e1rand\u00f3ss\u00e1g els\u0151 pillanat\u00f3t\u00f3l az iskol\u00e1s kor v\u00e9g\u00e9ig a gyermek csak n\u0151kkel tal\u00e1lkozik. Sok esetben elv\u00e1lt vagy boldogtalan n\u0151kkel. Mit sz\u00e1m\u00edt, hogy a le\u00e1nyka ap\u00e1s, a fi\u00facska any\u00e1s. Az... R\u00e9szletek\" \/>\n<meta property=\"og:url\" content=\"https:\/\/stuttgarti-katolikusok.de\/index.php\/sebestyen-peter-apa-csak-egy-van\/\" \/>\n<meta property=\"og:site_name\" content=\"Stuttgarti Katolikusok\" \/>\n<meta property=\"article:published_time\" content=\"2019-05-06T09:12:43+00:00\" \/>\n<meta property=\"article:modified_time\" content=\"2020-04-27T15:38:58+00:00\" \/>\n<meta name=\"author\" content=\"Tibor atya\" \/>\n<meta name=\"twitter:card\" content=\"summary_large_image\" \/>\n<meta name=\"twitter:label1\" content=\"Szerz\u0151:\" \/>\n\t<meta name=\"twitter:data1\" content=\"Tibor atya\" \/>\n\t<meta name=\"twitter:label2\" content=\"Becs\u00fclt olvas\u00e1si id\u0151\" \/>\n\t<meta name=\"twitter:data2\" content=\"10 perc\" \/>\n<script type=\"application\/ld+json\" class=\"yoast-schema-graph\">{\"@context\":\"https:\\\/\\\/schema.org\",\"@graph\":[{\"@type\":\"Article\",\"@id\":\"https:\\\/\\\/stuttgarti-katolikusok.de\\\/index.php\\\/sebestyen-peter-apa-csak-egy-van\\\/#article\",\"isPartOf\":{\"@id\":\"https:\\\/\\\/stuttgarti-katolikusok.de\\\/index.php\\\/sebestyen-peter-apa-csak-egy-van\\\/\"},\"author\":{\"name\":\"Tibor atya\",\"@id\":\"https:\\\/\\\/stuttgarti-katolikusok.de\\\/#\\\/schema\\\/person\\\/75908d6f8fdc03a57889d27209df7795\"},\"headline\":\"Sebesty\u00e9n P\u00e9ter: Apa csak egy van\",\"datePublished\":\"2019-05-06T09:12:43+00:00\",\"dateModified\":\"2020-04-27T15:38:58+00:00\",\"mainEntityOfPage\":{\"@id\":\"https:\\\/\\\/stuttgarti-katolikusok.de\\\/index.php\\\/sebestyen-peter-apa-csak-egy-van\\\/\"},\"wordCount\":1981,\"articleSection\":[\"Olvas\u00f3ink \u00edrj\u00e1k\"],\"inLanguage\":\"hu\"},{\"@type\":\"WebPage\",\"@id\":\"https:\\\/\\\/stuttgarti-katolikusok.de\\\/index.php\\\/sebestyen-peter-apa-csak-egy-van\\\/\",\"url\":\"https:\\\/\\\/stuttgarti-katolikusok.de\\\/index.php\\\/sebestyen-peter-apa-csak-egy-van\\\/\",\"name\":\"Sebesty\u00e9n P\u00e9ter: Apa csak egy van - Stuttgarti Katolikusok\",\"isPartOf\":{\"@id\":\"https:\\\/\\\/stuttgarti-katolikusok.de\\\/#website\"},\"datePublished\":\"2019-05-06T09:12:43+00:00\",\"dateModified\":\"2020-04-27T15:38:58+00:00\",\"author\":{\"@id\":\"https:\\\/\\\/stuttgarti-katolikusok.de\\\/#\\\/schema\\\/person\\\/75908d6f8fdc03a57889d27209df7795\"},\"breadcrumb\":{\"@id\":\"https:\\\/\\\/stuttgarti-katolikusok.de\\\/index.php\\\/sebestyen-peter-apa-csak-egy-van\\\/#breadcrumb\"},\"inLanguage\":\"hu\",\"potentialAction\":[{\"@type\":\"ReadAction\",\"target\":[\"https:\\\/\\\/stuttgarti-katolikusok.de\\\/index.php\\\/sebestyen-peter-apa-csak-egy-van\\\/\"]}]},{\"@type\":\"BreadcrumbList\",\"@id\":\"https:\\\/\\\/stuttgarti-katolikusok.de\\\/index.php\\\/sebestyen-peter-apa-csak-egy-van\\\/#breadcrumb\",\"itemListElement\":[{\"@type\":\"ListItem\",\"position\":1,\"name\":\"Kezd\u0151lap\",\"item\":\"https:\\\/\\\/stuttgarti-katolikusok.de\\\/\"},{\"@type\":\"ListItem\",\"position\":2,\"name\":\"Sebesty\u00e9n P\u00e9ter: Apa csak egy van\"}]},{\"@type\":\"WebSite\",\"@id\":\"https:\\\/\\\/stuttgarti-katolikusok.de\\\/#website\",\"url\":\"https:\\\/\\\/stuttgarti-katolikusok.de\\\/\",\"name\":\"Stuttgarti Katolikusok\",\"description\":\"\",\"potentialAction\":[{\"@type\":\"SearchAction\",\"target\":{\"@type\":\"EntryPoint\",\"urlTemplate\":\"https:\\\/\\\/stuttgarti-katolikusok.de\\\/?s={search_term_string}\"},\"query-input\":{\"@type\":\"PropertyValueSpecification\",\"valueRequired\":true,\"valueName\":\"search_term_string\"}}],\"inLanguage\":\"hu\"},{\"@type\":\"Person\",\"@id\":\"https:\\\/\\\/stuttgarti-katolikusok.de\\\/#\\\/schema\\\/person\\\/75908d6f8fdc03a57889d27209df7795\",\"name\":\"Tibor atya\",\"image\":{\"@type\":\"ImageObject\",\"inLanguage\":\"hu\",\"@id\":\"https:\\\/\\\/secure.gravatar.com\\\/avatar\\\/61d268e57d1f4525b111222e29d2d5a7f8c420fdbf231ba5566a8ceac74fa960?s=96&d=mm&r=g\",\"url\":\"https:\\\/\\\/secure.gravatar.com\\\/avatar\\\/61d268e57d1f4525b111222e29d2d5a7f8c420fdbf231ba5566a8ceac74fa960?s=96&d=mm&r=g\",\"contentUrl\":\"https:\\\/\\\/secure.gravatar.com\\\/avatar\\\/61d268e57d1f4525b111222e29d2d5a7f8c420fdbf231ba5566a8ceac74fa960?s=96&d=mm&r=g\",\"caption\":\"Tibor atya\"},\"url\":\"https:\\\/\\\/stuttgarti-katolikusok.de\\\/index.php\\\/author\\\/tibor-atya\\\/\"}]}<\/script>\n<!-- \/ Yoast SEO plugin. -->","yoast_head_json":{"title":"Sebesty\u00e9n P\u00e9ter: Apa csak egy van - Stuttgarti Katolikusok","robots":{"index":"index","follow":"follow","max-snippet":"max-snippet:-1","max-image-preview":"max-image-preview:large","max-video-preview":"max-video-preview:-1"},"canonical":"https:\/\/stuttgarti-katolikusok.de\/index.php\/sebestyen-peter-apa-csak-egy-van\/","og_locale":"hu_HU","og_type":"article","og_title":"Sebesty\u00e9n P\u00e9ter: Apa csak egy van - Stuttgarti Katolikusok","og_description":"Apa csak egy van Ap\u00e1tlan t\u00e1rsadalomban \u00e9l\u00fcnk. Eln\u0151iesed\u0151 szakm\u00e1kr\u00f3l sz\u00e1molnak be a statisztik\u00e1k, l\u00e1gy, finomlelk\u0171, gy\u00f6ng\u00e9d f\u00e9rfiakr\u00f3l \u00e1lmodoznak a szerelmes l\u00e1nyok, akiket m\u00e1r nem kell megh\u00f3d\u00edtani, hisz eleve \u0151k a kezdem\u00e9nyez\u0151k, a cs\u00e1b\u00edt\u00f3k. Az apas\u00e1g nem egy megbecs\u00fclt szakma. A leend\u0151 ara titkon v\u0151leg\u00e9ny\u00e9ben is apja jellemvon\u00e1sait v\u00e9li felfedezni. Akarja is, meg nem is. Legf\u00f6ljebb majd a saj\u00e1t k\u00e9p\u00e9re form\u00e1lja. Az egyre ritkul\u00f3 h\u00e1zass\u00e1gk\u00f6t\u00e9sek pedig hamar v\u00e1l\u00e1ssal v\u00e9gz\u0151dnek, mert az els\u0151 gyermek ut\u00e1n a n\u0151 m\u00e1r azt bizonygatja mag\u00e1nak, nem azt kapta, amit keresett, s m\u00e1r ki is \u00e1br\u00e1ndult a f\u00e9rfiakb\u00f3l. Mik\u00f6zben a sz\u00fcl\u00e9ssel az anya is megsz\u00fcletett, a f\u00e9rjet v\u00e1ratlanul \u00e9ri az apas\u00e1g, azt\u00e1n visszavonul vagy kisz\u00e1ll a kapcsolatb\u00f3l. Vagy az\u00e9rt, mert nem volt mint\u00e1ja, amibe kapszkodj\u00e9k, vagy, mert \u0151t is harminc \u00e9ves kor\u00e1ig csak anyja nevelte. Nem volt, aki megtan\u00edtsa, mit jelent gy\u0151zni \u00e9s veres\u00e9get szenvedni, k\u00fcldet\u00e9st teljes\u00edteni. Pedig l\u00e9tezik apai \u00f6szt\u00f6n is&#8230; Az ebben a t\u00e9m\u00e1ban sokasod\u00f3 rekl\u00e1mok, h\u00edrek, konferenci\u00e1k, rendezv\u00e9nyek, projektek is azt sugallj\u00e1k, hogy apa nincs \u00e9s nem is kell. A csal\u00e1don bel\u00fcli er\u0151szak, a n\u0151i egyenjog\u00fas\u00edt\u00e1si k\u00fczdelmek, a \u201em\u00ed\u00ed-t\u00fa\u00fa\u201d botr\u00e1nyok, az \u00e1rva gyermekek \u201eszaporod\u00e1sa\u201d, a v\u00e1l\u00e1s ut\u00e1ni \u201eegysz\u00fcl\u0151s\u201d, csonka csal\u00e1dok jogai, a fiatalkori b\u0171n\u00f6z\u00e9s, a k\u00e1b\u00edt\u00f3szeres band\u00e1k gar\u00e1zd\u00e1lkod\u00e1sainak h\u00e1tter\u00e9ben, de m\u00e9g az egyh\u00e1zon bel\u00fcli kiscsoportos besz\u00e9lget\u00e9sekben is javar\u00e9szt ezt \u00e9rj\u00fck tetten: mi n\u0151k oldjuk meg magunk a probl\u00e9m\u00e1t. Boldogulunk apa n\u00e9lk\u00fcl is. Mert a f\u00e9rfiakra nem lehet sz\u00e1m\u00edtani. R\u00e1juk m\u00e1r nincs is sz\u00fcks\u00e9g&#8230; Legfeljebb, mint p\u00e9nzkeres\u0151kre \u00e9s tart\u00e1sd\u00edjfizet\u0151kre. K\u00fcl\u00f6nben megb\u00edzhatatlanok, \u00e9retlenek, \u201eoffline\u201d vannak, nincs k\u00f6z\u00fck a gyermeknevel\u00e9shez, ezt am\u00fagyis mi jobban tudjuk. Jobban \u00e9rt\u00fcnk a kommunik\u00e1ci\u00f3hoz, a manipul\u00e1ci\u00f3hoz. Ehhez kifinomultabbak az \u00e9rz\u00e9keink. Van lak\u00e1s, aut\u00f3, munkahely, a gyermek is felh\u00e1ny\u00f3dik valahogy. Vagy ki tudja?&#8230; Hiszen a v\u00e1rand\u00f3ss\u00e1g els\u0151 pillanat\u00f3t\u00f3l az iskol\u00e1s kor v\u00e9g\u00e9ig a gyermek csak n\u0151kkel tal\u00e1lkozik. Sok esetben elv\u00e1lt vagy boldogtalan n\u0151kkel. Mit sz\u00e1m\u00edt, hogy a le\u00e1nyka ap\u00e1s, a fi\u00facska any\u00e1s. Az... R\u00e9szletek","og_url":"https:\/\/stuttgarti-katolikusok.de\/index.php\/sebestyen-peter-apa-csak-egy-van\/","og_site_name":"Stuttgarti Katolikusok","article_published_time":"2019-05-06T09:12:43+00:00","article_modified_time":"2020-04-27T15:38:58+00:00","author":"Tibor atya","twitter_card":"summary_large_image","twitter_misc":{"Szerz\u0151:":"Tibor atya","Becs\u00fclt olvas\u00e1si id\u0151":"10 perc"},"schema":{"@context":"https:\/\/schema.org","@graph":[{"@type":"Article","@id":"https:\/\/stuttgarti-katolikusok.de\/index.php\/sebestyen-peter-apa-csak-egy-van\/#article","isPartOf":{"@id":"https:\/\/stuttgarti-katolikusok.de\/index.php\/sebestyen-peter-apa-csak-egy-van\/"},"author":{"name":"Tibor atya","@id":"https:\/\/stuttgarti-katolikusok.de\/#\/schema\/person\/75908d6f8fdc03a57889d27209df7795"},"headline":"Sebesty\u00e9n P\u00e9ter: Apa csak egy van","datePublished":"2019-05-06T09:12:43+00:00","dateModified":"2020-04-27T15:38:58+00:00","mainEntityOfPage":{"@id":"https:\/\/stuttgarti-katolikusok.de\/index.php\/sebestyen-peter-apa-csak-egy-van\/"},"wordCount":1981,"articleSection":["Olvas\u00f3ink \u00edrj\u00e1k"],"inLanguage":"hu"},{"@type":"WebPage","@id":"https:\/\/stuttgarti-katolikusok.de\/index.php\/sebestyen-peter-apa-csak-egy-van\/","url":"https:\/\/stuttgarti-katolikusok.de\/index.php\/sebestyen-peter-apa-csak-egy-van\/","name":"Sebesty\u00e9n P\u00e9ter: Apa csak egy van - Stuttgarti Katolikusok","isPartOf":{"@id":"https:\/\/stuttgarti-katolikusok.de\/#website"},"datePublished":"2019-05-06T09:12:43+00:00","dateModified":"2020-04-27T15:38:58+00:00","author":{"@id":"https:\/\/stuttgarti-katolikusok.de\/#\/schema\/person\/75908d6f8fdc03a57889d27209df7795"},"breadcrumb":{"@id":"https:\/\/stuttgarti-katolikusok.de\/index.php\/sebestyen-peter-apa-csak-egy-van\/#breadcrumb"},"inLanguage":"hu","potentialAction":[{"@type":"ReadAction","target":["https:\/\/stuttgarti-katolikusok.de\/index.php\/sebestyen-peter-apa-csak-egy-van\/"]}]},{"@type":"BreadcrumbList","@id":"https:\/\/stuttgarti-katolikusok.de\/index.php\/sebestyen-peter-apa-csak-egy-van\/#breadcrumb","itemListElement":[{"@type":"ListItem","position":1,"name":"Kezd\u0151lap","item":"https:\/\/stuttgarti-katolikusok.de\/"},{"@type":"ListItem","position":2,"name":"Sebesty\u00e9n P\u00e9ter: Apa csak egy van"}]},{"@type":"WebSite","@id":"https:\/\/stuttgarti-katolikusok.de\/#website","url":"https:\/\/stuttgarti-katolikusok.de\/","name":"Stuttgarti Katolikusok","description":"","potentialAction":[{"@type":"SearchAction","target":{"@type":"EntryPoint","urlTemplate":"https:\/\/stuttgarti-katolikusok.de\/?s={search_term_string}"},"query-input":{"@type":"PropertyValueSpecification","valueRequired":true,"valueName":"search_term_string"}}],"inLanguage":"hu"},{"@type":"Person","@id":"https:\/\/stuttgarti-katolikusok.de\/#\/schema\/person\/75908d6f8fdc03a57889d27209df7795","name":"Tibor atya","image":{"@type":"ImageObject","inLanguage":"hu","@id":"https:\/\/secure.gravatar.com\/avatar\/61d268e57d1f4525b111222e29d2d5a7f8c420fdbf231ba5566a8ceac74fa960?s=96&d=mm&r=g","url":"https:\/\/secure.gravatar.com\/avatar\/61d268e57d1f4525b111222e29d2d5a7f8c420fdbf231ba5566a8ceac74fa960?s=96&d=mm&r=g","contentUrl":"https:\/\/secure.gravatar.com\/avatar\/61d268e57d1f4525b111222e29d2d5a7f8c420fdbf231ba5566a8ceac74fa960?s=96&d=mm&r=g","caption":"Tibor atya"},"url":"https:\/\/stuttgarti-katolikusok.de\/index.php\/author\/tibor-atya\/"}]}},"_links":{"self":[{"href":"https:\/\/stuttgarti-katolikusok.de\/index.php\/wp-json\/wp\/v2\/posts\/16781","targetHints":{"allow":["GET"]}}],"collection":[{"href":"https:\/\/stuttgarti-katolikusok.de\/index.php\/wp-json\/wp\/v2\/posts"}],"about":[{"href":"https:\/\/stuttgarti-katolikusok.de\/index.php\/wp-json\/wp\/v2\/types\/post"}],"author":[{"embeddable":true,"href":"https:\/\/stuttgarti-katolikusok.de\/index.php\/wp-json\/wp\/v2\/users\/3"}],"replies":[{"embeddable":true,"href":"https:\/\/stuttgarti-katolikusok.de\/index.php\/wp-json\/wp\/v2\/comments?post=16781"}],"version-history":[{"count":1,"href":"https:\/\/stuttgarti-katolikusok.de\/index.php\/wp-json\/wp\/v2\/posts\/16781\/revisions"}],"predecessor-version":[{"id":16783,"href":"https:\/\/stuttgarti-katolikusok.de\/index.php\/wp-json\/wp\/v2\/posts\/16781\/revisions\/16783"}],"wp:attachment":[{"href":"https:\/\/stuttgarti-katolikusok.de\/index.php\/wp-json\/wp\/v2\/media?parent=16781"}],"wp:term":[{"taxonomy":"category","embeddable":true,"href":"https:\/\/stuttgarti-katolikusok.de\/index.php\/wp-json\/wp\/v2\/categories?post=16781"},{"taxonomy":"post_tag","embeddable":true,"href":"https:\/\/stuttgarti-katolikusok.de\/index.php\/wp-json\/wp\/v2\/tags?post=16781"}],"curies":[{"name":"wp","href":"https:\/\/api.w.org\/{rel}","templated":true}]}}