{"id":16758,"date":"2019-05-02T15:35:15","date_gmt":"2019-05-02T15:35:15","guid":{"rendered":"https:\/\/gracious-dewdney.138-201-221-2.plesk.page\/?p=16758"},"modified":"2019-05-02T21:30:46","modified_gmt":"2019-05-02T21:30:46","slug":"husvet-3-4-es-5-vasarnapjara","status":"publish","type":"post","link":"https:\/\/stuttgarti-katolikusok.de\/index.php\/husvet-3-4-es-5-vasarnapjara\/","title":{"rendered":"H\u00fasv\u00e9t 3., 4. \u00e9s 5. vas\u00e1rnapj\u00e1ra"},"content":{"rendered":"<p><strong>2019. M\u00c1JUS 5.<\/strong><\/p>\n<p><strong>H\u00daSV\u00c9T 3. VAS\u00c1RNAPJA<\/strong><\/p>\n<p><strong>ANY\u00c1K NAPJA<\/strong><\/p>\n<p>&nbsp;<\/p>\n<p>A hit a kereszt\u00e9ny \u00e9let alapja. Mi t\u00f6reksz\u00fcnk arra, hogy becs\u00fcletesen \u00e9lj\u00fcnk, k\u00f6teless\u00e9geinket teljes\u00edts\u00fck, embert\u00e1rsainkat szeress\u00fck, mert hisz\u00fcnk Istenben, aki l\u00e1t minket, sz\u00e1montartja \u00e9s megjutalmazza tetteinket. Mi t\u00fcrelmesen hordozzuk keresztjeinket \u00e9s elfogadjuk a hal\u00e1lt is, mert hissz\u00fck, hogy a f\u00f6ldi \u00e9let csak zar\u00e1ndok\u00fat. A v\u00e9g\u00e1llom\u00e1s oda\u00e1t van, ahol m\u00e1r nem lesz k\u00f6nny \u00e9s szenved\u00e9s, hanem \u00f6r\u00f6kk\u00e9tart\u00f3 \u00f6r\u00f6m \u00e9s boldogs\u00e1g.<\/p>\n<p><strong>OLVASM\u00c1NY\u00a0 <\/strong>\u00a0\u00a0\u00a0\u00a0\u00a0\u00a0\u00a0\u00a0\u00a0\u00a0\u00a0\u00a0\u00a0\u00a0\u00a0\u00a0\u00a0\u00a0\u00a0\u00a0\u00a0\u00a0\u00a0\u00a0\u00a0\u00a0\u00a0\u00a0<em>ApCsel 5, 27b\u201332. 40b\u201341<\/em><\/p>\n<p>A kereszt\u00e9ny \u00e9let velej\u00e1r\u00f3ja a tan\u00fas\u00e1gt\u00e9tel. Hirdess\u00fck J\u00e9zus \u00e9let\u00e9t, hal\u00e1l\u00e1t \u00e9s felt\u00e1mad\u00e1s\u00e1t. De ne csup\u00e1n szavunkkal, hanem \u00e9let\u00fcnkkel is. S\u0151t ezt a k\u00f6teless\u00e9g\u00fcnket teljes\u00edten\u00fcnk kell akkor is, ha \u00fcld\u00f6ztet\u00e9ssel j\u00e1r. Az apostolok erre sz\u00e9p p\u00e9ld\u00e1t mutattak nek\u00fcnk.<\/p>\n<p><strong>V\u00c1LASZOS ZSOLT\u00c1R<\/strong> \u00a0\u00a0\u00a0\u00a0\u00a0\u00a0\u00a0\u00a0\u00a0\u00a0\u00a0\u00a0\u00a0\u00a0\u00a0\u00a0\u00a0\u00a0\u00a0\u00a0\u00a0\u00a0\u00a0\u00a0\u00a0\u00a0\u00a0\u00a0\u00a0\u00a0\u00a0\u00a0\u00a0\u00a0\u00a0\u00a0\u00a0<em>29. Zsolt\u00e1r <\/em><\/p>\n<p><strong>V\u00e1lasz: Magasztallak, Uram, * mivel megmentett\u00e9l engem.\u00a0 \u2013 Vagy: Alleluja, alleluja, alleluja.<\/strong><\/p>\n<p><strong>\u00a0<\/strong><strong>SZENTLECKE <\/strong>\u00a0\u00a0\u00a0\u00a0\u00a0\u00a0\u00a0\u00a0\u00a0\u00a0\u00a0\u00a0\u00a0\u00a0\u00a0\u00a0\u00a0\u00a0\u00a0\u00a0\u00a0\u00a0\u00a0\u00a0\u00a0\u00a0\u00a0\u00a0\u00a0\u00a0\u00a0\u00a0\u00a0\u00a0\u00a0\u00a0\u00a0\u00a0\u00a0\u00a0\u00a0\u00a0\u00a0\u00a0\u00a0\u00a0\u00a0\u00a0<em>Jel 5, 11\u201314<\/em><\/p>\n<p>J\u00e1nos apostol l\u00e1tom\u00e1sban ismeri meg azt, aki sz\u00f3l hozz\u00e1, k\u00fcldet\u00e9st ad neki, J\u00e9zust. \u0150 az Isten B\u00e1r\u00e1nya, akit meg\u00f6ltek, de \u00e9l \u00e9s uralkodik az emberek, s\u0151t az eg\u00e9sz kozmikus vil\u00e1g f\u00f6l\u00f6tt is. Szenved\u00e9s\u00e9vel \u00e9s felt\u00e1mad\u00e1s\u00e1val \u00e9rdemelte ki a mindens\u00e9g dics\u00e9ret\u00e9t.<\/p>\n<p><strong>ALLELUJA\u00a0\u00a0\u00a0\u00a0\u00a0\u00a0\u00a0\u00a0\u00a0\u00a0\u00a0\u00a0\u00a0\u00a0\u00a0\u00a0\u00a0\u00a0\u00a0\u00a0\u00a0\u00a0\u00a0\u00a0\u00a0\u00a0\u00a0\u00a0\u00a0\u00a0\u00a0\u00a0\u00a0\u00a0\u00a0\u00a0\u00a0\u00a0\u00a0\u00a0\u00a0\u00a0\u00a0\u00a0 <\/strong><\/p>\n<p>Felt\u00e1madt Krisztus, ki mindeneket alkotott, * \u00e9s megk\u00f6ny\u00f6r\u00fclt az emberi nemen.<\/p>\n<p><strong>EVANG\u00c9LIUM <\/strong>\u00a0\u00a0\u00a0\u00a0\u00a0\u00a0\u00a0\u00a0\u00a0\u00a0\u00a0\u00a0\u00a0\u00a0\u00a0\u00a0\u00a0\u00a0\u00a0\u00a0\u00a0\u00a0\u00a0\u00a0\u00a0\u00a0\u00a0\u00a0\u00a0\u00a0\u00a0\u00a0\u00a0\u00a0\u00a0\u00a0\u00a0\u00a0\u00a0\u00a0\u00a0\u00a0\u00a0\u00a0\u00a0\u00a0\u00a0\u00a0<em>Jn 21, 1\u201319<\/em><\/p>\n<p>A mai evang\u00e9lium is tan\u00fas\u00edtja, hogy az apostolok munk\u00e1j\u00e1nak sikere els\u0151sorban nem az \u0151 er\u0151fesz\u00edt\u00e9s\u00fckt\u0151l f\u00fcgg, hanem J\u00e9zus kegyelmi aj\u00e1nd\u00e9ka.<\/p>\n<p>A mai nap evang\u00e9liuma J\u00e9zus megjelen\u00e9seinek sor\u00e1t folytatva elbesz\u00e9li, mik\u00e9nt er\u0151s\u00edtette meg az apostolokat felt\u00e1mad\u00e1sa ut\u00e1n negyven nap alatt, s mik\u00e9nt adta meg utols\u00f3 tan\u00edt\u00e1sait \u00e9s egyh\u00e1zalap\u00edt\u00f3 int\u00e9zked\u00e9seit.<\/p>\n<p>J\u00e9zus a t\u00fals\u00f3 partr\u00f3l ma is figyeli, ir\u00e1ny\u00edtja \u00e9s seg\u00edti Egyh\u00e1z\u00e1nak munk\u00e1j\u00e1t. Az Egyh\u00e1z viszont P\u00e9ter ut\u00f3d\u00e1n kereszt\u00fcl tan\u00faskodik a vil\u00e1g v\u00e9g\u00e9ig a Krisztus ir\u00e1nt val\u00f3 szeretet\u00e9r\u0151l \u00e9s h\u00f3dolat\u00e1r\u00f3l.<\/p>\n<p><strong>AZ EUCHARISZTI\u00c1HOZ<\/strong><\/p>\n<p>J\u00e9zus a Tib\u00e9ri\u00e1s-t\u00f3n\u00e1l keny\u00e9rrel \u00e9s hallal vend\u00e9geli meg tan\u00edtv\u00e1nyait. Mi az Eucharisztia asztal\u00e1n\u00e1l \u00e9lvezz\u00fck az \u0151 vend\u00e9gszeretet\u00e9t. Fogadjuk mindig \u00f6r\u00f6mmel a lakom\u00e1ra val\u00f3 h\u00edv\u00e1s\u00e1t.<\/p>\n<p><strong>EGY GONDOLAT<\/strong><\/p>\n<p>Krisztus felt\u00e1mad\u00e1sa mag\u00e1ban hordja valamennyi\u00fcnk testi felt\u00e1mad\u00e1s\u00e1nak \u00edg\u00e9ret\u00e9t \u00e9s z\u00e1log\u00e1t. Krisztus nem \u00f6nmag\u00e1\u00e9rt t\u00e1madt fel, hiszen istens\u00e9g\u00e9nek nem \u00e1rthatott a hal\u00e1l. Hanem az\u00e9rt, hogy f\u00f6lt\u00e1madt szent embers\u00e9g\u00e9n \u00e1t re\u00e1nk is ki\u00e1rassza a felt\u00e1mad\u00e1s erej\u00e9t. Ez\u00e9rt H\u00fasv\u00e9t a kereszt\u00e9ny rem\u00e9nys\u00e9gnek, az \u00f6r\u00f6kk\u00e9val\u00f3s\u00e1gba beletekint\u0151 bizakod\u00e1snak \u00fcnnepe. * Fel\u00e9rt\u00fcnk a gy\u0151zelem hegy\u00e9re, a vil\u00e1goss\u00e1g gy\u0151z\u00f6tt a s\u00f6t\u00e9ts\u00e9g felett, az \u00e9let a hal\u00e1l felett.<\/p>\n<p><strong>ELM\u00c9LKED\u00c9S<\/strong><\/p>\n<p>NYISD MEG, URAM, sz\u00edv\u00fcnket, nyisd meg, Uram, f\u00fcl\u00fcnket a v\u00e9gtelen fel\u00e9, hogy meg\u00e9rezz\u00fck \u00e9s meghalljuk a v\u00e9gtelens\u00e9g t\u00e1vlatait, sz\u00e9less\u00e9g\u00e9t, hossz\u00fas\u00e1g\u00e1t, irgalmad nagys\u00e1g\u00e1t \u00e9s m\u00e9lys\u00e9geit. Mert te igaz\u00e1ban nem a vad haragv\u00e1s, nem a sz\u00f6rny\u0171 \u00edt\u00e9let, hanem a sz\u00edv Istene vagy.\u00a0\u00a0\u00a0\u00a0\u00a0\u00a0\u00a0\u00a0\u00a0\u00a0\u00a0\u00a0\u00a0\u00a0\u00a0\u00a0\u00a0\u00a0\u00a0\u00a0\u00a0\u00a0\u00a0\u00a0\u00a0\u00a0\u00a0\u00a0\u00a0\u00a0\u00a0 \u00a0\u00a0\u00a0\u00a0\u00a0\u00a0\u00a0\u00a0\u00a0\u00a0\u00a0\u00a0\u00a0\u00a0\u00a0\u00a0\u00a0\u00a0\u00a0\u00a0\u00a0\u00a0\u00a0\u00a0\u00a0<em>Erich Przywara<\/em><\/p>\n<p>&nbsp;<\/p>\n<p><strong>N\u00e9ked aj\u00e1nljuk, Sz\u0171zany\u00e1nk, a legszeb h\u00f3nap alkony\u00e1t&#8230;<\/strong><\/p>\n<p><strong>\u00a0<\/strong><\/p>\n<p>MOST SEG\u00cdTS MEG M\u00c1RIA&#8230;<\/p>\n<p>Most seg\u00edts meg M\u00e1ria, \u00f3 irgalmas Sz\u0171zanya! Keserv\u00e9t a b\u00fanak, bajnak eloszlatni van hatalmad. Hol m\u00e1r ember nem seg\u00edthet, a Te er\u0151d nem t\u00f6rik meg. H\u0151 im\u00e1it gyermekidnek nem, Te soha nem veted meg. Hol a sz\u00fcks\u00e9g k\u00ednja nagy, mutasd meg, hogy any\u00e1nk vagy. Most seg\u00edts meg M\u00e1ria, \u00f3 irgalmas Sz\u0171zanya! Amen.<\/p>\n<p><em>Im\u00e1dkozzunk a magyar \u00e9desany\u00e1k\u00e9rt \u00e9s nagyany\u00e1k\u00e9rt ezen a vas\u00e1rnapon, mivel\u00a0 haz\u00e1nkban \u00e9s t\u00f6bb orsz\u00e1gban ma tarj\u00e1k az Any\u00e1k napj\u00e1t.<\/em><\/p>\n<p><em>\u00a0<\/em><\/p>\n<h4>Dsida Jen\u0151 \u2013 H\u00e1laad\u00e1s<\/h4>\n<p>K\u00f6sz\u00f6n\u00f6m Istenem az \u00e9desany\u00e1mat!<br \/>\nAm\u00edg \u0151 v\u00e9d engem, nem \u00e9r semmi b\u00e1nat!<br \/>\nK\u00f6r\u00fclvesz virraszt\u00f3 \u00e1ld\u00f3 szeretettel.<br \/>\n\u00c9rtem \u00e9jjel-nappal dolgozni nem restel.<br \/>\n\u00c1ldott teste, lelke csak \u00e9rettem f\u00e1rad.<br \/>\nK\u00f6sz\u00f6n\u00f6m, Istenem az \u00e9desany\u00e1mat.<\/p>\n<p>K\u00f6sz\u00f6n\u00f6m a lelk\u00e9t, melyb\u0151l reggel, este<br \/>\nim\u00e1ds\u00e1g sz\u00e1ll Hozz\u00e1d, gyermek\u00e9\u00e9rt esdve.<br \/>\nK\u00f6sz\u00f6n\u00f6m a sz\u00edv\u00e9t, mely csak \u00e9rtem dobban<br \/>\n\u2013 itt e f\u00f6ld\u00f6n senki sem szerethet jobban! \u2013<br \/>\nK\u00f6sz\u00f6n\u00f6m a szem\u00e9t, melyb\u0151l j\u00f3s\u00e1g \u00e1rad,<br \/>\nIstenem, k\u00f6sz\u00f6n\u00f6m az \u00e9desany\u00e1mat.<\/p>\n<p>Te tudod, Istenem \u2013 milyen sok az \u00e1rva,<br \/>\nAki oltalmadat, vigaszodat v\u00e1rja.<br \/>\nLeborulva k\u00e9rlek: gondod legyen r\u00e1juk,<br \/>\nHiszen szeg\u00e9nyeknek nincsen \u00e9desanyjuk!<br \/>\nVigasztald meg \u0151ket \u00e1ld\u00f3 kegyelmeddel,<br \/>\nNagy-nagy b\u00e1natukat takard el, temesd el!<\/p>\n<p>\u00c1ldd meg \u00e9desany\u00e1m j\u00e1r\u00e1s\u00e1t-kel\u00e9s\u00e9t,<br \/>\n\u00c1ldd meg k\u00f6nnyhullat\u00e1s\u00e1t, \u00e1ldd meg szenved\u00e9s\u00e9t!<br \/>\n\u00c1ldd meg im\u00e1ds\u00e1g\u00e1t, melyben el nem f\u00e1rad,<br \/>\n\u00c1ldd meg k\u00e9t kezeddel az \u00c9desany\u00e1mat!<\/p>\n<p>Halld meg j\u00f3 Istenem, legbuzg\u00f3bb im\u00e1mat:<br \/>\nK\u00f6sz\u00f6n\u00f6m, k\u00f6sz\u00f6n\u00f6m az \u00e9desany\u00e1mat!!!<\/p>\n<p>&nbsp;<\/p>\n<p><strong>IN MEMORIAM <\/strong><strong>MINDSZENTY J\u00d3ZSEF <\/strong>b\u00edboros, hercegpr\u00edm\u00e1s, esztergomi \u00e9rsek<\/p>\n<p>* Csehimindszent, 1892. m\u00e1rcius 29. + B\u00e9cs, 1975. m\u00e1jus 6.<\/p>\n<p>Im\u00e1dkozzunk boldogg\u00e1 avat\u00e1s\u00e1\u00e9rt!<\/p>\n<p>&nbsp;<\/p>\n<p>BOLDOG SALKAH\u00c1ZI S\u00c1RA SZ\u0170Z \u00c9S V\u00c9RTAN\u00da<\/p>\n<p>Salkah\u00e1zi S\u00e1ra 1899. m\u00e1jus 11-\u00e9n sz\u00fcletett Kass\u00e1n. 1929-ben Budapesten bel\u00e9pett a Szoci\u00e1lis Testv\u00e9rek T\u00e1rsas\u00e1g\u00e1ba, ahol fogadalmakkal, teljesen Istennek szentelte \u00e9let\u00e9t. \u00d6r\u00f6kfogadalmi mott\u00f3ja: \u201eAlleluja! Ecce ego, mitte me!\u201d Krisztus ir\u00e1nti szenved\u00e9lyes szeretette fejez\u0151d\u00f6tt ki nagylelk\u0171 apostoli buzg\u00f3s\u00e1g\u00e1ban. Sokir\u00e1ny\u00fa szoci\u00e1lis, mozgalmi \u00e9s \u00edr\u00f3i tev\u00e9kenys\u00e9get folytatott. R\u00e9szt vett az \u00fcld\u00f6z\u00f6ttek ment\u00e9s\u00e9ben a II. vil\u00e1gh\u00e1bor\u00fa idej\u00e9n. 1943-ban tudatosan felaj\u00e1nlotta \u00e9let\u00e9t a T\u00e1rsas\u00e1g\u00e9rt, k\u00fcl\u00f6n\u00f6sen a gyeng\u00e9k\u00e9rt, betegek\u00e9rt, azon esetre, ha egyh\u00e1z\u00fcld\u00f6z\u00e9s, a T\u00e1rsas\u00e1g \u00e9s a testv\u00e9rek \u00fcld\u00f6z\u00e9se k\u00f6vetkezne be. 1944. december 27-\u00e9n elhurcolt\u00e1k \u00e9s menek\u00fcltjeivel egy\u00fctt a Dun\u00e1ba l\u0151tt\u00e9k.<\/p>\n<p><em>Im\u00e1dkozzunk szentt\u00e9 avat\u00e1s\u00e1\u00e9rt!<\/em><\/p>\n<p>&nbsp;<\/p>\n<p>ELM\u00c9LKED\u00c9S<\/p>\n<p>Mondd, mit \u00e9r az \u00e9let anya n\u00e9lk\u00fcl?<\/p>\n<p>Mondd, mit \u00e9r az \u00e9let testv\u00e9r n\u00e9lk\u00fcl?<\/p>\n<p>Mondd, mit \u00e9r az \u00e9let szeretet n\u00e9lk\u00fcl?<\/p>\n<p>Mondd, mit \u00e9r az \u00e9let hit n\u00e9lk\u00fcl?<\/p>\n<p>Mondd, mit \u00e9r az \u00e9let J\u00e9zus n\u00e9lk\u00fcl?<\/p>\n<p><em>Ismeretlen szerz\u0151 nyom\u00e1n<\/em><\/p>\n<p>&nbsp;<\/p>\n<p>&nbsp;<\/p>\n<ol start=\"2019\">\n<li><strong> M\u00c1JUS 12.<\/strong><\/li>\n<\/ol>\n<p><strong>H\u00daSV\u00c9T 4. VAS\u00c1RNAPJA<\/strong><\/p>\n<p><strong>PAPI \u00c9S SZERZETESI HIVAT\u00c1SOK VIL\u00c1GNAPJA<\/strong><\/p>\n<p>&nbsp;<\/p>\n<p>H\u00fasv\u00e9t negyedik vas\u00e1rnapj\u00e1t a j\u00f3 P\u00e1sztor vas\u00e1rnapj\u00e1nak nevezz\u00fck. Ezen a vas\u00e1rnapon a katolikus Egyh\u00e1z templomaiban lelkip\u00e1sztorainkr\u00f3l, papjainkr\u00f3l, illetve a papi \u00e9s szerzetesi hivat\u00e1sr\u00f3l szoktunk megeml\u00e9kezni. Egyh\u00e1zunk tan\u00edt\u00e1sa szerint a papok Krisztus munkat\u00e1rsai. K\u00fcldet\u00e9s\u00fck J\u00e9zushoz hasonl\u00edt, s\u0151t annak egyenes folytat\u00e1sa.<\/p>\n<p><strong>OLVASM\u00c1NY\u00a0\u00a0\u00a0 <\/strong>\u00a0\u00a0\u00a0\u00a0\u00a0\u00a0\u00a0\u00a0\u00a0\u00a0\u00a0\u00a0\u00a0\u00a0\u00a0\u00a0\u00a0\u00a0\u00a0\u00a0\u00a0\u00a0\u00a0\u00a0\u00a0\u00a0\u00a0\u00a0\u00a0\u00a0\u00a0\u00a0\u00a0\u00a0\u00a0<em>ApCsel 13, 14. 43\u201352<\/em><\/p>\n<p>P\u00e1l apostol elismeri, hogy a Megv\u00e1lt\u00f3ra vonatkoz\u00f3 \u00edg\u00e9retek hordoz\u00f3i a v\u00e1lasztott n\u00e9p fiai voltak, ez\u00e9rt els\u0151k\u00e9nt nekik kell hirdetni az \u00edg\u00e9retek beteljesed\u00e9s\u00e9r\u0151l sz\u00f3l\u00f3 \u00f6r\u00f6mh\u00edrt. De ugyanakkor azt is k\u00f6vetkezetesen hirdeti: J\u00e9zus nem egy nemzeti Messi\u00e1s, hanem a vil\u00e1g Megv\u00e1lt\u00f3ja. S ez\u00e9rt a pog\u00e1nyokat sem lehet az \u00f6r\u00f6mh\u00edrt\u0151l megfosztani.<\/p>\n<p>&nbsp;<\/p>\n<p><strong>V\u00c1LASZOS ZSOLT\u00c1R<\/strong> \u00a0\u00a0\u00a0\u00a0\u00a0\u00a0\u00a0\u00a0\u00a0\u00a0\u00a0\u00a0\u00a0\u00a0\u00a0\u00a0\u00a0\u00a0\u00a0\u00a0\u00a0\u00a0\u00a0\u00a0\u00a0\u00a0\u00a0\u00a0\u00a0\u00a0\u00a0\u00a0\u00a0\u00a0\u00a0\u00a0\u00a0\u00a099<em>. Zsolt\u00e1r <\/em><\/p>\n<p><strong>V\u00e1lasz: Mi az \u0151 n<u>\u00e9<\/u>pe vagyunk, * \u00e9s legel\u0151j<u>\u00e9<\/u>nek ny\u00e1ja. <\/strong><strong>Vagy: Alleluja, alleluja, alleluja.\u00a0\u00a0 <\/strong><\/p>\n<p><strong>SZENTLECKE\u00a0 <\/strong>\u00a0\u00a0\u00a0\u00a0\u00a0\u00a0\u00a0\u00a0\u00a0\u00a0\u00a0\u00a0\u00a0\u00a0\u00a0\u00a0\u00a0\u00a0\u00a0\u00a0\u00a0\u00a0\u00a0\u00a0\u00a0\u00a0\u00a0\u00a0\u00a0\u00a0\u00a0\u00a0\u00a0\u00a0\u00a0\u00a0\u00a0\u00a0\u00a0\u00a0\u00a0\u00a0<em>Jel 7, 9. 14b\u201317<\/em><\/p>\n<p>Az Isten orsz\u00e1ga a j\u00f3 \u00e9s a rossz k\u00fczdelm\u00e9ben bontakozik ki. Az Egyh\u00e1znak, mik\u00f6zben a j\u00f3 \u00fcgyet k\u00e9pviseli, sok szenved\u00e9s jut oszt\u00e1lyr\u00e9sz\u00fcl. De b\u00edzhat a j\u00f3 gy\u0151zelm\u00e9ben, mert hozz\u00e1seg\u00edti ehhez Isten ereje \u00e9s seg\u00edts\u00e9ge. Nagy lesz azoknak a serege, akik megmoss\u00e1k ruh\u00e1jukat a B\u00e1r\u00e1ny v\u00e9r\u00e9ben \u00e9s elnyerik t\u0151le a megigazul\u00e1s aj\u00e1nd\u00e9k\u00e1t.<\/p>\n<p><strong>ALLELUJA<\/strong>\u00a0\u00a0\u00a0\u00a0\u00a0\u00a0\u00a0\u00a0\u00a0\u00a0\u00a0\u00a0 \u00a0\u00a0\u00a0\u00a0\u00a0\u00a0\u00a0\u00a0\u00a0\u00a0\u00a0\u00a0\u00a0\u00a0\u00a0\u00a0\u00a0\u00a0\u00a0\u00a0\u00a0\u00a0\u00a0\u00a0\u00a0\u00a0\u00a0\u00a0\u00a0\u00a0\u00a0\u00a0\u00a0\u00a0\u00a0\u00a0\u00a0\u00a0\u00a0\u00a0\u00a0\u00a0\u00a0\u00a0\u00a0\u00a0\u00a0\u00a0\u00a0\u00a0\u00a0\u00a0\u00a0\u00a0\u00a0<em>Jn 10, 14<\/em><\/p>\n<p>J\u00e9zus mondja: \u201e\u00c9n vagyok a j\u00f3 P\u00e1sztor, ismerem juhaimat, \u00e9s juhaim ismernek engem.\u201d<\/p>\n<p><strong>EVANG\u00c9LIUM<\/strong>\u00a0\u00a0\u00a0\u00a0\u00a0\u00a0\u00a0\u00a0\u00a0\u00a0\u00a0\u00a0\u00a0\u00a0\u00a0\u00a0\u00a0\u00a0\u00a0\u00a0\u00a0\u00a0\u00a0\u00a0\u00a0\u00a0\u00a0\u00a0\u00a0\u00a0\u00a0\u00a0\u00a0\u00a0 \u00a0\u00a0\u00a0\u00a0\u00a0\u00a0\u00a0\u00a0\u00a0\u00a0\u00a0\u00a0<em>Jn 10, 27\u201330<\/em><\/p>\n<p>J\u00e9zus, a j\u00f3 P\u00e1sztor \u00e9let\u00e9t adta \u00e9rt\u00fcnk, az \u0151 juhai\u00e9rt. Most is megad minden seg\u00edt\u0151 kegyelmet ahhoz, hogy \u00f6v\u00e9i meghallj\u00e1k szavait \u00e9s k\u00f6vess\u00e9k h\u00edv\u00e1s\u00e1t.<\/p>\n<p>Am\u00edg benne b\u00edzunk, az Egyh\u00e1z sorsa \u00e9s az egyes emberek \u00fcdv\u00f6ss\u00e9ge is biztons\u00e1gban van. Hiszen az Atya \u00e1tadott neki minden hatalmat a vil\u00e1g felett.<\/p>\n<p><strong>AZ EUCHARISZTI\u00c1HOZ<\/strong><\/p>\n<p>\u201eUram, \u00e9n a dics\u00e9ret szav\u00e1t mutatom be neked \u00e1ldozatul; teljes\u00edtem, amit fogadtam\u201d (J\u00f3n, 2, 10). De sokszor meg\u00edg\u00e9rtem, megfogadtam m\u00e1r, hogy gyakori \u00e1ldoz\u00f3 leszek! Nemcsak n\u00e9zni \u00e9s hallgatni akarom a szentmis\u00e9t, hanem r\u00e9szt is akarok venni benne. A teljes r\u00e9szv\u00e9telhez pedig hozz\u00e1tartozik a szent\u00e1ldoz\u00e1s is.<\/p>\n<p>ELM\u00c9LKED\u00c9S<\/p>\n<p>M\u00e1r a gondolat is kiss\u00e9 nyomaszt\u00f3lag hat r\u00e1nk, ha hivat\u00e1sunk s\u00falyos terh\u00e9re gondolunk, amelyre Isten kiv\u00e1lasztott minket. \u00dagy vagyunk, mint P\u00e9ter apostol, amikor a hull\u00e1mok f\u00f6l\u00f6tt j\u00e1rt, \u00e9s a tornyosul\u00f3 vihart\u00f3l megrettenve az \u00darhoz ki\u00e1ltott: \u201eUram, ment meg engem!\u201d<\/p>\n<p>Ha az ember nem tud saj\u00e1t erej\u00e9b\u0151l ilyen feladathoz feln\u0151ni, seg\u00edts\u00e9g\u00e9re j\u00f6n a mindenhat\u00f3 Isten, aki mindenf\u00e9le ellentmond\u00e1s \u00e9s sorscsap\u00e1s k\u00f6zepette \u00e9vsz\u00e1zadokon \u00e1t korm\u00e1nyozta Egyh\u00e1z\u00e1t. Bizony\u00e1ra nek\u00fcnk is seg\u00edteni fog, aki Isten szolg\u00e1inak szolg\u00e1i k\u00f6zt a legkisebb \u00e9s legutols\u00f3 vagyunk. Kez\u00fcnket Krisztus kez\u00e9be t\u00e9ve \u00e9s re\u00e1 t\u00e1maszkodva l\u00e9p\u00fcnk mi is annak a haj\u00f3nak a korm\u00e1ny\u00e1hoz, amelyet Egyh\u00e1znak nevez\u00fcnk. \u0150 a viharok k\u00f6zt is \u00e1lland\u00f3an vel\u00fcnk van: b\u00e1tor\u00edt, er\u0151s\u00edt \u00e9s vigasztal minket. <em>(I.<\/em> <em>J\u00e1nos P\u00e1l p\u00e1pa)<\/em><\/p>\n<p>IM\u00c1DS\u00c1G PAPI HIVAT\u00c1SOK\u00c9RT<\/p>\n<p>J\u00e9zusom, a lelkek isteni P\u00e1sztora, aki apostolaidat megh\u00edvtad \u00e9s a lelkek hal\u00e1szaiv\u00e1 tetted \u0151ket: vond magadhoz a buzg\u00f3 \u00e9s nem ifj\u00fa lelkeket is, hogy tan\u00edv\u00e1nyaidd\u00e1 \u00e9s seg\u00edt\u0151idd\u00e9 v\u00e1ljanak. Add, hogy \u00e9rezz\u00e9k a vil\u00e1g \u00fcdv\u00f6z\u00edt\u00e9se ut\u00e1ni szomjadat, ami\u00e9rt folyton meg\u00faj\u00edtod papjaidnak keze \u00e1ltal \u00e1ldozatodat olt\u00e1rainkon. Add, hogy min\u00e9l t\u00f6bben k\u00f6vess\u00e9k h\u00edv\u00f3 szavadat, folytass\u00e1k m\u0171vedet a f\u00f6ld\u00f6n, \u00e9p\u00edts\u00e9k Testedet, az Egyh\u00e1zat. Add, hogy a f\u00f6ld s\u00f3ja \u00e9s a vil\u00e1g vil\u00e1goss\u00e1ga legyenek. Amen.\u00a0 <em>(VI. P\u00e1l p\u00e1pa)<\/em><\/p>\n<p>ZSINATI TAN\u00cdT\u00c1S<\/p>\n<p>Az emberek megv\u00e1lt\u00e1s\u00e1nak \u00e9s Isten t\u00f6k\u00e9letes dics\u0151\u00edt\u00e9s\u00e9nek m\u0171v\u00e9t az \u00dar Krisztus teljes\u00edtette be: f\u0151leg szenved\u00e9s\u00e9nek, a hal\u00e1lb\u00f3l f\u00f6lt\u00e1mad\u00e1s\u00e1nak \u00e9s mennybe menetel\u00e9nek h\u00fasv\u00e9ti miszt\u00e9riuma \u00e1ltal. \u00cdgy a mi hal\u00e1lunkat saj\u00e1t hal\u00e1l\u00e1val legy\u0151zte, \u00e9s az \u00e9letet f\u00f6lt\u00e1mad\u00e1s\u00e1val \u00fajj\u00e1 alkotta. A kereszten meghalt Krisztus oldal\u00e1b\u00f3l fakadt az a csod\u00e1latos Szents\u00e9g, amely maga az Egyh\u00e1z.<\/p>\n<p><em>\u2013 II. Vatik\u00e1ni Zsinat Liturgikus Konstit\u00faci\u00f3ja, 5<\/em><\/p>\n<p>ANY\u00c1K NAPI IMA<\/p>\n<p>Mindenhat\u00f3 Istenem!<\/p>\n<p>K\u00f6sz\u00f6n\u00f6m, hogy olyan \u00e9desany\u00e1t adt\u00e1l nekem, aki megtan\u00edtott engem legel\u0151sz\u00f6r is im\u00e1dkozni. \u00c1ldd meg \u0151t, \u00e9s \u00e1ldj meg minden \u00e9desany\u00e1t, akik az anyai m\u00e9lt\u00f3s\u00e1gban r\u00e9szes\u00fcltek, \u00e9s v\u00e1llalt\u00e1k mindazokat a f\u00e1radalmakat, amelyeket mi\u00e9rt\u00fcnk t\u0171rni \u00e9s szenvedni kellett. \u00d3vd meg \u0151ket, ahogyan \u0151k \u00f3vtak benn\u00fcnket minden vesz\u00e9lyt\u0151l, lemondva minden k\u00e9nyelemr\u0151l.<\/p>\n<p>Add, Isten\u00fcnk, hogy minden \u00e9desanya a Te Sz\u00edved szerint nevelje gyermekeit! \u00c9s \u00e1ldd meg k\u00e9r\u00fcnk, a nagymam\u00e1kat is, akik nek\u00fcnk sz\u00fcleinket felnevelt\u00e9k.<\/p>\n<p>Boldogs\u00e1gos Sz\u0171zany\u00e1nk, hozz\u00e1d fordulunk. Fogadj minden \u00e9desany\u00e1t anyai pal\u00e1stod al\u00e1, seg\u00edtsd \u0151ket, hogy olyan szeretettel gondozz\u00e1k gyermekeiket, amint Te gondoztad egysz\u00fcl\u00f6tt Szent Fiadat. N\u00f6veld az \u00e9desany\u00e1nkban is, benn\u00fcnk is a hitet, a rem\u00e9nyt \u00e9s a szeretetet; seg\u00edts, hogy soha el ne vesz\u00edts\u00fck ezt. Tan\u00edts meg arra, hogy Istenben b\u00edzva boldogok legy\u00fcnk minden vesz\u00e9lyben, s hogy egykor a f\u00e9nyes \u00e9gi haz\u00e1ban veled egy\u00fctt dics\u0151\u00edthess\u00fck a teljes Szenth\u00e1roms\u00e1got. Amen.<\/p>\n<p><strong>T\u00d3TH TIHAM\u00c9R JELMONDATA: <\/strong><strong>A T\u0170Z SOHA NEM MONDJA, HOGY \u201eEL\u00c9G!\u201d<\/strong><\/p>\n<p><strong>\u00a0<\/strong><\/p>\n<ol start=\"2019\">\n<li><strong> M\u00c1JUS 19.<\/strong><\/li>\n<\/ol>\n<p><strong>H\u00daSV\u00c9T 5. VAS\u00c1RNAPJA<\/strong><\/p>\n<p><strong>ALLELUJA + ALLELUJA + ALLELUJA<\/strong><\/p>\n<p>A h\u00edv\u0151 ember legf\u0151bb k\u00f6teless\u00e9ge a szeretet. Ez al\u00f3l soha, senki felment\u00e9st nem kaphat. Lehet felment\u00e9st k\u00e9rni a h\u00e1zass\u00e1gk\u00f6t\u00e9si akad\u00e1lyok al\u00f3l, indokolt esetben a b\u00f6jt \u00e9s a mis\u00e9n val\u00f3 r\u00e9szv\u00e9tel al\u00f3l is. De a szeretet cselekedetei al\u00f3l nem nyerhet\u00fcnk \u00e9s f\u0151leg nem adhatunk magunknak felment\u00e9st. Ez ugyanis kereszt\u00e9ny voltunk el\u00e1rul\u00e1sa lenne<\/p>\n<p><strong>OLVASM\u00c1NY<\/strong>\u00a0\u00a0\u00a0\u00a0\u00a0\u00a0\u00a0\u00a0\u00a0\u00a0\u00a0\u00a0\u00a0\u00a0\u00a0\u00a0\u00a0\u00a0\u00a0\u00a0\u00a0\u00a0\u00a0 \u00a0\u00a0\u00a0\u00a0\u00a0\u00a0\u00a0\u00a0\u00a0\u00a0\u00a0\u00a0\u00a0\u00a0\u00a0\u00a0\u00a0\u00a0\u00a0\u00a0<em>ApCsel 14, 21b\u201327<\/em><\/p>\n<p>Az apostolok b\u00edzhatnak abban, hogy munk\u00e1juk v\u00e9gz\u00e9s\u00e9hez megkapj\u00e1k a Szentl\u00e9lek aj\u00e1nd\u00e9kait: a b\u00f6lcsess\u00e9g, az okoss\u00e1g \u00e9s a lelkier\u0151 kegyelm\u00e9t. Az Isten kegyelm\u00e9nek elnyer\u00e9s\u00e9\u00e9rt azonban nek\u00fcnk is meg kell tenn\u00fcnk mindent: El\u00f6lj\u00e1r\u00f3k \u00e9s h\u00edv\u0151k egyar\u00e1nt b\u00f6jt\u00f6l\u00e9ssel \u00e9s buzg\u00f3 im\u00e1val igyekezzenek magukat m\u00e9lt\u00f3v\u00e1 tenni a kegyelem elnyer\u00e9s\u00e9re.<\/p>\n<p><strong>V\u00c1LASZOS ZSOLT\u00c1R<\/strong> \u00a0\u00a0\u00a0\u00a0\u00a0\u00a0\u00a0\u00a0\u00a0\u00a0\u00a0\u00a0\u00a0\u00a0\u00a0\u00a0\u00a0\u00a0\u00a0\u00a0\u00a0\u00a0\u00a0\u00a0\u00a0\u00a0\u00a0\u00a0\u00a0\u00a0\u00a0\u00a0\u00a0\u00a0\u00a0\u00a0<em>144. Zsolt\u00e1r <\/em><\/p>\n<p><strong>V\u00e1lasz: Istenem \u00e9s kir\u00e1lyom, magasztallak t<u>\u00e9<\/u>ged, *<\/strong><strong>\u00a0 szent nevedet \u00e1ldom <u>\u00f6<\/u>r\u00f6kk\u00f6n-\u00f6r\u00f6kk\u00e9.\u00a0\u00a0\u00a0 <\/strong><\/p>\n<p><strong>SZENTLECKE\u00a0\u00a0 <\/strong>\u00a0\u00a0\u00a0\u00a0\u00a0\u00a0\u00a0\u00a0\u00a0\u00a0\u00a0\u00a0\u00a0\u00a0\u00a0\u00a0\u00a0\u00a0\u00a0\u00a0\u00a0\u00a0\u00a0\u00a0\u00a0\u00a0\u00a0\u00a0\u00a0\u00a0\u00a0\u00a0\u00a0\u00a0\u00a0\u00a0\u00a0\u00a0\u00a0\u00a0\u00a0\u00a0\u00a0\u00a0\u00a0\u00a0\u00a0<em>J<\/em><em>el 21, 1\u20135a<\/em><\/p>\n<p>Az \u00fcdv\u00f6ss\u00e9g hely\u00e9t, a \u201emennyei Jeruzs\u00e1lemet\u201d Krisztus m\u00e1r ki\u00e9rdemelte sz\u00e1munkra. Rajtunk a sor, hogy f\u00f6ldi\u00a0 \u00e9let\u00fcnk helyt\u00e1ll\u00e1s\u00e1val, k\u00f6teless\u00e9geink h\u0171s\u00e9ges teljes\u00edt\u00e9s\u00e9vel m\u00e9lt\u00f3k legy\u00fcnk bel\u00e9pni az \u00fcdv\u00f6z\u00fcltek hon\u00e1ba.<\/p>\n<p><strong>ALLELUJA<\/strong>\u00a0\u00a0\u00a0\u00a0\u00a0\u00a0\u00a0\u00a0\u00a0\u00a0\u00a0\u00a0\u00a0\u00a0\u00a0\u00a0\u00a0\u00a0\u00a0\u00a0\u00a0\u00a0\u00a0\u00a0\u00a0\u00a0\u00a0\u00a0\u00a0\u00a0\u00a0\u00a0\u00a0\u00a0\u00a0\u00a0\u00a0 \u00a0\u00a0\u00a0\u00a0\u00a0\u00a0\u00a0\u00a0\u00a0\u00a0\u00a0\u00a0\u00a0\u00a0\u00a0\u00a0\u00a0\u00a0\u00a0\u00a0\u00a0\u00a0\u00a0\u00a0\u00a0\u00a0\u00a0\u00a0\u00a0\u00a0\u00a0<em>Jn 13,34<\/em><\/p>\n<p>J\u00e9zus mondja: \u201e\u00daj parancsot adok nektek, * szeress\u00e9tek egym\u00e1st, ahogy \u00e9n szeretlek titeket.\u201d<\/p>\n<p><strong>EVANG\u00c9LIUM<\/strong>\u00a0\u00a0\u00a0\u00a0\u00a0\u00a0\u00a0\u00a0\u00a0\u00a0\u00a0\u00a0\u00a0\u00a0\u00a0\u00a0\u00a0 \u00a0\u00a0\u00a0\u00a0\u00a0\u00a0\u00a0\u00a0\u00a0\u00a0\u00a0\u00a0\u00a0\u00a0\u00a0\u00a0\u00a0\u00a0\u00a0\u00a0<em>Jn 13, 31\u201333a. 34\u201335<\/em><\/p>\n<p>J\u00e9zus eg\u00e9sz \u00e9lete az Atya megdics\u0151\u00edt\u00e9se volt. De k\u00fcl\u00f6n\u00f6sen is megdics\u0151\u00edtette \u0151t szenved\u00e9s\u00e9nek k\u00e9szs\u00e9ges elfogad\u00e1sa \u00e1ltal.<\/p>\n<p>J\u00e9zushoz hasonl\u00f3an legy\u00fcnk mi is mindig \u00e9s mindenben engedelmesek a mennyei Atya ir\u00e1nt. Akkor rem\u00e9lhetj\u00fck, hogy minket is megdics\u0151\u00edt majd az \u0151 \u00f6r\u00f6kk\u00e9tart\u00f3 orsz\u00e1g\u00e1ban.<\/p>\n<p><strong>AZ EUCHARISZTI\u00c1HOZ<\/strong><\/p>\n<p>A szeretet szents\u00e9g\u00e9nek, az Eukariszti\u00e1nak v\u00e9tele figyelmeztet, de seg\u00edts\u00e9get is ad nek\u00fcnk a szeretet gyakorl\u00e1s\u00e1hoz.<\/p>\n<p><strong>ELM\u00c9LKED\u00c9S<\/strong><\/p>\n<p>Az nem el\u00e9g, hogy kenyeret, ruh\u00e1t, p\u00e9nzt, tan\u00e1csot adunk a felebar\u00e1tunknak. A magatart\u00e1s is nagyon fontos. Hozz\u00e1tartozik ez is: \u201eHallott\u00e1l sz\u00f3t felebar\u00e1tod ellen? Haljon az meg benned!\u201d * A szeretetnek egyik legnagyobb cselekedete, amikor Szent P\u00e1l intelm\u00e9t megval\u00f3s\u00edtjuk: \u201eEgym\u00e1s terh\u00e9t viselj\u00e9tek!\u201d (Gal 6, 2). * A p\u00e9lda az anya szeretete gyermeke ir\u00e1nt: mennyi illetlens\u00e9get, csintalans\u00e1got elvisel, mert szereti gyermek\u00e9t. A testv\u00e9r ir\u00e1nti szeretet fokm\u00e9r\u0151je a t\u00fcrelem. \u00a0\u00a0\u00a0\u00a0\u00a0\u00a0\u00a0\u00a0\u00a0\u00a0<em>Rad\u00f3 Polik\u00e1rp<\/em><\/p>\n<p>ARANYMIS\u00c9J\u00c9T \u00dcNNEPELTE JAKUBINYI GY\u00d6RGY GYULAFEH\u00c9RV\u00c1RI \u00c9RSEK<\/p>\n<p>H\u00e1laad\u00f3 szentmis\u00e9t tartottak \u00e1prilis 24-\u00e9n Jakubinyi Gy\u00f6rgy gyulafeh\u00e9rv\u00e1ri \u00e9rsek papp\u00e1 szentel\u00e9s\u00e9nek 50. \u00e9vfordul\u00f3ja alkalm\u00e1b\u00f3l a gyulafeh\u00e9rv\u00e1ri sz\u00e9kesegyh\u00e1zban.<\/p>\n<p>\u00d6tven \u00e9ve szentelt\u00e9k papp\u00e1 Jakubinyi Gy\u00f6rgy gyulafeh\u00e9rv\u00e1ri \u00e9rseket. Az \u00e9vfordul\u00f3 alkalm\u00e1b\u00f3l h\u00e1laad\u00f3 szentmis\u00e9t mutattak be a szentel\u00e9s hely\u00e9n, a gyulafeh\u00e9rv\u00e1ri sz\u00e9kesegyh\u00e1zban a hagyom\u00e1nyos \u00e9vi \u00e9vfolyamt\u00e1rsi tal\u00e1lkoz\u00f3 keret\u00e9n bel\u00fcl. A szertart\u00e1son h\u00e1l\u00e1t adtak az \u00f6tven \u00e9v minden kegyelm\u00e9\u00e9rt, az el\u00e9rt eredm\u00e9nyek\u00e9rt, de a megpr\u00f3b\u00e1ltat\u00e1sok\u00e9rt is \u00e9s a kitart\u00e1s kegyelm\u00e9\u00e9rt.\u00a0\u00a0\u00a0\u00a0\u00a0\u00a0\u00a0\u00a0\u00a0\u00a0\u00a0\u00a0\u00a0\u00a0\u00a0\u00a0\u00a0\u00a0\u00a0\u00a0\u00a0\u00a0\u00a0\u00a0 <em>Forr\u00e1s: Romkat.ro \/ Magyar Kur\u00edr<\/em><\/p>\n<p>&nbsp;<\/p>\n<p>URB\u00c1N ERIK AZ ERD\u00c9LYI FERENCESEK \u00daJ TARTOM\u00c1NYF\u0150N\u00d6KE<\/p>\n<p>A Kisebb Testv\u00e9rek (Ferencesek) Szent Istv\u00e1n Kir\u00e1lyr\u00f3l Nevezett Erd\u00e9lyi Rendtartom\u00e1nya 2019. \u00e1prilis 23\u201327. k\u00f6z\u00f6tt tiszt\u00faj\u00edt\u00e1ssal egybek\u00f6t\u00f6tt k\u00e1ptalant tartott a cs\u00edksomly\u00f3i kegyhelyen.<\/p>\n<p>A provinciai k\u00e1ptalan feladata, hogy a rendtartom\u00e1nyhoz tartoz\u00f3 testv\u00e9rek \u00e9letm\u00f3dj\u00e1t \u00e9s tev\u00e9kenys\u00e9g\u00e9t fel\u00fclvizsg\u00e1lja, alkalmas eszk\u00f6z\u00f6ket keressen \u00e9s javasoljon annak fejl\u0151d\u00e9s\u00e9hez \u00e9s jobb\u00edt\u00e1s\u00e1hoz, \u00faj kezdem\u00e9nyez\u00e9sekr\u0151l \u00e9s nagyobb jelent\u0151s\u00e9g\u0171 \u00fcgyekr\u0151l t\u00e1rgyaljon, azokr\u00f3l k\u00f6z\u00f6s megbesz\u00e9l\u00e9ssel hat\u00e1rozatokat hozzon, \u00e9s megtartsa az esed\u00e9kes v\u00e1laszt\u00e1sokat.<\/p>\n<p>A k\u00e1ptalan eln\u00f6ke B\u00e1n J\u00f3n\u00e1s OFM, a magyarorsz\u00e1gi Magyarok Nagyasszonya Rendtartom\u00e1ny tagja, aki a ferences rend minister gener\u00e1lis\u00e1nak megb\u00edz\u00e1s\u00e1b\u00f3l eln\u00f6k\u00f6lt a tan\u00e1cskoz\u00e1son, valamint levezette a v\u00e1laszt\u00e1sokat.<\/p>\n<p>A rendtartom\u00e1ny \u00faj vezet\u0151s\u00e9g\u00e9t \u00e1prilis 25-\u00e9n v\u00e1lasztott\u00e1k meg. A rendtagok Urb\u00e1n Erik OFM cs\u00edksomly\u00f3i templomigazgat\u00f3t v\u00e1lasztott\u00e1k tartom\u00e1nyf\u0151n\u00f6knek, aki Orb\u00e1n Szabolcsot v\u00e1ltja a rendtartom\u00e1ny \u00e9l\u00e9n, \u00e9s akinek a rendi el\u0151\u00edr\u00e1sok \u00e9rtelm\u00e9ben els\u0151dleges feladata az, hogy al\u00e1zattal \u00e9s szeretettel l\u00e1togassa, buzg\u00f3n intse \u00e9s b\u00e1tor\u00edtsa rendi testv\u00e9reit.<\/p>\n<p>A ferencesek erd\u00e9lyi rendtartom\u00e1ny\u00e1nak jelenleg 45 tagja van, akik tizenegy kolostorban \u00e9lnek, hat pl\u00e9b\u00e1ni\u00e1t l\u00e1tnak el, \u00e9s hat templomigazgat\u00f3s\u00e1got vezetnek, gondozz\u00e1k a cs\u00edksomly\u00f3i kegyhelyet, tov\u00e1bb\u00e1 n\u00e9gy koll\u00e9giumot \u00e9s k\u00e9t szoci\u00e1lis int\u00e9zm\u00e9nyt tartanak fenn. A ferencesek \u00e1tlag\u00e9letkora 49 \u00e9v.<\/p>\n<p><em>Forr\u00e1s: Kisebb Testv\u00e9rek (Ferencesek) Szent Istv\u00e1n Kir\u00e1lyr\u00f3l Nevezett Erd\u00e9lyi Rendtartom\u00e1nya<\/em><\/p>\n<p><em>Magyar Kur\u00edr<\/em><\/p>\n<p>EGY GONDOLAT<\/p>\n<p>Az \u00dar J\u00e9zus evang\u00e9liuma nincs korl\u00e1tozva a t\u00f6rt\u00e9nelemnek egy id\u0151szak\u00e1ra, m\u00e9g ha egyes korok nem is fogadt\u00e1k be. Ugyanakkor a kereszt\u00e9nys\u00e9gnek van olyan gy\u00f6kere, olyan f\u00e1ja, amely mindig j\u00f3 gy\u00fcm\u00f6lcs\u00f6t terem, aminek neve: szeretet.<\/p>\n<p>&nbsp;<\/p>\n","protected":false},"excerpt":{"rendered":"<p>2019. M\u00c1JUS 5. H\u00daSV\u00c9T 3. VAS\u00c1RNAPJA ANY\u00c1K NAPJA &nbsp; A hit a kereszt\u00e9ny \u00e9let alapja. Mi t\u00f6reksz\u00fcnk arra, hogy becs\u00fcletesen \u00e9lj\u00fcnk, k\u00f6teless\u00e9geinket teljes\u00edts\u00fck, embert\u00e1rsainkat szeress\u00fck, mert hisz\u00fcnk Istenben, aki l\u00e1t minket, sz\u00e1montartja \u00e9s megjutalmazza tetteinket. Mi t\u00fcrelmesen hordozzuk keresztjeinket \u00e9s elfogadjuk a hal\u00e1lt is, mert hissz\u00fck, hogy a f\u00f6ldi \u00e9let csak zar\u00e1ndok\u00fat. A v\u00e9g\u00e1llom\u00e1s oda\u00e1t van, ahol m\u00e1r nem lesz k\u00f6nny \u00e9s szenved\u00e9s, hanem \u00f6r\u00f6kk\u00e9tart\u00f3 \u00f6r\u00f6m \u00e9s boldogs\u00e1g. OLVASM\u00c1NY\u00a0 \u00a0\u00a0\u00a0\u00a0\u00a0\u00a0\u00a0\u00a0\u00a0\u00a0\u00a0\u00a0\u00a0\u00a0\u00a0\u00a0\u00a0\u00a0\u00a0\u00a0\u00a0\u00a0\u00a0\u00a0\u00a0\u00a0\u00a0\u00a0ApCsel 5, 27b\u201332. 40b\u201341 A kereszt\u00e9ny \u00e9let velej\u00e1r\u00f3ja a tan\u00fas\u00e1gt\u00e9tel. Hirdess\u00fck J\u00e9zus \u00e9let\u00e9t, hal\u00e1l\u00e1t \u00e9s felt\u00e1mad\u00e1s\u00e1t. De ne csup\u00e1n szavunkkal, hanem \u00e9let\u00fcnkkel is. S\u0151t ezt a k\u00f6teless\u00e9g\u00fcnket teljes\u00edten\u00fcnk kell akkor is, ha \u00fcld\u00f6ztet\u00e9ssel j\u00e1r. Az apostolok erre sz\u00e9p p\u00e9ld\u00e1t mutattak nek\u00fcnk. V\u00c1LASZOS ZSOLT\u00c1R \u00a0\u00a0\u00a0\u00a0\u00a0\u00a0\u00a0\u00a0\u00a0\u00a0\u00a0\u00a0\u00a0\u00a0\u00a0\u00a0\u00a0\u00a0\u00a0\u00a0\u00a0\u00a0\u00a0\u00a0\u00a0\u00a0\u00a0\u00a0\u00a0\u00a0\u00a0\u00a0\u00a0\u00a0\u00a0\u00a0\u00a029. Zsolt\u00e1r V\u00e1lasz: Magasztallak, Uram, * mivel megmentett\u00e9l engem.\u00a0 \u2013 Vagy: Alleluja, alleluja, alleluja. \u00a0SZENTLECKE \u00a0\u00a0\u00a0\u00a0\u00a0\u00a0\u00a0\u00a0\u00a0\u00a0\u00a0\u00a0\u00a0\u00a0\u00a0\u00a0\u00a0\u00a0\u00a0\u00a0\u00a0\u00a0\u00a0\u00a0\u00a0\u00a0\u00a0\u00a0\u00a0\u00a0\u00a0\u00a0\u00a0\u00a0\u00a0\u00a0\u00a0\u00a0\u00a0\u00a0\u00a0\u00a0\u00a0\u00a0\u00a0\u00a0\u00a0\u00a0Jel 5, 11\u201314 J\u00e1nos apostol l\u00e1tom\u00e1sban ismeri meg azt, aki sz\u00f3l hozz\u00e1, k\u00fcldet\u00e9st ad neki, J\u00e9zust. \u0150 az Isten B\u00e1r\u00e1nya, akit meg\u00f6ltek, de \u00e9l \u00e9s uralkodik az emberek, s\u0151t az eg\u00e9sz kozmikus vil\u00e1g f\u00f6l\u00f6tt is. Szenved\u00e9s\u00e9vel \u00e9s felt\u00e1mad\u00e1s\u00e1val \u00e9rdemelte ki a mindens\u00e9g dics\u00e9ret\u00e9t. ALLELUJA\u00a0\u00a0\u00a0\u00a0\u00a0\u00a0\u00a0\u00a0\u00a0\u00a0\u00a0\u00a0\u00a0\u00a0\u00a0\u00a0\u00a0\u00a0\u00a0\u00a0\u00a0\u00a0\u00a0\u00a0\u00a0\u00a0\u00a0\u00a0\u00a0\u00a0\u00a0\u00a0\u00a0\u00a0\u00a0\u00a0\u00a0\u00a0\u00a0\u00a0\u00a0\u00a0\u00a0\u00a0 Felt\u00e1madt Krisztus, ki mindeneket alkotott, * \u00e9s megk\u00f6ny\u00f6r\u00fclt az emberi nemen. EVANG\u00c9LIUM \u00a0\u00a0\u00a0\u00a0\u00a0\u00a0\u00a0\u00a0\u00a0\u00a0\u00a0\u00a0\u00a0\u00a0\u00a0\u00a0\u00a0\u00a0\u00a0\u00a0\u00a0\u00a0\u00a0\u00a0\u00a0\u00a0\u00a0\u00a0\u00a0\u00a0\u00a0\u00a0\u00a0\u00a0\u00a0\u00a0\u00a0\u00a0\u00a0\u00a0\u00a0\u00a0\u00a0\u00a0\u00a0\u00a0\u00a0\u00a0Jn 21, 1\u201319 A mai evang\u00e9lium is tan\u00fas\u00edtja, hogy az apostolok munk\u00e1j\u00e1nak sikere els\u0151sorban nem az \u0151 er\u0151fesz\u00edt\u00e9s\u00fckt\u0151l f\u00fcgg, hanem J\u00e9zus kegyelmi aj\u00e1nd\u00e9ka. A mai nap evang\u00e9liuma J\u00e9zus megjelen\u00e9seinek sor\u00e1t folytatva elbesz\u00e9li, mik\u00e9nt er\u0151s\u00edtette meg az apostolokat felt\u00e1mad\u00e1sa ut\u00e1n negyven nap alatt, s mik\u00e9nt adta meg utols\u00f3 tan\u00edt\u00e1sait \u00e9s egyh\u00e1zalap\u00edt\u00f3 int\u00e9zked\u00e9seit. J\u00e9zus a t\u00fals\u00f3 partr\u00f3l ma is figyeli, ir\u00e1ny\u00edtja \u00e9s seg\u00edti Egyh\u00e1z\u00e1nak munk\u00e1j\u00e1t. Az Egyh\u00e1z viszont P\u00e9ter ut\u00f3d\u00e1n kereszt\u00fcl tan\u00faskodik a vil\u00e1g v\u00e9g\u00e9ig a Krisztus ir\u00e1nt val\u00f3 szeretet\u00e9r\u0151l \u00e9s h\u00f3dolat\u00e1r\u00f3l. AZ EUCHARISZTI\u00c1HOZ J\u00e9zus a Tib\u00e9ri\u00e1s-t\u00f3n\u00e1l keny\u00e9rrel \u00e9s hallal vend\u00e9geli meg tan\u00edtv\u00e1nyait. Mi az Eucharisztia asztal\u00e1n\u00e1l \u00e9lvezz\u00fck az \u0151 vend\u00e9gszeretet\u00e9t. Fogadjuk mindig \u00f6r\u00f6mmel a lakom\u00e1ra val\u00f3 h\u00edv\u00e1s\u00e1t. EGY GONDOLAT Krisztus felt\u00e1mad\u00e1sa mag\u00e1ban hordja valamennyi\u00fcnk testi felt\u00e1mad\u00e1s\u00e1nak \u00edg\u00e9ret\u00e9t \u00e9s&#8230; <\/p>\n<p><a class=\"readmore\" href=\"https:\/\/stuttgarti-katolikusok.de\/index.php\/husvet-3-4-es-5-vasarnapjara\/\">R\u00e9szletek<\/a><\/p>\n","protected":false},"author":3,"featured_media":0,"comment_status":"closed","ping_status":"closed","sticky":false,"template":"","format":"standard","meta":{"footnotes":""},"categories":[63],"tags":[],"class_list":["post-16758","post","type-post","status-publish","format-standard","hentry","category-vasarnapi-gondolatok"],"yoast_head":"<!-- This site is optimized with the Yoast SEO plugin v27.3 - https:\/\/yoast.com\/product\/yoast-seo-wordpress\/ -->\n<title>H\u00fasv\u00e9t 3., 4. \u00e9s 5. vas\u00e1rnapj\u00e1ra - Stuttgarti Katolikusok<\/title>\n<meta name=\"robots\" content=\"index, follow, max-snippet:-1, max-image-preview:large, max-video-preview:-1\" \/>\n<link rel=\"canonical\" href=\"https:\/\/stuttgarti-katolikusok.de\/index.php\/husvet-3-4-es-5-vasarnapjara\/\" \/>\n<meta property=\"og:locale\" content=\"hu_HU\" \/>\n<meta property=\"og:type\" content=\"article\" \/>\n<meta property=\"og:title\" content=\"H\u00fasv\u00e9t 3., 4. \u00e9s 5. vas\u00e1rnapj\u00e1ra - Stuttgarti Katolikusok\" \/>\n<meta property=\"og:description\" content=\"2019. M\u00c1JUS 5. H\u00daSV\u00c9T 3. VAS\u00c1RNAPJA ANY\u00c1K NAPJA &nbsp; A hit a kereszt\u00e9ny \u00e9let alapja. Mi t\u00f6reksz\u00fcnk arra, hogy becs\u00fcletesen \u00e9lj\u00fcnk, k\u00f6teless\u00e9geinket teljes\u00edts\u00fck, embert\u00e1rsainkat szeress\u00fck, mert hisz\u00fcnk Istenben, aki l\u00e1t minket, sz\u00e1montartja \u00e9s megjutalmazza tetteinket. Mi t\u00fcrelmesen hordozzuk keresztjeinket \u00e9s elfogadjuk a hal\u00e1lt is, mert hissz\u00fck, hogy a f\u00f6ldi \u00e9let csak zar\u00e1ndok\u00fat. A v\u00e9g\u00e1llom\u00e1s oda\u00e1t van, ahol m\u00e1r nem lesz k\u00f6nny \u00e9s szenved\u00e9s, hanem \u00f6r\u00f6kk\u00e9tart\u00f3 \u00f6r\u00f6m \u00e9s boldogs\u00e1g. OLVASM\u00c1NY\u00a0 \u00a0\u00a0\u00a0\u00a0\u00a0\u00a0\u00a0\u00a0\u00a0\u00a0\u00a0\u00a0\u00a0\u00a0\u00a0\u00a0\u00a0\u00a0\u00a0\u00a0\u00a0\u00a0\u00a0\u00a0\u00a0\u00a0\u00a0\u00a0ApCsel 5, 27b\u201332. 40b\u201341 A kereszt\u00e9ny \u00e9let velej\u00e1r\u00f3ja a tan\u00fas\u00e1gt\u00e9tel. Hirdess\u00fck J\u00e9zus \u00e9let\u00e9t, hal\u00e1l\u00e1t \u00e9s felt\u00e1mad\u00e1s\u00e1t. De ne csup\u00e1n szavunkkal, hanem \u00e9let\u00fcnkkel is. S\u0151t ezt a k\u00f6teless\u00e9g\u00fcnket teljes\u00edten\u00fcnk kell akkor is, ha \u00fcld\u00f6ztet\u00e9ssel j\u00e1r. Az apostolok erre sz\u00e9p p\u00e9ld\u00e1t mutattak nek\u00fcnk. V\u00c1LASZOS ZSOLT\u00c1R \u00a0\u00a0\u00a0\u00a0\u00a0\u00a0\u00a0\u00a0\u00a0\u00a0\u00a0\u00a0\u00a0\u00a0\u00a0\u00a0\u00a0\u00a0\u00a0\u00a0\u00a0\u00a0\u00a0\u00a0\u00a0\u00a0\u00a0\u00a0\u00a0\u00a0\u00a0\u00a0\u00a0\u00a0\u00a0\u00a0\u00a029. Zsolt\u00e1r V\u00e1lasz: Magasztallak, Uram, * mivel megmentett\u00e9l engem.\u00a0 \u2013 Vagy: Alleluja, alleluja, alleluja. \u00a0SZENTLECKE \u00a0\u00a0\u00a0\u00a0\u00a0\u00a0\u00a0\u00a0\u00a0\u00a0\u00a0\u00a0\u00a0\u00a0\u00a0\u00a0\u00a0\u00a0\u00a0\u00a0\u00a0\u00a0\u00a0\u00a0\u00a0\u00a0\u00a0\u00a0\u00a0\u00a0\u00a0\u00a0\u00a0\u00a0\u00a0\u00a0\u00a0\u00a0\u00a0\u00a0\u00a0\u00a0\u00a0\u00a0\u00a0\u00a0\u00a0\u00a0Jel 5, 11\u201314 J\u00e1nos apostol l\u00e1tom\u00e1sban ismeri meg azt, aki sz\u00f3l hozz\u00e1, k\u00fcldet\u00e9st ad neki, J\u00e9zust. \u0150 az Isten B\u00e1r\u00e1nya, akit meg\u00f6ltek, de \u00e9l \u00e9s uralkodik az emberek, s\u0151t az eg\u00e9sz kozmikus vil\u00e1g f\u00f6l\u00f6tt is. Szenved\u00e9s\u00e9vel \u00e9s felt\u00e1mad\u00e1s\u00e1val \u00e9rdemelte ki a mindens\u00e9g dics\u00e9ret\u00e9t. ALLELUJA\u00a0\u00a0\u00a0\u00a0\u00a0\u00a0\u00a0\u00a0\u00a0\u00a0\u00a0\u00a0\u00a0\u00a0\u00a0\u00a0\u00a0\u00a0\u00a0\u00a0\u00a0\u00a0\u00a0\u00a0\u00a0\u00a0\u00a0\u00a0\u00a0\u00a0\u00a0\u00a0\u00a0\u00a0\u00a0\u00a0\u00a0\u00a0\u00a0\u00a0\u00a0\u00a0\u00a0\u00a0 Felt\u00e1madt Krisztus, ki mindeneket alkotott, * \u00e9s megk\u00f6ny\u00f6r\u00fclt az emberi nemen. EVANG\u00c9LIUM \u00a0\u00a0\u00a0\u00a0\u00a0\u00a0\u00a0\u00a0\u00a0\u00a0\u00a0\u00a0\u00a0\u00a0\u00a0\u00a0\u00a0\u00a0\u00a0\u00a0\u00a0\u00a0\u00a0\u00a0\u00a0\u00a0\u00a0\u00a0\u00a0\u00a0\u00a0\u00a0\u00a0\u00a0\u00a0\u00a0\u00a0\u00a0\u00a0\u00a0\u00a0\u00a0\u00a0\u00a0\u00a0\u00a0\u00a0\u00a0Jn 21, 1\u201319 A mai evang\u00e9lium is tan\u00fas\u00edtja, hogy az apostolok munk\u00e1j\u00e1nak sikere els\u0151sorban nem az \u0151 er\u0151fesz\u00edt\u00e9s\u00fckt\u0151l f\u00fcgg, hanem J\u00e9zus kegyelmi aj\u00e1nd\u00e9ka. A mai nap evang\u00e9liuma J\u00e9zus megjelen\u00e9seinek sor\u00e1t folytatva elbesz\u00e9li, mik\u00e9nt er\u0151s\u00edtette meg az apostolokat felt\u00e1mad\u00e1sa ut\u00e1n negyven nap alatt, s mik\u00e9nt adta meg utols\u00f3 tan\u00edt\u00e1sait \u00e9s egyh\u00e1zalap\u00edt\u00f3 int\u00e9zked\u00e9seit. J\u00e9zus a t\u00fals\u00f3 partr\u00f3l ma is figyeli, ir\u00e1ny\u00edtja \u00e9s seg\u00edti Egyh\u00e1z\u00e1nak munk\u00e1j\u00e1t. Az Egyh\u00e1z viszont P\u00e9ter ut\u00f3d\u00e1n kereszt\u00fcl tan\u00faskodik a vil\u00e1g v\u00e9g\u00e9ig a Krisztus ir\u00e1nt val\u00f3 szeretet\u00e9r\u0151l \u00e9s h\u00f3dolat\u00e1r\u00f3l. AZ EUCHARISZTI\u00c1HOZ J\u00e9zus a Tib\u00e9ri\u00e1s-t\u00f3n\u00e1l keny\u00e9rrel \u00e9s hallal vend\u00e9geli meg tan\u00edtv\u00e1nyait. Mi az Eucharisztia asztal\u00e1n\u00e1l \u00e9lvezz\u00fck az \u0151 vend\u00e9gszeretet\u00e9t. Fogadjuk mindig \u00f6r\u00f6mmel a lakom\u00e1ra val\u00f3 h\u00edv\u00e1s\u00e1t. EGY GONDOLAT Krisztus felt\u00e1mad\u00e1sa mag\u00e1ban hordja valamennyi\u00fcnk testi felt\u00e1mad\u00e1s\u00e1nak \u00edg\u00e9ret\u00e9t \u00e9s... R\u00e9szletek\" \/>\n<meta property=\"og:url\" content=\"https:\/\/stuttgarti-katolikusok.de\/index.php\/husvet-3-4-es-5-vasarnapjara\/\" \/>\n<meta property=\"og:site_name\" content=\"Stuttgarti Katolikusok\" \/>\n<meta property=\"article:published_time\" content=\"2019-05-02T15:35:15+00:00\" \/>\n<meta property=\"article:modified_time\" content=\"2019-05-02T21:30:46+00:00\" \/>\n<meta name=\"author\" content=\"Tibor atya\" \/>\n<meta name=\"twitter:card\" content=\"summary_large_image\" \/>\n<meta name=\"twitter:label1\" content=\"Szerz\u0151:\" \/>\n\t<meta name=\"twitter:data1\" content=\"Tibor atya\" \/>\n\t<meta name=\"twitter:label2\" content=\"Becs\u00fclt olvas\u00e1si id\u0151\" \/>\n\t<meta name=\"twitter:data2\" content=\"16 perc\" \/>\n<script type=\"application\/ld+json\" class=\"yoast-schema-graph\">{\"@context\":\"https:\\\/\\\/schema.org\",\"@graph\":[{\"@type\":\"Article\",\"@id\":\"https:\\\/\\\/stuttgarti-katolikusok.de\\\/index.php\\\/husvet-3-4-es-5-vasarnapjara\\\/#article\",\"isPartOf\":{\"@id\":\"https:\\\/\\\/stuttgarti-katolikusok.de\\\/index.php\\\/husvet-3-4-es-5-vasarnapjara\\\/\"},\"author\":{\"name\":\"Tibor atya\",\"@id\":\"https:\\\/\\\/stuttgarti-katolikusok.de\\\/#\\\/schema\\\/person\\\/75908d6f8fdc03a57889d27209df7795\"},\"headline\":\"H\u00fasv\u00e9t 3., 4. \u00e9s 5. vas\u00e1rnapj\u00e1ra\",\"datePublished\":\"2019-05-02T15:35:15+00:00\",\"dateModified\":\"2019-05-02T21:30:46+00:00\",\"mainEntityOfPage\":{\"@id\":\"https:\\\/\\\/stuttgarti-katolikusok.de\\\/index.php\\\/husvet-3-4-es-5-vasarnapjara\\\/\"},\"wordCount\":3184,\"articleSection\":[\"Vas\u00e1rnapi gondolatok\"],\"inLanguage\":\"hu\"},{\"@type\":\"WebPage\",\"@id\":\"https:\\\/\\\/stuttgarti-katolikusok.de\\\/index.php\\\/husvet-3-4-es-5-vasarnapjara\\\/\",\"url\":\"https:\\\/\\\/stuttgarti-katolikusok.de\\\/index.php\\\/husvet-3-4-es-5-vasarnapjara\\\/\",\"name\":\"H\u00fasv\u00e9t 3., 4. \u00e9s 5. vas\u00e1rnapj\u00e1ra - Stuttgarti Katolikusok\",\"isPartOf\":{\"@id\":\"https:\\\/\\\/stuttgarti-katolikusok.de\\\/#website\"},\"datePublished\":\"2019-05-02T15:35:15+00:00\",\"dateModified\":\"2019-05-02T21:30:46+00:00\",\"author\":{\"@id\":\"https:\\\/\\\/stuttgarti-katolikusok.de\\\/#\\\/schema\\\/person\\\/75908d6f8fdc03a57889d27209df7795\"},\"breadcrumb\":{\"@id\":\"https:\\\/\\\/stuttgarti-katolikusok.de\\\/index.php\\\/husvet-3-4-es-5-vasarnapjara\\\/#breadcrumb\"},\"inLanguage\":\"hu\",\"potentialAction\":[{\"@type\":\"ReadAction\",\"target\":[\"https:\\\/\\\/stuttgarti-katolikusok.de\\\/index.php\\\/husvet-3-4-es-5-vasarnapjara\\\/\"]}]},{\"@type\":\"BreadcrumbList\",\"@id\":\"https:\\\/\\\/stuttgarti-katolikusok.de\\\/index.php\\\/husvet-3-4-es-5-vasarnapjara\\\/#breadcrumb\",\"itemListElement\":[{\"@type\":\"ListItem\",\"position\":1,\"name\":\"Kezd\u0151lap\",\"item\":\"https:\\\/\\\/stuttgarti-katolikusok.de\\\/\"},{\"@type\":\"ListItem\",\"position\":2,\"name\":\"H\u00fasv\u00e9t 3., 4. \u00e9s 5. vas\u00e1rnapj\u00e1ra\"}]},{\"@type\":\"WebSite\",\"@id\":\"https:\\\/\\\/stuttgarti-katolikusok.de\\\/#website\",\"url\":\"https:\\\/\\\/stuttgarti-katolikusok.de\\\/\",\"name\":\"Stuttgarti Katolikusok\",\"description\":\"\",\"potentialAction\":[{\"@type\":\"SearchAction\",\"target\":{\"@type\":\"EntryPoint\",\"urlTemplate\":\"https:\\\/\\\/stuttgarti-katolikusok.de\\\/?s={search_term_string}\"},\"query-input\":{\"@type\":\"PropertyValueSpecification\",\"valueRequired\":true,\"valueName\":\"search_term_string\"}}],\"inLanguage\":\"hu\"},{\"@type\":\"Person\",\"@id\":\"https:\\\/\\\/stuttgarti-katolikusok.de\\\/#\\\/schema\\\/person\\\/75908d6f8fdc03a57889d27209df7795\",\"name\":\"Tibor atya\",\"image\":{\"@type\":\"ImageObject\",\"inLanguage\":\"hu\",\"@id\":\"https:\\\/\\\/secure.gravatar.com\\\/avatar\\\/61d268e57d1f4525b111222e29d2d5a7f8c420fdbf231ba5566a8ceac74fa960?s=96&d=mm&r=g\",\"url\":\"https:\\\/\\\/secure.gravatar.com\\\/avatar\\\/61d268e57d1f4525b111222e29d2d5a7f8c420fdbf231ba5566a8ceac74fa960?s=96&d=mm&r=g\",\"contentUrl\":\"https:\\\/\\\/secure.gravatar.com\\\/avatar\\\/61d268e57d1f4525b111222e29d2d5a7f8c420fdbf231ba5566a8ceac74fa960?s=96&d=mm&r=g\",\"caption\":\"Tibor atya\"},\"url\":\"https:\\\/\\\/stuttgarti-katolikusok.de\\\/index.php\\\/author\\\/tibor-atya\\\/\"}]}<\/script>\n<!-- \/ Yoast SEO plugin. -->","yoast_head_json":{"title":"H\u00fasv\u00e9t 3., 4. \u00e9s 5. vas\u00e1rnapj\u00e1ra - Stuttgarti Katolikusok","robots":{"index":"index","follow":"follow","max-snippet":"max-snippet:-1","max-image-preview":"max-image-preview:large","max-video-preview":"max-video-preview:-1"},"canonical":"https:\/\/stuttgarti-katolikusok.de\/index.php\/husvet-3-4-es-5-vasarnapjara\/","og_locale":"hu_HU","og_type":"article","og_title":"H\u00fasv\u00e9t 3., 4. \u00e9s 5. vas\u00e1rnapj\u00e1ra - Stuttgarti Katolikusok","og_description":"2019. M\u00c1JUS 5. H\u00daSV\u00c9T 3. VAS\u00c1RNAPJA ANY\u00c1K NAPJA &nbsp; A hit a kereszt\u00e9ny \u00e9let alapja. Mi t\u00f6reksz\u00fcnk arra, hogy becs\u00fcletesen \u00e9lj\u00fcnk, k\u00f6teless\u00e9geinket teljes\u00edts\u00fck, embert\u00e1rsainkat szeress\u00fck, mert hisz\u00fcnk Istenben, aki l\u00e1t minket, sz\u00e1montartja \u00e9s megjutalmazza tetteinket. Mi t\u00fcrelmesen hordozzuk keresztjeinket \u00e9s elfogadjuk a hal\u00e1lt is, mert hissz\u00fck, hogy a f\u00f6ldi \u00e9let csak zar\u00e1ndok\u00fat. A v\u00e9g\u00e1llom\u00e1s oda\u00e1t van, ahol m\u00e1r nem lesz k\u00f6nny \u00e9s szenved\u00e9s, hanem \u00f6r\u00f6kk\u00e9tart\u00f3 \u00f6r\u00f6m \u00e9s boldogs\u00e1g. OLVASM\u00c1NY\u00a0 \u00a0\u00a0\u00a0\u00a0\u00a0\u00a0\u00a0\u00a0\u00a0\u00a0\u00a0\u00a0\u00a0\u00a0\u00a0\u00a0\u00a0\u00a0\u00a0\u00a0\u00a0\u00a0\u00a0\u00a0\u00a0\u00a0\u00a0\u00a0ApCsel 5, 27b\u201332. 40b\u201341 A kereszt\u00e9ny \u00e9let velej\u00e1r\u00f3ja a tan\u00fas\u00e1gt\u00e9tel. Hirdess\u00fck J\u00e9zus \u00e9let\u00e9t, hal\u00e1l\u00e1t \u00e9s felt\u00e1mad\u00e1s\u00e1t. De ne csup\u00e1n szavunkkal, hanem \u00e9let\u00fcnkkel is. S\u0151t ezt a k\u00f6teless\u00e9g\u00fcnket teljes\u00edten\u00fcnk kell akkor is, ha \u00fcld\u00f6ztet\u00e9ssel j\u00e1r. Az apostolok erre sz\u00e9p p\u00e9ld\u00e1t mutattak nek\u00fcnk. V\u00c1LASZOS ZSOLT\u00c1R \u00a0\u00a0\u00a0\u00a0\u00a0\u00a0\u00a0\u00a0\u00a0\u00a0\u00a0\u00a0\u00a0\u00a0\u00a0\u00a0\u00a0\u00a0\u00a0\u00a0\u00a0\u00a0\u00a0\u00a0\u00a0\u00a0\u00a0\u00a0\u00a0\u00a0\u00a0\u00a0\u00a0\u00a0\u00a0\u00a0\u00a029. Zsolt\u00e1r V\u00e1lasz: Magasztallak, Uram, * mivel megmentett\u00e9l engem.\u00a0 \u2013 Vagy: Alleluja, alleluja, alleluja. \u00a0SZENTLECKE \u00a0\u00a0\u00a0\u00a0\u00a0\u00a0\u00a0\u00a0\u00a0\u00a0\u00a0\u00a0\u00a0\u00a0\u00a0\u00a0\u00a0\u00a0\u00a0\u00a0\u00a0\u00a0\u00a0\u00a0\u00a0\u00a0\u00a0\u00a0\u00a0\u00a0\u00a0\u00a0\u00a0\u00a0\u00a0\u00a0\u00a0\u00a0\u00a0\u00a0\u00a0\u00a0\u00a0\u00a0\u00a0\u00a0\u00a0\u00a0Jel 5, 11\u201314 J\u00e1nos apostol l\u00e1tom\u00e1sban ismeri meg azt, aki sz\u00f3l hozz\u00e1, k\u00fcldet\u00e9st ad neki, J\u00e9zust. \u0150 az Isten B\u00e1r\u00e1nya, akit meg\u00f6ltek, de \u00e9l \u00e9s uralkodik az emberek, s\u0151t az eg\u00e9sz kozmikus vil\u00e1g f\u00f6l\u00f6tt is. Szenved\u00e9s\u00e9vel \u00e9s felt\u00e1mad\u00e1s\u00e1val \u00e9rdemelte ki a mindens\u00e9g dics\u00e9ret\u00e9t. ALLELUJA\u00a0\u00a0\u00a0\u00a0\u00a0\u00a0\u00a0\u00a0\u00a0\u00a0\u00a0\u00a0\u00a0\u00a0\u00a0\u00a0\u00a0\u00a0\u00a0\u00a0\u00a0\u00a0\u00a0\u00a0\u00a0\u00a0\u00a0\u00a0\u00a0\u00a0\u00a0\u00a0\u00a0\u00a0\u00a0\u00a0\u00a0\u00a0\u00a0\u00a0\u00a0\u00a0\u00a0\u00a0 Felt\u00e1madt Krisztus, ki mindeneket alkotott, * \u00e9s megk\u00f6ny\u00f6r\u00fclt az emberi nemen. EVANG\u00c9LIUM \u00a0\u00a0\u00a0\u00a0\u00a0\u00a0\u00a0\u00a0\u00a0\u00a0\u00a0\u00a0\u00a0\u00a0\u00a0\u00a0\u00a0\u00a0\u00a0\u00a0\u00a0\u00a0\u00a0\u00a0\u00a0\u00a0\u00a0\u00a0\u00a0\u00a0\u00a0\u00a0\u00a0\u00a0\u00a0\u00a0\u00a0\u00a0\u00a0\u00a0\u00a0\u00a0\u00a0\u00a0\u00a0\u00a0\u00a0\u00a0Jn 21, 1\u201319 A mai evang\u00e9lium is tan\u00fas\u00edtja, hogy az apostolok munk\u00e1j\u00e1nak sikere els\u0151sorban nem az \u0151 er\u0151fesz\u00edt\u00e9s\u00fckt\u0151l f\u00fcgg, hanem J\u00e9zus kegyelmi aj\u00e1nd\u00e9ka. A mai nap evang\u00e9liuma J\u00e9zus megjelen\u00e9seinek sor\u00e1t folytatva elbesz\u00e9li, mik\u00e9nt er\u0151s\u00edtette meg az apostolokat felt\u00e1mad\u00e1sa ut\u00e1n negyven nap alatt, s mik\u00e9nt adta meg utols\u00f3 tan\u00edt\u00e1sait \u00e9s egyh\u00e1zalap\u00edt\u00f3 int\u00e9zked\u00e9seit. J\u00e9zus a t\u00fals\u00f3 partr\u00f3l ma is figyeli, ir\u00e1ny\u00edtja \u00e9s seg\u00edti Egyh\u00e1z\u00e1nak munk\u00e1j\u00e1t. Az Egyh\u00e1z viszont P\u00e9ter ut\u00f3d\u00e1n kereszt\u00fcl tan\u00faskodik a vil\u00e1g v\u00e9g\u00e9ig a Krisztus ir\u00e1nt val\u00f3 szeretet\u00e9r\u0151l \u00e9s h\u00f3dolat\u00e1r\u00f3l. AZ EUCHARISZTI\u00c1HOZ J\u00e9zus a Tib\u00e9ri\u00e1s-t\u00f3n\u00e1l keny\u00e9rrel \u00e9s hallal vend\u00e9geli meg tan\u00edtv\u00e1nyait. Mi az Eucharisztia asztal\u00e1n\u00e1l \u00e9lvezz\u00fck az \u0151 vend\u00e9gszeretet\u00e9t. Fogadjuk mindig \u00f6r\u00f6mmel a lakom\u00e1ra val\u00f3 h\u00edv\u00e1s\u00e1t. EGY GONDOLAT Krisztus felt\u00e1mad\u00e1sa mag\u00e1ban hordja valamennyi\u00fcnk testi felt\u00e1mad\u00e1s\u00e1nak \u00edg\u00e9ret\u00e9t \u00e9s... R\u00e9szletek","og_url":"https:\/\/stuttgarti-katolikusok.de\/index.php\/husvet-3-4-es-5-vasarnapjara\/","og_site_name":"Stuttgarti Katolikusok","article_published_time":"2019-05-02T15:35:15+00:00","article_modified_time":"2019-05-02T21:30:46+00:00","author":"Tibor atya","twitter_card":"summary_large_image","twitter_misc":{"Szerz\u0151:":"Tibor atya","Becs\u00fclt olvas\u00e1si id\u0151":"16 perc"},"schema":{"@context":"https:\/\/schema.org","@graph":[{"@type":"Article","@id":"https:\/\/stuttgarti-katolikusok.de\/index.php\/husvet-3-4-es-5-vasarnapjara\/#article","isPartOf":{"@id":"https:\/\/stuttgarti-katolikusok.de\/index.php\/husvet-3-4-es-5-vasarnapjara\/"},"author":{"name":"Tibor atya","@id":"https:\/\/stuttgarti-katolikusok.de\/#\/schema\/person\/75908d6f8fdc03a57889d27209df7795"},"headline":"H\u00fasv\u00e9t 3., 4. \u00e9s 5. vas\u00e1rnapj\u00e1ra","datePublished":"2019-05-02T15:35:15+00:00","dateModified":"2019-05-02T21:30:46+00:00","mainEntityOfPage":{"@id":"https:\/\/stuttgarti-katolikusok.de\/index.php\/husvet-3-4-es-5-vasarnapjara\/"},"wordCount":3184,"articleSection":["Vas\u00e1rnapi gondolatok"],"inLanguage":"hu"},{"@type":"WebPage","@id":"https:\/\/stuttgarti-katolikusok.de\/index.php\/husvet-3-4-es-5-vasarnapjara\/","url":"https:\/\/stuttgarti-katolikusok.de\/index.php\/husvet-3-4-es-5-vasarnapjara\/","name":"H\u00fasv\u00e9t 3., 4. \u00e9s 5. vas\u00e1rnapj\u00e1ra - Stuttgarti Katolikusok","isPartOf":{"@id":"https:\/\/stuttgarti-katolikusok.de\/#website"},"datePublished":"2019-05-02T15:35:15+00:00","dateModified":"2019-05-02T21:30:46+00:00","author":{"@id":"https:\/\/stuttgarti-katolikusok.de\/#\/schema\/person\/75908d6f8fdc03a57889d27209df7795"},"breadcrumb":{"@id":"https:\/\/stuttgarti-katolikusok.de\/index.php\/husvet-3-4-es-5-vasarnapjara\/#breadcrumb"},"inLanguage":"hu","potentialAction":[{"@type":"ReadAction","target":["https:\/\/stuttgarti-katolikusok.de\/index.php\/husvet-3-4-es-5-vasarnapjara\/"]}]},{"@type":"BreadcrumbList","@id":"https:\/\/stuttgarti-katolikusok.de\/index.php\/husvet-3-4-es-5-vasarnapjara\/#breadcrumb","itemListElement":[{"@type":"ListItem","position":1,"name":"Kezd\u0151lap","item":"https:\/\/stuttgarti-katolikusok.de\/"},{"@type":"ListItem","position":2,"name":"H\u00fasv\u00e9t 3., 4. \u00e9s 5. vas\u00e1rnapj\u00e1ra"}]},{"@type":"WebSite","@id":"https:\/\/stuttgarti-katolikusok.de\/#website","url":"https:\/\/stuttgarti-katolikusok.de\/","name":"Stuttgarti Katolikusok","description":"","potentialAction":[{"@type":"SearchAction","target":{"@type":"EntryPoint","urlTemplate":"https:\/\/stuttgarti-katolikusok.de\/?s={search_term_string}"},"query-input":{"@type":"PropertyValueSpecification","valueRequired":true,"valueName":"search_term_string"}}],"inLanguage":"hu"},{"@type":"Person","@id":"https:\/\/stuttgarti-katolikusok.de\/#\/schema\/person\/75908d6f8fdc03a57889d27209df7795","name":"Tibor atya","image":{"@type":"ImageObject","inLanguage":"hu","@id":"https:\/\/secure.gravatar.com\/avatar\/61d268e57d1f4525b111222e29d2d5a7f8c420fdbf231ba5566a8ceac74fa960?s=96&d=mm&r=g","url":"https:\/\/secure.gravatar.com\/avatar\/61d268e57d1f4525b111222e29d2d5a7f8c420fdbf231ba5566a8ceac74fa960?s=96&d=mm&r=g","contentUrl":"https:\/\/secure.gravatar.com\/avatar\/61d268e57d1f4525b111222e29d2d5a7f8c420fdbf231ba5566a8ceac74fa960?s=96&d=mm&r=g","caption":"Tibor atya"},"url":"https:\/\/stuttgarti-katolikusok.de\/index.php\/author\/tibor-atya\/"}]}},"_links":{"self":[{"href":"https:\/\/stuttgarti-katolikusok.de\/index.php\/wp-json\/wp\/v2\/posts\/16758","targetHints":{"allow":["GET"]}}],"collection":[{"href":"https:\/\/stuttgarti-katolikusok.de\/index.php\/wp-json\/wp\/v2\/posts"}],"about":[{"href":"https:\/\/stuttgarti-katolikusok.de\/index.php\/wp-json\/wp\/v2\/types\/post"}],"author":[{"embeddable":true,"href":"https:\/\/stuttgarti-katolikusok.de\/index.php\/wp-json\/wp\/v2\/users\/3"}],"replies":[{"embeddable":true,"href":"https:\/\/stuttgarti-katolikusok.de\/index.php\/wp-json\/wp\/v2\/comments?post=16758"}],"version-history":[{"count":3,"href":"https:\/\/stuttgarti-katolikusok.de\/index.php\/wp-json\/wp\/v2\/posts\/16758\/revisions"}],"predecessor-version":[{"id":16762,"href":"https:\/\/stuttgarti-katolikusok.de\/index.php\/wp-json\/wp\/v2\/posts\/16758\/revisions\/16762"}],"wp:attachment":[{"href":"https:\/\/stuttgarti-katolikusok.de\/index.php\/wp-json\/wp\/v2\/media?parent=16758"}],"wp:term":[{"taxonomy":"category","embeddable":true,"href":"https:\/\/stuttgarti-katolikusok.de\/index.php\/wp-json\/wp\/v2\/categories?post=16758"},{"taxonomy":"post_tag","embeddable":true,"href":"https:\/\/stuttgarti-katolikusok.de\/index.php\/wp-json\/wp\/v2\/tags?post=16758"}],"curies":[{"name":"wp","href":"https:\/\/api.w.org\/{rel}","templated":true}]}}