{"id":16730,"date":"2019-04-20T22:40:36","date_gmt":"2019-04-20T22:40:36","guid":{"rendered":"https:\/\/gracious-dewdney.138-201-221-2.plesk.page\/?p=16730"},"modified":"2019-04-20T22:40:36","modified_gmt":"2019-04-20T22:40:36","slug":"husvet-husvet-2-vasarnap","status":"publish","type":"post","link":"https:\/\/stuttgarti-katolikusok.de\/index.php\/husvet-husvet-2-vasarnap\/","title":{"rendered":"H\u00fasv\u00e9t &#8211; H\u00fasv\u00e9t 2. vas\u00e1rnap"},"content":{"rendered":"<ol start=\"2019\">\n<li><strong> \u00c1PRILIS 21.<\/strong><\/li>\n<\/ol>\n<p><strong>H\u00daSV\u00c9TVAS\u00c1RNAP \u2013 URUNK FELT\u00c1MAD\u00c1SA<\/strong><\/p>\n<p>&nbsp;<\/p>\n<p>A liturgikus \u00e9v legnagyobb \u00fcnnepe. A h\u00fasv\u00e9ti mise a felt\u00e1madt Krisztust k\u00f6sz\u00f6nti, mert \u00f6v\u00e9 a hatalom \u00e9s a dics\u0151s\u00e9g mind\u00f6r\u00f6kk\u00e9. Minket pedig arra int, hogy a kereszts\u00e9gben \u00faj \u00e9letre kelve az odaf\u00f6nt val\u00f3kat keress\u00fck. S \u00edgy rem\u00e9lhetj\u00fck, hogy Krisztussal egy\u00fctt elnyerj\u00fck a felt\u00e1mad\u00e1s \u00e9s az \u00f6r\u00f6k \u00e9let aj\u00e1nd\u00e9k\u00e1t.<\/p>\n<p><strong>KEZD\u0150\u00c9NEK\u00a0 <\/strong>\u00a0\u00a0\u00a0\u00a0\u00a0\u00a0\u00a0\u00a0\u00a0\u00a0\u00a0\u00a0\u00a0\u00a0\u00a0\u00a0\u00a0\u00a0\u00a0\u00a0\u00a0\u00a0\u00a0\u00a0\u00a0\u00a0\u00a0\u00a0\u00a0\u00a0\u00a0\u00a0\u00a0\u00a0\u00a0\u00a0\u00a0\u00a0\u00a0\u00a0<em>Lk 24, 34 v\u00f6. Jel 1, 6<\/em><\/p>\n<p>Val\u00f3ban felt\u00e1madt az \u00dar, alleluja. \u00d6v\u00e9 a dics\u0151s\u00e9g \u00e9s a hatalom \u00f6r\u00f6kk\u00f6n-\u00f6r\u00f6kk\u00e9.<\/p>\n<p><strong>OLVASM\u00c1NY<\/strong>\u00a0\u00a0\u00a0\u00a0\u00a0\u00a0\u00a0\u00a0\u00a0\u00a0\u00a0\u00a0\u00a0\u00a0\u00a0\u00a0\u00a0\u00a0\u00a0\u00a0\u00a0\u00a0\u00a0\u00a0\u00a0\u00a0\u00a0\u00a0\u00a0\u00a0\u00a0\u00a0\u00a0\u00a0\u00a0\u00a0 <em>ApCsel 10, 34a. 37\u201343<\/em><\/p>\n<p>Az apostolokat az \u00f3sz\u00f6vets\u00e9gi j\u00f6vend\u00f6l\u00e9seken \u00e9s az \u00fcres s\u00edron k\u00edv\u00fcl a megjelen\u00e9sek gy\u0151zt\u00e9k meg arr\u00f3l, hogy Krisztus val\u00f3ban felt\u00e1madt. A J\u00e9zussal val\u00f3 tal\u00e1lkoz\u00e1sok azt is igazolt\u00e1k, hogy \u0151 m\u00e1r megdics\u0151\u00fclt, vagyis az Aty\u00e1n\u00e1l van \u00e9s nagy hatalommal rendelkezik. Isten az \u00e9l\u0151k \u00e9s holtak b\u00edr\u00e1j\u00e1v\u00e1 tette.<\/p>\n<p><strong>V\u00c1LASZOS ZSOLT\u00c1R<\/strong>\u00a0\u00a0\u00a0\u00a0\u00a0\u00a0\u00a0\u00a0\u00a0\u00a0\u00a0\u00a0\u00a0\u00a0\u00a0\u00a0\u00a0\u00a0\u00a0\u00a0\u00a0\u00a0\u00a0\u00a0\u00a0 <em>\u00a0\u00a0\u00a0\u00a0\u00a0\u00a0\u00a0\u00a0\u00a0\u00a0117. Zsolt\u00e1r <\/em><\/p>\n<p><strong>V\u00e1lasz: Ezt a napot az \u00darist<u>e<\/u>n adta: * \u00f6rvendj\u00fcnk \u00e9s v<u>i<\/u>gadjunk rajta.\u00a0\u00a0\u00a0 <\/strong><\/p>\n<p><strong>SZENTLECKE <\/strong>\u00a0\u00a0\u00a0\u00a0\u00a0\u00a0\u00a0\u00a0\u00a0\u00a0\u00a0\u00a0\u00a0\u00a0\u00a0\u00a0\u00a0\u00a0\u00a0\u00a0\u00a0\u00a0\u00a0\u00a0\u00a0\u00a0\u00a0\u00a0\u00a0\u00a0\u00a0\u00a0\u00a0\u00a0\u00a0\u00a0\u00a0\u00a0\u00a0\u00a0\u00a0\u00a0\u00a0\u00a0\u00a0\u00a0\u00a0\u00a0\u00a0\u00a0\u00a0\u00a0<em>Kol 3, 1\u20134<\/em><\/p>\n<p>Szent P\u00e1l apostol \u00edrja: Isten Krisztussal egy\u00fctt minket is felt\u00e1masztott. Ez azt jelenti: Krisztus felt\u00e1mad\u00e1sa a mi felt\u00e1mad\u00e1sunk forr\u00e1sa. A kereszts\u00e9g r\u00e9v\u00e9n ugyanis kegyelmi kapcsolatba ker\u00fclt\u00fcnk a felt\u00e1madt J\u00e9zussal. Arra kell t\u00f6rekedn\u00fcnk, hogy ez a kapcsolat a mindennapi erk\u00f6lcsi \u00e9let\u00fcnkben is megmutatkozz\u00e9k.<\/p>\n<p>Vagy tetsz\u00e9s szerint:<\/p>\n<p><strong>SZENTLECKE\u00a0 <\/strong>\u00a0\u00a0\u00a0\u00a0\u00a0\u00a0\u00a0\u00a0\u00a0\u00a0\u00a0\u00a0\u00a0\u00a0\u00a0\u00a0\u00a0\u00a0\u00a0\u00a0\u00a0\u00a0\u00a0\u00a0\u00a0\u00a0\u00a0\u00a0\u00a0\u00a0\u00a0\u00a0\u00a0\u00a0\u00a0\u00a0\u00a0\u00a0\u00a0\u00a0\u00a0\u00a0\u00a0\u00a0\u00a0<em>1 Kor 5, 6b<\/em><em>\u20138<\/em><\/p>\n<p>A kov\u00e1sz \u00e1tj\u00e1rja az eg\u00e9sz t\u00e9szt\u00e1t. Ugyan\u00edgy kell \u00e1tj\u00e1rnia \u00e9let\u00fcnket Krisztus evang\u00e9lium\u00e1nak, hogy ne a romlotts\u00e1g \u00e9s a gonoszs\u00e1g, hanem a tisztas\u00e1g \u00e9s az igazs\u00e1g \u00e9rv\u00e9nyes\u00fclj\u00f6n benn\u00fcnk.<\/p>\n<p><strong>SZEKVENCIA\u00a0\u00a0\u00a0\u00a0\u00a0\u00a0\u00a0\u00a0\u00a0\u00a0\u00a0\u00a0\u00a0\u00a0\u00a0\u00a0\u00a0\u00a0\u00a0\u00a0\u00a0\u00a0\u00a0\u00a0\u00a0\u00a0 <\/strong>\u00a0<em>(mondhat\u00f3 vagy \u00e9nekelhet\u0151)<\/em><\/p>\n<p>A H\u00fasv\u00e9ti B\u00e1r\u00e1nyt kereszt\u00e9nyek dics\u00e9rve \u00e1ldj\u00e1k!<\/p>\n<p>Krisztus \u00e1rtatlan B\u00e1r\u00e1ny:<\/p>\n<p>v\u00e9r\u00e9nek \u00e1r\u00e1n ny\u00e1ja b\u0171nei\u00e9rt megengesztelte Atyj\u00e1t.<\/p>\n<p>Benne \u00e9let \u00e9s hal\u00e1l csod\u00e1s nagy p\u00e1rharcra sz\u00e1ll:<\/p>\n<p>\u00e9let Ura a s\u00edrb\u00f3l felk\u00e9l, \u00e9s gy\u0151ztesen \u00e9l.<\/p>\n<p>M\u00e1ria Magdolna, mondd, mit l\u00e1tt\u00e1l utadon!<\/p>\n<p>\u201eAz \u00e9l\u0151 Krisztusnak s\u00edrj\u00e1t, felt\u00e1madt Urunk nagy diadal\u00e1t,<\/p>\n<p>angyalok jelen\u00e9s\u00e9t, Urunk halotti lepl\u00e9t.<\/p>\n<p>Felt\u00e1madt Krisztus, rem\u00e9nyetek: Galile\u00e1ba megy el\u0151ttetek.\u201d<\/p>\n<p>Krisztus a hal\u00e1lb\u00f3l val\u00f3ban felt\u00e1madt, tudjuk.<\/p>\n<p>Gy\u0151ztes Kir\u00e1ly, k\u00f6ny\u00f6r\u00fclj meg rajtunk! Amen. Alleluja!<\/p>\n<p><strong>ALLELUJA <\/strong>\u00a0\u00a0\u00a0\u00a0\u00a0\u00a0\u00a0\u00a0\u00a0\u00a0\u00a0\u00a0\u00a0\u00a0\u00a0\u00a0\u00a0\u00a0\u00a0\u00a0\u00a0\u00a0\u00a0\u00a0\u00a0\u00a0\u00a0\u00a0\u00a0\u00a0\u00a0\u00a0\u00a0\u00a0\u00a0\u00a0\u00a0\u00a0\u00a0\u00a0\u00a0\u00a0\u00a0\u00a0\u00a0\u00a0\u00a0\u00a0\u00a0\u00a0\u00a0\u00a0\u00a0\u00a0\u00a0\u00a0<em>1 Kor 5, 7b<\/em><em>\u20138a<\/em><\/p>\n<p>Krisztus, a mi h\u00fasv\u00e9ti B\u00e1r\u00e1nyunk m\u00e1r fel\u00e1ldozta mag\u00e1t. * \u00dclj\u00fcnk meg teh\u00e1t az \u00darral a h\u00fasv\u00e9ti lakom\u00e1t.<\/p>\n<p><strong>EVANG\u00c9LIUM\u00a0 <\/strong>\u00a0\u00a0\u00a0\u00a0\u00a0\u00a0\u00a0\u00a0\u00a0\u00a0\u00a0\u00a0\u00a0\u00a0\u00a0\u00a0\u00a0\u00a0\u00a0\u00a0\u00a0\u00a0\u00a0\u00a0\u00a0\u00a0\u00a0\u00a0\u00a0\u00a0\u00a0\u00a0\u00a0\u00a0\u00a0\u00a0\u00a0\u00a0\u00a0\u00a0\u00a0\u00a0\u00a0\u00a0\u00a0\u00a0\u00a0\u00a0\u00a0<em>Jn 20, 1\u20139<\/em><\/p>\n<p>Az \u00fcres s\u00edr fel\u00e9bresztette az apostolok csod\u00e1lkoz\u00e1s\u00e1t, de a hitet a megjelen\u00e9sek adt\u00e1k. A megjelen\u00e9sek alkalm\u00e1val az apostolok meggy\u0151z\u0151dtek arr\u00f3l, hogy ugyanaz a szem\u00e9ly \u00e1ll el\u0151tt\u00fck, mint akit hal\u00e1la el\u0151tt ismertek.<\/p>\n<p>+ + +<\/p>\n<p>Vagy: M\u00e1s evang\u00e9lium este mondott szentmis\u00e9re<\/p>\n<p><em>\u00a0\u00a0\u00a0\u00a0\u00a0\u00a0\u00a0\u00a0\u00a0\u00a0\u00a0\u00a0 Lk\u00a0 24, 13\u201335<\/em><\/p>\n<p>Megt\u00f6rt \u00e9s \u00fajj\u00e1\u00e9ledt rem\u00e9ny, \u2013 ebbe a mondatba lehetne \u00f6sszefoglalni az emmauszi tan\u00edtv\u00e1nyok evang\u00e9lium\u00e1t. Megt\u00f6rik a rem\u00e9ny, ha valaki elfordul Krisztust\u00f3l, \u00e9s felt\u00e1mad a rem\u00e9ny, ha valaki megtal\u00e1lja Krisztust.<\/p>\n<p><strong>AZ EUCHARISZTI\u00c1HOZ<\/strong><\/p>\n<p>Az eucharisztikus im\u00e1ds\u00e1gban mindig meggy\u0151z\u0151d\u00e9ssel \u00e9s h\u00fasv\u00e9ti \u00f6r\u00f6mmel valljuk meg: \u201eHal\u00e1lodat hirdetj\u00fck, Urunk, \u00e9s hittel valljuk felt\u00e1mad\u00e1sodat, am\u00edg el nem j\u00f6ssz!\u201d<\/p>\n<p><strong>ELM\u00c9LKED\u00c9S<\/strong><\/p>\n<p><em>F\u00d6LT\u00c1MADT J\u00c9ZUS<\/em><\/p>\n<p>Megaj\u00e1nd\u00e9kozunk t\u00e9ged bizalmunkkal, amely arra ind\u00edt, hogy a jelen pillanatnak \u00e9lj\u00fcnk, ne a m\u00faltnak. M\u00faltunk m\u00e1r Isten Sz\u00edv\u00e9be mer\u00fclt, j\u00f6v\u0151nket pedig magadra vetted&#8230; F\u00e1radhatatlanul ism\u00e9tled: \u201eIr\u00e1ntad val\u00f3 szeretetem nem m\u00falik el soha.\u201d\u00a0\u00a0\u00a0\u00a0\u00a0\u00a0\u00a0\u00a0\u00a0\u00a0\u00a0\u00a0\u00a0\u00a0\u00a0\u00a0\u00a0\u00a0\u00a0\u00a0\u00a0\u00a0\u00a0\u00a0\u00a0\u00a0\u00a0\u00a0\u00a0\u00a0\u00a0\u00a0\u00a0\u00a0\u00a0\u00a0 <em>Roger testv\u00e9r<\/em><\/p>\n<p>&nbsp;<\/p>\n<p><strong>H\u00daSV\u00c9T \u00dcZENETE<\/strong><\/p>\n<p>A felt\u00e1madt Krisztus a mi rem\u00e9ny\u00fcnk. Benne az \u00e9let minden rejt\u00e9lye, az \u00e9let \u00e9rtelme, az \u00f6r\u00f6kk\u00e9val\u00f3s\u00e1gba torkoll\u00f3 id\u0151knek minden k\u00e9rd\u00e9se megold\u00e1st nyer. \u0150 a gy\u0151zelemre, az \u00e1ldott boldogs\u00e1gba \u00e9s dics\u0151s\u00e9gbe vezet el benn\u00fcnket, a dics\u0151s\u00e9ges \u00e9letre, amely soha nem \u00e9r v\u00e9get. \u0150 a mi \u00e9let\u00fcnk \u00e9s felt\u00e1mad\u00e1sunk. Jelen\u00fcnk \u00e9s \u00f6r\u00f6k j\u00f6v\u0151nk.\u00a0\u00a0\u00a0\u00a0\u00a0\u00a0\u00a0\u00a0\u00a0\u00a0\u00a0\u00a0\u00a0\u00a0\u00a0\u00a0\u00a0\u00a0\u00a0\u00a0\u00a0\u00a0\u00a0\u00a0\u00a0\u00a0\u00a0\u00a0\u00a0\u00a0\u00a0\u00a0\u00a0\u00a0\u00a0\u00a0\u00a0\u00a0\u00a0\u00a0\u00a0\u00a0\u00a0\u00a0\u00a0 <em>Adolf Donder nyom\u00e1n<\/em><\/p>\n<p>&nbsp;<\/p>\n<p><strong>H\u00daSV\u00c9TH\u00c9TF\u0150<\/strong><\/p>\n<p>Krisztus felt\u00e1mad\u00e1sa hit\u00fcnk \u00e9s rem\u00e9ny\u00fcnk alapja. Ezzel ugyanis bebizony\u00edtotta, hogy \u0151 val\u00f3ban az Isten Fia, akiben b\u00edzhatunk. Ez\u00e9rt k\u00f6vethetj\u00fck \u0151t nemcsak f\u00f6ldi \u00e9let\u00fcnkben, hanem dics\u0151s\u00e9ges felt\u00e1mad\u00e1s\u00e1ban is.<\/p>\n<p><em>Im\u00e1dkozzunk, testv\u00e9rek! Uram, add meg nekem, hogy veled j\u00e1rjak \u00e9s hirdessem az \u00f6r\u00f6mh\u00edrt: emberek, \u00fcdv\u00f6ss\u00e9g nektek! Add meg, hogy ne f\u00e9ljek, hanem benned b\u00edzzam. Add meg, hogy sose tapadjon kezemhez igaztalan p\u00e9nz, \u00e1rul\u00e1s \u00e9s megveszteget\u00e9s d\u00edja. Add meg, hogy soha ne hazudjak, hanem \u00f6r\u00f6mmel hirdessem, hogy te vagy az \u00e9n \u00e9letem. S a viszontl\u00e1t\u00e1s rem\u00e9nye \u00e9ltessen&#8230;<\/em><\/p>\n<p>\u00dcnnepelj\u00fck egy\u00fctt a felt\u00e1madt Krisztust a h\u00fasv\u00e9ti id\u0151ben! Kegyelme legyen vel\u00fcnk a mindennapokban.<\/p>\n<p>&nbsp;<\/p>\n<p><strong>H\u00daSV\u00c9T NYOLCADA<\/strong><\/p>\n<p>Ezt a nyolc napot az \u00dar f\u0151\u00fcnnepek\u00e9nt \u00fclj\u00fck meg, vagyis nem ker\u00fclhet hely\u00fckbe szentnek az eml\u00e9knapja. J\u00e9zus s\u00edrj\u00e1hoz \u00e9rkez\u0151 asszonyok a hit \u00e9s a szeretet p\u00e9ldak\u00e9pei sz\u00e1munkra. Az \u0151szinte szeretet \u00e9s h\u0171s\u00e9g k\u00e9szteti \u0151ket arra, hogy megadj\u00e1k J\u00e9zusnak a v\u00e9gs\u0151 tiszteletad\u00e1st. S ez a szeretet seg\u00edti \u0151ket abban is, hogy a megjelen\u00e9s hat\u00e1s\u00e1ra hit\u00fck f\u00e9nye ism\u00e9t l\u00e1ngra lobbanjon.<\/p>\n<p>&nbsp;<\/p>\n<ol start=\"2019\">\n<li><strong> \u00c1PRILIS 28.<\/strong><\/li>\n<\/ol>\n<p><strong>H\u00daSV\u00c9T 2. VAS\u00c1RNAPJA \u2013 AZ ISTENI IRGALMASS\u00c1G VAS\u00c1RNAPJA<\/strong><\/p>\n<p>&nbsp;<\/p>\n<p>Az \u00faj litugikus rendelkez\u00e9sek szerint, m\u00e1r nem besz\u00e9l\u00fcnk H\u00fasv\u00e9t ut\u00e1ni vas\u00e1rnapokr\u00f3l, hanem H\u00fasv\u00e9t m\u00e1sodik, harmadik, stb. vas\u00e1rnapj\u00e1r\u00f3l. H\u00fasv\u00e9t \u00fcnnepl\u00e9se teh\u00e1t nem korl\u00e1toz\u00f3dik egy napra, hanem folytat\u00f3dik tov\u00e1bb, eg\u00e9szen P\u00fcnk\u00f6sdig, 50 napon \u00e1t. A 3 \u00e9ves ciklusra osztott (A, B, C) szent\u00edr\u00e1si olvasm\u00e1nyok gazdag b\u0151s\u00e9ggel sz\u00e1molnak be a felt\u00e1madt J\u00e9zus megjelen\u00e9seir\u0151l \u00e9s a felt\u00e1mad\u00e1s gy\u00fcm\u00f6lcseir\u0151l: a kereszts\u00e9gr\u0151l, az Euchariszti\u00e1r\u00f3l, valamint a v\u00e9gs\u0151 id\u0151kben r\u00e1nk v\u00e1r\u00f3 esem\u00e9nyekr\u0151l.<\/p>\n<p><strong>OLVASM\u00c1NY <\/strong>\u00a0\u00a0\u00a0\u00a0\u00a0\u00a0\u00a0\u00a0\u00a0\u00a0\u00a0\u00a0\u00a0\u00a0\u00a0\u00a0\u00a0\u00a0\u00a0\u00a0\u00a0\u00a0\u00a0\u00a0\u00a0\u00a0\u00a0\u00a0\u00a0\u00a0\u00a0\u00a0\u00a0\u00a0\u00a0\u00a0\u00a0\u00a0\u00a0\u00a0\u00a0\u00a0\u00a0\u00a0\u00a0\u00a0\u00a0\u00a0<em>ApCsel 5, 12\u201316<\/em><\/p>\n<p>Az apostolokat, kiv\u00e1ltk\u00e9ppen P\u00e9ter apostolt, saj\u00e1tos karizmatikus er\u0151vel ruh\u00e1zta fel a Szentl\u00e9lek. Ez is magyar\u00e1zza apostoli munk\u00e1juk siker\u00e9t. P\u00e9ter tekint\u00e9lye olyan nagy, hogy a betegek att\u00f3l is gy\u00f3gyul\u00e1st v\u00e1rnak, ha az utc\u00e1n r\u00e1juk vet\u0151dik az Apostol \u00e1rny\u00e9ka.<\/p>\n<p><strong>V\u00c1LASZOS ZSOLT\u00c1R<\/strong>\u00a0\u00a0\u00a0\u00a0\u00a0\u00a0\u00a0\u00a0\u00a0\u00a0\u00a0\u00a0\u00a0\u00a0\u00a0\u00a0\u00a0\u00a0\u00a0\u00a0\u00a0\u00a0\u00a0\u00a0\u00a0\u00a0\u00a0\u00a0\u00a0\u00a0\u00a0\u00a0\u00a0\u00a0\u00a0\u00a0 <em>117. Zsolt\u00e1r <\/em><\/p>\n<p><strong>V\u00e1lasz: Adjatok h\u00e1l\u00e1t az \u00darn<u>a<\/u>k, mert j\u00f3, * mivel irgalma <u>\u00f6<\/u>r\u00f6kk\u00e9 megmarad.\u00a0\u00a0\u00a0 <\/strong><\/p>\n<p><strong>SZENTLECKE<\/strong>\u00a0\u00a0\u00a0\u00a0\u00a0\u00a0\u00a0\u00a0\u00a0\u00a0\u00a0\u00a0\u00a0\u00a0\u00a0\u00a0\u00a0\u00a0\u00a0\u00a0\u00a0\u00a0\u00a0\u00a0\u00a0 <em>Jel 1, 9\u201311a. 12\u201313. 17\u201319<\/em><\/p>\n<p>J\u00e1nos apostol l\u00e1tom\u00e1s\u00e1b\u00f3l kit\u0171nik, hogy a felt\u00e1madt J\u00e9zus \u00e9l. Egyh\u00e1z\u00e1t tov\u00e1bbra is vezeti, ir\u00e1ny\u00edtja szav\u00e1val \u00e9s erej\u00e9vel. S az \u0151 v\u00e1lasztottjai is b\u00edzhatnak seg\u00edts\u00e9g\u00e9ben: ezt jelenti, hogy a Felt\u00e1madott a l\u00e1tom\u00e1s szerint J\u00e1nos apostol v\u00e1ll\u00e1ra teszi jobbj\u00e1t.<\/p>\n<p><strong>SZEKVENCIA\u00a0\u00a0\u00a0\u00a0\u00a0\u00a0\u00a0\u00a0 \u00a0\u00a0\u00a0\u00a0\u00a0\u00a0\u00a0\u00a0\u00a0\u00a0\u00a0\u00a0\u00a0\u00a0\u00a0\u00a0\u00a0\u00a0\u00a0<\/strong><em>(mondhat\u00f3 vagy \u00e9nekelhet\u0151)<\/em><\/p>\n<p>A H\u00fasv\u00e9ti B\u00e1r\u00e1nyt kereszt\u00e9nyek dics\u00e9rve \u00e1ldj\u00e1k!<\/p>\n<p>Krisztus \u00e1rtatlan B\u00e1r\u00e1ny:<\/p>\n<p>v\u00e9r\u00e9nek \u00e1r\u00e1n ny\u00e1ja b\u0171nei\u00e9rt megengesztelte Atyj\u00e1t.<\/p>\n<p>Benne \u00e9let \u00e9s hal\u00e1l csod\u00e1s nagy p\u00e1rharcra sz\u00e1ll:<\/p>\n<p>\u00e9let Ura a s\u00edrb\u00f3l felk\u00e9l, \u00e9s gy\u0151ztesen \u00e9l.<\/p>\n<p>M\u00e1ria Magdolna, mondd, mit l\u00e1tt\u00e1l utadon!<\/p>\n<p>\u201eAz \u00e9l\u0151 Krisztusnak s\u00edrj\u00e1t, felt\u00e1madt Urunk nagy diadal\u00e1t,<\/p>\n<p>angyalok jelen\u00e9s\u00e9t, Urunk halotti lepl\u00e9t.<\/p>\n<p>Felt\u00e1madt Krisztus, rem\u00e9nyetek: Galile\u00e1ba megy el\u0151ttetek.\u201d<\/p>\n<p>Krisztus a hal\u00e1lb\u00f3l val\u00f3ban felt\u00e1madt, tudjuk.<\/p>\n<p>Gy\u0151ztes Kir\u00e1ly, k\u00f6ny\u00f6r\u00fclj meg rajtunk! Amen. Alleluja!<\/p>\n<p><strong>ALLELUJA<\/strong>\u00a0\u00a0\u00a0\u00a0\u00a0\u00a0\u00a0\u00a0\u00a0\u00a0\u00a0\u00a0\u00a0\u00a0\u00a0\u00a0\u00a0\u00a0\u00a0\u00a0\u00a0\u00a0\u00a0\u00a0\u00a0\u00a0\u00a0\u00a0\u00a0\u00a0\u00a0\u00a0\u00a0\u00a0\u00a0\u00a0\u00a0\u00a0\u00a0\u00a0\u00a0\u00a0\u00a0\u00a0\u00a0\u00a0\u00a0\u00a0\u00a0\u00a0\u00a0\u00a0\u00a0\u00a0\u00a0\u00a0\u00a0\u00a0\u00a0\u00a0\u00a0\u00a0\u00a0\u00a0\u00a0\u00a0\u00a0 <em>Jn 20, 29<\/em><\/p>\n<p>J\u00e9zus mondja: \u201eMost m\u00e1r hiszel, Tam\u00e1s, mert l\u00e1tt\u00e1l engem, * boldogok, akik nem l\u00e1ttak, \u00e9s m\u00e9gis hittek.\u201d<\/p>\n<p><strong>EVANG\u00c9LIUM<\/strong>\u00a0\u00a0\u00a0\u00a0\u00a0\u00a0\u00a0\u00a0\u00a0\u00a0\u00a0\u00a0\u00a0\u00a0\u00a0\u00a0\u00a0\u00a0\u00a0\u00a0\u00a0\u00a0\u00a0\u00a0\u00a0\u00a0\u00a0\u00a0\u00a0\u00a0\u00a0\u00a0\u00a0\u00a0\u00a0\u00a0\u00a0\u00a0\u00a0\u00a0\u00a0\u00a0\u00a0\u00a0\u00a0\u00a0 <em>Jn 20, 19\u201331<\/em><\/p>\n<p>J\u00e9zus \u00edgy k\u00f6sz\u00f6nti apostolait: B\u00e9kess\u00e9g nektek. Ezzel jelezni akarja, hogy felt\u00e1mad\u00e1s\u00e1nak egyik legnagyobb aj\u00e1nd\u00e9ka a b\u00e9ke:\u00a0 b\u00e9ke Istennel, embert\u00e1rsainkkal \u00e9s \u00f6nmagunkkal. Az Istennel val\u00f3 b\u00e9ke elnyer\u00e9s\u00e9nek felt\u00e9tele: a b\u0171nbocs\u00e1natban val\u00f3 r\u00e9szesed\u00e9s. Ezt teszi lehet\u0151v\u00e9 az \u00dar a b\u0171nbocs\u00e1nat szents\u00e9g\u00e9nek megalap\u00edt\u00e1s\u00e1val. A b\u0171nbocs\u00e1nathoz azonban sz\u00fcks\u00e9ges az igaz hitb\u0151l fakad\u00f3 b\u00e1nat. Tam\u00e1s apostol hit\u00e9nek meger\u0151s\u00edt\u00e9se \u00e1ltal az \u00dar rem\u00e9nyt ad nek\u00fcnk is, hogy megkapjuk t\u0151le a hithez sz\u00fcks\u00e9ges megvil\u00e1gos\u00edt\u00e1st \u00e9s lelki er\u0151t.<\/p>\n<p><strong>AZ EUCHARISZTI\u00c1HOZ<\/strong><\/p>\n<p>A hithez sz\u00fcks\u00e9ges kegyelmet saj\u00e1tos m\u00f3don az Eucharisztia \u00fcnnepl\u00e9s\u00e9vel \u00e9s v\u00e9tel\u00e9vel t\u00e1pl\u00e1lja benn\u00fcnk az \u00dar. Vajon \u00e9l\u00fcnk-e a lehet\u0151s\u00e9ggel: rendszeresen r\u00e9szt vesz\u00fcnk-e a szentmis\u00e9n \u00e9s gyakran j\u00e1rulunk-e az \u00dar asztal\u00e1hoz?<\/p>\n<p><strong>ELM\u00c9LKED\u00c9S<\/strong><\/p>\n<p>Az legyen egyik legf\u0151bb gondunk, hogy meg\u0151rizz\u00fck sz\u00edv\u00fcnkben a felt\u00e1madt Krisztus \u00f6r\u00f6m\u00e9t. Ezt azzal bizony\u00edthatjuk, ha szeretetb\u0151l, sz\u00edvesen v\u00e1llalunk \u00e9s k\u00e9szs\u00e9gesen v\u00e9gz\u00fcnk minden feladatot, amelyet az Isten \u00e9s az emberek szolg\u00e1lata k\u00edv\u00e1n t\u0151l\u00fcnk.<\/p>\n<p><em>Kalkuttai Szent Ter\u00e9z szerzetesn\u0151<\/em><\/p>\n<p>&nbsp;<\/p>\n<p><strong>AZ ISTENI IRGALMASS\u00c1G R\u00d3ZSAF\u00dcZ\u00c9RE<\/strong><\/p>\n<p><strong>BEVEZET\u00c9S<\/strong>: Miaty\u00e1nk, \u00dcdv\u00f6zl\u00e9gy, Hiszekegy<\/p>\n<p><strong>NAGY SZEMEKRE<\/strong>: \u00d6r\u00f6k Atya! Felaj\u00e1nlom neked szeretett Fiadnak, a mi Urunk, J\u00e9zus Krisztusnak test\u00e9t \u00e9s v\u00e9r\u00e9t, lelk\u00e9t \u00e9s istens\u00e9g\u00e9t engesztel\u00e9s\u00fcl b\u0171neink\u00e9rt \u00e9s az eg\u00e9sz vil\u00e1g b\u0171nei\u00e9rt.<\/p>\n<p><strong>KIS SZEMEKRE<\/strong>: J\u00e9zus f\u00e1jdalmas szenved\u00e9s\u00e9\u00e9rt irgalmazz nek\u00fcnk \u00e9s az eg\u00e9sz vil\u00e1gnak!<\/p>\n<p><strong>BEFEJEZ\u00c9SRE<\/strong>, <em>az \u00f6t tized ut\u00e1n (h\u00e1romszor):<\/em> Szent Isten, szent er\u0151s Isten, szent halhatatlan Isten, irgalmazz nek\u00fcnk \u00e9s az eg\u00e9sz vil\u00e1gnak!<\/p>\n<p>&nbsp;<\/p>\n<p><strong>VIANNEY SZENT J\u00c1NOS<\/strong><\/p>\n<p><strong>FELAJ\u00c1NL\u00d3 IM\u00c1JA<\/strong><\/p>\n<p>J\u00e9zusom, neked szentelem sz\u00edvemet, z\u00e1rd a ti\u00e9dbe. Sz\u00edvedben akarok lakni, sz\u00edveddel akarok szeretni, sz\u00edvedben akarok \u00e9lni. Sz\u00edvedb\u0151l akarom mer\u00edteni az igazi szeretetet, amely felem\u00e9szti sz\u00edvemet: benne er\u0151t, vil\u00e1goss\u00e1got, kedvet \u00e9s igazi vigasztal\u00e1st fogok tal\u00e1lni.<\/p>\n<p>J\u00e9zusom, sz\u00edvem a te sz\u00edved szeretet\u00e9nek olt\u00e1ra legyen, olt\u00e1r, amelyen magamat neked \u00e1ldozom. Szemem mindenkor szent sebeidre tekintsen, elm\u00e9m mindig irgalmadra gondoljon. Amen.<\/p>\n<p>&nbsp;<\/p>\n<p><strong>M\u00c1JUSI LIT\u00c1NIA<\/strong><\/p>\n<p><strong>M\u00c1JUSI SZ\u0170Z M\u00c1RIA-\u00c1JTATOSS\u00c1G<\/strong><\/p>\n<p>M\u00e1jus est\u00e9in a Sz\u0171zanya tisztelet\u00e9re v\u00e9gzett mag\u00e1n\u00e1jtatoss\u00e1g. Rendszerint n\u00e9p\u00e9nekekb\u0151l, a lorett\u00f3i lit\u00e1ni\u00e1b\u00f3l, M\u00e1ria-im\u00e1ds\u00e1gokb\u00f3l, M\u00e1ria-antif\u00f3n\u00e1b\u00f3l, esetleg pr\u00e9dik\u00e1ci\u00f3b\u00f3l \u00e1ll. A v\u00e9g\u00e9n szents\u00e9gi \u00e1ld\u00e1st adnak cib\u00f3riummal, \u00fcnnep\u00e9lyesebb esetekben monstranci\u00e1val.<\/p>\n<p>Az els\u0151 ilyen jelleg\u0171 \u00e1jtatoss\u00e1got 1700 k\u00f6r\u00fcl N\u00e1polyban tartotta P. Ansaloni SJ. A 19. sz\u00e1zad elej\u00e9n m\u00e1r eg\u00e9sz Eur\u00f3p\u00e1ban, Magyarorsz\u00e1gon is elterjedt. VII. Pius p\u00e1pa 1815-ben b\u00facs\u00fat is enged\u00e9lyezett hozz\u00e1.<\/p>\n<p><em>N\u00e9ked aj\u00e1nljuk, Sz\u0171zany\u00e1nk, a legszebb h\u00f3nap alkony\u00e1t. Ezer n\u00e9p h\u00edven zengi ma: \u00d3 \u00fcdv\u00f6zl\u00e9gy, M\u00e1ria!<\/em><\/p>\n","protected":false},"excerpt":{"rendered":"<p>\u00c1PRILIS 21. H\u00daSV\u00c9TVAS\u00c1RNAP \u2013 URUNK FELT\u00c1MAD\u00c1SA &nbsp; A liturgikus \u00e9v legnagyobb \u00fcnnepe. A h\u00fasv\u00e9ti mise a felt\u00e1madt Krisztust k\u00f6sz\u00f6nti, mert \u00f6v\u00e9 a hatalom \u00e9s a dics\u0151s\u00e9g mind\u00f6r\u00f6kk\u00e9. Minket pedig arra int, hogy a kereszts\u00e9gben \u00faj \u00e9letre kelve az odaf\u00f6nt val\u00f3kat keress\u00fck. S \u00edgy rem\u00e9lhetj\u00fck, hogy Krisztussal egy\u00fctt elnyerj\u00fck a felt\u00e1mad\u00e1s \u00e9s az \u00f6r\u00f6k \u00e9let aj\u00e1nd\u00e9k\u00e1t. KEZD\u0150\u00c9NEK\u00a0 \u00a0\u00a0\u00a0\u00a0\u00a0\u00a0\u00a0\u00a0\u00a0\u00a0\u00a0\u00a0\u00a0\u00a0\u00a0\u00a0\u00a0\u00a0\u00a0\u00a0\u00a0\u00a0\u00a0\u00a0\u00a0\u00a0\u00a0\u00a0\u00a0\u00a0\u00a0\u00a0\u00a0\u00a0\u00a0\u00a0\u00a0\u00a0\u00a0\u00a0Lk 24, 34 v\u00f6. Jel 1, 6 Val\u00f3ban felt\u00e1madt az \u00dar, alleluja. \u00d6v\u00e9 a dics\u0151s\u00e9g \u00e9s a hatalom \u00f6r\u00f6kk\u00f6n-\u00f6r\u00f6kk\u00e9. OLVASM\u00c1NY\u00a0\u00a0\u00a0\u00a0\u00a0\u00a0\u00a0\u00a0\u00a0\u00a0\u00a0\u00a0\u00a0\u00a0\u00a0\u00a0\u00a0\u00a0\u00a0\u00a0\u00a0\u00a0\u00a0\u00a0\u00a0\u00a0\u00a0\u00a0\u00a0\u00a0\u00a0\u00a0\u00a0\u00a0\u00a0\u00a0 ApCsel 10, 34a. 37\u201343 Az apostolokat az \u00f3sz\u00f6vets\u00e9gi j\u00f6vend\u00f6l\u00e9seken \u00e9s az \u00fcres s\u00edron k\u00edv\u00fcl a megjelen\u00e9sek gy\u0151zt\u00e9k meg arr\u00f3l, hogy Krisztus val\u00f3ban felt\u00e1madt. A J\u00e9zussal val\u00f3 tal\u00e1lkoz\u00e1sok azt is igazolt\u00e1k, hogy \u0151 m\u00e1r megdics\u0151\u00fclt, vagyis az Aty\u00e1n\u00e1l van \u00e9s nagy hatalommal rendelkezik. Isten az \u00e9l\u0151k \u00e9s holtak b\u00edr\u00e1j\u00e1v\u00e1 tette. V\u00c1LASZOS ZSOLT\u00c1R\u00a0\u00a0\u00a0\u00a0\u00a0\u00a0\u00a0\u00a0\u00a0\u00a0\u00a0\u00a0\u00a0\u00a0\u00a0\u00a0\u00a0\u00a0\u00a0\u00a0\u00a0\u00a0\u00a0\u00a0\u00a0 \u00a0\u00a0\u00a0\u00a0\u00a0\u00a0\u00a0\u00a0\u00a0\u00a0117. Zsolt\u00e1r V\u00e1lasz: Ezt a napot az \u00daristen adta: * \u00f6rvendj\u00fcnk \u00e9s vigadjunk rajta.\u00a0\u00a0\u00a0 SZENTLECKE \u00a0\u00a0\u00a0\u00a0\u00a0\u00a0\u00a0\u00a0\u00a0\u00a0\u00a0\u00a0\u00a0\u00a0\u00a0\u00a0\u00a0\u00a0\u00a0\u00a0\u00a0\u00a0\u00a0\u00a0\u00a0\u00a0\u00a0\u00a0\u00a0\u00a0\u00a0\u00a0\u00a0\u00a0\u00a0\u00a0\u00a0\u00a0\u00a0\u00a0\u00a0\u00a0\u00a0\u00a0\u00a0\u00a0\u00a0\u00a0\u00a0\u00a0\u00a0\u00a0Kol 3, 1\u20134 Szent P\u00e1l apostol \u00edrja: Isten Krisztussal egy\u00fctt minket is felt\u00e1masztott. Ez azt jelenti: Krisztus felt\u00e1mad\u00e1sa a mi felt\u00e1mad\u00e1sunk forr\u00e1sa. A kereszts\u00e9g r\u00e9v\u00e9n ugyanis kegyelmi kapcsolatba ker\u00fclt\u00fcnk a felt\u00e1madt J\u00e9zussal. Arra kell t\u00f6rekedn\u00fcnk, hogy ez a kapcsolat a mindennapi erk\u00f6lcsi \u00e9let\u00fcnkben is megmutatkozz\u00e9k. Vagy tetsz\u00e9s szerint: SZENTLECKE\u00a0 \u00a0\u00a0\u00a0\u00a0\u00a0\u00a0\u00a0\u00a0\u00a0\u00a0\u00a0\u00a0\u00a0\u00a0\u00a0\u00a0\u00a0\u00a0\u00a0\u00a0\u00a0\u00a0\u00a0\u00a0\u00a0\u00a0\u00a0\u00a0\u00a0\u00a0\u00a0\u00a0\u00a0\u00a0\u00a0\u00a0\u00a0\u00a0\u00a0\u00a0\u00a0\u00a0\u00a0\u00a0\u00a01 Kor 5, 6b\u20138 A kov\u00e1sz \u00e1tj\u00e1rja az eg\u00e9sz t\u00e9szt\u00e1t. Ugyan\u00edgy kell \u00e1tj\u00e1rnia \u00e9let\u00fcnket Krisztus evang\u00e9lium\u00e1nak, hogy ne a romlotts\u00e1g \u00e9s a gonoszs\u00e1g, hanem a tisztas\u00e1g \u00e9s az igazs\u00e1g \u00e9rv\u00e9nyes\u00fclj\u00f6n benn\u00fcnk. SZEKVENCIA\u00a0\u00a0\u00a0\u00a0\u00a0\u00a0\u00a0\u00a0\u00a0\u00a0\u00a0\u00a0\u00a0\u00a0\u00a0\u00a0\u00a0\u00a0\u00a0\u00a0\u00a0\u00a0\u00a0\u00a0\u00a0\u00a0 \u00a0(mondhat\u00f3 vagy \u00e9nekelhet\u0151) A H\u00fasv\u00e9ti B\u00e1r\u00e1nyt kereszt\u00e9nyek dics\u00e9rve \u00e1ldj\u00e1k! Krisztus \u00e1rtatlan B\u00e1r\u00e1ny: v\u00e9r\u00e9nek \u00e1r\u00e1n ny\u00e1ja b\u0171nei\u00e9rt megengesztelte Atyj\u00e1t. Benne \u00e9let \u00e9s hal\u00e1l csod\u00e1s nagy p\u00e1rharcra sz\u00e1ll: \u00e9let Ura a s\u00edrb\u00f3l felk\u00e9l, \u00e9s gy\u0151ztesen \u00e9l. M\u00e1ria Magdolna, mondd, mit l\u00e1tt\u00e1l utadon! \u201eAz \u00e9l\u0151 Krisztusnak s\u00edrj\u00e1t, felt\u00e1madt Urunk nagy diadal\u00e1t, angyalok jelen\u00e9s\u00e9t, Urunk halotti lepl\u00e9t. Felt\u00e1madt Krisztus, rem\u00e9nyetek: Galile\u00e1ba megy el\u0151ttetek.\u201d Krisztus a hal\u00e1lb\u00f3l val\u00f3ban felt\u00e1madt, tudjuk. Gy\u0151ztes Kir\u00e1ly, k\u00f6ny\u00f6r\u00fclj meg rajtunk! Amen. Alleluja! ALLELUJA \u00a0\u00a0\u00a0\u00a0\u00a0\u00a0\u00a0\u00a0\u00a0\u00a0\u00a0\u00a0\u00a0\u00a0\u00a0\u00a0\u00a0\u00a0\u00a0\u00a0\u00a0\u00a0\u00a0\u00a0\u00a0\u00a0\u00a0\u00a0\u00a0\u00a0\u00a0\u00a0\u00a0\u00a0\u00a0\u00a0\u00a0\u00a0\u00a0\u00a0\u00a0\u00a0\u00a0\u00a0\u00a0\u00a0\u00a0\u00a0\u00a0\u00a0\u00a0\u00a0\u00a0\u00a0\u00a0\u00a01 Kor 5, 7b\u20138a&#8230; <\/p>\n<p><a class=\"readmore\" href=\"https:\/\/stuttgarti-katolikusok.de\/index.php\/husvet-husvet-2-vasarnap\/\">R\u00e9szletek<\/a><\/p>\n","protected":false},"author":3,"featured_media":0,"comment_status":"closed","ping_status":"closed","sticky":false,"template":"","format":"standard","meta":{"footnotes":""},"categories":[63],"tags":[],"class_list":["post-16730","post","type-post","status-publish","format-standard","hentry","category-vasarnapi-gondolatok"],"yoast_head":"<!-- This site is optimized with the Yoast SEO plugin v27.3 - https:\/\/yoast.com\/product\/yoast-seo-wordpress\/ -->\n<title>H\u00fasv\u00e9t - H\u00fasv\u00e9t 2. vas\u00e1rnap - Stuttgarti Katolikusok<\/title>\n<meta name=\"robots\" content=\"index, follow, max-snippet:-1, max-image-preview:large, max-video-preview:-1\" \/>\n<link rel=\"canonical\" href=\"https:\/\/stuttgarti-katolikusok.de\/index.php\/husvet-husvet-2-vasarnap\/\" \/>\n<meta property=\"og:locale\" content=\"hu_HU\" \/>\n<meta property=\"og:type\" content=\"article\" \/>\n<meta property=\"og:title\" content=\"H\u00fasv\u00e9t - H\u00fasv\u00e9t 2. vas\u00e1rnap - Stuttgarti Katolikusok\" \/>\n<meta property=\"og:description\" content=\"\u00c1PRILIS 21. H\u00daSV\u00c9TVAS\u00c1RNAP \u2013 URUNK FELT\u00c1MAD\u00c1SA &nbsp; A liturgikus \u00e9v legnagyobb \u00fcnnepe. A h\u00fasv\u00e9ti mise a felt\u00e1madt Krisztust k\u00f6sz\u00f6nti, mert \u00f6v\u00e9 a hatalom \u00e9s a dics\u0151s\u00e9g mind\u00f6r\u00f6kk\u00e9. Minket pedig arra int, hogy a kereszts\u00e9gben \u00faj \u00e9letre kelve az odaf\u00f6nt val\u00f3kat keress\u00fck. S \u00edgy rem\u00e9lhetj\u00fck, hogy Krisztussal egy\u00fctt elnyerj\u00fck a felt\u00e1mad\u00e1s \u00e9s az \u00f6r\u00f6k \u00e9let aj\u00e1nd\u00e9k\u00e1t. KEZD\u0150\u00c9NEK\u00a0 \u00a0\u00a0\u00a0\u00a0\u00a0\u00a0\u00a0\u00a0\u00a0\u00a0\u00a0\u00a0\u00a0\u00a0\u00a0\u00a0\u00a0\u00a0\u00a0\u00a0\u00a0\u00a0\u00a0\u00a0\u00a0\u00a0\u00a0\u00a0\u00a0\u00a0\u00a0\u00a0\u00a0\u00a0\u00a0\u00a0\u00a0\u00a0\u00a0\u00a0Lk 24, 34 v\u00f6. Jel 1, 6 Val\u00f3ban felt\u00e1madt az \u00dar, alleluja. \u00d6v\u00e9 a dics\u0151s\u00e9g \u00e9s a hatalom \u00f6r\u00f6kk\u00f6n-\u00f6r\u00f6kk\u00e9. OLVASM\u00c1NY\u00a0\u00a0\u00a0\u00a0\u00a0\u00a0\u00a0\u00a0\u00a0\u00a0\u00a0\u00a0\u00a0\u00a0\u00a0\u00a0\u00a0\u00a0\u00a0\u00a0\u00a0\u00a0\u00a0\u00a0\u00a0\u00a0\u00a0\u00a0\u00a0\u00a0\u00a0\u00a0\u00a0\u00a0\u00a0\u00a0 ApCsel 10, 34a. 37\u201343 Az apostolokat az \u00f3sz\u00f6vets\u00e9gi j\u00f6vend\u00f6l\u00e9seken \u00e9s az \u00fcres s\u00edron k\u00edv\u00fcl a megjelen\u00e9sek gy\u0151zt\u00e9k meg arr\u00f3l, hogy Krisztus val\u00f3ban felt\u00e1madt. A J\u00e9zussal val\u00f3 tal\u00e1lkoz\u00e1sok azt is igazolt\u00e1k, hogy \u0151 m\u00e1r megdics\u0151\u00fclt, vagyis az Aty\u00e1n\u00e1l van \u00e9s nagy hatalommal rendelkezik. Isten az \u00e9l\u0151k \u00e9s holtak b\u00edr\u00e1j\u00e1v\u00e1 tette. V\u00c1LASZOS ZSOLT\u00c1R\u00a0\u00a0\u00a0\u00a0\u00a0\u00a0\u00a0\u00a0\u00a0\u00a0\u00a0\u00a0\u00a0\u00a0\u00a0\u00a0\u00a0\u00a0\u00a0\u00a0\u00a0\u00a0\u00a0\u00a0\u00a0 \u00a0\u00a0\u00a0\u00a0\u00a0\u00a0\u00a0\u00a0\u00a0\u00a0117. Zsolt\u00e1r V\u00e1lasz: Ezt a napot az \u00daristen adta: * \u00f6rvendj\u00fcnk \u00e9s vigadjunk rajta.\u00a0\u00a0\u00a0 SZENTLECKE \u00a0\u00a0\u00a0\u00a0\u00a0\u00a0\u00a0\u00a0\u00a0\u00a0\u00a0\u00a0\u00a0\u00a0\u00a0\u00a0\u00a0\u00a0\u00a0\u00a0\u00a0\u00a0\u00a0\u00a0\u00a0\u00a0\u00a0\u00a0\u00a0\u00a0\u00a0\u00a0\u00a0\u00a0\u00a0\u00a0\u00a0\u00a0\u00a0\u00a0\u00a0\u00a0\u00a0\u00a0\u00a0\u00a0\u00a0\u00a0\u00a0\u00a0\u00a0\u00a0Kol 3, 1\u20134 Szent P\u00e1l apostol \u00edrja: Isten Krisztussal egy\u00fctt minket is felt\u00e1masztott. Ez azt jelenti: Krisztus felt\u00e1mad\u00e1sa a mi felt\u00e1mad\u00e1sunk forr\u00e1sa. A kereszts\u00e9g r\u00e9v\u00e9n ugyanis kegyelmi kapcsolatba ker\u00fclt\u00fcnk a felt\u00e1madt J\u00e9zussal. Arra kell t\u00f6rekedn\u00fcnk, hogy ez a kapcsolat a mindennapi erk\u00f6lcsi \u00e9let\u00fcnkben is megmutatkozz\u00e9k. Vagy tetsz\u00e9s szerint: SZENTLECKE\u00a0 \u00a0\u00a0\u00a0\u00a0\u00a0\u00a0\u00a0\u00a0\u00a0\u00a0\u00a0\u00a0\u00a0\u00a0\u00a0\u00a0\u00a0\u00a0\u00a0\u00a0\u00a0\u00a0\u00a0\u00a0\u00a0\u00a0\u00a0\u00a0\u00a0\u00a0\u00a0\u00a0\u00a0\u00a0\u00a0\u00a0\u00a0\u00a0\u00a0\u00a0\u00a0\u00a0\u00a0\u00a0\u00a01 Kor 5, 6b\u20138 A kov\u00e1sz \u00e1tj\u00e1rja az eg\u00e9sz t\u00e9szt\u00e1t. Ugyan\u00edgy kell \u00e1tj\u00e1rnia \u00e9let\u00fcnket Krisztus evang\u00e9lium\u00e1nak, hogy ne a romlotts\u00e1g \u00e9s a gonoszs\u00e1g, hanem a tisztas\u00e1g \u00e9s az igazs\u00e1g \u00e9rv\u00e9nyes\u00fclj\u00f6n benn\u00fcnk. SZEKVENCIA\u00a0\u00a0\u00a0\u00a0\u00a0\u00a0\u00a0\u00a0\u00a0\u00a0\u00a0\u00a0\u00a0\u00a0\u00a0\u00a0\u00a0\u00a0\u00a0\u00a0\u00a0\u00a0\u00a0\u00a0\u00a0\u00a0 \u00a0(mondhat\u00f3 vagy \u00e9nekelhet\u0151) A H\u00fasv\u00e9ti B\u00e1r\u00e1nyt kereszt\u00e9nyek dics\u00e9rve \u00e1ldj\u00e1k! Krisztus \u00e1rtatlan B\u00e1r\u00e1ny: v\u00e9r\u00e9nek \u00e1r\u00e1n ny\u00e1ja b\u0171nei\u00e9rt megengesztelte Atyj\u00e1t. Benne \u00e9let \u00e9s hal\u00e1l csod\u00e1s nagy p\u00e1rharcra sz\u00e1ll: \u00e9let Ura a s\u00edrb\u00f3l felk\u00e9l, \u00e9s gy\u0151ztesen \u00e9l. M\u00e1ria Magdolna, mondd, mit l\u00e1tt\u00e1l utadon! \u201eAz \u00e9l\u0151 Krisztusnak s\u00edrj\u00e1t, felt\u00e1madt Urunk nagy diadal\u00e1t, angyalok jelen\u00e9s\u00e9t, Urunk halotti lepl\u00e9t. Felt\u00e1madt Krisztus, rem\u00e9nyetek: Galile\u00e1ba megy el\u0151ttetek.\u201d Krisztus a hal\u00e1lb\u00f3l val\u00f3ban felt\u00e1madt, tudjuk. Gy\u0151ztes Kir\u00e1ly, k\u00f6ny\u00f6r\u00fclj meg rajtunk! Amen. Alleluja! ALLELUJA \u00a0\u00a0\u00a0\u00a0\u00a0\u00a0\u00a0\u00a0\u00a0\u00a0\u00a0\u00a0\u00a0\u00a0\u00a0\u00a0\u00a0\u00a0\u00a0\u00a0\u00a0\u00a0\u00a0\u00a0\u00a0\u00a0\u00a0\u00a0\u00a0\u00a0\u00a0\u00a0\u00a0\u00a0\u00a0\u00a0\u00a0\u00a0\u00a0\u00a0\u00a0\u00a0\u00a0\u00a0\u00a0\u00a0\u00a0\u00a0\u00a0\u00a0\u00a0\u00a0\u00a0\u00a0\u00a0\u00a01 Kor 5, 7b\u20138a... R\u00e9szletek\" \/>\n<meta property=\"og:url\" content=\"https:\/\/stuttgarti-katolikusok.de\/index.php\/husvet-husvet-2-vasarnap\/\" \/>\n<meta property=\"og:site_name\" content=\"Stuttgarti Katolikusok\" \/>\n<meta property=\"article:published_time\" content=\"2019-04-20T22:40:36+00:00\" \/>\n<meta name=\"author\" content=\"Tibor atya\" \/>\n<meta name=\"twitter:card\" content=\"summary_large_image\" \/>\n<meta name=\"twitter:label1\" content=\"Szerz\u0151:\" \/>\n\t<meta name=\"twitter:data1\" content=\"Tibor atya\" \/>\n\t<meta name=\"twitter:label2\" content=\"Becs\u00fclt olvas\u00e1si id\u0151\" \/>\n\t<meta name=\"twitter:data2\" content=\"10 perc\" \/>\n<script type=\"application\/ld+json\" class=\"yoast-schema-graph\">{\"@context\":\"https:\\\/\\\/schema.org\",\"@graph\":[{\"@type\":\"Article\",\"@id\":\"https:\\\/\\\/stuttgarti-katolikusok.de\\\/index.php\\\/husvet-husvet-2-vasarnap\\\/#article\",\"isPartOf\":{\"@id\":\"https:\\\/\\\/stuttgarti-katolikusok.de\\\/index.php\\\/husvet-husvet-2-vasarnap\\\/\"},\"author\":{\"name\":\"Tibor atya\",\"@id\":\"https:\\\/\\\/stuttgarti-katolikusok.de\\\/#\\\/schema\\\/person\\\/75908d6f8fdc03a57889d27209df7795\"},\"headline\":\"H\u00fasv\u00e9t &#8211; H\u00fasv\u00e9t 2. vas\u00e1rnap\",\"datePublished\":\"2019-04-20T22:40:36+00:00\",\"mainEntityOfPage\":{\"@id\":\"https:\\\/\\\/stuttgarti-katolikusok.de\\\/index.php\\\/husvet-husvet-2-vasarnap\\\/\"},\"wordCount\":1985,\"articleSection\":[\"Vas\u00e1rnapi gondolatok\"],\"inLanguage\":\"hu\"},{\"@type\":\"WebPage\",\"@id\":\"https:\\\/\\\/stuttgarti-katolikusok.de\\\/index.php\\\/husvet-husvet-2-vasarnap\\\/\",\"url\":\"https:\\\/\\\/stuttgarti-katolikusok.de\\\/index.php\\\/husvet-husvet-2-vasarnap\\\/\",\"name\":\"H\u00fasv\u00e9t - H\u00fasv\u00e9t 2. vas\u00e1rnap - Stuttgarti Katolikusok\",\"isPartOf\":{\"@id\":\"https:\\\/\\\/stuttgarti-katolikusok.de\\\/#website\"},\"datePublished\":\"2019-04-20T22:40:36+00:00\",\"author\":{\"@id\":\"https:\\\/\\\/stuttgarti-katolikusok.de\\\/#\\\/schema\\\/person\\\/75908d6f8fdc03a57889d27209df7795\"},\"breadcrumb\":{\"@id\":\"https:\\\/\\\/stuttgarti-katolikusok.de\\\/index.php\\\/husvet-husvet-2-vasarnap\\\/#breadcrumb\"},\"inLanguage\":\"hu\",\"potentialAction\":[{\"@type\":\"ReadAction\",\"target\":[\"https:\\\/\\\/stuttgarti-katolikusok.de\\\/index.php\\\/husvet-husvet-2-vasarnap\\\/\"]}]},{\"@type\":\"BreadcrumbList\",\"@id\":\"https:\\\/\\\/stuttgarti-katolikusok.de\\\/index.php\\\/husvet-husvet-2-vasarnap\\\/#breadcrumb\",\"itemListElement\":[{\"@type\":\"ListItem\",\"position\":1,\"name\":\"Kezd\u0151lap\",\"item\":\"https:\\\/\\\/stuttgarti-katolikusok.de\\\/\"},{\"@type\":\"ListItem\",\"position\":2,\"name\":\"H\u00fasv\u00e9t &#8211; H\u00fasv\u00e9t 2. vas\u00e1rnap\"}]},{\"@type\":\"WebSite\",\"@id\":\"https:\\\/\\\/stuttgarti-katolikusok.de\\\/#website\",\"url\":\"https:\\\/\\\/stuttgarti-katolikusok.de\\\/\",\"name\":\"Stuttgarti Katolikusok\",\"description\":\"\",\"potentialAction\":[{\"@type\":\"SearchAction\",\"target\":{\"@type\":\"EntryPoint\",\"urlTemplate\":\"https:\\\/\\\/stuttgarti-katolikusok.de\\\/?s={search_term_string}\"},\"query-input\":{\"@type\":\"PropertyValueSpecification\",\"valueRequired\":true,\"valueName\":\"search_term_string\"}}],\"inLanguage\":\"hu\"},{\"@type\":\"Person\",\"@id\":\"https:\\\/\\\/stuttgarti-katolikusok.de\\\/#\\\/schema\\\/person\\\/75908d6f8fdc03a57889d27209df7795\",\"name\":\"Tibor atya\",\"image\":{\"@type\":\"ImageObject\",\"inLanguage\":\"hu\",\"@id\":\"https:\\\/\\\/secure.gravatar.com\\\/avatar\\\/61d268e57d1f4525b111222e29d2d5a7f8c420fdbf231ba5566a8ceac74fa960?s=96&d=mm&r=g\",\"url\":\"https:\\\/\\\/secure.gravatar.com\\\/avatar\\\/61d268e57d1f4525b111222e29d2d5a7f8c420fdbf231ba5566a8ceac74fa960?s=96&d=mm&r=g\",\"contentUrl\":\"https:\\\/\\\/secure.gravatar.com\\\/avatar\\\/61d268e57d1f4525b111222e29d2d5a7f8c420fdbf231ba5566a8ceac74fa960?s=96&d=mm&r=g\",\"caption\":\"Tibor atya\"},\"url\":\"https:\\\/\\\/stuttgarti-katolikusok.de\\\/index.php\\\/author\\\/tibor-atya\\\/\"}]}<\/script>\n<!-- \/ Yoast SEO plugin. -->","yoast_head_json":{"title":"H\u00fasv\u00e9t - H\u00fasv\u00e9t 2. vas\u00e1rnap - Stuttgarti Katolikusok","robots":{"index":"index","follow":"follow","max-snippet":"max-snippet:-1","max-image-preview":"max-image-preview:large","max-video-preview":"max-video-preview:-1"},"canonical":"https:\/\/stuttgarti-katolikusok.de\/index.php\/husvet-husvet-2-vasarnap\/","og_locale":"hu_HU","og_type":"article","og_title":"H\u00fasv\u00e9t - H\u00fasv\u00e9t 2. vas\u00e1rnap - Stuttgarti Katolikusok","og_description":"\u00c1PRILIS 21. H\u00daSV\u00c9TVAS\u00c1RNAP \u2013 URUNK FELT\u00c1MAD\u00c1SA &nbsp; A liturgikus \u00e9v legnagyobb \u00fcnnepe. A h\u00fasv\u00e9ti mise a felt\u00e1madt Krisztust k\u00f6sz\u00f6nti, mert \u00f6v\u00e9 a hatalom \u00e9s a dics\u0151s\u00e9g mind\u00f6r\u00f6kk\u00e9. Minket pedig arra int, hogy a kereszts\u00e9gben \u00faj \u00e9letre kelve az odaf\u00f6nt val\u00f3kat keress\u00fck. S \u00edgy rem\u00e9lhetj\u00fck, hogy Krisztussal egy\u00fctt elnyerj\u00fck a felt\u00e1mad\u00e1s \u00e9s az \u00f6r\u00f6k \u00e9let aj\u00e1nd\u00e9k\u00e1t. KEZD\u0150\u00c9NEK\u00a0 \u00a0\u00a0\u00a0\u00a0\u00a0\u00a0\u00a0\u00a0\u00a0\u00a0\u00a0\u00a0\u00a0\u00a0\u00a0\u00a0\u00a0\u00a0\u00a0\u00a0\u00a0\u00a0\u00a0\u00a0\u00a0\u00a0\u00a0\u00a0\u00a0\u00a0\u00a0\u00a0\u00a0\u00a0\u00a0\u00a0\u00a0\u00a0\u00a0\u00a0Lk 24, 34 v\u00f6. Jel 1, 6 Val\u00f3ban felt\u00e1madt az \u00dar, alleluja. \u00d6v\u00e9 a dics\u0151s\u00e9g \u00e9s a hatalom \u00f6r\u00f6kk\u00f6n-\u00f6r\u00f6kk\u00e9. OLVASM\u00c1NY\u00a0\u00a0\u00a0\u00a0\u00a0\u00a0\u00a0\u00a0\u00a0\u00a0\u00a0\u00a0\u00a0\u00a0\u00a0\u00a0\u00a0\u00a0\u00a0\u00a0\u00a0\u00a0\u00a0\u00a0\u00a0\u00a0\u00a0\u00a0\u00a0\u00a0\u00a0\u00a0\u00a0\u00a0\u00a0\u00a0 ApCsel 10, 34a. 37\u201343 Az apostolokat az \u00f3sz\u00f6vets\u00e9gi j\u00f6vend\u00f6l\u00e9seken \u00e9s az \u00fcres s\u00edron k\u00edv\u00fcl a megjelen\u00e9sek gy\u0151zt\u00e9k meg arr\u00f3l, hogy Krisztus val\u00f3ban felt\u00e1madt. A J\u00e9zussal val\u00f3 tal\u00e1lkoz\u00e1sok azt is igazolt\u00e1k, hogy \u0151 m\u00e1r megdics\u0151\u00fclt, vagyis az Aty\u00e1n\u00e1l van \u00e9s nagy hatalommal rendelkezik. Isten az \u00e9l\u0151k \u00e9s holtak b\u00edr\u00e1j\u00e1v\u00e1 tette. V\u00c1LASZOS ZSOLT\u00c1R\u00a0\u00a0\u00a0\u00a0\u00a0\u00a0\u00a0\u00a0\u00a0\u00a0\u00a0\u00a0\u00a0\u00a0\u00a0\u00a0\u00a0\u00a0\u00a0\u00a0\u00a0\u00a0\u00a0\u00a0\u00a0 \u00a0\u00a0\u00a0\u00a0\u00a0\u00a0\u00a0\u00a0\u00a0\u00a0117. Zsolt\u00e1r V\u00e1lasz: Ezt a napot az \u00daristen adta: * \u00f6rvendj\u00fcnk \u00e9s vigadjunk rajta.\u00a0\u00a0\u00a0 SZENTLECKE \u00a0\u00a0\u00a0\u00a0\u00a0\u00a0\u00a0\u00a0\u00a0\u00a0\u00a0\u00a0\u00a0\u00a0\u00a0\u00a0\u00a0\u00a0\u00a0\u00a0\u00a0\u00a0\u00a0\u00a0\u00a0\u00a0\u00a0\u00a0\u00a0\u00a0\u00a0\u00a0\u00a0\u00a0\u00a0\u00a0\u00a0\u00a0\u00a0\u00a0\u00a0\u00a0\u00a0\u00a0\u00a0\u00a0\u00a0\u00a0\u00a0\u00a0\u00a0\u00a0Kol 3, 1\u20134 Szent P\u00e1l apostol \u00edrja: Isten Krisztussal egy\u00fctt minket is felt\u00e1masztott. Ez azt jelenti: Krisztus felt\u00e1mad\u00e1sa a mi felt\u00e1mad\u00e1sunk forr\u00e1sa. A kereszts\u00e9g r\u00e9v\u00e9n ugyanis kegyelmi kapcsolatba ker\u00fclt\u00fcnk a felt\u00e1madt J\u00e9zussal. Arra kell t\u00f6rekedn\u00fcnk, hogy ez a kapcsolat a mindennapi erk\u00f6lcsi \u00e9let\u00fcnkben is megmutatkozz\u00e9k. Vagy tetsz\u00e9s szerint: SZENTLECKE\u00a0 \u00a0\u00a0\u00a0\u00a0\u00a0\u00a0\u00a0\u00a0\u00a0\u00a0\u00a0\u00a0\u00a0\u00a0\u00a0\u00a0\u00a0\u00a0\u00a0\u00a0\u00a0\u00a0\u00a0\u00a0\u00a0\u00a0\u00a0\u00a0\u00a0\u00a0\u00a0\u00a0\u00a0\u00a0\u00a0\u00a0\u00a0\u00a0\u00a0\u00a0\u00a0\u00a0\u00a0\u00a0\u00a01 Kor 5, 6b\u20138 A kov\u00e1sz \u00e1tj\u00e1rja az eg\u00e9sz t\u00e9szt\u00e1t. Ugyan\u00edgy kell \u00e1tj\u00e1rnia \u00e9let\u00fcnket Krisztus evang\u00e9lium\u00e1nak, hogy ne a romlotts\u00e1g \u00e9s a gonoszs\u00e1g, hanem a tisztas\u00e1g \u00e9s az igazs\u00e1g \u00e9rv\u00e9nyes\u00fclj\u00f6n benn\u00fcnk. SZEKVENCIA\u00a0\u00a0\u00a0\u00a0\u00a0\u00a0\u00a0\u00a0\u00a0\u00a0\u00a0\u00a0\u00a0\u00a0\u00a0\u00a0\u00a0\u00a0\u00a0\u00a0\u00a0\u00a0\u00a0\u00a0\u00a0\u00a0 \u00a0(mondhat\u00f3 vagy \u00e9nekelhet\u0151) A H\u00fasv\u00e9ti B\u00e1r\u00e1nyt kereszt\u00e9nyek dics\u00e9rve \u00e1ldj\u00e1k! Krisztus \u00e1rtatlan B\u00e1r\u00e1ny: v\u00e9r\u00e9nek \u00e1r\u00e1n ny\u00e1ja b\u0171nei\u00e9rt megengesztelte Atyj\u00e1t. Benne \u00e9let \u00e9s hal\u00e1l csod\u00e1s nagy p\u00e1rharcra sz\u00e1ll: \u00e9let Ura a s\u00edrb\u00f3l felk\u00e9l, \u00e9s gy\u0151ztesen \u00e9l. M\u00e1ria Magdolna, mondd, mit l\u00e1tt\u00e1l utadon! \u201eAz \u00e9l\u0151 Krisztusnak s\u00edrj\u00e1t, felt\u00e1madt Urunk nagy diadal\u00e1t, angyalok jelen\u00e9s\u00e9t, Urunk halotti lepl\u00e9t. Felt\u00e1madt Krisztus, rem\u00e9nyetek: Galile\u00e1ba megy el\u0151ttetek.\u201d Krisztus a hal\u00e1lb\u00f3l val\u00f3ban felt\u00e1madt, tudjuk. Gy\u0151ztes Kir\u00e1ly, k\u00f6ny\u00f6r\u00fclj meg rajtunk! Amen. Alleluja! ALLELUJA \u00a0\u00a0\u00a0\u00a0\u00a0\u00a0\u00a0\u00a0\u00a0\u00a0\u00a0\u00a0\u00a0\u00a0\u00a0\u00a0\u00a0\u00a0\u00a0\u00a0\u00a0\u00a0\u00a0\u00a0\u00a0\u00a0\u00a0\u00a0\u00a0\u00a0\u00a0\u00a0\u00a0\u00a0\u00a0\u00a0\u00a0\u00a0\u00a0\u00a0\u00a0\u00a0\u00a0\u00a0\u00a0\u00a0\u00a0\u00a0\u00a0\u00a0\u00a0\u00a0\u00a0\u00a0\u00a0\u00a01 Kor 5, 7b\u20138a... R\u00e9szletek","og_url":"https:\/\/stuttgarti-katolikusok.de\/index.php\/husvet-husvet-2-vasarnap\/","og_site_name":"Stuttgarti Katolikusok","article_published_time":"2019-04-20T22:40:36+00:00","author":"Tibor atya","twitter_card":"summary_large_image","twitter_misc":{"Szerz\u0151:":"Tibor atya","Becs\u00fclt olvas\u00e1si id\u0151":"10 perc"},"schema":{"@context":"https:\/\/schema.org","@graph":[{"@type":"Article","@id":"https:\/\/stuttgarti-katolikusok.de\/index.php\/husvet-husvet-2-vasarnap\/#article","isPartOf":{"@id":"https:\/\/stuttgarti-katolikusok.de\/index.php\/husvet-husvet-2-vasarnap\/"},"author":{"name":"Tibor atya","@id":"https:\/\/stuttgarti-katolikusok.de\/#\/schema\/person\/75908d6f8fdc03a57889d27209df7795"},"headline":"H\u00fasv\u00e9t &#8211; H\u00fasv\u00e9t 2. vas\u00e1rnap","datePublished":"2019-04-20T22:40:36+00:00","mainEntityOfPage":{"@id":"https:\/\/stuttgarti-katolikusok.de\/index.php\/husvet-husvet-2-vasarnap\/"},"wordCount":1985,"articleSection":["Vas\u00e1rnapi gondolatok"],"inLanguage":"hu"},{"@type":"WebPage","@id":"https:\/\/stuttgarti-katolikusok.de\/index.php\/husvet-husvet-2-vasarnap\/","url":"https:\/\/stuttgarti-katolikusok.de\/index.php\/husvet-husvet-2-vasarnap\/","name":"H\u00fasv\u00e9t - H\u00fasv\u00e9t 2. vas\u00e1rnap - Stuttgarti Katolikusok","isPartOf":{"@id":"https:\/\/stuttgarti-katolikusok.de\/#website"},"datePublished":"2019-04-20T22:40:36+00:00","author":{"@id":"https:\/\/stuttgarti-katolikusok.de\/#\/schema\/person\/75908d6f8fdc03a57889d27209df7795"},"breadcrumb":{"@id":"https:\/\/stuttgarti-katolikusok.de\/index.php\/husvet-husvet-2-vasarnap\/#breadcrumb"},"inLanguage":"hu","potentialAction":[{"@type":"ReadAction","target":["https:\/\/stuttgarti-katolikusok.de\/index.php\/husvet-husvet-2-vasarnap\/"]}]},{"@type":"BreadcrumbList","@id":"https:\/\/stuttgarti-katolikusok.de\/index.php\/husvet-husvet-2-vasarnap\/#breadcrumb","itemListElement":[{"@type":"ListItem","position":1,"name":"Kezd\u0151lap","item":"https:\/\/stuttgarti-katolikusok.de\/"},{"@type":"ListItem","position":2,"name":"H\u00fasv\u00e9t &#8211; H\u00fasv\u00e9t 2. vas\u00e1rnap"}]},{"@type":"WebSite","@id":"https:\/\/stuttgarti-katolikusok.de\/#website","url":"https:\/\/stuttgarti-katolikusok.de\/","name":"Stuttgarti Katolikusok","description":"","potentialAction":[{"@type":"SearchAction","target":{"@type":"EntryPoint","urlTemplate":"https:\/\/stuttgarti-katolikusok.de\/?s={search_term_string}"},"query-input":{"@type":"PropertyValueSpecification","valueRequired":true,"valueName":"search_term_string"}}],"inLanguage":"hu"},{"@type":"Person","@id":"https:\/\/stuttgarti-katolikusok.de\/#\/schema\/person\/75908d6f8fdc03a57889d27209df7795","name":"Tibor atya","image":{"@type":"ImageObject","inLanguage":"hu","@id":"https:\/\/secure.gravatar.com\/avatar\/61d268e57d1f4525b111222e29d2d5a7f8c420fdbf231ba5566a8ceac74fa960?s=96&d=mm&r=g","url":"https:\/\/secure.gravatar.com\/avatar\/61d268e57d1f4525b111222e29d2d5a7f8c420fdbf231ba5566a8ceac74fa960?s=96&d=mm&r=g","contentUrl":"https:\/\/secure.gravatar.com\/avatar\/61d268e57d1f4525b111222e29d2d5a7f8c420fdbf231ba5566a8ceac74fa960?s=96&d=mm&r=g","caption":"Tibor atya"},"url":"https:\/\/stuttgarti-katolikusok.de\/index.php\/author\/tibor-atya\/"}]}},"_links":{"self":[{"href":"https:\/\/stuttgarti-katolikusok.de\/index.php\/wp-json\/wp\/v2\/posts\/16730","targetHints":{"allow":["GET"]}}],"collection":[{"href":"https:\/\/stuttgarti-katolikusok.de\/index.php\/wp-json\/wp\/v2\/posts"}],"about":[{"href":"https:\/\/stuttgarti-katolikusok.de\/index.php\/wp-json\/wp\/v2\/types\/post"}],"author":[{"embeddable":true,"href":"https:\/\/stuttgarti-katolikusok.de\/index.php\/wp-json\/wp\/v2\/users\/3"}],"replies":[{"embeddable":true,"href":"https:\/\/stuttgarti-katolikusok.de\/index.php\/wp-json\/wp\/v2\/comments?post=16730"}],"version-history":[{"count":1,"href":"https:\/\/stuttgarti-katolikusok.de\/index.php\/wp-json\/wp\/v2\/posts\/16730\/revisions"}],"predecessor-version":[{"id":16732,"href":"https:\/\/stuttgarti-katolikusok.de\/index.php\/wp-json\/wp\/v2\/posts\/16730\/revisions\/16732"}],"wp:attachment":[{"href":"https:\/\/stuttgarti-katolikusok.de\/index.php\/wp-json\/wp\/v2\/media?parent=16730"}],"wp:term":[{"taxonomy":"category","embeddable":true,"href":"https:\/\/stuttgarti-katolikusok.de\/index.php\/wp-json\/wp\/v2\/categories?post=16730"},{"taxonomy":"post_tag","embeddable":true,"href":"https:\/\/stuttgarti-katolikusok.de\/index.php\/wp-json\/wp\/v2\/tags?post=16730"}],"curies":[{"name":"wp","href":"https:\/\/api.w.org\/{rel}","templated":true}]}}