{"id":16727,"date":"2019-04-20T22:38:59","date_gmt":"2019-04-20T22:38:59","guid":{"rendered":"https:\/\/gracious-dewdney.138-201-221-2.plesk.page\/?p=16727"},"modified":"2019-10-23T10:43:48","modified_gmt":"2019-10-23T10:43:48","slug":"a-husveti-ido","status":"publish","type":"post","link":"https:\/\/stuttgarti-katolikusok.de\/index.php\/a-husveti-ido\/","title":{"rendered":"A h\u00fasv\u00e9ti id\u0151"},"content":{"rendered":"<p><strong>A h\u00fasv\u00e9ti id\u0151<\/strong><\/p>\n<p><strong><em>A h\u00fasv\u00e9tvas\u00e1rnapt\u00f3l p\u00fcnk\u00f6sdvas\u00e1rnapig tart\u00f3 \u00f6tven napot ujjong\u00f3 \u00f6r\u00f6mben \u00fclj\u00fck meg: egyetlen \u00fcnnepk\u00e9nt, s\u0151t \u201enagy vas\u00e1rnapk\u00e9nt\u201d. A nagyb\u00f6jti id\u0151vel ellent\u00e9tben \u2013 melynek negyven napj\u00e1ba nem sz\u00e1m\u00edtjuk bele a vas\u00e1rnapokat, mivel vas\u00e1rnap mindig Krisztus felt\u00e1mad\u00e1s\u00e1t \u00fcnnepelj\u00fck -, a h\u00fasv\u00e9ti id\u0151 egys\u00e9ges \u00f6tven napot alkot: h\u00fasv\u00e9tvas\u00e1rnappal kezdve h\u00e9t h\u00e9tb\u0151l \u00e1ll, az \u00f6tvenedik nap pedig p\u00fcnk\u00f6sd vas\u00e1rnapja. A h\u00fasv\u00e9ti id\u0151 vas\u00e1rnapjai h\u00fasv\u00e9t vas\u00e1rnapj\u00e1nak sz\u00e1m\u00edtanak, \u00e9s &#8211; h\u00fasv\u00e9tvas\u00e1rnap ut\u00e1n &#8211; h\u00fasv\u00e9t m\u00e1sodik, harmadik, negyedik, \u00f6t\u00f6dik, hatodik \u00e9s hetedik vas\u00e1rnapj\u00e1nak h\u00edvjuk \u0151ket.<\/em><\/strong><\/p>\n<p><strong><em>\u00a0<\/em><\/strong><\/p>\n<p>Az eg\u00e9sz <strong>h\u00fasv\u00e9ti id\u0151<\/strong> legjellegzetesebb felki\u00e1lt\u00e1sa az \u201eAlleluja\u201d, mely ilyenkor hozz\u00e1kapcsol\u00f3dik a szentmise kezd\u0151- \u00e9s \u00e1ldoz\u00e1si \u00e9nek\u00e9hez, \u00e9s vehet\u0151 a v\u00e1laszos zsolt\u00e1r v\u00e1laszak\u00e9nt is.<\/p>\n<p><strong>H\u00fasv\u00e9tvas\u00e1rnap <\/strong>liturgi\u00e1j\u00e1nak k\u00fcl\u00f6nlegess\u00e9ge a <em>szekvencia<\/em> \u00e9nekl\u00e9se. A szekvencia az alleluj\u00e1hoz kapcsol\u00f3d\u00f3 t\u00e9tel, amely a IX &#8211; X. sz\u00e1zadban keletkezett, val\u00f3sz\u00edn\u0171leg oly m\u00f3don, hogy a d\u00edszes gregori\u00e1n alleluj\u00e1k utols\u00f3 hangjait l\u00e1tt\u00e1k el sz\u00f6veggel. A sz\u00f6veg az \u00fcnnep tartalm\u00e1nak sz\u00f3noki st\u00edlus\u00fa, m\u0171v\u00e9szi kifejt\u00e9se. A meg\u00faj\u00edtott liturgi\u00e1ban a szekvencia helye m\u00e1r az evang\u00e9liumot bevezet\u0151 \u201eAlleluja\u201d el\u0151tt van.<\/p>\n<p><strong>A h\u00fasv\u00e9ti id\u0151 els\u0151 nyolc napja h\u00fasv\u00e9t nyolcada<\/strong>. Ezt az \u00dar f\u0151\u00fcnnepek\u00e9nt \u00fclj\u00fck meg. Szemben kar\u00e1csony nyolcad\u00e1val, h\u00fasv\u00e9t nyolcad\u00e1ban nem \u00fcnnepl\u00fcnk szenteket, a liturgia teljes eg\u00e9sz\u00e9ben a Felt\u00e1madottra tekint. H\u00fasv\u00e9t nyolcad\u00e1ban is lehet a szekvenci\u00e1t \u00e9nekelni, a szentmise elbocs\u00e1t\u00f3 szavaiba pedig belevessz\u00fck az Alleluj\u00e1t.<\/p>\n<p>Az evang\u00e9liumi olvasm\u00e1nyok h\u00fasv\u00e9t harmadik vas\u00e1rnapj\u00e1ig bez\u00e1r\u00f3lag a felt\u00e1madt Krisztus megjelen\u00e9seir\u0151l sz\u00e1molnak be. A negyedik vas\u00e1rnapra \u2013 mely a papi \u00e9s szerzetesi hivat\u00e1sok vas\u00e1rnapja &#8211; vannak kijel\u00f6lve a J\u00f3 P\u00e1sztorr\u00f3l sz\u00f3l\u00f3 olvasm\u00e1nyok. H\u00fasv\u00e9t \u00f6t\u00f6dik, hatodik \u00e9s hetedik vas\u00e1rnapj\u00e1n r\u00e9szletek hangzanak el Urunknak az utols\u00f3 vacsor\u00e1ra k\u00f6vetkez\u0151 besz\u00e9d\u00e9b\u0151l \u00e9s im\u00e1ds\u00e1g\u00e1b\u00f3l. A h\u00fasv\u00e9ti id\u0151 valamennyi szentmis\u00e9j\u00e9ben olvasunk az Apostolok Cselekedeteib\u0151l.<\/p>\n<p><strong>A h\u00fasv\u00e9t ut\u00e1ni negyvenedik napon, \u201e\u00e1ldoz\u00f3cs\u00fct\u00f6rt\u00f6k\u00f6n\u201d \u00fcnnepelj\u00fck Urunk mennybemenetel\u00e9t.<\/strong> Ahol ez nem parancsolt \u00fcnnepnap \u2013 mint ahogyan haz\u00e1nkban sem az -, ott \u00e1tker\u00fcl h\u00fasv\u00e9t hetedik vas\u00e1rnapj\u00e1ra.<\/p>\n<p>Az Urunk mennybemenetele ut\u00e1ni k\u00f6znapok &#8211; p\u00fcnk\u00f6sd szombatj\u00e1ig bez\u00e1r\u00f3lag &#8211; a vigasztal\u00f3 Szentl\u00e9lek elj\u00f6vetel\u00e9t k\u00e9sz\u00edtik el\u0151.<\/p>\n<p><strong>A h\u00fasv\u00e9ti id\u0151 \u00f6tvenedik napja p\u00fcnk\u00f6sd vas\u00e1rnapja<\/strong>, a Szentl\u00e9lek ki\u00e1rad\u00e1s\u00e1nak \u00e9s az Egyh\u00e1z sz\u00fclet\u00e9s\u00e9nek \u00fcnnepe. Magyar neve a g\u00f6r\u00f6g \u201epentekoszt\u00e9\u201d = \u201e\u00f6tven\u201d sz\u00f3b\u00f3l sz\u00e1rmazik, olasz vagy n\u00e9met k\u00f6zvet\u00edt\u00e9ssel. P\u00fcnk\u00f6sd \u00fcnnepe a szombat esti vig\u00edlia szentmis\u00e9vel kezd\u0151dik. Ennek igeliturgi\u00e1j\u00e1ban n\u00e9gy \u00f3sz\u00f6vets\u00e9gi sz\u00f6veg \u00e1ll rendelkez\u00e9sre, hogy tetsz\u00e9s szerint lehessen v\u00e1lasztani egyet az \u00fcnnep sokszoros jelent\u00e9s\u00e9nek megvil\u00e1g\u00edt\u00e1s\u00e1ra; s\u0151t az egyh\u00e1zi rendelkez\u00e9sek \u00e9rtelm\u00e9ben ak\u00e1r valamennyi olvasm\u00e1ny felolvashat\u00f3. A szentlecke r\u00e1mutat a Szentl\u00e9lek saj\u00e1tos szerep\u00e9re, amelyet az Egyh\u00e1zban t\u00e9nyleg gyakorol. V\u00e9g\u00fcl az evang\u00e9liumi olvasm\u00e1ny arra eml\u00e9kezik, amit a m\u00e9g meg nem dics\u0151\u00fclt Krisztus \u00edg\u00e9rt a Szentl\u00e9lekr\u0151l. A nappali mis\u00e9n els\u0151 olvasm\u00e1nynak vessz\u00fck az Apostolok Cselekedeteinek elbesz\u00e9l\u00e9s\u00e9t a nagy p\u00fcnk\u00f6sdi esem\u00e9nyr\u0151l, a szentlecke pedig megmutatja, hogy mily hat\u00e1ssal m\u0171k\u00f6dik a L\u00e9lek az Egyh\u00e1z \u00e9let\u00e9ben. P\u00fcnk\u00f6sd vas\u00e1rnapj\u00e1nak ugyancsak van szekvenci\u00e1ja. V\u00e9g\u00fcl az evang\u00e9liumi olvasm\u00e1ny eml\u00e9kezet\u00fcnkbe id\u00e9zi J\u00e9zust, amint h\u00fasv\u00e9t est\u00e9j\u00e9n a Szentlelket k\u00f6zli tan\u00edtv\u00e1nyaival.<\/p>\n<p><strong>P\u00fcnk\u00f6sdvas\u00e1rnappal lez\u00e1rul a h\u00fasv\u00e9ti \u00fcnnepk\u00f6r,<\/strong> m\u00e1snap megkezd\u0151dik az \u00e9vk\u00f6zi id\u0151. A h\u00fasv\u00e9ti gyerty\u00e1t elteszik az olt\u00e1r mell\u0151l, harangsz\u00f3ra pedig a \u201eMennyek kir\u00e1lyn\u00e9 asszonya\u201d antif\u00f3na helyett ism\u00e9t az \u201e\u00darangyal\u00e1t\u201d im\u00e1dkozzuk. A liturgikus reform el\u0151tt p\u00fcnk\u00f6sdnek is volt nyolcada, erre eml\u00e9keztet a polg\u00e1ri napt\u00e1rban ma is szerepl\u0151 p\u00fcnk\u00f6sdh\u00e9tf\u0151 napja, \u00e9s ez\u00e9rt szok\u00e1s ezen a napon vot\u00edvmis\u00e9t mondani a Szentl\u00e9lekr\u0151l.<\/p>\n<p><em>Szerz\u0151: Ipacs Bence <\/em><\/p>\n","protected":false},"excerpt":{"rendered":"<p>A h\u00fasv\u00e9ti id\u0151 A h\u00fasv\u00e9tvas\u00e1rnapt\u00f3l p\u00fcnk\u00f6sdvas\u00e1rnapig tart\u00f3 \u00f6tven napot ujjong\u00f3 \u00f6r\u00f6mben \u00fclj\u00fck meg: egyetlen \u00fcnnepk\u00e9nt, s\u0151t \u201enagy vas\u00e1rnapk\u00e9nt\u201d. A nagyb\u00f6jti id\u0151vel ellent\u00e9tben \u2013 melynek negyven napj\u00e1ba nem sz\u00e1m\u00edtjuk bele a vas\u00e1rnapokat, mivel vas\u00e1rnap mindig Krisztus felt\u00e1mad\u00e1s\u00e1t \u00fcnnepelj\u00fck -, a h\u00fasv\u00e9ti id\u0151 egys\u00e9ges \u00f6tven napot alkot: h\u00fasv\u00e9tvas\u00e1rnappal kezdve h\u00e9t h\u00e9tb\u0151l \u00e1ll, az \u00f6tvenedik nap pedig p\u00fcnk\u00f6sd vas\u00e1rnapja. A h\u00fasv\u00e9ti id\u0151 vas\u00e1rnapjai h\u00fasv\u00e9t vas\u00e1rnapj\u00e1nak sz\u00e1m\u00edtanak, \u00e9s &#8211; h\u00fasv\u00e9tvas\u00e1rnap ut\u00e1n &#8211; h\u00fasv\u00e9t m\u00e1sodik, harmadik, negyedik, \u00f6t\u00f6dik, hatodik \u00e9s hetedik vas\u00e1rnapj\u00e1nak h\u00edvjuk \u0151ket. \u00a0 Az eg\u00e9sz h\u00fasv\u00e9ti id\u0151 legjellegzetesebb felki\u00e1lt\u00e1sa az \u201eAlleluja\u201d, mely ilyenkor hozz\u00e1kapcsol\u00f3dik a szentmise kezd\u0151- \u00e9s \u00e1ldoz\u00e1si \u00e9nek\u00e9hez, \u00e9s vehet\u0151 a v\u00e1laszos zsolt\u00e1r v\u00e1laszak\u00e9nt is. H\u00fasv\u00e9tvas\u00e1rnap liturgi\u00e1j\u00e1nak k\u00fcl\u00f6nlegess\u00e9ge a szekvencia \u00e9nekl\u00e9se. A szekvencia az alleluj\u00e1hoz kapcsol\u00f3d\u00f3 t\u00e9tel, amely a IX &#8211; X. sz\u00e1zadban keletkezett, val\u00f3sz\u00edn\u0171leg oly m\u00f3don, hogy a d\u00edszes gregori\u00e1n alleluj\u00e1k utols\u00f3 hangjait l\u00e1tt\u00e1k el sz\u00f6veggel. A sz\u00f6veg az \u00fcnnep tartalm\u00e1nak sz\u00f3noki st\u00edlus\u00fa, m\u0171v\u00e9szi kifejt\u00e9se. A meg\u00faj\u00edtott liturgi\u00e1ban a szekvencia helye m\u00e1r az evang\u00e9liumot bevezet\u0151 \u201eAlleluja\u201d el\u0151tt van. A h\u00fasv\u00e9ti id\u0151 els\u0151 nyolc napja h\u00fasv\u00e9t nyolcada. Ezt az \u00dar f\u0151\u00fcnnepek\u00e9nt \u00fclj\u00fck meg. Szemben kar\u00e1csony nyolcad\u00e1val, h\u00fasv\u00e9t nyolcad\u00e1ban nem \u00fcnnepl\u00fcnk szenteket, a liturgia teljes eg\u00e9sz\u00e9ben a Felt\u00e1madottra tekint. H\u00fasv\u00e9t nyolcad\u00e1ban is lehet a szekvenci\u00e1t \u00e9nekelni, a szentmise elbocs\u00e1t\u00f3 szavaiba pedig belevessz\u00fck az Alleluj\u00e1t. Az evang\u00e9liumi olvasm\u00e1nyok h\u00fasv\u00e9t harmadik vas\u00e1rnapj\u00e1ig bez\u00e1r\u00f3lag a felt\u00e1madt Krisztus megjelen\u00e9seir\u0151l sz\u00e1molnak be. A negyedik vas\u00e1rnapra \u2013 mely a papi \u00e9s szerzetesi hivat\u00e1sok vas\u00e1rnapja &#8211; vannak kijel\u00f6lve a J\u00f3 P\u00e1sztorr\u00f3l sz\u00f3l\u00f3 olvasm\u00e1nyok. H\u00fasv\u00e9t \u00f6t\u00f6dik, hatodik \u00e9s hetedik vas\u00e1rnapj\u00e1n r\u00e9szletek hangzanak el Urunknak az utols\u00f3 vacsor\u00e1ra k\u00f6vetkez\u0151 besz\u00e9d\u00e9b\u0151l \u00e9s im\u00e1ds\u00e1g\u00e1b\u00f3l. A h\u00fasv\u00e9ti id\u0151 valamennyi szentmis\u00e9j\u00e9ben olvasunk az Apostolok Cselekedeteib\u0151l. A h\u00fasv\u00e9t ut\u00e1ni negyvenedik napon, \u201e\u00e1ldoz\u00f3cs\u00fct\u00f6rt\u00f6k\u00f6n\u201d \u00fcnnepelj\u00fck Urunk mennybemenetel\u00e9t. Ahol ez nem parancsolt \u00fcnnepnap \u2013 mint ahogyan haz\u00e1nkban sem az -, ott \u00e1tker\u00fcl h\u00fasv\u00e9t hetedik vas\u00e1rnapj\u00e1ra. Az Urunk mennybemenetele ut\u00e1ni k\u00f6znapok &#8211; p\u00fcnk\u00f6sd szombatj\u00e1ig bez\u00e1r\u00f3lag &#8211; a vigasztal\u00f3 Szentl\u00e9lek elj\u00f6vetel\u00e9t&#8230; <\/p>\n<p><a class=\"readmore\" href=\"https:\/\/stuttgarti-katolikusok.de\/index.php\/a-husveti-ido\/\">R\u00e9szletek<\/a><\/p>\n","protected":false},"author":3,"featured_media":0,"comment_status":"closed","ping_status":"closed","sticky":false,"template":"","format":"standard","meta":{"footnotes":""},"categories":[1],"tags":[],"class_list":["post-16727","post","type-post","status-publish","format-standard","hentry","category-valogatott"],"yoast_head":"<!-- This site is optimized with the Yoast SEO plugin v27.3 - https:\/\/yoast.com\/product\/yoast-seo-wordpress\/ -->\n<title>A h\u00fasv\u00e9ti id\u0151 - Stuttgarti Katolikusok<\/title>\n<meta name=\"robots\" content=\"index, follow, max-snippet:-1, max-image-preview:large, max-video-preview:-1\" \/>\n<link rel=\"canonical\" href=\"https:\/\/stuttgarti-katolikusok.de\/index.php\/a-husveti-ido\/\" \/>\n<meta property=\"og:locale\" content=\"hu_HU\" \/>\n<meta property=\"og:type\" content=\"article\" \/>\n<meta property=\"og:title\" content=\"A h\u00fasv\u00e9ti id\u0151 - Stuttgarti Katolikusok\" \/>\n<meta property=\"og:description\" content=\"A h\u00fasv\u00e9ti id\u0151 A h\u00fasv\u00e9tvas\u00e1rnapt\u00f3l p\u00fcnk\u00f6sdvas\u00e1rnapig tart\u00f3 \u00f6tven napot ujjong\u00f3 \u00f6r\u00f6mben \u00fclj\u00fck meg: egyetlen \u00fcnnepk\u00e9nt, s\u0151t \u201enagy vas\u00e1rnapk\u00e9nt\u201d. A nagyb\u00f6jti id\u0151vel ellent\u00e9tben \u2013 melynek negyven napj\u00e1ba nem sz\u00e1m\u00edtjuk bele a vas\u00e1rnapokat, mivel vas\u00e1rnap mindig Krisztus felt\u00e1mad\u00e1s\u00e1t \u00fcnnepelj\u00fck -, a h\u00fasv\u00e9ti id\u0151 egys\u00e9ges \u00f6tven napot alkot: h\u00fasv\u00e9tvas\u00e1rnappal kezdve h\u00e9t h\u00e9tb\u0151l \u00e1ll, az \u00f6tvenedik nap pedig p\u00fcnk\u00f6sd vas\u00e1rnapja. A h\u00fasv\u00e9ti id\u0151 vas\u00e1rnapjai h\u00fasv\u00e9t vas\u00e1rnapj\u00e1nak sz\u00e1m\u00edtanak, \u00e9s &#8211; h\u00fasv\u00e9tvas\u00e1rnap ut\u00e1n &#8211; h\u00fasv\u00e9t m\u00e1sodik, harmadik, negyedik, \u00f6t\u00f6dik, hatodik \u00e9s hetedik vas\u00e1rnapj\u00e1nak h\u00edvjuk \u0151ket. \u00a0 Az eg\u00e9sz h\u00fasv\u00e9ti id\u0151 legjellegzetesebb felki\u00e1lt\u00e1sa az \u201eAlleluja\u201d, mely ilyenkor hozz\u00e1kapcsol\u00f3dik a szentmise kezd\u0151- \u00e9s \u00e1ldoz\u00e1si \u00e9nek\u00e9hez, \u00e9s vehet\u0151 a v\u00e1laszos zsolt\u00e1r v\u00e1laszak\u00e9nt is. H\u00fasv\u00e9tvas\u00e1rnap liturgi\u00e1j\u00e1nak k\u00fcl\u00f6nlegess\u00e9ge a szekvencia \u00e9nekl\u00e9se. A szekvencia az alleluj\u00e1hoz kapcsol\u00f3d\u00f3 t\u00e9tel, amely a IX &#8211; X. sz\u00e1zadban keletkezett, val\u00f3sz\u00edn\u0171leg oly m\u00f3don, hogy a d\u00edszes gregori\u00e1n alleluj\u00e1k utols\u00f3 hangjait l\u00e1tt\u00e1k el sz\u00f6veggel. A sz\u00f6veg az \u00fcnnep tartalm\u00e1nak sz\u00f3noki st\u00edlus\u00fa, m\u0171v\u00e9szi kifejt\u00e9se. A meg\u00faj\u00edtott liturgi\u00e1ban a szekvencia helye m\u00e1r az evang\u00e9liumot bevezet\u0151 \u201eAlleluja\u201d el\u0151tt van. A h\u00fasv\u00e9ti id\u0151 els\u0151 nyolc napja h\u00fasv\u00e9t nyolcada. Ezt az \u00dar f\u0151\u00fcnnepek\u00e9nt \u00fclj\u00fck meg. Szemben kar\u00e1csony nyolcad\u00e1val, h\u00fasv\u00e9t nyolcad\u00e1ban nem \u00fcnnepl\u00fcnk szenteket, a liturgia teljes eg\u00e9sz\u00e9ben a Felt\u00e1madottra tekint. H\u00fasv\u00e9t nyolcad\u00e1ban is lehet a szekvenci\u00e1t \u00e9nekelni, a szentmise elbocs\u00e1t\u00f3 szavaiba pedig belevessz\u00fck az Alleluj\u00e1t. Az evang\u00e9liumi olvasm\u00e1nyok h\u00fasv\u00e9t harmadik vas\u00e1rnapj\u00e1ig bez\u00e1r\u00f3lag a felt\u00e1madt Krisztus megjelen\u00e9seir\u0151l sz\u00e1molnak be. A negyedik vas\u00e1rnapra \u2013 mely a papi \u00e9s szerzetesi hivat\u00e1sok vas\u00e1rnapja &#8211; vannak kijel\u00f6lve a J\u00f3 P\u00e1sztorr\u00f3l sz\u00f3l\u00f3 olvasm\u00e1nyok. H\u00fasv\u00e9t \u00f6t\u00f6dik, hatodik \u00e9s hetedik vas\u00e1rnapj\u00e1n r\u00e9szletek hangzanak el Urunknak az utols\u00f3 vacsor\u00e1ra k\u00f6vetkez\u0151 besz\u00e9d\u00e9b\u0151l \u00e9s im\u00e1ds\u00e1g\u00e1b\u00f3l. A h\u00fasv\u00e9ti id\u0151 valamennyi szentmis\u00e9j\u00e9ben olvasunk az Apostolok Cselekedeteib\u0151l. A h\u00fasv\u00e9t ut\u00e1ni negyvenedik napon, \u201e\u00e1ldoz\u00f3cs\u00fct\u00f6rt\u00f6k\u00f6n\u201d \u00fcnnepelj\u00fck Urunk mennybemenetel\u00e9t. Ahol ez nem parancsolt \u00fcnnepnap \u2013 mint ahogyan haz\u00e1nkban sem az -, ott \u00e1tker\u00fcl h\u00fasv\u00e9t hetedik vas\u00e1rnapj\u00e1ra. Az Urunk mennybemenetele ut\u00e1ni k\u00f6znapok &#8211; p\u00fcnk\u00f6sd szombatj\u00e1ig bez\u00e1r\u00f3lag &#8211; a vigasztal\u00f3 Szentl\u00e9lek elj\u00f6vetel\u00e9t... R\u00e9szletek\" \/>\n<meta property=\"og:url\" content=\"https:\/\/stuttgarti-katolikusok.de\/index.php\/a-husveti-ido\/\" \/>\n<meta property=\"og:site_name\" content=\"Stuttgarti Katolikusok\" \/>\n<meta property=\"article:published_time\" content=\"2019-04-20T22:38:59+00:00\" \/>\n<meta property=\"article:modified_time\" content=\"2019-10-23T10:43:48+00:00\" \/>\n<meta name=\"author\" content=\"Tibor atya\" \/>\n<meta name=\"twitter:card\" content=\"summary_large_image\" \/>\n<meta name=\"twitter:label1\" content=\"Szerz\u0151:\" \/>\n\t<meta name=\"twitter:data1\" content=\"Tibor atya\" \/>\n\t<meta name=\"twitter:label2\" content=\"Becs\u00fclt olvas\u00e1si id\u0151\" \/>\n\t<meta name=\"twitter:data2\" content=\"4 perc\" \/>\n<script type=\"application\/ld+json\" class=\"yoast-schema-graph\">{\"@context\":\"https:\\\/\\\/schema.org\",\"@graph\":[{\"@type\":\"Article\",\"@id\":\"https:\\\/\\\/stuttgarti-katolikusok.de\\\/index.php\\\/a-husveti-ido\\\/#article\",\"isPartOf\":{\"@id\":\"https:\\\/\\\/stuttgarti-katolikusok.de\\\/index.php\\\/a-husveti-ido\\\/\"},\"author\":{\"name\":\"Tibor atya\",\"@id\":\"https:\\\/\\\/stuttgarti-katolikusok.de\\\/#\\\/schema\\\/person\\\/75908d6f8fdc03a57889d27209df7795\"},\"headline\":\"A h\u00fasv\u00e9ti id\u0151\",\"datePublished\":\"2019-04-20T22:38:59+00:00\",\"dateModified\":\"2019-10-23T10:43:48+00:00\",\"mainEntityOfPage\":{\"@id\":\"https:\\\/\\\/stuttgarti-katolikusok.de\\\/index.php\\\/a-husveti-ido\\\/\"},\"wordCount\":835,\"articleSection\":[\"V\u00e1logatott \u00edr\u00e1sok\"],\"inLanguage\":\"hu\"},{\"@type\":\"WebPage\",\"@id\":\"https:\\\/\\\/stuttgarti-katolikusok.de\\\/index.php\\\/a-husveti-ido\\\/\",\"url\":\"https:\\\/\\\/stuttgarti-katolikusok.de\\\/index.php\\\/a-husveti-ido\\\/\",\"name\":\"A h\u00fasv\u00e9ti id\u0151 - Stuttgarti Katolikusok\",\"isPartOf\":{\"@id\":\"https:\\\/\\\/stuttgarti-katolikusok.de\\\/#website\"},\"datePublished\":\"2019-04-20T22:38:59+00:00\",\"dateModified\":\"2019-10-23T10:43:48+00:00\",\"author\":{\"@id\":\"https:\\\/\\\/stuttgarti-katolikusok.de\\\/#\\\/schema\\\/person\\\/75908d6f8fdc03a57889d27209df7795\"},\"breadcrumb\":{\"@id\":\"https:\\\/\\\/stuttgarti-katolikusok.de\\\/index.php\\\/a-husveti-ido\\\/#breadcrumb\"},\"inLanguage\":\"hu\",\"potentialAction\":[{\"@type\":\"ReadAction\",\"target\":[\"https:\\\/\\\/stuttgarti-katolikusok.de\\\/index.php\\\/a-husveti-ido\\\/\"]}]},{\"@type\":\"BreadcrumbList\",\"@id\":\"https:\\\/\\\/stuttgarti-katolikusok.de\\\/index.php\\\/a-husveti-ido\\\/#breadcrumb\",\"itemListElement\":[{\"@type\":\"ListItem\",\"position\":1,\"name\":\"Kezd\u0151lap\",\"item\":\"https:\\\/\\\/stuttgarti-katolikusok.de\\\/\"},{\"@type\":\"ListItem\",\"position\":2,\"name\":\"A h\u00fasv\u00e9ti id\u0151\"}]},{\"@type\":\"WebSite\",\"@id\":\"https:\\\/\\\/stuttgarti-katolikusok.de\\\/#website\",\"url\":\"https:\\\/\\\/stuttgarti-katolikusok.de\\\/\",\"name\":\"Stuttgarti Katolikusok\",\"description\":\"\",\"potentialAction\":[{\"@type\":\"SearchAction\",\"target\":{\"@type\":\"EntryPoint\",\"urlTemplate\":\"https:\\\/\\\/stuttgarti-katolikusok.de\\\/?s={search_term_string}\"},\"query-input\":{\"@type\":\"PropertyValueSpecification\",\"valueRequired\":true,\"valueName\":\"search_term_string\"}}],\"inLanguage\":\"hu\"},{\"@type\":\"Person\",\"@id\":\"https:\\\/\\\/stuttgarti-katolikusok.de\\\/#\\\/schema\\\/person\\\/75908d6f8fdc03a57889d27209df7795\",\"name\":\"Tibor atya\",\"image\":{\"@type\":\"ImageObject\",\"inLanguage\":\"hu\",\"@id\":\"https:\\\/\\\/secure.gravatar.com\\\/avatar\\\/61d268e57d1f4525b111222e29d2d5a7f8c420fdbf231ba5566a8ceac74fa960?s=96&d=mm&r=g\",\"url\":\"https:\\\/\\\/secure.gravatar.com\\\/avatar\\\/61d268e57d1f4525b111222e29d2d5a7f8c420fdbf231ba5566a8ceac74fa960?s=96&d=mm&r=g\",\"contentUrl\":\"https:\\\/\\\/secure.gravatar.com\\\/avatar\\\/61d268e57d1f4525b111222e29d2d5a7f8c420fdbf231ba5566a8ceac74fa960?s=96&d=mm&r=g\",\"caption\":\"Tibor atya\"},\"url\":\"https:\\\/\\\/stuttgarti-katolikusok.de\\\/index.php\\\/author\\\/tibor-atya\\\/\"}]}<\/script>\n<!-- \/ Yoast SEO plugin. -->","yoast_head_json":{"title":"A h\u00fasv\u00e9ti id\u0151 - Stuttgarti Katolikusok","robots":{"index":"index","follow":"follow","max-snippet":"max-snippet:-1","max-image-preview":"max-image-preview:large","max-video-preview":"max-video-preview:-1"},"canonical":"https:\/\/stuttgarti-katolikusok.de\/index.php\/a-husveti-ido\/","og_locale":"hu_HU","og_type":"article","og_title":"A h\u00fasv\u00e9ti id\u0151 - Stuttgarti Katolikusok","og_description":"A h\u00fasv\u00e9ti id\u0151 A h\u00fasv\u00e9tvas\u00e1rnapt\u00f3l p\u00fcnk\u00f6sdvas\u00e1rnapig tart\u00f3 \u00f6tven napot ujjong\u00f3 \u00f6r\u00f6mben \u00fclj\u00fck meg: egyetlen \u00fcnnepk\u00e9nt, s\u0151t \u201enagy vas\u00e1rnapk\u00e9nt\u201d. A nagyb\u00f6jti id\u0151vel ellent\u00e9tben \u2013 melynek negyven napj\u00e1ba nem sz\u00e1m\u00edtjuk bele a vas\u00e1rnapokat, mivel vas\u00e1rnap mindig Krisztus felt\u00e1mad\u00e1s\u00e1t \u00fcnnepelj\u00fck -, a h\u00fasv\u00e9ti id\u0151 egys\u00e9ges \u00f6tven napot alkot: h\u00fasv\u00e9tvas\u00e1rnappal kezdve h\u00e9t h\u00e9tb\u0151l \u00e1ll, az \u00f6tvenedik nap pedig p\u00fcnk\u00f6sd vas\u00e1rnapja. A h\u00fasv\u00e9ti id\u0151 vas\u00e1rnapjai h\u00fasv\u00e9t vas\u00e1rnapj\u00e1nak sz\u00e1m\u00edtanak, \u00e9s &#8211; h\u00fasv\u00e9tvas\u00e1rnap ut\u00e1n &#8211; h\u00fasv\u00e9t m\u00e1sodik, harmadik, negyedik, \u00f6t\u00f6dik, hatodik \u00e9s hetedik vas\u00e1rnapj\u00e1nak h\u00edvjuk \u0151ket. \u00a0 Az eg\u00e9sz h\u00fasv\u00e9ti id\u0151 legjellegzetesebb felki\u00e1lt\u00e1sa az \u201eAlleluja\u201d, mely ilyenkor hozz\u00e1kapcsol\u00f3dik a szentmise kezd\u0151- \u00e9s \u00e1ldoz\u00e1si \u00e9nek\u00e9hez, \u00e9s vehet\u0151 a v\u00e1laszos zsolt\u00e1r v\u00e1laszak\u00e9nt is. H\u00fasv\u00e9tvas\u00e1rnap liturgi\u00e1j\u00e1nak k\u00fcl\u00f6nlegess\u00e9ge a szekvencia \u00e9nekl\u00e9se. A szekvencia az alleluj\u00e1hoz kapcsol\u00f3d\u00f3 t\u00e9tel, amely a IX &#8211; X. sz\u00e1zadban keletkezett, val\u00f3sz\u00edn\u0171leg oly m\u00f3don, hogy a d\u00edszes gregori\u00e1n alleluj\u00e1k utols\u00f3 hangjait l\u00e1tt\u00e1k el sz\u00f6veggel. A sz\u00f6veg az \u00fcnnep tartalm\u00e1nak sz\u00f3noki st\u00edlus\u00fa, m\u0171v\u00e9szi kifejt\u00e9se. A meg\u00faj\u00edtott liturgi\u00e1ban a szekvencia helye m\u00e1r az evang\u00e9liumot bevezet\u0151 \u201eAlleluja\u201d el\u0151tt van. A h\u00fasv\u00e9ti id\u0151 els\u0151 nyolc napja h\u00fasv\u00e9t nyolcada. Ezt az \u00dar f\u0151\u00fcnnepek\u00e9nt \u00fclj\u00fck meg. Szemben kar\u00e1csony nyolcad\u00e1val, h\u00fasv\u00e9t nyolcad\u00e1ban nem \u00fcnnepl\u00fcnk szenteket, a liturgia teljes eg\u00e9sz\u00e9ben a Felt\u00e1madottra tekint. H\u00fasv\u00e9t nyolcad\u00e1ban is lehet a szekvenci\u00e1t \u00e9nekelni, a szentmise elbocs\u00e1t\u00f3 szavaiba pedig belevessz\u00fck az Alleluj\u00e1t. Az evang\u00e9liumi olvasm\u00e1nyok h\u00fasv\u00e9t harmadik vas\u00e1rnapj\u00e1ig bez\u00e1r\u00f3lag a felt\u00e1madt Krisztus megjelen\u00e9seir\u0151l sz\u00e1molnak be. A negyedik vas\u00e1rnapra \u2013 mely a papi \u00e9s szerzetesi hivat\u00e1sok vas\u00e1rnapja &#8211; vannak kijel\u00f6lve a J\u00f3 P\u00e1sztorr\u00f3l sz\u00f3l\u00f3 olvasm\u00e1nyok. H\u00fasv\u00e9t \u00f6t\u00f6dik, hatodik \u00e9s hetedik vas\u00e1rnapj\u00e1n r\u00e9szletek hangzanak el Urunknak az utols\u00f3 vacsor\u00e1ra k\u00f6vetkez\u0151 besz\u00e9d\u00e9b\u0151l \u00e9s im\u00e1ds\u00e1g\u00e1b\u00f3l. A h\u00fasv\u00e9ti id\u0151 valamennyi szentmis\u00e9j\u00e9ben olvasunk az Apostolok Cselekedeteib\u0151l. A h\u00fasv\u00e9t ut\u00e1ni negyvenedik napon, \u201e\u00e1ldoz\u00f3cs\u00fct\u00f6rt\u00f6k\u00f6n\u201d \u00fcnnepelj\u00fck Urunk mennybemenetel\u00e9t. Ahol ez nem parancsolt \u00fcnnepnap \u2013 mint ahogyan haz\u00e1nkban sem az -, ott \u00e1tker\u00fcl h\u00fasv\u00e9t hetedik vas\u00e1rnapj\u00e1ra. Az Urunk mennybemenetele ut\u00e1ni k\u00f6znapok &#8211; p\u00fcnk\u00f6sd szombatj\u00e1ig bez\u00e1r\u00f3lag &#8211; a vigasztal\u00f3 Szentl\u00e9lek elj\u00f6vetel\u00e9t... R\u00e9szletek","og_url":"https:\/\/stuttgarti-katolikusok.de\/index.php\/a-husveti-ido\/","og_site_name":"Stuttgarti Katolikusok","article_published_time":"2019-04-20T22:38:59+00:00","article_modified_time":"2019-10-23T10:43:48+00:00","author":"Tibor atya","twitter_card":"summary_large_image","twitter_misc":{"Szerz\u0151:":"Tibor atya","Becs\u00fclt olvas\u00e1si id\u0151":"4 perc"},"schema":{"@context":"https:\/\/schema.org","@graph":[{"@type":"Article","@id":"https:\/\/stuttgarti-katolikusok.de\/index.php\/a-husveti-ido\/#article","isPartOf":{"@id":"https:\/\/stuttgarti-katolikusok.de\/index.php\/a-husveti-ido\/"},"author":{"name":"Tibor atya","@id":"https:\/\/stuttgarti-katolikusok.de\/#\/schema\/person\/75908d6f8fdc03a57889d27209df7795"},"headline":"A h\u00fasv\u00e9ti id\u0151","datePublished":"2019-04-20T22:38:59+00:00","dateModified":"2019-10-23T10:43:48+00:00","mainEntityOfPage":{"@id":"https:\/\/stuttgarti-katolikusok.de\/index.php\/a-husveti-ido\/"},"wordCount":835,"articleSection":["V\u00e1logatott \u00edr\u00e1sok"],"inLanguage":"hu"},{"@type":"WebPage","@id":"https:\/\/stuttgarti-katolikusok.de\/index.php\/a-husveti-ido\/","url":"https:\/\/stuttgarti-katolikusok.de\/index.php\/a-husveti-ido\/","name":"A h\u00fasv\u00e9ti id\u0151 - Stuttgarti Katolikusok","isPartOf":{"@id":"https:\/\/stuttgarti-katolikusok.de\/#website"},"datePublished":"2019-04-20T22:38:59+00:00","dateModified":"2019-10-23T10:43:48+00:00","author":{"@id":"https:\/\/stuttgarti-katolikusok.de\/#\/schema\/person\/75908d6f8fdc03a57889d27209df7795"},"breadcrumb":{"@id":"https:\/\/stuttgarti-katolikusok.de\/index.php\/a-husveti-ido\/#breadcrumb"},"inLanguage":"hu","potentialAction":[{"@type":"ReadAction","target":["https:\/\/stuttgarti-katolikusok.de\/index.php\/a-husveti-ido\/"]}]},{"@type":"BreadcrumbList","@id":"https:\/\/stuttgarti-katolikusok.de\/index.php\/a-husveti-ido\/#breadcrumb","itemListElement":[{"@type":"ListItem","position":1,"name":"Kezd\u0151lap","item":"https:\/\/stuttgarti-katolikusok.de\/"},{"@type":"ListItem","position":2,"name":"A h\u00fasv\u00e9ti id\u0151"}]},{"@type":"WebSite","@id":"https:\/\/stuttgarti-katolikusok.de\/#website","url":"https:\/\/stuttgarti-katolikusok.de\/","name":"Stuttgarti Katolikusok","description":"","potentialAction":[{"@type":"SearchAction","target":{"@type":"EntryPoint","urlTemplate":"https:\/\/stuttgarti-katolikusok.de\/?s={search_term_string}"},"query-input":{"@type":"PropertyValueSpecification","valueRequired":true,"valueName":"search_term_string"}}],"inLanguage":"hu"},{"@type":"Person","@id":"https:\/\/stuttgarti-katolikusok.de\/#\/schema\/person\/75908d6f8fdc03a57889d27209df7795","name":"Tibor atya","image":{"@type":"ImageObject","inLanguage":"hu","@id":"https:\/\/secure.gravatar.com\/avatar\/61d268e57d1f4525b111222e29d2d5a7f8c420fdbf231ba5566a8ceac74fa960?s=96&d=mm&r=g","url":"https:\/\/secure.gravatar.com\/avatar\/61d268e57d1f4525b111222e29d2d5a7f8c420fdbf231ba5566a8ceac74fa960?s=96&d=mm&r=g","contentUrl":"https:\/\/secure.gravatar.com\/avatar\/61d268e57d1f4525b111222e29d2d5a7f8c420fdbf231ba5566a8ceac74fa960?s=96&d=mm&r=g","caption":"Tibor atya"},"url":"https:\/\/stuttgarti-katolikusok.de\/index.php\/author\/tibor-atya\/"}]}},"_links":{"self":[{"href":"https:\/\/stuttgarti-katolikusok.de\/index.php\/wp-json\/wp\/v2\/posts\/16727","targetHints":{"allow":["GET"]}}],"collection":[{"href":"https:\/\/stuttgarti-katolikusok.de\/index.php\/wp-json\/wp\/v2\/posts"}],"about":[{"href":"https:\/\/stuttgarti-katolikusok.de\/index.php\/wp-json\/wp\/v2\/types\/post"}],"author":[{"embeddable":true,"href":"https:\/\/stuttgarti-katolikusok.de\/index.php\/wp-json\/wp\/v2\/users\/3"}],"replies":[{"embeddable":true,"href":"https:\/\/stuttgarti-katolikusok.de\/index.php\/wp-json\/wp\/v2\/comments?post=16727"}],"version-history":[{"count":1,"href":"https:\/\/stuttgarti-katolikusok.de\/index.php\/wp-json\/wp\/v2\/posts\/16727\/revisions"}],"predecessor-version":[{"id":16729,"href":"https:\/\/stuttgarti-katolikusok.de\/index.php\/wp-json\/wp\/v2\/posts\/16727\/revisions\/16729"}],"wp:attachment":[{"href":"https:\/\/stuttgarti-katolikusok.de\/index.php\/wp-json\/wp\/v2\/media?parent=16727"}],"wp:term":[{"taxonomy":"category","embeddable":true,"href":"https:\/\/stuttgarti-katolikusok.de\/index.php\/wp-json\/wp\/v2\/categories?post=16727"},{"taxonomy":"post_tag","embeddable":true,"href":"https:\/\/stuttgarti-katolikusok.de\/index.php\/wp-json\/wp\/v2\/tags?post=16727"}],"curies":[{"name":"wp","href":"https:\/\/api.w.org\/{rel}","templated":true}]}}