{"id":16716,"date":"2019-04-19T05:39:44","date_gmt":"2019-04-19T05:39:44","guid":{"rendered":"https:\/\/gracious-dewdney.138-201-221-2.plesk.page\/?p=16716"},"modified":"2019-04-19T05:39:44","modified_gmt":"2019-04-19T05:39:44","slug":"nagypentek-jezus-krisztus-kereszthalalanak-napja","status":"publish","type":"post","link":"https:\/\/stuttgarti-katolikusok.de\/index.php\/nagypentek-jezus-krisztus-kereszthalalanak-napja\/","title":{"rendered":"Nagyp\u00e9ntek &#8211; J\u00e9zus Krisztus kereszthal\u00e1l\u00e1nak napja"},"content":{"rendered":"<h1>Nagyp\u00e9ntek \u2013 J\u00e9zus Krisztus kereszthal\u00e1l\u00e1nak napja<\/h1>\n<h3><em>Nagyp\u00e9ntek J\u00e9zus el\u00edt\u00e9l\u00e9s\u00e9nek, megk\u00ednz\u00e1s\u00e1nak, hal\u00e1l\u00e1nak \u00e9s temet\u00e9s\u00e9nek napja. Ezen a napon nincs szentmise. Arra eml\u00e9kez\u00fcnk, hogy maga az \u00f6r\u00f6k F\u0151pap mutatta be \u00e1ldozat\u00e1t a kereszt olt\u00e1r\u00e1n.<\/em><\/h3>\n<p>Nagyp\u00e9ntek a h\u00fasv\u00e9tot, a legr\u00e9gibb \u00e9s legnagyobb kereszt\u00e9ny \u00fcnnepet megel\u0151z\u0151 szent h\u00e1romnap egyike. A kereszt\u00e9ny egyh\u00e1zak tan\u00edt\u00e1sa szerint h\u00fasv\u00e9t J\u00e9zus Krisztus felt\u00e1mad\u00e1s\u00e1nak \u00fcnnepe, ideje a tavaszi nap\u00e9jegyenl\u0151s\u00e9get k\u00f6vet\u0151 els\u0151 holdt\u00f6lte ut\u00e1ni els\u0151 vas\u00e1rnap, vagyis m\u00e1rcius 22. \u00e9s \u00e1prilis 25. k\u00f6z\u00e9 esik.<\/p>\n<p>A h\u00fasv\u00e9tot hamvaz\u00f3szerd\u00e1t\u00f3l nagyszombatig negyvennapos b\u00f6jt k\u00e9sz\u00edti el\u0151, a h\u00fasv\u00e9tot megel\u0151z\u0151 utols\u00f3 nagyb\u00f6jti h\u00e9t a nagyh\u00e9t (lat.: <em>hebdomada Sancta<\/em>), amely vir\u00e1gvas\u00e1rnappal kezd\u0151dik. A nagyh\u00e9ten bel\u00fcl a h\u00fasv\u00e9ti szent h\u00e1romnapon (liturgikus nev\u00e9n: <em>Sacrum Triduum Paschale<\/em>), azaz nagycs\u00fct\u00f6rt\u00f6k\u00f6n, nagyp\u00e9nteken \u00e9s nagyszombaton, valamint h\u00fasv\u00e9tvas\u00e1rnap eml\u00e9kezik meg a kereszt\u00e9nys\u00e9g J\u00e9zus Krisztus k\u00ednszenved\u00e9s\u00e9r\u0151l, kereszthal\u00e1l\u00e1r\u00f3l \u00e9s felt\u00e1mad\u00e1s\u00e1r\u00f3l.<\/p>\n<p>A Szent\u00edr\u00e1s elbesz\u00e9l\u00e9se szerint nagyp\u00e9ntek hajnal\u00e1n \u00e9rt v\u00e9get Jeruzs\u00e1lemben az a vall\u00e1si per, amelyet az el\u00f6lj\u00e1r\u00f3kb\u00f3l, \u00edr\u00e1stud\u00f3kb\u00f3l \u00e9s v\u00e9nekb\u0151l \u00e1ll\u00f3 Nagytan\u00e1cs ind\u00edtott J\u00e9zus ellen. Istenk\u00e1roml\u00e1s v\u00e1dj\u00e1val \u2013 Isten Fi\u00e1nak vallotta mag\u00e1t \u2013 hal\u00e1lra \u00edt\u00e9lt\u00e9k, majd reggel \u00e1tk\u00eds\u00e9rt\u00e9k Pil\u00e1tushoz, a r\u00f3mai helytart\u00f3hoz, \u00e9s azzal v\u00e1dolt\u00e1k meg, hogy a zsid\u00f3k kir\u00e1ly\u00e1nak vallja mag\u00e1t. Pil\u00e1tus \u2013 b\u00e1r l\u00e1tta, hogy \u00e1rtatlan, \u00e9s pr\u00f3b\u00e1lta megmenteni \u2013 m\u00e9gis meger\u0151s\u00edtette az \u00e9jszaka hozott hal\u00e1los \u00edt\u00e9letet, amelyet m\u00e9g aznap d\u00e9lel\u0151tt v\u00e9grehajtott\u00e1k, J\u00e9zust keresztre fesz\u00edtett\u00e9k.<\/p>\n<p>A magyar nagyp\u00e9ntek sz\u00f3 a keleti egyh\u00e1zban szok\u00e1sos g\u00f6r\u00f6g elnevez\u00e9st k\u00f6veti: <em>h\u00e9 hagia kai megal\u00e9 paraszkeu\u00e9<\/em>, azaz <em>a szent \u00e9s nagy k\u00e9sz\u00fcleti nap<\/em>. A nyugati egyh\u00e1zban hivatalos latin neve: <em>feria sexta in passione et morte Domini<\/em>, vagyis az \u00dar szenved\u00e9s\u00e9nek \u00e9s hal\u00e1l\u00e1nak p\u00e9ntekje. Angol nyelvter\u00fcleten <em>hossz\u00fa<\/em> vagy <em>j\u00f3 p\u00e9nteknek<\/em> is nevezik, n\u00e9met elnevez\u00e9se, a <em>Karfreitag<\/em> az \u00f3n\u00e9met kara (b\u00e1nat, gy\u00e1sz) sz\u00f3b\u00f3l ered.<\/p>\n<p>A nagyp\u00e9nteki szertart\u00e1s az \u00e9v legmegrend\u00fcltebb liturgi\u00e1ja. A J\u00e9zust jelk\u00e9pez\u0151 olt\u00e1r d\u00edszek n\u00e9lk\u00fcl, csupaszon \u00e1ll. Az olt\u00e1r \u00fcres: nincsen rajta sem kereszt, sem ter\u00edt\u0151, sem gyertya. De eml\u00e9keztethet a Golgota csupasz sziklat\u00f6mbj\u00e9re is, ahol a megv\u00e1lt\u00e1s \u00e1ldozata megt\u00f6rt\u00e9nt.<\/p>\n<p>T\u00f6bb helyen is kereszt\u00fat el\u0151zi meg. A nagyp\u00e9nteki kereszt\u00fati szertart\u00e1son J\u00e9zus szenved\u00e9s\u00e9nek egyes \u00e1llom\u00e1sait id\u00e9zik fel. A kereszt\u00fat mai szok\u00e1sos 14 \u00e1llom\u00e1sa (st\u00e1ci\u00f3) az 1600 k\u00f6r\u00fcli \u00e9vekre ny\u00falik vissza, \u00e1tv\u00e9ve a jeruzs\u00e1lemi szok\u00e1st, amely a ferencesekt\u0151l sz\u00e1rmazik. R\u00f3m\u00e1ban, a Via Crucison \u2013 amely a megv\u00e1lt\u00f3nak a K\u00e1lv\u00e1ria-hegyre vezet\u0151 \u00fatj\u00e1t \u00e9s hal\u00e1l\u00e1t id\u00e9zi fel \u2013 a p\u00e1pa maga is viszi a keresztet.<\/p>\n<p>A nagyp\u00e9nteki \u0151si szertart\u00e1s \u2013 r\u00e9gebbi nev\u00e9n <em>csonkamise<\/em>, mert nincs benne \u00e1tv\u00e1ltoztat\u00e1s! \u2013 m\u00e1r a kezdeti id\u0151kt\u0151l kialakult, \u00e9s h\u00e1rom f\u0151 r\u00e9szb\u0151l \u00e1ll: az igeliturgi\u00e1b\u00f3l olvasm\u00e1nyokkal \u00e9s egyetemes k\u00f6ny\u00f6rg\u00e9sekkel; a kereszt el\u0151tti h\u00f3dolatb\u00f3l; valamint a szent\u00e1ldoz\u00e1s szertart\u00e1s\u00e1b\u00f3l.<\/p>\n<p>A szertart\u00e1s kezdet\u00e9n a pap piros miseruh\u00e1ban, n\u00e9m\u00e1n vonul az olt\u00e1rhoz a ministr\u00e1nsokkal, majd leborulnak az olt\u00e1r el\u0151tt. A pap f\u00f6ldre borul\u00e1sa: az \u00f6nmag\u00e1t ki\u00fcres\u00edt\u0151, az emberrel, a f\u00f6lddel azonosul\u00f3 Krisztust jelen\u00edti meg. Az olt\u00e1r most maga a Golgota: l\u00e9lekben odamegy\u00fcnk a Golgot\u00e1hoz, J\u00e9zus keresztj\u00e9hez.<\/p>\n<p>Az ige liturgi\u00e1j\u00e1ban olvasunk J\u00e9zus szenved\u00e9s\u00e9nek titk\u00e1r\u00f3l, majd halljuk szenved\u00e9s\u00e9nek t\u00f6rt\u00e9net\u00e9t J\u00e1nos evang\u00e9lium\u00e1b\u00f3l. A passi\u00f3t felolvass\u00e1k vagy \u00e9nekelve adj\u00e1k el\u0151, dr\u00e1mai m\u00f3don id\u00e9zve fel Krisztus szenved\u00e9s\u00e9t, az Isten ir\u00e1ntunk val\u00f3 szeretet\u00e9nek titk\u00e1t.<\/p>\n<p>Ezut\u00e1n \u2013 l\u00e9lekben a kereszt alatt \u00e1llva \u2013 k\u00f6ny\u00f6rg\u00fcnk az Egyh\u00e1z, az emberis\u00e9g nagy k\u00e9r\u00e9seit megfogalmazva. Az egyetemes k\u00f6ny\u00f6rg\u00e9sek az Egyh\u00e1z tagjai\u00e9rt \u00e9s az eg\u00e9sz vil\u00e1g\u00e9rt sz\u00f3lnak: minden h\u00edv\u0151\u00e9rt, a kereszts\u00e9gre k\u00e9sz\u00fcl\u0151k\u00e9rt, a kereszt\u00e9nyek egys\u00e9g\u00e9\u00e9rt, az \u00d3sz\u00f6vets\u00e9g n\u00e9p\u00e9\u00e9rt, a zsid\u00f3k\u00e9rt, az Egyh\u00e1zt\u00f3l elszakadtak\u00e9rt, a nem h\u00edv\u0151k\u00e9rt, valamint az orsz\u00e1g, a t\u00e1rsadalom, a vil\u00e1g vezet\u0151i\u00e9rt \u00e9s k\u00fcl\u00f6n\u00f6sen a szenved\u0151k\u00e9rt.<\/p>\n<p>Ezut\u00e1n a pap a <em>Feketevas\u00e1rnapon<\/em> (Nagyb\u00f6jt 5. vas\u00e1rnapj\u00e1n) letakart fesz\u00fcletr\u0151l leveszi a leplet \u00e9s kezdet\u00e9t veszi a kereszth\u00f3dolat: a h\u00edvek cs\u00f3kkal illetik, \u00e9s t\u00e9rdet hajtanak a fesz\u00fclet el\u0151tt, amelyen ott l\u00e1that\u00f3 az \u00dcdv\u00f6z\u00edt\u0151, aki \u00e9rt\u00fcnk szenvedett. A megbocs\u00e1t\u00e1s, a megt\u00e9r\u00e9s, a Krisztushoz fordul\u00e1s napja ez, mert \u0150 meghalt az emberek\u00e9rt. \u0150 az, aki ma is szenved Egyh\u00e1z\u00e1\u00e9rt. Megh\u00edv minket szem\u00e9lyesen, hogy leborulva el\u0151tte megvalljuk, hogy \u0150 az egyed\u00fcli Megv\u00e1lt\u00f3 \u00e9s ezzel elismerj\u00fck, hogy r\u00e1szorulunk seg\u00edts\u00e9g\u00e9re.<\/p>\n<p>A szertart\u00e1s a Miaty\u00e1nk elim\u00e1dkoz\u00e1sa ut\u00e1n az \u00e1ldoz\u00e1ssal fejez\u0151dik be. Ezut\u00e1n a h\u00edvek a szents\u00edr el\u0151tt im\u00e1dkoznak \u00e9s csendben virrasztanak.<\/p>\n<p>A katolikus egyh\u00e1z nagyp\u00e9nteken szigor\u00fa b\u00f6jt megtart\u00e1s\u00e1t k\u00e9ri a h\u00edvekt\u0151l. A 18 \u00e9s 60 \u00e9v k\u00f6z\u00f6tti h\u00edvek h\u00e1romszor \u00e9tkezhetnek, de csak egyszer lakhatnak j\u00f3l, \u00e9s 14 \u00e9ves kort\u00f3l a h\u00fas\u00e9telek fogyaszt\u00e1s\u00e1t\u00f3l is tart\u00f3zkodni kell.<\/p>\n<p>A n\u00e9p k\u00f6r\u00e9ben nagyp\u00e9ntekhez a hallgat\u00e1s, a cs\u00f6nd kapcsol\u00f3dott, a t\u00fckr\u00f6t fekete kend\u0151vel takart\u00e1k le, az \u00f3r\u00e1t meg\u00e1ll\u00edtott\u00e1k vagy nem h\u00fazt\u00e1k fel. A t\u00fczet nagycs\u00fct\u00f6rt\u00f6k este kioltott\u00e1k, \u00e9s a h\u00fasv\u00e9ti szentelt t\u0171z parazs\u00e1b\u00f3l \u00e9lesztett\u00e9k \u00fajj\u00e1, addig csak hideg \u00e9telt ettek, nagyp\u00e9nteken csak egyszer, kenyeret \u00e9s s\u00f3t, sz\u00e1raz n\u00f6v\u00e9nyi eledeleket. Krisztus szenved\u00e9s\u00e9t miszt\u00e9riumj\u00e1t\u00e9kokban, felvonul\u00e1sokban, M\u00e1ria-siralmakban id\u00e9zt\u00e9k f\u00f6l. Nagyp\u00e9nteken szok\u00e1s volt meszelni, takar\u00edtani, nagymos\u00e1st tartani.<\/p>\n<p>V\u00e9gigj\u00e1rva J\u00e9zus kereszt\u00fatj\u00e1t, \u00e1t\u00e9lve az \u0150 nagyp\u00e9nteki szenved\u00e9s\u00e9t biztosak lehet\u00fcnk benne: az utols\u00f3 sz\u00f3 Isten\u00e9. J\u00e9zus kereszt\u00fatja \u00e9s szenved\u00e9se seg\u00edt meg\u00e9rten\u00fcnk a t\u00f6rt\u00e9nelem dr\u00e1m\u00e1j\u00e1t, de benn\u00fcnket, h\u00edv\u0151ket biztos\u00edt arr\u00f3l is, hogy az utols\u00f3 nap nem a nagyp\u00e9ntek, hanem h\u00fasv\u00e9t.<\/p>\n<p>A h\u00fasv\u00e9t pedig a j\u00f3 gy\u0151zelme a rossz felett, a szeretet gy\u0151zelme a gy\u0171l\u00f6let felett, a v\u00e9gtelen j\u00f3s\u00e1g, Isten, a felt\u00e1madt \u00c9let gy\u0151zelme.<\/p>\n<p>Egyh\u00e1zk\u00f6zs\u00e9g\u00fcnkben k\u00e9t helyenis van nagyp\u00e9nteki liturgia: Weingartenben 15.00 \u00f3rakor, Stuttgartban pedig 18.00 \u00f3rakor. Szeretettel v\u00e1runk mindenkit, aki vel\u00fcnk akarja \u00e1t\u00e9lni Krisztus Urunknak \u00e9rt\u00fcnk v\u00e1llalt szenved\u00e9s\u00e9t.<\/p>\n<p><strong><em>Forr\u00e1s: Magyar Kur\u00edr<\/em><\/strong><\/p>\n<p>K\u00e9p: Krisztus a kereszten &#8211; Fadrusz J\u00e1nos<\/p>\n","protected":false},"excerpt":{"rendered":"<p>Nagyp\u00e9ntek \u2013 J\u00e9zus Krisztus kereszthal\u00e1l\u00e1nak napja Nagyp\u00e9ntek J\u00e9zus el\u00edt\u00e9l\u00e9s\u00e9nek, megk\u00ednz\u00e1s\u00e1nak, hal\u00e1l\u00e1nak \u00e9s temet\u00e9s\u00e9nek napja. Ezen a napon nincs szentmise. Arra eml\u00e9kez\u00fcnk, hogy maga az \u00f6r\u00f6k F\u0151pap mutatta be \u00e1ldozat\u00e1t a kereszt olt\u00e1r\u00e1n. Nagyp\u00e9ntek a h\u00fasv\u00e9tot, a legr\u00e9gibb \u00e9s legnagyobb kereszt\u00e9ny \u00fcnnepet megel\u0151z\u0151 szent h\u00e1romnap egyike. A kereszt\u00e9ny egyh\u00e1zak tan\u00edt\u00e1sa szerint h\u00fasv\u00e9t J\u00e9zus Krisztus felt\u00e1mad\u00e1s\u00e1nak \u00fcnnepe, ideje a tavaszi nap\u00e9jegyenl\u0151s\u00e9get k\u00f6vet\u0151 els\u0151 holdt\u00f6lte ut\u00e1ni els\u0151 vas\u00e1rnap, vagyis m\u00e1rcius 22. \u00e9s \u00e1prilis 25. k\u00f6z\u00e9 esik. A h\u00fasv\u00e9tot hamvaz\u00f3szerd\u00e1t\u00f3l nagyszombatig negyvennapos b\u00f6jt k\u00e9sz\u00edti el\u0151, a h\u00fasv\u00e9tot megel\u0151z\u0151 utols\u00f3 nagyb\u00f6jti h\u00e9t a nagyh\u00e9t (lat.: hebdomada Sancta), amely vir\u00e1gvas\u00e1rnappal kezd\u0151dik. A nagyh\u00e9ten bel\u00fcl a h\u00fasv\u00e9ti szent h\u00e1romnapon (liturgikus nev\u00e9n: Sacrum Triduum Paschale), azaz nagycs\u00fct\u00f6rt\u00f6k\u00f6n, nagyp\u00e9nteken \u00e9s nagyszombaton, valamint h\u00fasv\u00e9tvas\u00e1rnap eml\u00e9kezik meg a kereszt\u00e9nys\u00e9g J\u00e9zus Krisztus k\u00ednszenved\u00e9s\u00e9r\u0151l, kereszthal\u00e1l\u00e1r\u00f3l \u00e9s felt\u00e1mad\u00e1s\u00e1r\u00f3l. A Szent\u00edr\u00e1s elbesz\u00e9l\u00e9se szerint nagyp\u00e9ntek hajnal\u00e1n \u00e9rt v\u00e9get Jeruzs\u00e1lemben az a vall\u00e1si per, amelyet az el\u00f6lj\u00e1r\u00f3kb\u00f3l, \u00edr\u00e1stud\u00f3kb\u00f3l \u00e9s v\u00e9nekb\u0151l \u00e1ll\u00f3 Nagytan\u00e1cs ind\u00edtott J\u00e9zus ellen. Istenk\u00e1roml\u00e1s v\u00e1dj\u00e1val \u2013 Isten Fi\u00e1nak vallotta mag\u00e1t \u2013 hal\u00e1lra \u00edt\u00e9lt\u00e9k, majd reggel \u00e1tk\u00eds\u00e9rt\u00e9k Pil\u00e1tushoz, a r\u00f3mai helytart\u00f3hoz, \u00e9s azzal v\u00e1dolt\u00e1k meg, hogy a zsid\u00f3k kir\u00e1ly\u00e1nak vallja mag\u00e1t. Pil\u00e1tus \u2013 b\u00e1r l\u00e1tta, hogy \u00e1rtatlan, \u00e9s pr\u00f3b\u00e1lta megmenteni \u2013 m\u00e9gis meger\u0151s\u00edtette az \u00e9jszaka hozott hal\u00e1los \u00edt\u00e9letet, amelyet m\u00e9g aznap d\u00e9lel\u0151tt v\u00e9grehajtott\u00e1k, J\u00e9zust keresztre fesz\u00edtett\u00e9k. A magyar nagyp\u00e9ntek sz\u00f3 a keleti egyh\u00e1zban szok\u00e1sos g\u00f6r\u00f6g elnevez\u00e9st k\u00f6veti: h\u00e9 hagia kai megal\u00e9 paraszkeu\u00e9, azaz a szent \u00e9s nagy k\u00e9sz\u00fcleti nap. A nyugati egyh\u00e1zban hivatalos latin neve: feria sexta in passione et morte Domini, vagyis az \u00dar szenved\u00e9s\u00e9nek \u00e9s hal\u00e1l\u00e1nak p\u00e9ntekje. Angol nyelvter\u00fcleten hossz\u00fa vagy j\u00f3 p\u00e9nteknek is nevezik, n\u00e9met elnevez\u00e9se, a Karfreitag az \u00f3n\u00e9met kara (b\u00e1nat, gy\u00e1sz) sz\u00f3b\u00f3l ered. A nagyp\u00e9nteki szertart\u00e1s az \u00e9v legmegrend\u00fcltebb liturgi\u00e1ja. A J\u00e9zust jelk\u00e9pez\u0151 olt\u00e1r d\u00edszek n\u00e9lk\u00fcl, csupaszon \u00e1ll. Az olt\u00e1r \u00fcres: nincsen rajta sem kereszt, sem ter\u00edt\u0151, sem gyertya. De eml\u00e9keztethet a Golgota csupasz sziklat\u00f6mbj\u00e9re is, ahol a megv\u00e1lt\u00e1s \u00e1ldozata megt\u00f6rt\u00e9nt&#8230;. <\/p>\n<p><a class=\"readmore\" href=\"https:\/\/stuttgarti-katolikusok.de\/index.php\/nagypentek-jezus-krisztus-kereszthalalanak-napja\/\">R\u00e9szletek<\/a><\/p>\n","protected":false},"author":3,"featured_media":0,"comment_status":"closed","ping_status":"closed","sticky":false,"template":"","format":"standard","meta":{"footnotes":""},"categories":[1],"tags":[],"class_list":["post-16716","post","type-post","status-publish","format-standard","hentry","category-valogatott"],"yoast_head":"<!-- This site is optimized with the Yoast SEO plugin v27.3 - https:\/\/yoast.com\/product\/yoast-seo-wordpress\/ -->\n<title>Nagyp\u00e9ntek - J\u00e9zus Krisztus kereszthal\u00e1l\u00e1nak napja - Stuttgarti Katolikusok<\/title>\n<meta name=\"robots\" content=\"index, follow, max-snippet:-1, max-image-preview:large, max-video-preview:-1\" \/>\n<link rel=\"canonical\" href=\"https:\/\/stuttgarti-katolikusok.de\/index.php\/nagypentek-jezus-krisztus-kereszthalalanak-napja\/\" \/>\n<meta property=\"og:locale\" content=\"hu_HU\" \/>\n<meta property=\"og:type\" content=\"article\" \/>\n<meta property=\"og:title\" content=\"Nagyp\u00e9ntek - J\u00e9zus Krisztus kereszthal\u00e1l\u00e1nak napja - Stuttgarti Katolikusok\" \/>\n<meta property=\"og:description\" content=\"Nagyp\u00e9ntek \u2013 J\u00e9zus Krisztus kereszthal\u00e1l\u00e1nak napja Nagyp\u00e9ntek J\u00e9zus el\u00edt\u00e9l\u00e9s\u00e9nek, megk\u00ednz\u00e1s\u00e1nak, hal\u00e1l\u00e1nak \u00e9s temet\u00e9s\u00e9nek napja. Ezen a napon nincs szentmise. Arra eml\u00e9kez\u00fcnk, hogy maga az \u00f6r\u00f6k F\u0151pap mutatta be \u00e1ldozat\u00e1t a kereszt olt\u00e1r\u00e1n. Nagyp\u00e9ntek a h\u00fasv\u00e9tot, a legr\u00e9gibb \u00e9s legnagyobb kereszt\u00e9ny \u00fcnnepet megel\u0151z\u0151 szent h\u00e1romnap egyike. A kereszt\u00e9ny egyh\u00e1zak tan\u00edt\u00e1sa szerint h\u00fasv\u00e9t J\u00e9zus Krisztus felt\u00e1mad\u00e1s\u00e1nak \u00fcnnepe, ideje a tavaszi nap\u00e9jegyenl\u0151s\u00e9get k\u00f6vet\u0151 els\u0151 holdt\u00f6lte ut\u00e1ni els\u0151 vas\u00e1rnap, vagyis m\u00e1rcius 22. \u00e9s \u00e1prilis 25. k\u00f6z\u00e9 esik. A h\u00fasv\u00e9tot hamvaz\u00f3szerd\u00e1t\u00f3l nagyszombatig negyvennapos b\u00f6jt k\u00e9sz\u00edti el\u0151, a h\u00fasv\u00e9tot megel\u0151z\u0151 utols\u00f3 nagyb\u00f6jti h\u00e9t a nagyh\u00e9t (lat.: hebdomada Sancta), amely vir\u00e1gvas\u00e1rnappal kezd\u0151dik. A nagyh\u00e9ten bel\u00fcl a h\u00fasv\u00e9ti szent h\u00e1romnapon (liturgikus nev\u00e9n: Sacrum Triduum Paschale), azaz nagycs\u00fct\u00f6rt\u00f6k\u00f6n, nagyp\u00e9nteken \u00e9s nagyszombaton, valamint h\u00fasv\u00e9tvas\u00e1rnap eml\u00e9kezik meg a kereszt\u00e9nys\u00e9g J\u00e9zus Krisztus k\u00ednszenved\u00e9s\u00e9r\u0151l, kereszthal\u00e1l\u00e1r\u00f3l \u00e9s felt\u00e1mad\u00e1s\u00e1r\u00f3l. A Szent\u00edr\u00e1s elbesz\u00e9l\u00e9se szerint nagyp\u00e9ntek hajnal\u00e1n \u00e9rt v\u00e9get Jeruzs\u00e1lemben az a vall\u00e1si per, amelyet az el\u00f6lj\u00e1r\u00f3kb\u00f3l, \u00edr\u00e1stud\u00f3kb\u00f3l \u00e9s v\u00e9nekb\u0151l \u00e1ll\u00f3 Nagytan\u00e1cs ind\u00edtott J\u00e9zus ellen. Istenk\u00e1roml\u00e1s v\u00e1dj\u00e1val \u2013 Isten Fi\u00e1nak vallotta mag\u00e1t \u2013 hal\u00e1lra \u00edt\u00e9lt\u00e9k, majd reggel \u00e1tk\u00eds\u00e9rt\u00e9k Pil\u00e1tushoz, a r\u00f3mai helytart\u00f3hoz, \u00e9s azzal v\u00e1dolt\u00e1k meg, hogy a zsid\u00f3k kir\u00e1ly\u00e1nak vallja mag\u00e1t. Pil\u00e1tus \u2013 b\u00e1r l\u00e1tta, hogy \u00e1rtatlan, \u00e9s pr\u00f3b\u00e1lta megmenteni \u2013 m\u00e9gis meger\u0151s\u00edtette az \u00e9jszaka hozott hal\u00e1los \u00edt\u00e9letet, amelyet m\u00e9g aznap d\u00e9lel\u0151tt v\u00e9grehajtott\u00e1k, J\u00e9zust keresztre fesz\u00edtett\u00e9k. A magyar nagyp\u00e9ntek sz\u00f3 a keleti egyh\u00e1zban szok\u00e1sos g\u00f6r\u00f6g elnevez\u00e9st k\u00f6veti: h\u00e9 hagia kai megal\u00e9 paraszkeu\u00e9, azaz a szent \u00e9s nagy k\u00e9sz\u00fcleti nap. A nyugati egyh\u00e1zban hivatalos latin neve: feria sexta in passione et morte Domini, vagyis az \u00dar szenved\u00e9s\u00e9nek \u00e9s hal\u00e1l\u00e1nak p\u00e9ntekje. Angol nyelvter\u00fcleten hossz\u00fa vagy j\u00f3 p\u00e9nteknek is nevezik, n\u00e9met elnevez\u00e9se, a Karfreitag az \u00f3n\u00e9met kara (b\u00e1nat, gy\u00e1sz) sz\u00f3b\u00f3l ered. A nagyp\u00e9nteki szertart\u00e1s az \u00e9v legmegrend\u00fcltebb liturgi\u00e1ja. A J\u00e9zust jelk\u00e9pez\u0151 olt\u00e1r d\u00edszek n\u00e9lk\u00fcl, csupaszon \u00e1ll. Az olt\u00e1r \u00fcres: nincsen rajta sem kereszt, sem ter\u00edt\u0151, sem gyertya. De eml\u00e9keztethet a Golgota csupasz sziklat\u00f6mbj\u00e9re is, ahol a megv\u00e1lt\u00e1s \u00e1ldozata megt\u00f6rt\u00e9nt.... R\u00e9szletek\" \/>\n<meta property=\"og:url\" content=\"https:\/\/stuttgarti-katolikusok.de\/index.php\/nagypentek-jezus-krisztus-kereszthalalanak-napja\/\" \/>\n<meta property=\"og:site_name\" content=\"Stuttgarti Katolikusok\" \/>\n<meta property=\"article:published_time\" content=\"2019-04-19T05:39:44+00:00\" \/>\n<meta name=\"author\" content=\"Tibor atya\" \/>\n<meta name=\"twitter:card\" content=\"summary_large_image\" \/>\n<meta name=\"twitter:label1\" content=\"Szerz\u0151:\" \/>\n\t<meta name=\"twitter:data1\" content=\"Tibor atya\" \/>\n\t<meta name=\"twitter:label2\" content=\"Becs\u00fclt olvas\u00e1si id\u0151\" \/>\n\t<meta name=\"twitter:data2\" content=\"7 perc\" \/>\n<script type=\"application\/ld+json\" class=\"yoast-schema-graph\">{\"@context\":\"https:\\\/\\\/schema.org\",\"@graph\":[{\"@type\":\"Article\",\"@id\":\"https:\\\/\\\/stuttgarti-katolikusok.de\\\/index.php\\\/nagypentek-jezus-krisztus-kereszthalalanak-napja\\\/#article\",\"isPartOf\":{\"@id\":\"https:\\\/\\\/stuttgarti-katolikusok.de\\\/index.php\\\/nagypentek-jezus-krisztus-kereszthalalanak-napja\\\/\"},\"author\":{\"name\":\"Tibor atya\",\"@id\":\"https:\\\/\\\/stuttgarti-katolikusok.de\\\/#\\\/schema\\\/person\\\/75908d6f8fdc03a57889d27209df7795\"},\"headline\":\"Nagyp\u00e9ntek &#8211; J\u00e9zus Krisztus kereszthal\u00e1l\u00e1nak napja\",\"datePublished\":\"2019-04-19T05:39:44+00:00\",\"mainEntityOfPage\":{\"@id\":\"https:\\\/\\\/stuttgarti-katolikusok.de\\\/index.php\\\/nagypentek-jezus-krisztus-kereszthalalanak-napja\\\/\"},\"wordCount\":1337,\"articleSection\":[\"V\u00e1logatott \u00edr\u00e1sok\"],\"inLanguage\":\"hu\"},{\"@type\":\"WebPage\",\"@id\":\"https:\\\/\\\/stuttgarti-katolikusok.de\\\/index.php\\\/nagypentek-jezus-krisztus-kereszthalalanak-napja\\\/\",\"url\":\"https:\\\/\\\/stuttgarti-katolikusok.de\\\/index.php\\\/nagypentek-jezus-krisztus-kereszthalalanak-napja\\\/\",\"name\":\"Nagyp\u00e9ntek - J\u00e9zus Krisztus kereszthal\u00e1l\u00e1nak napja - Stuttgarti Katolikusok\",\"isPartOf\":{\"@id\":\"https:\\\/\\\/stuttgarti-katolikusok.de\\\/#website\"},\"datePublished\":\"2019-04-19T05:39:44+00:00\",\"author\":{\"@id\":\"https:\\\/\\\/stuttgarti-katolikusok.de\\\/#\\\/schema\\\/person\\\/75908d6f8fdc03a57889d27209df7795\"},\"breadcrumb\":{\"@id\":\"https:\\\/\\\/stuttgarti-katolikusok.de\\\/index.php\\\/nagypentek-jezus-krisztus-kereszthalalanak-napja\\\/#breadcrumb\"},\"inLanguage\":\"hu\",\"potentialAction\":[{\"@type\":\"ReadAction\",\"target\":[\"https:\\\/\\\/stuttgarti-katolikusok.de\\\/index.php\\\/nagypentek-jezus-krisztus-kereszthalalanak-napja\\\/\"]}]},{\"@type\":\"BreadcrumbList\",\"@id\":\"https:\\\/\\\/stuttgarti-katolikusok.de\\\/index.php\\\/nagypentek-jezus-krisztus-kereszthalalanak-napja\\\/#breadcrumb\",\"itemListElement\":[{\"@type\":\"ListItem\",\"position\":1,\"name\":\"Kezd\u0151lap\",\"item\":\"https:\\\/\\\/stuttgarti-katolikusok.de\\\/\"},{\"@type\":\"ListItem\",\"position\":2,\"name\":\"Nagyp\u00e9ntek &#8211; J\u00e9zus Krisztus kereszthal\u00e1l\u00e1nak napja\"}]},{\"@type\":\"WebSite\",\"@id\":\"https:\\\/\\\/stuttgarti-katolikusok.de\\\/#website\",\"url\":\"https:\\\/\\\/stuttgarti-katolikusok.de\\\/\",\"name\":\"Stuttgarti Katolikusok\",\"description\":\"\",\"potentialAction\":[{\"@type\":\"SearchAction\",\"target\":{\"@type\":\"EntryPoint\",\"urlTemplate\":\"https:\\\/\\\/stuttgarti-katolikusok.de\\\/?s={search_term_string}\"},\"query-input\":{\"@type\":\"PropertyValueSpecification\",\"valueRequired\":true,\"valueName\":\"search_term_string\"}}],\"inLanguage\":\"hu\"},{\"@type\":\"Person\",\"@id\":\"https:\\\/\\\/stuttgarti-katolikusok.de\\\/#\\\/schema\\\/person\\\/75908d6f8fdc03a57889d27209df7795\",\"name\":\"Tibor atya\",\"image\":{\"@type\":\"ImageObject\",\"inLanguage\":\"hu\",\"@id\":\"https:\\\/\\\/secure.gravatar.com\\\/avatar\\\/61d268e57d1f4525b111222e29d2d5a7f8c420fdbf231ba5566a8ceac74fa960?s=96&d=mm&r=g\",\"url\":\"https:\\\/\\\/secure.gravatar.com\\\/avatar\\\/61d268e57d1f4525b111222e29d2d5a7f8c420fdbf231ba5566a8ceac74fa960?s=96&d=mm&r=g\",\"contentUrl\":\"https:\\\/\\\/secure.gravatar.com\\\/avatar\\\/61d268e57d1f4525b111222e29d2d5a7f8c420fdbf231ba5566a8ceac74fa960?s=96&d=mm&r=g\",\"caption\":\"Tibor atya\"},\"url\":\"https:\\\/\\\/stuttgarti-katolikusok.de\\\/index.php\\\/author\\\/tibor-atya\\\/\"}]}<\/script>\n<!-- \/ Yoast SEO plugin. -->","yoast_head_json":{"title":"Nagyp\u00e9ntek - J\u00e9zus Krisztus kereszthal\u00e1l\u00e1nak napja - Stuttgarti Katolikusok","robots":{"index":"index","follow":"follow","max-snippet":"max-snippet:-1","max-image-preview":"max-image-preview:large","max-video-preview":"max-video-preview:-1"},"canonical":"https:\/\/stuttgarti-katolikusok.de\/index.php\/nagypentek-jezus-krisztus-kereszthalalanak-napja\/","og_locale":"hu_HU","og_type":"article","og_title":"Nagyp\u00e9ntek - J\u00e9zus Krisztus kereszthal\u00e1l\u00e1nak napja - Stuttgarti Katolikusok","og_description":"Nagyp\u00e9ntek \u2013 J\u00e9zus Krisztus kereszthal\u00e1l\u00e1nak napja Nagyp\u00e9ntek J\u00e9zus el\u00edt\u00e9l\u00e9s\u00e9nek, megk\u00ednz\u00e1s\u00e1nak, hal\u00e1l\u00e1nak \u00e9s temet\u00e9s\u00e9nek napja. Ezen a napon nincs szentmise. Arra eml\u00e9kez\u00fcnk, hogy maga az \u00f6r\u00f6k F\u0151pap mutatta be \u00e1ldozat\u00e1t a kereszt olt\u00e1r\u00e1n. Nagyp\u00e9ntek a h\u00fasv\u00e9tot, a legr\u00e9gibb \u00e9s legnagyobb kereszt\u00e9ny \u00fcnnepet megel\u0151z\u0151 szent h\u00e1romnap egyike. A kereszt\u00e9ny egyh\u00e1zak tan\u00edt\u00e1sa szerint h\u00fasv\u00e9t J\u00e9zus Krisztus felt\u00e1mad\u00e1s\u00e1nak \u00fcnnepe, ideje a tavaszi nap\u00e9jegyenl\u0151s\u00e9get k\u00f6vet\u0151 els\u0151 holdt\u00f6lte ut\u00e1ni els\u0151 vas\u00e1rnap, vagyis m\u00e1rcius 22. \u00e9s \u00e1prilis 25. k\u00f6z\u00e9 esik. A h\u00fasv\u00e9tot hamvaz\u00f3szerd\u00e1t\u00f3l nagyszombatig negyvennapos b\u00f6jt k\u00e9sz\u00edti el\u0151, a h\u00fasv\u00e9tot megel\u0151z\u0151 utols\u00f3 nagyb\u00f6jti h\u00e9t a nagyh\u00e9t (lat.: hebdomada Sancta), amely vir\u00e1gvas\u00e1rnappal kezd\u0151dik. A nagyh\u00e9ten bel\u00fcl a h\u00fasv\u00e9ti szent h\u00e1romnapon (liturgikus nev\u00e9n: Sacrum Triduum Paschale), azaz nagycs\u00fct\u00f6rt\u00f6k\u00f6n, nagyp\u00e9nteken \u00e9s nagyszombaton, valamint h\u00fasv\u00e9tvas\u00e1rnap eml\u00e9kezik meg a kereszt\u00e9nys\u00e9g J\u00e9zus Krisztus k\u00ednszenved\u00e9s\u00e9r\u0151l, kereszthal\u00e1l\u00e1r\u00f3l \u00e9s felt\u00e1mad\u00e1s\u00e1r\u00f3l. A Szent\u00edr\u00e1s elbesz\u00e9l\u00e9se szerint nagyp\u00e9ntek hajnal\u00e1n \u00e9rt v\u00e9get Jeruzs\u00e1lemben az a vall\u00e1si per, amelyet az el\u00f6lj\u00e1r\u00f3kb\u00f3l, \u00edr\u00e1stud\u00f3kb\u00f3l \u00e9s v\u00e9nekb\u0151l \u00e1ll\u00f3 Nagytan\u00e1cs ind\u00edtott J\u00e9zus ellen. Istenk\u00e1roml\u00e1s v\u00e1dj\u00e1val \u2013 Isten Fi\u00e1nak vallotta mag\u00e1t \u2013 hal\u00e1lra \u00edt\u00e9lt\u00e9k, majd reggel \u00e1tk\u00eds\u00e9rt\u00e9k Pil\u00e1tushoz, a r\u00f3mai helytart\u00f3hoz, \u00e9s azzal v\u00e1dolt\u00e1k meg, hogy a zsid\u00f3k kir\u00e1ly\u00e1nak vallja mag\u00e1t. Pil\u00e1tus \u2013 b\u00e1r l\u00e1tta, hogy \u00e1rtatlan, \u00e9s pr\u00f3b\u00e1lta megmenteni \u2013 m\u00e9gis meger\u0151s\u00edtette az \u00e9jszaka hozott hal\u00e1los \u00edt\u00e9letet, amelyet m\u00e9g aznap d\u00e9lel\u0151tt v\u00e9grehajtott\u00e1k, J\u00e9zust keresztre fesz\u00edtett\u00e9k. A magyar nagyp\u00e9ntek sz\u00f3 a keleti egyh\u00e1zban szok\u00e1sos g\u00f6r\u00f6g elnevez\u00e9st k\u00f6veti: h\u00e9 hagia kai megal\u00e9 paraszkeu\u00e9, azaz a szent \u00e9s nagy k\u00e9sz\u00fcleti nap. A nyugati egyh\u00e1zban hivatalos latin neve: feria sexta in passione et morte Domini, vagyis az \u00dar szenved\u00e9s\u00e9nek \u00e9s hal\u00e1l\u00e1nak p\u00e9ntekje. Angol nyelvter\u00fcleten hossz\u00fa vagy j\u00f3 p\u00e9nteknek is nevezik, n\u00e9met elnevez\u00e9se, a Karfreitag az \u00f3n\u00e9met kara (b\u00e1nat, gy\u00e1sz) sz\u00f3b\u00f3l ered. A nagyp\u00e9nteki szertart\u00e1s az \u00e9v legmegrend\u00fcltebb liturgi\u00e1ja. A J\u00e9zust jelk\u00e9pez\u0151 olt\u00e1r d\u00edszek n\u00e9lk\u00fcl, csupaszon \u00e1ll. Az olt\u00e1r \u00fcres: nincsen rajta sem kereszt, sem ter\u00edt\u0151, sem gyertya. De eml\u00e9keztethet a Golgota csupasz sziklat\u00f6mbj\u00e9re is, ahol a megv\u00e1lt\u00e1s \u00e1ldozata megt\u00f6rt\u00e9nt.... R\u00e9szletek","og_url":"https:\/\/stuttgarti-katolikusok.de\/index.php\/nagypentek-jezus-krisztus-kereszthalalanak-napja\/","og_site_name":"Stuttgarti Katolikusok","article_published_time":"2019-04-19T05:39:44+00:00","author":"Tibor atya","twitter_card":"summary_large_image","twitter_misc":{"Szerz\u0151:":"Tibor atya","Becs\u00fclt olvas\u00e1si id\u0151":"7 perc"},"schema":{"@context":"https:\/\/schema.org","@graph":[{"@type":"Article","@id":"https:\/\/stuttgarti-katolikusok.de\/index.php\/nagypentek-jezus-krisztus-kereszthalalanak-napja\/#article","isPartOf":{"@id":"https:\/\/stuttgarti-katolikusok.de\/index.php\/nagypentek-jezus-krisztus-kereszthalalanak-napja\/"},"author":{"name":"Tibor atya","@id":"https:\/\/stuttgarti-katolikusok.de\/#\/schema\/person\/75908d6f8fdc03a57889d27209df7795"},"headline":"Nagyp\u00e9ntek &#8211; J\u00e9zus Krisztus kereszthal\u00e1l\u00e1nak napja","datePublished":"2019-04-19T05:39:44+00:00","mainEntityOfPage":{"@id":"https:\/\/stuttgarti-katolikusok.de\/index.php\/nagypentek-jezus-krisztus-kereszthalalanak-napja\/"},"wordCount":1337,"articleSection":["V\u00e1logatott \u00edr\u00e1sok"],"inLanguage":"hu"},{"@type":"WebPage","@id":"https:\/\/stuttgarti-katolikusok.de\/index.php\/nagypentek-jezus-krisztus-kereszthalalanak-napja\/","url":"https:\/\/stuttgarti-katolikusok.de\/index.php\/nagypentek-jezus-krisztus-kereszthalalanak-napja\/","name":"Nagyp\u00e9ntek - J\u00e9zus Krisztus kereszthal\u00e1l\u00e1nak napja - Stuttgarti Katolikusok","isPartOf":{"@id":"https:\/\/stuttgarti-katolikusok.de\/#website"},"datePublished":"2019-04-19T05:39:44+00:00","author":{"@id":"https:\/\/stuttgarti-katolikusok.de\/#\/schema\/person\/75908d6f8fdc03a57889d27209df7795"},"breadcrumb":{"@id":"https:\/\/stuttgarti-katolikusok.de\/index.php\/nagypentek-jezus-krisztus-kereszthalalanak-napja\/#breadcrumb"},"inLanguage":"hu","potentialAction":[{"@type":"ReadAction","target":["https:\/\/stuttgarti-katolikusok.de\/index.php\/nagypentek-jezus-krisztus-kereszthalalanak-napja\/"]}]},{"@type":"BreadcrumbList","@id":"https:\/\/stuttgarti-katolikusok.de\/index.php\/nagypentek-jezus-krisztus-kereszthalalanak-napja\/#breadcrumb","itemListElement":[{"@type":"ListItem","position":1,"name":"Kezd\u0151lap","item":"https:\/\/stuttgarti-katolikusok.de\/"},{"@type":"ListItem","position":2,"name":"Nagyp\u00e9ntek &#8211; J\u00e9zus Krisztus kereszthal\u00e1l\u00e1nak napja"}]},{"@type":"WebSite","@id":"https:\/\/stuttgarti-katolikusok.de\/#website","url":"https:\/\/stuttgarti-katolikusok.de\/","name":"Stuttgarti Katolikusok","description":"","potentialAction":[{"@type":"SearchAction","target":{"@type":"EntryPoint","urlTemplate":"https:\/\/stuttgarti-katolikusok.de\/?s={search_term_string}"},"query-input":{"@type":"PropertyValueSpecification","valueRequired":true,"valueName":"search_term_string"}}],"inLanguage":"hu"},{"@type":"Person","@id":"https:\/\/stuttgarti-katolikusok.de\/#\/schema\/person\/75908d6f8fdc03a57889d27209df7795","name":"Tibor atya","image":{"@type":"ImageObject","inLanguage":"hu","@id":"https:\/\/secure.gravatar.com\/avatar\/61d268e57d1f4525b111222e29d2d5a7f8c420fdbf231ba5566a8ceac74fa960?s=96&d=mm&r=g","url":"https:\/\/secure.gravatar.com\/avatar\/61d268e57d1f4525b111222e29d2d5a7f8c420fdbf231ba5566a8ceac74fa960?s=96&d=mm&r=g","contentUrl":"https:\/\/secure.gravatar.com\/avatar\/61d268e57d1f4525b111222e29d2d5a7f8c420fdbf231ba5566a8ceac74fa960?s=96&d=mm&r=g","caption":"Tibor atya"},"url":"https:\/\/stuttgarti-katolikusok.de\/index.php\/author\/tibor-atya\/"}]}},"_links":{"self":[{"href":"https:\/\/stuttgarti-katolikusok.de\/index.php\/wp-json\/wp\/v2\/posts\/16716","targetHints":{"allow":["GET"]}}],"collection":[{"href":"https:\/\/stuttgarti-katolikusok.de\/index.php\/wp-json\/wp\/v2\/posts"}],"about":[{"href":"https:\/\/stuttgarti-katolikusok.de\/index.php\/wp-json\/wp\/v2\/types\/post"}],"author":[{"embeddable":true,"href":"https:\/\/stuttgarti-katolikusok.de\/index.php\/wp-json\/wp\/v2\/users\/3"}],"replies":[{"embeddable":true,"href":"https:\/\/stuttgarti-katolikusok.de\/index.php\/wp-json\/wp\/v2\/comments?post=16716"}],"version-history":[{"count":1,"href":"https:\/\/stuttgarti-katolikusok.de\/index.php\/wp-json\/wp\/v2\/posts\/16716\/revisions"}],"predecessor-version":[{"id":16718,"href":"https:\/\/stuttgarti-katolikusok.de\/index.php\/wp-json\/wp\/v2\/posts\/16716\/revisions\/16718"}],"wp:attachment":[{"href":"https:\/\/stuttgarti-katolikusok.de\/index.php\/wp-json\/wp\/v2\/media?parent=16716"}],"wp:term":[{"taxonomy":"category","embeddable":true,"href":"https:\/\/stuttgarti-katolikusok.de\/index.php\/wp-json\/wp\/v2\/categories?post=16716"},{"taxonomy":"post_tag","embeddable":true,"href":"https:\/\/stuttgarti-katolikusok.de\/index.php\/wp-json\/wp\/v2\/tags?post=16716"}],"curies":[{"name":"wp","href":"https:\/\/api.w.org\/{rel}","templated":true}]}}