{"id":16621,"date":"2019-04-15T10:55:55","date_gmt":"2019-04-15T10:55:55","guid":{"rendered":"https:\/\/gracious-dewdney.138-201-221-2.plesk.page\/?p=16621"},"modified":"2020-04-27T15:55:54","modified_gmt":"2020-04-27T15:55:54","slug":"husveti-programelozetes","status":"publish","type":"post","link":"https:\/\/stuttgarti-katolikusok.de\/index.php\/husveti-programelozetes\/","title":{"rendered":"H\u00fasv\u00e9ti programel\u0151zetes"},"content":{"rendered":"<p><strong>Programel\u0151zetes<\/strong><\/p>\n<p><strong>\u00c1prilis 18.,<\/strong> Nagycs\u00fct\u00f6rt\u00f6k\u00f6n,<\/p>\n<p><strong>Stuttgartban<\/strong> 19.00 \u00f3rakor <em>szentmise<\/em> az Utols\u00f3 Vacsora eml\u00e9k\u00e9re.<\/p>\n<p><strong>Weingartenben<\/strong> 19.00 \u00f3rakor a 14 Nothelfer Kapelle-ben <em>szentmise<\/em> az Utols\u00f3 Vacsora eml\u00e9k\u00e9re.<\/p>\n<p style=\"text-align: center;\">*<\/p>\n<p><strong>\u00c1prilis 19.,<\/strong> Nagyp\u00e9nteken,<\/p>\n<p><strong>Weingartenben<\/strong> 15.00 \u00f3rakor <em>passi\u00f3<\/em>, <em>csonkamise<\/em>, <em>nagyp\u00e9nteki szertart\u00e1s<\/em>.<\/p>\n<p><strong>Stuttgartban<\/strong> 18.00 \u00f3rakor <em>passi\u00f3<\/em>, <em>csonkamise<\/em>, <em>nagyp\u00e9nteki szertart\u00e1s<\/em>.<\/p>\n<p style=\"text-align: center;\">*<\/p>\n<p><strong>\u00c1prilis 20.,<\/strong> Nagyszombaton,<\/p>\n<p><strong>Stuttgartban<\/strong> 20.00 \u00f3rakor <em>H\u00fasv\u00e9ti vig\u00edlia<\/em>, felt\u00e1mad\u00e1si szertart\u00e1s, ut\u00e1na <em>\u00e9telszentel\u00e9s<\/em>.<\/p>\n<p><strong>Weingartenben<\/strong> 20.00 \u00f3rakor <em>H\u00fasv\u00e9ti vig\u00edlia<\/em>, felt\u00e1mad\u00e1si szertart\u00e1s, ut\u00e1na <em>\u00e9telszentel\u00e9s<\/em>.<\/p>\n<p style=\"text-align: center;\">*<\/p>\n<p><strong>\u00c1prilis 21.,<\/strong> H\u00fasv\u00e9tvas\u00e1rnap,<\/p>\n<p><strong>B\u00f6blingenben<\/strong> 9.30 \u00f3rakor <em>\u00fcnnep\u00e9lyes nagymise<\/em>, ut\u00e1na <em>\u00e9telszentel\u00e9s<\/em>.<\/p>\n<p><strong>Weingartenben<\/strong> 10.00 \u00f3rakor <em>\u00fcnnep\u00e9lyes nagymise<\/em>, ut\u00e1na <em>\u00e9telszentel\u00e9s<\/em>.<\/p>\n<p><strong>Stuttgartban<\/strong> 12.00 \u00f3rakor <em>\u00fcnnep\u00e9lyes nagymise<\/em>, ut\u00e1na <em>\u00e9telszentel\u00e9s<\/em>.<\/p>\n<p><strong>Ulmban<\/strong> 15.00 \u00f3rakor <em>\u00fcnnep\u00e9lyes nagymise<\/em>, ut\u00e1na <em>\u00e9telszentel\u00e9s<\/em>.<\/p>\n<p><strong>Heilbronnban<\/strong> 15.30 \u00f3rakor <em>\u00fcnnep\u00e9lyes nagymise<\/em>, <em>templomb\u00facs\u00fa, <\/em>ut\u00e1na <em>\u00e9telszentel\u00e9s.<\/em><\/p>\n<p style=\"text-align: center;\">*<\/p>\n<p><strong>\u00c1prilis 22.,<\/strong> H\u00fasv\u00e9th\u00e9tf\u0151n,<\/p>\n<p><strong>Stuttgartban<\/strong> 9.30 \u00f3rakor <em>szentmise, <\/em>ut\u00e1na <em>locsolkod\u00e1s<\/em>.<\/p>\n<p><strong>Weingartenben<\/strong> 10.00 \u00f3rakor <em>szentmise<\/em>.<\/p>\n<p style=\"text-align: center;\">*<\/p>\n<p style=\"text-align: left;\"><strong>\u00c1prilis 25-\u00e9n<\/strong>, cs\u00fct\u00f6rt\u00f6k\u00f6n, <strong>Ulmi d\u00e9lut\u00e1n<\/strong>, 18.30 \u00f3rakor szentmise, ut\u00e1na besz\u00e9lget\u00e9sek a Katekizmusr\u00f3l.<\/p>\n<p style=\"text-align: center;\">*<\/p>\n<p><strong>\u00c1prilis 26-\u00e1n<\/strong>, p\u00e9nteken,\u00a0<strong>Weingarteni d\u00e9lut\u00e1n<\/strong>, 18.30 \u00f3rakor szentmise a 14 Nothelfer Kapelle-ben, ut\u00e1na besz\u00e9lget\u00e9sek a Katekizmusr\u00f3l.<\/p>\n<p style=\"text-align: center;\">*<\/p>\n<p><strong>\u00c1prilis 27-\u00e9n, <\/strong>szombaton,<\/p>\n<p><strong>Heidenheimban <\/strong>15.30 \u00f3rakor <em>szentmise. <\/em>Ut\u00e1na <em>\u00e1g\u00e1p\u00e9.<\/em><\/p>\n<p><strong>Reutlingenben <\/strong>16.30 \u00f3rakor <em>igeistentisztelet. <\/em>Ut\u00e1na <em>\u00e1g\u00e1p\u00e9.<\/em><\/p>\n<p style=\"text-align: center;\">*<\/p>\n<p><strong>\u00c1prilis 28-\u00e9n, <\/strong>H\u00fasv\u00e9t 2. vas\u00e1rnapj\u00e1n,<\/p>\n<p><strong>Biberachban<\/strong> 8.45 \u00f3rakor <em>szentmise<\/em>, ut\u00e1na <em>\u00e1g\u00e1p\u00e9<\/em>.<\/p>\n<p><strong>Ulmban<\/strong> a szok\u00e1sosan 12.00 \u00f3rakor kezd\u0151d\u0151 <em>szentmise <\/em>ELMARAD!<\/p>\n<p><strong>Eislingenben<\/strong> 15.00 \u00f3rakor <em>szentmise<\/em>, ut\u00e1na <em>\u00e1g\u00e1p\u00e9<\/em>.<\/p>\n<p style=\"text-align: center;\">*<\/p>\n<p>Minden helyen mindenkit szeretettel v\u00e1r a k\u00f6z\u00f6ss\u00e9g Imre atya \u00e9s Tibor atya!<\/p>\n<p><em>\u00a0<\/em><\/p>\n<h2><em>\u201eA kereszt az egyik oldala annak, aminek a m\u00e1sik oldal\u00e1t felt\u00e1mad\u00e1snak h\u00edvjuk.\u201d<\/em> (Ismeretlen)<\/h2>\n<p><strong><em>Kegyelemteljes H\u00fasv\u00e9tot k\u00edv\u00e1nunk minden Kedves H\u00edv\u00fcnknek!<\/em><\/strong><\/p>\n<p>&nbsp;<\/p>\n","protected":false},"excerpt":{"rendered":"<p>Programel\u0151zetes \u00c1prilis 18., Nagycs\u00fct\u00f6rt\u00f6k\u00f6n, Stuttgartban 19.00 \u00f3rakor szentmise az Utols\u00f3 Vacsora eml\u00e9k\u00e9re. Weingartenben 19.00 \u00f3rakor a 14 Nothelfer Kapelle-ben szentmise az Utols\u00f3 Vacsora eml\u00e9k\u00e9re. * \u00c1prilis 19., Nagyp\u00e9nteken, Weingartenben 15.00 \u00f3rakor passi\u00f3, csonkamise, nagyp\u00e9nteki szertart\u00e1s. Stuttgartban 18.00 \u00f3rakor passi\u00f3, csonkamise, nagyp\u00e9nteki szertart\u00e1s. * \u00c1prilis 20., Nagyszombaton, Stuttgartban 20.00 \u00f3rakor H\u00fasv\u00e9ti vig\u00edlia, felt\u00e1mad\u00e1si szertart\u00e1s, ut\u00e1na \u00e9telszentel\u00e9s. Weingartenben 20.00 \u00f3rakor H\u00fasv\u00e9ti vig\u00edlia, felt\u00e1mad\u00e1si szertart\u00e1s, ut\u00e1na \u00e9telszentel\u00e9s. * \u00c1prilis 21., H\u00fasv\u00e9tvas\u00e1rnap, B\u00f6blingenben 9.30 \u00f3rakor \u00fcnnep\u00e9lyes nagymise, ut\u00e1na \u00e9telszentel\u00e9s. Weingartenben 10.00 \u00f3rakor \u00fcnnep\u00e9lyes nagymise, ut\u00e1na \u00e9telszentel\u00e9s. Stuttgartban 12.00 \u00f3rakor \u00fcnnep\u00e9lyes nagymise, ut\u00e1na \u00e9telszentel\u00e9s. Ulmban 15.00 \u00f3rakor \u00fcnnep\u00e9lyes nagymise, ut\u00e1na \u00e9telszentel\u00e9s. Heilbronnban 15.30 \u00f3rakor \u00fcnnep\u00e9lyes nagymise, templomb\u00facs\u00fa, ut\u00e1na \u00e9telszentel\u00e9s. * \u00c1prilis 22., H\u00fasv\u00e9th\u00e9tf\u0151n, Stuttgartban 9.30 \u00f3rakor szentmise, ut\u00e1na locsolkod\u00e1s. Weingartenben 10.00 \u00f3rakor szentmise. * \u00c1prilis 25-\u00e9n, cs\u00fct\u00f6rt\u00f6k\u00f6n, Ulmi d\u00e9lut\u00e1n, 18.30 \u00f3rakor szentmise, ut\u00e1na besz\u00e9lget\u00e9sek a Katekizmusr\u00f3l. * \u00c1prilis 26-\u00e1n, p\u00e9nteken,\u00a0Weingarteni d\u00e9lut\u00e1n, 18.30 \u00f3rakor szentmise a 14 Nothelfer Kapelle-ben, ut\u00e1na besz\u00e9lget\u00e9sek a Katekizmusr\u00f3l. * \u00c1prilis 27-\u00e9n, szombaton, Heidenheimban 15.30 \u00f3rakor szentmise. Ut\u00e1na \u00e1g\u00e1p\u00e9. Reutlingenben 16.30 \u00f3rakor igeistentisztelet. Ut\u00e1na \u00e1g\u00e1p\u00e9. * \u00c1prilis 28-\u00e9n, H\u00fasv\u00e9t 2. vas\u00e1rnapj\u00e1n, Biberachban 8.45 \u00f3rakor szentmise, ut\u00e1na \u00e1g\u00e1p\u00e9. Ulmban a szok\u00e1sosan 12.00 \u00f3rakor kezd\u0151d\u0151 szentmise ELMARAD! Eislingenben 15.00 \u00f3rakor szentmise, ut\u00e1na \u00e1g\u00e1p\u00e9. * Minden helyen mindenkit szeretettel v\u00e1r a k\u00f6z\u00f6ss\u00e9g Imre atya \u00e9s Tibor atya! \u00a0 \u201eA kereszt az egyik oldala annak, aminek a m\u00e1sik oldal\u00e1t felt\u00e1mad\u00e1snak h\u00edvjuk.\u201d (Ismeretlen) Kegyelemteljes H\u00fasv\u00e9tot k\u00edv\u00e1nunk minden Kedves H\u00edv\u00fcnknek! &nbsp;<\/p>\n","protected":false},"author":3,"featured_media":0,"comment_status":"closed","ping_status":"closed","sticky":false,"template":"","format":"standard","meta":{"footnotes":""},"categories":[37],"tags":[],"class_list":["post-16621","post","type-post","status-publish","format-standard","hentry","category-progamelozetes"],"yoast_head":"<!-- This site is optimized with the Yoast SEO plugin v27.3 - https:\/\/yoast.com\/product\/yoast-seo-wordpress\/ -->\n<title>H\u00fasv\u00e9ti programel\u0151zetes - Stuttgarti Katolikusok<\/title>\n<meta name=\"robots\" content=\"index, follow, max-snippet:-1, max-image-preview:large, max-video-preview:-1\" \/>\n<link rel=\"canonical\" href=\"https:\/\/stuttgarti-katolikusok.de\/index.php\/husveti-programelozetes\/\" \/>\n<meta property=\"og:locale\" content=\"hu_HU\" \/>\n<meta property=\"og:type\" content=\"article\" \/>\n<meta property=\"og:title\" content=\"H\u00fasv\u00e9ti programel\u0151zetes - Stuttgarti Katolikusok\" \/>\n<meta property=\"og:description\" content=\"Programel\u0151zetes \u00c1prilis 18., Nagycs\u00fct\u00f6rt\u00f6k\u00f6n, Stuttgartban 19.00 \u00f3rakor szentmise az Utols\u00f3 Vacsora eml\u00e9k\u00e9re. Weingartenben 19.00 \u00f3rakor a 14 Nothelfer Kapelle-ben szentmise az Utols\u00f3 Vacsora eml\u00e9k\u00e9re. * \u00c1prilis 19., Nagyp\u00e9nteken, Weingartenben 15.00 \u00f3rakor passi\u00f3, csonkamise, nagyp\u00e9nteki szertart\u00e1s. Stuttgartban 18.00 \u00f3rakor passi\u00f3, csonkamise, nagyp\u00e9nteki szertart\u00e1s. * \u00c1prilis 20., Nagyszombaton, Stuttgartban 20.00 \u00f3rakor H\u00fasv\u00e9ti vig\u00edlia, felt\u00e1mad\u00e1si szertart\u00e1s, ut\u00e1na \u00e9telszentel\u00e9s. Weingartenben 20.00 \u00f3rakor H\u00fasv\u00e9ti vig\u00edlia, felt\u00e1mad\u00e1si szertart\u00e1s, ut\u00e1na \u00e9telszentel\u00e9s. * \u00c1prilis 21., H\u00fasv\u00e9tvas\u00e1rnap, B\u00f6blingenben 9.30 \u00f3rakor \u00fcnnep\u00e9lyes nagymise, ut\u00e1na \u00e9telszentel\u00e9s. Weingartenben 10.00 \u00f3rakor \u00fcnnep\u00e9lyes nagymise, ut\u00e1na \u00e9telszentel\u00e9s. Stuttgartban 12.00 \u00f3rakor \u00fcnnep\u00e9lyes nagymise, ut\u00e1na \u00e9telszentel\u00e9s. Ulmban 15.00 \u00f3rakor \u00fcnnep\u00e9lyes nagymise, ut\u00e1na \u00e9telszentel\u00e9s. Heilbronnban 15.30 \u00f3rakor \u00fcnnep\u00e9lyes nagymise, templomb\u00facs\u00fa, ut\u00e1na \u00e9telszentel\u00e9s. * \u00c1prilis 22., H\u00fasv\u00e9th\u00e9tf\u0151n, Stuttgartban 9.30 \u00f3rakor szentmise, ut\u00e1na locsolkod\u00e1s. Weingartenben 10.00 \u00f3rakor szentmise. * \u00c1prilis 25-\u00e9n, cs\u00fct\u00f6rt\u00f6k\u00f6n, Ulmi d\u00e9lut\u00e1n, 18.30 \u00f3rakor szentmise, ut\u00e1na besz\u00e9lget\u00e9sek a Katekizmusr\u00f3l. * \u00c1prilis 26-\u00e1n, p\u00e9nteken,\u00a0Weingarteni d\u00e9lut\u00e1n, 18.30 \u00f3rakor szentmise a 14 Nothelfer Kapelle-ben, ut\u00e1na besz\u00e9lget\u00e9sek a Katekizmusr\u00f3l. * \u00c1prilis 27-\u00e9n, szombaton, Heidenheimban 15.30 \u00f3rakor szentmise. Ut\u00e1na \u00e1g\u00e1p\u00e9. Reutlingenben 16.30 \u00f3rakor igeistentisztelet. Ut\u00e1na \u00e1g\u00e1p\u00e9. * \u00c1prilis 28-\u00e9n, H\u00fasv\u00e9t 2. vas\u00e1rnapj\u00e1n, Biberachban 8.45 \u00f3rakor szentmise, ut\u00e1na \u00e1g\u00e1p\u00e9. Ulmban a szok\u00e1sosan 12.00 \u00f3rakor kezd\u0151d\u0151 szentmise ELMARAD! Eislingenben 15.00 \u00f3rakor szentmise, ut\u00e1na \u00e1g\u00e1p\u00e9. * Minden helyen mindenkit szeretettel v\u00e1r a k\u00f6z\u00f6ss\u00e9g Imre atya \u00e9s Tibor atya! \u00a0 \u201eA kereszt az egyik oldala annak, aminek a m\u00e1sik oldal\u00e1t felt\u00e1mad\u00e1snak h\u00edvjuk.\u201d (Ismeretlen) Kegyelemteljes H\u00fasv\u00e9tot k\u00edv\u00e1nunk minden Kedves H\u00edv\u00fcnknek! &nbsp;\" \/>\n<meta property=\"og:url\" content=\"https:\/\/stuttgarti-katolikusok.de\/index.php\/husveti-programelozetes\/\" \/>\n<meta property=\"og:site_name\" content=\"Stuttgarti Katolikusok\" \/>\n<meta property=\"article:published_time\" content=\"2019-04-15T10:55:55+00:00\" \/>\n<meta property=\"article:modified_time\" content=\"2020-04-27T15:55:54+00:00\" \/>\n<meta name=\"author\" content=\"Tibor atya\" \/>\n<meta name=\"twitter:card\" content=\"summary_large_image\" \/>\n<meta name=\"twitter:label1\" content=\"Szerz\u0151:\" \/>\n\t<meta name=\"twitter:data1\" content=\"Tibor atya\" \/>\n\t<meta name=\"twitter:label2\" content=\"Becs\u00fclt olvas\u00e1si id\u0151\" \/>\n\t<meta name=\"twitter:data2\" content=\"1 perc\" \/>\n<script type=\"application\/ld+json\" class=\"yoast-schema-graph\">{\"@context\":\"https:\\\/\\\/schema.org\",\"@graph\":[{\"@type\":\"Article\",\"@id\":\"https:\\\/\\\/stuttgarti-katolikusok.de\\\/index.php\\\/husveti-programelozetes\\\/#article\",\"isPartOf\":{\"@id\":\"https:\\\/\\\/stuttgarti-katolikusok.de\\\/index.php\\\/husveti-programelozetes\\\/\"},\"author\":{\"name\":\"Tibor atya\",\"@id\":\"https:\\\/\\\/stuttgarti-katolikusok.de\\\/#\\\/schema\\\/person\\\/75908d6f8fdc03a57889d27209df7795\"},\"headline\":\"H\u00fasv\u00e9ti programel\u0151zetes\",\"datePublished\":\"2019-04-15T10:55:55+00:00\",\"dateModified\":\"2020-04-27T15:55:54+00:00\",\"mainEntityOfPage\":{\"@id\":\"https:\\\/\\\/stuttgarti-katolikusok.de\\\/index.php\\\/husveti-programelozetes\\\/\"},\"wordCount\":297,\"articleSection\":[\"Progamel\u0151zetes\"],\"inLanguage\":\"hu\"},{\"@type\":\"WebPage\",\"@id\":\"https:\\\/\\\/stuttgarti-katolikusok.de\\\/index.php\\\/husveti-programelozetes\\\/\",\"url\":\"https:\\\/\\\/stuttgarti-katolikusok.de\\\/index.php\\\/husveti-programelozetes\\\/\",\"name\":\"H\u00fasv\u00e9ti programel\u0151zetes - Stuttgarti Katolikusok\",\"isPartOf\":{\"@id\":\"https:\\\/\\\/stuttgarti-katolikusok.de\\\/#website\"},\"datePublished\":\"2019-04-15T10:55:55+00:00\",\"dateModified\":\"2020-04-27T15:55:54+00:00\",\"author\":{\"@id\":\"https:\\\/\\\/stuttgarti-katolikusok.de\\\/#\\\/schema\\\/person\\\/75908d6f8fdc03a57889d27209df7795\"},\"breadcrumb\":{\"@id\":\"https:\\\/\\\/stuttgarti-katolikusok.de\\\/index.php\\\/husveti-programelozetes\\\/#breadcrumb\"},\"inLanguage\":\"hu\",\"potentialAction\":[{\"@type\":\"ReadAction\",\"target\":[\"https:\\\/\\\/stuttgarti-katolikusok.de\\\/index.php\\\/husveti-programelozetes\\\/\"]}]},{\"@type\":\"BreadcrumbList\",\"@id\":\"https:\\\/\\\/stuttgarti-katolikusok.de\\\/index.php\\\/husveti-programelozetes\\\/#breadcrumb\",\"itemListElement\":[{\"@type\":\"ListItem\",\"position\":1,\"name\":\"Kezd\u0151lap\",\"item\":\"https:\\\/\\\/stuttgarti-katolikusok.de\\\/\"},{\"@type\":\"ListItem\",\"position\":2,\"name\":\"H\u00fasv\u00e9ti programel\u0151zetes\"}]},{\"@type\":\"WebSite\",\"@id\":\"https:\\\/\\\/stuttgarti-katolikusok.de\\\/#website\",\"url\":\"https:\\\/\\\/stuttgarti-katolikusok.de\\\/\",\"name\":\"Stuttgarti Katolikusok\",\"description\":\"\",\"potentialAction\":[{\"@type\":\"SearchAction\",\"target\":{\"@type\":\"EntryPoint\",\"urlTemplate\":\"https:\\\/\\\/stuttgarti-katolikusok.de\\\/?s={search_term_string}\"},\"query-input\":{\"@type\":\"PropertyValueSpecification\",\"valueRequired\":true,\"valueName\":\"search_term_string\"}}],\"inLanguage\":\"hu\"},{\"@type\":\"Person\",\"@id\":\"https:\\\/\\\/stuttgarti-katolikusok.de\\\/#\\\/schema\\\/person\\\/75908d6f8fdc03a57889d27209df7795\",\"name\":\"Tibor atya\",\"image\":{\"@type\":\"ImageObject\",\"inLanguage\":\"hu\",\"@id\":\"https:\\\/\\\/secure.gravatar.com\\\/avatar\\\/61d268e57d1f4525b111222e29d2d5a7f8c420fdbf231ba5566a8ceac74fa960?s=96&d=mm&r=g\",\"url\":\"https:\\\/\\\/secure.gravatar.com\\\/avatar\\\/61d268e57d1f4525b111222e29d2d5a7f8c420fdbf231ba5566a8ceac74fa960?s=96&d=mm&r=g\",\"contentUrl\":\"https:\\\/\\\/secure.gravatar.com\\\/avatar\\\/61d268e57d1f4525b111222e29d2d5a7f8c420fdbf231ba5566a8ceac74fa960?s=96&d=mm&r=g\",\"caption\":\"Tibor atya\"},\"url\":\"https:\\\/\\\/stuttgarti-katolikusok.de\\\/index.php\\\/author\\\/tibor-atya\\\/\"}]}<\/script>\n<!-- \/ Yoast SEO plugin. -->","yoast_head_json":{"title":"H\u00fasv\u00e9ti programel\u0151zetes - Stuttgarti Katolikusok","robots":{"index":"index","follow":"follow","max-snippet":"max-snippet:-1","max-image-preview":"max-image-preview:large","max-video-preview":"max-video-preview:-1"},"canonical":"https:\/\/stuttgarti-katolikusok.de\/index.php\/husveti-programelozetes\/","og_locale":"hu_HU","og_type":"article","og_title":"H\u00fasv\u00e9ti programel\u0151zetes - Stuttgarti Katolikusok","og_description":"Programel\u0151zetes \u00c1prilis 18., Nagycs\u00fct\u00f6rt\u00f6k\u00f6n, Stuttgartban 19.00 \u00f3rakor szentmise az Utols\u00f3 Vacsora eml\u00e9k\u00e9re. Weingartenben 19.00 \u00f3rakor a 14 Nothelfer Kapelle-ben szentmise az Utols\u00f3 Vacsora eml\u00e9k\u00e9re. * \u00c1prilis 19., Nagyp\u00e9nteken, Weingartenben 15.00 \u00f3rakor passi\u00f3, csonkamise, nagyp\u00e9nteki szertart\u00e1s. Stuttgartban 18.00 \u00f3rakor passi\u00f3, csonkamise, nagyp\u00e9nteki szertart\u00e1s. * \u00c1prilis 20., Nagyszombaton, Stuttgartban 20.00 \u00f3rakor H\u00fasv\u00e9ti vig\u00edlia, felt\u00e1mad\u00e1si szertart\u00e1s, ut\u00e1na \u00e9telszentel\u00e9s. Weingartenben 20.00 \u00f3rakor H\u00fasv\u00e9ti vig\u00edlia, felt\u00e1mad\u00e1si szertart\u00e1s, ut\u00e1na \u00e9telszentel\u00e9s. * \u00c1prilis 21., H\u00fasv\u00e9tvas\u00e1rnap, B\u00f6blingenben 9.30 \u00f3rakor \u00fcnnep\u00e9lyes nagymise, ut\u00e1na \u00e9telszentel\u00e9s. Weingartenben 10.00 \u00f3rakor \u00fcnnep\u00e9lyes nagymise, ut\u00e1na \u00e9telszentel\u00e9s. Stuttgartban 12.00 \u00f3rakor \u00fcnnep\u00e9lyes nagymise, ut\u00e1na \u00e9telszentel\u00e9s. Ulmban 15.00 \u00f3rakor \u00fcnnep\u00e9lyes nagymise, ut\u00e1na \u00e9telszentel\u00e9s. Heilbronnban 15.30 \u00f3rakor \u00fcnnep\u00e9lyes nagymise, templomb\u00facs\u00fa, ut\u00e1na \u00e9telszentel\u00e9s. * \u00c1prilis 22., H\u00fasv\u00e9th\u00e9tf\u0151n, Stuttgartban 9.30 \u00f3rakor szentmise, ut\u00e1na locsolkod\u00e1s. Weingartenben 10.00 \u00f3rakor szentmise. * \u00c1prilis 25-\u00e9n, cs\u00fct\u00f6rt\u00f6k\u00f6n, Ulmi d\u00e9lut\u00e1n, 18.30 \u00f3rakor szentmise, ut\u00e1na besz\u00e9lget\u00e9sek a Katekizmusr\u00f3l. * \u00c1prilis 26-\u00e1n, p\u00e9nteken,\u00a0Weingarteni d\u00e9lut\u00e1n, 18.30 \u00f3rakor szentmise a 14 Nothelfer Kapelle-ben, ut\u00e1na besz\u00e9lget\u00e9sek a Katekizmusr\u00f3l. * \u00c1prilis 27-\u00e9n, szombaton, Heidenheimban 15.30 \u00f3rakor szentmise. Ut\u00e1na \u00e1g\u00e1p\u00e9. Reutlingenben 16.30 \u00f3rakor igeistentisztelet. Ut\u00e1na \u00e1g\u00e1p\u00e9. * \u00c1prilis 28-\u00e9n, H\u00fasv\u00e9t 2. vas\u00e1rnapj\u00e1n, Biberachban 8.45 \u00f3rakor szentmise, ut\u00e1na \u00e1g\u00e1p\u00e9. Ulmban a szok\u00e1sosan 12.00 \u00f3rakor kezd\u0151d\u0151 szentmise ELMARAD! Eislingenben 15.00 \u00f3rakor szentmise, ut\u00e1na \u00e1g\u00e1p\u00e9. * Minden helyen mindenkit szeretettel v\u00e1r a k\u00f6z\u00f6ss\u00e9g Imre atya \u00e9s Tibor atya! \u00a0 \u201eA kereszt az egyik oldala annak, aminek a m\u00e1sik oldal\u00e1t felt\u00e1mad\u00e1snak h\u00edvjuk.\u201d (Ismeretlen) Kegyelemteljes H\u00fasv\u00e9tot k\u00edv\u00e1nunk minden Kedves H\u00edv\u00fcnknek! &nbsp;","og_url":"https:\/\/stuttgarti-katolikusok.de\/index.php\/husveti-programelozetes\/","og_site_name":"Stuttgarti Katolikusok","article_published_time":"2019-04-15T10:55:55+00:00","article_modified_time":"2020-04-27T15:55:54+00:00","author":"Tibor atya","twitter_card":"summary_large_image","twitter_misc":{"Szerz\u0151:":"Tibor atya","Becs\u00fclt olvas\u00e1si id\u0151":"1 perc"},"schema":{"@context":"https:\/\/schema.org","@graph":[{"@type":"Article","@id":"https:\/\/stuttgarti-katolikusok.de\/index.php\/husveti-programelozetes\/#article","isPartOf":{"@id":"https:\/\/stuttgarti-katolikusok.de\/index.php\/husveti-programelozetes\/"},"author":{"name":"Tibor atya","@id":"https:\/\/stuttgarti-katolikusok.de\/#\/schema\/person\/75908d6f8fdc03a57889d27209df7795"},"headline":"H\u00fasv\u00e9ti programel\u0151zetes","datePublished":"2019-04-15T10:55:55+00:00","dateModified":"2020-04-27T15:55:54+00:00","mainEntityOfPage":{"@id":"https:\/\/stuttgarti-katolikusok.de\/index.php\/husveti-programelozetes\/"},"wordCount":297,"articleSection":["Progamel\u0151zetes"],"inLanguage":"hu"},{"@type":"WebPage","@id":"https:\/\/stuttgarti-katolikusok.de\/index.php\/husveti-programelozetes\/","url":"https:\/\/stuttgarti-katolikusok.de\/index.php\/husveti-programelozetes\/","name":"H\u00fasv\u00e9ti programel\u0151zetes - Stuttgarti Katolikusok","isPartOf":{"@id":"https:\/\/stuttgarti-katolikusok.de\/#website"},"datePublished":"2019-04-15T10:55:55+00:00","dateModified":"2020-04-27T15:55:54+00:00","author":{"@id":"https:\/\/stuttgarti-katolikusok.de\/#\/schema\/person\/75908d6f8fdc03a57889d27209df7795"},"breadcrumb":{"@id":"https:\/\/stuttgarti-katolikusok.de\/index.php\/husveti-programelozetes\/#breadcrumb"},"inLanguage":"hu","potentialAction":[{"@type":"ReadAction","target":["https:\/\/stuttgarti-katolikusok.de\/index.php\/husveti-programelozetes\/"]}]},{"@type":"BreadcrumbList","@id":"https:\/\/stuttgarti-katolikusok.de\/index.php\/husveti-programelozetes\/#breadcrumb","itemListElement":[{"@type":"ListItem","position":1,"name":"Kezd\u0151lap","item":"https:\/\/stuttgarti-katolikusok.de\/"},{"@type":"ListItem","position":2,"name":"H\u00fasv\u00e9ti programel\u0151zetes"}]},{"@type":"WebSite","@id":"https:\/\/stuttgarti-katolikusok.de\/#website","url":"https:\/\/stuttgarti-katolikusok.de\/","name":"Stuttgarti Katolikusok","description":"","potentialAction":[{"@type":"SearchAction","target":{"@type":"EntryPoint","urlTemplate":"https:\/\/stuttgarti-katolikusok.de\/?s={search_term_string}"},"query-input":{"@type":"PropertyValueSpecification","valueRequired":true,"valueName":"search_term_string"}}],"inLanguage":"hu"},{"@type":"Person","@id":"https:\/\/stuttgarti-katolikusok.de\/#\/schema\/person\/75908d6f8fdc03a57889d27209df7795","name":"Tibor atya","image":{"@type":"ImageObject","inLanguage":"hu","@id":"https:\/\/secure.gravatar.com\/avatar\/61d268e57d1f4525b111222e29d2d5a7f8c420fdbf231ba5566a8ceac74fa960?s=96&d=mm&r=g","url":"https:\/\/secure.gravatar.com\/avatar\/61d268e57d1f4525b111222e29d2d5a7f8c420fdbf231ba5566a8ceac74fa960?s=96&d=mm&r=g","contentUrl":"https:\/\/secure.gravatar.com\/avatar\/61d268e57d1f4525b111222e29d2d5a7f8c420fdbf231ba5566a8ceac74fa960?s=96&d=mm&r=g","caption":"Tibor atya"},"url":"https:\/\/stuttgarti-katolikusok.de\/index.php\/author\/tibor-atya\/"}]}},"_links":{"self":[{"href":"https:\/\/stuttgarti-katolikusok.de\/index.php\/wp-json\/wp\/v2\/posts\/16621","targetHints":{"allow":["GET"]}}],"collection":[{"href":"https:\/\/stuttgarti-katolikusok.de\/index.php\/wp-json\/wp\/v2\/posts"}],"about":[{"href":"https:\/\/stuttgarti-katolikusok.de\/index.php\/wp-json\/wp\/v2\/types\/post"}],"author":[{"embeddable":true,"href":"https:\/\/stuttgarti-katolikusok.de\/index.php\/wp-json\/wp\/v2\/users\/3"}],"replies":[{"embeddable":true,"href":"https:\/\/stuttgarti-katolikusok.de\/index.php\/wp-json\/wp\/v2\/comments?post=16621"}],"version-history":[{"count":3,"href":"https:\/\/stuttgarti-katolikusok.de\/index.php\/wp-json\/wp\/v2\/posts\/16621\/revisions"}],"predecessor-version":[{"id":16685,"href":"https:\/\/stuttgarti-katolikusok.de\/index.php\/wp-json\/wp\/v2\/posts\/16621\/revisions\/16685"}],"wp:attachment":[{"href":"https:\/\/stuttgarti-katolikusok.de\/index.php\/wp-json\/wp\/v2\/media?parent=16621"}],"wp:term":[{"taxonomy":"category","embeddable":true,"href":"https:\/\/stuttgarti-katolikusok.de\/index.php\/wp-json\/wp\/v2\/categories?post=16621"},{"taxonomy":"post_tag","embeddable":true,"href":"https:\/\/stuttgarti-katolikusok.de\/index.php\/wp-json\/wp\/v2\/tags?post=16621"}],"curies":[{"name":"wp","href":"https:\/\/api.w.org\/{rel}","templated":true}]}}