{"id":16608,"date":"2019-04-10T14:40:36","date_gmt":"2019-04-10T14:40:36","guid":{"rendered":"https:\/\/gracious-dewdney.138-201-221-2.plesk.page\/?p=16608"},"modified":"2019-04-14T19:21:35","modified_gmt":"2019-04-14T19:21:35","slug":"viragvasarnap","status":"publish","type":"post","link":"https:\/\/stuttgarti-katolikusok.de\/index.php\/viragvasarnap\/","title":{"rendered":"Vir\u00e1gvas\u00e1rnap"},"content":{"rendered":"<p><strong>2019. \u00c1PRILIS 14.<\/strong><\/p>\n<p><strong>VIR\u00c1GVAS\u00c1RNAP:<\/strong><\/p>\n<p><strong>AZ \u00daR SZENVED\u00c9S\u00c9NEK VAS\u00c1RNAPJA<\/strong><\/p>\n<p>Vir\u00e1gvas\u00e1rnap \u00fcnnepli az Egyh\u00e1z Krisztus Urunk jeruzs\u00e1lemi bevonul\u00e1s\u00e1t a h\u00fasv\u00e9ti miszt\u00e9rium beteljes\u00edt\u00e9s\u00e9re. Az \u00fcnnepnek kett\u0151s jellege van: egyr\u00e9szt a gy\u0151zelem \u00e9s a megdics\u0151\u00fcl\u00e9s napja, amelynek jele a gy\u0151zelmi p\u00e1lma vagy barka, m\u00e1sr\u00e9szt a szenved\u00e9s \u00e9s a hal\u00e1l \u00fcnnepl\u00e9se is ez a nap, amelynek jele a mis\u00e9ben szerepl\u0151 passi\u00f3, vagy szenved\u00e9st\u00f6rt\u00e9net.<\/p>\n<p><strong>URUNK JERUZS\u00c1LEMBE VAL\u00d3 BEVONUL\u00c1S\u00c1NAK EML\u00c9KEZETE<\/strong><\/p>\n<p>Megv\u00e1lt\u00f3 Kir\u00e1lyunk el\u00e9be megy\u00fcnk&#8230; (SZVU 77. \u00e9nek)<\/p>\n<p><em>Vagy:<\/em><\/p>\n<p>Hozsanna D\u00e1vid Fi\u00e1nak&#8230; (\u00c9nekl\u0151 Egyh\u00e1z 802. \u00e9nek)<\/p>\n<p><strong>\u00dcdv\u00f6zl\u00e9s \u2013 K\u00f6ny\u00f6rg\u00e9s<\/strong><\/p>\n<p><strong>Evang\u00e9lium * Lk 19, 28\u201340<\/strong><\/p>\n<p>J\u00e9zus jeruzs\u00e1lemi bevonul\u00e1sa val\u00f3s\u00e1gos diadalmenet. \u0150 azonban tudja, hogy a n\u00e9p lelkesed\u00e9se m\u00e9g nem igazi hit, hanem f\u00f6ldies v\u00e1rakoz\u00e1s. Ez\u00e9rt is t\u00f6rt\u00e9nik, hogy ugyanaz a hozsann\u00e1z\u00f3 n\u00e9p hamarosan ellene fordul, \u00e9s megtagadja \u0151t.<\/p>\n<p><strong>K\u00d6RMENET<\/strong><\/p>\n<ol>\n<li><em> antif\u00f3na<\/em><\/li>\n<\/ol>\n<p>A v\u00e1lasztott n\u00e9p gyermekei, kez\u00fckben p\u00e1lma\u00e1gakkal kivonultak az \u00dar el\u00e9, hangosan ki\u00e1ltva: Hozsanna! Dics\u0151s\u00e9g a vil\u00e1g Ur\u00e1nak!<\/p>\n<ol start=\"2\">\n<li><em> antif\u00f3na<\/em><\/li>\n<\/ol>\n<p>A v\u00e1lasztott n\u00e9p gyermekei ruh\u00e1ikat J\u00e9zus el\u00e9be ter\u00edtik, \u00e9s cseng\u0151 hangon ki\u00e1ltj\u00e1k: \u201eHozsanna, D\u00e1vid fi\u00e1nak! \u00c1ldott, aki az \u00dar nev\u00e9ben \u00e9rkezik.\u201d<\/p>\n<p><strong>\u00dcNNEPI SZENTMISE<\/strong><\/p>\n<p>Az Egyh\u00e1z \u00e9vr\u0151l \u00e9vre e napokban \u00fcli meg Krisztus h\u00fasv\u00e9ti titk\u00e1nak kimagasl\u00f3 \u00fcnnep\u00e9t. M\u00e9lys\u00e9ges komolys\u00e1ggal \u00e9s szent megillet\u0151d\u00e9ssel l\u00e9pj\u00fcnk a Nagyh\u00e9t \u00fcnnepl\u00e9s\u00e9be. Az \u00dar bevonul Jeruzs\u00e1lembe, s mi \u00fcnnep\u00e9lyesen elk\u00eds\u00e9rj\u00fck \u0151t azon az \u00faton, a szenved\u00e9s \u00fatj\u00e1n. Szent sz\u00ednj\u00e1t\u00e9k j\u00e1tsz\u00f3dik le el\u0151tt\u00fcnk, amelynek azonban nem csak n\u00e9z\u0151i, hanem szerepl\u0151i is vagyunk.<\/p>\n<p><strong>OLVASM\u00c1NY <\/strong>\u00a0\u00a0\u00a0\u00a0\u00a0\u00a0\u00a0\u00a0\u00a0\u00a0\u00a0\u00a0\u00a0\u00a0\u00a0\u00a0\u00a0\u00a0\u00a0\u00a0\u00a0\u00a0\u00a0\u00a0\u00a0\u00a0\u00a0\u00a0\u00a0\u00a0\u00a0\u00a0\u00a0\u00a0\u00a0\u00a0\u00a0\u00a0\u00a0\u00a0\u00a0\u00a0\u00a0\u00a0\u00a0\u00a0\u00a0\u00a0\u00a0\u00a0\u00a0\u00a0\u00a0\u00a0\u00a0\u00a0\u00a0\u00a0\u00a0<em>Iz 50, 4\u20137<\/em><\/p>\n<p>Jahve szolg\u00e1ja, akir\u0151l a pr\u00f3f\u00e9ta besz\u00e9l, a Messi\u00e1s el\u0151k\u00e9pe. Isten az\u00e9rt k\u00fcldte \u0151t, hogy engesztel\u0151 \u00e1ldozat legyen a n\u00e9p b\u0171nei\u00e9rt. Eg\u00e9sz magatart\u00e1s\u00e1b\u00f3l ez a k\u00fcldet\u00e9studat sug\u00e1rzik. V\u00e1llal minden g\u00fanyt \u00e9s megal\u00e1ztat\u00e1st, mert b\u00edzik a mennyei Atya seg\u00edts\u00e9g\u00e9ben.<\/p>\n<p><strong>V\u00c1LASZOS ZSOLT\u00c1R<\/strong> \u00a0\u00a0\u00a0\u00a0\u00a0\u00a0\u00a0\u00a0\u00a0\u00a0\u00a0\u00a0\u00a0\u00a0\u00a0\u00a0\u00a0\u00a0\u00a0\u00a0\u00a0\u00a0\u00a0\u00a0\u00a0<em>\u00a0\u00a0\u00a0\u00a0\u00a0\u00a0\u00a0\u00a0\u00a0\u00a0\u00a0\u00a021. Zsolt\u00e1r <\/em><\/p>\n<p><strong>V\u00e1lasz: Istenem, <u>I<\/u>stenem, *\u00a0 mi\u00e9rt hagyt\u00e1l <u>e<\/u>l engem?<\/strong><\/p>\n<p><strong>SZENTLECKE<\/strong>\u00a0\u00a0 \u00a0\u00a0\u00a0\u00a0\u00a0\u00a0\u00a0\u00a0\u00a0\u00a0\u00a0\u00a0\u00a0\u00a0\u00a0\u00a0\u00a0\u00a0\u00a0\u00a0\u00a0\u00a0\u00a0\u00a0\u00a0\u00a0\u00a0\u00a0\u00a0\u00a0\u00a0\u00a0\u00a0\u00a0\u00a0\u00a0\u00a0\u00a0\u00a0\u00a0\u00a0\u00a0\u00a0\u00a0\u00a0\u00a0\u00a0\u00a0\u00a0\u00a0<em>Fil 2,6\u201311<\/em><\/p>\n<p>J\u00e9zus Krisztus csak \u00fagy teljes\u00edthette az Aty\u00e1t\u00f3l kapott k\u00fcldet\u00e9st, hogy lemondott az Isten Fi\u00e1nak kij\u00e1r\u00f3 dics\u0151s\u00e9gr\u0151l. Felvette a szolga alakj\u00e1t, vagyis eg\u00e9szen egy lett azokkal, akik\u00e9rt \u00e9s akik helyett fel\u00e1ldozta mag\u00e1t a kereszten.<\/p>\n<p><strong>EVANG\u00c9LIUM EL\u0150TTI VERS<\/strong>\u00a0\u00a0\u00a0\u00a0\u00a0\u00a0\u00a0\u00a0\u00a0\u00a0\u00a0\u00a0\u00a0\u00a0\u00a0\u00a0\u00a0\u00a0\u00a0\u00a0\u00a0\u00a0\u00a0\u00a0\u00a0\u00a0\u00a0\u00a0\u00a0\u00a0\u00a0\u00a0 <em>Fil 2, 8\u20139<\/em><\/p>\n<p>Krisztus engedelmes lett \u00e9rt\u00fcnk mindhal\u00e1lig * m\u00e9gpedig a kereszthal\u00e1lig. Ez\u00e9rt Isten felmagasztalta, \u00e9s olyan nevet adott neki,\u00a0 *\u00a0 amely f\u00f6l\u00f6tte \u00e1ll minden n\u00e9vnek.<\/p>\n<p><strong>EVANG\u00c9LIUM<\/strong>\u00a0\u00a0\u00a0\u00a0\u00a0\u00a0\u00a0\u00a0\u00a0\u00a0\u00a0 \u00a0\u00a0\u00a0\u00a0\u00a0\u00a0\u00a0\u00a0\u00a0\u00a0\u00a0\u00a0\u00a0\u00a0\u00a0\u00a0\u00a0\u00a0\u00a0\u00a0\u00a0\u00a0\u00a0\u00a0\u00a0\u00a0<em>Lk 22, 14 \u2013 23, 56<\/em><\/p>\n<p>A szenved\u00e9st\u00f6rt\u00e9net egyik legmegrend\u00edt\u0151bb \u00e9s legfelemel\u0151bb von\u00e1sa, hogy J\u00e9zus n\u00e9m\u00e1n t\u0171r minden f\u00e1jdalmat. M\u00e9g Kaif\u00e1s, Pil\u00e1tus \u00e9s Her\u00f3des is elgondolkozik ezen. S megcsod\u00e1lhatjuk a szenved\u0151 J\u00e9zus p\u00e9ld\u00e1j\u00e1n az aj\u00e1nd\u00e9koz\u00f3 lelk\u00fclet sz\u00e9ps\u00e9g\u00e9t is. Legnagyobb szenved\u00e9se k\u00f6zben sem mag\u00e1val t\u00f6r\u0151dik, hanem m\u00e1sokkal.<\/p>\n<p><strong>AZ EUCHARISZTI\u00c1HOZ<\/strong><\/p>\n<p>Az Olt\u00e1riszents\u00e9g mindig esz\u00fcnkbe juttatja J\u00e9zus \u00f6n\u00e1tad\u00e1s\u00e1t. Az \u0151 p\u00e9ld\u00e1ja szerint mi is legy\u00fcnk k\u00e9szek \u00e1tadni magunkat Isten \u00e9s embert\u00e1rsaink szolg\u00e1lat\u00e1ra.<\/p>\n<p><strong>\u00c1LDOZ\u00c1SI \u00c9NEK<\/strong>\u00a0\u00a0\u00a0\u00a0\u00a0\u00a0\u00a0\u00a0\u00a0\u00a0\u00a0\u00a0\u00a0\u00a0\u00a0\u00a0\u00a0\u00a0\u00a0\u00a0\u00a0\u00a0\u00a0\u00a0\u00a0\u00a0\u00a0\u00a0 <em>\u00a0\u00a0\u00a0\u00a0\u00a0\u00a0\u00a0\u00a0\u00a0\u00a0\u00a0\u00a0\u00a0\u00a0\u00a0\u00a0\u00a0\u00a0\u00a0\u00a0\u00a0\u00a0Mt 26, 42<\/em><\/p>\n<p>Aty\u00e1m, ha nem ker\u00fclhet el ez a kehely an\u00e9lk\u00fcl, hogy ki ne igyam, legyen akaratod szerint.<\/p>\n<p><strong>ELM\u00c9LKED\u00c9S<\/strong><\/p>\n<p>J\u00e9zus bevonul a szenved\u00e9sbe, hogy megkoron\u00e1zza \u00e9lete m\u0171v\u00e9t. Ez a bevonul\u00e1s a vil\u00e1g legnagyobb dr\u00e1m\u00e1j\u00e1nak a nyit\u00e1nya. A Nagyh\u00e9t esem\u00e9nyeinek eg\u00e9sz\u00e9ben azonban vil\u00e1gos a mondanival\u00f3ja sz\u00e1munkra is. Elvezet Krisztus miszt\u00e9rium\u00e1nak legnagyobb magaslat\u00e1ra, a hal\u00e1l \u00e9s a felt\u00e1mad\u00e1s hegy\u00e9re. Megvil\u00e1g\u00edtja \u00e9let\u00fcnk h\u00fasv\u00e9ti \u00e9rtelm\u00e9t, b\u00e1tor\u00edt\u00e1s j\u00f6vend\u0151 napjainkra.\u00a0\u00a0\u00a0\u00a0\u00a0\u00a0\u00a0\u00a0\u00a0\u00a0\u00a0\u00a0\u00a0\u00a0\u00a0 <em>Csan\u00e1d B\u00e9la<\/em><\/p>\n<p>&nbsp;<\/p>\n<p>NAGYCS\u00dcT\u00d6RT\u00d6K &#8211; \u00c1prilis 18.<\/p>\n<p>Nagycs\u00fct\u00f6rt\u00f6k: az Eucharisztia (Olt\u00e1riszents\u00e9g) \u00e9s a paps\u00e1g (egyh\u00e1zi rend) alap\u00edt\u00e1s\u00e1nak \u00fcnnepe.<\/p>\n<p>Nagycs\u00fct\u00f6rt\u00f6k d\u00e9lel\u0151tt az olajszentel\u00e9si szentmise vezeti be a h\u00edv\u0151ket a szent h\u00e1rom nap \u00fcnnepl\u00e9s\u00e9be. A p\u00fcsp\u00f6ki sz\u00e9kesegyh\u00e1zakban a p\u00fcsp\u00f6k egy\u00fctt mis\u00e9zik az egyh\u00e1zmegye papjaival, akik meg\u00faj\u00edtj\u00e1k a szentel\u00e9skor tett \u00edg\u00e9reteiket. A szentmise alatt ker\u00fcl sor a keresztelend\u0151k (katekumenek) \u00e9s a betegek olaja, valamint a \u2013 kereszts\u00e9g, b\u00e9rm\u00e1l\u00e1s, egyh\u00e1zi rend kiszolg\u00e1ltat\u00e1sakor, illetve templomszentel\u00e9skor haszn\u00e1latos \u2013 krizma megszentel\u00e9s\u00e9re. Nagycs\u00fct\u00f6rt\u00f6k esti liturgi\u00e1j\u00e1ban az Eucharisztia alap\u00edt\u00e1s\u00e1ra eml\u00e9kez\u00fcnk, az utols\u00f3 vacsora felid\u00e9z\u00e9s\u00e9vel, amikor J\u00e9zus maga k\u00f6r\u00e9 gy\u0171jt\u00f6tte tan\u00edtv\u00e1nyait. Nagycs\u00fct\u00f6rt\u00f6k az Egyh\u00e1z leg\u0151sibb \u00fcnnepei k\u00f6z\u00e9 tartozik.<\/p>\n<p>Nagycs\u00fct\u00f6rt\u00f6k esti liturgi\u00e1j\u00e1ban az Eucharisztia alap\u00edt\u00e1s\u00e1ra eml\u00e9kez\u00fcnk, az utols\u00f3 vacsora felid\u00e9z\u00e9s\u00e9vel, amikor J\u00e9zus maga k\u00f6r\u00e9 gy\u0171jt\u00f6tte tan\u00edtv\u00e1nyait. Nagycs\u00fct\u00f6rt\u00f6k az Egyh\u00e1z leg\u0151sibb \u00fcnnepei k\u00f6z\u00e9 tartozik. Az \u0151segyh\u00e1zban ezen a napon fogadt\u00e1k vissza a b\u0171nb\u00e1n\u00f3kat. A nagycs\u00fct\u00f6rt\u00f6ki evang\u00e9liumban halljuk, hogyan mosta meg J\u00e9zus tan\u00edtv\u00e1nyainak l\u00e1b\u00e1t. Ez a cselekedet \u00f6r\u00f6k id\u0151kre sz\u00f3l\u00f3 p\u00e9ldaad\u00e1s, hogyan kell egym\u00e1st al\u00e1zatos sz\u00edvvel szolg\u00e1lni. A szentmise elej\u00e9n a jelk\u00e9pek az utols\u00f3 vacsora \u00f6r\u00f6m\u00e9nek hangulat\u00e1t id\u00e9zik. Ez\u00e9rt van a pap feh\u00e9r miseruh\u00e1ban, ez\u00e9rt sz\u00f3l a mise elej\u00e9n az orgona, ez\u00e9rt van vir\u00e1g az olt\u00e1ron; ez\u00e9rt sz\u00f3lalnak meg Dics\u0151s\u00e9gre minden templomban a harangok, a cseng\u0151k, az orgona. De azut\u00e1n eln\u00e9mulnak nagyszombat estig. A m\u00e9ly gy\u00e1sz jel\u00e9\u00fcl csak a kerepl\u0151k sz\u00f3lnak. A harangok \u201eR\u00f3m\u00e1ba mennek\u201d \u00e9s megjelennek a szomor\u00fas\u00e1g, a f\u00e1jdalom jelei is. Megr\u00e1z\u00f3 ellent\u00e9t, hogy J\u00e9zust azon az est\u00e9n \u00e1rulj\u00e1k el, amelyen szeretet\u00e9nek legnagyobb jeleit adja.<\/p>\n<p>A szentmise ut\u00e1ni olt\u00e1rfoszt\u00e1s, amikor elt\u00e1vol\u00edtanak az olt\u00e1rr\u00f3l minden d\u00edszt m\u00e9g a ter\u00edt\u0151t is, J\u00e9zus elfogat\u00e1s\u00e1ra \u00e9s szenved\u00e9seire eml\u00e9keztet. A szertart\u00e1s v\u00e9g\u00e9n ez a csend is jelzi a J\u00e9zus szenved\u00e9s\u00e9vel egy\u00fctt \u00e9rz\u0151 f\u00e1jdalmat. Az Olt\u00e1riszents\u00e9get ilyenkor a mell\u00e9kolt\u00e1rhoz viszik. Ez J\u00e9zus elfogat\u00e1s\u00e1t, elhurcol\u00e1s\u00e1t jelk\u00e9pezi. A szentmise v\u00e9g\u00e9n nincs \u00e1ld\u00e1s, csendben fejez\u0151dik be. A d\u00edszeit\u0151l megfosztott olt\u00e1r J\u00e9zusra eml\u00e9keztet, akit ma \u00e9jjel elfognak, megfosztanak ruh\u00e1it\u00f3l.<\/p>\n<p>NAGYP\u00c9NTEK &#8211; \u00c1prilis 19.<\/p>\n<p>Urunk k\u00ednszenved\u00e9s\u00e9re \u00e9s kereszthal\u00e1l\u00e1ra, az \u00dajsz\u00f6vets\u00e9g egyetlen \u00e1ldozat\u00e1ra eml\u00e9kez\u00fcnk. A kereszt, amely egykor a sz\u00e9gyen f\u00e1ja volt, Krisztus vil\u00e1got megv\u00e1lt\u00f3 gy\u0151zelm\u00e9nek a jel\u00e9v\u00e9 v\u00e1lt, ez\u00e9rt h\u00f3dolunk el\u0151tte. Feln\u00e9z\u00fcnk a keresztf\u00e1ra \u00e9s \u00e1t\u00e9rezz\u00fck, milyen nagy volt b\u0171neink v\u00e1lts\u00e1gd\u00edja. Ezen a napon nincs szentmise.<\/p>\n<p>A nagyp\u00e9nteki<strong> s<\/strong>zertart\u00e1snak h\u00e1rom r\u00e9sze van: 1. Igeliturgia, 2. H\u00f3dolat a kereszt el\u0151tt, 3. Szent\u00e1ldoz\u00e1s. Ne feledkezz\u00fcnk el arr\u00f3l sem, hogy Nagyp\u00e9ntek szigor\u00fa b\u00f6jti nap!<\/p>\n<p>Nagyp\u00e9ntek \u2013 J\u00e9zus Krisztus kereszthal\u00e1l\u00e1nak napja. Nagyp\u00e9ntek az egyh\u00e1zi \u00e9v legcsendesebb napja: J\u00e9zus el\u00edt\u00e9l\u00e9s\u00e9nek, megk\u00ednz\u00e1s\u00e1nak, hal\u00e1l\u00e1nak \u00e9s temet\u00e9s\u00e9nek napja. Ezen a napon nincs szentmise. Arra a napra eml\u00e9kez\u00fcnk, amikor maga az \u00f6r\u00f6k F\u0151pap mutatta be v\u00e9res \u00e1ldozat\u00e1t a kereszt olt\u00e1r\u00e1n.<\/p>\n<p>Az Egyh\u00e1z nagyp\u00e9nteken szigor\u00fa b\u00f6jt megtart\u00e1s\u00e1t k\u00e9ri a h\u00edvekt\u0151l. A 18 \u00e9s 60 \u00e9v k\u00f6z\u00f6tti h\u00edvek h\u00e1romszor \u00e9tkezhetnek, \u00e9s egyszer lakhatnak j\u00f3l, valamint 14 \u00e9ves kort\u00f3l a h\u00fas\u00e9telek fogyaszt\u00e1s\u00e1t\u00f3l is tart\u00f3zkodni kell. A h\u00edvek ezzel az \u00f6nmegtagad\u00e1ssal fejezik ki szeretet\u00fcket J\u00e9zus ir\u00e1nt. A nap folyam\u00e1n a templomokban elhangzik a lament\u00e1ci\u00f3 (Jeremi\u00e1s siralmai) \u00e9s kereszt\u00fatj\u00e1r\u00e1st is tartanak.<\/p>\n<p>Nagyp\u00e9ntek az \u00e9v legmegrend\u00fcltebb liturgi\u00e1ja. A J\u00e9zust jelk\u00e9pez\u0151 olt\u00e1r d\u00edszek n\u00e9lk\u00fcl, csupaszon \u00e1ll. Az olt\u00e1r \u00fcres: nincsen rajta sem kereszt, sem ter\u00edt\u0151, sem gyertya. Eml\u00e9keztethet ez az olt\u00e1r a Golgota csupasz sziklat\u00f6mbj\u00e9re is, amelyen a megv\u00e1lt\u00e1s \u00e1ldozata v\u00e9gbement.<\/p>\n<p>Az olt\u00e1r most maga a Golgota: l\u00e9lekben odamegy\u00fcnk a Golgot\u00e1hoz, J\u00e9zus keresztj\u00e9hez.<\/p>\n<p>Az ige liturgi\u00e1j\u00e1ban olvasunk J\u00e9zus szenved\u00e9s\u00e9nek titk\u00e1r\u00f3l, majd halljuk szenved\u00e9s\u00e9nek t\u00f6rt\u00e9net\u00e9t J\u00e1nos evang\u00e9lium\u00e1b\u00f3l. Ezut\u00e1n \u2013 l\u00e9lekben a kereszt alatt \u00e1llva \u2013 k\u00f6ny\u00f6rg\u00fcnk az Egyh\u00e1z, az emberis\u00e9g nagy k\u00e9r\u00e9sei\u00e9rt. Az egyetemes k\u00f6ny\u00f6rg\u00e9sek az Egyh\u00e1z tagjai\u00e9rt \u00e9s az eg\u00e9sz vil\u00e1g\u00e9rt sz\u00f3lnak. Ezut\u00e1n a pap a feketevas\u00e1rnapon (nagyb\u00f6jt \u00f6t\u00f6dik vas\u00e1rnapj\u00e1n) letakart fesz\u00fcletr\u0151l leveszi a leplet, \u00e9s kezdet\u00e9t veszi a kereszt el\u0151tti h\u00f3dolat: a h\u00edvek cs\u00f3kkal illetik \u00e9s t\u00e9rdet hajtanak a fesz\u00fclet el\u0151tt, amelyen ott l\u00e1that\u00f3 az \u00dcdv\u00f6z\u00edt\u0151, aki \u00e9rt\u00fcnk szenvedett. A megbocs\u00e1t\u00e1s, a megt\u00e9r\u00e9s, a Krisztushoz fordul\u00e1s napja ez, mert \u0150 meghalt az emberek\u00e9rt. Az olt\u00e1r el\u0151tt \u00e1ll\u00f3 fesz\u00fclethez j\u00e1rulunk: nem egy fafesz\u00fclet el\u0151tt h\u00f3dolunk, hanem a Golgoa keresztj\u00e9n f\u00fcgg\u0151 Megv\u00e1lt\u00f3 el\u0151tt. \u0150hozz\u00e1 j\u00e1rulunk, aki meghalt \u00e9rt\u00fcnk, \u00e9s aki ma is szenved. A szertart\u00e1s a Miaty\u00e1nk elim\u00e1dkoz\u00e1sa ut\u00e1n az \u00e1ldoz\u00e1ssal fejez\u0151dik be. Ezut\u00e1n a h\u00edvek a szents\u00edr el\u0151tt im\u00e1dkoznak \u00e9s csendben virrasztanak.<\/p>\n<p>&nbsp;<\/p>\n<p>NAGYSZOMBAT &#8211; \u00c1prilis 20.<\/p>\n<p>Ezen a napon az Egyh\u00e1z Urunk s\u00edrj\u00e1n\u00e1l id\u0151zik, az \u0151 szenved\u00e9s\u00e9r\u0151l \u00e9s hal\u00e1l\u00e1r\u00f3l elm\u00e9lkedik. Majd az \u0151si hagyom\u00e1nyok szerint virraszt\u00e1st tart a szent \u00e9jszak\u00e1n.<\/p>\n<p>Nagyszombaton az Egyh\u00e1z Krisztus szenved\u00e9s\u00e9r\u0151l \u00e9s hal\u00e1l\u00e1r\u00f3l elm\u00e9lkedik a szent s\u00edr el\u0151tt. Az esti vig\u00edliaszertart\u00e1ssal veszi kezdet\u00e9t a katolikusok legfontosabb \u00fcnnepe, a h\u00fasv\u00e9t, amely a kereszt\u00e9nys\u00e9g legnagyobb \u00f6r\u00f6mh\u00edr\u00e9t hirdeti: J\u00e9zus felt\u00e1madt a hal\u00e1lb\u00f3l \u00e9s mindenkit megh\u00edvott az \u00f6r\u00f6k \u00e9letre.<\/p>\n<p>Nagyszombat a gy\u00e1sz napja, J\u00e9zus most s\u00edrban fekszik egy nagy k\u0151vel elz\u00e1rva. Nagyszombaton eg\u00e9sz nap lehet\u0151s\u00e9g van im\u00e1ds\u00e1gra a szent s\u00edr el\u0151tt. Ezen a napon k\u00e9sz\u00fcl\u0151d\u00fcnk a felt\u00e1mad\u00e1s \u00f6r\u00f6m\u00e9re. Nagyszombat \u2013 J\u00e9zus a s\u00edrban pihen, a h\u00edvek felkeresik a templomokban fel\u00e1ll\u00edtott szent s\u00edrt.<\/p>\n<p>H\u00fasv\u00e9t a kereszt\u00e9nys\u00e9g legnagyobb \u00fcnnepe. H\u00fasv\u00e9t \u00e9jszak\u00e1j\u00e1n az Egyh\u00e1z tal\u00e1n legszebb \u00fcnnepl\u00e9se jelen\u00edti meg sz\u00e1munkra a szent titkokat. A liturgia szimb\u00f3lumaiban megjelenik a f\u00e9ny \u00e9s s\u00f6t\u00e9t, a t\u0171z \u00e9s a v\u00edz, a nap \u00e9s a csillagok, hogy egy\u00fctt magasztalj\u00e1k a felt\u00e1madott Krisztust, aki legy\u0151zte a s\u00f6t\u00e9ts\u00e9get, a hal\u00e1lt. A vig\u00edlia szertart\u00e1sa n\u00e9gy, j\u00f3l elk\u00fcl\u00f6n\u00fcl\u0151 l\u00e9nyegi r\u00e9szb\u0151l \u00e1ll: a f\u00e9ny liturgi\u00e1j\u00e1b\u00f3l, az igeliturgi\u00e1b\u00f3l, a v\u00edzszentel\u00e9sb\u0151l \u00e9s az \u00e1ldozati liturgi\u00e1b\u00f3l.<\/p>\n<p>A h\u00fasv\u00e9ti \u00f6r\u00f6m\u00e9nek elhangz\u00e1sa ut\u00e1n kezd\u0151dik az igeliturgia, amely v\u00e9gigvezet minket az \u00fcdv\u00f6ss\u00e9gt\u00f6rt\u00e9net nagy \u00e1llom\u00e1sain, eljutva az \u00dajsz\u00f6vets\u00e9gig. Ekkor felhangzik a Gl\u00f3ria, Isten dics\u0151\u00edt\u00e9se \u00e9s \u201evisszat\u00e9rnek a harangok\u201d, felsz\u00f3l\u00edtva a h\u00edv\u0151ket Krisztus gy\u0151zelm\u00e9nek \u00fcnnepl\u00e9s\u00e9re. A szentleck\u00e9t k\u00f6vet\u0151en az \u00fcnnep\u00e9lyes alleluja Isten n\u00e9p\u00e9nek ujjong\u00f3 \u00f6r\u00f6m\u00e9t fejezi ki. J\u00e9zus felt\u00e1mad\u00e1s\u00e1t, az igazi \u00f6r\u00f6mh\u00edrt hirdeti az evang\u00e9lium. A pr\u00e9dik\u00e1ci\u00f3 ut\u00e1n k\u00f6vetkezik a keresztel\u00e9s \u00fcnnep\u00e9lyes szertart\u00e1sa. Ha ez m\u00e9gsem lenne, akkor is vizet szentel az Egyh\u00e1z, a h\u00edvek meg\u00faj\u00edtj\u00e1k kereszts\u00e9gi fogadalmukat: ellene mondanak a S\u00e1t\u00e1nnak \u00e9s megvallj\u00e1k hit\u00fcket a Szenth\u00e1roms\u00e1g egy Istenben, s kereszts\u00e9g\u00fckre eml\u00e9kezve az Egyh\u00e1z meghinti \u0151ket az \u00faj v\u00edzzel. A szertart\u00e1s a szentmise szokott rendje szerint folytat\u00f3dik. A szent\u00e1ldoz\u00e1sban a felt\u00e1madt \u00dcdv\u00f6z\u00edt\u0151vel tal\u00e1lkozunk. A felt\u00e1mad\u00e1si k\u00f6rmenettel a h\u00edv\u0151k \u00fcnnepl\u00e9se kil\u00e9p a templom falai k\u00f6z\u00fcl, \u00e9s a vil\u00e1gnak hirdeti a felt\u00e1mad\u00e1s \u00f6r\u00f6m\u00e9t. Az eg\u00e9sz vil\u00e1g sz\u00e1m\u00e1ra elviszik az \u00d6r\u00f6mh\u00edrt: Krisztus felt\u00e1madt! Val\u00f3ban felt\u00e1madt! Alleluja!<\/p>\n<p><em>Forr\u00e1s: MKPK Sajt\u00f3szolg\u00e1lat<\/em><\/p>\n","protected":false},"excerpt":{"rendered":"<p>2019. \u00c1PRILIS 14. VIR\u00c1GVAS\u00c1RNAP: AZ \u00daR SZENVED\u00c9S\u00c9NEK VAS\u00c1RNAPJA Vir\u00e1gvas\u00e1rnap \u00fcnnepli az Egyh\u00e1z Krisztus Urunk jeruzs\u00e1lemi bevonul\u00e1s\u00e1t a h\u00fasv\u00e9ti miszt\u00e9rium beteljes\u00edt\u00e9s\u00e9re. Az \u00fcnnepnek kett\u0151s jellege van: egyr\u00e9szt a gy\u0151zelem \u00e9s a megdics\u0151\u00fcl\u00e9s napja, amelynek jele a gy\u0151zelmi p\u00e1lma vagy barka, m\u00e1sr\u00e9szt a szenved\u00e9s \u00e9s a hal\u00e1l \u00fcnnepl\u00e9se is ez a nap, amelynek jele a mis\u00e9ben szerepl\u0151 passi\u00f3, vagy szenved\u00e9st\u00f6rt\u00e9net. URUNK JERUZS\u00c1LEMBE VAL\u00d3 BEVONUL\u00c1S\u00c1NAK EML\u00c9KEZETE Megv\u00e1lt\u00f3 Kir\u00e1lyunk el\u00e9be megy\u00fcnk&#8230; (SZVU 77. \u00e9nek) Vagy: Hozsanna D\u00e1vid Fi\u00e1nak&#8230; (\u00c9nekl\u0151 Egyh\u00e1z 802. \u00e9nek) \u00dcdv\u00f6zl\u00e9s \u2013 K\u00f6ny\u00f6rg\u00e9s Evang\u00e9lium * Lk 19, 28\u201340 J\u00e9zus jeruzs\u00e1lemi bevonul\u00e1sa val\u00f3s\u00e1gos diadalmenet. \u0150 azonban tudja, hogy a n\u00e9p lelkesed\u00e9se m\u00e9g nem igazi hit, hanem f\u00f6ldies v\u00e1rakoz\u00e1s. Ez\u00e9rt is t\u00f6rt\u00e9nik, hogy ugyanaz a hozsann\u00e1z\u00f3 n\u00e9p hamarosan ellene fordul, \u00e9s megtagadja \u0151t. K\u00d6RMENET antif\u00f3na A v\u00e1lasztott n\u00e9p gyermekei, kez\u00fckben p\u00e1lma\u00e1gakkal kivonultak az \u00dar el\u00e9, hangosan ki\u00e1ltva: Hozsanna! Dics\u0151s\u00e9g a vil\u00e1g Ur\u00e1nak! antif\u00f3na A v\u00e1lasztott n\u00e9p gyermekei ruh\u00e1ikat J\u00e9zus el\u00e9be ter\u00edtik, \u00e9s cseng\u0151 hangon ki\u00e1ltj\u00e1k: \u201eHozsanna, D\u00e1vid fi\u00e1nak! \u00c1ldott, aki az \u00dar nev\u00e9ben \u00e9rkezik.\u201d \u00dcNNEPI SZENTMISE Az Egyh\u00e1z \u00e9vr\u0151l \u00e9vre e napokban \u00fcli meg Krisztus h\u00fasv\u00e9ti titk\u00e1nak kimagasl\u00f3 \u00fcnnep\u00e9t. M\u00e9lys\u00e9ges komolys\u00e1ggal \u00e9s szent megillet\u0151d\u00e9ssel l\u00e9pj\u00fcnk a Nagyh\u00e9t \u00fcnnepl\u00e9s\u00e9be. Az \u00dar bevonul Jeruzs\u00e1lembe, s mi \u00fcnnep\u00e9lyesen elk\u00eds\u00e9rj\u00fck \u0151t azon az \u00faton, a szenved\u00e9s \u00fatj\u00e1n. Szent sz\u00ednj\u00e1t\u00e9k j\u00e1tsz\u00f3dik le el\u0151tt\u00fcnk, amelynek azonban nem csak n\u00e9z\u0151i, hanem szerepl\u0151i is vagyunk. OLVASM\u00c1NY \u00a0\u00a0\u00a0\u00a0\u00a0\u00a0\u00a0\u00a0\u00a0\u00a0\u00a0\u00a0\u00a0\u00a0\u00a0\u00a0\u00a0\u00a0\u00a0\u00a0\u00a0\u00a0\u00a0\u00a0\u00a0\u00a0\u00a0\u00a0\u00a0\u00a0\u00a0\u00a0\u00a0\u00a0\u00a0\u00a0\u00a0\u00a0\u00a0\u00a0\u00a0\u00a0\u00a0\u00a0\u00a0\u00a0\u00a0\u00a0\u00a0\u00a0\u00a0\u00a0\u00a0\u00a0\u00a0\u00a0\u00a0\u00a0\u00a0Iz 50, 4\u20137 Jahve szolg\u00e1ja, akir\u0151l a pr\u00f3f\u00e9ta besz\u00e9l, a Messi\u00e1s el\u0151k\u00e9pe. Isten az\u00e9rt k\u00fcldte \u0151t, hogy engesztel\u0151 \u00e1ldozat legyen a n\u00e9p b\u0171nei\u00e9rt. Eg\u00e9sz magatart\u00e1s\u00e1b\u00f3l ez a k\u00fcldet\u00e9studat sug\u00e1rzik. V\u00e1llal minden g\u00fanyt \u00e9s megal\u00e1ztat\u00e1st, mert b\u00edzik a mennyei Atya seg\u00edts\u00e9g\u00e9ben. V\u00c1LASZOS ZSOLT\u00c1R \u00a0\u00a0\u00a0\u00a0\u00a0\u00a0\u00a0\u00a0\u00a0\u00a0\u00a0\u00a0\u00a0\u00a0\u00a0\u00a0\u00a0\u00a0\u00a0\u00a0\u00a0\u00a0\u00a0\u00a0\u00a0\u00a0\u00a0\u00a0\u00a0\u00a0\u00a0\u00a0\u00a0\u00a0\u00a0\u00a0\u00a021. Zsolt\u00e1r V\u00e1lasz: Istenem, Istenem, *\u00a0 mi\u00e9rt hagyt\u00e1l el engem? SZENTLECKE\u00a0\u00a0 \u00a0\u00a0\u00a0\u00a0\u00a0\u00a0\u00a0\u00a0\u00a0\u00a0\u00a0\u00a0\u00a0\u00a0\u00a0\u00a0\u00a0\u00a0\u00a0\u00a0\u00a0\u00a0\u00a0\u00a0\u00a0\u00a0\u00a0\u00a0\u00a0\u00a0\u00a0\u00a0\u00a0\u00a0\u00a0\u00a0\u00a0\u00a0\u00a0\u00a0\u00a0\u00a0\u00a0\u00a0\u00a0\u00a0\u00a0\u00a0\u00a0\u00a0Fil 2,6\u201311 J\u00e9zus Krisztus csak \u00fagy teljes\u00edthette az Aty\u00e1t\u00f3l kapott k\u00fcldet\u00e9st, hogy lemondott az Isten Fi\u00e1nak kij\u00e1r\u00f3 dics\u0151s\u00e9gr\u0151l. Felvette a szolga alakj\u00e1t, vagyis eg\u00e9szen egy lett azokkal, akik\u00e9rt \u00e9s akik helyett fel\u00e1ldozta mag\u00e1t&#8230; <\/p>\n<p><a class=\"readmore\" href=\"https:\/\/stuttgarti-katolikusok.de\/index.php\/viragvasarnap\/\">R\u00e9szletek<\/a><\/p>\n","protected":false},"author":3,"featured_media":16609,"comment_status":"closed","ping_status":"closed","sticky":false,"template":"","format":"standard","meta":{"footnotes":""},"categories":[63],"tags":[],"class_list":["post-16608","post","type-post","status-publish","format-standard","has-post-thumbnail","hentry","category-vasarnapi-gondolatok"],"yoast_head":"<!-- This site is optimized with the Yoast SEO plugin v27.3 - https:\/\/yoast.com\/product\/yoast-seo-wordpress\/ -->\n<title>Vir\u00e1gvas\u00e1rnap - Stuttgarti Katolikusok<\/title>\n<meta name=\"robots\" content=\"index, follow, max-snippet:-1, max-image-preview:large, max-video-preview:-1\" \/>\n<link rel=\"canonical\" href=\"https:\/\/stuttgarti-katolikusok.de\/index.php\/viragvasarnap\/\" \/>\n<meta property=\"og:locale\" content=\"hu_HU\" \/>\n<meta property=\"og:type\" content=\"article\" \/>\n<meta property=\"og:title\" content=\"Vir\u00e1gvas\u00e1rnap - Stuttgarti Katolikusok\" \/>\n<meta property=\"og:description\" content=\"2019. \u00c1PRILIS 14. VIR\u00c1GVAS\u00c1RNAP: AZ \u00daR SZENVED\u00c9S\u00c9NEK VAS\u00c1RNAPJA Vir\u00e1gvas\u00e1rnap \u00fcnnepli az Egyh\u00e1z Krisztus Urunk jeruzs\u00e1lemi bevonul\u00e1s\u00e1t a h\u00fasv\u00e9ti miszt\u00e9rium beteljes\u00edt\u00e9s\u00e9re. Az \u00fcnnepnek kett\u0151s jellege van: egyr\u00e9szt a gy\u0151zelem \u00e9s a megdics\u0151\u00fcl\u00e9s napja, amelynek jele a gy\u0151zelmi p\u00e1lma vagy barka, m\u00e1sr\u00e9szt a szenved\u00e9s \u00e9s a hal\u00e1l \u00fcnnepl\u00e9se is ez a nap, amelynek jele a mis\u00e9ben szerepl\u0151 passi\u00f3, vagy szenved\u00e9st\u00f6rt\u00e9net. URUNK JERUZS\u00c1LEMBE VAL\u00d3 BEVONUL\u00c1S\u00c1NAK EML\u00c9KEZETE Megv\u00e1lt\u00f3 Kir\u00e1lyunk el\u00e9be megy\u00fcnk&#8230; (SZVU 77. \u00e9nek) Vagy: Hozsanna D\u00e1vid Fi\u00e1nak&#8230; (\u00c9nekl\u0151 Egyh\u00e1z 802. \u00e9nek) \u00dcdv\u00f6zl\u00e9s \u2013 K\u00f6ny\u00f6rg\u00e9s Evang\u00e9lium * Lk 19, 28\u201340 J\u00e9zus jeruzs\u00e1lemi bevonul\u00e1sa val\u00f3s\u00e1gos diadalmenet. \u0150 azonban tudja, hogy a n\u00e9p lelkesed\u00e9se m\u00e9g nem igazi hit, hanem f\u00f6ldies v\u00e1rakoz\u00e1s. Ez\u00e9rt is t\u00f6rt\u00e9nik, hogy ugyanaz a hozsann\u00e1z\u00f3 n\u00e9p hamarosan ellene fordul, \u00e9s megtagadja \u0151t. K\u00d6RMENET antif\u00f3na A v\u00e1lasztott n\u00e9p gyermekei, kez\u00fckben p\u00e1lma\u00e1gakkal kivonultak az \u00dar el\u00e9, hangosan ki\u00e1ltva: Hozsanna! Dics\u0151s\u00e9g a vil\u00e1g Ur\u00e1nak! antif\u00f3na A v\u00e1lasztott n\u00e9p gyermekei ruh\u00e1ikat J\u00e9zus el\u00e9be ter\u00edtik, \u00e9s cseng\u0151 hangon ki\u00e1ltj\u00e1k: \u201eHozsanna, D\u00e1vid fi\u00e1nak! \u00c1ldott, aki az \u00dar nev\u00e9ben \u00e9rkezik.\u201d \u00dcNNEPI SZENTMISE Az Egyh\u00e1z \u00e9vr\u0151l \u00e9vre e napokban \u00fcli meg Krisztus h\u00fasv\u00e9ti titk\u00e1nak kimagasl\u00f3 \u00fcnnep\u00e9t. M\u00e9lys\u00e9ges komolys\u00e1ggal \u00e9s szent megillet\u0151d\u00e9ssel l\u00e9pj\u00fcnk a Nagyh\u00e9t \u00fcnnepl\u00e9s\u00e9be. Az \u00dar bevonul Jeruzs\u00e1lembe, s mi \u00fcnnep\u00e9lyesen elk\u00eds\u00e9rj\u00fck \u0151t azon az \u00faton, a szenved\u00e9s \u00fatj\u00e1n. Szent sz\u00ednj\u00e1t\u00e9k j\u00e1tsz\u00f3dik le el\u0151tt\u00fcnk, amelynek azonban nem csak n\u00e9z\u0151i, hanem szerepl\u0151i is vagyunk. OLVASM\u00c1NY \u00a0\u00a0\u00a0\u00a0\u00a0\u00a0\u00a0\u00a0\u00a0\u00a0\u00a0\u00a0\u00a0\u00a0\u00a0\u00a0\u00a0\u00a0\u00a0\u00a0\u00a0\u00a0\u00a0\u00a0\u00a0\u00a0\u00a0\u00a0\u00a0\u00a0\u00a0\u00a0\u00a0\u00a0\u00a0\u00a0\u00a0\u00a0\u00a0\u00a0\u00a0\u00a0\u00a0\u00a0\u00a0\u00a0\u00a0\u00a0\u00a0\u00a0\u00a0\u00a0\u00a0\u00a0\u00a0\u00a0\u00a0\u00a0\u00a0Iz 50, 4\u20137 Jahve szolg\u00e1ja, akir\u0151l a pr\u00f3f\u00e9ta besz\u00e9l, a Messi\u00e1s el\u0151k\u00e9pe. Isten az\u00e9rt k\u00fcldte \u0151t, hogy engesztel\u0151 \u00e1ldozat legyen a n\u00e9p b\u0171nei\u00e9rt. Eg\u00e9sz magatart\u00e1s\u00e1b\u00f3l ez a k\u00fcldet\u00e9studat sug\u00e1rzik. V\u00e1llal minden g\u00fanyt \u00e9s megal\u00e1ztat\u00e1st, mert b\u00edzik a mennyei Atya seg\u00edts\u00e9g\u00e9ben. V\u00c1LASZOS ZSOLT\u00c1R \u00a0\u00a0\u00a0\u00a0\u00a0\u00a0\u00a0\u00a0\u00a0\u00a0\u00a0\u00a0\u00a0\u00a0\u00a0\u00a0\u00a0\u00a0\u00a0\u00a0\u00a0\u00a0\u00a0\u00a0\u00a0\u00a0\u00a0\u00a0\u00a0\u00a0\u00a0\u00a0\u00a0\u00a0\u00a0\u00a0\u00a021. Zsolt\u00e1r V\u00e1lasz: Istenem, Istenem, *\u00a0 mi\u00e9rt hagyt\u00e1l el engem? SZENTLECKE\u00a0\u00a0 \u00a0\u00a0\u00a0\u00a0\u00a0\u00a0\u00a0\u00a0\u00a0\u00a0\u00a0\u00a0\u00a0\u00a0\u00a0\u00a0\u00a0\u00a0\u00a0\u00a0\u00a0\u00a0\u00a0\u00a0\u00a0\u00a0\u00a0\u00a0\u00a0\u00a0\u00a0\u00a0\u00a0\u00a0\u00a0\u00a0\u00a0\u00a0\u00a0\u00a0\u00a0\u00a0\u00a0\u00a0\u00a0\u00a0\u00a0\u00a0\u00a0\u00a0Fil 2,6\u201311 J\u00e9zus Krisztus csak \u00fagy teljes\u00edthette az Aty\u00e1t\u00f3l kapott k\u00fcldet\u00e9st, hogy lemondott az Isten Fi\u00e1nak kij\u00e1r\u00f3 dics\u0151s\u00e9gr\u0151l. Felvette a szolga alakj\u00e1t, vagyis eg\u00e9szen egy lett azokkal, akik\u00e9rt \u00e9s akik helyett fel\u00e1ldozta mag\u00e1t... R\u00e9szletek\" \/>\n<meta property=\"og:url\" content=\"https:\/\/stuttgarti-katolikusok.de\/index.php\/viragvasarnap\/\" \/>\n<meta property=\"og:site_name\" content=\"Stuttgarti Katolikusok\" \/>\n<meta property=\"article:published_time\" content=\"2019-04-10T14:40:36+00:00\" \/>\n<meta property=\"article:modified_time\" content=\"2019-04-14T19:21:35+00:00\" \/>\n<meta property=\"og:image\" content=\"https:\/\/stuttgarti-katolikusok.de\/wp-content\/uploads\/2019\/04\/nagyhet.jpg\" \/>\n\t<meta property=\"og:image:width\" content=\"700\" \/>\n\t<meta property=\"og:image:height\" content=\"490\" \/>\n\t<meta property=\"og:image:type\" content=\"image\/jpeg\" \/>\n<meta name=\"author\" content=\"Tibor atya\" \/>\n<meta name=\"twitter:card\" content=\"summary_large_image\" \/>\n<meta name=\"twitter:label1\" content=\"Szerz\u0151:\" \/>\n\t<meta name=\"twitter:data1\" content=\"Tibor atya\" \/>\n\t<meta name=\"twitter:label2\" content=\"Becs\u00fclt olvas\u00e1si id\u0151\" \/>\n\t<meta name=\"twitter:data2\" content=\"12 perc\" \/>\n<script type=\"application\/ld+json\" class=\"yoast-schema-graph\">{\"@context\":\"https:\\\/\\\/schema.org\",\"@graph\":[{\"@type\":\"Article\",\"@id\":\"https:\\\/\\\/stuttgarti-katolikusok.de\\\/index.php\\\/viragvasarnap\\\/#article\",\"isPartOf\":{\"@id\":\"https:\\\/\\\/stuttgarti-katolikusok.de\\\/index.php\\\/viragvasarnap\\\/\"},\"author\":{\"name\":\"Tibor atya\",\"@id\":\"https:\\\/\\\/stuttgarti-katolikusok.de\\\/#\\\/schema\\\/person\\\/75908d6f8fdc03a57889d27209df7795\"},\"headline\":\"Vir\u00e1gvas\u00e1rnap\",\"datePublished\":\"2019-04-10T14:40:36+00:00\",\"dateModified\":\"2019-04-14T19:21:35+00:00\",\"mainEntityOfPage\":{\"@id\":\"https:\\\/\\\/stuttgarti-katolikusok.de\\\/index.php\\\/viragvasarnap\\\/\"},\"wordCount\":2317,\"image\":{\"@id\":\"https:\\\/\\\/stuttgarti-katolikusok.de\\\/index.php\\\/viragvasarnap\\\/#primaryimage\"},\"thumbnailUrl\":\"https:\\\/\\\/stuttgarti-katolikusok.de\\\/wp-content\\\/uploads\\\/2019\\\/04\\\/nagyhet.jpg\",\"articleSection\":[\"Vas\u00e1rnapi gondolatok\"],\"inLanguage\":\"hu\"},{\"@type\":\"WebPage\",\"@id\":\"https:\\\/\\\/stuttgarti-katolikusok.de\\\/index.php\\\/viragvasarnap\\\/\",\"url\":\"https:\\\/\\\/stuttgarti-katolikusok.de\\\/index.php\\\/viragvasarnap\\\/\",\"name\":\"Vir\u00e1gvas\u00e1rnap - Stuttgarti Katolikusok\",\"isPartOf\":{\"@id\":\"https:\\\/\\\/stuttgarti-katolikusok.de\\\/#website\"},\"primaryImageOfPage\":{\"@id\":\"https:\\\/\\\/stuttgarti-katolikusok.de\\\/index.php\\\/viragvasarnap\\\/#primaryimage\"},\"image\":{\"@id\":\"https:\\\/\\\/stuttgarti-katolikusok.de\\\/index.php\\\/viragvasarnap\\\/#primaryimage\"},\"thumbnailUrl\":\"https:\\\/\\\/stuttgarti-katolikusok.de\\\/wp-content\\\/uploads\\\/2019\\\/04\\\/nagyhet.jpg\",\"datePublished\":\"2019-04-10T14:40:36+00:00\",\"dateModified\":\"2019-04-14T19:21:35+00:00\",\"author\":{\"@id\":\"https:\\\/\\\/stuttgarti-katolikusok.de\\\/#\\\/schema\\\/person\\\/75908d6f8fdc03a57889d27209df7795\"},\"breadcrumb\":{\"@id\":\"https:\\\/\\\/stuttgarti-katolikusok.de\\\/index.php\\\/viragvasarnap\\\/#breadcrumb\"},\"inLanguage\":\"hu\",\"potentialAction\":[{\"@type\":\"ReadAction\",\"target\":[\"https:\\\/\\\/stuttgarti-katolikusok.de\\\/index.php\\\/viragvasarnap\\\/\"]}]},{\"@type\":\"ImageObject\",\"inLanguage\":\"hu\",\"@id\":\"https:\\\/\\\/stuttgarti-katolikusok.de\\\/index.php\\\/viragvasarnap\\\/#primaryimage\",\"url\":\"https:\\\/\\\/stuttgarti-katolikusok.de\\\/wp-content\\\/uploads\\\/2019\\\/04\\\/nagyhet.jpg\",\"contentUrl\":\"https:\\\/\\\/stuttgarti-katolikusok.de\\\/wp-content\\\/uploads\\\/2019\\\/04\\\/nagyhet.jpg\",\"width\":700,\"height\":490},{\"@type\":\"BreadcrumbList\",\"@id\":\"https:\\\/\\\/stuttgarti-katolikusok.de\\\/index.php\\\/viragvasarnap\\\/#breadcrumb\",\"itemListElement\":[{\"@type\":\"ListItem\",\"position\":1,\"name\":\"Kezd\u0151lap\",\"item\":\"https:\\\/\\\/stuttgarti-katolikusok.de\\\/\"},{\"@type\":\"ListItem\",\"position\":2,\"name\":\"Vir\u00e1gvas\u00e1rnap\"}]},{\"@type\":\"WebSite\",\"@id\":\"https:\\\/\\\/stuttgarti-katolikusok.de\\\/#website\",\"url\":\"https:\\\/\\\/stuttgarti-katolikusok.de\\\/\",\"name\":\"Stuttgarti Katolikusok\",\"description\":\"\",\"potentialAction\":[{\"@type\":\"SearchAction\",\"target\":{\"@type\":\"EntryPoint\",\"urlTemplate\":\"https:\\\/\\\/stuttgarti-katolikusok.de\\\/?s={search_term_string}\"},\"query-input\":{\"@type\":\"PropertyValueSpecification\",\"valueRequired\":true,\"valueName\":\"search_term_string\"}}],\"inLanguage\":\"hu\"},{\"@type\":\"Person\",\"@id\":\"https:\\\/\\\/stuttgarti-katolikusok.de\\\/#\\\/schema\\\/person\\\/75908d6f8fdc03a57889d27209df7795\",\"name\":\"Tibor atya\",\"image\":{\"@type\":\"ImageObject\",\"inLanguage\":\"hu\",\"@id\":\"https:\\\/\\\/secure.gravatar.com\\\/avatar\\\/61d268e57d1f4525b111222e29d2d5a7f8c420fdbf231ba5566a8ceac74fa960?s=96&d=mm&r=g\",\"url\":\"https:\\\/\\\/secure.gravatar.com\\\/avatar\\\/61d268e57d1f4525b111222e29d2d5a7f8c420fdbf231ba5566a8ceac74fa960?s=96&d=mm&r=g\",\"contentUrl\":\"https:\\\/\\\/secure.gravatar.com\\\/avatar\\\/61d268e57d1f4525b111222e29d2d5a7f8c420fdbf231ba5566a8ceac74fa960?s=96&d=mm&r=g\",\"caption\":\"Tibor atya\"},\"url\":\"https:\\\/\\\/stuttgarti-katolikusok.de\\\/index.php\\\/author\\\/tibor-atya\\\/\"}]}<\/script>\n<!-- \/ Yoast SEO plugin. -->","yoast_head_json":{"title":"Vir\u00e1gvas\u00e1rnap - Stuttgarti Katolikusok","robots":{"index":"index","follow":"follow","max-snippet":"max-snippet:-1","max-image-preview":"max-image-preview:large","max-video-preview":"max-video-preview:-1"},"canonical":"https:\/\/stuttgarti-katolikusok.de\/index.php\/viragvasarnap\/","og_locale":"hu_HU","og_type":"article","og_title":"Vir\u00e1gvas\u00e1rnap - Stuttgarti Katolikusok","og_description":"2019. \u00c1PRILIS 14. VIR\u00c1GVAS\u00c1RNAP: AZ \u00daR SZENVED\u00c9S\u00c9NEK VAS\u00c1RNAPJA Vir\u00e1gvas\u00e1rnap \u00fcnnepli az Egyh\u00e1z Krisztus Urunk jeruzs\u00e1lemi bevonul\u00e1s\u00e1t a h\u00fasv\u00e9ti miszt\u00e9rium beteljes\u00edt\u00e9s\u00e9re. Az \u00fcnnepnek kett\u0151s jellege van: egyr\u00e9szt a gy\u0151zelem \u00e9s a megdics\u0151\u00fcl\u00e9s napja, amelynek jele a gy\u0151zelmi p\u00e1lma vagy barka, m\u00e1sr\u00e9szt a szenved\u00e9s \u00e9s a hal\u00e1l \u00fcnnepl\u00e9se is ez a nap, amelynek jele a mis\u00e9ben szerepl\u0151 passi\u00f3, vagy szenved\u00e9st\u00f6rt\u00e9net. URUNK JERUZS\u00c1LEMBE VAL\u00d3 BEVONUL\u00c1S\u00c1NAK EML\u00c9KEZETE Megv\u00e1lt\u00f3 Kir\u00e1lyunk el\u00e9be megy\u00fcnk&#8230; (SZVU 77. \u00e9nek) Vagy: Hozsanna D\u00e1vid Fi\u00e1nak&#8230; (\u00c9nekl\u0151 Egyh\u00e1z 802. \u00e9nek) \u00dcdv\u00f6zl\u00e9s \u2013 K\u00f6ny\u00f6rg\u00e9s Evang\u00e9lium * Lk 19, 28\u201340 J\u00e9zus jeruzs\u00e1lemi bevonul\u00e1sa val\u00f3s\u00e1gos diadalmenet. \u0150 azonban tudja, hogy a n\u00e9p lelkesed\u00e9se m\u00e9g nem igazi hit, hanem f\u00f6ldies v\u00e1rakoz\u00e1s. Ez\u00e9rt is t\u00f6rt\u00e9nik, hogy ugyanaz a hozsann\u00e1z\u00f3 n\u00e9p hamarosan ellene fordul, \u00e9s megtagadja \u0151t. K\u00d6RMENET antif\u00f3na A v\u00e1lasztott n\u00e9p gyermekei, kez\u00fckben p\u00e1lma\u00e1gakkal kivonultak az \u00dar el\u00e9, hangosan ki\u00e1ltva: Hozsanna! Dics\u0151s\u00e9g a vil\u00e1g Ur\u00e1nak! antif\u00f3na A v\u00e1lasztott n\u00e9p gyermekei ruh\u00e1ikat J\u00e9zus el\u00e9be ter\u00edtik, \u00e9s cseng\u0151 hangon ki\u00e1ltj\u00e1k: \u201eHozsanna, D\u00e1vid fi\u00e1nak! \u00c1ldott, aki az \u00dar nev\u00e9ben \u00e9rkezik.\u201d \u00dcNNEPI SZENTMISE Az Egyh\u00e1z \u00e9vr\u0151l \u00e9vre e napokban \u00fcli meg Krisztus h\u00fasv\u00e9ti titk\u00e1nak kimagasl\u00f3 \u00fcnnep\u00e9t. M\u00e9lys\u00e9ges komolys\u00e1ggal \u00e9s szent megillet\u0151d\u00e9ssel l\u00e9pj\u00fcnk a Nagyh\u00e9t \u00fcnnepl\u00e9s\u00e9be. Az \u00dar bevonul Jeruzs\u00e1lembe, s mi \u00fcnnep\u00e9lyesen elk\u00eds\u00e9rj\u00fck \u0151t azon az \u00faton, a szenved\u00e9s \u00fatj\u00e1n. Szent sz\u00ednj\u00e1t\u00e9k j\u00e1tsz\u00f3dik le el\u0151tt\u00fcnk, amelynek azonban nem csak n\u00e9z\u0151i, hanem szerepl\u0151i is vagyunk. OLVASM\u00c1NY \u00a0\u00a0\u00a0\u00a0\u00a0\u00a0\u00a0\u00a0\u00a0\u00a0\u00a0\u00a0\u00a0\u00a0\u00a0\u00a0\u00a0\u00a0\u00a0\u00a0\u00a0\u00a0\u00a0\u00a0\u00a0\u00a0\u00a0\u00a0\u00a0\u00a0\u00a0\u00a0\u00a0\u00a0\u00a0\u00a0\u00a0\u00a0\u00a0\u00a0\u00a0\u00a0\u00a0\u00a0\u00a0\u00a0\u00a0\u00a0\u00a0\u00a0\u00a0\u00a0\u00a0\u00a0\u00a0\u00a0\u00a0\u00a0\u00a0Iz 50, 4\u20137 Jahve szolg\u00e1ja, akir\u0151l a pr\u00f3f\u00e9ta besz\u00e9l, a Messi\u00e1s el\u0151k\u00e9pe. Isten az\u00e9rt k\u00fcldte \u0151t, hogy engesztel\u0151 \u00e1ldozat legyen a n\u00e9p b\u0171nei\u00e9rt. Eg\u00e9sz magatart\u00e1s\u00e1b\u00f3l ez a k\u00fcldet\u00e9studat sug\u00e1rzik. V\u00e1llal minden g\u00fanyt \u00e9s megal\u00e1ztat\u00e1st, mert b\u00edzik a mennyei Atya seg\u00edts\u00e9g\u00e9ben. V\u00c1LASZOS ZSOLT\u00c1R \u00a0\u00a0\u00a0\u00a0\u00a0\u00a0\u00a0\u00a0\u00a0\u00a0\u00a0\u00a0\u00a0\u00a0\u00a0\u00a0\u00a0\u00a0\u00a0\u00a0\u00a0\u00a0\u00a0\u00a0\u00a0\u00a0\u00a0\u00a0\u00a0\u00a0\u00a0\u00a0\u00a0\u00a0\u00a0\u00a0\u00a021. Zsolt\u00e1r V\u00e1lasz: Istenem, Istenem, *\u00a0 mi\u00e9rt hagyt\u00e1l el engem? SZENTLECKE\u00a0\u00a0 \u00a0\u00a0\u00a0\u00a0\u00a0\u00a0\u00a0\u00a0\u00a0\u00a0\u00a0\u00a0\u00a0\u00a0\u00a0\u00a0\u00a0\u00a0\u00a0\u00a0\u00a0\u00a0\u00a0\u00a0\u00a0\u00a0\u00a0\u00a0\u00a0\u00a0\u00a0\u00a0\u00a0\u00a0\u00a0\u00a0\u00a0\u00a0\u00a0\u00a0\u00a0\u00a0\u00a0\u00a0\u00a0\u00a0\u00a0\u00a0\u00a0\u00a0Fil 2,6\u201311 J\u00e9zus Krisztus csak \u00fagy teljes\u00edthette az Aty\u00e1t\u00f3l kapott k\u00fcldet\u00e9st, hogy lemondott az Isten Fi\u00e1nak kij\u00e1r\u00f3 dics\u0151s\u00e9gr\u0151l. Felvette a szolga alakj\u00e1t, vagyis eg\u00e9szen egy lett azokkal, akik\u00e9rt \u00e9s akik helyett fel\u00e1ldozta mag\u00e1t... R\u00e9szletek","og_url":"https:\/\/stuttgarti-katolikusok.de\/index.php\/viragvasarnap\/","og_site_name":"Stuttgarti Katolikusok","article_published_time":"2019-04-10T14:40:36+00:00","article_modified_time":"2019-04-14T19:21:35+00:00","og_image":[{"width":700,"height":490,"url":"https:\/\/stuttgarti-katolikusok.de\/wp-content\/uploads\/2019\/04\/nagyhet.jpg","type":"image\/jpeg"}],"author":"Tibor atya","twitter_card":"summary_large_image","twitter_misc":{"Szerz\u0151:":"Tibor atya","Becs\u00fclt olvas\u00e1si id\u0151":"12 perc"},"schema":{"@context":"https:\/\/schema.org","@graph":[{"@type":"Article","@id":"https:\/\/stuttgarti-katolikusok.de\/index.php\/viragvasarnap\/#article","isPartOf":{"@id":"https:\/\/stuttgarti-katolikusok.de\/index.php\/viragvasarnap\/"},"author":{"name":"Tibor atya","@id":"https:\/\/stuttgarti-katolikusok.de\/#\/schema\/person\/75908d6f8fdc03a57889d27209df7795"},"headline":"Vir\u00e1gvas\u00e1rnap","datePublished":"2019-04-10T14:40:36+00:00","dateModified":"2019-04-14T19:21:35+00:00","mainEntityOfPage":{"@id":"https:\/\/stuttgarti-katolikusok.de\/index.php\/viragvasarnap\/"},"wordCount":2317,"image":{"@id":"https:\/\/stuttgarti-katolikusok.de\/index.php\/viragvasarnap\/#primaryimage"},"thumbnailUrl":"https:\/\/stuttgarti-katolikusok.de\/wp-content\/uploads\/2019\/04\/nagyhet.jpg","articleSection":["Vas\u00e1rnapi gondolatok"],"inLanguage":"hu"},{"@type":"WebPage","@id":"https:\/\/stuttgarti-katolikusok.de\/index.php\/viragvasarnap\/","url":"https:\/\/stuttgarti-katolikusok.de\/index.php\/viragvasarnap\/","name":"Vir\u00e1gvas\u00e1rnap - Stuttgarti Katolikusok","isPartOf":{"@id":"https:\/\/stuttgarti-katolikusok.de\/#website"},"primaryImageOfPage":{"@id":"https:\/\/stuttgarti-katolikusok.de\/index.php\/viragvasarnap\/#primaryimage"},"image":{"@id":"https:\/\/stuttgarti-katolikusok.de\/index.php\/viragvasarnap\/#primaryimage"},"thumbnailUrl":"https:\/\/stuttgarti-katolikusok.de\/wp-content\/uploads\/2019\/04\/nagyhet.jpg","datePublished":"2019-04-10T14:40:36+00:00","dateModified":"2019-04-14T19:21:35+00:00","author":{"@id":"https:\/\/stuttgarti-katolikusok.de\/#\/schema\/person\/75908d6f8fdc03a57889d27209df7795"},"breadcrumb":{"@id":"https:\/\/stuttgarti-katolikusok.de\/index.php\/viragvasarnap\/#breadcrumb"},"inLanguage":"hu","potentialAction":[{"@type":"ReadAction","target":["https:\/\/stuttgarti-katolikusok.de\/index.php\/viragvasarnap\/"]}]},{"@type":"ImageObject","inLanguage":"hu","@id":"https:\/\/stuttgarti-katolikusok.de\/index.php\/viragvasarnap\/#primaryimage","url":"https:\/\/stuttgarti-katolikusok.de\/wp-content\/uploads\/2019\/04\/nagyhet.jpg","contentUrl":"https:\/\/stuttgarti-katolikusok.de\/wp-content\/uploads\/2019\/04\/nagyhet.jpg","width":700,"height":490},{"@type":"BreadcrumbList","@id":"https:\/\/stuttgarti-katolikusok.de\/index.php\/viragvasarnap\/#breadcrumb","itemListElement":[{"@type":"ListItem","position":1,"name":"Kezd\u0151lap","item":"https:\/\/stuttgarti-katolikusok.de\/"},{"@type":"ListItem","position":2,"name":"Vir\u00e1gvas\u00e1rnap"}]},{"@type":"WebSite","@id":"https:\/\/stuttgarti-katolikusok.de\/#website","url":"https:\/\/stuttgarti-katolikusok.de\/","name":"Stuttgarti Katolikusok","description":"","potentialAction":[{"@type":"SearchAction","target":{"@type":"EntryPoint","urlTemplate":"https:\/\/stuttgarti-katolikusok.de\/?s={search_term_string}"},"query-input":{"@type":"PropertyValueSpecification","valueRequired":true,"valueName":"search_term_string"}}],"inLanguage":"hu"},{"@type":"Person","@id":"https:\/\/stuttgarti-katolikusok.de\/#\/schema\/person\/75908d6f8fdc03a57889d27209df7795","name":"Tibor atya","image":{"@type":"ImageObject","inLanguage":"hu","@id":"https:\/\/secure.gravatar.com\/avatar\/61d268e57d1f4525b111222e29d2d5a7f8c420fdbf231ba5566a8ceac74fa960?s=96&d=mm&r=g","url":"https:\/\/secure.gravatar.com\/avatar\/61d268e57d1f4525b111222e29d2d5a7f8c420fdbf231ba5566a8ceac74fa960?s=96&d=mm&r=g","contentUrl":"https:\/\/secure.gravatar.com\/avatar\/61d268e57d1f4525b111222e29d2d5a7f8c420fdbf231ba5566a8ceac74fa960?s=96&d=mm&r=g","caption":"Tibor atya"},"url":"https:\/\/stuttgarti-katolikusok.de\/index.php\/author\/tibor-atya\/"}]}},"_links":{"self":[{"href":"https:\/\/stuttgarti-katolikusok.de\/index.php\/wp-json\/wp\/v2\/posts\/16608","targetHints":{"allow":["GET"]}}],"collection":[{"href":"https:\/\/stuttgarti-katolikusok.de\/index.php\/wp-json\/wp\/v2\/posts"}],"about":[{"href":"https:\/\/stuttgarti-katolikusok.de\/index.php\/wp-json\/wp\/v2\/types\/post"}],"author":[{"embeddable":true,"href":"https:\/\/stuttgarti-katolikusok.de\/index.php\/wp-json\/wp\/v2\/users\/3"}],"replies":[{"embeddable":true,"href":"https:\/\/stuttgarti-katolikusok.de\/index.php\/wp-json\/wp\/v2\/comments?post=16608"}],"version-history":[{"count":2,"href":"https:\/\/stuttgarti-katolikusok.de\/index.php\/wp-json\/wp\/v2\/posts\/16608\/revisions"}],"predecessor-version":[{"id":16612,"href":"https:\/\/stuttgarti-katolikusok.de\/index.php\/wp-json\/wp\/v2\/posts\/16608\/revisions\/16612"}],"wp:featuredmedia":[{"embeddable":true,"href":"https:\/\/stuttgarti-katolikusok.de\/index.php\/wp-json\/wp\/v2\/media\/16609"}],"wp:attachment":[{"href":"https:\/\/stuttgarti-katolikusok.de\/index.php\/wp-json\/wp\/v2\/media?parent=16608"}],"wp:term":[{"taxonomy":"category","embeddable":true,"href":"https:\/\/stuttgarti-katolikusok.de\/index.php\/wp-json\/wp\/v2\/categories?post=16608"},{"taxonomy":"post_tag","embeddable":true,"href":"https:\/\/stuttgarti-katolikusok.de\/index.php\/wp-json\/wp\/v2\/tags?post=16608"}],"curies":[{"name":"wp","href":"https:\/\/api.w.org\/{rel}","templated":true}]}}