{"id":16556,"date":"2019-04-05T05:52:25","date_gmt":"2019-04-05T05:52:25","guid":{"rendered":"https:\/\/gracious-dewdney.138-201-221-2.plesk.page\/?p=16556"},"modified":"2019-04-05T08:24:22","modified_gmt":"2019-04-05T08:24:22","slug":"nagybojt-5-vasarnapja","status":"publish","type":"post","link":"https:\/\/stuttgarti-katolikusok.de\/index.php\/nagybojt-5-vasarnapja\/","title":{"rendered":"Nagyb\u00f6jt 5. vas\u00e1rnapja"},"content":{"rendered":"<p><strong>2019. \u00c1PRILIS 7.<\/strong><\/p>\n<p><strong>NAGYB\u00d6JT 5. VAS\u00c1RNAPJA<\/strong><\/p>\n<p>Sokan azt mondj\u00e1k: a rosszat gy\u00f6kerest\u00fcl ki kell irtani. Az evang\u00e9lium szelleme viszont azt k\u00edv\u00e1nja, hogy a fizikai betegs\u00e9ghez hasonl\u00f3an az erk\u00f6lcsi rosszat is igyekezz\u00fcnk meggy\u00f3gy\u00edtani. A l\u00e9lektan \u00e9s nevel\u00e9stan egy\u00e9rtelm\u0171en tan\u00fas\u00edtja, hogy a kem\u00e9ny b\u00fcntet\u00e9sn\u00e9l hat\u00e9konyabb gy\u00f3gyszer a t\u00fcrelem \u00e9s a szeretet.<\/p>\n<p><strong>OLVASM\u00c1NY\u00a0\u00a0\u00a0\u00a0 <\/strong>\u00a0\u00a0\u00a0\u00a0\u00a0\u00a0\u00a0\u00a0\u00a0\u00a0\u00a0\u00a0\u00a0\u00a0\u00a0\u00a0\u00a0\u00a0\u00a0\u00a0\u00a0\u00a0\u00a0\u00a0\u00a0\u00a0\u00a0\u00a0\u00a0\u00a0\u00a0\u00a0\u00a0\u00a0\u00a0\u00a0\u00a0\u00a0\u00a0\u00a0\u00a0\u00a0\u00a0\u00a0\u00a0\u00a0\u00a0\u00a0\u00a0\u00a0\u00a0<em>Iz 43, 16\u201321<\/em><\/p>\n<p>A pr\u00f3f\u00e9ta\u00a0 azzal vigasztalja a fogs\u00e1gban l\u00e9v\u0151 n\u00e9p\u00e9t: Isten mindig h\u0171 marad a n\u00e9p\u00e9vel k\u00f6t\u00f6tt sz\u00f6vets\u00e9ghez. B\u00edzzanak benne: most is megmutatja majd hatalm\u00e1t, mint a r\u00e9gebbi id\u0151ben. Hazavezeti n\u00e9p\u00e9t, \u00e9lvezni fogj\u00e1k j\u00f3t\u00e9tem\u00e9nyeit, \u00e9s hirdetik majd dics\u0151s\u00e9g\u00e9t.<\/p>\n<p><strong>V\u00c1LASZOS ZSOLT\u00c1R<\/strong> \u00a0\u00a0\u00a0\u00a0\u00a0\u00a0\u00a0\u00a0\u00a0\u00a0\u00a0\u00a0\u00a0\u00a0\u00a0\u00a0\u00a0\u00a0\u00a0\u00a0\u00a0\u00a0<em>\u00a0\u00a0\u00a0\u00a0\u00a0\u00a0\u00a0\u00a0\u00a0\u00a0\u00a0\u00a0\u00a0125. Zsolt\u00e1r <\/em><\/p>\n<p><strong>V\u00e1lasz: Hatalmas dolgot m\u0171velt az \u00dar v<u>\u00e9<\/u>l\u00fcnk, *<\/strong><\/p>\n<p><strong>\u00a0\u00a0\u00a0\u00a0\u00a0\u00a0\u00a0\u00a0\u00a0\u00a0\u00a0\u00a0\u00a0 az\u00e9rt sz<u>\u00ed<\/u>vb\u0151l ujjongunk. <\/strong><\/p>\n<p><strong>SZENTLECKE<\/strong>\u00a0\u00a0 \u00a0\u00a0\u00a0\u00a0\u00a0\u00a0\u00a0\u00a0\u00a0\u00a0\u00a0\u00a0\u00a0\u00a0\u00a0\u00a0\u00a0\u00a0\u00a0\u00a0\u00a0\u00a0\u00a0\u00a0\u00a0\u00a0\u00a0\u00a0\u00a0\u00a0\u00a0\u00a0\u00a0\u00a0\u00a0\u00a0\u00a0\u00a0\u00a0\u00a0\u00a0\u00a0\u00a0\u00a0\u00a0\u00a0\u00a0\u00a0\u00a0<em>Fil 3, 8\u201314<\/em><\/p>\n<p>Az Apostol sajn\u00e1lja, hogy kor\u00e1bbi lelkesed\u00e9se \u00e9s buzg\u00f3s\u00e1ga nem Istenre ir\u00e1nyult, hanem az az emberi szenved\u00e9ly ki\u00e9l\u00e9se volt. Most azonban m\u00e1r \u00e9rt\u00e9ktelennek tekinti, ami\u00e9rt eddig lelkesedett. Megismerte ugyanis az igazs\u00e1got: Krisztus felt\u00e1maszt\u00e1sa \u00e1ltal Isten megmutatta erej\u00e9t, \u00e9s Krisztusban minket is megh\u00edvott a felt\u00e1mad\u00e1sra \u00e9s az \u00f6r\u00f6k \u00e9letre.<\/p>\n<p><strong>EVANG\u00c9LIUM EL\u0150TTI VERS<\/strong>\u00a0\u00a0\u00a0\u00a0\u00a0\u00a0 <em>\u00a0\u00a0\u00a0\u00a0\u00a0\u00a0\u00a0\u00a0\u00a0\u00a0\u00a0\u00a0\u00a0\u00a0\u00a0\u00a0\u00a0Joel 2, 12\u201313<\/em><\/p>\n<p>Teljes sz\u00edvvel t\u00e9rjetek vissza hozz\u00e1m, mondja a mi Urunk Isten\u00fcnk, * mert j\u00f3s\u00e1gos \u00e9s irgalmas vagyok tihozz\u00e1tok!<\/p>\n<p><strong>EVANG\u00c9LIUM<\/strong>\u00a0\u00a0\u00a0\u00a0\u00a0\u00a0\u00a0\u00a0\u00a0\u00a0\u00a0\u00a0\u00a0\u00a0\u00a0\u00a0\u00a0\u00a0\u00a0\u00a0\u00a0\u00a0\u00a0\u00a0\u00a0\u00a0\u00a0\u00a0\u00a0\u00a0\u00a0\u00a0\u00a0\u00a0\u00a0\u00a0\u00a0\u00a0\u00a0\u00a0\u00a0\u00a0\u00a0\u00a0\u00a0\u00a0\u00a0\u00a0\u00a0\u00a0 <em>Jn 8, 1\u201311<\/em><\/p>\n<p>J\u00e9zus a h\u00e1zass\u00e1gt\u00f6r\u0151 asszony eset\u00e9t is alkalmul haszn\u00e1lta fel arra, hogy Isten irgalmass\u00e1g\u00e1t hirdesse. Magatart\u00e1s\u00e1val kifejez\u00e9sre juttatta, hogy a t\u00f6rv\u00e9ny bet\u0171 szerinti, k\u00f6ny\u00f6rtelen alkalmaz\u00e1s\u00e1n\u00e1l t\u00f6k\u00e9letesebb cselekedet: felk\u00edn\u00e1lni a b\u0171n\u00f6snek a megt\u00e9r\u00e9s lehet\u0151s\u00e9g\u00e9t. Ez arra figyelmeztet minket is, hogy m\u00e1sok meg\u00edt\u00e9l\u00e9s\u00e9ben ne legy\u00fcnk sz\u00edvtelenek.<\/p>\n<p><strong>AZ EUCHARISZTI\u00c1HOZ<\/strong><\/p>\n<p>A szentmise\u00e1ldozat J\u00e9zus kereszt\u00e1ldozat\u00e1nak a megjelen\u00edt\u00e9se. Amikor r\u00e9szt vesz\u00fcnk a mis\u00e9n, mondjunk mindig k\u00f6sz\u00f6netet az Isten B\u00e1r\u00e1ny\u00e1nak, J\u00e9zusnak, aki elvette a vil\u00e1g b\u0171neit.<\/p>\n<p>FEKETEVAS\u00c1RNAP<\/p>\n<p>Nagyb\u00f6jt 5. vas\u00e1rnapj\u00e1nak n\u00e9pi neve. A liturgi\u00e1ban egyre er\u0151sebben rajzol\u00f3dik ki a Szenved\u0151 Krisztus k\u00e9pe, megjelenik a F\u00e1jdalmak F\u00e9rfia. Testv\u00e9rek, vegy\u00fcnk r\u00e9szt f\u00e1jdalm\u00e1ban, de l\u00e1ssuk meg benne a Gy\u0151z\u0151t is. N\u00e9zz\u00fck benne a Kir\u00e1lyt, aki szenved\u00e9se \u00e1ltal a kereszt tr\u00f3nj\u00e1r\u00f3l uralkodik. Gondoljuk v\u00e9gig, hogy mennyire vett\u00fck komolyan az idei Nagyb\u00f6jt kih\u00edv\u00e1sait?<\/p>\n<p>Ez a h\u00e9t a b\u0171nb\u00e1nat hete is.\u00a0 Gondoljuk v\u00e9gig: mi is k\u00f6t benn\u00fcnket az \u00e9lethez, \u00e9s mi t\u00e1vol\u00edt el t\u0151le? Mik\u00e9pp teljesedhetne ki az \u00e9let\u00fcnk, ha a b\u0171neink nem tenn\u00e9nek t\u00f6nkre mindent benn\u00fcnk \u00e9s k\u00f6r\u00fcl\u00f6tt\u00fcnk? Hogyan van benne az \u00e9let \u00e9s a hal\u00e1l a gondolatainkban \u00e9s cselekedeteinkben? Most nagyon m\u00e9lyen a sz\u00edv\u00fcnk \u00e9s lelk\u00fcnk legm\u00e9ly\u00e9re kell n\u00e9zn\u00fcnk, hogy meg is l\u00e1ssuk mindazt, ami benn\u00fcnk van: mikor t\u00e9r\u00fcnk az \u00e9let, mikor a hal\u00e1l fel\u00e9.<\/p>\n<p>A LETAKART KERESZT<\/p>\n<p>H\u00fasv\u00e9t k\u00f6zvetlen el\u0151k\u00e9sz\u00fcleti ideje k\u00e9t h\u00e9tig tart \u00e9s ez a k\u00e9t h\u00e9t a mai vas\u00e1rnappal kezd\u0151dik. Ennek a vas\u00e1rnapnak a neve az introitusr\u00f3l Judica-vas\u00e1rnap vagy m\u00e1s n\u00e9ven Passio-vas\u00e1rnap. De ide tartozik m\u00e1r e vas\u00e1rnap vigila-\u00fcnnepe is, a Sitientes (Szomj\u00fahoz\u00f3k)-szombat. Az eg\u00e9sz elk\u00f6vetkezend\u0151 hetet a szenved\u00e9s (passio) het\u00e9nek nevezz\u00fck, mert a Szent Kereszt megdics\u0151\u00edt\u00e9se \u00e9s Krisztus hal\u00e1l\u00e1ldozat\u00e1nak gondolata \u00e1ll a liturgia el\u0151ter\u00e9ben. A szentmis\u00e9ben \u00e9s minden m\u00e1s liturgikus cselekm\u00e9nyben eln\u00e9mul a dics\u0151\u00edt\u00e9s, a \u201eGloria Patri\u201d, az olt\u00e1rokon \u00e9s a templomban l\u00e9v\u0151 kereszteken mag\u00e1t a testet lila sz\u00edn\u0171 lepellel takarj\u00e1k le. Mindezeknek a jeleknek speci\u00e1lis jelent\u00e9s\u00fck van. Ezek seg\u00edtenek benn\u00fcnket l\u00e9p\u00e9sr\u0151l l\u00e9p\u00e9sre eljutni nagyp\u00e9ntekhez \u00e9s h\u00fasv\u00e9thoz, azaz J\u00e9zus hal\u00e1l\u00e1hoz \u00e9s dics\u0151s\u00e9ges felt\u00e1mad\u00e1s\u00e1hoz.<\/p>\n<p>A zsolozsm\u00e1ban ugyan gy\u00f6ny\u00f6r\u0171s\u00e9ges himnuszokat \u00e9nekel\u00fcnk a keresztr\u0151l, de az olt\u00e1ron eltakarjuk azon nagy titok ir\u00e1nti h\u00f3dolat jel\u00e9\u00fcl, amely rajta nagyp\u00e9nteken v\u00e9gbe fog menni. A kereszt a gy\u0151zelem jele. A kereszt\u00e9nys\u00e9g korai id\u0151szak\u00e1ban, mintegy a k\u00f6z\u00e9pkor fel\u00e9ig, a keresztet corpus, azaz Krisztus teste n\u00e9lk\u00fcl \u00e1br\u00e1zolt\u00e1k. Gy\u00f6ny\u00f6r\u0171 kereszteket k\u00e9sz\u00edtettek, nemes anyagb\u00f3l, dr\u00e1gak\u00f6vekkel \u00e9kes\u00edtve, hiszen a kereszt a gy\u0151zelmet jelk\u00e9pezte. Ugyanezen okb\u00f3l takarjuk le mi is Krisztus test\u00e9t keresztjeinken.<\/p>\n<p>A kereszt letakar\u00e1s\u00e1t a gy\u00e1sz jel\u00e9\u00fcl \u00e9rtelmezni ellentmond a liturgi\u00e1nak, amely \u00e9ppen ezeken a napokon a zsolozsm\u00e1ban \u00e9s a szentmis\u00e9ben hangosan dics\u0151\u00edti a keresztet. A gy\u0151zelem \u00e9ppen a gy\u0151zelmi jel eltakar\u00e1sa \u00e1ltal v\u00e1lik vil\u00e1goss\u00e1. A h\u00fasv\u00e9t ut\u00e1n leleplezett kereszt \u00edgy lesz a gy\u0151zelem nyilv\u00e1nval\u00f3 jele, ugyan\u00fagy, ahogy a g\u00f6r\u00f6g olt\u00e1rokon lev\u0151 felt\u00e1madott Krisztus is Megv\u00e1lt\u00f3nk gy\u0151zelm\u00e9t jelk\u00e9pezi. A h\u00fasv\u00e9t ut\u00e1n leleplezett keresztet a r\u00f3mai liturgi\u00e1ban \u00fagy kell \u00e9rtelmezn\u00fcnk, ahogy a g\u00f6r\u00f6g liturgi\u00e1ban az ikonokat, amelyek mindig a felt\u00e1madott Krisztust \u00e1br\u00e1zolj\u00e1k.<\/p>\n<p><em>Im\u00e1dunk t\u00e9ged, Krisztus \u00e9s \u00e1ldunk t\u00e9ged.<\/em><\/p>\n<p><em>Mert szent kereszted \u00e1ltal megv\u00e1ltottad a vil\u00e1got!<\/em><\/p>\n<p>&nbsp;<\/p>\n<p>ELM\u00c9LKED\u00c9S<\/p>\n<p>Hit\u00fcnk tan\u00edt\u00e1sa szerint szoros kapcsolat van a b\u0171n \u00e9s a hal\u00e1l k\u00f6z\u00f6tt. A hal\u00e1l ugyanis a b\u0171n r\u00e9v\u00e9n l\u00e9pett a vil\u00e1gba. J\u00e9zus kereszthal\u00e1la \u00e9s felt\u00e1mad\u00e1sa azonban megt\u00f6rte a b\u0171n \u00e9s a hal\u00e1l uralm\u00e1t. Rem\u00e9nyt ad nek\u00fcnk, hogy elnyerhetj\u00fck b\u0171neink bocs\u00e1nat\u00e1t, \u00e9s r\u00e9szes\u00fclhet\u00fcnk a dics\u0151s\u00e9ges felt\u00e1mad\u00e1sban. Az emberi t\u00f6rt\u00e9nelem v\u00e9ge meghozza ezt a teljes gy\u0151zelmet.<\/p>\n","protected":false},"excerpt":{"rendered":"<p>2019. \u00c1PRILIS 7. NAGYB\u00d6JT 5. VAS\u00c1RNAPJA Sokan azt mondj\u00e1k: a rosszat gy\u00f6kerest\u00fcl ki kell irtani. Az evang\u00e9lium szelleme viszont azt k\u00edv\u00e1nja, hogy a fizikai betegs\u00e9ghez hasonl\u00f3an az erk\u00f6lcsi rosszat is igyekezz\u00fcnk meggy\u00f3gy\u00edtani. A l\u00e9lektan \u00e9s nevel\u00e9stan egy\u00e9rtelm\u0171en tan\u00fas\u00edtja, hogy a kem\u00e9ny b\u00fcntet\u00e9sn\u00e9l hat\u00e9konyabb gy\u00f3gyszer a t\u00fcrelem \u00e9s a szeretet. OLVASM\u00c1NY\u00a0\u00a0\u00a0\u00a0 \u00a0\u00a0\u00a0\u00a0\u00a0\u00a0\u00a0\u00a0\u00a0\u00a0\u00a0\u00a0\u00a0\u00a0\u00a0\u00a0\u00a0\u00a0\u00a0\u00a0\u00a0\u00a0\u00a0\u00a0\u00a0\u00a0\u00a0\u00a0\u00a0\u00a0\u00a0\u00a0\u00a0\u00a0\u00a0\u00a0\u00a0\u00a0\u00a0\u00a0\u00a0\u00a0\u00a0\u00a0\u00a0\u00a0\u00a0\u00a0\u00a0\u00a0\u00a0Iz 43, 16\u201321 A pr\u00f3f\u00e9ta\u00a0 azzal vigasztalja a fogs\u00e1gban l\u00e9v\u0151 n\u00e9p\u00e9t: Isten mindig h\u0171 marad a n\u00e9p\u00e9vel k\u00f6t\u00f6tt sz\u00f6vets\u00e9ghez. B\u00edzzanak benne: most is megmutatja majd hatalm\u00e1t, mint a r\u00e9gebbi id\u0151ben. Hazavezeti n\u00e9p\u00e9t, \u00e9lvezni fogj\u00e1k j\u00f3t\u00e9tem\u00e9nyeit, \u00e9s hirdetik majd dics\u0151s\u00e9g\u00e9t. V\u00c1LASZOS ZSOLT\u00c1R \u00a0\u00a0\u00a0\u00a0\u00a0\u00a0\u00a0\u00a0\u00a0\u00a0\u00a0\u00a0\u00a0\u00a0\u00a0\u00a0\u00a0\u00a0\u00a0\u00a0\u00a0\u00a0\u00a0\u00a0\u00a0\u00a0\u00a0\u00a0\u00a0\u00a0\u00a0\u00a0\u00a0\u00a0\u00a0125. Zsolt\u00e1r V\u00e1lasz: Hatalmas dolgot m\u0171velt az \u00dar v\u00e9l\u00fcnk, * \u00a0\u00a0\u00a0\u00a0\u00a0\u00a0\u00a0\u00a0\u00a0\u00a0\u00a0\u00a0\u00a0 az\u00e9rt sz\u00edvb\u0151l ujjongunk. SZENTLECKE\u00a0\u00a0 \u00a0\u00a0\u00a0\u00a0\u00a0\u00a0\u00a0\u00a0\u00a0\u00a0\u00a0\u00a0\u00a0\u00a0\u00a0\u00a0\u00a0\u00a0\u00a0\u00a0\u00a0\u00a0\u00a0\u00a0\u00a0\u00a0\u00a0\u00a0\u00a0\u00a0\u00a0\u00a0\u00a0\u00a0\u00a0\u00a0\u00a0\u00a0\u00a0\u00a0\u00a0\u00a0\u00a0\u00a0\u00a0\u00a0\u00a0\u00a0\u00a0Fil 3, 8\u201314 Az Apostol sajn\u00e1lja, hogy kor\u00e1bbi lelkesed\u00e9se \u00e9s buzg\u00f3s\u00e1ga nem Istenre ir\u00e1nyult, hanem az az emberi szenved\u00e9ly ki\u00e9l\u00e9se volt. Most azonban m\u00e1r \u00e9rt\u00e9ktelennek tekinti, ami\u00e9rt eddig lelkesedett. Megismerte ugyanis az igazs\u00e1got: Krisztus felt\u00e1maszt\u00e1sa \u00e1ltal Isten megmutatta erej\u00e9t, \u00e9s Krisztusban minket is megh\u00edvott a felt\u00e1mad\u00e1sra \u00e9s az \u00f6r\u00f6k \u00e9letre. EVANG\u00c9LIUM EL\u0150TTI VERS\u00a0\u00a0\u00a0\u00a0\u00a0\u00a0 \u00a0\u00a0\u00a0\u00a0\u00a0\u00a0\u00a0\u00a0\u00a0\u00a0\u00a0\u00a0\u00a0\u00a0\u00a0\u00a0\u00a0Joel 2, 12\u201313 Teljes sz\u00edvvel t\u00e9rjetek vissza hozz\u00e1m, mondja a mi Urunk Isten\u00fcnk, * mert j\u00f3s\u00e1gos \u00e9s irgalmas vagyok tihozz\u00e1tok! EVANG\u00c9LIUM\u00a0\u00a0\u00a0\u00a0\u00a0\u00a0\u00a0\u00a0\u00a0\u00a0\u00a0\u00a0\u00a0\u00a0\u00a0\u00a0\u00a0\u00a0\u00a0\u00a0\u00a0\u00a0\u00a0\u00a0\u00a0\u00a0\u00a0\u00a0\u00a0\u00a0\u00a0\u00a0\u00a0\u00a0\u00a0\u00a0\u00a0\u00a0\u00a0\u00a0\u00a0\u00a0\u00a0\u00a0\u00a0\u00a0\u00a0\u00a0\u00a0\u00a0 Jn 8, 1\u201311 J\u00e9zus a h\u00e1zass\u00e1gt\u00f6r\u0151 asszony eset\u00e9t is alkalmul haszn\u00e1lta fel arra, hogy Isten irgalmass\u00e1g\u00e1t hirdesse. Magatart\u00e1s\u00e1val kifejez\u00e9sre juttatta, hogy a t\u00f6rv\u00e9ny bet\u0171 szerinti, k\u00f6ny\u00f6rtelen alkalmaz\u00e1s\u00e1n\u00e1l t\u00f6k\u00e9letesebb cselekedet: felk\u00edn\u00e1lni a b\u0171n\u00f6snek a megt\u00e9r\u00e9s lehet\u0151s\u00e9g\u00e9t. Ez arra figyelmeztet minket is, hogy m\u00e1sok meg\u00edt\u00e9l\u00e9s\u00e9ben ne legy\u00fcnk sz\u00edvtelenek. AZ EUCHARISZTI\u00c1HOZ A szentmise\u00e1ldozat J\u00e9zus kereszt\u00e1ldozat\u00e1nak a megjelen\u00edt\u00e9se. Amikor r\u00e9szt vesz\u00fcnk a mis\u00e9n, mondjunk mindig k\u00f6sz\u00f6netet az Isten B\u00e1r\u00e1ny\u00e1nak, J\u00e9zusnak, aki elvette a vil\u00e1g b\u0171neit. FEKETEVAS\u00c1RNAP Nagyb\u00f6jt 5. vas\u00e1rnapj\u00e1nak n\u00e9pi neve. A liturgi\u00e1ban egyre er\u0151sebben rajzol\u00f3dik ki a Szenved\u0151 Krisztus k\u00e9pe, megjelenik a F\u00e1jdalmak F\u00e9rfia. Testv\u00e9rek, vegy\u00fcnk r\u00e9szt f\u00e1jdalm\u00e1ban, de l\u00e1ssuk meg benne a Gy\u0151z\u0151t is. N\u00e9zz\u00fck benne a Kir\u00e1lyt, aki szenved\u00e9se \u00e1ltal a kereszt tr\u00f3nj\u00e1r\u00f3l uralkodik. Gondoljuk v\u00e9gig, hogy mennyire vett\u00fck komolyan az&#8230; <\/p>\n<p><a class=\"readmore\" href=\"https:\/\/stuttgarti-katolikusok.de\/index.php\/nagybojt-5-vasarnapja\/\">R\u00e9szletek<\/a><\/p>\n","protected":false},"author":3,"featured_media":0,"comment_status":"closed","ping_status":"closed","sticky":false,"template":"","format":"standard","meta":{"footnotes":""},"categories":[63],"tags":[],"class_list":["post-16556","post","type-post","status-publish","format-standard","hentry","category-vasarnapi-gondolatok"],"yoast_head":"<!-- This site is optimized with the Yoast SEO plugin v27.3 - https:\/\/yoast.com\/product\/yoast-seo-wordpress\/ -->\n<title>Nagyb\u00f6jt 5. vas\u00e1rnapja - Stuttgarti Katolikusok<\/title>\n<meta name=\"robots\" content=\"index, follow, max-snippet:-1, max-image-preview:large, max-video-preview:-1\" \/>\n<link rel=\"canonical\" href=\"https:\/\/stuttgarti-katolikusok.de\/index.php\/nagybojt-5-vasarnapja\/\" \/>\n<meta property=\"og:locale\" content=\"hu_HU\" \/>\n<meta property=\"og:type\" content=\"article\" \/>\n<meta property=\"og:title\" content=\"Nagyb\u00f6jt 5. vas\u00e1rnapja - Stuttgarti Katolikusok\" \/>\n<meta property=\"og:description\" content=\"2019. \u00c1PRILIS 7. NAGYB\u00d6JT 5. VAS\u00c1RNAPJA Sokan azt mondj\u00e1k: a rosszat gy\u00f6kerest\u00fcl ki kell irtani. Az evang\u00e9lium szelleme viszont azt k\u00edv\u00e1nja, hogy a fizikai betegs\u00e9ghez hasonl\u00f3an az erk\u00f6lcsi rosszat is igyekezz\u00fcnk meggy\u00f3gy\u00edtani. A l\u00e9lektan \u00e9s nevel\u00e9stan egy\u00e9rtelm\u0171en tan\u00fas\u00edtja, hogy a kem\u00e9ny b\u00fcntet\u00e9sn\u00e9l hat\u00e9konyabb gy\u00f3gyszer a t\u00fcrelem \u00e9s a szeretet. OLVASM\u00c1NY\u00a0\u00a0\u00a0\u00a0 \u00a0\u00a0\u00a0\u00a0\u00a0\u00a0\u00a0\u00a0\u00a0\u00a0\u00a0\u00a0\u00a0\u00a0\u00a0\u00a0\u00a0\u00a0\u00a0\u00a0\u00a0\u00a0\u00a0\u00a0\u00a0\u00a0\u00a0\u00a0\u00a0\u00a0\u00a0\u00a0\u00a0\u00a0\u00a0\u00a0\u00a0\u00a0\u00a0\u00a0\u00a0\u00a0\u00a0\u00a0\u00a0\u00a0\u00a0\u00a0\u00a0\u00a0\u00a0Iz 43, 16\u201321 A pr\u00f3f\u00e9ta\u00a0 azzal vigasztalja a fogs\u00e1gban l\u00e9v\u0151 n\u00e9p\u00e9t: Isten mindig h\u0171 marad a n\u00e9p\u00e9vel k\u00f6t\u00f6tt sz\u00f6vets\u00e9ghez. B\u00edzzanak benne: most is megmutatja majd hatalm\u00e1t, mint a r\u00e9gebbi id\u0151ben. Hazavezeti n\u00e9p\u00e9t, \u00e9lvezni fogj\u00e1k j\u00f3t\u00e9tem\u00e9nyeit, \u00e9s hirdetik majd dics\u0151s\u00e9g\u00e9t. V\u00c1LASZOS ZSOLT\u00c1R \u00a0\u00a0\u00a0\u00a0\u00a0\u00a0\u00a0\u00a0\u00a0\u00a0\u00a0\u00a0\u00a0\u00a0\u00a0\u00a0\u00a0\u00a0\u00a0\u00a0\u00a0\u00a0\u00a0\u00a0\u00a0\u00a0\u00a0\u00a0\u00a0\u00a0\u00a0\u00a0\u00a0\u00a0\u00a0125. Zsolt\u00e1r V\u00e1lasz: Hatalmas dolgot m\u0171velt az \u00dar v\u00e9l\u00fcnk, * \u00a0\u00a0\u00a0\u00a0\u00a0\u00a0\u00a0\u00a0\u00a0\u00a0\u00a0\u00a0\u00a0 az\u00e9rt sz\u00edvb\u0151l ujjongunk. SZENTLECKE\u00a0\u00a0 \u00a0\u00a0\u00a0\u00a0\u00a0\u00a0\u00a0\u00a0\u00a0\u00a0\u00a0\u00a0\u00a0\u00a0\u00a0\u00a0\u00a0\u00a0\u00a0\u00a0\u00a0\u00a0\u00a0\u00a0\u00a0\u00a0\u00a0\u00a0\u00a0\u00a0\u00a0\u00a0\u00a0\u00a0\u00a0\u00a0\u00a0\u00a0\u00a0\u00a0\u00a0\u00a0\u00a0\u00a0\u00a0\u00a0\u00a0\u00a0\u00a0Fil 3, 8\u201314 Az Apostol sajn\u00e1lja, hogy kor\u00e1bbi lelkesed\u00e9se \u00e9s buzg\u00f3s\u00e1ga nem Istenre ir\u00e1nyult, hanem az az emberi szenved\u00e9ly ki\u00e9l\u00e9se volt. Most azonban m\u00e1r \u00e9rt\u00e9ktelennek tekinti, ami\u00e9rt eddig lelkesedett. Megismerte ugyanis az igazs\u00e1got: Krisztus felt\u00e1maszt\u00e1sa \u00e1ltal Isten megmutatta erej\u00e9t, \u00e9s Krisztusban minket is megh\u00edvott a felt\u00e1mad\u00e1sra \u00e9s az \u00f6r\u00f6k \u00e9letre. EVANG\u00c9LIUM EL\u0150TTI VERS\u00a0\u00a0\u00a0\u00a0\u00a0\u00a0 \u00a0\u00a0\u00a0\u00a0\u00a0\u00a0\u00a0\u00a0\u00a0\u00a0\u00a0\u00a0\u00a0\u00a0\u00a0\u00a0\u00a0Joel 2, 12\u201313 Teljes sz\u00edvvel t\u00e9rjetek vissza hozz\u00e1m, mondja a mi Urunk Isten\u00fcnk, * mert j\u00f3s\u00e1gos \u00e9s irgalmas vagyok tihozz\u00e1tok! EVANG\u00c9LIUM\u00a0\u00a0\u00a0\u00a0\u00a0\u00a0\u00a0\u00a0\u00a0\u00a0\u00a0\u00a0\u00a0\u00a0\u00a0\u00a0\u00a0\u00a0\u00a0\u00a0\u00a0\u00a0\u00a0\u00a0\u00a0\u00a0\u00a0\u00a0\u00a0\u00a0\u00a0\u00a0\u00a0\u00a0\u00a0\u00a0\u00a0\u00a0\u00a0\u00a0\u00a0\u00a0\u00a0\u00a0\u00a0\u00a0\u00a0\u00a0\u00a0\u00a0 Jn 8, 1\u201311 J\u00e9zus a h\u00e1zass\u00e1gt\u00f6r\u0151 asszony eset\u00e9t is alkalmul haszn\u00e1lta fel arra, hogy Isten irgalmass\u00e1g\u00e1t hirdesse. Magatart\u00e1s\u00e1val kifejez\u00e9sre juttatta, hogy a t\u00f6rv\u00e9ny bet\u0171 szerinti, k\u00f6ny\u00f6rtelen alkalmaz\u00e1s\u00e1n\u00e1l t\u00f6k\u00e9letesebb cselekedet: felk\u00edn\u00e1lni a b\u0171n\u00f6snek a megt\u00e9r\u00e9s lehet\u0151s\u00e9g\u00e9t. Ez arra figyelmeztet minket is, hogy m\u00e1sok meg\u00edt\u00e9l\u00e9s\u00e9ben ne legy\u00fcnk sz\u00edvtelenek. AZ EUCHARISZTI\u00c1HOZ A szentmise\u00e1ldozat J\u00e9zus kereszt\u00e1ldozat\u00e1nak a megjelen\u00edt\u00e9se. Amikor r\u00e9szt vesz\u00fcnk a mis\u00e9n, mondjunk mindig k\u00f6sz\u00f6netet az Isten B\u00e1r\u00e1ny\u00e1nak, J\u00e9zusnak, aki elvette a vil\u00e1g b\u0171neit. FEKETEVAS\u00c1RNAP Nagyb\u00f6jt 5. vas\u00e1rnapj\u00e1nak n\u00e9pi neve. A liturgi\u00e1ban egyre er\u0151sebben rajzol\u00f3dik ki a Szenved\u0151 Krisztus k\u00e9pe, megjelenik a F\u00e1jdalmak F\u00e9rfia. Testv\u00e9rek, vegy\u00fcnk r\u00e9szt f\u00e1jdalm\u00e1ban, de l\u00e1ssuk meg benne a Gy\u0151z\u0151t is. N\u00e9zz\u00fck benne a Kir\u00e1lyt, aki szenved\u00e9se \u00e1ltal a kereszt tr\u00f3nj\u00e1r\u00f3l uralkodik. Gondoljuk v\u00e9gig, hogy mennyire vett\u00fck komolyan az... R\u00e9szletek\" \/>\n<meta property=\"og:url\" content=\"https:\/\/stuttgarti-katolikusok.de\/index.php\/nagybojt-5-vasarnapja\/\" \/>\n<meta property=\"og:site_name\" content=\"Stuttgarti Katolikusok\" \/>\n<meta property=\"article:published_time\" content=\"2019-04-05T05:52:25+00:00\" \/>\n<meta property=\"article:modified_time\" content=\"2019-04-05T08:24:22+00:00\" \/>\n<meta name=\"author\" content=\"Tibor atya\" \/>\n<meta name=\"twitter:card\" content=\"summary_large_image\" \/>\n<meta name=\"twitter:label1\" content=\"Szerz\u0151:\" \/>\n\t<meta name=\"twitter:data1\" content=\"Tibor atya\" \/>\n\t<meta name=\"twitter:label2\" content=\"Becs\u00fclt olvas\u00e1si id\u0151\" \/>\n\t<meta name=\"twitter:data2\" content=\"5 perc\" \/>\n<script type=\"application\/ld+json\" class=\"yoast-schema-graph\">{\"@context\":\"https:\\\/\\\/schema.org\",\"@graph\":[{\"@type\":\"Article\",\"@id\":\"https:\\\/\\\/stuttgarti-katolikusok.de\\\/index.php\\\/nagybojt-5-vasarnapja\\\/#article\",\"isPartOf\":{\"@id\":\"https:\\\/\\\/stuttgarti-katolikusok.de\\\/index.php\\\/nagybojt-5-vasarnapja\\\/\"},\"author\":{\"name\":\"Tibor atya\",\"@id\":\"https:\\\/\\\/stuttgarti-katolikusok.de\\\/#\\\/schema\\\/person\\\/75908d6f8fdc03a57889d27209df7795\"},\"headline\":\"Nagyb\u00f6jt 5. vas\u00e1rnapja\",\"datePublished\":\"2019-04-05T05:52:25+00:00\",\"dateModified\":\"2019-04-05T08:24:22+00:00\",\"mainEntityOfPage\":{\"@id\":\"https:\\\/\\\/stuttgarti-katolikusok.de\\\/index.php\\\/nagybojt-5-vasarnapja\\\/\"},\"wordCount\":1094,\"articleSection\":[\"Vas\u00e1rnapi gondolatok\"],\"inLanguage\":\"hu\"},{\"@type\":\"WebPage\",\"@id\":\"https:\\\/\\\/stuttgarti-katolikusok.de\\\/index.php\\\/nagybojt-5-vasarnapja\\\/\",\"url\":\"https:\\\/\\\/stuttgarti-katolikusok.de\\\/index.php\\\/nagybojt-5-vasarnapja\\\/\",\"name\":\"Nagyb\u00f6jt 5. vas\u00e1rnapja - Stuttgarti Katolikusok\",\"isPartOf\":{\"@id\":\"https:\\\/\\\/stuttgarti-katolikusok.de\\\/#website\"},\"datePublished\":\"2019-04-05T05:52:25+00:00\",\"dateModified\":\"2019-04-05T08:24:22+00:00\",\"author\":{\"@id\":\"https:\\\/\\\/stuttgarti-katolikusok.de\\\/#\\\/schema\\\/person\\\/75908d6f8fdc03a57889d27209df7795\"},\"breadcrumb\":{\"@id\":\"https:\\\/\\\/stuttgarti-katolikusok.de\\\/index.php\\\/nagybojt-5-vasarnapja\\\/#breadcrumb\"},\"inLanguage\":\"hu\",\"potentialAction\":[{\"@type\":\"ReadAction\",\"target\":[\"https:\\\/\\\/stuttgarti-katolikusok.de\\\/index.php\\\/nagybojt-5-vasarnapja\\\/\"]}]},{\"@type\":\"BreadcrumbList\",\"@id\":\"https:\\\/\\\/stuttgarti-katolikusok.de\\\/index.php\\\/nagybojt-5-vasarnapja\\\/#breadcrumb\",\"itemListElement\":[{\"@type\":\"ListItem\",\"position\":1,\"name\":\"Kezd\u0151lap\",\"item\":\"https:\\\/\\\/stuttgarti-katolikusok.de\\\/\"},{\"@type\":\"ListItem\",\"position\":2,\"name\":\"Nagyb\u00f6jt 5. vas\u00e1rnapja\"}]},{\"@type\":\"WebSite\",\"@id\":\"https:\\\/\\\/stuttgarti-katolikusok.de\\\/#website\",\"url\":\"https:\\\/\\\/stuttgarti-katolikusok.de\\\/\",\"name\":\"Stuttgarti Katolikusok\",\"description\":\"\",\"potentialAction\":[{\"@type\":\"SearchAction\",\"target\":{\"@type\":\"EntryPoint\",\"urlTemplate\":\"https:\\\/\\\/stuttgarti-katolikusok.de\\\/?s={search_term_string}\"},\"query-input\":{\"@type\":\"PropertyValueSpecification\",\"valueRequired\":true,\"valueName\":\"search_term_string\"}}],\"inLanguage\":\"hu\"},{\"@type\":\"Person\",\"@id\":\"https:\\\/\\\/stuttgarti-katolikusok.de\\\/#\\\/schema\\\/person\\\/75908d6f8fdc03a57889d27209df7795\",\"name\":\"Tibor atya\",\"image\":{\"@type\":\"ImageObject\",\"inLanguage\":\"hu\",\"@id\":\"https:\\\/\\\/secure.gravatar.com\\\/avatar\\\/61d268e57d1f4525b111222e29d2d5a7f8c420fdbf231ba5566a8ceac74fa960?s=96&d=mm&r=g\",\"url\":\"https:\\\/\\\/secure.gravatar.com\\\/avatar\\\/61d268e57d1f4525b111222e29d2d5a7f8c420fdbf231ba5566a8ceac74fa960?s=96&d=mm&r=g\",\"contentUrl\":\"https:\\\/\\\/secure.gravatar.com\\\/avatar\\\/61d268e57d1f4525b111222e29d2d5a7f8c420fdbf231ba5566a8ceac74fa960?s=96&d=mm&r=g\",\"caption\":\"Tibor atya\"},\"url\":\"https:\\\/\\\/stuttgarti-katolikusok.de\\\/index.php\\\/author\\\/tibor-atya\\\/\"}]}<\/script>\n<!-- \/ Yoast SEO plugin. -->","yoast_head_json":{"title":"Nagyb\u00f6jt 5. vas\u00e1rnapja - Stuttgarti Katolikusok","robots":{"index":"index","follow":"follow","max-snippet":"max-snippet:-1","max-image-preview":"max-image-preview:large","max-video-preview":"max-video-preview:-1"},"canonical":"https:\/\/stuttgarti-katolikusok.de\/index.php\/nagybojt-5-vasarnapja\/","og_locale":"hu_HU","og_type":"article","og_title":"Nagyb\u00f6jt 5. vas\u00e1rnapja - Stuttgarti Katolikusok","og_description":"2019. \u00c1PRILIS 7. NAGYB\u00d6JT 5. VAS\u00c1RNAPJA Sokan azt mondj\u00e1k: a rosszat gy\u00f6kerest\u00fcl ki kell irtani. Az evang\u00e9lium szelleme viszont azt k\u00edv\u00e1nja, hogy a fizikai betegs\u00e9ghez hasonl\u00f3an az erk\u00f6lcsi rosszat is igyekezz\u00fcnk meggy\u00f3gy\u00edtani. A l\u00e9lektan \u00e9s nevel\u00e9stan egy\u00e9rtelm\u0171en tan\u00fas\u00edtja, hogy a kem\u00e9ny b\u00fcntet\u00e9sn\u00e9l hat\u00e9konyabb gy\u00f3gyszer a t\u00fcrelem \u00e9s a szeretet. OLVASM\u00c1NY\u00a0\u00a0\u00a0\u00a0 \u00a0\u00a0\u00a0\u00a0\u00a0\u00a0\u00a0\u00a0\u00a0\u00a0\u00a0\u00a0\u00a0\u00a0\u00a0\u00a0\u00a0\u00a0\u00a0\u00a0\u00a0\u00a0\u00a0\u00a0\u00a0\u00a0\u00a0\u00a0\u00a0\u00a0\u00a0\u00a0\u00a0\u00a0\u00a0\u00a0\u00a0\u00a0\u00a0\u00a0\u00a0\u00a0\u00a0\u00a0\u00a0\u00a0\u00a0\u00a0\u00a0\u00a0\u00a0Iz 43, 16\u201321 A pr\u00f3f\u00e9ta\u00a0 azzal vigasztalja a fogs\u00e1gban l\u00e9v\u0151 n\u00e9p\u00e9t: Isten mindig h\u0171 marad a n\u00e9p\u00e9vel k\u00f6t\u00f6tt sz\u00f6vets\u00e9ghez. B\u00edzzanak benne: most is megmutatja majd hatalm\u00e1t, mint a r\u00e9gebbi id\u0151ben. Hazavezeti n\u00e9p\u00e9t, \u00e9lvezni fogj\u00e1k j\u00f3t\u00e9tem\u00e9nyeit, \u00e9s hirdetik majd dics\u0151s\u00e9g\u00e9t. V\u00c1LASZOS ZSOLT\u00c1R \u00a0\u00a0\u00a0\u00a0\u00a0\u00a0\u00a0\u00a0\u00a0\u00a0\u00a0\u00a0\u00a0\u00a0\u00a0\u00a0\u00a0\u00a0\u00a0\u00a0\u00a0\u00a0\u00a0\u00a0\u00a0\u00a0\u00a0\u00a0\u00a0\u00a0\u00a0\u00a0\u00a0\u00a0\u00a0125. Zsolt\u00e1r V\u00e1lasz: Hatalmas dolgot m\u0171velt az \u00dar v\u00e9l\u00fcnk, * \u00a0\u00a0\u00a0\u00a0\u00a0\u00a0\u00a0\u00a0\u00a0\u00a0\u00a0\u00a0\u00a0 az\u00e9rt sz\u00edvb\u0151l ujjongunk. SZENTLECKE\u00a0\u00a0 \u00a0\u00a0\u00a0\u00a0\u00a0\u00a0\u00a0\u00a0\u00a0\u00a0\u00a0\u00a0\u00a0\u00a0\u00a0\u00a0\u00a0\u00a0\u00a0\u00a0\u00a0\u00a0\u00a0\u00a0\u00a0\u00a0\u00a0\u00a0\u00a0\u00a0\u00a0\u00a0\u00a0\u00a0\u00a0\u00a0\u00a0\u00a0\u00a0\u00a0\u00a0\u00a0\u00a0\u00a0\u00a0\u00a0\u00a0\u00a0\u00a0Fil 3, 8\u201314 Az Apostol sajn\u00e1lja, hogy kor\u00e1bbi lelkesed\u00e9se \u00e9s buzg\u00f3s\u00e1ga nem Istenre ir\u00e1nyult, hanem az az emberi szenved\u00e9ly ki\u00e9l\u00e9se volt. Most azonban m\u00e1r \u00e9rt\u00e9ktelennek tekinti, ami\u00e9rt eddig lelkesedett. Megismerte ugyanis az igazs\u00e1got: Krisztus felt\u00e1maszt\u00e1sa \u00e1ltal Isten megmutatta erej\u00e9t, \u00e9s Krisztusban minket is megh\u00edvott a felt\u00e1mad\u00e1sra \u00e9s az \u00f6r\u00f6k \u00e9letre. EVANG\u00c9LIUM EL\u0150TTI VERS\u00a0\u00a0\u00a0\u00a0\u00a0\u00a0 \u00a0\u00a0\u00a0\u00a0\u00a0\u00a0\u00a0\u00a0\u00a0\u00a0\u00a0\u00a0\u00a0\u00a0\u00a0\u00a0\u00a0Joel 2, 12\u201313 Teljes sz\u00edvvel t\u00e9rjetek vissza hozz\u00e1m, mondja a mi Urunk Isten\u00fcnk, * mert j\u00f3s\u00e1gos \u00e9s irgalmas vagyok tihozz\u00e1tok! EVANG\u00c9LIUM\u00a0\u00a0\u00a0\u00a0\u00a0\u00a0\u00a0\u00a0\u00a0\u00a0\u00a0\u00a0\u00a0\u00a0\u00a0\u00a0\u00a0\u00a0\u00a0\u00a0\u00a0\u00a0\u00a0\u00a0\u00a0\u00a0\u00a0\u00a0\u00a0\u00a0\u00a0\u00a0\u00a0\u00a0\u00a0\u00a0\u00a0\u00a0\u00a0\u00a0\u00a0\u00a0\u00a0\u00a0\u00a0\u00a0\u00a0\u00a0\u00a0\u00a0 Jn 8, 1\u201311 J\u00e9zus a h\u00e1zass\u00e1gt\u00f6r\u0151 asszony eset\u00e9t is alkalmul haszn\u00e1lta fel arra, hogy Isten irgalmass\u00e1g\u00e1t hirdesse. Magatart\u00e1s\u00e1val kifejez\u00e9sre juttatta, hogy a t\u00f6rv\u00e9ny bet\u0171 szerinti, k\u00f6ny\u00f6rtelen alkalmaz\u00e1s\u00e1n\u00e1l t\u00f6k\u00e9letesebb cselekedet: felk\u00edn\u00e1lni a b\u0171n\u00f6snek a megt\u00e9r\u00e9s lehet\u0151s\u00e9g\u00e9t. Ez arra figyelmeztet minket is, hogy m\u00e1sok meg\u00edt\u00e9l\u00e9s\u00e9ben ne legy\u00fcnk sz\u00edvtelenek. AZ EUCHARISZTI\u00c1HOZ A szentmise\u00e1ldozat J\u00e9zus kereszt\u00e1ldozat\u00e1nak a megjelen\u00edt\u00e9se. Amikor r\u00e9szt vesz\u00fcnk a mis\u00e9n, mondjunk mindig k\u00f6sz\u00f6netet az Isten B\u00e1r\u00e1ny\u00e1nak, J\u00e9zusnak, aki elvette a vil\u00e1g b\u0171neit. FEKETEVAS\u00c1RNAP Nagyb\u00f6jt 5. vas\u00e1rnapj\u00e1nak n\u00e9pi neve. A liturgi\u00e1ban egyre er\u0151sebben rajzol\u00f3dik ki a Szenved\u0151 Krisztus k\u00e9pe, megjelenik a F\u00e1jdalmak F\u00e9rfia. Testv\u00e9rek, vegy\u00fcnk r\u00e9szt f\u00e1jdalm\u00e1ban, de l\u00e1ssuk meg benne a Gy\u0151z\u0151t is. N\u00e9zz\u00fck benne a Kir\u00e1lyt, aki szenved\u00e9se \u00e1ltal a kereszt tr\u00f3nj\u00e1r\u00f3l uralkodik. Gondoljuk v\u00e9gig, hogy mennyire vett\u00fck komolyan az... R\u00e9szletek","og_url":"https:\/\/stuttgarti-katolikusok.de\/index.php\/nagybojt-5-vasarnapja\/","og_site_name":"Stuttgarti Katolikusok","article_published_time":"2019-04-05T05:52:25+00:00","article_modified_time":"2019-04-05T08:24:22+00:00","author":"Tibor atya","twitter_card":"summary_large_image","twitter_misc":{"Szerz\u0151:":"Tibor atya","Becs\u00fclt olvas\u00e1si id\u0151":"5 perc"},"schema":{"@context":"https:\/\/schema.org","@graph":[{"@type":"Article","@id":"https:\/\/stuttgarti-katolikusok.de\/index.php\/nagybojt-5-vasarnapja\/#article","isPartOf":{"@id":"https:\/\/stuttgarti-katolikusok.de\/index.php\/nagybojt-5-vasarnapja\/"},"author":{"name":"Tibor atya","@id":"https:\/\/stuttgarti-katolikusok.de\/#\/schema\/person\/75908d6f8fdc03a57889d27209df7795"},"headline":"Nagyb\u00f6jt 5. vas\u00e1rnapja","datePublished":"2019-04-05T05:52:25+00:00","dateModified":"2019-04-05T08:24:22+00:00","mainEntityOfPage":{"@id":"https:\/\/stuttgarti-katolikusok.de\/index.php\/nagybojt-5-vasarnapja\/"},"wordCount":1094,"articleSection":["Vas\u00e1rnapi gondolatok"],"inLanguage":"hu"},{"@type":"WebPage","@id":"https:\/\/stuttgarti-katolikusok.de\/index.php\/nagybojt-5-vasarnapja\/","url":"https:\/\/stuttgarti-katolikusok.de\/index.php\/nagybojt-5-vasarnapja\/","name":"Nagyb\u00f6jt 5. vas\u00e1rnapja - Stuttgarti Katolikusok","isPartOf":{"@id":"https:\/\/stuttgarti-katolikusok.de\/#website"},"datePublished":"2019-04-05T05:52:25+00:00","dateModified":"2019-04-05T08:24:22+00:00","author":{"@id":"https:\/\/stuttgarti-katolikusok.de\/#\/schema\/person\/75908d6f8fdc03a57889d27209df7795"},"breadcrumb":{"@id":"https:\/\/stuttgarti-katolikusok.de\/index.php\/nagybojt-5-vasarnapja\/#breadcrumb"},"inLanguage":"hu","potentialAction":[{"@type":"ReadAction","target":["https:\/\/stuttgarti-katolikusok.de\/index.php\/nagybojt-5-vasarnapja\/"]}]},{"@type":"BreadcrumbList","@id":"https:\/\/stuttgarti-katolikusok.de\/index.php\/nagybojt-5-vasarnapja\/#breadcrumb","itemListElement":[{"@type":"ListItem","position":1,"name":"Kezd\u0151lap","item":"https:\/\/stuttgarti-katolikusok.de\/"},{"@type":"ListItem","position":2,"name":"Nagyb\u00f6jt 5. vas\u00e1rnapja"}]},{"@type":"WebSite","@id":"https:\/\/stuttgarti-katolikusok.de\/#website","url":"https:\/\/stuttgarti-katolikusok.de\/","name":"Stuttgarti Katolikusok","description":"","potentialAction":[{"@type":"SearchAction","target":{"@type":"EntryPoint","urlTemplate":"https:\/\/stuttgarti-katolikusok.de\/?s={search_term_string}"},"query-input":{"@type":"PropertyValueSpecification","valueRequired":true,"valueName":"search_term_string"}}],"inLanguage":"hu"},{"@type":"Person","@id":"https:\/\/stuttgarti-katolikusok.de\/#\/schema\/person\/75908d6f8fdc03a57889d27209df7795","name":"Tibor atya","image":{"@type":"ImageObject","inLanguage":"hu","@id":"https:\/\/secure.gravatar.com\/avatar\/61d268e57d1f4525b111222e29d2d5a7f8c420fdbf231ba5566a8ceac74fa960?s=96&d=mm&r=g","url":"https:\/\/secure.gravatar.com\/avatar\/61d268e57d1f4525b111222e29d2d5a7f8c420fdbf231ba5566a8ceac74fa960?s=96&d=mm&r=g","contentUrl":"https:\/\/secure.gravatar.com\/avatar\/61d268e57d1f4525b111222e29d2d5a7f8c420fdbf231ba5566a8ceac74fa960?s=96&d=mm&r=g","caption":"Tibor atya"},"url":"https:\/\/stuttgarti-katolikusok.de\/index.php\/author\/tibor-atya\/"}]}},"_links":{"self":[{"href":"https:\/\/stuttgarti-katolikusok.de\/index.php\/wp-json\/wp\/v2\/posts\/16556","targetHints":{"allow":["GET"]}}],"collection":[{"href":"https:\/\/stuttgarti-katolikusok.de\/index.php\/wp-json\/wp\/v2\/posts"}],"about":[{"href":"https:\/\/stuttgarti-katolikusok.de\/index.php\/wp-json\/wp\/v2\/types\/post"}],"author":[{"embeddable":true,"href":"https:\/\/stuttgarti-katolikusok.de\/index.php\/wp-json\/wp\/v2\/users\/3"}],"replies":[{"embeddable":true,"href":"https:\/\/stuttgarti-katolikusok.de\/index.php\/wp-json\/wp\/v2\/comments?post=16556"}],"version-history":[{"count":2,"href":"https:\/\/stuttgarti-katolikusok.de\/index.php\/wp-json\/wp\/v2\/posts\/16556\/revisions"}],"predecessor-version":[{"id":16559,"href":"https:\/\/stuttgarti-katolikusok.de\/index.php\/wp-json\/wp\/v2\/posts\/16556\/revisions\/16559"}],"wp:attachment":[{"href":"https:\/\/stuttgarti-katolikusok.de\/index.php\/wp-json\/wp\/v2\/media?parent=16556"}],"wp:term":[{"taxonomy":"category","embeddable":true,"href":"https:\/\/stuttgarti-katolikusok.de\/index.php\/wp-json\/wp\/v2\/categories?post=16556"},{"taxonomy":"post_tag","embeddable":true,"href":"https:\/\/stuttgarti-katolikusok.de\/index.php\/wp-json\/wp\/v2\/tags?post=16556"}],"curies":[{"name":"wp","href":"https:\/\/api.w.org\/{rel}","templated":true}]}}