{"id":16482,"date":"2019-03-26T07:48:16","date_gmt":"2019-03-26T07:48:16","guid":{"rendered":"https:\/\/gracious-dewdney.138-201-221-2.plesk.page\/?p=16482"},"modified":"2020-04-27T15:56:47","modified_gmt":"2020-04-27T15:56:47","slug":"programelozetes-marcius-25-es-31-kozott","status":"publish","type":"post","link":"https:\/\/stuttgarti-katolikusok.de\/index.php\/programelozetes-marcius-25-es-31-kozott\/","title":{"rendered":"Programel\u0151zetes m\u00e1rcius 25 \u00e9s 31 k\u00f6z\u00f6tt"},"content":{"rendered":"<p><strong>Programel\u0151zetes<\/strong><\/p>\n<p><strong>M\u00e1rcius 27-\u00e9n,<\/strong> szerd\u00e1n,<\/p>\n<p><strong>\u00a0\u00a0\u00a0\u00a0\u00a0\u00a0\u00a0\u00a0\u00a0\u00a0\u00a0 Stuttgartban <\/strong>10.15 \u00f3rakor <em>n\u00e9metnyelv\u0171 szentmise.<\/em><\/p>\n<p style=\"text-align: center;\">*<\/p>\n<p><strong>M\u00e1rcius 28-\u00e9n, <\/strong>cs\u00fct\u00f6rt\u00f6k\u00f6n,<\/p>\n<p><strong>\u00a0\u00a0\u00a0\u00a0\u00a0\u00a0\u00a0\u00a0\u00a0\u00a0\u00a0 Ulmi d\u00e9lut\u00e1n,<\/strong> 17.30 \u00f3rakor <em>kereszt\u00fati im\u00e1ds\u00e1g<\/em>, ut\u00e1na <em>szentmise<\/em>.<\/p>\n<p style=\"text-align: center;\">*<\/p>\n<p><strong>M\u00e1rcius 29-\u00e9n, <\/strong>p\u00e9nteken,<\/p>\n<p><strong>\u00a0\u00a0\u00a0\u00a0\u00a0\u00a0\u00a0\u00a0\u00a0\u00a0\u00a0 Stuttgartban<\/strong> 16.00 \u00f3rakor <em>Bar\u00e1ts\u00e1gklub.<\/em><\/p>\n<p>18.00 \u00f3rakor <em>kereszt\u00fati \u00e1jtatoss\u00e1g, <\/em>majd <em>szentmise, <\/em>keret\u00e9ben <em>Besz\u00e9lget\u00e9sek a katekizmusr\u00f3l. <\/em>Ut\u00e1na <em>Sportklub.<\/em><\/p>\n<p><strong>\u00a0\u00a0\u00a0\u00a0\u00a0\u00a0\u00a0\u00a0\u00a0\u00a0\u00a0 Weingarteni d\u00e9lut\u00e1n<\/strong> a Marien-Kirche-ben. 17.30 \u00f3rakor <em>kereszt\u00fati \u00e1jtatoss\u00e1g, <\/em>ut\u00e1na\u00a0 <em>szentmise. <\/em><\/p>\n<p style=\"text-align: center;\">*<\/p>\n<p><strong>M\u00e1rcius 31-\u00e9n, <\/strong>nagyb\u00f6jt 4. vas\u00e1rnapj\u00e1n,<\/p>\n<p><strong>\u00a0\u00a0\u00a0\u00a0\u00a0\u00a0\u00a0\u00a0\u00a0\u00a0\u00a0 <\/strong><strong>Tuttlingenben<\/strong> 15.00 \u00f3rakor <em>szentmise<\/em>, ut\u00e1na <em>\u00e1g\u00e1p\u00e9<\/em>.<\/p>\n<p style=\"text-align: center;\">*<\/p>\n<p>Minden helyen mindenkit szeretettel v\u00e1r a k\u00f6z\u00f6ss\u00e9g, Tibor atya \u00e9s Imre atya!<\/p>\n<p><em>\u201eAz Istennek tetsz\u0151 b\u00f6jt nem az, amelyik az alkoholr\u00f3l, az \u00e9dess\u00e9gr\u0151l, az internetr\u0151l vagy a telev\u00edzi\u00f3r\u00f3l, hanem amely a b\u0171nr\u0151l mond le.\u201d<\/em> <strong>(Dr. Josef Bordat \u2013 *1972 \u2013 n\u00e9met filoz\u00f3fus, \u00edr\u00f3)<\/strong><\/p>\n<p><strong><em>Bens\u0151s\u00e9ges nagyb\u00f6jti napokat \u00e9s \u00f6r\u00f6mteli tal\u00e1lkoz\u00e1sokat k\u00edv\u00e1nunk minden Kedves H\u00edv\u00fcnknek!<\/em><\/strong><\/p>\n","protected":false},"excerpt":{"rendered":"<p>Programel\u0151zetes M\u00e1rcius 27-\u00e9n, szerd\u00e1n, \u00a0\u00a0\u00a0\u00a0\u00a0\u00a0\u00a0\u00a0\u00a0\u00a0\u00a0 Stuttgartban 10.15 \u00f3rakor n\u00e9metnyelv\u0171 szentmise. * M\u00e1rcius 28-\u00e9n, cs\u00fct\u00f6rt\u00f6k\u00f6n, \u00a0\u00a0\u00a0\u00a0\u00a0\u00a0\u00a0\u00a0\u00a0\u00a0\u00a0 Ulmi d\u00e9lut\u00e1n, 17.30 \u00f3rakor kereszt\u00fati im\u00e1ds\u00e1g, ut\u00e1na szentmise. * M\u00e1rcius 29-\u00e9n, p\u00e9nteken, \u00a0\u00a0\u00a0\u00a0\u00a0\u00a0\u00a0\u00a0\u00a0\u00a0\u00a0 Stuttgartban 16.00 \u00f3rakor Bar\u00e1ts\u00e1gklub. 18.00 \u00f3rakor kereszt\u00fati \u00e1jtatoss\u00e1g, majd szentmise, keret\u00e9ben Besz\u00e9lget\u00e9sek a katekizmusr\u00f3l. Ut\u00e1na Sportklub. \u00a0\u00a0\u00a0\u00a0\u00a0\u00a0\u00a0\u00a0\u00a0\u00a0\u00a0 Weingarteni d\u00e9lut\u00e1n a Marien-Kirche-ben. 17.30 \u00f3rakor kereszt\u00fati \u00e1jtatoss\u00e1g, ut\u00e1na\u00a0 szentmise. * M\u00e1rcius 31-\u00e9n, nagyb\u00f6jt 4. vas\u00e1rnapj\u00e1n, \u00a0\u00a0\u00a0\u00a0\u00a0\u00a0\u00a0\u00a0\u00a0\u00a0\u00a0 Tuttlingenben 15.00 \u00f3rakor szentmise, ut\u00e1na \u00e1g\u00e1p\u00e9. * Minden helyen mindenkit szeretettel v\u00e1r a k\u00f6z\u00f6ss\u00e9g, Tibor atya \u00e9s Imre atya! \u201eAz Istennek tetsz\u0151 b\u00f6jt nem az, amelyik az alkoholr\u00f3l, az \u00e9dess\u00e9gr\u0151l, az internetr\u0151l vagy a telev\u00edzi\u00f3r\u00f3l, hanem amely a b\u0171nr\u0151l mond le.\u201d (Dr. Josef Bordat \u2013 *1972 \u2013 n\u00e9met filoz\u00f3fus, \u00edr\u00f3) Bens\u0151s\u00e9ges nagyb\u00f6jti napokat \u00e9s \u00f6r\u00f6mteli tal\u00e1lkoz\u00e1sokat k\u00edv\u00e1nunk minden Kedves H\u00edv\u00fcnknek!<\/p>\n","protected":false},"author":3,"featured_media":0,"comment_status":"closed","ping_status":"closed","sticky":false,"template":"","format":"standard","meta":{"footnotes":""},"categories":[37],"tags":[],"class_list":["post-16482","post","type-post","status-publish","format-standard","hentry","category-progamelozetes"],"yoast_head":"<!-- This site is optimized with the Yoast SEO plugin v27.3 - https:\/\/yoast.com\/product\/yoast-seo-wordpress\/ -->\n<title>Programel\u0151zetes m\u00e1rcius 25 \u00e9s 31 k\u00f6z\u00f6tt - Stuttgarti Katolikusok<\/title>\n<meta name=\"robots\" content=\"index, follow, max-snippet:-1, max-image-preview:large, max-video-preview:-1\" \/>\n<link rel=\"canonical\" href=\"https:\/\/stuttgarti-katolikusok.de\/index.php\/programelozetes-marcius-25-es-31-kozott\/\" \/>\n<meta property=\"og:locale\" content=\"hu_HU\" \/>\n<meta property=\"og:type\" content=\"article\" \/>\n<meta property=\"og:title\" content=\"Programel\u0151zetes m\u00e1rcius 25 \u00e9s 31 k\u00f6z\u00f6tt - Stuttgarti Katolikusok\" \/>\n<meta property=\"og:description\" content=\"Programel\u0151zetes M\u00e1rcius 27-\u00e9n, szerd\u00e1n, \u00a0\u00a0\u00a0\u00a0\u00a0\u00a0\u00a0\u00a0\u00a0\u00a0\u00a0 Stuttgartban 10.15 \u00f3rakor n\u00e9metnyelv\u0171 szentmise. * M\u00e1rcius 28-\u00e9n, cs\u00fct\u00f6rt\u00f6k\u00f6n, \u00a0\u00a0\u00a0\u00a0\u00a0\u00a0\u00a0\u00a0\u00a0\u00a0\u00a0 Ulmi d\u00e9lut\u00e1n, 17.30 \u00f3rakor kereszt\u00fati im\u00e1ds\u00e1g, ut\u00e1na szentmise. * M\u00e1rcius 29-\u00e9n, p\u00e9nteken, \u00a0\u00a0\u00a0\u00a0\u00a0\u00a0\u00a0\u00a0\u00a0\u00a0\u00a0 Stuttgartban 16.00 \u00f3rakor Bar\u00e1ts\u00e1gklub. 18.00 \u00f3rakor kereszt\u00fati \u00e1jtatoss\u00e1g, majd szentmise, keret\u00e9ben Besz\u00e9lget\u00e9sek a katekizmusr\u00f3l. Ut\u00e1na Sportklub. \u00a0\u00a0\u00a0\u00a0\u00a0\u00a0\u00a0\u00a0\u00a0\u00a0\u00a0 Weingarteni d\u00e9lut\u00e1n a Marien-Kirche-ben. 17.30 \u00f3rakor kereszt\u00fati \u00e1jtatoss\u00e1g, ut\u00e1na\u00a0 szentmise. * M\u00e1rcius 31-\u00e9n, nagyb\u00f6jt 4. vas\u00e1rnapj\u00e1n, \u00a0\u00a0\u00a0\u00a0\u00a0\u00a0\u00a0\u00a0\u00a0\u00a0\u00a0 Tuttlingenben 15.00 \u00f3rakor szentmise, ut\u00e1na \u00e1g\u00e1p\u00e9. * Minden helyen mindenkit szeretettel v\u00e1r a k\u00f6z\u00f6ss\u00e9g, Tibor atya \u00e9s Imre atya! \u201eAz Istennek tetsz\u0151 b\u00f6jt nem az, amelyik az alkoholr\u00f3l, az \u00e9dess\u00e9gr\u0151l, az internetr\u0151l vagy a telev\u00edzi\u00f3r\u00f3l, hanem amely a b\u0171nr\u0151l mond le.\u201d (Dr. Josef Bordat \u2013 *1972 \u2013 n\u00e9met filoz\u00f3fus, \u00edr\u00f3) Bens\u0151s\u00e9ges nagyb\u00f6jti napokat \u00e9s \u00f6r\u00f6mteli tal\u00e1lkoz\u00e1sokat k\u00edv\u00e1nunk minden Kedves H\u00edv\u00fcnknek!\" \/>\n<meta property=\"og:url\" content=\"https:\/\/stuttgarti-katolikusok.de\/index.php\/programelozetes-marcius-25-es-31-kozott\/\" \/>\n<meta property=\"og:site_name\" content=\"Stuttgarti Katolikusok\" \/>\n<meta property=\"article:published_time\" content=\"2019-03-26T07:48:16+00:00\" \/>\n<meta property=\"article:modified_time\" content=\"2020-04-27T15:56:47+00:00\" \/>\n<meta name=\"author\" content=\"Tibor atya\" \/>\n<meta name=\"twitter:card\" content=\"summary_large_image\" \/>\n<meta name=\"twitter:label1\" content=\"Szerz\u0151:\" \/>\n\t<meta name=\"twitter:data1\" content=\"Tibor atya\" \/>\n\t<meta name=\"twitter:label2\" content=\"Becs\u00fclt olvas\u00e1si id\u0151\" \/>\n\t<meta name=\"twitter:data2\" content=\"1 perc\" \/>\n<script type=\"application\/ld+json\" class=\"yoast-schema-graph\">{\"@context\":\"https:\\\/\\\/schema.org\",\"@graph\":[{\"@type\":\"Article\",\"@id\":\"https:\\\/\\\/stuttgarti-katolikusok.de\\\/index.php\\\/programelozetes-marcius-25-es-31-kozott\\\/#article\",\"isPartOf\":{\"@id\":\"https:\\\/\\\/stuttgarti-katolikusok.de\\\/index.php\\\/programelozetes-marcius-25-es-31-kozott\\\/\"},\"author\":{\"name\":\"Tibor atya\",\"@id\":\"https:\\\/\\\/stuttgarti-katolikusok.de\\\/#\\\/schema\\\/person\\\/75908d6f8fdc03a57889d27209df7795\"},\"headline\":\"Programel\u0151zetes m\u00e1rcius 25 \u00e9s 31 k\u00f6z\u00f6tt\",\"datePublished\":\"2019-03-26T07:48:16+00:00\",\"dateModified\":\"2020-04-27T15:56:47+00:00\",\"mainEntityOfPage\":{\"@id\":\"https:\\\/\\\/stuttgarti-katolikusok.de\\\/index.php\\\/programelozetes-marcius-25-es-31-kozott\\\/\"},\"wordCount\":178,\"articleSection\":[\"Progamel\u0151zetes\"],\"inLanguage\":\"hu\"},{\"@type\":\"WebPage\",\"@id\":\"https:\\\/\\\/stuttgarti-katolikusok.de\\\/index.php\\\/programelozetes-marcius-25-es-31-kozott\\\/\",\"url\":\"https:\\\/\\\/stuttgarti-katolikusok.de\\\/index.php\\\/programelozetes-marcius-25-es-31-kozott\\\/\",\"name\":\"Programel\u0151zetes m\u00e1rcius 25 \u00e9s 31 k\u00f6z\u00f6tt - Stuttgarti Katolikusok\",\"isPartOf\":{\"@id\":\"https:\\\/\\\/stuttgarti-katolikusok.de\\\/#website\"},\"datePublished\":\"2019-03-26T07:48:16+00:00\",\"dateModified\":\"2020-04-27T15:56:47+00:00\",\"author\":{\"@id\":\"https:\\\/\\\/stuttgarti-katolikusok.de\\\/#\\\/schema\\\/person\\\/75908d6f8fdc03a57889d27209df7795\"},\"breadcrumb\":{\"@id\":\"https:\\\/\\\/stuttgarti-katolikusok.de\\\/index.php\\\/programelozetes-marcius-25-es-31-kozott\\\/#breadcrumb\"},\"inLanguage\":\"hu\",\"potentialAction\":[{\"@type\":\"ReadAction\",\"target\":[\"https:\\\/\\\/stuttgarti-katolikusok.de\\\/index.php\\\/programelozetes-marcius-25-es-31-kozott\\\/\"]}]},{\"@type\":\"BreadcrumbList\",\"@id\":\"https:\\\/\\\/stuttgarti-katolikusok.de\\\/index.php\\\/programelozetes-marcius-25-es-31-kozott\\\/#breadcrumb\",\"itemListElement\":[{\"@type\":\"ListItem\",\"position\":1,\"name\":\"Kezd\u0151lap\",\"item\":\"https:\\\/\\\/stuttgarti-katolikusok.de\\\/\"},{\"@type\":\"ListItem\",\"position\":2,\"name\":\"Programel\u0151zetes m\u00e1rcius 25 \u00e9s 31 k\u00f6z\u00f6tt\"}]},{\"@type\":\"WebSite\",\"@id\":\"https:\\\/\\\/stuttgarti-katolikusok.de\\\/#website\",\"url\":\"https:\\\/\\\/stuttgarti-katolikusok.de\\\/\",\"name\":\"Stuttgarti Katolikusok\",\"description\":\"\",\"potentialAction\":[{\"@type\":\"SearchAction\",\"target\":{\"@type\":\"EntryPoint\",\"urlTemplate\":\"https:\\\/\\\/stuttgarti-katolikusok.de\\\/?s={search_term_string}\"},\"query-input\":{\"@type\":\"PropertyValueSpecification\",\"valueRequired\":true,\"valueName\":\"search_term_string\"}}],\"inLanguage\":\"hu\"},{\"@type\":\"Person\",\"@id\":\"https:\\\/\\\/stuttgarti-katolikusok.de\\\/#\\\/schema\\\/person\\\/75908d6f8fdc03a57889d27209df7795\",\"name\":\"Tibor atya\",\"image\":{\"@type\":\"ImageObject\",\"inLanguage\":\"hu\",\"@id\":\"https:\\\/\\\/secure.gravatar.com\\\/avatar\\\/61d268e57d1f4525b111222e29d2d5a7f8c420fdbf231ba5566a8ceac74fa960?s=96&d=mm&r=g\",\"url\":\"https:\\\/\\\/secure.gravatar.com\\\/avatar\\\/61d268e57d1f4525b111222e29d2d5a7f8c420fdbf231ba5566a8ceac74fa960?s=96&d=mm&r=g\",\"contentUrl\":\"https:\\\/\\\/secure.gravatar.com\\\/avatar\\\/61d268e57d1f4525b111222e29d2d5a7f8c420fdbf231ba5566a8ceac74fa960?s=96&d=mm&r=g\",\"caption\":\"Tibor atya\"},\"url\":\"https:\\\/\\\/stuttgarti-katolikusok.de\\\/index.php\\\/author\\\/tibor-atya\\\/\"}]}<\/script>\n<!-- \/ Yoast SEO plugin. -->","yoast_head_json":{"title":"Programel\u0151zetes m\u00e1rcius 25 \u00e9s 31 k\u00f6z\u00f6tt - Stuttgarti Katolikusok","robots":{"index":"index","follow":"follow","max-snippet":"max-snippet:-1","max-image-preview":"max-image-preview:large","max-video-preview":"max-video-preview:-1"},"canonical":"https:\/\/stuttgarti-katolikusok.de\/index.php\/programelozetes-marcius-25-es-31-kozott\/","og_locale":"hu_HU","og_type":"article","og_title":"Programel\u0151zetes m\u00e1rcius 25 \u00e9s 31 k\u00f6z\u00f6tt - Stuttgarti Katolikusok","og_description":"Programel\u0151zetes M\u00e1rcius 27-\u00e9n, szerd\u00e1n, \u00a0\u00a0\u00a0\u00a0\u00a0\u00a0\u00a0\u00a0\u00a0\u00a0\u00a0 Stuttgartban 10.15 \u00f3rakor n\u00e9metnyelv\u0171 szentmise. * M\u00e1rcius 28-\u00e9n, cs\u00fct\u00f6rt\u00f6k\u00f6n, \u00a0\u00a0\u00a0\u00a0\u00a0\u00a0\u00a0\u00a0\u00a0\u00a0\u00a0 Ulmi d\u00e9lut\u00e1n, 17.30 \u00f3rakor kereszt\u00fati im\u00e1ds\u00e1g, ut\u00e1na szentmise. * M\u00e1rcius 29-\u00e9n, p\u00e9nteken, \u00a0\u00a0\u00a0\u00a0\u00a0\u00a0\u00a0\u00a0\u00a0\u00a0\u00a0 Stuttgartban 16.00 \u00f3rakor Bar\u00e1ts\u00e1gklub. 18.00 \u00f3rakor kereszt\u00fati \u00e1jtatoss\u00e1g, majd szentmise, keret\u00e9ben Besz\u00e9lget\u00e9sek a katekizmusr\u00f3l. Ut\u00e1na Sportklub. \u00a0\u00a0\u00a0\u00a0\u00a0\u00a0\u00a0\u00a0\u00a0\u00a0\u00a0 Weingarteni d\u00e9lut\u00e1n a Marien-Kirche-ben. 17.30 \u00f3rakor kereszt\u00fati \u00e1jtatoss\u00e1g, ut\u00e1na\u00a0 szentmise. * M\u00e1rcius 31-\u00e9n, nagyb\u00f6jt 4. vas\u00e1rnapj\u00e1n, \u00a0\u00a0\u00a0\u00a0\u00a0\u00a0\u00a0\u00a0\u00a0\u00a0\u00a0 Tuttlingenben 15.00 \u00f3rakor szentmise, ut\u00e1na \u00e1g\u00e1p\u00e9. * Minden helyen mindenkit szeretettel v\u00e1r a k\u00f6z\u00f6ss\u00e9g, Tibor atya \u00e9s Imre atya! \u201eAz Istennek tetsz\u0151 b\u00f6jt nem az, amelyik az alkoholr\u00f3l, az \u00e9dess\u00e9gr\u0151l, az internetr\u0151l vagy a telev\u00edzi\u00f3r\u00f3l, hanem amely a b\u0171nr\u0151l mond le.\u201d (Dr. Josef Bordat \u2013 *1972 \u2013 n\u00e9met filoz\u00f3fus, \u00edr\u00f3) Bens\u0151s\u00e9ges nagyb\u00f6jti napokat \u00e9s \u00f6r\u00f6mteli tal\u00e1lkoz\u00e1sokat k\u00edv\u00e1nunk minden Kedves H\u00edv\u00fcnknek!","og_url":"https:\/\/stuttgarti-katolikusok.de\/index.php\/programelozetes-marcius-25-es-31-kozott\/","og_site_name":"Stuttgarti Katolikusok","article_published_time":"2019-03-26T07:48:16+00:00","article_modified_time":"2020-04-27T15:56:47+00:00","author":"Tibor atya","twitter_card":"summary_large_image","twitter_misc":{"Szerz\u0151:":"Tibor atya","Becs\u00fclt olvas\u00e1si id\u0151":"1 perc"},"schema":{"@context":"https:\/\/schema.org","@graph":[{"@type":"Article","@id":"https:\/\/stuttgarti-katolikusok.de\/index.php\/programelozetes-marcius-25-es-31-kozott\/#article","isPartOf":{"@id":"https:\/\/stuttgarti-katolikusok.de\/index.php\/programelozetes-marcius-25-es-31-kozott\/"},"author":{"name":"Tibor atya","@id":"https:\/\/stuttgarti-katolikusok.de\/#\/schema\/person\/75908d6f8fdc03a57889d27209df7795"},"headline":"Programel\u0151zetes m\u00e1rcius 25 \u00e9s 31 k\u00f6z\u00f6tt","datePublished":"2019-03-26T07:48:16+00:00","dateModified":"2020-04-27T15:56:47+00:00","mainEntityOfPage":{"@id":"https:\/\/stuttgarti-katolikusok.de\/index.php\/programelozetes-marcius-25-es-31-kozott\/"},"wordCount":178,"articleSection":["Progamel\u0151zetes"],"inLanguage":"hu"},{"@type":"WebPage","@id":"https:\/\/stuttgarti-katolikusok.de\/index.php\/programelozetes-marcius-25-es-31-kozott\/","url":"https:\/\/stuttgarti-katolikusok.de\/index.php\/programelozetes-marcius-25-es-31-kozott\/","name":"Programel\u0151zetes m\u00e1rcius 25 \u00e9s 31 k\u00f6z\u00f6tt - Stuttgarti Katolikusok","isPartOf":{"@id":"https:\/\/stuttgarti-katolikusok.de\/#website"},"datePublished":"2019-03-26T07:48:16+00:00","dateModified":"2020-04-27T15:56:47+00:00","author":{"@id":"https:\/\/stuttgarti-katolikusok.de\/#\/schema\/person\/75908d6f8fdc03a57889d27209df7795"},"breadcrumb":{"@id":"https:\/\/stuttgarti-katolikusok.de\/index.php\/programelozetes-marcius-25-es-31-kozott\/#breadcrumb"},"inLanguage":"hu","potentialAction":[{"@type":"ReadAction","target":["https:\/\/stuttgarti-katolikusok.de\/index.php\/programelozetes-marcius-25-es-31-kozott\/"]}]},{"@type":"BreadcrumbList","@id":"https:\/\/stuttgarti-katolikusok.de\/index.php\/programelozetes-marcius-25-es-31-kozott\/#breadcrumb","itemListElement":[{"@type":"ListItem","position":1,"name":"Kezd\u0151lap","item":"https:\/\/stuttgarti-katolikusok.de\/"},{"@type":"ListItem","position":2,"name":"Programel\u0151zetes m\u00e1rcius 25 \u00e9s 31 k\u00f6z\u00f6tt"}]},{"@type":"WebSite","@id":"https:\/\/stuttgarti-katolikusok.de\/#website","url":"https:\/\/stuttgarti-katolikusok.de\/","name":"Stuttgarti Katolikusok","description":"","potentialAction":[{"@type":"SearchAction","target":{"@type":"EntryPoint","urlTemplate":"https:\/\/stuttgarti-katolikusok.de\/?s={search_term_string}"},"query-input":{"@type":"PropertyValueSpecification","valueRequired":true,"valueName":"search_term_string"}}],"inLanguage":"hu"},{"@type":"Person","@id":"https:\/\/stuttgarti-katolikusok.de\/#\/schema\/person\/75908d6f8fdc03a57889d27209df7795","name":"Tibor atya","image":{"@type":"ImageObject","inLanguage":"hu","@id":"https:\/\/secure.gravatar.com\/avatar\/61d268e57d1f4525b111222e29d2d5a7f8c420fdbf231ba5566a8ceac74fa960?s=96&d=mm&r=g","url":"https:\/\/secure.gravatar.com\/avatar\/61d268e57d1f4525b111222e29d2d5a7f8c420fdbf231ba5566a8ceac74fa960?s=96&d=mm&r=g","contentUrl":"https:\/\/secure.gravatar.com\/avatar\/61d268e57d1f4525b111222e29d2d5a7f8c420fdbf231ba5566a8ceac74fa960?s=96&d=mm&r=g","caption":"Tibor atya"},"url":"https:\/\/stuttgarti-katolikusok.de\/index.php\/author\/tibor-atya\/"}]}},"_links":{"self":[{"href":"https:\/\/stuttgarti-katolikusok.de\/index.php\/wp-json\/wp\/v2\/posts\/16482","targetHints":{"allow":["GET"]}}],"collection":[{"href":"https:\/\/stuttgarti-katolikusok.de\/index.php\/wp-json\/wp\/v2\/posts"}],"about":[{"href":"https:\/\/stuttgarti-katolikusok.de\/index.php\/wp-json\/wp\/v2\/types\/post"}],"author":[{"embeddable":true,"href":"https:\/\/stuttgarti-katolikusok.de\/index.php\/wp-json\/wp\/v2\/users\/3"}],"replies":[{"embeddable":true,"href":"https:\/\/stuttgarti-katolikusok.de\/index.php\/wp-json\/wp\/v2\/comments?post=16482"}],"version-history":[{"count":5,"href":"https:\/\/stuttgarti-katolikusok.de\/index.php\/wp-json\/wp\/v2\/posts\/16482\/revisions"}],"predecessor-version":[{"id":16522,"href":"https:\/\/stuttgarti-katolikusok.de\/index.php\/wp-json\/wp\/v2\/posts\/16482\/revisions\/16522"}],"wp:attachment":[{"href":"https:\/\/stuttgarti-katolikusok.de\/index.php\/wp-json\/wp\/v2\/media?parent=16482"}],"wp:term":[{"taxonomy":"category","embeddable":true,"href":"https:\/\/stuttgarti-katolikusok.de\/index.php\/wp-json\/wp\/v2\/categories?post=16482"},{"taxonomy":"post_tag","embeddable":true,"href":"https:\/\/stuttgarti-katolikusok.de\/index.php\/wp-json\/wp\/v2\/tags?post=16482"}],"curies":[{"name":"wp","href":"https:\/\/api.w.org\/{rel}","templated":true}]}}