{"id":16441,"date":"2019-03-21T10:14:44","date_gmt":"2019-03-21T10:14:44","guid":{"rendered":"https:\/\/gracious-dewdney.138-201-221-2.plesk.page\/?p=16441"},"modified":"2019-03-21T16:00:04","modified_gmt":"2019-03-21T16:00:04","slug":"nagybojt-2-4-vasarnapja","status":"publish","type":"post","link":"https:\/\/stuttgarti-katolikusok.de\/index.php\/nagybojt-2-4-vasarnapja\/","title":{"rendered":"Nagyb\u00f6jt 2-4. vas\u00e1rnapja"},"content":{"rendered":"<p><strong>2019. m\u00e1rcius 31.<\/strong><\/p>\n<p><strong>Nagyb\u00f6jt 4. vas\u00e1rnapja<\/strong><\/p>\n<p><strong>\u00a0<\/strong><\/p>\n<p>Isten szereti a vil\u00e1got, mert \u0151 teremtette. Szeret minket is, hiszen teremtm\u00e9nyei vagyunk. Mi emberek gyakran pr\u00f3b\u00e1ra tessz\u00fck t\u00fcrelm\u00e9t, mert h\u00e1l\u00e1tlanul szembefordulunk vele: b\u0171n\u00f6kkel b\u00e1ntjuk meg \u0151t. Isten azonban b\u0171neinkben sem hagyott magunkra: szeretetb\u0151l elk\u00fcldte Egysz\u00fcl\u00f6tt Fi\u00e1t a mi megv\u00e1lt\u00e1sunkra.<\/p>\n<p><strong>OLVASM\u00c1NY<\/strong>\u00a0\u00a0\u00a0\u00a0\u00a0\u00a0\u00a0\u00a0\u00a0\u00a0\u00a0\u00a0\u00a0\u00a0\u00a0\u00a0\u00a0\u00a0\u00a0\u00a0\u00a0\u00a0\u00a0\u00a0\u00a0\u00a0\u00a0\u00a0\u00a0\u00a0\u00a0\u00a0 \u00a0\u00a0\u00a0\u00a0\u00a0\u00a0\u00a0\u00a0\u00a0\u00a0\u00a0\u00a0\u00a0\u00a0<em>J\u00f3zs 5, 9a. 10\u201312<\/em><\/p>\n<p>A v\u00e1lasztott n\u00e9p pusztai v\u00e1ndorl\u00e1sa el\u0151k\u00e9pe volt az Egyh\u00e1z f\u00f6ldi v\u00e1ndorl\u00e1s\u00e1nak, amely az \u00f6r\u00f6k haza fel\u00e9 tart. Isten gondvisel\u0151 szeretet\u00e9vel \u0151rk\u00f6d\u00f6tt n\u00e9pe f\u00f6l\u00f6tt. Ugyanezt megtapasztalhatjuk mi is, ha megtartjuk parancsait.<\/p>\n<p><strong>V\u00c1LASZOS ZSOLT\u00c1R<\/strong> \u00a0\u00a0\u00a0\u00a0\u00a0\u00a0\u00a0\u00a0\u00a0\u00a0\u00a0\u00a0\u00a0\u00a0\u00a0\u00a0\u00a0\u00a0\u00a0\u00a0\u00a0\u00a0\u00a0<em>\u00a0\u00a0\u00a0\u00a0\u00a0\u00a0\u00a0\u00a0\u00a0\u00a0\u00a0\u00a0\u00a0\u00a0\u00a053. Zsolt\u00e1r <\/em><\/p>\n<p><strong>V\u00e1lasz: \u00cdzlelj\u00e9tek \u00e9s l\u00e1ss\u00e1tok, * milyen \u00e9des az \u00dar.<\/strong><\/p>\n<p><strong>SZENTLECKE<\/strong>\u00a0\u00a0 \u00a0\u00a0\u00a0\u00a0\u00a0\u00a0\u00a0\u00a0\u00a0\u00a0\u00a0\u00a0\u00a0\u00a0\u00a0\u00a0\u00a0\u00a0\u00a0\u00a0\u00a0\u00a0\u00a0\u00a0\u00a0\u00a0\u00a0\u00a0\u00a0\u00a0\u00a0\u00a0\u00a0\u00a0\u00a0\u00a0\u00a0\u00a0\u00a0\u00a0\u00a0\u00a0<em>2 Kor 5, 17\u201321<\/em><\/p>\n<p>A b\u0171n\u00f6s embert Isten v\u00e9gleg nem vetette el, nem hagyta mag\u00e1ra. Szent Fia \u00e1ltal kiengesztel\u0151d\u00f6tt a vil\u00e1ggal. Legy\u00fcnk h\u00e1l\u00e1sak az\u00e9rt, hogy ez a kiengesztel\u0151d\u00e9s az Egyh\u00e1z szolg\u00e1lata \u00e1ltal tov\u00e1bb folytat\u00f3dik a vil\u00e1gon.<\/p>\n<p><strong>EVANG\u00c9LIUM EL\u0150TTI VERS<\/strong>\u00a0\u00a0\u00a0\u00a0\u00a0\u00a0\u00a0\u00a0\u00a0\u00a0\u00a0\u00a0\u00a0 <em>\u00a0\u00a0\u00a0\u00a0\u00a0\u00a0\u00a0\u00a0\u00a0\u00a0\u00a0\u00a0\u00a0\u00a0\u00a0\u00a0\u00a0\u00a0Lk 15, 18<\/em><\/p>\n<p>F\u00f6lkelek, \u00e9s aty\u00e1mhoz megyek, + azt mondom n\u00e9ki, * \u201eAty\u00e1m, v\u00e9tkeztem az \u00e9g ellen \u00e9s te ellened.\u201d<\/p>\n<p><strong>EVANG\u00c9LIUM<\/strong>\u00a0\u00a0\u00a0\u00a0\u00a0\u00a0\u00a0\u00a0\u00a0\u00a0\u00a0\u00a0\u00a0\u00a0\u00a0\u00a0\u00a0\u00a0\u00a0\u00a0\u00a0\u00a0\u00a0\u00a0\u00a0\u00a0\u00a0\u00a0\u00a0\u00a0\u00a0 \u00a0\u00a0\u00a0\u00a0\u00a0\u00a0\u00a0<em>Lk 15, 1\u20133. 11\u201332<\/em><\/p>\n<p>A farizeusok zokon veszik J\u00e9zust\u00f3l, hogy gyarl\u00f3, b\u0171n\u00f6s emberekkel bar\u00e1tkozik. J\u00e9zus h\u00e1rom p\u00e9ld\u00e1zattal v\u00e1laszol e v\u00e1daskod\u00e1sokra. Elmondja az elveszett b\u00e1r\u00e1ny, az elgurult drachma \u00e9s a t\u00e9kozl\u00f3 fi\u00fa t\u00f6rt\u00e9net\u00e9t. Ezek a p\u00e9ldabesz\u00e9dek azt bizony\u00edtj\u00e1k, hogy Isten irgalmas: a megt\u00e9r\u0151 b\u0171n\u00f6snek sz\u00edvesen \u00e9s \u00f6r\u00f6mmel megbocs\u00e1t.<\/p>\n<p><strong>AZ EUCHARISZT\u00c1HOZ<\/strong><\/p>\n<p>Az eucharisztikus lakoma el\u0151k\u00e9pe a mennyei lakom\u00e1nak. J\u00e9zus mindannyiunkat megh\u00edvott orsz\u00e1g\u00e1ba \u00e9s ott helyet k\u00e9sz\u00edtett sz\u00e1munkra. Rajtunk m\u00falik, hogy hit\u00fcnk \u00e9s h\u0171s\u00e9g\u00fcnk \u00e1ltal biztoss\u00e1 tessz\u00fck-e r\u00e9szv\u00e9tel\u00fcnket. Valljuk hittel: A mi \u00a0lelk\u00fcnk az \u00darra hagyatkozik, \u0151 a mi seg\u00edt\u0151nk, a mi oltalmunk, benne \u00f6rvend a sz\u00edv\u00fcnk.<\/p>\n<p><strong>\u00c1LDOZ\u00c1SI \u00c9NEK<\/strong>\u00a0\u00a0\u00a0\u00a0\u00a0\u00a0\u00a0\u00a0\u00a0\u00a0\u00a0\u00a0\u00a0\u00a0\u00a0\u00a0\u00a0\u00a0\u00a0\u00a0\u00a0\u00a0\u00a0\u00a0\u00a0\u00a0\u00a0 \u00a0\u00a0\u00a0\u00a0\u00a0\u00a0\u00a0\u00a0\u00a0\u00a0\u00a0\u00a0\u00a0\u00a0<em>\u00a0\u00a0\u00a0\u00a0Zsolt 121, 3\u20134 <\/em><\/p>\n<p>A szent v\u00e1ros szil\u00e1rdan \u00e1ll: biztos v\u00e9delmet ny\u00fajt mindenkinek. Oda vonulnak az \u00dar v\u00e1lasztottai, hogy magasztalj\u00e1k az \u00dar nev\u00e9t.<\/p>\n<p><strong>ELM\u00c9LKED\u00c9S \u00a0\u00a0\u00a0\u00a0<\/strong><\/p>\n<p><em>LAETARE! \u2013 VIGADOZZ\u00c1L!<\/em><\/p>\n<p>Nagyb\u00f6jt 4. vas\u00e1rnapj\u00e1n \u00f6r\u00f6mtelibben sz\u00f3lhat az orgona, s\u0151t feld\u00edsz\u00edthetj\u00fck az olt\u00e1rt, \u00e9s a viola sz\u00ednt szabad r\u00f3zsasz\u00ednre enyh\u00edteni. Az Egyh\u00e1zhoz, \u201ea mennyei Jeruzs\u00e1lemhez\u201d val\u00f3 tartoz\u00e1sunk f\u00f6l\u00f6tt \u00e9rzett vigass\u00e1g vas\u00e1rnapja. R\u00f3m\u00e1ban e napon vitt\u00e9k az els\u0151 r\u00f3zs\u00e1kat a templomba: mi is \u00f6r\u00fclhet\u00fcnk a tavasznak, a term\u00e9szet felt\u00e1mad\u00e1s\u00e1nak, hiszen az Krisztus \u00e9s a l\u00e9lek felt\u00e1mad\u00e1s\u00e1nak k\u00e9pe. H\u00e1l\u00e1s sz\u00edvvel \u00e9s l\u00e9lekkel \u00f6rvendezz\u00fcnk az \u00darban!<\/p>\n<p>HELYEM AZ ATYAI H\u00c1ZBAN<\/p>\n<p>Tal\u00e1n a legismertebb j\u00e9zusi p\u00e9ldabesz\u00e9d a k\u00e9t fi\u00far\u00f3l sz\u00f3l\u00f3 t\u00f6rt\u00e9net. \u00dagy l\u00e1thatjuk, hogy mindk\u00e9t fi\u00fa elveszett, illetve mindketten elvesztettek valamit. Nem tal\u00e1lj\u00e1k meg az atyai h\u00e1z \u00f6r\u00f6m\u00e9t. Mit jelent nekem az atyai h\u00e1z? Hogyan vagyok jelen az Egyh\u00e1zban? \u00d6r\u00f6m\u00f6met tal\u00e1lom-e hitemben, kereszt\u00e9ny \u00e9letemben? Nagyb\u00f6jt idej\u00e9nek \u00f6nvizsg\u00e1lati k\u00e9rd\u00e9sei lehetnek ezek.<\/p>\n<p>K\u00e9t ir\u00e1nyban gondolkodhatunk tov\u00e1bb. Saj\u00e1t \u00f6r\u00f6meimet tekinthetem \u00e1t, \u00e9s az is fontos, hogy m\u00e1soknak, f\u0151leg a r\u00e1m b\u00edzottaknak hogyan tudom ezt az \u00f6r\u00f6met megmutatni. Ha a parancsokban csak terhet l\u00e1tok, ha csup\u00e1n megszok\u00e1s vagy k\u00e9nyszer a kereszt\u00e9ny \u00e9let gyakorlata, akkor elillant az \u00f6r\u00f6m. Ha viszont \u00e9n nem tal\u00e1lom meg az atyai h\u00e1z \u00f6r\u00f6m\u00e9t, akkor hogyan tudom m\u00e1soknak megmutatni? Milyen sokszor tapasztaljuk, hogy gyermekeink feln\u0151tt\u00e9 v\u00e1l\u00e1sukkor elt\u00e1volodnak az atyai h\u00e1zt\u00f3l. Pedig hogy igyekezt\u00fcnk, tan\u00edtottuk, el\u00e9j\u00fck \u00e9lt\u00fck a hit \u00f6r\u00f6m\u00e9t. A fiatalabbik fi\u00fa p\u00e9ld\u00e1ja mutatja, hogy az ember sz\u00edve m\u00e9ly\u00e9n megmarad az atyai h\u00e1z eml\u00e9ke, ami er\u0151t adhat a visszaindul\u00e1shoz. Ez\u00e9rt is fontos nekem magamnak \u00f6r\u00f6mmel \u00e9lnem kereszt\u00e9ny \u00e9letemet. Amikor ma id\u0151t adunk Istennek, olvassuk el \u00fajra az evang\u00e9liumot, n\u00e9zz\u00fck meg, melyik fi\u00fa \u00e1ll k\u00f6zelebb hozz\u00e1nk, \u00e9s fedezz\u00fck fel \u00fajra az atyai h\u00e1z \u00f6r\u00f6m\u00e9t!<\/p>\n<p>&nbsp;<\/p>\n<p>NAGYB\u00d6JTI IM\u00c1DS\u00c1G<\/p>\n<p>Azt a keresztet, ami most annyira nyomja v\u00e1lladat, miel\u0151tt elk\u00fcldte volna hozz\u00e1d az \u00dar, mindenhat\u00f3 szem\u00e9vel megvizsg\u00e1lta, szeret\u0151 irgalm\u00e1val \u00e1tmeleg\u00edtette, mindk\u00e9t kez\u00e9vel m\u00e9regette, vajon nem\u00a0 nagyobb-e, nem nehezebb-e a te sz\u00e1modra, mint amennyit elb\u00edrsz?<\/p>\n<p>Azt\u00e1n meg\u00e1ldotta, szent kegyelm\u00e9vel, irgalm\u00e1val megillatos\u00edtotta, re\u00e1d \u00e9s b\u00e1tors\u00e1godra tekintett \u00e9s \u00edgy \u00e9rkezik a mennyb\u0151l a kereszt, mint Isten k\u00f6sz\u00f6nt\u00e9se, mint a te Istened szeretet\u00e9nek irgalmas aj\u00e1nd\u00e9ka.<\/p>\n<p><em>Szal\u00e9zi Szent Ferenc<\/em><\/p>\n<p>&nbsp;<\/p>\n<p>TAN\u00cdTS MEG, URAM, SZERETNI<\/p>\n<p>Tan\u00edts meg, Uram, hogy \u00fagy szeressem rokonaimat, amint te szeretted \u00e9desany\u00e1dat \u00e9s rokonaidat. Tan\u00edts meg, Uram, hogy \u00fagy szeressem munkat\u00e1rsaimat, amint te szeretted apostolaidat. Tan\u00edts meg, Uram, hogy \u00fagy szeressem a szenved\u0151ket, amint te szeretted \u0151ket. Tan\u00edts meg, Uram, hogy \u00fagy szeressem ellens\u00e9geimet, amint te szeretted \u0151ket \u00e9s im\u00e1dkozt\u00e1l \u00e9rt\u00fck. Mindenekel\u0151tt tan\u00edts meg, Uram, arra, hogy \u00fagy szeressem a mennyei Aty\u00e1t, amint te szeretted. Tan\u00edts meg, hogy \u00fagy szeresselek t\u00e9ged, amint te szeretsz engem!\u00a0\u00a0\u00a0\u00a0\u00a0\u00a0\u00a0\u00a0\u00a0\u00a0\u00a0\u00a0\u00a0\u00a0\u00a0\u00a0\u00a0\u00a0\u00a0\u00a0\u00a0\u00a0\u00a0 <em>Gy\u0171r\u0171 G\u00e9za<\/em><\/p>\n<p>&nbsp;<\/p>\n<p>\u00c9LNI A HITET<\/p>\n<p>&#8230; nem annyit jelent, hogy behunyjuk a szem\u00fcnket, korl\u00e1tokat \u00e1ll\u00edtunk fel s bez\u00e1rk\u00f3zunk \u2013 b\u00e1rmilyen \u2013 alag\u00fatba. A hit azt jelenti, hogy kit\u00e1g\u00edtjuk a vil\u00e1gr\u00f3l, a dolgokr\u00f3l alkotott k\u00e9p\u00fcnket, amennyire csak lehet, messze t\u00fal azon a hat\u00e1ron, amelyet ak\u00e1r a legkiv\u00e1l\u00f3bb, a legf\u00e9nyesebb elme el tud k\u00e9pzelni.\u00a0\u00a0\u00a0\u00a0\u00a0\u00a0\u00a0\u00a0\u00a0\u00a0\u00a0\u00a0\u00a0\u00a0 <em>Jaques Loew<\/em><\/p>\n<p>&nbsp;<\/p>\n<ol start=\"2019\">\n<li>m\u00e1rcius 24.<\/li>\n<\/ol>\n<p>Nagyb\u00f6jt 3. vas\u00e1rnapja<\/p>\n<p>\u00d6r\u00f6k emberi gyarl\u00f3s\u00e1gunk, hogy az \u00e9let gondjai k\u00f6z\u00f6tt k\u00f6nnyen elfeledkez\u00fcnk Istenr\u0151l. Ilyenkor k\u00fcl\u00f6nf\u00e9le figyelmeztet\u00e9seket kapunk arr\u00f3l, hogy az emberi \u00e9letnek \u00e9s t\u00f6rt\u00e9nelemnek az Ura, ir\u00e1ny\u00edt\u00f3ja az Isten.<\/p>\n<p>Kihagyhatjuk ugyan \u0151t sz\u00e1m\u00edt\u00e1sunkb\u00f3l, de el\u0151bb-ut\u00f3bb megtapasztaljuk, hogy Isten n\u00e9lk\u00fcl nem boldogulhat az ember.<\/p>\n<p><strong>OLVASM\u00c1NY\u00a0 <\/strong>\u00a0\u00a0\u00a0\u00a0\u00a0\u00a0\u00a0\u00a0\u00a0\u00a0\u00a0\u00a0\u00a0\u00a0\u00a0\u00a0\u00a0\u00a0\u00a0\u00a0\u00a0\u00a0\u00a0\u00a0\u00a0\u00a0\u00a0\u00a0\u00a0\u00a0\u00a0\u00a0\u00a0\u00a0\u00a0\u00a0\u00a0\u00a0\u00a0\u00a0\u00a0\u00a0<em>Kiv 3, 1\u20138a. 13\u201315<\/em><\/p>\n<p>Isten a term\u00e9szetes \u00e9sz f\u00e9ny\u00e9n\u00e9l felismerhet\u0151 a teremtett vil\u00e1gb\u00f3l is. De h\u00edrt adott \u0151 mag\u00e1r\u00f3l a kinyilatkoztat\u00e1s r\u00e9v\u00e9n is, hogy \u00edgy m\u00e9g k\u00f6nnyebben \u00e9s biztosabban k\u00f6zel ker\u00fclj\u00fcnk hozz\u00e1. M\u00f3zes k\u00e9rd\u00e9s\u00e9re Jahvenek nevezi mag\u00e1t, ami azt jelenti: \u0150 az itt \u00e9s most (de a mindig \u00e9s mindenkor) jelenlev\u0151 Isten, akiben hinn\u00fcnk kell, akiben b\u00edzhatunk.<\/p>\n<p><strong>V\u00c1LASZOS ZSOLT\u00c1R<\/strong> \u00a0\u00a0\u00a0\u00a0\u00a0\u00a0\u00a0\u00a0\u00a0\u00a0\u00a0\u00a0\u00a0\u00a0\u00a0\u00a0\u00a0\u00a0\u00a0\u00a0\u00a0\u00a0\u00a0<em>\u00a0\u00a0\u00a0\u00a0\u00a0\u00a0\u00a0\u00a0\u00a0\u00a0\u00a0\u00a0102. Zsolt\u00e1r <\/em><\/p>\n<p><strong>V\u00e1lasz: Irgalmas a mi Urunk, <u>I<\/u>sten\u00fcnk, *<\/strong><\/p>\n<p><strong>\u00a0\u00a0\u00a0\u00a0\u00a0\u00a0\u00a0\u00a0\u00a0\u00a0\u00a0\u00a0\u00a0 k\u00f6ny\u00f6r\u00fcletr<u>e<\/u> hajlik sz\u00edve.<\/strong><strong>\u00a0\u00a0\u00a0 <\/strong><\/p>\n<p><strong>SZENTLECKE<\/strong>\u00a0\u00a0 \u00a0\u00a0\u00a0\u00a0\u00a0\u00a0\u00a0\u00a0\u00a0\u00a0\u00a0\u00a0\u00a0\u00a0\u00a0\u00a0\u00a0\u00a0\u00a0\u00a0\u00a0\u00a0\u00a0\u00a0\u00a0\u00a0\u00a0\u00a0\u00a0\u00a0\u00a0\u00a0<em>1 Kor <\/em><em>10, 1\u20136. <\/em><em>1<\/em><em>0<\/em> <em>\u201312<\/em><\/p>\n<p>A szikla, amelyb\u0151l a puszt\u00e1ban v\u00edz fakadt, Krisztus el\u0151k\u00e9pe volt. Vagyis az \u00d3sz\u00f6vets\u00e9gben is minden kegyelem az \u0151 \u00e9rdemeinek el\u0151v\u00e9telez\u00e9se volt. Ugyanez \u00e9rv\u00e9nyes az \u00f3sz\u00f6vets\u00e9gi jelekre, jelk\u00e9pekre is. \u00cdgy a manna, a r\u00e9zk\u00edgy\u00f3, stb., mind-mind a Messi\u00e1s el\u0151k\u00e9pei voltak.<\/p>\n<p><strong>EVANG\u00c9LIUM EL\u0150TTI VERS<\/strong>\u00a0\u00a0\u00a0\u00a0\u00a0\u00a0\u00a0\u00a0\u00a0\u00a0\u00a0\u00a0\u00a0\u00a0\u00a0 <em>\u00a0\u00a0\u00a0\u00a0\u00a0\u00a0\u00a0\u00a0\u00a0\u00a0\u00a0\u00a0\u00a0\u00a0\u00a0\u00a0\u00a0\u00a0Mt 4, 17<\/em><\/p>\n<p>Az \u00dar mondja: \u201eTartsatok b\u0171nb\u00e1natot, * mert k\u00f6zel van a mennyek orsz\u00e1ga.\u201d<\/p>\n<p><strong>EVANG\u00c9LIUM<\/strong>\u00a0\u00a0\u00a0\u00a0\u00a0\u00a0\u00a0\u00a0\u00a0\u00a0\u00a0\u00a0\u00a0\u00a0\u00a0\u00a0\u00a0\u00a0\u00a0\u00a0\u00a0\u00a0\u00a0\u00a0\u00a0\u00a0\u00a0\u00a0\u00a0\u00a0\u00a0\u00a0\u00a0\u00a0\u00a0\u00a0\u00a0\u00a0\u00a0\u00a0\u00a0\u00a0\u00a0 \u00a0\u00a0\u00a0\u00a0\u00a0\u00a0\u00a0<em>Lk 13, 1\u20139<\/em><\/p>\n<p>J\u00e9zus sok p\u00e9ldabesz\u00e9dben figyelmeztet minket arra, hogy mindig legy\u00fcnk k\u00e9szen a sz\u00e1mad\u00e1sra. Igaz, Isten v\u00e9gtelen\u00fcl irgalmas, \u00e9s ad nek\u00fcnk id\u0151t a megt\u00e9r\u00e9sre. Nem szabad azonban k\u00f6nnyelm\u0171en vissza\u00e9ln\u00fcnk az \u0151 irgalmass\u00e1g\u00e1val, mert nem tudjuk sem a napot, sem az \u00f3r\u00e1t, amikor az \u00dar sz\u00e1mad\u00e1sra sz\u00f3l\u00edt minket.<\/p>\n<p><strong>AZ EUCHARISZTI\u00c1HOZ<\/strong><\/p>\n<p>Isten negyven \u00e9ven \u00e1t mann\u00e1val t\u00e1pl\u00e1lta a puszt\u00e1ban v\u00e1ndorl\u00f3 n\u00e9p\u00e9t. A mi zar\u00e1ndokutunk eledele az \u00e9gb\u0151l sz\u00e1llott szent keny\u00e9r, az Olt\u00e1riszents\u00e9g.<\/p>\n<p><strong>\u00c1LDOZ\u00c1SI \u00c9NEK\u00a0\u00a0\u00a0\u00a0\u00a0\u00a0\u00a0\u00a0\u00a0\u00a0\u00a0\u00a0\u00a0\u00a0\u00a0\u00a0\u00a0\u00a0\u00a0\u00a0\u00a0\u00a0\u00a0\u00a0\u00a0\u00a0\u00a0\u00a0\u00a0\u00a0\u00a0\u00a0\u00a0\u00a0\u00a0\u00a0\u00a0\u00a0\u00a0\u00a0\u00a0\u00a0\u00a0\u00a0\u00a0\u00a0\u00a0\u00a0 <\/strong><em>Zsolt 83, 4\u20135<\/em><\/p>\n<p>A ver\u00e9b is otthont tal\u00e1l mag\u00e1nak, \u00e9s f\u00e9szketa gerle, ahov\u00e1 fiait helyezze; \u00e9n a te olt\u00e1rodn\u00e1l, Seregek Ura, Istenem \u00e9s Kir\u00e1lyom!<\/p>\n<p>Boldogok, akik h\u00e1zadban laknak, \u00e9s t\u00e9ged \u00f6r\u00f6kk\u00e9 magasztalnak.<\/p>\n<p><strong>ELM\u00c9LKED\u00c9S<\/strong><\/p>\n<p>Uram, mint elk\u00f3borolt b\u00e1r\u00e1ny, szorongva kerestelek magam k\u00f6r\u00fcl, m\u00edg Te mindv\u00e9gig bennem lakozt\u00e1l. V\u00e1ndoroltam v\u00e1rosok utc\u00e1in, terein, sehol sem leltelek, mert nem tal\u00e1lhatom meg k\u00edv\u00fcl azt, aki mindig bennem lakozott.\u00a0 \u00a0\u00a0\u00a0\u00a0\u00a0\u00a0\u00a0\u00a0\u00a0\u00a0\u00a0\u00a0\u00a0\u00a0\u00a0\u00a0\u00a0\u00a0\u00a0\u00a0\u00a0\u00a0\u00a0\u00a0\u00a0\u00a0\u00a0\u00a0\u00a0\u00a0\u00a0\u00a0\u00a0\u00a0\u00a0\u00a0\u00a0\u00a0\u00a0\u00a0\u00a0\u00a0\u00a0\u00a0\u00a0\u00a0\u00a0\u00a0\u00a0\u00a0\u00a0\u00a0\u00a0<em>Szent \u00c1goston<\/em><\/p>\n<p>URUNK SZ\u00dcLET\u00c9S\u00c9NEK H\u00cdR\u00dcLAD\u00c1SA<\/p>\n<p>Gy\u00fcm\u00f6lcsolt\u00f3 Boldogasszony<\/p>\n<p>H\u00e9tf\u0151n, m\u00e1rcius 25-\u00e9n \u00fcnnepli az Egyh\u00e1z a megv\u00e1lt\u00e1s hajnal\u00e1t, Krisztus megtestes\u00fcl\u00e9s\u00e9t. Amit a Szepl\u0151telen Fogantat\u00e1s el\u0151k\u00e9sz\u00edtett, az ma val\u00f3ra v\u00e1lik: a Szentl\u00e9lek mindenhat\u00f3, teremt\u0151 erej\u00e9b\u0151l al\u00e1sz\u00e1ll az \u00f6r\u00f6k Ige, mint a term\u00e9szetfeletti \u00e9let cs\u00edr\u00e1ja. A Sz\u0171zb\u0151l anya lesz, an\u00e9lk\u00fcl, hogy megsz\u00fcnn\u00e9k sz\u0171z maradni. Ezt az \u00fcnnepet oly m\u00e9ly titok hatja \u00e1t, amely el\u0151tt h\u00f3dolattal \u00e9s im\u00e1dattal hajtunk t\u00e9rdet. Amikor a liturgia err\u0151l megeml\u00e9kezik (az \u00darangyal\u00e1ban, a Hiszekegyben) m\u00e9lyen meghajlunk. A mai \u00fcnnep id\u0151pontj\u00e1t a Kar\u00e1csony napja hat\u00e1rozza meg. A legr\u00e9gibb \u00fcnnepek egyike.<\/p>\n<p>A g\u00f6r\u00f6g liturgia \u00edgy dics\u0151\u00edti az \u00fcnnepet: \u201eMa van a mi \u00fcdv\u00f6ss\u00e9g\u00fcnk kezdete \u00e9s az \u00f6r\u00f6k titoknak megnyilatkoz\u00e1sa. Az Isten Fia a Sz\u0171z fi\u00e1v\u00e1 l\u0151n, \u00e9s G\u00e1bor arkangyal isteni kegyelmet hirdet. Az\u00e9rt mi is vele egy\u00fctt az Istensz\u00fcl\u0151nek ki\u00e1ltsuk: \u00dcdv\u00f6zl\u00e9gy, malaszttal teljes, az \u00dar van teveled!\u201d * A Sz\u0171zanya kilenc h\u00f3napon \u00e1t az Isten \u00e9l\u0151 temploma. Isten id\u0151nk\u00e9nt rendk\u00edv\u00fcli m\u00f3don is beavatkozik a t\u00f6rt\u00e9nelembe, \u00e9s abban az \u0151 b\u00f6lcsess\u00e9ge mutatkozik meg. Ezt el kell fogadnunk egy\u00e9ni \u00e9let\u00fcnkben is, amint a Sz\u0171zanya elfogadta.<\/p>\n<p>&nbsp;<\/p>\n<p>KALKUTTAI SZENT TER\u00c9Z IM\u00c1JA<\/p>\n<p>Urunk! Seg\u00edts minket, hogy megtanuljuk elviselni a mindennapi \u00e9let terheit \u00e9s k\u00ednjait! Hadd nyerj\u00fcnk kereszthal\u00e1lod \u00e9s felt\u00e1mad\u00e1sod \u00e1ltal \u00faj er\u0151t, hogy az \u00e9let egyre nagyobb \u00e9s alkot\u00f3bb teljess\u00e9g\u00e9re jussunk! Te ugyanolyan t\u00fcrelmesen \u00e9s al\u00e1zatosan sz\u00e1llt\u00e1l al\u00e1 az emberi \u00e9let m\u00e9lys\u00e9g\u00e9be, mint ahogy szenved\u00e9sed \u00e9s keresztre fesz\u00edt\u00e9sed k\u00ednjait elfogadtad. Seg\u00edts minket, hogy a naponta \u00fajb\u00f3l ad\u00f3d\u00f3 vesz\u0151ds\u00e9geket \u00e9s neh\u00e9zs\u00e9geket j\u00f3kor j\u00f6tt alkalomnak tekints\u00fck arra, hogy n\u00f6vekedj\u00fcnk embers\u00e9g\u00fcnkben, \u00e9s hozz\u00e1d hasonl\u00f3bb\u00e1 v\u00e1ljunk. T\u00e9gy minket k\u00e9pess\u00e9 arra, hogy az ilyen helyzetek pr\u00f3bat\u00e9tel\u00e9t t\u00fcrelmesen \u00e9s b\u00e1tran ki\u00e1lljuk, \u00e9s er\u0151s\u00edtsd meg benn\u00fcnk a seg\u00edts\u00e9gedbe vetett bizalmat! Ha meghalunk veled, veled egy\u00fctt fel is t\u00e1madunk. Amen.<\/p>\n<p>&nbsp;<\/p>\n<p>SZENTEK LEHET\u00dcNK,<\/p>\n<p>MERT MEGSEG\u00cdT AZ \u00daR<\/p>\n<ol start=\"2017\">\n<li>j\u00fanius 21-\u00e9n a szerdai \u00e1ltal\u00e1nos kihallgat\u00e1son Ferenc p\u00e1pa \u00edgy tan\u00edtott: ahhoz, hogy szentek legy\u00fcnk, nem kell eg\u00e9sz nap im\u00e1dkoznunk. Az \u00e9letszents\u00e9g a betegs\u00e9gben, a szenved\u00e9sben, a munk\u00e1ban \u00e9s a gyereknevel\u00e9sben is megnyilv\u00e1nul. Az \u00dar adja meg nek\u00fcnk a rem\u00e9nyt, hogy szentek lehess\u00fcnk, \u00e9s ne higgy\u00fck, hogy valami neh\u00e9z dologr\u00f3l van sz\u00f3; hogy k\u00f6nnyebb b\u0171n\u00f6z\u0151nek lenni, mint szentnek! Szentek lehet\u00fcnk, mert megseg\u00edt az \u00dar. A vil\u00e1gnak szentekre van sz\u00fcks\u00e9ge, \u00e9s nek\u00fcnk az a hivat\u00e1sunk, hogy szentek legy\u00fcnk. Nem szabad f\u00e9lni att\u00f3l, hogy az \u00e9letszents\u00e9g \u00fatj\u00e1t j\u00e1rjuk, amely az al\u00e1zatosak\u00e9, nem pedig az arrog\u00e1nsak\u00e9.<\/li>\n<\/ol>\n<p>&nbsp;<\/p>\n<p>B\u00d6JT\u00a0 +\u00a0 \u00a0IM\u00c1DS\u00c1G\u00a0\u00a0 +\u00a0 IRGALMAS SZERETET<\/p>\n<p>&nbsp;<\/p>\n<p>&nbsp;<\/p>\n<ol start=\"2019\">\n<li>m\u00e1rcius 17.<\/li>\n<\/ol>\n<p>Nagyb\u00f6jt 2. vas\u00e1rnapja<\/p>\n<p>&nbsp;<\/p>\n<p>Szenved\u00e9s\u00e9nek k\u00fcsz\u00f6b\u00e9n bizalmas bar\u00e1tai el\u0151tt felvillantja J\u00e9zus az \u0151 dics\u0151s\u00e9g\u00e9nek f\u00e9ny\u00e9t, hogy a r\u00e1k\u00f6vetkez\u0151 megal\u00e1ztat\u00e1sok idej\u00e9n ne essenek k\u00e9ts\u00e9gbe. B\u00edzzanak abban, hogy a Golgota s\u00f6t\u00e9ts\u00e9g\u00e9t a T\u00e1bor hegy\u00e9nek f\u00e9nye k\u00f6veti \u00e9s ragyogja majd be.<\/p>\n<p><strong>KEZD\u0150\u00c9NEK<\/strong>\u00a0\u00a0 \u00a0\u00a0\u00a0\u00a0\u00a0\u00a0\u00a0\u00a0\u00a0\u00a0\u00a0\u00a0\u00a0\u00a0\u00a0\u00a0\u00a0\u00a0\u00a0\u00a0\u00a0\u00a0\u00a0\u00a0\u00a0\u00a0\u00a0\u00a0\u00a0\u00a0\u00a0\u00a0\u00a0\u00a0\u00a0\u00a0\u00a0\u00a0\u00a0\u00a0<em>Zsolt 24, 6. 3. 22 <\/em><\/p>\n<p>Irgalmass\u00e1godra gondolj, Uram, \u00e9s k\u00f6ny\u00f6r\u00fcletedre, mely \u00f6r\u00f6kt\u0151l val\u00f3. Ne ujjongjon ellens\u00e9g f\u00f6l\u00f6tt\u00fcnk; szabad\u00edtsd meg, Istenem, n\u00e9pedet minden sanyar\u00fas\u00e1g\u00e1b\u00f3l.<\/p>\n<p><strong>OLVASM\u00c1NY<\/strong>\u00a0\u00a0\u00a0\u00a0\u00a0\u00a0\u00a0\u00a0\u00a0\u00a0\u00a0\u00a0\u00a0\u00a0\u00a0\u00a0\u00a0\u00a0\u00a0\u00a0\u00a0\u00a0\u00a0\u00a0\u00a0\u00a0\u00a0\u00a0\u00a0\u00a0\u00a0\u00a0\u00a0\u00a0\u00a0\u00a0\u00a0\u00a0\u00a0\u00a0 <em>Ter 15, 5\u201312. 17\u201318<\/em><\/p>\n<p>A sz\u00f6vets\u00e9gk\u00f6t\u00e9snek \u0151sid\u0151k \u00f3ta megvolt a saj\u00e1tos form\u00e1ja. Az \u00e1ldozati \u00e1llatokat kett\u00e9has\u00edtva lerakt\u00e1k \u00fagy, hogy k\u00f6z\u00f6tt\u00fck \u00e1t lehetett haladni. Ezzel jelezni akart\u00e1k, hogy ez t\u00f6rt\u00e9nj\u00e9k vel\u00fck is, ha nem tartj\u00e1k meg a szerz\u0151d\u00e9st.<\/p>\n<p>&nbsp;<\/p>\n<p><strong>V\u00c1LASZOS ZSOLT\u00c1R<\/strong> \u00a0\u00a0\u00a0\u00a0\u00a0\u00a0\u00a0\u00a0\u00a0\u00a0\u00a0\u00a0\u00a0\u00a0\u00a0\u00a0\u00a0\u00a0\u00a0\u00a0\u00a0\u00a0\u00a0\u00a0\u00a0\u00a0\u00a0\u00a0\u00a0\u00a0\u00a0\u00a0\u00a0\u00a0\u00a0\u00a0\u00a0<em>26. Zsolt\u00e1r <\/em><\/p>\n<p><strong>V\u00e1lasz: Az \u00dar az \u00e9n vil<u>\u00e1<\/u>goss\u00e1gom, *<\/strong><\/p>\n<p><strong>\u00a0\u00a0\u00a0\u00a0\u00a0\u00a0\u00a0\u00a0\u00a0\u00a0\u00a0\u00a0\u00a0 \u00e9s \u0151 az \u00e9n \u00fcdv\u00f6ss\u00e9g<u>e<\/u>m.\u00a0\u00a0\u00a0 <\/strong><\/p>\n<p><strong>\u00a0<\/strong><\/p>\n<p><strong>SZENTLECKE<\/strong>\u00a0\u00a0 \u00a0\u00a0\u00a0\u00a0\u00a0\u00a0\u00a0\u00a0\u00a0\u00a0\u00a0\u00a0\u00a0\u00a0\u00a0\u00a0\u00a0\u00a0\u00a0\u00a0\u00a0\u00a0\u00a0\u00a0\u00a0\u00a0\u00a0\u00a0\u00a0\u00a0\u00a0\u00a0\u00a0\u00a0\u00a0\u00a0\u00a0\u00a0\u00a0\u00a0\u00a0\u00a0\u00a0<em>Fil 3, 17 \u2013 4. 1<\/em><\/p>\n<p>Szent P\u00e1l apostol szomor\u00faan tapasztalja, hogy a kereszt\u00e9nyek k\u00f6z\u00f6tt is akadnak olyanok, akik a lelki \u00e9rt\u00e9kek keres\u00e9se helyett ink\u00e1bb f\u00f6ldi k\u00edv\u00e1ns\u00e1gaik szerint \u00e9lnek. Nem k\u00f6vetik J\u00e9zus p\u00e9ld\u00e1j\u00e1t, aki az Atya akarata ir\u00e1nt val\u00f3 engedelmess\u00e9gb\u0151l v\u00e1llalt minden \u00e1ldozatot. Aki el akarja nyerni a mennyek orsz\u00e1g\u00e1t, az keresse az odaf\u00f6nt val\u00f3kat.<\/p>\n<p>Vagy r\u00f6videbb forma:\u00a0\u00a0\u00a0\u00a0\u00a0\u00a0\u00a0\u00a0\u00a0\u00a0\u00a0\u00a0\u00a0\u00a0\u00a0\u00a0\u00a0\u00a0\u00a0\u00a0\u00a0\u00a0\u00a0\u00a0\u00a0\u00a0\u00a0\u00a0\u00a0\u00a0\u00a0 <em>Fil 3, 20 \u2013 4. 1<\/em><\/p>\n<p><strong>EVANG\u00c9LIUM EL\u0150TTI VERS<\/strong>\u00a0\u00a0\u00a0\u00a0\u00a0\u00a0\u00a0 <em>\u00a0\u00a0\u00a0\u00a0\u00a0\u00a0\u00a0\u00a0\u00a0\u00a0\u00a0\u00a0\u00a0\u00a0V\u00f6. 2 P\u00e9t 1, 17<\/em><\/p>\n<p>A f\u00e9nyes felh\u0151b\u0151l az Atya sz\u00f3zata hallatszott: * \u201eEz az \u00e9n szeretett Fiam, \u0151t hallgass\u00e1tok!\u201d<\/p>\n<p><strong>EVANG\u00c9LIUM<\/strong>\u00a0\u00a0\u00a0\u00a0\u00a0\u00a0\u00a0\u00a0\u00a0\u00a0\u00a0\u00a0\u00a0\u00a0\u00a0\u00a0\u00a0\u00a0\u00a0\u00a0\u00a0\u00a0\u00a0\u00a0\u00a0\u00a0\u00a0\u00a0\u00a0\u00a0\u00a0\u00a0\u00a0\u00a0\u00a0\u00a0\u00a0\u00a0\u00a0\u00a0\u00a0\u00a0\u00a0\u00a0\u00a0 <em>Lk 9, 28b\u201336<\/em><\/p>\n<p>J\u00e9zus f\u00f6ldi \u00e9let\u00e9ben a mennyei Atya term\u00e9szetfeletti jeleket adott, amelyekkel igazolta Megv\u00e1lt\u00f3nk istenfi\u00fas\u00e1g\u00e1t \u00e9s k\u00fcldet\u00e9s\u00e9t. Ilyen csod\u00e1latos jel volt az \u0151 sz\u00ednev\u00e1ltoz\u00e1sa is. Nem volt v\u00e9letlen M\u00f3zes \u00e9s Ill\u00e9s jelenl\u00e9te sem. \u0150k mint az \u00d3sz\u00f6vets\u00e9g k\u00e9pvisel\u0151i tan\u00faskodtak arr\u00f3l, hogy J\u00e9zus a meg\u00edg\u00e9rt Messi\u00e1s.<\/p>\n<p><strong>AZ EUCHARISZTI\u00c1HOZ<\/strong><\/p>\n<p>Az Olt\u00e1riszents\u00e9g a h\u00edv\u0151 ember sz\u00e1m\u00e1ra Isten j\u00f3s\u00e1g\u00e1nak \u00e9s hatalm\u00e1nak nagy csod\u00e1ja. A keny\u00e9r sz\u00edne al\u00e1 rejt\u0151zve az Isten Fia lesz lelk\u00fcnk vend\u00e9ge.<\/p>\n<p><strong>\u00c1LDOZ\u00c1SI \u00c9NEK<\/strong>\u00a0\u00a0\u00a0\u00a0\u00a0\u00a0\u00a0\u00a0\u00a0\u00a0\u00a0\u00a0\u00a0\u00a0\u00a0\u00a0\u00a0\u00a0\u00a0\u00a0\u00a0\u00a0\u00a0\u00a0\u00a0\u00a0\u00a0\u00a0 <em>\u00a0\u00a0\u00a0\u00a0\u00a0\u00a0\u00a0\u00a0\u00a0\u00a0\u00a0\u00a0\u00a0\u00a0\u00a0\u00a0\u00a0\u00a0\u00a0\u00a0\u00a0\u00a0\u00a0\u00a0Mt 17, 5 \u00a0<\/em><\/p>\n<p>Ez az \u00e9n szeretett Fiam, akiben kedvem telik, \u0151t hallgass\u00e1tok!<\/p>\n<p><strong>NAGYB\u00d6JTI LELK\u00dcLET<\/strong><\/p>\n<p>A k\u00fcls\u0151 \u00e9let visszaszor\u00edt\u00e1sa, magunkba sz\u00e1ll\u00e1s. * B\u0171nb\u00e1nat, \u00e9let\u00fcnk jobb\u00edt\u00e1s\u00e1ra val\u00f3 sz\u00e1nd\u00e9k. * Az Egyh\u00e1z liturgi\u00e1j\u00e1val egyes\u00fclve a nagyb\u00f6jti fegyelem f\u00f6laj\u00e1nl\u00e1sa.<\/p>\n<p><strong>+ + +<\/strong><\/p>\n<p>\u00c9NEK A GY\u0150RI K\u00d6NNYEZ\u0150 SZ\u0170ZANY\u00c1HOZ<\/p>\n<p>K\u00f6nnyes a k\u00e9t szemed, \u00f3 Sz\u0171zany\u00e1nk. V\u00e9resen csordul a k\u00f6nnye re\u00e1nk. Jaj, milyen b\u00e1nat gy\u00f6tri sz\u00edvedet, sajtolja ki k\u00f6nnyeidet.<\/p>\n<p>Futva fut \u00edrhoni p\u00fcsp\u00f6k ide; b\u0171ne csak krisztusi dr\u00e1ga hite. K\u00e9pedet hozza \u00e9des vigaszul, itt tesz csod\u00e1t v\u00e9le az \u00dar.<\/p>\n<p>K\u00e9t kicsi n\u00e9p, magyar \u00edr a Tied. K\u00f6nny\u00fck is, v\u00e9r\u00fck is v\u00e9rzi sz\u00edved. Ajkadat \u00e9rt\u00fcnk im\u00e1ra nyitod, ezt s\u00fagja e dr\u00e1ga titok.<\/p>\n<p>K\u00f6nnyedet J\u00e9zusunk k\u00fcldi nek\u00fcnk, s\u00edrjon a v\u00e9tkein b\u0171s nemzet\u00fcnk! Szent Sz\u00edve rajtunk megint k\u00f6ny\u00f6r\u00fcl, s\u00edr\u00f3 n\u00e9ped \u00fajra \u00f6r\u00fcl.<\/p>\n<p>V\u00e9rgy\u00f6ngy a k\u00e9peden, \u00f3 Sz\u0171zany\u00e1nk! F\u00f6lszedem h\u0171 sz\u00edved kincse gyan\u00e1nt. B\u0171n\u00f6met \u00e9n is k\u00f6nnyel siratom: l\u00e1bad el\u00e9 mind lerakom.<\/p>\n<p>&nbsp;<\/p>\n<p>SZENT J\u00d3ZSEF \u00dcNNEPE<\/p>\n<p>M\u00e1rcius 19.<\/p>\n<p>Szent P\u00e9ter apostol \u00edrja a h\u00e1zast\u00e1rsak k\u00f6teles\u00e9geir\u0151l: \u201eAz Isten szem\u00e9ben az ember rejtett \u00e9nje az \u00e9rt\u00e9kes, a sz\u00edv a maga b\u00e9k\u00e9s szel\u00edds\u00e9g\u00e9ben \u00e9s zavartalan nyugalm\u00e1ban\u201d (1 P\u00e9t 3, 4). Szent J\u00f3zsef, J\u00e9zus nevel\u0151atyja ilyen ember volt. Csendes, szorgalmas munk\u00e1s volt. Kereste M\u00e1ria titk\u00e1nak magyar\u00e1zat\u00e1t, de b\u00f6lcs emberk\u00e9nt belenyugodott Isten akarat\u00e1ba. V\u00e9dte M\u00e1ri\u00e1t, \u00e9s nevelte J\u00e9zust. Tisztelete \u00e9s \u00fcnnepe Nyugaton a 14-15. sz\u00e1zadban terjedt el. 1621-t\u0151l szerepel a nyugati Egyh\u00e1z napt\u00e1r\u00e1ban. IX. Piusz p\u00e1pa az Egyh\u00e1z v\u00e9d\u0151szentj\u00e9v\u00e9 nyilv\u00e1n\u00edtotta, XXIII. J\u00e1nos p\u00e1pa pedig bevette nev\u00e9t az 1. Eucharisztikus im\u00e1ba. Az Istentiszteleti \u00e9s Szents\u00e9gi Kongreg\u00e1ci\u00f3 dekr\u00e9tumot adott k\u00f6zre 2013. m\u00e1jus 1-j\u00e9n,\u00a0 Szent J\u00f3zsef, a munk\u00e1s napj\u00e1n, amely elrendeli, hogy a r\u00f3mai hivatalos misek\u00f6nyv 2. 3. \u00e9s 4. Eucharisztikus im\u00e1ds\u00e1g\u00e1ban az \u201eIsten Anyja, a Boldogs\u00e1gos Sz\u0171z M\u00e1ria\u201d r\u00e9sz ut\u00e1n eml\u00edts\u00e9k meg a \u201eSzent J\u00f3zsef, az \u0151 Jegyese\u201d betold\u00e1st.<\/p>\n<p>Szent J\u00f3zsef p\u00e9ld\u00e1ja munk\u00e1ra, al\u00e1zatoss\u00e1gra, tisztas\u00e1gra b\u00edztat. K\u00e9rj\u00fck \u0151t, hogy amint gondvisel\u0151je volt a gyermek J\u00e9zusnak, \u00fagy legyen oltalmaz\u00f3ja az \u0151 Egyh\u00e1z\u00e1nak is. A m\u00e1sik k\u00e9r\u00e9s\u00fcnk pedig az legyen, hogy Szent J\u00f3zsef boldog hal\u00e1l\u00e1hoz hasonl\u00f3an J\u00e9zus \u00e9s M\u00e1ria \u00e1lljon mellett\u00fcnk is hal\u00e1lunk \u00f3r\u00e1j\u00e1n.<\/p>\n<p>&nbsp;<\/p>\n<p>\u00daJG\u00d6R\u00d6G ORTODOX IM\u00c1DS\u00c1G<\/p>\n<p>\u00d3, emberszeret\u0151 Uralkod\u00f3nk, gy\u00fajtsd f\u00f6l sz\u00edv\u00fcnkben ismeretednek ragyog\u00f3 vil\u00e1goss\u00e1g\u00e1t, nyisd fel szem\u00fcnket, hogy helyesen fogjuk fel ig\u00e9det; \u00fcltesd el benn\u00fcnk \u00e1ldott parancsaidnak f\u00e9lelm\u00e9t, hogy minden testi k\u00edv\u00e1ns\u00e1got lek\u00fczdve, tetsz\u00e9sedet keresve \u00e9s aszerint cselekedve mindenben \u00e1tlelkes\u00fclt \u00e9letet \u00e9lj\u00fcnk. Mert te vagy lelk\u00fcnk \u00e9s test\u00fcnk vil\u00e1goss\u00e1ga, Krisztus, Isten\u00fcnk, \u00e9s \u00f6r\u00f6k Aty\u00e1ddal \u00e9s legszentebb, j\u00f3s\u00e1gos \u00e9s \u00e9letet ad\u00f3 Lelkeddel egy\u00fctt magasztalunk t\u00e9ged most \u00e9s mindenkor \u00e9s mind\u00f6r\u00f6kk\u00f6n-\u00f6r\u00f6kk\u00e9.<\/p>\n<p>&nbsp;<\/p>\n<ol start=\"2019\">\n<li>m\u00e1rcius 10.<\/li>\n<\/ol>\n<p>NAGYB\u00d6JT 1. VAS\u00c1RNAPJA<\/p>\n<p>A Szent Negyvennapnak, a nagyb\u00f6jti id\u0151nek k\u00e9t jellegzetess\u00e9ge van: egyr\u00e9szt el\u0151k\u00e9sz\u00edt a kereszts\u00e9gre, illetve a kereszts\u00e9gi kegyelem meg\u00faj\u00edt\u00e1s\u00e1ra, m\u00e1sr\u00e9szt pedig figyelmeztet benn\u00fcnket a b\u0171nb\u00e1natra.<\/p>\n<p>Ez a szent id\u0151 negyven napig tart, mert a Szent\u00edr\u00e1s szerint a negyven szent sz\u00e1m: a v\u00e1lasztott n\u00e9p negyven \u00e9vig tart\u00f3zkodott a puszt\u00e1ban, J\u00f3n\u00e1s pr\u00f3f\u00e9ta negyven napos b\u00f6jt\u00f6t hirdetett Ninive v\u00e1ros lak\u00f3inak, \u00e9s maga az \u00dcdv\u00f6z\u00edt\u0151 is negyven napig b\u00f6jt\u00f6lt.<\/p>\n<p><strong>KEZD\u0150\u00c9NEK<\/strong>\u00a0 \u00a0\u00a0\u00a0\u00a0\u00a0\u00a0\u00a0\u00a0\u00a0\u00a0\u00a0\u00a0\u00a0\u00a0\u00a0\u00a0\u00a0\u00a0\u00a0\u00a0\u00a0\u00a0\u00a0\u00a0\u00a0\u00a0\u00a0\u00a0\u00a0\u00a0\u00a0\u00a0\u00a0\u00a0\u00a0\u00a0\u00a0\u00a0\u00a0\u00a0\u00a0\u00a0\u00a0<em>Zsolt 90, 15\u201316 <\/em><\/p>\n<p>Ha ki\u00e1lt hozz\u00e1m, meghallgatom; megszabad\u00edtom \u00e9s dics\u0151s\u00e9get szerzek neki, hossz\u00fa \u00e9lettel \u00e1ldom meg.<\/p>\n<p><strong>OLVASM\u00c1NY <\/strong>\u00a0\u00a0\u00a0\u00a0\u00a0\u00a0\u00a0\u00a0\u00a0\u00a0\u00a0\u00a0\u00a0\u00a0\u00a0\u00a0\u00a0\u00a0\u00a0\u00a0\u00a0\u00a0\u00a0\u00a0\u00a0\u00a0\u00a0\u00a0\u00a0\u00a0\u00a0\u00a0\u00a0\u00a0\u00a0\u00a0\u00a0\u00a0\u00a0\u00a0\u00a0\u00a0\u00a0\u00a0\u00a0\u00a0\u00a0\u00a0<em>MT\u00f6rv 26, 4\u201310 <\/em><\/p>\n<p>Az \u00f3sz\u00f6vets\u00e9gi vall\u00e1sban az \u00e1ldozatbemutat\u00e1s kett\u0151s c\u00e9lt szolg\u00e1lt: h\u00e1laad\u00e1s volt az Istent\u0151l kapott javak\u00e9rt \u00e9s engesztel\u00e9s a b\u0171n\u00f6k\u00e9rt. Nek\u00fcnk sem szabad err\u0151l a k\u00e9t fontos sz\u00e1nd\u00e9kr\u00f3l megfeledkezn\u00fcnk!<\/p>\n<p><strong>V\u00c1LASZOS ZSOLT\u00c1R<\/strong> \u00a0\u00a0\u00a0\u00a0\u00a0\u00a0\u00a0\u00a0\u00a0\u00a0\u00a0\u00a0\u00a0\u00a0\u00a0\u00a0\u00a0\u00a0\u00a0\u00a0\u00a0\u00a0\u00a0\u00a0\u00a0\u00a0\u00a0\u00a0\u00a0\u00a0\u00a0\u00a0\u00a0\u00a0\u00a0\u00a0\u00a0<em>90. Zsolt\u00e1r <\/em><\/p>\n<p><strong>V\u00e1lasz: L\u00e9gy velem, <u>U<\/u>ram * minden sz\u00fcks<u>\u00e9<\/u>gemben.\u00a0 <\/strong><\/p>\n<p><strong>SZENTLECKE <\/strong>\u00a0\u00a0\u00a0\u00a0\u00a0\u00a0\u00a0\u00a0\u00a0\u00a0\u00a0\u00a0\u00a0\u00a0\u00a0\u00a0\u00a0\u00a0\u00a0\u00a0\u00a0\u00a0\u00a0\u00a0\u00a0\u00a0\u00a0\u00a0\u00a0\u00a0\u00a0\u00a0\u00a0\u00a0\u00a0\u00a0\u00a0\u00a0\u00a0\u00a0\u00a0\u00a0\u00a0\u00a0\u00a0\u00a0<em>R\u00f3m 10, 8\u201313<\/em><\/p>\n<p>Hit\u00fcnk vezet minket a megigazul\u00e1sra \u00e9s az \u00fcdv\u00f6ss\u00e9gre. A kereszt\u00e9ny hitnek \u00e1t kell hatnia sz\u00edv\u00fcnket, de k\u00fcls\u0151leg is meg kell azt vallanunk az emberek el\u0151tt. \u00cdgy el\u0151seg\u00edtj\u00fck a hit terjed\u00e9s\u00e9t, \u00e9s Isten egyetemes \u00fcdv\u00f6z\u00edt\u0151 sz\u00e1nd\u00e9k\u00e1nak eszk\u00f6zei lesz\u00fcnk.<\/p>\n<p><strong>EVANG\u00c9LIUM EL\u0150TTI VERS<\/strong>\u00a0\u00a0\u00a0\u00a0\u00a0\u00a0\u00a0\u00a0\u00a0\u00a0\u00a0\u00a0\u00a0\u00a0\u00a0\u00a0\u00a0\u00a0\u00a0\u00a0\u00a0\u00a0\u00a0\u00a0\u00a0\u00a0\u00a0\u00a0\u00a0\u00a0\u00a0\u00a0\u00a0\u00a0\u00a0 <em>Mt 4, 4b<\/em><\/p>\n<p>Nemcsak keny\u00e9rrel \u00e9l az ember, * hanem minden ig\u00e9vel is, mely Isten ajk\u00e1r\u00f3l val\u00f3.<\/p>\n<p><strong>EVANG\u00c9LIUM <\/strong>\u00a0\u00a0\u00a0\u00a0\u00a0\u00a0\u00a0\u00a0\u00a0\u00a0\u00a0\u00a0\u00a0\u00a0\u00a0\u00a0\u00a0\u00a0\u00a0\u00a0\u00a0\u00a0\u00a0\u00a0\u00a0\u00a0\u00a0\u00a0\u00a0\u00a0\u00a0\u00a0\u00a0\u00a0\u00a0\u00a0\u00a0\u00a0\u00a0\u00a0\u00a0\u00a0\u00a0\u00a0\u00a0\u00a0\u00a0\u00a0\u00a0<em>Lk 4, 1\u201313<\/em><\/p>\n<p>J\u00e9zus val\u00f3ban hasonl\u00f3v\u00e1 lett hozz\u00e1nk. Mindent v\u00e1llalt, ami emberi sorsunk velej\u00e1r\u00f3ja \u2013 a b\u0171nt kiv\u00e9ve. \u00cdgy v\u00e1llalta azt is, hogy megk\u00eds\u00e9rtse \u0151t a gonosz l\u00e9lek. P\u00e9ld\u00e1t akart ugyanis adni arra, hogyan kell hat\u00e1rozottan visszautas\u00edtanunk a b\u0171n\u00f6s k\u00edv\u00e1ns\u00e1gokat.<\/p>\n<p><strong>AZ EUCHARISZTI\u00c1HOZ<\/strong><\/p>\n<p>Az Olt\u00e1riszents\u00e9g ad nek\u00fcnk er\u0151t arra, hogy er\u00e9nyekben gazdag, \u00e9rt\u00e9kes kereszt\u00e9ny \u00e9lettel dics\u0151\u00edts\u00fck meg a mennyei Aty\u00e1t.<\/p>\n<p><strong>ELM\u00c9LKED\u00c9S<\/strong><\/p>\n<p>Isten szabad akaratot adott az embernek. \u00cdgy megteheti m\u00e9g azt is, hogy elhagyja Istent \u00e9s n\u00e9lk\u00fcle pr\u00f3b\u00e1lja megoldani \u00e9let\u00e9t. Isten azonban mindig h\u0171s\u00e9ges marad hozz\u00e1nk. Irgalmas j\u00f3s\u00e1g\u00e1ban felkarolja \u00e9s megadja nek\u00fcnk a megt\u00e9r\u00e9s kegyelm\u00e9t.<\/p>\n<p><strong>B\u00d6JTI FEGYELEM<\/strong><\/p>\n<p>K\u00f6telez\u0151 h\u00fast\u00f3l val\u00f3 megtart\u00f3ztat\u00e1s van Nagyb\u00f6jt p\u00e9ntekjein a bet\u00f6lt\u00f6tt 14 \u00e9ves kort\u00f3l. Az \u00e9v t\u00f6bbi p\u00e9ntekje egyszer\u0171 b\u0171nb\u00e1nati nap, amikor els\u0151sorban h\u00fast\u00f3l val\u00f3 megtart\u00f3ztat\u00e1ssal vagy helyette t\u00f6bb im\u00e1ds\u00e1ggal, \u00f6nmegtagad\u00e1ssal, \u00e9s egy\u00e9b j\u00f3cselekedetekkel tehet\u00fcnk eleget a b\u0171nb\u00e1nati fegyelem el\u0151\u00edr\u00e1s\u00e1nak<em>.<\/em><\/p>\n<p>NAGYB\u00d6JTI K\u00c9SZ\u00dcL\u0150D\u00c9S<\/p>\n<p>Nagyb\u00f6jt kezdet\u00e9n szeretn\u00e9nk seg\u00edts\u00e9get ny\u00fajtani Ferenc p\u00e1pa <em>Evangelii Gaudium<\/em> c\u00edm\u0171 apostoli level\u00e9b\u0151l v\u00e1logatott gondolatokkal.<\/p>\n<ol>\n<li>Az Evang\u00e9lium \u00f6r\u00f6mh\u00edre bet\u00f6lti a sz\u00edv\u00e9t \u00e9s az eg\u00e9sz \u00e9let\u00e9t azoknak az embereknek, akik tal\u00e1lkoznak J\u00e9zussal. Azok, akik hagyj\u00e1k megmenteni magukat, megszabadulnak b\u0171neikt\u0151l, szomor\u00fas\u00e1gaikt\u00f3l, a bels\u0151 \u00fcress\u00e9gt\u0151l \u00e9s az elszigetelts\u00e9gt\u0151l.<\/li>\n<li>Minden kereszt\u00e9nyt megh\u00edvok \u2013 f\u00fcggetlen\u00fcl att\u00f3l, hogy milyen \u00e9lethelyzetben vagy melyik v\u00e9g\u00e9n \u00e9l is a vil\u00e1gnak \u2013 arra, hogy m\u00e9g ma \u00faj\u00edtsa meg a szem\u00e9lyes tal\u00e1lkoz\u00e1s\u00e1t J\u00e9zus Krisztussal. Vagy legal\u00e1bbis hozzon egy d\u00f6nt\u00e9st: nap, mint nap sz\u00fcntelen\u00fcl keresni fogja \u0150t, \u00e9s hagyja, hogy J\u00e9zus megtal\u00e1lja.<\/li>\n<li>Semmi alapja nincs annak, ha valaki azt gondoln\u00e1: Ez a megh\u00edv\u00e1s r\u00e1m nem vonatkozhat, mert \u201eabb\u00f3l az \u00f6r\u00f6mb\u0151l, amit Isten hoz a sz\u00e1munkra senki nincs kiz\u00e1rva\u201d. Ha valaki kock\u00e1ztat, azt az \u00dar nem hagyja cserben, \u00e9s ha valaki csak egy kis l\u00e9p\u00e9st is tesz J\u00e9zus fel\u00e9, mindj\u00e1rt felfedezheti, hogy \u0150 t\u00e1rt karokkal v\u00e1rja a mi k\u00f6zeled\u00e9s\u00fcnket.<\/li>\n<\/ol>\n<p>&nbsp;<\/p>\n<p><strong>M\u00c1RCIUS 13.<\/strong><\/p>\n<p><strong>E<\/strong><strong>zen a napon van<\/strong><strong> S<\/strong><strong>zentaty\u00e1nk, <\/strong><\/p>\n<p><strong>Ferenc p\u00e1pa megv\u00e1laszt\u00e1s\u00e1nak<\/strong><\/p>\n<ol start=\"6\">\n<li><strong> \u00e9vfordul\u00f3ja (2013). <\/strong><\/li>\n<\/ol>\n<p><strong>Isten sok\u00e1ig \u00e9ltesse! \u00a0Im\u00e1dkozzunk \u00e9rte!<\/strong><\/p>\n<p>&nbsp;<\/p>\n<p>A SZENTEK IS B\u0170N\u00d6S\u00d6K,<\/p>\n<p>DE MEGB\u00c1NJ\u00c1K V\u00c9TKEIKET<\/p>\n<p>\u00c9S BOCS\u00c1NATOT K\u00c9RNEK<\/p>\n<p>Ferenc p\u00e1pa \u00f3va int att\u00f3l, hogy szentesked\u0151 k\u00e9p\u0171nek k\u00e9pzelj\u00fck a szenteket. Enn\u00e9l sokkal m\u00e9lyebb dologr\u00f3l van sz\u00f3, amit sok gesztus, apr\u00f3 l\u00e9p\u00e9s t\u00e1pl\u00e1l, \u00e9s amit mindenki ott tud megtenni, ahol \u00e9l \u00e9s dolgozik. Minden \u00e9letszakasz az \u00e9letszents\u00e9ghez visz \u2013 buzd\u00edt a p\u00e1pa. A szentek szel\u00eddek \u00e9s t\u00fcrelmesek, mindazon\u00e1ltal nem mentek a b\u0171nt\u0151l. A Szent M\u00e1rta-h\u00e1zban mondott hom\u00edli\u00e1j\u00e1ban D\u00e1vidr\u00f3l elm\u00e9lkedve a p\u00e1pa meg\u00e1llap\u00edtotta: szent volt \u00e9s b\u0171n\u00f6s. Megvoltak a maga b\u0171nei, gyilkoss\u00e1got is elk\u00f6vetett, de v\u00e9g\u00fcl beismerte \u00e9s megb\u00e1nta b\u0171neit. Ez arra int minket, hogy minden szentnek megvan a maga m\u00faltja, mint ahogy minden b\u0171n\u00f6s el\u0151tt ott \u00e1ll a j\u00f6v\u0151.<\/p>\n<p>&nbsp;<\/p>\n<p><strong>M\u00c1RCIUS 15.<\/strong><\/p>\n<p>IM\u00c1DS\u00c1G HAZ\u00c1NK\u00c9RT<\/p>\n<p>Mennyei Aty\u00e1nk! K\u00e9r\u00fcnk T\u00e9ged J\u00e9zus Krisztus nev\u00e9ben, a mindenkor seg\u00edt\u0151 Sz\u0171zanya, Szent Istv\u00e1n kir\u00e1ly \u00e9s a magyar szentek k\u00f6zbenj\u00e1r\u00e1s\u00e1val, hogy \u00e1ldd meg eg\u00e9sz haz\u00e1nkat \u00e9s nemzet\u00fcnket! \u00c1ldd meg a szeg\u00e9nyeket \u00e9s gazdagokat, eg\u00e9szs\u00e9geseket \u00e9s betegeket, \u00f6regeket \u00e9s fiatalokat, magyarokat \u00e9s nem magyarokat, f\u00e9rfiakat \u00e9s asszonyokat!<\/p>\n<p><em>Magyarok Nagyasszonya, k\u00f6ny\u00f6r\u00f6gj \u00e9rett\u00fcnk!<\/em><\/p>\n<p>&nbsp;<\/p>\n","protected":false},"excerpt":{"rendered":"<p>2019. m\u00e1rcius 31. Nagyb\u00f6jt 4. vas\u00e1rnapja \u00a0 Isten szereti a vil\u00e1got, mert \u0151 teremtette. Szeret minket is, hiszen teremtm\u00e9nyei vagyunk. Mi emberek gyakran pr\u00f3b\u00e1ra tessz\u00fck t\u00fcrelm\u00e9t, mert h\u00e1l\u00e1tlanul szembefordulunk vele: b\u0171n\u00f6kkel b\u00e1ntjuk meg \u0151t. Isten azonban b\u0171neinkben sem hagyott magunkra: szeretetb\u0151l elk\u00fcldte Egysz\u00fcl\u00f6tt Fi\u00e1t a mi megv\u00e1lt\u00e1sunkra. OLVASM\u00c1NY\u00a0\u00a0\u00a0\u00a0\u00a0\u00a0\u00a0\u00a0\u00a0\u00a0\u00a0\u00a0\u00a0\u00a0\u00a0\u00a0\u00a0\u00a0\u00a0\u00a0\u00a0\u00a0\u00a0\u00a0\u00a0\u00a0\u00a0\u00a0\u00a0\u00a0\u00a0\u00a0 \u00a0\u00a0\u00a0\u00a0\u00a0\u00a0\u00a0\u00a0\u00a0\u00a0\u00a0\u00a0\u00a0\u00a0J\u00f3zs 5, 9a. 10\u201312 A v\u00e1lasztott n\u00e9p pusztai v\u00e1ndorl\u00e1sa el\u0151k\u00e9pe volt az Egyh\u00e1z f\u00f6ldi v\u00e1ndorl\u00e1s\u00e1nak, amely az \u00f6r\u00f6k haza fel\u00e9 tart. Isten gondvisel\u0151 szeretet\u00e9vel \u0151rk\u00f6d\u00f6tt n\u00e9pe f\u00f6l\u00f6tt. Ugyanezt megtapasztalhatjuk mi is, ha megtartjuk parancsait. V\u00c1LASZOS ZSOLT\u00c1R \u00a0\u00a0\u00a0\u00a0\u00a0\u00a0\u00a0\u00a0\u00a0\u00a0\u00a0\u00a0\u00a0\u00a0\u00a0\u00a0\u00a0\u00a0\u00a0\u00a0\u00a0\u00a0\u00a0\u00a0\u00a0\u00a0\u00a0\u00a0\u00a0\u00a0\u00a0\u00a0\u00a0\u00a0\u00a0\u00a0\u00a0\u00a053. Zsolt\u00e1r V\u00e1lasz: \u00cdzlelj\u00e9tek \u00e9s l\u00e1ss\u00e1tok, * milyen \u00e9des az \u00dar. SZENTLECKE\u00a0\u00a0 \u00a0\u00a0\u00a0\u00a0\u00a0\u00a0\u00a0\u00a0\u00a0\u00a0\u00a0\u00a0\u00a0\u00a0\u00a0\u00a0\u00a0\u00a0\u00a0\u00a0\u00a0\u00a0\u00a0\u00a0\u00a0\u00a0\u00a0\u00a0\u00a0\u00a0\u00a0\u00a0\u00a0\u00a0\u00a0\u00a0\u00a0\u00a0\u00a0\u00a0\u00a0\u00a02 Kor 5, 17\u201321 A b\u0171n\u00f6s embert Isten v\u00e9gleg nem vetette el, nem hagyta mag\u00e1ra. Szent Fia \u00e1ltal kiengesztel\u0151d\u00f6tt a vil\u00e1ggal. Legy\u00fcnk h\u00e1l\u00e1sak az\u00e9rt, hogy ez a kiengesztel\u0151d\u00e9s az Egyh\u00e1z szolg\u00e1lata \u00e1ltal tov\u00e1bb folytat\u00f3dik a vil\u00e1gon. EVANG\u00c9LIUM EL\u0150TTI VERS\u00a0\u00a0\u00a0\u00a0\u00a0\u00a0\u00a0\u00a0\u00a0\u00a0\u00a0\u00a0\u00a0 \u00a0\u00a0\u00a0\u00a0\u00a0\u00a0\u00a0\u00a0\u00a0\u00a0\u00a0\u00a0\u00a0\u00a0\u00a0\u00a0\u00a0\u00a0Lk 15, 18 F\u00f6lkelek, \u00e9s aty\u00e1mhoz megyek, + azt mondom n\u00e9ki, * \u201eAty\u00e1m, v\u00e9tkeztem az \u00e9g ellen \u00e9s te ellened.\u201d EVANG\u00c9LIUM\u00a0\u00a0\u00a0\u00a0\u00a0\u00a0\u00a0\u00a0\u00a0\u00a0\u00a0\u00a0\u00a0\u00a0\u00a0\u00a0\u00a0\u00a0\u00a0\u00a0\u00a0\u00a0\u00a0\u00a0\u00a0\u00a0\u00a0\u00a0\u00a0\u00a0\u00a0 \u00a0\u00a0\u00a0\u00a0\u00a0\u00a0\u00a0Lk 15, 1\u20133. 11\u201332 A farizeusok zokon veszik J\u00e9zust\u00f3l, hogy gyarl\u00f3, b\u0171n\u00f6s emberekkel bar\u00e1tkozik. J\u00e9zus h\u00e1rom p\u00e9ld\u00e1zattal v\u00e1laszol e v\u00e1daskod\u00e1sokra. Elmondja az elveszett b\u00e1r\u00e1ny, az elgurult drachma \u00e9s a t\u00e9kozl\u00f3 fi\u00fa t\u00f6rt\u00e9net\u00e9t. Ezek a p\u00e9ldabesz\u00e9dek azt bizony\u00edtj\u00e1k, hogy Isten irgalmas: a megt\u00e9r\u0151 b\u0171n\u00f6snek sz\u00edvesen \u00e9s \u00f6r\u00f6mmel megbocs\u00e1t. AZ EUCHARISZT\u00c1HOZ Az eucharisztikus lakoma el\u0151k\u00e9pe a mennyei lakom\u00e1nak. J\u00e9zus mindannyiunkat megh\u00edvott orsz\u00e1g\u00e1ba \u00e9s ott helyet k\u00e9sz\u00edtett sz\u00e1munkra. Rajtunk m\u00falik, hogy hit\u00fcnk \u00e9s h\u0171s\u00e9g\u00fcnk \u00e1ltal biztoss\u00e1 tessz\u00fck-e r\u00e9szv\u00e9tel\u00fcnket. Valljuk hittel: A mi \u00a0lelk\u00fcnk az \u00darra hagyatkozik, \u0151 a mi seg\u00edt\u0151nk, a mi oltalmunk, benne \u00f6rvend a sz\u00edv\u00fcnk. \u00c1LDOZ\u00c1SI \u00c9NEK\u00a0\u00a0\u00a0\u00a0\u00a0\u00a0\u00a0\u00a0\u00a0\u00a0\u00a0\u00a0\u00a0\u00a0\u00a0\u00a0\u00a0\u00a0\u00a0\u00a0\u00a0\u00a0\u00a0\u00a0\u00a0\u00a0\u00a0 \u00a0\u00a0\u00a0\u00a0\u00a0\u00a0\u00a0\u00a0\u00a0\u00a0\u00a0\u00a0\u00a0\u00a0\u00a0\u00a0\u00a0\u00a0Zsolt 121, 3\u20134 A szent v\u00e1ros szil\u00e1rdan \u00e1ll: biztos v\u00e9delmet ny\u00fajt mindenkinek. Oda vonulnak az \u00dar v\u00e1lasztottai, hogy magasztalj\u00e1k az \u00dar nev\u00e9t. ELM\u00c9LKED\u00c9S \u00a0\u00a0\u00a0\u00a0 LAETARE! \u2013 VIGADOZZ\u00c1L! Nagyb\u00f6jt 4. vas\u00e1rnapj\u00e1n \u00f6r\u00f6mtelibben sz\u00f3lhat az orgona, s\u0151t feld\u00edsz\u00edthetj\u00fck az olt\u00e1rt, \u00e9s a viola sz\u00ednt szabad r\u00f3zsasz\u00ednre enyh\u00edteni. Az Egyh\u00e1zhoz, \u201ea&#8230; <\/p>\n<p><a class=\"readmore\" href=\"https:\/\/stuttgarti-katolikusok.de\/index.php\/nagybojt-2-4-vasarnapja\/\">R\u00e9szletek<\/a><\/p>\n","protected":false},"author":3,"featured_media":0,"comment_status":"closed","ping_status":"closed","sticky":false,"template":"","format":"standard","meta":{"footnotes":""},"categories":[63],"tags":[],"class_list":["post-16441","post","type-post","status-publish","format-standard","hentry","category-vasarnapi-gondolatok"],"yoast_head":"<!-- This site is optimized with the Yoast SEO plugin v27.3 - https:\/\/yoast.com\/product\/yoast-seo-wordpress\/ -->\n<title>Nagyb\u00f6jt 2-4. vas\u00e1rnapja - Stuttgarti Katolikusok<\/title>\n<meta name=\"robots\" content=\"index, follow, max-snippet:-1, max-image-preview:large, max-video-preview:-1\" \/>\n<link rel=\"canonical\" href=\"https:\/\/stuttgarti-katolikusok.de\/index.php\/nagybojt-2-4-vasarnapja\/\" \/>\n<meta property=\"og:locale\" content=\"hu_HU\" \/>\n<meta property=\"og:type\" content=\"article\" \/>\n<meta property=\"og:title\" content=\"Nagyb\u00f6jt 2-4. vas\u00e1rnapja - Stuttgarti Katolikusok\" \/>\n<meta property=\"og:description\" content=\"2019. m\u00e1rcius 31. Nagyb\u00f6jt 4. vas\u00e1rnapja \u00a0 Isten szereti a vil\u00e1got, mert \u0151 teremtette. Szeret minket is, hiszen teremtm\u00e9nyei vagyunk. Mi emberek gyakran pr\u00f3b\u00e1ra tessz\u00fck t\u00fcrelm\u00e9t, mert h\u00e1l\u00e1tlanul szembefordulunk vele: b\u0171n\u00f6kkel b\u00e1ntjuk meg \u0151t. Isten azonban b\u0171neinkben sem hagyott magunkra: szeretetb\u0151l elk\u00fcldte Egysz\u00fcl\u00f6tt Fi\u00e1t a mi megv\u00e1lt\u00e1sunkra. OLVASM\u00c1NY\u00a0\u00a0\u00a0\u00a0\u00a0\u00a0\u00a0\u00a0\u00a0\u00a0\u00a0\u00a0\u00a0\u00a0\u00a0\u00a0\u00a0\u00a0\u00a0\u00a0\u00a0\u00a0\u00a0\u00a0\u00a0\u00a0\u00a0\u00a0\u00a0\u00a0\u00a0\u00a0 \u00a0\u00a0\u00a0\u00a0\u00a0\u00a0\u00a0\u00a0\u00a0\u00a0\u00a0\u00a0\u00a0\u00a0J\u00f3zs 5, 9a. 10\u201312 A v\u00e1lasztott n\u00e9p pusztai v\u00e1ndorl\u00e1sa el\u0151k\u00e9pe volt az Egyh\u00e1z f\u00f6ldi v\u00e1ndorl\u00e1s\u00e1nak, amely az \u00f6r\u00f6k haza fel\u00e9 tart. Isten gondvisel\u0151 szeretet\u00e9vel \u0151rk\u00f6d\u00f6tt n\u00e9pe f\u00f6l\u00f6tt. Ugyanezt megtapasztalhatjuk mi is, ha megtartjuk parancsait. V\u00c1LASZOS ZSOLT\u00c1R \u00a0\u00a0\u00a0\u00a0\u00a0\u00a0\u00a0\u00a0\u00a0\u00a0\u00a0\u00a0\u00a0\u00a0\u00a0\u00a0\u00a0\u00a0\u00a0\u00a0\u00a0\u00a0\u00a0\u00a0\u00a0\u00a0\u00a0\u00a0\u00a0\u00a0\u00a0\u00a0\u00a0\u00a0\u00a0\u00a0\u00a0\u00a053. Zsolt\u00e1r V\u00e1lasz: \u00cdzlelj\u00e9tek \u00e9s l\u00e1ss\u00e1tok, * milyen \u00e9des az \u00dar. SZENTLECKE\u00a0\u00a0 \u00a0\u00a0\u00a0\u00a0\u00a0\u00a0\u00a0\u00a0\u00a0\u00a0\u00a0\u00a0\u00a0\u00a0\u00a0\u00a0\u00a0\u00a0\u00a0\u00a0\u00a0\u00a0\u00a0\u00a0\u00a0\u00a0\u00a0\u00a0\u00a0\u00a0\u00a0\u00a0\u00a0\u00a0\u00a0\u00a0\u00a0\u00a0\u00a0\u00a0\u00a0\u00a02 Kor 5, 17\u201321 A b\u0171n\u00f6s embert Isten v\u00e9gleg nem vetette el, nem hagyta mag\u00e1ra. Szent Fia \u00e1ltal kiengesztel\u0151d\u00f6tt a vil\u00e1ggal. Legy\u00fcnk h\u00e1l\u00e1sak az\u00e9rt, hogy ez a kiengesztel\u0151d\u00e9s az Egyh\u00e1z szolg\u00e1lata \u00e1ltal tov\u00e1bb folytat\u00f3dik a vil\u00e1gon. EVANG\u00c9LIUM EL\u0150TTI VERS\u00a0\u00a0\u00a0\u00a0\u00a0\u00a0\u00a0\u00a0\u00a0\u00a0\u00a0\u00a0\u00a0 \u00a0\u00a0\u00a0\u00a0\u00a0\u00a0\u00a0\u00a0\u00a0\u00a0\u00a0\u00a0\u00a0\u00a0\u00a0\u00a0\u00a0\u00a0Lk 15, 18 F\u00f6lkelek, \u00e9s aty\u00e1mhoz megyek, + azt mondom n\u00e9ki, * \u201eAty\u00e1m, v\u00e9tkeztem az \u00e9g ellen \u00e9s te ellened.\u201d EVANG\u00c9LIUM\u00a0\u00a0\u00a0\u00a0\u00a0\u00a0\u00a0\u00a0\u00a0\u00a0\u00a0\u00a0\u00a0\u00a0\u00a0\u00a0\u00a0\u00a0\u00a0\u00a0\u00a0\u00a0\u00a0\u00a0\u00a0\u00a0\u00a0\u00a0\u00a0\u00a0\u00a0 \u00a0\u00a0\u00a0\u00a0\u00a0\u00a0\u00a0Lk 15, 1\u20133. 11\u201332 A farizeusok zokon veszik J\u00e9zust\u00f3l, hogy gyarl\u00f3, b\u0171n\u00f6s emberekkel bar\u00e1tkozik. J\u00e9zus h\u00e1rom p\u00e9ld\u00e1zattal v\u00e1laszol e v\u00e1daskod\u00e1sokra. Elmondja az elveszett b\u00e1r\u00e1ny, az elgurult drachma \u00e9s a t\u00e9kozl\u00f3 fi\u00fa t\u00f6rt\u00e9net\u00e9t. Ezek a p\u00e9ldabesz\u00e9dek azt bizony\u00edtj\u00e1k, hogy Isten irgalmas: a megt\u00e9r\u0151 b\u0171n\u00f6snek sz\u00edvesen \u00e9s \u00f6r\u00f6mmel megbocs\u00e1t. AZ EUCHARISZT\u00c1HOZ Az eucharisztikus lakoma el\u0151k\u00e9pe a mennyei lakom\u00e1nak. J\u00e9zus mindannyiunkat megh\u00edvott orsz\u00e1g\u00e1ba \u00e9s ott helyet k\u00e9sz\u00edtett sz\u00e1munkra. Rajtunk m\u00falik, hogy hit\u00fcnk \u00e9s h\u0171s\u00e9g\u00fcnk \u00e1ltal biztoss\u00e1 tessz\u00fck-e r\u00e9szv\u00e9tel\u00fcnket. Valljuk hittel: A mi \u00a0lelk\u00fcnk az \u00darra hagyatkozik, \u0151 a mi seg\u00edt\u0151nk, a mi oltalmunk, benne \u00f6rvend a sz\u00edv\u00fcnk. \u00c1LDOZ\u00c1SI \u00c9NEK\u00a0\u00a0\u00a0\u00a0\u00a0\u00a0\u00a0\u00a0\u00a0\u00a0\u00a0\u00a0\u00a0\u00a0\u00a0\u00a0\u00a0\u00a0\u00a0\u00a0\u00a0\u00a0\u00a0\u00a0\u00a0\u00a0\u00a0 \u00a0\u00a0\u00a0\u00a0\u00a0\u00a0\u00a0\u00a0\u00a0\u00a0\u00a0\u00a0\u00a0\u00a0\u00a0\u00a0\u00a0\u00a0Zsolt 121, 3\u20134 A szent v\u00e1ros szil\u00e1rdan \u00e1ll: biztos v\u00e9delmet ny\u00fajt mindenkinek. Oda vonulnak az \u00dar v\u00e1lasztottai, hogy magasztalj\u00e1k az \u00dar nev\u00e9t. ELM\u00c9LKED\u00c9S \u00a0\u00a0\u00a0\u00a0 LAETARE! \u2013 VIGADOZZ\u00c1L! Nagyb\u00f6jt 4. vas\u00e1rnapj\u00e1n \u00f6r\u00f6mtelibben sz\u00f3lhat az orgona, s\u0151t feld\u00edsz\u00edthetj\u00fck az olt\u00e1rt, \u00e9s a viola sz\u00ednt szabad r\u00f3zsasz\u00ednre enyh\u00edteni. Az Egyh\u00e1zhoz, \u201ea... R\u00e9szletek\" \/>\n<meta property=\"og:url\" content=\"https:\/\/stuttgarti-katolikusok.de\/index.php\/nagybojt-2-4-vasarnapja\/\" \/>\n<meta property=\"og:site_name\" content=\"Stuttgarti Katolikusok\" \/>\n<meta property=\"article:published_time\" content=\"2019-03-21T10:14:44+00:00\" \/>\n<meta property=\"article:modified_time\" content=\"2019-03-21T16:00:04+00:00\" \/>\n<meta name=\"author\" content=\"Tibor atya\" \/>\n<meta name=\"twitter:card\" content=\"summary_large_image\" \/>\n<meta name=\"twitter:label1\" content=\"Szerz\u0151:\" \/>\n\t<meta name=\"twitter:data1\" content=\"Tibor atya\" \/>\n\t<meta name=\"twitter:label2\" content=\"Becs\u00fclt olvas\u00e1si id\u0151\" \/>\n\t<meta name=\"twitter:data2\" content=\"20 perc\" \/>\n<script type=\"application\/ld+json\" class=\"yoast-schema-graph\">{\"@context\":\"https:\\\/\\\/schema.org\",\"@graph\":[{\"@type\":\"Article\",\"@id\":\"https:\\\/\\\/stuttgarti-katolikusok.de\\\/index.php\\\/nagybojt-2-4-vasarnapja\\\/#article\",\"isPartOf\":{\"@id\":\"https:\\\/\\\/stuttgarti-katolikusok.de\\\/index.php\\\/nagybojt-2-4-vasarnapja\\\/\"},\"author\":{\"name\":\"Tibor atya\",\"@id\":\"https:\\\/\\\/stuttgarti-katolikusok.de\\\/#\\\/schema\\\/person\\\/75908d6f8fdc03a57889d27209df7795\"},\"headline\":\"Nagyb\u00f6jt 2-4. vas\u00e1rnapja\",\"datePublished\":\"2019-03-21T10:14:44+00:00\",\"dateModified\":\"2019-03-21T16:00:04+00:00\",\"mainEntityOfPage\":{\"@id\":\"https:\\\/\\\/stuttgarti-katolikusok.de\\\/index.php\\\/nagybojt-2-4-vasarnapja\\\/\"},\"wordCount\":4068,\"articleSection\":[\"Vas\u00e1rnapi gondolatok\"],\"inLanguage\":\"hu\"},{\"@type\":\"WebPage\",\"@id\":\"https:\\\/\\\/stuttgarti-katolikusok.de\\\/index.php\\\/nagybojt-2-4-vasarnapja\\\/\",\"url\":\"https:\\\/\\\/stuttgarti-katolikusok.de\\\/index.php\\\/nagybojt-2-4-vasarnapja\\\/\",\"name\":\"Nagyb\u00f6jt 2-4. vas\u00e1rnapja - Stuttgarti Katolikusok\",\"isPartOf\":{\"@id\":\"https:\\\/\\\/stuttgarti-katolikusok.de\\\/#website\"},\"datePublished\":\"2019-03-21T10:14:44+00:00\",\"dateModified\":\"2019-03-21T16:00:04+00:00\",\"author\":{\"@id\":\"https:\\\/\\\/stuttgarti-katolikusok.de\\\/#\\\/schema\\\/person\\\/75908d6f8fdc03a57889d27209df7795\"},\"breadcrumb\":{\"@id\":\"https:\\\/\\\/stuttgarti-katolikusok.de\\\/index.php\\\/nagybojt-2-4-vasarnapja\\\/#breadcrumb\"},\"inLanguage\":\"hu\",\"potentialAction\":[{\"@type\":\"ReadAction\",\"target\":[\"https:\\\/\\\/stuttgarti-katolikusok.de\\\/index.php\\\/nagybojt-2-4-vasarnapja\\\/\"]}]},{\"@type\":\"BreadcrumbList\",\"@id\":\"https:\\\/\\\/stuttgarti-katolikusok.de\\\/index.php\\\/nagybojt-2-4-vasarnapja\\\/#breadcrumb\",\"itemListElement\":[{\"@type\":\"ListItem\",\"position\":1,\"name\":\"Kezd\u0151lap\",\"item\":\"https:\\\/\\\/stuttgarti-katolikusok.de\\\/\"},{\"@type\":\"ListItem\",\"position\":2,\"name\":\"Nagyb\u00f6jt 2-4. vas\u00e1rnapja\"}]},{\"@type\":\"WebSite\",\"@id\":\"https:\\\/\\\/stuttgarti-katolikusok.de\\\/#website\",\"url\":\"https:\\\/\\\/stuttgarti-katolikusok.de\\\/\",\"name\":\"Stuttgarti Katolikusok\",\"description\":\"\",\"potentialAction\":[{\"@type\":\"SearchAction\",\"target\":{\"@type\":\"EntryPoint\",\"urlTemplate\":\"https:\\\/\\\/stuttgarti-katolikusok.de\\\/?s={search_term_string}\"},\"query-input\":{\"@type\":\"PropertyValueSpecification\",\"valueRequired\":true,\"valueName\":\"search_term_string\"}}],\"inLanguage\":\"hu\"},{\"@type\":\"Person\",\"@id\":\"https:\\\/\\\/stuttgarti-katolikusok.de\\\/#\\\/schema\\\/person\\\/75908d6f8fdc03a57889d27209df7795\",\"name\":\"Tibor atya\",\"image\":{\"@type\":\"ImageObject\",\"inLanguage\":\"hu\",\"@id\":\"https:\\\/\\\/secure.gravatar.com\\\/avatar\\\/61d268e57d1f4525b111222e29d2d5a7f8c420fdbf231ba5566a8ceac74fa960?s=96&d=mm&r=g\",\"url\":\"https:\\\/\\\/secure.gravatar.com\\\/avatar\\\/61d268e57d1f4525b111222e29d2d5a7f8c420fdbf231ba5566a8ceac74fa960?s=96&d=mm&r=g\",\"contentUrl\":\"https:\\\/\\\/secure.gravatar.com\\\/avatar\\\/61d268e57d1f4525b111222e29d2d5a7f8c420fdbf231ba5566a8ceac74fa960?s=96&d=mm&r=g\",\"caption\":\"Tibor atya\"},\"url\":\"https:\\\/\\\/stuttgarti-katolikusok.de\\\/index.php\\\/author\\\/tibor-atya\\\/\"}]}<\/script>\n<!-- \/ Yoast SEO plugin. -->","yoast_head_json":{"title":"Nagyb\u00f6jt 2-4. vas\u00e1rnapja - Stuttgarti Katolikusok","robots":{"index":"index","follow":"follow","max-snippet":"max-snippet:-1","max-image-preview":"max-image-preview:large","max-video-preview":"max-video-preview:-1"},"canonical":"https:\/\/stuttgarti-katolikusok.de\/index.php\/nagybojt-2-4-vasarnapja\/","og_locale":"hu_HU","og_type":"article","og_title":"Nagyb\u00f6jt 2-4. vas\u00e1rnapja - Stuttgarti Katolikusok","og_description":"2019. m\u00e1rcius 31. Nagyb\u00f6jt 4. vas\u00e1rnapja \u00a0 Isten szereti a vil\u00e1got, mert \u0151 teremtette. Szeret minket is, hiszen teremtm\u00e9nyei vagyunk. Mi emberek gyakran pr\u00f3b\u00e1ra tessz\u00fck t\u00fcrelm\u00e9t, mert h\u00e1l\u00e1tlanul szembefordulunk vele: b\u0171n\u00f6kkel b\u00e1ntjuk meg \u0151t. Isten azonban b\u0171neinkben sem hagyott magunkra: szeretetb\u0151l elk\u00fcldte Egysz\u00fcl\u00f6tt Fi\u00e1t a mi megv\u00e1lt\u00e1sunkra. OLVASM\u00c1NY\u00a0\u00a0\u00a0\u00a0\u00a0\u00a0\u00a0\u00a0\u00a0\u00a0\u00a0\u00a0\u00a0\u00a0\u00a0\u00a0\u00a0\u00a0\u00a0\u00a0\u00a0\u00a0\u00a0\u00a0\u00a0\u00a0\u00a0\u00a0\u00a0\u00a0\u00a0\u00a0 \u00a0\u00a0\u00a0\u00a0\u00a0\u00a0\u00a0\u00a0\u00a0\u00a0\u00a0\u00a0\u00a0\u00a0J\u00f3zs 5, 9a. 10\u201312 A v\u00e1lasztott n\u00e9p pusztai v\u00e1ndorl\u00e1sa el\u0151k\u00e9pe volt az Egyh\u00e1z f\u00f6ldi v\u00e1ndorl\u00e1s\u00e1nak, amely az \u00f6r\u00f6k haza fel\u00e9 tart. Isten gondvisel\u0151 szeretet\u00e9vel \u0151rk\u00f6d\u00f6tt n\u00e9pe f\u00f6l\u00f6tt. Ugyanezt megtapasztalhatjuk mi is, ha megtartjuk parancsait. V\u00c1LASZOS ZSOLT\u00c1R \u00a0\u00a0\u00a0\u00a0\u00a0\u00a0\u00a0\u00a0\u00a0\u00a0\u00a0\u00a0\u00a0\u00a0\u00a0\u00a0\u00a0\u00a0\u00a0\u00a0\u00a0\u00a0\u00a0\u00a0\u00a0\u00a0\u00a0\u00a0\u00a0\u00a0\u00a0\u00a0\u00a0\u00a0\u00a0\u00a0\u00a0\u00a053. Zsolt\u00e1r V\u00e1lasz: \u00cdzlelj\u00e9tek \u00e9s l\u00e1ss\u00e1tok, * milyen \u00e9des az \u00dar. SZENTLECKE\u00a0\u00a0 \u00a0\u00a0\u00a0\u00a0\u00a0\u00a0\u00a0\u00a0\u00a0\u00a0\u00a0\u00a0\u00a0\u00a0\u00a0\u00a0\u00a0\u00a0\u00a0\u00a0\u00a0\u00a0\u00a0\u00a0\u00a0\u00a0\u00a0\u00a0\u00a0\u00a0\u00a0\u00a0\u00a0\u00a0\u00a0\u00a0\u00a0\u00a0\u00a0\u00a0\u00a0\u00a02 Kor 5, 17\u201321 A b\u0171n\u00f6s embert Isten v\u00e9gleg nem vetette el, nem hagyta mag\u00e1ra. Szent Fia \u00e1ltal kiengesztel\u0151d\u00f6tt a vil\u00e1ggal. Legy\u00fcnk h\u00e1l\u00e1sak az\u00e9rt, hogy ez a kiengesztel\u0151d\u00e9s az Egyh\u00e1z szolg\u00e1lata \u00e1ltal tov\u00e1bb folytat\u00f3dik a vil\u00e1gon. EVANG\u00c9LIUM EL\u0150TTI VERS\u00a0\u00a0\u00a0\u00a0\u00a0\u00a0\u00a0\u00a0\u00a0\u00a0\u00a0\u00a0\u00a0 \u00a0\u00a0\u00a0\u00a0\u00a0\u00a0\u00a0\u00a0\u00a0\u00a0\u00a0\u00a0\u00a0\u00a0\u00a0\u00a0\u00a0\u00a0Lk 15, 18 F\u00f6lkelek, \u00e9s aty\u00e1mhoz megyek, + azt mondom n\u00e9ki, * \u201eAty\u00e1m, v\u00e9tkeztem az \u00e9g ellen \u00e9s te ellened.\u201d EVANG\u00c9LIUM\u00a0\u00a0\u00a0\u00a0\u00a0\u00a0\u00a0\u00a0\u00a0\u00a0\u00a0\u00a0\u00a0\u00a0\u00a0\u00a0\u00a0\u00a0\u00a0\u00a0\u00a0\u00a0\u00a0\u00a0\u00a0\u00a0\u00a0\u00a0\u00a0\u00a0\u00a0 \u00a0\u00a0\u00a0\u00a0\u00a0\u00a0\u00a0Lk 15, 1\u20133. 11\u201332 A farizeusok zokon veszik J\u00e9zust\u00f3l, hogy gyarl\u00f3, b\u0171n\u00f6s emberekkel bar\u00e1tkozik. J\u00e9zus h\u00e1rom p\u00e9ld\u00e1zattal v\u00e1laszol e v\u00e1daskod\u00e1sokra. Elmondja az elveszett b\u00e1r\u00e1ny, az elgurult drachma \u00e9s a t\u00e9kozl\u00f3 fi\u00fa t\u00f6rt\u00e9net\u00e9t. Ezek a p\u00e9ldabesz\u00e9dek azt bizony\u00edtj\u00e1k, hogy Isten irgalmas: a megt\u00e9r\u0151 b\u0171n\u00f6snek sz\u00edvesen \u00e9s \u00f6r\u00f6mmel megbocs\u00e1t. AZ EUCHARISZT\u00c1HOZ Az eucharisztikus lakoma el\u0151k\u00e9pe a mennyei lakom\u00e1nak. J\u00e9zus mindannyiunkat megh\u00edvott orsz\u00e1g\u00e1ba \u00e9s ott helyet k\u00e9sz\u00edtett sz\u00e1munkra. Rajtunk m\u00falik, hogy hit\u00fcnk \u00e9s h\u0171s\u00e9g\u00fcnk \u00e1ltal biztoss\u00e1 tessz\u00fck-e r\u00e9szv\u00e9tel\u00fcnket. Valljuk hittel: A mi \u00a0lelk\u00fcnk az \u00darra hagyatkozik, \u0151 a mi seg\u00edt\u0151nk, a mi oltalmunk, benne \u00f6rvend a sz\u00edv\u00fcnk. \u00c1LDOZ\u00c1SI \u00c9NEK\u00a0\u00a0\u00a0\u00a0\u00a0\u00a0\u00a0\u00a0\u00a0\u00a0\u00a0\u00a0\u00a0\u00a0\u00a0\u00a0\u00a0\u00a0\u00a0\u00a0\u00a0\u00a0\u00a0\u00a0\u00a0\u00a0\u00a0 \u00a0\u00a0\u00a0\u00a0\u00a0\u00a0\u00a0\u00a0\u00a0\u00a0\u00a0\u00a0\u00a0\u00a0\u00a0\u00a0\u00a0\u00a0Zsolt 121, 3\u20134 A szent v\u00e1ros szil\u00e1rdan \u00e1ll: biztos v\u00e9delmet ny\u00fajt mindenkinek. Oda vonulnak az \u00dar v\u00e1lasztottai, hogy magasztalj\u00e1k az \u00dar nev\u00e9t. ELM\u00c9LKED\u00c9S \u00a0\u00a0\u00a0\u00a0 LAETARE! \u2013 VIGADOZZ\u00c1L! Nagyb\u00f6jt 4. vas\u00e1rnapj\u00e1n \u00f6r\u00f6mtelibben sz\u00f3lhat az orgona, s\u0151t feld\u00edsz\u00edthetj\u00fck az olt\u00e1rt, \u00e9s a viola sz\u00ednt szabad r\u00f3zsasz\u00ednre enyh\u00edteni. Az Egyh\u00e1zhoz, \u201ea... R\u00e9szletek","og_url":"https:\/\/stuttgarti-katolikusok.de\/index.php\/nagybojt-2-4-vasarnapja\/","og_site_name":"Stuttgarti Katolikusok","article_published_time":"2019-03-21T10:14:44+00:00","article_modified_time":"2019-03-21T16:00:04+00:00","author":"Tibor atya","twitter_card":"summary_large_image","twitter_misc":{"Szerz\u0151:":"Tibor atya","Becs\u00fclt olvas\u00e1si id\u0151":"20 perc"},"schema":{"@context":"https:\/\/schema.org","@graph":[{"@type":"Article","@id":"https:\/\/stuttgarti-katolikusok.de\/index.php\/nagybojt-2-4-vasarnapja\/#article","isPartOf":{"@id":"https:\/\/stuttgarti-katolikusok.de\/index.php\/nagybojt-2-4-vasarnapja\/"},"author":{"name":"Tibor atya","@id":"https:\/\/stuttgarti-katolikusok.de\/#\/schema\/person\/75908d6f8fdc03a57889d27209df7795"},"headline":"Nagyb\u00f6jt 2-4. vas\u00e1rnapja","datePublished":"2019-03-21T10:14:44+00:00","dateModified":"2019-03-21T16:00:04+00:00","mainEntityOfPage":{"@id":"https:\/\/stuttgarti-katolikusok.de\/index.php\/nagybojt-2-4-vasarnapja\/"},"wordCount":4068,"articleSection":["Vas\u00e1rnapi gondolatok"],"inLanguage":"hu"},{"@type":"WebPage","@id":"https:\/\/stuttgarti-katolikusok.de\/index.php\/nagybojt-2-4-vasarnapja\/","url":"https:\/\/stuttgarti-katolikusok.de\/index.php\/nagybojt-2-4-vasarnapja\/","name":"Nagyb\u00f6jt 2-4. vas\u00e1rnapja - Stuttgarti Katolikusok","isPartOf":{"@id":"https:\/\/stuttgarti-katolikusok.de\/#website"},"datePublished":"2019-03-21T10:14:44+00:00","dateModified":"2019-03-21T16:00:04+00:00","author":{"@id":"https:\/\/stuttgarti-katolikusok.de\/#\/schema\/person\/75908d6f8fdc03a57889d27209df7795"},"breadcrumb":{"@id":"https:\/\/stuttgarti-katolikusok.de\/index.php\/nagybojt-2-4-vasarnapja\/#breadcrumb"},"inLanguage":"hu","potentialAction":[{"@type":"ReadAction","target":["https:\/\/stuttgarti-katolikusok.de\/index.php\/nagybojt-2-4-vasarnapja\/"]}]},{"@type":"BreadcrumbList","@id":"https:\/\/stuttgarti-katolikusok.de\/index.php\/nagybojt-2-4-vasarnapja\/#breadcrumb","itemListElement":[{"@type":"ListItem","position":1,"name":"Kezd\u0151lap","item":"https:\/\/stuttgarti-katolikusok.de\/"},{"@type":"ListItem","position":2,"name":"Nagyb\u00f6jt 2-4. vas\u00e1rnapja"}]},{"@type":"WebSite","@id":"https:\/\/stuttgarti-katolikusok.de\/#website","url":"https:\/\/stuttgarti-katolikusok.de\/","name":"Stuttgarti Katolikusok","description":"","potentialAction":[{"@type":"SearchAction","target":{"@type":"EntryPoint","urlTemplate":"https:\/\/stuttgarti-katolikusok.de\/?s={search_term_string}"},"query-input":{"@type":"PropertyValueSpecification","valueRequired":true,"valueName":"search_term_string"}}],"inLanguage":"hu"},{"@type":"Person","@id":"https:\/\/stuttgarti-katolikusok.de\/#\/schema\/person\/75908d6f8fdc03a57889d27209df7795","name":"Tibor atya","image":{"@type":"ImageObject","inLanguage":"hu","@id":"https:\/\/secure.gravatar.com\/avatar\/61d268e57d1f4525b111222e29d2d5a7f8c420fdbf231ba5566a8ceac74fa960?s=96&d=mm&r=g","url":"https:\/\/secure.gravatar.com\/avatar\/61d268e57d1f4525b111222e29d2d5a7f8c420fdbf231ba5566a8ceac74fa960?s=96&d=mm&r=g","contentUrl":"https:\/\/secure.gravatar.com\/avatar\/61d268e57d1f4525b111222e29d2d5a7f8c420fdbf231ba5566a8ceac74fa960?s=96&d=mm&r=g","caption":"Tibor atya"},"url":"https:\/\/stuttgarti-katolikusok.de\/index.php\/author\/tibor-atya\/"}]}},"_links":{"self":[{"href":"https:\/\/stuttgarti-katolikusok.de\/index.php\/wp-json\/wp\/v2\/posts\/16441","targetHints":{"allow":["GET"]}}],"collection":[{"href":"https:\/\/stuttgarti-katolikusok.de\/index.php\/wp-json\/wp\/v2\/posts"}],"about":[{"href":"https:\/\/stuttgarti-katolikusok.de\/index.php\/wp-json\/wp\/v2\/types\/post"}],"author":[{"embeddable":true,"href":"https:\/\/stuttgarti-katolikusok.de\/index.php\/wp-json\/wp\/v2\/users\/3"}],"replies":[{"embeddable":true,"href":"https:\/\/stuttgarti-katolikusok.de\/index.php\/wp-json\/wp\/v2\/comments?post=16441"}],"version-history":[{"count":3,"href":"https:\/\/stuttgarti-katolikusok.de\/index.php\/wp-json\/wp\/v2\/posts\/16441\/revisions"}],"predecessor-version":[{"id":16445,"href":"https:\/\/stuttgarti-katolikusok.de\/index.php\/wp-json\/wp\/v2\/posts\/16441\/revisions\/16445"}],"wp:attachment":[{"href":"https:\/\/stuttgarti-katolikusok.de\/index.php\/wp-json\/wp\/v2\/media?parent=16441"}],"wp:term":[{"taxonomy":"category","embeddable":true,"href":"https:\/\/stuttgarti-katolikusok.de\/index.php\/wp-json\/wp\/v2\/categories?post=16441"},{"taxonomy":"post_tag","embeddable":true,"href":"https:\/\/stuttgarti-katolikusok.de\/index.php\/wp-json\/wp\/v2\/tags?post=16441"}],"curies":[{"name":"wp","href":"https:\/\/api.w.org\/{rel}","templated":true}]}}