{"id":16345,"date":"2019-03-06T11:42:25","date_gmt":"2019-03-06T11:42:25","guid":{"rendered":"https:\/\/gracious-dewdney.138-201-221-2.plesk.page\/?p=16345"},"modified":"2019-03-06T13:54:46","modified_gmt":"2019-03-06T13:54:46","slug":"brune-gyorgyi-marietta-szijjarto-peter-miniszter-ur-stuttgarti-latogatasa","status":"publish","type":"post","link":"https:\/\/stuttgarti-katolikusok.de\/index.php\/brune-gyorgyi-marietta-szijjarto-peter-miniszter-ur-stuttgarti-latogatasa\/","title":{"rendered":"Brune Gy\u00f6rgyi Marietta: Szijj\u00e1rt\u00f3 P\u00e9ter miniszter \u00far stuttgarti l\u00e1togat\u00e1sa"},"content":{"rendered":"<p><strong>Szijj\u00e1rt\u00f3 P\u00e9ter miniszter \u00far stuttgarti l\u00e1togat\u00e1sa<\/strong><\/p>\n<p>Nagy \u00f6r\u00f6m\u00fcnkre szolg\u00e1lt, amint tudom\u00e1sunkra jutott, hogy Szijj\u00e1rt\u00f3 P\u00e9ter k\u00fcl\u00fcgyminiszter \u00far stuttgarti \u00fatja sor\u00e1n saj\u00e1t k\u00e9r\u00e9s\u00e9re a stuttgarti magyar katolikus egyh\u00e1zk\u00f6z\u00f6zs\u00e9g k\u00f6r\u00e9ben is l\u00e1togat\u00e1st tesz. Noha \u00e9rkez\u00e9se munkanapra esett, el\u0151k\u00e9sz\u00fcleteiben k\u00f6z\u00f6sseg\u00fcnk sz\u00e1mos tagja k\u00e9szs\u00e9gesen seg\u00e9dkezett.<\/p>\n<p>Imre Atya es Tibor Atya a templom el\u0151tti t\u00e9ren fogadt\u00e1k Szijj\u00e1rt\u00f3 P\u00e9ter miniszter urat \u00e9s deleg\u00e1ci\u00f3j\u00e1t, majd bek\u00eds\u00e9rt\u00e9k \u0151ket a templomba.<\/p>\n<p>Imre Atya k\u00f6sz\u00f6nt\u0151j\u00e9t Mindszenty J\u00f3zsef b\u00edboros hercegpr\u00edm\u00e1s 1974-ben tett stuttgarti l\u00e1togat\u00e1snak felid\u00e9z\u00e9s\u00e9vel kezdte. Azzal a j\u00faniusi nappal, amelyen Leiprecht p\u00fcsp\u00f6k fogadta a b\u00edboros urat. Magyar testv\u00e9reivel is tal\u00e1lkozott ott, a templomban \u00e9s az anyanyelv szeretet\u00e9re valamint a nemzethez val\u00f3 t\u00f6retlen ragaszkod\u00e1sra sz\u00f3l\u00edtotta fel \u0151ket. \u00c9ppen 45 \u00e9v telt el a l\u00e1togat\u00e1s \u00f3ta. Ezekkel a szavakkal k\u00f6sz\u00f6nt\u00f6tte a k\u00fcl\u00fcgyminiszter urat Imre atya bevezet\u0151j\u00e9ben.\u00a0 Csak\u00fagy, mint akkor, erre\u00a0 a l\u00e1togat\u00e1sra is egy k\u00f6z\u00f6ss\u00e9gk\u00e9nt gy\u0171lt \u00f6ssze katolikus, protest\u00e1ns, valamint az is, aki semmif\u00e9le felekezetnek nem tagja.<\/p>\n<p>Imre Atya ezt k\u00f6vet\u0151en bemutatta a Magyar Katolikus Misszi\u00f3\/Egyh\u00e1zk\u00f6zs\u00e9g t\u00f6rt\u00e9net\u00e9t, annak alakul\u00e1s\u00e1t\u00f3l, a m\u00e1sodik vil\u00e1gh\u00e1bor\u00fa v\u00e9g\u00e9t\u0151l napjainkig. A Misszi\u00f3 t\u00f6rt\u00e9net\u00e9t bemutat\u00f3 ki\u00e1ll\u00edt\u00e1s, ebb\u0151l az alkalomb\u00f3l felker\u00fclt \u00fajra a Bruder Klaus templom fal\u00e1ra.<\/p>\n<p>Imre atya eml\u00edt\u00e9st tett a Misszi\u00f3b\u00f3l kiteljesedett mintegy 11 k\u00f6r es klub munk\u00e1j\u00e1r\u00f3l, melynek eredm\u00e9nyek\u00e9nt tagjaik a szentmis\u00e9ken t\u00fal is akt\u00edvan seg\u00edtik egym\u00e1st \u00e9s a misszi\u00f3 munk\u00e1j\u00e1t egyar\u00e1nt. Elismer\u00e9ssel \u00e9s h\u00e1l\u00e1val eml\u00e9kezett meg a W\u00fcrttembergi Protest\u00e1ns Gy\u00fclekezet, a Stuttgarti Magyar F\u0151konzul\u00e1tus, a Balassi Int\u00e9zet \u00e9s a stuttgarti magyar katolikusok k\u00f6z\u00f6tti k\u00f6lcs\u00f6n\u00f6s j\u00f3 viszonyr\u00f3l.<\/p>\n<p>Ezt k\u00f6vette a Mindszenty szobor megkoszor\u00faz\u00e1sa \u00e9s az az \u00f6r\u00f6mteli h\u00edr, hogy az 1985-ben k\u00e9sz\u00fclt szobor fel\u00faj\u00edt\u00e1s\u00e1ban a K\u00fcl\u00fcgyminiszt\u00e9rium seg\u00edt\u0151 kezet ny\u00fajt.<\/p>\n<p>Mindezek ut\u00e1n egy r\u00f6vid szem\u00e9lyes besz\u00e9lget\u00e9s vette kezdet\u00e9t, melyen a deleg\u00e1ci\u00f3 tagjai \u00e9s k\u00e9t katolikus lelkip\u00e1sztorunk vett r\u00e9szt. Mialatt az \u00f6sszesereglett h\u00edvek helyet foglaltak a k\u00f6z\u00f6ss\u00e9gi h\u00e1zban, miniszter \u00far is meg\u00e9rkezett k\u00eds\u00e9ret\u00e9vel \u00e9s az aty\u00e1kkal. Besz\u00e9de mindennem\u0171 h\u00e9tk\u00f6znapi politikai felhangot n\u00e9lk\u00fcl\u00f6zve szem\u00e9lyes hangv\u00e9telben sz\u00f3lt a Stuttgarti h\u00edvekhez, melyben meger\u0151s\u00edtette a magyar korm\u00e1ny seg\u00edt\u0151 sz\u00e1nd\u00e9k\u00e1t a hat\u00e1ron t\u00fali kereszt\u00e9ny k\u00f6z\u00f6ss\u00e9gek ir\u00e1ny\u00e1ba. L\u00e1togat\u00e1s\u00e1nak c\u00e9lj\u00e1t kiemelve megtudhattuk, hogy a k\u00e9toldal\u00fa gazdas\u00e1gi \u00e9rdekeken t\u00falmutatva a baden-w\u00fcrttembergi diaszp\u00f3ra magyars\u00e1g ir\u00e1nt \u00e9rzett elk\u00f6telezetts\u00e9g adott alkalmat erre a p\u00e9nteki tal\u00e1lkoz\u00e1sra.<\/p>\n<p>A r\u00f6vid, mintegy egy\u00f3r\u00e1s l\u00e1togat\u00e1st k\u00f6vet\u0151en k\u00fcl\u00fcgyminiszter \u00far folytatta stuttgarti \u00fatj\u00e1t.<\/p>\n<p>K\u00f6sz\u00f6net neki, hogy elj\u00f6tt k\u00f6z\u00e9nk, \u00e9s k\u00f6sz\u00f6net mindazoknak, akik itt tart\u00f3zkod\u00e1s\u00e1t b\u00e1rmilyen form\u00e1ban is feledhetetlenn\u00e9 tett\u00e9k!<\/p>\n<p><em>Stuttgart, 2019. m\u00e1rcius 5.<\/em><\/p>\n<p><em>Brune Gy\u00f6rgyi Marietta<\/em><\/p>\n<p>&nbsp;<\/p>\n","protected":false},"excerpt":{"rendered":"<p>Szijj\u00e1rt\u00f3 P\u00e9ter miniszter \u00far stuttgarti l\u00e1togat\u00e1sa Nagy \u00f6r\u00f6m\u00fcnkre szolg\u00e1lt, amint tudom\u00e1sunkra jutott, hogy Szijj\u00e1rt\u00f3 P\u00e9ter k\u00fcl\u00fcgyminiszter \u00far stuttgarti \u00fatja sor\u00e1n saj\u00e1t k\u00e9r\u00e9s\u00e9re a stuttgarti magyar katolikus egyh\u00e1zk\u00f6z\u00f6zs\u00e9g k\u00f6r\u00e9ben is l\u00e1togat\u00e1st tesz. Noha \u00e9rkez\u00e9se munkanapra esett, el\u0151k\u00e9sz\u00fcleteiben k\u00f6z\u00f6sseg\u00fcnk sz\u00e1mos tagja k\u00e9szs\u00e9gesen seg\u00e9dkezett. Imre Atya es Tibor Atya a templom el\u0151tti t\u00e9ren fogadt\u00e1k Szijj\u00e1rt\u00f3 P\u00e9ter miniszter urat \u00e9s deleg\u00e1ci\u00f3j\u00e1t, majd bek\u00eds\u00e9rt\u00e9k \u0151ket a templomba. Imre Atya k\u00f6sz\u00f6nt\u0151j\u00e9t Mindszenty J\u00f3zsef b\u00edboros hercegpr\u00edm\u00e1s 1974-ben tett stuttgarti l\u00e1togat\u00e1snak felid\u00e9z\u00e9s\u00e9vel kezdte. Azzal a j\u00faniusi nappal, amelyen Leiprecht p\u00fcsp\u00f6k fogadta a b\u00edboros urat. Magyar testv\u00e9reivel is tal\u00e1lkozott ott, a templomban \u00e9s az anyanyelv szeretet\u00e9re valamint a nemzethez val\u00f3 t\u00f6retlen ragaszkod\u00e1sra sz\u00f3l\u00edtotta fel \u0151ket. \u00c9ppen 45 \u00e9v telt el a l\u00e1togat\u00e1s \u00f3ta. Ezekkel a szavakkal k\u00f6sz\u00f6nt\u00f6tte a k\u00fcl\u00fcgyminiszter urat Imre atya bevezet\u0151j\u00e9ben.\u00a0 Csak\u00fagy, mint akkor, erre\u00a0 a l\u00e1togat\u00e1sra is egy k\u00f6z\u00f6ss\u00e9gk\u00e9nt gy\u0171lt \u00f6ssze katolikus, protest\u00e1ns, valamint az is, aki semmif\u00e9le felekezetnek nem tagja. Imre Atya ezt k\u00f6vet\u0151en bemutatta a Magyar Katolikus Misszi\u00f3\/Egyh\u00e1zk\u00f6zs\u00e9g t\u00f6rt\u00e9net\u00e9t, annak alakul\u00e1s\u00e1t\u00f3l, a m\u00e1sodik vil\u00e1gh\u00e1bor\u00fa v\u00e9g\u00e9t\u0151l napjainkig. A Misszi\u00f3 t\u00f6rt\u00e9net\u00e9t bemutat\u00f3 ki\u00e1ll\u00edt\u00e1s, ebb\u0151l az alkalomb\u00f3l felker\u00fclt \u00fajra a Bruder Klaus templom fal\u00e1ra. Imre atya eml\u00edt\u00e9st tett a Misszi\u00f3b\u00f3l kiteljesedett mintegy 11 k\u00f6r es klub munk\u00e1j\u00e1r\u00f3l, melynek eredm\u00e9nyek\u00e9nt tagjaik a szentmis\u00e9ken t\u00fal is akt\u00edvan seg\u00edtik egym\u00e1st \u00e9s a misszi\u00f3 munk\u00e1j\u00e1t egyar\u00e1nt. Elismer\u00e9ssel \u00e9s h\u00e1l\u00e1val eml\u00e9kezett meg a W\u00fcrttembergi Protest\u00e1ns Gy\u00fclekezet, a Stuttgarti Magyar F\u0151konzul\u00e1tus, a Balassi Int\u00e9zet \u00e9s a stuttgarti magyar katolikusok k\u00f6z\u00f6tti k\u00f6lcs\u00f6n\u00f6s j\u00f3 viszonyr\u00f3l. Ezt k\u00f6vette a Mindszenty szobor megkoszor\u00faz\u00e1sa \u00e9s az az \u00f6r\u00f6mteli h\u00edr, hogy az 1985-ben k\u00e9sz\u00fclt szobor fel\u00faj\u00edt\u00e1s\u00e1ban a K\u00fcl\u00fcgyminiszt\u00e9rium seg\u00edt\u0151 kezet ny\u00fajt. Mindezek ut\u00e1n egy r\u00f6vid szem\u00e9lyes besz\u00e9lget\u00e9s vette kezdet\u00e9t, melyen a deleg\u00e1ci\u00f3 tagjai \u00e9s k\u00e9t katolikus lelkip\u00e1sztorunk vett r\u00e9szt. Mialatt az \u00f6sszesereglett h\u00edvek helyet foglaltak a k\u00f6z\u00f6ss\u00e9gi h\u00e1zban, miniszter \u00far is meg\u00e9rkezett k\u00eds\u00e9ret\u00e9vel \u00e9s az aty\u00e1kkal. Besz\u00e9de mindennem\u0171 h\u00e9tk\u00f6znapi politikai felhangot n\u00e9lk\u00fcl\u00f6zve szem\u00e9lyes hangv\u00e9telben sz\u00f3lt a Stuttgarti h\u00edvekhez, melyben&#8230; <\/p>\n<p><a class=\"readmore\" href=\"https:\/\/stuttgarti-katolikusok.de\/index.php\/brune-gyorgyi-marietta-szijjarto-peter-miniszter-ur-stuttgarti-latogatasa\/\">R\u00e9szletek<\/a><\/p>\n","protected":false},"author":3,"featured_media":16346,"comment_status":"closed","ping_status":"closed","sticky":false,"template":"","format":"standard","meta":{"footnotes":""},"categories":[28],"tags":[],"class_list":["post-16345","post","type-post","status-publish","format-standard","has-post-thumbnail","hentry","category-olvasoink-irjak"],"yoast_head":"<!-- This site is optimized with the Yoast SEO plugin v27.3 - https:\/\/yoast.com\/product\/yoast-seo-wordpress\/ -->\n<title>Brune Gy\u00f6rgyi Marietta: Szijj\u00e1rt\u00f3 P\u00e9ter miniszter \u00far stuttgarti l\u00e1togat\u00e1sa - Stuttgarti Katolikusok<\/title>\n<meta name=\"robots\" content=\"index, follow, max-snippet:-1, max-image-preview:large, max-video-preview:-1\" \/>\n<link rel=\"canonical\" href=\"https:\/\/stuttgarti-katolikusok.de\/index.php\/brune-gyorgyi-marietta-szijjarto-peter-miniszter-ur-stuttgarti-latogatasa\/\" \/>\n<meta property=\"og:locale\" content=\"hu_HU\" \/>\n<meta property=\"og:type\" content=\"article\" \/>\n<meta property=\"og:title\" content=\"Brune Gy\u00f6rgyi Marietta: Szijj\u00e1rt\u00f3 P\u00e9ter miniszter \u00far stuttgarti l\u00e1togat\u00e1sa - Stuttgarti Katolikusok\" \/>\n<meta property=\"og:description\" content=\"Szijj\u00e1rt\u00f3 P\u00e9ter miniszter \u00far stuttgarti l\u00e1togat\u00e1sa Nagy \u00f6r\u00f6m\u00fcnkre szolg\u00e1lt, amint tudom\u00e1sunkra jutott, hogy Szijj\u00e1rt\u00f3 P\u00e9ter k\u00fcl\u00fcgyminiszter \u00far stuttgarti \u00fatja sor\u00e1n saj\u00e1t k\u00e9r\u00e9s\u00e9re a stuttgarti magyar katolikus egyh\u00e1zk\u00f6z\u00f6zs\u00e9g k\u00f6r\u00e9ben is l\u00e1togat\u00e1st tesz. Noha \u00e9rkez\u00e9se munkanapra esett, el\u0151k\u00e9sz\u00fcleteiben k\u00f6z\u00f6sseg\u00fcnk sz\u00e1mos tagja k\u00e9szs\u00e9gesen seg\u00e9dkezett. Imre Atya es Tibor Atya a templom el\u0151tti t\u00e9ren fogadt\u00e1k Szijj\u00e1rt\u00f3 P\u00e9ter miniszter urat \u00e9s deleg\u00e1ci\u00f3j\u00e1t, majd bek\u00eds\u00e9rt\u00e9k \u0151ket a templomba. Imre Atya k\u00f6sz\u00f6nt\u0151j\u00e9t Mindszenty J\u00f3zsef b\u00edboros hercegpr\u00edm\u00e1s 1974-ben tett stuttgarti l\u00e1togat\u00e1snak felid\u00e9z\u00e9s\u00e9vel kezdte. Azzal a j\u00faniusi nappal, amelyen Leiprecht p\u00fcsp\u00f6k fogadta a b\u00edboros urat. Magyar testv\u00e9reivel is tal\u00e1lkozott ott, a templomban \u00e9s az anyanyelv szeretet\u00e9re valamint a nemzethez val\u00f3 t\u00f6retlen ragaszkod\u00e1sra sz\u00f3l\u00edtotta fel \u0151ket. \u00c9ppen 45 \u00e9v telt el a l\u00e1togat\u00e1s \u00f3ta. Ezekkel a szavakkal k\u00f6sz\u00f6nt\u00f6tte a k\u00fcl\u00fcgyminiszter urat Imre atya bevezet\u0151j\u00e9ben.\u00a0 Csak\u00fagy, mint akkor, erre\u00a0 a l\u00e1togat\u00e1sra is egy k\u00f6z\u00f6ss\u00e9gk\u00e9nt gy\u0171lt \u00f6ssze katolikus, protest\u00e1ns, valamint az is, aki semmif\u00e9le felekezetnek nem tagja. Imre Atya ezt k\u00f6vet\u0151en bemutatta a Magyar Katolikus Misszi\u00f3\/Egyh\u00e1zk\u00f6zs\u00e9g t\u00f6rt\u00e9net\u00e9t, annak alakul\u00e1s\u00e1t\u00f3l, a m\u00e1sodik vil\u00e1gh\u00e1bor\u00fa v\u00e9g\u00e9t\u0151l napjainkig. A Misszi\u00f3 t\u00f6rt\u00e9net\u00e9t bemutat\u00f3 ki\u00e1ll\u00edt\u00e1s, ebb\u0151l az alkalomb\u00f3l felker\u00fclt \u00fajra a Bruder Klaus templom fal\u00e1ra. Imre atya eml\u00edt\u00e9st tett a Misszi\u00f3b\u00f3l kiteljesedett mintegy 11 k\u00f6r es klub munk\u00e1j\u00e1r\u00f3l, melynek eredm\u00e9nyek\u00e9nt tagjaik a szentmis\u00e9ken t\u00fal is akt\u00edvan seg\u00edtik egym\u00e1st \u00e9s a misszi\u00f3 munk\u00e1j\u00e1t egyar\u00e1nt. Elismer\u00e9ssel \u00e9s h\u00e1l\u00e1val eml\u00e9kezett meg a W\u00fcrttembergi Protest\u00e1ns Gy\u00fclekezet, a Stuttgarti Magyar F\u0151konzul\u00e1tus, a Balassi Int\u00e9zet \u00e9s a stuttgarti magyar katolikusok k\u00f6z\u00f6tti k\u00f6lcs\u00f6n\u00f6s j\u00f3 viszonyr\u00f3l. Ezt k\u00f6vette a Mindszenty szobor megkoszor\u00faz\u00e1sa \u00e9s az az \u00f6r\u00f6mteli h\u00edr, hogy az 1985-ben k\u00e9sz\u00fclt szobor fel\u00faj\u00edt\u00e1s\u00e1ban a K\u00fcl\u00fcgyminiszt\u00e9rium seg\u00edt\u0151 kezet ny\u00fajt. Mindezek ut\u00e1n egy r\u00f6vid szem\u00e9lyes besz\u00e9lget\u00e9s vette kezdet\u00e9t, melyen a deleg\u00e1ci\u00f3 tagjai \u00e9s k\u00e9t katolikus lelkip\u00e1sztorunk vett r\u00e9szt. Mialatt az \u00f6sszesereglett h\u00edvek helyet foglaltak a k\u00f6z\u00f6ss\u00e9gi h\u00e1zban, miniszter \u00far is meg\u00e9rkezett k\u00eds\u00e9ret\u00e9vel \u00e9s az aty\u00e1kkal. Besz\u00e9de mindennem\u0171 h\u00e9tk\u00f6znapi politikai felhangot n\u00e9lk\u00fcl\u00f6zve szem\u00e9lyes hangv\u00e9telben sz\u00f3lt a Stuttgarti h\u00edvekhez, melyben... R\u00e9szletek\" \/>\n<meta property=\"og:url\" content=\"https:\/\/stuttgarti-katolikusok.de\/index.php\/brune-gyorgyi-marietta-szijjarto-peter-miniszter-ur-stuttgarti-latogatasa\/\" \/>\n<meta property=\"og:site_name\" content=\"Stuttgarti Katolikusok\" \/>\n<meta property=\"article:published_time\" content=\"2019-03-06T11:42:25+00:00\" \/>\n<meta property=\"article:modified_time\" content=\"2019-03-06T13:54:46+00:00\" \/>\n<meta property=\"og:image\" content=\"https:\/\/stuttgarti-katolikusok.de\/wp-content\/uploads\/2019\/03\/km1.jpg\" \/>\n\t<meta property=\"og:image:width\" content=\"1600\" \/>\n\t<meta property=\"og:image:height\" content=\"1200\" \/>\n\t<meta property=\"og:image:type\" content=\"image\/jpeg\" \/>\n<meta name=\"author\" content=\"Tibor atya\" \/>\n<meta name=\"twitter:card\" content=\"summary_large_image\" \/>\n<meta name=\"twitter:label1\" content=\"Szerz\u0151:\" \/>\n\t<meta name=\"twitter:data1\" content=\"Tibor atya\" \/>\n\t<meta name=\"twitter:label2\" content=\"Becs\u00fclt olvas\u00e1si id\u0151\" \/>\n\t<meta name=\"twitter:data2\" content=\"3 perc\" \/>\n<script type=\"application\/ld+json\" class=\"yoast-schema-graph\">{\"@context\":\"https:\\\/\\\/schema.org\",\"@graph\":[{\"@type\":\"Article\",\"@id\":\"https:\\\/\\\/stuttgarti-katolikusok.de\\\/index.php\\\/brune-gyorgyi-marietta-szijjarto-peter-miniszter-ur-stuttgarti-latogatasa\\\/#article\",\"isPartOf\":{\"@id\":\"https:\\\/\\\/stuttgarti-katolikusok.de\\\/index.php\\\/brune-gyorgyi-marietta-szijjarto-peter-miniszter-ur-stuttgarti-latogatasa\\\/\"},\"author\":{\"name\":\"Tibor atya\",\"@id\":\"https:\\\/\\\/stuttgarti-katolikusok.de\\\/#\\\/schema\\\/person\\\/75908d6f8fdc03a57889d27209df7795\"},\"headline\":\"Brune Gy\u00f6rgyi Marietta: Szijj\u00e1rt\u00f3 P\u00e9ter miniszter \u00far stuttgarti l\u00e1togat\u00e1sa\",\"datePublished\":\"2019-03-06T11:42:25+00:00\",\"dateModified\":\"2019-03-06T13:54:46+00:00\",\"mainEntityOfPage\":{\"@id\":\"https:\\\/\\\/stuttgarti-katolikusok.de\\\/index.php\\\/brune-gyorgyi-marietta-szijjarto-peter-miniszter-ur-stuttgarti-latogatasa\\\/\"},\"wordCount\":635,\"image\":{\"@id\":\"https:\\\/\\\/stuttgarti-katolikusok.de\\\/index.php\\\/brune-gyorgyi-marietta-szijjarto-peter-miniszter-ur-stuttgarti-latogatasa\\\/#primaryimage\"},\"thumbnailUrl\":\"https:\\\/\\\/stuttgarti-katolikusok.de\\\/wp-content\\\/uploads\\\/2019\\\/03\\\/km1.jpg\",\"articleSection\":[\"Olvas\u00f3ink \u00edrj\u00e1k\"],\"inLanguage\":\"hu\"},{\"@type\":\"WebPage\",\"@id\":\"https:\\\/\\\/stuttgarti-katolikusok.de\\\/index.php\\\/brune-gyorgyi-marietta-szijjarto-peter-miniszter-ur-stuttgarti-latogatasa\\\/\",\"url\":\"https:\\\/\\\/stuttgarti-katolikusok.de\\\/index.php\\\/brune-gyorgyi-marietta-szijjarto-peter-miniszter-ur-stuttgarti-latogatasa\\\/\",\"name\":\"Brune Gy\u00f6rgyi Marietta: Szijj\u00e1rt\u00f3 P\u00e9ter miniszter \u00far stuttgarti l\u00e1togat\u00e1sa - Stuttgarti Katolikusok\",\"isPartOf\":{\"@id\":\"https:\\\/\\\/stuttgarti-katolikusok.de\\\/#website\"},\"primaryImageOfPage\":{\"@id\":\"https:\\\/\\\/stuttgarti-katolikusok.de\\\/index.php\\\/brune-gyorgyi-marietta-szijjarto-peter-miniszter-ur-stuttgarti-latogatasa\\\/#primaryimage\"},\"image\":{\"@id\":\"https:\\\/\\\/stuttgarti-katolikusok.de\\\/index.php\\\/brune-gyorgyi-marietta-szijjarto-peter-miniszter-ur-stuttgarti-latogatasa\\\/#primaryimage\"},\"thumbnailUrl\":\"https:\\\/\\\/stuttgarti-katolikusok.de\\\/wp-content\\\/uploads\\\/2019\\\/03\\\/km1.jpg\",\"datePublished\":\"2019-03-06T11:42:25+00:00\",\"dateModified\":\"2019-03-06T13:54:46+00:00\",\"author\":{\"@id\":\"https:\\\/\\\/stuttgarti-katolikusok.de\\\/#\\\/schema\\\/person\\\/75908d6f8fdc03a57889d27209df7795\"},\"breadcrumb\":{\"@id\":\"https:\\\/\\\/stuttgarti-katolikusok.de\\\/index.php\\\/brune-gyorgyi-marietta-szijjarto-peter-miniszter-ur-stuttgarti-latogatasa\\\/#breadcrumb\"},\"inLanguage\":\"hu\",\"potentialAction\":[{\"@type\":\"ReadAction\",\"target\":[\"https:\\\/\\\/stuttgarti-katolikusok.de\\\/index.php\\\/brune-gyorgyi-marietta-szijjarto-peter-miniszter-ur-stuttgarti-latogatasa\\\/\"]}]},{\"@type\":\"ImageObject\",\"inLanguage\":\"hu\",\"@id\":\"https:\\\/\\\/stuttgarti-katolikusok.de\\\/index.php\\\/brune-gyorgyi-marietta-szijjarto-peter-miniszter-ur-stuttgarti-latogatasa\\\/#primaryimage\",\"url\":\"https:\\\/\\\/stuttgarti-katolikusok.de\\\/wp-content\\\/uploads\\\/2019\\\/03\\\/km1.jpg\",\"contentUrl\":\"https:\\\/\\\/stuttgarti-katolikusok.de\\\/wp-content\\\/uploads\\\/2019\\\/03\\\/km1.jpg\",\"width\":1600,\"height\":1200},{\"@type\":\"BreadcrumbList\",\"@id\":\"https:\\\/\\\/stuttgarti-katolikusok.de\\\/index.php\\\/brune-gyorgyi-marietta-szijjarto-peter-miniszter-ur-stuttgarti-latogatasa\\\/#breadcrumb\",\"itemListElement\":[{\"@type\":\"ListItem\",\"position\":1,\"name\":\"Kezd\u0151lap\",\"item\":\"https:\\\/\\\/stuttgarti-katolikusok.de\\\/\"},{\"@type\":\"ListItem\",\"position\":2,\"name\":\"Brune Gy\u00f6rgyi Marietta: Szijj\u00e1rt\u00f3 P\u00e9ter miniszter \u00far stuttgarti l\u00e1togat\u00e1sa\"}]},{\"@type\":\"WebSite\",\"@id\":\"https:\\\/\\\/stuttgarti-katolikusok.de\\\/#website\",\"url\":\"https:\\\/\\\/stuttgarti-katolikusok.de\\\/\",\"name\":\"Stuttgarti Katolikusok\",\"description\":\"\",\"potentialAction\":[{\"@type\":\"SearchAction\",\"target\":{\"@type\":\"EntryPoint\",\"urlTemplate\":\"https:\\\/\\\/stuttgarti-katolikusok.de\\\/?s={search_term_string}\"},\"query-input\":{\"@type\":\"PropertyValueSpecification\",\"valueRequired\":true,\"valueName\":\"search_term_string\"}}],\"inLanguage\":\"hu\"},{\"@type\":\"Person\",\"@id\":\"https:\\\/\\\/stuttgarti-katolikusok.de\\\/#\\\/schema\\\/person\\\/75908d6f8fdc03a57889d27209df7795\",\"name\":\"Tibor atya\",\"image\":{\"@type\":\"ImageObject\",\"inLanguage\":\"hu\",\"@id\":\"https:\\\/\\\/secure.gravatar.com\\\/avatar\\\/61d268e57d1f4525b111222e29d2d5a7f8c420fdbf231ba5566a8ceac74fa960?s=96&d=mm&r=g\",\"url\":\"https:\\\/\\\/secure.gravatar.com\\\/avatar\\\/61d268e57d1f4525b111222e29d2d5a7f8c420fdbf231ba5566a8ceac74fa960?s=96&d=mm&r=g\",\"contentUrl\":\"https:\\\/\\\/secure.gravatar.com\\\/avatar\\\/61d268e57d1f4525b111222e29d2d5a7f8c420fdbf231ba5566a8ceac74fa960?s=96&d=mm&r=g\",\"caption\":\"Tibor atya\"},\"url\":\"https:\\\/\\\/stuttgarti-katolikusok.de\\\/index.php\\\/author\\\/tibor-atya\\\/\"}]}<\/script>\n<!-- \/ Yoast SEO plugin. -->","yoast_head_json":{"title":"Brune Gy\u00f6rgyi Marietta: Szijj\u00e1rt\u00f3 P\u00e9ter miniszter \u00far stuttgarti l\u00e1togat\u00e1sa - Stuttgarti Katolikusok","robots":{"index":"index","follow":"follow","max-snippet":"max-snippet:-1","max-image-preview":"max-image-preview:large","max-video-preview":"max-video-preview:-1"},"canonical":"https:\/\/stuttgarti-katolikusok.de\/index.php\/brune-gyorgyi-marietta-szijjarto-peter-miniszter-ur-stuttgarti-latogatasa\/","og_locale":"hu_HU","og_type":"article","og_title":"Brune Gy\u00f6rgyi Marietta: Szijj\u00e1rt\u00f3 P\u00e9ter miniszter \u00far stuttgarti l\u00e1togat\u00e1sa - Stuttgarti Katolikusok","og_description":"Szijj\u00e1rt\u00f3 P\u00e9ter miniszter \u00far stuttgarti l\u00e1togat\u00e1sa Nagy \u00f6r\u00f6m\u00fcnkre szolg\u00e1lt, amint tudom\u00e1sunkra jutott, hogy Szijj\u00e1rt\u00f3 P\u00e9ter k\u00fcl\u00fcgyminiszter \u00far stuttgarti \u00fatja sor\u00e1n saj\u00e1t k\u00e9r\u00e9s\u00e9re a stuttgarti magyar katolikus egyh\u00e1zk\u00f6z\u00f6zs\u00e9g k\u00f6r\u00e9ben is l\u00e1togat\u00e1st tesz. Noha \u00e9rkez\u00e9se munkanapra esett, el\u0151k\u00e9sz\u00fcleteiben k\u00f6z\u00f6sseg\u00fcnk sz\u00e1mos tagja k\u00e9szs\u00e9gesen seg\u00e9dkezett. Imre Atya es Tibor Atya a templom el\u0151tti t\u00e9ren fogadt\u00e1k Szijj\u00e1rt\u00f3 P\u00e9ter miniszter urat \u00e9s deleg\u00e1ci\u00f3j\u00e1t, majd bek\u00eds\u00e9rt\u00e9k \u0151ket a templomba. Imre Atya k\u00f6sz\u00f6nt\u0151j\u00e9t Mindszenty J\u00f3zsef b\u00edboros hercegpr\u00edm\u00e1s 1974-ben tett stuttgarti l\u00e1togat\u00e1snak felid\u00e9z\u00e9s\u00e9vel kezdte. Azzal a j\u00faniusi nappal, amelyen Leiprecht p\u00fcsp\u00f6k fogadta a b\u00edboros urat. Magyar testv\u00e9reivel is tal\u00e1lkozott ott, a templomban \u00e9s az anyanyelv szeretet\u00e9re valamint a nemzethez val\u00f3 t\u00f6retlen ragaszkod\u00e1sra sz\u00f3l\u00edtotta fel \u0151ket. \u00c9ppen 45 \u00e9v telt el a l\u00e1togat\u00e1s \u00f3ta. Ezekkel a szavakkal k\u00f6sz\u00f6nt\u00f6tte a k\u00fcl\u00fcgyminiszter urat Imre atya bevezet\u0151j\u00e9ben.\u00a0 Csak\u00fagy, mint akkor, erre\u00a0 a l\u00e1togat\u00e1sra is egy k\u00f6z\u00f6ss\u00e9gk\u00e9nt gy\u0171lt \u00f6ssze katolikus, protest\u00e1ns, valamint az is, aki semmif\u00e9le felekezetnek nem tagja. Imre Atya ezt k\u00f6vet\u0151en bemutatta a Magyar Katolikus Misszi\u00f3\/Egyh\u00e1zk\u00f6zs\u00e9g t\u00f6rt\u00e9net\u00e9t, annak alakul\u00e1s\u00e1t\u00f3l, a m\u00e1sodik vil\u00e1gh\u00e1bor\u00fa v\u00e9g\u00e9t\u0151l napjainkig. A Misszi\u00f3 t\u00f6rt\u00e9net\u00e9t bemutat\u00f3 ki\u00e1ll\u00edt\u00e1s, ebb\u0151l az alkalomb\u00f3l felker\u00fclt \u00fajra a Bruder Klaus templom fal\u00e1ra. Imre atya eml\u00edt\u00e9st tett a Misszi\u00f3b\u00f3l kiteljesedett mintegy 11 k\u00f6r es klub munk\u00e1j\u00e1r\u00f3l, melynek eredm\u00e9nyek\u00e9nt tagjaik a szentmis\u00e9ken t\u00fal is akt\u00edvan seg\u00edtik egym\u00e1st \u00e9s a misszi\u00f3 munk\u00e1j\u00e1t egyar\u00e1nt. Elismer\u00e9ssel \u00e9s h\u00e1l\u00e1val eml\u00e9kezett meg a W\u00fcrttembergi Protest\u00e1ns Gy\u00fclekezet, a Stuttgarti Magyar F\u0151konzul\u00e1tus, a Balassi Int\u00e9zet \u00e9s a stuttgarti magyar katolikusok k\u00f6z\u00f6tti k\u00f6lcs\u00f6n\u00f6s j\u00f3 viszonyr\u00f3l. Ezt k\u00f6vette a Mindszenty szobor megkoszor\u00faz\u00e1sa \u00e9s az az \u00f6r\u00f6mteli h\u00edr, hogy az 1985-ben k\u00e9sz\u00fclt szobor fel\u00faj\u00edt\u00e1s\u00e1ban a K\u00fcl\u00fcgyminiszt\u00e9rium seg\u00edt\u0151 kezet ny\u00fajt. Mindezek ut\u00e1n egy r\u00f6vid szem\u00e9lyes besz\u00e9lget\u00e9s vette kezdet\u00e9t, melyen a deleg\u00e1ci\u00f3 tagjai \u00e9s k\u00e9t katolikus lelkip\u00e1sztorunk vett r\u00e9szt. Mialatt az \u00f6sszesereglett h\u00edvek helyet foglaltak a k\u00f6z\u00f6ss\u00e9gi h\u00e1zban, miniszter \u00far is meg\u00e9rkezett k\u00eds\u00e9ret\u00e9vel \u00e9s az aty\u00e1kkal. Besz\u00e9de mindennem\u0171 h\u00e9tk\u00f6znapi politikai felhangot n\u00e9lk\u00fcl\u00f6zve szem\u00e9lyes hangv\u00e9telben sz\u00f3lt a Stuttgarti h\u00edvekhez, melyben... R\u00e9szletek","og_url":"https:\/\/stuttgarti-katolikusok.de\/index.php\/brune-gyorgyi-marietta-szijjarto-peter-miniszter-ur-stuttgarti-latogatasa\/","og_site_name":"Stuttgarti Katolikusok","article_published_time":"2019-03-06T11:42:25+00:00","article_modified_time":"2019-03-06T13:54:46+00:00","og_image":[{"width":1600,"height":1200,"url":"https:\/\/stuttgarti-katolikusok.de\/wp-content\/uploads\/2019\/03\/km1.jpg","type":"image\/jpeg"}],"author":"Tibor atya","twitter_card":"summary_large_image","twitter_misc":{"Szerz\u0151:":"Tibor atya","Becs\u00fclt olvas\u00e1si id\u0151":"3 perc"},"schema":{"@context":"https:\/\/schema.org","@graph":[{"@type":"Article","@id":"https:\/\/stuttgarti-katolikusok.de\/index.php\/brune-gyorgyi-marietta-szijjarto-peter-miniszter-ur-stuttgarti-latogatasa\/#article","isPartOf":{"@id":"https:\/\/stuttgarti-katolikusok.de\/index.php\/brune-gyorgyi-marietta-szijjarto-peter-miniszter-ur-stuttgarti-latogatasa\/"},"author":{"name":"Tibor atya","@id":"https:\/\/stuttgarti-katolikusok.de\/#\/schema\/person\/75908d6f8fdc03a57889d27209df7795"},"headline":"Brune Gy\u00f6rgyi Marietta: Szijj\u00e1rt\u00f3 P\u00e9ter miniszter \u00far stuttgarti l\u00e1togat\u00e1sa","datePublished":"2019-03-06T11:42:25+00:00","dateModified":"2019-03-06T13:54:46+00:00","mainEntityOfPage":{"@id":"https:\/\/stuttgarti-katolikusok.de\/index.php\/brune-gyorgyi-marietta-szijjarto-peter-miniszter-ur-stuttgarti-latogatasa\/"},"wordCount":635,"image":{"@id":"https:\/\/stuttgarti-katolikusok.de\/index.php\/brune-gyorgyi-marietta-szijjarto-peter-miniszter-ur-stuttgarti-latogatasa\/#primaryimage"},"thumbnailUrl":"https:\/\/stuttgarti-katolikusok.de\/wp-content\/uploads\/2019\/03\/km1.jpg","articleSection":["Olvas\u00f3ink \u00edrj\u00e1k"],"inLanguage":"hu"},{"@type":"WebPage","@id":"https:\/\/stuttgarti-katolikusok.de\/index.php\/brune-gyorgyi-marietta-szijjarto-peter-miniszter-ur-stuttgarti-latogatasa\/","url":"https:\/\/stuttgarti-katolikusok.de\/index.php\/brune-gyorgyi-marietta-szijjarto-peter-miniszter-ur-stuttgarti-latogatasa\/","name":"Brune Gy\u00f6rgyi Marietta: Szijj\u00e1rt\u00f3 P\u00e9ter miniszter \u00far stuttgarti l\u00e1togat\u00e1sa - Stuttgarti Katolikusok","isPartOf":{"@id":"https:\/\/stuttgarti-katolikusok.de\/#website"},"primaryImageOfPage":{"@id":"https:\/\/stuttgarti-katolikusok.de\/index.php\/brune-gyorgyi-marietta-szijjarto-peter-miniszter-ur-stuttgarti-latogatasa\/#primaryimage"},"image":{"@id":"https:\/\/stuttgarti-katolikusok.de\/index.php\/brune-gyorgyi-marietta-szijjarto-peter-miniszter-ur-stuttgarti-latogatasa\/#primaryimage"},"thumbnailUrl":"https:\/\/stuttgarti-katolikusok.de\/wp-content\/uploads\/2019\/03\/km1.jpg","datePublished":"2019-03-06T11:42:25+00:00","dateModified":"2019-03-06T13:54:46+00:00","author":{"@id":"https:\/\/stuttgarti-katolikusok.de\/#\/schema\/person\/75908d6f8fdc03a57889d27209df7795"},"breadcrumb":{"@id":"https:\/\/stuttgarti-katolikusok.de\/index.php\/brune-gyorgyi-marietta-szijjarto-peter-miniszter-ur-stuttgarti-latogatasa\/#breadcrumb"},"inLanguage":"hu","potentialAction":[{"@type":"ReadAction","target":["https:\/\/stuttgarti-katolikusok.de\/index.php\/brune-gyorgyi-marietta-szijjarto-peter-miniszter-ur-stuttgarti-latogatasa\/"]}]},{"@type":"ImageObject","inLanguage":"hu","@id":"https:\/\/stuttgarti-katolikusok.de\/index.php\/brune-gyorgyi-marietta-szijjarto-peter-miniszter-ur-stuttgarti-latogatasa\/#primaryimage","url":"https:\/\/stuttgarti-katolikusok.de\/wp-content\/uploads\/2019\/03\/km1.jpg","contentUrl":"https:\/\/stuttgarti-katolikusok.de\/wp-content\/uploads\/2019\/03\/km1.jpg","width":1600,"height":1200},{"@type":"BreadcrumbList","@id":"https:\/\/stuttgarti-katolikusok.de\/index.php\/brune-gyorgyi-marietta-szijjarto-peter-miniszter-ur-stuttgarti-latogatasa\/#breadcrumb","itemListElement":[{"@type":"ListItem","position":1,"name":"Kezd\u0151lap","item":"https:\/\/stuttgarti-katolikusok.de\/"},{"@type":"ListItem","position":2,"name":"Brune Gy\u00f6rgyi Marietta: Szijj\u00e1rt\u00f3 P\u00e9ter miniszter \u00far stuttgarti l\u00e1togat\u00e1sa"}]},{"@type":"WebSite","@id":"https:\/\/stuttgarti-katolikusok.de\/#website","url":"https:\/\/stuttgarti-katolikusok.de\/","name":"Stuttgarti Katolikusok","description":"","potentialAction":[{"@type":"SearchAction","target":{"@type":"EntryPoint","urlTemplate":"https:\/\/stuttgarti-katolikusok.de\/?s={search_term_string}"},"query-input":{"@type":"PropertyValueSpecification","valueRequired":true,"valueName":"search_term_string"}}],"inLanguage":"hu"},{"@type":"Person","@id":"https:\/\/stuttgarti-katolikusok.de\/#\/schema\/person\/75908d6f8fdc03a57889d27209df7795","name":"Tibor atya","image":{"@type":"ImageObject","inLanguage":"hu","@id":"https:\/\/secure.gravatar.com\/avatar\/61d268e57d1f4525b111222e29d2d5a7f8c420fdbf231ba5566a8ceac74fa960?s=96&d=mm&r=g","url":"https:\/\/secure.gravatar.com\/avatar\/61d268e57d1f4525b111222e29d2d5a7f8c420fdbf231ba5566a8ceac74fa960?s=96&d=mm&r=g","contentUrl":"https:\/\/secure.gravatar.com\/avatar\/61d268e57d1f4525b111222e29d2d5a7f8c420fdbf231ba5566a8ceac74fa960?s=96&d=mm&r=g","caption":"Tibor atya"},"url":"https:\/\/stuttgarti-katolikusok.de\/index.php\/author\/tibor-atya\/"}]}},"_links":{"self":[{"href":"https:\/\/stuttgarti-katolikusok.de\/index.php\/wp-json\/wp\/v2\/posts\/16345","targetHints":{"allow":["GET"]}}],"collection":[{"href":"https:\/\/stuttgarti-katolikusok.de\/index.php\/wp-json\/wp\/v2\/posts"}],"about":[{"href":"https:\/\/stuttgarti-katolikusok.de\/index.php\/wp-json\/wp\/v2\/types\/post"}],"author":[{"embeddable":true,"href":"https:\/\/stuttgarti-katolikusok.de\/index.php\/wp-json\/wp\/v2\/users\/3"}],"replies":[{"embeddable":true,"href":"https:\/\/stuttgarti-katolikusok.de\/index.php\/wp-json\/wp\/v2\/comments?post=16345"}],"version-history":[{"count":2,"href":"https:\/\/stuttgarti-katolikusok.de\/index.php\/wp-json\/wp\/v2\/posts\/16345\/revisions"}],"predecessor-version":[{"id":16352,"href":"https:\/\/stuttgarti-katolikusok.de\/index.php\/wp-json\/wp\/v2\/posts\/16345\/revisions\/16352"}],"wp:featuredmedia":[{"embeddable":true,"href":"https:\/\/stuttgarti-katolikusok.de\/index.php\/wp-json\/wp\/v2\/media\/16346"}],"wp:attachment":[{"href":"https:\/\/stuttgarti-katolikusok.de\/index.php\/wp-json\/wp\/v2\/media?parent=16345"}],"wp:term":[{"taxonomy":"category","embeddable":true,"href":"https:\/\/stuttgarti-katolikusok.de\/index.php\/wp-json\/wp\/v2\/categories?post=16345"},{"taxonomy":"post_tag","embeddable":true,"href":"https:\/\/stuttgarti-katolikusok.de\/index.php\/wp-json\/wp\/v2\/tags?post=16345"}],"curies":[{"name":"wp","href":"https:\/\/api.w.org\/{rel}","templated":true}]}}