{"id":16286,"date":"2019-02-27T06:21:52","date_gmt":"2019-02-27T06:21:52","guid":{"rendered":"https:\/\/gracious-dewdney.138-201-221-2.plesk.page\/?p=16286"},"modified":"2020-04-27T15:39:45","modified_gmt":"2020-04-27T15:39:45","slug":"hekker-a-szonyeg-alatt","status":"publish","type":"post","link":"https:\/\/stuttgarti-katolikusok.de\/index.php\/hekker-a-szonyeg-alatt\/","title":{"rendered":"Sebesty\u00e9n P\u00e9ter: Hekker a sz\u0151nyeg alatt"},"content":{"rendered":"<p><strong>Hekker a sz\u0151nyeg alatt<\/strong><\/p>\n<p>Az idei\u00a0 velencei karnev\u00e1l d\u00edszvend\u00e9g\u00e9t\u0151l Magyarorsz\u00e1gt\u00f3l j\u00f6tt az \u00f6tlet, hogy a gyerekeknek egy sz\u00e1m\u00edt\u00f3g\u00e9pes j\u00e1t\u00e9kban egy \u0151r\u00fclt hekkert kell megf\u00e9kezni\u00fck, aki a vil\u00e1got meg akarja b\u00e9n\u00edtani. Emellett fut\u00f3t\u0171zk\u00e9nt megy n\u00e1lunk is a 2&#215;2 annyi, mint huszonkett\u0151, <em>Alternat\u00edv matek<\/em> c. kisfilm, ahol a csattan\u00f3t a &#8222;konzervat\u00edv&#8221; tan\u00e1rn\u0151 a film v\u00e9g\u00e9n v\u00e1gja a szabadelv\u0171 igazgat\u00f3 k\u00e9p\u00e9be. Mert a g\u00e1tl\u00e1stalan szabds\u00e1gnak m\u00e1r nincsenek hat\u00e1rai. Nincsenek \u00e9rt\u00e9kek, biztos fog\u00f3dz\u00f3k, t\u00f6rv\u00e9nyek, korl\u00e1tok, amelyek \u00e9pp a szabads\u00e1g \u0151r\u00fclt diktat\u00far\u00e1j\u00e1t\u00f3l v\u00e9den\u00e9nek meg.<\/p>\n<p>Mert engedt\u00fcnk. Fokozatosan \u00e9s k\u00f6vetkezetesen engedm\u00e9nyeket tett\u00fcnk a s\u00e1t\u00e1nnak: erk\u00f6lcsi d\u00f6nt\u00e9seinkben, t\u00f6rv\u00e9nyhoz\u00e1sainkban, elk\u00e9pzel\u00e9seinkben, egy\u00e9ni \u00e9s t\u00e1rsadalmi szinten egyar\u00e1nt. \u00c9s ebben verg\u0151d\u00fcnk, mint vad a h\u00edn\u00e1rban. S akkor m\u00e9g nem besz\u00e9lt\u00fcnk a legfrissebb egyh\u00e1z- \u00e9s Vatik\u00e1nellenes m\u00e9diat\u00e1mad\u00e1sokr\u00f3l, ahol m\u00e1r nemcsak a pedofilia, a homoszexualit\u00e1s \u00e9s nemi er\u0151szak ker\u00fclt ter\u00edt\u00e9kre, hanem \u00fajfent egy amerikai papcsemet\u00e9b\u0151l lett \u201episz(m)ol\u00f3gus\u201d m\u00e1r azzal riogat, hogy a papok gyermekei minden\u00fctt ott vannak, s ez mekkora vesz\u00e9lyt jelent a vil\u00e1gra.<\/p>\n<p>Mik\u00f6zben a gender \u00e9s a transznem\u0171 szabadoss\u00e1g m\u00e1r a franci\u00e1kn\u00e1l sem akar \u00e9desap\u00e1r\u00f3l \u00e9s \u00e9desany\u00e1r\u00f3l besz\u00e9lni, csup\u00e1n sz\u00fcl\u0151 1 \u00e9s sz\u00fcl\u0151 2 -r\u0151l. A sv\u00e9d miniszterasszony pedig az emancip\u00e1lt n\u0151k nehezen kiharcolt \u00e9s most csorbult jogai miatt sir\u00e1nkozik, mert \u201ek\u00f6telez\u0151 sz\u00fclni\u201d a nemzetnek.<\/p>\n<p>Micsoda aljass\u00e1g, ugye?<\/p>\n<p>Tan\u00e1r ismer\u0151s\u00f6m mes\u00e9li, hogy di\u00e1kjainak k\u00e9tharmada nem v\u00e1gyik egy\u00e9bre, csak sok p\u00e9nzre, s el innen. Ir\u00e1ny Hollandia, ahol majd j\u00f3l bek\u00e1b\u00edt\u00f3szereznek, azt\u00e1n \u00e9vekig kuksolsz a b\u00f6rt\u00f6nben, s mire hazaj\u00f6ssz megkopaszodva, ki\u00e9gve, lerongyol\u00f3dva, r\u00e1d sem ismerni. Posztodern t\u00e9kozl\u00f3 gyerekek. Mint amaz orvosit, PHD-t v\u00e9gzettek, akik a londoni v\u00e9c\u00e9pucol\u00e1st\u00f3l\u00a0 \u00e9s beteggondoz\u00e1st\u00f3l megkerg\u00fclve lassan hazasziv\u00e1rognak, mert eleg\u00fck van az any\u00e1tlans\u00e1gb\u00f3l \u00e9s a nyakl\u00f3 n\u00e9lk\u00fcli szabads\u00e1gb\u00f3l.<\/p>\n<p>Milyen kifinomult m\u00f3dszerrel dolgozik ez a \u201eHekker\u201d. M\u00e1r a teremt\u00e9s \u00f3ta. \u201e<em>A kert minden f\u00e1j\u00e1r\u00f3l ehettek, csak a kert k\u00f6zep\u00e9n \u00e1ll\u00f3 f\u00e1r\u00f3l nem<\/em>\u201d [&#8230;] \u201e<em>Dehogy haltok meg!\u201d<\/em> \u2013 mondja \u00c9v\u00e1nak. Csak kiny\u00edlik a szemetek. S megl\u00e1tj\u00e1tok milyen hatalmas az ember, ha mag\u00e1ra tekint. Cs\u00f3r\u00e9n marad, \u00a0szem\u00e9rm\u00e9t vesz\u00edti, de szabad lesz. \u0150 d\u00f6nti el mi a j\u00f3 \u00e9s a rossz. \u00d6nmag\u00e1t kinevezi istennek, mindent tud, amir\u0151l azt hiszi, k\u00e9pes is ir\u00e1ny\u00edtani, uralni a dolgokat. Isten\u00edti saj\u00e1t mag\u00e1t, im\u00e1dja a term\u00e9szetet, az \u00e1llatokat, a test\u00e9t, az ember \u00fagynevezett alkot\u00e1sait, pl. a k\u00fcty\u00fcket, rabszolg\u00e1jukk\u00e1 v\u00e1lik, de az Istent\u0151l is f\u00e9lti szabads\u00e1g\u00e1t. Neki m\u00e1r csak jogai lesznek, de k\u00f6teless\u00e9g, k\u00f6t\u0151d\u00e9s, elk\u00f6telez\u0151d\u00e9s, k\u00f6z\u00f6ss\u00e9gv\u00e1llal\u00e1s m\u00e1r nem kell. T\u00fcrelmetlenn\u00e9 v\u00e1lik, nincs ideje kiv\u00e1rni. Azonnal, gyorsan, hamar mindent megismerni, megk\u00f3st\u00f3lni, meg\u00edzlelni, ki\u00e9lvezni, birtokolni, habzsolni, felfalni, fel\u00e9lni. Nem akar m\u00e1r megmaradni, s\u0151t fennmaradni sem: csak most, r\u00f6gt\u00f6n elfogyasztani mindent. M\u00e1r a munk\u00e1j\u00e1ban sem lel \u00f6r\u00f6met, ha nem kap \u00e9rte elegend\u0151 p\u00e9nzt m\u00e1r nem \u00e9li \u00e1t az alkot\u00e1s \u00f6r\u00f6m\u00e9t, a term\u00e9s sz\u00fclet\u00e9s\u00e9nek \u00e9s alakul\u00e1s\u00e1nak izgalm\u00e1t, nem akar r\u00e1hagyatkozni a Gondvisel\u0151 Istenre.<\/p>\n<p>J\u00e9zus Krisztust\u00f3l pedig nem ezt l\u00e1tjuk. A nagy farsangi tobz\u00f3d\u00e1sban is \u0151 kellene, hogy legyen a M\u00e9rce. A pusztai megk\u00eds\u00e9rt\u00e9sben val\u00f3 viselked\u00e9s\u00e9t pedig fiataljaink \u00e9s feln\u0151tt h\u00edveink egyar\u00e1nt megsz\u00edvlelhetn\u00e9k. <em>\u201eNemcsak keny\u00e9rrel \u00e9l az ember\u201d<\/em>&#8230;, \u201e<em>Uradat Istenedet im\u00e1dd, \u00e9s csak neki szolg\u00e1lj<\/em>\u201d&#8230;!<\/p>\n<p>Ha \u00e9lni akarsz, v\u00e1laszd az \u00e9letet. Mert az \u00dar nem az\u00e9rt teremtett, hogy \u00e1tengedd az ir\u00e1ny\u00edt\u00e1st az \u0151r\u00fclt hekkernek, aki folyton kib\u00fajik a sz\u0151nyeg al\u00f3l \u00e9s: k\u00eds\u00e9rt, cs\u00e1b\u00edt, h\u00edzeleg, elb\u0171v\u00f6l, csiklandoz, mik\u00f6zben val\u00f3j\u00e1ban a hal\u00e1lba kerget.<\/p>\n<p><strong>De ha Krisztus gy\u0151z benned, \u00e9letben maradsz.<\/strong><\/p>\n<p><em>Sebesty\u00e9n P\u00e9ter atya<\/em><\/p>\n<p>&nbsp;<\/p>\n","protected":false},"excerpt":{"rendered":"<p>Hekker a sz\u0151nyeg alatt Az idei\u00a0 velencei karnev\u00e1l d\u00edszvend\u00e9g\u00e9t\u0151l Magyarorsz\u00e1gt\u00f3l j\u00f6tt az \u00f6tlet, hogy a gyerekeknek egy sz\u00e1m\u00edt\u00f3g\u00e9pes j\u00e1t\u00e9kban egy \u0151r\u00fclt hekkert kell megf\u00e9kezni\u00fck, aki a vil\u00e1got meg akarja b\u00e9n\u00edtani. Emellett fut\u00f3t\u0171zk\u00e9nt megy n\u00e1lunk is a 2&#215;2 annyi, mint huszonkett\u0151, Alternat\u00edv matek c. kisfilm, ahol a csattan\u00f3t a &#8222;konzervat\u00edv&#8221; tan\u00e1rn\u0151 a film v\u00e9g\u00e9n v\u00e1gja a szabadelv\u0171 igazgat\u00f3 k\u00e9p\u00e9be. Mert a g\u00e1tl\u00e1stalan szabds\u00e1gnak m\u00e1r nincsenek hat\u00e1rai. Nincsenek \u00e9rt\u00e9kek, biztos fog\u00f3dz\u00f3k, t\u00f6rv\u00e9nyek, korl\u00e1tok, amelyek \u00e9pp a szabads\u00e1g \u0151r\u00fclt diktat\u00far\u00e1j\u00e1t\u00f3l v\u00e9den\u00e9nek meg. Mert engedt\u00fcnk. Fokozatosan \u00e9s k\u00f6vetkezetesen engedm\u00e9nyeket tett\u00fcnk a s\u00e1t\u00e1nnak: erk\u00f6lcsi d\u00f6nt\u00e9seinkben, t\u00f6rv\u00e9nyhoz\u00e1sainkban, elk\u00e9pzel\u00e9seinkben, egy\u00e9ni \u00e9s t\u00e1rsadalmi szinten egyar\u00e1nt. \u00c9s ebben verg\u0151d\u00fcnk, mint vad a h\u00edn\u00e1rban. S akkor m\u00e9g nem besz\u00e9lt\u00fcnk a legfrissebb egyh\u00e1z- \u00e9s Vatik\u00e1nellenes m\u00e9diat\u00e1mad\u00e1sokr\u00f3l, ahol m\u00e1r nemcsak a pedofilia, a homoszexualit\u00e1s \u00e9s nemi er\u0151szak ker\u00fclt ter\u00edt\u00e9kre, hanem \u00fajfent egy amerikai papcsemet\u00e9b\u0151l lett \u201episz(m)ol\u00f3gus\u201d m\u00e1r azzal riogat, hogy a papok gyermekei minden\u00fctt ott vannak, s ez mekkora vesz\u00e9lyt jelent a vil\u00e1gra. Mik\u00f6zben a gender \u00e9s a transznem\u0171 szabadoss\u00e1g m\u00e1r a franci\u00e1kn\u00e1l sem akar \u00e9desap\u00e1r\u00f3l \u00e9s \u00e9desany\u00e1r\u00f3l besz\u00e9lni, csup\u00e1n sz\u00fcl\u0151 1 \u00e9s sz\u00fcl\u0151 2 -r\u0151l. A sv\u00e9d miniszterasszony pedig az emancip\u00e1lt n\u0151k nehezen kiharcolt \u00e9s most csorbult jogai miatt sir\u00e1nkozik, mert \u201ek\u00f6telez\u0151 sz\u00fclni\u201d a nemzetnek. Micsoda aljass\u00e1g, ugye? Tan\u00e1r ismer\u0151s\u00f6m mes\u00e9li, hogy di\u00e1kjainak k\u00e9tharmada nem v\u00e1gyik egy\u00e9bre, csak sok p\u00e9nzre, s el innen. Ir\u00e1ny Hollandia, ahol majd j\u00f3l bek\u00e1b\u00edt\u00f3szereznek, azt\u00e1n \u00e9vekig kuksolsz a b\u00f6rt\u00f6nben, s mire hazaj\u00f6ssz megkopaszodva, ki\u00e9gve, lerongyol\u00f3dva, r\u00e1d sem ismerni. Posztodern t\u00e9kozl\u00f3 gyerekek. Mint amaz orvosit, PHD-t v\u00e9gzettek, akik a londoni v\u00e9c\u00e9pucol\u00e1st\u00f3l\u00a0 \u00e9s beteggondoz\u00e1st\u00f3l megkerg\u00fclve lassan hazasziv\u00e1rognak, mert eleg\u00fck van az any\u00e1tlans\u00e1gb\u00f3l \u00e9s a nyakl\u00f3 n\u00e9lk\u00fcli szabads\u00e1gb\u00f3l. Milyen kifinomult m\u00f3dszerrel dolgozik ez a \u201eHekker\u201d. M\u00e1r a teremt\u00e9s \u00f3ta. \u201eA kert minden f\u00e1j\u00e1r\u00f3l ehettek, csak a kert k\u00f6zep\u00e9n \u00e1ll\u00f3 f\u00e1r\u00f3l nem\u201d [&#8230;] \u201eDehogy haltok meg!\u201d \u2013 mondja \u00c9v\u00e1nak. Csak kiny\u00edlik a szemetek. S megl\u00e1tj\u00e1tok milyen hatalmas az ember, ha&#8230; <\/p>\n<p><a class=\"readmore\" href=\"https:\/\/stuttgarti-katolikusok.de\/index.php\/hekker-a-szonyeg-alatt\/\">R\u00e9szletek<\/a><\/p>\n","protected":false},"author":3,"featured_media":0,"comment_status":"closed","ping_status":"closed","sticky":false,"template":"","format":"standard","meta":{"footnotes":""},"categories":[28],"tags":[],"class_list":["post-16286","post","type-post","status-publish","format-standard","hentry","category-olvasoink-irjak"],"yoast_head":"<!-- This site is optimized with the Yoast SEO plugin v27.3 - https:\/\/yoast.com\/product\/yoast-seo-wordpress\/ -->\n<title>Sebesty\u00e9n P\u00e9ter: Hekker a sz\u0151nyeg alatt - Stuttgarti Katolikusok<\/title>\n<meta name=\"robots\" content=\"index, follow, max-snippet:-1, max-image-preview:large, max-video-preview:-1\" \/>\n<link rel=\"canonical\" href=\"https:\/\/stuttgarti-katolikusok.de\/index.php\/hekker-a-szonyeg-alatt\/\" \/>\n<meta property=\"og:locale\" content=\"hu_HU\" \/>\n<meta property=\"og:type\" content=\"article\" \/>\n<meta property=\"og:title\" content=\"Sebesty\u00e9n P\u00e9ter: Hekker a sz\u0151nyeg alatt - Stuttgarti Katolikusok\" \/>\n<meta property=\"og:description\" content=\"Hekker a sz\u0151nyeg alatt Az idei\u00a0 velencei karnev\u00e1l d\u00edszvend\u00e9g\u00e9t\u0151l Magyarorsz\u00e1gt\u00f3l j\u00f6tt az \u00f6tlet, hogy a gyerekeknek egy sz\u00e1m\u00edt\u00f3g\u00e9pes j\u00e1t\u00e9kban egy \u0151r\u00fclt hekkert kell megf\u00e9kezni\u00fck, aki a vil\u00e1got meg akarja b\u00e9n\u00edtani. Emellett fut\u00f3t\u0171zk\u00e9nt megy n\u00e1lunk is a 2&#215;2 annyi, mint huszonkett\u0151, Alternat\u00edv matek c. kisfilm, ahol a csattan\u00f3t a &#8222;konzervat\u00edv&#8221; tan\u00e1rn\u0151 a film v\u00e9g\u00e9n v\u00e1gja a szabadelv\u0171 igazgat\u00f3 k\u00e9p\u00e9be. Mert a g\u00e1tl\u00e1stalan szabds\u00e1gnak m\u00e1r nincsenek hat\u00e1rai. Nincsenek \u00e9rt\u00e9kek, biztos fog\u00f3dz\u00f3k, t\u00f6rv\u00e9nyek, korl\u00e1tok, amelyek \u00e9pp a szabads\u00e1g \u0151r\u00fclt diktat\u00far\u00e1j\u00e1t\u00f3l v\u00e9den\u00e9nek meg. Mert engedt\u00fcnk. Fokozatosan \u00e9s k\u00f6vetkezetesen engedm\u00e9nyeket tett\u00fcnk a s\u00e1t\u00e1nnak: erk\u00f6lcsi d\u00f6nt\u00e9seinkben, t\u00f6rv\u00e9nyhoz\u00e1sainkban, elk\u00e9pzel\u00e9seinkben, egy\u00e9ni \u00e9s t\u00e1rsadalmi szinten egyar\u00e1nt. \u00c9s ebben verg\u0151d\u00fcnk, mint vad a h\u00edn\u00e1rban. S akkor m\u00e9g nem besz\u00e9lt\u00fcnk a legfrissebb egyh\u00e1z- \u00e9s Vatik\u00e1nellenes m\u00e9diat\u00e1mad\u00e1sokr\u00f3l, ahol m\u00e1r nemcsak a pedofilia, a homoszexualit\u00e1s \u00e9s nemi er\u0151szak ker\u00fclt ter\u00edt\u00e9kre, hanem \u00fajfent egy amerikai papcsemet\u00e9b\u0151l lett \u201episz(m)ol\u00f3gus\u201d m\u00e1r azzal riogat, hogy a papok gyermekei minden\u00fctt ott vannak, s ez mekkora vesz\u00e9lyt jelent a vil\u00e1gra. Mik\u00f6zben a gender \u00e9s a transznem\u0171 szabadoss\u00e1g m\u00e1r a franci\u00e1kn\u00e1l sem akar \u00e9desap\u00e1r\u00f3l \u00e9s \u00e9desany\u00e1r\u00f3l besz\u00e9lni, csup\u00e1n sz\u00fcl\u0151 1 \u00e9s sz\u00fcl\u0151 2 -r\u0151l. A sv\u00e9d miniszterasszony pedig az emancip\u00e1lt n\u0151k nehezen kiharcolt \u00e9s most csorbult jogai miatt sir\u00e1nkozik, mert \u201ek\u00f6telez\u0151 sz\u00fclni\u201d a nemzetnek. Micsoda aljass\u00e1g, ugye? Tan\u00e1r ismer\u0151s\u00f6m mes\u00e9li, hogy di\u00e1kjainak k\u00e9tharmada nem v\u00e1gyik egy\u00e9bre, csak sok p\u00e9nzre, s el innen. Ir\u00e1ny Hollandia, ahol majd j\u00f3l bek\u00e1b\u00edt\u00f3szereznek, azt\u00e1n \u00e9vekig kuksolsz a b\u00f6rt\u00f6nben, s mire hazaj\u00f6ssz megkopaszodva, ki\u00e9gve, lerongyol\u00f3dva, r\u00e1d sem ismerni. Posztodern t\u00e9kozl\u00f3 gyerekek. Mint amaz orvosit, PHD-t v\u00e9gzettek, akik a londoni v\u00e9c\u00e9pucol\u00e1st\u00f3l\u00a0 \u00e9s beteggondoz\u00e1st\u00f3l megkerg\u00fclve lassan hazasziv\u00e1rognak, mert eleg\u00fck van az any\u00e1tlans\u00e1gb\u00f3l \u00e9s a nyakl\u00f3 n\u00e9lk\u00fcli szabads\u00e1gb\u00f3l. Milyen kifinomult m\u00f3dszerrel dolgozik ez a \u201eHekker\u201d. M\u00e1r a teremt\u00e9s \u00f3ta. \u201eA kert minden f\u00e1j\u00e1r\u00f3l ehettek, csak a kert k\u00f6zep\u00e9n \u00e1ll\u00f3 f\u00e1r\u00f3l nem\u201d [&#8230;] \u201eDehogy haltok meg!\u201d \u2013 mondja \u00c9v\u00e1nak. Csak kiny\u00edlik a szemetek. S megl\u00e1tj\u00e1tok milyen hatalmas az ember, ha... R\u00e9szletek\" \/>\n<meta property=\"og:url\" content=\"https:\/\/stuttgarti-katolikusok.de\/index.php\/hekker-a-szonyeg-alatt\/\" \/>\n<meta property=\"og:site_name\" content=\"Stuttgarti Katolikusok\" \/>\n<meta property=\"article:published_time\" content=\"2019-02-27T06:21:52+00:00\" \/>\n<meta property=\"article:modified_time\" content=\"2020-04-27T15:39:45+00:00\" \/>\n<meta name=\"author\" content=\"Tibor atya\" \/>\n<meta name=\"twitter:card\" content=\"summary_large_image\" \/>\n<meta name=\"twitter:label1\" content=\"Szerz\u0151:\" \/>\n\t<meta name=\"twitter:data1\" content=\"Tibor atya\" \/>\n\t<meta name=\"twitter:label2\" content=\"Becs\u00fclt olvas\u00e1si id\u0151\" \/>\n\t<meta name=\"twitter:data2\" content=\"4 perc\" \/>\n<script type=\"application\/ld+json\" class=\"yoast-schema-graph\">{\"@context\":\"https:\\\/\\\/schema.org\",\"@graph\":[{\"@type\":\"Article\",\"@id\":\"https:\\\/\\\/stuttgarti-katolikusok.de\\\/index.php\\\/hekker-a-szonyeg-alatt\\\/#article\",\"isPartOf\":{\"@id\":\"https:\\\/\\\/stuttgarti-katolikusok.de\\\/index.php\\\/hekker-a-szonyeg-alatt\\\/\"},\"author\":{\"name\":\"Tibor atya\",\"@id\":\"https:\\\/\\\/stuttgarti-katolikusok.de\\\/#\\\/schema\\\/person\\\/75908d6f8fdc03a57889d27209df7795\"},\"headline\":\"Sebesty\u00e9n P\u00e9ter: Hekker a sz\u0151nyeg alatt\",\"datePublished\":\"2019-02-27T06:21:52+00:00\",\"dateModified\":\"2020-04-27T15:39:45+00:00\",\"mainEntityOfPage\":{\"@id\":\"https:\\\/\\\/stuttgarti-katolikusok.de\\\/index.php\\\/hekker-a-szonyeg-alatt\\\/\"},\"wordCount\":806,\"articleSection\":[\"Olvas\u00f3ink \u00edrj\u00e1k\"],\"inLanguage\":\"hu\"},{\"@type\":\"WebPage\",\"@id\":\"https:\\\/\\\/stuttgarti-katolikusok.de\\\/index.php\\\/hekker-a-szonyeg-alatt\\\/\",\"url\":\"https:\\\/\\\/stuttgarti-katolikusok.de\\\/index.php\\\/hekker-a-szonyeg-alatt\\\/\",\"name\":\"Sebesty\u00e9n P\u00e9ter: Hekker a sz\u0151nyeg alatt - Stuttgarti Katolikusok\",\"isPartOf\":{\"@id\":\"https:\\\/\\\/stuttgarti-katolikusok.de\\\/#website\"},\"datePublished\":\"2019-02-27T06:21:52+00:00\",\"dateModified\":\"2020-04-27T15:39:45+00:00\",\"author\":{\"@id\":\"https:\\\/\\\/stuttgarti-katolikusok.de\\\/#\\\/schema\\\/person\\\/75908d6f8fdc03a57889d27209df7795\"},\"breadcrumb\":{\"@id\":\"https:\\\/\\\/stuttgarti-katolikusok.de\\\/index.php\\\/hekker-a-szonyeg-alatt\\\/#breadcrumb\"},\"inLanguage\":\"hu\",\"potentialAction\":[{\"@type\":\"ReadAction\",\"target\":[\"https:\\\/\\\/stuttgarti-katolikusok.de\\\/index.php\\\/hekker-a-szonyeg-alatt\\\/\"]}]},{\"@type\":\"BreadcrumbList\",\"@id\":\"https:\\\/\\\/stuttgarti-katolikusok.de\\\/index.php\\\/hekker-a-szonyeg-alatt\\\/#breadcrumb\",\"itemListElement\":[{\"@type\":\"ListItem\",\"position\":1,\"name\":\"Kezd\u0151lap\",\"item\":\"https:\\\/\\\/stuttgarti-katolikusok.de\\\/\"},{\"@type\":\"ListItem\",\"position\":2,\"name\":\"Sebesty\u00e9n P\u00e9ter: Hekker a sz\u0151nyeg alatt\"}]},{\"@type\":\"WebSite\",\"@id\":\"https:\\\/\\\/stuttgarti-katolikusok.de\\\/#website\",\"url\":\"https:\\\/\\\/stuttgarti-katolikusok.de\\\/\",\"name\":\"Stuttgarti Katolikusok\",\"description\":\"\",\"potentialAction\":[{\"@type\":\"SearchAction\",\"target\":{\"@type\":\"EntryPoint\",\"urlTemplate\":\"https:\\\/\\\/stuttgarti-katolikusok.de\\\/?s={search_term_string}\"},\"query-input\":{\"@type\":\"PropertyValueSpecification\",\"valueRequired\":true,\"valueName\":\"search_term_string\"}}],\"inLanguage\":\"hu\"},{\"@type\":\"Person\",\"@id\":\"https:\\\/\\\/stuttgarti-katolikusok.de\\\/#\\\/schema\\\/person\\\/75908d6f8fdc03a57889d27209df7795\",\"name\":\"Tibor atya\",\"image\":{\"@type\":\"ImageObject\",\"inLanguage\":\"hu\",\"@id\":\"https:\\\/\\\/secure.gravatar.com\\\/avatar\\\/61d268e57d1f4525b111222e29d2d5a7f8c420fdbf231ba5566a8ceac74fa960?s=96&d=mm&r=g\",\"url\":\"https:\\\/\\\/secure.gravatar.com\\\/avatar\\\/61d268e57d1f4525b111222e29d2d5a7f8c420fdbf231ba5566a8ceac74fa960?s=96&d=mm&r=g\",\"contentUrl\":\"https:\\\/\\\/secure.gravatar.com\\\/avatar\\\/61d268e57d1f4525b111222e29d2d5a7f8c420fdbf231ba5566a8ceac74fa960?s=96&d=mm&r=g\",\"caption\":\"Tibor atya\"},\"url\":\"https:\\\/\\\/stuttgarti-katolikusok.de\\\/index.php\\\/author\\\/tibor-atya\\\/\"}]}<\/script>\n<!-- \/ Yoast SEO plugin. -->","yoast_head_json":{"title":"Sebesty\u00e9n P\u00e9ter: Hekker a sz\u0151nyeg alatt - Stuttgarti Katolikusok","robots":{"index":"index","follow":"follow","max-snippet":"max-snippet:-1","max-image-preview":"max-image-preview:large","max-video-preview":"max-video-preview:-1"},"canonical":"https:\/\/stuttgarti-katolikusok.de\/index.php\/hekker-a-szonyeg-alatt\/","og_locale":"hu_HU","og_type":"article","og_title":"Sebesty\u00e9n P\u00e9ter: Hekker a sz\u0151nyeg alatt - Stuttgarti Katolikusok","og_description":"Hekker a sz\u0151nyeg alatt Az idei\u00a0 velencei karnev\u00e1l d\u00edszvend\u00e9g\u00e9t\u0151l Magyarorsz\u00e1gt\u00f3l j\u00f6tt az \u00f6tlet, hogy a gyerekeknek egy sz\u00e1m\u00edt\u00f3g\u00e9pes j\u00e1t\u00e9kban egy \u0151r\u00fclt hekkert kell megf\u00e9kezni\u00fck, aki a vil\u00e1got meg akarja b\u00e9n\u00edtani. Emellett fut\u00f3t\u0171zk\u00e9nt megy n\u00e1lunk is a 2&#215;2 annyi, mint huszonkett\u0151, Alternat\u00edv matek c. kisfilm, ahol a csattan\u00f3t a &#8222;konzervat\u00edv&#8221; tan\u00e1rn\u0151 a film v\u00e9g\u00e9n v\u00e1gja a szabadelv\u0171 igazgat\u00f3 k\u00e9p\u00e9be. Mert a g\u00e1tl\u00e1stalan szabds\u00e1gnak m\u00e1r nincsenek hat\u00e1rai. Nincsenek \u00e9rt\u00e9kek, biztos fog\u00f3dz\u00f3k, t\u00f6rv\u00e9nyek, korl\u00e1tok, amelyek \u00e9pp a szabads\u00e1g \u0151r\u00fclt diktat\u00far\u00e1j\u00e1t\u00f3l v\u00e9den\u00e9nek meg. Mert engedt\u00fcnk. Fokozatosan \u00e9s k\u00f6vetkezetesen engedm\u00e9nyeket tett\u00fcnk a s\u00e1t\u00e1nnak: erk\u00f6lcsi d\u00f6nt\u00e9seinkben, t\u00f6rv\u00e9nyhoz\u00e1sainkban, elk\u00e9pzel\u00e9seinkben, egy\u00e9ni \u00e9s t\u00e1rsadalmi szinten egyar\u00e1nt. \u00c9s ebben verg\u0151d\u00fcnk, mint vad a h\u00edn\u00e1rban. S akkor m\u00e9g nem besz\u00e9lt\u00fcnk a legfrissebb egyh\u00e1z- \u00e9s Vatik\u00e1nellenes m\u00e9diat\u00e1mad\u00e1sokr\u00f3l, ahol m\u00e1r nemcsak a pedofilia, a homoszexualit\u00e1s \u00e9s nemi er\u0151szak ker\u00fclt ter\u00edt\u00e9kre, hanem \u00fajfent egy amerikai papcsemet\u00e9b\u0151l lett \u201episz(m)ol\u00f3gus\u201d m\u00e1r azzal riogat, hogy a papok gyermekei minden\u00fctt ott vannak, s ez mekkora vesz\u00e9lyt jelent a vil\u00e1gra. Mik\u00f6zben a gender \u00e9s a transznem\u0171 szabadoss\u00e1g m\u00e1r a franci\u00e1kn\u00e1l sem akar \u00e9desap\u00e1r\u00f3l \u00e9s \u00e9desany\u00e1r\u00f3l besz\u00e9lni, csup\u00e1n sz\u00fcl\u0151 1 \u00e9s sz\u00fcl\u0151 2 -r\u0151l. A sv\u00e9d miniszterasszony pedig az emancip\u00e1lt n\u0151k nehezen kiharcolt \u00e9s most csorbult jogai miatt sir\u00e1nkozik, mert \u201ek\u00f6telez\u0151 sz\u00fclni\u201d a nemzetnek. Micsoda aljass\u00e1g, ugye? Tan\u00e1r ismer\u0151s\u00f6m mes\u00e9li, hogy di\u00e1kjainak k\u00e9tharmada nem v\u00e1gyik egy\u00e9bre, csak sok p\u00e9nzre, s el innen. Ir\u00e1ny Hollandia, ahol majd j\u00f3l bek\u00e1b\u00edt\u00f3szereznek, azt\u00e1n \u00e9vekig kuksolsz a b\u00f6rt\u00f6nben, s mire hazaj\u00f6ssz megkopaszodva, ki\u00e9gve, lerongyol\u00f3dva, r\u00e1d sem ismerni. Posztodern t\u00e9kozl\u00f3 gyerekek. Mint amaz orvosit, PHD-t v\u00e9gzettek, akik a londoni v\u00e9c\u00e9pucol\u00e1st\u00f3l\u00a0 \u00e9s beteggondoz\u00e1st\u00f3l megkerg\u00fclve lassan hazasziv\u00e1rognak, mert eleg\u00fck van az any\u00e1tlans\u00e1gb\u00f3l \u00e9s a nyakl\u00f3 n\u00e9lk\u00fcli szabads\u00e1gb\u00f3l. Milyen kifinomult m\u00f3dszerrel dolgozik ez a \u201eHekker\u201d. M\u00e1r a teremt\u00e9s \u00f3ta. \u201eA kert minden f\u00e1j\u00e1r\u00f3l ehettek, csak a kert k\u00f6zep\u00e9n \u00e1ll\u00f3 f\u00e1r\u00f3l nem\u201d [&#8230;] \u201eDehogy haltok meg!\u201d \u2013 mondja \u00c9v\u00e1nak. Csak kiny\u00edlik a szemetek. S megl\u00e1tj\u00e1tok milyen hatalmas az ember, ha... R\u00e9szletek","og_url":"https:\/\/stuttgarti-katolikusok.de\/index.php\/hekker-a-szonyeg-alatt\/","og_site_name":"Stuttgarti Katolikusok","article_published_time":"2019-02-27T06:21:52+00:00","article_modified_time":"2020-04-27T15:39:45+00:00","author":"Tibor atya","twitter_card":"summary_large_image","twitter_misc":{"Szerz\u0151:":"Tibor atya","Becs\u00fclt olvas\u00e1si id\u0151":"4 perc"},"schema":{"@context":"https:\/\/schema.org","@graph":[{"@type":"Article","@id":"https:\/\/stuttgarti-katolikusok.de\/index.php\/hekker-a-szonyeg-alatt\/#article","isPartOf":{"@id":"https:\/\/stuttgarti-katolikusok.de\/index.php\/hekker-a-szonyeg-alatt\/"},"author":{"name":"Tibor atya","@id":"https:\/\/stuttgarti-katolikusok.de\/#\/schema\/person\/75908d6f8fdc03a57889d27209df7795"},"headline":"Sebesty\u00e9n P\u00e9ter: Hekker a sz\u0151nyeg alatt","datePublished":"2019-02-27T06:21:52+00:00","dateModified":"2020-04-27T15:39:45+00:00","mainEntityOfPage":{"@id":"https:\/\/stuttgarti-katolikusok.de\/index.php\/hekker-a-szonyeg-alatt\/"},"wordCount":806,"articleSection":["Olvas\u00f3ink \u00edrj\u00e1k"],"inLanguage":"hu"},{"@type":"WebPage","@id":"https:\/\/stuttgarti-katolikusok.de\/index.php\/hekker-a-szonyeg-alatt\/","url":"https:\/\/stuttgarti-katolikusok.de\/index.php\/hekker-a-szonyeg-alatt\/","name":"Sebesty\u00e9n P\u00e9ter: Hekker a sz\u0151nyeg alatt - Stuttgarti Katolikusok","isPartOf":{"@id":"https:\/\/stuttgarti-katolikusok.de\/#website"},"datePublished":"2019-02-27T06:21:52+00:00","dateModified":"2020-04-27T15:39:45+00:00","author":{"@id":"https:\/\/stuttgarti-katolikusok.de\/#\/schema\/person\/75908d6f8fdc03a57889d27209df7795"},"breadcrumb":{"@id":"https:\/\/stuttgarti-katolikusok.de\/index.php\/hekker-a-szonyeg-alatt\/#breadcrumb"},"inLanguage":"hu","potentialAction":[{"@type":"ReadAction","target":["https:\/\/stuttgarti-katolikusok.de\/index.php\/hekker-a-szonyeg-alatt\/"]}]},{"@type":"BreadcrumbList","@id":"https:\/\/stuttgarti-katolikusok.de\/index.php\/hekker-a-szonyeg-alatt\/#breadcrumb","itemListElement":[{"@type":"ListItem","position":1,"name":"Kezd\u0151lap","item":"https:\/\/stuttgarti-katolikusok.de\/"},{"@type":"ListItem","position":2,"name":"Sebesty\u00e9n P\u00e9ter: Hekker a sz\u0151nyeg alatt"}]},{"@type":"WebSite","@id":"https:\/\/stuttgarti-katolikusok.de\/#website","url":"https:\/\/stuttgarti-katolikusok.de\/","name":"Stuttgarti Katolikusok","description":"","potentialAction":[{"@type":"SearchAction","target":{"@type":"EntryPoint","urlTemplate":"https:\/\/stuttgarti-katolikusok.de\/?s={search_term_string}"},"query-input":{"@type":"PropertyValueSpecification","valueRequired":true,"valueName":"search_term_string"}}],"inLanguage":"hu"},{"@type":"Person","@id":"https:\/\/stuttgarti-katolikusok.de\/#\/schema\/person\/75908d6f8fdc03a57889d27209df7795","name":"Tibor atya","image":{"@type":"ImageObject","inLanguage":"hu","@id":"https:\/\/secure.gravatar.com\/avatar\/61d268e57d1f4525b111222e29d2d5a7f8c420fdbf231ba5566a8ceac74fa960?s=96&d=mm&r=g","url":"https:\/\/secure.gravatar.com\/avatar\/61d268e57d1f4525b111222e29d2d5a7f8c420fdbf231ba5566a8ceac74fa960?s=96&d=mm&r=g","contentUrl":"https:\/\/secure.gravatar.com\/avatar\/61d268e57d1f4525b111222e29d2d5a7f8c420fdbf231ba5566a8ceac74fa960?s=96&d=mm&r=g","caption":"Tibor atya"},"url":"https:\/\/stuttgarti-katolikusok.de\/index.php\/author\/tibor-atya\/"}]}},"_links":{"self":[{"href":"https:\/\/stuttgarti-katolikusok.de\/index.php\/wp-json\/wp\/v2\/posts\/16286","targetHints":{"allow":["GET"]}}],"collection":[{"href":"https:\/\/stuttgarti-katolikusok.de\/index.php\/wp-json\/wp\/v2\/posts"}],"about":[{"href":"https:\/\/stuttgarti-katolikusok.de\/index.php\/wp-json\/wp\/v2\/types\/post"}],"author":[{"embeddable":true,"href":"https:\/\/stuttgarti-katolikusok.de\/index.php\/wp-json\/wp\/v2\/users\/3"}],"replies":[{"embeddable":true,"href":"https:\/\/stuttgarti-katolikusok.de\/index.php\/wp-json\/wp\/v2\/comments?post=16286"}],"version-history":[{"count":2,"href":"https:\/\/stuttgarti-katolikusok.de\/index.php\/wp-json\/wp\/v2\/posts\/16286\/revisions"}],"predecessor-version":[{"id":16289,"href":"https:\/\/stuttgarti-katolikusok.de\/index.php\/wp-json\/wp\/v2\/posts\/16286\/revisions\/16289"}],"wp:attachment":[{"href":"https:\/\/stuttgarti-katolikusok.de\/index.php\/wp-json\/wp\/v2\/media?parent=16286"}],"wp:term":[{"taxonomy":"category","embeddable":true,"href":"https:\/\/stuttgarti-katolikusok.de\/index.php\/wp-json\/wp\/v2\/categories?post=16286"},{"taxonomy":"post_tag","embeddable":true,"href":"https:\/\/stuttgarti-katolikusok.de\/index.php\/wp-json\/wp\/v2\/tags?post=16286"}],"curies":[{"name":"wp","href":"https:\/\/api.w.org\/{rel}","templated":true}]}}