{"id":16190,"date":"2019-02-18T06:12:45","date_gmt":"2019-02-18T06:12:45","guid":{"rendered":"https:\/\/gracious-dewdney.138-201-221-2.plesk.page\/?p=16190"},"modified":"2019-02-18T10:46:42","modified_gmt":"2019-02-18T10:46:42","slug":"evkozi-6-vasarnap","status":"publish","type":"post","link":"https:\/\/stuttgarti-katolikusok.de\/index.php\/evkozi-6-vasarnap\/","title":{"rendered":"\u00c9vk\u00f6zi 6. vas\u00e1rnap"},"content":{"rendered":"<p><strong>2019. FEBRU\u00c1R 17.<\/strong><\/p>\n<p><strong>\u00c9VK\u00d6ZI 6. VAS\u00c1RNAP<\/strong><\/p>\n<p>Minden ember boldogs\u00e1gra v\u00e1gyik. Mi az, ami embert boldogg\u00e1 tehetne? \u2013 k\u00e9rdezi a k\u00f6lt\u0151. A v\u00e1lasza pedig ez: \u201eKincs, h\u00edr, gy\u00f6ny\u00f6r, legyen b\u00e1r mint \u00f6z\u00f6n, a telhetetlen elmer\u00fclhet benne, s nem fogja tudni, hogy van sz\u00edv-\u00f6r\u00f6m\u201d (V\u00f6r\u00f6smarty Mih\u00e1ly). A boldogs\u00e1g ugyanis maga az Isten. Ez\u00e9rt nyugtalan a mi sz\u00edv\u00fcnk, am\u00edg meg nem tal\u00e1ljuk benne boldogs\u00e1gunkat (Szent \u00c1goston).<\/p>\n<p><strong>KEZD\u0150\u00c9NEK<\/strong>\u00a0\u00a0 \u00a0\u00a0\u00a0\u00a0\u00a0\u00a0\u00a0\u00a0\u00a0\u00a0\u00a0\u00a0\u00a0\u00a0\u00a0\u00a0\u00a0\u00a0\u00a0\u00a0\u00a0\u00a0\u00a0\u00a0\u00a0\u00a0\u00a0\u00a0\u00a0\u00a0\u00a0\u00a0\u00a0\u00a0\u00a0\u00a0\u00a0\u00a0\u00a0\u00a0\u00a0\u00a0\u00a0\u00a0\u00a0\u00a0<em>Zsolt 30, 3\u20134 <\/em><\/p>\n<p>Te l\u00e9gy oltalmaz\u00f3 k\u0151szikl\u00e1m \u00e9s meger\u0151s\u00edtett h\u00e1zam, hogy megszabad\u00edts engem! Er\u0151ss\u00e9gem \u00e9s mened\u00e9kem val\u00f3ban te vagy, neved miatt vezess \u00e9s ir\u00e1ny\u00edts engem!<\/p>\n<p><strong>OLVASM\u00c1NY<\/strong>\u00a0\u00a0\u00a0\u00a0\u00a0\u00a0\u00a0\u00a0\u00a0\u00a0\u00a0\u00a0\u00a0\u00a0\u00a0\u00a0\u00a0\u00a0\u00a0\u00a0\u00a0\u00a0\u00a0\u00a0\u00a0\u00a0\u00a0\u00a0\u00a0\u00a0\u00a0\u00a0\u00a0\u00a0\u00a0\u00a0\u00a0\u00a0\u00a0\u00a0 \u00a0\u00a0\u00a0\u00a0\u00a0\u00a0\u00a0\u00a0\u00a0\u00a0\u00a0\u00a0\u00a0\u00a0\u00a0\u00a0\u00a0<em>Jer 17, 5\u20138 <\/em><\/p>\n<p>Jeremi\u00e1s pr\u00f3f\u00e9ta szem\u00e9re veti az orsz\u00e1g kir\u00e1ly\u00e1nak \u00e9s n\u00e9p\u00e9nek, hogy az vesz\u00e9ly idej\u00e9n Isten helyett emberekben b\u00edzakodtak. Aki ugyanis az emberekben b\u00edzik, csalatkozik, Isten viszony h\u0171s\u00e9ges: h\u00edv\u0151 n\u00e9pe mell\u00e9 \u00e1ll minden megpr\u00f3b\u00e1ltat\u00e1s\u00e1ban.<\/p>\n<p><strong>V\u00c1LASZOS ZSOLT\u00c1R<\/strong> \u00a0\u00a0\u00a0\u00a0\u00a0\u00a0\u00a0\u00a0\u00a0\u00a0\u00a0\u00a0\u00a0\u00a0\u00a0\u00a0\u00a0\u00a0\u00a0\u00a0\u00a0\u00a0\u00a0\u00a0\u00a0\u00a0\u00a0\u00a0\u00a0\u00a0\u00a0\u00a0\u00a0\u00a0\u00a0\u00a0\u00a0\u00a0\u00a0\u00a0<em>1. Zsolt\u00e1r <\/em><\/p>\n<p><strong>V\u00e1lasz: Boldog az az <u>e<\/u>mber, * aki az <u>\u00da<\/u>rban b\u00edzik.\u00a0\u00a0\u00a0\u00a0\u00a0\u00a0\u00a0\u00a0\u00a0 <\/strong><\/p>\n<p><strong>SZENTLECKE <\/strong>\u00a0\u00a0\u00a0\u00a0\u00a0\u00a0\u00a0\u00a0\u00a0\u00a0\u00a0\u00a0\u00a0\u00a0\u00a0\u00a0\u00a0\u00a0\u00a0\u00a0\u00a0\u00a0\u00a0\u00a0\u00a0\u00a0\u00a0\u00a0\u00a0\u00a0\u00a0\u00a0\u00a0\u00a0\u00a0\u00a0\u00a0<em>1 Kor 15, 12. 16\u201320<\/em><\/p>\n<p>Az \u00f6r\u00f6k \u00e9letbe vetett\u00a0 hit felt\u00e9telezi a felt\u00e1mad\u00e1sr\u00f3l sz\u00f3l\u00f3 tan\u00edt\u00e1s elfogad\u00e1s\u00e1t, a mi felt\u00e1mad\u00e1sunk z\u00e1loga viszont J\u00e9zus Krisztus felt\u00e1mad\u00e1sa. A felt\u00e1mad\u00e1s az eg\u00e9sz emberi szem\u00e9ly megdics\u0151\u00fcl\u00e9se: hazatal\u00e1l\u00e1s \u00e9s az \u00e9rdemek jutalma.<\/p>\n<p><strong>ALLELUJA<\/strong>\u00a0\u00a0\u00a0\u00a0\u00a0\u00a0\u00a0\u00a0\u00a0\u00a0\u00a0\u00a0\u00a0\u00a0\u00a0\u00a0\u00a0\u00a0\u00a0\u00a0\u00a0\u00a0\u00a0\u00a0\u00a0\u00a0\u00a0\u00a0\u00a0\u00a0\u00a0\u00a0\u00a0\u00a0\u00a0\u00a0\u00a0\u00a0\u00a0\u00a0\u00a0\u00a0\u00a0\u00a0\u00a0\u00a0\u00a0\u00a0\u00a0\u00a0\u00a0\u00a0\u00a0\u00a0\u00a0 \u00a0\u00a0\u00a0\u00a0\u00a0\u00a0\u00a0\u00a0\u00a0\u00a0<em>Lk 6, 23ab<\/em><\/p>\n<p>\u00d6r\u00fcljetek \u00e9s vigadjatok, mondja a mi Urunk, * mert nagy lesz a mennyben jutalmatok.<\/p>\n<p><strong>EVANG\u00c9LIUM <\/strong>\u00a0\u00a0\u00a0\u00a0\u00a0\u00a0\u00a0\u00a0\u00a0\u00a0\u00a0\u00a0\u00a0\u00a0\u00a0\u00a0\u00a0\u00a0\u00a0\u00a0\u00a0\u00a0\u00a0\u00a0\u00a0\u00a0\u00a0\u00a0\u00a0\u00a0\u00a0\u00a0\u00a0\u00a0\u00a0\u00a0\u00a0\u00a0\u00a0\u00a0\u00a0\u00a0<em>Lk 6, 17. 20\u201326<\/em><\/p>\n<p>Szent Luk\u00e1cs a mai evang\u00e9liumban \u2013 a boldogs\u00e1gok le\u00edr\u00e1sakor \u2013 szembe\u00e1ll\u00edtja a f\u00f6ldi \u00e9letet a mennyei \u00e9lettel. Boldognak mondja azokat, akik nagyra \u00e9rt\u00e9kelik Isten orsz\u00e1g\u00e1nak a javait, viszont jajt ki\u00e1lt azokra, akiknek minden t\u00f6rekv\u00e9se az evil\u00e1gi javak megszerz\u00e9s\u00e9re ir\u00e1nyul.<\/p>\n<p><strong>AZ EUCHARISZTI\u00c1HOZ<\/strong><\/p>\n<p>Isten mindenkit sz\u00edvesen l\u00e1t vend\u00e9g\u00fcl az asztal\u00e1n\u00e1l. Egyesek azonban kit\u00e9rnek a mgh\u00edv\u00e1s el\u0151l, mondva: nincs idej\u00fck erre. Mi sohase tartozzunk k\u00f6z\u00e9j\u00fck!<\/p>\n<p><strong>\u00c1LDOZ\u00c1SI \u00c9NEK<\/strong>\u00a0\u00a0\u00a0\u00a0\u00a0\u00a0\u00a0\u00a0\u00a0\u00a0\u00a0\u00a0\u00a0\u00a0\u00a0\u00a0\u00a0\u00a0\u00a0\u00a0 <em>\u00a0\u00a0\u00a0\u00a0\u00a0\u00a0\u00a0\u00a0\u00a0\u00a0\u00a0\u00a0\u00a0\u00a0\u00a0\u00a0\u00a0\u00a0\u00a0\u00a0Zsolt 77, 29\u201330 \u00a0<\/em><\/p>\n<p>Ettek \u00e9s j\u00f3llaktak b\u0151s\u00e9gesen. K\u00edv\u00e1ns\u00e1gukat bet\u00f6lt\u00f6tte az \u00dar, \u00e9s nem csalatkoztak v\u00e1gyaikban.<\/p>\n<p><strong>Vagy: <\/strong>\u00dagy szerette Isten a vil\u00e1got, hogy egysz\u00fcl\u00f6tt Fi\u00e1t adta oda, hogy aki hisz benne, az el ne vesszen, hanem \u00f6r\u00f6kk\u00e9 \u00e9ljen.<em> Jn 3, 16<\/em><\/p>\n<p><strong>ELM\u00c9LKED\u00c9S<\/strong><\/p>\n<p>Urunk \u00e9s Isten\u00fcnk! Te \u00fagy adtad nek\u00fcnk Fiadat, mint ismeretlent, aki a legkisebb lett az emberek k\u00f6z\u00f6tt. Tan\u00edts meg minket arra, hogy felismerj\u00fck \u0151t minden emberben, akivel csak tal\u00e1lkozunk, de mindenekel\u0151tt a gyeng\u00e9kben \u00e9s a megvetettekben.\u00a0\u00a0\u00a0\u00a0\u00a0\u00a0\u00a0\u00a0\u00a0\u00a0\u00a0\u00a0\u00a0\u00a0 <em>H. Oesterhuis<\/em><\/p>\n<p>IMA A NEMZETK\u00d6ZI EUCHARISZTIKUS KONGRESSZUS\u00c9RT<\/p>\n<p>A J\u00f3isten aj\u00e1nd\u00e9koz\u00f3 szeretet\u00e9t l\u00e1tjuk abban, hogy 2020-ban Budapesten rendezhetik meg az 52. Nemzetk\u00f6zi Eucharisztikus Kongresszust. \u00dcnnepelhetj\u00fck J\u00e9zust az Euchariszti\u00e1ban, megeml\u00e9kezhet\u00fcnk az \u0150 h\u0171s\u00e9g\u00e9r\u0151l \u00e9s kifejezhetj\u00fck bel\u00e9 vetett rem\u00e9ny\u00fcnket.<\/p>\n<p style=\"text-align: center;\">+ + +<\/p>\n<p><strong>A 2020-as Nemzetk\u00f6zi Eucharisztikus Kongresszus im\u00e1ja:<\/strong><\/p>\n<p>Mennyei Aty\u00e1nk, minden \u00e9let forr\u00e1sa!<\/p>\n<p>K\u00fcldd el Szentlelkedet, hogy az \u00f6nmag\u00e1t \u00e9rt\u00fcnk fel\u00e1ldoz\u00f3 \u00e9s az Olt\u00e1riszents\u00e9gben vel\u00fcnk lev\u0151 Krisztust felismerj\u00fck \u00e9s egyre jobban szeress\u00fck!<\/p>\n<p>\u0150 Urunk \u00e9s Mester\u00fcnk, bar\u00e1tunk \u00e9s t\u00e1pl\u00e1l\u00e9kunk, orvosunk \u00e9s b\u00e9kess\u00e9g\u00fcnk.<\/p>\n<p>Adj b\u00e1tors\u00e1got, hogy az \u0151 erej\u00e9t \u00e9s \u00f6r\u00f6m\u00e9t elvigy\u00fck minden emberhez!<\/p>\n<p>Add, hogy a k\u00e9sz\u00fclet ideje \u00e9s az Eucharisztikus Kongresszus \u00fcnnepl\u00e9se eg\u00e9sz h\u00edv\u0151 k\u00f6z\u00f6ss\u00e9g\u00fcnk,<\/p>\n<p>f\u0151v\u00e1rosunk, n\u00e9p\u00fcnk, Eur\u00f3pa \u00e9s a vil\u00e1g lelki meg\u00fajul\u00e1s\u00e1ra szolg\u00e1ljon! \u00c1men.<\/p>\n<p style=\"text-align: center;\">+ + +<\/p>\n<p>A kongresszus \u00fcnnepi esem\u00e9ny\u00e9re k\u00e9sz\u00fclve im\u00e1dkozzuk templomainkban vagy otthonainkban ezt az im\u00e1t. Azzal a v\u00e1ggyal tegy\u00fck, hogy egy\u00e9nileg \u00e9s k\u00f6z\u00f6ss\u00e9gileg is k\u00f6zelebb ker\u00fclj\u00fcnk az Eucharisztia titk\u00e1hoz \u00e9s r\u00e1hangol\u00f3djunk arra a kegyelmi aj\u00e1nd\u00e9kra, amit a Kongresszus \u00fcnnepe \u00e1ltal J\u00e9zus k\u00e9sz\u00edt sz\u00e1munkra, nemzet\u00fcnk, Eur\u00f3pa \u00e9s a vil\u00e1g sz\u00e1m\u00e1ra.<\/p>\n<p>Az ima megh\u00edv arra, hogy elm\u00e9ly\u00fclt lelkis\u00e9ggel \u00e9s cselekv\u0151 szeretettel k\u00e9sz\u00edts\u00fck el\u0151 az \u00dar \u00fatjait.<\/p>\n<p style=\"text-align: center;\">+ + +<\/p>\n<p><strong>www.iec2020.hu<\/strong><\/p>\n<p>FEBRU\u00c1R 22. \u2013 SZENT P\u00c9TER APOSTOL SZ\u00c9KFOGLAL\u00c1SA<\/p>\n<p>A IV. sz\u00e1zadt\u00f3l kezdve \u00fcnneplik ezt az \u00fcnnepet, az Egyh\u00e1z egys\u00e9g\u00e9nek kifejez\u00e9s\u00e9re. P\u00e9terre, a k\u0151szikl\u00e1ra \u00e9p\u00fcl az Egyh\u00e1z, de J\u00e9zus Krisztus az, aki k\u0151szikl\u00e1v\u00e1 tette P\u00e9tert, \u00e9s aki kegyelm\u00e9vel er\u0151s\u00edti ma is Egyh\u00e1z\u00e1t. vele akarunk tal\u00e1lkozni mai Szentmis\u00e9nkben is. A hagyom\u00e1ny szerint az els\u0151 sz\u00e1zad derek\u00e1n, 60 k\u00f6r\u00fcl telepedett le P\u00e9ter apostol R\u00f3m\u00e1ban. Kezdett\u0151l fogva \u0151 az Egyh\u00e1z egys\u00e9g\u00e9nek jele. Az Egyh\u00e1z ma is \u2013 minden gy\u00f6nges\u00e9ge \u00e9s neh\u00e9zkess\u00e9ge ellen\u00e9re \u2013 Isten szeretet\u00e9nek \u00e9s jelenl\u00e9t\u00e9nek szents\u00e9ge a vil\u00e1gban. J\u00e9zus azt mondta r\u00f3la: a pokol kapui nem vesznek er\u0151t rajta. Korunk el\u0151szeretettel \u00e1ll\u00edtja pelleng\u00e9rre a hib\u00e1kat, az emberi gy\u00f6nges\u00e9geket, \u00e9s nem vesz tudom\u00e1st az \u00e9rt\u00e9kekr\u0151l. Vegy\u00fck \u00e9szre, \u00e9s keress\u00fck mindazt, ami sz\u00e9p, \u00e9s gazdags\u00e1g Egyh\u00e1zunk \u00e9let\u00e9ben! Ami ferde, azt pedig igyekezz\u00fcnk kiegyenes\u00edteni, mindenekel\u0151tt pedig \u00e1poljuk a rem\u00e9nyt, amelyre tal\u00e1n a legnagyobb sz\u00fcks\u00e9ge van korunknak. Szent P\u00e9ter apostol ut\u00f3da legyen sz\u00e1munkra ebben mindig p\u00e9ldak\u00e9p.<\/p>\n<p>Az Egyh\u00e1z egyszerre szent \u00e9s b\u0171n\u00f6s. Ha az Egyh\u00e1zban tapasztalhat\u00f3 emberi gy\u00f6nges\u00e9geket l\u00e1tjuk joggal felmer\u00fcl benn\u00fcnk a k\u00e9rd\u00e9s, hogy ennyi t\u00f6k\u00e9letlens\u00e9g ut\u00e1n mi tartja m\u00e9g fen az egyh\u00e1zat. A m\u00e1sik oldalr\u00f3l, az Egyh\u00e1zban megnyilv\u00e1nul\u00f3 szents\u00e9gr\u0151l hajlamosak vagyunk megfeledkezni. J\u00e9zus P\u00e9tert, az egyszerre b\u0171n\u00f6s \u00e9s szent embert nyilv\u00e1n\u00edtja k\u0151szikl\u00e1nak. R\u00e1 akar \u00e9breszteni arra, hogy a szikla nem az embert\u0151l nyeri a szil\u00e1rds\u00e1g\u00e1t. Sem a term\u00e9szetben, sem \u00e1tvitt \u00e9rtelemben. P\u00e9ter ereje nem a vil\u00e1gosan megfogalmazott hitvall\u00e1s\u00e1ban rejlik, hanem abban, hogy az \u00dar teszi er\u0151ss\u00e9. Ha az Egyh\u00e1z csup\u00e1n emberi int\u00e9zm\u00e9nye lenne, m\u00e1r r\u00e9gen nem l\u00e9tezne. Fennmarad\u00e1s\u00e1t \u00e9s meg\u00f3v\u00e1s\u00e1t az \u201epokol kapuinak az er\u0151it\u0151l\u201d az \u00dar m\u0171veli. Urunk, J\u00e9zus Krisztus Szent P\u00e9ter apostolnak \u00edg\u00e9rte meg: &#8222;Te P\u00e9ter vagy, \u00e9s \u00e9n erre a szikl\u00e1ra \u00e9p\u00edtem Egyh\u00e1zamat.&#8221; P\u00e9ter apostol, amikor az angyal seg\u00edts\u00e9g\u00e9vel csod\u00e1latos m\u00f3don megszabadult Her\u00f3des kir\u00e1ly b\u00f6rt\u00f6n\u00e9b\u0151l, meger\u0151s\u00edtette a jeruzs\u00e1lemi h\u00edveket, \u00e9s &#8222;m\u00e1s helyre&#8221; t\u00e1vozott. A sz\u00edriai Antiochi\u00e1ban akkor m\u00e1r sok h\u00edv\u0151 volt, \u00e9s az \u0151 els\u0151 p\u00fcsp\u00f6k\u00fck lett Szent P\u00e9ter. Antiochiai sz\u00e9kfoglal\u00e1s\u00e1t \u00fcnnepelj\u00fck a mai napon. Ott nevezt\u00e9k el\u0151sz\u00f6r a Krisztush\u00edv\u0151ket kereszt\u00e9nyeknek.<\/p>\n<p><strong>IM\u00c1DKOZZUNK AZ \u00dcLD\u00d6Z\u00d6TT KERESZT\u00c9NYEK\u00c9RT!<\/strong><\/p>\n<p>SZENT POLIK\u00c1RP P\u00dcSP\u00d6K \u00c9S V\u00c9RTAN\u00da<\/p>\n<p><strong>Febru\u00e1r 23.<\/strong><\/p>\n<p>Polik\u00e1rp sz\u00fclet\u00e9s\u00e9nek se hely\u00e9r\u0151l se idej\u00e9r\u0151l nincsenek adataink, de apostoli hagyom\u00e1nyb\u00f3l tudjuk, hogy ifj\u00fa kor\u00e1ban hallgat\u00f3ja \u00e9s tan\u00edtv\u00e1nya volt J\u00e1nos apostolnak s m\u00e1s apostoloknak is. S\u0151t egy korai hagyom\u00e1ny szerint Polik\u00e1rpot \u201eaz apostolok&#8217;\u201d tett\u00e9k Szmirna p\u00fcsp\u00f6k\u00e9v\u00e9.<\/p>\n<p>Polik\u00e1rp egyik jelent\u0151s megalapoz\u00f3ja volt az \u0151skereszt\u00e9ny hagyom\u00e1nynak. \u201eAlakja \u2013 \u00edrja egyik \u00e9letrajz\u00edr\u00f3ja \u2013 \u00fagy emelkedik ki a II. sz\u00e1zadb\u00f3l, mint egy hatalmas oszlop, amely szil\u00e1rdan tartja az apostolokt\u00f3l kiindul\u00f3 szent hagyom\u00e1ny h\u00edd\u00edv\u00e9t.\u201d<\/p>\n<p>Antiochiai Szent Ign\u00e1c (+115) leveleib\u0151l tudjuk, hogy szmirnai p\u00fcsp\u00f6kk\u00e9nt eg\u00e9sz \u00e9let\u00e9n \u00e1t azon f\u00e1radozott, hogy megt\u00e9r\u00edtse a szakad\u00e1rokat, akik m\u00e1r a \u201ekezdetn\u00e9l\u201d kit\u0171ntek rombol\u00f3 munk\u00e1jukkal. A z\u0171rzavaros viszonyok k\u00f6z\u00f6tt is szakadatlan t\u00fcrelm\u00e9vel \u00e9s szeretet\u00e9vel atyai tudott lenni az eretnekekkel szemben, de ahol sz\u00fcks\u00e9ges volt, p\u00e9ld\u00e1s energi\u00e1val \u00e9s hat\u00e1rozotts\u00e1ggal is f\u00f6ll\u00e9pett. Ez \u00fcgyben t\u00f6bb levelet is \u00edrt. K\u00f6z\u00fcl\u00fck csak a filippi egyh\u00e1zk\u00f6zs\u00e9gnek \u00edrt levele van a kez\u00fcnkben.<\/p>\n<p>Miut\u00e1n Polik\u00e1rp az eg\u00e9sz Egyh\u00e1z t\u00f6rt\u00e9net\u00e9re kihat\u00f3 feladatait minden ellenkez\u00e9s ellen\u00e9re elv\u00e9gezte, ellenfelei \u00fagy v\u00e9lt\u00e9k, elj\u00f6tt az ideje, hogy letart\u00f3ztass\u00e1k. Egy stadionba hurcolt\u00e1k, ahol \u00fcv\u00f6lt\u00f6z\u0151 t\u00f6meg el\u0151tt arra k\u00e9nyszer\u00edtett\u00e9k, hogy tagadja meg Krisztust. Mivel erre nem volt hajland\u00f3, m\u00e1glyahal\u00e1lra \u00edt\u00e9lt\u00e9k. Egy c\u00f6l\u00f6ph\u00f6z k\u00f6t\u00f6zt\u00e9k, \u00e9s \u00fagy \u00e9gett\u00e9k el. Polik\u00e1rp az \u00e9gre emelte szem\u00e9t, \u00e9s halotti im\u00e1t mondott. H\u00e1trak\u00f6t\u00f6tt kezeivel Polik\u00e1rp hasonl\u00edtott Krisztushoz, Isten B\u00e1r\u00e1ny\u00e1hoz, akit meg\u00f6ltek a vil\u00e1g b\u0171nei\u00e9rt\u201d \u2013 \u00edgy sz\u00f3l egy \u0151si h\u00edrad\u00e1s.<\/p>\n<p>Polik\u00e1rp p\u00fcsp\u00f6k Szmirn\u00e1ban 168. febru\u00e1r 23-\u00e1n halt v\u00e9rtan\u00fahal\u00e1lt. Keleten m\u00e1r a IV. sz\u00e1zadban meg\u00fcnnepelt\u00e9k hal\u00e1la napj\u00e1t. R\u00f3m\u00e1ban a XIII. sz\u00e1zadban az \u00fcnnepet janu\u00e1r 26-ra helyzet\u00e9k, 1969-t\u0151l a r\u00f3mai napt\u00e1rban is febru\u00e1r 23-\u00e1n \u00fcnnepelj\u00fck.<\/p>\n<p style=\"text-align: center;\">*<\/p>\n<p>Polik\u00e1rp a maga egyeness\u00e9g\u00e9vel k\u00f6zvetlen hat\u00e1st gyakorolt kor\u00e1nak embereire. Nemcsak tan\u00edt\u00e1s\u00e1val, hanem tev\u00e9kenys\u00e9g\u00e9vel, \u00e9let\u00e9vel \u00e9s hal\u00e1l\u00e1val az Egyh\u00e1z igazi p\u00e1sztor\u00e1nak bizonyult. Nagys\u00e1ga abban gy\u00f6kerezik, hogy \u00e1llhatatos p\u00e9ldamutat\u00e1ssal ragaszkodott Krisztushoz. Amikor hittagad\u00e1sra akart\u00e1k b\u00edrni, \u00edgy v\u00e1laszolt: ,,Nyolcvanhat \u00e9ve szolg\u00e1lom \u0150t, \u00e9s sohasem b\u00e1ntott meg. Hogyan mondhatn\u00e9k \u00e1tkot Kir\u00e1lyomra \u00e9s \u00dcdv\u00f6z\u00edt\u0151mre?&#8221; Vele az apostol-tan\u00edtv\u00e1ny k\u00fcld hiteles \u00fczenetet nek\u00fcnk, mostani kereszt\u00e9nyeknek: Higgy\u00fck el neki, hogy csak akkor lehet\u00fcnk el\u00e9gedettek \u201ekereszt\u00e9ny mivoltunkkal\u201d, ha \u00e9let\u00fcnk minden napj\u00e1n Krisztust szolg\u00e1ljuk. Nemcsak im\u00e1val \u00e9s temploml\u00e1togat\u00e1ssal, hanem azzal is, hogy evang\u00e9lium\u00e1t ismerj\u00fck, mindennapi \u00e9let\u00fcnkben, \u00f6r\u00f6mben \u00e9s b\u00e1natban egyar\u00e1nt, nyomdokain j\u00e1runk \u00e9s \u00e9letp\u00e9ld\u00e1ja szerint \u00e9l\u00fcnk.<\/p>\n<p style=\"text-align: center;\">*<\/p>\n<p>Polik\u00e1rp p\u00fcsp\u00f6k v\u00e9rtan\u00fahal\u00e1la mintegy \u201epecs\u00e9tje volt magatart\u00e1s\u00e1nak\u201d \u00e9s v\u00e9get vetett az \u0151t \u00e9rt t\u00e1mad\u00e1soknak. Hal\u00e1l\u00e1t tan\u00fas\u00e1gt\u00e9telk\u00e9nt fogadt\u00e1k el, \u00e9s sokkal t\u00f6bb h\u00edv\u0151t szerzett vele, mint \u00e9let\u00e9vel \u2013 \u00edrj\u00e1k a besz\u00e1mol\u00f3k. Egyh\u00e1zunk t\u00f6rt\u00e9net\u00e9ben fontos k\u00fcldet\u00e9se van a v\u00e9rtan\u00faknak. Egy \u0151skereszt\u00e9ny\u00edr\u00f3, Tertuli\u00e1nusz mondta: <strong>\u201eA v\u00e9rtan\u00fak v\u00e9re, a kereszt\u00e9nys\u00e9g magja.\u201d<\/strong> A v\u00e9rtan\u00fa Polik\u00e1rp olyat is \u00fczen nek\u00fcnk, amire nem nagyon szoktunk gondolni. Azt, hogy aki igaz\u00e1n Krisztush\u00edv\u0151 akar lenni, annak v\u00e1llalnia kell a v\u00e9rtan\u00fas\u00e1got. Vagy \u00fagy, hogy val\u00f3ban v\u00e9r\u00e9t adja J\u00e9zus\u00e9rt, hit\u00e9\u00e9rt, meggy\u0151z\u0151d\u00e9s\u00e9\u00e9rt. Avagy \u00fagy hogy szenved\u00e9seit, megpr\u00f3b\u00e1ltat\u00e1sait, lelki keresztjeit, sz\u00edvesen viseli \u00e9s J\u00e9zus\u00e9rt felaj\u00e1nlja. Ez ut\u00f3bbit szint\u00e9n v\u00e9rtan\u00fas\u00e1gnak, m\u00e9gpedig k\u00f6nnyes v\u00e9rtan\u00fas\u00e1gnak nevezz\u00fck. J\u00e9zus\u00e9rt viselt f\u00e1jdalmaink minden k\u00f6nnycseppje J\u00e9zus \u00e9rt\u00fcnk kiontott v\u00e9r\u00e9hez t\u00e1rsul.<\/p>\n<p style=\"text-align: center;\">*<\/p>\n<p>Szent Polik\u00e1rp p\u00fcsp\u00f6k! K\u00f6ny\u00f6r\u00f6gj \u00e9rt\u00fcnk, hogy J\u00e9zus Krisztus nyomdokain j\u00e1rva megvalljuk \u0151t, igyunk szenved\u00e9s\u00e9nek kelyh\u00e9b\u0151l \u00e9s \u00edgy r\u00e9szes\u00fclhess\u00fcnk dics\u0151s\u00e9g\u00e9nek vil\u00e1goss\u00e1g\u00e1ban.<\/p>\n<p>\u201eMindenhat\u00f3 \u00daristen, Atyja szeretett \u00e9s \u00e1ldott Fiadnak, minden\u00e9rt dics\u00e9rlek, dics\u0151\u00edtlek \u00e9s magasztallak \u00f6r\u00f6k mennyei f\u0151papod, J\u00e9zus Krisztus, a te Fiad \u00e1ltal. \u00c1ltala \u00e9s vele a Szentl\u00e9lekben ti\u00e9d a dics\u0151s\u00e9g vil\u00e1goss\u00e1ga most \u00e9s az elj\u00f6vend\u0151 \u00f6r\u00f6kk\u00e9val\u00f3s\u00e1gban.\u201d<\/p>\n<p><em>Szent Polik\u00e1rp utols\u00f3 im\u00e1j\u00e1b\u00f3l<\/em><\/p>\n<p>&nbsp;<\/p>\n<p>&nbsp;<\/p>\n","protected":false},"excerpt":{"rendered":"<p>2019. FEBRU\u00c1R 17. \u00c9VK\u00d6ZI 6. VAS\u00c1RNAP Minden ember boldogs\u00e1gra v\u00e1gyik. Mi az, ami embert boldogg\u00e1 tehetne? \u2013 k\u00e9rdezi a k\u00f6lt\u0151. A v\u00e1lasza pedig ez: \u201eKincs, h\u00edr, gy\u00f6ny\u00f6r, legyen b\u00e1r mint \u00f6z\u00f6n, a telhetetlen elmer\u00fclhet benne, s nem fogja tudni, hogy van sz\u00edv-\u00f6r\u00f6m\u201d (V\u00f6r\u00f6smarty Mih\u00e1ly). A boldogs\u00e1g ugyanis maga az Isten. Ez\u00e9rt nyugtalan a mi sz\u00edv\u00fcnk, am\u00edg meg nem tal\u00e1ljuk benne boldogs\u00e1gunkat (Szent \u00c1goston). KEZD\u0150\u00c9NEK\u00a0\u00a0 \u00a0\u00a0\u00a0\u00a0\u00a0\u00a0\u00a0\u00a0\u00a0\u00a0\u00a0\u00a0\u00a0\u00a0\u00a0\u00a0\u00a0\u00a0\u00a0\u00a0\u00a0\u00a0\u00a0\u00a0\u00a0\u00a0\u00a0\u00a0\u00a0\u00a0\u00a0\u00a0\u00a0\u00a0\u00a0\u00a0\u00a0\u00a0\u00a0\u00a0\u00a0\u00a0\u00a0\u00a0\u00a0\u00a0Zsolt 30, 3\u20134 Te l\u00e9gy oltalmaz\u00f3 k\u0151szikl\u00e1m \u00e9s meger\u0151s\u00edtett h\u00e1zam, hogy megszabad\u00edts engem! Er\u0151ss\u00e9gem \u00e9s mened\u00e9kem val\u00f3ban te vagy, neved miatt vezess \u00e9s ir\u00e1ny\u00edts engem! OLVASM\u00c1NY\u00a0\u00a0\u00a0\u00a0\u00a0\u00a0\u00a0\u00a0\u00a0\u00a0\u00a0\u00a0\u00a0\u00a0\u00a0\u00a0\u00a0\u00a0\u00a0\u00a0\u00a0\u00a0\u00a0\u00a0\u00a0\u00a0\u00a0\u00a0\u00a0\u00a0\u00a0\u00a0\u00a0\u00a0\u00a0\u00a0\u00a0\u00a0\u00a0\u00a0 \u00a0\u00a0\u00a0\u00a0\u00a0\u00a0\u00a0\u00a0\u00a0\u00a0\u00a0\u00a0\u00a0\u00a0\u00a0\u00a0\u00a0Jer 17, 5\u20138 Jeremi\u00e1s pr\u00f3f\u00e9ta szem\u00e9re veti az orsz\u00e1g kir\u00e1ly\u00e1nak \u00e9s n\u00e9p\u00e9nek, hogy az vesz\u00e9ly idej\u00e9n Isten helyett emberekben b\u00edzakodtak. Aki ugyanis az emberekben b\u00edzik, csalatkozik, Isten viszony h\u0171s\u00e9ges: h\u00edv\u0151 n\u00e9pe mell\u00e9 \u00e1ll minden megpr\u00f3b\u00e1ltat\u00e1s\u00e1ban. V\u00c1LASZOS ZSOLT\u00c1R \u00a0\u00a0\u00a0\u00a0\u00a0\u00a0\u00a0\u00a0\u00a0\u00a0\u00a0\u00a0\u00a0\u00a0\u00a0\u00a0\u00a0\u00a0\u00a0\u00a0\u00a0\u00a0\u00a0\u00a0\u00a0\u00a0\u00a0\u00a0\u00a0\u00a0\u00a0\u00a0\u00a0\u00a0\u00a0\u00a0\u00a0\u00a0\u00a0\u00a01. Zsolt\u00e1r V\u00e1lasz: Boldog az az ember, * aki az \u00darban b\u00edzik.\u00a0\u00a0\u00a0\u00a0\u00a0\u00a0\u00a0\u00a0\u00a0 SZENTLECKE \u00a0\u00a0\u00a0\u00a0\u00a0\u00a0\u00a0\u00a0\u00a0\u00a0\u00a0\u00a0\u00a0\u00a0\u00a0\u00a0\u00a0\u00a0\u00a0\u00a0\u00a0\u00a0\u00a0\u00a0\u00a0\u00a0\u00a0\u00a0\u00a0\u00a0\u00a0\u00a0\u00a0\u00a0\u00a0\u00a0\u00a01 Kor 15, 12. 16\u201320 Az \u00f6r\u00f6k \u00e9letbe vetett\u00a0 hit felt\u00e9telezi a felt\u00e1mad\u00e1sr\u00f3l sz\u00f3l\u00f3 tan\u00edt\u00e1s elfogad\u00e1s\u00e1t, a mi felt\u00e1mad\u00e1sunk z\u00e1loga viszont J\u00e9zus Krisztus felt\u00e1mad\u00e1sa. A felt\u00e1mad\u00e1s az eg\u00e9sz emberi szem\u00e9ly megdics\u0151\u00fcl\u00e9se: hazatal\u00e1l\u00e1s \u00e9s az \u00e9rdemek jutalma. ALLELUJA\u00a0\u00a0\u00a0\u00a0\u00a0\u00a0\u00a0\u00a0\u00a0\u00a0\u00a0\u00a0\u00a0\u00a0\u00a0\u00a0\u00a0\u00a0\u00a0\u00a0\u00a0\u00a0\u00a0\u00a0\u00a0\u00a0\u00a0\u00a0\u00a0\u00a0\u00a0\u00a0\u00a0\u00a0\u00a0\u00a0\u00a0\u00a0\u00a0\u00a0\u00a0\u00a0\u00a0\u00a0\u00a0\u00a0\u00a0\u00a0\u00a0\u00a0\u00a0\u00a0\u00a0\u00a0\u00a0 \u00a0\u00a0\u00a0\u00a0\u00a0\u00a0\u00a0\u00a0\u00a0\u00a0Lk 6, 23ab \u00d6r\u00fcljetek \u00e9s vigadjatok, mondja a mi Urunk, * mert nagy lesz a mennyben jutalmatok. EVANG\u00c9LIUM \u00a0\u00a0\u00a0\u00a0\u00a0\u00a0\u00a0\u00a0\u00a0\u00a0\u00a0\u00a0\u00a0\u00a0\u00a0\u00a0\u00a0\u00a0\u00a0\u00a0\u00a0\u00a0\u00a0\u00a0\u00a0\u00a0\u00a0\u00a0\u00a0\u00a0\u00a0\u00a0\u00a0\u00a0\u00a0\u00a0\u00a0\u00a0\u00a0\u00a0\u00a0\u00a0Lk 6, 17. 20\u201326 Szent Luk\u00e1cs a mai evang\u00e9liumban \u2013 a boldogs\u00e1gok le\u00edr\u00e1sakor \u2013 szembe\u00e1ll\u00edtja a f\u00f6ldi \u00e9letet a mennyei \u00e9lettel. Boldognak mondja azokat, akik nagyra \u00e9rt\u00e9kelik Isten orsz\u00e1g\u00e1nak a javait, viszont jajt ki\u00e1lt azokra, akiknek minden t\u00f6rekv\u00e9se az evil\u00e1gi javak megszerz\u00e9s\u00e9re ir\u00e1nyul. AZ EUCHARISZTI\u00c1HOZ Isten mindenkit sz\u00edvesen l\u00e1t vend\u00e9g\u00fcl az asztal\u00e1n\u00e1l. Egyesek azonban kit\u00e9rnek a mgh\u00edv\u00e1s el\u0151l, mondva: nincs idej\u00fck erre. Mi sohase tartozzunk k\u00f6z\u00e9j\u00fck! \u00c1LDOZ\u00c1SI \u00c9NEK\u00a0\u00a0\u00a0\u00a0\u00a0\u00a0\u00a0\u00a0\u00a0\u00a0\u00a0\u00a0\u00a0\u00a0\u00a0\u00a0\u00a0\u00a0\u00a0\u00a0 \u00a0\u00a0\u00a0\u00a0\u00a0\u00a0\u00a0\u00a0\u00a0\u00a0\u00a0\u00a0\u00a0\u00a0\u00a0\u00a0\u00a0\u00a0\u00a0\u00a0Zsolt 77, 29\u201330 \u00a0 Ettek \u00e9s j\u00f3llaktak b\u0151s\u00e9gesen. K\u00edv\u00e1ns\u00e1gukat bet\u00f6lt\u00f6tte az \u00dar, \u00e9s nem csalatkoztak v\u00e1gyaikban. Vagy: \u00dagy szerette Isten a vil\u00e1got, hogy egysz\u00fcl\u00f6tt Fi\u00e1t adta oda, hogy aki hisz benne, az el ne vesszen, hanem \u00f6r\u00f6kk\u00e9&#8230; <\/p>\n<p><a class=\"readmore\" href=\"https:\/\/stuttgarti-katolikusok.de\/index.php\/evkozi-6-vasarnap\/\">R\u00e9szletek<\/a><\/p>\n","protected":false},"author":3,"featured_media":16191,"comment_status":"closed","ping_status":"closed","sticky":false,"template":"","format":"standard","meta":{"footnotes":""},"categories":[63],"tags":[],"class_list":["post-16190","post","type-post","status-publish","format-standard","has-post-thumbnail","hentry","category-vasarnapi-gondolatok"],"yoast_head":"<!-- This site is optimized with the Yoast SEO plugin v27.3 - https:\/\/yoast.com\/product\/yoast-seo-wordpress\/ -->\n<title>\u00c9vk\u00f6zi 6. vas\u00e1rnap - Stuttgarti Katolikusok<\/title>\n<meta name=\"robots\" content=\"index, follow, max-snippet:-1, max-image-preview:large, max-video-preview:-1\" \/>\n<link rel=\"canonical\" href=\"https:\/\/stuttgarti-katolikusok.de\/index.php\/evkozi-6-vasarnap\/\" \/>\n<meta property=\"og:locale\" content=\"hu_HU\" \/>\n<meta property=\"og:type\" content=\"article\" \/>\n<meta property=\"og:title\" content=\"\u00c9vk\u00f6zi 6. vas\u00e1rnap - Stuttgarti Katolikusok\" \/>\n<meta property=\"og:description\" content=\"2019. FEBRU\u00c1R 17. \u00c9VK\u00d6ZI 6. VAS\u00c1RNAP Minden ember boldogs\u00e1gra v\u00e1gyik. Mi az, ami embert boldogg\u00e1 tehetne? \u2013 k\u00e9rdezi a k\u00f6lt\u0151. A v\u00e1lasza pedig ez: \u201eKincs, h\u00edr, gy\u00f6ny\u00f6r, legyen b\u00e1r mint \u00f6z\u00f6n, a telhetetlen elmer\u00fclhet benne, s nem fogja tudni, hogy van sz\u00edv-\u00f6r\u00f6m\u201d (V\u00f6r\u00f6smarty Mih\u00e1ly). A boldogs\u00e1g ugyanis maga az Isten. Ez\u00e9rt nyugtalan a mi sz\u00edv\u00fcnk, am\u00edg meg nem tal\u00e1ljuk benne boldogs\u00e1gunkat (Szent \u00c1goston). KEZD\u0150\u00c9NEK\u00a0\u00a0 \u00a0\u00a0\u00a0\u00a0\u00a0\u00a0\u00a0\u00a0\u00a0\u00a0\u00a0\u00a0\u00a0\u00a0\u00a0\u00a0\u00a0\u00a0\u00a0\u00a0\u00a0\u00a0\u00a0\u00a0\u00a0\u00a0\u00a0\u00a0\u00a0\u00a0\u00a0\u00a0\u00a0\u00a0\u00a0\u00a0\u00a0\u00a0\u00a0\u00a0\u00a0\u00a0\u00a0\u00a0\u00a0\u00a0Zsolt 30, 3\u20134 Te l\u00e9gy oltalmaz\u00f3 k\u0151szikl\u00e1m \u00e9s meger\u0151s\u00edtett h\u00e1zam, hogy megszabad\u00edts engem! Er\u0151ss\u00e9gem \u00e9s mened\u00e9kem val\u00f3ban te vagy, neved miatt vezess \u00e9s ir\u00e1ny\u00edts engem! OLVASM\u00c1NY\u00a0\u00a0\u00a0\u00a0\u00a0\u00a0\u00a0\u00a0\u00a0\u00a0\u00a0\u00a0\u00a0\u00a0\u00a0\u00a0\u00a0\u00a0\u00a0\u00a0\u00a0\u00a0\u00a0\u00a0\u00a0\u00a0\u00a0\u00a0\u00a0\u00a0\u00a0\u00a0\u00a0\u00a0\u00a0\u00a0\u00a0\u00a0\u00a0\u00a0 \u00a0\u00a0\u00a0\u00a0\u00a0\u00a0\u00a0\u00a0\u00a0\u00a0\u00a0\u00a0\u00a0\u00a0\u00a0\u00a0\u00a0Jer 17, 5\u20138 Jeremi\u00e1s pr\u00f3f\u00e9ta szem\u00e9re veti az orsz\u00e1g kir\u00e1ly\u00e1nak \u00e9s n\u00e9p\u00e9nek, hogy az vesz\u00e9ly idej\u00e9n Isten helyett emberekben b\u00edzakodtak. Aki ugyanis az emberekben b\u00edzik, csalatkozik, Isten viszony h\u0171s\u00e9ges: h\u00edv\u0151 n\u00e9pe mell\u00e9 \u00e1ll minden megpr\u00f3b\u00e1ltat\u00e1s\u00e1ban. V\u00c1LASZOS ZSOLT\u00c1R \u00a0\u00a0\u00a0\u00a0\u00a0\u00a0\u00a0\u00a0\u00a0\u00a0\u00a0\u00a0\u00a0\u00a0\u00a0\u00a0\u00a0\u00a0\u00a0\u00a0\u00a0\u00a0\u00a0\u00a0\u00a0\u00a0\u00a0\u00a0\u00a0\u00a0\u00a0\u00a0\u00a0\u00a0\u00a0\u00a0\u00a0\u00a0\u00a0\u00a01. Zsolt\u00e1r V\u00e1lasz: Boldog az az ember, * aki az \u00darban b\u00edzik.\u00a0\u00a0\u00a0\u00a0\u00a0\u00a0\u00a0\u00a0\u00a0 SZENTLECKE \u00a0\u00a0\u00a0\u00a0\u00a0\u00a0\u00a0\u00a0\u00a0\u00a0\u00a0\u00a0\u00a0\u00a0\u00a0\u00a0\u00a0\u00a0\u00a0\u00a0\u00a0\u00a0\u00a0\u00a0\u00a0\u00a0\u00a0\u00a0\u00a0\u00a0\u00a0\u00a0\u00a0\u00a0\u00a0\u00a0\u00a01 Kor 15, 12. 16\u201320 Az \u00f6r\u00f6k \u00e9letbe vetett\u00a0 hit felt\u00e9telezi a felt\u00e1mad\u00e1sr\u00f3l sz\u00f3l\u00f3 tan\u00edt\u00e1s elfogad\u00e1s\u00e1t, a mi felt\u00e1mad\u00e1sunk z\u00e1loga viszont J\u00e9zus Krisztus felt\u00e1mad\u00e1sa. A felt\u00e1mad\u00e1s az eg\u00e9sz emberi szem\u00e9ly megdics\u0151\u00fcl\u00e9se: hazatal\u00e1l\u00e1s \u00e9s az \u00e9rdemek jutalma. ALLELUJA\u00a0\u00a0\u00a0\u00a0\u00a0\u00a0\u00a0\u00a0\u00a0\u00a0\u00a0\u00a0\u00a0\u00a0\u00a0\u00a0\u00a0\u00a0\u00a0\u00a0\u00a0\u00a0\u00a0\u00a0\u00a0\u00a0\u00a0\u00a0\u00a0\u00a0\u00a0\u00a0\u00a0\u00a0\u00a0\u00a0\u00a0\u00a0\u00a0\u00a0\u00a0\u00a0\u00a0\u00a0\u00a0\u00a0\u00a0\u00a0\u00a0\u00a0\u00a0\u00a0\u00a0\u00a0\u00a0 \u00a0\u00a0\u00a0\u00a0\u00a0\u00a0\u00a0\u00a0\u00a0\u00a0Lk 6, 23ab \u00d6r\u00fcljetek \u00e9s vigadjatok, mondja a mi Urunk, * mert nagy lesz a mennyben jutalmatok. EVANG\u00c9LIUM \u00a0\u00a0\u00a0\u00a0\u00a0\u00a0\u00a0\u00a0\u00a0\u00a0\u00a0\u00a0\u00a0\u00a0\u00a0\u00a0\u00a0\u00a0\u00a0\u00a0\u00a0\u00a0\u00a0\u00a0\u00a0\u00a0\u00a0\u00a0\u00a0\u00a0\u00a0\u00a0\u00a0\u00a0\u00a0\u00a0\u00a0\u00a0\u00a0\u00a0\u00a0\u00a0Lk 6, 17. 20\u201326 Szent Luk\u00e1cs a mai evang\u00e9liumban \u2013 a boldogs\u00e1gok le\u00edr\u00e1sakor \u2013 szembe\u00e1ll\u00edtja a f\u00f6ldi \u00e9letet a mennyei \u00e9lettel. Boldognak mondja azokat, akik nagyra \u00e9rt\u00e9kelik Isten orsz\u00e1g\u00e1nak a javait, viszont jajt ki\u00e1lt azokra, akiknek minden t\u00f6rekv\u00e9se az evil\u00e1gi javak megszerz\u00e9s\u00e9re ir\u00e1nyul. AZ EUCHARISZTI\u00c1HOZ Isten mindenkit sz\u00edvesen l\u00e1t vend\u00e9g\u00fcl az asztal\u00e1n\u00e1l. Egyesek azonban kit\u00e9rnek a mgh\u00edv\u00e1s el\u0151l, mondva: nincs idej\u00fck erre. Mi sohase tartozzunk k\u00f6z\u00e9j\u00fck! \u00c1LDOZ\u00c1SI \u00c9NEK\u00a0\u00a0\u00a0\u00a0\u00a0\u00a0\u00a0\u00a0\u00a0\u00a0\u00a0\u00a0\u00a0\u00a0\u00a0\u00a0\u00a0\u00a0\u00a0\u00a0 \u00a0\u00a0\u00a0\u00a0\u00a0\u00a0\u00a0\u00a0\u00a0\u00a0\u00a0\u00a0\u00a0\u00a0\u00a0\u00a0\u00a0\u00a0\u00a0\u00a0Zsolt 77, 29\u201330 \u00a0 Ettek \u00e9s j\u00f3llaktak b\u0151s\u00e9gesen. K\u00edv\u00e1ns\u00e1gukat bet\u00f6lt\u00f6tte az \u00dar, \u00e9s nem csalatkoztak v\u00e1gyaikban. Vagy: \u00dagy szerette Isten a vil\u00e1got, hogy egysz\u00fcl\u00f6tt Fi\u00e1t adta oda, hogy aki hisz benne, az el ne vesszen, hanem \u00f6r\u00f6kk\u00e9... R\u00e9szletek\" \/>\n<meta property=\"og:url\" content=\"https:\/\/stuttgarti-katolikusok.de\/index.php\/evkozi-6-vasarnap\/\" \/>\n<meta property=\"og:site_name\" content=\"Stuttgarti Katolikusok\" \/>\n<meta property=\"article:published_time\" content=\"2019-02-18T06:12:45+00:00\" \/>\n<meta property=\"article:modified_time\" content=\"2019-02-18T10:46:42+00:00\" \/>\n<meta property=\"og:image\" content=\"https:\/\/stuttgarti-katolikusok.de\/wp-content\/uploads\/2019\/02\/nek-logo_transp_szines-1.png\" \/>\n\t<meta property=\"og:image:width\" content=\"812\" \/>\n\t<meta property=\"og:image:height\" content=\"643\" \/>\n\t<meta property=\"og:image:type\" content=\"image\/png\" \/>\n<meta name=\"author\" content=\"Tibor atya\" \/>\n<meta name=\"twitter:card\" content=\"summary_large_image\" \/>\n<meta name=\"twitter:label1\" content=\"Szerz\u0151:\" \/>\n\t<meta name=\"twitter:data1\" content=\"Tibor atya\" \/>\n\t<meta name=\"twitter:label2\" content=\"Becs\u00fclt olvas\u00e1si id\u0151\" \/>\n\t<meta name=\"twitter:data2\" content=\"11 perc\" \/>\n<script type=\"application\/ld+json\" class=\"yoast-schema-graph\">{\"@context\":\"https:\\\/\\\/schema.org\",\"@graph\":[{\"@type\":\"Article\",\"@id\":\"https:\\\/\\\/stuttgarti-katolikusok.de\\\/index.php\\\/evkozi-6-vasarnap\\\/#article\",\"isPartOf\":{\"@id\":\"https:\\\/\\\/stuttgarti-katolikusok.de\\\/index.php\\\/evkozi-6-vasarnap\\\/\"},\"author\":{\"name\":\"Tibor atya\",\"@id\":\"https:\\\/\\\/stuttgarti-katolikusok.de\\\/#\\\/schema\\\/person\\\/75908d6f8fdc03a57889d27209df7795\"},\"headline\":\"\u00c9vk\u00f6zi 6. vas\u00e1rnap\",\"datePublished\":\"2019-02-18T06:12:45+00:00\",\"dateModified\":\"2019-02-18T10:46:42+00:00\",\"mainEntityOfPage\":{\"@id\":\"https:\\\/\\\/stuttgarti-katolikusok.de\\\/index.php\\\/evkozi-6-vasarnap\\\/\"},\"wordCount\":2104,\"image\":{\"@id\":\"https:\\\/\\\/stuttgarti-katolikusok.de\\\/index.php\\\/evkozi-6-vasarnap\\\/#primaryimage\"},\"thumbnailUrl\":\"https:\\\/\\\/stuttgarti-katolikusok.de\\\/wp-content\\\/uploads\\\/2019\\\/02\\\/nek-logo_transp_szines-1.png\",\"articleSection\":[\"Vas\u00e1rnapi gondolatok\"],\"inLanguage\":\"hu\"},{\"@type\":\"WebPage\",\"@id\":\"https:\\\/\\\/stuttgarti-katolikusok.de\\\/index.php\\\/evkozi-6-vasarnap\\\/\",\"url\":\"https:\\\/\\\/stuttgarti-katolikusok.de\\\/index.php\\\/evkozi-6-vasarnap\\\/\",\"name\":\"\u00c9vk\u00f6zi 6. vas\u00e1rnap - Stuttgarti Katolikusok\",\"isPartOf\":{\"@id\":\"https:\\\/\\\/stuttgarti-katolikusok.de\\\/#website\"},\"primaryImageOfPage\":{\"@id\":\"https:\\\/\\\/stuttgarti-katolikusok.de\\\/index.php\\\/evkozi-6-vasarnap\\\/#primaryimage\"},\"image\":{\"@id\":\"https:\\\/\\\/stuttgarti-katolikusok.de\\\/index.php\\\/evkozi-6-vasarnap\\\/#primaryimage\"},\"thumbnailUrl\":\"https:\\\/\\\/stuttgarti-katolikusok.de\\\/wp-content\\\/uploads\\\/2019\\\/02\\\/nek-logo_transp_szines-1.png\",\"datePublished\":\"2019-02-18T06:12:45+00:00\",\"dateModified\":\"2019-02-18T10:46:42+00:00\",\"author\":{\"@id\":\"https:\\\/\\\/stuttgarti-katolikusok.de\\\/#\\\/schema\\\/person\\\/75908d6f8fdc03a57889d27209df7795\"},\"breadcrumb\":{\"@id\":\"https:\\\/\\\/stuttgarti-katolikusok.de\\\/index.php\\\/evkozi-6-vasarnap\\\/#breadcrumb\"},\"inLanguage\":\"hu\",\"potentialAction\":[{\"@type\":\"ReadAction\",\"target\":[\"https:\\\/\\\/stuttgarti-katolikusok.de\\\/index.php\\\/evkozi-6-vasarnap\\\/\"]}]},{\"@type\":\"ImageObject\",\"inLanguage\":\"hu\",\"@id\":\"https:\\\/\\\/stuttgarti-katolikusok.de\\\/index.php\\\/evkozi-6-vasarnap\\\/#primaryimage\",\"url\":\"https:\\\/\\\/stuttgarti-katolikusok.de\\\/wp-content\\\/uploads\\\/2019\\\/02\\\/nek-logo_transp_szines-1.png\",\"contentUrl\":\"https:\\\/\\\/stuttgarti-katolikusok.de\\\/wp-content\\\/uploads\\\/2019\\\/02\\\/nek-logo_transp_szines-1.png\",\"width\":812,\"height\":643},{\"@type\":\"BreadcrumbList\",\"@id\":\"https:\\\/\\\/stuttgarti-katolikusok.de\\\/index.php\\\/evkozi-6-vasarnap\\\/#breadcrumb\",\"itemListElement\":[{\"@type\":\"ListItem\",\"position\":1,\"name\":\"Kezd\u0151lap\",\"item\":\"https:\\\/\\\/stuttgarti-katolikusok.de\\\/\"},{\"@type\":\"ListItem\",\"position\":2,\"name\":\"\u00c9vk\u00f6zi 6. vas\u00e1rnap\"}]},{\"@type\":\"WebSite\",\"@id\":\"https:\\\/\\\/stuttgarti-katolikusok.de\\\/#website\",\"url\":\"https:\\\/\\\/stuttgarti-katolikusok.de\\\/\",\"name\":\"Stuttgarti Katolikusok\",\"description\":\"\",\"potentialAction\":[{\"@type\":\"SearchAction\",\"target\":{\"@type\":\"EntryPoint\",\"urlTemplate\":\"https:\\\/\\\/stuttgarti-katolikusok.de\\\/?s={search_term_string}\"},\"query-input\":{\"@type\":\"PropertyValueSpecification\",\"valueRequired\":true,\"valueName\":\"search_term_string\"}}],\"inLanguage\":\"hu\"},{\"@type\":\"Person\",\"@id\":\"https:\\\/\\\/stuttgarti-katolikusok.de\\\/#\\\/schema\\\/person\\\/75908d6f8fdc03a57889d27209df7795\",\"name\":\"Tibor atya\",\"image\":{\"@type\":\"ImageObject\",\"inLanguage\":\"hu\",\"@id\":\"https:\\\/\\\/secure.gravatar.com\\\/avatar\\\/61d268e57d1f4525b111222e29d2d5a7f8c420fdbf231ba5566a8ceac74fa960?s=96&d=mm&r=g\",\"url\":\"https:\\\/\\\/secure.gravatar.com\\\/avatar\\\/61d268e57d1f4525b111222e29d2d5a7f8c420fdbf231ba5566a8ceac74fa960?s=96&d=mm&r=g\",\"contentUrl\":\"https:\\\/\\\/secure.gravatar.com\\\/avatar\\\/61d268e57d1f4525b111222e29d2d5a7f8c420fdbf231ba5566a8ceac74fa960?s=96&d=mm&r=g\",\"caption\":\"Tibor atya\"},\"url\":\"https:\\\/\\\/stuttgarti-katolikusok.de\\\/index.php\\\/author\\\/tibor-atya\\\/\"}]}<\/script>\n<!-- \/ Yoast SEO plugin. -->","yoast_head_json":{"title":"\u00c9vk\u00f6zi 6. vas\u00e1rnap - Stuttgarti Katolikusok","robots":{"index":"index","follow":"follow","max-snippet":"max-snippet:-1","max-image-preview":"max-image-preview:large","max-video-preview":"max-video-preview:-1"},"canonical":"https:\/\/stuttgarti-katolikusok.de\/index.php\/evkozi-6-vasarnap\/","og_locale":"hu_HU","og_type":"article","og_title":"\u00c9vk\u00f6zi 6. vas\u00e1rnap - Stuttgarti Katolikusok","og_description":"2019. FEBRU\u00c1R 17. \u00c9VK\u00d6ZI 6. VAS\u00c1RNAP Minden ember boldogs\u00e1gra v\u00e1gyik. Mi az, ami embert boldogg\u00e1 tehetne? \u2013 k\u00e9rdezi a k\u00f6lt\u0151. A v\u00e1lasza pedig ez: \u201eKincs, h\u00edr, gy\u00f6ny\u00f6r, legyen b\u00e1r mint \u00f6z\u00f6n, a telhetetlen elmer\u00fclhet benne, s nem fogja tudni, hogy van sz\u00edv-\u00f6r\u00f6m\u201d (V\u00f6r\u00f6smarty Mih\u00e1ly). A boldogs\u00e1g ugyanis maga az Isten. Ez\u00e9rt nyugtalan a mi sz\u00edv\u00fcnk, am\u00edg meg nem tal\u00e1ljuk benne boldogs\u00e1gunkat (Szent \u00c1goston). KEZD\u0150\u00c9NEK\u00a0\u00a0 \u00a0\u00a0\u00a0\u00a0\u00a0\u00a0\u00a0\u00a0\u00a0\u00a0\u00a0\u00a0\u00a0\u00a0\u00a0\u00a0\u00a0\u00a0\u00a0\u00a0\u00a0\u00a0\u00a0\u00a0\u00a0\u00a0\u00a0\u00a0\u00a0\u00a0\u00a0\u00a0\u00a0\u00a0\u00a0\u00a0\u00a0\u00a0\u00a0\u00a0\u00a0\u00a0\u00a0\u00a0\u00a0\u00a0Zsolt 30, 3\u20134 Te l\u00e9gy oltalmaz\u00f3 k\u0151szikl\u00e1m \u00e9s meger\u0151s\u00edtett h\u00e1zam, hogy megszabad\u00edts engem! Er\u0151ss\u00e9gem \u00e9s mened\u00e9kem val\u00f3ban te vagy, neved miatt vezess \u00e9s ir\u00e1ny\u00edts engem! OLVASM\u00c1NY\u00a0\u00a0\u00a0\u00a0\u00a0\u00a0\u00a0\u00a0\u00a0\u00a0\u00a0\u00a0\u00a0\u00a0\u00a0\u00a0\u00a0\u00a0\u00a0\u00a0\u00a0\u00a0\u00a0\u00a0\u00a0\u00a0\u00a0\u00a0\u00a0\u00a0\u00a0\u00a0\u00a0\u00a0\u00a0\u00a0\u00a0\u00a0\u00a0\u00a0 \u00a0\u00a0\u00a0\u00a0\u00a0\u00a0\u00a0\u00a0\u00a0\u00a0\u00a0\u00a0\u00a0\u00a0\u00a0\u00a0\u00a0Jer 17, 5\u20138 Jeremi\u00e1s pr\u00f3f\u00e9ta szem\u00e9re veti az orsz\u00e1g kir\u00e1ly\u00e1nak \u00e9s n\u00e9p\u00e9nek, hogy az vesz\u00e9ly idej\u00e9n Isten helyett emberekben b\u00edzakodtak. Aki ugyanis az emberekben b\u00edzik, csalatkozik, Isten viszony h\u0171s\u00e9ges: h\u00edv\u0151 n\u00e9pe mell\u00e9 \u00e1ll minden megpr\u00f3b\u00e1ltat\u00e1s\u00e1ban. V\u00c1LASZOS ZSOLT\u00c1R \u00a0\u00a0\u00a0\u00a0\u00a0\u00a0\u00a0\u00a0\u00a0\u00a0\u00a0\u00a0\u00a0\u00a0\u00a0\u00a0\u00a0\u00a0\u00a0\u00a0\u00a0\u00a0\u00a0\u00a0\u00a0\u00a0\u00a0\u00a0\u00a0\u00a0\u00a0\u00a0\u00a0\u00a0\u00a0\u00a0\u00a0\u00a0\u00a0\u00a01. Zsolt\u00e1r V\u00e1lasz: Boldog az az ember, * aki az \u00darban b\u00edzik.\u00a0\u00a0\u00a0\u00a0\u00a0\u00a0\u00a0\u00a0\u00a0 SZENTLECKE \u00a0\u00a0\u00a0\u00a0\u00a0\u00a0\u00a0\u00a0\u00a0\u00a0\u00a0\u00a0\u00a0\u00a0\u00a0\u00a0\u00a0\u00a0\u00a0\u00a0\u00a0\u00a0\u00a0\u00a0\u00a0\u00a0\u00a0\u00a0\u00a0\u00a0\u00a0\u00a0\u00a0\u00a0\u00a0\u00a0\u00a01 Kor 15, 12. 16\u201320 Az \u00f6r\u00f6k \u00e9letbe vetett\u00a0 hit felt\u00e9telezi a felt\u00e1mad\u00e1sr\u00f3l sz\u00f3l\u00f3 tan\u00edt\u00e1s elfogad\u00e1s\u00e1t, a mi felt\u00e1mad\u00e1sunk z\u00e1loga viszont J\u00e9zus Krisztus felt\u00e1mad\u00e1sa. A felt\u00e1mad\u00e1s az eg\u00e9sz emberi szem\u00e9ly megdics\u0151\u00fcl\u00e9se: hazatal\u00e1l\u00e1s \u00e9s az \u00e9rdemek jutalma. ALLELUJA\u00a0\u00a0\u00a0\u00a0\u00a0\u00a0\u00a0\u00a0\u00a0\u00a0\u00a0\u00a0\u00a0\u00a0\u00a0\u00a0\u00a0\u00a0\u00a0\u00a0\u00a0\u00a0\u00a0\u00a0\u00a0\u00a0\u00a0\u00a0\u00a0\u00a0\u00a0\u00a0\u00a0\u00a0\u00a0\u00a0\u00a0\u00a0\u00a0\u00a0\u00a0\u00a0\u00a0\u00a0\u00a0\u00a0\u00a0\u00a0\u00a0\u00a0\u00a0\u00a0\u00a0\u00a0\u00a0 \u00a0\u00a0\u00a0\u00a0\u00a0\u00a0\u00a0\u00a0\u00a0\u00a0Lk 6, 23ab \u00d6r\u00fcljetek \u00e9s vigadjatok, mondja a mi Urunk, * mert nagy lesz a mennyben jutalmatok. EVANG\u00c9LIUM \u00a0\u00a0\u00a0\u00a0\u00a0\u00a0\u00a0\u00a0\u00a0\u00a0\u00a0\u00a0\u00a0\u00a0\u00a0\u00a0\u00a0\u00a0\u00a0\u00a0\u00a0\u00a0\u00a0\u00a0\u00a0\u00a0\u00a0\u00a0\u00a0\u00a0\u00a0\u00a0\u00a0\u00a0\u00a0\u00a0\u00a0\u00a0\u00a0\u00a0\u00a0\u00a0Lk 6, 17. 20\u201326 Szent Luk\u00e1cs a mai evang\u00e9liumban \u2013 a boldogs\u00e1gok le\u00edr\u00e1sakor \u2013 szembe\u00e1ll\u00edtja a f\u00f6ldi \u00e9letet a mennyei \u00e9lettel. Boldognak mondja azokat, akik nagyra \u00e9rt\u00e9kelik Isten orsz\u00e1g\u00e1nak a javait, viszont jajt ki\u00e1lt azokra, akiknek minden t\u00f6rekv\u00e9se az evil\u00e1gi javak megszerz\u00e9s\u00e9re ir\u00e1nyul. AZ EUCHARISZTI\u00c1HOZ Isten mindenkit sz\u00edvesen l\u00e1t vend\u00e9g\u00fcl az asztal\u00e1n\u00e1l. Egyesek azonban kit\u00e9rnek a mgh\u00edv\u00e1s el\u0151l, mondva: nincs idej\u00fck erre. Mi sohase tartozzunk k\u00f6z\u00e9j\u00fck! \u00c1LDOZ\u00c1SI \u00c9NEK\u00a0\u00a0\u00a0\u00a0\u00a0\u00a0\u00a0\u00a0\u00a0\u00a0\u00a0\u00a0\u00a0\u00a0\u00a0\u00a0\u00a0\u00a0\u00a0\u00a0 \u00a0\u00a0\u00a0\u00a0\u00a0\u00a0\u00a0\u00a0\u00a0\u00a0\u00a0\u00a0\u00a0\u00a0\u00a0\u00a0\u00a0\u00a0\u00a0\u00a0Zsolt 77, 29\u201330 \u00a0 Ettek \u00e9s j\u00f3llaktak b\u0151s\u00e9gesen. K\u00edv\u00e1ns\u00e1gukat bet\u00f6lt\u00f6tte az \u00dar, \u00e9s nem csalatkoztak v\u00e1gyaikban. Vagy: \u00dagy szerette Isten a vil\u00e1got, hogy egysz\u00fcl\u00f6tt Fi\u00e1t adta oda, hogy aki hisz benne, az el ne vesszen, hanem \u00f6r\u00f6kk\u00e9... R\u00e9szletek","og_url":"https:\/\/stuttgarti-katolikusok.de\/index.php\/evkozi-6-vasarnap\/","og_site_name":"Stuttgarti Katolikusok","article_published_time":"2019-02-18T06:12:45+00:00","article_modified_time":"2019-02-18T10:46:42+00:00","og_image":[{"width":812,"height":643,"url":"https:\/\/stuttgarti-katolikusok.de\/wp-content\/uploads\/2019\/02\/nek-logo_transp_szines-1.png","type":"image\/png"}],"author":"Tibor atya","twitter_card":"summary_large_image","twitter_misc":{"Szerz\u0151:":"Tibor atya","Becs\u00fclt olvas\u00e1si id\u0151":"11 perc"},"schema":{"@context":"https:\/\/schema.org","@graph":[{"@type":"Article","@id":"https:\/\/stuttgarti-katolikusok.de\/index.php\/evkozi-6-vasarnap\/#article","isPartOf":{"@id":"https:\/\/stuttgarti-katolikusok.de\/index.php\/evkozi-6-vasarnap\/"},"author":{"name":"Tibor atya","@id":"https:\/\/stuttgarti-katolikusok.de\/#\/schema\/person\/75908d6f8fdc03a57889d27209df7795"},"headline":"\u00c9vk\u00f6zi 6. vas\u00e1rnap","datePublished":"2019-02-18T06:12:45+00:00","dateModified":"2019-02-18T10:46:42+00:00","mainEntityOfPage":{"@id":"https:\/\/stuttgarti-katolikusok.de\/index.php\/evkozi-6-vasarnap\/"},"wordCount":2104,"image":{"@id":"https:\/\/stuttgarti-katolikusok.de\/index.php\/evkozi-6-vasarnap\/#primaryimage"},"thumbnailUrl":"https:\/\/stuttgarti-katolikusok.de\/wp-content\/uploads\/2019\/02\/nek-logo_transp_szines-1.png","articleSection":["Vas\u00e1rnapi gondolatok"],"inLanguage":"hu"},{"@type":"WebPage","@id":"https:\/\/stuttgarti-katolikusok.de\/index.php\/evkozi-6-vasarnap\/","url":"https:\/\/stuttgarti-katolikusok.de\/index.php\/evkozi-6-vasarnap\/","name":"\u00c9vk\u00f6zi 6. vas\u00e1rnap - Stuttgarti Katolikusok","isPartOf":{"@id":"https:\/\/stuttgarti-katolikusok.de\/#website"},"primaryImageOfPage":{"@id":"https:\/\/stuttgarti-katolikusok.de\/index.php\/evkozi-6-vasarnap\/#primaryimage"},"image":{"@id":"https:\/\/stuttgarti-katolikusok.de\/index.php\/evkozi-6-vasarnap\/#primaryimage"},"thumbnailUrl":"https:\/\/stuttgarti-katolikusok.de\/wp-content\/uploads\/2019\/02\/nek-logo_transp_szines-1.png","datePublished":"2019-02-18T06:12:45+00:00","dateModified":"2019-02-18T10:46:42+00:00","author":{"@id":"https:\/\/stuttgarti-katolikusok.de\/#\/schema\/person\/75908d6f8fdc03a57889d27209df7795"},"breadcrumb":{"@id":"https:\/\/stuttgarti-katolikusok.de\/index.php\/evkozi-6-vasarnap\/#breadcrumb"},"inLanguage":"hu","potentialAction":[{"@type":"ReadAction","target":["https:\/\/stuttgarti-katolikusok.de\/index.php\/evkozi-6-vasarnap\/"]}]},{"@type":"ImageObject","inLanguage":"hu","@id":"https:\/\/stuttgarti-katolikusok.de\/index.php\/evkozi-6-vasarnap\/#primaryimage","url":"https:\/\/stuttgarti-katolikusok.de\/wp-content\/uploads\/2019\/02\/nek-logo_transp_szines-1.png","contentUrl":"https:\/\/stuttgarti-katolikusok.de\/wp-content\/uploads\/2019\/02\/nek-logo_transp_szines-1.png","width":812,"height":643},{"@type":"BreadcrumbList","@id":"https:\/\/stuttgarti-katolikusok.de\/index.php\/evkozi-6-vasarnap\/#breadcrumb","itemListElement":[{"@type":"ListItem","position":1,"name":"Kezd\u0151lap","item":"https:\/\/stuttgarti-katolikusok.de\/"},{"@type":"ListItem","position":2,"name":"\u00c9vk\u00f6zi 6. vas\u00e1rnap"}]},{"@type":"WebSite","@id":"https:\/\/stuttgarti-katolikusok.de\/#website","url":"https:\/\/stuttgarti-katolikusok.de\/","name":"Stuttgarti Katolikusok","description":"","potentialAction":[{"@type":"SearchAction","target":{"@type":"EntryPoint","urlTemplate":"https:\/\/stuttgarti-katolikusok.de\/?s={search_term_string}"},"query-input":{"@type":"PropertyValueSpecification","valueRequired":true,"valueName":"search_term_string"}}],"inLanguage":"hu"},{"@type":"Person","@id":"https:\/\/stuttgarti-katolikusok.de\/#\/schema\/person\/75908d6f8fdc03a57889d27209df7795","name":"Tibor atya","image":{"@type":"ImageObject","inLanguage":"hu","@id":"https:\/\/secure.gravatar.com\/avatar\/61d268e57d1f4525b111222e29d2d5a7f8c420fdbf231ba5566a8ceac74fa960?s=96&d=mm&r=g","url":"https:\/\/secure.gravatar.com\/avatar\/61d268e57d1f4525b111222e29d2d5a7f8c420fdbf231ba5566a8ceac74fa960?s=96&d=mm&r=g","contentUrl":"https:\/\/secure.gravatar.com\/avatar\/61d268e57d1f4525b111222e29d2d5a7f8c420fdbf231ba5566a8ceac74fa960?s=96&d=mm&r=g","caption":"Tibor atya"},"url":"https:\/\/stuttgarti-katolikusok.de\/index.php\/author\/tibor-atya\/"}]}},"_links":{"self":[{"href":"https:\/\/stuttgarti-katolikusok.de\/index.php\/wp-json\/wp\/v2\/posts\/16190","targetHints":{"allow":["GET"]}}],"collection":[{"href":"https:\/\/stuttgarti-katolikusok.de\/index.php\/wp-json\/wp\/v2\/posts"}],"about":[{"href":"https:\/\/stuttgarti-katolikusok.de\/index.php\/wp-json\/wp\/v2\/types\/post"}],"author":[{"embeddable":true,"href":"https:\/\/stuttgarti-katolikusok.de\/index.php\/wp-json\/wp\/v2\/users\/3"}],"replies":[{"embeddable":true,"href":"https:\/\/stuttgarti-katolikusok.de\/index.php\/wp-json\/wp\/v2\/comments?post=16190"}],"version-history":[{"count":3,"href":"https:\/\/stuttgarti-katolikusok.de\/index.php\/wp-json\/wp\/v2\/posts\/16190\/revisions"}],"predecessor-version":[{"id":16193,"href":"https:\/\/stuttgarti-katolikusok.de\/index.php\/wp-json\/wp\/v2\/posts\/16190\/revisions\/16193"}],"wp:featuredmedia":[{"embeddable":true,"href":"https:\/\/stuttgarti-katolikusok.de\/index.php\/wp-json\/wp\/v2\/media\/16191"}],"wp:attachment":[{"href":"https:\/\/stuttgarti-katolikusok.de\/index.php\/wp-json\/wp\/v2\/media?parent=16190"}],"wp:term":[{"taxonomy":"category","embeddable":true,"href":"https:\/\/stuttgarti-katolikusok.de\/index.php\/wp-json\/wp\/v2\/categories?post=16190"},{"taxonomy":"post_tag","embeddable":true,"href":"https:\/\/stuttgarti-katolikusok.de\/index.php\/wp-json\/wp\/v2\/tags?post=16190"}],"curies":[{"name":"wp","href":"https:\/\/api.w.org\/{rel}","templated":true}]}}