{"id":16149,"date":"2019-02-06T14:48:14","date_gmt":"2019-02-06T14:48:14","guid":{"rendered":"https:\/\/gracious-dewdney.138-201-221-2.plesk.page\/?p=16149"},"modified":"2019-10-23T10:35:54","modified_gmt":"2019-10-23T10:35:54","slug":"nem-vagy-nincstelen","status":"publish","type":"post","link":"https:\/\/stuttgarti-katolikusok.de\/index.php\/nem-vagy-nincstelen\/","title":{"rendered":"Nem vagy nincstelen!"},"content":{"rendered":"<p><strong>Nem vagy nincstelen!<\/strong><\/p>\n<p>Amikor feles\u00e9ge megtudta, hogy gy\u00f3gy\u00edthatatlan izomsorvad\u00e1sa (MS) van, elhagyta. \u0150 akkor addig ivott egyfolyt\u00e1ban, am\u00edg h\u00e1rom h\u00f3nap ut\u00e1n meg nem \u00e9rkezett a tol\u00f3kocsija. Majd egy \u00e1ll\u00f3 h\u00e9tig n\u00e9zte, de nem tudott vele megbar\u00e1tkozni.\u00a0 V\u00e9g\u00fcl egy k\u00fcl\u00f6n\u00f6s \u00e9lm\u00e9ny emelte ki az \u00f6nsajn\u00e1lat k\u00e1tyuj\u00e1b\u00f3l: tal\u00e1lkozott egy n\u00e1la szerencs\u00e9tlenebbel, aki nem adta fel\u2026<\/p>\n<p>Ekkor elhat\u00e1rozta, hogy \u0151 is talpra \u00e1ll.\u00a0 Lelkileg. A tol\u00f3kocsija lett a <em>\u201elegszorosabb\u201c<\/em> bar\u00e1tja. Mivel l\u00e1bizmai egyre ink\u00e1bb elsorvadtak, kez\u00e9vel tanulta meg hajtani a kerekeit. Majd bel\u00e9pett a fogyat\u00e9kosak egyes\u00fclet\u00e9be. A k\u00fcl\u00f6nb\u00f6z\u0151 versenyeket egy id\u0151 ut\u00e1n\u00a0 majd mindig az els\u0151 helyen v\u00e9gezte&#8230;<\/p>\n<p>Amikor Stuttgartba \u00e9rkeztem s megismerkedtem vele, m\u00e1r t\u00fal volt a nehez\u00e9n. Minden reggel hatkor kel, elk\u00e9sz\u00edti mag\u00e1t \u00e9s 8 \u00f3rakor indul <em>\u201e\u00fatj\u00e1ra\u201c.<\/em> Mert \u00fatvonala van. Els\u0151 \u00e1llom\u00e1sa a k\u00e9t sarokkal od\u00e9bb nyit\u00f3 kenyeresbolt. Ott elbesz\u00e9lget a tulajjal, az alkalmazottakkal, megv\u00e1rja nyugd\u00edjas bar\u00e1tait, akikkel azt\u00e1n egy\u00fctt reggelizik. Majd a gy\u00f3gyszer\u00e9szt l\u00e1togatja meg. Vele is besz\u00e9lget. Onnan a <em>Supermarketbe<\/em> megy. Nem, nem v\u00e1s\u00e1rol semmit, hanem ott is vannak ismer\u0151sei, bar\u00e1tai, akikkel sz\u00f3t \u00e9s eszm\u00e9t v\u00e1lt, megh\u00e1nyja-veti a vil\u00e1g dolgait \u2013 \u00e9s k\u00f6zben minden\u00fctt viccel, adom\u00e1zik, harsog\u00f3an nevet. V\u00e9g\u00fcl 11 \u00f3ra k\u00f6r\u00fcl hazafel\u00e9 indul, hogy eb\u00e9det k\u00e9sz\u00edtsen mag\u00e1nak. Eb\u00e9d ut\u00e1n lepihen, majd k\u00e9s\u0151 d\u00e9lut\u00e1n ism\u00e9t v\u00e9gigj\u00e1rja ismer\u0151seit \u00e9s bar\u00e1tait. Minden nap!<\/p>\n<p>Tavaly h\u00e1zszentel\u00e9skor l\u00e1ttam, hogy nagyon szomor\u00fa. K\u00e9rd\u00e9semre elmondta, hogy ez\u00fattal egy r\u00e1kos daganatot fedeztek fel n\u00e1la. R\u00e9gi \u00edg\u00e9retemet, miszerint sz\u00edvesen bev\u00e1s\u00e1rlok vagy elviszem, ahova csak akarja, meg\u00faj\u00edtottam, majd azt mondtam neki: <em>\u201eIm\u00e1dkozom mag\u00e1\u00e9rt!\u201d<\/em> Megk\u00f6sz\u00f6nte. Akkor mondta el azt is, hogy gyermek- \u00e9s fiatalkor\u00e1ban gyakorl\u00f3 katolikus volt, s b\u00e1r a fiatal \u00e9let boh\u00f3s\u00e1gai messze vitt\u00e9k a templomt\u00f3l, ma is hisz az ima erej\u00e9ben!<\/p>\n<p>Oper\u00e1ci\u00f3ja nem \u00fagy siker\u00fclt, ahogyan rem\u00e9nykedt\u00fcnk benne&#8230; De nem t\u00f6rt le. Vagy legal\u00e1bbis nem mutatta&#8230; Tov\u00e1bb im\u00e1dkoztunk&#8230; Ketten&#8230; Minden nap&#8230;<\/p>\n<p>Miel\u0151tt \u00e9n is elsz\u00e1ntam volna magam egy neh\u00e9z m\u0171t\u00e9tre, \u00e9pp \u00f6sszefutottunk. Mivel ez\u00fattal is az \u0151 gondj\u00e1val voltunk elfoglalva, miszerint v\u00e1gjon-e neki az \u00faj oper\u00e1ci\u00f3nak vagy semmi \u00e9rtelme, eleinte nem akartam neki besz\u00e9lni az eny\u00e9mr\u0151l. De v\u00e9g\u00fcl is, hogy ne f\u00e9ljen \u00e9s ne adja fel, b\u00edzzon Istenben, mint \u00e9n is l\u00e1m, megteszem, elmondtam neki&#8230;<\/p>\n<p>Amikor Kar\u00e1csonykor r\u00e1mk\u00f6sz\u00f6nt, els\u0151 k\u00e9rd\u00e9se az volt: <em>\u201eNa, hogy siker\u00fclt?\u201d<\/em> Azt v\u00e1laszoltam neki: <em>\u201eIstennek h\u00e1la, minden jel arra vall, hogy j\u00f3l!\u201d<\/em><\/p>\n<p>Arc\u00e1ra ekkor \u0151szinte mosoly \u00fclt ki, \u00e9s bep\u00e1r\u00e1sodott szemekkel azt mondta nekem: <em>\u201eTudja,\u00a0 hogy egy h\u00e9tig minden nap gyerty\u00e1t gy\u00fajtottam mag\u00e1\u00e9rt?\u201d<\/em><\/p>\n<p>Megk\u00f6sz\u00f6ntem neki, \u00e9s k\u00f6zben azokra gondoltam, akik k\u00e9ts\u00e9gbeesnek s azt hajtogatj\u00e1k, hogy \u0151k a legszerencs\u00e9tlenebbek, mert kisebb vagy nagyobb betegs\u00e9g\u00fck van.<\/p>\n<p>Ez az \u00f6nsajn\u00e1lat azt\u00e1n olyan naggy\u00e1 dagad benn\u00fck, hogy csak magukra gondolnak \u00e9s azt hiszik: \u0151k a legelesettebbek, a legszeg\u00e9nyebbek, a legnincstelenebbek!<\/p>\n<p>Pedig, ha tudn\u00e1k, hogy nincs igazuk!<\/p>\n<p>Ugyanis, \u00e9s ezt tol\u00f3kocsis bar\u00e1tomt\u00f3l tanultam meg, senki sem olyan szeg\u00e9ny, hogy ne lenne valami, amit m\u00e1soknak ne aj\u00e1nd\u00e9kozhatna&#8230;<\/p>\n<p>Mondjuk egy ima&#8230;<\/p>\n<p>Vagy egy gyertya&#8230;<\/p>\n<p>Ezekb\u0151l Neked is van&#8230; Vagy, csakugyan ne lenne semmid?<\/p>\n<p><em>Szeretettel,<\/em><\/p>\n<p><em>Imre atya<\/em><\/p>\n<p><em>Stuttgart, 2019. febru\u00e1r 6.<\/em><\/p>\n","protected":false},"excerpt":{"rendered":"<p>Nem vagy nincstelen! Amikor feles\u00e9ge megtudta, hogy gy\u00f3gy\u00edthatatlan izomsorvad\u00e1sa (MS) van, elhagyta. \u0150 akkor addig ivott egyfolyt\u00e1ban, am\u00edg h\u00e1rom h\u00f3nap ut\u00e1n meg nem \u00e9rkezett a tol\u00f3kocsija. Majd egy \u00e1ll\u00f3 h\u00e9tig n\u00e9zte, de nem tudott vele megbar\u00e1tkozni.\u00a0 V\u00e9g\u00fcl egy k\u00fcl\u00f6n\u00f6s \u00e9lm\u00e9ny emelte ki az \u00f6nsajn\u00e1lat k\u00e1tyuj\u00e1b\u00f3l: tal\u00e1lkozott egy n\u00e1la szerencs\u00e9tlenebbel, aki nem adta fel\u2026 Ekkor elhat\u00e1rozta, hogy \u0151 is talpra \u00e1ll.\u00a0 Lelkileg. A tol\u00f3kocsija lett a \u201elegszorosabb\u201c bar\u00e1tja. Mivel l\u00e1bizmai egyre ink\u00e1bb elsorvadtak, kez\u00e9vel tanulta meg hajtani a kerekeit. Majd bel\u00e9pett a fogyat\u00e9kosak egyes\u00fclet\u00e9be. A k\u00fcl\u00f6nb\u00f6z\u0151 versenyeket egy id\u0151 ut\u00e1n\u00a0 majd mindig az els\u0151 helyen v\u00e9gezte&#8230; Amikor Stuttgartba \u00e9rkeztem s megismerkedtem vele, m\u00e1r t\u00fal volt a nehez\u00e9n. Minden reggel hatkor kel, elk\u00e9sz\u00edti mag\u00e1t \u00e9s 8 \u00f3rakor indul \u201e\u00fatj\u00e1ra\u201c. Mert \u00fatvonala van. Els\u0151 \u00e1llom\u00e1sa a k\u00e9t sarokkal od\u00e9bb nyit\u00f3 kenyeresbolt. Ott elbesz\u00e9lget a tulajjal, az alkalmazottakkal, megv\u00e1rja nyugd\u00edjas bar\u00e1tait, akikkel azt\u00e1n egy\u00fctt reggelizik. Majd a gy\u00f3gyszer\u00e9szt l\u00e1togatja meg. Vele is besz\u00e9lget. Onnan a Supermarketbe megy. Nem, nem v\u00e1s\u00e1rol semmit, hanem ott is vannak ismer\u0151sei, bar\u00e1tai, akikkel sz\u00f3t \u00e9s eszm\u00e9t v\u00e1lt, megh\u00e1nyja-veti a vil\u00e1g dolgait \u2013 \u00e9s k\u00f6zben minden\u00fctt viccel, adom\u00e1zik, harsog\u00f3an nevet. V\u00e9g\u00fcl 11 \u00f3ra k\u00f6r\u00fcl hazafel\u00e9 indul, hogy eb\u00e9det k\u00e9sz\u00edtsen mag\u00e1nak. Eb\u00e9d ut\u00e1n lepihen, majd k\u00e9s\u0151 d\u00e9lut\u00e1n ism\u00e9t v\u00e9gigj\u00e1rja ismer\u0151seit \u00e9s bar\u00e1tait. Minden nap! Tavaly h\u00e1zszentel\u00e9skor l\u00e1ttam, hogy nagyon szomor\u00fa. K\u00e9rd\u00e9semre elmondta, hogy ez\u00fattal egy r\u00e1kos daganatot fedeztek fel n\u00e1la. R\u00e9gi \u00edg\u00e9retemet, miszerint sz\u00edvesen bev\u00e1s\u00e1rlok vagy elviszem, ahova csak akarja, meg\u00faj\u00edtottam, majd azt mondtam neki: \u201eIm\u00e1dkozom mag\u00e1\u00e9rt!\u201d Megk\u00f6sz\u00f6nte. Akkor mondta el azt is, hogy gyermek- \u00e9s fiatalkor\u00e1ban gyakorl\u00f3 katolikus volt, s b\u00e1r a fiatal \u00e9let boh\u00f3s\u00e1gai messze vitt\u00e9k a templomt\u00f3l, ma is hisz az ima erej\u00e9ben! Oper\u00e1ci\u00f3ja nem \u00fagy siker\u00fclt, ahogyan rem\u00e9nykedt\u00fcnk benne&#8230; De nem t\u00f6rt le. Vagy legal\u00e1bbis nem mutatta&#8230; Tov\u00e1bb im\u00e1dkoztunk&#8230; Ketten&#8230; Minden nap&#8230; Miel\u0151tt \u00e9n is elsz\u00e1ntam volna magam egy neh\u00e9z m\u0171t\u00e9tre, \u00e9pp \u00f6sszefutottunk. Mivel ez\u00fattal is az&#8230; <\/p>\n<p><a class=\"readmore\" href=\"https:\/\/stuttgarti-katolikusok.de\/index.php\/nem-vagy-nincstelen\/\">R\u00e9szletek<\/a><\/p>\n","protected":false},"author":3,"featured_media":0,"comment_status":"closed","ping_status":"closed","sticky":false,"template":"","format":"standard","meta":{"footnotes":""},"categories":[24],"tags":[],"class_list":["post-16149","post","type-post","status-publish","format-standard","hentry","category-gondolatok"],"yoast_head":"<!-- This site is optimized with the Yoast SEO plugin v27.3 - https:\/\/yoast.com\/product\/yoast-seo-wordpress\/ -->\n<title>Nem vagy nincstelen! - Stuttgarti Katolikusok<\/title>\n<meta name=\"robots\" content=\"index, follow, max-snippet:-1, max-image-preview:large, max-video-preview:-1\" \/>\n<link rel=\"canonical\" href=\"https:\/\/stuttgarti-katolikusok.de\/index.php\/nem-vagy-nincstelen\/\" \/>\n<meta property=\"og:locale\" content=\"hu_HU\" \/>\n<meta property=\"og:type\" content=\"article\" \/>\n<meta property=\"og:title\" content=\"Nem vagy nincstelen! - Stuttgarti Katolikusok\" \/>\n<meta property=\"og:description\" content=\"Nem vagy nincstelen! Amikor feles\u00e9ge megtudta, hogy gy\u00f3gy\u00edthatatlan izomsorvad\u00e1sa (MS) van, elhagyta. \u0150 akkor addig ivott egyfolyt\u00e1ban, am\u00edg h\u00e1rom h\u00f3nap ut\u00e1n meg nem \u00e9rkezett a tol\u00f3kocsija. Majd egy \u00e1ll\u00f3 h\u00e9tig n\u00e9zte, de nem tudott vele megbar\u00e1tkozni.\u00a0 V\u00e9g\u00fcl egy k\u00fcl\u00f6n\u00f6s \u00e9lm\u00e9ny emelte ki az \u00f6nsajn\u00e1lat k\u00e1tyuj\u00e1b\u00f3l: tal\u00e1lkozott egy n\u00e1la szerencs\u00e9tlenebbel, aki nem adta fel\u2026 Ekkor elhat\u00e1rozta, hogy \u0151 is talpra \u00e1ll.\u00a0 Lelkileg. A tol\u00f3kocsija lett a \u201elegszorosabb\u201c bar\u00e1tja. Mivel l\u00e1bizmai egyre ink\u00e1bb elsorvadtak, kez\u00e9vel tanulta meg hajtani a kerekeit. Majd bel\u00e9pett a fogyat\u00e9kosak egyes\u00fclet\u00e9be. A k\u00fcl\u00f6nb\u00f6z\u0151 versenyeket egy id\u0151 ut\u00e1n\u00a0 majd mindig az els\u0151 helyen v\u00e9gezte&#8230; Amikor Stuttgartba \u00e9rkeztem s megismerkedtem vele, m\u00e1r t\u00fal volt a nehez\u00e9n. Minden reggel hatkor kel, elk\u00e9sz\u00edti mag\u00e1t \u00e9s 8 \u00f3rakor indul \u201e\u00fatj\u00e1ra\u201c. Mert \u00fatvonala van. Els\u0151 \u00e1llom\u00e1sa a k\u00e9t sarokkal od\u00e9bb nyit\u00f3 kenyeresbolt. Ott elbesz\u00e9lget a tulajjal, az alkalmazottakkal, megv\u00e1rja nyugd\u00edjas bar\u00e1tait, akikkel azt\u00e1n egy\u00fctt reggelizik. Majd a gy\u00f3gyszer\u00e9szt l\u00e1togatja meg. Vele is besz\u00e9lget. Onnan a Supermarketbe megy. Nem, nem v\u00e1s\u00e1rol semmit, hanem ott is vannak ismer\u0151sei, bar\u00e1tai, akikkel sz\u00f3t \u00e9s eszm\u00e9t v\u00e1lt, megh\u00e1nyja-veti a vil\u00e1g dolgait \u2013 \u00e9s k\u00f6zben minden\u00fctt viccel, adom\u00e1zik, harsog\u00f3an nevet. V\u00e9g\u00fcl 11 \u00f3ra k\u00f6r\u00fcl hazafel\u00e9 indul, hogy eb\u00e9det k\u00e9sz\u00edtsen mag\u00e1nak. Eb\u00e9d ut\u00e1n lepihen, majd k\u00e9s\u0151 d\u00e9lut\u00e1n ism\u00e9t v\u00e9gigj\u00e1rja ismer\u0151seit \u00e9s bar\u00e1tait. Minden nap! Tavaly h\u00e1zszentel\u00e9skor l\u00e1ttam, hogy nagyon szomor\u00fa. K\u00e9rd\u00e9semre elmondta, hogy ez\u00fattal egy r\u00e1kos daganatot fedeztek fel n\u00e1la. R\u00e9gi \u00edg\u00e9retemet, miszerint sz\u00edvesen bev\u00e1s\u00e1rlok vagy elviszem, ahova csak akarja, meg\u00faj\u00edtottam, majd azt mondtam neki: \u201eIm\u00e1dkozom mag\u00e1\u00e9rt!\u201d Megk\u00f6sz\u00f6nte. Akkor mondta el azt is, hogy gyermek- \u00e9s fiatalkor\u00e1ban gyakorl\u00f3 katolikus volt, s b\u00e1r a fiatal \u00e9let boh\u00f3s\u00e1gai messze vitt\u00e9k a templomt\u00f3l, ma is hisz az ima erej\u00e9ben! Oper\u00e1ci\u00f3ja nem \u00fagy siker\u00fclt, ahogyan rem\u00e9nykedt\u00fcnk benne&#8230; De nem t\u00f6rt le. Vagy legal\u00e1bbis nem mutatta&#8230; Tov\u00e1bb im\u00e1dkoztunk&#8230; Ketten&#8230; Minden nap&#8230; Miel\u0151tt \u00e9n is elsz\u00e1ntam volna magam egy neh\u00e9z m\u0171t\u00e9tre, \u00e9pp \u00f6sszefutottunk. Mivel ez\u00fattal is az... R\u00e9szletek\" \/>\n<meta property=\"og:url\" content=\"https:\/\/stuttgarti-katolikusok.de\/index.php\/nem-vagy-nincstelen\/\" \/>\n<meta property=\"og:site_name\" content=\"Stuttgarti Katolikusok\" \/>\n<meta property=\"article:published_time\" content=\"2019-02-06T14:48:14+00:00\" \/>\n<meta property=\"article:modified_time\" content=\"2019-10-23T10:35:54+00:00\" \/>\n<meta name=\"author\" content=\"Tibor atya\" \/>\n<meta name=\"twitter:card\" content=\"summary_large_image\" \/>\n<meta name=\"twitter:label1\" content=\"Szerz\u0151:\" \/>\n\t<meta name=\"twitter:data1\" content=\"Tibor atya\" \/>\n\t<meta name=\"twitter:label2\" content=\"Becs\u00fclt olvas\u00e1si id\u0151\" \/>\n\t<meta name=\"twitter:data2\" content=\"3 perc\" \/>\n<script type=\"application\/ld+json\" class=\"yoast-schema-graph\">{\"@context\":\"https:\\\/\\\/schema.org\",\"@graph\":[{\"@type\":\"Article\",\"@id\":\"https:\\\/\\\/stuttgarti-katolikusok.de\\\/index.php\\\/nem-vagy-nincstelen\\\/#article\",\"isPartOf\":{\"@id\":\"https:\\\/\\\/stuttgarti-katolikusok.de\\\/index.php\\\/nem-vagy-nincstelen\\\/\"},\"author\":{\"name\":\"Tibor atya\",\"@id\":\"https:\\\/\\\/stuttgarti-katolikusok.de\\\/#\\\/schema\\\/person\\\/75908d6f8fdc03a57889d27209df7795\"},\"headline\":\"Nem vagy nincstelen!\",\"datePublished\":\"2019-02-06T14:48:14+00:00\",\"dateModified\":\"2019-10-23T10:35:54+00:00\",\"mainEntityOfPage\":{\"@id\":\"https:\\\/\\\/stuttgarti-katolikusok.de\\\/index.php\\\/nem-vagy-nincstelen\\\/\"},\"wordCount\":651,\"articleSection\":[\"Gondolatok\"],\"inLanguage\":\"hu\"},{\"@type\":\"WebPage\",\"@id\":\"https:\\\/\\\/stuttgarti-katolikusok.de\\\/index.php\\\/nem-vagy-nincstelen\\\/\",\"url\":\"https:\\\/\\\/stuttgarti-katolikusok.de\\\/index.php\\\/nem-vagy-nincstelen\\\/\",\"name\":\"Nem vagy nincstelen! - Stuttgarti Katolikusok\",\"isPartOf\":{\"@id\":\"https:\\\/\\\/stuttgarti-katolikusok.de\\\/#website\"},\"datePublished\":\"2019-02-06T14:48:14+00:00\",\"dateModified\":\"2019-10-23T10:35:54+00:00\",\"author\":{\"@id\":\"https:\\\/\\\/stuttgarti-katolikusok.de\\\/#\\\/schema\\\/person\\\/75908d6f8fdc03a57889d27209df7795\"},\"breadcrumb\":{\"@id\":\"https:\\\/\\\/stuttgarti-katolikusok.de\\\/index.php\\\/nem-vagy-nincstelen\\\/#breadcrumb\"},\"inLanguage\":\"hu\",\"potentialAction\":[{\"@type\":\"ReadAction\",\"target\":[\"https:\\\/\\\/stuttgarti-katolikusok.de\\\/index.php\\\/nem-vagy-nincstelen\\\/\"]}]},{\"@type\":\"BreadcrumbList\",\"@id\":\"https:\\\/\\\/stuttgarti-katolikusok.de\\\/index.php\\\/nem-vagy-nincstelen\\\/#breadcrumb\",\"itemListElement\":[{\"@type\":\"ListItem\",\"position\":1,\"name\":\"Kezd\u0151lap\",\"item\":\"https:\\\/\\\/stuttgarti-katolikusok.de\\\/\"},{\"@type\":\"ListItem\",\"position\":2,\"name\":\"Nem vagy nincstelen!\"}]},{\"@type\":\"WebSite\",\"@id\":\"https:\\\/\\\/stuttgarti-katolikusok.de\\\/#website\",\"url\":\"https:\\\/\\\/stuttgarti-katolikusok.de\\\/\",\"name\":\"Stuttgarti Katolikusok\",\"description\":\"\",\"potentialAction\":[{\"@type\":\"SearchAction\",\"target\":{\"@type\":\"EntryPoint\",\"urlTemplate\":\"https:\\\/\\\/stuttgarti-katolikusok.de\\\/?s={search_term_string}\"},\"query-input\":{\"@type\":\"PropertyValueSpecification\",\"valueRequired\":true,\"valueName\":\"search_term_string\"}}],\"inLanguage\":\"hu\"},{\"@type\":\"Person\",\"@id\":\"https:\\\/\\\/stuttgarti-katolikusok.de\\\/#\\\/schema\\\/person\\\/75908d6f8fdc03a57889d27209df7795\",\"name\":\"Tibor atya\",\"image\":{\"@type\":\"ImageObject\",\"inLanguage\":\"hu\",\"@id\":\"https:\\\/\\\/secure.gravatar.com\\\/avatar\\\/61d268e57d1f4525b111222e29d2d5a7f8c420fdbf231ba5566a8ceac74fa960?s=96&d=mm&r=g\",\"url\":\"https:\\\/\\\/secure.gravatar.com\\\/avatar\\\/61d268e57d1f4525b111222e29d2d5a7f8c420fdbf231ba5566a8ceac74fa960?s=96&d=mm&r=g\",\"contentUrl\":\"https:\\\/\\\/secure.gravatar.com\\\/avatar\\\/61d268e57d1f4525b111222e29d2d5a7f8c420fdbf231ba5566a8ceac74fa960?s=96&d=mm&r=g\",\"caption\":\"Tibor atya\"},\"url\":\"https:\\\/\\\/stuttgarti-katolikusok.de\\\/index.php\\\/author\\\/tibor-atya\\\/\"}]}<\/script>\n<!-- \/ Yoast SEO plugin. -->","yoast_head_json":{"title":"Nem vagy nincstelen! - Stuttgarti Katolikusok","robots":{"index":"index","follow":"follow","max-snippet":"max-snippet:-1","max-image-preview":"max-image-preview:large","max-video-preview":"max-video-preview:-1"},"canonical":"https:\/\/stuttgarti-katolikusok.de\/index.php\/nem-vagy-nincstelen\/","og_locale":"hu_HU","og_type":"article","og_title":"Nem vagy nincstelen! - Stuttgarti Katolikusok","og_description":"Nem vagy nincstelen! Amikor feles\u00e9ge megtudta, hogy gy\u00f3gy\u00edthatatlan izomsorvad\u00e1sa (MS) van, elhagyta. \u0150 akkor addig ivott egyfolyt\u00e1ban, am\u00edg h\u00e1rom h\u00f3nap ut\u00e1n meg nem \u00e9rkezett a tol\u00f3kocsija. Majd egy \u00e1ll\u00f3 h\u00e9tig n\u00e9zte, de nem tudott vele megbar\u00e1tkozni.\u00a0 V\u00e9g\u00fcl egy k\u00fcl\u00f6n\u00f6s \u00e9lm\u00e9ny emelte ki az \u00f6nsajn\u00e1lat k\u00e1tyuj\u00e1b\u00f3l: tal\u00e1lkozott egy n\u00e1la szerencs\u00e9tlenebbel, aki nem adta fel\u2026 Ekkor elhat\u00e1rozta, hogy \u0151 is talpra \u00e1ll.\u00a0 Lelkileg. A tol\u00f3kocsija lett a \u201elegszorosabb\u201c bar\u00e1tja. Mivel l\u00e1bizmai egyre ink\u00e1bb elsorvadtak, kez\u00e9vel tanulta meg hajtani a kerekeit. Majd bel\u00e9pett a fogyat\u00e9kosak egyes\u00fclet\u00e9be. A k\u00fcl\u00f6nb\u00f6z\u0151 versenyeket egy id\u0151 ut\u00e1n\u00a0 majd mindig az els\u0151 helyen v\u00e9gezte&#8230; Amikor Stuttgartba \u00e9rkeztem s megismerkedtem vele, m\u00e1r t\u00fal volt a nehez\u00e9n. Minden reggel hatkor kel, elk\u00e9sz\u00edti mag\u00e1t \u00e9s 8 \u00f3rakor indul \u201e\u00fatj\u00e1ra\u201c. Mert \u00fatvonala van. Els\u0151 \u00e1llom\u00e1sa a k\u00e9t sarokkal od\u00e9bb nyit\u00f3 kenyeresbolt. Ott elbesz\u00e9lget a tulajjal, az alkalmazottakkal, megv\u00e1rja nyugd\u00edjas bar\u00e1tait, akikkel azt\u00e1n egy\u00fctt reggelizik. Majd a gy\u00f3gyszer\u00e9szt l\u00e1togatja meg. Vele is besz\u00e9lget. Onnan a Supermarketbe megy. Nem, nem v\u00e1s\u00e1rol semmit, hanem ott is vannak ismer\u0151sei, bar\u00e1tai, akikkel sz\u00f3t \u00e9s eszm\u00e9t v\u00e1lt, megh\u00e1nyja-veti a vil\u00e1g dolgait \u2013 \u00e9s k\u00f6zben minden\u00fctt viccel, adom\u00e1zik, harsog\u00f3an nevet. V\u00e9g\u00fcl 11 \u00f3ra k\u00f6r\u00fcl hazafel\u00e9 indul, hogy eb\u00e9det k\u00e9sz\u00edtsen mag\u00e1nak. Eb\u00e9d ut\u00e1n lepihen, majd k\u00e9s\u0151 d\u00e9lut\u00e1n ism\u00e9t v\u00e9gigj\u00e1rja ismer\u0151seit \u00e9s bar\u00e1tait. Minden nap! Tavaly h\u00e1zszentel\u00e9skor l\u00e1ttam, hogy nagyon szomor\u00fa. K\u00e9rd\u00e9semre elmondta, hogy ez\u00fattal egy r\u00e1kos daganatot fedeztek fel n\u00e1la. R\u00e9gi \u00edg\u00e9retemet, miszerint sz\u00edvesen bev\u00e1s\u00e1rlok vagy elviszem, ahova csak akarja, meg\u00faj\u00edtottam, majd azt mondtam neki: \u201eIm\u00e1dkozom mag\u00e1\u00e9rt!\u201d Megk\u00f6sz\u00f6nte. Akkor mondta el azt is, hogy gyermek- \u00e9s fiatalkor\u00e1ban gyakorl\u00f3 katolikus volt, s b\u00e1r a fiatal \u00e9let boh\u00f3s\u00e1gai messze vitt\u00e9k a templomt\u00f3l, ma is hisz az ima erej\u00e9ben! Oper\u00e1ci\u00f3ja nem \u00fagy siker\u00fclt, ahogyan rem\u00e9nykedt\u00fcnk benne&#8230; De nem t\u00f6rt le. Vagy legal\u00e1bbis nem mutatta&#8230; Tov\u00e1bb im\u00e1dkoztunk&#8230; Ketten&#8230; Minden nap&#8230; Miel\u0151tt \u00e9n is elsz\u00e1ntam volna magam egy neh\u00e9z m\u0171t\u00e9tre, \u00e9pp \u00f6sszefutottunk. Mivel ez\u00fattal is az... R\u00e9szletek","og_url":"https:\/\/stuttgarti-katolikusok.de\/index.php\/nem-vagy-nincstelen\/","og_site_name":"Stuttgarti Katolikusok","article_published_time":"2019-02-06T14:48:14+00:00","article_modified_time":"2019-10-23T10:35:54+00:00","author":"Tibor atya","twitter_card":"summary_large_image","twitter_misc":{"Szerz\u0151:":"Tibor atya","Becs\u00fclt olvas\u00e1si id\u0151":"3 perc"},"schema":{"@context":"https:\/\/schema.org","@graph":[{"@type":"Article","@id":"https:\/\/stuttgarti-katolikusok.de\/index.php\/nem-vagy-nincstelen\/#article","isPartOf":{"@id":"https:\/\/stuttgarti-katolikusok.de\/index.php\/nem-vagy-nincstelen\/"},"author":{"name":"Tibor atya","@id":"https:\/\/stuttgarti-katolikusok.de\/#\/schema\/person\/75908d6f8fdc03a57889d27209df7795"},"headline":"Nem vagy nincstelen!","datePublished":"2019-02-06T14:48:14+00:00","dateModified":"2019-10-23T10:35:54+00:00","mainEntityOfPage":{"@id":"https:\/\/stuttgarti-katolikusok.de\/index.php\/nem-vagy-nincstelen\/"},"wordCount":651,"articleSection":["Gondolatok"],"inLanguage":"hu"},{"@type":"WebPage","@id":"https:\/\/stuttgarti-katolikusok.de\/index.php\/nem-vagy-nincstelen\/","url":"https:\/\/stuttgarti-katolikusok.de\/index.php\/nem-vagy-nincstelen\/","name":"Nem vagy nincstelen! - Stuttgarti Katolikusok","isPartOf":{"@id":"https:\/\/stuttgarti-katolikusok.de\/#website"},"datePublished":"2019-02-06T14:48:14+00:00","dateModified":"2019-10-23T10:35:54+00:00","author":{"@id":"https:\/\/stuttgarti-katolikusok.de\/#\/schema\/person\/75908d6f8fdc03a57889d27209df7795"},"breadcrumb":{"@id":"https:\/\/stuttgarti-katolikusok.de\/index.php\/nem-vagy-nincstelen\/#breadcrumb"},"inLanguage":"hu","potentialAction":[{"@type":"ReadAction","target":["https:\/\/stuttgarti-katolikusok.de\/index.php\/nem-vagy-nincstelen\/"]}]},{"@type":"BreadcrumbList","@id":"https:\/\/stuttgarti-katolikusok.de\/index.php\/nem-vagy-nincstelen\/#breadcrumb","itemListElement":[{"@type":"ListItem","position":1,"name":"Kezd\u0151lap","item":"https:\/\/stuttgarti-katolikusok.de\/"},{"@type":"ListItem","position":2,"name":"Nem vagy nincstelen!"}]},{"@type":"WebSite","@id":"https:\/\/stuttgarti-katolikusok.de\/#website","url":"https:\/\/stuttgarti-katolikusok.de\/","name":"Stuttgarti Katolikusok","description":"","potentialAction":[{"@type":"SearchAction","target":{"@type":"EntryPoint","urlTemplate":"https:\/\/stuttgarti-katolikusok.de\/?s={search_term_string}"},"query-input":{"@type":"PropertyValueSpecification","valueRequired":true,"valueName":"search_term_string"}}],"inLanguage":"hu"},{"@type":"Person","@id":"https:\/\/stuttgarti-katolikusok.de\/#\/schema\/person\/75908d6f8fdc03a57889d27209df7795","name":"Tibor atya","image":{"@type":"ImageObject","inLanguage":"hu","@id":"https:\/\/secure.gravatar.com\/avatar\/61d268e57d1f4525b111222e29d2d5a7f8c420fdbf231ba5566a8ceac74fa960?s=96&d=mm&r=g","url":"https:\/\/secure.gravatar.com\/avatar\/61d268e57d1f4525b111222e29d2d5a7f8c420fdbf231ba5566a8ceac74fa960?s=96&d=mm&r=g","contentUrl":"https:\/\/secure.gravatar.com\/avatar\/61d268e57d1f4525b111222e29d2d5a7f8c420fdbf231ba5566a8ceac74fa960?s=96&d=mm&r=g","caption":"Tibor atya"},"url":"https:\/\/stuttgarti-katolikusok.de\/index.php\/author\/tibor-atya\/"}]}},"_links":{"self":[{"href":"https:\/\/stuttgarti-katolikusok.de\/index.php\/wp-json\/wp\/v2\/posts\/16149","targetHints":{"allow":["GET"]}}],"collection":[{"href":"https:\/\/stuttgarti-katolikusok.de\/index.php\/wp-json\/wp\/v2\/posts"}],"about":[{"href":"https:\/\/stuttgarti-katolikusok.de\/index.php\/wp-json\/wp\/v2\/types\/post"}],"author":[{"embeddable":true,"href":"https:\/\/stuttgarti-katolikusok.de\/index.php\/wp-json\/wp\/v2\/users\/3"}],"replies":[{"embeddable":true,"href":"https:\/\/stuttgarti-katolikusok.de\/index.php\/wp-json\/wp\/v2\/comments?post=16149"}],"version-history":[{"count":1,"href":"https:\/\/stuttgarti-katolikusok.de\/index.php\/wp-json\/wp\/v2\/posts\/16149\/revisions"}],"predecessor-version":[{"id":16151,"href":"https:\/\/stuttgarti-katolikusok.de\/index.php\/wp-json\/wp\/v2\/posts\/16149\/revisions\/16151"}],"wp:attachment":[{"href":"https:\/\/stuttgarti-katolikusok.de\/index.php\/wp-json\/wp\/v2\/media?parent=16149"}],"wp:term":[{"taxonomy":"category","embeddable":true,"href":"https:\/\/stuttgarti-katolikusok.de\/index.php\/wp-json\/wp\/v2\/categories?post=16149"},{"taxonomy":"post_tag","embeddable":true,"href":"https:\/\/stuttgarti-katolikusok.de\/index.php\/wp-json\/wp\/v2\/tags?post=16149"}],"curies":[{"name":"wp","href":"https:\/\/api.w.org\/{rel}","templated":true}]}}