{"id":16104,"date":"2019-02-04T07:23:51","date_gmt":"2019-02-04T07:23:51","guid":{"rendered":"https:\/\/gracious-dewdney.138-201-221-2.plesk.page\/?p=16104"},"modified":"2019-02-04T07:23:51","modified_gmt":"2019-02-04T07:23:51","slug":"evkozi-4-vasarnap","status":"publish","type":"post","link":"https:\/\/stuttgarti-katolikusok.de\/index.php\/evkozi-4-vasarnap\/","title":{"rendered":"\u00c9vk\u00f6zi 4. vas\u00e1rnap"},"content":{"rendered":"<ol start=\"2019\">\n<li><strong> febru\u00e1r 3.<\/strong><\/li>\n<\/ol>\n<p><strong>\u00c9VK\u00d6ZI 4. VAS\u00c1RNAP<\/strong><\/p>\n<p>&nbsp;<\/p>\n<p>\u201eIsten a szeretet\u201d (1 Jn 3, 9). Szeretetb\u0151l k\u00fcldi pr\u00f3f\u00e9t\u00e1it, majd Egysz\u00fcl\u00f6tt Fi\u00e1t, nemcsak az \u00f3sz\u00f6vets\u00e9gi v\u00e1lasztott n\u00e9phez, hanem minden n\u00e9phez. Aki a szeretetet gyakorolja, kedves lesz Isten el\u0151tt, mert tettei Istenhez hasonl\u00edtanak.<\/p>\n<p><strong>KEZD\u0150\u00c9NEK<\/strong>\u00a0\u00a0 \u00a0\u00a0\u00a0\u00a0\u00a0\u00a0\u00a0\u00a0\u00a0\u00a0\u00a0\u00a0\u00a0\u00a0\u00a0\u00a0\u00a0\u00a0\u00a0\u00a0\u00a0\u00a0\u00a0\u00a0\u00a0\u00a0\u00a0\u00a0\u00a0\u00a0\u00a0\u00a0\u00a0\u00a0\u00a0\u00a0\u00a0\u00a0\u00a0\u00a0\u00a0\u00a0\u00a0\u00a0\u00a0\u00a0<em>Zsolt 105, 47<\/em><\/p>\n<p>Szabad\u00edts meg minket, Urunk, Isten\u00fcnk, \u00e9s gy\u0171jts egybe a pog\u00e1nyok k\u00f6z\u00fcl, hogy szent nevedet magasztaljuk, \u00e9s dics\u00e9reted legyen dicsekv\u00e9s\u00fcnk.<\/p>\n<p><strong>OLVASM\u00c1NY<\/strong>\u00a0\u00a0\u00a0\u00a0\u00a0\u00a0\u00a0\u00a0\u00a0\u00a0\u00a0\u00a0 \u00a0\u00a0\u00a0\u00a0\u00a0\u00a0\u00a0\u00a0\u00a0\u00a0\u00a0\u00a0\u00a0\u00a0\u00a0\u00a0\u00a0\u00a0\u00a0\u00a0\u00a0\u00a0\u00a0\u00a0\u00a0\u00a0\u00a0\u00a0\u00a0\u00a0\u00a0\u00a0\u00a0<em>Jer 1, 4\u20135. 17\u201319 <\/em><\/p>\n<p>Jeruzs\u00e1lemet idegen hadsereg ostromolta. Isten Jeremi\u00e1s pr\u00f3f\u00e9t\u00e1t v\u00e1lasztotta ki arra, hogy er\u0151t \u00f6nts\u00f6n az ostromolt v\u00e1ros cs\u00fcgged\u0151 lak\u00f3iba. Meg\u00edg\u00e9ri nekik, hogy mindig mellett\u00fck \u00e1ll majd \u00e9s nem tudja \u0151ket legy\u0151zni senki sem. Mi is b\u00edzhatunk Isten seg\u00edts\u00e9g\u00e9ben \u00e9s erej\u00e9ben, ha bel\u00e9je vetj\u00fck bizalmunkat.<\/p>\n<p><strong>V\u00c1LASZOS ZSOLT\u00c1R<\/strong> \u00a0\u00a0\u00a0\u00a0\u00a0\u00a0\u00a0\u00a0\u00a0\u00a0\u00a0\u00a0\u00a0\u00a0\u00a0\u00a0\u00a0\u00a0\u00a0\u00a0\u00a0\u00a0\u00a0\u00a0\u00a0<em>\u00a0\u00a0\u00a0\u00a0\u00a0\u00a0\u00a0\u00a0\u00a0\u00a0\u00a0\u00a070. Zsolt\u00e1r <\/em><\/p>\n<p><strong>V\u00e1lasz: Ajkam h<u>i<\/u>rdeti, * igazs\u00e1god<u>a<\/u>t, Uram.<\/strong><\/p>\n<p><strong>SZENTLECKE <\/strong>\u00a0\u00a0\u00a0\u00a0\u00a0\u00a0\u00a0\u00a0\u00a0\u00a0\u00a0\u00a0\u00a0\u00a0\u00a0\u00a0\u00a0\u00a0\u00a0\u00a0\u00a0\u00a0\u00a0\u00a0\u00a0\u00a0\u00a0\u00a0\u00a0\u00a0\u00a0\u00a0\u00a0\u00a0<em>1 Kor 12, 13 \u2013 13, 13<\/em><\/p>\n<p>Isten k\u00fcl\u00f6nf\u00e9le lelki adom\u00e1nyokkal halmozza el \u00f6v\u00e9it. Amit kaptunk t\u0151le, azzal ne dicsekedj\u00fcnk. Amit viszont m\u00e1soknak adott, azt ne irigyelj\u00fck. Van egy aj\u00e1nd\u00e9k, amely mindenki sz\u00e1m\u00e1ra k\u00f6z\u00f6s: ez a szeretet. Ezt mindenki megkapja \u00e9s gyakorolja is.<\/p>\n<p><em>Vagy r\u00f6videbb forma:1 Kor 13, 4\u2013 13<\/em><\/p>\n<p><strong>ALLELUJA\u00a0 <\/strong>\u00a0\u00a0\u00a0\u00a0\u00a0\u00a0\u00a0\u00a0\u00a0\u00a0\u00a0\u00a0\u00a0\u00a0\u00a0\u00a0\u00a0\u00a0\u00a0\u00a0\u00a0\u00a0\u00a0\u00a0\u00a0\u00a0\u00a0\u00a0\u00a0\u00a0\u00a0\u00a0\u00a0\u00a0\u00a0\u00a0\u00a0\u00a0\u00a0\u00a0\u00a0\u00a0\u00a0\u00a0\u00a0\u00a0\u00a0\u00a0\u00a0\u00a0\u00a0\u00a0\u00a0\u00a0\u00a0\u00a0\u00a0\u00a0\u00a0\u00a0\u00a0\u00a0\u00a0\u00a0\u00a0\u00a0\u00a0\u00a0<em>Lk 4, 18<\/em><\/p>\n<p>Az \u00dar elk\u00fcld\u00f6tt engem, hogy a szeg\u00e9nyeknek \u00f6r\u00f6mh\u00edrt vigyek, * \u00e9s a b\u0171n rabjainak szabad \u00e9letet hirdessek.<\/p>\n<p><strong>EVANG\u00c9LIUM<\/strong> \u00a0\u00a0\u00a0\u00a0\u00a0\u00a0\u00a0\u00a0\u00a0\u00a0\u00a0\u00a0\u00a0\u00a0\u00a0\u00a0\u00a0\u00a0\u00a0\u00a0\u00a0\u00a0\u00a0\u00a0\u00a0\u00a0\u00a0\u00a0\u00a0\u00a0\u00a0\u00a0\u00a0\u00a0\u00a0\u00a0\u00a0\u00a0\u00a0\u00a0\u00a0\u00a0\u00a0\u00a0\u00a0\u00a0\u00a0<em>Lk 4, 21\u201330<\/em><\/p>\n<p>A zsid\u00f3k sz\u00e1mon k\u00e9rik J\u00e9zust\u00f3l: kit\u0151l kapta tudom\u00e1ny\u00e1t, honnan vette csodatev\u0151 erej\u00e9t. \u0150 arra hivatkozik, hogy Isten n\u00e9ha rendk\u00edv\u00fcli m\u00f3don osztogatja aj\u00e1nd\u00e9kait. \u00cdgy p\u00e9ld\u00e1ul a sz\u00e1reptai \u00f6zvegyasszony nem volt a v\u00e1lasztott n\u00e9p tagja. Ill\u00e9s pr\u00f3f\u00e9ta \u00e1ltal Isten m\u00e9gis \u0151rajta seg\u00edtett a nagy \u00e9h\u00edns\u00e9g idej\u00e9n. A zsid\u00f3k zokon vett\u00e9k, hogy J\u00e9zus egy pog\u00e1nyt el\u00e9j\u00fck helyezett, \u00e9s r\u00e1t\u00e1madtak, hogy letasz\u00edts\u00e1k a szikl\u00e1r\u00f3l.<\/p>\n<p><strong>AZ EUCHARISZTI\u00c1HOZ<\/strong><\/p>\n<p>J\u00e9zus az Euchariszti\u00e1ban nek\u00fcnk adja eg\u00e9sz \u00f6nmag\u00e1t. Viszonz\u00e1sul azt v\u00e1rja t\u0151l\u00fcnk, hogy mi is legy\u00fcnk eg\u00e9szen az \u00f6v\u00e9.<\/p>\n<p><strong>\u00c1LDOZ\u00c1SI \u00c9NEK<\/strong>\u00a0\u00a0\u00a0\u00a0\u00a0\u00a0\u00a0\u00a0\u00a0\u00a0\u00a0\u00a0\u00a0\u00a0\u00a0\u00a0\u00a0\u00a0\u00a0\u00a0\u00a0\u00a0\u00a0\u00a0 <em>\u00a0\u00a0\u00a0\u00a0\u00a0\u00a0\u00a0\u00a0\u00a0\u00a0\u00a0\u00a0\u00a0\u00a0\u00a0\u00a0Zsolt 30, 17\u201318 \u00a0<\/em><\/p>\n<p>Szolg\u00e1d f\u00f6l\u00e9 ragyogtasd fel arcodat, irgalmass\u00e1godban szabad\u00edts meg engem. Uram, ne hagyd, hogy sz\u00e9gyent valljak, hiszen t\u00e9ged h\u00edvlak!<\/p>\n<p>&nbsp;<\/p>\n<p>K\u00c9T HASZNOS GONDOLAT<\/p>\n<ol>\n<li>Fontos a keny\u00e9r, fontosabb a szabads\u00e1g, de legfontosabb a t\u00f6retlen h\u0171s\u00e9g.<\/li>\n<li>Az ember csak akkor igazi ember, ha sz\u00edve van \u00e9s m\u00e1sok\u00e9rt \u00e9l. Vagyis: ha szeret. <em>\u2013 Alfred Delp<\/em> <em>SJ<\/em><\/li>\n<\/ol>\n<p>BAL\u00c1ZS-\u00c1LD\u00c1S<\/p>\n<p><strong>Febru\u00e1r 3-a<\/strong> Szent Bal\u00e1zs p\u00fcsp\u00f6k \u00e9s v\u00e9rtan\u00fa napja. A IV. sz\u00e1zadban \u00d6rm\u00e9nyorsz\u00e1gban \u00e9lt, hit\u00e9\u00e9rt Diocletianus cs\u00e1sz\u00e1r borzaszt\u00f3 k\u00ednz\u00e1sok ut\u00e1n lefejeztette. Torokbajban \u00e9s m\u00e1s betegs\u00e9gekben szoktak a h\u00edv\u0151k k\u00f6zbenj\u00e1r\u00e1s\u00e1\u00e9rt foh\u00e1szkodni. A <strong>\u201eBal\u00e1zs-\u00e1ld\u00e1s\u201d<\/strong> szentelm\u00e9ny, amely az eg\u00e9szs\u00e9g\u00fcnk\u00e9rt val\u00f3 im\u00e1dkoz\u00e1shoz hozz\u00e1adja az Egyh\u00e1z \u00e9s a k\u00f6zbenj\u00e1r\u00f3 Szent \u00e9rdemeinek t\u00e1mogat\u00e1s\u00e1t.<\/p>\n<p><em>Szent Bal\u00e1zs p\u00fcsp\u00f6k \u00e9s v\u00e9rtan\u00fa k\u00f6zbenj\u00e1r\u00e1s\u00e1ra szabad\u00edtson meg t\u00e9ged (titeket) az Isten a torokbajt\u00f3l \u00e9s minden m\u00e1s bajt\u00f3l: az Atya, a Fi\u00fa \u00e9s a Szentl\u00e9lek. Amen.<\/em><\/p>\n<p>\u201eMinden ember sz\u00edv\u00e9ben van egy Isten-alak\u00fa v\u00e1kuum, amelyet sohasem lehet bet\u00f6lteni semmilyen teremtett dologgal. Csak Isten t\u00f6ltheti be azt, J\u00e9zus Krisztus \u00e1ltal kinyilatkoztatva.\u201d\u00a0\u00a0\u00a0\u00a0\u00a0\u00a0\u00a0\u00a0\u00a0\u00a0\u00a0\u00a0\u00a0\u00a0\u00a0\u00a0 \u00a0\u00a0\u00a0\u00a0\u00a0\u00a0\u00a0\u00a0\u00a0\u00a0\u00a0\u00a0\u00a0\u00a0\u00a0\u00a0\u00a0\u00a0\u00a0\u00a0\u00a0\u00a0\u00a0\u00a0\u00a0\u00a0\u00a0\u00a0\u00a0\u00a0\u00a0\u00a0\u00a0\u00a0\u00a0\u00a0\u00a0\u00a0\u00a0\u00a0\u00a0\u00a0\u00a0\u00a0\u00a0\u00a0\u00a0\u00a0\u00a0\u00a0<em>\u2013 Blaise Pascal<\/em><\/p>\n<p>&nbsp;<\/p>\n<p>IMA A HIVAT\u00c1SOK\u00c9RT<\/p>\n<p>J\u00e9zus, isteni P\u00e1sztor, te megh\u00edvtad az apostolokat, \u00e9s emberek hal\u00e1sz\u00e1v\u00e1 tetted \u0151ket. H\u00edvj ma is fiatalokat k\u00f6vet\u00e9sedre \u00e9s szolg\u00e1latodra. Hiszen te \u00e9lsz \u00e9s mindig itt vagy vel\u00fcnk. \u00c1ldozatod sz\u00fcntelen\u00fcl jelenval\u00f3v\u00e1 lesz olt\u00e1rainkon, minden ember \u00fcdv\u00f6ss\u00e9g\u00e9re.<\/p>\n<p>Engedd, hogy mindazok, akiket h\u00edvt\u00e1l, felismerj\u00e9k \u00e9s maguk\u00e9v\u00e1 tegy\u00e9k akaratodat. Nyisd meg szem\u00fcket, hogy l\u00e1ss\u00e1k az eg\u00e9sz vil\u00e1got, vegy\u00e9k \u00e9szre annyi ember n\u00e9ma k\u00e9r\u00e9s\u00e9t. Ezek az igazs\u00e1g f\u00e9ny\u00e9re \u00e9s az igaz szeretet meleg\u00e9re v\u00e1gyakoznak. Engedd, hogy akiket h\u00edvt\u00e1l, h\u0171s\u00e9gesen k\u00f6zrem\u0171k\u00f6djenek Titokzatos Tested \u00e9p\u00edt\u00e9s\u00e9ben, \u00e9s \u00edgy folytass\u00e1k k\u00fcldet\u00e9sedet. Tedd \u0151ket a f\u00f6ld s\u00f3j\u00e1v\u00e1 \u00e9s a vil\u00e1g vil\u00e1goss\u00e1g\u00e1v\u00e1.<\/p>\n<p>Add, Uram, hogy sok asszony \u00e9s le\u00e1ny is \u00e9pp ilyen hat\u00e1rozottan k\u00f6vesse szereteted h\u00edv\u00e1s\u00e1t. \u00c9breszd fel sz\u00edv\u00fckben azt a v\u00e1gyat, hogy teljesen az evang\u00e9lium szelleme szerint \u00e9ljenek \u00e9s \u00f6nzetlen\u00fcl odaadj\u00e1k magukat az Egyh\u00e1z szolg\u00e1lat\u00e1ra. Add, hogy k\u00e9szs\u00e9ggel \u00e1lljanak rendelkez\u00e9s\u00e9re mindazoknak, akiknek sz\u00fcks\u00e9g\u00fck van seg\u00edt\u0151kez\u00fckre \u00e9s irgalmas szeretet\u00fckre. Amen.<\/p>\n<p><em>Szent VI. P\u00e1l p\u00e1pa<\/em><\/p>\n<p>EGY K\u00c9RD\u00c9S \u00c9S EGY V\u00c1LASZ<\/p>\n<p>Valaki megk\u00e9rdezte egyszer Jamie Cohent\u0151l:<\/p>\n<p>\u2013 Szerinted mi az emberek legmulats\u00e1gosabb tulajdons\u00e1ga?<\/p>\n<p>Cohen ezt v\u00e1laszolta:<\/p>\n<p>\u2013 Az,\u00a0\u00a0 hogy\u00a0\u00a0 mindig\u00a0\u00a0 ellentmond\u00e1sokba \u00fctk\u00f6znek: sietnek feln\u0151ni, azt\u00e1n visszas\u00edrj\u00e1k az elveszett gyerekkorukat. Fel\u00e1ldozz\u00e1k az eg\u00e9szs\u00e9g\u00fcket a p\u00e9nz\u00e9rt, azt\u00e1n p\u00e9nzt k\u00f6ltenek az eg\u00e9szs\u00e9g\u00fck\u00e9rt. Annyira t\u00fcrelmetlen\u00fcl gondolnak a j\u00f6v\u0151j\u00fckre, hogy elhanyagolj\u00e1k a jelent, \u00edgy nem \u00e9lvezik sem a jelent, sem a j\u00f6v\u0151t. \u00dagy \u00e9lnek, mintha sosem kellene meghalniuk, \u00e9s \u00fagy halnak meg, mintha sosem \u00e9ltek volna.<\/p>\n<p>&nbsp;<\/p>\n","protected":false},"excerpt":{"rendered":"<p>febru\u00e1r 3. \u00c9VK\u00d6ZI 4. VAS\u00c1RNAP &nbsp; \u201eIsten a szeretet\u201d (1 Jn 3, 9). Szeretetb\u0151l k\u00fcldi pr\u00f3f\u00e9t\u00e1it, majd Egysz\u00fcl\u00f6tt Fi\u00e1t, nemcsak az \u00f3sz\u00f6vets\u00e9gi v\u00e1lasztott n\u00e9phez, hanem minden n\u00e9phez. Aki a szeretetet gyakorolja, kedves lesz Isten el\u0151tt, mert tettei Istenhez hasonl\u00edtanak. KEZD\u0150\u00c9NEK\u00a0\u00a0 \u00a0\u00a0\u00a0\u00a0\u00a0\u00a0\u00a0\u00a0\u00a0\u00a0\u00a0\u00a0\u00a0\u00a0\u00a0\u00a0\u00a0\u00a0\u00a0\u00a0\u00a0\u00a0\u00a0\u00a0\u00a0\u00a0\u00a0\u00a0\u00a0\u00a0\u00a0\u00a0\u00a0\u00a0\u00a0\u00a0\u00a0\u00a0\u00a0\u00a0\u00a0\u00a0\u00a0\u00a0\u00a0\u00a0Zsolt 105, 47 Szabad\u00edts meg minket, Urunk, Isten\u00fcnk, \u00e9s gy\u0171jts egybe a pog\u00e1nyok k\u00f6z\u00fcl, hogy szent nevedet magasztaljuk, \u00e9s dics\u00e9reted legyen dicsekv\u00e9s\u00fcnk. OLVASM\u00c1NY\u00a0\u00a0\u00a0\u00a0\u00a0\u00a0\u00a0\u00a0\u00a0\u00a0\u00a0\u00a0 \u00a0\u00a0\u00a0\u00a0\u00a0\u00a0\u00a0\u00a0\u00a0\u00a0\u00a0\u00a0\u00a0\u00a0\u00a0\u00a0\u00a0\u00a0\u00a0\u00a0\u00a0\u00a0\u00a0\u00a0\u00a0\u00a0\u00a0\u00a0\u00a0\u00a0\u00a0\u00a0\u00a0Jer 1, 4\u20135. 17\u201319 Jeruzs\u00e1lemet idegen hadsereg ostromolta. Isten Jeremi\u00e1s pr\u00f3f\u00e9t\u00e1t v\u00e1lasztotta ki arra, hogy er\u0151t \u00f6nts\u00f6n az ostromolt v\u00e1ros cs\u00fcgged\u0151 lak\u00f3iba. Meg\u00edg\u00e9ri nekik, hogy mindig mellett\u00fck \u00e1ll majd \u00e9s nem tudja \u0151ket legy\u0151zni senki sem. Mi is b\u00edzhatunk Isten seg\u00edts\u00e9g\u00e9ben \u00e9s erej\u00e9ben, ha bel\u00e9je vetj\u00fck bizalmunkat. V\u00c1LASZOS ZSOLT\u00c1R \u00a0\u00a0\u00a0\u00a0\u00a0\u00a0\u00a0\u00a0\u00a0\u00a0\u00a0\u00a0\u00a0\u00a0\u00a0\u00a0\u00a0\u00a0\u00a0\u00a0\u00a0\u00a0\u00a0\u00a0\u00a0\u00a0\u00a0\u00a0\u00a0\u00a0\u00a0\u00a0\u00a0\u00a0\u00a0\u00a0\u00a070. Zsolt\u00e1r V\u00e1lasz: Ajkam hirdeti, * igazs\u00e1godat, Uram. SZENTLECKE \u00a0\u00a0\u00a0\u00a0\u00a0\u00a0\u00a0\u00a0\u00a0\u00a0\u00a0\u00a0\u00a0\u00a0\u00a0\u00a0\u00a0\u00a0\u00a0\u00a0\u00a0\u00a0\u00a0\u00a0\u00a0\u00a0\u00a0\u00a0\u00a0\u00a0\u00a0\u00a0\u00a0\u00a01 Kor 12, 13 \u2013 13, 13 Isten k\u00fcl\u00f6nf\u00e9le lelki adom\u00e1nyokkal halmozza el \u00f6v\u00e9it. Amit kaptunk t\u0151le, azzal ne dicsekedj\u00fcnk. Amit viszont m\u00e1soknak adott, azt ne irigyelj\u00fck. Van egy aj\u00e1nd\u00e9k, amely mindenki sz\u00e1m\u00e1ra k\u00f6z\u00f6s: ez a szeretet. Ezt mindenki megkapja \u00e9s gyakorolja is. Vagy r\u00f6videbb forma:1 Kor 13, 4\u2013 13 ALLELUJA\u00a0 \u00a0\u00a0\u00a0\u00a0\u00a0\u00a0\u00a0\u00a0\u00a0\u00a0\u00a0\u00a0\u00a0\u00a0\u00a0\u00a0\u00a0\u00a0\u00a0\u00a0\u00a0\u00a0\u00a0\u00a0\u00a0\u00a0\u00a0\u00a0\u00a0\u00a0\u00a0\u00a0\u00a0\u00a0\u00a0\u00a0\u00a0\u00a0\u00a0\u00a0\u00a0\u00a0\u00a0\u00a0\u00a0\u00a0\u00a0\u00a0\u00a0\u00a0\u00a0\u00a0\u00a0\u00a0\u00a0\u00a0\u00a0\u00a0\u00a0\u00a0\u00a0\u00a0\u00a0\u00a0\u00a0\u00a0\u00a0\u00a0Lk 4, 18 Az \u00dar elk\u00fcld\u00f6tt engem, hogy a szeg\u00e9nyeknek \u00f6r\u00f6mh\u00edrt vigyek, * \u00e9s a b\u0171n rabjainak szabad \u00e9letet hirdessek. EVANG\u00c9LIUM \u00a0\u00a0\u00a0\u00a0\u00a0\u00a0\u00a0\u00a0\u00a0\u00a0\u00a0\u00a0\u00a0\u00a0\u00a0\u00a0\u00a0\u00a0\u00a0\u00a0\u00a0\u00a0\u00a0\u00a0\u00a0\u00a0\u00a0\u00a0\u00a0\u00a0\u00a0\u00a0\u00a0\u00a0\u00a0\u00a0\u00a0\u00a0\u00a0\u00a0\u00a0\u00a0\u00a0\u00a0\u00a0\u00a0\u00a0Lk 4, 21\u201330 A zsid\u00f3k sz\u00e1mon k\u00e9rik J\u00e9zust\u00f3l: kit\u0151l kapta tudom\u00e1ny\u00e1t, honnan vette csodatev\u0151 erej\u00e9t. \u0150 arra hivatkozik, hogy Isten n\u00e9ha rendk\u00edv\u00fcli m\u00f3don osztogatja aj\u00e1nd\u00e9kait. \u00cdgy p\u00e9ld\u00e1ul a sz\u00e1reptai \u00f6zvegyasszony nem volt a v\u00e1lasztott n\u00e9p tagja. Ill\u00e9s pr\u00f3f\u00e9ta \u00e1ltal Isten m\u00e9gis \u0151rajta seg\u00edtett a nagy \u00e9h\u00edns\u00e9g idej\u00e9n. A zsid\u00f3k zokon vett\u00e9k, hogy J\u00e9zus egy pog\u00e1nyt el\u00e9j\u00fck helyezett, \u00e9s r\u00e1t\u00e1madtak, hogy letasz\u00edts\u00e1k a szikl\u00e1r\u00f3l. AZ EUCHARISZTI\u00c1HOZ J\u00e9zus az Euchariszti\u00e1ban nek\u00fcnk adja eg\u00e9sz \u00f6nmag\u00e1t. Viszonz\u00e1sul azt v\u00e1rja t\u0151l\u00fcnk, hogy mi is legy\u00fcnk eg\u00e9szen az \u00f6v\u00e9. \u00c1LDOZ\u00c1SI \u00c9NEK\u00a0\u00a0\u00a0\u00a0\u00a0\u00a0\u00a0\u00a0\u00a0\u00a0\u00a0\u00a0\u00a0\u00a0\u00a0\u00a0\u00a0\u00a0\u00a0\u00a0\u00a0\u00a0\u00a0\u00a0 \u00a0\u00a0\u00a0\u00a0\u00a0\u00a0\u00a0\u00a0\u00a0\u00a0\u00a0\u00a0\u00a0\u00a0\u00a0\u00a0Zsolt 30, 17\u201318 \u00a0 Szolg\u00e1d f\u00f6l\u00e9 ragyogtasd fel arcodat, irgalmass\u00e1godban szabad\u00edts meg engem. Uram, ne hagyd, hogy sz\u00e9gyent valljak, hiszen t\u00e9ged h\u00edvlak!&#8230; <\/p>\n<p><a class=\"readmore\" href=\"https:\/\/stuttgarti-katolikusok.de\/index.php\/evkozi-4-vasarnap\/\">R\u00e9szletek<\/a><\/p>\n","protected":false},"author":3,"featured_media":0,"comment_status":"closed","ping_status":"closed","sticky":false,"template":"","format":"standard","meta":{"footnotes":""},"categories":[63],"tags":[],"class_list":["post-16104","post","type-post","status-publish","format-standard","hentry","category-vasarnapi-gondolatok"],"yoast_head":"<!-- This site is optimized with the Yoast SEO plugin v27.3 - https:\/\/yoast.com\/product\/yoast-seo-wordpress\/ -->\n<title>\u00c9vk\u00f6zi 4. vas\u00e1rnap - Stuttgarti Katolikusok<\/title>\n<meta name=\"robots\" content=\"index, follow, max-snippet:-1, max-image-preview:large, max-video-preview:-1\" \/>\n<link rel=\"canonical\" href=\"https:\/\/stuttgarti-katolikusok.de\/index.php\/evkozi-4-vasarnap\/\" \/>\n<meta property=\"og:locale\" content=\"hu_HU\" \/>\n<meta property=\"og:type\" content=\"article\" \/>\n<meta property=\"og:title\" content=\"\u00c9vk\u00f6zi 4. vas\u00e1rnap - Stuttgarti Katolikusok\" \/>\n<meta property=\"og:description\" content=\"febru\u00e1r 3. \u00c9VK\u00d6ZI 4. VAS\u00c1RNAP &nbsp; \u201eIsten a szeretet\u201d (1 Jn 3, 9). Szeretetb\u0151l k\u00fcldi pr\u00f3f\u00e9t\u00e1it, majd Egysz\u00fcl\u00f6tt Fi\u00e1t, nemcsak az \u00f3sz\u00f6vets\u00e9gi v\u00e1lasztott n\u00e9phez, hanem minden n\u00e9phez. Aki a szeretetet gyakorolja, kedves lesz Isten el\u0151tt, mert tettei Istenhez hasonl\u00edtanak. KEZD\u0150\u00c9NEK\u00a0\u00a0 \u00a0\u00a0\u00a0\u00a0\u00a0\u00a0\u00a0\u00a0\u00a0\u00a0\u00a0\u00a0\u00a0\u00a0\u00a0\u00a0\u00a0\u00a0\u00a0\u00a0\u00a0\u00a0\u00a0\u00a0\u00a0\u00a0\u00a0\u00a0\u00a0\u00a0\u00a0\u00a0\u00a0\u00a0\u00a0\u00a0\u00a0\u00a0\u00a0\u00a0\u00a0\u00a0\u00a0\u00a0\u00a0\u00a0Zsolt 105, 47 Szabad\u00edts meg minket, Urunk, Isten\u00fcnk, \u00e9s gy\u0171jts egybe a pog\u00e1nyok k\u00f6z\u00fcl, hogy szent nevedet magasztaljuk, \u00e9s dics\u00e9reted legyen dicsekv\u00e9s\u00fcnk. OLVASM\u00c1NY\u00a0\u00a0\u00a0\u00a0\u00a0\u00a0\u00a0\u00a0\u00a0\u00a0\u00a0\u00a0 \u00a0\u00a0\u00a0\u00a0\u00a0\u00a0\u00a0\u00a0\u00a0\u00a0\u00a0\u00a0\u00a0\u00a0\u00a0\u00a0\u00a0\u00a0\u00a0\u00a0\u00a0\u00a0\u00a0\u00a0\u00a0\u00a0\u00a0\u00a0\u00a0\u00a0\u00a0\u00a0\u00a0Jer 1, 4\u20135. 17\u201319 Jeruzs\u00e1lemet idegen hadsereg ostromolta. Isten Jeremi\u00e1s pr\u00f3f\u00e9t\u00e1t v\u00e1lasztotta ki arra, hogy er\u0151t \u00f6nts\u00f6n az ostromolt v\u00e1ros cs\u00fcgged\u0151 lak\u00f3iba. Meg\u00edg\u00e9ri nekik, hogy mindig mellett\u00fck \u00e1ll majd \u00e9s nem tudja \u0151ket legy\u0151zni senki sem. Mi is b\u00edzhatunk Isten seg\u00edts\u00e9g\u00e9ben \u00e9s erej\u00e9ben, ha bel\u00e9je vetj\u00fck bizalmunkat. V\u00c1LASZOS ZSOLT\u00c1R \u00a0\u00a0\u00a0\u00a0\u00a0\u00a0\u00a0\u00a0\u00a0\u00a0\u00a0\u00a0\u00a0\u00a0\u00a0\u00a0\u00a0\u00a0\u00a0\u00a0\u00a0\u00a0\u00a0\u00a0\u00a0\u00a0\u00a0\u00a0\u00a0\u00a0\u00a0\u00a0\u00a0\u00a0\u00a0\u00a0\u00a070. Zsolt\u00e1r V\u00e1lasz: Ajkam hirdeti, * igazs\u00e1godat, Uram. SZENTLECKE \u00a0\u00a0\u00a0\u00a0\u00a0\u00a0\u00a0\u00a0\u00a0\u00a0\u00a0\u00a0\u00a0\u00a0\u00a0\u00a0\u00a0\u00a0\u00a0\u00a0\u00a0\u00a0\u00a0\u00a0\u00a0\u00a0\u00a0\u00a0\u00a0\u00a0\u00a0\u00a0\u00a0\u00a01 Kor 12, 13 \u2013 13, 13 Isten k\u00fcl\u00f6nf\u00e9le lelki adom\u00e1nyokkal halmozza el \u00f6v\u00e9it. Amit kaptunk t\u0151le, azzal ne dicsekedj\u00fcnk. Amit viszont m\u00e1soknak adott, azt ne irigyelj\u00fck. Van egy aj\u00e1nd\u00e9k, amely mindenki sz\u00e1m\u00e1ra k\u00f6z\u00f6s: ez a szeretet. Ezt mindenki megkapja \u00e9s gyakorolja is. Vagy r\u00f6videbb forma:1 Kor 13, 4\u2013 13 ALLELUJA\u00a0 \u00a0\u00a0\u00a0\u00a0\u00a0\u00a0\u00a0\u00a0\u00a0\u00a0\u00a0\u00a0\u00a0\u00a0\u00a0\u00a0\u00a0\u00a0\u00a0\u00a0\u00a0\u00a0\u00a0\u00a0\u00a0\u00a0\u00a0\u00a0\u00a0\u00a0\u00a0\u00a0\u00a0\u00a0\u00a0\u00a0\u00a0\u00a0\u00a0\u00a0\u00a0\u00a0\u00a0\u00a0\u00a0\u00a0\u00a0\u00a0\u00a0\u00a0\u00a0\u00a0\u00a0\u00a0\u00a0\u00a0\u00a0\u00a0\u00a0\u00a0\u00a0\u00a0\u00a0\u00a0\u00a0\u00a0\u00a0\u00a0Lk 4, 18 Az \u00dar elk\u00fcld\u00f6tt engem, hogy a szeg\u00e9nyeknek \u00f6r\u00f6mh\u00edrt vigyek, * \u00e9s a b\u0171n rabjainak szabad \u00e9letet hirdessek. EVANG\u00c9LIUM \u00a0\u00a0\u00a0\u00a0\u00a0\u00a0\u00a0\u00a0\u00a0\u00a0\u00a0\u00a0\u00a0\u00a0\u00a0\u00a0\u00a0\u00a0\u00a0\u00a0\u00a0\u00a0\u00a0\u00a0\u00a0\u00a0\u00a0\u00a0\u00a0\u00a0\u00a0\u00a0\u00a0\u00a0\u00a0\u00a0\u00a0\u00a0\u00a0\u00a0\u00a0\u00a0\u00a0\u00a0\u00a0\u00a0\u00a0Lk 4, 21\u201330 A zsid\u00f3k sz\u00e1mon k\u00e9rik J\u00e9zust\u00f3l: kit\u0151l kapta tudom\u00e1ny\u00e1t, honnan vette csodatev\u0151 erej\u00e9t. \u0150 arra hivatkozik, hogy Isten n\u00e9ha rendk\u00edv\u00fcli m\u00f3don osztogatja aj\u00e1nd\u00e9kait. \u00cdgy p\u00e9ld\u00e1ul a sz\u00e1reptai \u00f6zvegyasszony nem volt a v\u00e1lasztott n\u00e9p tagja. Ill\u00e9s pr\u00f3f\u00e9ta \u00e1ltal Isten m\u00e9gis \u0151rajta seg\u00edtett a nagy \u00e9h\u00edns\u00e9g idej\u00e9n. A zsid\u00f3k zokon vett\u00e9k, hogy J\u00e9zus egy pog\u00e1nyt el\u00e9j\u00fck helyezett, \u00e9s r\u00e1t\u00e1madtak, hogy letasz\u00edts\u00e1k a szikl\u00e1r\u00f3l. AZ EUCHARISZTI\u00c1HOZ J\u00e9zus az Euchariszti\u00e1ban nek\u00fcnk adja eg\u00e9sz \u00f6nmag\u00e1t. Viszonz\u00e1sul azt v\u00e1rja t\u0151l\u00fcnk, hogy mi is legy\u00fcnk eg\u00e9szen az \u00f6v\u00e9. \u00c1LDOZ\u00c1SI \u00c9NEK\u00a0\u00a0\u00a0\u00a0\u00a0\u00a0\u00a0\u00a0\u00a0\u00a0\u00a0\u00a0\u00a0\u00a0\u00a0\u00a0\u00a0\u00a0\u00a0\u00a0\u00a0\u00a0\u00a0\u00a0 \u00a0\u00a0\u00a0\u00a0\u00a0\u00a0\u00a0\u00a0\u00a0\u00a0\u00a0\u00a0\u00a0\u00a0\u00a0\u00a0Zsolt 30, 17\u201318 \u00a0 Szolg\u00e1d f\u00f6l\u00e9 ragyogtasd fel arcodat, irgalmass\u00e1godban szabad\u00edts meg engem. Uram, ne hagyd, hogy sz\u00e9gyent valljak, hiszen t\u00e9ged h\u00edvlak!... R\u00e9szletek\" \/>\n<meta property=\"og:url\" content=\"https:\/\/stuttgarti-katolikusok.de\/index.php\/evkozi-4-vasarnap\/\" \/>\n<meta property=\"og:site_name\" content=\"Stuttgarti Katolikusok\" \/>\n<meta property=\"article:published_time\" content=\"2019-02-04T07:23:51+00:00\" \/>\n<meta name=\"author\" content=\"Tibor atya\" \/>\n<meta name=\"twitter:card\" content=\"summary_large_image\" \/>\n<meta name=\"twitter:label1\" content=\"Szerz\u0151:\" \/>\n\t<meta name=\"twitter:data1\" content=\"Tibor atya\" \/>\n\t<meta name=\"twitter:label2\" content=\"Becs\u00fclt olvas\u00e1si id\u0151\" \/>\n\t<meta name=\"twitter:data2\" content=\"5 perc\" \/>\n<script type=\"application\/ld+json\" class=\"yoast-schema-graph\">{\"@context\":\"https:\\\/\\\/schema.org\",\"@graph\":[{\"@type\":\"Article\",\"@id\":\"https:\\\/\\\/stuttgarti-katolikusok.de\\\/index.php\\\/evkozi-4-vasarnap\\\/#article\",\"isPartOf\":{\"@id\":\"https:\\\/\\\/stuttgarti-katolikusok.de\\\/index.php\\\/evkozi-4-vasarnap\\\/\"},\"author\":{\"name\":\"Tibor atya\",\"@id\":\"https:\\\/\\\/stuttgarti-katolikusok.de\\\/#\\\/schema\\\/person\\\/75908d6f8fdc03a57889d27209df7795\"},\"headline\":\"\u00c9vk\u00f6zi 4. vas\u00e1rnap\",\"datePublished\":\"2019-02-04T07:23:51+00:00\",\"mainEntityOfPage\":{\"@id\":\"https:\\\/\\\/stuttgarti-katolikusok.de\\\/index.php\\\/evkozi-4-vasarnap\\\/\"},\"wordCount\":960,\"articleSection\":[\"Vas\u00e1rnapi gondolatok\"],\"inLanguage\":\"hu\"},{\"@type\":\"WebPage\",\"@id\":\"https:\\\/\\\/stuttgarti-katolikusok.de\\\/index.php\\\/evkozi-4-vasarnap\\\/\",\"url\":\"https:\\\/\\\/stuttgarti-katolikusok.de\\\/index.php\\\/evkozi-4-vasarnap\\\/\",\"name\":\"\u00c9vk\u00f6zi 4. vas\u00e1rnap - Stuttgarti Katolikusok\",\"isPartOf\":{\"@id\":\"https:\\\/\\\/stuttgarti-katolikusok.de\\\/#website\"},\"datePublished\":\"2019-02-04T07:23:51+00:00\",\"author\":{\"@id\":\"https:\\\/\\\/stuttgarti-katolikusok.de\\\/#\\\/schema\\\/person\\\/75908d6f8fdc03a57889d27209df7795\"},\"breadcrumb\":{\"@id\":\"https:\\\/\\\/stuttgarti-katolikusok.de\\\/index.php\\\/evkozi-4-vasarnap\\\/#breadcrumb\"},\"inLanguage\":\"hu\",\"potentialAction\":[{\"@type\":\"ReadAction\",\"target\":[\"https:\\\/\\\/stuttgarti-katolikusok.de\\\/index.php\\\/evkozi-4-vasarnap\\\/\"]}]},{\"@type\":\"BreadcrumbList\",\"@id\":\"https:\\\/\\\/stuttgarti-katolikusok.de\\\/index.php\\\/evkozi-4-vasarnap\\\/#breadcrumb\",\"itemListElement\":[{\"@type\":\"ListItem\",\"position\":1,\"name\":\"Kezd\u0151lap\",\"item\":\"https:\\\/\\\/stuttgarti-katolikusok.de\\\/\"},{\"@type\":\"ListItem\",\"position\":2,\"name\":\"\u00c9vk\u00f6zi 4. vas\u00e1rnap\"}]},{\"@type\":\"WebSite\",\"@id\":\"https:\\\/\\\/stuttgarti-katolikusok.de\\\/#website\",\"url\":\"https:\\\/\\\/stuttgarti-katolikusok.de\\\/\",\"name\":\"Stuttgarti Katolikusok\",\"description\":\"\",\"potentialAction\":[{\"@type\":\"SearchAction\",\"target\":{\"@type\":\"EntryPoint\",\"urlTemplate\":\"https:\\\/\\\/stuttgarti-katolikusok.de\\\/?s={search_term_string}\"},\"query-input\":{\"@type\":\"PropertyValueSpecification\",\"valueRequired\":true,\"valueName\":\"search_term_string\"}}],\"inLanguage\":\"hu\"},{\"@type\":\"Person\",\"@id\":\"https:\\\/\\\/stuttgarti-katolikusok.de\\\/#\\\/schema\\\/person\\\/75908d6f8fdc03a57889d27209df7795\",\"name\":\"Tibor atya\",\"image\":{\"@type\":\"ImageObject\",\"inLanguage\":\"hu\",\"@id\":\"https:\\\/\\\/secure.gravatar.com\\\/avatar\\\/61d268e57d1f4525b111222e29d2d5a7f8c420fdbf231ba5566a8ceac74fa960?s=96&d=mm&r=g\",\"url\":\"https:\\\/\\\/secure.gravatar.com\\\/avatar\\\/61d268e57d1f4525b111222e29d2d5a7f8c420fdbf231ba5566a8ceac74fa960?s=96&d=mm&r=g\",\"contentUrl\":\"https:\\\/\\\/secure.gravatar.com\\\/avatar\\\/61d268e57d1f4525b111222e29d2d5a7f8c420fdbf231ba5566a8ceac74fa960?s=96&d=mm&r=g\",\"caption\":\"Tibor atya\"},\"url\":\"https:\\\/\\\/stuttgarti-katolikusok.de\\\/index.php\\\/author\\\/tibor-atya\\\/\"}]}<\/script>\n<!-- \/ Yoast SEO plugin. -->","yoast_head_json":{"title":"\u00c9vk\u00f6zi 4. vas\u00e1rnap - Stuttgarti Katolikusok","robots":{"index":"index","follow":"follow","max-snippet":"max-snippet:-1","max-image-preview":"max-image-preview:large","max-video-preview":"max-video-preview:-1"},"canonical":"https:\/\/stuttgarti-katolikusok.de\/index.php\/evkozi-4-vasarnap\/","og_locale":"hu_HU","og_type":"article","og_title":"\u00c9vk\u00f6zi 4. vas\u00e1rnap - Stuttgarti Katolikusok","og_description":"febru\u00e1r 3. \u00c9VK\u00d6ZI 4. VAS\u00c1RNAP &nbsp; \u201eIsten a szeretet\u201d (1 Jn 3, 9). Szeretetb\u0151l k\u00fcldi pr\u00f3f\u00e9t\u00e1it, majd Egysz\u00fcl\u00f6tt Fi\u00e1t, nemcsak az \u00f3sz\u00f6vets\u00e9gi v\u00e1lasztott n\u00e9phez, hanem minden n\u00e9phez. Aki a szeretetet gyakorolja, kedves lesz Isten el\u0151tt, mert tettei Istenhez hasonl\u00edtanak. KEZD\u0150\u00c9NEK\u00a0\u00a0 \u00a0\u00a0\u00a0\u00a0\u00a0\u00a0\u00a0\u00a0\u00a0\u00a0\u00a0\u00a0\u00a0\u00a0\u00a0\u00a0\u00a0\u00a0\u00a0\u00a0\u00a0\u00a0\u00a0\u00a0\u00a0\u00a0\u00a0\u00a0\u00a0\u00a0\u00a0\u00a0\u00a0\u00a0\u00a0\u00a0\u00a0\u00a0\u00a0\u00a0\u00a0\u00a0\u00a0\u00a0\u00a0\u00a0Zsolt 105, 47 Szabad\u00edts meg minket, Urunk, Isten\u00fcnk, \u00e9s gy\u0171jts egybe a pog\u00e1nyok k\u00f6z\u00fcl, hogy szent nevedet magasztaljuk, \u00e9s dics\u00e9reted legyen dicsekv\u00e9s\u00fcnk. OLVASM\u00c1NY\u00a0\u00a0\u00a0\u00a0\u00a0\u00a0\u00a0\u00a0\u00a0\u00a0\u00a0\u00a0 \u00a0\u00a0\u00a0\u00a0\u00a0\u00a0\u00a0\u00a0\u00a0\u00a0\u00a0\u00a0\u00a0\u00a0\u00a0\u00a0\u00a0\u00a0\u00a0\u00a0\u00a0\u00a0\u00a0\u00a0\u00a0\u00a0\u00a0\u00a0\u00a0\u00a0\u00a0\u00a0\u00a0Jer 1, 4\u20135. 17\u201319 Jeruzs\u00e1lemet idegen hadsereg ostromolta. Isten Jeremi\u00e1s pr\u00f3f\u00e9t\u00e1t v\u00e1lasztotta ki arra, hogy er\u0151t \u00f6nts\u00f6n az ostromolt v\u00e1ros cs\u00fcgged\u0151 lak\u00f3iba. Meg\u00edg\u00e9ri nekik, hogy mindig mellett\u00fck \u00e1ll majd \u00e9s nem tudja \u0151ket legy\u0151zni senki sem. Mi is b\u00edzhatunk Isten seg\u00edts\u00e9g\u00e9ben \u00e9s erej\u00e9ben, ha bel\u00e9je vetj\u00fck bizalmunkat. V\u00c1LASZOS ZSOLT\u00c1R \u00a0\u00a0\u00a0\u00a0\u00a0\u00a0\u00a0\u00a0\u00a0\u00a0\u00a0\u00a0\u00a0\u00a0\u00a0\u00a0\u00a0\u00a0\u00a0\u00a0\u00a0\u00a0\u00a0\u00a0\u00a0\u00a0\u00a0\u00a0\u00a0\u00a0\u00a0\u00a0\u00a0\u00a0\u00a0\u00a0\u00a070. Zsolt\u00e1r V\u00e1lasz: Ajkam hirdeti, * igazs\u00e1godat, Uram. SZENTLECKE \u00a0\u00a0\u00a0\u00a0\u00a0\u00a0\u00a0\u00a0\u00a0\u00a0\u00a0\u00a0\u00a0\u00a0\u00a0\u00a0\u00a0\u00a0\u00a0\u00a0\u00a0\u00a0\u00a0\u00a0\u00a0\u00a0\u00a0\u00a0\u00a0\u00a0\u00a0\u00a0\u00a0\u00a01 Kor 12, 13 \u2013 13, 13 Isten k\u00fcl\u00f6nf\u00e9le lelki adom\u00e1nyokkal halmozza el \u00f6v\u00e9it. Amit kaptunk t\u0151le, azzal ne dicsekedj\u00fcnk. Amit viszont m\u00e1soknak adott, azt ne irigyelj\u00fck. Van egy aj\u00e1nd\u00e9k, amely mindenki sz\u00e1m\u00e1ra k\u00f6z\u00f6s: ez a szeretet. Ezt mindenki megkapja \u00e9s gyakorolja is. Vagy r\u00f6videbb forma:1 Kor 13, 4\u2013 13 ALLELUJA\u00a0 \u00a0\u00a0\u00a0\u00a0\u00a0\u00a0\u00a0\u00a0\u00a0\u00a0\u00a0\u00a0\u00a0\u00a0\u00a0\u00a0\u00a0\u00a0\u00a0\u00a0\u00a0\u00a0\u00a0\u00a0\u00a0\u00a0\u00a0\u00a0\u00a0\u00a0\u00a0\u00a0\u00a0\u00a0\u00a0\u00a0\u00a0\u00a0\u00a0\u00a0\u00a0\u00a0\u00a0\u00a0\u00a0\u00a0\u00a0\u00a0\u00a0\u00a0\u00a0\u00a0\u00a0\u00a0\u00a0\u00a0\u00a0\u00a0\u00a0\u00a0\u00a0\u00a0\u00a0\u00a0\u00a0\u00a0\u00a0\u00a0Lk 4, 18 Az \u00dar elk\u00fcld\u00f6tt engem, hogy a szeg\u00e9nyeknek \u00f6r\u00f6mh\u00edrt vigyek, * \u00e9s a b\u0171n rabjainak szabad \u00e9letet hirdessek. EVANG\u00c9LIUM \u00a0\u00a0\u00a0\u00a0\u00a0\u00a0\u00a0\u00a0\u00a0\u00a0\u00a0\u00a0\u00a0\u00a0\u00a0\u00a0\u00a0\u00a0\u00a0\u00a0\u00a0\u00a0\u00a0\u00a0\u00a0\u00a0\u00a0\u00a0\u00a0\u00a0\u00a0\u00a0\u00a0\u00a0\u00a0\u00a0\u00a0\u00a0\u00a0\u00a0\u00a0\u00a0\u00a0\u00a0\u00a0\u00a0\u00a0Lk 4, 21\u201330 A zsid\u00f3k sz\u00e1mon k\u00e9rik J\u00e9zust\u00f3l: kit\u0151l kapta tudom\u00e1ny\u00e1t, honnan vette csodatev\u0151 erej\u00e9t. \u0150 arra hivatkozik, hogy Isten n\u00e9ha rendk\u00edv\u00fcli m\u00f3don osztogatja aj\u00e1nd\u00e9kait. \u00cdgy p\u00e9ld\u00e1ul a sz\u00e1reptai \u00f6zvegyasszony nem volt a v\u00e1lasztott n\u00e9p tagja. Ill\u00e9s pr\u00f3f\u00e9ta \u00e1ltal Isten m\u00e9gis \u0151rajta seg\u00edtett a nagy \u00e9h\u00edns\u00e9g idej\u00e9n. A zsid\u00f3k zokon vett\u00e9k, hogy J\u00e9zus egy pog\u00e1nyt el\u00e9j\u00fck helyezett, \u00e9s r\u00e1t\u00e1madtak, hogy letasz\u00edts\u00e1k a szikl\u00e1r\u00f3l. AZ EUCHARISZTI\u00c1HOZ J\u00e9zus az Euchariszti\u00e1ban nek\u00fcnk adja eg\u00e9sz \u00f6nmag\u00e1t. Viszonz\u00e1sul azt v\u00e1rja t\u0151l\u00fcnk, hogy mi is legy\u00fcnk eg\u00e9szen az \u00f6v\u00e9. \u00c1LDOZ\u00c1SI \u00c9NEK\u00a0\u00a0\u00a0\u00a0\u00a0\u00a0\u00a0\u00a0\u00a0\u00a0\u00a0\u00a0\u00a0\u00a0\u00a0\u00a0\u00a0\u00a0\u00a0\u00a0\u00a0\u00a0\u00a0\u00a0 \u00a0\u00a0\u00a0\u00a0\u00a0\u00a0\u00a0\u00a0\u00a0\u00a0\u00a0\u00a0\u00a0\u00a0\u00a0\u00a0Zsolt 30, 17\u201318 \u00a0 Szolg\u00e1d f\u00f6l\u00e9 ragyogtasd fel arcodat, irgalmass\u00e1godban szabad\u00edts meg engem. Uram, ne hagyd, hogy sz\u00e9gyent valljak, hiszen t\u00e9ged h\u00edvlak!... R\u00e9szletek","og_url":"https:\/\/stuttgarti-katolikusok.de\/index.php\/evkozi-4-vasarnap\/","og_site_name":"Stuttgarti Katolikusok","article_published_time":"2019-02-04T07:23:51+00:00","author":"Tibor atya","twitter_card":"summary_large_image","twitter_misc":{"Szerz\u0151:":"Tibor atya","Becs\u00fclt olvas\u00e1si id\u0151":"5 perc"},"schema":{"@context":"https:\/\/schema.org","@graph":[{"@type":"Article","@id":"https:\/\/stuttgarti-katolikusok.de\/index.php\/evkozi-4-vasarnap\/#article","isPartOf":{"@id":"https:\/\/stuttgarti-katolikusok.de\/index.php\/evkozi-4-vasarnap\/"},"author":{"name":"Tibor atya","@id":"https:\/\/stuttgarti-katolikusok.de\/#\/schema\/person\/75908d6f8fdc03a57889d27209df7795"},"headline":"\u00c9vk\u00f6zi 4. vas\u00e1rnap","datePublished":"2019-02-04T07:23:51+00:00","mainEntityOfPage":{"@id":"https:\/\/stuttgarti-katolikusok.de\/index.php\/evkozi-4-vasarnap\/"},"wordCount":960,"articleSection":["Vas\u00e1rnapi gondolatok"],"inLanguage":"hu"},{"@type":"WebPage","@id":"https:\/\/stuttgarti-katolikusok.de\/index.php\/evkozi-4-vasarnap\/","url":"https:\/\/stuttgarti-katolikusok.de\/index.php\/evkozi-4-vasarnap\/","name":"\u00c9vk\u00f6zi 4. vas\u00e1rnap - Stuttgarti Katolikusok","isPartOf":{"@id":"https:\/\/stuttgarti-katolikusok.de\/#website"},"datePublished":"2019-02-04T07:23:51+00:00","author":{"@id":"https:\/\/stuttgarti-katolikusok.de\/#\/schema\/person\/75908d6f8fdc03a57889d27209df7795"},"breadcrumb":{"@id":"https:\/\/stuttgarti-katolikusok.de\/index.php\/evkozi-4-vasarnap\/#breadcrumb"},"inLanguage":"hu","potentialAction":[{"@type":"ReadAction","target":["https:\/\/stuttgarti-katolikusok.de\/index.php\/evkozi-4-vasarnap\/"]}]},{"@type":"BreadcrumbList","@id":"https:\/\/stuttgarti-katolikusok.de\/index.php\/evkozi-4-vasarnap\/#breadcrumb","itemListElement":[{"@type":"ListItem","position":1,"name":"Kezd\u0151lap","item":"https:\/\/stuttgarti-katolikusok.de\/"},{"@type":"ListItem","position":2,"name":"\u00c9vk\u00f6zi 4. vas\u00e1rnap"}]},{"@type":"WebSite","@id":"https:\/\/stuttgarti-katolikusok.de\/#website","url":"https:\/\/stuttgarti-katolikusok.de\/","name":"Stuttgarti Katolikusok","description":"","potentialAction":[{"@type":"SearchAction","target":{"@type":"EntryPoint","urlTemplate":"https:\/\/stuttgarti-katolikusok.de\/?s={search_term_string}"},"query-input":{"@type":"PropertyValueSpecification","valueRequired":true,"valueName":"search_term_string"}}],"inLanguage":"hu"},{"@type":"Person","@id":"https:\/\/stuttgarti-katolikusok.de\/#\/schema\/person\/75908d6f8fdc03a57889d27209df7795","name":"Tibor atya","image":{"@type":"ImageObject","inLanguage":"hu","@id":"https:\/\/secure.gravatar.com\/avatar\/61d268e57d1f4525b111222e29d2d5a7f8c420fdbf231ba5566a8ceac74fa960?s=96&d=mm&r=g","url":"https:\/\/secure.gravatar.com\/avatar\/61d268e57d1f4525b111222e29d2d5a7f8c420fdbf231ba5566a8ceac74fa960?s=96&d=mm&r=g","contentUrl":"https:\/\/secure.gravatar.com\/avatar\/61d268e57d1f4525b111222e29d2d5a7f8c420fdbf231ba5566a8ceac74fa960?s=96&d=mm&r=g","caption":"Tibor atya"},"url":"https:\/\/stuttgarti-katolikusok.de\/index.php\/author\/tibor-atya\/"}]}},"_links":{"self":[{"href":"https:\/\/stuttgarti-katolikusok.de\/index.php\/wp-json\/wp\/v2\/posts\/16104","targetHints":{"allow":["GET"]}}],"collection":[{"href":"https:\/\/stuttgarti-katolikusok.de\/index.php\/wp-json\/wp\/v2\/posts"}],"about":[{"href":"https:\/\/stuttgarti-katolikusok.de\/index.php\/wp-json\/wp\/v2\/types\/post"}],"author":[{"embeddable":true,"href":"https:\/\/stuttgarti-katolikusok.de\/index.php\/wp-json\/wp\/v2\/users\/3"}],"replies":[{"embeddable":true,"href":"https:\/\/stuttgarti-katolikusok.de\/index.php\/wp-json\/wp\/v2\/comments?post=16104"}],"version-history":[{"count":1,"href":"https:\/\/stuttgarti-katolikusok.de\/index.php\/wp-json\/wp\/v2\/posts\/16104\/revisions"}],"predecessor-version":[{"id":16106,"href":"https:\/\/stuttgarti-katolikusok.de\/index.php\/wp-json\/wp\/v2\/posts\/16104\/revisions\/16106"}],"wp:attachment":[{"href":"https:\/\/stuttgarti-katolikusok.de\/index.php\/wp-json\/wp\/v2\/media?parent=16104"}],"wp:term":[{"taxonomy":"category","embeddable":true,"href":"https:\/\/stuttgarti-katolikusok.de\/index.php\/wp-json\/wp\/v2\/categories?post=16104"},{"taxonomy":"post_tag","embeddable":true,"href":"https:\/\/stuttgarti-katolikusok.de\/index.php\/wp-json\/wp\/v2\/tags?post=16104"}],"curies":[{"name":"wp","href":"https:\/\/api.w.org\/{rel}","templated":true}]}}