{"id":15913,"date":"2019-01-17T07:00:21","date_gmt":"2019-01-17T07:00:21","guid":{"rendered":"https:\/\/gracious-dewdney.138-201-221-2.plesk.page\/?p=15913"},"modified":"2019-01-18T07:55:47","modified_gmt":"2019-01-18T07:55:47","slug":"evkozi-2-vasarnap","status":"publish","type":"post","link":"https:\/\/stuttgarti-katolikusok.de\/index.php\/evkozi-2-vasarnap\/","title":{"rendered":"\u00c9vk\u00f6zi 2. vas\u00e1rnap"},"content":{"rendered":"<p><strong>2019. janu\u00e1r 20.<\/strong><\/p>\n<p><strong>\u00c9VK\u00d6ZI 2. VAS\u00c1RNAP<\/strong><\/p>\n<p>&nbsp;<\/p>\n<p>Az \u00e9vk\u00f6zi id\u0151 napjain tudatos\u00edtjuk magunkban, hogy J\u00e9zus az \u0151 Egyh\u00e1z\u00e1ban ma is itt \u00e9l k\u00f6z\u00f6tt\u00fcnk: tan\u00edt, vezet \u00e9s seg\u00edt minket, hogy \u00e9let\u00fcnk sikeres legyen, \u00e9s hogy napr\u00f3l napra el\u0151bbre jussunk az \u00fcdv\u00f6ss\u00e9g fel\u00e9 vezet\u0151 \u00faton.<\/p>\n<p><strong>KEZD\u0150\u00c9NEK\u00a0\u00a0 <\/strong>\u00a0\u00a0\u00a0\u00a0\u00a0\u00a0\u00a0\u00a0\u00a0\u00a0\u00a0\u00a0\u00a0\u00a0\u00a0\u00a0\u00a0\u00a0\u00a0\u00a0\u00a0\u00a0\u00a0\u00a0\u00a0\u00a0\u00a0\u00a0\u00a0\u00a0\u00a0\u00a0\u00a0\u00a0\u00a0\u00a0\u00a0\u00a0\u00a0\u00a0\u00a0\u00a0\u00a0\u00a0\u00a0\u00a0\u00a0\u00a0\u00a0\u00a0<em>Zsolt 65, 4<\/em><\/p>\n<p>Az eg\u00e9sz f\u00f6ld t\u00e9ged im\u00e1djon \u00e9s magasztaljon, Isten\u00fcnk, nevedet \u00e9nekkel dics\u00e9rje, f\u00f6ls\u00e9ges Urunk!<\/p>\n<p><strong>OLVASM\u00c1NY<\/strong>\u00a0\u00a0\u00a0\u00a0\u00a0\u00a0\u00a0\u00a0\u00a0\u00a0\u00a0\u00a0\u00a0\u00a0\u00a0\u00a0\u00a0\u00a0\u00a0\u00a0\u00a0\u00a0\u00a0\u00a0\u00a0\u00a0\u00a0\u00a0\u00a0\u00a0\u00a0\u00a0\u00a0\u00a0\u00a0\u00a0\u00a0\u00a0\u00a0\u00a0\u00a0\u00a0\u00a0\u00a0\u00a0\u00a0\u00a0\u00a0\u00a0\u00a0\u00a0\u00a0\u00a0\u00a0\u00a0\u00a0\u00a0\u00a0\u00a0 <em>Iz 62, 1-5<\/em><\/p>\n<p>A babiloni fogs\u00e1gb\u00f3l hazat\u00e9r\u0151 n\u00e9phez hasonl\u00f3an mi is f\u00f6ldi jutalmat rem\u00e9l\u00fcnk Istent\u0151l. \u0150 azonban enn\u00e9l \u00e9rt\u00e9kesebb aj\u00e1nd\u00e9kot sz\u00e1n nek\u00fcnk. V\u00e1lasztott n\u00e9p\u00e9t ism\u00e9t gondvisel\u0151 szeretet\u00e9be fogadta. Nek\u00fcnk pedig megadja az \u0151 orsz\u00e1g\u00e1nak lelki javait: a b\u0171nt\u0151l val\u00f3 szabadul\u00e1st, az istengyermeks\u00e9g aj\u00e1nd\u00e9k\u00e1t \u00e9s az \u00f6r\u00f6k \u00e9letet.<\/p>\n<p><strong>V\u00c1LASZOS ZSOLT\u00c1R<\/strong> \u00a0\u00a0\u00a0\u00a0\u00a0\u00a0\u00a0\u00a0\u00a0\u00a0\u00a0\u00a0\u00a0\u00a0\u00a0\u00a0\u00a0\u00a0\u00a0\u00a0\u00a0\u00a0\u00a0\u00a0\u00a0<em>\u00a0\u00a0\u00a0\u00a0\u00a0\u00a0\u00a0\u00a0\u00a0\u00a0\u00a0\u00a095. Zsolt\u00e1r <\/em><\/p>\n<p><strong>V\u00e1lasz: Hirdess\u00e9tek minden n<u>\u00e9<\/u>pnek, *<\/strong><\/p>\n<p><strong>\u00a0\u00a0\u00a0\u00a0\u00a0\u00a0\u00a0\u00a0\u00a0\u00a0\u00a0\u00a0 \u00a0mondj\u00e1tok el az <u>\u00da<\/u>r csod\u00e1s tetteit.<\/strong><\/p>\n<p><strong>SZENTLECKE<\/strong>\u00a0\u00a0 \u00a0\u00a0\u00a0\u00a0\u00a0\u00a0\u00a0\u00a0\u00a0\u00a0\u00a0\u00a0\u00a0\u00a0\u00a0\u00a0\u00a0\u00a0\u00a0\u00a0\u00a0\u00a0\u00a0\u00a0\u00a0\u00a0\u00a0\u00a0\u00a0\u00a0\u00a0\u00a0\u00a0\u00a0\u00a0\u00a0\u00a0\u00a0\u00a0\u00a0\u00a0\u00a0<em>1 Kor 12, 4-11<\/em><\/p>\n<p>Szent P\u00e1l apostol az 1 Korintusi lev\u00e9l 12-15. fejezet\u00e9ben felsorolja azokat a k\u00fcl\u00f6nf\u00e9le lelki adom\u00e1nyokat, amelyekkel az \u00dar a Szentl\u00e9lek \u00e1ltal elhalmozza Egyh\u00e1z\u00e1nak tagjait. Ki-ki \u00f6r\u00fclhet a kapott aj\u00e1nd\u00e9koknak, de soha ne felejtse el, hogy ezeket a k\u00f6z\u00f6ss\u00e9g sz\u00e1m\u00e1ra kell gy\u00fcm\u00f6lcs\u00f6ztetnie.<\/p>\n<p><strong>ALLELUJA <\/strong>\u00a0\u00a0\u00a0\u00a0\u00a0\u00a0\u00a0\u00a0\u00a0\u00a0\u00a0\u00a0\u00a0\u00a0\u00a0\u00a0\u00a0\u00a0\u00a0\u00a0\u00a0\u00a0\u00a0\u00a0\u00a0\u00a0\u00a0\u00a0\u00a0\u00a0\u00a0\u00a0\u00a0\u00a0\u00a0\u00a0\u00a0\u00a0\u00a0\u00a0\u00a0\u00a0\u00a0\u00a0\u00a0\u00a0\u00a0\u00a0\u00a0\u00a0\u00a0\u00a0\u00a0\u00a0\u00a0\u00a0\u00a0\u00a0\u00a0\u00a0<em>2 Tessz 2, 14<\/em><\/p>\n<p>Az evang\u00e9liumban Isten megh\u00edvott minket, * hogy Urunk J\u00e9zus Krisztus dics\u0151s\u00e9g\u00e9b\u0151l r\u00e9szt adjon nek\u00fcnk.<\/p>\n<p><strong>EVANG\u00c9LIUM<\/strong>\u00a0\u00a0\u00a0\u00a0\u00a0\u00a0\u00a0\u00a0\u00a0\u00a0\u00a0\u00a0\u00a0\u00a0\u00a0\u00a0\u00a0\u00a0\u00a0\u00a0\u00a0\u00a0\u00a0\u00a0\u00a0\u00a0\u00a0\u00a0\u00a0\u00a0\u00a0\u00a0\u00a0\u00a0\u00a0\u00a0\u00a0\u00a0\u00a0\u00a0\u00a0\u00a0\u00a0\u00a0\u00a0\u00a0\u00a0\u00a0\u00a0\u00a0 <em>Jn 2, 1-11<\/em><\/p>\n<p>\u00c9rdemes felfigyelni arra, hogy J\u00e9zus els\u0151 csod\u00e1j\u00e1t egy \u00f6r\u00f6mteli csal\u00e1di esem\u00e9ny: egy menyegz\u0151 alkalm\u00e1val m\u0171velte. Ebb\u0151l is kit\u0171nik, hogy az igazi \u00f6r\u00f6m nem idegen a kereszt\u00e9nys\u00e9gt\u0151l, mint ahogy ezt sokan \u00e1ll\u00edtj\u00e1k.<\/p>\n<p>A k\u00e1nai menyegz\u0151 t\u00f6rt\u00e9net\u00e9nek nagy tanuls\u00e1ga az is, hogy J\u00e9zus csodat\u00e9tele M\u00e1ria k\u00f6zbenj\u00e1r\u00e1s\u00e1ra t\u00f6rt\u00e9nt. Ez b\u00edztat\u00e1st jelent sz\u00e1munkra, hogy mi is mindig M\u00e1ria \u00e1ltal k\u00e9rj\u00fck J\u00e9zus kegyelm\u00e9t.<\/p>\n<p><strong>AZ EUCHARISZTI\u00c1HOZ<\/strong><\/p>\n<p>A k\u00e1nai menyegz\u0151 csod\u00e1j\u00e1hoz hasonl\u00f3 csoda t\u00f6rt\u00e9nik minden szentmis\u00e9ben is. Ott a v\u00edz borr\u00e1 v\u00e1ltozik, itt pedig a pap szava \u00e1ltal a bort szent v\u00e9r\u00e9v\u00e9 v\u00e1ltoztatja az \u00dar. Ezt a csod\u00e1t akkor \u00e9rt\u00e9kelj\u00fck igaz\u00e1n, ha az Euchariszti\u00e1t \u2013 az \u00dar test\u00e9t \u00e9s v\u00e9r\u00e9t \u2013 felhaszn\u00e1ljuk lelk\u00fcnk jav\u00e1ra.<\/p>\n<p><strong>\u00c1LDOZ\u00c1SI \u00c9NEK <\/strong>\u00a0\u00a0\u00a0\u00a0\u00a0\u00a0\u00a0\u00a0\u00a0\u00a0\u00a0\u00a0\u00a0\u00a0\u00a0\u00a0\u00a0\u00a0\u00a0\u00a0\u00a0\u00a0\u00a0\u00a0\u00a0\u00a0\u00a0\u00a0\u00a0\u00a0<em>Zsolt 22, 5 <\/em><\/p>\n<p>Asztalt ter\u00edtett\u00e9l nekem, \u00e9s pomp\u00e1s itallal t\u00f6lt\u00f6d meg serlegem.<\/p>\n<p>&nbsp;<\/p>\n<p><strong><em>\u201eIma minden, ami a sz\u00edvet Istenhez emeli.\u201d<\/em><\/strong><\/p>\n<p><em>Bosco Szent J\u00e1nos<\/em><\/p>\n<p><em>\u00a0<\/em><\/p>\n<p><strong>\u00d6KUMENIKUS IMAH\u00c9T<\/strong><\/p>\n<p><strong>A KRISZTUS-H\u00cdV\u0150K EGYS\u00c9G\u00c9\u00c9RT<\/strong><\/p>\n<p>Az \u00d6kumenikus Imah\u00e9t 2019. janu\u00e1r 20.-27. k\u00f6z\u00f6tt lesz. Az imah\u00e9t anyag\u00e1t az indon\u00e9z kereszt\u00e9ny testv\u00e9rek \u00e1ll\u00edtott\u00e1k \u00f6ssze, amelynek a k\u00f6zponti ig\u00e9je \u00edgy hangzik:<\/p>\n<p><strong>\u201eAz igazs\u00e1gra \u00e9s csakis az igazs\u00e1gra t\u00f6re-kedj\u2026\u201d(<\/strong>MT\u00f6rv\/5M\u00f3z 16,18-20)<\/p>\n<p><em>Im\u00e1dkozzunk a kereszt\u00e9nyek egys\u00e9g\u00e9\u00e9rt!<\/em><\/p>\n<p>&nbsp;<\/p>\n<p><strong>TESTV\u00c9REINK, A SZENTEK<\/strong><\/p>\n<p>Ebben az \u00e9vben <em>Szent F\u00e1bi\u00e1n<\/em> p\u00e1pa \u00e9s v\u00e9rtan\u00fa, valamint \u00e9s <em>Szent Sebesty\u00e9n<\/em> v\u00e9rtan\u00fa eml\u00e9knapja (janu\u00e1r 20.) elmarad.<\/p>\n<p>Janu\u00e1r 21-\u00e9n <em>Szent \u00c1gnes<\/em> sz\u0171z \u00e9s v\u00e9rtan\u00fa napj\u00e1t \u00fcnnepelj\u00fck. R\u00f3ma egyik legtiszteltebb v\u00e9rtan\u00fa szentje (+ 304 k\u00f6r\u00fcl). Gazdag csal\u00e1d gyermeke, alig 13 \u00e9vesen lett a tisztas\u00e1g v\u00e9rtan\u00faja. A gyenge \u00c1gnes megsz\u00e9gyen\u00edtette a vil\u00e1g er\u0151seit. Az \u00fcnnep\u00e9n meg\u00e1ldott b\u00e1r\u00e1nyok gyapj\u00faj\u00e1b\u00f3l k\u00e9sz\u00fcl a pallium, amelyet Szent P\u00e9ter s\u00edrj\u00e1ra helyeznek el\u0151sz\u00f6r, s innen adom\u00e1nyozza a p\u00e1pa egyes p\u00fcsp\u00f6k\u00f6knek. A pallium kifejezi a k\u00f6z\u00f6ss\u00e9get P\u00e9terrel \u00e9s mindenkori ut\u00f3dj\u00e1val.<\/p>\n<p>Janu\u00e1r 24-e <em>Szal\u00e9zi Szent Ferenc <\/em>p\u00fcsp\u00f6k, egyh\u00e1ztan\u00edt\u00f3 eml\u00e9knapja. A meg\u00fajul\u00f3 francia egyh\u00e1z egyik vez\u00e9ralakja, Genf p\u00fcsp\u00f6ke. Hitv\u00e9d\u0151, rendalap\u00edt\u00f3, kora lelkis\u00e9g\u00e9nek form\u00e1l\u00f3ja. A katolikus \u00edr\u00f3k p\u00e1rtfog\u00f3ja. <em>Fil\u00f3tea<\/em> c\u00edm\u0171 k\u00f6nyve ma is a legelterjedtebb lelki k\u00f6nyvek egyike. (+ 1622)<\/p>\n<p>Janu\u00e1r 25-e <em>Szent P\u00e1l<\/em> apostol megt\u00e9r\u00e9s\u00e9nek \u00fcnnepe (P\u00e1l-fordul\u00f3). Saul, a buzg\u00f3 farizeus Isten kegyelme \u00e1ltal megt\u00e9r a damaszkuszi \u00faton. A kereszt\u00e9nyek \u00fcld\u00f6z\u0151j\u00e9b\u0151l a n\u00e9pek apostola, P\u00e1l lett.<\/p>\n<p>Janu\u00e1r 26-a <em>Szent Tim\u00f3teus<\/em> \u00e9s <em>Szent Titusz<\/em> p\u00fcsp\u00f6k\u00f6k \u00fcnnepe.<\/p>\n<p><em>Istennek minden szentjei, k\u00f6ny\u00f6r\u00f6gjetek \u00e9rett\u00fcnk!<\/em><\/p>\n<p>&nbsp;<\/p>\n<p><strong>P\u00c1PAI L\u00c1TOGAT\u00c1S<\/strong><\/p>\n<p>A Vatik\u00e1n hivatalosan bejelentette: Ferenc p\u00e1pa m\u00e1jusban Rom\u00e1ni\u00e1ba utazik, Cs\u00edksomly\u00f3ra is ell\u00e1togat.<\/p>\n<p>A Szentsz\u00e9k k\u00f6zz\u00e9tette Alessandro Gisotti, a Szentsz\u00e9k sajt\u00f3irod\u00e1ja ideiglenes igazgat\u00f3j\u00e1nak nyilatkozat\u00e1t.<\/p>\n<p>A nyilatkozat sz\u00f6vege a k\u00f6vetkez\u0151: \u201eElfogadva az \u00e1llam eln\u00f6ke, hat\u00f3s\u00e1gai \u00e9s a Rom\u00e1niai Katolikus Egyh\u00e1z megh\u00edv\u00e1s\u00e1t, \u0150szents\u00e9ge Ferenc p\u00e1pa apostoli utat tesz az orsz\u00e1gban <strong>2019. m\u00e1jus 31. \u00e9s j\u00fanius 2.<\/strong> k\u00f6z\u00f6tt. Ell\u00e1togat Bukarest, J\u00e1szv\u00e1s\u00e1r (Ia\u015fi) \u00e9s Bal\u00e1zsfalva (Blaj) v\u00e1rosokba \u00e9s a cs\u00edksomly\u00f3i M\u00e1ria-kegyhelyre. A l\u00e1togat\u00e1s programj\u00e1t a k\u00e9s\u0151bbiekben tesz\u00fck k\u00f6zz\u00e9.\u201d<\/p>\n<p>Rom\u00e1ni\u00e1ban utolj\u00e1ra h\u00fasz \u00e9ve j\u00e1rt katolikus egyh\u00e1zf\u0151: II. J\u00e1nos P\u00e1l p\u00e1pa 1999. m\u00e1jus 7. \u00e9s 9. k\u00f6z\u00f6tt l\u00e1togatott el Bukarestbe. Ez volt az els\u0151 alkalom, hogy egy P\u00e9ter-ut\u00f3d ortodox t\u00f6bbs\u00e9g\u0171 orsz\u00e1gba utazott.<\/p>\n<p>Ferenc p\u00e1pa m\u00e1jus 31. \u00e9s j\u00fanius 2. k\u00f6z\u00f6tti rom\u00e1niai l\u00e1togat\u00e1s\u00e1nak mott\u00f3ja <strong>\u201eJ\u00e1rjunk egy\u00fctt az \u00faton!\u201d<\/strong> \u2013 \u201eIsten rom\u00e1niai n\u00e9pe egy\u00fctt j\u00e1r az \u00faton a Sz\u0171zanya oltalma alatt\u201d \u2013 k\u00f6z\u00f6lte a Szentsz\u00e9k.<\/p>\n<p><em>Forr\u00e1s: Szentsz\u00e9k sajt\u00f3irod\u00e1ja \/ Magyar Kur\u00edr<\/em><\/p>\n","protected":false},"excerpt":{"rendered":"<p>2019. janu\u00e1r 20. \u00c9VK\u00d6ZI 2. VAS\u00c1RNAP &nbsp; Az \u00e9vk\u00f6zi id\u0151 napjain tudatos\u00edtjuk magunkban, hogy J\u00e9zus az \u0151 Egyh\u00e1z\u00e1ban ma is itt \u00e9l k\u00f6z\u00f6tt\u00fcnk: tan\u00edt, vezet \u00e9s seg\u00edt minket, hogy \u00e9let\u00fcnk sikeres legyen, \u00e9s hogy napr\u00f3l napra el\u0151bbre jussunk az \u00fcdv\u00f6ss\u00e9g fel\u00e9 vezet\u0151 \u00faton. KEZD\u0150\u00c9NEK\u00a0\u00a0 \u00a0\u00a0\u00a0\u00a0\u00a0\u00a0\u00a0\u00a0\u00a0\u00a0\u00a0\u00a0\u00a0\u00a0\u00a0\u00a0\u00a0\u00a0\u00a0\u00a0\u00a0\u00a0\u00a0\u00a0\u00a0\u00a0\u00a0\u00a0\u00a0\u00a0\u00a0\u00a0\u00a0\u00a0\u00a0\u00a0\u00a0\u00a0\u00a0\u00a0\u00a0\u00a0\u00a0\u00a0\u00a0\u00a0\u00a0\u00a0\u00a0\u00a0Zsolt 65, 4 Az eg\u00e9sz f\u00f6ld t\u00e9ged im\u00e1djon \u00e9s magasztaljon, Isten\u00fcnk, nevedet \u00e9nekkel dics\u00e9rje, f\u00f6ls\u00e9ges Urunk! OLVASM\u00c1NY\u00a0\u00a0\u00a0\u00a0\u00a0\u00a0\u00a0\u00a0\u00a0\u00a0\u00a0\u00a0\u00a0\u00a0\u00a0\u00a0\u00a0\u00a0\u00a0\u00a0\u00a0\u00a0\u00a0\u00a0\u00a0\u00a0\u00a0\u00a0\u00a0\u00a0\u00a0\u00a0\u00a0\u00a0\u00a0\u00a0\u00a0\u00a0\u00a0\u00a0\u00a0\u00a0\u00a0\u00a0\u00a0\u00a0\u00a0\u00a0\u00a0\u00a0\u00a0\u00a0\u00a0\u00a0\u00a0\u00a0\u00a0\u00a0\u00a0 Iz 62, 1-5 A babiloni fogs\u00e1gb\u00f3l hazat\u00e9r\u0151 n\u00e9phez hasonl\u00f3an mi is f\u00f6ldi jutalmat rem\u00e9l\u00fcnk Istent\u0151l. \u0150 azonban enn\u00e9l \u00e9rt\u00e9kesebb aj\u00e1nd\u00e9kot sz\u00e1n nek\u00fcnk. V\u00e1lasztott n\u00e9p\u00e9t ism\u00e9t gondvisel\u0151 szeretet\u00e9be fogadta. Nek\u00fcnk pedig megadja az \u0151 orsz\u00e1g\u00e1nak lelki javait: a b\u0171nt\u0151l val\u00f3 szabadul\u00e1st, az istengyermeks\u00e9g aj\u00e1nd\u00e9k\u00e1t \u00e9s az \u00f6r\u00f6k \u00e9letet. V\u00c1LASZOS ZSOLT\u00c1R \u00a0\u00a0\u00a0\u00a0\u00a0\u00a0\u00a0\u00a0\u00a0\u00a0\u00a0\u00a0\u00a0\u00a0\u00a0\u00a0\u00a0\u00a0\u00a0\u00a0\u00a0\u00a0\u00a0\u00a0\u00a0\u00a0\u00a0\u00a0\u00a0\u00a0\u00a0\u00a0\u00a0\u00a0\u00a0\u00a0\u00a095. Zsolt\u00e1r V\u00e1lasz: Hirdess\u00e9tek minden n\u00e9pnek, * \u00a0\u00a0\u00a0\u00a0\u00a0\u00a0\u00a0\u00a0\u00a0\u00a0\u00a0\u00a0 \u00a0mondj\u00e1tok el az \u00dar csod\u00e1s tetteit. SZENTLECKE\u00a0\u00a0 \u00a0\u00a0\u00a0\u00a0\u00a0\u00a0\u00a0\u00a0\u00a0\u00a0\u00a0\u00a0\u00a0\u00a0\u00a0\u00a0\u00a0\u00a0\u00a0\u00a0\u00a0\u00a0\u00a0\u00a0\u00a0\u00a0\u00a0\u00a0\u00a0\u00a0\u00a0\u00a0\u00a0\u00a0\u00a0\u00a0\u00a0\u00a0\u00a0\u00a0\u00a0\u00a01 Kor 12, 4-11 Szent P\u00e1l apostol az 1 Korintusi lev\u00e9l 12-15. fejezet\u00e9ben felsorolja azokat a k\u00fcl\u00f6nf\u00e9le lelki adom\u00e1nyokat, amelyekkel az \u00dar a Szentl\u00e9lek \u00e1ltal elhalmozza Egyh\u00e1z\u00e1nak tagjait. Ki-ki \u00f6r\u00fclhet a kapott aj\u00e1nd\u00e9koknak, de soha ne felejtse el, hogy ezeket a k\u00f6z\u00f6ss\u00e9g sz\u00e1m\u00e1ra kell gy\u00fcm\u00f6lcs\u00f6ztetnie. ALLELUJA \u00a0\u00a0\u00a0\u00a0\u00a0\u00a0\u00a0\u00a0\u00a0\u00a0\u00a0\u00a0\u00a0\u00a0\u00a0\u00a0\u00a0\u00a0\u00a0\u00a0\u00a0\u00a0\u00a0\u00a0\u00a0\u00a0\u00a0\u00a0\u00a0\u00a0\u00a0\u00a0\u00a0\u00a0\u00a0\u00a0\u00a0\u00a0\u00a0\u00a0\u00a0\u00a0\u00a0\u00a0\u00a0\u00a0\u00a0\u00a0\u00a0\u00a0\u00a0\u00a0\u00a0\u00a0\u00a0\u00a0\u00a0\u00a0\u00a0\u00a02 Tessz 2, 14 Az evang\u00e9liumban Isten megh\u00edvott minket, * hogy Urunk J\u00e9zus Krisztus dics\u0151s\u00e9g\u00e9b\u0151l r\u00e9szt adjon nek\u00fcnk. EVANG\u00c9LIUM\u00a0\u00a0\u00a0\u00a0\u00a0\u00a0\u00a0\u00a0\u00a0\u00a0\u00a0\u00a0\u00a0\u00a0\u00a0\u00a0\u00a0\u00a0\u00a0\u00a0\u00a0\u00a0\u00a0\u00a0\u00a0\u00a0\u00a0\u00a0\u00a0\u00a0\u00a0\u00a0\u00a0\u00a0\u00a0\u00a0\u00a0\u00a0\u00a0\u00a0\u00a0\u00a0\u00a0\u00a0\u00a0\u00a0\u00a0\u00a0\u00a0\u00a0 Jn 2, 1-11 \u00c9rdemes felfigyelni arra, hogy J\u00e9zus els\u0151 csod\u00e1j\u00e1t egy \u00f6r\u00f6mteli csal\u00e1di esem\u00e9ny: egy menyegz\u0151 alkalm\u00e1val m\u0171velte. Ebb\u0151l is kit\u0171nik, hogy az igazi \u00f6r\u00f6m nem idegen a kereszt\u00e9nys\u00e9gt\u0151l, mint ahogy ezt sokan \u00e1ll\u00edtj\u00e1k. A k\u00e1nai menyegz\u0151 t\u00f6rt\u00e9net\u00e9nek nagy tanuls\u00e1ga az is, hogy J\u00e9zus csodat\u00e9tele M\u00e1ria k\u00f6zbenj\u00e1r\u00e1s\u00e1ra t\u00f6rt\u00e9nt. Ez b\u00edztat\u00e1st jelent sz\u00e1munkra, hogy mi is mindig M\u00e1ria \u00e1ltal k\u00e9rj\u00fck J\u00e9zus kegyelm\u00e9t. AZ EUCHARISZTI\u00c1HOZ A k\u00e1nai menyegz\u0151 csod\u00e1j\u00e1hoz hasonl\u00f3 csoda t\u00f6rt\u00e9nik minden szentmis\u00e9ben is. Ott a v\u00edz borr\u00e1 v\u00e1ltozik, itt pedig a pap szava \u00e1ltal a bort szent v\u00e9r\u00e9v\u00e9 v\u00e1ltoztatja az \u00dar. Ezt a csod\u00e1t akkor \u00e9rt\u00e9kelj\u00fck igaz\u00e1n, ha az Euchariszti\u00e1t \u2013 az \u00dar test\u00e9t \u00e9s v\u00e9r\u00e9t \u2013 felhaszn\u00e1ljuk lelk\u00fcnk jav\u00e1ra&#8230;. <\/p>\n<p><a class=\"readmore\" href=\"https:\/\/stuttgarti-katolikusok.de\/index.php\/evkozi-2-vasarnap\/\">R\u00e9szletek<\/a><\/p>\n","protected":false},"author":3,"featured_media":0,"comment_status":"closed","ping_status":"closed","sticky":false,"template":"","format":"standard","meta":{"footnotes":""},"categories":[63],"tags":[],"class_list":["post-15913","post","type-post","status-publish","format-standard","hentry","category-vasarnapi-gondolatok"],"yoast_head":"<!-- This site is optimized with the Yoast SEO plugin v27.3 - https:\/\/yoast.com\/product\/yoast-seo-wordpress\/ -->\n<title>\u00c9vk\u00f6zi 2. vas\u00e1rnap - Stuttgarti Katolikusok<\/title>\n<meta name=\"robots\" content=\"index, follow, max-snippet:-1, max-image-preview:large, max-video-preview:-1\" \/>\n<link rel=\"canonical\" href=\"https:\/\/stuttgarti-katolikusok.de\/index.php\/evkozi-2-vasarnap\/\" \/>\n<meta property=\"og:locale\" content=\"hu_HU\" \/>\n<meta property=\"og:type\" content=\"article\" \/>\n<meta property=\"og:title\" content=\"\u00c9vk\u00f6zi 2. vas\u00e1rnap - Stuttgarti Katolikusok\" \/>\n<meta property=\"og:description\" content=\"2019. janu\u00e1r 20. \u00c9VK\u00d6ZI 2. VAS\u00c1RNAP &nbsp; Az \u00e9vk\u00f6zi id\u0151 napjain tudatos\u00edtjuk magunkban, hogy J\u00e9zus az \u0151 Egyh\u00e1z\u00e1ban ma is itt \u00e9l k\u00f6z\u00f6tt\u00fcnk: tan\u00edt, vezet \u00e9s seg\u00edt minket, hogy \u00e9let\u00fcnk sikeres legyen, \u00e9s hogy napr\u00f3l napra el\u0151bbre jussunk az \u00fcdv\u00f6ss\u00e9g fel\u00e9 vezet\u0151 \u00faton. KEZD\u0150\u00c9NEK\u00a0\u00a0 \u00a0\u00a0\u00a0\u00a0\u00a0\u00a0\u00a0\u00a0\u00a0\u00a0\u00a0\u00a0\u00a0\u00a0\u00a0\u00a0\u00a0\u00a0\u00a0\u00a0\u00a0\u00a0\u00a0\u00a0\u00a0\u00a0\u00a0\u00a0\u00a0\u00a0\u00a0\u00a0\u00a0\u00a0\u00a0\u00a0\u00a0\u00a0\u00a0\u00a0\u00a0\u00a0\u00a0\u00a0\u00a0\u00a0\u00a0\u00a0\u00a0\u00a0Zsolt 65, 4 Az eg\u00e9sz f\u00f6ld t\u00e9ged im\u00e1djon \u00e9s magasztaljon, Isten\u00fcnk, nevedet \u00e9nekkel dics\u00e9rje, f\u00f6ls\u00e9ges Urunk! OLVASM\u00c1NY\u00a0\u00a0\u00a0\u00a0\u00a0\u00a0\u00a0\u00a0\u00a0\u00a0\u00a0\u00a0\u00a0\u00a0\u00a0\u00a0\u00a0\u00a0\u00a0\u00a0\u00a0\u00a0\u00a0\u00a0\u00a0\u00a0\u00a0\u00a0\u00a0\u00a0\u00a0\u00a0\u00a0\u00a0\u00a0\u00a0\u00a0\u00a0\u00a0\u00a0\u00a0\u00a0\u00a0\u00a0\u00a0\u00a0\u00a0\u00a0\u00a0\u00a0\u00a0\u00a0\u00a0\u00a0\u00a0\u00a0\u00a0\u00a0\u00a0 Iz 62, 1-5 A babiloni fogs\u00e1gb\u00f3l hazat\u00e9r\u0151 n\u00e9phez hasonl\u00f3an mi is f\u00f6ldi jutalmat rem\u00e9l\u00fcnk Istent\u0151l. \u0150 azonban enn\u00e9l \u00e9rt\u00e9kesebb aj\u00e1nd\u00e9kot sz\u00e1n nek\u00fcnk. V\u00e1lasztott n\u00e9p\u00e9t ism\u00e9t gondvisel\u0151 szeretet\u00e9be fogadta. Nek\u00fcnk pedig megadja az \u0151 orsz\u00e1g\u00e1nak lelki javait: a b\u0171nt\u0151l val\u00f3 szabadul\u00e1st, az istengyermeks\u00e9g aj\u00e1nd\u00e9k\u00e1t \u00e9s az \u00f6r\u00f6k \u00e9letet. V\u00c1LASZOS ZSOLT\u00c1R \u00a0\u00a0\u00a0\u00a0\u00a0\u00a0\u00a0\u00a0\u00a0\u00a0\u00a0\u00a0\u00a0\u00a0\u00a0\u00a0\u00a0\u00a0\u00a0\u00a0\u00a0\u00a0\u00a0\u00a0\u00a0\u00a0\u00a0\u00a0\u00a0\u00a0\u00a0\u00a0\u00a0\u00a0\u00a0\u00a0\u00a095. Zsolt\u00e1r V\u00e1lasz: Hirdess\u00e9tek minden n\u00e9pnek, * \u00a0\u00a0\u00a0\u00a0\u00a0\u00a0\u00a0\u00a0\u00a0\u00a0\u00a0\u00a0 \u00a0mondj\u00e1tok el az \u00dar csod\u00e1s tetteit. SZENTLECKE\u00a0\u00a0 \u00a0\u00a0\u00a0\u00a0\u00a0\u00a0\u00a0\u00a0\u00a0\u00a0\u00a0\u00a0\u00a0\u00a0\u00a0\u00a0\u00a0\u00a0\u00a0\u00a0\u00a0\u00a0\u00a0\u00a0\u00a0\u00a0\u00a0\u00a0\u00a0\u00a0\u00a0\u00a0\u00a0\u00a0\u00a0\u00a0\u00a0\u00a0\u00a0\u00a0\u00a0\u00a01 Kor 12, 4-11 Szent P\u00e1l apostol az 1 Korintusi lev\u00e9l 12-15. fejezet\u00e9ben felsorolja azokat a k\u00fcl\u00f6nf\u00e9le lelki adom\u00e1nyokat, amelyekkel az \u00dar a Szentl\u00e9lek \u00e1ltal elhalmozza Egyh\u00e1z\u00e1nak tagjait. Ki-ki \u00f6r\u00fclhet a kapott aj\u00e1nd\u00e9koknak, de soha ne felejtse el, hogy ezeket a k\u00f6z\u00f6ss\u00e9g sz\u00e1m\u00e1ra kell gy\u00fcm\u00f6lcs\u00f6ztetnie. ALLELUJA \u00a0\u00a0\u00a0\u00a0\u00a0\u00a0\u00a0\u00a0\u00a0\u00a0\u00a0\u00a0\u00a0\u00a0\u00a0\u00a0\u00a0\u00a0\u00a0\u00a0\u00a0\u00a0\u00a0\u00a0\u00a0\u00a0\u00a0\u00a0\u00a0\u00a0\u00a0\u00a0\u00a0\u00a0\u00a0\u00a0\u00a0\u00a0\u00a0\u00a0\u00a0\u00a0\u00a0\u00a0\u00a0\u00a0\u00a0\u00a0\u00a0\u00a0\u00a0\u00a0\u00a0\u00a0\u00a0\u00a0\u00a0\u00a0\u00a0\u00a02 Tessz 2, 14 Az evang\u00e9liumban Isten megh\u00edvott minket, * hogy Urunk J\u00e9zus Krisztus dics\u0151s\u00e9g\u00e9b\u0151l r\u00e9szt adjon nek\u00fcnk. EVANG\u00c9LIUM\u00a0\u00a0\u00a0\u00a0\u00a0\u00a0\u00a0\u00a0\u00a0\u00a0\u00a0\u00a0\u00a0\u00a0\u00a0\u00a0\u00a0\u00a0\u00a0\u00a0\u00a0\u00a0\u00a0\u00a0\u00a0\u00a0\u00a0\u00a0\u00a0\u00a0\u00a0\u00a0\u00a0\u00a0\u00a0\u00a0\u00a0\u00a0\u00a0\u00a0\u00a0\u00a0\u00a0\u00a0\u00a0\u00a0\u00a0\u00a0\u00a0\u00a0 Jn 2, 1-11 \u00c9rdemes felfigyelni arra, hogy J\u00e9zus els\u0151 csod\u00e1j\u00e1t egy \u00f6r\u00f6mteli csal\u00e1di esem\u00e9ny: egy menyegz\u0151 alkalm\u00e1val m\u0171velte. Ebb\u0151l is kit\u0171nik, hogy az igazi \u00f6r\u00f6m nem idegen a kereszt\u00e9nys\u00e9gt\u0151l, mint ahogy ezt sokan \u00e1ll\u00edtj\u00e1k. A k\u00e1nai menyegz\u0151 t\u00f6rt\u00e9net\u00e9nek nagy tanuls\u00e1ga az is, hogy J\u00e9zus csodat\u00e9tele M\u00e1ria k\u00f6zbenj\u00e1r\u00e1s\u00e1ra t\u00f6rt\u00e9nt. Ez b\u00edztat\u00e1st jelent sz\u00e1munkra, hogy mi is mindig M\u00e1ria \u00e1ltal k\u00e9rj\u00fck J\u00e9zus kegyelm\u00e9t. AZ EUCHARISZTI\u00c1HOZ A k\u00e1nai menyegz\u0151 csod\u00e1j\u00e1hoz hasonl\u00f3 csoda t\u00f6rt\u00e9nik minden szentmis\u00e9ben is. Ott a v\u00edz borr\u00e1 v\u00e1ltozik, itt pedig a pap szava \u00e1ltal a bort szent v\u00e9r\u00e9v\u00e9 v\u00e1ltoztatja az \u00dar. Ezt a csod\u00e1t akkor \u00e9rt\u00e9kelj\u00fck igaz\u00e1n, ha az Euchariszti\u00e1t \u2013 az \u00dar test\u00e9t \u00e9s v\u00e9r\u00e9t \u2013 felhaszn\u00e1ljuk lelk\u00fcnk jav\u00e1ra.... R\u00e9szletek\" \/>\n<meta property=\"og:url\" content=\"https:\/\/stuttgarti-katolikusok.de\/index.php\/evkozi-2-vasarnap\/\" \/>\n<meta property=\"og:site_name\" content=\"Stuttgarti Katolikusok\" \/>\n<meta property=\"article:published_time\" content=\"2019-01-17T07:00:21+00:00\" \/>\n<meta property=\"article:modified_time\" content=\"2019-01-18T07:55:47+00:00\" \/>\n<meta name=\"author\" content=\"Tibor atya\" \/>\n<meta name=\"twitter:card\" content=\"summary_large_image\" \/>\n<meta name=\"twitter:label1\" content=\"Szerz\u0151:\" \/>\n\t<meta name=\"twitter:data1\" content=\"Tibor atya\" \/>\n\t<meta name=\"twitter:label2\" content=\"Becs\u00fclt olvas\u00e1si id\u0151\" \/>\n\t<meta name=\"twitter:data2\" content=\"5 perc\" \/>\n<script type=\"application\/ld+json\" class=\"yoast-schema-graph\">{\"@context\":\"https:\\\/\\\/schema.org\",\"@graph\":[{\"@type\":\"Article\",\"@id\":\"https:\\\/\\\/stuttgarti-katolikusok.de\\\/index.php\\\/evkozi-2-vasarnap\\\/#article\",\"isPartOf\":{\"@id\":\"https:\\\/\\\/stuttgarti-katolikusok.de\\\/index.php\\\/evkozi-2-vasarnap\\\/\"},\"author\":{\"name\":\"Tibor atya\",\"@id\":\"https:\\\/\\\/stuttgarti-katolikusok.de\\\/#\\\/schema\\\/person\\\/75908d6f8fdc03a57889d27209df7795\"},\"headline\":\"\u00c9vk\u00f6zi 2. vas\u00e1rnap\",\"datePublished\":\"2019-01-17T07:00:21+00:00\",\"dateModified\":\"2019-01-18T07:55:47+00:00\",\"mainEntityOfPage\":{\"@id\":\"https:\\\/\\\/stuttgarti-katolikusok.de\\\/index.php\\\/evkozi-2-vasarnap\\\/\"},\"wordCount\":1028,\"articleSection\":[\"Vas\u00e1rnapi gondolatok\"],\"inLanguage\":\"hu\"},{\"@type\":\"WebPage\",\"@id\":\"https:\\\/\\\/stuttgarti-katolikusok.de\\\/index.php\\\/evkozi-2-vasarnap\\\/\",\"url\":\"https:\\\/\\\/stuttgarti-katolikusok.de\\\/index.php\\\/evkozi-2-vasarnap\\\/\",\"name\":\"\u00c9vk\u00f6zi 2. vas\u00e1rnap - Stuttgarti Katolikusok\",\"isPartOf\":{\"@id\":\"https:\\\/\\\/stuttgarti-katolikusok.de\\\/#website\"},\"datePublished\":\"2019-01-17T07:00:21+00:00\",\"dateModified\":\"2019-01-18T07:55:47+00:00\",\"author\":{\"@id\":\"https:\\\/\\\/stuttgarti-katolikusok.de\\\/#\\\/schema\\\/person\\\/75908d6f8fdc03a57889d27209df7795\"},\"breadcrumb\":{\"@id\":\"https:\\\/\\\/stuttgarti-katolikusok.de\\\/index.php\\\/evkozi-2-vasarnap\\\/#breadcrumb\"},\"inLanguage\":\"hu\",\"potentialAction\":[{\"@type\":\"ReadAction\",\"target\":[\"https:\\\/\\\/stuttgarti-katolikusok.de\\\/index.php\\\/evkozi-2-vasarnap\\\/\"]}]},{\"@type\":\"BreadcrumbList\",\"@id\":\"https:\\\/\\\/stuttgarti-katolikusok.de\\\/index.php\\\/evkozi-2-vasarnap\\\/#breadcrumb\",\"itemListElement\":[{\"@type\":\"ListItem\",\"position\":1,\"name\":\"Kezd\u0151lap\",\"item\":\"https:\\\/\\\/stuttgarti-katolikusok.de\\\/\"},{\"@type\":\"ListItem\",\"position\":2,\"name\":\"\u00c9vk\u00f6zi 2. vas\u00e1rnap\"}]},{\"@type\":\"WebSite\",\"@id\":\"https:\\\/\\\/stuttgarti-katolikusok.de\\\/#website\",\"url\":\"https:\\\/\\\/stuttgarti-katolikusok.de\\\/\",\"name\":\"Stuttgarti Katolikusok\",\"description\":\"\",\"potentialAction\":[{\"@type\":\"SearchAction\",\"target\":{\"@type\":\"EntryPoint\",\"urlTemplate\":\"https:\\\/\\\/stuttgarti-katolikusok.de\\\/?s={search_term_string}\"},\"query-input\":{\"@type\":\"PropertyValueSpecification\",\"valueRequired\":true,\"valueName\":\"search_term_string\"}}],\"inLanguage\":\"hu\"},{\"@type\":\"Person\",\"@id\":\"https:\\\/\\\/stuttgarti-katolikusok.de\\\/#\\\/schema\\\/person\\\/75908d6f8fdc03a57889d27209df7795\",\"name\":\"Tibor atya\",\"image\":{\"@type\":\"ImageObject\",\"inLanguage\":\"hu\",\"@id\":\"https:\\\/\\\/secure.gravatar.com\\\/avatar\\\/61d268e57d1f4525b111222e29d2d5a7f8c420fdbf231ba5566a8ceac74fa960?s=96&d=mm&r=g\",\"url\":\"https:\\\/\\\/secure.gravatar.com\\\/avatar\\\/61d268e57d1f4525b111222e29d2d5a7f8c420fdbf231ba5566a8ceac74fa960?s=96&d=mm&r=g\",\"contentUrl\":\"https:\\\/\\\/secure.gravatar.com\\\/avatar\\\/61d268e57d1f4525b111222e29d2d5a7f8c420fdbf231ba5566a8ceac74fa960?s=96&d=mm&r=g\",\"caption\":\"Tibor atya\"},\"url\":\"https:\\\/\\\/stuttgarti-katolikusok.de\\\/index.php\\\/author\\\/tibor-atya\\\/\"}]}<\/script>\n<!-- \/ Yoast SEO plugin. -->","yoast_head_json":{"title":"\u00c9vk\u00f6zi 2. vas\u00e1rnap - Stuttgarti Katolikusok","robots":{"index":"index","follow":"follow","max-snippet":"max-snippet:-1","max-image-preview":"max-image-preview:large","max-video-preview":"max-video-preview:-1"},"canonical":"https:\/\/stuttgarti-katolikusok.de\/index.php\/evkozi-2-vasarnap\/","og_locale":"hu_HU","og_type":"article","og_title":"\u00c9vk\u00f6zi 2. vas\u00e1rnap - Stuttgarti Katolikusok","og_description":"2019. janu\u00e1r 20. \u00c9VK\u00d6ZI 2. VAS\u00c1RNAP &nbsp; Az \u00e9vk\u00f6zi id\u0151 napjain tudatos\u00edtjuk magunkban, hogy J\u00e9zus az \u0151 Egyh\u00e1z\u00e1ban ma is itt \u00e9l k\u00f6z\u00f6tt\u00fcnk: tan\u00edt, vezet \u00e9s seg\u00edt minket, hogy \u00e9let\u00fcnk sikeres legyen, \u00e9s hogy napr\u00f3l napra el\u0151bbre jussunk az \u00fcdv\u00f6ss\u00e9g fel\u00e9 vezet\u0151 \u00faton. KEZD\u0150\u00c9NEK\u00a0\u00a0 \u00a0\u00a0\u00a0\u00a0\u00a0\u00a0\u00a0\u00a0\u00a0\u00a0\u00a0\u00a0\u00a0\u00a0\u00a0\u00a0\u00a0\u00a0\u00a0\u00a0\u00a0\u00a0\u00a0\u00a0\u00a0\u00a0\u00a0\u00a0\u00a0\u00a0\u00a0\u00a0\u00a0\u00a0\u00a0\u00a0\u00a0\u00a0\u00a0\u00a0\u00a0\u00a0\u00a0\u00a0\u00a0\u00a0\u00a0\u00a0\u00a0\u00a0Zsolt 65, 4 Az eg\u00e9sz f\u00f6ld t\u00e9ged im\u00e1djon \u00e9s magasztaljon, Isten\u00fcnk, nevedet \u00e9nekkel dics\u00e9rje, f\u00f6ls\u00e9ges Urunk! OLVASM\u00c1NY\u00a0\u00a0\u00a0\u00a0\u00a0\u00a0\u00a0\u00a0\u00a0\u00a0\u00a0\u00a0\u00a0\u00a0\u00a0\u00a0\u00a0\u00a0\u00a0\u00a0\u00a0\u00a0\u00a0\u00a0\u00a0\u00a0\u00a0\u00a0\u00a0\u00a0\u00a0\u00a0\u00a0\u00a0\u00a0\u00a0\u00a0\u00a0\u00a0\u00a0\u00a0\u00a0\u00a0\u00a0\u00a0\u00a0\u00a0\u00a0\u00a0\u00a0\u00a0\u00a0\u00a0\u00a0\u00a0\u00a0\u00a0\u00a0\u00a0 Iz 62, 1-5 A babiloni fogs\u00e1gb\u00f3l hazat\u00e9r\u0151 n\u00e9phez hasonl\u00f3an mi is f\u00f6ldi jutalmat rem\u00e9l\u00fcnk Istent\u0151l. \u0150 azonban enn\u00e9l \u00e9rt\u00e9kesebb aj\u00e1nd\u00e9kot sz\u00e1n nek\u00fcnk. V\u00e1lasztott n\u00e9p\u00e9t ism\u00e9t gondvisel\u0151 szeretet\u00e9be fogadta. Nek\u00fcnk pedig megadja az \u0151 orsz\u00e1g\u00e1nak lelki javait: a b\u0171nt\u0151l val\u00f3 szabadul\u00e1st, az istengyermeks\u00e9g aj\u00e1nd\u00e9k\u00e1t \u00e9s az \u00f6r\u00f6k \u00e9letet. V\u00c1LASZOS ZSOLT\u00c1R \u00a0\u00a0\u00a0\u00a0\u00a0\u00a0\u00a0\u00a0\u00a0\u00a0\u00a0\u00a0\u00a0\u00a0\u00a0\u00a0\u00a0\u00a0\u00a0\u00a0\u00a0\u00a0\u00a0\u00a0\u00a0\u00a0\u00a0\u00a0\u00a0\u00a0\u00a0\u00a0\u00a0\u00a0\u00a0\u00a0\u00a095. Zsolt\u00e1r V\u00e1lasz: Hirdess\u00e9tek minden n\u00e9pnek, * \u00a0\u00a0\u00a0\u00a0\u00a0\u00a0\u00a0\u00a0\u00a0\u00a0\u00a0\u00a0 \u00a0mondj\u00e1tok el az \u00dar csod\u00e1s tetteit. SZENTLECKE\u00a0\u00a0 \u00a0\u00a0\u00a0\u00a0\u00a0\u00a0\u00a0\u00a0\u00a0\u00a0\u00a0\u00a0\u00a0\u00a0\u00a0\u00a0\u00a0\u00a0\u00a0\u00a0\u00a0\u00a0\u00a0\u00a0\u00a0\u00a0\u00a0\u00a0\u00a0\u00a0\u00a0\u00a0\u00a0\u00a0\u00a0\u00a0\u00a0\u00a0\u00a0\u00a0\u00a0\u00a01 Kor 12, 4-11 Szent P\u00e1l apostol az 1 Korintusi lev\u00e9l 12-15. fejezet\u00e9ben felsorolja azokat a k\u00fcl\u00f6nf\u00e9le lelki adom\u00e1nyokat, amelyekkel az \u00dar a Szentl\u00e9lek \u00e1ltal elhalmozza Egyh\u00e1z\u00e1nak tagjait. Ki-ki \u00f6r\u00fclhet a kapott aj\u00e1nd\u00e9koknak, de soha ne felejtse el, hogy ezeket a k\u00f6z\u00f6ss\u00e9g sz\u00e1m\u00e1ra kell gy\u00fcm\u00f6lcs\u00f6ztetnie. ALLELUJA \u00a0\u00a0\u00a0\u00a0\u00a0\u00a0\u00a0\u00a0\u00a0\u00a0\u00a0\u00a0\u00a0\u00a0\u00a0\u00a0\u00a0\u00a0\u00a0\u00a0\u00a0\u00a0\u00a0\u00a0\u00a0\u00a0\u00a0\u00a0\u00a0\u00a0\u00a0\u00a0\u00a0\u00a0\u00a0\u00a0\u00a0\u00a0\u00a0\u00a0\u00a0\u00a0\u00a0\u00a0\u00a0\u00a0\u00a0\u00a0\u00a0\u00a0\u00a0\u00a0\u00a0\u00a0\u00a0\u00a0\u00a0\u00a0\u00a0\u00a02 Tessz 2, 14 Az evang\u00e9liumban Isten megh\u00edvott minket, * hogy Urunk J\u00e9zus Krisztus dics\u0151s\u00e9g\u00e9b\u0151l r\u00e9szt adjon nek\u00fcnk. EVANG\u00c9LIUM\u00a0\u00a0\u00a0\u00a0\u00a0\u00a0\u00a0\u00a0\u00a0\u00a0\u00a0\u00a0\u00a0\u00a0\u00a0\u00a0\u00a0\u00a0\u00a0\u00a0\u00a0\u00a0\u00a0\u00a0\u00a0\u00a0\u00a0\u00a0\u00a0\u00a0\u00a0\u00a0\u00a0\u00a0\u00a0\u00a0\u00a0\u00a0\u00a0\u00a0\u00a0\u00a0\u00a0\u00a0\u00a0\u00a0\u00a0\u00a0\u00a0\u00a0 Jn 2, 1-11 \u00c9rdemes felfigyelni arra, hogy J\u00e9zus els\u0151 csod\u00e1j\u00e1t egy \u00f6r\u00f6mteli csal\u00e1di esem\u00e9ny: egy menyegz\u0151 alkalm\u00e1val m\u0171velte. Ebb\u0151l is kit\u0171nik, hogy az igazi \u00f6r\u00f6m nem idegen a kereszt\u00e9nys\u00e9gt\u0151l, mint ahogy ezt sokan \u00e1ll\u00edtj\u00e1k. A k\u00e1nai menyegz\u0151 t\u00f6rt\u00e9net\u00e9nek nagy tanuls\u00e1ga az is, hogy J\u00e9zus csodat\u00e9tele M\u00e1ria k\u00f6zbenj\u00e1r\u00e1s\u00e1ra t\u00f6rt\u00e9nt. Ez b\u00edztat\u00e1st jelent sz\u00e1munkra, hogy mi is mindig M\u00e1ria \u00e1ltal k\u00e9rj\u00fck J\u00e9zus kegyelm\u00e9t. AZ EUCHARISZTI\u00c1HOZ A k\u00e1nai menyegz\u0151 csod\u00e1j\u00e1hoz hasonl\u00f3 csoda t\u00f6rt\u00e9nik minden szentmis\u00e9ben is. Ott a v\u00edz borr\u00e1 v\u00e1ltozik, itt pedig a pap szava \u00e1ltal a bort szent v\u00e9r\u00e9v\u00e9 v\u00e1ltoztatja az \u00dar. Ezt a csod\u00e1t akkor \u00e9rt\u00e9kelj\u00fck igaz\u00e1n, ha az Euchariszti\u00e1t \u2013 az \u00dar test\u00e9t \u00e9s v\u00e9r\u00e9t \u2013 felhaszn\u00e1ljuk lelk\u00fcnk jav\u00e1ra.... R\u00e9szletek","og_url":"https:\/\/stuttgarti-katolikusok.de\/index.php\/evkozi-2-vasarnap\/","og_site_name":"Stuttgarti Katolikusok","article_published_time":"2019-01-17T07:00:21+00:00","article_modified_time":"2019-01-18T07:55:47+00:00","author":"Tibor atya","twitter_card":"summary_large_image","twitter_misc":{"Szerz\u0151:":"Tibor atya","Becs\u00fclt olvas\u00e1si id\u0151":"5 perc"},"schema":{"@context":"https:\/\/schema.org","@graph":[{"@type":"Article","@id":"https:\/\/stuttgarti-katolikusok.de\/index.php\/evkozi-2-vasarnap\/#article","isPartOf":{"@id":"https:\/\/stuttgarti-katolikusok.de\/index.php\/evkozi-2-vasarnap\/"},"author":{"name":"Tibor atya","@id":"https:\/\/stuttgarti-katolikusok.de\/#\/schema\/person\/75908d6f8fdc03a57889d27209df7795"},"headline":"\u00c9vk\u00f6zi 2. vas\u00e1rnap","datePublished":"2019-01-17T07:00:21+00:00","dateModified":"2019-01-18T07:55:47+00:00","mainEntityOfPage":{"@id":"https:\/\/stuttgarti-katolikusok.de\/index.php\/evkozi-2-vasarnap\/"},"wordCount":1028,"articleSection":["Vas\u00e1rnapi gondolatok"],"inLanguage":"hu"},{"@type":"WebPage","@id":"https:\/\/stuttgarti-katolikusok.de\/index.php\/evkozi-2-vasarnap\/","url":"https:\/\/stuttgarti-katolikusok.de\/index.php\/evkozi-2-vasarnap\/","name":"\u00c9vk\u00f6zi 2. vas\u00e1rnap - Stuttgarti Katolikusok","isPartOf":{"@id":"https:\/\/stuttgarti-katolikusok.de\/#website"},"datePublished":"2019-01-17T07:00:21+00:00","dateModified":"2019-01-18T07:55:47+00:00","author":{"@id":"https:\/\/stuttgarti-katolikusok.de\/#\/schema\/person\/75908d6f8fdc03a57889d27209df7795"},"breadcrumb":{"@id":"https:\/\/stuttgarti-katolikusok.de\/index.php\/evkozi-2-vasarnap\/#breadcrumb"},"inLanguage":"hu","potentialAction":[{"@type":"ReadAction","target":["https:\/\/stuttgarti-katolikusok.de\/index.php\/evkozi-2-vasarnap\/"]}]},{"@type":"BreadcrumbList","@id":"https:\/\/stuttgarti-katolikusok.de\/index.php\/evkozi-2-vasarnap\/#breadcrumb","itemListElement":[{"@type":"ListItem","position":1,"name":"Kezd\u0151lap","item":"https:\/\/stuttgarti-katolikusok.de\/"},{"@type":"ListItem","position":2,"name":"\u00c9vk\u00f6zi 2. vas\u00e1rnap"}]},{"@type":"WebSite","@id":"https:\/\/stuttgarti-katolikusok.de\/#website","url":"https:\/\/stuttgarti-katolikusok.de\/","name":"Stuttgarti Katolikusok","description":"","potentialAction":[{"@type":"SearchAction","target":{"@type":"EntryPoint","urlTemplate":"https:\/\/stuttgarti-katolikusok.de\/?s={search_term_string}"},"query-input":{"@type":"PropertyValueSpecification","valueRequired":true,"valueName":"search_term_string"}}],"inLanguage":"hu"},{"@type":"Person","@id":"https:\/\/stuttgarti-katolikusok.de\/#\/schema\/person\/75908d6f8fdc03a57889d27209df7795","name":"Tibor atya","image":{"@type":"ImageObject","inLanguage":"hu","@id":"https:\/\/secure.gravatar.com\/avatar\/61d268e57d1f4525b111222e29d2d5a7f8c420fdbf231ba5566a8ceac74fa960?s=96&d=mm&r=g","url":"https:\/\/secure.gravatar.com\/avatar\/61d268e57d1f4525b111222e29d2d5a7f8c420fdbf231ba5566a8ceac74fa960?s=96&d=mm&r=g","contentUrl":"https:\/\/secure.gravatar.com\/avatar\/61d268e57d1f4525b111222e29d2d5a7f8c420fdbf231ba5566a8ceac74fa960?s=96&d=mm&r=g","caption":"Tibor atya"},"url":"https:\/\/stuttgarti-katolikusok.de\/index.php\/author\/tibor-atya\/"}]}},"_links":{"self":[{"href":"https:\/\/stuttgarti-katolikusok.de\/index.php\/wp-json\/wp\/v2\/posts\/15913","targetHints":{"allow":["GET"]}}],"collection":[{"href":"https:\/\/stuttgarti-katolikusok.de\/index.php\/wp-json\/wp\/v2\/posts"}],"about":[{"href":"https:\/\/stuttgarti-katolikusok.de\/index.php\/wp-json\/wp\/v2\/types\/post"}],"author":[{"embeddable":true,"href":"https:\/\/stuttgarti-katolikusok.de\/index.php\/wp-json\/wp\/v2\/users\/3"}],"replies":[{"embeddable":true,"href":"https:\/\/stuttgarti-katolikusok.de\/index.php\/wp-json\/wp\/v2\/comments?post=15913"}],"version-history":[{"count":3,"href":"https:\/\/stuttgarti-katolikusok.de\/index.php\/wp-json\/wp\/v2\/posts\/15913\/revisions"}],"predecessor-version":[{"id":15917,"href":"https:\/\/stuttgarti-katolikusok.de\/index.php\/wp-json\/wp\/v2\/posts\/15913\/revisions\/15917"}],"wp:attachment":[{"href":"https:\/\/stuttgarti-katolikusok.de\/index.php\/wp-json\/wp\/v2\/media?parent=15913"}],"wp:term":[{"taxonomy":"category","embeddable":true,"href":"https:\/\/stuttgarti-katolikusok.de\/index.php\/wp-json\/wp\/v2\/categories?post=15913"},{"taxonomy":"post_tag","embeddable":true,"href":"https:\/\/stuttgarti-katolikusok.de\/index.php\/wp-json\/wp\/v2\/tags?post=15913"}],"curies":[{"name":"wp","href":"https:\/\/api.w.org\/{rel}","templated":true}]}}