{"id":15885,"date":"2019-01-14T09:13:08","date_gmt":"2019-01-14T09:13:08","guid":{"rendered":"https:\/\/gracious-dewdney.138-201-221-2.plesk.page\/?p=15885"},"modified":"2019-01-14T10:16:08","modified_gmt":"2019-01-14T10:16:08","slug":"urunk-megkeresztelkedese","status":"publish","type":"post","link":"https:\/\/stuttgarti-katolikusok.de\/index.php\/urunk-megkeresztelkedese\/","title":{"rendered":"Urunk megkeresztelked\u00e9se"},"content":{"rendered":"<p><strong>2019. janu\u00e1r 13.<\/strong><\/p>\n<p><strong>URUNK MEGKERESZTELKED\u00c9SE<\/strong><\/p>\n<p>&nbsp;<\/p>\n<p>J\u00e9zusnak minden szava \u00e9rt\u00fcnk hangzott el, minden tett\u00e9t az ir\u00e1ntunk val\u00f3 szeretete vezette. Megkeresztelked\u00e9s\u00e9t is \u201ea mi okul\u00e1sunkra \u00edrt\u00e1k meg\u201d (1 Kor 10, 11). Ahogyan \u0151 be\u00e1llt a b\u0171nb\u00e1n\u00f3k sor\u00e1ba, \u00e1lljunk mi is b\u00e1tran a gy\u00f3ntat\u00f3sz\u00e9kek el\u0151tti sorba! K\u00f6vess\u00fck a L\u00e9lek szav\u00e1t, amikor arra int, hogy gy\u00f3njunk meg!<\/p>\n<p><strong>KEZD\u0150\u00c9NEK<\/strong>\u00a0\u00a0\u00a0\u00a0\u00a0\u00a0\u00a0\u00a0\u00a0\u00a0\u00a0\u00a0\u00a0\u00a0\u00a0\u00a0\u00a0\u00a0\u00a0\u00a0\u00a0\u00a0\u00a0\u00a0\u00a0\u00a0\u00a0\u00a0\u00a0\u00a0\u00a0\u00a0\u00a0\u00a0\u00a0\u00a0\u00a0\u00a0\u00a0\u00a0\u00a0\u00a0\u00a0\u00a0\u00a0\u00a0\u00a0\u00a0\u00a0 <em>V\u00f6. Mt 3, 16\u201317 <\/em><\/p>\n<p>Az \u00dar megkeresztelked\u00e9sekor megny\u00edlt az \u00e9g, a Szentl\u00e9lek mint galamb lebegett az \u00dar f\u00f6l\u00f6tt, \u00e9s a mennyei Atya szava hallatszott: Ez az \u00e9n szeretett Fiam, akiben kedvem telik.<\/p>\n<p><strong>OLVASM\u00c1NY <\/strong>\u00a0\u00a0\u00a0\u00a0\u00a0\u00a0\u00a0\u00a0\u00a0\u00a0\u00a0\u00a0\u00a0\u00a0\u00a0\u00a0\u00a0\u00a0\u00a0\u00a0\u00a0\u00a0\u00a0\u00a0\u00a0\u00a0\u00a0\u00a0\u00a0\u00a0\u00a0\u00a0\u00a0\u00a0\u00a0\u00a0\u00a0\u00a0\u00a0\u00a0\u00a0\u00a0\u00a0\u00a0<em>Iz 42, 1\u20134. 6\u20137<\/em><\/p>\n<p>A Megv\u00e1lt\u00f3 az Isten t\u00f6rv\u00e9ny\u00e9t hirdeti: az igazs\u00e1got, a h\u0171s\u00e9get \u00e9s a b\u0171nb\u00e1natot. Vajon mindezek megvannak-e benn\u00fcnk is?<\/p>\n<p><strong>V\u00c1LASZOS ZSOLT\u00c1R<\/strong>\u00a0\u00a0\u00a0\u00a0\u00a0\u00a0\u00a0\u00a0\u00a0\u00a0\u00a0\u00a0\u00a0\u00a0\u00a0\u00a0\u00a0\u00a0\u00a0\u00a0\u00a0\u00a0\u00a0\u00a0\u00a0\u00a0\u00a0\u00a0 <em>\u00a0\u00a0\u00a0\u00a0\u00a0\u00a0\u00a0\u00a0\u00a028. Zsolt\u00e1r<\/em><\/p>\n<p><strong>V\u00e1lasz: \u00c1ldja meg Isten <u>a<\/u>z \u0151 n\u00e9p\u00e9t: * <\/strong><\/p>\n<p><strong>\u00a0\u00a0\u00a0\u00a0\u00a0\u00a0\u00a0\u00a0\u00a0\u00a0\u00a0\u00a0\u00a0\u00a0 adjon neki b\u00e9kess\u00e9g<u>e<\/u>t.<\/strong><\/p>\n<p><strong>Vagy: <\/strong><strong>OLVASM\u00c1NY<\/strong>\u00a0\u00a0\u00a0\u00a0\u00a0\u00a0\u00a0\u00a0\u00a0\u00a0\u00a0\u00a0\u00a0\u00a0\u00a0\u00a0\u00a0\u00a0\u00a0\u00a0\u00a0\u00a0\u00a0\u00a0\u00a0\u00a0\u00a0\u00a0\u00a0\u00a0\u00a0\u00a0\u00a0\u00a0\u00a0\u00a0\u00a0\u00a0\u00a0\u00a0 <em>Iz 55, 1\u201311<\/em><\/p>\n<p><strong>V\u00c1LASZOS ZSOLT\u00c1R<\/strong>\u00a0\u00a0\u00a0\u00a0 \u00a0\u00a0\u00a0\u00a0\u00a0\u00a0\u00a0\u00a0<em>\u00a0\u00a0\u00a0\u00a0\u00a0\u00a0\u00a0\u00a0\u00a0Iz 12, 2\u20133. 4bcd. 5\u20136<\/em><\/p>\n<p><strong>V\u00e1lasz: \u00d6r\u00f6mmel mer\u00edts<u>e<\/u>tek vizet * <\/strong><\/p>\n<p><strong>\u00a0\u00a0\u00a0\u00a0\u00a0\u00a0\u00a0\u00a0\u00a0\u00a0\u00a0\u00a0\u00a0\u00a0 az \u00fcdv\u00f6ss\u00e9g forr\u00e1saib<u>\u00f3<\/u>l.<\/strong><\/p>\n<p><strong>SZENTLECKE<\/strong>\u00a0\u00a0\u00a0\u00a0\u00a0\u00a0\u00a0\u00a0\u00a0\u00a0\u00a0\u00a0\u00a0\u00a0\u00a0\u00a0\u00a0\u00a0\u00a0\u00a0\u00a0\u00a0\u00a0\u00a0\u00a0\u00a0\u00a0\u00a0\u00a0\u00a0\u00a0\u00a0\u00a0\u00a0\u00a0\u00a0\u00a0\u00a0\u00a0\u00a0 <em>ApCsel 10, 34\u201338<\/em><\/p>\n<p>Szent P\u00e9ter Krisztus p\u00e9ld\u00e1j\u00e1ra hivatkozik. \u0150t Isten f\u00f6lkente Szentl\u00e9lekkel \u00e9s er\u0151vel. K\u00f6r\u00fclj\u00e1rt \u00e9s j\u00f3tt tett mindenkivel. A kereszts\u00e9gben mi is elnyert\u00fck a Szentlelket. Az \u0151 ereje megl\u00e1tszik-e \u00e9let\u00fcnkben?<\/p>\n<p><strong>ALLELUJA <\/strong><em>\u00a0\u00a0\u00a0\u00a0\u00a0\u00a0\u00a0\u00a0\u00a0\u00a0\u00a0\u00a0\u00a0\u00a0\u00a0\u00a0\u00a0\u00a0\u00a0\u00a0\u00a0\u00a0\u00a0\u00a0\u00a0\u00a0\u00a0\u00a0\u00a0\u00a0\u00a0\u00a0\u00a0\u00a0\u00a0\u00a0\u00a0\u00a0\u00a0\u00a0\u00a0\u00a0\u00a0\u00a0\u00a0\u00a0\u00a0\u00a0\u00a0\u00a0\u00a0\u00a0\u00a0\u00a0\u00a0\u00a0\u00a0\u00a0\u00a0\u00a0Mk 9, 6<\/em><\/p>\n<p>Megny\u00edlt az \u00e9g, \u00e9s az Atya sz\u00f3zata hallatszott: * \u201eEz az \u00e9n szeretett Fiam, \u0151t hallgass\u00e1tok!\u201d<\/p>\n<p><strong>V<\/strong><strong>agy<\/strong><strong>: <\/strong><strong>SZENTLECKE<\/strong>\u00a0\u00a0\u00a0\u00a0\u00a0\u00a0\u00a0\u00a0\u00a0\u00a0\u00a0\u00a0\u00a0\u00a0\u00a0\u00a0\u00a0\u00a0\u00a0\u00a0\u00a0\u00a0\u00a0\u00a0\u00a0\u00a0\u00a0\u00a0\u00a0\u00a0\u00a0\u00a0\u00a0\u00a0\u00a0\u00a0\u00a0\u00a0\u00a0 <em>1 Jn 5<\/em><em>, 1\u20139<\/em><\/p>\n<p><strong>ALLELUJA<\/strong><em>\u00a0\u00a0\u00a0\u00a0\u00a0\u00a0\u00a0\u00a0\u00a0\u00a0\u00a0\u00a0\u00a0\u00a0\u00a0\u00a0\u00a0\u00a0\u00a0\u00a0\u00a0\u00a0\u00a0\u00a0\u00a0\u00a0\u00a0\u00a0\u00a0\u00a0\u00a0\u00a0\u00a0\u00a0\u00a0\u00a0\u00a0\u00a0\u00a0\u00a0\u00a0\u00a0\u00a0\u00a0\u00a0\u00a0\u00a0\u00a0\u00a0\u00a0\u00a0\u00a0\u00a0\u00a0\u00a0\u00a0\u00a0\u00a0\u00a0\u00a0 Jn 1, 29<\/em><\/p>\n<p>Amikor Keresztel\u0151 J\u00e1nos l\u00e1tta, hogy J\u00e9zus fel\u00e9je tart, \u00edgy sz\u00f3lt: \u00cdme, az Isten B\u00e1r\u00e1nya.<\/p>\n<p><strong>EVANG\u00c9LIUM<\/strong>\u00a0\u00a0\u00a0\u00a0\u00a0\u00a0\u00a0\u00a0\u00a0\u00a0\u00a0\u00a0\u00a0\u00a0\u00a0\u00a0\u00a0\u00a0\u00a0\u00a0\u00a0\u00a0\u00a0\u00a0\u00a0\u00a0\u00a0\u00a0\u00a0\u00a0\u00a0\u00a0\u00a0\u00a0\u00a0\u00a0\u00a0\u00a0\u00a0\u00a0\u00a0\u00a0\u00a0\u00a0 <em>Mk 1, 7\u201311<\/em><\/p>\n<p>Keresztel\u0151 Szent J\u00e1nos nagys\u00e1ga abban rejlik, hogy al\u00e1zatos, \u00f6nzetlen. Nem a saj\u00e1t dics\u0151s\u00e9g\u00e9t keresi, hanem hivat\u00e1s\u00e1t teljes\u00edti: arr\u00f3l besz\u00e9l, aki ut\u00e1na j\u00f6n, aki Szentl\u00e9lekkel keresztel, aki az Atya szeretett Fia.<\/p>\n<p><strong>AZ EUCHARISZTI\u00c1HOZ<\/strong><\/p>\n<p>J\u00e9zus a v\u00e1ll\u00e1ra vette a vil\u00e1g b\u0171neit, \u00e9s abban lelte \u00f6r\u00f6m\u00e9t, ha megbocs\u00e1tott. H\u00e1l\u00e1nkat azzal mutassuk ki ir\u00e1nta, hogy a b\u0171nt ker\u00fclj\u00fck. Ehhez ad er\u0151t a szentmise \u00e9s a szents\u00e9gi \u00e9let.<\/p>\n<p><strong>\u00c1LDOZ\u00c1SI \u00c9NEK<\/strong>\u00a0\u00a0\u00a0\u00a0\u00a0\u00a0\u00a0\u00a0\u00a0\u00a0\u00a0\u00a0\u00a0\u00a0\u00a0\u00a0\u00a0\u00a0\u00a0\u00a0\u00a0\u00a0\u00a0\u00a0\u00a0 <em>\u00a0\u00a0\u00a0\u00a0\u00a0\u00a0\u00a0\u00a0\u00a0\u00a0\u00a0\u00a0\u00a0\u00a0\u00a0\u00a0\u00a0\u00a0\u00a0\u00a0\u00a0\u00a0Jn 1, 32. 34<\/em><\/p>\n<p>\u00cdme, \u0151 az, akir\u0151l mondotta J\u00e1nos. \u00c9n l\u00e1ttam \u0151t, \u00e9s tan\u00fas\u00e1got tettem r\u00f3la, hogy az \u0151 az Isten Fia.<\/p>\n<p><strong>EGY GONDOLAT<\/strong><\/p>\n<p>Keresztel\u0151 J\u00e1nos a b\u0171nb\u00e1nat kereszts\u00e9g\u00e9t hirdette a n\u00e9pnek. J\u00e9zus is elj\u00f6tt \u2013 b\u00e1r b\u0171n n\u00e9lk\u00fcl val\u00f3 volt \u2013, hogy megkeresztelkedj\u00e9k a Jord\u00e1n viz\u00e9ben. Ezzel p\u00e9ld\u00e1t adott arra, hogy az al\u00e1zatoss\u00e1g \u00e9s a b\u0171nb\u00e1nat \u00e1ltal nyerhetj\u00fck el a lelki meg\u00fajul\u00e1st \u00e9s lehet\u00fcnk kedvesek Isten el\u0151tt.<\/p>\n<p><strong>ELM\u00c9LKED\u00c9S<\/strong><\/p>\n<p>A kereszts\u00e9g a r\u00e9gi ember hal\u00e1l\u00e1t, az \u00faj ember \u00e9let\u00e9t jelenti, benne van a megv\u00e1lt\u00e1s ereje. Cs\u00edrak\u00e9nt eg\u00e9sz \u00e9let\u00fcnk benne van, azt kell megval\u00f3s\u00edtani, tettekre v\u00e1ltani, amit a kereszts\u00e9g \u00e1ltal Isten l\u00e1thatatlanul m\u00e1r megval\u00f3s\u00edtott: napr\u00f3l napra meghalni a b\u0171nnek, s elk\u00f6telezni magunkat Isten akarat\u00e1nak.<\/p>\n<p>&nbsp;<\/p>\n<p><strong>A VIL\u00c1GOSS\u00c1G R\u00d3ZSAF\u00dcZ\u00c9R TITKAI<\/strong><\/p>\n<ol>\n<li>Aki a Jord\u00e1nban megkeresztelkedett<\/li>\n<li>Aki K\u00e1n\u00e1ban megmutatta isteni erej\u00e9t<\/li>\n<li>Aki meghirdette Isten orsz\u00e1g\u00e1t<\/li>\n<li>Aki a T\u00e1bor hegy\u00e9n megmutatta isteni dics\u0151s\u00e9g\u00e9t<\/li>\n<li>Aki az Eukhariszti\u00e1ban nek\u00fcnk adta mag\u00e1t<\/li>\n<\/ol>\n<p>&nbsp;<\/p>\n<p><strong>\u00c1RP\u00c1D-H\u00c1ZI SZENT MARGIT<\/strong><\/p>\n<p>Janu\u00e1r 18.<\/p>\n<p>A vesztett muhi csata ut\u00e1n IV. B\u00e9la kir\u00e1ly feles\u00e9g\u00e9vel, Laskaris M\u00e1ri\u00e1val egy\u00fctt Dalm\u00e1ci\u00e1ba menek\u00fclt. Ott, Klissza v\u00e1r\u00e1ban sz\u00fcletett Szent Margit 1242-ben. Sz\u00fclei felaj\u00e1nlott\u00e1k Magyarorsz\u00e1g\u00e9rt. Margit n\u00e9gy \u00e9ves kor\u00e1ban a veszpr\u00e9mi domonkos ap\u00e1c\u00e1khoz ker\u00fclt, \u00e9s ott gondos nevel\u00e9sben r\u00e9szes\u00fclt. K\u00e9s\u0151bb a Nyulak sziget\u00e9n l\u00e9v\u0151 z\u00e1rd\u00e1ba ker\u00fclt \u00e1t, amelyet atyja \u00e9p\u00edttetett. Visszautas\u00edtotta II. Ottok\u00e1r cseh, \u00e9s Anjou K\u00e1roly szic\u00edliai kir\u00e1ly h\u00e1zass\u00e1gi aj\u00e1nlat\u00e1t. 1261-ben \u00fcnnep\u00e9lyes fogadalmat tett. Az \u00f6nfegyelmez\u00e9s \u00e9s kereszt\u00e9ny szeretet p\u00e9ldak\u00e9pe. A legalacsonyabbrend\u0171 munk\u00e1t is sz\u00edvesen v\u00e9gezte, \u00e9s a legrosszabb ruh\u00e1kban j\u00e1rt. Napjait munk\u00e1ban, \u00e9jszak\u00e1it im\u00e1ds\u00e1gban t\u00f6lt\u00f6tte. Szents\u00e9g h\u00edr\u00e9ben halt meg 1271. janu\u00e1r 18-\u00e1n a Nyulak szigeti (ma Margit sziget) kolostorban.<\/p>\n<p>M\u00e1r 1271. j\u00fanius 13-\u00e1n k\u00e9rte V. Istv\u00e1n kir\u00e1ly (Margit b\u00e1tyja) h\u00faga szentt\u00e9 avat\u00e1s\u00e1t X. Gergely p\u00e1p\u00e1t\u00f3l, V. Ince 1276-ban \u00fajabb vizsg\u00e1latot ind\u00edtott, K\u00e1roly R\u00f3bert, M\u00e1ty\u00e1s kir\u00e1ly \u00e9s II. Ferdin\u00e1nt is s\u00fcrgette az elj\u00e1r\u00e1st. 1943. november 19-\u00e9n avatta v\u00e9g\u00fcl is szentt\u00e9 XII. Piusz p\u00e1pa. Hamvai ma is a (r\u00f3la elnevezett) Margit-szigeten nyugszanak egy hatalmas v\u00f6r\u00f6s m\u00e1rv\u00e1nylap alatt, ezt tisztel\u0151i helyezt\u00e9k el ott hal\u00e1l\u00e1nak 700 \u00e9ves \u00e9vfordul\u00f3j\u00e1n.<\/p>\n<p>&nbsp;<\/p>\n<p><strong>TAIZ\u00c9-I IM\u00c1DS\u00c1G <\/strong><\/p>\n<p><strong>AZ EGYH\u00c1Z MEG\u00daJUL\u00c1S\u00c1\u00c9RT<\/strong><\/p>\n<p>\u201e\u00c9l\u0151 Isten! J\u00f6jj, tedd lelk\u00fcnket Lelked templom\u00e1v\u00e1! Kereszteld meg t\u0171zzel eg\u00e9sz egyh\u00e1zadat, hogy megsz\u0171nj\u00f6n benne minden megoszl\u00e1s, \u00e9s \u00fagy jelenj\u00e9k meg a vil\u00e1g el\u0151tt, mint igazs\u00e1god oszlopa \u00e9s alapja. Add mindny\u00e1junknak Szentlelked gy\u00fcm\u00f6lcsek\u00e9nt a testv\u00e9ri szeretetet, az \u00f6r\u00f6m\u00f6t, a b\u00e9k\u00e9t, a t\u00fcrelmet, a j\u00f3akaratot, a h\u0171s\u00e9get. Szentlelked sz\u00f3ljon szolg\u00e1id ajk\u00e1val, amikor ig\u00e9det hirdetik itt \u00e9s minden\u00fctt\u2026 Teremts Lelked erej\u00e9vel egyet\u00e9rt\u00e9st.\u201d<\/p>\n","protected":false},"excerpt":{"rendered":"<p>2019. janu\u00e1r 13. URUNK MEGKERESZTELKED\u00c9SE &nbsp; J\u00e9zusnak minden szava \u00e9rt\u00fcnk hangzott el, minden tett\u00e9t az ir\u00e1ntunk val\u00f3 szeretete vezette. Megkeresztelked\u00e9s\u00e9t is \u201ea mi okul\u00e1sunkra \u00edrt\u00e1k meg\u201d (1 Kor 10, 11). Ahogyan \u0151 be\u00e1llt a b\u0171nb\u00e1n\u00f3k sor\u00e1ba, \u00e1lljunk mi is b\u00e1tran a gy\u00f3ntat\u00f3sz\u00e9kek el\u0151tti sorba! K\u00f6vess\u00fck a L\u00e9lek szav\u00e1t, amikor arra int, hogy gy\u00f3njunk meg! KEZD\u0150\u00c9NEK\u00a0\u00a0\u00a0\u00a0\u00a0\u00a0\u00a0\u00a0\u00a0\u00a0\u00a0\u00a0\u00a0\u00a0\u00a0\u00a0\u00a0\u00a0\u00a0\u00a0\u00a0\u00a0\u00a0\u00a0\u00a0\u00a0\u00a0\u00a0\u00a0\u00a0\u00a0\u00a0\u00a0\u00a0\u00a0\u00a0\u00a0\u00a0\u00a0\u00a0\u00a0\u00a0\u00a0\u00a0\u00a0\u00a0\u00a0\u00a0\u00a0 V\u00f6. Mt 3, 16\u201317 Az \u00dar megkeresztelked\u00e9sekor megny\u00edlt az \u00e9g, a Szentl\u00e9lek mint galamb lebegett az \u00dar f\u00f6l\u00f6tt, \u00e9s a mennyei Atya szava hallatszott: Ez az \u00e9n szeretett Fiam, akiben kedvem telik. OLVASM\u00c1NY \u00a0\u00a0\u00a0\u00a0\u00a0\u00a0\u00a0\u00a0\u00a0\u00a0\u00a0\u00a0\u00a0\u00a0\u00a0\u00a0\u00a0\u00a0\u00a0\u00a0\u00a0\u00a0\u00a0\u00a0\u00a0\u00a0\u00a0\u00a0\u00a0\u00a0\u00a0\u00a0\u00a0\u00a0\u00a0\u00a0\u00a0\u00a0\u00a0\u00a0\u00a0\u00a0\u00a0\u00a0Iz 42, 1\u20134. 6\u20137 A Megv\u00e1lt\u00f3 az Isten t\u00f6rv\u00e9ny\u00e9t hirdeti: az igazs\u00e1got, a h\u0171s\u00e9get \u00e9s a b\u0171nb\u00e1natot. Vajon mindezek megvannak-e benn\u00fcnk is? V\u00c1LASZOS ZSOLT\u00c1R\u00a0\u00a0\u00a0\u00a0\u00a0\u00a0\u00a0\u00a0\u00a0\u00a0\u00a0\u00a0\u00a0\u00a0\u00a0\u00a0\u00a0\u00a0\u00a0\u00a0\u00a0\u00a0\u00a0\u00a0\u00a0\u00a0\u00a0\u00a0 \u00a0\u00a0\u00a0\u00a0\u00a0\u00a0\u00a0\u00a0\u00a028. Zsolt\u00e1r V\u00e1lasz: \u00c1ldja meg Isten az \u0151 n\u00e9p\u00e9t: * \u00a0\u00a0\u00a0\u00a0\u00a0\u00a0\u00a0\u00a0\u00a0\u00a0\u00a0\u00a0\u00a0\u00a0 adjon neki b\u00e9kess\u00e9get. Vagy: OLVASM\u00c1NY\u00a0\u00a0\u00a0\u00a0\u00a0\u00a0\u00a0\u00a0\u00a0\u00a0\u00a0\u00a0\u00a0\u00a0\u00a0\u00a0\u00a0\u00a0\u00a0\u00a0\u00a0\u00a0\u00a0\u00a0\u00a0\u00a0\u00a0\u00a0\u00a0\u00a0\u00a0\u00a0\u00a0\u00a0\u00a0\u00a0\u00a0\u00a0\u00a0\u00a0 Iz 55, 1\u201311 V\u00c1LASZOS ZSOLT\u00c1R\u00a0\u00a0\u00a0\u00a0 \u00a0\u00a0\u00a0\u00a0\u00a0\u00a0\u00a0\u00a0\u00a0\u00a0\u00a0\u00a0\u00a0\u00a0\u00a0\u00a0\u00a0Iz 12, 2\u20133. 4bcd. 5\u20136 V\u00e1lasz: \u00d6r\u00f6mmel mer\u00edtsetek vizet * \u00a0\u00a0\u00a0\u00a0\u00a0\u00a0\u00a0\u00a0\u00a0\u00a0\u00a0\u00a0\u00a0\u00a0 az \u00fcdv\u00f6ss\u00e9g forr\u00e1saib\u00f3l. SZENTLECKE\u00a0\u00a0\u00a0\u00a0\u00a0\u00a0\u00a0\u00a0\u00a0\u00a0\u00a0\u00a0\u00a0\u00a0\u00a0\u00a0\u00a0\u00a0\u00a0\u00a0\u00a0\u00a0\u00a0\u00a0\u00a0\u00a0\u00a0\u00a0\u00a0\u00a0\u00a0\u00a0\u00a0\u00a0\u00a0\u00a0\u00a0\u00a0\u00a0\u00a0 ApCsel 10, 34\u201338 Szent P\u00e9ter Krisztus p\u00e9ld\u00e1j\u00e1ra hivatkozik. \u0150t Isten f\u00f6lkente Szentl\u00e9lekkel \u00e9s er\u0151vel. K\u00f6r\u00fclj\u00e1rt \u00e9s j\u00f3tt tett mindenkivel. A kereszts\u00e9gben mi is elnyert\u00fck a Szentlelket. Az \u0151 ereje megl\u00e1tszik-e \u00e9let\u00fcnkben? ALLELUJA \u00a0\u00a0\u00a0\u00a0\u00a0\u00a0\u00a0\u00a0\u00a0\u00a0\u00a0\u00a0\u00a0\u00a0\u00a0\u00a0\u00a0\u00a0\u00a0\u00a0\u00a0\u00a0\u00a0\u00a0\u00a0\u00a0\u00a0\u00a0\u00a0\u00a0\u00a0\u00a0\u00a0\u00a0\u00a0\u00a0\u00a0\u00a0\u00a0\u00a0\u00a0\u00a0\u00a0\u00a0\u00a0\u00a0\u00a0\u00a0\u00a0\u00a0\u00a0\u00a0\u00a0\u00a0\u00a0\u00a0\u00a0\u00a0\u00a0\u00a0Mk 9, 6 Megny\u00edlt az \u00e9g, \u00e9s az Atya sz\u00f3zata hallatszott: * \u201eEz az \u00e9n szeretett Fiam, \u0151t hallgass\u00e1tok!\u201d Vagy: SZENTLECKE\u00a0\u00a0\u00a0\u00a0\u00a0\u00a0\u00a0\u00a0\u00a0\u00a0\u00a0\u00a0\u00a0\u00a0\u00a0\u00a0\u00a0\u00a0\u00a0\u00a0\u00a0\u00a0\u00a0\u00a0\u00a0\u00a0\u00a0\u00a0\u00a0\u00a0\u00a0\u00a0\u00a0\u00a0\u00a0\u00a0\u00a0\u00a0\u00a0 1 Jn 5, 1\u20139 ALLELUJA\u00a0\u00a0\u00a0\u00a0\u00a0\u00a0\u00a0\u00a0\u00a0\u00a0\u00a0\u00a0\u00a0\u00a0\u00a0\u00a0\u00a0\u00a0\u00a0\u00a0\u00a0\u00a0\u00a0\u00a0\u00a0\u00a0\u00a0\u00a0\u00a0\u00a0\u00a0\u00a0\u00a0\u00a0\u00a0\u00a0\u00a0\u00a0\u00a0\u00a0\u00a0\u00a0\u00a0\u00a0\u00a0\u00a0\u00a0\u00a0\u00a0\u00a0\u00a0\u00a0\u00a0\u00a0\u00a0\u00a0\u00a0\u00a0\u00a0\u00a0 Jn 1, 29 Amikor Keresztel\u0151 J\u00e1nos l\u00e1tta, hogy J\u00e9zus fel\u00e9je tart, \u00edgy sz\u00f3lt: \u00cdme, az Isten B\u00e1r\u00e1nya. EVANG\u00c9LIUM\u00a0\u00a0\u00a0\u00a0\u00a0\u00a0\u00a0\u00a0\u00a0\u00a0\u00a0\u00a0\u00a0\u00a0\u00a0\u00a0\u00a0\u00a0\u00a0\u00a0\u00a0\u00a0\u00a0\u00a0\u00a0\u00a0\u00a0\u00a0\u00a0\u00a0\u00a0\u00a0\u00a0\u00a0\u00a0\u00a0\u00a0\u00a0\u00a0\u00a0\u00a0\u00a0\u00a0\u00a0 Mk 1, 7\u201311 Keresztel\u0151 Szent J\u00e1nos nagys\u00e1ga abban rejlik, hogy al\u00e1zatos, \u00f6nzetlen. Nem a saj\u00e1t dics\u0151s\u00e9g\u00e9t keresi, hanem hivat\u00e1s\u00e1t teljes\u00edti: arr\u00f3l besz\u00e9l, aki ut\u00e1na j\u00f6n, aki Szentl\u00e9lekkel keresztel, aki az Atya szeretett Fia. AZ EUCHARISZTI\u00c1HOZ J\u00e9zus a v\u00e1ll\u00e1ra vette a vil\u00e1g b\u0171neit, \u00e9s abban lelte \u00f6r\u00f6m\u00e9t, ha megbocs\u00e1tott. H\u00e1l\u00e1nkat azzal mutassuk ki ir\u00e1nta, hogy a b\u0171nt ker\u00fclj\u00fck. Ehhez ad er\u0151t a szentmise \u00e9s a szents\u00e9gi \u00e9let. \u00c1LDOZ\u00c1SI \u00c9NEK\u00a0\u00a0\u00a0\u00a0\u00a0\u00a0\u00a0\u00a0\u00a0\u00a0\u00a0\u00a0\u00a0\u00a0\u00a0\u00a0\u00a0\u00a0\u00a0\u00a0\u00a0\u00a0\u00a0\u00a0\u00a0 \u00a0\u00a0\u00a0\u00a0\u00a0\u00a0\u00a0\u00a0\u00a0\u00a0\u00a0\u00a0\u00a0\u00a0\u00a0\u00a0\u00a0\u00a0\u00a0\u00a0\u00a0\u00a0Jn 1, 32. 34 \u00cdme, \u0151 az, akir\u0151l&#8230; <\/p>\n<p><a class=\"readmore\" href=\"https:\/\/stuttgarti-katolikusok.de\/index.php\/urunk-megkeresztelkedese\/\">R\u00e9szletek<\/a><\/p>\n","protected":false},"author":3,"featured_media":0,"comment_status":"closed","ping_status":"closed","sticky":false,"template":"","format":"standard","meta":{"footnotes":""},"categories":[63],"tags":[],"class_list":["post-15885","post","type-post","status-publish","format-standard","hentry","category-vasarnapi-gondolatok"],"yoast_head":"<!-- This site is optimized with the Yoast SEO plugin v27.3 - https:\/\/yoast.com\/product\/yoast-seo-wordpress\/ -->\n<title>Urunk megkeresztelked\u00e9se - Stuttgarti Katolikusok<\/title>\n<meta name=\"robots\" content=\"index, follow, max-snippet:-1, max-image-preview:large, max-video-preview:-1\" \/>\n<link rel=\"canonical\" href=\"https:\/\/stuttgarti-katolikusok.de\/index.php\/urunk-megkeresztelkedese\/\" \/>\n<meta property=\"og:locale\" content=\"hu_HU\" \/>\n<meta property=\"og:type\" content=\"article\" \/>\n<meta property=\"og:title\" content=\"Urunk megkeresztelked\u00e9se - Stuttgarti Katolikusok\" \/>\n<meta property=\"og:description\" content=\"2019. janu\u00e1r 13. URUNK MEGKERESZTELKED\u00c9SE &nbsp; J\u00e9zusnak minden szava \u00e9rt\u00fcnk hangzott el, minden tett\u00e9t az ir\u00e1ntunk val\u00f3 szeretete vezette. Megkeresztelked\u00e9s\u00e9t is \u201ea mi okul\u00e1sunkra \u00edrt\u00e1k meg\u201d (1 Kor 10, 11). Ahogyan \u0151 be\u00e1llt a b\u0171nb\u00e1n\u00f3k sor\u00e1ba, \u00e1lljunk mi is b\u00e1tran a gy\u00f3ntat\u00f3sz\u00e9kek el\u0151tti sorba! K\u00f6vess\u00fck a L\u00e9lek szav\u00e1t, amikor arra int, hogy gy\u00f3njunk meg! KEZD\u0150\u00c9NEK\u00a0\u00a0\u00a0\u00a0\u00a0\u00a0\u00a0\u00a0\u00a0\u00a0\u00a0\u00a0\u00a0\u00a0\u00a0\u00a0\u00a0\u00a0\u00a0\u00a0\u00a0\u00a0\u00a0\u00a0\u00a0\u00a0\u00a0\u00a0\u00a0\u00a0\u00a0\u00a0\u00a0\u00a0\u00a0\u00a0\u00a0\u00a0\u00a0\u00a0\u00a0\u00a0\u00a0\u00a0\u00a0\u00a0\u00a0\u00a0\u00a0 V\u00f6. Mt 3, 16\u201317 Az \u00dar megkeresztelked\u00e9sekor megny\u00edlt az \u00e9g, a Szentl\u00e9lek mint galamb lebegett az \u00dar f\u00f6l\u00f6tt, \u00e9s a mennyei Atya szava hallatszott: Ez az \u00e9n szeretett Fiam, akiben kedvem telik. OLVASM\u00c1NY \u00a0\u00a0\u00a0\u00a0\u00a0\u00a0\u00a0\u00a0\u00a0\u00a0\u00a0\u00a0\u00a0\u00a0\u00a0\u00a0\u00a0\u00a0\u00a0\u00a0\u00a0\u00a0\u00a0\u00a0\u00a0\u00a0\u00a0\u00a0\u00a0\u00a0\u00a0\u00a0\u00a0\u00a0\u00a0\u00a0\u00a0\u00a0\u00a0\u00a0\u00a0\u00a0\u00a0\u00a0Iz 42, 1\u20134. 6\u20137 A Megv\u00e1lt\u00f3 az Isten t\u00f6rv\u00e9ny\u00e9t hirdeti: az igazs\u00e1got, a h\u0171s\u00e9get \u00e9s a b\u0171nb\u00e1natot. Vajon mindezek megvannak-e benn\u00fcnk is? V\u00c1LASZOS ZSOLT\u00c1R\u00a0\u00a0\u00a0\u00a0\u00a0\u00a0\u00a0\u00a0\u00a0\u00a0\u00a0\u00a0\u00a0\u00a0\u00a0\u00a0\u00a0\u00a0\u00a0\u00a0\u00a0\u00a0\u00a0\u00a0\u00a0\u00a0\u00a0\u00a0 \u00a0\u00a0\u00a0\u00a0\u00a0\u00a0\u00a0\u00a0\u00a028. Zsolt\u00e1r V\u00e1lasz: \u00c1ldja meg Isten az \u0151 n\u00e9p\u00e9t: * \u00a0\u00a0\u00a0\u00a0\u00a0\u00a0\u00a0\u00a0\u00a0\u00a0\u00a0\u00a0\u00a0\u00a0 adjon neki b\u00e9kess\u00e9get. Vagy: OLVASM\u00c1NY\u00a0\u00a0\u00a0\u00a0\u00a0\u00a0\u00a0\u00a0\u00a0\u00a0\u00a0\u00a0\u00a0\u00a0\u00a0\u00a0\u00a0\u00a0\u00a0\u00a0\u00a0\u00a0\u00a0\u00a0\u00a0\u00a0\u00a0\u00a0\u00a0\u00a0\u00a0\u00a0\u00a0\u00a0\u00a0\u00a0\u00a0\u00a0\u00a0\u00a0 Iz 55, 1\u201311 V\u00c1LASZOS ZSOLT\u00c1R\u00a0\u00a0\u00a0\u00a0 \u00a0\u00a0\u00a0\u00a0\u00a0\u00a0\u00a0\u00a0\u00a0\u00a0\u00a0\u00a0\u00a0\u00a0\u00a0\u00a0\u00a0Iz 12, 2\u20133. 4bcd. 5\u20136 V\u00e1lasz: \u00d6r\u00f6mmel mer\u00edtsetek vizet * \u00a0\u00a0\u00a0\u00a0\u00a0\u00a0\u00a0\u00a0\u00a0\u00a0\u00a0\u00a0\u00a0\u00a0 az \u00fcdv\u00f6ss\u00e9g forr\u00e1saib\u00f3l. SZENTLECKE\u00a0\u00a0\u00a0\u00a0\u00a0\u00a0\u00a0\u00a0\u00a0\u00a0\u00a0\u00a0\u00a0\u00a0\u00a0\u00a0\u00a0\u00a0\u00a0\u00a0\u00a0\u00a0\u00a0\u00a0\u00a0\u00a0\u00a0\u00a0\u00a0\u00a0\u00a0\u00a0\u00a0\u00a0\u00a0\u00a0\u00a0\u00a0\u00a0\u00a0 ApCsel 10, 34\u201338 Szent P\u00e9ter Krisztus p\u00e9ld\u00e1j\u00e1ra hivatkozik. \u0150t Isten f\u00f6lkente Szentl\u00e9lekkel \u00e9s er\u0151vel. K\u00f6r\u00fclj\u00e1rt \u00e9s j\u00f3tt tett mindenkivel. A kereszts\u00e9gben mi is elnyert\u00fck a Szentlelket. Az \u0151 ereje megl\u00e1tszik-e \u00e9let\u00fcnkben? ALLELUJA \u00a0\u00a0\u00a0\u00a0\u00a0\u00a0\u00a0\u00a0\u00a0\u00a0\u00a0\u00a0\u00a0\u00a0\u00a0\u00a0\u00a0\u00a0\u00a0\u00a0\u00a0\u00a0\u00a0\u00a0\u00a0\u00a0\u00a0\u00a0\u00a0\u00a0\u00a0\u00a0\u00a0\u00a0\u00a0\u00a0\u00a0\u00a0\u00a0\u00a0\u00a0\u00a0\u00a0\u00a0\u00a0\u00a0\u00a0\u00a0\u00a0\u00a0\u00a0\u00a0\u00a0\u00a0\u00a0\u00a0\u00a0\u00a0\u00a0\u00a0Mk 9, 6 Megny\u00edlt az \u00e9g, \u00e9s az Atya sz\u00f3zata hallatszott: * \u201eEz az \u00e9n szeretett Fiam, \u0151t hallgass\u00e1tok!\u201d Vagy: SZENTLECKE\u00a0\u00a0\u00a0\u00a0\u00a0\u00a0\u00a0\u00a0\u00a0\u00a0\u00a0\u00a0\u00a0\u00a0\u00a0\u00a0\u00a0\u00a0\u00a0\u00a0\u00a0\u00a0\u00a0\u00a0\u00a0\u00a0\u00a0\u00a0\u00a0\u00a0\u00a0\u00a0\u00a0\u00a0\u00a0\u00a0\u00a0\u00a0\u00a0 1 Jn 5, 1\u20139 ALLELUJA\u00a0\u00a0\u00a0\u00a0\u00a0\u00a0\u00a0\u00a0\u00a0\u00a0\u00a0\u00a0\u00a0\u00a0\u00a0\u00a0\u00a0\u00a0\u00a0\u00a0\u00a0\u00a0\u00a0\u00a0\u00a0\u00a0\u00a0\u00a0\u00a0\u00a0\u00a0\u00a0\u00a0\u00a0\u00a0\u00a0\u00a0\u00a0\u00a0\u00a0\u00a0\u00a0\u00a0\u00a0\u00a0\u00a0\u00a0\u00a0\u00a0\u00a0\u00a0\u00a0\u00a0\u00a0\u00a0\u00a0\u00a0\u00a0\u00a0\u00a0 Jn 1, 29 Amikor Keresztel\u0151 J\u00e1nos l\u00e1tta, hogy J\u00e9zus fel\u00e9je tart, \u00edgy sz\u00f3lt: \u00cdme, az Isten B\u00e1r\u00e1nya. EVANG\u00c9LIUM\u00a0\u00a0\u00a0\u00a0\u00a0\u00a0\u00a0\u00a0\u00a0\u00a0\u00a0\u00a0\u00a0\u00a0\u00a0\u00a0\u00a0\u00a0\u00a0\u00a0\u00a0\u00a0\u00a0\u00a0\u00a0\u00a0\u00a0\u00a0\u00a0\u00a0\u00a0\u00a0\u00a0\u00a0\u00a0\u00a0\u00a0\u00a0\u00a0\u00a0\u00a0\u00a0\u00a0\u00a0 Mk 1, 7\u201311 Keresztel\u0151 Szent J\u00e1nos nagys\u00e1ga abban rejlik, hogy al\u00e1zatos, \u00f6nzetlen. Nem a saj\u00e1t dics\u0151s\u00e9g\u00e9t keresi, hanem hivat\u00e1s\u00e1t teljes\u00edti: arr\u00f3l besz\u00e9l, aki ut\u00e1na j\u00f6n, aki Szentl\u00e9lekkel keresztel, aki az Atya szeretett Fia. AZ EUCHARISZTI\u00c1HOZ J\u00e9zus a v\u00e1ll\u00e1ra vette a vil\u00e1g b\u0171neit, \u00e9s abban lelte \u00f6r\u00f6m\u00e9t, ha megbocs\u00e1tott. H\u00e1l\u00e1nkat azzal mutassuk ki ir\u00e1nta, hogy a b\u0171nt ker\u00fclj\u00fck. Ehhez ad er\u0151t a szentmise \u00e9s a szents\u00e9gi \u00e9let. \u00c1LDOZ\u00c1SI \u00c9NEK\u00a0\u00a0\u00a0\u00a0\u00a0\u00a0\u00a0\u00a0\u00a0\u00a0\u00a0\u00a0\u00a0\u00a0\u00a0\u00a0\u00a0\u00a0\u00a0\u00a0\u00a0\u00a0\u00a0\u00a0\u00a0 \u00a0\u00a0\u00a0\u00a0\u00a0\u00a0\u00a0\u00a0\u00a0\u00a0\u00a0\u00a0\u00a0\u00a0\u00a0\u00a0\u00a0\u00a0\u00a0\u00a0\u00a0\u00a0Jn 1, 32. 34 \u00cdme, \u0151 az, akir\u0151l... R\u00e9szletek\" \/>\n<meta property=\"og:url\" content=\"https:\/\/stuttgarti-katolikusok.de\/index.php\/urunk-megkeresztelkedese\/\" \/>\n<meta property=\"og:site_name\" content=\"Stuttgarti Katolikusok\" \/>\n<meta property=\"article:published_time\" content=\"2019-01-14T09:13:08+00:00\" \/>\n<meta property=\"article:modified_time\" content=\"2019-01-14T10:16:08+00:00\" \/>\n<meta name=\"author\" content=\"Tibor atya\" \/>\n<meta name=\"twitter:card\" content=\"summary_large_image\" \/>\n<meta name=\"twitter:label1\" content=\"Szerz\u0151:\" \/>\n\t<meta name=\"twitter:data1\" content=\"Tibor atya\" \/>\n\t<meta name=\"twitter:label2\" content=\"Becs\u00fclt olvas\u00e1si id\u0151\" \/>\n\t<meta name=\"twitter:data2\" content=\"5 perc\" \/>\n<script type=\"application\/ld+json\" class=\"yoast-schema-graph\">{\"@context\":\"https:\\\/\\\/schema.org\",\"@graph\":[{\"@type\":\"Article\",\"@id\":\"https:\\\/\\\/stuttgarti-katolikusok.de\\\/index.php\\\/urunk-megkeresztelkedese\\\/#article\",\"isPartOf\":{\"@id\":\"https:\\\/\\\/stuttgarti-katolikusok.de\\\/index.php\\\/urunk-megkeresztelkedese\\\/\"},\"author\":{\"name\":\"Tibor atya\",\"@id\":\"https:\\\/\\\/stuttgarti-katolikusok.de\\\/#\\\/schema\\\/person\\\/75908d6f8fdc03a57889d27209df7795\"},\"headline\":\"Urunk megkeresztelked\u00e9se\",\"datePublished\":\"2019-01-14T09:13:08+00:00\",\"dateModified\":\"2019-01-14T10:16:08+00:00\",\"mainEntityOfPage\":{\"@id\":\"https:\\\/\\\/stuttgarti-katolikusok.de\\\/index.php\\\/urunk-megkeresztelkedese\\\/\"},\"wordCount\":975,\"articleSection\":[\"Vas\u00e1rnapi gondolatok\"],\"inLanguage\":\"hu\"},{\"@type\":\"WebPage\",\"@id\":\"https:\\\/\\\/stuttgarti-katolikusok.de\\\/index.php\\\/urunk-megkeresztelkedese\\\/\",\"url\":\"https:\\\/\\\/stuttgarti-katolikusok.de\\\/index.php\\\/urunk-megkeresztelkedese\\\/\",\"name\":\"Urunk megkeresztelked\u00e9se - Stuttgarti Katolikusok\",\"isPartOf\":{\"@id\":\"https:\\\/\\\/stuttgarti-katolikusok.de\\\/#website\"},\"datePublished\":\"2019-01-14T09:13:08+00:00\",\"dateModified\":\"2019-01-14T10:16:08+00:00\",\"author\":{\"@id\":\"https:\\\/\\\/stuttgarti-katolikusok.de\\\/#\\\/schema\\\/person\\\/75908d6f8fdc03a57889d27209df7795\"},\"breadcrumb\":{\"@id\":\"https:\\\/\\\/stuttgarti-katolikusok.de\\\/index.php\\\/urunk-megkeresztelkedese\\\/#breadcrumb\"},\"inLanguage\":\"hu\",\"potentialAction\":[{\"@type\":\"ReadAction\",\"target\":[\"https:\\\/\\\/stuttgarti-katolikusok.de\\\/index.php\\\/urunk-megkeresztelkedese\\\/\"]}]},{\"@type\":\"BreadcrumbList\",\"@id\":\"https:\\\/\\\/stuttgarti-katolikusok.de\\\/index.php\\\/urunk-megkeresztelkedese\\\/#breadcrumb\",\"itemListElement\":[{\"@type\":\"ListItem\",\"position\":1,\"name\":\"Kezd\u0151lap\",\"item\":\"https:\\\/\\\/stuttgarti-katolikusok.de\\\/\"},{\"@type\":\"ListItem\",\"position\":2,\"name\":\"Urunk megkeresztelked\u00e9se\"}]},{\"@type\":\"WebSite\",\"@id\":\"https:\\\/\\\/stuttgarti-katolikusok.de\\\/#website\",\"url\":\"https:\\\/\\\/stuttgarti-katolikusok.de\\\/\",\"name\":\"Stuttgarti Katolikusok\",\"description\":\"\",\"potentialAction\":[{\"@type\":\"SearchAction\",\"target\":{\"@type\":\"EntryPoint\",\"urlTemplate\":\"https:\\\/\\\/stuttgarti-katolikusok.de\\\/?s={search_term_string}\"},\"query-input\":{\"@type\":\"PropertyValueSpecification\",\"valueRequired\":true,\"valueName\":\"search_term_string\"}}],\"inLanguage\":\"hu\"},{\"@type\":\"Person\",\"@id\":\"https:\\\/\\\/stuttgarti-katolikusok.de\\\/#\\\/schema\\\/person\\\/75908d6f8fdc03a57889d27209df7795\",\"name\":\"Tibor atya\",\"image\":{\"@type\":\"ImageObject\",\"inLanguage\":\"hu\",\"@id\":\"https:\\\/\\\/secure.gravatar.com\\\/avatar\\\/61d268e57d1f4525b111222e29d2d5a7f8c420fdbf231ba5566a8ceac74fa960?s=96&d=mm&r=g\",\"url\":\"https:\\\/\\\/secure.gravatar.com\\\/avatar\\\/61d268e57d1f4525b111222e29d2d5a7f8c420fdbf231ba5566a8ceac74fa960?s=96&d=mm&r=g\",\"contentUrl\":\"https:\\\/\\\/secure.gravatar.com\\\/avatar\\\/61d268e57d1f4525b111222e29d2d5a7f8c420fdbf231ba5566a8ceac74fa960?s=96&d=mm&r=g\",\"caption\":\"Tibor atya\"},\"url\":\"https:\\\/\\\/stuttgarti-katolikusok.de\\\/index.php\\\/author\\\/tibor-atya\\\/\"}]}<\/script>\n<!-- \/ Yoast SEO plugin. -->","yoast_head_json":{"title":"Urunk megkeresztelked\u00e9se - Stuttgarti Katolikusok","robots":{"index":"index","follow":"follow","max-snippet":"max-snippet:-1","max-image-preview":"max-image-preview:large","max-video-preview":"max-video-preview:-1"},"canonical":"https:\/\/stuttgarti-katolikusok.de\/index.php\/urunk-megkeresztelkedese\/","og_locale":"hu_HU","og_type":"article","og_title":"Urunk megkeresztelked\u00e9se - Stuttgarti Katolikusok","og_description":"2019. janu\u00e1r 13. URUNK MEGKERESZTELKED\u00c9SE &nbsp; J\u00e9zusnak minden szava \u00e9rt\u00fcnk hangzott el, minden tett\u00e9t az ir\u00e1ntunk val\u00f3 szeretete vezette. Megkeresztelked\u00e9s\u00e9t is \u201ea mi okul\u00e1sunkra \u00edrt\u00e1k meg\u201d (1 Kor 10, 11). Ahogyan \u0151 be\u00e1llt a b\u0171nb\u00e1n\u00f3k sor\u00e1ba, \u00e1lljunk mi is b\u00e1tran a gy\u00f3ntat\u00f3sz\u00e9kek el\u0151tti sorba! K\u00f6vess\u00fck a L\u00e9lek szav\u00e1t, amikor arra int, hogy gy\u00f3njunk meg! KEZD\u0150\u00c9NEK\u00a0\u00a0\u00a0\u00a0\u00a0\u00a0\u00a0\u00a0\u00a0\u00a0\u00a0\u00a0\u00a0\u00a0\u00a0\u00a0\u00a0\u00a0\u00a0\u00a0\u00a0\u00a0\u00a0\u00a0\u00a0\u00a0\u00a0\u00a0\u00a0\u00a0\u00a0\u00a0\u00a0\u00a0\u00a0\u00a0\u00a0\u00a0\u00a0\u00a0\u00a0\u00a0\u00a0\u00a0\u00a0\u00a0\u00a0\u00a0\u00a0 V\u00f6. Mt 3, 16\u201317 Az \u00dar megkeresztelked\u00e9sekor megny\u00edlt az \u00e9g, a Szentl\u00e9lek mint galamb lebegett az \u00dar f\u00f6l\u00f6tt, \u00e9s a mennyei Atya szava hallatszott: Ez az \u00e9n szeretett Fiam, akiben kedvem telik. OLVASM\u00c1NY \u00a0\u00a0\u00a0\u00a0\u00a0\u00a0\u00a0\u00a0\u00a0\u00a0\u00a0\u00a0\u00a0\u00a0\u00a0\u00a0\u00a0\u00a0\u00a0\u00a0\u00a0\u00a0\u00a0\u00a0\u00a0\u00a0\u00a0\u00a0\u00a0\u00a0\u00a0\u00a0\u00a0\u00a0\u00a0\u00a0\u00a0\u00a0\u00a0\u00a0\u00a0\u00a0\u00a0\u00a0Iz 42, 1\u20134. 6\u20137 A Megv\u00e1lt\u00f3 az Isten t\u00f6rv\u00e9ny\u00e9t hirdeti: az igazs\u00e1got, a h\u0171s\u00e9get \u00e9s a b\u0171nb\u00e1natot. Vajon mindezek megvannak-e benn\u00fcnk is? V\u00c1LASZOS ZSOLT\u00c1R\u00a0\u00a0\u00a0\u00a0\u00a0\u00a0\u00a0\u00a0\u00a0\u00a0\u00a0\u00a0\u00a0\u00a0\u00a0\u00a0\u00a0\u00a0\u00a0\u00a0\u00a0\u00a0\u00a0\u00a0\u00a0\u00a0\u00a0\u00a0 \u00a0\u00a0\u00a0\u00a0\u00a0\u00a0\u00a0\u00a0\u00a028. Zsolt\u00e1r V\u00e1lasz: \u00c1ldja meg Isten az \u0151 n\u00e9p\u00e9t: * \u00a0\u00a0\u00a0\u00a0\u00a0\u00a0\u00a0\u00a0\u00a0\u00a0\u00a0\u00a0\u00a0\u00a0 adjon neki b\u00e9kess\u00e9get. Vagy: OLVASM\u00c1NY\u00a0\u00a0\u00a0\u00a0\u00a0\u00a0\u00a0\u00a0\u00a0\u00a0\u00a0\u00a0\u00a0\u00a0\u00a0\u00a0\u00a0\u00a0\u00a0\u00a0\u00a0\u00a0\u00a0\u00a0\u00a0\u00a0\u00a0\u00a0\u00a0\u00a0\u00a0\u00a0\u00a0\u00a0\u00a0\u00a0\u00a0\u00a0\u00a0\u00a0 Iz 55, 1\u201311 V\u00c1LASZOS ZSOLT\u00c1R\u00a0\u00a0\u00a0\u00a0 \u00a0\u00a0\u00a0\u00a0\u00a0\u00a0\u00a0\u00a0\u00a0\u00a0\u00a0\u00a0\u00a0\u00a0\u00a0\u00a0\u00a0Iz 12, 2\u20133. 4bcd. 5\u20136 V\u00e1lasz: \u00d6r\u00f6mmel mer\u00edtsetek vizet * \u00a0\u00a0\u00a0\u00a0\u00a0\u00a0\u00a0\u00a0\u00a0\u00a0\u00a0\u00a0\u00a0\u00a0 az \u00fcdv\u00f6ss\u00e9g forr\u00e1saib\u00f3l. SZENTLECKE\u00a0\u00a0\u00a0\u00a0\u00a0\u00a0\u00a0\u00a0\u00a0\u00a0\u00a0\u00a0\u00a0\u00a0\u00a0\u00a0\u00a0\u00a0\u00a0\u00a0\u00a0\u00a0\u00a0\u00a0\u00a0\u00a0\u00a0\u00a0\u00a0\u00a0\u00a0\u00a0\u00a0\u00a0\u00a0\u00a0\u00a0\u00a0\u00a0\u00a0 ApCsel 10, 34\u201338 Szent P\u00e9ter Krisztus p\u00e9ld\u00e1j\u00e1ra hivatkozik. \u0150t Isten f\u00f6lkente Szentl\u00e9lekkel \u00e9s er\u0151vel. K\u00f6r\u00fclj\u00e1rt \u00e9s j\u00f3tt tett mindenkivel. A kereszts\u00e9gben mi is elnyert\u00fck a Szentlelket. Az \u0151 ereje megl\u00e1tszik-e \u00e9let\u00fcnkben? ALLELUJA \u00a0\u00a0\u00a0\u00a0\u00a0\u00a0\u00a0\u00a0\u00a0\u00a0\u00a0\u00a0\u00a0\u00a0\u00a0\u00a0\u00a0\u00a0\u00a0\u00a0\u00a0\u00a0\u00a0\u00a0\u00a0\u00a0\u00a0\u00a0\u00a0\u00a0\u00a0\u00a0\u00a0\u00a0\u00a0\u00a0\u00a0\u00a0\u00a0\u00a0\u00a0\u00a0\u00a0\u00a0\u00a0\u00a0\u00a0\u00a0\u00a0\u00a0\u00a0\u00a0\u00a0\u00a0\u00a0\u00a0\u00a0\u00a0\u00a0\u00a0Mk 9, 6 Megny\u00edlt az \u00e9g, \u00e9s az Atya sz\u00f3zata hallatszott: * \u201eEz az \u00e9n szeretett Fiam, \u0151t hallgass\u00e1tok!\u201d Vagy: SZENTLECKE\u00a0\u00a0\u00a0\u00a0\u00a0\u00a0\u00a0\u00a0\u00a0\u00a0\u00a0\u00a0\u00a0\u00a0\u00a0\u00a0\u00a0\u00a0\u00a0\u00a0\u00a0\u00a0\u00a0\u00a0\u00a0\u00a0\u00a0\u00a0\u00a0\u00a0\u00a0\u00a0\u00a0\u00a0\u00a0\u00a0\u00a0\u00a0\u00a0 1 Jn 5, 1\u20139 ALLELUJA\u00a0\u00a0\u00a0\u00a0\u00a0\u00a0\u00a0\u00a0\u00a0\u00a0\u00a0\u00a0\u00a0\u00a0\u00a0\u00a0\u00a0\u00a0\u00a0\u00a0\u00a0\u00a0\u00a0\u00a0\u00a0\u00a0\u00a0\u00a0\u00a0\u00a0\u00a0\u00a0\u00a0\u00a0\u00a0\u00a0\u00a0\u00a0\u00a0\u00a0\u00a0\u00a0\u00a0\u00a0\u00a0\u00a0\u00a0\u00a0\u00a0\u00a0\u00a0\u00a0\u00a0\u00a0\u00a0\u00a0\u00a0\u00a0\u00a0\u00a0 Jn 1, 29 Amikor Keresztel\u0151 J\u00e1nos l\u00e1tta, hogy J\u00e9zus fel\u00e9je tart, \u00edgy sz\u00f3lt: \u00cdme, az Isten B\u00e1r\u00e1nya. EVANG\u00c9LIUM\u00a0\u00a0\u00a0\u00a0\u00a0\u00a0\u00a0\u00a0\u00a0\u00a0\u00a0\u00a0\u00a0\u00a0\u00a0\u00a0\u00a0\u00a0\u00a0\u00a0\u00a0\u00a0\u00a0\u00a0\u00a0\u00a0\u00a0\u00a0\u00a0\u00a0\u00a0\u00a0\u00a0\u00a0\u00a0\u00a0\u00a0\u00a0\u00a0\u00a0\u00a0\u00a0\u00a0\u00a0 Mk 1, 7\u201311 Keresztel\u0151 Szent J\u00e1nos nagys\u00e1ga abban rejlik, hogy al\u00e1zatos, \u00f6nzetlen. Nem a saj\u00e1t dics\u0151s\u00e9g\u00e9t keresi, hanem hivat\u00e1s\u00e1t teljes\u00edti: arr\u00f3l besz\u00e9l, aki ut\u00e1na j\u00f6n, aki Szentl\u00e9lekkel keresztel, aki az Atya szeretett Fia. AZ EUCHARISZTI\u00c1HOZ J\u00e9zus a v\u00e1ll\u00e1ra vette a vil\u00e1g b\u0171neit, \u00e9s abban lelte \u00f6r\u00f6m\u00e9t, ha megbocs\u00e1tott. H\u00e1l\u00e1nkat azzal mutassuk ki ir\u00e1nta, hogy a b\u0171nt ker\u00fclj\u00fck. Ehhez ad er\u0151t a szentmise \u00e9s a szents\u00e9gi \u00e9let. \u00c1LDOZ\u00c1SI \u00c9NEK\u00a0\u00a0\u00a0\u00a0\u00a0\u00a0\u00a0\u00a0\u00a0\u00a0\u00a0\u00a0\u00a0\u00a0\u00a0\u00a0\u00a0\u00a0\u00a0\u00a0\u00a0\u00a0\u00a0\u00a0\u00a0 \u00a0\u00a0\u00a0\u00a0\u00a0\u00a0\u00a0\u00a0\u00a0\u00a0\u00a0\u00a0\u00a0\u00a0\u00a0\u00a0\u00a0\u00a0\u00a0\u00a0\u00a0\u00a0Jn 1, 32. 34 \u00cdme, \u0151 az, akir\u0151l... R\u00e9szletek","og_url":"https:\/\/stuttgarti-katolikusok.de\/index.php\/urunk-megkeresztelkedese\/","og_site_name":"Stuttgarti Katolikusok","article_published_time":"2019-01-14T09:13:08+00:00","article_modified_time":"2019-01-14T10:16:08+00:00","author":"Tibor atya","twitter_card":"summary_large_image","twitter_misc":{"Szerz\u0151:":"Tibor atya","Becs\u00fclt olvas\u00e1si id\u0151":"5 perc"},"schema":{"@context":"https:\/\/schema.org","@graph":[{"@type":"Article","@id":"https:\/\/stuttgarti-katolikusok.de\/index.php\/urunk-megkeresztelkedese\/#article","isPartOf":{"@id":"https:\/\/stuttgarti-katolikusok.de\/index.php\/urunk-megkeresztelkedese\/"},"author":{"name":"Tibor atya","@id":"https:\/\/stuttgarti-katolikusok.de\/#\/schema\/person\/75908d6f8fdc03a57889d27209df7795"},"headline":"Urunk megkeresztelked\u00e9se","datePublished":"2019-01-14T09:13:08+00:00","dateModified":"2019-01-14T10:16:08+00:00","mainEntityOfPage":{"@id":"https:\/\/stuttgarti-katolikusok.de\/index.php\/urunk-megkeresztelkedese\/"},"wordCount":975,"articleSection":["Vas\u00e1rnapi gondolatok"],"inLanguage":"hu"},{"@type":"WebPage","@id":"https:\/\/stuttgarti-katolikusok.de\/index.php\/urunk-megkeresztelkedese\/","url":"https:\/\/stuttgarti-katolikusok.de\/index.php\/urunk-megkeresztelkedese\/","name":"Urunk megkeresztelked\u00e9se - Stuttgarti Katolikusok","isPartOf":{"@id":"https:\/\/stuttgarti-katolikusok.de\/#website"},"datePublished":"2019-01-14T09:13:08+00:00","dateModified":"2019-01-14T10:16:08+00:00","author":{"@id":"https:\/\/stuttgarti-katolikusok.de\/#\/schema\/person\/75908d6f8fdc03a57889d27209df7795"},"breadcrumb":{"@id":"https:\/\/stuttgarti-katolikusok.de\/index.php\/urunk-megkeresztelkedese\/#breadcrumb"},"inLanguage":"hu","potentialAction":[{"@type":"ReadAction","target":["https:\/\/stuttgarti-katolikusok.de\/index.php\/urunk-megkeresztelkedese\/"]}]},{"@type":"BreadcrumbList","@id":"https:\/\/stuttgarti-katolikusok.de\/index.php\/urunk-megkeresztelkedese\/#breadcrumb","itemListElement":[{"@type":"ListItem","position":1,"name":"Kezd\u0151lap","item":"https:\/\/stuttgarti-katolikusok.de\/"},{"@type":"ListItem","position":2,"name":"Urunk megkeresztelked\u00e9se"}]},{"@type":"WebSite","@id":"https:\/\/stuttgarti-katolikusok.de\/#website","url":"https:\/\/stuttgarti-katolikusok.de\/","name":"Stuttgarti Katolikusok","description":"","potentialAction":[{"@type":"SearchAction","target":{"@type":"EntryPoint","urlTemplate":"https:\/\/stuttgarti-katolikusok.de\/?s={search_term_string}"},"query-input":{"@type":"PropertyValueSpecification","valueRequired":true,"valueName":"search_term_string"}}],"inLanguage":"hu"},{"@type":"Person","@id":"https:\/\/stuttgarti-katolikusok.de\/#\/schema\/person\/75908d6f8fdc03a57889d27209df7795","name":"Tibor atya","image":{"@type":"ImageObject","inLanguage":"hu","@id":"https:\/\/secure.gravatar.com\/avatar\/61d268e57d1f4525b111222e29d2d5a7f8c420fdbf231ba5566a8ceac74fa960?s=96&d=mm&r=g","url":"https:\/\/secure.gravatar.com\/avatar\/61d268e57d1f4525b111222e29d2d5a7f8c420fdbf231ba5566a8ceac74fa960?s=96&d=mm&r=g","contentUrl":"https:\/\/secure.gravatar.com\/avatar\/61d268e57d1f4525b111222e29d2d5a7f8c420fdbf231ba5566a8ceac74fa960?s=96&d=mm&r=g","caption":"Tibor atya"},"url":"https:\/\/stuttgarti-katolikusok.de\/index.php\/author\/tibor-atya\/"}]}},"_links":{"self":[{"href":"https:\/\/stuttgarti-katolikusok.de\/index.php\/wp-json\/wp\/v2\/posts\/15885","targetHints":{"allow":["GET"]}}],"collection":[{"href":"https:\/\/stuttgarti-katolikusok.de\/index.php\/wp-json\/wp\/v2\/posts"}],"about":[{"href":"https:\/\/stuttgarti-katolikusok.de\/index.php\/wp-json\/wp\/v2\/types\/post"}],"author":[{"embeddable":true,"href":"https:\/\/stuttgarti-katolikusok.de\/index.php\/wp-json\/wp\/v2\/users\/3"}],"replies":[{"embeddable":true,"href":"https:\/\/stuttgarti-katolikusok.de\/index.php\/wp-json\/wp\/v2\/comments?post=15885"}],"version-history":[{"count":2,"href":"https:\/\/stuttgarti-katolikusok.de\/index.php\/wp-json\/wp\/v2\/posts\/15885\/revisions"}],"predecessor-version":[{"id":15890,"href":"https:\/\/stuttgarti-katolikusok.de\/index.php\/wp-json\/wp\/v2\/posts\/15885\/revisions\/15890"}],"wp:attachment":[{"href":"https:\/\/stuttgarti-katolikusok.de\/index.php\/wp-json\/wp\/v2\/media?parent=15885"}],"wp:term":[{"taxonomy":"category","embeddable":true,"href":"https:\/\/stuttgarti-katolikusok.de\/index.php\/wp-json\/wp\/v2\/categories?post=15885"},{"taxonomy":"post_tag","embeddable":true,"href":"https:\/\/stuttgarti-katolikusok.de\/index.php\/wp-json\/wp\/v2\/tags?post=15885"}],"curies":[{"name":"wp","href":"https:\/\/api.w.org\/{rel}","templated":true}]}}