{"id":15882,"date":"2019-01-14T08:58:52","date_gmt":"2019-01-14T08:58:52","guid":{"rendered":"https:\/\/gracious-dewdney.138-201-221-2.plesk.page\/?p=15882"},"modified":"2020-04-27T16:25:37","modified_gmt":"2020-04-27T16:25:37","slug":"programelozetes-januar-14-es-20-kozott","status":"publish","type":"post","link":"https:\/\/stuttgarti-katolikusok.de\/index.php\/programelozetes-januar-14-es-20-kozott\/","title":{"rendered":"Programel\u0151zetes janu\u00e1r 14 \u00e9s 20 k\u00f6z\u00f6tt"},"content":{"rendered":"<p><strong>Programel\u0151zetes<\/strong><\/p>\n<p><strong>Janu\u00e1r 17-\u00e9n,<\/strong> cs\u00fct\u00f6rt\u00f6k\u00f6n,<\/p>\n<p><strong>Ulmi d\u00e9lut\u00e1n<\/strong>, 17.30 \u00f3rakor <em>r\u00f3zsaf\u00fcz\u00e9r im\u00e1ds\u00e1g<\/em>, ut\u00e1na <em>szentmise<\/em>.<\/p>\n<p style=\"text-align: center;\">*<\/p>\n<p><strong>Janu\u00e1r 18-\u00e1n, <\/strong>p\u00e9nteken,<\/p>\n<p><strong>Stuttgartban<\/strong> 16.00 \u00f3rakor <em>Bar\u00e1ts\u00e1gklub.<\/em><\/p>\n<p>18.00 \u00f3rakor <em>szentmise, <\/em>keret\u00e9ben <em>P\u00e9nteki Egyetem. <\/em>Ut\u00e1na <em>Bibliak\u00f6r.<\/em><\/p>\n<p><strong>Weingarteni d\u00e9lut\u00e1n<\/strong> a Marien Kirche-ben. 17.30 \u00f3rakor <em>r\u00f3zsaf\u00fcz\u00e9r im\u00e1ds\u00e1g<\/em>, ut\u00e1na <em>szentmise.<\/em><\/p>\n<p style=\"text-align: center;\">*<\/p>\n<p><strong>Janu\u00e1r 20-\u00e1n, <\/strong>\u00e9vk\u00f6zi 2. vas\u00e1rnapon,<\/p>\n<p><strong>Ludwigsburgban <\/strong>9.30 \u00f3rakor <em>szentmise. <\/em>Ut\u00e1na<em> \u00e1g\u00e1p\u00e9<\/em>.<\/p>\n<p><strong>Stuttgartban <\/strong>12.00 \u00f3rakor <em>szentmise<\/em>.<\/p>\n<p style=\"text-align: center;\">*<\/p>\n<p>Minden helyen mindenkit szeretettel v\u00e1r a k\u00f6z\u00f6ss\u00e9g Imre atya \u00e9s Tibor atya!<\/p>\n<p><em>\u201eA meghallgatott im\u00e1ds\u00e1g nem mindig azt jelenti, hogy megkapok Istent\u0151l mindent, amit k\u00e9rek, hanem azt, hogy megkapok mindent, amire val\u00f3j\u00e1ban sz\u00fcks\u00e9gem van.\u201d<\/em> <strong>(Ismeretlen)<\/strong><\/p>\n<p><strong><em>B\u00e9k\u00e9s, \u00e1ldott \u00faj\u00e9vi napokat, j\u00f3 munk\u00e1t, tartalmas besz\u00e9lget\u00e9seket \u00e9s \u00f6r\u00f6mteli tal\u00e1lkoz\u00e1sokat k\u00edv\u00e1nunk minden Kedves H\u00edv\u00fcnknek!<\/em><\/strong><\/p>\n","protected":false},"excerpt":{"rendered":"<p>Programel\u0151zetes Janu\u00e1r 17-\u00e9n, cs\u00fct\u00f6rt\u00f6k\u00f6n, Ulmi d\u00e9lut\u00e1n, 17.30 \u00f3rakor r\u00f3zsaf\u00fcz\u00e9r im\u00e1ds\u00e1g, ut\u00e1na szentmise. * Janu\u00e1r 18-\u00e1n, p\u00e9nteken, Stuttgartban 16.00 \u00f3rakor Bar\u00e1ts\u00e1gklub. 18.00 \u00f3rakor szentmise, keret\u00e9ben P\u00e9nteki Egyetem. Ut\u00e1na Bibliak\u00f6r. Weingarteni d\u00e9lut\u00e1n a Marien Kirche-ben. 17.30 \u00f3rakor r\u00f3zsaf\u00fcz\u00e9r im\u00e1ds\u00e1g, ut\u00e1na szentmise. * Janu\u00e1r 20-\u00e1n, \u00e9vk\u00f6zi 2. vas\u00e1rnapon, Ludwigsburgban 9.30 \u00f3rakor szentmise. Ut\u00e1na \u00e1g\u00e1p\u00e9. Stuttgartban 12.00 \u00f3rakor szentmise. * Minden helyen mindenkit szeretettel v\u00e1r a k\u00f6z\u00f6ss\u00e9g Imre atya \u00e9s Tibor atya! \u201eA meghallgatott im\u00e1ds\u00e1g nem mindig azt jelenti, hogy megkapok Istent\u0151l mindent, amit k\u00e9rek, hanem azt, hogy megkapok mindent, amire val\u00f3j\u00e1ban sz\u00fcks\u00e9gem van.\u201d (Ismeretlen) B\u00e9k\u00e9s, \u00e1ldott \u00faj\u00e9vi napokat, j\u00f3 munk\u00e1t, tartalmas besz\u00e9lget\u00e9seket \u00e9s \u00f6r\u00f6mteli tal\u00e1lkoz\u00e1sokat k\u00edv\u00e1nunk minden Kedves H\u00edv\u00fcnknek!<\/p>\n","protected":false},"author":3,"featured_media":0,"comment_status":"closed","ping_status":"closed","sticky":false,"template":"","format":"standard","meta":{"footnotes":""},"categories":[37],"tags":[],"class_list":["post-15882","post","type-post","status-publish","format-standard","hentry","category-progamelozetes"],"yoast_head":"<!-- This site is optimized with the Yoast SEO plugin v27.3 - https:\/\/yoast.com\/product\/yoast-seo-wordpress\/ -->\n<title>Programel\u0151zetes janu\u00e1r 14 \u00e9s 20 k\u00f6z\u00f6tt - Stuttgarti Katolikusok<\/title>\n<meta name=\"robots\" content=\"index, follow, max-snippet:-1, max-image-preview:large, max-video-preview:-1\" \/>\n<link rel=\"canonical\" href=\"https:\/\/stuttgarti-katolikusok.de\/index.php\/programelozetes-januar-14-es-20-kozott\/\" \/>\n<meta property=\"og:locale\" content=\"hu_HU\" \/>\n<meta property=\"og:type\" content=\"article\" \/>\n<meta property=\"og:title\" content=\"Programel\u0151zetes janu\u00e1r 14 \u00e9s 20 k\u00f6z\u00f6tt - Stuttgarti Katolikusok\" \/>\n<meta property=\"og:description\" content=\"Programel\u0151zetes Janu\u00e1r 17-\u00e9n, cs\u00fct\u00f6rt\u00f6k\u00f6n, Ulmi d\u00e9lut\u00e1n, 17.30 \u00f3rakor r\u00f3zsaf\u00fcz\u00e9r im\u00e1ds\u00e1g, ut\u00e1na szentmise. * Janu\u00e1r 18-\u00e1n, p\u00e9nteken, Stuttgartban 16.00 \u00f3rakor Bar\u00e1ts\u00e1gklub. 18.00 \u00f3rakor szentmise, keret\u00e9ben P\u00e9nteki Egyetem. Ut\u00e1na Bibliak\u00f6r. Weingarteni d\u00e9lut\u00e1n a Marien Kirche-ben. 17.30 \u00f3rakor r\u00f3zsaf\u00fcz\u00e9r im\u00e1ds\u00e1g, ut\u00e1na szentmise. * Janu\u00e1r 20-\u00e1n, \u00e9vk\u00f6zi 2. vas\u00e1rnapon, Ludwigsburgban 9.30 \u00f3rakor szentmise. Ut\u00e1na \u00e1g\u00e1p\u00e9. Stuttgartban 12.00 \u00f3rakor szentmise. * Minden helyen mindenkit szeretettel v\u00e1r a k\u00f6z\u00f6ss\u00e9g Imre atya \u00e9s Tibor atya! \u201eA meghallgatott im\u00e1ds\u00e1g nem mindig azt jelenti, hogy megkapok Istent\u0151l mindent, amit k\u00e9rek, hanem azt, hogy megkapok mindent, amire val\u00f3j\u00e1ban sz\u00fcks\u00e9gem van.\u201d (Ismeretlen) B\u00e9k\u00e9s, \u00e1ldott \u00faj\u00e9vi napokat, j\u00f3 munk\u00e1t, tartalmas besz\u00e9lget\u00e9seket \u00e9s \u00f6r\u00f6mteli tal\u00e1lkoz\u00e1sokat k\u00edv\u00e1nunk minden Kedves H\u00edv\u00fcnknek!\" \/>\n<meta property=\"og:url\" content=\"https:\/\/stuttgarti-katolikusok.de\/index.php\/programelozetes-januar-14-es-20-kozott\/\" \/>\n<meta property=\"og:site_name\" content=\"Stuttgarti Katolikusok\" \/>\n<meta property=\"article:published_time\" content=\"2019-01-14T08:58:52+00:00\" \/>\n<meta property=\"article:modified_time\" content=\"2020-04-27T16:25:37+00:00\" \/>\n<meta name=\"author\" content=\"Tibor atya\" \/>\n<meta name=\"twitter:card\" content=\"summary_large_image\" \/>\n<meta name=\"twitter:label1\" content=\"Szerz\u0151:\" \/>\n\t<meta name=\"twitter:data1\" content=\"Tibor atya\" \/>\n\t<meta name=\"twitter:label2\" content=\"Becs\u00fclt olvas\u00e1si id\u0151\" \/>\n\t<meta name=\"twitter:data2\" content=\"1 perc\" \/>\n<script type=\"application\/ld+json\" class=\"yoast-schema-graph\">{\"@context\":\"https:\\\/\\\/schema.org\",\"@graph\":[{\"@type\":\"Article\",\"@id\":\"https:\\\/\\\/stuttgarti-katolikusok.de\\\/index.php\\\/programelozetes-januar-14-es-20-kozott\\\/#article\",\"isPartOf\":{\"@id\":\"https:\\\/\\\/stuttgarti-katolikusok.de\\\/index.php\\\/programelozetes-januar-14-es-20-kozott\\\/\"},\"author\":{\"name\":\"Tibor atya\",\"@id\":\"https:\\\/\\\/stuttgarti-katolikusok.de\\\/#\\\/schema\\\/person\\\/75908d6f8fdc03a57889d27209df7795\"},\"headline\":\"Programel\u0151zetes janu\u00e1r 14 \u00e9s 20 k\u00f6z\u00f6tt\",\"datePublished\":\"2019-01-14T08:58:52+00:00\",\"dateModified\":\"2020-04-27T16:25:37+00:00\",\"mainEntityOfPage\":{\"@id\":\"https:\\\/\\\/stuttgarti-katolikusok.de\\\/index.php\\\/programelozetes-januar-14-es-20-kozott\\\/\"},\"wordCount\":167,\"articleSection\":[\"Progamel\u0151zetes\"],\"inLanguage\":\"hu\"},{\"@type\":\"WebPage\",\"@id\":\"https:\\\/\\\/stuttgarti-katolikusok.de\\\/index.php\\\/programelozetes-januar-14-es-20-kozott\\\/\",\"url\":\"https:\\\/\\\/stuttgarti-katolikusok.de\\\/index.php\\\/programelozetes-januar-14-es-20-kozott\\\/\",\"name\":\"Programel\u0151zetes janu\u00e1r 14 \u00e9s 20 k\u00f6z\u00f6tt - Stuttgarti Katolikusok\",\"isPartOf\":{\"@id\":\"https:\\\/\\\/stuttgarti-katolikusok.de\\\/#website\"},\"datePublished\":\"2019-01-14T08:58:52+00:00\",\"dateModified\":\"2020-04-27T16:25:37+00:00\",\"author\":{\"@id\":\"https:\\\/\\\/stuttgarti-katolikusok.de\\\/#\\\/schema\\\/person\\\/75908d6f8fdc03a57889d27209df7795\"},\"breadcrumb\":{\"@id\":\"https:\\\/\\\/stuttgarti-katolikusok.de\\\/index.php\\\/programelozetes-januar-14-es-20-kozott\\\/#breadcrumb\"},\"inLanguage\":\"hu\",\"potentialAction\":[{\"@type\":\"ReadAction\",\"target\":[\"https:\\\/\\\/stuttgarti-katolikusok.de\\\/index.php\\\/programelozetes-januar-14-es-20-kozott\\\/\"]}]},{\"@type\":\"BreadcrumbList\",\"@id\":\"https:\\\/\\\/stuttgarti-katolikusok.de\\\/index.php\\\/programelozetes-januar-14-es-20-kozott\\\/#breadcrumb\",\"itemListElement\":[{\"@type\":\"ListItem\",\"position\":1,\"name\":\"Kezd\u0151lap\",\"item\":\"https:\\\/\\\/stuttgarti-katolikusok.de\\\/\"},{\"@type\":\"ListItem\",\"position\":2,\"name\":\"Programel\u0151zetes janu\u00e1r 14 \u00e9s 20 k\u00f6z\u00f6tt\"}]},{\"@type\":\"WebSite\",\"@id\":\"https:\\\/\\\/stuttgarti-katolikusok.de\\\/#website\",\"url\":\"https:\\\/\\\/stuttgarti-katolikusok.de\\\/\",\"name\":\"Stuttgarti Katolikusok\",\"description\":\"\",\"potentialAction\":[{\"@type\":\"SearchAction\",\"target\":{\"@type\":\"EntryPoint\",\"urlTemplate\":\"https:\\\/\\\/stuttgarti-katolikusok.de\\\/?s={search_term_string}\"},\"query-input\":{\"@type\":\"PropertyValueSpecification\",\"valueRequired\":true,\"valueName\":\"search_term_string\"}}],\"inLanguage\":\"hu\"},{\"@type\":\"Person\",\"@id\":\"https:\\\/\\\/stuttgarti-katolikusok.de\\\/#\\\/schema\\\/person\\\/75908d6f8fdc03a57889d27209df7795\",\"name\":\"Tibor atya\",\"image\":{\"@type\":\"ImageObject\",\"inLanguage\":\"hu\",\"@id\":\"https:\\\/\\\/secure.gravatar.com\\\/avatar\\\/61d268e57d1f4525b111222e29d2d5a7f8c420fdbf231ba5566a8ceac74fa960?s=96&d=mm&r=g\",\"url\":\"https:\\\/\\\/secure.gravatar.com\\\/avatar\\\/61d268e57d1f4525b111222e29d2d5a7f8c420fdbf231ba5566a8ceac74fa960?s=96&d=mm&r=g\",\"contentUrl\":\"https:\\\/\\\/secure.gravatar.com\\\/avatar\\\/61d268e57d1f4525b111222e29d2d5a7f8c420fdbf231ba5566a8ceac74fa960?s=96&d=mm&r=g\",\"caption\":\"Tibor atya\"},\"url\":\"https:\\\/\\\/stuttgarti-katolikusok.de\\\/index.php\\\/author\\\/tibor-atya\\\/\"}]}<\/script>\n<!-- \/ Yoast SEO plugin. -->","yoast_head_json":{"title":"Programel\u0151zetes janu\u00e1r 14 \u00e9s 20 k\u00f6z\u00f6tt - Stuttgarti Katolikusok","robots":{"index":"index","follow":"follow","max-snippet":"max-snippet:-1","max-image-preview":"max-image-preview:large","max-video-preview":"max-video-preview:-1"},"canonical":"https:\/\/stuttgarti-katolikusok.de\/index.php\/programelozetes-januar-14-es-20-kozott\/","og_locale":"hu_HU","og_type":"article","og_title":"Programel\u0151zetes janu\u00e1r 14 \u00e9s 20 k\u00f6z\u00f6tt - Stuttgarti Katolikusok","og_description":"Programel\u0151zetes Janu\u00e1r 17-\u00e9n, cs\u00fct\u00f6rt\u00f6k\u00f6n, Ulmi d\u00e9lut\u00e1n, 17.30 \u00f3rakor r\u00f3zsaf\u00fcz\u00e9r im\u00e1ds\u00e1g, ut\u00e1na szentmise. * Janu\u00e1r 18-\u00e1n, p\u00e9nteken, Stuttgartban 16.00 \u00f3rakor Bar\u00e1ts\u00e1gklub. 18.00 \u00f3rakor szentmise, keret\u00e9ben P\u00e9nteki Egyetem. Ut\u00e1na Bibliak\u00f6r. Weingarteni d\u00e9lut\u00e1n a Marien Kirche-ben. 17.30 \u00f3rakor r\u00f3zsaf\u00fcz\u00e9r im\u00e1ds\u00e1g, ut\u00e1na szentmise. * Janu\u00e1r 20-\u00e1n, \u00e9vk\u00f6zi 2. vas\u00e1rnapon, Ludwigsburgban 9.30 \u00f3rakor szentmise. Ut\u00e1na \u00e1g\u00e1p\u00e9. Stuttgartban 12.00 \u00f3rakor szentmise. * Minden helyen mindenkit szeretettel v\u00e1r a k\u00f6z\u00f6ss\u00e9g Imre atya \u00e9s Tibor atya! \u201eA meghallgatott im\u00e1ds\u00e1g nem mindig azt jelenti, hogy megkapok Istent\u0151l mindent, amit k\u00e9rek, hanem azt, hogy megkapok mindent, amire val\u00f3j\u00e1ban sz\u00fcks\u00e9gem van.\u201d (Ismeretlen) B\u00e9k\u00e9s, \u00e1ldott \u00faj\u00e9vi napokat, j\u00f3 munk\u00e1t, tartalmas besz\u00e9lget\u00e9seket \u00e9s \u00f6r\u00f6mteli tal\u00e1lkoz\u00e1sokat k\u00edv\u00e1nunk minden Kedves H\u00edv\u00fcnknek!","og_url":"https:\/\/stuttgarti-katolikusok.de\/index.php\/programelozetes-januar-14-es-20-kozott\/","og_site_name":"Stuttgarti Katolikusok","article_published_time":"2019-01-14T08:58:52+00:00","article_modified_time":"2020-04-27T16:25:37+00:00","author":"Tibor atya","twitter_card":"summary_large_image","twitter_misc":{"Szerz\u0151:":"Tibor atya","Becs\u00fclt olvas\u00e1si id\u0151":"1 perc"},"schema":{"@context":"https:\/\/schema.org","@graph":[{"@type":"Article","@id":"https:\/\/stuttgarti-katolikusok.de\/index.php\/programelozetes-januar-14-es-20-kozott\/#article","isPartOf":{"@id":"https:\/\/stuttgarti-katolikusok.de\/index.php\/programelozetes-januar-14-es-20-kozott\/"},"author":{"name":"Tibor atya","@id":"https:\/\/stuttgarti-katolikusok.de\/#\/schema\/person\/75908d6f8fdc03a57889d27209df7795"},"headline":"Programel\u0151zetes janu\u00e1r 14 \u00e9s 20 k\u00f6z\u00f6tt","datePublished":"2019-01-14T08:58:52+00:00","dateModified":"2020-04-27T16:25:37+00:00","mainEntityOfPage":{"@id":"https:\/\/stuttgarti-katolikusok.de\/index.php\/programelozetes-januar-14-es-20-kozott\/"},"wordCount":167,"articleSection":["Progamel\u0151zetes"],"inLanguage":"hu"},{"@type":"WebPage","@id":"https:\/\/stuttgarti-katolikusok.de\/index.php\/programelozetes-januar-14-es-20-kozott\/","url":"https:\/\/stuttgarti-katolikusok.de\/index.php\/programelozetes-januar-14-es-20-kozott\/","name":"Programel\u0151zetes janu\u00e1r 14 \u00e9s 20 k\u00f6z\u00f6tt - Stuttgarti Katolikusok","isPartOf":{"@id":"https:\/\/stuttgarti-katolikusok.de\/#website"},"datePublished":"2019-01-14T08:58:52+00:00","dateModified":"2020-04-27T16:25:37+00:00","author":{"@id":"https:\/\/stuttgarti-katolikusok.de\/#\/schema\/person\/75908d6f8fdc03a57889d27209df7795"},"breadcrumb":{"@id":"https:\/\/stuttgarti-katolikusok.de\/index.php\/programelozetes-januar-14-es-20-kozott\/#breadcrumb"},"inLanguage":"hu","potentialAction":[{"@type":"ReadAction","target":["https:\/\/stuttgarti-katolikusok.de\/index.php\/programelozetes-januar-14-es-20-kozott\/"]}]},{"@type":"BreadcrumbList","@id":"https:\/\/stuttgarti-katolikusok.de\/index.php\/programelozetes-januar-14-es-20-kozott\/#breadcrumb","itemListElement":[{"@type":"ListItem","position":1,"name":"Kezd\u0151lap","item":"https:\/\/stuttgarti-katolikusok.de\/"},{"@type":"ListItem","position":2,"name":"Programel\u0151zetes janu\u00e1r 14 \u00e9s 20 k\u00f6z\u00f6tt"}]},{"@type":"WebSite","@id":"https:\/\/stuttgarti-katolikusok.de\/#website","url":"https:\/\/stuttgarti-katolikusok.de\/","name":"Stuttgarti Katolikusok","description":"","potentialAction":[{"@type":"SearchAction","target":{"@type":"EntryPoint","urlTemplate":"https:\/\/stuttgarti-katolikusok.de\/?s={search_term_string}"},"query-input":{"@type":"PropertyValueSpecification","valueRequired":true,"valueName":"search_term_string"}}],"inLanguage":"hu"},{"@type":"Person","@id":"https:\/\/stuttgarti-katolikusok.de\/#\/schema\/person\/75908d6f8fdc03a57889d27209df7795","name":"Tibor atya","image":{"@type":"ImageObject","inLanguage":"hu","@id":"https:\/\/secure.gravatar.com\/avatar\/61d268e57d1f4525b111222e29d2d5a7f8c420fdbf231ba5566a8ceac74fa960?s=96&d=mm&r=g","url":"https:\/\/secure.gravatar.com\/avatar\/61d268e57d1f4525b111222e29d2d5a7f8c420fdbf231ba5566a8ceac74fa960?s=96&d=mm&r=g","contentUrl":"https:\/\/secure.gravatar.com\/avatar\/61d268e57d1f4525b111222e29d2d5a7f8c420fdbf231ba5566a8ceac74fa960?s=96&d=mm&r=g","caption":"Tibor atya"},"url":"https:\/\/stuttgarti-katolikusok.de\/index.php\/author\/tibor-atya\/"}]}},"_links":{"self":[{"href":"https:\/\/stuttgarti-katolikusok.de\/index.php\/wp-json\/wp\/v2\/posts\/15882","targetHints":{"allow":["GET"]}}],"collection":[{"href":"https:\/\/stuttgarti-katolikusok.de\/index.php\/wp-json\/wp\/v2\/posts"}],"about":[{"href":"https:\/\/stuttgarti-katolikusok.de\/index.php\/wp-json\/wp\/v2\/types\/post"}],"author":[{"embeddable":true,"href":"https:\/\/stuttgarti-katolikusok.de\/index.php\/wp-json\/wp\/v2\/users\/3"}],"replies":[{"embeddable":true,"href":"https:\/\/stuttgarti-katolikusok.de\/index.php\/wp-json\/wp\/v2\/comments?post=15882"}],"version-history":[{"count":3,"href":"https:\/\/stuttgarti-katolikusok.de\/index.php\/wp-json\/wp\/v2\/posts\/15882\/revisions"}],"predecessor-version":[{"id":15892,"href":"https:\/\/stuttgarti-katolikusok.de\/index.php\/wp-json\/wp\/v2\/posts\/15882\/revisions\/15892"}],"wp:attachment":[{"href":"https:\/\/stuttgarti-katolikusok.de\/index.php\/wp-json\/wp\/v2\/media?parent=15882"}],"wp:term":[{"taxonomy":"category","embeddable":true,"href":"https:\/\/stuttgarti-katolikusok.de\/index.php\/wp-json\/wp\/v2\/categories?post=15882"},{"taxonomy":"post_tag","embeddable":true,"href":"https:\/\/stuttgarti-katolikusok.de\/index.php\/wp-json\/wp\/v2\/tags?post=15882"}],"curies":[{"name":"wp","href":"https:\/\/api.w.org\/{rel}","templated":true}]}}