{"id":15867,"date":"2019-01-09T07:28:48","date_gmt":"2019-01-09T07:28:48","guid":{"rendered":"https:\/\/gracious-dewdney.138-201-221-2.plesk.page\/?p=15867"},"modified":"2019-10-23T10:29:25","modified_gmt":"2019-10-23T10:29:25","slug":"megertesz","status":"publish","type":"post","link":"https:\/\/stuttgarti-katolikusok.de\/index.php\/megertesz\/","title":{"rendered":"Meg\u00e9rtesz?"},"content":{"rendered":"<p><strong>Meg\u00e9rtesz?<\/strong><\/p>\n<p>Ne siess addig azt mondani nekem: <em>\u201eMeg\u00e9rtelek!\u201d,<\/em> am\u00edg nem j\u00e1rt\u00e1l a cip\u0151mben. Nem tudhatod, hogy engem mi b\u00e1nt, mi nyomaszt, mi esik nehezemre, vagy mit hordozok k\u00f6nnyed\u00e9n&#8230;<\/p>\n<p>Ne siess addig azt mondani nekem: <em>\u201eIsmerem neh\u00e9zs\u00e9geidet!\u201d,<\/em> am\u00edg \u00e9letem \u00fatj\u00e1n nem k\u00eds\u00e9rt\u00e9l el egy darabon. Nem tudhatod, hogy milyen meger\u0151ltet\u0151 \u00e9s f\u00e1raszt\u00f3 annak egy-egy szakasza, \u00e9s hogy h\u00e1ny cip\u0151t koptattam m\u00e1r el rajta&#8230;<\/p>\n<p>Ne siess addig azt mondani nekem: <em>\u201eTudom, mit \u00e9rzel!\u201d,<\/em> am\u00edg cip\u0151met csak k\u00edv\u00fclr\u0151l l\u00e1ttad. A k\u00fcls\u0151 csup\u00e1n azt mutatja, hogy van-e vagy nincs \u00edzl\u00e9sem. A bels\u0151 \u00e9letemr\u0151l viszont egy sz\u00f3t sem \u00e1rul el&#8230;<\/p>\n<p>Viseln\u00e9d csak p\u00e1r \u00f3r\u00e1ra cip\u0151met, akkor t\u00f6bbet tudn\u00e1l r\u00f3lam.<\/p>\n<p>Akkor tal\u00e1n \u00e1t\u00e9rezn\u00e9d, hogy mi\u00e9rt olyan lej\u00e1rt, mi\u00e9rt olyan kopott \u00e9s szakadozott. Akkor tal\u00e1n megtudn\u00e1d, hogy hol minden\u00fctt j\u00e1rtam m\u00e1r \u00e9letem folyam\u00e1n.<\/p>\n<p>Ha meg akarsz ismerni, b\u00fajj bele cip\u0151mbe. Az majd mes\u00e9lk neked m\u00faltamr\u00f3l \u00e9s jelenemr\u0151l, sikereimr\u0151l \u00e9s kudarcaimr\u00f3l, \u00e9letem csillag\u00f3r\u00e1ir\u00f3l \u00e9s siralomv\u00f6lgyeir\u0151l.<\/p>\n<p>Az majd minden titkot elmond neked r\u00f3lam&#8230;<\/p>\n<p>Akkor majd mondhatod nekem \u2013 \u00e9s szavaid \u0151szint\u00e9bben fognak csengeni! \u2013 <em>\u201eMost m\u00e1r meg\u00e9rtelek, ismerem neh\u00e9zs\u00e9geidet, tudom, mit \u00e9rzel!\u201d <\/em><\/p>\n<p><em>Stuttgart, 2019. janu\u00e1r 9.<\/em><\/p>\n<p><em>Imre atya<\/em><\/p>\n","protected":false},"excerpt":{"rendered":"<p>Meg\u00e9rtesz? Ne siess addig azt mondani nekem: \u201eMeg\u00e9rtelek!\u201d, am\u00edg nem j\u00e1rt\u00e1l a cip\u0151mben. Nem tudhatod, hogy engem mi b\u00e1nt, mi nyomaszt, mi esik nehezemre, vagy mit hordozok k\u00f6nnyed\u00e9n&#8230; Ne siess addig azt mondani nekem: \u201eIsmerem neh\u00e9zs\u00e9geidet!\u201d, am\u00edg \u00e9letem \u00fatj\u00e1n nem k\u00eds\u00e9rt\u00e9l el egy darabon. Nem tudhatod, hogy milyen meger\u0151ltet\u0151 \u00e9s f\u00e1raszt\u00f3 annak egy-egy szakasza, \u00e9s hogy h\u00e1ny cip\u0151t koptattam m\u00e1r el rajta&#8230; Ne siess addig azt mondani nekem: \u201eTudom, mit \u00e9rzel!\u201d, am\u00edg cip\u0151met csak k\u00edv\u00fclr\u0151l l\u00e1ttad. A k\u00fcls\u0151 csup\u00e1n azt mutatja, hogy van-e vagy nincs \u00edzl\u00e9sem. A bels\u0151 \u00e9letemr\u0151l viszont egy sz\u00f3t sem \u00e1rul el&#8230; Viseln\u00e9d csak p\u00e1r \u00f3r\u00e1ra cip\u0151met, akkor t\u00f6bbet tudn\u00e1l r\u00f3lam. Akkor tal\u00e1n \u00e1t\u00e9rezn\u00e9d, hogy mi\u00e9rt olyan lej\u00e1rt, mi\u00e9rt olyan kopott \u00e9s szakadozott. Akkor tal\u00e1n megtudn\u00e1d, hogy hol minden\u00fctt j\u00e1rtam m\u00e1r \u00e9letem folyam\u00e1n. Ha meg akarsz ismerni, b\u00fajj bele cip\u0151mbe. Az majd mes\u00e9lk neked m\u00faltamr\u00f3l \u00e9s jelenemr\u0151l, sikereimr\u0151l \u00e9s kudarcaimr\u00f3l, \u00e9letem csillag\u00f3r\u00e1ir\u00f3l \u00e9s siralomv\u00f6lgyeir\u0151l. Az majd minden titkot elmond neked r\u00f3lam&#8230; Akkor majd mondhatod nekem \u2013 \u00e9s szavaid \u0151szint\u00e9bben fognak csengeni! \u2013 \u201eMost m\u00e1r meg\u00e9rtelek, ismerem neh\u00e9zs\u00e9geidet, tudom, mit \u00e9rzel!\u201d Stuttgart, 2019. janu\u00e1r 9. Imre atya<\/p>\n","protected":false},"author":3,"featured_media":0,"comment_status":"closed","ping_status":"closed","sticky":false,"template":"","format":"standard","meta":{"footnotes":""},"categories":[24],"tags":[],"class_list":["post-15867","post","type-post","status-publish","format-standard","hentry","category-gondolatok"],"yoast_head":"<!-- This site is optimized with the Yoast SEO plugin v27.3 - https:\/\/yoast.com\/product\/yoast-seo-wordpress\/ -->\n<title>Meg\u00e9rtesz? - Stuttgarti Katolikusok<\/title>\n<meta name=\"robots\" content=\"index, follow, max-snippet:-1, max-image-preview:large, max-video-preview:-1\" \/>\n<link rel=\"canonical\" href=\"https:\/\/stuttgarti-katolikusok.de\/index.php\/megertesz\/\" \/>\n<meta property=\"og:locale\" content=\"hu_HU\" \/>\n<meta property=\"og:type\" content=\"article\" \/>\n<meta property=\"og:title\" content=\"Meg\u00e9rtesz? - Stuttgarti Katolikusok\" \/>\n<meta property=\"og:description\" content=\"Meg\u00e9rtesz? Ne siess addig azt mondani nekem: \u201eMeg\u00e9rtelek!\u201d, am\u00edg nem j\u00e1rt\u00e1l a cip\u0151mben. Nem tudhatod, hogy engem mi b\u00e1nt, mi nyomaszt, mi esik nehezemre, vagy mit hordozok k\u00f6nnyed\u00e9n&#8230; Ne siess addig azt mondani nekem: \u201eIsmerem neh\u00e9zs\u00e9geidet!\u201d, am\u00edg \u00e9letem \u00fatj\u00e1n nem k\u00eds\u00e9rt\u00e9l el egy darabon. Nem tudhatod, hogy milyen meger\u0151ltet\u0151 \u00e9s f\u00e1raszt\u00f3 annak egy-egy szakasza, \u00e9s hogy h\u00e1ny cip\u0151t koptattam m\u00e1r el rajta&#8230; Ne siess addig azt mondani nekem: \u201eTudom, mit \u00e9rzel!\u201d, am\u00edg cip\u0151met csak k\u00edv\u00fclr\u0151l l\u00e1ttad. A k\u00fcls\u0151 csup\u00e1n azt mutatja, hogy van-e vagy nincs \u00edzl\u00e9sem. A bels\u0151 \u00e9letemr\u0151l viszont egy sz\u00f3t sem \u00e1rul el&#8230; Viseln\u00e9d csak p\u00e1r \u00f3r\u00e1ra cip\u0151met, akkor t\u00f6bbet tudn\u00e1l r\u00f3lam. Akkor tal\u00e1n \u00e1t\u00e9rezn\u00e9d, hogy mi\u00e9rt olyan lej\u00e1rt, mi\u00e9rt olyan kopott \u00e9s szakadozott. Akkor tal\u00e1n megtudn\u00e1d, hogy hol minden\u00fctt j\u00e1rtam m\u00e1r \u00e9letem folyam\u00e1n. Ha meg akarsz ismerni, b\u00fajj bele cip\u0151mbe. Az majd mes\u00e9lk neked m\u00faltamr\u00f3l \u00e9s jelenemr\u0151l, sikereimr\u0151l \u00e9s kudarcaimr\u00f3l, \u00e9letem csillag\u00f3r\u00e1ir\u00f3l \u00e9s siralomv\u00f6lgyeir\u0151l. Az majd minden titkot elmond neked r\u00f3lam&#8230; Akkor majd mondhatod nekem \u2013 \u00e9s szavaid \u0151szint\u00e9bben fognak csengeni! \u2013 \u201eMost m\u00e1r meg\u00e9rtelek, ismerem neh\u00e9zs\u00e9geidet, tudom, mit \u00e9rzel!\u201d Stuttgart, 2019. janu\u00e1r 9. Imre atya\" \/>\n<meta property=\"og:url\" content=\"https:\/\/stuttgarti-katolikusok.de\/index.php\/megertesz\/\" \/>\n<meta property=\"og:site_name\" content=\"Stuttgarti Katolikusok\" \/>\n<meta property=\"article:published_time\" content=\"2019-01-09T07:28:48+00:00\" \/>\n<meta property=\"article:modified_time\" content=\"2019-10-23T10:29:25+00:00\" \/>\n<meta name=\"author\" content=\"Tibor atya\" \/>\n<meta name=\"twitter:card\" content=\"summary_large_image\" \/>\n<meta name=\"twitter:label1\" content=\"Szerz\u0151:\" \/>\n\t<meta name=\"twitter:data1\" content=\"Tibor atya\" \/>\n\t<meta name=\"twitter:label2\" content=\"Becs\u00fclt olvas\u00e1si id\u0151\" \/>\n\t<meta name=\"twitter:data2\" content=\"1 perc\" \/>\n<script type=\"application\/ld+json\" class=\"yoast-schema-graph\">{\"@context\":\"https:\\\/\\\/schema.org\",\"@graph\":[{\"@type\":\"Article\",\"@id\":\"https:\\\/\\\/stuttgarti-katolikusok.de\\\/index.php\\\/megertesz\\\/#article\",\"isPartOf\":{\"@id\":\"https:\\\/\\\/stuttgarti-katolikusok.de\\\/index.php\\\/megertesz\\\/\"},\"author\":{\"name\":\"Tibor atya\",\"@id\":\"https:\\\/\\\/stuttgarti-katolikusok.de\\\/#\\\/schema\\\/person\\\/75908d6f8fdc03a57889d27209df7795\"},\"headline\":\"Meg\u00e9rtesz?\",\"datePublished\":\"2019-01-09T07:28:48+00:00\",\"dateModified\":\"2019-10-23T10:29:25+00:00\",\"mainEntityOfPage\":{\"@id\":\"https:\\\/\\\/stuttgarti-katolikusok.de\\\/index.php\\\/megertesz\\\/\"},\"wordCount\":248,\"articleSection\":[\"Gondolatok\"],\"inLanguage\":\"hu\"},{\"@type\":\"WebPage\",\"@id\":\"https:\\\/\\\/stuttgarti-katolikusok.de\\\/index.php\\\/megertesz\\\/\",\"url\":\"https:\\\/\\\/stuttgarti-katolikusok.de\\\/index.php\\\/megertesz\\\/\",\"name\":\"Meg\u00e9rtesz? - Stuttgarti Katolikusok\",\"isPartOf\":{\"@id\":\"https:\\\/\\\/stuttgarti-katolikusok.de\\\/#website\"},\"datePublished\":\"2019-01-09T07:28:48+00:00\",\"dateModified\":\"2019-10-23T10:29:25+00:00\",\"author\":{\"@id\":\"https:\\\/\\\/stuttgarti-katolikusok.de\\\/#\\\/schema\\\/person\\\/75908d6f8fdc03a57889d27209df7795\"},\"breadcrumb\":{\"@id\":\"https:\\\/\\\/stuttgarti-katolikusok.de\\\/index.php\\\/megertesz\\\/#breadcrumb\"},\"inLanguage\":\"hu\",\"potentialAction\":[{\"@type\":\"ReadAction\",\"target\":[\"https:\\\/\\\/stuttgarti-katolikusok.de\\\/index.php\\\/megertesz\\\/\"]}]},{\"@type\":\"BreadcrumbList\",\"@id\":\"https:\\\/\\\/stuttgarti-katolikusok.de\\\/index.php\\\/megertesz\\\/#breadcrumb\",\"itemListElement\":[{\"@type\":\"ListItem\",\"position\":1,\"name\":\"Kezd\u0151lap\",\"item\":\"https:\\\/\\\/stuttgarti-katolikusok.de\\\/\"},{\"@type\":\"ListItem\",\"position\":2,\"name\":\"Meg\u00e9rtesz?\"}]},{\"@type\":\"WebSite\",\"@id\":\"https:\\\/\\\/stuttgarti-katolikusok.de\\\/#website\",\"url\":\"https:\\\/\\\/stuttgarti-katolikusok.de\\\/\",\"name\":\"Stuttgarti Katolikusok\",\"description\":\"\",\"potentialAction\":[{\"@type\":\"SearchAction\",\"target\":{\"@type\":\"EntryPoint\",\"urlTemplate\":\"https:\\\/\\\/stuttgarti-katolikusok.de\\\/?s={search_term_string}\"},\"query-input\":{\"@type\":\"PropertyValueSpecification\",\"valueRequired\":true,\"valueName\":\"search_term_string\"}}],\"inLanguage\":\"hu\"},{\"@type\":\"Person\",\"@id\":\"https:\\\/\\\/stuttgarti-katolikusok.de\\\/#\\\/schema\\\/person\\\/75908d6f8fdc03a57889d27209df7795\",\"name\":\"Tibor atya\",\"image\":{\"@type\":\"ImageObject\",\"inLanguage\":\"hu\",\"@id\":\"https:\\\/\\\/secure.gravatar.com\\\/avatar\\\/61d268e57d1f4525b111222e29d2d5a7f8c420fdbf231ba5566a8ceac74fa960?s=96&d=mm&r=g\",\"url\":\"https:\\\/\\\/secure.gravatar.com\\\/avatar\\\/61d268e57d1f4525b111222e29d2d5a7f8c420fdbf231ba5566a8ceac74fa960?s=96&d=mm&r=g\",\"contentUrl\":\"https:\\\/\\\/secure.gravatar.com\\\/avatar\\\/61d268e57d1f4525b111222e29d2d5a7f8c420fdbf231ba5566a8ceac74fa960?s=96&d=mm&r=g\",\"caption\":\"Tibor atya\"},\"url\":\"https:\\\/\\\/stuttgarti-katolikusok.de\\\/index.php\\\/author\\\/tibor-atya\\\/\"}]}<\/script>\n<!-- \/ Yoast SEO plugin. -->","yoast_head_json":{"title":"Meg\u00e9rtesz? - Stuttgarti Katolikusok","robots":{"index":"index","follow":"follow","max-snippet":"max-snippet:-1","max-image-preview":"max-image-preview:large","max-video-preview":"max-video-preview:-1"},"canonical":"https:\/\/stuttgarti-katolikusok.de\/index.php\/megertesz\/","og_locale":"hu_HU","og_type":"article","og_title":"Meg\u00e9rtesz? - Stuttgarti Katolikusok","og_description":"Meg\u00e9rtesz? Ne siess addig azt mondani nekem: \u201eMeg\u00e9rtelek!\u201d, am\u00edg nem j\u00e1rt\u00e1l a cip\u0151mben. Nem tudhatod, hogy engem mi b\u00e1nt, mi nyomaszt, mi esik nehezemre, vagy mit hordozok k\u00f6nnyed\u00e9n&#8230; Ne siess addig azt mondani nekem: \u201eIsmerem neh\u00e9zs\u00e9geidet!\u201d, am\u00edg \u00e9letem \u00fatj\u00e1n nem k\u00eds\u00e9rt\u00e9l el egy darabon. Nem tudhatod, hogy milyen meger\u0151ltet\u0151 \u00e9s f\u00e1raszt\u00f3 annak egy-egy szakasza, \u00e9s hogy h\u00e1ny cip\u0151t koptattam m\u00e1r el rajta&#8230; Ne siess addig azt mondani nekem: \u201eTudom, mit \u00e9rzel!\u201d, am\u00edg cip\u0151met csak k\u00edv\u00fclr\u0151l l\u00e1ttad. A k\u00fcls\u0151 csup\u00e1n azt mutatja, hogy van-e vagy nincs \u00edzl\u00e9sem. A bels\u0151 \u00e9letemr\u0151l viszont egy sz\u00f3t sem \u00e1rul el&#8230; Viseln\u00e9d csak p\u00e1r \u00f3r\u00e1ra cip\u0151met, akkor t\u00f6bbet tudn\u00e1l r\u00f3lam. Akkor tal\u00e1n \u00e1t\u00e9rezn\u00e9d, hogy mi\u00e9rt olyan lej\u00e1rt, mi\u00e9rt olyan kopott \u00e9s szakadozott. Akkor tal\u00e1n megtudn\u00e1d, hogy hol minden\u00fctt j\u00e1rtam m\u00e1r \u00e9letem folyam\u00e1n. Ha meg akarsz ismerni, b\u00fajj bele cip\u0151mbe. Az majd mes\u00e9lk neked m\u00faltamr\u00f3l \u00e9s jelenemr\u0151l, sikereimr\u0151l \u00e9s kudarcaimr\u00f3l, \u00e9letem csillag\u00f3r\u00e1ir\u00f3l \u00e9s siralomv\u00f6lgyeir\u0151l. Az majd minden titkot elmond neked r\u00f3lam&#8230; Akkor majd mondhatod nekem \u2013 \u00e9s szavaid \u0151szint\u00e9bben fognak csengeni! \u2013 \u201eMost m\u00e1r meg\u00e9rtelek, ismerem neh\u00e9zs\u00e9geidet, tudom, mit \u00e9rzel!\u201d Stuttgart, 2019. janu\u00e1r 9. Imre atya","og_url":"https:\/\/stuttgarti-katolikusok.de\/index.php\/megertesz\/","og_site_name":"Stuttgarti Katolikusok","article_published_time":"2019-01-09T07:28:48+00:00","article_modified_time":"2019-10-23T10:29:25+00:00","author":"Tibor atya","twitter_card":"summary_large_image","twitter_misc":{"Szerz\u0151:":"Tibor atya","Becs\u00fclt olvas\u00e1si id\u0151":"1 perc"},"schema":{"@context":"https:\/\/schema.org","@graph":[{"@type":"Article","@id":"https:\/\/stuttgarti-katolikusok.de\/index.php\/megertesz\/#article","isPartOf":{"@id":"https:\/\/stuttgarti-katolikusok.de\/index.php\/megertesz\/"},"author":{"name":"Tibor atya","@id":"https:\/\/stuttgarti-katolikusok.de\/#\/schema\/person\/75908d6f8fdc03a57889d27209df7795"},"headline":"Meg\u00e9rtesz?","datePublished":"2019-01-09T07:28:48+00:00","dateModified":"2019-10-23T10:29:25+00:00","mainEntityOfPage":{"@id":"https:\/\/stuttgarti-katolikusok.de\/index.php\/megertesz\/"},"wordCount":248,"articleSection":["Gondolatok"],"inLanguage":"hu"},{"@type":"WebPage","@id":"https:\/\/stuttgarti-katolikusok.de\/index.php\/megertesz\/","url":"https:\/\/stuttgarti-katolikusok.de\/index.php\/megertesz\/","name":"Meg\u00e9rtesz? - Stuttgarti Katolikusok","isPartOf":{"@id":"https:\/\/stuttgarti-katolikusok.de\/#website"},"datePublished":"2019-01-09T07:28:48+00:00","dateModified":"2019-10-23T10:29:25+00:00","author":{"@id":"https:\/\/stuttgarti-katolikusok.de\/#\/schema\/person\/75908d6f8fdc03a57889d27209df7795"},"breadcrumb":{"@id":"https:\/\/stuttgarti-katolikusok.de\/index.php\/megertesz\/#breadcrumb"},"inLanguage":"hu","potentialAction":[{"@type":"ReadAction","target":["https:\/\/stuttgarti-katolikusok.de\/index.php\/megertesz\/"]}]},{"@type":"BreadcrumbList","@id":"https:\/\/stuttgarti-katolikusok.de\/index.php\/megertesz\/#breadcrumb","itemListElement":[{"@type":"ListItem","position":1,"name":"Kezd\u0151lap","item":"https:\/\/stuttgarti-katolikusok.de\/"},{"@type":"ListItem","position":2,"name":"Meg\u00e9rtesz?"}]},{"@type":"WebSite","@id":"https:\/\/stuttgarti-katolikusok.de\/#website","url":"https:\/\/stuttgarti-katolikusok.de\/","name":"Stuttgarti Katolikusok","description":"","potentialAction":[{"@type":"SearchAction","target":{"@type":"EntryPoint","urlTemplate":"https:\/\/stuttgarti-katolikusok.de\/?s={search_term_string}"},"query-input":{"@type":"PropertyValueSpecification","valueRequired":true,"valueName":"search_term_string"}}],"inLanguage":"hu"},{"@type":"Person","@id":"https:\/\/stuttgarti-katolikusok.de\/#\/schema\/person\/75908d6f8fdc03a57889d27209df7795","name":"Tibor atya","image":{"@type":"ImageObject","inLanguage":"hu","@id":"https:\/\/secure.gravatar.com\/avatar\/61d268e57d1f4525b111222e29d2d5a7f8c420fdbf231ba5566a8ceac74fa960?s=96&d=mm&r=g","url":"https:\/\/secure.gravatar.com\/avatar\/61d268e57d1f4525b111222e29d2d5a7f8c420fdbf231ba5566a8ceac74fa960?s=96&d=mm&r=g","contentUrl":"https:\/\/secure.gravatar.com\/avatar\/61d268e57d1f4525b111222e29d2d5a7f8c420fdbf231ba5566a8ceac74fa960?s=96&d=mm&r=g","caption":"Tibor atya"},"url":"https:\/\/stuttgarti-katolikusok.de\/index.php\/author\/tibor-atya\/"}]}},"_links":{"self":[{"href":"https:\/\/stuttgarti-katolikusok.de\/index.php\/wp-json\/wp\/v2\/posts\/15867","targetHints":{"allow":["GET"]}}],"collection":[{"href":"https:\/\/stuttgarti-katolikusok.de\/index.php\/wp-json\/wp\/v2\/posts"}],"about":[{"href":"https:\/\/stuttgarti-katolikusok.de\/index.php\/wp-json\/wp\/v2\/types\/post"}],"author":[{"embeddable":true,"href":"https:\/\/stuttgarti-katolikusok.de\/index.php\/wp-json\/wp\/v2\/users\/3"}],"replies":[{"embeddable":true,"href":"https:\/\/stuttgarti-katolikusok.de\/index.php\/wp-json\/wp\/v2\/comments?post=15867"}],"version-history":[{"count":1,"href":"https:\/\/stuttgarti-katolikusok.de\/index.php\/wp-json\/wp\/v2\/posts\/15867\/revisions"}],"predecessor-version":[{"id":15869,"href":"https:\/\/stuttgarti-katolikusok.de\/index.php\/wp-json\/wp\/v2\/posts\/15867\/revisions\/15869"}],"wp:attachment":[{"href":"https:\/\/stuttgarti-katolikusok.de\/index.php\/wp-json\/wp\/v2\/media?parent=15867"}],"wp:term":[{"taxonomy":"category","embeddable":true,"href":"https:\/\/stuttgarti-katolikusok.de\/index.php\/wp-json\/wp\/v2\/categories?post=15867"},{"taxonomy":"post_tag","embeddable":true,"href":"https:\/\/stuttgarti-katolikusok.de\/index.php\/wp-json\/wp\/v2\/tags?post=15867"}],"curies":[{"name":"wp","href":"https:\/\/api.w.org\/{rel}","templated":true}]}}