{"id":15749,"date":"2018-12-27T07:19:45","date_gmt":"2018-12-27T07:19:45","guid":{"rendered":"https:\/\/gracious-dewdney.138-201-221-2.plesk.page\/?p=15749"},"modified":"2020-04-27T08:55:14","modified_gmt":"2020-04-27T08:55:14","slug":"ugyanabbol-a-fabol","status":"publish","type":"post","link":"https:\/\/stuttgarti-katolikusok.de\/index.php\/ugyanabbol-a-fabol\/","title":{"rendered":"Ugyanabb\u00f3l a f\u00e1b\u00f3l&#8230;"},"content":{"rendered":"<p><strong>Ugyanabb\u00f3l a f\u00e1b\u00f3l\u2026<\/strong><\/p>\n<p><strong>\u00a0<\/strong><\/p>\n<p>A p\u00e1sztorok, kezdte nagyany\u00e1m kar\u00e1csonyi mes\u00e9j\u00e9t, nagy \u00f6r\u00f6mmel t\u00e9rtek vissza a betlehemi ist\u00e1ll\u00f3t\u00f3l. Eg\u00e9sz \u00faton hazafel\u00e9 \u00e9lm\u00e9nyeikr\u0151l besz\u00e9lgettek:<\/p>\n<p><em>\u00a0 \u00a0 \u00a0 \u00a0 \u00a0 \u00a0 &#8211; \u00a0\u00a0\u00a0\u00a0\u00a0\u00a0\u00a0\u00a0 L\u00e1ttad a kisgyermeket, milyen virgonc volt? <\/em>\u2013 kezdte az egyik.<\/p>\n<p><em>\u00a0\u00a0\u00a0\u00a0\u00a0\u00a0\u00a0\u00a0\u00a0\u00a0\u00a0 &#8211; \u00a0\u00a0\u00a0\u00a0\u00a0\u00a0\u00a0\u00a0 M\u00e9g mosolygott is, mintha&#8230; <\/em>\u2013 toldotta meg a m\u00e1sik.<\/p>\n<p><em>\u00a0\u00a0\u00a0\u00a0\u00a0\u00a0\u00a0\u00a0\u00a0\u00a0\u00a0 &#8211; \u00a0\u00a0\u00a0\u00a0\u00a0\u00a0\u00a0\u00a0 \u00c9s az \u00e9desanyja milyen sz\u00e9p volt&#8230; <\/em>\u2013 \u00edgy a harmadik.<\/p>\n<p><em>\u00a0\u00a0\u00a0\u00a0\u00a0\u00a0\u00a0\u00a0\u00a0\u00a0\u00a0 &#8211; \u00a0\u00a0\u00a0\u00a0\u00a0\u00a0\u00a0\u00a0 J\u00f3zsef azonban nagyon szomorkodott. Mikor k\u00e9rdeztem, azt mondta nekem: szomor\u00fa, nem csak az\u00e9rt, mert hideg van \u00e9s f\u00e9l, hogy megf\u00e1zik a gyermek \u00e9s \u00e9desanyja, de a j\u00e1szol is annyira szuvas \u00e9s\u00a0 korhadt, hogy att\u00f3l lehet f\u00e9lni, sz\u00e9tesik. \u0150 \u00e1csolna egy \u00fajat, ha lenne f\u00e1ja&#8230; <\/em>\u2013 sajgott fel a sz\u00f3 az \u00f6reg p\u00e1sztorban.<\/p>\n<p><em>\u00a0\u00a0\u00a0\u00a0\u00a0\u00a0\u00a0\u00a0\u00a0\u00a0\u00a0 &#8211; \u00a0\u00a0\u00a0\u00a0\u00a0\u00a0\u00a0\u00a0 Mit tehetn\u00e9nk? Honnan szerezz\u00fcnk f\u00e1t? <\/em>\u2013 k\u00e9rdezte a kisbojt\u00e1r.<\/p>\n<p><em>\u00a0\u00a0\u00a0\u00a0\u00a0\u00a0\u00a0\u00a0\u00a0\u00a0\u00a0 &#8211; \u00a0\u00a0\u00a0\u00a0\u00a0\u00a0\u00a0\u00a0 Eml\u00e9keztek, innen egy j\u00f3 \u00f3r\u00e1nyi j\u00e1r\u00f3f\u00f6ldre, Jeruzs\u00e1lemhez k\u00f6zel, a K\u00f6ves patak partj\u00e1n \u00e1ll egy mag\u00e1nyos \u00f6reg c\u00e9drusfa \u2013 <\/em>\u00fct\u00f6tt homlok\u00e1ra a legid\u0151sebb p\u00e1sztor.<em> Nekem nincs m\u00e1r annyi j\u00e1rt\u00e1nyi er\u0151m, hogy oda elmenjek \u00e9s elhozzam k\u00e9t nagy \u00e1g\u00e1t, de nektek, \u00c1mosz \u00e9s J\u00e1kob igen. Induljatok azonnal!<\/em><\/p>\n<p>A k\u00e9t fiatalabb p\u00e1sztor \u00fatrakelt. Fenn az \u00e9gen sz\u00e9pen mosolygott a telihold \u00e9s szipork\u00e1ztak a csillagok, f\u00e9ny\u00fckkel beragyogva \u00fatjukat. Eleinte m\u00e9g \u00e9l\u00e9nken besz\u00e9lgettek, egy darab ut\u00e1n azonban mindegyik\u00fck gondolataiba mer\u00fclt, s miut\u00e1n hallgattak egy sort, akkor vett\u00e9k \u00e9szre, hogy milyen m\u00e9ly csend ereszkedett a f\u00f6ldre. M\u00e1skor csak \u00fagy von\u00edtottak \u00e9s \u00fcv\u00f6lt\u00f6ttek a farkasok, a kuty\u00e1k pedig ugat\u00e1sukkal v\u00e1laszoltak nekik. Ezen az \u00e9jszak\u00e1n azonban szokatlan, b\u00e9k\u00e9s csend ereszkedett a vid\u00e9kre.<\/p>\n<p>V\u00e9gre oda\u00e9rtek a patakhoz. M\u00e1r messzir\u0151l felt\u0171nt nekik a mag\u00e1nyos c\u00e9drus k\u00f6rvonala. Amikor mellette meg\u00e1lltak, megillet\u0151dtek.<\/p>\n<p><em>&#8211;\u00a0\u00a0\u00a0\u00a0\u00a0\u00a0\u00a0\u00a0\u00a0 Milyen sz\u00e9p! <\/em>\u2013 t\u00f6rte meg a csendet \u00c1mosz.<\/p>\n<p><em>&#8211;\u00a0\u00a0\u00a0\u00a0\u00a0\u00a0\u00a0\u00a0\u00a0 Kir\u00e1lyi, f\u00f6ns\u00e9ges! \u2013 <\/em>csod\u00e1lta meg a c\u00e9drust J\u00e1kob is.<\/p>\n<p><em>&#8211;\u00a0\u00a0\u00a0\u00a0\u00a0\u00a0\u00a0\u00a0\u00a0 Vajon nem okozunk neki f\u00e1jdalmat, ha ezt a k\u00e9t als\u00f3 vastag \u00e1gat lev\u00e1gjuk r\u00f3la?<\/em><\/p>\n<p><em>\u00a0\u00a0\u00a0\u00a0\u00a0\u00a0\u00a0\u00a0\u00a0\u00a0\u00a0 <\/em>Ekkor mintha sz\u00e9l kapott volna bele a fa nagy koron\u00e1j\u00e1ba, az \u00f6reg c\u00e9drus f\u00f6ldig hajolt \u00e9s megsz\u00f3lalt:<\/p>\n<p><em>&#8211;\u00a0\u00a0\u00a0\u00a0\u00a0\u00a0\u00a0\u00a0\u00a0 Nem, nem okoztok f\u00e1jdalmat nekem. Sz\u00edvesen adom oda k\u00e9t nagy als\u00f3 \u00e1gamat. Hadd csin\u00e1ljon bel\u0151le J\u00f3zsef egy \u00faj j\u00e1szlat a ma sz\u00fcletett Megv\u00e1lt\u00f3nak. Amit ugyanis neki ad az ember, mondja egy \u0151sr\u00e9gi j\u00f6vend\u0151l\u00e9s, azt sz\u00e1zszorosan vissza fogja kapni majd t\u0151le. Rajta, v\u00e1gj\u00e1tok le \u00e1gaimat \u00e9s vigy\u00e9tek el\u00a0 Betlehembe.<\/em><\/p>\n<p>\u00c1mosz \u00e9s J\u00e1kob majdnem elal\u00e9ltak a csod\u00e1lkoz\u00e1st\u00f3l.\u00a0 Milyen \u00e9jszaka ez, hogy m\u00e9g a f\u00e1k is besz\u00e9lnek? De mivel az id\u0151 gyorsan iramlott, igyekezni\u00fck kellett. Lev\u00e1gt\u00e1k h\u00e1t a\u00a0 c\u00e9drus k\u00e9t als\u00f3 \u00e1g\u00e1t, v\u00e1llukra vett\u00e9k \u00e9s \u00fatnak indultak.<\/p>\n<p><em>&#8211;\u00a0\u00a0\u00a0\u00a0\u00a0\u00a0\u00a0\u00a0\u00a0 K\u00f6sz\u00f6nts\u00e9tek a kis J\u00e9zust a nevemben! \u2013 <\/em>b\u00fagta m\u00e9g m\u00e9ly hangj\u00e1n ut\u00e1nuk a fa.<\/p>\n<p>M\u00e1r hajnalodott, amikor \u00c1mosz \u00e9s J\u00e1kob vissza\u00e9rtek az ist\u00e1ll\u00f3hoz. J\u00f3zsef mintha m\u00e1r v\u00e1rta volna \u0151ket. L\u00e1tszott rajta, hogy a gondokt\u00f3l eg\u00e9sz \u00e9jszaka le sem hunyta a szem\u00e9t. Sz\u00edv\u00e9lyesen megk\u00f6sz\u00f6nte nekik j\u00f3s\u00e1gukat, majd el\u0151hozta szekerc\u00e9j\u00e9t \u00e9s l\u00e1zas munk\u00e1ba fogott. Csak \u00fagy rep\u00fcltek a szil\u00e1nkok \u00e9s a forg\u00e1csdarabok. Egy f\u00e9l\u00f3ra sem telt bel\u00e9, \u00e9s m\u00e1r k\u00e9szen is volt az \u00faj j\u00e1szol. M\u00edg reggel M\u00e1ria kiss\u00e9 rendbeszedte mag\u00e1t \u00e9s megszoptatta a kisdedet, J\u00f3zsef fel is \u00e1ll\u00edtotta a r\u00e9ginek a hely\u00e9re, s a kis J\u00e9zust r\u00f6gvest bele is fektett\u00e9k. Az pedig b\u00e9k\u00e9sen elaludt. \u00c1lm\u00e1ban mosolygott, \u00edgy k\u00f6z\u00f6nve meg a c\u00e9drus j\u00f3s\u00e1g\u00e1t&#8230;<\/p>\n<p>&#8212;&#8212;<\/p>\n<p>Harminc \u00e9v telt el az els\u0151 Kar\u00e1csony \u00f3ta \u2013 folytatta nagyany\u00e1m. A betlehemi Kisdedb\u0151l h\u00edres tan\u00edt\u00f3mester lett. Tan\u00edtv\u00e1nyaival j\u00e1rta Izraelt, hirdette Isten Orsz\u00e1g\u00e1nak az \u00f6r\u00f6mh\u00edr\u00e9t \u00e9s minden betegs\u00e9get meggy\u00f3gy\u00edtott a n\u00e9p k\u00f6r\u00e9ben. A f\u0151papok \u00e9s az \u00edr\u00e1stud\u00f3k azonban folyton az \u00e9let\u00e9re t\u00f6rtek. Nem csak a sz\u00e9p tan\u00edt\u00e1sa miatt, m\u00e9g csak az\u00e9rt sem, mert betegeket gy\u00f3gy\u00edtott, hanem mert Isten Fi\u00e1nak mondta mag\u00e1t. Az is volt, de \u0151k nem tudt\u00e1k ezt t\u0151le elfogadni.<\/p>\n<p>Egy \u00e9jszaka, \u00e9ppen H\u00fasv\u00e9t el\u0151tti cs\u00fct\u00f6rt\u00f6k volt, elfogt\u00e1k. Hal\u00e1lra \u00edt\u00e9lt\u00e9k. Egy sz\u00f6rny\u0171 hal\u00e1lnemet gondoltak ki sz\u00e1m\u00e1ra: keresztre fesz\u00edtik! Nem is egy ak\u00e1r milyen keresztre, hanem egy nagyon nagyra \u00e9s neh\u00e9zre, amelyet majd neki kell hordoznia ki a kiv\u00e9gz\u0151 helyre.<\/p>\n<p>Igen \u00e1m, de hol van egy ilyen nagy fa? A r\u00f3maiak m\u00e1r mind kiv\u00e1gt\u00e1k \u0151ket. Jeruzs\u00e1lem is olyan nagy v\u00e1ross\u00e1 dagadt, hogy az \u00e9p\u00edtkez\u00e9s minden f\u00e1t felem\u00e9sztett.<\/p>\n<p>Ekkor a f\u0151pap egyik szolg\u00e1j\u00e1nak esz\u00e9be jutott valami.<\/p>\n<p><em>&#8211; \u00c9n tudok egy hatalmas nagy f\u00e1t. Egy \u00f6reg c\u00e9drus. Tal\u00e1n m\u00e1r sz\u00e1z\u00e9ves is lehet, ha nem t\u00f6bb! Ott \u00e1ll az egyik eldugott, f\u00e9lrees\u0151 v\u00f6lgyben a K\u00f6ves patak partj\u00e1n. T\u00f6rzse gicsirtes-g\u00f6cs\u00f6rt\u00f6s, cs\u00fanya sebek \u00e9ktelenkednek a k\u00e9t oldal\u00e1n. Valakik lev\u00e1gt\u00e1k a k\u00e9t sz\u00e9p als\u00f3 \u00e1g\u00e1t. M\u00e1r senkinek nem kell, mert semmire sem j\u00f3, de arra j\u00f3 lesz, hogy ennek a n\u00e1z\u00e1retinek egy nagy keresztet \u00e1csoljunk bel\u0151le.<\/em><\/p>\n<p><em>&#8211;\u00a0\u00a0\u00a0\u00a0\u00a0\u00a0\u00a0\u00a0\u00a0 Menjetek el gyorsan \u2013 <\/em>adta ki a parancsot a f\u0151pap, <em>\u00e9s v\u00e1gj\u00e1tok kis azt az \u00f6reg, nagy c\u00e9drust! <\/em><\/p>\n<p>\u00dagy is lett. A szolg\u00e1k elmentek, kiv\u00e1gt\u00e1k az \u00f6reg c\u00e9drust, \u00e9s abb\u00f3l \u00e1csolt\u00e1k meg az \u00dar J\u00e9zusnak a keresztf\u00e1j\u00e1t. Amikor v\u00e1ll\u00e1ra tett\u00e9k, \u0150 felismerte \u00e9s megs\u00edmogatta g\u00f6cs\u00f6rt\u00f6s t\u00f6rzs\u00e9t.<\/p>\n<p>Igy t\u00f6rt\u00e9nt, hogy J\u00e9zusunk j\u00e1szol\u00e1t is \u00e9s keresztj\u00e9t is ugyanabb\u00f3l a c\u00e9drusf\u00e1b\u00f3l \u00e1csolt\u00e1k! \u2013 fejezte be nagyany\u00e1m.<\/p>\n<p>\u00c9n tudtam, hogy igaza van, mert \u0151 minden t\u00f6rt\u00e9netet ismert&#8230;<\/p>\n<p>Azt viszont akkor m\u00e9g nem tudtam, hogy mi\u00e9rt kellett ennek \u00edgy t\u00f6rt\u00e9nnie?<\/p>\n<p>Ma m\u00e1r tudom.<\/p>\n<p>J\u00e9zus Urunk az\u00e9rt j\u00f6tt a f\u00f6ldre, az\u00e9rt sz\u00fcletett, az\u00e9rt fek\u00fcdt szeg\u00e9nyes j\u00e1szolban \u00e9s az\u00e9rt halt meg a neh\u00e9z kereszten, hogy \u00f6r\u00f6m\u00f6mben \u00e9s b\u00e1natomban is mindig velem legyen!<\/p>\n<p><span data-offset-key=\"b6rgi-0-0\">Nek\u00fcnk, tan\u00edtv\u00e1nyainak pedig nem el\u00e9g \u00f6rvendezn\u00fcnk az \u0150 sz\u00fclet\u00e9s\u00e9n, nem el\u00e9g j\u00e1szla k\u00f6r\u00fcl \u00f6sszegy\u00fcln\u00fcnk \u00e9s \u00e9nekeln\u00fcnk, hanem sokszor szenved\u00e9ssel teli \u00e9let\u00fcnkkel tan\u00fas\u00e1got kell tenn\u00fcnk az \u0150 ir\u00e1ntunk val\u00f3, kereszthal\u00e1lba men\u0151 szeretet\u00e9r\u0151l is! <\/span>Erre eml\u00e9keztet j\u00e1szla \u00e9s keresztje.<\/p>\n<p>&nbsp;<\/p>\n<p>Testv\u00e9r, ezekkel a gondolatokkal k\u00edv\u00e1nok Neked szeretetteljes Kar\u00e1csonyi \u00dcnnepeket!<\/p>\n<p>&nbsp;<\/p>\n<p><em>Stuttgart, 2018. december 27.<\/em><\/p>\n<p><em>Imre atya<\/em><\/p>\n","protected":false},"excerpt":{"rendered":"<p>Ugyanabb\u00f3l a f\u00e1b\u00f3l\u2026 \u00a0 A p\u00e1sztorok, kezdte nagyany\u00e1m kar\u00e1csonyi mes\u00e9j\u00e9t, nagy \u00f6r\u00f6mmel t\u00e9rtek vissza a betlehemi ist\u00e1ll\u00f3t\u00f3l. Eg\u00e9sz \u00faton hazafel\u00e9 \u00e9lm\u00e9nyeikr\u0151l besz\u00e9lgettek: \u00a0 \u00a0 \u00a0 \u00a0 \u00a0 \u00a0 &#8211; \u00a0\u00a0\u00a0\u00a0\u00a0\u00a0\u00a0\u00a0 L\u00e1ttad a kisgyermeket, milyen virgonc volt? \u2013 kezdte az egyik. \u00a0\u00a0\u00a0\u00a0\u00a0\u00a0\u00a0\u00a0\u00a0\u00a0\u00a0 &#8211; \u00a0\u00a0\u00a0\u00a0\u00a0\u00a0\u00a0\u00a0 M\u00e9g mosolygott is, mintha&#8230; \u2013 toldotta meg a m\u00e1sik. \u00a0\u00a0\u00a0\u00a0\u00a0\u00a0\u00a0\u00a0\u00a0\u00a0\u00a0 &#8211; \u00a0\u00a0\u00a0\u00a0\u00a0\u00a0\u00a0\u00a0 \u00c9s az \u00e9desanyja milyen sz\u00e9p volt&#8230; \u2013 \u00edgy a harmadik. \u00a0\u00a0\u00a0\u00a0\u00a0\u00a0\u00a0\u00a0\u00a0\u00a0\u00a0 &#8211; \u00a0\u00a0\u00a0\u00a0\u00a0\u00a0\u00a0\u00a0 J\u00f3zsef azonban nagyon szomorkodott. Mikor k\u00e9rdeztem, azt mondta nekem: szomor\u00fa, nem csak az\u00e9rt, mert hideg van \u00e9s f\u00e9l, hogy megf\u00e1zik a gyermek \u00e9s \u00e9desanyja, de a j\u00e1szol is annyira szuvas \u00e9s\u00a0 korhadt, hogy att\u00f3l lehet f\u00e9lni, sz\u00e9tesik. \u0150 \u00e1csolna egy \u00fajat, ha lenne f\u00e1ja&#8230; \u2013 sajgott fel a sz\u00f3 az \u00f6reg p\u00e1sztorban. \u00a0\u00a0\u00a0\u00a0\u00a0\u00a0\u00a0\u00a0\u00a0\u00a0\u00a0 &#8211; \u00a0\u00a0\u00a0\u00a0\u00a0\u00a0\u00a0\u00a0 Mit tehetn\u00e9nk? Honnan szerezz\u00fcnk f\u00e1t? \u2013 k\u00e9rdezte a kisbojt\u00e1r. \u00a0\u00a0\u00a0\u00a0\u00a0\u00a0\u00a0\u00a0\u00a0\u00a0\u00a0 &#8211; \u00a0\u00a0\u00a0\u00a0\u00a0\u00a0\u00a0\u00a0 Eml\u00e9keztek, innen egy j\u00f3 \u00f3r\u00e1nyi j\u00e1r\u00f3f\u00f6ldre, Jeruzs\u00e1lemhez k\u00f6zel, a K\u00f6ves patak partj\u00e1n \u00e1ll egy mag\u00e1nyos \u00f6reg c\u00e9drusfa \u2013 \u00fct\u00f6tt homlok\u00e1ra a legid\u0151sebb p\u00e1sztor. Nekem nincs m\u00e1r annyi j\u00e1rt\u00e1nyi er\u0151m, hogy oda elmenjek \u00e9s elhozzam k\u00e9t nagy \u00e1g\u00e1t, de nektek, \u00c1mosz \u00e9s J\u00e1kob igen. Induljatok azonnal! A k\u00e9t fiatalabb p\u00e1sztor \u00fatrakelt. Fenn az \u00e9gen sz\u00e9pen mosolygott a telihold \u00e9s szipork\u00e1ztak a csillagok, f\u00e9ny\u00fckkel beragyogva \u00fatjukat. Eleinte m\u00e9g \u00e9l\u00e9nken besz\u00e9lgettek, egy darab ut\u00e1n azonban mindegyik\u00fck gondolataiba mer\u00fclt, s miut\u00e1n hallgattak egy sort, akkor vett\u00e9k \u00e9szre, hogy milyen m\u00e9ly csend ereszkedett a f\u00f6ldre. M\u00e1skor csak \u00fagy von\u00edtottak \u00e9s \u00fcv\u00f6lt\u00f6ttek a farkasok, a kuty\u00e1k pedig ugat\u00e1sukkal v\u00e1laszoltak nekik. Ezen az \u00e9jszak\u00e1n azonban szokatlan, b\u00e9k\u00e9s csend ereszkedett a vid\u00e9kre. V\u00e9gre oda\u00e9rtek a patakhoz. M\u00e1r messzir\u0151l felt\u0171nt nekik a mag\u00e1nyos c\u00e9drus k\u00f6rvonala. Amikor mellette meg\u00e1lltak, megillet\u0151dtek. &#8211;\u00a0\u00a0\u00a0\u00a0\u00a0\u00a0\u00a0\u00a0\u00a0 Milyen sz\u00e9p! \u2013 t\u00f6rte meg a csendet \u00c1mosz. &#8211;\u00a0\u00a0\u00a0\u00a0\u00a0\u00a0\u00a0\u00a0\u00a0 Kir\u00e1lyi, f\u00f6ns\u00e9ges! \u2013 csod\u00e1lta meg a c\u00e9drust J\u00e1kob is. &#8211;\u00a0\u00a0\u00a0\u00a0\u00a0\u00a0\u00a0\u00a0\u00a0 Vajon nem okozunk neki f\u00e1jdalmat, ha ezt a k\u00e9t als\u00f3 vastag \u00e1gat lev\u00e1gjuk r\u00f3la? \u00a0\u00a0\u00a0\u00a0\u00a0\u00a0\u00a0\u00a0\u00a0\u00a0\u00a0&#8230; <\/p>\n<p><a class=\"readmore\" href=\"https:\/\/stuttgarti-katolikusok.de\/index.php\/ugyanabbol-a-fabol\/\">R\u00e9szletek<\/a><\/p>\n","protected":false},"author":3,"featured_media":0,"comment_status":"closed","ping_status":"closed","sticky":false,"template":"","format":"standard","meta":{"footnotes":""},"categories":[24],"tags":[],"class_list":["post-15749","post","type-post","status-publish","format-standard","hentry","category-gondolatok"],"yoast_head":"<!-- This site is optimized with the Yoast SEO plugin v27.3 - https:\/\/yoast.com\/product\/yoast-seo-wordpress\/ -->\n<title>Ugyanabb\u00f3l a f\u00e1b\u00f3l... - Stuttgarti Katolikusok<\/title>\n<meta name=\"robots\" content=\"index, follow, max-snippet:-1, max-image-preview:large, max-video-preview:-1\" \/>\n<link rel=\"canonical\" href=\"https:\/\/stuttgarti-katolikusok.de\/index.php\/ugyanabbol-a-fabol\/\" \/>\n<meta property=\"og:locale\" content=\"hu_HU\" \/>\n<meta property=\"og:type\" content=\"article\" \/>\n<meta property=\"og:title\" content=\"Ugyanabb\u00f3l a f\u00e1b\u00f3l... - Stuttgarti Katolikusok\" \/>\n<meta property=\"og:description\" content=\"Ugyanabb\u00f3l a f\u00e1b\u00f3l\u2026 \u00a0 A p\u00e1sztorok, kezdte nagyany\u00e1m kar\u00e1csonyi mes\u00e9j\u00e9t, nagy \u00f6r\u00f6mmel t\u00e9rtek vissza a betlehemi ist\u00e1ll\u00f3t\u00f3l. Eg\u00e9sz \u00faton hazafel\u00e9 \u00e9lm\u00e9nyeikr\u0151l besz\u00e9lgettek: \u00a0 \u00a0 \u00a0 \u00a0 \u00a0 \u00a0 &#8211; \u00a0\u00a0\u00a0\u00a0\u00a0\u00a0\u00a0\u00a0 L\u00e1ttad a kisgyermeket, milyen virgonc volt? \u2013 kezdte az egyik. \u00a0\u00a0\u00a0\u00a0\u00a0\u00a0\u00a0\u00a0\u00a0\u00a0\u00a0 &#8211; \u00a0\u00a0\u00a0\u00a0\u00a0\u00a0\u00a0\u00a0 M\u00e9g mosolygott is, mintha&#8230; \u2013 toldotta meg a m\u00e1sik. \u00a0\u00a0\u00a0\u00a0\u00a0\u00a0\u00a0\u00a0\u00a0\u00a0\u00a0 &#8211; \u00a0\u00a0\u00a0\u00a0\u00a0\u00a0\u00a0\u00a0 \u00c9s az \u00e9desanyja milyen sz\u00e9p volt&#8230; \u2013 \u00edgy a harmadik. \u00a0\u00a0\u00a0\u00a0\u00a0\u00a0\u00a0\u00a0\u00a0\u00a0\u00a0 &#8211; \u00a0\u00a0\u00a0\u00a0\u00a0\u00a0\u00a0\u00a0 J\u00f3zsef azonban nagyon szomorkodott. Mikor k\u00e9rdeztem, azt mondta nekem: szomor\u00fa, nem csak az\u00e9rt, mert hideg van \u00e9s f\u00e9l, hogy megf\u00e1zik a gyermek \u00e9s \u00e9desanyja, de a j\u00e1szol is annyira szuvas \u00e9s\u00a0 korhadt, hogy att\u00f3l lehet f\u00e9lni, sz\u00e9tesik. \u0150 \u00e1csolna egy \u00fajat, ha lenne f\u00e1ja&#8230; \u2013 sajgott fel a sz\u00f3 az \u00f6reg p\u00e1sztorban. \u00a0\u00a0\u00a0\u00a0\u00a0\u00a0\u00a0\u00a0\u00a0\u00a0\u00a0 &#8211; \u00a0\u00a0\u00a0\u00a0\u00a0\u00a0\u00a0\u00a0 Mit tehetn\u00e9nk? Honnan szerezz\u00fcnk f\u00e1t? \u2013 k\u00e9rdezte a kisbojt\u00e1r. \u00a0\u00a0\u00a0\u00a0\u00a0\u00a0\u00a0\u00a0\u00a0\u00a0\u00a0 &#8211; \u00a0\u00a0\u00a0\u00a0\u00a0\u00a0\u00a0\u00a0 Eml\u00e9keztek, innen egy j\u00f3 \u00f3r\u00e1nyi j\u00e1r\u00f3f\u00f6ldre, Jeruzs\u00e1lemhez k\u00f6zel, a K\u00f6ves patak partj\u00e1n \u00e1ll egy mag\u00e1nyos \u00f6reg c\u00e9drusfa \u2013 \u00fct\u00f6tt homlok\u00e1ra a legid\u0151sebb p\u00e1sztor. Nekem nincs m\u00e1r annyi j\u00e1rt\u00e1nyi er\u0151m, hogy oda elmenjek \u00e9s elhozzam k\u00e9t nagy \u00e1g\u00e1t, de nektek, \u00c1mosz \u00e9s J\u00e1kob igen. Induljatok azonnal! A k\u00e9t fiatalabb p\u00e1sztor \u00fatrakelt. Fenn az \u00e9gen sz\u00e9pen mosolygott a telihold \u00e9s szipork\u00e1ztak a csillagok, f\u00e9ny\u00fckkel beragyogva \u00fatjukat. Eleinte m\u00e9g \u00e9l\u00e9nken besz\u00e9lgettek, egy darab ut\u00e1n azonban mindegyik\u00fck gondolataiba mer\u00fclt, s miut\u00e1n hallgattak egy sort, akkor vett\u00e9k \u00e9szre, hogy milyen m\u00e9ly csend ereszkedett a f\u00f6ldre. M\u00e1skor csak \u00fagy von\u00edtottak \u00e9s \u00fcv\u00f6lt\u00f6ttek a farkasok, a kuty\u00e1k pedig ugat\u00e1sukkal v\u00e1laszoltak nekik. Ezen az \u00e9jszak\u00e1n azonban szokatlan, b\u00e9k\u00e9s csend ereszkedett a vid\u00e9kre. V\u00e9gre oda\u00e9rtek a patakhoz. M\u00e1r messzir\u0151l felt\u0171nt nekik a mag\u00e1nyos c\u00e9drus k\u00f6rvonala. Amikor mellette meg\u00e1lltak, megillet\u0151dtek. &#8211;\u00a0\u00a0\u00a0\u00a0\u00a0\u00a0\u00a0\u00a0\u00a0 Milyen sz\u00e9p! \u2013 t\u00f6rte meg a csendet \u00c1mosz. &#8211;\u00a0\u00a0\u00a0\u00a0\u00a0\u00a0\u00a0\u00a0\u00a0 Kir\u00e1lyi, f\u00f6ns\u00e9ges! \u2013 csod\u00e1lta meg a c\u00e9drust J\u00e1kob is. &#8211;\u00a0\u00a0\u00a0\u00a0\u00a0\u00a0\u00a0\u00a0\u00a0 Vajon nem okozunk neki f\u00e1jdalmat, ha ezt a k\u00e9t als\u00f3 vastag \u00e1gat lev\u00e1gjuk r\u00f3la? \u00a0\u00a0\u00a0\u00a0\u00a0\u00a0\u00a0\u00a0\u00a0\u00a0\u00a0... R\u00e9szletek\" \/>\n<meta property=\"og:url\" content=\"https:\/\/stuttgarti-katolikusok.de\/index.php\/ugyanabbol-a-fabol\/\" \/>\n<meta property=\"og:site_name\" content=\"Stuttgarti Katolikusok\" \/>\n<meta property=\"article:published_time\" content=\"2018-12-27T07:19:45+00:00\" \/>\n<meta property=\"article:modified_time\" content=\"2020-04-27T08:55:14+00:00\" \/>\n<meta name=\"author\" content=\"Tibor atya\" \/>\n<meta name=\"twitter:card\" content=\"summary_large_image\" \/>\n<meta name=\"twitter:label1\" content=\"Szerz\u0151:\" \/>\n\t<meta name=\"twitter:data1\" content=\"Tibor atya\" \/>\n\t<meta name=\"twitter:label2\" content=\"Becs\u00fclt olvas\u00e1si id\u0151\" \/>\n\t<meta name=\"twitter:data2\" content=\"6 perc\" \/>\n<script type=\"application\/ld+json\" class=\"yoast-schema-graph\">{\"@context\":\"https:\\\/\\\/schema.org\",\"@graph\":[{\"@type\":\"Article\",\"@id\":\"https:\\\/\\\/stuttgarti-katolikusok.de\\\/index.php\\\/ugyanabbol-a-fabol\\\/#article\",\"isPartOf\":{\"@id\":\"https:\\\/\\\/stuttgarti-katolikusok.de\\\/index.php\\\/ugyanabbol-a-fabol\\\/\"},\"author\":{\"name\":\"Tibor atya\",\"@id\":\"https:\\\/\\\/stuttgarti-katolikusok.de\\\/#\\\/schema\\\/person\\\/75908d6f8fdc03a57889d27209df7795\"},\"headline\":\"Ugyanabb\u00f3l a f\u00e1b\u00f3l&#8230;\",\"datePublished\":\"2018-12-27T07:19:45+00:00\",\"dateModified\":\"2020-04-27T08:55:14+00:00\",\"mainEntityOfPage\":{\"@id\":\"https:\\\/\\\/stuttgarti-katolikusok.de\\\/index.php\\\/ugyanabbol-a-fabol\\\/\"},\"wordCount\":1253,\"articleSection\":[\"Gondolatok\"],\"inLanguage\":\"hu\"},{\"@type\":\"WebPage\",\"@id\":\"https:\\\/\\\/stuttgarti-katolikusok.de\\\/index.php\\\/ugyanabbol-a-fabol\\\/\",\"url\":\"https:\\\/\\\/stuttgarti-katolikusok.de\\\/index.php\\\/ugyanabbol-a-fabol\\\/\",\"name\":\"Ugyanabb\u00f3l a f\u00e1b\u00f3l... - Stuttgarti Katolikusok\",\"isPartOf\":{\"@id\":\"https:\\\/\\\/stuttgarti-katolikusok.de\\\/#website\"},\"datePublished\":\"2018-12-27T07:19:45+00:00\",\"dateModified\":\"2020-04-27T08:55:14+00:00\",\"author\":{\"@id\":\"https:\\\/\\\/stuttgarti-katolikusok.de\\\/#\\\/schema\\\/person\\\/75908d6f8fdc03a57889d27209df7795\"},\"breadcrumb\":{\"@id\":\"https:\\\/\\\/stuttgarti-katolikusok.de\\\/index.php\\\/ugyanabbol-a-fabol\\\/#breadcrumb\"},\"inLanguage\":\"hu\",\"potentialAction\":[{\"@type\":\"ReadAction\",\"target\":[\"https:\\\/\\\/stuttgarti-katolikusok.de\\\/index.php\\\/ugyanabbol-a-fabol\\\/\"]}]},{\"@type\":\"BreadcrumbList\",\"@id\":\"https:\\\/\\\/stuttgarti-katolikusok.de\\\/index.php\\\/ugyanabbol-a-fabol\\\/#breadcrumb\",\"itemListElement\":[{\"@type\":\"ListItem\",\"position\":1,\"name\":\"Kezd\u0151lap\",\"item\":\"https:\\\/\\\/stuttgarti-katolikusok.de\\\/\"},{\"@type\":\"ListItem\",\"position\":2,\"name\":\"Ugyanabb\u00f3l a f\u00e1b\u00f3l&#8230;\"}]},{\"@type\":\"WebSite\",\"@id\":\"https:\\\/\\\/stuttgarti-katolikusok.de\\\/#website\",\"url\":\"https:\\\/\\\/stuttgarti-katolikusok.de\\\/\",\"name\":\"Stuttgarti Katolikusok\",\"description\":\"\",\"potentialAction\":[{\"@type\":\"SearchAction\",\"target\":{\"@type\":\"EntryPoint\",\"urlTemplate\":\"https:\\\/\\\/stuttgarti-katolikusok.de\\\/?s={search_term_string}\"},\"query-input\":{\"@type\":\"PropertyValueSpecification\",\"valueRequired\":true,\"valueName\":\"search_term_string\"}}],\"inLanguage\":\"hu\"},{\"@type\":\"Person\",\"@id\":\"https:\\\/\\\/stuttgarti-katolikusok.de\\\/#\\\/schema\\\/person\\\/75908d6f8fdc03a57889d27209df7795\",\"name\":\"Tibor atya\",\"image\":{\"@type\":\"ImageObject\",\"inLanguage\":\"hu\",\"@id\":\"https:\\\/\\\/secure.gravatar.com\\\/avatar\\\/61d268e57d1f4525b111222e29d2d5a7f8c420fdbf231ba5566a8ceac74fa960?s=96&d=mm&r=g\",\"url\":\"https:\\\/\\\/secure.gravatar.com\\\/avatar\\\/61d268e57d1f4525b111222e29d2d5a7f8c420fdbf231ba5566a8ceac74fa960?s=96&d=mm&r=g\",\"contentUrl\":\"https:\\\/\\\/secure.gravatar.com\\\/avatar\\\/61d268e57d1f4525b111222e29d2d5a7f8c420fdbf231ba5566a8ceac74fa960?s=96&d=mm&r=g\",\"caption\":\"Tibor atya\"},\"url\":\"https:\\\/\\\/stuttgarti-katolikusok.de\\\/index.php\\\/author\\\/tibor-atya\\\/\"}]}<\/script>\n<!-- \/ Yoast SEO plugin. -->","yoast_head_json":{"title":"Ugyanabb\u00f3l a f\u00e1b\u00f3l... - Stuttgarti Katolikusok","robots":{"index":"index","follow":"follow","max-snippet":"max-snippet:-1","max-image-preview":"max-image-preview:large","max-video-preview":"max-video-preview:-1"},"canonical":"https:\/\/stuttgarti-katolikusok.de\/index.php\/ugyanabbol-a-fabol\/","og_locale":"hu_HU","og_type":"article","og_title":"Ugyanabb\u00f3l a f\u00e1b\u00f3l... - Stuttgarti Katolikusok","og_description":"Ugyanabb\u00f3l a f\u00e1b\u00f3l\u2026 \u00a0 A p\u00e1sztorok, kezdte nagyany\u00e1m kar\u00e1csonyi mes\u00e9j\u00e9t, nagy \u00f6r\u00f6mmel t\u00e9rtek vissza a betlehemi ist\u00e1ll\u00f3t\u00f3l. Eg\u00e9sz \u00faton hazafel\u00e9 \u00e9lm\u00e9nyeikr\u0151l besz\u00e9lgettek: \u00a0 \u00a0 \u00a0 \u00a0 \u00a0 \u00a0 &#8211; \u00a0\u00a0\u00a0\u00a0\u00a0\u00a0\u00a0\u00a0 L\u00e1ttad a kisgyermeket, milyen virgonc volt? \u2013 kezdte az egyik. \u00a0\u00a0\u00a0\u00a0\u00a0\u00a0\u00a0\u00a0\u00a0\u00a0\u00a0 &#8211; \u00a0\u00a0\u00a0\u00a0\u00a0\u00a0\u00a0\u00a0 M\u00e9g mosolygott is, mintha&#8230; \u2013 toldotta meg a m\u00e1sik. \u00a0\u00a0\u00a0\u00a0\u00a0\u00a0\u00a0\u00a0\u00a0\u00a0\u00a0 &#8211; \u00a0\u00a0\u00a0\u00a0\u00a0\u00a0\u00a0\u00a0 \u00c9s az \u00e9desanyja milyen sz\u00e9p volt&#8230; \u2013 \u00edgy a harmadik. \u00a0\u00a0\u00a0\u00a0\u00a0\u00a0\u00a0\u00a0\u00a0\u00a0\u00a0 &#8211; \u00a0\u00a0\u00a0\u00a0\u00a0\u00a0\u00a0\u00a0 J\u00f3zsef azonban nagyon szomorkodott. Mikor k\u00e9rdeztem, azt mondta nekem: szomor\u00fa, nem csak az\u00e9rt, mert hideg van \u00e9s f\u00e9l, hogy megf\u00e1zik a gyermek \u00e9s \u00e9desanyja, de a j\u00e1szol is annyira szuvas \u00e9s\u00a0 korhadt, hogy att\u00f3l lehet f\u00e9lni, sz\u00e9tesik. \u0150 \u00e1csolna egy \u00fajat, ha lenne f\u00e1ja&#8230; \u2013 sajgott fel a sz\u00f3 az \u00f6reg p\u00e1sztorban. \u00a0\u00a0\u00a0\u00a0\u00a0\u00a0\u00a0\u00a0\u00a0\u00a0\u00a0 &#8211; \u00a0\u00a0\u00a0\u00a0\u00a0\u00a0\u00a0\u00a0 Mit tehetn\u00e9nk? Honnan szerezz\u00fcnk f\u00e1t? \u2013 k\u00e9rdezte a kisbojt\u00e1r. \u00a0\u00a0\u00a0\u00a0\u00a0\u00a0\u00a0\u00a0\u00a0\u00a0\u00a0 &#8211; \u00a0\u00a0\u00a0\u00a0\u00a0\u00a0\u00a0\u00a0 Eml\u00e9keztek, innen egy j\u00f3 \u00f3r\u00e1nyi j\u00e1r\u00f3f\u00f6ldre, Jeruzs\u00e1lemhez k\u00f6zel, a K\u00f6ves patak partj\u00e1n \u00e1ll egy mag\u00e1nyos \u00f6reg c\u00e9drusfa \u2013 \u00fct\u00f6tt homlok\u00e1ra a legid\u0151sebb p\u00e1sztor. Nekem nincs m\u00e1r annyi j\u00e1rt\u00e1nyi er\u0151m, hogy oda elmenjek \u00e9s elhozzam k\u00e9t nagy \u00e1g\u00e1t, de nektek, \u00c1mosz \u00e9s J\u00e1kob igen. Induljatok azonnal! A k\u00e9t fiatalabb p\u00e1sztor \u00fatrakelt. Fenn az \u00e9gen sz\u00e9pen mosolygott a telihold \u00e9s szipork\u00e1ztak a csillagok, f\u00e9ny\u00fckkel beragyogva \u00fatjukat. Eleinte m\u00e9g \u00e9l\u00e9nken besz\u00e9lgettek, egy darab ut\u00e1n azonban mindegyik\u00fck gondolataiba mer\u00fclt, s miut\u00e1n hallgattak egy sort, akkor vett\u00e9k \u00e9szre, hogy milyen m\u00e9ly csend ereszkedett a f\u00f6ldre. M\u00e1skor csak \u00fagy von\u00edtottak \u00e9s \u00fcv\u00f6lt\u00f6ttek a farkasok, a kuty\u00e1k pedig ugat\u00e1sukkal v\u00e1laszoltak nekik. Ezen az \u00e9jszak\u00e1n azonban szokatlan, b\u00e9k\u00e9s csend ereszkedett a vid\u00e9kre. V\u00e9gre oda\u00e9rtek a patakhoz. M\u00e1r messzir\u0151l felt\u0171nt nekik a mag\u00e1nyos c\u00e9drus k\u00f6rvonala. Amikor mellette meg\u00e1lltak, megillet\u0151dtek. &#8211;\u00a0\u00a0\u00a0\u00a0\u00a0\u00a0\u00a0\u00a0\u00a0 Milyen sz\u00e9p! \u2013 t\u00f6rte meg a csendet \u00c1mosz. &#8211;\u00a0\u00a0\u00a0\u00a0\u00a0\u00a0\u00a0\u00a0\u00a0 Kir\u00e1lyi, f\u00f6ns\u00e9ges! \u2013 csod\u00e1lta meg a c\u00e9drust J\u00e1kob is. &#8211;\u00a0\u00a0\u00a0\u00a0\u00a0\u00a0\u00a0\u00a0\u00a0 Vajon nem okozunk neki f\u00e1jdalmat, ha ezt a k\u00e9t als\u00f3 vastag \u00e1gat lev\u00e1gjuk r\u00f3la? \u00a0\u00a0\u00a0\u00a0\u00a0\u00a0\u00a0\u00a0\u00a0\u00a0\u00a0... R\u00e9szletek","og_url":"https:\/\/stuttgarti-katolikusok.de\/index.php\/ugyanabbol-a-fabol\/","og_site_name":"Stuttgarti Katolikusok","article_published_time":"2018-12-27T07:19:45+00:00","article_modified_time":"2020-04-27T08:55:14+00:00","author":"Tibor atya","twitter_card":"summary_large_image","twitter_misc":{"Szerz\u0151:":"Tibor atya","Becs\u00fclt olvas\u00e1si id\u0151":"6 perc"},"schema":{"@context":"https:\/\/schema.org","@graph":[{"@type":"Article","@id":"https:\/\/stuttgarti-katolikusok.de\/index.php\/ugyanabbol-a-fabol\/#article","isPartOf":{"@id":"https:\/\/stuttgarti-katolikusok.de\/index.php\/ugyanabbol-a-fabol\/"},"author":{"name":"Tibor atya","@id":"https:\/\/stuttgarti-katolikusok.de\/#\/schema\/person\/75908d6f8fdc03a57889d27209df7795"},"headline":"Ugyanabb\u00f3l a f\u00e1b\u00f3l&#8230;","datePublished":"2018-12-27T07:19:45+00:00","dateModified":"2020-04-27T08:55:14+00:00","mainEntityOfPage":{"@id":"https:\/\/stuttgarti-katolikusok.de\/index.php\/ugyanabbol-a-fabol\/"},"wordCount":1253,"articleSection":["Gondolatok"],"inLanguage":"hu"},{"@type":"WebPage","@id":"https:\/\/stuttgarti-katolikusok.de\/index.php\/ugyanabbol-a-fabol\/","url":"https:\/\/stuttgarti-katolikusok.de\/index.php\/ugyanabbol-a-fabol\/","name":"Ugyanabb\u00f3l a f\u00e1b\u00f3l... - Stuttgarti Katolikusok","isPartOf":{"@id":"https:\/\/stuttgarti-katolikusok.de\/#website"},"datePublished":"2018-12-27T07:19:45+00:00","dateModified":"2020-04-27T08:55:14+00:00","author":{"@id":"https:\/\/stuttgarti-katolikusok.de\/#\/schema\/person\/75908d6f8fdc03a57889d27209df7795"},"breadcrumb":{"@id":"https:\/\/stuttgarti-katolikusok.de\/index.php\/ugyanabbol-a-fabol\/#breadcrumb"},"inLanguage":"hu","potentialAction":[{"@type":"ReadAction","target":["https:\/\/stuttgarti-katolikusok.de\/index.php\/ugyanabbol-a-fabol\/"]}]},{"@type":"BreadcrumbList","@id":"https:\/\/stuttgarti-katolikusok.de\/index.php\/ugyanabbol-a-fabol\/#breadcrumb","itemListElement":[{"@type":"ListItem","position":1,"name":"Kezd\u0151lap","item":"https:\/\/stuttgarti-katolikusok.de\/"},{"@type":"ListItem","position":2,"name":"Ugyanabb\u00f3l a f\u00e1b\u00f3l&#8230;"}]},{"@type":"WebSite","@id":"https:\/\/stuttgarti-katolikusok.de\/#website","url":"https:\/\/stuttgarti-katolikusok.de\/","name":"Stuttgarti Katolikusok","description":"","potentialAction":[{"@type":"SearchAction","target":{"@type":"EntryPoint","urlTemplate":"https:\/\/stuttgarti-katolikusok.de\/?s={search_term_string}"},"query-input":{"@type":"PropertyValueSpecification","valueRequired":true,"valueName":"search_term_string"}}],"inLanguage":"hu"},{"@type":"Person","@id":"https:\/\/stuttgarti-katolikusok.de\/#\/schema\/person\/75908d6f8fdc03a57889d27209df7795","name":"Tibor atya","image":{"@type":"ImageObject","inLanguage":"hu","@id":"https:\/\/secure.gravatar.com\/avatar\/61d268e57d1f4525b111222e29d2d5a7f8c420fdbf231ba5566a8ceac74fa960?s=96&d=mm&r=g","url":"https:\/\/secure.gravatar.com\/avatar\/61d268e57d1f4525b111222e29d2d5a7f8c420fdbf231ba5566a8ceac74fa960?s=96&d=mm&r=g","contentUrl":"https:\/\/secure.gravatar.com\/avatar\/61d268e57d1f4525b111222e29d2d5a7f8c420fdbf231ba5566a8ceac74fa960?s=96&d=mm&r=g","caption":"Tibor atya"},"url":"https:\/\/stuttgarti-katolikusok.de\/index.php\/author\/tibor-atya\/"}]}},"_links":{"self":[{"href":"https:\/\/stuttgarti-katolikusok.de\/index.php\/wp-json\/wp\/v2\/posts\/15749","targetHints":{"allow":["GET"]}}],"collection":[{"href":"https:\/\/stuttgarti-katolikusok.de\/index.php\/wp-json\/wp\/v2\/posts"}],"about":[{"href":"https:\/\/stuttgarti-katolikusok.de\/index.php\/wp-json\/wp\/v2\/types\/post"}],"author":[{"embeddable":true,"href":"https:\/\/stuttgarti-katolikusok.de\/index.php\/wp-json\/wp\/v2\/users\/3"}],"replies":[{"embeddable":true,"href":"https:\/\/stuttgarti-katolikusok.de\/index.php\/wp-json\/wp\/v2\/comments?post=15749"}],"version-history":[{"count":5,"href":"https:\/\/stuttgarti-katolikusok.de\/index.php\/wp-json\/wp\/v2\/posts\/15749\/revisions"}],"predecessor-version":[{"id":15866,"href":"https:\/\/stuttgarti-katolikusok.de\/index.php\/wp-json\/wp\/v2\/posts\/15749\/revisions\/15866"}],"wp:attachment":[{"href":"https:\/\/stuttgarti-katolikusok.de\/index.php\/wp-json\/wp\/v2\/media?parent=15749"}],"wp:term":[{"taxonomy":"category","embeddable":true,"href":"https:\/\/stuttgarti-katolikusok.de\/index.php\/wp-json\/wp\/v2\/categories?post=15749"},{"taxonomy":"post_tag","embeddable":true,"href":"https:\/\/stuttgarti-katolikusok.de\/index.php\/wp-json\/wp\/v2\/tags?post=15749"}],"curies":[{"name":"wp","href":"https:\/\/api.w.org\/{rel}","templated":true}]}}