{"id":15736,"date":"2018-12-17T10:11:04","date_gmt":"2018-12-17T10:11:04","guid":{"rendered":"https:\/\/gracious-dewdney.138-201-221-2.plesk.page\/?p=15736"},"modified":"2019-10-23T10:44:23","modified_gmt":"2019-10-23T10:44:23","slug":"a-karacsonyi-unnepkor","status":"publish","type":"post","link":"https:\/\/stuttgarti-katolikusok.de\/index.php\/a-karacsonyi-unnepkor\/","title":{"rendered":"A Kar\u00e1csonyi \u00fcnnepk\u00f6r"},"content":{"rendered":"<p><strong>A kar\u00e1csonyi \u00fcnnepk\u00f6r<\/strong> december 25-\u00e9t bevezet\u0151 \u00e9s k\u00f6vet\u0151 id\u0151szak. A \u00a0megtestes\u00fcl\u00e9s miszt\u00e9rium\u00e1t \u00fcnnepli. A II. Vatik\u00e1ni Zsinat \u00f3ta \u00e1dvent els\u0151 vas\u00e1rnapj\u00e1t\u00f3l a v\u00edzkereszt ut\u00e1ni els\u0151 \u00e9vk\u00f6zi vas\u00e1rnapig tart.<\/p>\n<p><strong>Kar\u00e1csony<\/strong> teh\u00e1t az \u00dar sz\u00fclet\u00e9s\u00e9nek szent \u00fcnnepe. Ezen az \u00fcnnepen eml\u00e9kezik az anyaszentegyh\u00e1z arra a nagy isteni szeretetre, mely elk\u00fcldte egysz\u00fcl\u00f6tt fi\u00e1t a b\u0171n\u00f6s vil\u00e1gba, hogy kiengesztelje a vil\u00e1got az Aty\u00e1val.<\/p>\n<p>De kar\u00e1csony \u00fcnnep\u00e9hez kapcsol\u00f3d\u00f3an egy eg\u00e9sz sor liturgikus \u00fcnneppel \u00e9s eml\u00e9knappal tal\u00e1lkozunk. Nagyon saj\u00e1ts\u00e1gos kar\u00e1csony nyolcada \u00e9s azok a szentek, akiknek az \u00fcnnepl\u00e9s\u00e9re felsz\u00f3l\u00edt benn\u00fcnket az egyh\u00e1z.<\/p>\n<p>Az elej\u00e9n &#8211; <strong>december 26-\u00e1n<\/strong> &#8211; m\u00e1ris ott van Szent Istv\u00e1nnak, az egyh\u00e1z els\u0151 v\u00e9rtan\u00faj\u00e1nak \u00fcnnepnapja. \u0150 volt az, aki &#8211; v\u00e9re hull\u00e1s\u00e1val &#8211; el\u0151sz\u00f6r tett tan\u00fas\u00e1got Krisztus ir\u00e1nti h\u0171s\u00e9g\u00e9r\u0151l. Szent Istv\u00e1n diak\u00f3nus volt, egy azon diak\u00f3nusok k\u00f6z\u00fcl, akiket maguk az apostolok rendeltek az egyh\u00e1z szolg\u00e1lat\u00e1ra. Hal\u00e1la pedig nagyon hasonl\u00f3 Krisztus hal\u00e1l\u00e1hoz, hiszen igazs\u00e1gtalanul \u00edt\u00e9lt\u00e9k el, \u0151 pedig kiv\u00e9gz\u0151i\u00e9rt im\u00e1dkozott.<\/p>\n<p><strong>December 27-\u00e9n<\/strong> \u00fcnnepelj\u00fck Szent J\u00e1nos apostol \u00e9s evang\u00e9lista \u00fcnnep\u00e9t. Az \u00dar kedves tan\u00edtv\u00e1nya a Szent\u00edr\u00e1s tan\u00fas\u00e1ga szerint. Tal\u00e1n \u00e9ppen ez\u00e9rt van az \u0151 \u00fcnnepnapja ilyen k\u00f6zel kar\u00e1csony \u00fcnnep\u00e9hez. Szent J\u00e1nos az egyetlen tan\u00edtv\u00e1ny, aki nem v\u00e9rtan\u00fak\u00e9nt fejezte be \u00e9let\u00e9t, b\u00e1r a hagyom\u00e1ny szerint &#8211; nem is egy alkalommal &#8211; meg akart\u00e1k \u00f6lni. Egy ilyen esem\u00e9nyhez kapcsol\u00f3dik a Szent J\u00e1nos-napi borszentel\u00e9s hagyom\u00e1nya is. A hagyom\u00e1ny szerint ugyanis egy alkalommal m\u00e9rgezett italt ny\u00fajtottak Szent J\u00e1nos apostolnak, de az apostol meg\u00e1ldotta az italt, amib\u0151l k\u00edgy\u00f3 form\u00e1j\u00e1ban t\u00e1vozott a m\u00e9reg.<\/p>\n<p><strong>December 28-\u00e1n<\/strong> Apr\u00f3szentek \u00fcnnepe. \u0150k voltak azok, akik &#8211; b\u00e1r \u00f6ntudatlanul &#8211; Krisztus\u00e9rt adt\u00e1k \u00e9let\u00fcket. A f\u00e9ktelen hatalomv\u00e1gy \u00e1ldozataiv\u00e1 v\u00e1ltak ezek a kisgyermekek, akiket Her\u00f3des parancs\u00e1ra v\u00e9geztek ki. Ezen a napon szerte a vil\u00e1gon a meg nem sz\u00fcletett gyermekek\u00e9rt im\u00e1dkoznak templomainkban. Azok\u00e9rt, akiket ma gyilkolnak meg, ilyen-olyan emberi okok miatt.<\/p>\n<p>A <strong>kar\u00e1csony nyolcad\u00e1ban lev\u0151 vas\u00e1rnapon<\/strong> a Szent Csal\u00e1dot \u00fcnnepelj\u00fck: J\u00e9zust, M\u00e1ri\u00e1t \u00e9s J\u00f3zsefet. Ekkor els\u0151sorban a saj\u00e1t csal\u00e1dunkra gondolunk, \u00e9s \u00e9rte im\u00e1dkozunk. A szent csal\u00e1d a csal\u00e1dok p\u00e9ldak\u00e9pe. J\u00f3 lenne, ha a sz\u00fcl\u0151k val\u00f3ban tudat\u00e1ban lenn\u00e9nek ennek, \u00e9s gyermekeiket val\u00f3ban Istennek tetsz\u0151 \u00e9letre neveln\u00e9k.<\/p>\n<p><strong>December 31-e<\/strong> a polg\u00e1ri \u00e9v utols\u00f3 napja, \u00e9s egyben Szent Szilveszter p\u00e1pa eml\u00e9k\u00fcnnepe is. Ezen a napon v\u00e9gezz\u00fck templomainkban az \u00e9v v\u00e9gi h\u00e1laad\u00e1st. Term\u00e9szetesen a h\u00e1laad\u00e1s mellett ott van sz\u00edv\u00fcnkben Isten \u00e1ld\u00e1s\u00e1nak \u00f3hajt\u00e1sa a k\u00f6vetkez\u0151 \u00e9vre is.<\/p>\n<p><strong>Janu\u00e1r 1-je<\/strong> (Kiskar\u00e1csony) \u00f6sszetett \u00fcnnep. T\u00f6bb dologra is gondolunk e napon. Liturgikus szempontb\u00f3l ez az \u00fcnnep els\u0151sorban Sz\u0171z M\u00e1ria Istenanyas\u00e1g\u00e1nak \u00fcnnepe. Hiszen a kereszt\u00e9nyek \u0151sid\u0151kt\u0151l fogva Isten anyjak\u00e9nt tisztelt\u00e9k a Boldogs\u00e1gos Szent Sz\u00fczet. Ez k\u00fcl\u00f6n\u00f6sen nagy hangs\u00falyt kap a kar\u00e1csonyi \u00fcnnepk\u00f6rben. Term\u00e9szetesen nagy h\u00e1l\u00e1val tartozunk a Boldogs\u00e1gos Szent Sz\u0171znek, hiszen \u00e1ltala kaptuk a vil\u00e1g \u00fcdv\u00f6z\u00edt\u0151j\u00e9t.<\/p>\n<p>R\u00e9gebben J\u00e9zus n\u00e9vad\u00e1si \u00fcnnepek\u00e9nt is emlegett\u00e9k janu\u00e1r elsej\u00e9t. Hiszen a Szent\u00edr\u00e1s tan\u00fas\u00e1ga szerint 8 nappal J\u00e9zus sz\u00fclet\u00e9se ut\u00e1n, teh\u00e1t \u00e9ppen ezen a napon, M\u00f3zes t\u00f6rv\u00e9nye szerint k\u00f6r\u00fclmet\u00e9lt\u00e9k a gyermeket, \u00e9s a J\u00e9zus nevet adt\u00e1k neki.<\/p>\n<p>V\u00e9g\u00fcl janu\u00e1r elsej\u00e9n van a b\u00e9ke vil\u00e1gnapja is. Ma fokozottan \u00e9rezz\u00fck azt, hogy mennyire sz\u00fcks\u00e9ge van a vil\u00e1gnak a b\u00e9k\u00e9re. Erre a fontos t\u00e9nyre akarta felh\u00edvni a vil\u00e1g figyelm\u00e9t Szent II. J\u00e1nos P\u00e1l p\u00e1pa is, amikor elrendelte ezt az eml\u00e9knapot. Term\u00e9szetesen janu\u00e1r elsej\u00e9n a polg\u00e1ri \u00e9v kezdet\u00e9t is \u00fcnnepelj\u00fck. De ez az esem\u00e9ny mondhat\u00f3 a legkev\u00e9sb\u00e9 egyh\u00e1zi jelleg\u0171nek.<\/p>\n<p>A kar\u00e1csonyi id\u0151szak k\u00f6vetkez\u0151 nagy \u00fcnnepe <strong>janu\u00e1r 6-a,<\/strong> azaz a V\u00edzkereszt. Ez klasszikusan a h\u00e1rom b\u00f6lcs l\u00e1togat\u00e1s\u00e1nak az \u00fcnnepe. Err\u0151l az esem\u00e9nyr\u0151l is a Szent\u00edr\u00e1sb\u00f3l \u00e9rtes\u00fcl\u00fcnk. A h\u00e1rom b\u00f6lcs vagy kir\u00e1ly az \u00e9gi jelet figyelve jutott el J\u00e9zushoz, a vil\u00e1g \u00fcdv\u00f6z\u00edt\u0151j\u00e9hez. R\u00e9gebben ezen a napon is t\u00f6bb esem\u00e9nyt \u00fcnnepeltek.<\/p>\n<p>A b\u00f6lcsek l\u00e1togat\u00e1s\u00e1n k\u00edv\u00fcl ekkor \u00fcnnepelt\u00e9k J\u00e9zus keresztel\u00e9s\u00e9t. Ma ezt az esem\u00e9nyt a v\u00edzkereszt ut\u00e1ni vas\u00e1rnapon \u00fcnnepelj\u00fck.<\/p>\n<p>Illetve ezen a napon \u00fcnnepelt\u00e9k J\u00e9zus els\u0151 csod\u00e1j\u00e1t a k\u00e1nai menyegz\u0151n, amikor a vizet borr\u00e1 v\u00e1ltoztatta. A Szent\u00edr\u00e1s szerint ekkor mutatta meg J\u00e9zus els\u0151 alkalommal isteni hatalm\u00e1t.<\/p>\n<p>J\u00e9zus megkeresztelked\u00e9s\u00e9nek \u00fcnnep\u00e9vel be is fejez\u0151dik a kar\u00e1csonyi \u00fcnnepk\u00f6r.<\/p>\n<p>Van azonban az \u00e9v folyam\u00e1n m\u00e9g k\u00e9t \u00fcnnep, amely nem a kar\u00e1csonyi id\u0151ben foglal helyet, de a tartalma szoros kapcsolatban van kar\u00e1csony \u00fcnnep\u00e9vel. Az egyik <strong>Urunk bemutat\u00e1s\u00e1nak \u00fcnnepnapja<\/strong>. Ez kar\u00e1csony ut\u00e1n 40 nappal van. M\u00f3zes t\u00f6rv\u00e9nye szerint minden 40 napos els\u0151sz\u00fcl\u00f6tt fi\u00fagyermeket be kell mutatni az \u00dar templom\u00e1ban, annak eml\u00e9k\u00e9re, hogy Isten megk\u00edm\u00e9lte az izraelit\u00e1k els\u0151sz\u00fcl\u00f6tteit a kivonul\u00e1s idej\u00e9n. Ezen bemutat\u00e1s alkalm\u00e1val tal\u00e1lkozik a szent csal\u00e1d a szent\u00e9let\u0171 agg Simeonnal \u00e9s Anna pr\u00f3f\u00e9taasszonnyal.<\/p>\n<p>Meg kell eml\u00edten\u00fcnk <strong>Urunk sz\u00fclet\u00e9s\u00e9nek h\u00edr\u00fclad\u00e1s\u00e1t<\/strong> is. Ezt 9 h\u00f3nappal kar\u00e1csony el\u0151tt \u00fcnnepelj\u00fck, m\u00e1rcius 25-\u00e9n. G\u00e1briel arkangyal ekkor jelentette be a Boldogs\u00e1gos Sz\u0171z M\u00e1ri\u00e1nak Isten terv\u00e9t, \u00e9s azt, hogy ebben a tervben milyen feladatot sz\u00e1nt neki. \u0150t v\u00e1lasztotta Isten arra, hogy a Megv\u00e1lt\u00f3 \u00e9desanyja legyen.<\/p>\n<p>L\u00e1tjuk teh\u00e1t, hogy milyen gazdag a kar\u00e1csonyi \u00fcnnepk\u00f6r, \u00e9s az egyh\u00e1z milyen tartalmas \u00fcnnepl\u00e9ssel aj\u00e1nd\u00e9kozza meg gyermekeit.<\/p>\n<p>&nbsp;<\/p>\n","protected":false},"excerpt":{"rendered":"<p>A kar\u00e1csonyi \u00fcnnepk\u00f6r december 25-\u00e9t bevezet\u0151 \u00e9s k\u00f6vet\u0151 id\u0151szak. A \u00a0megtestes\u00fcl\u00e9s miszt\u00e9rium\u00e1t \u00fcnnepli. A II. Vatik\u00e1ni Zsinat \u00f3ta \u00e1dvent els\u0151 vas\u00e1rnapj\u00e1t\u00f3l a v\u00edzkereszt ut\u00e1ni els\u0151 \u00e9vk\u00f6zi vas\u00e1rnapig tart. Kar\u00e1csony teh\u00e1t az \u00dar sz\u00fclet\u00e9s\u00e9nek szent \u00fcnnepe. Ezen az \u00fcnnepen eml\u00e9kezik az anyaszentegyh\u00e1z arra a nagy isteni szeretetre, mely elk\u00fcldte egysz\u00fcl\u00f6tt fi\u00e1t a b\u0171n\u00f6s vil\u00e1gba, hogy kiengesztelje a vil\u00e1got az Aty\u00e1val. De kar\u00e1csony \u00fcnnep\u00e9hez kapcsol\u00f3d\u00f3an egy eg\u00e9sz sor liturgikus \u00fcnneppel \u00e9s eml\u00e9knappal tal\u00e1lkozunk. Nagyon saj\u00e1ts\u00e1gos kar\u00e1csony nyolcada \u00e9s azok a szentek, akiknek az \u00fcnnepl\u00e9s\u00e9re felsz\u00f3l\u00edt benn\u00fcnket az egyh\u00e1z. Az elej\u00e9n &#8211; december 26-\u00e1n &#8211; m\u00e1ris ott van Szent Istv\u00e1nnak, az egyh\u00e1z els\u0151 v\u00e9rtan\u00faj\u00e1nak \u00fcnnepnapja. \u0150 volt az, aki &#8211; v\u00e9re hull\u00e1s\u00e1val &#8211; el\u0151sz\u00f6r tett tan\u00fas\u00e1got Krisztus ir\u00e1nti h\u0171s\u00e9g\u00e9r\u0151l. Szent Istv\u00e1n diak\u00f3nus volt, egy azon diak\u00f3nusok k\u00f6z\u00fcl, akiket maguk az apostolok rendeltek az egyh\u00e1z szolg\u00e1lat\u00e1ra. Hal\u00e1la pedig nagyon hasonl\u00f3 Krisztus hal\u00e1l\u00e1hoz, hiszen igazs\u00e1gtalanul \u00edt\u00e9lt\u00e9k el, \u0151 pedig kiv\u00e9gz\u0151i\u00e9rt im\u00e1dkozott. December 27-\u00e9n \u00fcnnepelj\u00fck Szent J\u00e1nos apostol \u00e9s evang\u00e9lista \u00fcnnep\u00e9t. Az \u00dar kedves tan\u00edtv\u00e1nya a Szent\u00edr\u00e1s tan\u00fas\u00e1ga szerint. Tal\u00e1n \u00e9ppen ez\u00e9rt van az \u0151 \u00fcnnepnapja ilyen k\u00f6zel kar\u00e1csony \u00fcnnep\u00e9hez. Szent J\u00e1nos az egyetlen tan\u00edtv\u00e1ny, aki nem v\u00e9rtan\u00fak\u00e9nt fejezte be \u00e9let\u00e9t, b\u00e1r a hagyom\u00e1ny szerint &#8211; nem is egy alkalommal &#8211; meg akart\u00e1k \u00f6lni. Egy ilyen esem\u00e9nyhez kapcsol\u00f3dik a Szent J\u00e1nos-napi borszentel\u00e9s hagyom\u00e1nya is. A hagyom\u00e1ny szerint ugyanis egy alkalommal m\u00e9rgezett italt ny\u00fajtottak Szent J\u00e1nos apostolnak, de az apostol meg\u00e1ldotta az italt, amib\u0151l k\u00edgy\u00f3 form\u00e1j\u00e1ban t\u00e1vozott a m\u00e9reg. December 28-\u00e1n Apr\u00f3szentek \u00fcnnepe. \u0150k voltak azok, akik &#8211; b\u00e1r \u00f6ntudatlanul &#8211; Krisztus\u00e9rt adt\u00e1k \u00e9let\u00fcket. A f\u00e9ktelen hatalomv\u00e1gy \u00e1ldozataiv\u00e1 v\u00e1ltak ezek a kisgyermekek, akiket Her\u00f3des parancs\u00e1ra v\u00e9geztek ki. Ezen a napon szerte a vil\u00e1gon a meg nem sz\u00fcletett gyermekek\u00e9rt im\u00e1dkoznak templomainkban. Azok\u00e9rt, akiket ma gyilkolnak meg, ilyen-olyan emberi okok miatt. A kar\u00e1csony nyolcad\u00e1ban lev\u0151 vas\u00e1rnapon a Szent Csal\u00e1dot \u00fcnnepelj\u00fck: J\u00e9zust, M\u00e1ri\u00e1t \u00e9s J\u00f3zsefet. Ekkor els\u0151sorban a saj\u00e1t csal\u00e1dunkra&#8230; <\/p>\n<p><a class=\"readmore\" href=\"https:\/\/stuttgarti-katolikusok.de\/index.php\/a-karacsonyi-unnepkor\/\">R\u00e9szletek<\/a><\/p>\n","protected":false},"author":3,"featured_media":0,"comment_status":"closed","ping_status":"closed","sticky":false,"template":"","format":"standard","meta":{"footnotes":""},"categories":[1],"tags":[],"class_list":["post-15736","post","type-post","status-publish","format-standard","hentry","category-valogatott"],"yoast_head":"<!-- This site is optimized with the Yoast SEO plugin v27.3 - https:\/\/yoast.com\/product\/yoast-seo-wordpress\/ -->\n<title>A Kar\u00e1csonyi \u00fcnnepk\u00f6r - Stuttgarti Katolikusok<\/title>\n<meta name=\"robots\" content=\"index, follow, max-snippet:-1, max-image-preview:large, max-video-preview:-1\" \/>\n<link rel=\"canonical\" href=\"https:\/\/stuttgarti-katolikusok.de\/index.php\/a-karacsonyi-unnepkor\/\" \/>\n<meta property=\"og:locale\" content=\"hu_HU\" \/>\n<meta property=\"og:type\" content=\"article\" \/>\n<meta property=\"og:title\" content=\"A Kar\u00e1csonyi \u00fcnnepk\u00f6r - Stuttgarti Katolikusok\" \/>\n<meta property=\"og:description\" content=\"A kar\u00e1csonyi \u00fcnnepk\u00f6r december 25-\u00e9t bevezet\u0151 \u00e9s k\u00f6vet\u0151 id\u0151szak. A \u00a0megtestes\u00fcl\u00e9s miszt\u00e9rium\u00e1t \u00fcnnepli. A II. Vatik\u00e1ni Zsinat \u00f3ta \u00e1dvent els\u0151 vas\u00e1rnapj\u00e1t\u00f3l a v\u00edzkereszt ut\u00e1ni els\u0151 \u00e9vk\u00f6zi vas\u00e1rnapig tart. Kar\u00e1csony teh\u00e1t az \u00dar sz\u00fclet\u00e9s\u00e9nek szent \u00fcnnepe. Ezen az \u00fcnnepen eml\u00e9kezik az anyaszentegyh\u00e1z arra a nagy isteni szeretetre, mely elk\u00fcldte egysz\u00fcl\u00f6tt fi\u00e1t a b\u0171n\u00f6s vil\u00e1gba, hogy kiengesztelje a vil\u00e1got az Aty\u00e1val. De kar\u00e1csony \u00fcnnep\u00e9hez kapcsol\u00f3d\u00f3an egy eg\u00e9sz sor liturgikus \u00fcnneppel \u00e9s eml\u00e9knappal tal\u00e1lkozunk. Nagyon saj\u00e1ts\u00e1gos kar\u00e1csony nyolcada \u00e9s azok a szentek, akiknek az \u00fcnnepl\u00e9s\u00e9re felsz\u00f3l\u00edt benn\u00fcnket az egyh\u00e1z. Az elej\u00e9n &#8211; december 26-\u00e1n &#8211; m\u00e1ris ott van Szent Istv\u00e1nnak, az egyh\u00e1z els\u0151 v\u00e9rtan\u00faj\u00e1nak \u00fcnnepnapja. \u0150 volt az, aki &#8211; v\u00e9re hull\u00e1s\u00e1val &#8211; el\u0151sz\u00f6r tett tan\u00fas\u00e1got Krisztus ir\u00e1nti h\u0171s\u00e9g\u00e9r\u0151l. Szent Istv\u00e1n diak\u00f3nus volt, egy azon diak\u00f3nusok k\u00f6z\u00fcl, akiket maguk az apostolok rendeltek az egyh\u00e1z szolg\u00e1lat\u00e1ra. Hal\u00e1la pedig nagyon hasonl\u00f3 Krisztus hal\u00e1l\u00e1hoz, hiszen igazs\u00e1gtalanul \u00edt\u00e9lt\u00e9k el, \u0151 pedig kiv\u00e9gz\u0151i\u00e9rt im\u00e1dkozott. December 27-\u00e9n \u00fcnnepelj\u00fck Szent J\u00e1nos apostol \u00e9s evang\u00e9lista \u00fcnnep\u00e9t. Az \u00dar kedves tan\u00edtv\u00e1nya a Szent\u00edr\u00e1s tan\u00fas\u00e1ga szerint. Tal\u00e1n \u00e9ppen ez\u00e9rt van az \u0151 \u00fcnnepnapja ilyen k\u00f6zel kar\u00e1csony \u00fcnnep\u00e9hez. Szent J\u00e1nos az egyetlen tan\u00edtv\u00e1ny, aki nem v\u00e9rtan\u00fak\u00e9nt fejezte be \u00e9let\u00e9t, b\u00e1r a hagyom\u00e1ny szerint &#8211; nem is egy alkalommal &#8211; meg akart\u00e1k \u00f6lni. Egy ilyen esem\u00e9nyhez kapcsol\u00f3dik a Szent J\u00e1nos-napi borszentel\u00e9s hagyom\u00e1nya is. A hagyom\u00e1ny szerint ugyanis egy alkalommal m\u00e9rgezett italt ny\u00fajtottak Szent J\u00e1nos apostolnak, de az apostol meg\u00e1ldotta az italt, amib\u0151l k\u00edgy\u00f3 form\u00e1j\u00e1ban t\u00e1vozott a m\u00e9reg. December 28-\u00e1n Apr\u00f3szentek \u00fcnnepe. \u0150k voltak azok, akik &#8211; b\u00e1r \u00f6ntudatlanul &#8211; Krisztus\u00e9rt adt\u00e1k \u00e9let\u00fcket. A f\u00e9ktelen hatalomv\u00e1gy \u00e1ldozataiv\u00e1 v\u00e1ltak ezek a kisgyermekek, akiket Her\u00f3des parancs\u00e1ra v\u00e9geztek ki. Ezen a napon szerte a vil\u00e1gon a meg nem sz\u00fcletett gyermekek\u00e9rt im\u00e1dkoznak templomainkban. Azok\u00e9rt, akiket ma gyilkolnak meg, ilyen-olyan emberi okok miatt. A kar\u00e1csony nyolcad\u00e1ban lev\u0151 vas\u00e1rnapon a Szent Csal\u00e1dot \u00fcnnepelj\u00fck: J\u00e9zust, M\u00e1ri\u00e1t \u00e9s J\u00f3zsefet. Ekkor els\u0151sorban a saj\u00e1t csal\u00e1dunkra... R\u00e9szletek\" \/>\n<meta property=\"og:url\" content=\"https:\/\/stuttgarti-katolikusok.de\/index.php\/a-karacsonyi-unnepkor\/\" \/>\n<meta property=\"og:site_name\" content=\"Stuttgarti Katolikusok\" \/>\n<meta property=\"article:published_time\" content=\"2018-12-17T10:11:04+00:00\" \/>\n<meta property=\"article:modified_time\" content=\"2019-10-23T10:44:23+00:00\" \/>\n<meta name=\"author\" content=\"Tibor atya\" \/>\n<meta name=\"twitter:card\" content=\"summary_large_image\" \/>\n<meta name=\"twitter:label1\" content=\"Szerz\u0151:\" \/>\n\t<meta name=\"twitter:data1\" content=\"Tibor atya\" \/>\n\t<meta name=\"twitter:label2\" content=\"Becs\u00fclt olvas\u00e1si id\u0151\" \/>\n\t<meta name=\"twitter:data2\" content=\"6 perc\" \/>\n<script type=\"application\/ld+json\" class=\"yoast-schema-graph\">{\"@context\":\"https:\\\/\\\/schema.org\",\"@graph\":[{\"@type\":\"Article\",\"@id\":\"https:\\\/\\\/stuttgarti-katolikusok.de\\\/index.php\\\/a-karacsonyi-unnepkor\\\/#article\",\"isPartOf\":{\"@id\":\"https:\\\/\\\/stuttgarti-katolikusok.de\\\/index.php\\\/a-karacsonyi-unnepkor\\\/\"},\"author\":{\"name\":\"Tibor atya\",\"@id\":\"https:\\\/\\\/stuttgarti-katolikusok.de\\\/#\\\/schema\\\/person\\\/75908d6f8fdc03a57889d27209df7795\"},\"headline\":\"A Kar\u00e1csonyi \u00fcnnepk\u00f6r\",\"datePublished\":\"2018-12-17T10:11:04+00:00\",\"dateModified\":\"2019-10-23T10:44:23+00:00\",\"mainEntityOfPage\":{\"@id\":\"https:\\\/\\\/stuttgarti-katolikusok.de\\\/index.php\\\/a-karacsonyi-unnepkor\\\/\"},\"wordCount\":1154,\"articleSection\":[\"V\u00e1logatott \u00edr\u00e1sok\"],\"inLanguage\":\"hu\"},{\"@type\":\"WebPage\",\"@id\":\"https:\\\/\\\/stuttgarti-katolikusok.de\\\/index.php\\\/a-karacsonyi-unnepkor\\\/\",\"url\":\"https:\\\/\\\/stuttgarti-katolikusok.de\\\/index.php\\\/a-karacsonyi-unnepkor\\\/\",\"name\":\"A Kar\u00e1csonyi \u00fcnnepk\u00f6r - Stuttgarti Katolikusok\",\"isPartOf\":{\"@id\":\"https:\\\/\\\/stuttgarti-katolikusok.de\\\/#website\"},\"datePublished\":\"2018-12-17T10:11:04+00:00\",\"dateModified\":\"2019-10-23T10:44:23+00:00\",\"author\":{\"@id\":\"https:\\\/\\\/stuttgarti-katolikusok.de\\\/#\\\/schema\\\/person\\\/75908d6f8fdc03a57889d27209df7795\"},\"breadcrumb\":{\"@id\":\"https:\\\/\\\/stuttgarti-katolikusok.de\\\/index.php\\\/a-karacsonyi-unnepkor\\\/#breadcrumb\"},\"inLanguage\":\"hu\",\"potentialAction\":[{\"@type\":\"ReadAction\",\"target\":[\"https:\\\/\\\/stuttgarti-katolikusok.de\\\/index.php\\\/a-karacsonyi-unnepkor\\\/\"]}]},{\"@type\":\"BreadcrumbList\",\"@id\":\"https:\\\/\\\/stuttgarti-katolikusok.de\\\/index.php\\\/a-karacsonyi-unnepkor\\\/#breadcrumb\",\"itemListElement\":[{\"@type\":\"ListItem\",\"position\":1,\"name\":\"Kezd\u0151lap\",\"item\":\"https:\\\/\\\/stuttgarti-katolikusok.de\\\/\"},{\"@type\":\"ListItem\",\"position\":2,\"name\":\"A Kar\u00e1csonyi \u00fcnnepk\u00f6r\"}]},{\"@type\":\"WebSite\",\"@id\":\"https:\\\/\\\/stuttgarti-katolikusok.de\\\/#website\",\"url\":\"https:\\\/\\\/stuttgarti-katolikusok.de\\\/\",\"name\":\"Stuttgarti Katolikusok\",\"description\":\"\",\"potentialAction\":[{\"@type\":\"SearchAction\",\"target\":{\"@type\":\"EntryPoint\",\"urlTemplate\":\"https:\\\/\\\/stuttgarti-katolikusok.de\\\/?s={search_term_string}\"},\"query-input\":{\"@type\":\"PropertyValueSpecification\",\"valueRequired\":true,\"valueName\":\"search_term_string\"}}],\"inLanguage\":\"hu\"},{\"@type\":\"Person\",\"@id\":\"https:\\\/\\\/stuttgarti-katolikusok.de\\\/#\\\/schema\\\/person\\\/75908d6f8fdc03a57889d27209df7795\",\"name\":\"Tibor atya\",\"image\":{\"@type\":\"ImageObject\",\"inLanguage\":\"hu\",\"@id\":\"https:\\\/\\\/secure.gravatar.com\\\/avatar\\\/61d268e57d1f4525b111222e29d2d5a7f8c420fdbf231ba5566a8ceac74fa960?s=96&d=mm&r=g\",\"url\":\"https:\\\/\\\/secure.gravatar.com\\\/avatar\\\/61d268e57d1f4525b111222e29d2d5a7f8c420fdbf231ba5566a8ceac74fa960?s=96&d=mm&r=g\",\"contentUrl\":\"https:\\\/\\\/secure.gravatar.com\\\/avatar\\\/61d268e57d1f4525b111222e29d2d5a7f8c420fdbf231ba5566a8ceac74fa960?s=96&d=mm&r=g\",\"caption\":\"Tibor atya\"},\"url\":\"https:\\\/\\\/stuttgarti-katolikusok.de\\\/index.php\\\/author\\\/tibor-atya\\\/\"}]}<\/script>\n<!-- \/ Yoast SEO plugin. -->","yoast_head_json":{"title":"A Kar\u00e1csonyi \u00fcnnepk\u00f6r - Stuttgarti Katolikusok","robots":{"index":"index","follow":"follow","max-snippet":"max-snippet:-1","max-image-preview":"max-image-preview:large","max-video-preview":"max-video-preview:-1"},"canonical":"https:\/\/stuttgarti-katolikusok.de\/index.php\/a-karacsonyi-unnepkor\/","og_locale":"hu_HU","og_type":"article","og_title":"A Kar\u00e1csonyi \u00fcnnepk\u00f6r - Stuttgarti Katolikusok","og_description":"A kar\u00e1csonyi \u00fcnnepk\u00f6r december 25-\u00e9t bevezet\u0151 \u00e9s k\u00f6vet\u0151 id\u0151szak. A \u00a0megtestes\u00fcl\u00e9s miszt\u00e9rium\u00e1t \u00fcnnepli. A II. Vatik\u00e1ni Zsinat \u00f3ta \u00e1dvent els\u0151 vas\u00e1rnapj\u00e1t\u00f3l a v\u00edzkereszt ut\u00e1ni els\u0151 \u00e9vk\u00f6zi vas\u00e1rnapig tart. Kar\u00e1csony teh\u00e1t az \u00dar sz\u00fclet\u00e9s\u00e9nek szent \u00fcnnepe. Ezen az \u00fcnnepen eml\u00e9kezik az anyaszentegyh\u00e1z arra a nagy isteni szeretetre, mely elk\u00fcldte egysz\u00fcl\u00f6tt fi\u00e1t a b\u0171n\u00f6s vil\u00e1gba, hogy kiengesztelje a vil\u00e1got az Aty\u00e1val. De kar\u00e1csony \u00fcnnep\u00e9hez kapcsol\u00f3d\u00f3an egy eg\u00e9sz sor liturgikus \u00fcnneppel \u00e9s eml\u00e9knappal tal\u00e1lkozunk. Nagyon saj\u00e1ts\u00e1gos kar\u00e1csony nyolcada \u00e9s azok a szentek, akiknek az \u00fcnnepl\u00e9s\u00e9re felsz\u00f3l\u00edt benn\u00fcnket az egyh\u00e1z. Az elej\u00e9n &#8211; december 26-\u00e1n &#8211; m\u00e1ris ott van Szent Istv\u00e1nnak, az egyh\u00e1z els\u0151 v\u00e9rtan\u00faj\u00e1nak \u00fcnnepnapja. \u0150 volt az, aki &#8211; v\u00e9re hull\u00e1s\u00e1val &#8211; el\u0151sz\u00f6r tett tan\u00fas\u00e1got Krisztus ir\u00e1nti h\u0171s\u00e9g\u00e9r\u0151l. Szent Istv\u00e1n diak\u00f3nus volt, egy azon diak\u00f3nusok k\u00f6z\u00fcl, akiket maguk az apostolok rendeltek az egyh\u00e1z szolg\u00e1lat\u00e1ra. Hal\u00e1la pedig nagyon hasonl\u00f3 Krisztus hal\u00e1l\u00e1hoz, hiszen igazs\u00e1gtalanul \u00edt\u00e9lt\u00e9k el, \u0151 pedig kiv\u00e9gz\u0151i\u00e9rt im\u00e1dkozott. December 27-\u00e9n \u00fcnnepelj\u00fck Szent J\u00e1nos apostol \u00e9s evang\u00e9lista \u00fcnnep\u00e9t. Az \u00dar kedves tan\u00edtv\u00e1nya a Szent\u00edr\u00e1s tan\u00fas\u00e1ga szerint. Tal\u00e1n \u00e9ppen ez\u00e9rt van az \u0151 \u00fcnnepnapja ilyen k\u00f6zel kar\u00e1csony \u00fcnnep\u00e9hez. Szent J\u00e1nos az egyetlen tan\u00edtv\u00e1ny, aki nem v\u00e9rtan\u00fak\u00e9nt fejezte be \u00e9let\u00e9t, b\u00e1r a hagyom\u00e1ny szerint &#8211; nem is egy alkalommal &#8211; meg akart\u00e1k \u00f6lni. Egy ilyen esem\u00e9nyhez kapcsol\u00f3dik a Szent J\u00e1nos-napi borszentel\u00e9s hagyom\u00e1nya is. A hagyom\u00e1ny szerint ugyanis egy alkalommal m\u00e9rgezett italt ny\u00fajtottak Szent J\u00e1nos apostolnak, de az apostol meg\u00e1ldotta az italt, amib\u0151l k\u00edgy\u00f3 form\u00e1j\u00e1ban t\u00e1vozott a m\u00e9reg. December 28-\u00e1n Apr\u00f3szentek \u00fcnnepe. \u0150k voltak azok, akik &#8211; b\u00e1r \u00f6ntudatlanul &#8211; Krisztus\u00e9rt adt\u00e1k \u00e9let\u00fcket. A f\u00e9ktelen hatalomv\u00e1gy \u00e1ldozataiv\u00e1 v\u00e1ltak ezek a kisgyermekek, akiket Her\u00f3des parancs\u00e1ra v\u00e9geztek ki. Ezen a napon szerte a vil\u00e1gon a meg nem sz\u00fcletett gyermekek\u00e9rt im\u00e1dkoznak templomainkban. Azok\u00e9rt, akiket ma gyilkolnak meg, ilyen-olyan emberi okok miatt. A kar\u00e1csony nyolcad\u00e1ban lev\u0151 vas\u00e1rnapon a Szent Csal\u00e1dot \u00fcnnepelj\u00fck: J\u00e9zust, M\u00e1ri\u00e1t \u00e9s J\u00f3zsefet. Ekkor els\u0151sorban a saj\u00e1t csal\u00e1dunkra... R\u00e9szletek","og_url":"https:\/\/stuttgarti-katolikusok.de\/index.php\/a-karacsonyi-unnepkor\/","og_site_name":"Stuttgarti Katolikusok","article_published_time":"2018-12-17T10:11:04+00:00","article_modified_time":"2019-10-23T10:44:23+00:00","author":"Tibor atya","twitter_card":"summary_large_image","twitter_misc":{"Szerz\u0151:":"Tibor atya","Becs\u00fclt olvas\u00e1si id\u0151":"6 perc"},"schema":{"@context":"https:\/\/schema.org","@graph":[{"@type":"Article","@id":"https:\/\/stuttgarti-katolikusok.de\/index.php\/a-karacsonyi-unnepkor\/#article","isPartOf":{"@id":"https:\/\/stuttgarti-katolikusok.de\/index.php\/a-karacsonyi-unnepkor\/"},"author":{"name":"Tibor atya","@id":"https:\/\/stuttgarti-katolikusok.de\/#\/schema\/person\/75908d6f8fdc03a57889d27209df7795"},"headline":"A Kar\u00e1csonyi \u00fcnnepk\u00f6r","datePublished":"2018-12-17T10:11:04+00:00","dateModified":"2019-10-23T10:44:23+00:00","mainEntityOfPage":{"@id":"https:\/\/stuttgarti-katolikusok.de\/index.php\/a-karacsonyi-unnepkor\/"},"wordCount":1154,"articleSection":["V\u00e1logatott \u00edr\u00e1sok"],"inLanguage":"hu"},{"@type":"WebPage","@id":"https:\/\/stuttgarti-katolikusok.de\/index.php\/a-karacsonyi-unnepkor\/","url":"https:\/\/stuttgarti-katolikusok.de\/index.php\/a-karacsonyi-unnepkor\/","name":"A Kar\u00e1csonyi \u00fcnnepk\u00f6r - Stuttgarti Katolikusok","isPartOf":{"@id":"https:\/\/stuttgarti-katolikusok.de\/#website"},"datePublished":"2018-12-17T10:11:04+00:00","dateModified":"2019-10-23T10:44:23+00:00","author":{"@id":"https:\/\/stuttgarti-katolikusok.de\/#\/schema\/person\/75908d6f8fdc03a57889d27209df7795"},"breadcrumb":{"@id":"https:\/\/stuttgarti-katolikusok.de\/index.php\/a-karacsonyi-unnepkor\/#breadcrumb"},"inLanguage":"hu","potentialAction":[{"@type":"ReadAction","target":["https:\/\/stuttgarti-katolikusok.de\/index.php\/a-karacsonyi-unnepkor\/"]}]},{"@type":"BreadcrumbList","@id":"https:\/\/stuttgarti-katolikusok.de\/index.php\/a-karacsonyi-unnepkor\/#breadcrumb","itemListElement":[{"@type":"ListItem","position":1,"name":"Kezd\u0151lap","item":"https:\/\/stuttgarti-katolikusok.de\/"},{"@type":"ListItem","position":2,"name":"A Kar\u00e1csonyi \u00fcnnepk\u00f6r"}]},{"@type":"WebSite","@id":"https:\/\/stuttgarti-katolikusok.de\/#website","url":"https:\/\/stuttgarti-katolikusok.de\/","name":"Stuttgarti Katolikusok","description":"","potentialAction":[{"@type":"SearchAction","target":{"@type":"EntryPoint","urlTemplate":"https:\/\/stuttgarti-katolikusok.de\/?s={search_term_string}"},"query-input":{"@type":"PropertyValueSpecification","valueRequired":true,"valueName":"search_term_string"}}],"inLanguage":"hu"},{"@type":"Person","@id":"https:\/\/stuttgarti-katolikusok.de\/#\/schema\/person\/75908d6f8fdc03a57889d27209df7795","name":"Tibor atya","image":{"@type":"ImageObject","inLanguage":"hu","@id":"https:\/\/secure.gravatar.com\/avatar\/61d268e57d1f4525b111222e29d2d5a7f8c420fdbf231ba5566a8ceac74fa960?s=96&d=mm&r=g","url":"https:\/\/secure.gravatar.com\/avatar\/61d268e57d1f4525b111222e29d2d5a7f8c420fdbf231ba5566a8ceac74fa960?s=96&d=mm&r=g","contentUrl":"https:\/\/secure.gravatar.com\/avatar\/61d268e57d1f4525b111222e29d2d5a7f8c420fdbf231ba5566a8ceac74fa960?s=96&d=mm&r=g","caption":"Tibor atya"},"url":"https:\/\/stuttgarti-katolikusok.de\/index.php\/author\/tibor-atya\/"}]}},"_links":{"self":[{"href":"https:\/\/stuttgarti-katolikusok.de\/index.php\/wp-json\/wp\/v2\/posts\/15736","targetHints":{"allow":["GET"]}}],"collection":[{"href":"https:\/\/stuttgarti-katolikusok.de\/index.php\/wp-json\/wp\/v2\/posts"}],"about":[{"href":"https:\/\/stuttgarti-katolikusok.de\/index.php\/wp-json\/wp\/v2\/types\/post"}],"author":[{"embeddable":true,"href":"https:\/\/stuttgarti-katolikusok.de\/index.php\/wp-json\/wp\/v2\/users\/3"}],"replies":[{"embeddable":true,"href":"https:\/\/stuttgarti-katolikusok.de\/index.php\/wp-json\/wp\/v2\/comments?post=15736"}],"version-history":[{"count":1,"href":"https:\/\/stuttgarti-katolikusok.de\/index.php\/wp-json\/wp\/v2\/posts\/15736\/revisions"}],"predecessor-version":[{"id":15738,"href":"https:\/\/stuttgarti-katolikusok.de\/index.php\/wp-json\/wp\/v2\/posts\/15736\/revisions\/15738"}],"wp:attachment":[{"href":"https:\/\/stuttgarti-katolikusok.de\/index.php\/wp-json\/wp\/v2\/media?parent=15736"}],"wp:term":[{"taxonomy":"category","embeddable":true,"href":"https:\/\/stuttgarti-katolikusok.de\/index.php\/wp-json\/wp\/v2\/categories?post=15736"},{"taxonomy":"post_tag","embeddable":true,"href":"https:\/\/stuttgarti-katolikusok.de\/index.php\/wp-json\/wp\/v2\/tags?post=15736"}],"curies":[{"name":"wp","href":"https:\/\/api.w.org\/{rel}","templated":true}]}}