{"id":15691,"date":"2018-12-24T06:16:31","date_gmt":"2018-12-24T06:16:31","guid":{"rendered":"https:\/\/gracious-dewdney.138-201-221-2.plesk.page\/?p=15691"},"modified":"2020-04-27T16:25:18","modified_gmt":"2020-04-27T16:25:18","slug":"programelozetes-2018-december-24-es-2019-januar-6-kozott","status":"publish","type":"post","link":"https:\/\/stuttgarti-katolikusok.de\/index.php\/programelozetes-2018-december-24-es-2019-januar-6-kozott\/","title":{"rendered":"Programel\u0151zetes 2018. december 24 \u00e9s 2019. janu\u00e1r 6 k\u00f6z\u00f6tt"},"content":{"rendered":"<p><strong>Programel\u0151zetes<\/strong><strong>\u00a0<\/strong><\/p>\n<p><strong>December 24-\u00e9n, <\/strong>h\u00e9tf\u0151n, <em>Szenteste, <\/em><\/p>\n<p><strong>\u00a0\u00a0\u00a0\u00a0\u00a0\u00a0\u00a0\u00a0\u00a0\u00a0\u00a0\u00a0\u00a0\u00a0 Stuttgartban <\/strong>19.00 \u00f3rakor <em>\u00c9jf\u00e9li szentmise.<\/em><\/p>\n<p><strong>\u00a0\u00a0\u00a0\u00a0\u00a0\u00a0\u00a0\u00a0\u00a0\u00a0\u00a0\u00a0\u00a0\u00a0 Weingartenben<\/strong> 20.00 \u00f3r\u00e1t\u00f3l a 14 Nothelfer Kapelle-ben <em>\u00c9jf\u00e9li szentmise.<\/em><\/p>\n<p style=\"text-align: center;\">*<\/p>\n<p><strong>December 25-\u00e9n, <\/strong>kedden, <em>Kar\u00e1csony \u00fcnnepe,<\/em><\/p>\n<p><strong>\u00a0\u00a0\u00a0\u00a0\u00a0\u00a0\u00a0\u00a0\u00a0\u00a0\u00a0\u00a0\u00a0\u00a0 Weingartenben <\/strong>10.00 \u00f3rakor a 14 Nothelfer Kapelle-ben <em>\u00fcnnepi szentmise.<\/em><\/p>\n<p><strong>\u00a0\u00a0\u00a0\u00a0\u00a0\u00a0\u00a0\u00a0\u00a0\u00a0\u00a0\u00a0\u00a0\u00a0 Stuttgartban <\/strong>12.00 \u00f3rakor <em>\u00fcnnepi szentmise.<\/em><\/p>\n<p><strong>\u00a0\u00a0\u00a0\u00a0\u00a0\u00a0\u00a0\u00a0\u00a0\u00a0\u00a0\u00a0\u00a0\u00a0 Ulmban<\/strong> 15.00 \u00f3rakor <em>\u00fcnnepi szentmise. <\/em><\/p>\n<p><strong>\u00a0\u00a0\u00a0\u00a0\u00a0\u00a0\u00a0\u00a0\u00a0\u00a0\u00a0\u00a0\u00a0\u00a0 Heilbronnban <\/strong>15.30 \u00f3rakor <em>\u00fcnnepi szentmise. <\/em><\/p>\n<p style=\"text-align: center;\"><strong>*<\/strong><\/p>\n<p><strong>December 26-\u00e1n<\/strong>, szerd\u00e1n, <em>Kar\u00e1csony 2. napja,<\/em><\/p>\n<p><strong>\u00a0\u00a0\u00a0\u00a0\u00a0\u00a0\u00a0\u00a0\u00a0\u00a0\u00a0\u00a0\u00a0\u00a0 Biberachban<\/strong> 8.45 \u00f3rakor <em>\u00fcnnepi szentmise.<\/em><\/p>\n<p><strong>\u00a0\u00a0\u00a0\u00a0\u00a0\u00a0\u00a0\u00a0\u00a0\u00a0\u00a0\u00a0\u00a0\u00a0 Schw\u00e4bisch-Gm\u00fcndben <\/strong>9.30 \u00f3rakor <em>szentmise<\/em>.<\/p>\n<p><strong>\u00a0\u00a0\u00a0\u00a0\u00a0\u00a0\u00a0\u00a0\u00a0\u00a0\u00a0\u00a0\u00a0\u00a0 Stuttgartban <\/strong>12.00 \u00f3rakor <em>\u00fcnnepi szentmise.<\/em><\/p>\n<p><strong>\u00a0\u00a0\u00a0\u00a0\u00a0\u00a0\u00a0\u00a0\u00a0\u00a0\u00a0\u00a0\u00a0\u00a0 Eislingenben<\/strong> 15.00 \u00f3rakor <em>\u00fcnnepi szentmise.<\/em><\/p>\n<p style=\"text-align: center;\">*<\/p>\n<p><strong>December 27-\u00e9n<\/strong>, cs\u00fct\u00f6rt\u00f6k\u00f6n, <em>Kar\u00e1csony 3. napja,<\/em><\/p>\n<p><strong>\u00a0\u00a0\u00a0\u00a0\u00a0\u00a0\u00a0\u00a0\u00a0\u00a0\u00a0\u00a0\u00a0\u00a0 B\u00f6blingenben<\/strong>, 9.30 \u00f3rakor <em>szentmise<\/em>.<\/p>\n<p style=\"text-align: center;\">*<\/p>\n<p><strong>December 31-\u00e9n<\/strong>, h\u00e9tf\u0151n, <em>Szilveszter \u00fcnnep\u00e9n,<\/em><\/p>\n<p><strong>\u00a0\u00a0\u00a0\u00a0\u00a0\u00a0\u00a0\u00a0\u00a0\u00a0\u00a0\u00a0\u00a0\u00a0 Weingartenben<\/strong> 17.00 \u00f3rakor <em>\u00c9vv\u00e9gi h\u00e1laad\u00f3 szentmise<\/em> a 14 Nothelfer Kapelle-ben.<\/p>\n<p style=\"text-align: center;\"><strong>*<\/strong><\/p>\n<p style=\"text-align: center;\"><strong>*<\/strong><\/p>\n<p><strong>2019. janu\u00e1r 5-\u00e9n, <\/strong>szombaton,<\/p>\n<p><strong>\u00a0\u00a0\u00a0\u00a0\u00a0\u00a0\u00a0\u00a0\u00a0\u00a0\u00a0\u00a0\u00a0\u00a0 Balingenben<\/strong> 17.00 \u00f3rakor <em>szentmise<\/em>, ut\u00e1na <em>\u00e1g\u00e1p\u00e9<\/em>.<\/p>\n<p style=\"text-align: center;\">*<\/p>\n<p><strong>Janu\u00e1r 6-\u00e1n, <\/strong>V\u00edzkereszt \u00fcnnep\u00e9n,<\/p>\n<p><strong>\u00a0\u00a0\u00a0\u00a0\u00a0\u00a0\u00a0\u00a0\u00a0\u00a0\u00a0\u00a0\u00a0\u00a0 Munderkingenben <\/strong>9.00 \u00f3rakor <em>szentmise<\/em>.<\/p>\n<p><strong>\u00a0\u00a0\u00a0\u00a0\u00a0\u00a0\u00a0\u00a0\u00a0\u00a0\u00a0\u00a0\u00a0\u00a0 Schw\u00e4bisch-Gm\u00fcndben <\/strong>10.30. \u00f3rakor<strong> (!!!) <\/strong><em>szentmise<\/em>, ut\u00e1na <em>\u00e1g\u00e1p\u00e9<\/em>.<\/p>\n<p><strong>\u00a0\u00a0\u00a0\u00a0\u00a0\u00a0\u00a0\u00a0\u00a0\u00a0\u00a0\u00a0\u00a0\u00a0 Stuttgartban<\/strong> 15.00 \u00f3rakor <em>szentmise<\/em>, ut\u00e1na <em>\u00e1g\u00e1p\u00e9<\/em>, keret\u00e9ben <em>zar\u00e1ndokok tal\u00e1lkoz\u00f3ja<\/em>.<\/p>\n<p><strong>\u00a0<\/strong>Minden helyen mindenkit szeretettel v\u00e1r a k\u00f6z\u00f6ss\u00e9g, Imre atya \u00e9s Tibor atya!<strong>\u00a0<\/strong><\/p>\n<h2>Juh\u00e1sz Gyula: Betlehemi \u00fczenet a vakoknak<\/h2>\n<p>Testv\u00e9reim, itt mind vak, aki balg\u00e1n<br \/>\nT\u0171n\u0151 \u00f6r\u00f6mben \u00fcdv\u00f6ket kutat,<br \/>\nKi istent v\u00e1r a m\u00fal\u00f3 gy\u00f6ny\u00f6r arc\u00e1n:<br \/>\nMind vak szeg\u00e9ny, ki nem tal\u00e1l utat.<br \/>\n\u00c9s nem vak az \u00e9s \u0151 meg fogja l\u00e1tni<br \/>\nIstent mag\u00e1t mind, kinek lelke f\u00e9ny,<br \/>\nMinden vil\u00e1gi pomp\u00e1k csillog\u00e1si<br \/>\nKialszanak, ha Isten f\u00e9nye k\u00e9l.<br \/>\nSzeressetek: ezt mondja az Apostol<br \/>\nS enn\u00e9l k\u00fcl\u00f6nbet nem mond senkise.<br \/>\nA betlehemi b\u00e9k\u00e9s csillagokb\u00f3l<br \/>\n\u00dczeni ezt ma a Szivek Szive!<\/p>\n<p><em>Kar\u00e1csony igazi titka az a bels\u0151 f\u00e9ny, amely az Isteni Gyermekb\u0151l \u00e1rad. <\/em><em>Engedj\u00fck, hogy ez a bels\u0151 ragyog\u00e1s r\u00e1nk is \u00e1tragadjon. Hagyjuk, hogy Isten j\u00f3s\u00e1g\u00e1nak l\u00e1ngocsk\u00e1ja sz\u00edv\u00fcnkben meggy\u00faljon, s f\u00e9ny\u00e9t szeretet\u00fcnk \u00e1ltal vigy\u00fck a vil\u00e1gba. <\/em><em>\u00c9s ne engedj\u00fck, hogy ezt a bels\u0151 ragyog\u00e1st benn\u00fcnk a vil\u00e1g szele kioltsa.<\/em><\/p>\n<p><em>Szeretetteljes Kar\u00e1csonyt, <\/em><em>\u00e9s \u00e1ldott, b\u00e9k\u00e9s, boldog, ragyog\u00f3 \u00faj \u00e9vet k\u00edv\u00e1nunk minden kedves H\u00edv\u00fcnknek!<\/em><\/p>\n<p><em>Lelkip\u00e1sztori szeretettel<\/em><\/p>\n<p><em>Imre atya \u00e9s Tibor atya<\/em><\/p>\n<p><em>Stuttgart, 2018 Kar\u00e1csony\u00e1n<\/em><\/p>\n<p>&nbsp;<\/p>\n","protected":false},"excerpt":{"rendered":"<p>Programel\u0151zetes\u00a0 December 24-\u00e9n, h\u00e9tf\u0151n, Szenteste, \u00a0\u00a0\u00a0\u00a0\u00a0\u00a0\u00a0\u00a0\u00a0\u00a0\u00a0\u00a0\u00a0\u00a0 Stuttgartban 19.00 \u00f3rakor \u00c9jf\u00e9li szentmise. \u00a0\u00a0\u00a0\u00a0\u00a0\u00a0\u00a0\u00a0\u00a0\u00a0\u00a0\u00a0\u00a0\u00a0 Weingartenben 20.00 \u00f3r\u00e1t\u00f3l a 14 Nothelfer Kapelle-ben \u00c9jf\u00e9li szentmise. * December 25-\u00e9n, kedden, Kar\u00e1csony \u00fcnnepe, \u00a0\u00a0\u00a0\u00a0\u00a0\u00a0\u00a0\u00a0\u00a0\u00a0\u00a0\u00a0\u00a0\u00a0 Weingartenben 10.00 \u00f3rakor a 14 Nothelfer Kapelle-ben \u00fcnnepi szentmise. \u00a0\u00a0\u00a0\u00a0\u00a0\u00a0\u00a0\u00a0\u00a0\u00a0\u00a0\u00a0\u00a0\u00a0 Stuttgartban 12.00 \u00f3rakor \u00fcnnepi szentmise. \u00a0\u00a0\u00a0\u00a0\u00a0\u00a0\u00a0\u00a0\u00a0\u00a0\u00a0\u00a0\u00a0\u00a0 Ulmban 15.00 \u00f3rakor \u00fcnnepi szentmise. \u00a0\u00a0\u00a0\u00a0\u00a0\u00a0\u00a0\u00a0\u00a0\u00a0\u00a0\u00a0\u00a0\u00a0 Heilbronnban 15.30 \u00f3rakor \u00fcnnepi szentmise. * December 26-\u00e1n, szerd\u00e1n, Kar\u00e1csony 2. napja, \u00a0\u00a0\u00a0\u00a0\u00a0\u00a0\u00a0\u00a0\u00a0\u00a0\u00a0\u00a0\u00a0\u00a0 Biberachban 8.45 \u00f3rakor \u00fcnnepi szentmise. \u00a0\u00a0\u00a0\u00a0\u00a0\u00a0\u00a0\u00a0\u00a0\u00a0\u00a0\u00a0\u00a0\u00a0 Schw\u00e4bisch-Gm\u00fcndben 9.30 \u00f3rakor szentmise. \u00a0\u00a0\u00a0\u00a0\u00a0\u00a0\u00a0\u00a0\u00a0\u00a0\u00a0\u00a0\u00a0\u00a0 Stuttgartban 12.00 \u00f3rakor \u00fcnnepi szentmise. \u00a0\u00a0\u00a0\u00a0\u00a0\u00a0\u00a0\u00a0\u00a0\u00a0\u00a0\u00a0\u00a0\u00a0 Eislingenben 15.00 \u00f3rakor \u00fcnnepi szentmise. * December 27-\u00e9n, cs\u00fct\u00f6rt\u00f6k\u00f6n, Kar\u00e1csony 3. napja, \u00a0\u00a0\u00a0\u00a0\u00a0\u00a0\u00a0\u00a0\u00a0\u00a0\u00a0\u00a0\u00a0\u00a0 B\u00f6blingenben, 9.30 \u00f3rakor szentmise. * December 31-\u00e9n, h\u00e9tf\u0151n, Szilveszter \u00fcnnep\u00e9n, \u00a0\u00a0\u00a0\u00a0\u00a0\u00a0\u00a0\u00a0\u00a0\u00a0\u00a0\u00a0\u00a0\u00a0 Weingartenben 17.00 \u00f3rakor \u00c9vv\u00e9gi h\u00e1laad\u00f3 szentmise a 14 Nothelfer Kapelle-ben. * * 2019. janu\u00e1r 5-\u00e9n, szombaton, \u00a0\u00a0\u00a0\u00a0\u00a0\u00a0\u00a0\u00a0\u00a0\u00a0\u00a0\u00a0\u00a0\u00a0 Balingenben 17.00 \u00f3rakor szentmise, ut\u00e1na \u00e1g\u00e1p\u00e9. * Janu\u00e1r 6-\u00e1n, V\u00edzkereszt \u00fcnnep\u00e9n, \u00a0\u00a0\u00a0\u00a0\u00a0\u00a0\u00a0\u00a0\u00a0\u00a0\u00a0\u00a0\u00a0\u00a0 Munderkingenben 9.00 \u00f3rakor szentmise. \u00a0\u00a0\u00a0\u00a0\u00a0\u00a0\u00a0\u00a0\u00a0\u00a0\u00a0\u00a0\u00a0\u00a0 Schw\u00e4bisch-Gm\u00fcndben 10.30. \u00f3rakor (!!!) szentmise, ut\u00e1na \u00e1g\u00e1p\u00e9. \u00a0\u00a0\u00a0\u00a0\u00a0\u00a0\u00a0\u00a0\u00a0\u00a0\u00a0\u00a0\u00a0\u00a0 Stuttgartban 15.00 \u00f3rakor szentmise, ut\u00e1na \u00e1g\u00e1p\u00e9, keret\u00e9ben zar\u00e1ndokok tal\u00e1lkoz\u00f3ja. \u00a0Minden helyen mindenkit szeretettel v\u00e1r a k\u00f6z\u00f6ss\u00e9g, Imre atya \u00e9s Tibor atya!\u00a0 Juh\u00e1sz Gyula: Betlehemi \u00fczenet a vakoknak Testv\u00e9reim, itt mind vak, aki balg\u00e1n T\u0171n\u0151 \u00f6r\u00f6mben \u00fcdv\u00f6ket kutat, Ki istent v\u00e1r a m\u00fal\u00f3 gy\u00f6ny\u00f6r arc\u00e1n: Mind vak szeg\u00e9ny, ki nem tal\u00e1l utat. \u00c9s nem vak az \u00e9s \u0151 meg fogja l\u00e1tni Istent mag\u00e1t mind, kinek lelke f\u00e9ny, Minden vil\u00e1gi pomp\u00e1k csillog\u00e1si Kialszanak, ha Isten f\u00e9nye k\u00e9l. Szeressetek: ezt mondja az Apostol S enn\u00e9l k\u00fcl\u00f6nbet nem mond senkise. A betlehemi b\u00e9k\u00e9s csillagokb\u00f3l \u00dczeni ezt ma a Szivek Szive! Kar\u00e1csony igazi titka az a bels\u0151 f\u00e9ny, amely az Isteni Gyermekb\u0151l \u00e1rad. Engedj\u00fck, hogy ez a bels\u0151 ragyog\u00e1s r\u00e1nk is \u00e1tragadjon. Hagyjuk, hogy Isten j\u00f3s\u00e1g\u00e1nak l\u00e1ngocsk\u00e1ja sz\u00edv\u00fcnkben meggy\u00faljon, s f\u00e9ny\u00e9t szeretet\u00fcnk \u00e1ltal vigy\u00fck a vil\u00e1gba. \u00c9s ne engedj\u00fck, hogy ezt a bels\u0151 ragyog\u00e1st benn\u00fcnk a vil\u00e1g szele kioltsa. Szeretetteljes Kar\u00e1csonyt, \u00e9s \u00e1ldott, b\u00e9k\u00e9s, boldog, ragyog\u00f3 \u00faj \u00e9vet k\u00edv\u00e1nunk&#8230; <\/p>\n<p><a class=\"readmore\" href=\"https:\/\/stuttgarti-katolikusok.de\/index.php\/programelozetes-2018-december-24-es-2019-januar-6-kozott\/\">R\u00e9szletek<\/a><\/p>\n","protected":false},"author":3,"featured_media":0,"comment_status":"closed","ping_status":"closed","sticky":false,"template":"","format":"standard","meta":{"footnotes":""},"categories":[37],"tags":[],"class_list":["post-15691","post","type-post","status-publish","format-standard","hentry","category-progamelozetes"],"yoast_head":"<!-- This site is optimized with the Yoast SEO plugin v27.3 - https:\/\/yoast.com\/product\/yoast-seo-wordpress\/ -->\n<title>Programel\u0151zetes 2018. december 24 \u00e9s 2019. janu\u00e1r 6 k\u00f6z\u00f6tt - Stuttgarti Katolikusok<\/title>\n<meta name=\"robots\" content=\"index, follow, max-snippet:-1, max-image-preview:large, max-video-preview:-1\" \/>\n<link rel=\"canonical\" href=\"https:\/\/stuttgarti-katolikusok.de\/index.php\/programelozetes-2018-december-24-es-2019-januar-6-kozott\/\" \/>\n<meta property=\"og:locale\" content=\"hu_HU\" \/>\n<meta property=\"og:type\" content=\"article\" \/>\n<meta property=\"og:title\" content=\"Programel\u0151zetes 2018. december 24 \u00e9s 2019. janu\u00e1r 6 k\u00f6z\u00f6tt - Stuttgarti Katolikusok\" \/>\n<meta property=\"og:description\" content=\"Programel\u0151zetes\u00a0 December 24-\u00e9n, h\u00e9tf\u0151n, Szenteste, \u00a0\u00a0\u00a0\u00a0\u00a0\u00a0\u00a0\u00a0\u00a0\u00a0\u00a0\u00a0\u00a0\u00a0 Stuttgartban 19.00 \u00f3rakor \u00c9jf\u00e9li szentmise. \u00a0\u00a0\u00a0\u00a0\u00a0\u00a0\u00a0\u00a0\u00a0\u00a0\u00a0\u00a0\u00a0\u00a0 Weingartenben 20.00 \u00f3r\u00e1t\u00f3l a 14 Nothelfer Kapelle-ben \u00c9jf\u00e9li szentmise. * December 25-\u00e9n, kedden, Kar\u00e1csony \u00fcnnepe, \u00a0\u00a0\u00a0\u00a0\u00a0\u00a0\u00a0\u00a0\u00a0\u00a0\u00a0\u00a0\u00a0\u00a0 Weingartenben 10.00 \u00f3rakor a 14 Nothelfer Kapelle-ben \u00fcnnepi szentmise. \u00a0\u00a0\u00a0\u00a0\u00a0\u00a0\u00a0\u00a0\u00a0\u00a0\u00a0\u00a0\u00a0\u00a0 Stuttgartban 12.00 \u00f3rakor \u00fcnnepi szentmise. \u00a0\u00a0\u00a0\u00a0\u00a0\u00a0\u00a0\u00a0\u00a0\u00a0\u00a0\u00a0\u00a0\u00a0 Ulmban 15.00 \u00f3rakor \u00fcnnepi szentmise. \u00a0\u00a0\u00a0\u00a0\u00a0\u00a0\u00a0\u00a0\u00a0\u00a0\u00a0\u00a0\u00a0\u00a0 Heilbronnban 15.30 \u00f3rakor \u00fcnnepi szentmise. * December 26-\u00e1n, szerd\u00e1n, Kar\u00e1csony 2. napja, \u00a0\u00a0\u00a0\u00a0\u00a0\u00a0\u00a0\u00a0\u00a0\u00a0\u00a0\u00a0\u00a0\u00a0 Biberachban 8.45 \u00f3rakor \u00fcnnepi szentmise. \u00a0\u00a0\u00a0\u00a0\u00a0\u00a0\u00a0\u00a0\u00a0\u00a0\u00a0\u00a0\u00a0\u00a0 Schw\u00e4bisch-Gm\u00fcndben 9.30 \u00f3rakor szentmise. \u00a0\u00a0\u00a0\u00a0\u00a0\u00a0\u00a0\u00a0\u00a0\u00a0\u00a0\u00a0\u00a0\u00a0 Stuttgartban 12.00 \u00f3rakor \u00fcnnepi szentmise. \u00a0\u00a0\u00a0\u00a0\u00a0\u00a0\u00a0\u00a0\u00a0\u00a0\u00a0\u00a0\u00a0\u00a0 Eislingenben 15.00 \u00f3rakor \u00fcnnepi szentmise. * December 27-\u00e9n, cs\u00fct\u00f6rt\u00f6k\u00f6n, Kar\u00e1csony 3. napja, \u00a0\u00a0\u00a0\u00a0\u00a0\u00a0\u00a0\u00a0\u00a0\u00a0\u00a0\u00a0\u00a0\u00a0 B\u00f6blingenben, 9.30 \u00f3rakor szentmise. * December 31-\u00e9n, h\u00e9tf\u0151n, Szilveszter \u00fcnnep\u00e9n, \u00a0\u00a0\u00a0\u00a0\u00a0\u00a0\u00a0\u00a0\u00a0\u00a0\u00a0\u00a0\u00a0\u00a0 Weingartenben 17.00 \u00f3rakor \u00c9vv\u00e9gi h\u00e1laad\u00f3 szentmise a 14 Nothelfer Kapelle-ben. * * 2019. janu\u00e1r 5-\u00e9n, szombaton, \u00a0\u00a0\u00a0\u00a0\u00a0\u00a0\u00a0\u00a0\u00a0\u00a0\u00a0\u00a0\u00a0\u00a0 Balingenben 17.00 \u00f3rakor szentmise, ut\u00e1na \u00e1g\u00e1p\u00e9. * Janu\u00e1r 6-\u00e1n, V\u00edzkereszt \u00fcnnep\u00e9n, \u00a0\u00a0\u00a0\u00a0\u00a0\u00a0\u00a0\u00a0\u00a0\u00a0\u00a0\u00a0\u00a0\u00a0 Munderkingenben 9.00 \u00f3rakor szentmise. \u00a0\u00a0\u00a0\u00a0\u00a0\u00a0\u00a0\u00a0\u00a0\u00a0\u00a0\u00a0\u00a0\u00a0 Schw\u00e4bisch-Gm\u00fcndben 10.30. \u00f3rakor (!!!) szentmise, ut\u00e1na \u00e1g\u00e1p\u00e9. \u00a0\u00a0\u00a0\u00a0\u00a0\u00a0\u00a0\u00a0\u00a0\u00a0\u00a0\u00a0\u00a0\u00a0 Stuttgartban 15.00 \u00f3rakor szentmise, ut\u00e1na \u00e1g\u00e1p\u00e9, keret\u00e9ben zar\u00e1ndokok tal\u00e1lkoz\u00f3ja. \u00a0Minden helyen mindenkit szeretettel v\u00e1r a k\u00f6z\u00f6ss\u00e9g, Imre atya \u00e9s Tibor atya!\u00a0 Juh\u00e1sz Gyula: Betlehemi \u00fczenet a vakoknak Testv\u00e9reim, itt mind vak, aki balg\u00e1n T\u0171n\u0151 \u00f6r\u00f6mben \u00fcdv\u00f6ket kutat, Ki istent v\u00e1r a m\u00fal\u00f3 gy\u00f6ny\u00f6r arc\u00e1n: Mind vak szeg\u00e9ny, ki nem tal\u00e1l utat. \u00c9s nem vak az \u00e9s \u0151 meg fogja l\u00e1tni Istent mag\u00e1t mind, kinek lelke f\u00e9ny, Minden vil\u00e1gi pomp\u00e1k csillog\u00e1si Kialszanak, ha Isten f\u00e9nye k\u00e9l. Szeressetek: ezt mondja az Apostol S enn\u00e9l k\u00fcl\u00f6nbet nem mond senkise. A betlehemi b\u00e9k\u00e9s csillagokb\u00f3l \u00dczeni ezt ma a Szivek Szive! Kar\u00e1csony igazi titka az a bels\u0151 f\u00e9ny, amely az Isteni Gyermekb\u0151l \u00e1rad. Engedj\u00fck, hogy ez a bels\u0151 ragyog\u00e1s r\u00e1nk is \u00e1tragadjon. Hagyjuk, hogy Isten j\u00f3s\u00e1g\u00e1nak l\u00e1ngocsk\u00e1ja sz\u00edv\u00fcnkben meggy\u00faljon, s f\u00e9ny\u00e9t szeretet\u00fcnk \u00e1ltal vigy\u00fck a vil\u00e1gba. \u00c9s ne engedj\u00fck, hogy ezt a bels\u0151 ragyog\u00e1st benn\u00fcnk a vil\u00e1g szele kioltsa. Szeretetteljes Kar\u00e1csonyt, \u00e9s \u00e1ldott, b\u00e9k\u00e9s, boldog, ragyog\u00f3 \u00faj \u00e9vet k\u00edv\u00e1nunk... R\u00e9szletek\" \/>\n<meta property=\"og:url\" content=\"https:\/\/stuttgarti-katolikusok.de\/index.php\/programelozetes-2018-december-24-es-2019-januar-6-kozott\/\" \/>\n<meta property=\"og:site_name\" content=\"Stuttgarti Katolikusok\" \/>\n<meta property=\"article:published_time\" content=\"2018-12-24T06:16:31+00:00\" \/>\n<meta property=\"article:modified_time\" content=\"2020-04-27T16:25:18+00:00\" \/>\n<meta name=\"author\" content=\"Tibor atya\" \/>\n<meta name=\"twitter:card\" content=\"summary_large_image\" \/>\n<meta name=\"twitter:label1\" content=\"Szerz\u0151:\" \/>\n\t<meta name=\"twitter:data1\" content=\"Tibor atya\" \/>\n\t<meta name=\"twitter:label2\" content=\"Becs\u00fclt olvas\u00e1si id\u0151\" \/>\n\t<meta name=\"twitter:data2\" content=\"2 perc\" \/>\n<script type=\"application\/ld+json\" class=\"yoast-schema-graph\">{\"@context\":\"https:\\\/\\\/schema.org\",\"@graph\":[{\"@type\":\"Article\",\"@id\":\"https:\\\/\\\/stuttgarti-katolikusok.de\\\/index.php\\\/programelozetes-2018-december-24-es-2019-januar-6-kozott\\\/#article\",\"isPartOf\":{\"@id\":\"https:\\\/\\\/stuttgarti-katolikusok.de\\\/index.php\\\/programelozetes-2018-december-24-es-2019-januar-6-kozott\\\/\"},\"author\":{\"name\":\"Tibor atya\",\"@id\":\"https:\\\/\\\/stuttgarti-katolikusok.de\\\/#\\\/schema\\\/person\\\/75908d6f8fdc03a57889d27209df7795\"},\"headline\":\"Programel\u0151zetes 2018. december 24 \u00e9s 2019. janu\u00e1r 6 k\u00f6z\u00f6tt\",\"datePublished\":\"2018-12-24T06:16:31+00:00\",\"dateModified\":\"2020-04-27T16:25:18+00:00\",\"mainEntityOfPage\":{\"@id\":\"https:\\\/\\\/stuttgarti-katolikusok.de\\\/index.php\\\/programelozetes-2018-december-24-es-2019-januar-6-kozott\\\/\"},\"wordCount\":385,\"articleSection\":[\"Progamel\u0151zetes\"],\"inLanguage\":\"hu\"},{\"@type\":\"WebPage\",\"@id\":\"https:\\\/\\\/stuttgarti-katolikusok.de\\\/index.php\\\/programelozetes-2018-december-24-es-2019-januar-6-kozott\\\/\",\"url\":\"https:\\\/\\\/stuttgarti-katolikusok.de\\\/index.php\\\/programelozetes-2018-december-24-es-2019-januar-6-kozott\\\/\",\"name\":\"Programel\u0151zetes 2018. december 24 \u00e9s 2019. janu\u00e1r 6 k\u00f6z\u00f6tt - Stuttgarti Katolikusok\",\"isPartOf\":{\"@id\":\"https:\\\/\\\/stuttgarti-katolikusok.de\\\/#website\"},\"datePublished\":\"2018-12-24T06:16:31+00:00\",\"dateModified\":\"2020-04-27T16:25:18+00:00\",\"author\":{\"@id\":\"https:\\\/\\\/stuttgarti-katolikusok.de\\\/#\\\/schema\\\/person\\\/75908d6f8fdc03a57889d27209df7795\"},\"breadcrumb\":{\"@id\":\"https:\\\/\\\/stuttgarti-katolikusok.de\\\/index.php\\\/programelozetes-2018-december-24-es-2019-januar-6-kozott\\\/#breadcrumb\"},\"inLanguage\":\"hu\",\"potentialAction\":[{\"@type\":\"ReadAction\",\"target\":[\"https:\\\/\\\/stuttgarti-katolikusok.de\\\/index.php\\\/programelozetes-2018-december-24-es-2019-januar-6-kozott\\\/\"]}]},{\"@type\":\"BreadcrumbList\",\"@id\":\"https:\\\/\\\/stuttgarti-katolikusok.de\\\/index.php\\\/programelozetes-2018-december-24-es-2019-januar-6-kozott\\\/#breadcrumb\",\"itemListElement\":[{\"@type\":\"ListItem\",\"position\":1,\"name\":\"Kezd\u0151lap\",\"item\":\"https:\\\/\\\/stuttgarti-katolikusok.de\\\/\"},{\"@type\":\"ListItem\",\"position\":2,\"name\":\"Programel\u0151zetes 2018. december 24 \u00e9s 2019. janu\u00e1r 6 k\u00f6z\u00f6tt\"}]},{\"@type\":\"WebSite\",\"@id\":\"https:\\\/\\\/stuttgarti-katolikusok.de\\\/#website\",\"url\":\"https:\\\/\\\/stuttgarti-katolikusok.de\\\/\",\"name\":\"Stuttgarti Katolikusok\",\"description\":\"\",\"potentialAction\":[{\"@type\":\"SearchAction\",\"target\":{\"@type\":\"EntryPoint\",\"urlTemplate\":\"https:\\\/\\\/stuttgarti-katolikusok.de\\\/?s={search_term_string}\"},\"query-input\":{\"@type\":\"PropertyValueSpecification\",\"valueRequired\":true,\"valueName\":\"search_term_string\"}}],\"inLanguage\":\"hu\"},{\"@type\":\"Person\",\"@id\":\"https:\\\/\\\/stuttgarti-katolikusok.de\\\/#\\\/schema\\\/person\\\/75908d6f8fdc03a57889d27209df7795\",\"name\":\"Tibor atya\",\"image\":{\"@type\":\"ImageObject\",\"inLanguage\":\"hu\",\"@id\":\"https:\\\/\\\/secure.gravatar.com\\\/avatar\\\/61d268e57d1f4525b111222e29d2d5a7f8c420fdbf231ba5566a8ceac74fa960?s=96&d=mm&r=g\",\"url\":\"https:\\\/\\\/secure.gravatar.com\\\/avatar\\\/61d268e57d1f4525b111222e29d2d5a7f8c420fdbf231ba5566a8ceac74fa960?s=96&d=mm&r=g\",\"contentUrl\":\"https:\\\/\\\/secure.gravatar.com\\\/avatar\\\/61d268e57d1f4525b111222e29d2d5a7f8c420fdbf231ba5566a8ceac74fa960?s=96&d=mm&r=g\",\"caption\":\"Tibor atya\"},\"url\":\"https:\\\/\\\/stuttgarti-katolikusok.de\\\/index.php\\\/author\\\/tibor-atya\\\/\"}]}<\/script>\n<!-- \/ Yoast SEO plugin. -->","yoast_head_json":{"title":"Programel\u0151zetes 2018. december 24 \u00e9s 2019. janu\u00e1r 6 k\u00f6z\u00f6tt - Stuttgarti Katolikusok","robots":{"index":"index","follow":"follow","max-snippet":"max-snippet:-1","max-image-preview":"max-image-preview:large","max-video-preview":"max-video-preview:-1"},"canonical":"https:\/\/stuttgarti-katolikusok.de\/index.php\/programelozetes-2018-december-24-es-2019-januar-6-kozott\/","og_locale":"hu_HU","og_type":"article","og_title":"Programel\u0151zetes 2018. december 24 \u00e9s 2019. janu\u00e1r 6 k\u00f6z\u00f6tt - Stuttgarti Katolikusok","og_description":"Programel\u0151zetes\u00a0 December 24-\u00e9n, h\u00e9tf\u0151n, Szenteste, \u00a0\u00a0\u00a0\u00a0\u00a0\u00a0\u00a0\u00a0\u00a0\u00a0\u00a0\u00a0\u00a0\u00a0 Stuttgartban 19.00 \u00f3rakor \u00c9jf\u00e9li szentmise. \u00a0\u00a0\u00a0\u00a0\u00a0\u00a0\u00a0\u00a0\u00a0\u00a0\u00a0\u00a0\u00a0\u00a0 Weingartenben 20.00 \u00f3r\u00e1t\u00f3l a 14 Nothelfer Kapelle-ben \u00c9jf\u00e9li szentmise. * December 25-\u00e9n, kedden, Kar\u00e1csony \u00fcnnepe, \u00a0\u00a0\u00a0\u00a0\u00a0\u00a0\u00a0\u00a0\u00a0\u00a0\u00a0\u00a0\u00a0\u00a0 Weingartenben 10.00 \u00f3rakor a 14 Nothelfer Kapelle-ben \u00fcnnepi szentmise. \u00a0\u00a0\u00a0\u00a0\u00a0\u00a0\u00a0\u00a0\u00a0\u00a0\u00a0\u00a0\u00a0\u00a0 Stuttgartban 12.00 \u00f3rakor \u00fcnnepi szentmise. \u00a0\u00a0\u00a0\u00a0\u00a0\u00a0\u00a0\u00a0\u00a0\u00a0\u00a0\u00a0\u00a0\u00a0 Ulmban 15.00 \u00f3rakor \u00fcnnepi szentmise. \u00a0\u00a0\u00a0\u00a0\u00a0\u00a0\u00a0\u00a0\u00a0\u00a0\u00a0\u00a0\u00a0\u00a0 Heilbronnban 15.30 \u00f3rakor \u00fcnnepi szentmise. * December 26-\u00e1n, szerd\u00e1n, Kar\u00e1csony 2. napja, \u00a0\u00a0\u00a0\u00a0\u00a0\u00a0\u00a0\u00a0\u00a0\u00a0\u00a0\u00a0\u00a0\u00a0 Biberachban 8.45 \u00f3rakor \u00fcnnepi szentmise. \u00a0\u00a0\u00a0\u00a0\u00a0\u00a0\u00a0\u00a0\u00a0\u00a0\u00a0\u00a0\u00a0\u00a0 Schw\u00e4bisch-Gm\u00fcndben 9.30 \u00f3rakor szentmise. \u00a0\u00a0\u00a0\u00a0\u00a0\u00a0\u00a0\u00a0\u00a0\u00a0\u00a0\u00a0\u00a0\u00a0 Stuttgartban 12.00 \u00f3rakor \u00fcnnepi szentmise. \u00a0\u00a0\u00a0\u00a0\u00a0\u00a0\u00a0\u00a0\u00a0\u00a0\u00a0\u00a0\u00a0\u00a0 Eislingenben 15.00 \u00f3rakor \u00fcnnepi szentmise. * December 27-\u00e9n, cs\u00fct\u00f6rt\u00f6k\u00f6n, Kar\u00e1csony 3. napja, \u00a0\u00a0\u00a0\u00a0\u00a0\u00a0\u00a0\u00a0\u00a0\u00a0\u00a0\u00a0\u00a0\u00a0 B\u00f6blingenben, 9.30 \u00f3rakor szentmise. * December 31-\u00e9n, h\u00e9tf\u0151n, Szilveszter \u00fcnnep\u00e9n, \u00a0\u00a0\u00a0\u00a0\u00a0\u00a0\u00a0\u00a0\u00a0\u00a0\u00a0\u00a0\u00a0\u00a0 Weingartenben 17.00 \u00f3rakor \u00c9vv\u00e9gi h\u00e1laad\u00f3 szentmise a 14 Nothelfer Kapelle-ben. * * 2019. janu\u00e1r 5-\u00e9n, szombaton, \u00a0\u00a0\u00a0\u00a0\u00a0\u00a0\u00a0\u00a0\u00a0\u00a0\u00a0\u00a0\u00a0\u00a0 Balingenben 17.00 \u00f3rakor szentmise, ut\u00e1na \u00e1g\u00e1p\u00e9. * Janu\u00e1r 6-\u00e1n, V\u00edzkereszt \u00fcnnep\u00e9n, \u00a0\u00a0\u00a0\u00a0\u00a0\u00a0\u00a0\u00a0\u00a0\u00a0\u00a0\u00a0\u00a0\u00a0 Munderkingenben 9.00 \u00f3rakor szentmise. \u00a0\u00a0\u00a0\u00a0\u00a0\u00a0\u00a0\u00a0\u00a0\u00a0\u00a0\u00a0\u00a0\u00a0 Schw\u00e4bisch-Gm\u00fcndben 10.30. \u00f3rakor (!!!) szentmise, ut\u00e1na \u00e1g\u00e1p\u00e9. \u00a0\u00a0\u00a0\u00a0\u00a0\u00a0\u00a0\u00a0\u00a0\u00a0\u00a0\u00a0\u00a0\u00a0 Stuttgartban 15.00 \u00f3rakor szentmise, ut\u00e1na \u00e1g\u00e1p\u00e9, keret\u00e9ben zar\u00e1ndokok tal\u00e1lkoz\u00f3ja. \u00a0Minden helyen mindenkit szeretettel v\u00e1r a k\u00f6z\u00f6ss\u00e9g, Imre atya \u00e9s Tibor atya!\u00a0 Juh\u00e1sz Gyula: Betlehemi \u00fczenet a vakoknak Testv\u00e9reim, itt mind vak, aki balg\u00e1n T\u0171n\u0151 \u00f6r\u00f6mben \u00fcdv\u00f6ket kutat, Ki istent v\u00e1r a m\u00fal\u00f3 gy\u00f6ny\u00f6r arc\u00e1n: Mind vak szeg\u00e9ny, ki nem tal\u00e1l utat. \u00c9s nem vak az \u00e9s \u0151 meg fogja l\u00e1tni Istent mag\u00e1t mind, kinek lelke f\u00e9ny, Minden vil\u00e1gi pomp\u00e1k csillog\u00e1si Kialszanak, ha Isten f\u00e9nye k\u00e9l. Szeressetek: ezt mondja az Apostol S enn\u00e9l k\u00fcl\u00f6nbet nem mond senkise. A betlehemi b\u00e9k\u00e9s csillagokb\u00f3l \u00dczeni ezt ma a Szivek Szive! Kar\u00e1csony igazi titka az a bels\u0151 f\u00e9ny, amely az Isteni Gyermekb\u0151l \u00e1rad. Engedj\u00fck, hogy ez a bels\u0151 ragyog\u00e1s r\u00e1nk is \u00e1tragadjon. Hagyjuk, hogy Isten j\u00f3s\u00e1g\u00e1nak l\u00e1ngocsk\u00e1ja sz\u00edv\u00fcnkben meggy\u00faljon, s f\u00e9ny\u00e9t szeretet\u00fcnk \u00e1ltal vigy\u00fck a vil\u00e1gba. \u00c9s ne engedj\u00fck, hogy ezt a bels\u0151 ragyog\u00e1st benn\u00fcnk a vil\u00e1g szele kioltsa. Szeretetteljes Kar\u00e1csonyt, \u00e9s \u00e1ldott, b\u00e9k\u00e9s, boldog, ragyog\u00f3 \u00faj \u00e9vet k\u00edv\u00e1nunk... R\u00e9szletek","og_url":"https:\/\/stuttgarti-katolikusok.de\/index.php\/programelozetes-2018-december-24-es-2019-januar-6-kozott\/","og_site_name":"Stuttgarti Katolikusok","article_published_time":"2018-12-24T06:16:31+00:00","article_modified_time":"2020-04-27T16:25:18+00:00","author":"Tibor atya","twitter_card":"summary_large_image","twitter_misc":{"Szerz\u0151:":"Tibor atya","Becs\u00fclt olvas\u00e1si id\u0151":"2 perc"},"schema":{"@context":"https:\/\/schema.org","@graph":[{"@type":"Article","@id":"https:\/\/stuttgarti-katolikusok.de\/index.php\/programelozetes-2018-december-24-es-2019-januar-6-kozott\/#article","isPartOf":{"@id":"https:\/\/stuttgarti-katolikusok.de\/index.php\/programelozetes-2018-december-24-es-2019-januar-6-kozott\/"},"author":{"name":"Tibor atya","@id":"https:\/\/stuttgarti-katolikusok.de\/#\/schema\/person\/75908d6f8fdc03a57889d27209df7795"},"headline":"Programel\u0151zetes 2018. december 24 \u00e9s 2019. janu\u00e1r 6 k\u00f6z\u00f6tt","datePublished":"2018-12-24T06:16:31+00:00","dateModified":"2020-04-27T16:25:18+00:00","mainEntityOfPage":{"@id":"https:\/\/stuttgarti-katolikusok.de\/index.php\/programelozetes-2018-december-24-es-2019-januar-6-kozott\/"},"wordCount":385,"articleSection":["Progamel\u0151zetes"],"inLanguage":"hu"},{"@type":"WebPage","@id":"https:\/\/stuttgarti-katolikusok.de\/index.php\/programelozetes-2018-december-24-es-2019-januar-6-kozott\/","url":"https:\/\/stuttgarti-katolikusok.de\/index.php\/programelozetes-2018-december-24-es-2019-januar-6-kozott\/","name":"Programel\u0151zetes 2018. december 24 \u00e9s 2019. janu\u00e1r 6 k\u00f6z\u00f6tt - Stuttgarti Katolikusok","isPartOf":{"@id":"https:\/\/stuttgarti-katolikusok.de\/#website"},"datePublished":"2018-12-24T06:16:31+00:00","dateModified":"2020-04-27T16:25:18+00:00","author":{"@id":"https:\/\/stuttgarti-katolikusok.de\/#\/schema\/person\/75908d6f8fdc03a57889d27209df7795"},"breadcrumb":{"@id":"https:\/\/stuttgarti-katolikusok.de\/index.php\/programelozetes-2018-december-24-es-2019-januar-6-kozott\/#breadcrumb"},"inLanguage":"hu","potentialAction":[{"@type":"ReadAction","target":["https:\/\/stuttgarti-katolikusok.de\/index.php\/programelozetes-2018-december-24-es-2019-januar-6-kozott\/"]}]},{"@type":"BreadcrumbList","@id":"https:\/\/stuttgarti-katolikusok.de\/index.php\/programelozetes-2018-december-24-es-2019-januar-6-kozott\/#breadcrumb","itemListElement":[{"@type":"ListItem","position":1,"name":"Kezd\u0151lap","item":"https:\/\/stuttgarti-katolikusok.de\/"},{"@type":"ListItem","position":2,"name":"Programel\u0151zetes 2018. december 24 \u00e9s 2019. janu\u00e1r 6 k\u00f6z\u00f6tt"}]},{"@type":"WebSite","@id":"https:\/\/stuttgarti-katolikusok.de\/#website","url":"https:\/\/stuttgarti-katolikusok.de\/","name":"Stuttgarti Katolikusok","description":"","potentialAction":[{"@type":"SearchAction","target":{"@type":"EntryPoint","urlTemplate":"https:\/\/stuttgarti-katolikusok.de\/?s={search_term_string}"},"query-input":{"@type":"PropertyValueSpecification","valueRequired":true,"valueName":"search_term_string"}}],"inLanguage":"hu"},{"@type":"Person","@id":"https:\/\/stuttgarti-katolikusok.de\/#\/schema\/person\/75908d6f8fdc03a57889d27209df7795","name":"Tibor atya","image":{"@type":"ImageObject","inLanguage":"hu","@id":"https:\/\/secure.gravatar.com\/avatar\/61d268e57d1f4525b111222e29d2d5a7f8c420fdbf231ba5566a8ceac74fa960?s=96&d=mm&r=g","url":"https:\/\/secure.gravatar.com\/avatar\/61d268e57d1f4525b111222e29d2d5a7f8c420fdbf231ba5566a8ceac74fa960?s=96&d=mm&r=g","contentUrl":"https:\/\/secure.gravatar.com\/avatar\/61d268e57d1f4525b111222e29d2d5a7f8c420fdbf231ba5566a8ceac74fa960?s=96&d=mm&r=g","caption":"Tibor atya"},"url":"https:\/\/stuttgarti-katolikusok.de\/index.php\/author\/tibor-atya\/"}]}},"_links":{"self":[{"href":"https:\/\/stuttgarti-katolikusok.de\/index.php\/wp-json\/wp\/v2\/posts\/15691","targetHints":{"allow":["GET"]}}],"collection":[{"href":"https:\/\/stuttgarti-katolikusok.de\/index.php\/wp-json\/wp\/v2\/posts"}],"about":[{"href":"https:\/\/stuttgarti-katolikusok.de\/index.php\/wp-json\/wp\/v2\/types\/post"}],"author":[{"embeddable":true,"href":"https:\/\/stuttgarti-katolikusok.de\/index.php\/wp-json\/wp\/v2\/users\/3"}],"replies":[{"embeddable":true,"href":"https:\/\/stuttgarti-katolikusok.de\/index.php\/wp-json\/wp\/v2\/comments?post=15691"}],"version-history":[{"count":5,"href":"https:\/\/stuttgarti-katolikusok.de\/index.php\/wp-json\/wp\/v2\/posts\/15691\/revisions"}],"predecessor-version":[{"id":15740,"href":"https:\/\/stuttgarti-katolikusok.de\/index.php\/wp-json\/wp\/v2\/posts\/15691\/revisions\/15740"}],"wp:attachment":[{"href":"https:\/\/stuttgarti-katolikusok.de\/index.php\/wp-json\/wp\/v2\/media?parent=15691"}],"wp:term":[{"taxonomy":"category","embeddable":true,"href":"https:\/\/stuttgarti-katolikusok.de\/index.php\/wp-json\/wp\/v2\/categories?post=15691"},{"taxonomy":"post_tag","embeddable":true,"href":"https:\/\/stuttgarti-katolikusok.de\/index.php\/wp-json\/wp\/v2\/tags?post=15691"}],"curies":[{"name":"wp","href":"https:\/\/api.w.org\/{rel}","templated":true}]}}