{"id":15674,"date":"2018-12-22T07:03:11","date_gmt":"2018-12-22T07:03:11","guid":{"rendered":"https:\/\/gracious-dewdney.138-201-221-2.plesk.page\/?p=15674"},"modified":"2020-04-27T08:57:50","modified_gmt":"2020-04-27T08:57:50","slug":"advent-4-vasarnapja-karacsony-unnepe","status":"publish","type":"post","link":"https:\/\/stuttgarti-katolikusok.de\/index.php\/advent-4-vasarnapja-karacsony-unnepe\/","title":{"rendered":"Kar\u00e1csony \u00fcnnepe"},"content":{"rendered":"<ol start=\"2018\">\n<li><strong> december 25.<\/strong><\/li>\n<\/ol>\n<p><strong>URUNK SZ\u00dcLET\u00c9SE: KAR\u00c1CSONY<\/strong><\/p>\n<p><strong>\u00c9<\/strong><strong>jf<\/strong><strong>\u00e9<\/strong><strong>li mise<\/strong><\/p>\n<p>&nbsp;<\/p>\n<p><strong>OLVASM\u00c1NY Iz 9, 1-6<\/strong><\/p>\n<p>A pr\u00f3f\u00e9ta jelk\u00e9pekben j\u00f6vend\u00f6l a Messi\u00e1sr\u00f3l. H\u00e1rom k\u00e9pet haszn\u00e1l: a s\u00f6t\u00e9tben lev\u0151knek vil\u00e1goss\u00e1got hoz, \u00f6r\u00f6mre hangol, mint j\u00f3 arat\u00e1skor, \u00e9s megszabad\u00edt a szolgas\u00e1gt\u00f3l, mert leveszi a terhet \u00e9s elt\u00f6ri a fel\u00fcgyel\u0151k botj\u00e1t. Az\u00e9rt teheti meg, mert a v\u00e1ll\u00e1n hatalom van, isteni er\u0151t hordoz, s \u0151 a b\u00e9ke fejedelme. Krisztus val\u00f3ban meghozta a hit vil\u00e1goss\u00e1g\u00e1t, a szeretet \u00f6r\u00f6m\u00e9t, \u00e9s kiszabad\u00edtott a b\u0171n szolgas\u00e1g\u00e1b\u00f3l.<\/p>\n<p><strong>V\u00c1LASZOS ZSOLT\u00c1R 95, 1-2a. 2b-3. 11-12. 13<\/strong><\/p>\n<p>V\u00e1lasz: <strong>Ma sz\u00fcletett a Megv\u00e1lt\u00f3nk, * <\/strong><\/p>\n<p><strong>\u00a0\u00a0\u00a0\u00a0\u00a0\u00a0\u00a0\u00a0\u00a0\u00a0\u00a0\u00a0\u00a0 az \u00dar J\u00e9zus Krisztus.<\/strong> Lk 2, 11.<\/p>\n<p><strong>SZENTLECKE Tit 2, 11-14<\/strong><\/p>\n<p>A sz\u00f6vegben benne van az apostoli egyh\u00e1z tapasztal\u00e1sa: Kiv\u00e9tel n\u00e9lk\u00fcl minden ember sz\u00e1m\u00e1ra megjelent az \u00fcdv\u00f6z\u00edt\u00e9s kegyelme Krisztusban, s ez megk\u00f6veteli a b\u0171nnel val\u00f3 szak\u00edt\u00e1st, \u00e9s \u00e9rtelmet ad az \u00e9letnek. Rem\u00e9nnyel v\u00e1rhatjuk az Urunkkal val\u00f3 tal\u00e1lkoz\u00e1st, ha j\u00f3tettekben t\u00f6lt\u00f6tt\u00fck el \u00e9let\u00fcnk idej\u00e9t.<\/p>\n<p><strong>EVANG\u00c9LIUM Lk 2, 1-14<\/strong><\/p>\n<p>J\u00e9zus sz\u00fclet\u00e9se az \u00fcdvt\u00f6rt\u00e9net kimagasl\u00f3 esem\u00e9nye. A R\u00f3mai Birodalom el\u0151k\u00e9sz\u00edtette a term\u00e9szetes keretet a Megv\u00e1lt\u00f3 e j\u00f6vetel\u00e9hez. A kinyilatkoztat\u00e1st azok kapj\u00e1k, akik \u00c1brah\u00e1m egyszer\u0171 hit\u00e9ben \u00e9lnek, \u00e9s k\u00e9szek a felh\u00edv\u00e1snak engedelmeskedni. Isten kinyilv\u00e1n\u00edtotta v\u00e9gs\u0151 terv\u00e9t. az embernek az \u0151 dics\u0151s\u00e9g\u00e9t kell szolg\u00e1lnia, s ugyanakkor az ember sz\u00e1m\u00e1ra ez lesz a b\u00e9ke biztos\u00edt\u00e9ka. A b\u00e9ke els\u0151sorban lelki \u00e1llapot, amit a j\u00f3akarat\u00fa emberek tapasztalnak meg.<\/p>\n<p>&nbsp;<\/p>\n<p><strong>P<\/strong><strong>\u00e1<\/strong><strong>sztorok mis<\/strong><strong>\u00e9<\/strong><strong>je <\/strong><\/p>\n<p>&nbsp;<\/p>\n<p><strong>OLVASM\u00c1NY Iz 62, 11-12<\/strong><\/p>\n<p>Az \u00fczenet Sion le\u00e1ny\u00e1nak, vagyis Jeruzs\u00e1lem lak\u00f3inak sz\u00f3l: a fogs\u00e1g megsz\u0171nik, Isten felkarolja \u00fajra n\u00e9p\u00e9t. De a babiloni fogs\u00e1gb\u00f3l val\u00f3 szabadul\u00e1s egy v\u00e9gleges nagy esem\u00e9ny el\u0151k\u00e9pe. Az ilyen kifejez\u00e9sek, hogy ,,szent n\u00e9pnek&#8221;, ,,az \u00dar megv\u00e1ltottjainak&#8221; h\u00edvj\u00e1k \u0151ket, mutatj\u00e1k, hogy a pr\u00f3f\u00e9ta egy m\u00e1sik, lelki szabadul\u00e1sra gondol.<\/p>\n<p><strong>V\u00c1LASZOS ZSOLT\u00c1R 96, 1 \u00e9s 6, 11-12 <\/strong><\/p>\n<p>V\u00e1lasz: <strong>F\u00e9nyess\u00e9g ragyog ma f\u00f6l\u00f6tt\u00fcnk, +<\/strong><\/p>\n<p><strong>\u00a0\u00a0\u00a0\u00a0\u00a0\u00a0\u00a0\u00a0\u00a0\u00a0\u00a0\u00a0 \u00a0mert megsz\u00fcletett Urunk, J\u00e9zus Krisztus.<\/strong><\/p>\n<p><strong>SZENTLECKE Tit 3, 4-7<\/strong><\/p>\n<p>J\u00e9zusban Isten j\u00f3s\u00e1ga \u00e9s emberszeretete jelent meg. Ennek kell tulajdon\u00edtani megv\u00e1lt\u00e1sunkat \u00e9s megigazul\u00e1sunkat, nem pedig saj\u00e1t \u00e9rdemeinknek. \u00d4 a kereszts\u00e9gben v\u00e9gbemen\u0151 \u00fajj\u00e1sz\u00fclet\u00e9s \u00e1ltal tesz benn\u00fcnket mag\u00e1hoz hasonl\u00f3v\u00e1. A kereszts\u00e9gben ugyanis a Szentl\u00e9lek m\u0171k\u00f6dik, akit Krisztus ki\u00e9rdemelt nek\u00fcnk \u00e9s elk\u00fcld\u00f6tt.<\/p>\n<p><strong>ALLELUJA<\/strong><\/p>\n<p>Alleluja. Dics\u0151s\u00e9g a magass\u00e1gban Istennek, * \u00e9s a f\u00f6ld\u00f6n b\u00e9kess\u00e9g a j\u00f3akarat\u00fa embereknek. Lk 2, 14 \u0336 3a. Alleluja.<\/p>\n<p><strong>EVANG\u00c9LIUM Lk 2, 15-20<\/strong><\/p>\n<p>A p\u00e1sztorok a h\u00edv\u0151 emberek p\u00e9ldak\u00e9pei. T\u00e9tov\u00e1z\u00e1s n\u00e9lk\u00fcl k\u00f6vetik a kapott utas\u00edt\u00e1st. Tudnak hinni, mert nem \u0151k akarj\u00e1k eld\u00f6nteni, hogy Isten milyen messi\u00e1st k\u00fcldj\u00f6n, mint k\u00e9s\u0151bb az \u00edr\u00e1stud\u00f3k. \u00d6r\u00fclnek a j\u00f3 h\u00edrnek, az\u00e9rt besz\u00e9lnek sz\u00edvesen arr\u00f3l, amit hallottak. Aki felfogja az evang\u00e9liumot, az meg\u0151rzi sz\u00edv\u00e9ben, \u00e9s igyekszik tov\u00e1bbadni. A hitnek k\u00f6z\u00f6ss\u00e9galkot\u00f3 ereje van, mert fel\u00e9breszti a szeretetet Isten ir\u00e1nt \u00e9s az emberek ir\u00e1nt.<\/p>\n<p>&nbsp;<\/p>\n<p><strong>\u00dcnnepi mise<\/strong><\/p>\n<p>&nbsp;<\/p>\n<p><strong>OLVASM\u00c1NY Iz 52, 7-10<\/strong><\/p>\n<p>A fogs\u00e1gban lev\u0151 n\u00e9p sz\u00e1m\u00e1ra a b\u00e9ke \u00e9s az \u00f6r\u00f6m sz\u00f3zata az volt, hogy kir\u00e1lya marad n\u00e9p\u00e9nek Isten, gondoskodik r\u00f3la, vigasztal\u00f3ja lesz. De a pr\u00f3f\u00e9ta egy\u00fattal t\u00e1volabbra is tekint. a f\u00f6ld minden n\u00e9pe megl\u00e1tja, hogy Istent\u0151l k\u00f6zeledik az \u00fcdv\u00f6ss\u00e9g. Isten \u00fagy uralkodik, hogy mag\u00e1hoz emeli az embert, aki hittel elfogadja \u0151t.<\/p>\n<p><strong>V\u00c1LASZOS ZSOLT\u00c1R 97, 1. 2-3ab. 3cd-4. 5-6.<\/strong><\/p>\n<p>V\u00e1lasz: <strong>A f\u00f6ld minden hat\u00e1ra l\u00e1tta *<\/strong><\/p>\n<p><strong>\u00a0\u00a0\u00a0\u00a0\u00a0\u00a0\u00a0\u00a0\u00a0\u00a0 \u00a0\u00a0\u00a0\u00fcdv\u00f6z\u00edt\u0151 Urunknak j\u00f3s\u00e1g\u00e1t. <\/strong>V\u00f6. 3c vers.<\/p>\n<p><strong>SZENTLECKE Zsid 1, 1-6<\/strong><\/p>\n<p>Krisztusban teljes lett a kinyilatkoztat\u00e1s. Azel\u0151tt Isten csak alkalmi \u00fczeneteket adott a pr\u00f3f\u00e9t\u00e1k \u00e1ltal, most azonban Fi\u00e1t k\u00fcldte el, s benne tapasztalhat\u00f3v\u00e1 v\u00e1lt Isten rejtett dics\u0151s\u00e9ge. \u00d4 az\u00e9rt j\u00f6tt, hogy teljes k\u00e9pet adjon az Atya irgalm\u00e1r\u00f3l, tov\u00e1bb\u00e1 hogy legy\u0151zze a b\u0171nt \u00e9s a hal\u00e1lt. Az Atya \u00e1ltala teremtette a mindens\u00e9get, az\u00e9rt egyetemes uralmat ad neki.<\/p>\n<p><strong>ALLELUJA<\/strong><\/p>\n<p>Alleluja. F\u00f6lragyogott r\u00e1nk a szent nap, + J\u00f6jjetek, nemzetek, \u00e9s im\u00e1dj\u00e1tok az Urat, * mert ma nagy f\u00e9nyess\u00e9g sz\u00e1llt le a f\u00f6ldre. Alleluja.<\/p>\n<p><strong>EVANG\u00c9LIUM Jn 1, 1-18<\/strong><\/p>\n<p>J\u00e9zus kil\u00e9t\u00e9t ez a k\u00e9t sz\u00f3 t\u00e1rja fel: benne az Atya \u00f6r\u00f6k Fia, illetve \u00f6r\u00f6k Szava, Ig\u00e9je lett emberr\u00e9. A Fi\u00fa \u00e9s az Ige egym\u00e1st magyar\u00e1zz\u00e1k. A Fi\u00fa \u00fagy sz\u00fcletik az Aty\u00e1t\u00f3l, hogy az Atya teljesen ismeri \u00e9s kimondja mag\u00e1t. Ez a kimondott sz\u00f3 az \u0151 t\u00f6k\u00e9letes k\u00e9pe, benne van eg\u00e9sz l\u00e9nyege. Ez az Ige lett emberr\u00e9, \u00e9s \u0151 lett az Atya \u00fczenete sz\u00e1munkra. Benne eg\u00e9szen t\u00fckr\u00f6z\u0151dik az Atya teremt\u0151 \u00e9s \u00fcdv\u00f6z\u00edt\u0151 terve. Ez\u00e9rt Krisztus vil\u00e1goss\u00e1g a vil\u00e1g sz\u00e1m\u00e1ra. Akik hittel elfogadj\u00e1k \u0151t, azok egyes\u00fclnek vele \u00e9s Isten gyermekeiv\u00e9 v\u00e1lnak, s \u00edgy \u00f6r\u00f6klik az isteni \u00e9letet is.<\/p>\n<p><strong>+ + +<\/strong><\/p>\n<p>Kar\u00e1csonykor az \u00fcdvt\u00f6rt\u00e9net kimagasl\u00f3 esem\u00e9ny\u00e9re eml\u00e9kez\u00fcnk. J\u00e9zus sz\u00fclet\u00e9s\u00e9nek \u00f6r\u00fcl az eg\u00e9sz f\u00f6ld. Im\u00e1dja \u0151t minden teremtm\u00e9ny: az angyalok \u00e9s az emberek. Aki az \u0151 dics\u0151s\u00e9g\u00e9t szolg\u00e1lja, elnyeri lelke b\u00e9k\u00e9j\u00e9t.<\/p>\n<p>&nbsp;<\/p>\n","protected":false},"excerpt":{"rendered":"<p>december 25. URUNK SZ\u00dcLET\u00c9SE: KAR\u00c1CSONY \u00c9jf\u00e9li mise &nbsp; OLVASM\u00c1NY Iz 9, 1-6 A pr\u00f3f\u00e9ta jelk\u00e9pekben j\u00f6vend\u00f6l a Messi\u00e1sr\u00f3l. H\u00e1rom k\u00e9pet haszn\u00e1l: a s\u00f6t\u00e9tben lev\u0151knek vil\u00e1goss\u00e1got hoz, \u00f6r\u00f6mre hangol, mint j\u00f3 arat\u00e1skor, \u00e9s megszabad\u00edt a szolgas\u00e1gt\u00f3l, mert leveszi a terhet \u00e9s elt\u00f6ri a fel\u00fcgyel\u0151k botj\u00e1t. Az\u00e9rt teheti meg, mert a v\u00e1ll\u00e1n hatalom van, isteni er\u0151t hordoz, s \u0151 a b\u00e9ke fejedelme. Krisztus val\u00f3ban meghozta a hit vil\u00e1goss\u00e1g\u00e1t, a szeretet \u00f6r\u00f6m\u00e9t, \u00e9s kiszabad\u00edtott a b\u0171n szolgas\u00e1g\u00e1b\u00f3l. V\u00c1LASZOS ZSOLT\u00c1R 95, 1-2a. 2b-3. 11-12. 13 V\u00e1lasz: Ma sz\u00fcletett a Megv\u00e1lt\u00f3nk, * \u00a0\u00a0\u00a0\u00a0\u00a0\u00a0\u00a0\u00a0\u00a0\u00a0\u00a0\u00a0\u00a0 az \u00dar J\u00e9zus Krisztus. Lk 2, 11. SZENTLECKE Tit 2, 11-14 A sz\u00f6vegben benne van az apostoli egyh\u00e1z tapasztal\u00e1sa: Kiv\u00e9tel n\u00e9lk\u00fcl minden ember sz\u00e1m\u00e1ra megjelent az \u00fcdv\u00f6z\u00edt\u00e9s kegyelme Krisztusban, s ez megk\u00f6veteli a b\u0171nnel val\u00f3 szak\u00edt\u00e1st, \u00e9s \u00e9rtelmet ad az \u00e9letnek. Rem\u00e9nnyel v\u00e1rhatjuk az Urunkkal val\u00f3 tal\u00e1lkoz\u00e1st, ha j\u00f3tettekben t\u00f6lt\u00f6tt\u00fck el \u00e9let\u00fcnk idej\u00e9t. EVANG\u00c9LIUM Lk 2, 1-14 J\u00e9zus sz\u00fclet\u00e9se az \u00fcdvt\u00f6rt\u00e9net kimagasl\u00f3 esem\u00e9nye. A R\u00f3mai Birodalom el\u0151k\u00e9sz\u00edtette a term\u00e9szetes keretet a Megv\u00e1lt\u00f3 e j\u00f6vetel\u00e9hez. A kinyilatkoztat\u00e1st azok kapj\u00e1k, akik \u00c1brah\u00e1m egyszer\u0171 hit\u00e9ben \u00e9lnek, \u00e9s k\u00e9szek a felh\u00edv\u00e1snak engedelmeskedni. Isten kinyilv\u00e1n\u00edtotta v\u00e9gs\u0151 terv\u00e9t. az embernek az \u0151 dics\u0151s\u00e9g\u00e9t kell szolg\u00e1lnia, s ugyanakkor az ember sz\u00e1m\u00e1ra ez lesz a b\u00e9ke biztos\u00edt\u00e9ka. A b\u00e9ke els\u0151sorban lelki \u00e1llapot, amit a j\u00f3akarat\u00fa emberek tapasztalnak meg. &nbsp; P\u00e1sztorok mis\u00e9je &nbsp; OLVASM\u00c1NY Iz 62, 11-12 Az \u00fczenet Sion le\u00e1ny\u00e1nak, vagyis Jeruzs\u00e1lem lak\u00f3inak sz\u00f3l: a fogs\u00e1g megsz\u0171nik, Isten felkarolja \u00fajra n\u00e9p\u00e9t. De a babiloni fogs\u00e1gb\u00f3l val\u00f3 szabadul\u00e1s egy v\u00e9gleges nagy esem\u00e9ny el\u0151k\u00e9pe. Az ilyen kifejez\u00e9sek, hogy ,,szent n\u00e9pnek&#8221;, ,,az \u00dar megv\u00e1ltottjainak&#8221; h\u00edvj\u00e1k \u0151ket, mutatj\u00e1k, hogy a pr\u00f3f\u00e9ta egy m\u00e1sik, lelki szabadul\u00e1sra gondol. V\u00c1LASZOS ZSOLT\u00c1R 96, 1 \u00e9s 6, 11-12 V\u00e1lasz: F\u00e9nyess\u00e9g ragyog ma f\u00f6l\u00f6tt\u00fcnk, + \u00a0\u00a0\u00a0\u00a0\u00a0\u00a0\u00a0\u00a0\u00a0\u00a0\u00a0\u00a0 \u00a0mert megsz\u00fcletett Urunk, J\u00e9zus Krisztus. SZENTLECKE Tit 3, 4-7 J\u00e9zusban Isten j\u00f3s\u00e1ga \u00e9s emberszeretete jelent meg. Ennek kell tulajdon\u00edtani megv\u00e1lt\u00e1sunkat \u00e9s megigazul\u00e1sunkat, nem pedig&#8230; <\/p>\n<p><a class=\"readmore\" href=\"https:\/\/stuttgarti-katolikusok.de\/index.php\/advent-4-vasarnapja-karacsony-unnepe\/\">R\u00e9szletek<\/a><\/p>\n","protected":false},"author":3,"featured_media":0,"comment_status":"closed","ping_status":"closed","sticky":false,"template":"","format":"standard","meta":{"footnotes":""},"categories":[63],"tags":[],"class_list":["post-15674","post","type-post","status-publish","format-standard","hentry","category-vasarnapi-gondolatok"],"yoast_head":"<!-- This site is optimized with the Yoast SEO plugin v27.3 - https:\/\/yoast.com\/product\/yoast-seo-wordpress\/ -->\n<title>Kar\u00e1csony \u00fcnnepe - Stuttgarti Katolikusok<\/title>\n<meta name=\"robots\" content=\"index, follow, max-snippet:-1, max-image-preview:large, max-video-preview:-1\" \/>\n<link rel=\"canonical\" href=\"https:\/\/stuttgarti-katolikusok.de\/index.php\/advent-4-vasarnapja-karacsony-unnepe\/\" \/>\n<meta property=\"og:locale\" content=\"hu_HU\" \/>\n<meta property=\"og:type\" content=\"article\" \/>\n<meta property=\"og:title\" content=\"Kar\u00e1csony \u00fcnnepe - Stuttgarti Katolikusok\" \/>\n<meta property=\"og:description\" content=\"december 25. URUNK SZ\u00dcLET\u00c9SE: KAR\u00c1CSONY \u00c9jf\u00e9li mise &nbsp; OLVASM\u00c1NY Iz 9, 1-6 A pr\u00f3f\u00e9ta jelk\u00e9pekben j\u00f6vend\u00f6l a Messi\u00e1sr\u00f3l. H\u00e1rom k\u00e9pet haszn\u00e1l: a s\u00f6t\u00e9tben lev\u0151knek vil\u00e1goss\u00e1got hoz, \u00f6r\u00f6mre hangol, mint j\u00f3 arat\u00e1skor, \u00e9s megszabad\u00edt a szolgas\u00e1gt\u00f3l, mert leveszi a terhet \u00e9s elt\u00f6ri a fel\u00fcgyel\u0151k botj\u00e1t. Az\u00e9rt teheti meg, mert a v\u00e1ll\u00e1n hatalom van, isteni er\u0151t hordoz, s \u0151 a b\u00e9ke fejedelme. Krisztus val\u00f3ban meghozta a hit vil\u00e1goss\u00e1g\u00e1t, a szeretet \u00f6r\u00f6m\u00e9t, \u00e9s kiszabad\u00edtott a b\u0171n szolgas\u00e1g\u00e1b\u00f3l. V\u00c1LASZOS ZSOLT\u00c1R 95, 1-2a. 2b-3. 11-12. 13 V\u00e1lasz: Ma sz\u00fcletett a Megv\u00e1lt\u00f3nk, * \u00a0\u00a0\u00a0\u00a0\u00a0\u00a0\u00a0\u00a0\u00a0\u00a0\u00a0\u00a0\u00a0 az \u00dar J\u00e9zus Krisztus. Lk 2, 11. SZENTLECKE Tit 2, 11-14 A sz\u00f6vegben benne van az apostoli egyh\u00e1z tapasztal\u00e1sa: Kiv\u00e9tel n\u00e9lk\u00fcl minden ember sz\u00e1m\u00e1ra megjelent az \u00fcdv\u00f6z\u00edt\u00e9s kegyelme Krisztusban, s ez megk\u00f6veteli a b\u0171nnel val\u00f3 szak\u00edt\u00e1st, \u00e9s \u00e9rtelmet ad az \u00e9letnek. Rem\u00e9nnyel v\u00e1rhatjuk az Urunkkal val\u00f3 tal\u00e1lkoz\u00e1st, ha j\u00f3tettekben t\u00f6lt\u00f6tt\u00fck el \u00e9let\u00fcnk idej\u00e9t. EVANG\u00c9LIUM Lk 2, 1-14 J\u00e9zus sz\u00fclet\u00e9se az \u00fcdvt\u00f6rt\u00e9net kimagasl\u00f3 esem\u00e9nye. A R\u00f3mai Birodalom el\u0151k\u00e9sz\u00edtette a term\u00e9szetes keretet a Megv\u00e1lt\u00f3 e j\u00f6vetel\u00e9hez. A kinyilatkoztat\u00e1st azok kapj\u00e1k, akik \u00c1brah\u00e1m egyszer\u0171 hit\u00e9ben \u00e9lnek, \u00e9s k\u00e9szek a felh\u00edv\u00e1snak engedelmeskedni. Isten kinyilv\u00e1n\u00edtotta v\u00e9gs\u0151 terv\u00e9t. az embernek az \u0151 dics\u0151s\u00e9g\u00e9t kell szolg\u00e1lnia, s ugyanakkor az ember sz\u00e1m\u00e1ra ez lesz a b\u00e9ke biztos\u00edt\u00e9ka. A b\u00e9ke els\u0151sorban lelki \u00e1llapot, amit a j\u00f3akarat\u00fa emberek tapasztalnak meg. &nbsp; P\u00e1sztorok mis\u00e9je &nbsp; OLVASM\u00c1NY Iz 62, 11-12 Az \u00fczenet Sion le\u00e1ny\u00e1nak, vagyis Jeruzs\u00e1lem lak\u00f3inak sz\u00f3l: a fogs\u00e1g megsz\u0171nik, Isten felkarolja \u00fajra n\u00e9p\u00e9t. De a babiloni fogs\u00e1gb\u00f3l val\u00f3 szabadul\u00e1s egy v\u00e9gleges nagy esem\u00e9ny el\u0151k\u00e9pe. Az ilyen kifejez\u00e9sek, hogy ,,szent n\u00e9pnek&#8221;, ,,az \u00dar megv\u00e1ltottjainak&#8221; h\u00edvj\u00e1k \u0151ket, mutatj\u00e1k, hogy a pr\u00f3f\u00e9ta egy m\u00e1sik, lelki szabadul\u00e1sra gondol. V\u00c1LASZOS ZSOLT\u00c1R 96, 1 \u00e9s 6, 11-12 V\u00e1lasz: F\u00e9nyess\u00e9g ragyog ma f\u00f6l\u00f6tt\u00fcnk, + \u00a0\u00a0\u00a0\u00a0\u00a0\u00a0\u00a0\u00a0\u00a0\u00a0\u00a0\u00a0 \u00a0mert megsz\u00fcletett Urunk, J\u00e9zus Krisztus. SZENTLECKE Tit 3, 4-7 J\u00e9zusban Isten j\u00f3s\u00e1ga \u00e9s emberszeretete jelent meg. Ennek kell tulajdon\u00edtani megv\u00e1lt\u00e1sunkat \u00e9s megigazul\u00e1sunkat, nem pedig... R\u00e9szletek\" \/>\n<meta property=\"og:url\" content=\"https:\/\/stuttgarti-katolikusok.de\/index.php\/advent-4-vasarnapja-karacsony-unnepe\/\" \/>\n<meta property=\"og:site_name\" content=\"Stuttgarti Katolikusok\" \/>\n<meta property=\"article:published_time\" content=\"2018-12-22T07:03:11+00:00\" \/>\n<meta property=\"article:modified_time\" content=\"2020-04-27T08:57:50+00:00\" \/>\n<meta name=\"author\" content=\"Tibor atya\" \/>\n<meta name=\"twitter:card\" content=\"summary_large_image\" \/>\n<meta name=\"twitter:label1\" content=\"Szerz\u0151:\" \/>\n\t<meta name=\"twitter:data1\" content=\"Tibor atya\" \/>\n\t<meta name=\"twitter:label2\" content=\"Becs\u00fclt olvas\u00e1si id\u0151\" \/>\n\t<meta name=\"twitter:data2\" content=\"5 perc\" \/>\n<script type=\"application\/ld+json\" class=\"yoast-schema-graph\">{\"@context\":\"https:\\\/\\\/schema.org\",\"@graph\":[{\"@type\":\"Article\",\"@id\":\"https:\\\/\\\/stuttgarti-katolikusok.de\\\/index.php\\\/advent-4-vasarnapja-karacsony-unnepe\\\/#article\",\"isPartOf\":{\"@id\":\"https:\\\/\\\/stuttgarti-katolikusok.de\\\/index.php\\\/advent-4-vasarnapja-karacsony-unnepe\\\/\"},\"author\":{\"name\":\"Tibor atya\",\"@id\":\"https:\\\/\\\/stuttgarti-katolikusok.de\\\/#\\\/schema\\\/person\\\/75908d6f8fdc03a57889d27209df7795\"},\"headline\":\"Kar\u00e1csony \u00fcnnepe\",\"datePublished\":\"2018-12-22T07:03:11+00:00\",\"dateModified\":\"2020-04-27T08:57:50+00:00\",\"mainEntityOfPage\":{\"@id\":\"https:\\\/\\\/stuttgarti-katolikusok.de\\\/index.php\\\/advent-4-vasarnapja-karacsony-unnepe\\\/\"},\"wordCount\":1025,\"articleSection\":[\"Vas\u00e1rnapi gondolatok\"],\"inLanguage\":\"hu\"},{\"@type\":\"WebPage\",\"@id\":\"https:\\\/\\\/stuttgarti-katolikusok.de\\\/index.php\\\/advent-4-vasarnapja-karacsony-unnepe\\\/\",\"url\":\"https:\\\/\\\/stuttgarti-katolikusok.de\\\/index.php\\\/advent-4-vasarnapja-karacsony-unnepe\\\/\",\"name\":\"Kar\u00e1csony \u00fcnnepe - Stuttgarti Katolikusok\",\"isPartOf\":{\"@id\":\"https:\\\/\\\/stuttgarti-katolikusok.de\\\/#website\"},\"datePublished\":\"2018-12-22T07:03:11+00:00\",\"dateModified\":\"2020-04-27T08:57:50+00:00\",\"author\":{\"@id\":\"https:\\\/\\\/stuttgarti-katolikusok.de\\\/#\\\/schema\\\/person\\\/75908d6f8fdc03a57889d27209df7795\"},\"breadcrumb\":{\"@id\":\"https:\\\/\\\/stuttgarti-katolikusok.de\\\/index.php\\\/advent-4-vasarnapja-karacsony-unnepe\\\/#breadcrumb\"},\"inLanguage\":\"hu\",\"potentialAction\":[{\"@type\":\"ReadAction\",\"target\":[\"https:\\\/\\\/stuttgarti-katolikusok.de\\\/index.php\\\/advent-4-vasarnapja-karacsony-unnepe\\\/\"]}]},{\"@type\":\"BreadcrumbList\",\"@id\":\"https:\\\/\\\/stuttgarti-katolikusok.de\\\/index.php\\\/advent-4-vasarnapja-karacsony-unnepe\\\/#breadcrumb\",\"itemListElement\":[{\"@type\":\"ListItem\",\"position\":1,\"name\":\"Kezd\u0151lap\",\"item\":\"https:\\\/\\\/stuttgarti-katolikusok.de\\\/\"},{\"@type\":\"ListItem\",\"position\":2,\"name\":\"Kar\u00e1csony \u00fcnnepe\"}]},{\"@type\":\"WebSite\",\"@id\":\"https:\\\/\\\/stuttgarti-katolikusok.de\\\/#website\",\"url\":\"https:\\\/\\\/stuttgarti-katolikusok.de\\\/\",\"name\":\"Stuttgarti Katolikusok\",\"description\":\"\",\"potentialAction\":[{\"@type\":\"SearchAction\",\"target\":{\"@type\":\"EntryPoint\",\"urlTemplate\":\"https:\\\/\\\/stuttgarti-katolikusok.de\\\/?s={search_term_string}\"},\"query-input\":{\"@type\":\"PropertyValueSpecification\",\"valueRequired\":true,\"valueName\":\"search_term_string\"}}],\"inLanguage\":\"hu\"},{\"@type\":\"Person\",\"@id\":\"https:\\\/\\\/stuttgarti-katolikusok.de\\\/#\\\/schema\\\/person\\\/75908d6f8fdc03a57889d27209df7795\",\"name\":\"Tibor atya\",\"image\":{\"@type\":\"ImageObject\",\"inLanguage\":\"hu\",\"@id\":\"https:\\\/\\\/secure.gravatar.com\\\/avatar\\\/61d268e57d1f4525b111222e29d2d5a7f8c420fdbf231ba5566a8ceac74fa960?s=96&d=mm&r=g\",\"url\":\"https:\\\/\\\/secure.gravatar.com\\\/avatar\\\/61d268e57d1f4525b111222e29d2d5a7f8c420fdbf231ba5566a8ceac74fa960?s=96&d=mm&r=g\",\"contentUrl\":\"https:\\\/\\\/secure.gravatar.com\\\/avatar\\\/61d268e57d1f4525b111222e29d2d5a7f8c420fdbf231ba5566a8ceac74fa960?s=96&d=mm&r=g\",\"caption\":\"Tibor atya\"},\"url\":\"https:\\\/\\\/stuttgarti-katolikusok.de\\\/index.php\\\/author\\\/tibor-atya\\\/\"}]}<\/script>\n<!-- \/ Yoast SEO plugin. -->","yoast_head_json":{"title":"Kar\u00e1csony \u00fcnnepe - Stuttgarti Katolikusok","robots":{"index":"index","follow":"follow","max-snippet":"max-snippet:-1","max-image-preview":"max-image-preview:large","max-video-preview":"max-video-preview:-1"},"canonical":"https:\/\/stuttgarti-katolikusok.de\/index.php\/advent-4-vasarnapja-karacsony-unnepe\/","og_locale":"hu_HU","og_type":"article","og_title":"Kar\u00e1csony \u00fcnnepe - Stuttgarti Katolikusok","og_description":"december 25. URUNK SZ\u00dcLET\u00c9SE: KAR\u00c1CSONY \u00c9jf\u00e9li mise &nbsp; OLVASM\u00c1NY Iz 9, 1-6 A pr\u00f3f\u00e9ta jelk\u00e9pekben j\u00f6vend\u00f6l a Messi\u00e1sr\u00f3l. H\u00e1rom k\u00e9pet haszn\u00e1l: a s\u00f6t\u00e9tben lev\u0151knek vil\u00e1goss\u00e1got hoz, \u00f6r\u00f6mre hangol, mint j\u00f3 arat\u00e1skor, \u00e9s megszabad\u00edt a szolgas\u00e1gt\u00f3l, mert leveszi a terhet \u00e9s elt\u00f6ri a fel\u00fcgyel\u0151k botj\u00e1t. Az\u00e9rt teheti meg, mert a v\u00e1ll\u00e1n hatalom van, isteni er\u0151t hordoz, s \u0151 a b\u00e9ke fejedelme. Krisztus val\u00f3ban meghozta a hit vil\u00e1goss\u00e1g\u00e1t, a szeretet \u00f6r\u00f6m\u00e9t, \u00e9s kiszabad\u00edtott a b\u0171n szolgas\u00e1g\u00e1b\u00f3l. V\u00c1LASZOS ZSOLT\u00c1R 95, 1-2a. 2b-3. 11-12. 13 V\u00e1lasz: Ma sz\u00fcletett a Megv\u00e1lt\u00f3nk, * \u00a0\u00a0\u00a0\u00a0\u00a0\u00a0\u00a0\u00a0\u00a0\u00a0\u00a0\u00a0\u00a0 az \u00dar J\u00e9zus Krisztus. Lk 2, 11. SZENTLECKE Tit 2, 11-14 A sz\u00f6vegben benne van az apostoli egyh\u00e1z tapasztal\u00e1sa: Kiv\u00e9tel n\u00e9lk\u00fcl minden ember sz\u00e1m\u00e1ra megjelent az \u00fcdv\u00f6z\u00edt\u00e9s kegyelme Krisztusban, s ez megk\u00f6veteli a b\u0171nnel val\u00f3 szak\u00edt\u00e1st, \u00e9s \u00e9rtelmet ad az \u00e9letnek. Rem\u00e9nnyel v\u00e1rhatjuk az Urunkkal val\u00f3 tal\u00e1lkoz\u00e1st, ha j\u00f3tettekben t\u00f6lt\u00f6tt\u00fck el \u00e9let\u00fcnk idej\u00e9t. EVANG\u00c9LIUM Lk 2, 1-14 J\u00e9zus sz\u00fclet\u00e9se az \u00fcdvt\u00f6rt\u00e9net kimagasl\u00f3 esem\u00e9nye. A R\u00f3mai Birodalom el\u0151k\u00e9sz\u00edtette a term\u00e9szetes keretet a Megv\u00e1lt\u00f3 e j\u00f6vetel\u00e9hez. A kinyilatkoztat\u00e1st azok kapj\u00e1k, akik \u00c1brah\u00e1m egyszer\u0171 hit\u00e9ben \u00e9lnek, \u00e9s k\u00e9szek a felh\u00edv\u00e1snak engedelmeskedni. Isten kinyilv\u00e1n\u00edtotta v\u00e9gs\u0151 terv\u00e9t. az embernek az \u0151 dics\u0151s\u00e9g\u00e9t kell szolg\u00e1lnia, s ugyanakkor az ember sz\u00e1m\u00e1ra ez lesz a b\u00e9ke biztos\u00edt\u00e9ka. A b\u00e9ke els\u0151sorban lelki \u00e1llapot, amit a j\u00f3akarat\u00fa emberek tapasztalnak meg. &nbsp; P\u00e1sztorok mis\u00e9je &nbsp; OLVASM\u00c1NY Iz 62, 11-12 Az \u00fczenet Sion le\u00e1ny\u00e1nak, vagyis Jeruzs\u00e1lem lak\u00f3inak sz\u00f3l: a fogs\u00e1g megsz\u0171nik, Isten felkarolja \u00fajra n\u00e9p\u00e9t. De a babiloni fogs\u00e1gb\u00f3l val\u00f3 szabadul\u00e1s egy v\u00e9gleges nagy esem\u00e9ny el\u0151k\u00e9pe. Az ilyen kifejez\u00e9sek, hogy ,,szent n\u00e9pnek&#8221;, ,,az \u00dar megv\u00e1ltottjainak&#8221; h\u00edvj\u00e1k \u0151ket, mutatj\u00e1k, hogy a pr\u00f3f\u00e9ta egy m\u00e1sik, lelki szabadul\u00e1sra gondol. V\u00c1LASZOS ZSOLT\u00c1R 96, 1 \u00e9s 6, 11-12 V\u00e1lasz: F\u00e9nyess\u00e9g ragyog ma f\u00f6l\u00f6tt\u00fcnk, + \u00a0\u00a0\u00a0\u00a0\u00a0\u00a0\u00a0\u00a0\u00a0\u00a0\u00a0\u00a0 \u00a0mert megsz\u00fcletett Urunk, J\u00e9zus Krisztus. SZENTLECKE Tit 3, 4-7 J\u00e9zusban Isten j\u00f3s\u00e1ga \u00e9s emberszeretete jelent meg. Ennek kell tulajdon\u00edtani megv\u00e1lt\u00e1sunkat \u00e9s megigazul\u00e1sunkat, nem pedig... R\u00e9szletek","og_url":"https:\/\/stuttgarti-katolikusok.de\/index.php\/advent-4-vasarnapja-karacsony-unnepe\/","og_site_name":"Stuttgarti Katolikusok","article_published_time":"2018-12-22T07:03:11+00:00","article_modified_time":"2020-04-27T08:57:50+00:00","author":"Tibor atya","twitter_card":"summary_large_image","twitter_misc":{"Szerz\u0151:":"Tibor atya","Becs\u00fclt olvas\u00e1si id\u0151":"5 perc"},"schema":{"@context":"https:\/\/schema.org","@graph":[{"@type":"Article","@id":"https:\/\/stuttgarti-katolikusok.de\/index.php\/advent-4-vasarnapja-karacsony-unnepe\/#article","isPartOf":{"@id":"https:\/\/stuttgarti-katolikusok.de\/index.php\/advent-4-vasarnapja-karacsony-unnepe\/"},"author":{"name":"Tibor atya","@id":"https:\/\/stuttgarti-katolikusok.de\/#\/schema\/person\/75908d6f8fdc03a57889d27209df7795"},"headline":"Kar\u00e1csony \u00fcnnepe","datePublished":"2018-12-22T07:03:11+00:00","dateModified":"2020-04-27T08:57:50+00:00","mainEntityOfPage":{"@id":"https:\/\/stuttgarti-katolikusok.de\/index.php\/advent-4-vasarnapja-karacsony-unnepe\/"},"wordCount":1025,"articleSection":["Vas\u00e1rnapi gondolatok"],"inLanguage":"hu"},{"@type":"WebPage","@id":"https:\/\/stuttgarti-katolikusok.de\/index.php\/advent-4-vasarnapja-karacsony-unnepe\/","url":"https:\/\/stuttgarti-katolikusok.de\/index.php\/advent-4-vasarnapja-karacsony-unnepe\/","name":"Kar\u00e1csony \u00fcnnepe - Stuttgarti Katolikusok","isPartOf":{"@id":"https:\/\/stuttgarti-katolikusok.de\/#website"},"datePublished":"2018-12-22T07:03:11+00:00","dateModified":"2020-04-27T08:57:50+00:00","author":{"@id":"https:\/\/stuttgarti-katolikusok.de\/#\/schema\/person\/75908d6f8fdc03a57889d27209df7795"},"breadcrumb":{"@id":"https:\/\/stuttgarti-katolikusok.de\/index.php\/advent-4-vasarnapja-karacsony-unnepe\/#breadcrumb"},"inLanguage":"hu","potentialAction":[{"@type":"ReadAction","target":["https:\/\/stuttgarti-katolikusok.de\/index.php\/advent-4-vasarnapja-karacsony-unnepe\/"]}]},{"@type":"BreadcrumbList","@id":"https:\/\/stuttgarti-katolikusok.de\/index.php\/advent-4-vasarnapja-karacsony-unnepe\/#breadcrumb","itemListElement":[{"@type":"ListItem","position":1,"name":"Kezd\u0151lap","item":"https:\/\/stuttgarti-katolikusok.de\/"},{"@type":"ListItem","position":2,"name":"Kar\u00e1csony \u00fcnnepe"}]},{"@type":"WebSite","@id":"https:\/\/stuttgarti-katolikusok.de\/#website","url":"https:\/\/stuttgarti-katolikusok.de\/","name":"Stuttgarti Katolikusok","description":"","potentialAction":[{"@type":"SearchAction","target":{"@type":"EntryPoint","urlTemplate":"https:\/\/stuttgarti-katolikusok.de\/?s={search_term_string}"},"query-input":{"@type":"PropertyValueSpecification","valueRequired":true,"valueName":"search_term_string"}}],"inLanguage":"hu"},{"@type":"Person","@id":"https:\/\/stuttgarti-katolikusok.de\/#\/schema\/person\/75908d6f8fdc03a57889d27209df7795","name":"Tibor atya","image":{"@type":"ImageObject","inLanguage":"hu","@id":"https:\/\/secure.gravatar.com\/avatar\/61d268e57d1f4525b111222e29d2d5a7f8c420fdbf231ba5566a8ceac74fa960?s=96&d=mm&r=g","url":"https:\/\/secure.gravatar.com\/avatar\/61d268e57d1f4525b111222e29d2d5a7f8c420fdbf231ba5566a8ceac74fa960?s=96&d=mm&r=g","contentUrl":"https:\/\/secure.gravatar.com\/avatar\/61d268e57d1f4525b111222e29d2d5a7f8c420fdbf231ba5566a8ceac74fa960?s=96&d=mm&r=g","caption":"Tibor atya"},"url":"https:\/\/stuttgarti-katolikusok.de\/index.php\/author\/tibor-atya\/"}]}},"_links":{"self":[{"href":"https:\/\/stuttgarti-katolikusok.de\/index.php\/wp-json\/wp\/v2\/posts\/15674","targetHints":{"allow":["GET"]}}],"collection":[{"href":"https:\/\/stuttgarti-katolikusok.de\/index.php\/wp-json\/wp\/v2\/posts"}],"about":[{"href":"https:\/\/stuttgarti-katolikusok.de\/index.php\/wp-json\/wp\/v2\/types\/post"}],"author":[{"embeddable":true,"href":"https:\/\/stuttgarti-katolikusok.de\/index.php\/wp-json\/wp\/v2\/users\/3"}],"replies":[{"embeddable":true,"href":"https:\/\/stuttgarti-katolikusok.de\/index.php\/wp-json\/wp\/v2\/comments?post=15674"}],"version-history":[{"count":2,"href":"https:\/\/stuttgarti-katolikusok.de\/index.php\/wp-json\/wp\/v2\/posts\/15674\/revisions"}],"predecessor-version":[{"id":15735,"href":"https:\/\/stuttgarti-katolikusok.de\/index.php\/wp-json\/wp\/v2\/posts\/15674\/revisions\/15735"}],"wp:attachment":[{"href":"https:\/\/stuttgarti-katolikusok.de\/index.php\/wp-json\/wp\/v2\/media?parent=15674"}],"wp:term":[{"taxonomy":"category","embeddable":true,"href":"https:\/\/stuttgarti-katolikusok.de\/index.php\/wp-json\/wp\/v2\/categories?post=15674"},{"taxonomy":"post_tag","embeddable":true,"href":"https:\/\/stuttgarti-katolikusok.de\/index.php\/wp-json\/wp\/v2\/tags?post=15674"}],"curies":[{"name":"wp","href":"https:\/\/api.w.org\/{rel}","templated":true}]}}