{"id":15590,"date":"2018-12-12T15:52:48","date_gmt":"2018-12-12T15:52:48","guid":{"rendered":"https:\/\/gracious-dewdney.138-201-221-2.plesk.page\/?p=15590"},"modified":"2018-12-12T15:52:48","modified_gmt":"2018-12-12T15:52:48","slug":"advent-3-hete","status":"publish","type":"post","link":"https:\/\/stuttgarti-katolikusok.de\/index.php\/advent-3-hete\/","title":{"rendered":"Advent 3. hete"},"content":{"rendered":"<ol start=\"2018\">\n<li>december 16.<\/li>\n<\/ol>\n<p>ADVENT 3. VAS\u00c1RNAPJA<\/p>\n<p>A kereszt\u00e9nys\u00e9g az \u00f6r\u00f6m vall\u00e1sa. Kit\u0171nik ez abb\u00f3l is, hogy m\u00e9g a k\u00e9t b\u0171nb\u00e1nati id\u0151ben (Adventben \u00e9s Nagy-b\u00f6jtben) is egy-egy vas\u00e1rnapot az \u00f6r\u00f6mnek szentel. Ilyen a mai nap is. Egyh\u00e1zunk p\u00e9ld\u00e1ja szerint haszn\u00e1ljuk fel mi is az igazi \u00f6r\u00f6mnek, az Istennel val\u00f3 tal\u00e1lkoz\u00e1snak sok \u00e9s k\u00fcl\u00f6nf\u00e9le alkalm\u00e1t. Ilyenek p\u00e9ld\u00e1ul: az im\u00e1ds\u00e1g csendje, a k\u00f6z\u00f6ss\u00e9gben gyakorolt szeretet \u00e9s a j\u00f3cselekedetek felett \u00e9rzett \u00f6r\u00f6m.<\/p>\n<p><strong>KEZD\u0150\u00c9NEK<\/strong>\u00a0\u00a0 \u00a0\u00a0\u00a0\u00a0\u00a0\u00a0\u00a0\u00a0\u00a0\u00a0\u00a0\u00a0\u00a0\u00a0\u00a0\u00a0\u00a0\u00a0\u00a0\u00a0\u00a0\u00a0\u00a0\u00a0\u00a0\u00a0\u00a0\u00a0\u00a0\u00a0\u00a0\u00a0\u00a0\u00a0\u00a0\u00a0\u00a0\u00a0\u00a0\u00a0\u00a0\u00a0\u00a0\u00a0\u00a0\u00a0\u00a0\u00a0\u00a0\u00a0\u00a0\u00a0<em>Fil 4, 4\u20135<\/em><\/p>\n<p>\u00d6r\u00fcljetek az \u00darban sz\u00fcntelen\u00fcl: \u00fajra csak azt mondom, \u00f6r\u00fcljetek, az \u00dar k\u00f6zel van!<\/p>\n<p><strong>OLVASM\u00c1NY<\/strong>\u00a0\u00a0\u00a0\u00a0\u00a0\u00a0\u00a0\u00a0\u00a0\u00a0\u00a0\u00a0\u00a0\u00a0\u00a0\u00a0\u00a0\u00a0\u00a0\u00a0\u00a0\u00a0\u00a0\u00a0\u00a0\u00a0\u00a0\u00a0\u00a0\u00a0\u00a0\u00a0\u00a0\u00a0\u00a0\u00a0\u00a0\u00a0\u00a0\u00a0\u00a0\u00a0\u00a0\u00a0\u00a0\u00a0\u00a0\u00a0\u00a0\u00a0\u00a0 <em>Szof 3, 14\u201318a<\/em><\/p>\n<p>Egy\u00e9ni \u00e9s k\u00f6z\u00f6ss\u00e9gi \u00e9let\u00fcnkben nemegyszer let\u00e9r\u00fcnk az Isten \u00fatj\u00e1r\u00f3l. Sz\u00fcks\u00e9g\u00fcnk van \u00fcdv\u00f6s figyelmeztet\u00e9sre \u00e9s meg\u00e9rdemelj\u00fck a feny\u00edt\u00e9st is. A h\u00edv\u0151 ember komolyan veszi az \u00dar szav\u00e1t \u00e9s k\u00e9sz a megt\u00e9r\u00e9sre. Tudja, hogy ennek nyom\u00e1ban lelk\u00e9t vigasztal\u00e1s \u00e9s \u00f6r\u00f6m t\u00f6lti el.<\/p>\n<p><strong>V\u00c1LASZOS ZSOLT\u00c1R<\/strong> \u00a0\u00a0\u00a0\u00a0\u00a0\u00a0\u00a0\u00a0\u00a0\u00a0\u00a0\u00a0\u00a0\u00a0\u00a0\u00a0\u00a0\u00a0\u00a0\u00a0\u00a0\u00a0<em>Iz 12, 2<\/em><em>\u20133. 4bcd. 5\u20136 <\/em><\/p>\n<p><strong>V\u00e1lasz: Ujjong \u00e9s z<u>e<\/u>ngj\u00e9l h\u00e1ladalt, * <\/strong><\/p>\n<p><strong>\u00a0\u00a0\u00a0\u00a0\u00a0\u00a0\u00a0\u00a0\u00a0\u00a0\u00a0\u00a0\u00a0 mert nagy \u00e9s szent a te Megv\u00e1lt<u>\u00f3<\/u>d.<\/strong><\/p>\n<p><strong>SZENTLECKE<\/strong>\u00a0\u00a0 \u00a0\u00a0\u00a0\u00a0\u00a0\u00a0\u00a0\u00a0\u00a0\u00a0\u00a0\u00a0\u00a0\u00a0\u00a0\u00a0\u00a0\u00a0\u00a0\u00a0\u00a0\u00a0\u00a0\u00a0\u00a0\u00a0\u00a0\u00a0\u00a0\u00a0\u00a0\u00a0\u00a0\u00a0\u00a0\u00a0\u00a0\u00a0\u00a0\u00a0\u00a0\u00a0\u00a0\u00a0\u00a0\u00a0\u00a0\u00a0\u00a0\u00a0\u00a0<em>Fil 4 ,4<\/em><em>\u20137<\/em><\/p>\n<p>J\u00e9zus meg\u00edg\u00e9rte, hogy Egyh\u00e1z\u00e1ban egy\u00fctt lesz \u00f6v\u00e9ivel a vil\u00e1g v\u00e9g\u00e9ig. A vele val\u00f3 tal\u00e1lkoz\u00e1s lelki b\u00e9k\u00e9t \u00e9s meg-nyugv\u00e1st ad nek\u00fcnk. Haszn\u00e1ljuk ki az alkalmat arra is, hogy bizalommal el\u00e9je terjesztj\u00fck k\u00e9r\u00e9seinket. Hiszen \u0151 a kegyelem \u00e9s az \u00fcdv\u00f6ss\u00e9g forr\u00e1sa.<\/p>\n<p><strong>ALLELUJA<\/strong>\u00a0\u00a0\u00a0\u00a0\u00a0\u00a0\u00a0\u00a0\u00a0\u00a0\u00a0\u00a0\u00a0\u00a0\u00a0\u00a0\u00a0\u00a0\u00a0\u00a0\u00a0\u00a0\u00a0\u00a0\u00a0\u00a0\u00a0\u00a0\u00a0\u00a0\u00a0\u00a0\u00a0\u00a0\u00a0\u00a0\u00a0\u00a0\u00a0\u00a0\u00a0\u00a0\u00a0\u00a0\u00a0\u00a0\u00a0\u00a0\u00a0\u00a0\u00a0\u00a0\u00a0\u00a0\u00a0\u00a0\u00a0\u00a0\u00a0\u00a0\u00a0\u00a0\u00a0\u00a0\u00a0\u00a0\u00a0\u00a0\u00a0\u00a0\u00a0 <em>Iz 61, 1<\/em><\/p>\n<p>Az \u00dar lelke van rajtam * elk\u00fcld\u00f6tt, hogy a szeg\u00e9nyeknek \u00f6r\u00f6mh\u00edrt vigyek.<\/p>\n<p><strong>EVANG\u00c9LIUM<\/strong> \u00a0\u00a0\u00a0\u00a0\u00a0\u00a0\u00a0\u00a0\u00a0\u00a0\u00a0\u00a0\u00a0\u00a0\u00a0\u00a0\u00a0\u00a0\u00a0\u00a0\u00a0\u00a0\u00a0\u00a0\u00a0\u00a0\u00a0\u00a0\u00a0\u00a0\u00a0\u00a0\u00a0\u00a0\u00a0\u00a0\u00a0\u00a0\u00a0\u00a0\u00a0\u00a0\u00a0\u00a0\u00a0\u00a0\u00a0\u00a0<em>Lk 3, 10\u201318<\/em><\/p>\n<p>Keresztel\u0151 Szent J\u00e1nos b\u0171nb\u00e1natra \u00e9s megt\u00e9r\u00e9sre h\u00edvja fel a n\u00e9p figyelm\u00e9t. Ez teremti meg ugyanis a kiengesz-tel\u0151d\u00e9st Istennel \u00e9s az emberekkel. Lelki meg\u00fajul\u00e1sunknak azonban tettekben is meg kell mutatkoznia: mindenben igyekezz\u00fcnk teljes\u00edteni Isten akarat\u00e1t, felebar\u00e1taink ir\u00e1nt pedig legyen meg benn\u00fcnk az \u0151szinte j\u00f3akarat \u00e9s szeretet.<\/p>\n<p><strong>R\u00d6VID FOH\u00c1SZOK<\/strong><\/p>\n<p>Neveld, Urunk, j\u00f3s\u00e1gra n\u00e9pedet, \u00e9s engedd, hogy h\u00edveid j\u00f3s\u00e1g\u00e1t megismerje minden ember! * Add, hogy Szent-aty\u00e1nk, Ferenc p\u00e1pa \u00e9s p\u00fcsp\u00f6keink a t\u00e1rsadalmi igazs\u00e1goss\u00e1g \u00e9s szeretet lankadatlan hirdet\u0151i legyenek! * \u00c9breszd fel a vil\u00e1g n\u00e9peiben a testv\u00e9ri egybetartoz\u00e1s tudat\u00e1t \u00e9s a seg\u00edt\u0151 szeretetet! * Add, hogy szeress\u00fck az igazs\u00e1got, \u00e9s tartsuk tiszteletben embert\u00e1rsaink jogait! * Adj b\u00e1tors\u00e1got a f\u00e9l\u00e9nkeknek, gy\u00f3gyul\u00e1st a betegeknek, vigasztal\u00e1st a szomor\u00faaknak! * Tiszt\u00edsd meg sz\u00edv\u00fcnket a Szentl\u00e9lek t\u00fcz\u00e9vel, hogy j\u00f3l el\u0151k\u00e9sz\u00fclj\u00fcnk a k\u00f6zelg\u0151 \u00fcnnepekre!<\/p>\n<p><strong>AZ EUCHARISZTI\u00c1HOZ<\/strong><\/p>\n<p>Az Euchariszti\u00e1ban k\u00f6zel van hozz\u00e1nk az \u00dar. Az \u0151 titokzatos jelenl\u00e9te szeretetre ind\u00edt minket Isten \u00e9s embert\u00e1r-saink ir\u00e1nt.<\/p>\n<p><strong>\u00c1LDOZ\u00c1SI \u00c9NEK<\/strong>\u00a0\u00a0\u00a0\u00a0\u00a0\u00a0\u00a0\u00a0\u00a0\u00a0\u00a0\u00a0\u00a0\u00a0\u00a0\u00a0\u00a0\u00a0\u00a0\u00a0\u00a0\u00a0\u00a0\u00a0\u00a0\u00a0\u00a0\u00a0\u00a0\u00a0 <em>\u00a0\u00a0\u00a0\u00a0\u00a0\u00a0\u00a0\u00a0\u00a0\u00a0\u00a0\u00a0\u00a0\u00a0\u00a0\u00a0\u00a0\u00a0V\u00f6. Iz 35, 4 <\/em><\/p>\n<p>Mondj\u00e1tok a cs\u00fcggedt sz\u00edv\u0171eknek: B\u00e1tors\u00e1g! Ne f\u00e9ljetek! N\u00e9zz\u00e9tek, elj\u00f6n a mi Isten\u00fcnk, hogy szabadul\u00e1st hozzon nek\u00fcnk.<\/p>\n<p><strong>ELM\u00c9LKED\u00c9S <\/strong>\u00a0\u00a0\u00a0\u00a0\u00a0\u00a0\u00a0\u00a0\u00a0\u00a0\u00a0\u00a0\u00a0\u00a0\u00a0<em>IM\u00c1DS\u00c1G TAN\u00daS\u00c1GT\u00c9TEL\u00c9RT<\/em><\/p>\n<p>Tan\u00edts meg engem, Uram, hogy mindig dics\u0151s\u00e9gedet, igazs\u00e1godat \u00e9s akaratodat hirdessem. Ne csak pr\u00e9dik\u00e1ci-\u00f3kkal, ne csak szavakkal, hanem p\u00e9ld\u00e1mmal is, annak titokzatos erej\u00e9vel \u00e9s megnyer\u0151 hat\u00e1s\u00e1val, amit teszek. Add, hogy az \u00e9letszents\u00e9g \u00e1ltal l\u00e1ss\u00e1k meg rajtam az emberek, hogy hozz\u00e1d hasonl\u00edtok \u00e9s t\u00fal\u00e1rad bennem a szeretet, amely sz\u00edvemet fel\u00e9d ragadja.\u00a0\u00a0\u00a0\u00a0\u00a0\u00a0\u00a0\u00a0\u00a0\u00a0\u00a0\u00a0\u00a0\u00a0\u00a0\u00a0 <em>John Henry Newman<\/em><\/p>\n<p>GAUDETE = \u00d6RVENDJETEK<\/p>\n<p>Az adventi \u00f6r\u00f6m vas\u00e1rnapja a mai (Gaudete in Domino, v\u00f6. Fil 4, 4\u20136). E napon szabad r\u00f3zsasz\u00ednben mondani a szentmis\u00e9t, \u00e9s sz\u00f3lhat az orgona is. Az Anyaszent-egyh\u00e1z, mint j\u00f3 any\u00e1nk, ezzel enyh\u00edti a szent id\u0151 szigor\u00fas\u00e1g\u00e1t, \u00e9s a rem\u00e9nyt t\u00e1pl\u00e1lja benn\u00fcnk. Az \u00f6r\u00f6m forr\u00e1sa ugyanis nem m\u00e1s, mint ez: \u201eaz \u00dar k\u00f6zel van hozz\u00e1nk!\u201d Az \u00dar k\u00f6zels\u00e9g\u00e9nek \u00f6r\u00f6me nyugodt, agg\u00f3-d\u00e1smentes bizodalmat, sz\u00edvbeli b\u00e9k\u00e9t \u00e9s der\u0171t k\u00f6z\u00f6l. Ez \u0151rzi meg a vil\u00e1g sok baja \u00e9s vesz\u00e9lye k\u00f6zt a kereszt\u00e9nyt az \u00e9let nagy Adventj\u00e9ben, Krisztus elj\u00f6vetel\u00e9nek nap-j\u00e1ig. Akkor tudjuk csak igaz\u00e1n felfogni Isten szeretet\u00e9t, ha \u00e1t\u00e9lj\u00fck, hogy az eg\u00e9sz vil\u00e1g Ura az, aki elj\u00f6tt meg-ment\u00e9s\u00fcnkre. A k\u00f6zeled\u0151 Kar\u00e1csony v\u00e1rakoz\u00e1s\u00e1ban im\u00e1ds\u00e1ggal virrasz-szunk!<\/p>\n<p>AZ ADVENTI ID\u0150 A BENS\u0150S\u00c9GES \u00c9S \u00d6RVENDEZ\u0150 V\u00c1RAKOZ\u00c1S IDEJE.<\/p>\n<p>BOLDOGG\u00c1 AVATTAK<\/p>\n<p>TIZENKILENC V\u00c9RTAN\u00daT ALG\u00c9RI\u00c1BAN<\/p>\n<p>December 8-\u00e1n, Szepl\u0151telen Fogantat\u00e1s \u00fcnnep\u00e9n az alg\u00e9riai Oran v\u00e1rosa Miasszonyunk sz\u00e9kesegyh\u00e1z\u00e1ban bol-dogg\u00e1 avattak tizenkilenc v\u00e9rtan\u00fat \u2013 Pierre Claverie p\u00fcsp\u00f6k\u00f6t, h\u00e9t trappista szerzetest, tizenegy tov\u00e1bbi szerzetesn\u0151t \u00e9s szerzetest \u2013, akiket a kereszt\u00e9ny hit elleni gy\u0171l\u00f6letb\u0151l \u00f6ltek meg. A boldogg\u00e1 avatott v\u00e9rtan\u00fak \u2013 akik a kilencvenes \u00e9vekben puszt\u00edt\u00f3 polg\u00e1rh\u00e1bor\u00faban haltak m\u00e1rt\u00edrhal\u00e1lt Alg\u00e9ri\u00e1ban \u2013 az evang\u00e9lium h\u0171s\u00e9ges hirdet\u0151i voltak, a b\u00e9ke \u00e9p\u00edt\u0151mesterei, a kereszt\u00e9ny szeretet h\u0151sies tan\u00fas\u00e1gtev\u0151i, k\u00f6zt\u00fck egy p\u00fcsp\u00f6k, papok, szerzetesek \u00e9s szerzetesn\u0151k. B\u00e1tor tan\u00fas\u00e1gt\u00e9tel\u00fck rem\u00e9nys\u00e9g forr\u00e1sa az alg\u00e9riai katolikus k\u00f6z\u00f6ss\u00e9g sz\u00e1m\u00e1ra \u00e9s az eg\u00e9sz t\u00e1rsadalommal val\u00f3 p\u00e1rbesz\u00e9d magja. [\u2026]\n<p><em>Forr\u00e1s: Vatik\u00e1ni R\u00e1di\u00f3 \/ Magyar Kur\u00edr<\/em><\/p>\n","protected":false},"excerpt":{"rendered":"<p>december 16. ADVENT 3. VAS\u00c1RNAPJA A kereszt\u00e9nys\u00e9g az \u00f6r\u00f6m vall\u00e1sa. Kit\u0171nik ez abb\u00f3l is, hogy m\u00e9g a k\u00e9t b\u0171nb\u00e1nati id\u0151ben (Adventben \u00e9s Nagy-b\u00f6jtben) is egy-egy vas\u00e1rnapot az \u00f6r\u00f6mnek szentel. Ilyen a mai nap is. Egyh\u00e1zunk p\u00e9ld\u00e1ja szerint haszn\u00e1ljuk fel mi is az igazi \u00f6r\u00f6mnek, az Istennel val\u00f3 tal\u00e1lkoz\u00e1snak sok \u00e9s k\u00fcl\u00f6nf\u00e9le alkalm\u00e1t. Ilyenek p\u00e9ld\u00e1ul: az im\u00e1ds\u00e1g csendje, a k\u00f6z\u00f6ss\u00e9gben gyakorolt szeretet \u00e9s a j\u00f3cselekedetek felett \u00e9rzett \u00f6r\u00f6m. KEZD\u0150\u00c9NEK\u00a0\u00a0 \u00a0\u00a0\u00a0\u00a0\u00a0\u00a0\u00a0\u00a0\u00a0\u00a0\u00a0\u00a0\u00a0\u00a0\u00a0\u00a0\u00a0\u00a0\u00a0\u00a0\u00a0\u00a0\u00a0\u00a0\u00a0\u00a0\u00a0\u00a0\u00a0\u00a0\u00a0\u00a0\u00a0\u00a0\u00a0\u00a0\u00a0\u00a0\u00a0\u00a0\u00a0\u00a0\u00a0\u00a0\u00a0\u00a0\u00a0\u00a0\u00a0\u00a0\u00a0\u00a0Fil 4, 4\u20135 \u00d6r\u00fcljetek az \u00darban sz\u00fcntelen\u00fcl: \u00fajra csak azt mondom, \u00f6r\u00fcljetek, az \u00dar k\u00f6zel van! OLVASM\u00c1NY\u00a0\u00a0\u00a0\u00a0\u00a0\u00a0\u00a0\u00a0\u00a0\u00a0\u00a0\u00a0\u00a0\u00a0\u00a0\u00a0\u00a0\u00a0\u00a0\u00a0\u00a0\u00a0\u00a0\u00a0\u00a0\u00a0\u00a0\u00a0\u00a0\u00a0\u00a0\u00a0\u00a0\u00a0\u00a0\u00a0\u00a0\u00a0\u00a0\u00a0\u00a0\u00a0\u00a0\u00a0\u00a0\u00a0\u00a0\u00a0\u00a0\u00a0\u00a0 Szof 3, 14\u201318a Egy\u00e9ni \u00e9s k\u00f6z\u00f6ss\u00e9gi \u00e9let\u00fcnkben nemegyszer let\u00e9r\u00fcnk az Isten \u00fatj\u00e1r\u00f3l. Sz\u00fcks\u00e9g\u00fcnk van \u00fcdv\u00f6s figyelmeztet\u00e9sre \u00e9s meg\u00e9rdemelj\u00fck a feny\u00edt\u00e9st is. A h\u00edv\u0151 ember komolyan veszi az \u00dar szav\u00e1t \u00e9s k\u00e9sz a megt\u00e9r\u00e9sre. Tudja, hogy ennek nyom\u00e1ban lelk\u00e9t vigasztal\u00e1s \u00e9s \u00f6r\u00f6m t\u00f6lti el. V\u00c1LASZOS ZSOLT\u00c1R \u00a0\u00a0\u00a0\u00a0\u00a0\u00a0\u00a0\u00a0\u00a0\u00a0\u00a0\u00a0\u00a0\u00a0\u00a0\u00a0\u00a0\u00a0\u00a0\u00a0\u00a0\u00a0Iz 12, 2\u20133. 4bcd. 5\u20136 V\u00e1lasz: Ujjong \u00e9s zengj\u00e9l h\u00e1ladalt, * \u00a0\u00a0\u00a0\u00a0\u00a0\u00a0\u00a0\u00a0\u00a0\u00a0\u00a0\u00a0\u00a0 mert nagy \u00e9s szent a te Megv\u00e1lt\u00f3d. SZENTLECKE\u00a0\u00a0 \u00a0\u00a0\u00a0\u00a0\u00a0\u00a0\u00a0\u00a0\u00a0\u00a0\u00a0\u00a0\u00a0\u00a0\u00a0\u00a0\u00a0\u00a0\u00a0\u00a0\u00a0\u00a0\u00a0\u00a0\u00a0\u00a0\u00a0\u00a0\u00a0\u00a0\u00a0\u00a0\u00a0\u00a0\u00a0\u00a0\u00a0\u00a0\u00a0\u00a0\u00a0\u00a0\u00a0\u00a0\u00a0\u00a0\u00a0\u00a0\u00a0\u00a0\u00a0Fil 4 ,4\u20137 J\u00e9zus meg\u00edg\u00e9rte, hogy Egyh\u00e1z\u00e1ban egy\u00fctt lesz \u00f6v\u00e9ivel a vil\u00e1g v\u00e9g\u00e9ig. A vele val\u00f3 tal\u00e1lkoz\u00e1s lelki b\u00e9k\u00e9t \u00e9s meg-nyugv\u00e1st ad nek\u00fcnk. Haszn\u00e1ljuk ki az alkalmat arra is, hogy bizalommal el\u00e9je terjesztj\u00fck k\u00e9r\u00e9seinket. Hiszen \u0151 a kegyelem \u00e9s az \u00fcdv\u00f6ss\u00e9g forr\u00e1sa. ALLELUJA\u00a0\u00a0\u00a0\u00a0\u00a0\u00a0\u00a0\u00a0\u00a0\u00a0\u00a0\u00a0\u00a0\u00a0\u00a0\u00a0\u00a0\u00a0\u00a0\u00a0\u00a0\u00a0\u00a0\u00a0\u00a0\u00a0\u00a0\u00a0\u00a0\u00a0\u00a0\u00a0\u00a0\u00a0\u00a0\u00a0\u00a0\u00a0\u00a0\u00a0\u00a0\u00a0\u00a0\u00a0\u00a0\u00a0\u00a0\u00a0\u00a0\u00a0\u00a0\u00a0\u00a0\u00a0\u00a0\u00a0\u00a0\u00a0\u00a0\u00a0\u00a0\u00a0\u00a0\u00a0\u00a0\u00a0\u00a0\u00a0\u00a0\u00a0\u00a0 Iz 61, 1 Az \u00dar lelke van rajtam * elk\u00fcld\u00f6tt, hogy a szeg\u00e9nyeknek \u00f6r\u00f6mh\u00edrt vigyek. EVANG\u00c9LIUM \u00a0\u00a0\u00a0\u00a0\u00a0\u00a0\u00a0\u00a0\u00a0\u00a0\u00a0\u00a0\u00a0\u00a0\u00a0\u00a0\u00a0\u00a0\u00a0\u00a0\u00a0\u00a0\u00a0\u00a0\u00a0\u00a0\u00a0\u00a0\u00a0\u00a0\u00a0\u00a0\u00a0\u00a0\u00a0\u00a0\u00a0\u00a0\u00a0\u00a0\u00a0\u00a0\u00a0\u00a0\u00a0\u00a0\u00a0\u00a0Lk 3, 10\u201318 Keresztel\u0151 Szent J\u00e1nos b\u0171nb\u00e1natra \u00e9s megt\u00e9r\u00e9sre h\u00edvja fel a n\u00e9p figyelm\u00e9t. Ez teremti meg ugyanis a kiengesz-tel\u0151d\u00e9st Istennel \u00e9s az emberekkel. Lelki meg\u00fajul\u00e1sunknak azonban tettekben is meg kell mutatkoznia: mindenben igyekezz\u00fcnk teljes\u00edteni Isten akarat\u00e1t, felebar\u00e1taink ir\u00e1nt pedig legyen meg benn\u00fcnk az \u0151szinte j\u00f3akarat \u00e9s szeretet. R\u00d6VID FOH\u00c1SZOK Neveld, Urunk, j\u00f3s\u00e1gra n\u00e9pedet, \u00e9s engedd, hogy h\u00edveid j\u00f3s\u00e1g\u00e1t megismerje minden ember! * Add, hogy Szent-aty\u00e1nk, Ferenc p\u00e1pa \u00e9s p\u00fcsp\u00f6keink a t\u00e1rsadalmi igazs\u00e1goss\u00e1g \u00e9s szeretet lankadatlan hirdet\u0151i legyenek! * \u00c9breszd fel a vil\u00e1g n\u00e9peiben a testv\u00e9ri egybetartoz\u00e1s tudat\u00e1t \u00e9s a seg\u00edt\u0151&#8230; <\/p>\n<p><a class=\"readmore\" href=\"https:\/\/stuttgarti-katolikusok.de\/index.php\/advent-3-hete\/\">R\u00e9szletek<\/a><\/p>\n","protected":false},"author":3,"featured_media":0,"comment_status":"closed","ping_status":"closed","sticky":false,"template":"","format":"standard","meta":{"footnotes":""},"categories":[63],"tags":[],"class_list":["post-15590","post","type-post","status-publish","format-standard","hentry","category-vasarnapi-gondolatok"],"yoast_head":"<!-- This site is optimized with the Yoast SEO plugin v27.3 - https:\/\/yoast.com\/product\/yoast-seo-wordpress\/ -->\n<title>Advent 3. hete - Stuttgarti Katolikusok<\/title>\n<meta name=\"robots\" content=\"index, follow, max-snippet:-1, max-image-preview:large, max-video-preview:-1\" \/>\n<link rel=\"canonical\" href=\"https:\/\/stuttgarti-katolikusok.de\/index.php\/advent-3-hete\/\" \/>\n<meta property=\"og:locale\" content=\"hu_HU\" \/>\n<meta property=\"og:type\" content=\"article\" \/>\n<meta property=\"og:title\" content=\"Advent 3. hete - Stuttgarti Katolikusok\" \/>\n<meta property=\"og:description\" content=\"december 16. ADVENT 3. VAS\u00c1RNAPJA A kereszt\u00e9nys\u00e9g az \u00f6r\u00f6m vall\u00e1sa. Kit\u0171nik ez abb\u00f3l is, hogy m\u00e9g a k\u00e9t b\u0171nb\u00e1nati id\u0151ben (Adventben \u00e9s Nagy-b\u00f6jtben) is egy-egy vas\u00e1rnapot az \u00f6r\u00f6mnek szentel. Ilyen a mai nap is. Egyh\u00e1zunk p\u00e9ld\u00e1ja szerint haszn\u00e1ljuk fel mi is az igazi \u00f6r\u00f6mnek, az Istennel val\u00f3 tal\u00e1lkoz\u00e1snak sok \u00e9s k\u00fcl\u00f6nf\u00e9le alkalm\u00e1t. Ilyenek p\u00e9ld\u00e1ul: az im\u00e1ds\u00e1g csendje, a k\u00f6z\u00f6ss\u00e9gben gyakorolt szeretet \u00e9s a j\u00f3cselekedetek felett \u00e9rzett \u00f6r\u00f6m. KEZD\u0150\u00c9NEK\u00a0\u00a0 \u00a0\u00a0\u00a0\u00a0\u00a0\u00a0\u00a0\u00a0\u00a0\u00a0\u00a0\u00a0\u00a0\u00a0\u00a0\u00a0\u00a0\u00a0\u00a0\u00a0\u00a0\u00a0\u00a0\u00a0\u00a0\u00a0\u00a0\u00a0\u00a0\u00a0\u00a0\u00a0\u00a0\u00a0\u00a0\u00a0\u00a0\u00a0\u00a0\u00a0\u00a0\u00a0\u00a0\u00a0\u00a0\u00a0\u00a0\u00a0\u00a0\u00a0\u00a0\u00a0Fil 4, 4\u20135 \u00d6r\u00fcljetek az \u00darban sz\u00fcntelen\u00fcl: \u00fajra csak azt mondom, \u00f6r\u00fcljetek, az \u00dar k\u00f6zel van! OLVASM\u00c1NY\u00a0\u00a0\u00a0\u00a0\u00a0\u00a0\u00a0\u00a0\u00a0\u00a0\u00a0\u00a0\u00a0\u00a0\u00a0\u00a0\u00a0\u00a0\u00a0\u00a0\u00a0\u00a0\u00a0\u00a0\u00a0\u00a0\u00a0\u00a0\u00a0\u00a0\u00a0\u00a0\u00a0\u00a0\u00a0\u00a0\u00a0\u00a0\u00a0\u00a0\u00a0\u00a0\u00a0\u00a0\u00a0\u00a0\u00a0\u00a0\u00a0\u00a0\u00a0 Szof 3, 14\u201318a Egy\u00e9ni \u00e9s k\u00f6z\u00f6ss\u00e9gi \u00e9let\u00fcnkben nemegyszer let\u00e9r\u00fcnk az Isten \u00fatj\u00e1r\u00f3l. Sz\u00fcks\u00e9g\u00fcnk van \u00fcdv\u00f6s figyelmeztet\u00e9sre \u00e9s meg\u00e9rdemelj\u00fck a feny\u00edt\u00e9st is. A h\u00edv\u0151 ember komolyan veszi az \u00dar szav\u00e1t \u00e9s k\u00e9sz a megt\u00e9r\u00e9sre. Tudja, hogy ennek nyom\u00e1ban lelk\u00e9t vigasztal\u00e1s \u00e9s \u00f6r\u00f6m t\u00f6lti el. V\u00c1LASZOS ZSOLT\u00c1R \u00a0\u00a0\u00a0\u00a0\u00a0\u00a0\u00a0\u00a0\u00a0\u00a0\u00a0\u00a0\u00a0\u00a0\u00a0\u00a0\u00a0\u00a0\u00a0\u00a0\u00a0\u00a0Iz 12, 2\u20133. 4bcd. 5\u20136 V\u00e1lasz: Ujjong \u00e9s zengj\u00e9l h\u00e1ladalt, * \u00a0\u00a0\u00a0\u00a0\u00a0\u00a0\u00a0\u00a0\u00a0\u00a0\u00a0\u00a0\u00a0 mert nagy \u00e9s szent a te Megv\u00e1lt\u00f3d. SZENTLECKE\u00a0\u00a0 \u00a0\u00a0\u00a0\u00a0\u00a0\u00a0\u00a0\u00a0\u00a0\u00a0\u00a0\u00a0\u00a0\u00a0\u00a0\u00a0\u00a0\u00a0\u00a0\u00a0\u00a0\u00a0\u00a0\u00a0\u00a0\u00a0\u00a0\u00a0\u00a0\u00a0\u00a0\u00a0\u00a0\u00a0\u00a0\u00a0\u00a0\u00a0\u00a0\u00a0\u00a0\u00a0\u00a0\u00a0\u00a0\u00a0\u00a0\u00a0\u00a0\u00a0\u00a0Fil 4 ,4\u20137 J\u00e9zus meg\u00edg\u00e9rte, hogy Egyh\u00e1z\u00e1ban egy\u00fctt lesz \u00f6v\u00e9ivel a vil\u00e1g v\u00e9g\u00e9ig. A vele val\u00f3 tal\u00e1lkoz\u00e1s lelki b\u00e9k\u00e9t \u00e9s meg-nyugv\u00e1st ad nek\u00fcnk. Haszn\u00e1ljuk ki az alkalmat arra is, hogy bizalommal el\u00e9je terjesztj\u00fck k\u00e9r\u00e9seinket. Hiszen \u0151 a kegyelem \u00e9s az \u00fcdv\u00f6ss\u00e9g forr\u00e1sa. ALLELUJA\u00a0\u00a0\u00a0\u00a0\u00a0\u00a0\u00a0\u00a0\u00a0\u00a0\u00a0\u00a0\u00a0\u00a0\u00a0\u00a0\u00a0\u00a0\u00a0\u00a0\u00a0\u00a0\u00a0\u00a0\u00a0\u00a0\u00a0\u00a0\u00a0\u00a0\u00a0\u00a0\u00a0\u00a0\u00a0\u00a0\u00a0\u00a0\u00a0\u00a0\u00a0\u00a0\u00a0\u00a0\u00a0\u00a0\u00a0\u00a0\u00a0\u00a0\u00a0\u00a0\u00a0\u00a0\u00a0\u00a0\u00a0\u00a0\u00a0\u00a0\u00a0\u00a0\u00a0\u00a0\u00a0\u00a0\u00a0\u00a0\u00a0\u00a0\u00a0 Iz 61, 1 Az \u00dar lelke van rajtam * elk\u00fcld\u00f6tt, hogy a szeg\u00e9nyeknek \u00f6r\u00f6mh\u00edrt vigyek. EVANG\u00c9LIUM \u00a0\u00a0\u00a0\u00a0\u00a0\u00a0\u00a0\u00a0\u00a0\u00a0\u00a0\u00a0\u00a0\u00a0\u00a0\u00a0\u00a0\u00a0\u00a0\u00a0\u00a0\u00a0\u00a0\u00a0\u00a0\u00a0\u00a0\u00a0\u00a0\u00a0\u00a0\u00a0\u00a0\u00a0\u00a0\u00a0\u00a0\u00a0\u00a0\u00a0\u00a0\u00a0\u00a0\u00a0\u00a0\u00a0\u00a0\u00a0Lk 3, 10\u201318 Keresztel\u0151 Szent J\u00e1nos b\u0171nb\u00e1natra \u00e9s megt\u00e9r\u00e9sre h\u00edvja fel a n\u00e9p figyelm\u00e9t. Ez teremti meg ugyanis a kiengesz-tel\u0151d\u00e9st Istennel \u00e9s az emberekkel. Lelki meg\u00fajul\u00e1sunknak azonban tettekben is meg kell mutatkoznia: mindenben igyekezz\u00fcnk teljes\u00edteni Isten akarat\u00e1t, felebar\u00e1taink ir\u00e1nt pedig legyen meg benn\u00fcnk az \u0151szinte j\u00f3akarat \u00e9s szeretet. R\u00d6VID FOH\u00c1SZOK Neveld, Urunk, j\u00f3s\u00e1gra n\u00e9pedet, \u00e9s engedd, hogy h\u00edveid j\u00f3s\u00e1g\u00e1t megismerje minden ember! * Add, hogy Szent-aty\u00e1nk, Ferenc p\u00e1pa \u00e9s p\u00fcsp\u00f6keink a t\u00e1rsadalmi igazs\u00e1goss\u00e1g \u00e9s szeretet lankadatlan hirdet\u0151i legyenek! * \u00c9breszd fel a vil\u00e1g n\u00e9peiben a testv\u00e9ri egybetartoz\u00e1s tudat\u00e1t \u00e9s a seg\u00edt\u0151... R\u00e9szletek\" \/>\n<meta property=\"og:url\" content=\"https:\/\/stuttgarti-katolikusok.de\/index.php\/advent-3-hete\/\" \/>\n<meta property=\"og:site_name\" content=\"Stuttgarti Katolikusok\" \/>\n<meta property=\"article:published_time\" content=\"2018-12-12T15:52:48+00:00\" \/>\n<meta name=\"author\" content=\"Tibor atya\" \/>\n<meta name=\"twitter:card\" content=\"summary_large_image\" \/>\n<meta name=\"twitter:label1\" content=\"Szerz\u0151:\" \/>\n\t<meta name=\"twitter:data1\" content=\"Tibor atya\" \/>\n\t<meta name=\"twitter:label2\" content=\"Becs\u00fclt olvas\u00e1si id\u0151\" \/>\n\t<meta name=\"twitter:data2\" content=\"5 perc\" \/>\n<script type=\"application\/ld+json\" class=\"yoast-schema-graph\">{\"@context\":\"https:\\\/\\\/schema.org\",\"@graph\":[{\"@type\":\"Article\",\"@id\":\"https:\\\/\\\/stuttgarti-katolikusok.de\\\/index.php\\\/advent-3-hete\\\/#article\",\"isPartOf\":{\"@id\":\"https:\\\/\\\/stuttgarti-katolikusok.de\\\/index.php\\\/advent-3-hete\\\/\"},\"author\":{\"name\":\"Tibor atya\",\"@id\":\"https:\\\/\\\/stuttgarti-katolikusok.de\\\/#\\\/schema\\\/person\\\/75908d6f8fdc03a57889d27209df7795\"},\"headline\":\"Advent 3. hete\",\"datePublished\":\"2018-12-12T15:52:48+00:00\",\"mainEntityOfPage\":{\"@id\":\"https:\\\/\\\/stuttgarti-katolikusok.de\\\/index.php\\\/advent-3-hete\\\/\"},\"wordCount\":980,\"articleSection\":[\"Vas\u00e1rnapi gondolatok\"],\"inLanguage\":\"hu\"},{\"@type\":\"WebPage\",\"@id\":\"https:\\\/\\\/stuttgarti-katolikusok.de\\\/index.php\\\/advent-3-hete\\\/\",\"url\":\"https:\\\/\\\/stuttgarti-katolikusok.de\\\/index.php\\\/advent-3-hete\\\/\",\"name\":\"Advent 3. hete - Stuttgarti Katolikusok\",\"isPartOf\":{\"@id\":\"https:\\\/\\\/stuttgarti-katolikusok.de\\\/#website\"},\"datePublished\":\"2018-12-12T15:52:48+00:00\",\"author\":{\"@id\":\"https:\\\/\\\/stuttgarti-katolikusok.de\\\/#\\\/schema\\\/person\\\/75908d6f8fdc03a57889d27209df7795\"},\"breadcrumb\":{\"@id\":\"https:\\\/\\\/stuttgarti-katolikusok.de\\\/index.php\\\/advent-3-hete\\\/#breadcrumb\"},\"inLanguage\":\"hu\",\"potentialAction\":[{\"@type\":\"ReadAction\",\"target\":[\"https:\\\/\\\/stuttgarti-katolikusok.de\\\/index.php\\\/advent-3-hete\\\/\"]}]},{\"@type\":\"BreadcrumbList\",\"@id\":\"https:\\\/\\\/stuttgarti-katolikusok.de\\\/index.php\\\/advent-3-hete\\\/#breadcrumb\",\"itemListElement\":[{\"@type\":\"ListItem\",\"position\":1,\"name\":\"Kezd\u0151lap\",\"item\":\"https:\\\/\\\/stuttgarti-katolikusok.de\\\/\"},{\"@type\":\"ListItem\",\"position\":2,\"name\":\"Advent 3. hete\"}]},{\"@type\":\"WebSite\",\"@id\":\"https:\\\/\\\/stuttgarti-katolikusok.de\\\/#website\",\"url\":\"https:\\\/\\\/stuttgarti-katolikusok.de\\\/\",\"name\":\"Stuttgarti Katolikusok\",\"description\":\"\",\"potentialAction\":[{\"@type\":\"SearchAction\",\"target\":{\"@type\":\"EntryPoint\",\"urlTemplate\":\"https:\\\/\\\/stuttgarti-katolikusok.de\\\/?s={search_term_string}\"},\"query-input\":{\"@type\":\"PropertyValueSpecification\",\"valueRequired\":true,\"valueName\":\"search_term_string\"}}],\"inLanguage\":\"hu\"},{\"@type\":\"Person\",\"@id\":\"https:\\\/\\\/stuttgarti-katolikusok.de\\\/#\\\/schema\\\/person\\\/75908d6f8fdc03a57889d27209df7795\",\"name\":\"Tibor atya\",\"image\":{\"@type\":\"ImageObject\",\"inLanguage\":\"hu\",\"@id\":\"https:\\\/\\\/secure.gravatar.com\\\/avatar\\\/61d268e57d1f4525b111222e29d2d5a7f8c420fdbf231ba5566a8ceac74fa960?s=96&d=mm&r=g\",\"url\":\"https:\\\/\\\/secure.gravatar.com\\\/avatar\\\/61d268e57d1f4525b111222e29d2d5a7f8c420fdbf231ba5566a8ceac74fa960?s=96&d=mm&r=g\",\"contentUrl\":\"https:\\\/\\\/secure.gravatar.com\\\/avatar\\\/61d268e57d1f4525b111222e29d2d5a7f8c420fdbf231ba5566a8ceac74fa960?s=96&d=mm&r=g\",\"caption\":\"Tibor atya\"},\"url\":\"https:\\\/\\\/stuttgarti-katolikusok.de\\\/index.php\\\/author\\\/tibor-atya\\\/\"}]}<\/script>\n<!-- \/ Yoast SEO plugin. -->","yoast_head_json":{"title":"Advent 3. hete - Stuttgarti Katolikusok","robots":{"index":"index","follow":"follow","max-snippet":"max-snippet:-1","max-image-preview":"max-image-preview:large","max-video-preview":"max-video-preview:-1"},"canonical":"https:\/\/stuttgarti-katolikusok.de\/index.php\/advent-3-hete\/","og_locale":"hu_HU","og_type":"article","og_title":"Advent 3. hete - Stuttgarti Katolikusok","og_description":"december 16. ADVENT 3. VAS\u00c1RNAPJA A kereszt\u00e9nys\u00e9g az \u00f6r\u00f6m vall\u00e1sa. Kit\u0171nik ez abb\u00f3l is, hogy m\u00e9g a k\u00e9t b\u0171nb\u00e1nati id\u0151ben (Adventben \u00e9s Nagy-b\u00f6jtben) is egy-egy vas\u00e1rnapot az \u00f6r\u00f6mnek szentel. Ilyen a mai nap is. Egyh\u00e1zunk p\u00e9ld\u00e1ja szerint haszn\u00e1ljuk fel mi is az igazi \u00f6r\u00f6mnek, az Istennel val\u00f3 tal\u00e1lkoz\u00e1snak sok \u00e9s k\u00fcl\u00f6nf\u00e9le alkalm\u00e1t. Ilyenek p\u00e9ld\u00e1ul: az im\u00e1ds\u00e1g csendje, a k\u00f6z\u00f6ss\u00e9gben gyakorolt szeretet \u00e9s a j\u00f3cselekedetek felett \u00e9rzett \u00f6r\u00f6m. KEZD\u0150\u00c9NEK\u00a0\u00a0 \u00a0\u00a0\u00a0\u00a0\u00a0\u00a0\u00a0\u00a0\u00a0\u00a0\u00a0\u00a0\u00a0\u00a0\u00a0\u00a0\u00a0\u00a0\u00a0\u00a0\u00a0\u00a0\u00a0\u00a0\u00a0\u00a0\u00a0\u00a0\u00a0\u00a0\u00a0\u00a0\u00a0\u00a0\u00a0\u00a0\u00a0\u00a0\u00a0\u00a0\u00a0\u00a0\u00a0\u00a0\u00a0\u00a0\u00a0\u00a0\u00a0\u00a0\u00a0\u00a0Fil 4, 4\u20135 \u00d6r\u00fcljetek az \u00darban sz\u00fcntelen\u00fcl: \u00fajra csak azt mondom, \u00f6r\u00fcljetek, az \u00dar k\u00f6zel van! OLVASM\u00c1NY\u00a0\u00a0\u00a0\u00a0\u00a0\u00a0\u00a0\u00a0\u00a0\u00a0\u00a0\u00a0\u00a0\u00a0\u00a0\u00a0\u00a0\u00a0\u00a0\u00a0\u00a0\u00a0\u00a0\u00a0\u00a0\u00a0\u00a0\u00a0\u00a0\u00a0\u00a0\u00a0\u00a0\u00a0\u00a0\u00a0\u00a0\u00a0\u00a0\u00a0\u00a0\u00a0\u00a0\u00a0\u00a0\u00a0\u00a0\u00a0\u00a0\u00a0\u00a0 Szof 3, 14\u201318a Egy\u00e9ni \u00e9s k\u00f6z\u00f6ss\u00e9gi \u00e9let\u00fcnkben nemegyszer let\u00e9r\u00fcnk az Isten \u00fatj\u00e1r\u00f3l. Sz\u00fcks\u00e9g\u00fcnk van \u00fcdv\u00f6s figyelmeztet\u00e9sre \u00e9s meg\u00e9rdemelj\u00fck a feny\u00edt\u00e9st is. A h\u00edv\u0151 ember komolyan veszi az \u00dar szav\u00e1t \u00e9s k\u00e9sz a megt\u00e9r\u00e9sre. Tudja, hogy ennek nyom\u00e1ban lelk\u00e9t vigasztal\u00e1s \u00e9s \u00f6r\u00f6m t\u00f6lti el. V\u00c1LASZOS ZSOLT\u00c1R \u00a0\u00a0\u00a0\u00a0\u00a0\u00a0\u00a0\u00a0\u00a0\u00a0\u00a0\u00a0\u00a0\u00a0\u00a0\u00a0\u00a0\u00a0\u00a0\u00a0\u00a0\u00a0Iz 12, 2\u20133. 4bcd. 5\u20136 V\u00e1lasz: Ujjong \u00e9s zengj\u00e9l h\u00e1ladalt, * \u00a0\u00a0\u00a0\u00a0\u00a0\u00a0\u00a0\u00a0\u00a0\u00a0\u00a0\u00a0\u00a0 mert nagy \u00e9s szent a te Megv\u00e1lt\u00f3d. SZENTLECKE\u00a0\u00a0 \u00a0\u00a0\u00a0\u00a0\u00a0\u00a0\u00a0\u00a0\u00a0\u00a0\u00a0\u00a0\u00a0\u00a0\u00a0\u00a0\u00a0\u00a0\u00a0\u00a0\u00a0\u00a0\u00a0\u00a0\u00a0\u00a0\u00a0\u00a0\u00a0\u00a0\u00a0\u00a0\u00a0\u00a0\u00a0\u00a0\u00a0\u00a0\u00a0\u00a0\u00a0\u00a0\u00a0\u00a0\u00a0\u00a0\u00a0\u00a0\u00a0\u00a0\u00a0Fil 4 ,4\u20137 J\u00e9zus meg\u00edg\u00e9rte, hogy Egyh\u00e1z\u00e1ban egy\u00fctt lesz \u00f6v\u00e9ivel a vil\u00e1g v\u00e9g\u00e9ig. A vele val\u00f3 tal\u00e1lkoz\u00e1s lelki b\u00e9k\u00e9t \u00e9s meg-nyugv\u00e1st ad nek\u00fcnk. Haszn\u00e1ljuk ki az alkalmat arra is, hogy bizalommal el\u00e9je terjesztj\u00fck k\u00e9r\u00e9seinket. Hiszen \u0151 a kegyelem \u00e9s az \u00fcdv\u00f6ss\u00e9g forr\u00e1sa. ALLELUJA\u00a0\u00a0\u00a0\u00a0\u00a0\u00a0\u00a0\u00a0\u00a0\u00a0\u00a0\u00a0\u00a0\u00a0\u00a0\u00a0\u00a0\u00a0\u00a0\u00a0\u00a0\u00a0\u00a0\u00a0\u00a0\u00a0\u00a0\u00a0\u00a0\u00a0\u00a0\u00a0\u00a0\u00a0\u00a0\u00a0\u00a0\u00a0\u00a0\u00a0\u00a0\u00a0\u00a0\u00a0\u00a0\u00a0\u00a0\u00a0\u00a0\u00a0\u00a0\u00a0\u00a0\u00a0\u00a0\u00a0\u00a0\u00a0\u00a0\u00a0\u00a0\u00a0\u00a0\u00a0\u00a0\u00a0\u00a0\u00a0\u00a0\u00a0\u00a0 Iz 61, 1 Az \u00dar lelke van rajtam * elk\u00fcld\u00f6tt, hogy a szeg\u00e9nyeknek \u00f6r\u00f6mh\u00edrt vigyek. EVANG\u00c9LIUM \u00a0\u00a0\u00a0\u00a0\u00a0\u00a0\u00a0\u00a0\u00a0\u00a0\u00a0\u00a0\u00a0\u00a0\u00a0\u00a0\u00a0\u00a0\u00a0\u00a0\u00a0\u00a0\u00a0\u00a0\u00a0\u00a0\u00a0\u00a0\u00a0\u00a0\u00a0\u00a0\u00a0\u00a0\u00a0\u00a0\u00a0\u00a0\u00a0\u00a0\u00a0\u00a0\u00a0\u00a0\u00a0\u00a0\u00a0\u00a0Lk 3, 10\u201318 Keresztel\u0151 Szent J\u00e1nos b\u0171nb\u00e1natra \u00e9s megt\u00e9r\u00e9sre h\u00edvja fel a n\u00e9p figyelm\u00e9t. Ez teremti meg ugyanis a kiengesz-tel\u0151d\u00e9st Istennel \u00e9s az emberekkel. Lelki meg\u00fajul\u00e1sunknak azonban tettekben is meg kell mutatkoznia: mindenben igyekezz\u00fcnk teljes\u00edteni Isten akarat\u00e1t, felebar\u00e1taink ir\u00e1nt pedig legyen meg benn\u00fcnk az \u0151szinte j\u00f3akarat \u00e9s szeretet. R\u00d6VID FOH\u00c1SZOK Neveld, Urunk, j\u00f3s\u00e1gra n\u00e9pedet, \u00e9s engedd, hogy h\u00edveid j\u00f3s\u00e1g\u00e1t megismerje minden ember! * Add, hogy Szent-aty\u00e1nk, Ferenc p\u00e1pa \u00e9s p\u00fcsp\u00f6keink a t\u00e1rsadalmi igazs\u00e1goss\u00e1g \u00e9s szeretet lankadatlan hirdet\u0151i legyenek! * \u00c9breszd fel a vil\u00e1g n\u00e9peiben a testv\u00e9ri egybetartoz\u00e1s tudat\u00e1t \u00e9s a seg\u00edt\u0151... R\u00e9szletek","og_url":"https:\/\/stuttgarti-katolikusok.de\/index.php\/advent-3-hete\/","og_site_name":"Stuttgarti Katolikusok","article_published_time":"2018-12-12T15:52:48+00:00","author":"Tibor atya","twitter_card":"summary_large_image","twitter_misc":{"Szerz\u0151:":"Tibor atya","Becs\u00fclt olvas\u00e1si id\u0151":"5 perc"},"schema":{"@context":"https:\/\/schema.org","@graph":[{"@type":"Article","@id":"https:\/\/stuttgarti-katolikusok.de\/index.php\/advent-3-hete\/#article","isPartOf":{"@id":"https:\/\/stuttgarti-katolikusok.de\/index.php\/advent-3-hete\/"},"author":{"name":"Tibor atya","@id":"https:\/\/stuttgarti-katolikusok.de\/#\/schema\/person\/75908d6f8fdc03a57889d27209df7795"},"headline":"Advent 3. hete","datePublished":"2018-12-12T15:52:48+00:00","mainEntityOfPage":{"@id":"https:\/\/stuttgarti-katolikusok.de\/index.php\/advent-3-hete\/"},"wordCount":980,"articleSection":["Vas\u00e1rnapi gondolatok"],"inLanguage":"hu"},{"@type":"WebPage","@id":"https:\/\/stuttgarti-katolikusok.de\/index.php\/advent-3-hete\/","url":"https:\/\/stuttgarti-katolikusok.de\/index.php\/advent-3-hete\/","name":"Advent 3. hete - Stuttgarti Katolikusok","isPartOf":{"@id":"https:\/\/stuttgarti-katolikusok.de\/#website"},"datePublished":"2018-12-12T15:52:48+00:00","author":{"@id":"https:\/\/stuttgarti-katolikusok.de\/#\/schema\/person\/75908d6f8fdc03a57889d27209df7795"},"breadcrumb":{"@id":"https:\/\/stuttgarti-katolikusok.de\/index.php\/advent-3-hete\/#breadcrumb"},"inLanguage":"hu","potentialAction":[{"@type":"ReadAction","target":["https:\/\/stuttgarti-katolikusok.de\/index.php\/advent-3-hete\/"]}]},{"@type":"BreadcrumbList","@id":"https:\/\/stuttgarti-katolikusok.de\/index.php\/advent-3-hete\/#breadcrumb","itemListElement":[{"@type":"ListItem","position":1,"name":"Kezd\u0151lap","item":"https:\/\/stuttgarti-katolikusok.de\/"},{"@type":"ListItem","position":2,"name":"Advent 3. hete"}]},{"@type":"WebSite","@id":"https:\/\/stuttgarti-katolikusok.de\/#website","url":"https:\/\/stuttgarti-katolikusok.de\/","name":"Stuttgarti Katolikusok","description":"","potentialAction":[{"@type":"SearchAction","target":{"@type":"EntryPoint","urlTemplate":"https:\/\/stuttgarti-katolikusok.de\/?s={search_term_string}"},"query-input":{"@type":"PropertyValueSpecification","valueRequired":true,"valueName":"search_term_string"}}],"inLanguage":"hu"},{"@type":"Person","@id":"https:\/\/stuttgarti-katolikusok.de\/#\/schema\/person\/75908d6f8fdc03a57889d27209df7795","name":"Tibor atya","image":{"@type":"ImageObject","inLanguage":"hu","@id":"https:\/\/secure.gravatar.com\/avatar\/61d268e57d1f4525b111222e29d2d5a7f8c420fdbf231ba5566a8ceac74fa960?s=96&d=mm&r=g","url":"https:\/\/secure.gravatar.com\/avatar\/61d268e57d1f4525b111222e29d2d5a7f8c420fdbf231ba5566a8ceac74fa960?s=96&d=mm&r=g","contentUrl":"https:\/\/secure.gravatar.com\/avatar\/61d268e57d1f4525b111222e29d2d5a7f8c420fdbf231ba5566a8ceac74fa960?s=96&d=mm&r=g","caption":"Tibor atya"},"url":"https:\/\/stuttgarti-katolikusok.de\/index.php\/author\/tibor-atya\/"}]}},"_links":{"self":[{"href":"https:\/\/stuttgarti-katolikusok.de\/index.php\/wp-json\/wp\/v2\/posts\/15590","targetHints":{"allow":["GET"]}}],"collection":[{"href":"https:\/\/stuttgarti-katolikusok.de\/index.php\/wp-json\/wp\/v2\/posts"}],"about":[{"href":"https:\/\/stuttgarti-katolikusok.de\/index.php\/wp-json\/wp\/v2\/types\/post"}],"author":[{"embeddable":true,"href":"https:\/\/stuttgarti-katolikusok.de\/index.php\/wp-json\/wp\/v2\/users\/3"}],"replies":[{"embeddable":true,"href":"https:\/\/stuttgarti-katolikusok.de\/index.php\/wp-json\/wp\/v2\/comments?post=15590"}],"version-history":[{"count":1,"href":"https:\/\/stuttgarti-katolikusok.de\/index.php\/wp-json\/wp\/v2\/posts\/15590\/revisions"}],"predecessor-version":[{"id":15592,"href":"https:\/\/stuttgarti-katolikusok.de\/index.php\/wp-json\/wp\/v2\/posts\/15590\/revisions\/15592"}],"wp:attachment":[{"href":"https:\/\/stuttgarti-katolikusok.de\/index.php\/wp-json\/wp\/v2\/media?parent=15590"}],"wp:term":[{"taxonomy":"category","embeddable":true,"href":"https:\/\/stuttgarti-katolikusok.de\/index.php\/wp-json\/wp\/v2\/categories?post=15590"},{"taxonomy":"post_tag","embeddable":true,"href":"https:\/\/stuttgarti-katolikusok.de\/index.php\/wp-json\/wp\/v2\/tags?post=15590"}],"curies":[{"name":"wp","href":"https:\/\/api.w.org\/{rel}","templated":true}]}}