{"id":15559,"date":"2018-12-03T11:58:34","date_gmt":"2018-12-03T11:58:34","guid":{"rendered":"https:\/\/gracious-dewdney.138-201-221-2.plesk.page\/?p=15559"},"modified":"2018-12-04T19:39:55","modified_gmt":"2018-12-04T19:39:55","slug":"advent-1-es-2-vasarnapja","status":"publish","type":"post","link":"https:\/\/stuttgarti-katolikusok.de\/index.php\/advent-1-es-2-vasarnapja\/","title":{"rendered":"Advent 1. \u00e9s 2. vas\u00e1rnapja"},"content":{"rendered":"<p><strong>2018. december 9.<\/strong><\/p>\n<p><strong>ADVENT 2. VAS\u00c1RNAPJA <\/strong><\/p>\n<p>A kereszt\u00e9ny ember nem egyed\u00fcl j\u00e1rja az \u00fcdv\u00f6ss\u00e9g \u00fatj\u00e1t.<\/p>\n<p>Egy\u00fctt halad h\u00edv\u0151 \u00e9s rem\u00e9nyked\u0151 embert\u00e1rsaival. Ez\u00e9rt nem csup\u00e1n \u00f6nmag\u00e1\u00e9rt felel\u0151s, hanem m\u00e1sok\u00e9rt is. Meg kell teh\u00e1t osztania \u00f6r\u00f6m\u00e9t, hit\u00e9t, rem\u00e9ny\u00e9t \u00e9s szeretet\u00e9t.<\/p>\n<p><strong>KEZD\u0150\u00c9NEK<\/strong>\u00a0\u00a0 \u00a0\u00a0\u00a0\u00a0\u00a0\u00a0\u00a0\u00a0\u00a0\u00a0\u00a0\u00a0\u00a0\u00a0\u00a0\u00a0\u00a0\u00a0\u00a0\u00a0\u00a0\u00a0\u00a0\u00a0\u00a0\u00a0\u00a0\u00a0\u00a0\u00a0\u00a0\u00a0\u00a0\u00a0\u00a0\u00a0\u00a0\u00a0\u00a0\u00a0\u00a0<em>V\u00f6. Iz 30, 19. 30<\/em><\/p>\n<p>Sion n\u00e9pe, \u00edme j\u00f6n az \u00dar, hogy megmentse a nemzeteket, \u00e9s hallani fogj\u00e1tok dics\u0151s\u00e9ges szav\u00e1t, sz\u00edvetek \u00f6r\u00f6m\u00e9t.<\/p>\n<p><strong>OLVASM\u00c1NY<\/strong>\u00a0\u00a0\u00a0\u00a0\u00a0\u00a0\u00a0\u00a0\u00a0\u00a0\u00a0\u00a0\u00a0\u00a0\u00a0\u00a0\u00a0\u00a0\u00a0\u00a0\u00a0\u00a0\u00a0\u00a0\u00a0\u00a0\u00a0\u00a0\u00a0\u00a0\u00a0\u00a0\u00a0\u00a0\u00a0\u00a0\u00a0\u00a0\u00a0\u00a0\u00a0\u00a0\u00a0\u00a0\u00a0\u00a0\u00a0\u00a0\u00a0\u00a0\u00a0\u00a0\u00a0 \u00a0\u00a0\u00a0\u00a0\u00a0<em>B\u00e1r 5, 1\u20139<\/em><\/p>\n<p>A fogs\u00e1gba hurcolt zsid\u00f3 n\u00e9pnek sok szenved\u00e9sben \u00e9s megal\u00e1ztat\u00e1sban volt r\u00e9sze. Isten azonban pr\u00f3f\u00e9t\u00e1ja \u00e1ltal \u00f6r\u00f6mh\u00edrt k\u00fcld\u00f6tt nekik: v\u00e9get \u00e9r fogs\u00e1guk, visszat\u00e9rhetnek haz\u00e1jukba. Mindenki rem\u00e9lheti az \u00dar irgalm\u00e1t \u00e9s seg\u00edts\u00e9g\u00e9t, aki b\u00edzik \u0151benne.<\/p>\n<p><strong>V\u00c1LASZOS ZSOLT\u00c1R<\/strong> \u00a0\u00a0\u00a0\u00a0\u00a0\u00a0\u00a0\u00a0\u00a0\u00a0\u00a0\u00a0\u00a0\u00a0\u00a0\u00a0\u00a0\u00a0\u00a0\u00a0\u00a0\u00a0\u00a0\u00a0\u00a0<em>\u00a0\u00a0\u00a0\u00a0\u00a0\u00a0\u00a0\u00a0\u00a0\u00a0125. Zsolt\u00e1r<\/em><\/p>\n<p><strong>V\u00e1lasz: Hatalmas dolgot m\u0171velt az \u00dar v<u>\u00e9<\/u>l\u00fcnk, * <\/strong><strong>az\u00e9rt sz<u>\u00ed<\/u>vb\u0151l ujjongunk.<\/strong><\/p>\n<p><strong>SZENTLECKE<\/strong>\u00a0\u00a0 \u00a0\u00a0\u00a0\u00a0\u00a0\u00a0\u00a0\u00a0\u00a0\u00a0\u00a0\u00a0\u00a0\u00a0\u00a0\u00a0\u00a0\u00a0\u00a0\u00a0\u00a0\u00a0\u00a0\u00a0\u00a0\u00a0\u00a0\u00a0\u00a0\u00a0\u00a0\u00a0\u00a0\u00a0\u00a0\u00a0\u00a0\u00a0\u00a0\u00a0\u00a0\u00a0<em>Fil 1,4\u20136. 8\u201311<\/em><\/p>\n<p>Szent P\u00e1l megk\u00fcl\u00f6nb\u00f6ztetett m\u00f3don szerette filippi h\u00edveit, mert n\u00e1luk j\u00f3 talajba hullott az evang\u00e9lium magja. Az Apostol azt k\u00e9ri sz\u00e1mukra, hogy tov\u00e1bbra is n\u00f6vekedjenek a kereszt\u00e9ny er\u00e9nyekben. \u00cdgy majd \u00e9rdemekben gazdagon \u00e1llhatnak az \u00dar el\u00e9.<\/p>\n<p><strong>ALLELUJA<\/strong>\u00a0\u00a0\u00a0\u00a0\u00a0\u00a0\u00a0\u00a0\u00a0\u00a0\u00a0\u00a0\u00a0\u00a0\u00a0\u00a0\u00a0\u00a0\u00a0\u00a0\u00a0\u00a0\u00a0\u00a0 \u00a0\u00a0\u00a0\u00a0\u00a0\u00a0\u00a0\u00a0\u00a0\u00a0\u00a0\u00a0\u00a0\u00a0\u00a0\u00a0\u00a0\u00a0\u00a0\u00a0\u00a0\u00a0\u00a0\u00a0\u00a0\u00a0\u00a0\u00a0\u00a0\u00a0\u00a0\u00a0\u00a0\u00a0\u00a0\u00a0\u00a0\u00a0\u00a0\u00a0\u00a0\u00a0\u00a0\u00a0<em>Lk 3 4. 6<\/em><\/p>\n<p>K\u00e9sz\u00edts\u00e9tek el\u0151 az \u00dar \u00fatj\u00e1t!\u00a0 +\u00a0 Egyengess\u00e9tek \u00f6sv\u00e9ny\u00e9t, * \u00e9s minden ember megl\u00e1tja az \u00dcdv\u00f6z\u00edt\u0151t, akit elk\u00fcld az Isten.<\/p>\n<p><strong>EVANG\u00c9LIUM<\/strong>\u00a0\u00a0\u00a0\u00a0\u00a0\u00a0\u00a0\u00a0\u00a0\u00a0\u00a0\u00a0\u00a0\u00a0\u00a0\u00a0\u00a0\u00a0\u00a0\u00a0\u00a0\u00a0\u00a0\u00a0\u00a0\u00a0\u00a0\u00a0\u00a0\u00a0\u00a0\u00a0\u00a0\u00a0\u00a0\u00a0\u00a0\u00a0\u00a0\u00a0\u00a0\u00a0\u00a0\u00a0\u00a0\u00a0\u00a0\u00a0\u00a0\u00a0\u00a0 <em>Lk 3, 1\u20136<\/em><\/p>\n<p>Szent Luk\u00e1cs t\u00f6rt\u00e9nelmi keretbe helyezi a Keresztel\u00f3 fell\u00e9p\u00e9s\u00e9t, amikor arr\u00f3l tud\u00f3s\u00edt, hogy Szent J\u00e1nos Poncius Pil\u00e1tus, Her\u00f3des, F\u00fcl\u00f6p, Lizini\u00e1sz, Annas \u00e9s Kaif\u00e1s uralkod\u00e1sa idej\u00e9n kezdte el m\u0171k\u00f6d\u00e9s\u00e9t. J\u00e1nos a pr\u00f3f\u00e9ta szav\u00e1val b\u0171nb\u00e1natra buzd\u00edtja az embereket: \u201eA v\u00f6lgyeket t\u00f6lts\u00e9tek fel, a hegyeket, a halmokat hordj\u00e1tok el!\u201d A b\u0171nb\u00e1nat teszi az embert ugyanis alkalmass\u00e1 arra, hogy b\u0171n\u00f6s v\u00e1gyait\u00f3l megszabaduljon, \u00e9s k\u00e9szs\u00e9ges l\u00e9lekkel fogadja el Isten akarat\u00e1t.<\/p>\n<p><strong>AZ EUCHARISZTI\u00c1HOZ<\/strong><\/p>\n<p>A szent \u00e1ldozatban Krisztussal, a Megv\u00e1lt\u00f3val tal\u00e1lkozunk. Az Euchariszti\u00e1b\u00f3l \u00e1rad r\u00e1nk folyton a megv\u00e1lt\u00e1s kegyelme. Kereszt\u00e9ny \u00e9let\u00fcnk k\u00f6zpontja legyen a szentmise \u00e9s a szent\u00e1ldoz\u00e1s. Itt kapunk er\u0151t ahhoz, hogy hit\u00fcnkr\u0151l szavainkkal \u00e9s tetteinkkel tan\u00faskodhassunk.<\/p>\n<p><strong>\u00c1LDOZ\u00c1SI \u00c9NEK<\/strong>\u00a0\u00a0\u00a0\u00a0\u00a0\u00a0\u00a0\u00a0\u00a0\u00a0\u00a0\u00a0\u00a0\u00a0\u00a0\u00a0\u00a0\u00a0\u00a0\u00a0\u00a0\u00a0 <em>\u00a0\u00a0\u00a0\u00a0\u00a0\u00a0\u00a0\u00a0\u00a0\u00a0\u00a0\u00a0\u00a0\u00a0\u00a0\u00a0\u00a0\u00a0\u00a0B\u00e1r 5 , 5; 4, 36 <\/em><\/p>\n<p>Kelj f\u00f6l, Jeruzs\u00e1lem, \u00e1llj a magaslatra, \u00e9s n\u00e9zd az \u00f6r\u00f6met, amely Istent\u0151l j\u00f6n.<\/p>\n<p><strong>ELM\u00c9LKED\u00c9S<\/strong><\/p>\n<p>Uram! \u00daton vagyunk. Nem tudjuk, hossz\u00fa-e m\u00e9g az \u00e9let vagy r\u00f6vid. De semmik\u00e9ppen sem akarunk \u00fagy \u00e9lni, mint akik azt gondolj\u00e1k, \u00f6r\u00f6kre itt maradnak.<\/p>\n<p>Mindennap megtesz\u00fcnk egy darabot, hogy azt\u00e1n megpihenj\u00fcnk, \u00e9s m\u00e1snap \u00fajra kezdj\u00fck. Mindig k\u00f6zelebb vagyunk hozz\u00e1d, akkor is, ha nem ismerj\u00fck az \u00f3r\u00e1t&#8230;<\/p>\n<p>Uram, te mindent meg\u00edg\u00e9rsz annak, aki hittel k\u00e9r; add, hogy csak azon a napon \u00e9rkezz\u00fcnk meg hozz\u00e1d, amelyen terved beteljesedett benn\u00fcnk!<\/p>\n<p>Ugyan\u00edgy t\u00e9gy mindenkivel, akit szeret\u00fcnk, \u00e9s minden emberrel!\u00a0\u00a0\u00a0\u00a0\u00a0\u00a0\u00a0\u00a0\u00a0\u00a0\u00a0\u00a0\u00a0\u00a0\u00a0\u00a0\u00a0\u00a0\u00a0\u00a0\u00a0\u00a0\u00a0\u00a0\u00a0\u00a0\u00a0\u00a0\u00a0\u00a0\u00a0\u00a0\u00a0\u00a0\u00a0\u00a0\u00a0\u00a0\u00a0\u00a0\u00a0\u00a0\u00a0\u00a0\u00a0\u00a0\u00a0\u00a0\u00a0\u00a0\u00a0 <em>Chiara Lubich<\/em><\/p>\n<p>&nbsp;<\/p>\n<p>\u00dcNNEPV\u00c1R\u00c1S<\/p>\n<p>Advent azt a sz\u00f3t is jelenti \u2013 az elj\u00f6vetelen t\u00fal \u2013 hogy \u00fcnnepv\u00e1r\u00e1s. De hogyan is k\u00e9sz\u00fcl\u00fcnk mi az adventi id\u0151szakban az \u00dcnnepre, a Kar\u00e1csonyra, J\u00e9zus elj\u00f6vetel\u00e9re? Sokan sokf\u00e9lek\u00e9pp.<\/p>\n<p>Valahogy \u00fagy alakult, hogy az adventi id\u0151szakban fesz\u00fcltek vagyunk: rohanunk, t\u00fcleked\u00fcnk, kapkodunk \u00e9s \u00e1lland\u00f3an idegesked\u00fcnk. Meg akarunk felelni az \u00fcnnephez m\u00e9lt\u00f3 tisztas\u00e1ggal, ez\u00e9rt \u0151r\u00fclt takar\u00edt\u00e1sba kezd\u00fcnk. Meg akarunk felelni a kell\u0151 aj\u00e1nd\u00e9kokkal, ez\u00e9rt k\u00f6ltekez\u00fcnk, t\u00fcleked\u00fcnk a boltokban, \u00e9s idegesked\u00fcnk, hogy nem lesz el\u00e9g j\u00f3, vagy nem lesz id\u0151re k\u00e9sz a sokfog\u00e1sos \u00fcnnepi vacsora. Pedig nem err\u0151l kellene sz\u00f3lnia az \u00fcnnepnek.<\/p>\n<p>Advent \u2013 \u00dcnnepv\u00e1r\u00e1s\u2026 J\u00f3 alkalom a lelki megtisztul\u00e1sra, az egym\u00e1sra figyel\u00e9sre, a k\u00f6z\u00f6s, nagy besz\u00e9lget\u00e9sekre. Lass\u00edtsunk kicsit az eg\u00e9sz \u00e9ves rohan\u00e1s ut\u00e1n, csendesedj\u00fcnk el! Gondolatainkkal, m\u00e1sok\u00e9rt val\u00f3 \u00f6nzetlen tetteinkkel k\u00e9sz\u00fclj\u00fcnk fel J\u00e9zus v\u00e1r\u00e1s\u00e1ra!\u00a0\u00a0\u00a0\u00a0\u00a0\u00a0\u00a0\u00a0 <em>F.I.<\/em><\/p>\n<p><em>Itt az \u00f3ra, hogy f\u00f6l\u00e9bredj\u00fcnk az \u00e1lomb\u00f3l: \u00fcdv\u00f6ss\u00e9g\u00fcnk k\u00f6zelebb van, mint amikor h\u00edv\u0151k lett\u00fcnk. R\u00f3m 13, 1<\/em><\/p>\n<p>A GUADALUPEI BOLDOGS\u00c1GOS SZ\u0170Z M\u00c1RIA<\/p>\n<ol start=\"1531\">\n<li>december 9-\u00e9n a Tepeyac-dombon, amely Mexik\u00f3v\u00e1ros k\u00f6zel\u00e9ben, a jelenlegi Mexik\u00f3 \u00e1llam ter\u00fclet\u00e9n van, Sz\u0171z M\u00e1ria megjelent egy egyszer\u0171 indi\u00e1nnak, Juan Diego Cuauhtlatoatzinnak, \u00e9s egy templom \u00e9p\u00edt\u00e9s\u00e9t k\u00e9rte, hogy ott anyai j\u00f3s\u00e1g\u00e1t megmutathassa. Juan Diego k\u00f6peny\u00e9n, amelyben a Sz\u0171zany\u00e1t\u00f3l k\u00fcld\u00f6tt vir\u00e1gokat vitte a p\u00fcsp\u00f6knek, csod\u00e1latos m\u00f3don megmaradt a Sz\u0171zanya k\u00e9pe. Ezt a kereszt\u00e9nyek az\u00f3ta is nagy \u00e1h\u00edtattal tisztelik. Isten Szent Sz\u00fcl\u0151je \u00e9s az Egyh\u00e1z anyja ezen a tiszta hit\u0171 f\u00e9rfi\u00fan kereszt\u00fcl minden n\u00e9pet h\u00edv Krisztus szeretet\u00e9re. II. J\u00e1nos P\u00e1l p\u00e1pa a Guadalupei Boldogs\u00e1gos Sz\u0171z M\u00e1ria \u00fcnnep\u00e9t (december 12.) 2002-ben az eg\u00e9sz Egyh\u00e1z sz\u00e1m\u00e1ra meg\u00fclni elrendelte.<\/li>\n<\/ol>\n<p><em>K\u00d6NY\u00d6RG\u00c9S<\/em><\/p>\n<p>Isten\u00fcnk, irgalmas Aty\u00e1nk! Te n\u00e9pedet Fiad szents\u00e9ges Anyj\u00e1nak k\u00fcl\u00f6nleges v\u00e9delme al\u00e1 helyezted. Add, hogy mindazok, akik a Guadalupei Boldogs\u00e1gos Sz\u0171z M\u00e1ri\u00e1t seg\u00edts\u00e9g\u00fcl h\u00edvj\u00e1k, az igazs\u00e1g \u00e9s a b\u00e9ke \u00fatj\u00e1n mindig buzg\u00f3 l\u00e9lekkel munk\u00e1lj\u00e1k a n\u00e9pek fejl\u0151d\u00e9s\u00e9t. A mi Urunk J\u00e9zus Krisztus, a te Fiad \u00e1ltal, aki veled \u00e9l \u00e9s uralkodik a Szentl\u00e9lekkel egys\u00e9gben. Isten mind\u00f6r\u00f6kk\u00f6n-\u00f6r\u00f6kk\u00e9. Amen.<\/p>\n<p><strong>2018. december 2.<\/strong><\/p>\n<p><strong>ADVENT 1. VAS\u00c1RNAPJA<\/strong><\/p>\n<p>Adventben a J\u00e9zussal val\u00f3 tal\u00e1lkoz\u00e1sra k\u00e9sz\u00fcl\u00fcnk. Rem\u00e9nyked\u00fcnk abban, hogy nek\u00fcnk is megadja az \u0151 kar\u00e1csonyi kegyelmeit: a hitben, a rem\u00e9nyben \u00e9s a szeretetben val\u00f3 n\u00f6veked\u00e9st. S mindezek \u00e1ltal r\u00e9szes\u00edt a lelki b\u00e9ke \u00e9s \u00f6r\u00f6m aj\u00e1nd\u00e9k\u00e1ban. Adventi el\u0151k\u00e9sz\u00fclet\u00fcnk megk\u00edv\u00e1nja: a b\u0171nb\u00e1nattart\u00e1st, ima\u00e9let\u00fcnk elm\u00e9ly\u00edt\u00e9s\u00e9t, valamint felebar\u00e1ti szeretet\u00fcnk meg\u00faj\u00edt\u00e1s\u00e1t.<\/p>\n<p><strong>KEZD\u0150\u00c9NEK<\/strong>\u00a0\u00a0 \u00a0\u00a0\u00a0\u00a0\u00a0\u00a0\u00a0\u00a0\u00a0\u00a0\u00a0\u00a0\u00a0\u00a0\u00a0\u00a0\u00a0\u00a0\u00a0\u00a0\u00a0\u00a0\u00a0\u00a0\u00a0\u00a0\u00a0\u00a0\u00a0\u00a0\u00a0\u00a0\u00a0\u00a0\u00a0\u00a0\u00a0\u00a0\u00a0\u00a0\u00a0\u00a0\u00a0\u00a0\u00a0\u00a0<em>Zsolt 24, 1\u20133<\/em><\/p>\n<p>Lelkem hozz\u00e1d emelem, Uram, \u00e9n Istenem, benned b\u00edzom, ne valljak sz\u00e9gyent! Ne ujjongjon ellens\u00e9g f\u00f6l\u00f6ttem, hiszen aki benned b\u00edzik, meg nem sz\u00e9gyen\u00fcl.<\/p>\n<p><strong>OLVASM\u00c1NY<\/strong>\u00a0\u00a0\u00a0\u00a0\u00a0\u00a0\u00a0\u00a0\u00a0\u00a0\u00a0\u00a0\u00a0\u00a0\u00a0\u00a0\u00a0\u00a0\u00a0\u00a0\u00a0\u00a0\u00a0\u00a0\u00a0 \u00a0\u00a0\u00a0\u00a0\u00a0\u00a0\u00a0\u00a0\u00a0\u00a0\u00a0\u00a0\u00a0\u00a0\u00a0\u00a0\u00a0\u00a0\u00a0\u00a0\u00a0\u00a0\u00a0\u00a0\u00a0\u00a0\u00a0\u00a0<em>Jer 33, 14\u201316<\/em><\/p>\n<p>Az \u00d3sz\u00f6vets\u00e9g n\u00e9pe Istent\u0151l k\u00fcl\u00f6nf\u00e9le \u00edg\u00e9retet kapott. Legnagyobb \u00edg\u00e9rete az volt, hogy elk\u00fcldi majd a Szabad\u00edt\u00f3t, aki biztons\u00e1got ad Jeruzs\u00e1lemnek, jogot \u00e9s igazs\u00e1got teremt az orsz\u00e1gban. E javak jelk\u00e9pei voltak azoknak a lelki aj\u00e1nd\u00e9koknak, amelyeket megv\u00e1lt\u00f3 \u00e1ldozat\u00e1val szerzett meg sz\u00e1munkra J\u00e9zus Krisztus.<\/p>\n<p><strong>V\u00c1LASZOS ZSOLT\u00c1R<\/strong> \u00a0\u00a0\u00a0\u00a0\u00a0\u00a0\u00a0\u00a0\u00a0\u00a0\u00a0\u00a0\u00a0\u00a0\u00a0\u00a0\u00a0\u00a0\u00a0\u00a0\u00a0\u00a0\u00a0\u00a0\u00a0<em>\u00a0\u00a0\u00a0\u00a0\u00a0\u00a0\u00a0\u00a0\u00a0\u00a0\u00a0\u00a0\u00a024. Zsolt\u00e1r<\/em><\/p>\n<p><strong>V\u00e1lasz: Hozz\u00e1d emel<u>e<\/u>m a lelkem * <\/strong><strong>\u00e9n Uram, Ist<u>e<\/u>nem!<\/strong><\/p>\n<p><strong>SZENTLECKE<\/strong>\u00a0\u00a0 \u00a0\u00a0\u00a0\u00a0\u00a0\u00a0\u00a0\u00a0\u00a0\u00a0\u00a0\u00a0\u00a0\u00a0\u00a0\u00a0\u00a0\u00a0\u00a0\u00a0\u00a0\u00a0\u00a0\u00a0\u00a0\u00a0\u00a0\u00a0\u00a0\u00a0\u00a0\u00a0\u00a0\u00a0\u00a0\u00a0\u00a0\u00a0<em>1 Tessz 3, 12<\/em><em>\u20134, 2<\/em><\/p>\n<p>Krisztus tan\u00edtv\u00e1nyai t\u00f6rekedjenek arra, hogy egyre jobban megismerj\u00e9k Mester\u00fck tan\u00edt\u00e1s\u00e1t, k\u00f6vess\u00e9k p\u00e9ld\u00e1j\u00e1t. Egyszer (az \u00edt\u00e9let napj\u00e1n) ugyanis minderr\u0151l sz\u00e1mot kell majd adniok az \u00darnak.<\/p>\n<p><strong>ALLELUJA<\/strong>\u00a0\u00a0\u00a0\u00a0\u00a0\u00a0\u00a0\u00a0\u00a0\u00a0\u00a0\u00a0\u00a0\u00a0\u00a0\u00a0\u00a0\u00a0\u00a0\u00a0\u00a0\u00a0\u00a0\u00a0\u00a0\u00a0\u00a0\u00a0\u00a0\u00a0\u00a0\u00a0\u00a0 \u00a0\u00a0\u00a0\u00a0\u00a0\u00a0\u00a0\u00a0\u00a0\u00a0\u00a0\u00a0\u00a0\u00a0\u00a0\u00a0\u00a0\u00a0\u00a0\u00a0\u00a0\u00a0\u00a0\u00a0\u00a0\u00a0\u00a0\u00a0\u00a0\u00a0\u00a0\u00a0<em>Zsolt 84, 8<\/em><\/p>\n<p>Urunk, mutasd meg n\u00e9k\u00fcnk irgalmas sz\u00edvedet, * \u00e9s \u00fcdv\u00f6ss\u00e9gedet add meg n\u00e9k\u00fcnk.<\/p>\n<p><strong>EVANG\u00c9LIUM\u00a0 <\/strong>\u00a0\u00a0\u00a0\u00a0\u00a0\u00a0\u00a0\u00a0\u00a0\u00a0\u00a0\u00a0\u00a0\u00a0\u00a0\u00a0\u00a0\u00a0\u00a0\u00a0\u00a0\u00a0\u00a0\u00a0\u00a0\u00a0\u00a0\u00a0\u00a0\u00a0\u00a0\u00a0\u00a0<em>Lk 21, 25\u201328, 34\u201336<\/em><\/p>\n<p>\u00c9let\u00fcnket sok bizonytalans\u00e1g veszi k\u00f6r\u00fcl. T\u00f6r\u00e9keny az eg\u00e9szs\u00e9g\u00fcnk, a muland\u00f3s\u00e1g pedig \u00e1lland\u00f3 figyelmeztet\u00e9st jelent: \u201eNincs itt maradand\u00f3 v\u00e1rosunk, hanem az elj\u00f6vend\u0151t keress\u00fck\u201d (Zsid 13, 14). A term\u00e9szeti csap\u00e1sok el\u0151jelei lehetnek a vil\u00e1g v\u00e9g\u00e9n bek\u00f6vetkez\u0151 esem\u00e9nyeknek. Ezek a jelens\u00e9gek a nem h\u00edv\u0151kben f\u00e9lelmet keltenek, mert a teljes megsemmis\u00fcl\u00e9s fenyeget\u00e9s\u00e9t l\u00e1tj\u00e1k benn\u00fck. A h\u00edv\u0151k viszont eg\u00e9sz \u00e9let\u00fckben k\u00e9sz\u00fcltek, az \u00darral val\u00f3 tal\u00e1lkoz\u00e1sra, im\u00e1ban virrasztanak, \u201e\u00e9g\u0151 l\u00e1mp\u00e1val mennek Krisztus el\u00e9\u201d, aki \u00edt\u00e9lni \u00e9s jutalmazni j\u00f6n majd el.<\/p>\n<p><strong>R\u00d6VID FOH\u00c1SZOK<\/strong><\/p>\n<p>Hogy egyh\u00e1zad mindig lelkes\u00edtse az emberis\u00e9get m\u00e9lt\u00f3 fogad\u00e1sodra! * Hogy a rohan\u00f3 vil\u00e1g \u00e1ltal megk\u00edv\u00e1nt figyelem szolg\u00e1lja \u00fcdv\u00f6ss\u00e9g\u00fcnket is! * Urunk, J\u00e9zus Krisztus, tegy\u00e9l gyermekk\u00e9 minket Szentlelked \u00e1ltal; add, hogy \u00fagy tudjuk r\u00e1b\u00edzni magunkat a Te szeretetedre, ahogy Te r\u00e1nk b\u00edztad magadat, amikor kisgyermekk\u00e9nt megsz\u00fclett\u00e9l k\u00f6z\u00f6tt\u00fcnk! * Hogy szenved\u0151 \u00e9s beteg, mag\u00e1nyos \u00e9s id\u0151sebb testv\u00e9reinkhez is eljusson az \u00fcnnepek el\u0151tt b\u0171nbocs\u00e1t\u00f3 kegyelmed \u00e9s k\u00f6zt\u00fcnk lak\u00f3 Szent Tested \u00e9s V\u00e9red!<\/p>\n<p><strong>AZ EUCHARISZTI\u00c1HOZ<\/strong><\/p>\n<p>A szent \u00e1ldozat az \u00dar aj\u00e1nd\u00e9ka. Felaj\u00e1nlhatjuk \u00e1ltala \u00e9let\u00fcnk \u00e1ldozat\u00e1t, k\u00fczdelm\u00e9t Istennek, \u00e9s seg\u00edt abban, hogy \u00e9ber sz\u00edvvel v\u00e1rakozzunk az \u00dar elj\u00f6vetel\u00e9re.<\/p>\n<p><strong>\u00c1LDOZ\u00c1SI \u00c9NEK<\/strong>\u00a0\u00a0\u00a0\u00a0\u00a0\u00a0\u00a0\u00a0\u00a0\u00a0\u00a0\u00a0\u00a0\u00a0\u00a0\u00a0\u00a0\u00a0\u00a0\u00a0\u00a0\u00a0\u00a0 <em>\u00a0\u00a0\u00a0\u00a0\u00a0\u00a0\u00a0\u00a0\u00a0\u00a0\u00a0\u00a0\u00a0\u00a0\u00a0\u00a0\u00a0\u00a0\u00a0\u00a0\u00a0\u00a0\u00a0\u00a0Zsolt 84, 13 <\/em><\/p>\n<p>Mindenf\u00e9le j\u00f3kat osztogat az \u00dar, \u00e9s f\u00f6ld\u00fcnk megtermi gy\u00fcm\u00f6lcs\u00e9t.<\/p>\n<p><strong>ELM\u00c9LKED\u00c9S<\/strong><\/p>\n<p>Az adventi szent id\u0151 bens\u0151s\u00e9ges \u00e9s \u00f6rvendez\u0151 v\u00e1rakoz\u00e1s Krisztus elj\u00f6vetel\u00e9re. Kegyelmi id\u0151, amely megtiszt\u00edt \u00e9s megszentel benn\u00fcnket, ha im\u00e1ds\u00e1ggal, j\u00f3cselekedetekkel \u00e9s lemond\u00e1ssal k\u00e9sz\u00fcl\u00fcnk az \u00dcdv\u00f6z\u00edt\u0151 \u00e9rkez\u00e9s\u00e9re. Szent id\u0151, amely figyelm\u00fcnket a megtestes\u00fcl\u00e9s \u00e9s a megv\u00e1lt\u00e1s miszt\u00e9riuma fel\u00e9 ford\u00edtja. \u00c9s nem utols\u00f3sorban b\u0171nb\u00e1nati id\u0151, amely az \u00darral val\u00f3 szents\u00e9gi tal\u00e1lkoz\u00e1sok \u00e1ltal felemeli az elesett embert.<\/p>\n<p>SZENT MIKL\u00d3S P\u00dcSP\u00d6K<\/p>\n<p>December 6.<\/p>\n<p>G\u00f6r\u00f6g f\u00f6ld\u00f6n \u00e9lt a IV. sz\u00e1zadban. Myra p\u00fcsp\u00f6ke, az igaz hit rend\u00edthetetlen v\u00e9delmez\u0151je a niceai zsinaton a t\u00e9vtan\u00edtokkal szemben. Ugyanakkor a j\u00f3t\u00e9konys\u00e1g \u00e9s az aj\u00e1nd\u00e9koz\u00f3 lelk\u00fclet szentje, adventben az \u00fcdv\u00f6ss\u00e9g aj\u00e1nd\u00e9k\u00e1t hoz\u00f3 \u00dcdv\u00f6z\u00edt\u0151 el\u0151h\u00edrn\u00f6ke. A keleti egyh\u00e1z egyik legtiszteltebb szentje. Nyugaton a X. sz\u00e1zad \u00f3ta tiszteli a liturgia \u00e9s a n\u00e9pi \u00e1h\u00edtat. \u00c9let\u00e9t a k\u00f6z\u00e9pkorban sz\u00ednj\u00e1t\u00e9kszer\u0171en is el\u0151adt\u00e1k, ennek sz\u00e1rmaz\u00e9ka ma is a gyermekek k\u00f6z\u00e9 j\u00f6v\u0151, \u0151ket hittantud\u00e1sukr\u00f3l \u00e9s \u00e9letm\u00f3djukr\u00f3l megvizsg\u00e1ztat\u00f3 Szent Mikl\u00f3s-alak (\u201eMikul\u00e1s\u201d). A k\u00eds\u00e9ret\u00e9ben lev\u0151 \u201e\u00f6rd\u00f6g\u201d-figura a szent legend\u00e1j\u00e1nak arra a mozzanat\u00e1ra eml\u00e9keztet, amikor a S\u00e1t\u00e1n t\u00e1mad\u00e1sait \u00e9s cseleit h\u00edveit\u0151l t\u00f6bb \u00edzben is elh\u00e1r\u00edtotta.<\/p>\n<p>SZENT AMBRUS P\u00dcSP\u00d6K<\/p>\n<p>December 7.<\/p>\n<p>A n\u00e9gy nagy nyugati egyh\u00e1zatya egyike (egyh\u00e1ztan\u00edt\u00f3). M\u0171velt r\u00f3mai politikus, a mil\u00e1n\u00f3iak 374. december 7-\u00e9n p\u00fcsp\u00f6kk\u00e9 v\u00e1lasztott\u00e1k. Tud\u00e1s\u00e1t eg\u00e9szen a hit szolg\u00e1lat\u00e1ba \u00e1ll\u00edtotta. A t\u00e9vtan\u00edt\u00e1sokkal szemben v\u00e9di a hitet, oktatja a n\u00e9pet, fens\u00e9ges besz\u00e9dekkel \u00e9kes\u00edti az \u00fcnnepeket. J\u00f3 p\u00e1sztora \u00f6v\u00e9inek, a legm\u00e9lyebb hitigazs\u00e1gokra tan\u00edtotta \u0151ket az \u00e1ltala k\u00f6lt\u00f6tt himnuszokkal. 397. \u00e1prilis 4-\u00e9n halt meg Mil\u00e1n\u00f3ban.<\/p>\n<p>A BOLDOGS\u00c1GOS SZ\u0170Z M\u00c1RIA SZEPL\u0150TELEN FOGANTAT\u00c1SA<\/p>\n<p>December 8.<\/p>\n<p>A mindenhat\u00f3 Atya a Sz\u0171zany\u00e1ban m\u00e9lt\u00f3 hajl\u00e9kot k\u00e9sz\u00edtett Fi\u00e1nak. Krisztus \u00e9rdemeire val\u00f3 tekintettel eleve meg\u00f3vta \u0151t minden b\u0171nt\u0151l. Az \u00fcnnepet a VIII-IX. sz\u00e1zad \u00f3ta tartj\u00e1k, az \u0151si kereszt\u00e9ny hagyom\u00e1nyt IX. Piusz p\u00e1pa 1854. december 8-\u00e1n dogmak\u00e9nt hirdette ki, s maga Sz\u0171z M\u00e1ria a lourdes-i megjelen\u00e9s\u00e9vel meger\u0151s\u00edtette.<\/p>\n<p><em>\u00d3 b\u0171n n\u00e9lk\u00fcl fogantatott Sz\u0171z M\u00e1ria,\u00a0k\u00f6ny\u00f6r\u00f6gj \u00e9rett\u00fcnk, kik Hozz\u00e1d menek\u00fcl\u00fcnk!<\/em><\/p>\n<p>&nbsp;<\/p>\n","protected":false},"excerpt":{"rendered":"<p>2018. december 9. ADVENT 2. VAS\u00c1RNAPJA A kereszt\u00e9ny ember nem egyed\u00fcl j\u00e1rja az \u00fcdv\u00f6ss\u00e9g \u00fatj\u00e1t. Egy\u00fctt halad h\u00edv\u0151 \u00e9s rem\u00e9nyked\u0151 embert\u00e1rsaival. Ez\u00e9rt nem csup\u00e1n \u00f6nmag\u00e1\u00e9rt felel\u0151s, hanem m\u00e1sok\u00e9rt is. Meg kell teh\u00e1t osztania \u00f6r\u00f6m\u00e9t, hit\u00e9t, rem\u00e9ny\u00e9t \u00e9s szeretet\u00e9t. KEZD\u0150\u00c9NEK\u00a0\u00a0 \u00a0\u00a0\u00a0\u00a0\u00a0\u00a0\u00a0\u00a0\u00a0\u00a0\u00a0\u00a0\u00a0\u00a0\u00a0\u00a0\u00a0\u00a0\u00a0\u00a0\u00a0\u00a0\u00a0\u00a0\u00a0\u00a0\u00a0\u00a0\u00a0\u00a0\u00a0\u00a0\u00a0\u00a0\u00a0\u00a0\u00a0\u00a0\u00a0\u00a0\u00a0V\u00f6. Iz 30, 19. 30 Sion n\u00e9pe, \u00edme j\u00f6n az \u00dar, hogy megmentse a nemzeteket, \u00e9s hallani fogj\u00e1tok dics\u0151s\u00e9ges szav\u00e1t, sz\u00edvetek \u00f6r\u00f6m\u00e9t. OLVASM\u00c1NY\u00a0\u00a0\u00a0\u00a0\u00a0\u00a0\u00a0\u00a0\u00a0\u00a0\u00a0\u00a0\u00a0\u00a0\u00a0\u00a0\u00a0\u00a0\u00a0\u00a0\u00a0\u00a0\u00a0\u00a0\u00a0\u00a0\u00a0\u00a0\u00a0\u00a0\u00a0\u00a0\u00a0\u00a0\u00a0\u00a0\u00a0\u00a0\u00a0\u00a0\u00a0\u00a0\u00a0\u00a0\u00a0\u00a0\u00a0\u00a0\u00a0\u00a0\u00a0\u00a0\u00a0 \u00a0\u00a0\u00a0\u00a0\u00a0B\u00e1r 5, 1\u20139 A fogs\u00e1gba hurcolt zsid\u00f3 n\u00e9pnek sok szenved\u00e9sben \u00e9s megal\u00e1ztat\u00e1sban volt r\u00e9sze. Isten azonban pr\u00f3f\u00e9t\u00e1ja \u00e1ltal \u00f6r\u00f6mh\u00edrt k\u00fcld\u00f6tt nekik: v\u00e9get \u00e9r fogs\u00e1guk, visszat\u00e9rhetnek haz\u00e1jukba. Mindenki rem\u00e9lheti az \u00dar irgalm\u00e1t \u00e9s seg\u00edts\u00e9g\u00e9t, aki b\u00edzik \u0151benne. V\u00c1LASZOS ZSOLT\u00c1R \u00a0\u00a0\u00a0\u00a0\u00a0\u00a0\u00a0\u00a0\u00a0\u00a0\u00a0\u00a0\u00a0\u00a0\u00a0\u00a0\u00a0\u00a0\u00a0\u00a0\u00a0\u00a0\u00a0\u00a0\u00a0\u00a0\u00a0\u00a0\u00a0\u00a0\u00a0\u00a0\u00a0\u00a0\u00a0125. Zsolt\u00e1r V\u00e1lasz: Hatalmas dolgot m\u0171velt az \u00dar v\u00e9l\u00fcnk, * az\u00e9rt sz\u00edvb\u0151l ujjongunk. SZENTLECKE\u00a0\u00a0 \u00a0\u00a0\u00a0\u00a0\u00a0\u00a0\u00a0\u00a0\u00a0\u00a0\u00a0\u00a0\u00a0\u00a0\u00a0\u00a0\u00a0\u00a0\u00a0\u00a0\u00a0\u00a0\u00a0\u00a0\u00a0\u00a0\u00a0\u00a0\u00a0\u00a0\u00a0\u00a0\u00a0\u00a0\u00a0\u00a0\u00a0\u00a0\u00a0\u00a0\u00a0\u00a0Fil 1,4\u20136. 8\u201311 Szent P\u00e1l megk\u00fcl\u00f6nb\u00f6ztetett m\u00f3don szerette filippi h\u00edveit, mert n\u00e1luk j\u00f3 talajba hullott az evang\u00e9lium magja. Az Apostol azt k\u00e9ri sz\u00e1mukra, hogy tov\u00e1bbra is n\u00f6vekedjenek a kereszt\u00e9ny er\u00e9nyekben. \u00cdgy majd \u00e9rdemekben gazdagon \u00e1llhatnak az \u00dar el\u00e9. ALLELUJA\u00a0\u00a0\u00a0\u00a0\u00a0\u00a0\u00a0\u00a0\u00a0\u00a0\u00a0\u00a0\u00a0\u00a0\u00a0\u00a0\u00a0\u00a0\u00a0\u00a0\u00a0\u00a0\u00a0\u00a0 \u00a0\u00a0\u00a0\u00a0\u00a0\u00a0\u00a0\u00a0\u00a0\u00a0\u00a0\u00a0\u00a0\u00a0\u00a0\u00a0\u00a0\u00a0\u00a0\u00a0\u00a0\u00a0\u00a0\u00a0\u00a0\u00a0\u00a0\u00a0\u00a0\u00a0\u00a0\u00a0\u00a0\u00a0\u00a0\u00a0\u00a0\u00a0\u00a0\u00a0\u00a0\u00a0\u00a0\u00a0Lk 3 4. 6 K\u00e9sz\u00edts\u00e9tek el\u0151 az \u00dar \u00fatj\u00e1t!\u00a0 +\u00a0 Egyengess\u00e9tek \u00f6sv\u00e9ny\u00e9t, * \u00e9s minden ember megl\u00e1tja az \u00dcdv\u00f6z\u00edt\u0151t, akit elk\u00fcld az Isten. EVANG\u00c9LIUM\u00a0\u00a0\u00a0\u00a0\u00a0\u00a0\u00a0\u00a0\u00a0\u00a0\u00a0\u00a0\u00a0\u00a0\u00a0\u00a0\u00a0\u00a0\u00a0\u00a0\u00a0\u00a0\u00a0\u00a0\u00a0\u00a0\u00a0\u00a0\u00a0\u00a0\u00a0\u00a0\u00a0\u00a0\u00a0\u00a0\u00a0\u00a0\u00a0\u00a0\u00a0\u00a0\u00a0\u00a0\u00a0\u00a0\u00a0\u00a0\u00a0\u00a0\u00a0 Lk 3, 1\u20136 Szent Luk\u00e1cs t\u00f6rt\u00e9nelmi keretbe helyezi a Keresztel\u00f3 fell\u00e9p\u00e9s\u00e9t, amikor arr\u00f3l tud\u00f3s\u00edt, hogy Szent J\u00e1nos Poncius Pil\u00e1tus, Her\u00f3des, F\u00fcl\u00f6p, Lizini\u00e1sz, Annas \u00e9s Kaif\u00e1s uralkod\u00e1sa idej\u00e9n kezdte el m\u0171k\u00f6d\u00e9s\u00e9t. J\u00e1nos a pr\u00f3f\u00e9ta szav\u00e1val b\u0171nb\u00e1natra buzd\u00edtja az embereket: \u201eA v\u00f6lgyeket t\u00f6lts\u00e9tek fel, a hegyeket, a halmokat hordj\u00e1tok el!\u201d A b\u0171nb\u00e1nat teszi az embert ugyanis alkalmass\u00e1 arra, hogy b\u0171n\u00f6s v\u00e1gyait\u00f3l megszabaduljon, \u00e9s k\u00e9szs\u00e9ges l\u00e9lekkel fogadja el Isten akarat\u00e1t. AZ EUCHARISZTI\u00c1HOZ A szent \u00e1ldozatban Krisztussal, a Megv\u00e1lt\u00f3val tal\u00e1lkozunk. Az Euchariszti\u00e1b\u00f3l \u00e1rad r\u00e1nk folyton a megv\u00e1lt\u00e1s kegyelme. Kereszt\u00e9ny \u00e9let\u00fcnk k\u00f6zpontja legyen a szentmise \u00e9s a szent\u00e1ldoz\u00e1s. Itt kapunk er\u0151t ahhoz, hogy hit\u00fcnkr\u0151l szavainkkal \u00e9s tetteinkkel tan\u00faskodhassunk. \u00c1LDOZ\u00c1SI \u00c9NEK\u00a0\u00a0\u00a0\u00a0\u00a0\u00a0\u00a0\u00a0\u00a0\u00a0\u00a0\u00a0\u00a0\u00a0\u00a0\u00a0\u00a0\u00a0\u00a0\u00a0\u00a0\u00a0 \u00a0\u00a0\u00a0\u00a0\u00a0\u00a0\u00a0\u00a0\u00a0\u00a0\u00a0\u00a0\u00a0\u00a0\u00a0\u00a0\u00a0\u00a0\u00a0B\u00e1r 5 , 5; 4, 36 Kelj f\u00f6l, Jeruzs\u00e1lem, \u00e1llj a magaslatra, \u00e9s n\u00e9zd az \u00f6r\u00f6met, amely Istent\u0151l&#8230; <\/p>\n<p><a class=\"readmore\" href=\"https:\/\/stuttgarti-katolikusok.de\/index.php\/advent-1-es-2-vasarnapja\/\">R\u00e9szletek<\/a><\/p>\n","protected":false},"author":3,"featured_media":0,"comment_status":"closed","ping_status":"closed","sticky":false,"template":"","format":"standard","meta":{"footnotes":""},"categories":[63],"tags":[],"class_list":["post-15559","post","type-post","status-publish","format-standard","hentry","category-vasarnapi-gondolatok"],"yoast_head":"<!-- This site is optimized with the Yoast SEO plugin v27.3 - https:\/\/yoast.com\/product\/yoast-seo-wordpress\/ -->\n<title>Advent 1. \u00e9s 2. vas\u00e1rnapja - Stuttgarti Katolikusok<\/title>\n<meta name=\"robots\" content=\"index, follow, max-snippet:-1, max-image-preview:large, max-video-preview:-1\" \/>\n<link rel=\"canonical\" href=\"https:\/\/stuttgarti-katolikusok.de\/index.php\/advent-1-es-2-vasarnapja\/\" \/>\n<meta property=\"og:locale\" content=\"hu_HU\" \/>\n<meta property=\"og:type\" content=\"article\" \/>\n<meta property=\"og:title\" content=\"Advent 1. \u00e9s 2. vas\u00e1rnapja - Stuttgarti Katolikusok\" \/>\n<meta property=\"og:description\" content=\"2018. december 9. ADVENT 2. VAS\u00c1RNAPJA A kereszt\u00e9ny ember nem egyed\u00fcl j\u00e1rja az \u00fcdv\u00f6ss\u00e9g \u00fatj\u00e1t. Egy\u00fctt halad h\u00edv\u0151 \u00e9s rem\u00e9nyked\u0151 embert\u00e1rsaival. Ez\u00e9rt nem csup\u00e1n \u00f6nmag\u00e1\u00e9rt felel\u0151s, hanem m\u00e1sok\u00e9rt is. Meg kell teh\u00e1t osztania \u00f6r\u00f6m\u00e9t, hit\u00e9t, rem\u00e9ny\u00e9t \u00e9s szeretet\u00e9t. KEZD\u0150\u00c9NEK\u00a0\u00a0 \u00a0\u00a0\u00a0\u00a0\u00a0\u00a0\u00a0\u00a0\u00a0\u00a0\u00a0\u00a0\u00a0\u00a0\u00a0\u00a0\u00a0\u00a0\u00a0\u00a0\u00a0\u00a0\u00a0\u00a0\u00a0\u00a0\u00a0\u00a0\u00a0\u00a0\u00a0\u00a0\u00a0\u00a0\u00a0\u00a0\u00a0\u00a0\u00a0\u00a0\u00a0V\u00f6. Iz 30, 19. 30 Sion n\u00e9pe, \u00edme j\u00f6n az \u00dar, hogy megmentse a nemzeteket, \u00e9s hallani fogj\u00e1tok dics\u0151s\u00e9ges szav\u00e1t, sz\u00edvetek \u00f6r\u00f6m\u00e9t. OLVASM\u00c1NY\u00a0\u00a0\u00a0\u00a0\u00a0\u00a0\u00a0\u00a0\u00a0\u00a0\u00a0\u00a0\u00a0\u00a0\u00a0\u00a0\u00a0\u00a0\u00a0\u00a0\u00a0\u00a0\u00a0\u00a0\u00a0\u00a0\u00a0\u00a0\u00a0\u00a0\u00a0\u00a0\u00a0\u00a0\u00a0\u00a0\u00a0\u00a0\u00a0\u00a0\u00a0\u00a0\u00a0\u00a0\u00a0\u00a0\u00a0\u00a0\u00a0\u00a0\u00a0\u00a0\u00a0 \u00a0\u00a0\u00a0\u00a0\u00a0B\u00e1r 5, 1\u20139 A fogs\u00e1gba hurcolt zsid\u00f3 n\u00e9pnek sok szenved\u00e9sben \u00e9s megal\u00e1ztat\u00e1sban volt r\u00e9sze. Isten azonban pr\u00f3f\u00e9t\u00e1ja \u00e1ltal \u00f6r\u00f6mh\u00edrt k\u00fcld\u00f6tt nekik: v\u00e9get \u00e9r fogs\u00e1guk, visszat\u00e9rhetnek haz\u00e1jukba. Mindenki rem\u00e9lheti az \u00dar irgalm\u00e1t \u00e9s seg\u00edts\u00e9g\u00e9t, aki b\u00edzik \u0151benne. V\u00c1LASZOS ZSOLT\u00c1R \u00a0\u00a0\u00a0\u00a0\u00a0\u00a0\u00a0\u00a0\u00a0\u00a0\u00a0\u00a0\u00a0\u00a0\u00a0\u00a0\u00a0\u00a0\u00a0\u00a0\u00a0\u00a0\u00a0\u00a0\u00a0\u00a0\u00a0\u00a0\u00a0\u00a0\u00a0\u00a0\u00a0\u00a0\u00a0125. Zsolt\u00e1r V\u00e1lasz: Hatalmas dolgot m\u0171velt az \u00dar v\u00e9l\u00fcnk, * az\u00e9rt sz\u00edvb\u0151l ujjongunk. SZENTLECKE\u00a0\u00a0 \u00a0\u00a0\u00a0\u00a0\u00a0\u00a0\u00a0\u00a0\u00a0\u00a0\u00a0\u00a0\u00a0\u00a0\u00a0\u00a0\u00a0\u00a0\u00a0\u00a0\u00a0\u00a0\u00a0\u00a0\u00a0\u00a0\u00a0\u00a0\u00a0\u00a0\u00a0\u00a0\u00a0\u00a0\u00a0\u00a0\u00a0\u00a0\u00a0\u00a0\u00a0\u00a0Fil 1,4\u20136. 8\u201311 Szent P\u00e1l megk\u00fcl\u00f6nb\u00f6ztetett m\u00f3don szerette filippi h\u00edveit, mert n\u00e1luk j\u00f3 talajba hullott az evang\u00e9lium magja. Az Apostol azt k\u00e9ri sz\u00e1mukra, hogy tov\u00e1bbra is n\u00f6vekedjenek a kereszt\u00e9ny er\u00e9nyekben. \u00cdgy majd \u00e9rdemekben gazdagon \u00e1llhatnak az \u00dar el\u00e9. ALLELUJA\u00a0\u00a0\u00a0\u00a0\u00a0\u00a0\u00a0\u00a0\u00a0\u00a0\u00a0\u00a0\u00a0\u00a0\u00a0\u00a0\u00a0\u00a0\u00a0\u00a0\u00a0\u00a0\u00a0\u00a0 \u00a0\u00a0\u00a0\u00a0\u00a0\u00a0\u00a0\u00a0\u00a0\u00a0\u00a0\u00a0\u00a0\u00a0\u00a0\u00a0\u00a0\u00a0\u00a0\u00a0\u00a0\u00a0\u00a0\u00a0\u00a0\u00a0\u00a0\u00a0\u00a0\u00a0\u00a0\u00a0\u00a0\u00a0\u00a0\u00a0\u00a0\u00a0\u00a0\u00a0\u00a0\u00a0\u00a0\u00a0Lk 3 4. 6 K\u00e9sz\u00edts\u00e9tek el\u0151 az \u00dar \u00fatj\u00e1t!\u00a0 +\u00a0 Egyengess\u00e9tek \u00f6sv\u00e9ny\u00e9t, * \u00e9s minden ember megl\u00e1tja az \u00dcdv\u00f6z\u00edt\u0151t, akit elk\u00fcld az Isten. EVANG\u00c9LIUM\u00a0\u00a0\u00a0\u00a0\u00a0\u00a0\u00a0\u00a0\u00a0\u00a0\u00a0\u00a0\u00a0\u00a0\u00a0\u00a0\u00a0\u00a0\u00a0\u00a0\u00a0\u00a0\u00a0\u00a0\u00a0\u00a0\u00a0\u00a0\u00a0\u00a0\u00a0\u00a0\u00a0\u00a0\u00a0\u00a0\u00a0\u00a0\u00a0\u00a0\u00a0\u00a0\u00a0\u00a0\u00a0\u00a0\u00a0\u00a0\u00a0\u00a0\u00a0 Lk 3, 1\u20136 Szent Luk\u00e1cs t\u00f6rt\u00e9nelmi keretbe helyezi a Keresztel\u00f3 fell\u00e9p\u00e9s\u00e9t, amikor arr\u00f3l tud\u00f3s\u00edt, hogy Szent J\u00e1nos Poncius Pil\u00e1tus, Her\u00f3des, F\u00fcl\u00f6p, Lizini\u00e1sz, Annas \u00e9s Kaif\u00e1s uralkod\u00e1sa idej\u00e9n kezdte el m\u0171k\u00f6d\u00e9s\u00e9t. J\u00e1nos a pr\u00f3f\u00e9ta szav\u00e1val b\u0171nb\u00e1natra buzd\u00edtja az embereket: \u201eA v\u00f6lgyeket t\u00f6lts\u00e9tek fel, a hegyeket, a halmokat hordj\u00e1tok el!\u201d A b\u0171nb\u00e1nat teszi az embert ugyanis alkalmass\u00e1 arra, hogy b\u0171n\u00f6s v\u00e1gyait\u00f3l megszabaduljon, \u00e9s k\u00e9szs\u00e9ges l\u00e9lekkel fogadja el Isten akarat\u00e1t. AZ EUCHARISZTI\u00c1HOZ A szent \u00e1ldozatban Krisztussal, a Megv\u00e1lt\u00f3val tal\u00e1lkozunk. Az Euchariszti\u00e1b\u00f3l \u00e1rad r\u00e1nk folyton a megv\u00e1lt\u00e1s kegyelme. Kereszt\u00e9ny \u00e9let\u00fcnk k\u00f6zpontja legyen a szentmise \u00e9s a szent\u00e1ldoz\u00e1s. Itt kapunk er\u0151t ahhoz, hogy hit\u00fcnkr\u0151l szavainkkal \u00e9s tetteinkkel tan\u00faskodhassunk. \u00c1LDOZ\u00c1SI \u00c9NEK\u00a0\u00a0\u00a0\u00a0\u00a0\u00a0\u00a0\u00a0\u00a0\u00a0\u00a0\u00a0\u00a0\u00a0\u00a0\u00a0\u00a0\u00a0\u00a0\u00a0\u00a0\u00a0 \u00a0\u00a0\u00a0\u00a0\u00a0\u00a0\u00a0\u00a0\u00a0\u00a0\u00a0\u00a0\u00a0\u00a0\u00a0\u00a0\u00a0\u00a0\u00a0B\u00e1r 5 , 5; 4, 36 Kelj f\u00f6l, Jeruzs\u00e1lem, \u00e1llj a magaslatra, \u00e9s n\u00e9zd az \u00f6r\u00f6met, amely Istent\u0151l... R\u00e9szletek\" \/>\n<meta property=\"og:url\" content=\"https:\/\/stuttgarti-katolikusok.de\/index.php\/advent-1-es-2-vasarnapja\/\" \/>\n<meta property=\"og:site_name\" content=\"Stuttgarti Katolikusok\" \/>\n<meta property=\"article:published_time\" content=\"2018-12-03T11:58:34+00:00\" \/>\n<meta property=\"article:modified_time\" content=\"2018-12-04T19:39:55+00:00\" \/>\n<meta name=\"author\" content=\"Tibor atya\" \/>\n<meta name=\"twitter:card\" content=\"summary_large_image\" \/>\n<meta name=\"twitter:label1\" content=\"Szerz\u0151:\" \/>\n\t<meta name=\"twitter:data1\" content=\"Tibor atya\" \/>\n\t<meta name=\"twitter:label2\" content=\"Becs\u00fclt olvas\u00e1si id\u0151\" \/>\n\t<meta name=\"twitter:data2\" content=\"10 perc\" \/>\n<script type=\"application\/ld+json\" class=\"yoast-schema-graph\">{\"@context\":\"https:\\\/\\\/schema.org\",\"@graph\":[{\"@type\":\"Article\",\"@id\":\"https:\\\/\\\/stuttgarti-katolikusok.de\\\/index.php\\\/advent-1-es-2-vasarnapja\\\/#article\",\"isPartOf\":{\"@id\":\"https:\\\/\\\/stuttgarti-katolikusok.de\\\/index.php\\\/advent-1-es-2-vasarnapja\\\/\"},\"author\":{\"name\":\"Tibor atya\",\"@id\":\"https:\\\/\\\/stuttgarti-katolikusok.de\\\/#\\\/schema\\\/person\\\/75908d6f8fdc03a57889d27209df7795\"},\"headline\":\"Advent 1. \u00e9s 2. vas\u00e1rnapja\",\"datePublished\":\"2018-12-03T11:58:34+00:00\",\"dateModified\":\"2018-12-04T19:39:55+00:00\",\"mainEntityOfPage\":{\"@id\":\"https:\\\/\\\/stuttgarti-katolikusok.de\\\/index.php\\\/advent-1-es-2-vasarnapja\\\/\"},\"wordCount\":2033,\"articleSection\":[\"Vas\u00e1rnapi gondolatok\"],\"inLanguage\":\"hu\"},{\"@type\":\"WebPage\",\"@id\":\"https:\\\/\\\/stuttgarti-katolikusok.de\\\/index.php\\\/advent-1-es-2-vasarnapja\\\/\",\"url\":\"https:\\\/\\\/stuttgarti-katolikusok.de\\\/index.php\\\/advent-1-es-2-vasarnapja\\\/\",\"name\":\"Advent 1. \u00e9s 2. vas\u00e1rnapja - Stuttgarti Katolikusok\",\"isPartOf\":{\"@id\":\"https:\\\/\\\/stuttgarti-katolikusok.de\\\/#website\"},\"datePublished\":\"2018-12-03T11:58:34+00:00\",\"dateModified\":\"2018-12-04T19:39:55+00:00\",\"author\":{\"@id\":\"https:\\\/\\\/stuttgarti-katolikusok.de\\\/#\\\/schema\\\/person\\\/75908d6f8fdc03a57889d27209df7795\"},\"breadcrumb\":{\"@id\":\"https:\\\/\\\/stuttgarti-katolikusok.de\\\/index.php\\\/advent-1-es-2-vasarnapja\\\/#breadcrumb\"},\"inLanguage\":\"hu\",\"potentialAction\":[{\"@type\":\"ReadAction\",\"target\":[\"https:\\\/\\\/stuttgarti-katolikusok.de\\\/index.php\\\/advent-1-es-2-vasarnapja\\\/\"]}]},{\"@type\":\"BreadcrumbList\",\"@id\":\"https:\\\/\\\/stuttgarti-katolikusok.de\\\/index.php\\\/advent-1-es-2-vasarnapja\\\/#breadcrumb\",\"itemListElement\":[{\"@type\":\"ListItem\",\"position\":1,\"name\":\"Kezd\u0151lap\",\"item\":\"https:\\\/\\\/stuttgarti-katolikusok.de\\\/\"},{\"@type\":\"ListItem\",\"position\":2,\"name\":\"Advent 1. \u00e9s 2. vas\u00e1rnapja\"}]},{\"@type\":\"WebSite\",\"@id\":\"https:\\\/\\\/stuttgarti-katolikusok.de\\\/#website\",\"url\":\"https:\\\/\\\/stuttgarti-katolikusok.de\\\/\",\"name\":\"Stuttgarti Katolikusok\",\"description\":\"\",\"potentialAction\":[{\"@type\":\"SearchAction\",\"target\":{\"@type\":\"EntryPoint\",\"urlTemplate\":\"https:\\\/\\\/stuttgarti-katolikusok.de\\\/?s={search_term_string}\"},\"query-input\":{\"@type\":\"PropertyValueSpecification\",\"valueRequired\":true,\"valueName\":\"search_term_string\"}}],\"inLanguage\":\"hu\"},{\"@type\":\"Person\",\"@id\":\"https:\\\/\\\/stuttgarti-katolikusok.de\\\/#\\\/schema\\\/person\\\/75908d6f8fdc03a57889d27209df7795\",\"name\":\"Tibor atya\",\"image\":{\"@type\":\"ImageObject\",\"inLanguage\":\"hu\",\"@id\":\"https:\\\/\\\/secure.gravatar.com\\\/avatar\\\/61d268e57d1f4525b111222e29d2d5a7f8c420fdbf231ba5566a8ceac74fa960?s=96&d=mm&r=g\",\"url\":\"https:\\\/\\\/secure.gravatar.com\\\/avatar\\\/61d268e57d1f4525b111222e29d2d5a7f8c420fdbf231ba5566a8ceac74fa960?s=96&d=mm&r=g\",\"contentUrl\":\"https:\\\/\\\/secure.gravatar.com\\\/avatar\\\/61d268e57d1f4525b111222e29d2d5a7f8c420fdbf231ba5566a8ceac74fa960?s=96&d=mm&r=g\",\"caption\":\"Tibor atya\"},\"url\":\"https:\\\/\\\/stuttgarti-katolikusok.de\\\/index.php\\\/author\\\/tibor-atya\\\/\"}]}<\/script>\n<!-- \/ Yoast SEO plugin. -->","yoast_head_json":{"title":"Advent 1. \u00e9s 2. vas\u00e1rnapja - Stuttgarti Katolikusok","robots":{"index":"index","follow":"follow","max-snippet":"max-snippet:-1","max-image-preview":"max-image-preview:large","max-video-preview":"max-video-preview:-1"},"canonical":"https:\/\/stuttgarti-katolikusok.de\/index.php\/advent-1-es-2-vasarnapja\/","og_locale":"hu_HU","og_type":"article","og_title":"Advent 1. \u00e9s 2. vas\u00e1rnapja - Stuttgarti Katolikusok","og_description":"2018. december 9. ADVENT 2. VAS\u00c1RNAPJA A kereszt\u00e9ny ember nem egyed\u00fcl j\u00e1rja az \u00fcdv\u00f6ss\u00e9g \u00fatj\u00e1t. Egy\u00fctt halad h\u00edv\u0151 \u00e9s rem\u00e9nyked\u0151 embert\u00e1rsaival. Ez\u00e9rt nem csup\u00e1n \u00f6nmag\u00e1\u00e9rt felel\u0151s, hanem m\u00e1sok\u00e9rt is. Meg kell teh\u00e1t osztania \u00f6r\u00f6m\u00e9t, hit\u00e9t, rem\u00e9ny\u00e9t \u00e9s szeretet\u00e9t. KEZD\u0150\u00c9NEK\u00a0\u00a0 \u00a0\u00a0\u00a0\u00a0\u00a0\u00a0\u00a0\u00a0\u00a0\u00a0\u00a0\u00a0\u00a0\u00a0\u00a0\u00a0\u00a0\u00a0\u00a0\u00a0\u00a0\u00a0\u00a0\u00a0\u00a0\u00a0\u00a0\u00a0\u00a0\u00a0\u00a0\u00a0\u00a0\u00a0\u00a0\u00a0\u00a0\u00a0\u00a0\u00a0\u00a0V\u00f6. Iz 30, 19. 30 Sion n\u00e9pe, \u00edme j\u00f6n az \u00dar, hogy megmentse a nemzeteket, \u00e9s hallani fogj\u00e1tok dics\u0151s\u00e9ges szav\u00e1t, sz\u00edvetek \u00f6r\u00f6m\u00e9t. OLVASM\u00c1NY\u00a0\u00a0\u00a0\u00a0\u00a0\u00a0\u00a0\u00a0\u00a0\u00a0\u00a0\u00a0\u00a0\u00a0\u00a0\u00a0\u00a0\u00a0\u00a0\u00a0\u00a0\u00a0\u00a0\u00a0\u00a0\u00a0\u00a0\u00a0\u00a0\u00a0\u00a0\u00a0\u00a0\u00a0\u00a0\u00a0\u00a0\u00a0\u00a0\u00a0\u00a0\u00a0\u00a0\u00a0\u00a0\u00a0\u00a0\u00a0\u00a0\u00a0\u00a0\u00a0\u00a0 \u00a0\u00a0\u00a0\u00a0\u00a0B\u00e1r 5, 1\u20139 A fogs\u00e1gba hurcolt zsid\u00f3 n\u00e9pnek sok szenved\u00e9sben \u00e9s megal\u00e1ztat\u00e1sban volt r\u00e9sze. Isten azonban pr\u00f3f\u00e9t\u00e1ja \u00e1ltal \u00f6r\u00f6mh\u00edrt k\u00fcld\u00f6tt nekik: v\u00e9get \u00e9r fogs\u00e1guk, visszat\u00e9rhetnek haz\u00e1jukba. Mindenki rem\u00e9lheti az \u00dar irgalm\u00e1t \u00e9s seg\u00edts\u00e9g\u00e9t, aki b\u00edzik \u0151benne. V\u00c1LASZOS ZSOLT\u00c1R \u00a0\u00a0\u00a0\u00a0\u00a0\u00a0\u00a0\u00a0\u00a0\u00a0\u00a0\u00a0\u00a0\u00a0\u00a0\u00a0\u00a0\u00a0\u00a0\u00a0\u00a0\u00a0\u00a0\u00a0\u00a0\u00a0\u00a0\u00a0\u00a0\u00a0\u00a0\u00a0\u00a0\u00a0\u00a0125. Zsolt\u00e1r V\u00e1lasz: Hatalmas dolgot m\u0171velt az \u00dar v\u00e9l\u00fcnk, * az\u00e9rt sz\u00edvb\u0151l ujjongunk. SZENTLECKE\u00a0\u00a0 \u00a0\u00a0\u00a0\u00a0\u00a0\u00a0\u00a0\u00a0\u00a0\u00a0\u00a0\u00a0\u00a0\u00a0\u00a0\u00a0\u00a0\u00a0\u00a0\u00a0\u00a0\u00a0\u00a0\u00a0\u00a0\u00a0\u00a0\u00a0\u00a0\u00a0\u00a0\u00a0\u00a0\u00a0\u00a0\u00a0\u00a0\u00a0\u00a0\u00a0\u00a0\u00a0Fil 1,4\u20136. 8\u201311 Szent P\u00e1l megk\u00fcl\u00f6nb\u00f6ztetett m\u00f3don szerette filippi h\u00edveit, mert n\u00e1luk j\u00f3 talajba hullott az evang\u00e9lium magja. Az Apostol azt k\u00e9ri sz\u00e1mukra, hogy tov\u00e1bbra is n\u00f6vekedjenek a kereszt\u00e9ny er\u00e9nyekben. \u00cdgy majd \u00e9rdemekben gazdagon \u00e1llhatnak az \u00dar el\u00e9. ALLELUJA\u00a0\u00a0\u00a0\u00a0\u00a0\u00a0\u00a0\u00a0\u00a0\u00a0\u00a0\u00a0\u00a0\u00a0\u00a0\u00a0\u00a0\u00a0\u00a0\u00a0\u00a0\u00a0\u00a0\u00a0 \u00a0\u00a0\u00a0\u00a0\u00a0\u00a0\u00a0\u00a0\u00a0\u00a0\u00a0\u00a0\u00a0\u00a0\u00a0\u00a0\u00a0\u00a0\u00a0\u00a0\u00a0\u00a0\u00a0\u00a0\u00a0\u00a0\u00a0\u00a0\u00a0\u00a0\u00a0\u00a0\u00a0\u00a0\u00a0\u00a0\u00a0\u00a0\u00a0\u00a0\u00a0\u00a0\u00a0\u00a0Lk 3 4. 6 K\u00e9sz\u00edts\u00e9tek el\u0151 az \u00dar \u00fatj\u00e1t!\u00a0 +\u00a0 Egyengess\u00e9tek \u00f6sv\u00e9ny\u00e9t, * \u00e9s minden ember megl\u00e1tja az \u00dcdv\u00f6z\u00edt\u0151t, akit elk\u00fcld az Isten. EVANG\u00c9LIUM\u00a0\u00a0\u00a0\u00a0\u00a0\u00a0\u00a0\u00a0\u00a0\u00a0\u00a0\u00a0\u00a0\u00a0\u00a0\u00a0\u00a0\u00a0\u00a0\u00a0\u00a0\u00a0\u00a0\u00a0\u00a0\u00a0\u00a0\u00a0\u00a0\u00a0\u00a0\u00a0\u00a0\u00a0\u00a0\u00a0\u00a0\u00a0\u00a0\u00a0\u00a0\u00a0\u00a0\u00a0\u00a0\u00a0\u00a0\u00a0\u00a0\u00a0\u00a0 Lk 3, 1\u20136 Szent Luk\u00e1cs t\u00f6rt\u00e9nelmi keretbe helyezi a Keresztel\u00f3 fell\u00e9p\u00e9s\u00e9t, amikor arr\u00f3l tud\u00f3s\u00edt, hogy Szent J\u00e1nos Poncius Pil\u00e1tus, Her\u00f3des, F\u00fcl\u00f6p, Lizini\u00e1sz, Annas \u00e9s Kaif\u00e1s uralkod\u00e1sa idej\u00e9n kezdte el m\u0171k\u00f6d\u00e9s\u00e9t. J\u00e1nos a pr\u00f3f\u00e9ta szav\u00e1val b\u0171nb\u00e1natra buzd\u00edtja az embereket: \u201eA v\u00f6lgyeket t\u00f6lts\u00e9tek fel, a hegyeket, a halmokat hordj\u00e1tok el!\u201d A b\u0171nb\u00e1nat teszi az embert ugyanis alkalmass\u00e1 arra, hogy b\u0171n\u00f6s v\u00e1gyait\u00f3l megszabaduljon, \u00e9s k\u00e9szs\u00e9ges l\u00e9lekkel fogadja el Isten akarat\u00e1t. AZ EUCHARISZTI\u00c1HOZ A szent \u00e1ldozatban Krisztussal, a Megv\u00e1lt\u00f3val tal\u00e1lkozunk. Az Euchariszti\u00e1b\u00f3l \u00e1rad r\u00e1nk folyton a megv\u00e1lt\u00e1s kegyelme. Kereszt\u00e9ny \u00e9let\u00fcnk k\u00f6zpontja legyen a szentmise \u00e9s a szent\u00e1ldoz\u00e1s. Itt kapunk er\u0151t ahhoz, hogy hit\u00fcnkr\u0151l szavainkkal \u00e9s tetteinkkel tan\u00faskodhassunk. \u00c1LDOZ\u00c1SI \u00c9NEK\u00a0\u00a0\u00a0\u00a0\u00a0\u00a0\u00a0\u00a0\u00a0\u00a0\u00a0\u00a0\u00a0\u00a0\u00a0\u00a0\u00a0\u00a0\u00a0\u00a0\u00a0\u00a0 \u00a0\u00a0\u00a0\u00a0\u00a0\u00a0\u00a0\u00a0\u00a0\u00a0\u00a0\u00a0\u00a0\u00a0\u00a0\u00a0\u00a0\u00a0\u00a0B\u00e1r 5 , 5; 4, 36 Kelj f\u00f6l, Jeruzs\u00e1lem, \u00e1llj a magaslatra, \u00e9s n\u00e9zd az \u00f6r\u00f6met, amely Istent\u0151l... R\u00e9szletek","og_url":"https:\/\/stuttgarti-katolikusok.de\/index.php\/advent-1-es-2-vasarnapja\/","og_site_name":"Stuttgarti Katolikusok","article_published_time":"2018-12-03T11:58:34+00:00","article_modified_time":"2018-12-04T19:39:55+00:00","author":"Tibor atya","twitter_card":"summary_large_image","twitter_misc":{"Szerz\u0151:":"Tibor atya","Becs\u00fclt olvas\u00e1si id\u0151":"10 perc"},"schema":{"@context":"https:\/\/schema.org","@graph":[{"@type":"Article","@id":"https:\/\/stuttgarti-katolikusok.de\/index.php\/advent-1-es-2-vasarnapja\/#article","isPartOf":{"@id":"https:\/\/stuttgarti-katolikusok.de\/index.php\/advent-1-es-2-vasarnapja\/"},"author":{"name":"Tibor atya","@id":"https:\/\/stuttgarti-katolikusok.de\/#\/schema\/person\/75908d6f8fdc03a57889d27209df7795"},"headline":"Advent 1. \u00e9s 2. vas\u00e1rnapja","datePublished":"2018-12-03T11:58:34+00:00","dateModified":"2018-12-04T19:39:55+00:00","mainEntityOfPage":{"@id":"https:\/\/stuttgarti-katolikusok.de\/index.php\/advent-1-es-2-vasarnapja\/"},"wordCount":2033,"articleSection":["Vas\u00e1rnapi gondolatok"],"inLanguage":"hu"},{"@type":"WebPage","@id":"https:\/\/stuttgarti-katolikusok.de\/index.php\/advent-1-es-2-vasarnapja\/","url":"https:\/\/stuttgarti-katolikusok.de\/index.php\/advent-1-es-2-vasarnapja\/","name":"Advent 1. \u00e9s 2. vas\u00e1rnapja - Stuttgarti Katolikusok","isPartOf":{"@id":"https:\/\/stuttgarti-katolikusok.de\/#website"},"datePublished":"2018-12-03T11:58:34+00:00","dateModified":"2018-12-04T19:39:55+00:00","author":{"@id":"https:\/\/stuttgarti-katolikusok.de\/#\/schema\/person\/75908d6f8fdc03a57889d27209df7795"},"breadcrumb":{"@id":"https:\/\/stuttgarti-katolikusok.de\/index.php\/advent-1-es-2-vasarnapja\/#breadcrumb"},"inLanguage":"hu","potentialAction":[{"@type":"ReadAction","target":["https:\/\/stuttgarti-katolikusok.de\/index.php\/advent-1-es-2-vasarnapja\/"]}]},{"@type":"BreadcrumbList","@id":"https:\/\/stuttgarti-katolikusok.de\/index.php\/advent-1-es-2-vasarnapja\/#breadcrumb","itemListElement":[{"@type":"ListItem","position":1,"name":"Kezd\u0151lap","item":"https:\/\/stuttgarti-katolikusok.de\/"},{"@type":"ListItem","position":2,"name":"Advent 1. \u00e9s 2. vas\u00e1rnapja"}]},{"@type":"WebSite","@id":"https:\/\/stuttgarti-katolikusok.de\/#website","url":"https:\/\/stuttgarti-katolikusok.de\/","name":"Stuttgarti Katolikusok","description":"","potentialAction":[{"@type":"SearchAction","target":{"@type":"EntryPoint","urlTemplate":"https:\/\/stuttgarti-katolikusok.de\/?s={search_term_string}"},"query-input":{"@type":"PropertyValueSpecification","valueRequired":true,"valueName":"search_term_string"}}],"inLanguage":"hu"},{"@type":"Person","@id":"https:\/\/stuttgarti-katolikusok.de\/#\/schema\/person\/75908d6f8fdc03a57889d27209df7795","name":"Tibor atya","image":{"@type":"ImageObject","inLanguage":"hu","@id":"https:\/\/secure.gravatar.com\/avatar\/61d268e57d1f4525b111222e29d2d5a7f8c420fdbf231ba5566a8ceac74fa960?s=96&d=mm&r=g","url":"https:\/\/secure.gravatar.com\/avatar\/61d268e57d1f4525b111222e29d2d5a7f8c420fdbf231ba5566a8ceac74fa960?s=96&d=mm&r=g","contentUrl":"https:\/\/secure.gravatar.com\/avatar\/61d268e57d1f4525b111222e29d2d5a7f8c420fdbf231ba5566a8ceac74fa960?s=96&d=mm&r=g","caption":"Tibor atya"},"url":"https:\/\/stuttgarti-katolikusok.de\/index.php\/author\/tibor-atya\/"}]}},"_links":{"self":[{"href":"https:\/\/stuttgarti-katolikusok.de\/index.php\/wp-json\/wp\/v2\/posts\/15559","targetHints":{"allow":["GET"]}}],"collection":[{"href":"https:\/\/stuttgarti-katolikusok.de\/index.php\/wp-json\/wp\/v2\/posts"}],"about":[{"href":"https:\/\/stuttgarti-katolikusok.de\/index.php\/wp-json\/wp\/v2\/types\/post"}],"author":[{"embeddable":true,"href":"https:\/\/stuttgarti-katolikusok.de\/index.php\/wp-json\/wp\/v2\/users\/3"}],"replies":[{"embeddable":true,"href":"https:\/\/stuttgarti-katolikusok.de\/index.php\/wp-json\/wp\/v2\/comments?post=15559"}],"version-history":[{"count":3,"href":"https:\/\/stuttgarti-katolikusok.de\/index.php\/wp-json\/wp\/v2\/posts\/15559\/revisions"}],"predecessor-version":[{"id":15563,"href":"https:\/\/stuttgarti-katolikusok.de\/index.php\/wp-json\/wp\/v2\/posts\/15559\/revisions\/15563"}],"wp:attachment":[{"href":"https:\/\/stuttgarti-katolikusok.de\/index.php\/wp-json\/wp\/v2\/media?parent=15559"}],"wp:term":[{"taxonomy":"category","embeddable":true,"href":"https:\/\/stuttgarti-katolikusok.de\/index.php\/wp-json\/wp\/v2\/categories?post=15559"},{"taxonomy":"post_tag","embeddable":true,"href":"https:\/\/stuttgarti-katolikusok.de\/index.php\/wp-json\/wp\/v2\/tags?post=15559"}],"curies":[{"name":"wp","href":"https:\/\/api.w.org\/{rel}","templated":true}]}}