{"id":15525,"date":"2018-12-03T08:40:05","date_gmt":"2018-12-03T08:40:05","guid":{"rendered":"https:\/\/gracious-dewdney.138-201-221-2.plesk.page\/?p=15525"},"modified":"2020-04-27T16:24:48","modified_gmt":"2020-04-27T16:24:48","slug":"programelozetes-december-3-es-9-kozott","status":"publish","type":"post","link":"https:\/\/stuttgarti-katolikusok.de\/index.php\/programelozetes-december-3-es-9-kozott\/","title":{"rendered":"Programel\u0151zetes december 3 \u00e9s 9 k\u00f6z\u00f6tt"},"content":{"rendered":"<p><strong>Programel\u0151zetes<\/strong><\/p>\n<p><strong>December 5-\u00e9n,<\/strong> szerd\u00e1n,<\/p>\n<p><strong>\u00a0\u00a0\u00a0\u00a0\u00a0\u00a0\u00a0\u00a0\u00a0\u00a0\u00a0 Stuttgartban <\/strong>10.15 \u00f3rakor <em>n\u00e9metnyelv\u0171 szentmise.<\/em><\/p>\n<p style=\"text-align: center;\">*<\/p>\n<p><strong>December 6-\u00e1n, <\/strong>cs\u00fct\u00f6rt\u00f6k\u00f6n,<\/p>\n<p><strong>\u00a0\u00a0\u00a0\u00a0\u00a0\u00a0\u00a0\u00a0\u00a0\u00a0\u00a0 Ulmi d\u00e9lut\u00e1n,<\/strong> 17.30 \u00f3rakor <em>r\u00f3zsaf\u00fcz\u00e9r-\u00e1jtatoss\u00e1g<\/em>, ut\u00e1na <em>szentmise<\/em>.<\/p>\n<p style=\"text-align: center;\">*<\/p>\n<p><strong>December 7-\u00e9n, <\/strong>p\u00e9nteken,<\/p>\n<p><strong>\u00a0 \u00a0 \u00a0 \u00a0 \u00a0 \u00a0 Stuttgartban<\/strong> 8.00 \u00f3rakor <em>r\u00f3r\u00e1t\u00e9-szentmise. <\/em>Ut\u00e1na <em>k\u00f6z\u00f6s reggeli a pl\u00e9b\u00e1ni\u00e1n.<\/em><\/p>\n<p><strong>\u00a0\u00a0\u00a0\u00a0\u00a0\u00a0\u00a0\u00a0\u00a0\u00a0\u00a0 Weingarteni d\u00e9lut\u00e1n<\/strong> a Marien-Kirche-ben. 17.30 \u00f3rakor <em>r\u00f3zsaf\u00fcz\u00e9r-\u00e1jtatoss\u00e1g, <\/em>ut\u00e1na \u00a0<em>szentmise. <\/em><\/p>\n<p style=\"text-align: center;\">*<\/p>\n<p><strong>December 8-\u00e1n, <\/strong>szombaton, <em>Szepl\u0151telen fogantat\u00e1s \u00dcnnep\u00e9n,<\/em><\/p>\n<p><strong>\u00a0 \u00a0 \u00a0 \u00a0 \u00a0 \u00a0Weingartenben<\/strong> 7.00 \u00f3rakor a 14 Nothelfer Kapelle-ben <em>r\u00f3r\u00e1t\u00e9-szentmise,<\/em> ut\u00e1na lehet\u0151s\u00e9g <em>k\u00f6z\u00f6s reggelire.<\/em><\/p>\n<p><strong>\u00a0 \u00a0 \u00a0 \u00a0 \u00a0 \u00a0Friedrichshafenben<\/strong> 17.00 \u00f3rakor <em>szentmise<\/em>. Ut\u00e1na <em>\u00e1g\u00e1p\u00e9.<\/em><\/p>\n<p style=\"text-align: center;\">*<\/p>\n<p><strong>December\u00a0 9-\u00e9n, <\/strong>\u00e9vk\u00f6zi Advent 2. vas\u00e1rnapj\u00e1n,<\/p>\n<p><strong>\u00a0\u00a0\u00a0\u00a0\u00a0\u00a0\u00a0\u00a0\u00a0\u00a0\u00a0 <\/strong><strong>Weingartenben<\/strong> a 14 Nothelfer Kapelle-ben 10.00 \u00f3rakor <em>szentmise<\/em>, ut\u00e1na <em>\u00e1g\u00e1p\u00e9<\/em>.<\/p>\n<p><strong>\u00a0 \u00a0 \u00a0 \u00a0 \u00a0 \u00a0Ulmban<\/strong> 15.00 \u00f3rakor <em>szentmise<\/em>, ut\u00e1na <em>\u00e1g\u00e1p\u00e9<\/em>.<\/p>\n<p style=\"text-align: center;\">*<\/p>\n<p>Minden helyen mindenkit szeretettel v\u00e1r a k\u00f6z\u00f6ss\u00e9g Imre atya \u00e9s Tibor atya!<\/p>\n<p><em>\u201eAdvent akkor van, amikor a nagy gyermekszemek szokatlanul ragyognak, \u00e9s r\u00e1nk is \u00e1tragad a Kar\u00e1csonyra val\u00f3 k\u00e9sz\u00fclet \u00f6r\u00f6me.\u201c<\/em> (Gudrun Kropp<strong> &#8211; *1955 \u2013 n\u00e9met \u00edr\u00f3n<\/strong><strong>\u0151) <\/strong><\/p>\n<p><em>\u00a0<\/em><\/p>\n<p><strong><em>Bens\u0151s\u00e9ges adventi napokat, j\u00f3 munk\u00e1t, tartalmas besz\u00e9lget\u00e9seket \u00e9s \u00f6r\u00f6mteli tal\u00e1lkoz\u00e1sokat k\u00edv\u00e1nunk minden Kedves H\u00edv\u00fcnknek!<\/em><\/strong><\/p>\n","protected":false},"excerpt":{"rendered":"<p>Programel\u0151zetes December 5-\u00e9n, szerd\u00e1n, \u00a0\u00a0\u00a0\u00a0\u00a0\u00a0\u00a0\u00a0\u00a0\u00a0\u00a0 Stuttgartban 10.15 \u00f3rakor n\u00e9metnyelv\u0171 szentmise. * December 6-\u00e1n, cs\u00fct\u00f6rt\u00f6k\u00f6n, \u00a0\u00a0\u00a0\u00a0\u00a0\u00a0\u00a0\u00a0\u00a0\u00a0\u00a0 Ulmi d\u00e9lut\u00e1n, 17.30 \u00f3rakor r\u00f3zsaf\u00fcz\u00e9r-\u00e1jtatoss\u00e1g, ut\u00e1na szentmise. * December 7-\u00e9n, p\u00e9nteken, \u00a0 \u00a0 \u00a0 \u00a0 \u00a0 \u00a0 Stuttgartban 8.00 \u00f3rakor r\u00f3r\u00e1t\u00e9-szentmise. Ut\u00e1na k\u00f6z\u00f6s reggeli a pl\u00e9b\u00e1ni\u00e1n. \u00a0\u00a0\u00a0\u00a0\u00a0\u00a0\u00a0\u00a0\u00a0\u00a0\u00a0 Weingarteni d\u00e9lut\u00e1n a Marien-Kirche-ben. 17.30 \u00f3rakor r\u00f3zsaf\u00fcz\u00e9r-\u00e1jtatoss\u00e1g, ut\u00e1na \u00a0szentmise. * December 8-\u00e1n, szombaton, Szepl\u0151telen fogantat\u00e1s \u00dcnnep\u00e9n, \u00a0 \u00a0 \u00a0 \u00a0 \u00a0 \u00a0Weingartenben 7.00 \u00f3rakor a 14 Nothelfer Kapelle-ben r\u00f3r\u00e1t\u00e9-szentmise, ut\u00e1na lehet\u0151s\u00e9g k\u00f6z\u00f6s reggelire. \u00a0 \u00a0 \u00a0 \u00a0 \u00a0 \u00a0Friedrichshafenben 17.00 \u00f3rakor szentmise. Ut\u00e1na \u00e1g\u00e1p\u00e9. * December\u00a0 9-\u00e9n, \u00e9vk\u00f6zi Advent 2. vas\u00e1rnapj\u00e1n, \u00a0\u00a0\u00a0\u00a0\u00a0\u00a0\u00a0\u00a0\u00a0\u00a0\u00a0 Weingartenben a 14 Nothelfer Kapelle-ben 10.00 \u00f3rakor szentmise, ut\u00e1na \u00e1g\u00e1p\u00e9. \u00a0 \u00a0 \u00a0 \u00a0 \u00a0 \u00a0Ulmban 15.00 \u00f3rakor szentmise, ut\u00e1na \u00e1g\u00e1p\u00e9. * Minden helyen mindenkit szeretettel v\u00e1r a k\u00f6z\u00f6ss\u00e9g Imre atya \u00e9s Tibor atya! \u201eAdvent akkor van, amikor a nagy gyermekszemek szokatlanul ragyognak, \u00e9s r\u00e1nk is \u00e1tragad a Kar\u00e1csonyra val\u00f3 k\u00e9sz\u00fclet \u00f6r\u00f6me.\u201c (Gudrun Kropp &#8211; *1955 \u2013 n\u00e9met \u00edr\u00f3n\u0151) \u00a0 Bens\u0151s\u00e9ges adventi napokat, j\u00f3 munk\u00e1t, tartalmas besz\u00e9lget\u00e9seket \u00e9s \u00f6r\u00f6mteli tal\u00e1lkoz\u00e1sokat k\u00edv\u00e1nunk minden Kedves H\u00edv\u00fcnknek!<\/p>\n","protected":false},"author":3,"featured_media":0,"comment_status":"closed","ping_status":"closed","sticky":false,"template":"","format":"standard","meta":{"footnotes":""},"categories":[37],"tags":[],"class_list":["post-15525","post","type-post","status-publish","format-standard","hentry","category-progamelozetes"],"yoast_head":"<!-- This site is optimized with the Yoast SEO plugin v27.3 - https:\/\/yoast.com\/product\/yoast-seo-wordpress\/ -->\n<title>Programel\u0151zetes december 3 \u00e9s 9 k\u00f6z\u00f6tt - Stuttgarti Katolikusok<\/title>\n<meta name=\"robots\" content=\"index, follow, max-snippet:-1, max-image-preview:large, max-video-preview:-1\" \/>\n<link rel=\"canonical\" href=\"https:\/\/stuttgarti-katolikusok.de\/index.php\/programelozetes-december-3-es-9-kozott\/\" \/>\n<meta property=\"og:locale\" content=\"hu_HU\" \/>\n<meta property=\"og:type\" content=\"article\" \/>\n<meta property=\"og:title\" content=\"Programel\u0151zetes december 3 \u00e9s 9 k\u00f6z\u00f6tt - Stuttgarti Katolikusok\" \/>\n<meta property=\"og:description\" content=\"Programel\u0151zetes December 5-\u00e9n, szerd\u00e1n, \u00a0\u00a0\u00a0\u00a0\u00a0\u00a0\u00a0\u00a0\u00a0\u00a0\u00a0 Stuttgartban 10.15 \u00f3rakor n\u00e9metnyelv\u0171 szentmise. * December 6-\u00e1n, cs\u00fct\u00f6rt\u00f6k\u00f6n, \u00a0\u00a0\u00a0\u00a0\u00a0\u00a0\u00a0\u00a0\u00a0\u00a0\u00a0 Ulmi d\u00e9lut\u00e1n, 17.30 \u00f3rakor r\u00f3zsaf\u00fcz\u00e9r-\u00e1jtatoss\u00e1g, ut\u00e1na szentmise. * December 7-\u00e9n, p\u00e9nteken, \u00a0 \u00a0 \u00a0 \u00a0 \u00a0 \u00a0 Stuttgartban 8.00 \u00f3rakor r\u00f3r\u00e1t\u00e9-szentmise. Ut\u00e1na k\u00f6z\u00f6s reggeli a pl\u00e9b\u00e1ni\u00e1n. \u00a0\u00a0\u00a0\u00a0\u00a0\u00a0\u00a0\u00a0\u00a0\u00a0\u00a0 Weingarteni d\u00e9lut\u00e1n a Marien-Kirche-ben. 17.30 \u00f3rakor r\u00f3zsaf\u00fcz\u00e9r-\u00e1jtatoss\u00e1g, ut\u00e1na \u00a0szentmise. * December 8-\u00e1n, szombaton, Szepl\u0151telen fogantat\u00e1s \u00dcnnep\u00e9n, \u00a0 \u00a0 \u00a0 \u00a0 \u00a0 \u00a0Weingartenben 7.00 \u00f3rakor a 14 Nothelfer Kapelle-ben r\u00f3r\u00e1t\u00e9-szentmise, ut\u00e1na lehet\u0151s\u00e9g k\u00f6z\u00f6s reggelire. \u00a0 \u00a0 \u00a0 \u00a0 \u00a0 \u00a0Friedrichshafenben 17.00 \u00f3rakor szentmise. Ut\u00e1na \u00e1g\u00e1p\u00e9. * December\u00a0 9-\u00e9n, \u00e9vk\u00f6zi Advent 2. vas\u00e1rnapj\u00e1n, \u00a0\u00a0\u00a0\u00a0\u00a0\u00a0\u00a0\u00a0\u00a0\u00a0\u00a0 Weingartenben a 14 Nothelfer Kapelle-ben 10.00 \u00f3rakor szentmise, ut\u00e1na \u00e1g\u00e1p\u00e9. \u00a0 \u00a0 \u00a0 \u00a0 \u00a0 \u00a0Ulmban 15.00 \u00f3rakor szentmise, ut\u00e1na \u00e1g\u00e1p\u00e9. * Minden helyen mindenkit szeretettel v\u00e1r a k\u00f6z\u00f6ss\u00e9g Imre atya \u00e9s Tibor atya! \u201eAdvent akkor van, amikor a nagy gyermekszemek szokatlanul ragyognak, \u00e9s r\u00e1nk is \u00e1tragad a Kar\u00e1csonyra val\u00f3 k\u00e9sz\u00fclet \u00f6r\u00f6me.\u201c (Gudrun Kropp &#8211; *1955 \u2013 n\u00e9met \u00edr\u00f3n\u0151) \u00a0 Bens\u0151s\u00e9ges adventi napokat, j\u00f3 munk\u00e1t, tartalmas besz\u00e9lget\u00e9seket \u00e9s \u00f6r\u00f6mteli tal\u00e1lkoz\u00e1sokat k\u00edv\u00e1nunk minden Kedves H\u00edv\u00fcnknek!\" \/>\n<meta property=\"og:url\" content=\"https:\/\/stuttgarti-katolikusok.de\/index.php\/programelozetes-december-3-es-9-kozott\/\" \/>\n<meta property=\"og:site_name\" content=\"Stuttgarti Katolikusok\" \/>\n<meta property=\"article:published_time\" content=\"2018-12-03T08:40:05+00:00\" \/>\n<meta property=\"article:modified_time\" content=\"2020-04-27T16:24:48+00:00\" \/>\n<meta name=\"author\" content=\"Tibor atya\" \/>\n<meta name=\"twitter:card\" content=\"summary_large_image\" \/>\n<meta name=\"twitter:label1\" content=\"Szerz\u0151:\" \/>\n\t<meta name=\"twitter:data1\" content=\"Tibor atya\" \/>\n\t<meta name=\"twitter:label2\" content=\"Becs\u00fclt olvas\u00e1si id\u0151\" \/>\n\t<meta name=\"twitter:data2\" content=\"1 perc\" \/>\n<script type=\"application\/ld+json\" class=\"yoast-schema-graph\">{\"@context\":\"https:\\\/\\\/schema.org\",\"@graph\":[{\"@type\":\"Article\",\"@id\":\"https:\\\/\\\/stuttgarti-katolikusok.de\\\/index.php\\\/programelozetes-december-3-es-9-kozott\\\/#article\",\"isPartOf\":{\"@id\":\"https:\\\/\\\/stuttgarti-katolikusok.de\\\/index.php\\\/programelozetes-december-3-es-9-kozott\\\/\"},\"author\":{\"name\":\"Tibor atya\",\"@id\":\"https:\\\/\\\/stuttgarti-katolikusok.de\\\/#\\\/schema\\\/person\\\/75908d6f8fdc03a57889d27209df7795\"},\"headline\":\"Programel\u0151zetes december 3 \u00e9s 9 k\u00f6z\u00f6tt\",\"datePublished\":\"2018-12-03T08:40:05+00:00\",\"dateModified\":\"2020-04-27T16:24:48+00:00\",\"mainEntityOfPage\":{\"@id\":\"https:\\\/\\\/stuttgarti-katolikusok.de\\\/index.php\\\/programelozetes-december-3-es-9-kozott\\\/\"},\"wordCount\":212,\"articleSection\":[\"Progamel\u0151zetes\"],\"inLanguage\":\"hu\"},{\"@type\":\"WebPage\",\"@id\":\"https:\\\/\\\/stuttgarti-katolikusok.de\\\/index.php\\\/programelozetes-december-3-es-9-kozott\\\/\",\"url\":\"https:\\\/\\\/stuttgarti-katolikusok.de\\\/index.php\\\/programelozetes-december-3-es-9-kozott\\\/\",\"name\":\"Programel\u0151zetes december 3 \u00e9s 9 k\u00f6z\u00f6tt - Stuttgarti Katolikusok\",\"isPartOf\":{\"@id\":\"https:\\\/\\\/stuttgarti-katolikusok.de\\\/#website\"},\"datePublished\":\"2018-12-03T08:40:05+00:00\",\"dateModified\":\"2020-04-27T16:24:48+00:00\",\"author\":{\"@id\":\"https:\\\/\\\/stuttgarti-katolikusok.de\\\/#\\\/schema\\\/person\\\/75908d6f8fdc03a57889d27209df7795\"},\"breadcrumb\":{\"@id\":\"https:\\\/\\\/stuttgarti-katolikusok.de\\\/index.php\\\/programelozetes-december-3-es-9-kozott\\\/#breadcrumb\"},\"inLanguage\":\"hu\",\"potentialAction\":[{\"@type\":\"ReadAction\",\"target\":[\"https:\\\/\\\/stuttgarti-katolikusok.de\\\/index.php\\\/programelozetes-december-3-es-9-kozott\\\/\"]}]},{\"@type\":\"BreadcrumbList\",\"@id\":\"https:\\\/\\\/stuttgarti-katolikusok.de\\\/index.php\\\/programelozetes-december-3-es-9-kozott\\\/#breadcrumb\",\"itemListElement\":[{\"@type\":\"ListItem\",\"position\":1,\"name\":\"Kezd\u0151lap\",\"item\":\"https:\\\/\\\/stuttgarti-katolikusok.de\\\/\"},{\"@type\":\"ListItem\",\"position\":2,\"name\":\"Programel\u0151zetes december 3 \u00e9s 9 k\u00f6z\u00f6tt\"}]},{\"@type\":\"WebSite\",\"@id\":\"https:\\\/\\\/stuttgarti-katolikusok.de\\\/#website\",\"url\":\"https:\\\/\\\/stuttgarti-katolikusok.de\\\/\",\"name\":\"Stuttgarti Katolikusok\",\"description\":\"\",\"potentialAction\":[{\"@type\":\"SearchAction\",\"target\":{\"@type\":\"EntryPoint\",\"urlTemplate\":\"https:\\\/\\\/stuttgarti-katolikusok.de\\\/?s={search_term_string}\"},\"query-input\":{\"@type\":\"PropertyValueSpecification\",\"valueRequired\":true,\"valueName\":\"search_term_string\"}}],\"inLanguage\":\"hu\"},{\"@type\":\"Person\",\"@id\":\"https:\\\/\\\/stuttgarti-katolikusok.de\\\/#\\\/schema\\\/person\\\/75908d6f8fdc03a57889d27209df7795\",\"name\":\"Tibor atya\",\"image\":{\"@type\":\"ImageObject\",\"inLanguage\":\"hu\",\"@id\":\"https:\\\/\\\/secure.gravatar.com\\\/avatar\\\/61d268e57d1f4525b111222e29d2d5a7f8c420fdbf231ba5566a8ceac74fa960?s=96&d=mm&r=g\",\"url\":\"https:\\\/\\\/secure.gravatar.com\\\/avatar\\\/61d268e57d1f4525b111222e29d2d5a7f8c420fdbf231ba5566a8ceac74fa960?s=96&d=mm&r=g\",\"contentUrl\":\"https:\\\/\\\/secure.gravatar.com\\\/avatar\\\/61d268e57d1f4525b111222e29d2d5a7f8c420fdbf231ba5566a8ceac74fa960?s=96&d=mm&r=g\",\"caption\":\"Tibor atya\"},\"url\":\"https:\\\/\\\/stuttgarti-katolikusok.de\\\/index.php\\\/author\\\/tibor-atya\\\/\"}]}<\/script>\n<!-- \/ Yoast SEO plugin. -->","yoast_head_json":{"title":"Programel\u0151zetes december 3 \u00e9s 9 k\u00f6z\u00f6tt - Stuttgarti Katolikusok","robots":{"index":"index","follow":"follow","max-snippet":"max-snippet:-1","max-image-preview":"max-image-preview:large","max-video-preview":"max-video-preview:-1"},"canonical":"https:\/\/stuttgarti-katolikusok.de\/index.php\/programelozetes-december-3-es-9-kozott\/","og_locale":"hu_HU","og_type":"article","og_title":"Programel\u0151zetes december 3 \u00e9s 9 k\u00f6z\u00f6tt - Stuttgarti Katolikusok","og_description":"Programel\u0151zetes December 5-\u00e9n, szerd\u00e1n, \u00a0\u00a0\u00a0\u00a0\u00a0\u00a0\u00a0\u00a0\u00a0\u00a0\u00a0 Stuttgartban 10.15 \u00f3rakor n\u00e9metnyelv\u0171 szentmise. * December 6-\u00e1n, cs\u00fct\u00f6rt\u00f6k\u00f6n, \u00a0\u00a0\u00a0\u00a0\u00a0\u00a0\u00a0\u00a0\u00a0\u00a0\u00a0 Ulmi d\u00e9lut\u00e1n, 17.30 \u00f3rakor r\u00f3zsaf\u00fcz\u00e9r-\u00e1jtatoss\u00e1g, ut\u00e1na szentmise. * December 7-\u00e9n, p\u00e9nteken, \u00a0 \u00a0 \u00a0 \u00a0 \u00a0 \u00a0 Stuttgartban 8.00 \u00f3rakor r\u00f3r\u00e1t\u00e9-szentmise. Ut\u00e1na k\u00f6z\u00f6s reggeli a pl\u00e9b\u00e1ni\u00e1n. \u00a0\u00a0\u00a0\u00a0\u00a0\u00a0\u00a0\u00a0\u00a0\u00a0\u00a0 Weingarteni d\u00e9lut\u00e1n a Marien-Kirche-ben. 17.30 \u00f3rakor r\u00f3zsaf\u00fcz\u00e9r-\u00e1jtatoss\u00e1g, ut\u00e1na \u00a0szentmise. * December 8-\u00e1n, szombaton, Szepl\u0151telen fogantat\u00e1s \u00dcnnep\u00e9n, \u00a0 \u00a0 \u00a0 \u00a0 \u00a0 \u00a0Weingartenben 7.00 \u00f3rakor a 14 Nothelfer Kapelle-ben r\u00f3r\u00e1t\u00e9-szentmise, ut\u00e1na lehet\u0151s\u00e9g k\u00f6z\u00f6s reggelire. \u00a0 \u00a0 \u00a0 \u00a0 \u00a0 \u00a0Friedrichshafenben 17.00 \u00f3rakor szentmise. Ut\u00e1na \u00e1g\u00e1p\u00e9. * December\u00a0 9-\u00e9n, \u00e9vk\u00f6zi Advent 2. vas\u00e1rnapj\u00e1n, \u00a0\u00a0\u00a0\u00a0\u00a0\u00a0\u00a0\u00a0\u00a0\u00a0\u00a0 Weingartenben a 14 Nothelfer Kapelle-ben 10.00 \u00f3rakor szentmise, ut\u00e1na \u00e1g\u00e1p\u00e9. \u00a0 \u00a0 \u00a0 \u00a0 \u00a0 \u00a0Ulmban 15.00 \u00f3rakor szentmise, ut\u00e1na \u00e1g\u00e1p\u00e9. * Minden helyen mindenkit szeretettel v\u00e1r a k\u00f6z\u00f6ss\u00e9g Imre atya \u00e9s Tibor atya! \u201eAdvent akkor van, amikor a nagy gyermekszemek szokatlanul ragyognak, \u00e9s r\u00e1nk is \u00e1tragad a Kar\u00e1csonyra val\u00f3 k\u00e9sz\u00fclet \u00f6r\u00f6me.\u201c (Gudrun Kropp &#8211; *1955 \u2013 n\u00e9met \u00edr\u00f3n\u0151) \u00a0 Bens\u0151s\u00e9ges adventi napokat, j\u00f3 munk\u00e1t, tartalmas besz\u00e9lget\u00e9seket \u00e9s \u00f6r\u00f6mteli tal\u00e1lkoz\u00e1sokat k\u00edv\u00e1nunk minden Kedves H\u00edv\u00fcnknek!","og_url":"https:\/\/stuttgarti-katolikusok.de\/index.php\/programelozetes-december-3-es-9-kozott\/","og_site_name":"Stuttgarti Katolikusok","article_published_time":"2018-12-03T08:40:05+00:00","article_modified_time":"2020-04-27T16:24:48+00:00","author":"Tibor atya","twitter_card":"summary_large_image","twitter_misc":{"Szerz\u0151:":"Tibor atya","Becs\u00fclt olvas\u00e1si id\u0151":"1 perc"},"schema":{"@context":"https:\/\/schema.org","@graph":[{"@type":"Article","@id":"https:\/\/stuttgarti-katolikusok.de\/index.php\/programelozetes-december-3-es-9-kozott\/#article","isPartOf":{"@id":"https:\/\/stuttgarti-katolikusok.de\/index.php\/programelozetes-december-3-es-9-kozott\/"},"author":{"name":"Tibor atya","@id":"https:\/\/stuttgarti-katolikusok.de\/#\/schema\/person\/75908d6f8fdc03a57889d27209df7795"},"headline":"Programel\u0151zetes december 3 \u00e9s 9 k\u00f6z\u00f6tt","datePublished":"2018-12-03T08:40:05+00:00","dateModified":"2020-04-27T16:24:48+00:00","mainEntityOfPage":{"@id":"https:\/\/stuttgarti-katolikusok.de\/index.php\/programelozetes-december-3-es-9-kozott\/"},"wordCount":212,"articleSection":["Progamel\u0151zetes"],"inLanguage":"hu"},{"@type":"WebPage","@id":"https:\/\/stuttgarti-katolikusok.de\/index.php\/programelozetes-december-3-es-9-kozott\/","url":"https:\/\/stuttgarti-katolikusok.de\/index.php\/programelozetes-december-3-es-9-kozott\/","name":"Programel\u0151zetes december 3 \u00e9s 9 k\u00f6z\u00f6tt - Stuttgarti Katolikusok","isPartOf":{"@id":"https:\/\/stuttgarti-katolikusok.de\/#website"},"datePublished":"2018-12-03T08:40:05+00:00","dateModified":"2020-04-27T16:24:48+00:00","author":{"@id":"https:\/\/stuttgarti-katolikusok.de\/#\/schema\/person\/75908d6f8fdc03a57889d27209df7795"},"breadcrumb":{"@id":"https:\/\/stuttgarti-katolikusok.de\/index.php\/programelozetes-december-3-es-9-kozott\/#breadcrumb"},"inLanguage":"hu","potentialAction":[{"@type":"ReadAction","target":["https:\/\/stuttgarti-katolikusok.de\/index.php\/programelozetes-december-3-es-9-kozott\/"]}]},{"@type":"BreadcrumbList","@id":"https:\/\/stuttgarti-katolikusok.de\/index.php\/programelozetes-december-3-es-9-kozott\/#breadcrumb","itemListElement":[{"@type":"ListItem","position":1,"name":"Kezd\u0151lap","item":"https:\/\/stuttgarti-katolikusok.de\/"},{"@type":"ListItem","position":2,"name":"Programel\u0151zetes december 3 \u00e9s 9 k\u00f6z\u00f6tt"}]},{"@type":"WebSite","@id":"https:\/\/stuttgarti-katolikusok.de\/#website","url":"https:\/\/stuttgarti-katolikusok.de\/","name":"Stuttgarti Katolikusok","description":"","potentialAction":[{"@type":"SearchAction","target":{"@type":"EntryPoint","urlTemplate":"https:\/\/stuttgarti-katolikusok.de\/?s={search_term_string}"},"query-input":{"@type":"PropertyValueSpecification","valueRequired":true,"valueName":"search_term_string"}}],"inLanguage":"hu"},{"@type":"Person","@id":"https:\/\/stuttgarti-katolikusok.de\/#\/schema\/person\/75908d6f8fdc03a57889d27209df7795","name":"Tibor atya","image":{"@type":"ImageObject","inLanguage":"hu","@id":"https:\/\/secure.gravatar.com\/avatar\/61d268e57d1f4525b111222e29d2d5a7f8c420fdbf231ba5566a8ceac74fa960?s=96&d=mm&r=g","url":"https:\/\/secure.gravatar.com\/avatar\/61d268e57d1f4525b111222e29d2d5a7f8c420fdbf231ba5566a8ceac74fa960?s=96&d=mm&r=g","contentUrl":"https:\/\/secure.gravatar.com\/avatar\/61d268e57d1f4525b111222e29d2d5a7f8c420fdbf231ba5566a8ceac74fa960?s=96&d=mm&r=g","caption":"Tibor atya"},"url":"https:\/\/stuttgarti-katolikusok.de\/index.php\/author\/tibor-atya\/"}]}},"_links":{"self":[{"href":"https:\/\/stuttgarti-katolikusok.de\/index.php\/wp-json\/wp\/v2\/posts\/15525","targetHints":{"allow":["GET"]}}],"collection":[{"href":"https:\/\/stuttgarti-katolikusok.de\/index.php\/wp-json\/wp\/v2\/posts"}],"about":[{"href":"https:\/\/stuttgarti-katolikusok.de\/index.php\/wp-json\/wp\/v2\/types\/post"}],"author":[{"embeddable":true,"href":"https:\/\/stuttgarti-katolikusok.de\/index.php\/wp-json\/wp\/v2\/users\/3"}],"replies":[{"embeddable":true,"href":"https:\/\/stuttgarti-katolikusok.de\/index.php\/wp-json\/wp\/v2\/comments?post=15525"}],"version-history":[{"count":2,"href":"https:\/\/stuttgarti-katolikusok.de\/index.php\/wp-json\/wp\/v2\/posts\/15525\/revisions"}],"predecessor-version":[{"id":15534,"href":"https:\/\/stuttgarti-katolikusok.de\/index.php\/wp-json\/wp\/v2\/posts\/15525\/revisions\/15534"}],"wp:attachment":[{"href":"https:\/\/stuttgarti-katolikusok.de\/index.php\/wp-json\/wp\/v2\/media?parent=15525"}],"wp:term":[{"taxonomy":"category","embeddable":true,"href":"https:\/\/stuttgarti-katolikusok.de\/index.php\/wp-json\/wp\/v2\/categories?post=15525"},{"taxonomy":"post_tag","embeddable":true,"href":"https:\/\/stuttgarti-katolikusok.de\/index.php\/wp-json\/wp\/v2\/tags?post=15525"}],"curies":[{"name":"wp","href":"https:\/\/api.w.org\/{rel}","templated":true}]}}