{"id":15348,"date":"2018-11-19T14:03:33","date_gmt":"2018-11-19T14:03:33","guid":{"rendered":"https:\/\/gracious-dewdney.138-201-221-2.plesk.page\/?p=15348"},"modified":"2020-04-27T16:24:17","modified_gmt":"2020-04-27T16:24:17","slug":"programelozetes-november-19-es-25-kozott","status":"publish","type":"post","link":"https:\/\/stuttgarti-katolikusok.de\/index.php\/programelozetes-november-19-es-25-kozott\/","title":{"rendered":"Programel\u0151zetes november 19 \u00e9s 25 k\u00f6z\u00f6tt"},"content":{"rendered":"<p><strong>Programel\u0151zetes<\/strong><\/p>\n<p><strong>November\u00a0 22-\u00e9n, <\/strong>cs\u00fct\u00f6rt\u00f6k\u00f6n,<\/p>\n<p><strong>Ulmban <\/strong>17.30 \u00f3r\u00e1t\u00f3l <em>r\u00f3zsaf\u00fcz\u00e9r-<\/em><em>\u00e1jtatoss\u00e1g<\/em>, ut\u00e1na <em>szentmise<\/em>.<\/p>\n<p style=\"text-align: center;\">*<\/p>\n<p><strong>November \u00a023-\u00e1n, <\/strong>p\u00e9nteken,<\/p>\n<p><strong>Stuttgartban<\/strong> 16.00 \u00f3rakor <em>Bar\u00e1ts\u00e1gklub<\/em>. 17.50 \u00f3rakor <em>\u00a0r\u00f3zsaf\u00fcz\u00e9r-\u00e1jtatoss\u00e1g, <\/em>majd <em>szentmise. <\/em>Keret\u00e9ben <em>P\u00e9nteki Egyetem <\/em>(Besz\u00e9lget\u00e9sek a Katekizmusr\u00f3l). Ut\u00e1na <em>\u00d6r\u00f6k\u00f6s szents\u00e9gim\u00e1d\u00e1s. <\/em>19.00 \u00f3rakor <em>Sportklub<\/em>.<\/p>\n<p><strong>Weingarteni d\u00e9lut\u00e1n<\/strong> a Marien Kirche-ben. 17.30-kor <em>r\u00f3zsaf\u00fcz\u00e9r-\u00e1jtatoss\u00e1g. <\/em>Ut\u00e1na pedig <em>szentmise. <\/em><\/p>\n<p style=\"text-align: center;\">*<\/p>\n<p><strong>November \u00a024-\u00e9n<\/strong>, szombaton,<\/p>\n<p><strong>Heidenheimban <\/strong>15.30 \u00f3rakor <em>szentmise. <\/em>Ut\u00e1na <em>\u00e1g\u00e1p\u00e9.<\/em><\/p>\n<p><strong>Reutlingenben <\/strong>\u00c1rp\u00e1dh\u00e1zi Szent Erzs\u00e9bet \u00fcnnepe: <strong>templomb\u00facs\u00fa.<\/strong>16.30 \u00f3rakor <em>szentmise. <\/em>Ut\u00e1na <em>\u00e1g\u00e1p\u00e9.<\/em><\/p>\n<p style=\"text-align: center;\">*<\/p>\n<p><strong>November 25-\u00e9n, <\/strong>Krisztus Kir\u00e1ly vas\u00e1rnapj\u00e1n,<\/p>\n<p><strong>Biberachban<\/strong> 8.45 \u00f3rakor <em>szentmise.<\/em> Ut\u00e1na <em>\u00e1g\u00e1p\u00e9.<\/em><\/p>\n<p><strong>B\u00f6blingenben <\/strong>9.30 \u00f3rakor <em>szentmise<\/em>. Ut\u00e1na <em>\u00e1g\u00e1p\u00e9.<\/em><strong> \u00a0\u00a0\u00a0 <\/strong><\/p>\n<p><strong>Ulmban <\/strong>12.00 \u00f3rakor <em>szentmise<\/em>.<\/p>\n<p><strong>Eislingenben <\/strong>15.00 \u00f3rakor <em>b\u00facs\u00fas szentmise<\/em> a Sankt Markus templomban. <em>Sk\u00f3ciai Szent Margitot<\/em> k\u00f6sz\u00f6ntj\u00fck. Ut\u00e1na <em>\u00e1g\u00e1p\u00e9<\/em> a k\u00f6z\u00f6ss\u00e9gi teremben.<\/p>\n<p><strong>Heilbronnban <\/strong>15.30 \u00f3rakor <em>szentmise<\/em>. Ut\u00e1na <em>\u00e1g\u00e1p\u00e9<\/em>.<\/p>\n<p style=\"text-align: center;\">*<\/p>\n<p>Minden helyen mindenkit szeretettel v\u00e1r a k\u00f6z\u00f6ss\u00e9g, Imre atya \u00e9s Tibor atya!<\/p>\n<p><em>\u00a0<\/em><\/p>\n<p><em>\u201eAmit tekintet\u00fcnkben \u0151rz\u00fcnk, az hat\u00e1rozz meg benn\u00fcnket, ahhoz alakulunk. \u00c9s arra tartunk, amerre tekint\u00fcnk.\u201d<\/em>\u00a0\u00a0\u00a0<strong>(H<\/strong><strong>einrich Spaemann \u2013 1904-2001 \u2013 n\u00e9met pap \u00e9s \u00edr\u00f3)<\/strong><\/p>\n<p><strong>\u00a0<\/strong><\/p>\n<p><strong><em>Sz\u00e9p novemberi napokat, j\u00f3 munk\u00e1t, tartalmas besz\u00e9lget\u00e9seket \u00e9s \u00f6r\u00f6mteli tal\u00e1lkoz\u00e1sokat k\u00edv\u00e1nunk minden Kedves H\u00edv\u00fcnknek!<\/em><\/strong><\/p>\n<p><strong><em>\u00a0<\/em><\/strong><\/p>\n","protected":false},"excerpt":{"rendered":"<p>Programel\u0151zetes November\u00a0 22-\u00e9n, cs\u00fct\u00f6rt\u00f6k\u00f6n, Ulmban 17.30 \u00f3r\u00e1t\u00f3l r\u00f3zsaf\u00fcz\u00e9r-\u00e1jtatoss\u00e1g, ut\u00e1na szentmise. * November \u00a023-\u00e1n, p\u00e9nteken, Stuttgartban 16.00 \u00f3rakor Bar\u00e1ts\u00e1gklub. 17.50 \u00f3rakor \u00a0r\u00f3zsaf\u00fcz\u00e9r-\u00e1jtatoss\u00e1g, majd szentmise. Keret\u00e9ben P\u00e9nteki Egyetem (Besz\u00e9lget\u00e9sek a Katekizmusr\u00f3l). Ut\u00e1na \u00d6r\u00f6k\u00f6s szents\u00e9gim\u00e1d\u00e1s. 19.00 \u00f3rakor Sportklub. Weingarteni d\u00e9lut\u00e1n a Marien Kirche-ben. 17.30-kor r\u00f3zsaf\u00fcz\u00e9r-\u00e1jtatoss\u00e1g. Ut\u00e1na pedig szentmise. * November \u00a024-\u00e9n, szombaton, Heidenheimban 15.30 \u00f3rakor szentmise. Ut\u00e1na \u00e1g\u00e1p\u00e9. Reutlingenben \u00c1rp\u00e1dh\u00e1zi Szent Erzs\u00e9bet \u00fcnnepe: templomb\u00facs\u00fa.16.30 \u00f3rakor szentmise. Ut\u00e1na \u00e1g\u00e1p\u00e9. * November 25-\u00e9n, Krisztus Kir\u00e1ly vas\u00e1rnapj\u00e1n, Biberachban 8.45 \u00f3rakor szentmise. Ut\u00e1na \u00e1g\u00e1p\u00e9. B\u00f6blingenben 9.30 \u00f3rakor szentmise. Ut\u00e1na \u00e1g\u00e1p\u00e9. \u00a0\u00a0\u00a0 Ulmban 12.00 \u00f3rakor szentmise. Eislingenben 15.00 \u00f3rakor b\u00facs\u00fas szentmise a Sankt Markus templomban. Sk\u00f3ciai Szent Margitot k\u00f6sz\u00f6ntj\u00fck. Ut\u00e1na \u00e1g\u00e1p\u00e9 a k\u00f6z\u00f6ss\u00e9gi teremben. Heilbronnban 15.30 \u00f3rakor szentmise. Ut\u00e1na \u00e1g\u00e1p\u00e9. * Minden helyen mindenkit szeretettel v\u00e1r a k\u00f6z\u00f6ss\u00e9g, Imre atya \u00e9s Tibor atya! \u00a0 \u201eAmit tekintet\u00fcnkben \u0151rz\u00fcnk, az hat\u00e1rozz meg benn\u00fcnket, ahhoz alakulunk. \u00c9s arra tartunk, amerre tekint\u00fcnk.\u201d\u00a0\u00a0\u00a0(Heinrich Spaemann \u2013 1904-2001 \u2013 n\u00e9met pap \u00e9s \u00edr\u00f3) \u00a0 Sz\u00e9p novemberi napokat, j\u00f3 munk\u00e1t, tartalmas besz\u00e9lget\u00e9seket \u00e9s \u00f6r\u00f6mteli tal\u00e1lkoz\u00e1sokat k\u00edv\u00e1nunk minden Kedves H\u00edv\u00fcnknek! \u00a0<\/p>\n","protected":false},"author":3,"featured_media":0,"comment_status":"closed","ping_status":"closed","sticky":false,"template":"","format":"standard","meta":{"footnotes":""},"categories":[37],"tags":[],"class_list":["post-15348","post","type-post","status-publish","format-standard","hentry","category-progamelozetes"],"yoast_head":"<!-- This site is optimized with the Yoast SEO plugin v27.3 - https:\/\/yoast.com\/product\/yoast-seo-wordpress\/ -->\n<title>Programel\u0151zetes november 19 \u00e9s 25 k\u00f6z\u00f6tt - Stuttgarti Katolikusok<\/title>\n<meta name=\"robots\" content=\"index, follow, max-snippet:-1, max-image-preview:large, max-video-preview:-1\" \/>\n<link rel=\"canonical\" href=\"https:\/\/stuttgarti-katolikusok.de\/index.php\/programelozetes-november-19-es-25-kozott\/\" \/>\n<meta property=\"og:locale\" content=\"hu_HU\" \/>\n<meta property=\"og:type\" content=\"article\" \/>\n<meta property=\"og:title\" content=\"Programel\u0151zetes november 19 \u00e9s 25 k\u00f6z\u00f6tt - Stuttgarti Katolikusok\" \/>\n<meta property=\"og:description\" content=\"Programel\u0151zetes November\u00a0 22-\u00e9n, cs\u00fct\u00f6rt\u00f6k\u00f6n, Ulmban 17.30 \u00f3r\u00e1t\u00f3l r\u00f3zsaf\u00fcz\u00e9r-\u00e1jtatoss\u00e1g, ut\u00e1na szentmise. * November \u00a023-\u00e1n, p\u00e9nteken, Stuttgartban 16.00 \u00f3rakor Bar\u00e1ts\u00e1gklub. 17.50 \u00f3rakor \u00a0r\u00f3zsaf\u00fcz\u00e9r-\u00e1jtatoss\u00e1g, majd szentmise. Keret\u00e9ben P\u00e9nteki Egyetem (Besz\u00e9lget\u00e9sek a Katekizmusr\u00f3l). Ut\u00e1na \u00d6r\u00f6k\u00f6s szents\u00e9gim\u00e1d\u00e1s. 19.00 \u00f3rakor Sportklub. Weingarteni d\u00e9lut\u00e1n a Marien Kirche-ben. 17.30-kor r\u00f3zsaf\u00fcz\u00e9r-\u00e1jtatoss\u00e1g. Ut\u00e1na pedig szentmise. * November \u00a024-\u00e9n, szombaton, Heidenheimban 15.30 \u00f3rakor szentmise. Ut\u00e1na \u00e1g\u00e1p\u00e9. Reutlingenben \u00c1rp\u00e1dh\u00e1zi Szent Erzs\u00e9bet \u00fcnnepe: templomb\u00facs\u00fa.16.30 \u00f3rakor szentmise. Ut\u00e1na \u00e1g\u00e1p\u00e9. * November 25-\u00e9n, Krisztus Kir\u00e1ly vas\u00e1rnapj\u00e1n, Biberachban 8.45 \u00f3rakor szentmise. Ut\u00e1na \u00e1g\u00e1p\u00e9. B\u00f6blingenben 9.30 \u00f3rakor szentmise. Ut\u00e1na \u00e1g\u00e1p\u00e9. \u00a0\u00a0\u00a0 Ulmban 12.00 \u00f3rakor szentmise. Eislingenben 15.00 \u00f3rakor b\u00facs\u00fas szentmise a Sankt Markus templomban. Sk\u00f3ciai Szent Margitot k\u00f6sz\u00f6ntj\u00fck. Ut\u00e1na \u00e1g\u00e1p\u00e9 a k\u00f6z\u00f6ss\u00e9gi teremben. Heilbronnban 15.30 \u00f3rakor szentmise. Ut\u00e1na \u00e1g\u00e1p\u00e9. * Minden helyen mindenkit szeretettel v\u00e1r a k\u00f6z\u00f6ss\u00e9g, Imre atya \u00e9s Tibor atya! \u00a0 \u201eAmit tekintet\u00fcnkben \u0151rz\u00fcnk, az hat\u00e1rozz meg benn\u00fcnket, ahhoz alakulunk. \u00c9s arra tartunk, amerre tekint\u00fcnk.\u201d\u00a0\u00a0\u00a0(Heinrich Spaemann \u2013 1904-2001 \u2013 n\u00e9met pap \u00e9s \u00edr\u00f3) \u00a0 Sz\u00e9p novemberi napokat, j\u00f3 munk\u00e1t, tartalmas besz\u00e9lget\u00e9seket \u00e9s \u00f6r\u00f6mteli tal\u00e1lkoz\u00e1sokat k\u00edv\u00e1nunk minden Kedves H\u00edv\u00fcnknek! \u00a0\" \/>\n<meta property=\"og:url\" content=\"https:\/\/stuttgarti-katolikusok.de\/index.php\/programelozetes-november-19-es-25-kozott\/\" \/>\n<meta property=\"og:site_name\" content=\"Stuttgarti Katolikusok\" \/>\n<meta property=\"article:published_time\" content=\"2018-11-19T14:03:33+00:00\" \/>\n<meta property=\"article:modified_time\" content=\"2020-04-27T16:24:17+00:00\" \/>\n<meta name=\"author\" content=\"Tibor atya\" \/>\n<meta name=\"twitter:card\" content=\"summary_large_image\" \/>\n<meta name=\"twitter:label1\" content=\"Szerz\u0151:\" \/>\n\t<meta name=\"twitter:data1\" content=\"Tibor atya\" \/>\n\t<meta name=\"twitter:label2\" content=\"Becs\u00fclt olvas\u00e1si id\u0151\" \/>\n\t<meta name=\"twitter:data2\" content=\"1 perc\" \/>\n<script type=\"application\/ld+json\" class=\"yoast-schema-graph\">{\"@context\":\"https:\\\/\\\/schema.org\",\"@graph\":[{\"@type\":\"Article\",\"@id\":\"https:\\\/\\\/stuttgarti-katolikusok.de\\\/index.php\\\/programelozetes-november-19-es-25-kozott\\\/#article\",\"isPartOf\":{\"@id\":\"https:\\\/\\\/stuttgarti-katolikusok.de\\\/index.php\\\/programelozetes-november-19-es-25-kozott\\\/\"},\"author\":{\"name\":\"Tibor atya\",\"@id\":\"https:\\\/\\\/stuttgarti-katolikusok.de\\\/#\\\/schema\\\/person\\\/75908d6f8fdc03a57889d27209df7795\"},\"headline\":\"Programel\u0151zetes november 19 \u00e9s 25 k\u00f6z\u00f6tt\",\"datePublished\":\"2018-11-19T14:03:33+00:00\",\"dateModified\":\"2020-04-27T16:24:17+00:00\",\"mainEntityOfPage\":{\"@id\":\"https:\\\/\\\/stuttgarti-katolikusok.de\\\/index.php\\\/programelozetes-november-19-es-25-kozott\\\/\"},\"wordCount\":247,\"articleSection\":[\"Progamel\u0151zetes\"],\"inLanguage\":\"hu\"},{\"@type\":\"WebPage\",\"@id\":\"https:\\\/\\\/stuttgarti-katolikusok.de\\\/index.php\\\/programelozetes-november-19-es-25-kozott\\\/\",\"url\":\"https:\\\/\\\/stuttgarti-katolikusok.de\\\/index.php\\\/programelozetes-november-19-es-25-kozott\\\/\",\"name\":\"Programel\u0151zetes november 19 \u00e9s 25 k\u00f6z\u00f6tt - Stuttgarti Katolikusok\",\"isPartOf\":{\"@id\":\"https:\\\/\\\/stuttgarti-katolikusok.de\\\/#website\"},\"datePublished\":\"2018-11-19T14:03:33+00:00\",\"dateModified\":\"2020-04-27T16:24:17+00:00\",\"author\":{\"@id\":\"https:\\\/\\\/stuttgarti-katolikusok.de\\\/#\\\/schema\\\/person\\\/75908d6f8fdc03a57889d27209df7795\"},\"breadcrumb\":{\"@id\":\"https:\\\/\\\/stuttgarti-katolikusok.de\\\/index.php\\\/programelozetes-november-19-es-25-kozott\\\/#breadcrumb\"},\"inLanguage\":\"hu\",\"potentialAction\":[{\"@type\":\"ReadAction\",\"target\":[\"https:\\\/\\\/stuttgarti-katolikusok.de\\\/index.php\\\/programelozetes-november-19-es-25-kozott\\\/\"]}]},{\"@type\":\"BreadcrumbList\",\"@id\":\"https:\\\/\\\/stuttgarti-katolikusok.de\\\/index.php\\\/programelozetes-november-19-es-25-kozott\\\/#breadcrumb\",\"itemListElement\":[{\"@type\":\"ListItem\",\"position\":1,\"name\":\"Kezd\u0151lap\",\"item\":\"https:\\\/\\\/stuttgarti-katolikusok.de\\\/\"},{\"@type\":\"ListItem\",\"position\":2,\"name\":\"Programel\u0151zetes november 19 \u00e9s 25 k\u00f6z\u00f6tt\"}]},{\"@type\":\"WebSite\",\"@id\":\"https:\\\/\\\/stuttgarti-katolikusok.de\\\/#website\",\"url\":\"https:\\\/\\\/stuttgarti-katolikusok.de\\\/\",\"name\":\"Stuttgarti Katolikusok\",\"description\":\"\",\"potentialAction\":[{\"@type\":\"SearchAction\",\"target\":{\"@type\":\"EntryPoint\",\"urlTemplate\":\"https:\\\/\\\/stuttgarti-katolikusok.de\\\/?s={search_term_string}\"},\"query-input\":{\"@type\":\"PropertyValueSpecification\",\"valueRequired\":true,\"valueName\":\"search_term_string\"}}],\"inLanguage\":\"hu\"},{\"@type\":\"Person\",\"@id\":\"https:\\\/\\\/stuttgarti-katolikusok.de\\\/#\\\/schema\\\/person\\\/75908d6f8fdc03a57889d27209df7795\",\"name\":\"Tibor atya\",\"image\":{\"@type\":\"ImageObject\",\"inLanguage\":\"hu\",\"@id\":\"https:\\\/\\\/secure.gravatar.com\\\/avatar\\\/61d268e57d1f4525b111222e29d2d5a7f8c420fdbf231ba5566a8ceac74fa960?s=96&d=mm&r=g\",\"url\":\"https:\\\/\\\/secure.gravatar.com\\\/avatar\\\/61d268e57d1f4525b111222e29d2d5a7f8c420fdbf231ba5566a8ceac74fa960?s=96&d=mm&r=g\",\"contentUrl\":\"https:\\\/\\\/secure.gravatar.com\\\/avatar\\\/61d268e57d1f4525b111222e29d2d5a7f8c420fdbf231ba5566a8ceac74fa960?s=96&d=mm&r=g\",\"caption\":\"Tibor atya\"},\"url\":\"https:\\\/\\\/stuttgarti-katolikusok.de\\\/index.php\\\/author\\\/tibor-atya\\\/\"}]}<\/script>\n<!-- \/ Yoast SEO plugin. -->","yoast_head_json":{"title":"Programel\u0151zetes november 19 \u00e9s 25 k\u00f6z\u00f6tt - Stuttgarti Katolikusok","robots":{"index":"index","follow":"follow","max-snippet":"max-snippet:-1","max-image-preview":"max-image-preview:large","max-video-preview":"max-video-preview:-1"},"canonical":"https:\/\/stuttgarti-katolikusok.de\/index.php\/programelozetes-november-19-es-25-kozott\/","og_locale":"hu_HU","og_type":"article","og_title":"Programel\u0151zetes november 19 \u00e9s 25 k\u00f6z\u00f6tt - Stuttgarti Katolikusok","og_description":"Programel\u0151zetes November\u00a0 22-\u00e9n, cs\u00fct\u00f6rt\u00f6k\u00f6n, Ulmban 17.30 \u00f3r\u00e1t\u00f3l r\u00f3zsaf\u00fcz\u00e9r-\u00e1jtatoss\u00e1g, ut\u00e1na szentmise. * November \u00a023-\u00e1n, p\u00e9nteken, Stuttgartban 16.00 \u00f3rakor Bar\u00e1ts\u00e1gklub. 17.50 \u00f3rakor \u00a0r\u00f3zsaf\u00fcz\u00e9r-\u00e1jtatoss\u00e1g, majd szentmise. Keret\u00e9ben P\u00e9nteki Egyetem (Besz\u00e9lget\u00e9sek a Katekizmusr\u00f3l). Ut\u00e1na \u00d6r\u00f6k\u00f6s szents\u00e9gim\u00e1d\u00e1s. 19.00 \u00f3rakor Sportklub. Weingarteni d\u00e9lut\u00e1n a Marien Kirche-ben. 17.30-kor r\u00f3zsaf\u00fcz\u00e9r-\u00e1jtatoss\u00e1g. Ut\u00e1na pedig szentmise. * November \u00a024-\u00e9n, szombaton, Heidenheimban 15.30 \u00f3rakor szentmise. Ut\u00e1na \u00e1g\u00e1p\u00e9. Reutlingenben \u00c1rp\u00e1dh\u00e1zi Szent Erzs\u00e9bet \u00fcnnepe: templomb\u00facs\u00fa.16.30 \u00f3rakor szentmise. Ut\u00e1na \u00e1g\u00e1p\u00e9. * November 25-\u00e9n, Krisztus Kir\u00e1ly vas\u00e1rnapj\u00e1n, Biberachban 8.45 \u00f3rakor szentmise. Ut\u00e1na \u00e1g\u00e1p\u00e9. B\u00f6blingenben 9.30 \u00f3rakor szentmise. Ut\u00e1na \u00e1g\u00e1p\u00e9. \u00a0\u00a0\u00a0 Ulmban 12.00 \u00f3rakor szentmise. Eislingenben 15.00 \u00f3rakor b\u00facs\u00fas szentmise a Sankt Markus templomban. Sk\u00f3ciai Szent Margitot k\u00f6sz\u00f6ntj\u00fck. Ut\u00e1na \u00e1g\u00e1p\u00e9 a k\u00f6z\u00f6ss\u00e9gi teremben. Heilbronnban 15.30 \u00f3rakor szentmise. Ut\u00e1na \u00e1g\u00e1p\u00e9. * Minden helyen mindenkit szeretettel v\u00e1r a k\u00f6z\u00f6ss\u00e9g, Imre atya \u00e9s Tibor atya! \u00a0 \u201eAmit tekintet\u00fcnkben \u0151rz\u00fcnk, az hat\u00e1rozz meg benn\u00fcnket, ahhoz alakulunk. \u00c9s arra tartunk, amerre tekint\u00fcnk.\u201d\u00a0\u00a0\u00a0(Heinrich Spaemann \u2013 1904-2001 \u2013 n\u00e9met pap \u00e9s \u00edr\u00f3) \u00a0 Sz\u00e9p novemberi napokat, j\u00f3 munk\u00e1t, tartalmas besz\u00e9lget\u00e9seket \u00e9s \u00f6r\u00f6mteli tal\u00e1lkoz\u00e1sokat k\u00edv\u00e1nunk minden Kedves H\u00edv\u00fcnknek! \u00a0","og_url":"https:\/\/stuttgarti-katolikusok.de\/index.php\/programelozetes-november-19-es-25-kozott\/","og_site_name":"Stuttgarti Katolikusok","article_published_time":"2018-11-19T14:03:33+00:00","article_modified_time":"2020-04-27T16:24:17+00:00","author":"Tibor atya","twitter_card":"summary_large_image","twitter_misc":{"Szerz\u0151:":"Tibor atya","Becs\u00fclt olvas\u00e1si id\u0151":"1 perc"},"schema":{"@context":"https:\/\/schema.org","@graph":[{"@type":"Article","@id":"https:\/\/stuttgarti-katolikusok.de\/index.php\/programelozetes-november-19-es-25-kozott\/#article","isPartOf":{"@id":"https:\/\/stuttgarti-katolikusok.de\/index.php\/programelozetes-november-19-es-25-kozott\/"},"author":{"name":"Tibor atya","@id":"https:\/\/stuttgarti-katolikusok.de\/#\/schema\/person\/75908d6f8fdc03a57889d27209df7795"},"headline":"Programel\u0151zetes november 19 \u00e9s 25 k\u00f6z\u00f6tt","datePublished":"2018-11-19T14:03:33+00:00","dateModified":"2020-04-27T16:24:17+00:00","mainEntityOfPage":{"@id":"https:\/\/stuttgarti-katolikusok.de\/index.php\/programelozetes-november-19-es-25-kozott\/"},"wordCount":247,"articleSection":["Progamel\u0151zetes"],"inLanguage":"hu"},{"@type":"WebPage","@id":"https:\/\/stuttgarti-katolikusok.de\/index.php\/programelozetes-november-19-es-25-kozott\/","url":"https:\/\/stuttgarti-katolikusok.de\/index.php\/programelozetes-november-19-es-25-kozott\/","name":"Programel\u0151zetes november 19 \u00e9s 25 k\u00f6z\u00f6tt - Stuttgarti Katolikusok","isPartOf":{"@id":"https:\/\/stuttgarti-katolikusok.de\/#website"},"datePublished":"2018-11-19T14:03:33+00:00","dateModified":"2020-04-27T16:24:17+00:00","author":{"@id":"https:\/\/stuttgarti-katolikusok.de\/#\/schema\/person\/75908d6f8fdc03a57889d27209df7795"},"breadcrumb":{"@id":"https:\/\/stuttgarti-katolikusok.de\/index.php\/programelozetes-november-19-es-25-kozott\/#breadcrumb"},"inLanguage":"hu","potentialAction":[{"@type":"ReadAction","target":["https:\/\/stuttgarti-katolikusok.de\/index.php\/programelozetes-november-19-es-25-kozott\/"]}]},{"@type":"BreadcrumbList","@id":"https:\/\/stuttgarti-katolikusok.de\/index.php\/programelozetes-november-19-es-25-kozott\/#breadcrumb","itemListElement":[{"@type":"ListItem","position":1,"name":"Kezd\u0151lap","item":"https:\/\/stuttgarti-katolikusok.de\/"},{"@type":"ListItem","position":2,"name":"Programel\u0151zetes november 19 \u00e9s 25 k\u00f6z\u00f6tt"}]},{"@type":"WebSite","@id":"https:\/\/stuttgarti-katolikusok.de\/#website","url":"https:\/\/stuttgarti-katolikusok.de\/","name":"Stuttgarti Katolikusok","description":"","potentialAction":[{"@type":"SearchAction","target":{"@type":"EntryPoint","urlTemplate":"https:\/\/stuttgarti-katolikusok.de\/?s={search_term_string}"},"query-input":{"@type":"PropertyValueSpecification","valueRequired":true,"valueName":"search_term_string"}}],"inLanguage":"hu"},{"@type":"Person","@id":"https:\/\/stuttgarti-katolikusok.de\/#\/schema\/person\/75908d6f8fdc03a57889d27209df7795","name":"Tibor atya","image":{"@type":"ImageObject","inLanguage":"hu","@id":"https:\/\/secure.gravatar.com\/avatar\/61d268e57d1f4525b111222e29d2d5a7f8c420fdbf231ba5566a8ceac74fa960?s=96&d=mm&r=g","url":"https:\/\/secure.gravatar.com\/avatar\/61d268e57d1f4525b111222e29d2d5a7f8c420fdbf231ba5566a8ceac74fa960?s=96&d=mm&r=g","contentUrl":"https:\/\/secure.gravatar.com\/avatar\/61d268e57d1f4525b111222e29d2d5a7f8c420fdbf231ba5566a8ceac74fa960?s=96&d=mm&r=g","caption":"Tibor atya"},"url":"https:\/\/stuttgarti-katolikusok.de\/index.php\/author\/tibor-atya\/"}]}},"_links":{"self":[{"href":"https:\/\/stuttgarti-katolikusok.de\/index.php\/wp-json\/wp\/v2\/posts\/15348","targetHints":{"allow":["GET"]}}],"collection":[{"href":"https:\/\/stuttgarti-katolikusok.de\/index.php\/wp-json\/wp\/v2\/posts"}],"about":[{"href":"https:\/\/stuttgarti-katolikusok.de\/index.php\/wp-json\/wp\/v2\/types\/post"}],"author":[{"embeddable":true,"href":"https:\/\/stuttgarti-katolikusok.de\/index.php\/wp-json\/wp\/v2\/users\/3"}],"replies":[{"embeddable":true,"href":"https:\/\/stuttgarti-katolikusok.de\/index.php\/wp-json\/wp\/v2\/comments?post=15348"}],"version-history":[{"count":3,"href":"https:\/\/stuttgarti-katolikusok.de\/index.php\/wp-json\/wp\/v2\/posts\/15348\/revisions"}],"predecessor-version":[{"id":15380,"href":"https:\/\/stuttgarti-katolikusok.de\/index.php\/wp-json\/wp\/v2\/posts\/15348\/revisions\/15380"}],"wp:attachment":[{"href":"https:\/\/stuttgarti-katolikusok.de\/index.php\/wp-json\/wp\/v2\/media?parent=15348"}],"wp:term":[{"taxonomy":"category","embeddable":true,"href":"https:\/\/stuttgarti-katolikusok.de\/index.php\/wp-json\/wp\/v2\/categories?post=15348"},{"taxonomy":"post_tag","embeddable":true,"href":"https:\/\/stuttgarti-katolikusok.de\/index.php\/wp-json\/wp\/v2\/tags?post=15348"}],"curies":[{"name":"wp","href":"https:\/\/api.w.org\/{rel}","templated":true}]}}