{"id":15233,"date":"2018-11-01T07:07:32","date_gmt":"2018-11-01T07:07:32","guid":{"rendered":"https:\/\/gracious-dewdney.138-201-221-2.plesk.page\/?p=15233"},"modified":"2020-04-27T08:56:03","modified_gmt":"2020-04-27T08:56:03","slug":"teli-kezekkel","status":"publish","type":"post","link":"https:\/\/stuttgarti-katolikusok.de\/index.php\/teli-kezekkel\/","title":{"rendered":"Teli kezekkel&#8230;"},"content":{"rendered":"<p><strong>Teli kezekkel\u2026<\/strong><\/p>\n<p>&nbsp;<\/p>\n<p>Amikor gyermek volt\u00e1l \u00e9s azt k\u00e9rdezt\u00e9k t\u0151led: \u201eHova m\u00e9sz?\u201d, \u00e1ltal\u00e1ban azt mondtad, hogy: \u201eHaza\u201d.<\/p>\n<p>Amikor feln\u0151tt fiatal volt\u00e1l \u00e9s azt k\u00e9rdezt\u00e9k t\u0151led: \u201eHova m\u00e9sz?\u201d, a k\u00e9rd\u00e9st m\u00e1r m\u00e9lyebb val\u00f3s\u00e1gokra \u00e9rtetted, ez\u00e9rt m\u00e1r nem tudt\u00e1l r\u00e1 olyan egy\u00e9rtelm\u0171en v\u00e1laszolni. Abban a korban volt\u00e1l, amikor \u00e9pp felfedezted a nagyvil\u00e1got. Bar\u00e1tokat kerest\u00e9l, \u00faj embereket ismert\u00e9l meg, egy hivat\u00e1s vagy foglalkoz\u00e1s ut\u00e1n j\u00e1rt\u00e1l, \u00e9s az els\u0151 szerelemmel tal\u00e1lkozt\u00e1l.<\/p>\n<p>Amikor id\u0151s leszel \u00e9s majd azt k\u00e9rdezik t\u0151led: \u201eHova m\u00e9sz?\u201d, ism\u00e9t azt fogod majd v\u00e1laszolni: \u201eHaza\u201d, de ez\u00fattal nem a f\u00f6ldi, hanem az \u00e9gi haz\u00e1ra gondolsz majd, amely Istenn\u00e9l van. Ahova az el\u0151tted j\u00e1r\u00f3k m\u00e1r meg\u00e9rkeztek.<\/p>\n<p>A gyermekkori \u201ehaza\u201d \u00e9s az \u00f6regkori \u201ehaza\u201d k\u00f6z\u00f6tt egy v\u00e1ltakoz\u00f3, \u00e9lm\u00e9nyd\u00fas, n\u00e9ha \u00f6r\u00f6mteli, m\u00e1skor f\u00e1jdalmas vil\u00e1g fesz\u00fcl, amely tele van keres\u00e9ssel \u00e9s megtal\u00e1l\u00e1ssal, szenved\u00e9ssel \u00e9s \u00f6r\u00f6mmel, s\u00f6t\u00e9ts\u00e9ggel \u00e9s vil\u00e1goss\u00e1ggal.<\/p>\n<p>&nbsp;<\/p>\n<p>Tudnod kell, hogy c\u00e9lba \u00e9rni szeg\u00e9nyen \u00e9s gazdagon is lehet.<\/p>\n<p>Szeg\u00e9nyen \u00e9rsz majd c\u00e9lba, ha mindent meg akart\u00e1l nyerni, csak \u00e9pp a lelkeddel nem foglalkozt\u00e1l eleget.<\/p>\n<p>Szeg\u00e9nyen \u00e9rsz majd c\u00e9lba, ha mindig a k\u00e9nyelmet kerested, nehogy a megszokottat \u00e9s a megnyertet elvesz\u00edtsd.<\/p>\n<p>Szeg\u00e9nyen \u00e9rsz majd c\u00e9lba, ha mindig csak magaddal t\u00f6r\u0151dt\u00e9l, \u00e9s m\u00e1snak nem vagy alig ny\u00fajtott\u00e1l \u00f6r\u00f6met.<\/p>\n<p>Szeg\u00e9nyen \u00e9rsz majd c\u00e9lba, ha kezeid tiszt\u00e1k lesznek ugyan, de \u00fcresek!<\/p>\n<p>Gazdagon \u00e9rsz majd c\u00e9lba, ha volt b\u00e1tors\u00e1god szembesz\u00e1llni az \u00e9let neh\u00e9zs\u00e9geivel \u00e9s nem adtad fel soha.<\/p>\n<p>Gazdagon \u00e9rsz majd c\u00e9lba, ha talentumaidat haszn\u00e1ltad \u00e9s m\u00e1soknak is juttatt\u00e1l bel\u0151l\u00fck.<\/p>\n<p>Gazdagon \u00e9rsz majd c\u00e9lba, ha a szeretet magvait gazdagon sz\u00f3rtad k\u00f6r\u00fcl\u00f6tted, m\u00e9g akkor is, ha sok szem az \u00fatsz\u00e9lre esett. \u00c9leted term\u00e9se mindezek ellen\u00e9re b\u0151s\u00e9ges lesz.<\/p>\n<p>Gazdagon \u00e9rsz majd c\u00e9lba, ha kezeid \u2013 b\u00e1r n\u00e9ha nem voltak a legtiszt\u00e1bbak, de \u2013 tele lesznek!<\/p>\n<p>F\u00e1radtan ugyan, de boldogan fogsz majd \u201ehaza\u201d \u00e9rkezni.<\/p>\n<p>Ma ezt k\u00edv\u00e1nom magamnak \u2013 \u00e9s neked is!<\/p>\n<p><em>Imre atya <\/em><\/p>\n<p><em>Stuttgart, 2018-11-01.<\/em><\/p>\n","protected":false},"excerpt":{"rendered":"<p>Teli kezekkel\u2026 &nbsp; Amikor gyermek volt\u00e1l \u00e9s azt k\u00e9rdezt\u00e9k t\u0151led: \u201eHova m\u00e9sz?\u201d, \u00e1ltal\u00e1ban azt mondtad, hogy: \u201eHaza\u201d. Amikor feln\u0151tt fiatal volt\u00e1l \u00e9s azt k\u00e9rdezt\u00e9k t\u0151led: \u201eHova m\u00e9sz?\u201d, a k\u00e9rd\u00e9st m\u00e1r m\u00e9lyebb val\u00f3s\u00e1gokra \u00e9rtetted, ez\u00e9rt m\u00e1r nem tudt\u00e1l r\u00e1 olyan egy\u00e9rtelm\u0171en v\u00e1laszolni. Abban a korban volt\u00e1l, amikor \u00e9pp felfedezted a nagyvil\u00e1got. Bar\u00e1tokat kerest\u00e9l, \u00faj embereket ismert\u00e9l meg, egy hivat\u00e1s vagy foglalkoz\u00e1s ut\u00e1n j\u00e1rt\u00e1l, \u00e9s az els\u0151 szerelemmel tal\u00e1lkozt\u00e1l. Amikor id\u0151s leszel \u00e9s majd azt k\u00e9rdezik t\u0151led: \u201eHova m\u00e9sz?\u201d, ism\u00e9t azt fogod majd v\u00e1laszolni: \u201eHaza\u201d, de ez\u00fattal nem a f\u00f6ldi, hanem az \u00e9gi haz\u00e1ra gondolsz majd, amely Istenn\u00e9l van. Ahova az el\u0151tted j\u00e1r\u00f3k m\u00e1r meg\u00e9rkeztek. A gyermekkori \u201ehaza\u201d \u00e9s az \u00f6regkori \u201ehaza\u201d k\u00f6z\u00f6tt egy v\u00e1ltakoz\u00f3, \u00e9lm\u00e9nyd\u00fas, n\u00e9ha \u00f6r\u00f6mteli, m\u00e1skor f\u00e1jdalmas vil\u00e1g fesz\u00fcl, amely tele van keres\u00e9ssel \u00e9s megtal\u00e1l\u00e1ssal, szenved\u00e9ssel \u00e9s \u00f6r\u00f6mmel, s\u00f6t\u00e9ts\u00e9ggel \u00e9s vil\u00e1goss\u00e1ggal. &nbsp; Tudnod kell, hogy c\u00e9lba \u00e9rni szeg\u00e9nyen \u00e9s gazdagon is lehet. Szeg\u00e9nyen \u00e9rsz majd c\u00e9lba, ha mindent meg akart\u00e1l nyerni, csak \u00e9pp a lelkeddel nem foglalkozt\u00e1l eleget. Szeg\u00e9nyen \u00e9rsz majd c\u00e9lba, ha mindig a k\u00e9nyelmet kerested, nehogy a megszokottat \u00e9s a megnyertet elvesz\u00edtsd. Szeg\u00e9nyen \u00e9rsz majd c\u00e9lba, ha mindig csak magaddal t\u00f6r\u0151dt\u00e9l, \u00e9s m\u00e1snak nem vagy alig ny\u00fajtott\u00e1l \u00f6r\u00f6met. Szeg\u00e9nyen \u00e9rsz majd c\u00e9lba, ha kezeid tiszt\u00e1k lesznek ugyan, de \u00fcresek! Gazdagon \u00e9rsz majd c\u00e9lba, ha volt b\u00e1tors\u00e1god szembesz\u00e1llni az \u00e9let neh\u00e9zs\u00e9geivel \u00e9s nem adtad fel soha. Gazdagon \u00e9rsz majd c\u00e9lba, ha talentumaidat haszn\u00e1ltad \u00e9s m\u00e1soknak is juttatt\u00e1l bel\u0151l\u00fck. Gazdagon \u00e9rsz majd c\u00e9lba, ha a szeretet magvait gazdagon sz\u00f3rtad k\u00f6r\u00fcl\u00f6tted, m\u00e9g akkor is, ha sok szem az \u00fatsz\u00e9lre esett. \u00c9leted term\u00e9se mindezek ellen\u00e9re b\u0151s\u00e9ges lesz. Gazdagon \u00e9rsz majd c\u00e9lba, ha kezeid \u2013 b\u00e1r n\u00e9ha nem voltak a legtiszt\u00e1bbak, de \u2013 tele lesznek! F\u00e1radtan ugyan, de boldogan fogsz majd \u201ehaza\u201d \u00e9rkezni. Ma ezt k\u00edv\u00e1nom magamnak \u2013 \u00e9s neked is! Imre atya Stuttgart, 2018-11-01.<\/p>\n","protected":false},"author":3,"featured_media":0,"comment_status":"closed","ping_status":"closed","sticky":false,"template":"","format":"standard","meta":{"footnotes":""},"categories":[24],"tags":[],"class_list":["post-15233","post","type-post","status-publish","format-standard","hentry","category-gondolatok"],"yoast_head":"<!-- This site is optimized with the Yoast SEO plugin v27.3 - https:\/\/yoast.com\/product\/yoast-seo-wordpress\/ -->\n<title>Teli kezekkel... - Stuttgarti Katolikusok<\/title>\n<meta name=\"robots\" content=\"index, follow, max-snippet:-1, max-image-preview:large, max-video-preview:-1\" \/>\n<link rel=\"canonical\" href=\"https:\/\/stuttgarti-katolikusok.de\/index.php\/teli-kezekkel\/\" \/>\n<meta property=\"og:locale\" content=\"hu_HU\" \/>\n<meta property=\"og:type\" content=\"article\" \/>\n<meta property=\"og:title\" content=\"Teli kezekkel... - Stuttgarti Katolikusok\" \/>\n<meta property=\"og:description\" content=\"Teli kezekkel\u2026 &nbsp; Amikor gyermek volt\u00e1l \u00e9s azt k\u00e9rdezt\u00e9k t\u0151led: \u201eHova m\u00e9sz?\u201d, \u00e1ltal\u00e1ban azt mondtad, hogy: \u201eHaza\u201d. Amikor feln\u0151tt fiatal volt\u00e1l \u00e9s azt k\u00e9rdezt\u00e9k t\u0151led: \u201eHova m\u00e9sz?\u201d, a k\u00e9rd\u00e9st m\u00e1r m\u00e9lyebb val\u00f3s\u00e1gokra \u00e9rtetted, ez\u00e9rt m\u00e1r nem tudt\u00e1l r\u00e1 olyan egy\u00e9rtelm\u0171en v\u00e1laszolni. Abban a korban volt\u00e1l, amikor \u00e9pp felfedezted a nagyvil\u00e1got. Bar\u00e1tokat kerest\u00e9l, \u00faj embereket ismert\u00e9l meg, egy hivat\u00e1s vagy foglalkoz\u00e1s ut\u00e1n j\u00e1rt\u00e1l, \u00e9s az els\u0151 szerelemmel tal\u00e1lkozt\u00e1l. Amikor id\u0151s leszel \u00e9s majd azt k\u00e9rdezik t\u0151led: \u201eHova m\u00e9sz?\u201d, ism\u00e9t azt fogod majd v\u00e1laszolni: \u201eHaza\u201d, de ez\u00fattal nem a f\u00f6ldi, hanem az \u00e9gi haz\u00e1ra gondolsz majd, amely Istenn\u00e9l van. Ahova az el\u0151tted j\u00e1r\u00f3k m\u00e1r meg\u00e9rkeztek. A gyermekkori \u201ehaza\u201d \u00e9s az \u00f6regkori \u201ehaza\u201d k\u00f6z\u00f6tt egy v\u00e1ltakoz\u00f3, \u00e9lm\u00e9nyd\u00fas, n\u00e9ha \u00f6r\u00f6mteli, m\u00e1skor f\u00e1jdalmas vil\u00e1g fesz\u00fcl, amely tele van keres\u00e9ssel \u00e9s megtal\u00e1l\u00e1ssal, szenved\u00e9ssel \u00e9s \u00f6r\u00f6mmel, s\u00f6t\u00e9ts\u00e9ggel \u00e9s vil\u00e1goss\u00e1ggal. &nbsp; Tudnod kell, hogy c\u00e9lba \u00e9rni szeg\u00e9nyen \u00e9s gazdagon is lehet. Szeg\u00e9nyen \u00e9rsz majd c\u00e9lba, ha mindent meg akart\u00e1l nyerni, csak \u00e9pp a lelkeddel nem foglalkozt\u00e1l eleget. Szeg\u00e9nyen \u00e9rsz majd c\u00e9lba, ha mindig a k\u00e9nyelmet kerested, nehogy a megszokottat \u00e9s a megnyertet elvesz\u00edtsd. Szeg\u00e9nyen \u00e9rsz majd c\u00e9lba, ha mindig csak magaddal t\u00f6r\u0151dt\u00e9l, \u00e9s m\u00e1snak nem vagy alig ny\u00fajtott\u00e1l \u00f6r\u00f6met. Szeg\u00e9nyen \u00e9rsz majd c\u00e9lba, ha kezeid tiszt\u00e1k lesznek ugyan, de \u00fcresek! Gazdagon \u00e9rsz majd c\u00e9lba, ha volt b\u00e1tors\u00e1god szembesz\u00e1llni az \u00e9let neh\u00e9zs\u00e9geivel \u00e9s nem adtad fel soha. Gazdagon \u00e9rsz majd c\u00e9lba, ha talentumaidat haszn\u00e1ltad \u00e9s m\u00e1soknak is juttatt\u00e1l bel\u0151l\u00fck. Gazdagon \u00e9rsz majd c\u00e9lba, ha a szeretet magvait gazdagon sz\u00f3rtad k\u00f6r\u00fcl\u00f6tted, m\u00e9g akkor is, ha sok szem az \u00fatsz\u00e9lre esett. \u00c9leted term\u00e9se mindezek ellen\u00e9re b\u0151s\u00e9ges lesz. Gazdagon \u00e9rsz majd c\u00e9lba, ha kezeid \u2013 b\u00e1r n\u00e9ha nem voltak a legtiszt\u00e1bbak, de \u2013 tele lesznek! F\u00e1radtan ugyan, de boldogan fogsz majd \u201ehaza\u201d \u00e9rkezni. Ma ezt k\u00edv\u00e1nom magamnak \u2013 \u00e9s neked is! Imre atya Stuttgart, 2018-11-01.\" \/>\n<meta property=\"og:url\" content=\"https:\/\/stuttgarti-katolikusok.de\/index.php\/teli-kezekkel\/\" \/>\n<meta property=\"og:site_name\" content=\"Stuttgarti Katolikusok\" \/>\n<meta property=\"article:published_time\" content=\"2018-11-01T07:07:32+00:00\" \/>\n<meta property=\"article:modified_time\" content=\"2020-04-27T08:56:03+00:00\" \/>\n<meta name=\"author\" content=\"Tibor atya\" \/>\n<meta name=\"twitter:card\" content=\"summary_large_image\" \/>\n<meta name=\"twitter:label1\" content=\"Szerz\u0151:\" \/>\n\t<meta name=\"twitter:data1\" content=\"Tibor atya\" \/>\n\t<meta name=\"twitter:label2\" content=\"Becs\u00fclt olvas\u00e1si id\u0151\" \/>\n\t<meta name=\"twitter:data2\" content=\"2 perc\" \/>\n<script type=\"application\/ld+json\" class=\"yoast-schema-graph\">{\"@context\":\"https:\\\/\\\/schema.org\",\"@graph\":[{\"@type\":\"Article\",\"@id\":\"https:\\\/\\\/stuttgarti-katolikusok.de\\\/index.php\\\/teli-kezekkel\\\/#article\",\"isPartOf\":{\"@id\":\"https:\\\/\\\/stuttgarti-katolikusok.de\\\/index.php\\\/teli-kezekkel\\\/\"},\"author\":{\"name\":\"Tibor atya\",\"@id\":\"https:\\\/\\\/stuttgarti-katolikusok.de\\\/#\\\/schema\\\/person\\\/75908d6f8fdc03a57889d27209df7795\"},\"headline\":\"Teli kezekkel&#8230;\",\"datePublished\":\"2018-11-01T07:07:32+00:00\",\"dateModified\":\"2020-04-27T08:56:03+00:00\",\"mainEntityOfPage\":{\"@id\":\"https:\\\/\\\/stuttgarti-katolikusok.de\\\/index.php\\\/teli-kezekkel\\\/\"},\"wordCount\":417,\"articleSection\":[\"Gondolatok\"],\"inLanguage\":\"hu\"},{\"@type\":\"WebPage\",\"@id\":\"https:\\\/\\\/stuttgarti-katolikusok.de\\\/index.php\\\/teli-kezekkel\\\/\",\"url\":\"https:\\\/\\\/stuttgarti-katolikusok.de\\\/index.php\\\/teli-kezekkel\\\/\",\"name\":\"Teli kezekkel... - Stuttgarti Katolikusok\",\"isPartOf\":{\"@id\":\"https:\\\/\\\/stuttgarti-katolikusok.de\\\/#website\"},\"datePublished\":\"2018-11-01T07:07:32+00:00\",\"dateModified\":\"2020-04-27T08:56:03+00:00\",\"author\":{\"@id\":\"https:\\\/\\\/stuttgarti-katolikusok.de\\\/#\\\/schema\\\/person\\\/75908d6f8fdc03a57889d27209df7795\"},\"breadcrumb\":{\"@id\":\"https:\\\/\\\/stuttgarti-katolikusok.de\\\/index.php\\\/teli-kezekkel\\\/#breadcrumb\"},\"inLanguage\":\"hu\",\"potentialAction\":[{\"@type\":\"ReadAction\",\"target\":[\"https:\\\/\\\/stuttgarti-katolikusok.de\\\/index.php\\\/teli-kezekkel\\\/\"]}]},{\"@type\":\"BreadcrumbList\",\"@id\":\"https:\\\/\\\/stuttgarti-katolikusok.de\\\/index.php\\\/teli-kezekkel\\\/#breadcrumb\",\"itemListElement\":[{\"@type\":\"ListItem\",\"position\":1,\"name\":\"Kezd\u0151lap\",\"item\":\"https:\\\/\\\/stuttgarti-katolikusok.de\\\/\"},{\"@type\":\"ListItem\",\"position\":2,\"name\":\"Teli kezekkel&#8230;\"}]},{\"@type\":\"WebSite\",\"@id\":\"https:\\\/\\\/stuttgarti-katolikusok.de\\\/#website\",\"url\":\"https:\\\/\\\/stuttgarti-katolikusok.de\\\/\",\"name\":\"Stuttgarti Katolikusok\",\"description\":\"\",\"potentialAction\":[{\"@type\":\"SearchAction\",\"target\":{\"@type\":\"EntryPoint\",\"urlTemplate\":\"https:\\\/\\\/stuttgarti-katolikusok.de\\\/?s={search_term_string}\"},\"query-input\":{\"@type\":\"PropertyValueSpecification\",\"valueRequired\":true,\"valueName\":\"search_term_string\"}}],\"inLanguage\":\"hu\"},{\"@type\":\"Person\",\"@id\":\"https:\\\/\\\/stuttgarti-katolikusok.de\\\/#\\\/schema\\\/person\\\/75908d6f8fdc03a57889d27209df7795\",\"name\":\"Tibor atya\",\"image\":{\"@type\":\"ImageObject\",\"inLanguage\":\"hu\",\"@id\":\"https:\\\/\\\/secure.gravatar.com\\\/avatar\\\/61d268e57d1f4525b111222e29d2d5a7f8c420fdbf231ba5566a8ceac74fa960?s=96&d=mm&r=g\",\"url\":\"https:\\\/\\\/secure.gravatar.com\\\/avatar\\\/61d268e57d1f4525b111222e29d2d5a7f8c420fdbf231ba5566a8ceac74fa960?s=96&d=mm&r=g\",\"contentUrl\":\"https:\\\/\\\/secure.gravatar.com\\\/avatar\\\/61d268e57d1f4525b111222e29d2d5a7f8c420fdbf231ba5566a8ceac74fa960?s=96&d=mm&r=g\",\"caption\":\"Tibor atya\"},\"url\":\"https:\\\/\\\/stuttgarti-katolikusok.de\\\/index.php\\\/author\\\/tibor-atya\\\/\"}]}<\/script>\n<!-- \/ Yoast SEO plugin. -->","yoast_head_json":{"title":"Teli kezekkel... - Stuttgarti Katolikusok","robots":{"index":"index","follow":"follow","max-snippet":"max-snippet:-1","max-image-preview":"max-image-preview:large","max-video-preview":"max-video-preview:-1"},"canonical":"https:\/\/stuttgarti-katolikusok.de\/index.php\/teli-kezekkel\/","og_locale":"hu_HU","og_type":"article","og_title":"Teli kezekkel... - Stuttgarti Katolikusok","og_description":"Teli kezekkel\u2026 &nbsp; Amikor gyermek volt\u00e1l \u00e9s azt k\u00e9rdezt\u00e9k t\u0151led: \u201eHova m\u00e9sz?\u201d, \u00e1ltal\u00e1ban azt mondtad, hogy: \u201eHaza\u201d. Amikor feln\u0151tt fiatal volt\u00e1l \u00e9s azt k\u00e9rdezt\u00e9k t\u0151led: \u201eHova m\u00e9sz?\u201d, a k\u00e9rd\u00e9st m\u00e1r m\u00e9lyebb val\u00f3s\u00e1gokra \u00e9rtetted, ez\u00e9rt m\u00e1r nem tudt\u00e1l r\u00e1 olyan egy\u00e9rtelm\u0171en v\u00e1laszolni. Abban a korban volt\u00e1l, amikor \u00e9pp felfedezted a nagyvil\u00e1got. Bar\u00e1tokat kerest\u00e9l, \u00faj embereket ismert\u00e9l meg, egy hivat\u00e1s vagy foglalkoz\u00e1s ut\u00e1n j\u00e1rt\u00e1l, \u00e9s az els\u0151 szerelemmel tal\u00e1lkozt\u00e1l. Amikor id\u0151s leszel \u00e9s majd azt k\u00e9rdezik t\u0151led: \u201eHova m\u00e9sz?\u201d, ism\u00e9t azt fogod majd v\u00e1laszolni: \u201eHaza\u201d, de ez\u00fattal nem a f\u00f6ldi, hanem az \u00e9gi haz\u00e1ra gondolsz majd, amely Istenn\u00e9l van. Ahova az el\u0151tted j\u00e1r\u00f3k m\u00e1r meg\u00e9rkeztek. A gyermekkori \u201ehaza\u201d \u00e9s az \u00f6regkori \u201ehaza\u201d k\u00f6z\u00f6tt egy v\u00e1ltakoz\u00f3, \u00e9lm\u00e9nyd\u00fas, n\u00e9ha \u00f6r\u00f6mteli, m\u00e1skor f\u00e1jdalmas vil\u00e1g fesz\u00fcl, amely tele van keres\u00e9ssel \u00e9s megtal\u00e1l\u00e1ssal, szenved\u00e9ssel \u00e9s \u00f6r\u00f6mmel, s\u00f6t\u00e9ts\u00e9ggel \u00e9s vil\u00e1goss\u00e1ggal. &nbsp; Tudnod kell, hogy c\u00e9lba \u00e9rni szeg\u00e9nyen \u00e9s gazdagon is lehet. Szeg\u00e9nyen \u00e9rsz majd c\u00e9lba, ha mindent meg akart\u00e1l nyerni, csak \u00e9pp a lelkeddel nem foglalkozt\u00e1l eleget. Szeg\u00e9nyen \u00e9rsz majd c\u00e9lba, ha mindig a k\u00e9nyelmet kerested, nehogy a megszokottat \u00e9s a megnyertet elvesz\u00edtsd. Szeg\u00e9nyen \u00e9rsz majd c\u00e9lba, ha mindig csak magaddal t\u00f6r\u0151dt\u00e9l, \u00e9s m\u00e1snak nem vagy alig ny\u00fajtott\u00e1l \u00f6r\u00f6met. Szeg\u00e9nyen \u00e9rsz majd c\u00e9lba, ha kezeid tiszt\u00e1k lesznek ugyan, de \u00fcresek! Gazdagon \u00e9rsz majd c\u00e9lba, ha volt b\u00e1tors\u00e1god szembesz\u00e1llni az \u00e9let neh\u00e9zs\u00e9geivel \u00e9s nem adtad fel soha. Gazdagon \u00e9rsz majd c\u00e9lba, ha talentumaidat haszn\u00e1ltad \u00e9s m\u00e1soknak is juttatt\u00e1l bel\u0151l\u00fck. Gazdagon \u00e9rsz majd c\u00e9lba, ha a szeretet magvait gazdagon sz\u00f3rtad k\u00f6r\u00fcl\u00f6tted, m\u00e9g akkor is, ha sok szem az \u00fatsz\u00e9lre esett. \u00c9leted term\u00e9se mindezek ellen\u00e9re b\u0151s\u00e9ges lesz. Gazdagon \u00e9rsz majd c\u00e9lba, ha kezeid \u2013 b\u00e1r n\u00e9ha nem voltak a legtiszt\u00e1bbak, de \u2013 tele lesznek! F\u00e1radtan ugyan, de boldogan fogsz majd \u201ehaza\u201d \u00e9rkezni. Ma ezt k\u00edv\u00e1nom magamnak \u2013 \u00e9s neked is! Imre atya Stuttgart, 2018-11-01.","og_url":"https:\/\/stuttgarti-katolikusok.de\/index.php\/teli-kezekkel\/","og_site_name":"Stuttgarti Katolikusok","article_published_time":"2018-11-01T07:07:32+00:00","article_modified_time":"2020-04-27T08:56:03+00:00","author":"Tibor atya","twitter_card":"summary_large_image","twitter_misc":{"Szerz\u0151:":"Tibor atya","Becs\u00fclt olvas\u00e1si id\u0151":"2 perc"},"schema":{"@context":"https:\/\/schema.org","@graph":[{"@type":"Article","@id":"https:\/\/stuttgarti-katolikusok.de\/index.php\/teli-kezekkel\/#article","isPartOf":{"@id":"https:\/\/stuttgarti-katolikusok.de\/index.php\/teli-kezekkel\/"},"author":{"name":"Tibor atya","@id":"https:\/\/stuttgarti-katolikusok.de\/#\/schema\/person\/75908d6f8fdc03a57889d27209df7795"},"headline":"Teli kezekkel&#8230;","datePublished":"2018-11-01T07:07:32+00:00","dateModified":"2020-04-27T08:56:03+00:00","mainEntityOfPage":{"@id":"https:\/\/stuttgarti-katolikusok.de\/index.php\/teli-kezekkel\/"},"wordCount":417,"articleSection":["Gondolatok"],"inLanguage":"hu"},{"@type":"WebPage","@id":"https:\/\/stuttgarti-katolikusok.de\/index.php\/teli-kezekkel\/","url":"https:\/\/stuttgarti-katolikusok.de\/index.php\/teli-kezekkel\/","name":"Teli kezekkel... - Stuttgarti Katolikusok","isPartOf":{"@id":"https:\/\/stuttgarti-katolikusok.de\/#website"},"datePublished":"2018-11-01T07:07:32+00:00","dateModified":"2020-04-27T08:56:03+00:00","author":{"@id":"https:\/\/stuttgarti-katolikusok.de\/#\/schema\/person\/75908d6f8fdc03a57889d27209df7795"},"breadcrumb":{"@id":"https:\/\/stuttgarti-katolikusok.de\/index.php\/teli-kezekkel\/#breadcrumb"},"inLanguage":"hu","potentialAction":[{"@type":"ReadAction","target":["https:\/\/stuttgarti-katolikusok.de\/index.php\/teli-kezekkel\/"]}]},{"@type":"BreadcrumbList","@id":"https:\/\/stuttgarti-katolikusok.de\/index.php\/teli-kezekkel\/#breadcrumb","itemListElement":[{"@type":"ListItem","position":1,"name":"Kezd\u0151lap","item":"https:\/\/stuttgarti-katolikusok.de\/"},{"@type":"ListItem","position":2,"name":"Teli kezekkel&#8230;"}]},{"@type":"WebSite","@id":"https:\/\/stuttgarti-katolikusok.de\/#website","url":"https:\/\/stuttgarti-katolikusok.de\/","name":"Stuttgarti Katolikusok","description":"","potentialAction":[{"@type":"SearchAction","target":{"@type":"EntryPoint","urlTemplate":"https:\/\/stuttgarti-katolikusok.de\/?s={search_term_string}"},"query-input":{"@type":"PropertyValueSpecification","valueRequired":true,"valueName":"search_term_string"}}],"inLanguage":"hu"},{"@type":"Person","@id":"https:\/\/stuttgarti-katolikusok.de\/#\/schema\/person\/75908d6f8fdc03a57889d27209df7795","name":"Tibor atya","image":{"@type":"ImageObject","inLanguage":"hu","@id":"https:\/\/secure.gravatar.com\/avatar\/61d268e57d1f4525b111222e29d2d5a7f8c420fdbf231ba5566a8ceac74fa960?s=96&d=mm&r=g","url":"https:\/\/secure.gravatar.com\/avatar\/61d268e57d1f4525b111222e29d2d5a7f8c420fdbf231ba5566a8ceac74fa960?s=96&d=mm&r=g","contentUrl":"https:\/\/secure.gravatar.com\/avatar\/61d268e57d1f4525b111222e29d2d5a7f8c420fdbf231ba5566a8ceac74fa960?s=96&d=mm&r=g","caption":"Tibor atya"},"url":"https:\/\/stuttgarti-katolikusok.de\/index.php\/author\/tibor-atya\/"}]}},"_links":{"self":[{"href":"https:\/\/stuttgarti-katolikusok.de\/index.php\/wp-json\/wp\/v2\/posts\/15233","targetHints":{"allow":["GET"]}}],"collection":[{"href":"https:\/\/stuttgarti-katolikusok.de\/index.php\/wp-json\/wp\/v2\/posts"}],"about":[{"href":"https:\/\/stuttgarti-katolikusok.de\/index.php\/wp-json\/wp\/v2\/types\/post"}],"author":[{"embeddable":true,"href":"https:\/\/stuttgarti-katolikusok.de\/index.php\/wp-json\/wp\/v2\/users\/3"}],"replies":[{"embeddable":true,"href":"https:\/\/stuttgarti-katolikusok.de\/index.php\/wp-json\/wp\/v2\/comments?post=15233"}],"version-history":[{"count":1,"href":"https:\/\/stuttgarti-katolikusok.de\/index.php\/wp-json\/wp\/v2\/posts\/15233\/revisions"}],"predecessor-version":[{"id":15235,"href":"https:\/\/stuttgarti-katolikusok.de\/index.php\/wp-json\/wp\/v2\/posts\/15233\/revisions\/15235"}],"wp:attachment":[{"href":"https:\/\/stuttgarti-katolikusok.de\/index.php\/wp-json\/wp\/v2\/media?parent=15233"}],"wp:term":[{"taxonomy":"category","embeddable":true,"href":"https:\/\/stuttgarti-katolikusok.de\/index.php\/wp-json\/wp\/v2\/categories?post=15233"},{"taxonomy":"post_tag","embeddable":true,"href":"https:\/\/stuttgarti-katolikusok.de\/index.php\/wp-json\/wp\/v2\/tags?post=15233"}],"curies":[{"name":"wp","href":"https:\/\/api.w.org\/{rel}","templated":true}]}}