{"id":15196,"date":"2018-10-30T12:37:37","date_gmt":"2018-10-30T12:37:37","guid":{"rendered":"https:\/\/gracious-dewdney.138-201-221-2.plesk.page\/?p=15196"},"modified":"2018-10-30T13:00:47","modified_gmt":"2018-10-30T13:00:47","slug":"programelozetes-oktober-29-es-november-4-kozott","status":"publish","type":"post","link":"https:\/\/stuttgarti-katolikusok.de\/index.php\/programelozetes-oktober-29-es-november-4-kozott\/","title":{"rendered":"Programel\u0151zetes okt\u00f3ber 29 \u00e9s november 4 k\u00f6z\u00f6tt"},"content":{"rendered":"<p><strong>Programel\u0151zetes<\/strong><\/p>\n<p>&nbsp;<\/p>\n<p><strong>Okt\u00f3ber 31-\u00e9n, \u00a0<\/strong>szerd\u00e1n,<\/p>\n<p><strong>Stuttgartban <\/strong>10.15 \u00f3rakor <em>n\u00e9metnyelv\u0171 szentmise.<\/em><\/p>\n<p style=\"text-align: center;\">*<\/p>\n<p><strong>November 1-j\u00e9n,<\/strong> cs\u00fct\u00f6rt\u00f6k\u00f6n, Mindenszentek \u00fcnnep\u00e9n,<\/p>\n<p><strong>Weingartenben<\/strong> 10.00 \u00f3r\u00e1t\u00f3l <em>szentmise<\/em>, ut\u00e1na <em>ima<\/em> <em>a halottak\u00e9rt<\/em> a Marien Kirche melletti temet\u0151ben.<\/p>\n<p><strong>Ulmban<\/strong> 17.30 \u00f3r\u00e1t\u00f3l <em>szentmise<\/em>, ut\u00e1na <em>halottakr\u00f3l val\u00f3 megeml\u00e9kez\u00e9s<\/em>\u00a0a Georgs Kirche melletti v\u00e1rosi k\u00f6ztemet\u0151ben.<\/p>\n<p><strong>Stuttgartban <\/strong>18.00 \u00f3rakor <em>szentmise<\/em>, majd <em>temet\u0151j\u00e1r\u00e1s<\/em>, v\u00e9g\u00fcl <em>\u00e1g\u00e1p\u00e9<\/em>.<\/p>\n<p style=\"text-align: center;\">*<\/p>\n<p><strong>November 2-\u00e1n, <\/strong>p\u00e9nteken, Halottak Napj\u00e1n,<\/p>\n<p><strong>Stuttgartban<\/strong>, 16.00 \u00f3rakor a <em>Bar\u00e1ts\u00e1gklub. <\/em>17.50 \u00f3rakor <em>r\u00f3zsaf\u00fcz\u00e9r-\u00e1jtatoss\u00e1g. <\/em>18.00 \u00f3rakor <em>szentmise. <\/em>Ut\u00e1na <em>Imak\u00f6r. <\/em>Keret\u00e9ben <em>szents\u00e9gim\u00e1d\u00e1s.<\/em><\/p>\n<p style=\"text-align: center;\">*<\/p>\n<p><strong>November \u00a03-\u00e1n, <\/strong>szombaton,<\/p>\n<p><strong>Balingenben<\/strong>, 17.00 \u00f3rakor <em>szentmise<\/em>. Ut\u00e1na <em>\u00e1g\u00e1p\u00e9<\/em>.<\/p>\n<p style=\"text-align: center;\">*<\/p>\n<p><strong>November 4-\u00e9n, <\/strong>\u00e9vk\u00f6zi 31. vas\u00e1rnapon,<\/p>\n<p><strong>Munderkingenben<\/strong> 9.00 \u00f3rakor <em>szentmise<\/em>. Ut\u00e1na <em>halottakr\u00f3l val\u00f3 megeml\u00e9kez\u00e9s<\/em> a temet\u0151ben<em>.<\/em><\/p>\n<p><strong>Schw\u00e4bisch-Gm\u00fcndben <\/strong>9.30 \u00f3rakor <em>szentmise. <\/em>Ut\u00e1na <em>\u00e1g\u00e1p\u00e9<\/em>.<\/p>\n<p><strong>Stuttgartban <\/strong>15.00 \u00f3rakor <em>szentmise<\/em>. Ut\u00e1na Dr. Kubassek J\u00e1nos <em>el\u0151ad\u00e1sa <\/em>A<em>z 1956-os forradalom emigr\u00e1ns magyar tud\u00f3sai \u00f6t vil\u00e1gr\u00e9szen, a sarkk\u00f6rt\u0151l az egyenl\u00edt\u0151ig <\/em>c\u00edmmel<em>.<\/em> Majd <em>\u00e1g\u00e1p\u00e9.<\/em><\/p>\n<p><strong>Tuttlingenben<\/strong> 15.00 \u00f3rakor <em>szentmise<\/em>, ut\u00e1na <em>\u00e1g\u00e1p\u00e9<\/em>.<\/p>\n<p style=\"text-align: center;\">*<\/p>\n<p>Minden helyen mindenkit szeretettel v\u00e1r a k\u00f6z\u00f6ss\u00e9g, Imre atya \u00e9s Tibor atya!<\/p>\n<p>&nbsp;<\/p>\n<p><em>\u201eA szentek: fel\u00fclr\u0151l adott v\u00e1laszok az alulr\u00f3l j\u00f6v\u0151 k\u00e9rd\u00e9sekre.\u201d<\/em><strong> (Hans Urs von Balthasar \u2013 1905-1988 \u2013 sv\u00e1jci teol\u00f3gus.)<\/strong><\/p>\n<p><strong><em>Sz\u00e9p novemberi napokat, j\u00f3 munk\u00e1t, tartalmas besz\u00e9lget\u00e9seket \u00e9s \u00f6r\u00f6mteli tal\u00e1lkoz\u00e1sokat k\u00edv\u00e1nunk minden Kedves H\u00edv\u00fcnknek!<\/em><\/strong><\/p>\n","protected":false},"excerpt":{"rendered":"<p>Programel\u0151zetes &nbsp; Okt\u00f3ber 31-\u00e9n, \u00a0szerd\u00e1n, Stuttgartban 10.15 \u00f3rakor n\u00e9metnyelv\u0171 szentmise. * November 1-j\u00e9n, cs\u00fct\u00f6rt\u00f6k\u00f6n, Mindenszentek \u00fcnnep\u00e9n, Weingartenben 10.00 \u00f3r\u00e1t\u00f3l szentmise, ut\u00e1na ima a halottak\u00e9rt a Marien Kirche melletti temet\u0151ben. Ulmban 17.30 \u00f3r\u00e1t\u00f3l szentmise, ut\u00e1na halottakr\u00f3l val\u00f3 megeml\u00e9kez\u00e9s\u00a0a Georgs Kirche melletti v\u00e1rosi k\u00f6ztemet\u0151ben. Stuttgartban 18.00 \u00f3rakor szentmise, majd temet\u0151j\u00e1r\u00e1s, v\u00e9g\u00fcl \u00e1g\u00e1p\u00e9. * November 2-\u00e1n, p\u00e9nteken, Halottak Napj\u00e1n, Stuttgartban, 16.00 \u00f3rakor a Bar\u00e1ts\u00e1gklub. 17.50 \u00f3rakor r\u00f3zsaf\u00fcz\u00e9r-\u00e1jtatoss\u00e1g. 18.00 \u00f3rakor szentmise. Ut\u00e1na Imak\u00f6r. Keret\u00e9ben szents\u00e9gim\u00e1d\u00e1s. * November \u00a03-\u00e1n, szombaton, Balingenben, 17.00 \u00f3rakor szentmise. Ut\u00e1na \u00e1g\u00e1p\u00e9. * November 4-\u00e9n, \u00e9vk\u00f6zi 31. vas\u00e1rnapon, Munderkingenben 9.00 \u00f3rakor szentmise. Ut\u00e1na halottakr\u00f3l val\u00f3 megeml\u00e9kez\u00e9s a temet\u0151ben. Schw\u00e4bisch-Gm\u00fcndben 9.30 \u00f3rakor szentmise. Ut\u00e1na \u00e1g\u00e1p\u00e9. Stuttgartban 15.00 \u00f3rakor szentmise. Ut\u00e1na Dr. Kubassek J\u00e1nos el\u0151ad\u00e1sa Az 1956-os forradalom emigr\u00e1ns magyar tud\u00f3sai \u00f6t vil\u00e1gr\u00e9szen, a sarkk\u00f6rt\u0151l az egyenl\u00edt\u0151ig c\u00edmmel. Majd \u00e1g\u00e1p\u00e9. Tuttlingenben 15.00 \u00f3rakor szentmise, ut\u00e1na \u00e1g\u00e1p\u00e9. * Minden helyen mindenkit szeretettel v\u00e1r a k\u00f6z\u00f6ss\u00e9g, Imre atya \u00e9s Tibor atya! &nbsp; \u201eA szentek: fel\u00fclr\u0151l adott v\u00e1laszok az alulr\u00f3l j\u00f6v\u0151 k\u00e9rd\u00e9sekre.\u201d (Hans Urs von Balthasar \u2013 1905-1988 \u2013 sv\u00e1jci teol\u00f3gus.) Sz\u00e9p novemberi napokat, j\u00f3 munk\u00e1t, tartalmas besz\u00e9lget\u00e9seket \u00e9s \u00f6r\u00f6mteli tal\u00e1lkoz\u00e1sokat k\u00edv\u00e1nunk minden Kedves H\u00edv\u00fcnknek!<\/p>\n","protected":false},"author":3,"featured_media":0,"comment_status":"closed","ping_status":"closed","sticky":false,"template":"","format":"standard","meta":{"footnotes":""},"categories":[37],"tags":[],"class_list":["post-15196","post","type-post","status-publish","format-standard","hentry","category-progamelozetes"],"yoast_head":"<!-- This site is optimized with the Yoast SEO plugin v27.3 - https:\/\/yoast.com\/product\/yoast-seo-wordpress\/ -->\n<title>Programel\u0151zetes okt\u00f3ber 29 \u00e9s november 4 k\u00f6z\u00f6tt - Stuttgarti Katolikusok<\/title>\n<meta name=\"robots\" content=\"index, follow, max-snippet:-1, max-image-preview:large, max-video-preview:-1\" \/>\n<link rel=\"canonical\" href=\"https:\/\/stuttgarti-katolikusok.de\/index.php\/programelozetes-oktober-29-es-november-4-kozott\/\" \/>\n<meta property=\"og:locale\" content=\"hu_HU\" \/>\n<meta property=\"og:type\" content=\"article\" \/>\n<meta property=\"og:title\" content=\"Programel\u0151zetes okt\u00f3ber 29 \u00e9s november 4 k\u00f6z\u00f6tt - Stuttgarti Katolikusok\" \/>\n<meta property=\"og:description\" content=\"Programel\u0151zetes &nbsp; Okt\u00f3ber 31-\u00e9n, \u00a0szerd\u00e1n, Stuttgartban 10.15 \u00f3rakor n\u00e9metnyelv\u0171 szentmise. * November 1-j\u00e9n, cs\u00fct\u00f6rt\u00f6k\u00f6n, Mindenszentek \u00fcnnep\u00e9n, Weingartenben 10.00 \u00f3r\u00e1t\u00f3l szentmise, ut\u00e1na ima a halottak\u00e9rt a Marien Kirche melletti temet\u0151ben. Ulmban 17.30 \u00f3r\u00e1t\u00f3l szentmise, ut\u00e1na halottakr\u00f3l val\u00f3 megeml\u00e9kez\u00e9s\u00a0a Georgs Kirche melletti v\u00e1rosi k\u00f6ztemet\u0151ben. Stuttgartban 18.00 \u00f3rakor szentmise, majd temet\u0151j\u00e1r\u00e1s, v\u00e9g\u00fcl \u00e1g\u00e1p\u00e9. * November 2-\u00e1n, p\u00e9nteken, Halottak Napj\u00e1n, Stuttgartban, 16.00 \u00f3rakor a Bar\u00e1ts\u00e1gklub. 17.50 \u00f3rakor r\u00f3zsaf\u00fcz\u00e9r-\u00e1jtatoss\u00e1g. 18.00 \u00f3rakor szentmise. Ut\u00e1na Imak\u00f6r. Keret\u00e9ben szents\u00e9gim\u00e1d\u00e1s. * November \u00a03-\u00e1n, szombaton, Balingenben, 17.00 \u00f3rakor szentmise. Ut\u00e1na \u00e1g\u00e1p\u00e9. * November 4-\u00e9n, \u00e9vk\u00f6zi 31. vas\u00e1rnapon, Munderkingenben 9.00 \u00f3rakor szentmise. Ut\u00e1na halottakr\u00f3l val\u00f3 megeml\u00e9kez\u00e9s a temet\u0151ben. Schw\u00e4bisch-Gm\u00fcndben 9.30 \u00f3rakor szentmise. Ut\u00e1na \u00e1g\u00e1p\u00e9. Stuttgartban 15.00 \u00f3rakor szentmise. Ut\u00e1na Dr. Kubassek J\u00e1nos el\u0151ad\u00e1sa Az 1956-os forradalom emigr\u00e1ns magyar tud\u00f3sai \u00f6t vil\u00e1gr\u00e9szen, a sarkk\u00f6rt\u0151l az egyenl\u00edt\u0151ig c\u00edmmel. Majd \u00e1g\u00e1p\u00e9. Tuttlingenben 15.00 \u00f3rakor szentmise, ut\u00e1na \u00e1g\u00e1p\u00e9. * Minden helyen mindenkit szeretettel v\u00e1r a k\u00f6z\u00f6ss\u00e9g, Imre atya \u00e9s Tibor atya! &nbsp; \u201eA szentek: fel\u00fclr\u0151l adott v\u00e1laszok az alulr\u00f3l j\u00f6v\u0151 k\u00e9rd\u00e9sekre.\u201d (Hans Urs von Balthasar \u2013 1905-1988 \u2013 sv\u00e1jci teol\u00f3gus.) Sz\u00e9p novemberi napokat, j\u00f3 munk\u00e1t, tartalmas besz\u00e9lget\u00e9seket \u00e9s \u00f6r\u00f6mteli tal\u00e1lkoz\u00e1sokat k\u00edv\u00e1nunk minden Kedves H\u00edv\u00fcnknek!\" \/>\n<meta property=\"og:url\" content=\"https:\/\/stuttgarti-katolikusok.de\/index.php\/programelozetes-oktober-29-es-november-4-kozott\/\" \/>\n<meta property=\"og:site_name\" content=\"Stuttgarti Katolikusok\" \/>\n<meta property=\"article:published_time\" content=\"2018-10-30T12:37:37+00:00\" \/>\n<meta property=\"article:modified_time\" content=\"2018-10-30T13:00:47+00:00\" \/>\n<meta name=\"author\" content=\"Tibor atya\" \/>\n<meta name=\"twitter:card\" content=\"summary_large_image\" \/>\n<meta name=\"twitter:label1\" content=\"Szerz\u0151:\" \/>\n\t<meta name=\"twitter:data1\" content=\"Tibor atya\" \/>\n\t<meta name=\"twitter:label2\" content=\"Becs\u00fclt olvas\u00e1si id\u0151\" \/>\n\t<meta name=\"twitter:data2\" content=\"1 perc\" \/>\n<script type=\"application\/ld+json\" class=\"yoast-schema-graph\">{\"@context\":\"https:\\\/\\\/schema.org\",\"@graph\":[{\"@type\":\"Article\",\"@id\":\"https:\\\/\\\/stuttgarti-katolikusok.de\\\/index.php\\\/programelozetes-oktober-29-es-november-4-kozott\\\/#article\",\"isPartOf\":{\"@id\":\"https:\\\/\\\/stuttgarti-katolikusok.de\\\/index.php\\\/programelozetes-oktober-29-es-november-4-kozott\\\/\"},\"author\":{\"name\":\"Tibor atya\",\"@id\":\"https:\\\/\\\/stuttgarti-katolikusok.de\\\/#\\\/schema\\\/person\\\/75908d6f8fdc03a57889d27209df7795\"},\"headline\":\"Programel\u0151zetes okt\u00f3ber 29 \u00e9s november 4 k\u00f6z\u00f6tt\",\"datePublished\":\"2018-10-30T12:37:37+00:00\",\"dateModified\":\"2018-10-30T13:00:47+00:00\",\"mainEntityOfPage\":{\"@id\":\"https:\\\/\\\/stuttgarti-katolikusok.de\\\/index.php\\\/programelozetes-oktober-29-es-november-4-kozott\\\/\"},\"wordCount\":271,\"articleSection\":[\"Progamel\u0151zetes\"],\"inLanguage\":\"hu\"},{\"@type\":\"WebPage\",\"@id\":\"https:\\\/\\\/stuttgarti-katolikusok.de\\\/index.php\\\/programelozetes-oktober-29-es-november-4-kozott\\\/\",\"url\":\"https:\\\/\\\/stuttgarti-katolikusok.de\\\/index.php\\\/programelozetes-oktober-29-es-november-4-kozott\\\/\",\"name\":\"Programel\u0151zetes okt\u00f3ber 29 \u00e9s november 4 k\u00f6z\u00f6tt - Stuttgarti Katolikusok\",\"isPartOf\":{\"@id\":\"https:\\\/\\\/stuttgarti-katolikusok.de\\\/#website\"},\"datePublished\":\"2018-10-30T12:37:37+00:00\",\"dateModified\":\"2018-10-30T13:00:47+00:00\",\"author\":{\"@id\":\"https:\\\/\\\/stuttgarti-katolikusok.de\\\/#\\\/schema\\\/person\\\/75908d6f8fdc03a57889d27209df7795\"},\"breadcrumb\":{\"@id\":\"https:\\\/\\\/stuttgarti-katolikusok.de\\\/index.php\\\/programelozetes-oktober-29-es-november-4-kozott\\\/#breadcrumb\"},\"inLanguage\":\"hu\",\"potentialAction\":[{\"@type\":\"ReadAction\",\"target\":[\"https:\\\/\\\/stuttgarti-katolikusok.de\\\/index.php\\\/programelozetes-oktober-29-es-november-4-kozott\\\/\"]}]},{\"@type\":\"BreadcrumbList\",\"@id\":\"https:\\\/\\\/stuttgarti-katolikusok.de\\\/index.php\\\/programelozetes-oktober-29-es-november-4-kozott\\\/#breadcrumb\",\"itemListElement\":[{\"@type\":\"ListItem\",\"position\":1,\"name\":\"Kezd\u0151lap\",\"item\":\"https:\\\/\\\/stuttgarti-katolikusok.de\\\/\"},{\"@type\":\"ListItem\",\"position\":2,\"name\":\"Programel\u0151zetes okt\u00f3ber 29 \u00e9s november 4 k\u00f6z\u00f6tt\"}]},{\"@type\":\"WebSite\",\"@id\":\"https:\\\/\\\/stuttgarti-katolikusok.de\\\/#website\",\"url\":\"https:\\\/\\\/stuttgarti-katolikusok.de\\\/\",\"name\":\"Stuttgarti Katolikusok\",\"description\":\"\",\"potentialAction\":[{\"@type\":\"SearchAction\",\"target\":{\"@type\":\"EntryPoint\",\"urlTemplate\":\"https:\\\/\\\/stuttgarti-katolikusok.de\\\/?s={search_term_string}\"},\"query-input\":{\"@type\":\"PropertyValueSpecification\",\"valueRequired\":true,\"valueName\":\"search_term_string\"}}],\"inLanguage\":\"hu\"},{\"@type\":\"Person\",\"@id\":\"https:\\\/\\\/stuttgarti-katolikusok.de\\\/#\\\/schema\\\/person\\\/75908d6f8fdc03a57889d27209df7795\",\"name\":\"Tibor atya\",\"image\":{\"@type\":\"ImageObject\",\"inLanguage\":\"hu\",\"@id\":\"https:\\\/\\\/secure.gravatar.com\\\/avatar\\\/61d268e57d1f4525b111222e29d2d5a7f8c420fdbf231ba5566a8ceac74fa960?s=96&d=mm&r=g\",\"url\":\"https:\\\/\\\/secure.gravatar.com\\\/avatar\\\/61d268e57d1f4525b111222e29d2d5a7f8c420fdbf231ba5566a8ceac74fa960?s=96&d=mm&r=g\",\"contentUrl\":\"https:\\\/\\\/secure.gravatar.com\\\/avatar\\\/61d268e57d1f4525b111222e29d2d5a7f8c420fdbf231ba5566a8ceac74fa960?s=96&d=mm&r=g\",\"caption\":\"Tibor atya\"},\"url\":\"https:\\\/\\\/stuttgarti-katolikusok.de\\\/index.php\\\/author\\\/tibor-atya\\\/\"}]}<\/script>\n<!-- \/ Yoast SEO plugin. -->","yoast_head_json":{"title":"Programel\u0151zetes okt\u00f3ber 29 \u00e9s november 4 k\u00f6z\u00f6tt - Stuttgarti Katolikusok","robots":{"index":"index","follow":"follow","max-snippet":"max-snippet:-1","max-image-preview":"max-image-preview:large","max-video-preview":"max-video-preview:-1"},"canonical":"https:\/\/stuttgarti-katolikusok.de\/index.php\/programelozetes-oktober-29-es-november-4-kozott\/","og_locale":"hu_HU","og_type":"article","og_title":"Programel\u0151zetes okt\u00f3ber 29 \u00e9s november 4 k\u00f6z\u00f6tt - Stuttgarti Katolikusok","og_description":"Programel\u0151zetes &nbsp; Okt\u00f3ber 31-\u00e9n, \u00a0szerd\u00e1n, Stuttgartban 10.15 \u00f3rakor n\u00e9metnyelv\u0171 szentmise. * November 1-j\u00e9n, cs\u00fct\u00f6rt\u00f6k\u00f6n, Mindenszentek \u00fcnnep\u00e9n, Weingartenben 10.00 \u00f3r\u00e1t\u00f3l szentmise, ut\u00e1na ima a halottak\u00e9rt a Marien Kirche melletti temet\u0151ben. Ulmban 17.30 \u00f3r\u00e1t\u00f3l szentmise, ut\u00e1na halottakr\u00f3l val\u00f3 megeml\u00e9kez\u00e9s\u00a0a Georgs Kirche melletti v\u00e1rosi k\u00f6ztemet\u0151ben. Stuttgartban 18.00 \u00f3rakor szentmise, majd temet\u0151j\u00e1r\u00e1s, v\u00e9g\u00fcl \u00e1g\u00e1p\u00e9. * November 2-\u00e1n, p\u00e9nteken, Halottak Napj\u00e1n, Stuttgartban, 16.00 \u00f3rakor a Bar\u00e1ts\u00e1gklub. 17.50 \u00f3rakor r\u00f3zsaf\u00fcz\u00e9r-\u00e1jtatoss\u00e1g. 18.00 \u00f3rakor szentmise. Ut\u00e1na Imak\u00f6r. Keret\u00e9ben szents\u00e9gim\u00e1d\u00e1s. * November \u00a03-\u00e1n, szombaton, Balingenben, 17.00 \u00f3rakor szentmise. Ut\u00e1na \u00e1g\u00e1p\u00e9. * November 4-\u00e9n, \u00e9vk\u00f6zi 31. vas\u00e1rnapon, Munderkingenben 9.00 \u00f3rakor szentmise. Ut\u00e1na halottakr\u00f3l val\u00f3 megeml\u00e9kez\u00e9s a temet\u0151ben. Schw\u00e4bisch-Gm\u00fcndben 9.30 \u00f3rakor szentmise. Ut\u00e1na \u00e1g\u00e1p\u00e9. Stuttgartban 15.00 \u00f3rakor szentmise. Ut\u00e1na Dr. Kubassek J\u00e1nos el\u0151ad\u00e1sa Az 1956-os forradalom emigr\u00e1ns magyar tud\u00f3sai \u00f6t vil\u00e1gr\u00e9szen, a sarkk\u00f6rt\u0151l az egyenl\u00edt\u0151ig c\u00edmmel. Majd \u00e1g\u00e1p\u00e9. Tuttlingenben 15.00 \u00f3rakor szentmise, ut\u00e1na \u00e1g\u00e1p\u00e9. * Minden helyen mindenkit szeretettel v\u00e1r a k\u00f6z\u00f6ss\u00e9g, Imre atya \u00e9s Tibor atya! &nbsp; \u201eA szentek: fel\u00fclr\u0151l adott v\u00e1laszok az alulr\u00f3l j\u00f6v\u0151 k\u00e9rd\u00e9sekre.\u201d (Hans Urs von Balthasar \u2013 1905-1988 \u2013 sv\u00e1jci teol\u00f3gus.) Sz\u00e9p novemberi napokat, j\u00f3 munk\u00e1t, tartalmas besz\u00e9lget\u00e9seket \u00e9s \u00f6r\u00f6mteli tal\u00e1lkoz\u00e1sokat k\u00edv\u00e1nunk minden Kedves H\u00edv\u00fcnknek!","og_url":"https:\/\/stuttgarti-katolikusok.de\/index.php\/programelozetes-oktober-29-es-november-4-kozott\/","og_site_name":"Stuttgarti Katolikusok","article_published_time":"2018-10-30T12:37:37+00:00","article_modified_time":"2018-10-30T13:00:47+00:00","author":"Tibor atya","twitter_card":"summary_large_image","twitter_misc":{"Szerz\u0151:":"Tibor atya","Becs\u00fclt olvas\u00e1si id\u0151":"1 perc"},"schema":{"@context":"https:\/\/schema.org","@graph":[{"@type":"Article","@id":"https:\/\/stuttgarti-katolikusok.de\/index.php\/programelozetes-oktober-29-es-november-4-kozott\/#article","isPartOf":{"@id":"https:\/\/stuttgarti-katolikusok.de\/index.php\/programelozetes-oktober-29-es-november-4-kozott\/"},"author":{"name":"Tibor atya","@id":"https:\/\/stuttgarti-katolikusok.de\/#\/schema\/person\/75908d6f8fdc03a57889d27209df7795"},"headline":"Programel\u0151zetes okt\u00f3ber 29 \u00e9s november 4 k\u00f6z\u00f6tt","datePublished":"2018-10-30T12:37:37+00:00","dateModified":"2018-10-30T13:00:47+00:00","mainEntityOfPage":{"@id":"https:\/\/stuttgarti-katolikusok.de\/index.php\/programelozetes-oktober-29-es-november-4-kozott\/"},"wordCount":271,"articleSection":["Progamel\u0151zetes"],"inLanguage":"hu"},{"@type":"WebPage","@id":"https:\/\/stuttgarti-katolikusok.de\/index.php\/programelozetes-oktober-29-es-november-4-kozott\/","url":"https:\/\/stuttgarti-katolikusok.de\/index.php\/programelozetes-oktober-29-es-november-4-kozott\/","name":"Programel\u0151zetes okt\u00f3ber 29 \u00e9s november 4 k\u00f6z\u00f6tt - Stuttgarti Katolikusok","isPartOf":{"@id":"https:\/\/stuttgarti-katolikusok.de\/#website"},"datePublished":"2018-10-30T12:37:37+00:00","dateModified":"2018-10-30T13:00:47+00:00","author":{"@id":"https:\/\/stuttgarti-katolikusok.de\/#\/schema\/person\/75908d6f8fdc03a57889d27209df7795"},"breadcrumb":{"@id":"https:\/\/stuttgarti-katolikusok.de\/index.php\/programelozetes-oktober-29-es-november-4-kozott\/#breadcrumb"},"inLanguage":"hu","potentialAction":[{"@type":"ReadAction","target":["https:\/\/stuttgarti-katolikusok.de\/index.php\/programelozetes-oktober-29-es-november-4-kozott\/"]}]},{"@type":"BreadcrumbList","@id":"https:\/\/stuttgarti-katolikusok.de\/index.php\/programelozetes-oktober-29-es-november-4-kozott\/#breadcrumb","itemListElement":[{"@type":"ListItem","position":1,"name":"Kezd\u0151lap","item":"https:\/\/stuttgarti-katolikusok.de\/"},{"@type":"ListItem","position":2,"name":"Programel\u0151zetes okt\u00f3ber 29 \u00e9s november 4 k\u00f6z\u00f6tt"}]},{"@type":"WebSite","@id":"https:\/\/stuttgarti-katolikusok.de\/#website","url":"https:\/\/stuttgarti-katolikusok.de\/","name":"Stuttgarti Katolikusok","description":"","potentialAction":[{"@type":"SearchAction","target":{"@type":"EntryPoint","urlTemplate":"https:\/\/stuttgarti-katolikusok.de\/?s={search_term_string}"},"query-input":{"@type":"PropertyValueSpecification","valueRequired":true,"valueName":"search_term_string"}}],"inLanguage":"hu"},{"@type":"Person","@id":"https:\/\/stuttgarti-katolikusok.de\/#\/schema\/person\/75908d6f8fdc03a57889d27209df7795","name":"Tibor atya","image":{"@type":"ImageObject","inLanguage":"hu","@id":"https:\/\/secure.gravatar.com\/avatar\/61d268e57d1f4525b111222e29d2d5a7f8c420fdbf231ba5566a8ceac74fa960?s=96&d=mm&r=g","url":"https:\/\/secure.gravatar.com\/avatar\/61d268e57d1f4525b111222e29d2d5a7f8c420fdbf231ba5566a8ceac74fa960?s=96&d=mm&r=g","contentUrl":"https:\/\/secure.gravatar.com\/avatar\/61d268e57d1f4525b111222e29d2d5a7f8c420fdbf231ba5566a8ceac74fa960?s=96&d=mm&r=g","caption":"Tibor atya"},"url":"https:\/\/stuttgarti-katolikusok.de\/index.php\/author\/tibor-atya\/"}]}},"_links":{"self":[{"href":"https:\/\/stuttgarti-katolikusok.de\/index.php\/wp-json\/wp\/v2\/posts\/15196","targetHints":{"allow":["GET"]}}],"collection":[{"href":"https:\/\/stuttgarti-katolikusok.de\/index.php\/wp-json\/wp\/v2\/posts"}],"about":[{"href":"https:\/\/stuttgarti-katolikusok.de\/index.php\/wp-json\/wp\/v2\/types\/post"}],"author":[{"embeddable":true,"href":"https:\/\/stuttgarti-katolikusok.de\/index.php\/wp-json\/wp\/v2\/users\/3"}],"replies":[{"embeddable":true,"href":"https:\/\/stuttgarti-katolikusok.de\/index.php\/wp-json\/wp\/v2\/comments?post=15196"}],"version-history":[{"count":2,"href":"https:\/\/stuttgarti-katolikusok.de\/index.php\/wp-json\/wp\/v2\/posts\/15196\/revisions"}],"predecessor-version":[{"id":15200,"href":"https:\/\/stuttgarti-katolikusok.de\/index.php\/wp-json\/wp\/v2\/posts\/15196\/revisions\/15200"}],"wp:attachment":[{"href":"https:\/\/stuttgarti-katolikusok.de\/index.php\/wp-json\/wp\/v2\/media?parent=15196"}],"wp:term":[{"taxonomy":"category","embeddable":true,"href":"https:\/\/stuttgarti-katolikusok.de\/index.php\/wp-json\/wp\/v2\/categories?post=15196"},{"taxonomy":"post_tag","embeddable":true,"href":"https:\/\/stuttgarti-katolikusok.de\/index.php\/wp-json\/wp\/v2\/tags?post=15196"}],"curies":[{"name":"wp","href":"https:\/\/api.w.org\/{rel}","templated":true}]}}